{"id":36514,"date":"2024-04-04T08:39:59","date_gmt":"2024-04-04T11:39:59","guid":{"rendered":"https:\/\/hcd.malargue.gov.ar\/?p=36514"},"modified":"2024-04-04T08:57:23","modified_gmt":"2024-04-04T11:57:23","slug":"el-concejo-aprobo-la-tarifaria-2024","status":"publish","type":"post","link":"https:\/\/hcd.malargue.gov.ar\/?p=36514","title":{"rendered":"EL CONCEJO APROB\u00d3 LA TARIFARIA 2024"},"content":{"rendered":"\n<h5 class=\"wp-block-heading has-text-align-right\">SESI\u00d3N EXTRAORDINARIA\u2013&nbsp; 23 de febrero del 2024<\/h5>\n\n\n\n<h5 class=\"wp-block-heading has-text-align-right\">Presidiendo la Sesi\u00f3n:&nbsp;&nbsp;Concejal Rodrigo Hidalgo (Bloque Partido Justicialista)<\/h5>\n\n\n\n<h5 class=\"wp-block-heading has-text-align-right\">Concejales Presentes: Viviana Mosca, Pablo Villarruel (Bloque Frente Cambia Mendoza), Magali Acosta, Pablo Cabrera, Emilce Mansilla, Magali Acosta (Bloque Partido Justicialista), Elizabeth Gonz\u00e1lez (Bloque Uni\u00f3n Mendocina), Francisco Parada (Bloque Encuentro), Silvina Camiolo (Reconstruyendo Malarg\u00fce), Martin Palma (UCR Independiente).<\/h5>\n\n\n\n<p>Desde el viernes 23 de febrero<a href=\"https:\/\/hcd.malargue.gov.ar\/?p=36193\"> el <strong><em>Expte.N\u00ba1035\/2024-0 Intendente Municipal Ref. Remite Proyecto de Ordenanza Tarifaria 2024\u00a0<\/em><\/strong><\/a>, <a href=\"https:\/\/hcd.malargue.gov.ar\/?p=36193\">tomo estado parlamentario<\/a> y luego de trabajo minucioso llevado a cabo en Comisi\u00f3n por los Ediles; el d\u00eda mi\u00e9rcoles 3 de abril se aprob\u00f3 la <strong>Ordenanza TARIFARIA 2024.<\/strong><\/p>\n\n\n\n<p>Respecto de la votaci\u00f3n fue un\u00e1nime de manera general y en particular para los Art\u00edculos 2\u00ba, 65\u00ba y 140\u00ba obteniendo dos votos en negativo de los Concejales Palma y Camiolo prosperando su aprobaci\u00f3n.-<\/p>\n\n\n\n<figure class=\"wp-block-image size-large\"><img loading=\"lazy\" decoding=\"async\" width=\"1024\" height=\"576\" src=\"https:\/\/hcd.malargue.gov.ar\/wp-content\/uploads\/2024\/04\/434655599_736421538663737_8326176048157699832_n-1024x576.jpg\" alt=\"\" class=\"wp-image-36533\" srcset=\"https:\/\/hcd.malargue.gov.ar\/wp-content\/uploads\/2024\/04\/434655599_736421538663737_8326176048157699832_n-1024x576.jpg 1024w, https:\/\/hcd.malargue.gov.ar\/wp-content\/uploads\/2024\/04\/434655599_736421538663737_8326176048157699832_n-300x169.jpg 300w, https:\/\/hcd.malargue.gov.ar\/wp-content\/uploads\/2024\/04\/434655599_736421538663737_8326176048157699832_n-768x432.jpg 768w, https:\/\/hcd.malargue.gov.ar\/wp-content\/uploads\/2024\/04\/434655599_736421538663737_8326176048157699832_n-1536x864.jpg 1536w, https:\/\/hcd.malargue.gov.ar\/wp-content\/uploads\/2024\/04\/434655599_736421538663737_8326176048157699832_n.jpg 2048w\" sizes=\"auto, (max-width: 1024px) 100vw, 1024px\" \/><\/figure>\n\n\n\n<p class=\"has-text-align-center\"><a href=\"https:\/\/www.facebook.com\/photo\/?fbid=736421078663783&amp;set=pcb.736421515330406\">GALERIA DE FOTOS<\/a><\/p>\n","protected":false},"excerpt":{"rendered":"<p>SESI\u00d3N EXTRAORDINARIA\u2013&nbsp; 23 de febrero del 2024 Presidiendo la Sesi\u00f3n:&nbsp;&nbsp;Concejal Rodrigo Hidalgo (Bloque Partido Justicialista) Concejales Presentes: Viviana Mosca, Pablo Villarruel (Bloque Frente Cambia Mendoza), Magali Acosta, Pablo Cabrera, Emilce Mansilla, Magali Acosta (Bloque Partido Justicialista), Elizabeth Gonz\u00e1lez (Bloque Uni\u00f3n Mendocina), Francisco Parada (Bloque Encuentro), Silvina Camiolo (Reconstruyendo Malarg\u00fce), Martin Palma (UCR Independiente). Desde el [&hellip;]<\/p>\n","protected":false},"author":5,"featured_media":36535,"comment_status":"closed","ping_status":"closed","sticky":false,"template":"","format":"standard","meta":{"footnotes":""},"categories":[57,52,33,36],"tags":[],"class_list":["post-36514","post","type-post","status-publish","format-standard","has-post-thumbnail","hentry","category-extraordinarias","category-gacetillas","category-prensa","category-sesiones"],"yoast_head":"<!-- This site is optimized with the Yoast SEO plugin v19.10 - https:\/\/yoast.com\/wordpress\/plugins\/seo\/ -->\n<title>EL CONCEJO APROB\u00d3 LA TARIFARIA 2024 - Malarg\u00fce HCD<\/title>\n<meta name=\"robots\" content=\"index, follow, max-snippet:-1, max-image-preview:large, max-video-preview:-1\" \/>\n<link rel=\"canonical\" href=\"https:\/\/hcd.malargue.gov.ar\/?p=36514\" \/>\n<meta property=\"og:locale\" content=\"es_ES\" \/>\n<meta property=\"og:type\" content=\"article\" \/>\n<meta property=\"og:title\" content=\"EL CONCEJO APROB\u00d3 LA TARIFARIA 2024 - Malarg\u00fce HCD\" \/>\n<meta property=\"og:description\" content=\"SESI\u00d3N EXTRAORDINARIA\u2013&nbsp; 23 de febrero del 2024 Presidiendo la Sesi\u00f3n:&nbsp;&nbsp;Concejal Rodrigo Hidalgo (Bloque Partido Justicialista) Concejales Presentes: Viviana Mosca, Pablo Villarruel (Bloque Frente Cambia Mendoza), Magali Acosta, Pablo Cabrera, Emilce Mansilla, Magali Acosta (Bloque Partido Justicialista), Elizabeth Gonz\u00e1lez (Bloque Uni\u00f3n Mendocina), Francisco Parada (Bloque Encuentro), Silvina Camiolo (Reconstruyendo Malarg\u00fce), Martin Palma (UCR Independiente). Desde el [&hellip;]\" \/>\n<meta property=\"og:url\" content=\"https:\/\/hcd.malargue.gov.ar\/?p=36514\" \/>\n<meta property=\"og:site_name\" content=\"Malarg\u00fce HCD\" \/>\n<meta property=\"article:published_time\" content=\"2024-04-04T11:39:59+00:00\" \/>\n<meta property=\"article:modified_time\" content=\"2024-04-04T11:57:23+00:00\" \/>\n<meta property=\"og:image\" content=\"https:\/\/hcd.malargue.gov.ar\/wp-content\/uploads\/2024\/04\/434642214_736421938663697_1427388157201569932_n.jpg\" \/>\n\t<meta property=\"og:image:width\" content=\"2048\" \/>\n\t<meta property=\"og:image:height\" content=\"1152\" \/>\n\t<meta property=\"og:image:type\" content=\"image\/jpeg\" \/>\n<meta name=\"author\" content=\"Belen Pedernera Ferragut\" \/>\n<meta name=\"twitter:card\" content=\"summary_large_image\" \/>\n<meta name=\"twitter:label1\" content=\"Escrito por\" \/>\n\t<meta name=\"twitter:data1\" content=\"Belen Pedernera Ferragut\" \/>\n\t<meta name=\"twitter:label2\" content=\"Tiempo de lectura\" \/>\n\t<meta name=\"twitter:data2\" content=\"1 minuto\" \/>\n<script type=\"application\/ld+json\" class=\"yoast-schema-graph\">{\"@context\":\"https:\/\/schema.org\",\"@graph\":[{\"@type\":\"WebPage\",\"@id\":\"https:\/\/hcd.malargue.gov.ar\/?p=36514\",\"url\":\"https:\/\/hcd.malargue.gov.ar\/?p=36514\",\"name\":\"EL CONCEJO APROB\u00d3 LA TARIFARIA 2024 - Malarg\u00fce HCD\",\"isPartOf\":{\"@id\":\"https:\/\/hcd.malargue.gov.ar\/#website\"},\"datePublished\":\"2024-04-04T11:39:59+00:00\",\"dateModified\":\"2024-04-04T11:57:23+00:00\",\"author\":{\"@id\":\"https:\/\/hcd.malargue.gov.ar\/#\/schema\/person\/3fd6bbab64edd703961b795156c955d0\"},\"breadcrumb\":{\"@id\":\"https:\/\/hcd.malargue.gov.ar\/?p=36514#breadcrumb\"},\"inLanguage\":\"es-AR\",\"potentialAction\":[{\"@type\":\"ReadAction\",\"target\":[\"https:\/\/hcd.malargue.gov.ar\/?p=36514\"]}]},{\"@type\":\"BreadcrumbList\",\"@id\":\"https:\/\/hcd.malargue.gov.ar\/?p=36514#breadcrumb\",\"itemListElement\":[{\"@type\":\"ListItem\",\"position\":1,\"name\":\"Inicio\",\"item\":\"https:\/\/hcd.malargue.gov.ar\/\"},{\"@type\":\"ListItem\",\"position\":2,\"name\":\"EL CONCEJO APROB\u00d3 LA TARIFARIA 2024\"}]},{\"@type\":\"WebSite\",\"@id\":\"https:\/\/hcd.malargue.gov.ar\/#website\",\"url\":\"https:\/\/hcd.malargue.gov.ar\/\",\"name\":\"Malarg\u00fce HCD\",\"description\":\"Malarg\u00fce Mendoza Argentina\",\"potentialAction\":[{\"@type\":\"SearchAction\",\"target\":{\"@type\":\"EntryPoint\",\"urlTemplate\":\"https:\/\/hcd.malargue.gov.ar\/?s={search_term_string}\"},\"query-input\":\"required name=search_term_string\"}],\"inLanguage\":\"es-AR\"},{\"@type\":\"Person\",\"@id\":\"https:\/\/hcd.malargue.gov.ar\/#\/schema\/person\/3fd6bbab64edd703961b795156c955d0\",\"name\":\"Belen Pedernera Ferragut\",\"image\":{\"@type\":\"ImageObject\",\"inLanguage\":\"es-AR\",\"@id\":\"https:\/\/hcd.malargue.gov.ar\/#\/schema\/person\/image\/\",\"url\":\"https:\/\/secure.gravatar.com\/avatar\/1054ffab3893de4bb3eb29bdd22f7e34b8537bf5d34d9dab311818154ad5b71f?s=96&d=mm&r=g\",\"contentUrl\":\"https:\/\/secure.gravatar.com\/avatar\/1054ffab3893de4bb3eb29bdd22f7e34b8537bf5d34d9dab311818154ad5b71f?s=96&d=mm&r=g\",\"caption\":\"Belen Pedernera Ferragut\"},\"url\":\"https:\/\/hcd.malargue.gov.ar\/?author=5\"}]}<\/script>\n<!-- \/ Yoast SEO plugin. -->","yoast_head_json":{"title":"EL CONCEJO APROB\u00d3 LA TARIFARIA 2024 - Malarg\u00fce HCD","robots":{"index":"index","follow":"follow","max-snippet":"max-snippet:-1","max-image-preview":"max-image-preview:large","max-video-preview":"max-video-preview:-1"},"canonical":"https:\/\/hcd.malargue.gov.ar\/?p=36514","og_locale":"es_ES","og_type":"article","og_title":"EL CONCEJO APROB\u00d3 LA TARIFARIA 2024 - Malarg\u00fce HCD","og_description":"SESI\u00d3N EXTRAORDINARIA\u2013&nbsp; 23 de febrero del 2024 Presidiendo la Sesi\u00f3n:&nbsp;&nbsp;Concejal Rodrigo Hidalgo (Bloque Partido Justicialista) Concejales Presentes: Viviana Mosca, Pablo Villarruel (Bloque Frente Cambia Mendoza), Magali Acosta, Pablo Cabrera, Emilce Mansilla, Magali Acosta (Bloque Partido Justicialista), Elizabeth Gonz\u00e1lez (Bloque Uni\u00f3n Mendocina), Francisco Parada (Bloque Encuentro), Silvina Camiolo (Reconstruyendo Malarg\u00fce), Martin Palma (UCR Independiente). Desde el [&hellip;]","og_url":"https:\/\/hcd.malargue.gov.ar\/?p=36514","og_site_name":"Malarg\u00fce HCD","article_published_time":"2024-04-04T11:39:59+00:00","article_modified_time":"2024-04-04T11:57:23+00:00","og_image":[{"width":2048,"height":1152,"url":"https:\/\/hcd.malargue.gov.ar\/wp-content\/uploads\/2024\/04\/434642214_736421938663697_1427388157201569932_n.jpg","type":"image\/jpeg"}],"author":"Belen Pedernera Ferragut","twitter_card":"summary_large_image","twitter_misc":{"Escrito por":"Belen Pedernera Ferragut","Tiempo de lectura":"1 minuto"},"schema":{"@context":"https:\/\/schema.org","@graph":[{"@type":"WebPage","@id":"https:\/\/hcd.malargue.gov.ar\/?p=36514","url":"https:\/\/hcd.malargue.gov.ar\/?p=36514","name":"EL CONCEJO APROB\u00d3 LA TARIFARIA 2024 - Malarg\u00fce HCD","isPartOf":{"@id":"https:\/\/hcd.malargue.gov.ar\/#website"},"datePublished":"2024-04-04T11:39:59+00:00","dateModified":"2024-04-04T11:57:23+00:00","author":{"@id":"https:\/\/hcd.malargue.gov.ar\/#\/schema\/person\/3fd6bbab64edd703961b795156c955d0"},"breadcrumb":{"@id":"https:\/\/hcd.malargue.gov.ar\/?p=36514#breadcrumb"},"inLanguage":"es-AR","potentialAction":[{"@type":"ReadAction","target":["https:\/\/hcd.malargue.gov.ar\/?p=36514"]}]},{"@type":"BreadcrumbList","@id":"https:\/\/hcd.malargue.gov.ar\/?p=36514#breadcrumb","itemListElement":[{"@type":"ListItem","position":1,"name":"Inicio","item":"https:\/\/hcd.malargue.gov.ar\/"},{"@type":"ListItem","position":2,"name":"EL CONCEJO APROB\u00d3 LA TARIFARIA 2024"}]},{"@type":"WebSite","@id":"https:\/\/hcd.malargue.gov.ar\/#website","url":"https:\/\/hcd.malargue.gov.ar\/","name":"Malarg\u00fce HCD","description":"Malarg\u00fce Mendoza Argentina","potentialAction":[{"@type":"SearchAction","target":{"@type":"EntryPoint","urlTemplate":"https:\/\/hcd.malargue.gov.ar\/?s={search_term_string}"},"query-input":"required name=search_term_string"}],"inLanguage":"es-AR"},{"@type":"Person","@id":"https:\/\/hcd.malargue.gov.ar\/#\/schema\/person\/3fd6bbab64edd703961b795156c955d0","name":"Belen Pedernera Ferragut","image":{"@type":"ImageObject","inLanguage":"es-AR","@id":"https:\/\/hcd.malargue.gov.ar\/#\/schema\/person\/image\/","url":"https:\/\/secure.gravatar.com\/avatar\/1054ffab3893de4bb3eb29bdd22f7e34b8537bf5d34d9dab311818154ad5b71f?s=96&d=mm&r=g","contentUrl":"https:\/\/secure.gravatar.com\/avatar\/1054ffab3893de4bb3eb29bdd22f7e34b8537bf5d34d9dab311818154ad5b71f?s=96&d=mm&r=g","caption":"Belen Pedernera Ferragut"},"url":"https:\/\/hcd.malargue.gov.ar\/?author=5"}]}},"_links":{"self":[{"href":"https:\/\/hcd.malargue.gov.ar\/index.php?rest_route=\/wp\/v2\/posts\/36514","targetHints":{"allow":["GET"]}}],"collection":[{"href":"https:\/\/hcd.malargue.gov.ar\/index.php?rest_route=\/wp\/v2\/posts"}],"about":[{"href":"https:\/\/hcd.malargue.gov.ar\/index.php?rest_route=\/wp\/v2\/types\/post"}],"author":[{"embeddable":true,"href":"https:\/\/hcd.malargue.gov.ar\/index.php?rest_route=\/wp\/v2\/users\/5"}],"replies":[{"embeddable":true,"href":"https:\/\/hcd.malargue.gov.ar\/index.php?rest_route=%2Fwp%2Fv2%2Fcomments&post=36514"}],"version-history":[{"count":5,"href":"https:\/\/hcd.malargue.gov.ar\/index.php?rest_route=\/wp\/v2\/posts\/36514\/revisions"}],"predecessor-version":[{"id":36537,"href":"https:\/\/hcd.malargue.gov.ar\/index.php?rest_route=\/wp\/v2\/posts\/36514\/revisions\/36537"}],"wp:featuredmedia":[{"embeddable":true,"href":"https:\/\/hcd.malargue.gov.ar\/index.php?rest_route=\/wp\/v2\/media\/36535"}],"wp:attachment":[{"href":"https:\/\/hcd.malargue.gov.ar\/index.php?rest_route=%2Fwp%2Fv2%2Fmedia&parent=36514"}],"wp:term":[{"taxonomy":"category","embeddable":true,"href":"https:\/\/hcd.malargue.gov.ar\/index.php?rest_route=%2Fwp%2Fv2%2Fcategories&post=36514"},{"taxonomy":"post_tag","embeddable":true,"href":"https:\/\/hcd.malargue.gov.ar\/index.php?rest_route=%2Fwp%2Fv2%2Ftags&post=36514"}],"curies":[{"name":"wp","href":"https:\/\/api.w.org\/{rel}","templated":true}]}}