{"id":36584,"date":"2024-04-10T10:03:54","date_gmt":"2024-04-10T13:03:54","guid":{"rendered":"https:\/\/hcd.malargue.gov.ar\/?p=36584"},"modified":"2024-04-10T10:04:46","modified_gmt":"2024-04-10T13:04:46","slug":"acta-sesion-extraordinaria-no-05-23-02-2-024-tarifaria","status":"publish","type":"post","link":"https:\/\/hcd.malargue.gov.ar\/?p=36584","title":{"rendered":"ACTA SESION EXTRAORDINARIA N\u00b0 05- 23\/02\/2.024 TARIFARIA.-"},"content":{"rendered":"<div class=\"wp-block-image\">\n<figure class=\"alignright size-full is-resized\"><a href=\"http:\/\/hcd.malargue.gov.ar\/2024\/EXTRAORDINARIA%20N05-%2023-02-%202024%20TARIFARIA.pdf\"><img loading=\"lazy\" decoding=\"async\" width=\"512\" height=\"512\" src=\"https:\/\/hcd.malargue.gov.ar\/wp-content\/uploads\/2018\/06\/PDF-JPG.jpg\" alt=\"\" class=\"wp-image-7950\" style=\"width:135px;height:auto\" srcset=\"https:\/\/hcd.malargue.gov.ar\/wp-content\/uploads\/2018\/06\/PDF-JPG.jpg 512w, https:\/\/hcd.malargue.gov.ar\/wp-content\/uploads\/2018\/06\/PDF-JPG-150x150.jpg 150w, https:\/\/hcd.malargue.gov.ar\/wp-content\/uploads\/2018\/06\/PDF-JPG-300x300.jpg 300w\" sizes=\"auto, (max-width: 512px) 100vw, 512px\" \/><\/a><\/figure>\n<\/div>\n\n\n<p>En Malarg\u00fce Mendoza a 23 d\u00edas de Febrero &nbsp;de 2024, cuando es la hora 09:10&nbsp; se re\u00fane el Honorable Concejo Deliberante para celebrar una Sesi\u00f3n Extraordinaria convocada por el&nbsp; Sr Intendente Municipal. -Bajo la Presidencia de su titular Concejal Rodrigo Emanuel HIDALGO y la presencia de los se\u00f1ores concejales , Mosca, Villarruel, Gonz\u00e1lez,&nbsp; Parada , Camiolo, Mansilla, Acosta y Cabrera \/ Se firma del Libro de Asistencia, donde consta la ausencia del concejal PALMA con nota. \/ &nbsp;Para dar comienzo al desarrollo del Orden del D\u00eda&nbsp; se invita a la Concejal Elizabeth GONZALEZ a izar la Ense\u00f1a&nbsp; Patria.&nbsp; \/ b) Homenaje de los Se\u00f1ores Concejales : Solicita la palabra&nbsp; el concejal PARADA&nbsp; quien manifiesta Luego de los saludos de forma. Se me ocurre ahora, como homenaje mirando a nuestra bandera que habitualmente izamos y arriamos aqu\u00ed en las sesiones&nbsp; especiales y estoy mirando que hoy es 22 de febrero y no creo que hasta el 27 exista la posibilidad de sesiones , y la bandera argentina fue enarbolada , izada, perd\u00f3n, por primera vez, por el General Belgrano y la tropa en aquellos tiempos de revoluci\u00f3n&nbsp; el 27 de febrero de 1812, pasa que por la muerte del Gral. Belgrano nosotros festejamos el D\u00eda de la Bandera el 20 de Junio, all\u00ed como nos ense\u00f1aban en la escuelita primaria, a orillas del R\u00edo Paran\u00e1 en un contexto de las flotas espa\u00f1olas, que sal\u00edan de Montevideo , navegaban por el R\u00edo Uruguay, por el R\u00edo Paran\u00e1, y era necesario poner bater\u00edas enfrentadas , bater\u00edas obviamente de ca\u00f1ones, para por lo menos tirarles un susto a los espa\u00f1oles, cuando pasaban. All\u00ed es cuando Belgrano entiende que tanto realistas como patriotas, ten\u00edan el mismo s\u00edmbolo, entonces hab\u00eda que elegir un s\u00edmbolo que los identificara, y \u00e9l sin esperar la orden, del Triunvirato, decide levantar por primera vez, nuestra bandera, frente a las tropas los hace jurar solemnemente y seg\u00fan los historiadores los colores ser\u00edan simplemente dos bandas horizontales blanco y celeste, despu\u00e9s el Triunvirato lo va a castigar al pobre Belgrano y lo va a obligar a esconder esa bandera, y all\u00ed \u00e9l dice una frase, en Salta, ya dice una frase \u201cLa guardar\u00e9 para el d\u00eda de la victoria final\u201d una frase bonita de Belgrano, y la bandera se esconde, la bandera original se pierde, seguramente sea una que hoy est\u00e9 en Bolivia, conocida como la Bandera de Macha, y en \u00faltima instancia termina siendo reconocida como s\u00edmbolo argentino en el Congreso de 1816 all\u00ed en Tucum\u00e1n. All\u00ed Belgrano presenta la bandera, y obviamente all\u00ed estaban los diputados mendocinos, y en ese momento San Mart\u00edn est\u00e1 en Cuyo, y San Mart\u00edn ya est\u00e1 preparando la gesta libertadora, ustedes saben que en enero de 1817 San Mart\u00edn hace jurar la bandera del Ejercito Libertador de&nbsp; Los Andes y que si ustedes observan nuestra querida bandera mendocina, el fondo es dos bandas blanca y celeste o celeste y blanca, no recuerdo bien el orden que tiene bordado encima el escudo de las que se llamaban entonces las&nbsp; Provincias del R\u00edo de la Plata que sea probablemente la bandera original, y han sido los colores tal cual est\u00e1n en nuestra Bandera Provincial. Sin el escudo obviamente. Despu\u00e9s se agreg\u00f3 el sol , sobre todo para dirigir los&nbsp; barcos mercantes y de guerra y con el tiempo ya en \u00e9pocas constitucionales, se impuso esta bandera que a\u00fan tenemos y nos representa con las tres bandas, celeste, blanca, celeste. Entonces ya que probablemente no estaremos sesionando el 27, entonces porque no nuestra bandera cada vez que iniciamos una sesi\u00f3n la levantamos con much\u00edsimo respeto, la cuidamos con much\u00edsimo respeto y entonamos esa bonita canci\u00f3n que es la Aurora.\u201d \/ Seguidamente se da lectura a una nota elevada por el concejal Mart\u00edn PALMA quien informa las razones de su ausencia. c)Expedientes provenientes del Departamento Ejecutivo: 1. Expte N\u00b0 1035\/\/2.024-0 Departamento Ejecutivo Intendente Municipal Ref: Remite Proyecto de Ordenanza Tarifaria 2024. \/ Cuando es la hora 9:18 el concejal PARADA &nbsp;mociona que el Cuerpo se constituya en Comisi\u00f3n. Moci\u00f3n que es aprobada. \/\/ El d\u00eda 03 de Abril de 2024&nbsp; cuando es la hora 13.15 se reanuda la Sesi\u00f3n con la presencia de la totalidad de los ediles que integran el Honorable Cuerpo. Solicita la palabra el Concejal PARADA quien solicita que el Cuerpo salga de Comisi\u00f3n y se de lectura al despacho emitido por el Cuerpo en Comisi\u00f3n.\/\/ &nbsp;El despacho emitido por el Cuerpo en Comisi\u00f3n se adjunta a la presente Acta como ANEXO I.\/\/ Solicita la palabra el Concejal PALMA quien manifiesto&nbsp; que va a solicitar para este Expte.&nbsp; se realice con votaci\u00f3n nominal en general y en particular sobre solo unos Art\u00edculos que voy a mocionar. Ser\u00e1n los Art\u00edculos 2\u00b0, Art\u00edculo 65\u00b0 y Art\u00edculo 140\u00b0 ya que sobre los restantes se ha trabajado concienzudamente se ha logrado introducir varias modificaciones y existe acuerdo .\/ Aclara que hay &nbsp;que poner en votaci\u00f3n la moci\u00f3n en principio de votar en general y en particular solamente los Art\u00edculos mencionados.\/\/ PRESIDENCIA procede a poner en consideraci\u00f3n en general, votan en forma nominal la Concejal GONZALEZ en negativa y el resto de los concejal en afirmativo es aprobado en General.\/\/ Solicita la palabra la Concejal GONZALEZ quien reconocer haberse equivocado al momento de emitir su voto por lo que impone una moci\u00f3n de reconsideraci\u00f3n de la votaci\u00f3n.\/\/ Se pone a consideraci\u00f3n la moci\u00f3n y es aprobada seguidamente PRESIDENCIA procede a poner a consideraci\u00f3n nuevamente en general el despacho en votaci\u00f3n nominal y es aprobado por unanimidad.\/\/ Se pasa &nbsp;a la votaci\u00f3n en particular de dichos art\u00edculos.\/ Comenzando por el Art\u00edculo 2. Por SECRETARIA se da lectura al Art\u00edculo&nbsp;&nbsp; El art\u00edculo 2. ESTABLECIMIENTO DE UNIDADES TRIBUTARIAS. Art\u00edculo 2\u00b0: Establ\u00e9zcase para la expresi\u00f3n y comprensi\u00f3n de los valores econ\u00f3micos aqu\u00ed enunciados, la vigencia de la unidad tributaria municipal, resultando el monto a percibir por el municipio de la multiplicaci\u00f3n de unidades asignadas al hecho imponible, por el valor que se fija la Unidad Tributaria Municipal. La Unidad Tributaria Municipal ser\u00e1 variable y su valor se ajustar\u00e1 bimestralmente seg\u00fan el IPC de la Provincia de Mendoza, establecido por la Direcci\u00f3n de Estad\u00edsticas e Investigaciones Econ\u00f3micas del Gobierno de la Provincia de Mendoza. Asimismo, se fija como tasa de inter\u00e9s para las deudas tributarias y no tributarias que entren en mora y a partir del vencimiento de \u00e9stas en un porcentaje del 5% mensual divisible diariamente, la modificaci\u00f3n de esta tasa de inter\u00e9s ser\u00e1 establecida por Decreto del Departamento Ejecutivo Municipal con aviso al Honorable Concejo Deliberante y no podr\u00e1 superar el 50% a la tasa activa de inter\u00e9s que aplica el Banco Naci\u00f3n en sus operaciones de descuento en cuenta corriente bancaria. PRESIDENCIA pone&nbsp; a consideraci\u00f3n, sometido a votaci\u00f3n.\/ Votan los Concejales MOSCA, VILLARRUEL y GONZALEZ por la afirmativa, el Concejal PALMA vota en negativo y justifica su voto. Se\u00f1or Presidente, &nbsp;deseo justificar mi&nbsp; voto en negativo porque entiendo que la situaci\u00f3n hoy que atraviesa a nivel econ\u00f3mico la sociedad en general es muy dif\u00edcil, entendiendo que hasta el d\u00eda de ayer, el d\u00eda lunes, perd\u00f3n, volvi\u00f3 a aumentar el combustible y dem\u00e1s. Y entiendo tambi\u00e9n que esta tarifaria es un supuesto, no hemos podido tener en nuestro poder c\u00f3mo impactar\u00eda realmente en funci\u00f3n del presupuesto municipal. Entonces, aumentarla bimestralmente por un \u00edndice que no manejamos nosotros en nuestro departamento me parece en lo personal poco correcto. Entiendo que la situaci\u00f3n amerita que tenga un ajuste, pero los ajustes siempre se hacen en funci\u00f3n de los trabajadores y es lo que hoy me llama la atenci\u00f3n que lo estemos haciendo de esta manera. Por eso, mi justificaci\u00f3n en el no acompa\u00f1amiento de esta cl\u00e1usula gatillo de la actualizaci\u00f3n bimestral en funci\u00f3n de un \u00edndice que tampoco maneja el municipio. Por eso, mi voto es en negativo, se\u00f1or Presidente. Muchas gracias.\/\/ Continuando con la votaci\u00f3n el Concejal PARADA vota en afirmativo, la Concejal CAMIOLO vota en negativo y expresa: Brevemente, se\u00f1or Presidente, mi voto es en negativo, justificando un poco en consonancia con lo expuesto por mi colega anteriormente, respecto principalmente a que se plantea un ajuste por cl\u00e1usula gatillo bimestral con un \u00edndice de precios al consumidor que se maneja por la Direcci\u00f3n Provincial de Estad\u00edsticas. No hay Ordenanzas Tarifarias, por lo menos los \u00faltimos a\u00f1os que hemos revisado, que no est\u00e1n en archivo, con actualizaci\u00f3n ya indexada cada dos meses.\/ Por otra parte, esto tambi\u00e9n forma parte, valga la redundancia, del equilibrio presentado por la nota de elevaci\u00f3n del Se\u00f1or Intendente, donde \u00e9l expresa que el objetivo principal de la Ordenanza es ordenar las arcas y ordenar los servicios, algo que entiendo cumple acabadamente la ordenanza y en esto tengo que destacar porque no est\u00e1bamos acostumbrados por ah\u00ed a la prolijidad en la que ha sido elevada. Y otro de los objetivos que destaca en la carta de elevaci\u00f3n del Intendente es que desea que se aumente la masa de contribuyentes. En eso obviamente que coincidimos, pero no entiendo que si el objetivo es aumentar la masa de contribuyentes, tomemos la decisi\u00f3n de cada dos meses a ese mismo contribuyente, que obviamente no cobra en funci\u00f3n de \u00edndices inflacionarios, lamentablemente, si le actualicemos los tributos cada dos meses. Es una cuesti\u00f3n de postura, llevo seis a\u00f1os como legisladora, tanto en provincia como en el Departamento, si los contamos, y nunca he aprobado una cl\u00e1usula gatillo de actualizaci\u00f3n de precios a los vecinos. En ese punto decir, que no lo har\u00eda tampoco ahora, porque adem\u00e1s la masa salarial m\u00e1s grande del departamento es de empleados municipales, es decir, el municipio tiene pr\u00e1cticamente el 10%, un poco menos, de empleados del total de la poblaci\u00f3n. Entendiendo que los salarios no se ajustan en funci\u00f3n del IPC de la DEIE, o sea, el \u00edndice de precios al consumidor de la Direcci\u00f3n de Estad\u00edsticas y Censos de la Provincia, es que entiendo que ser\u00eda un error.\/ Si propon\u00edamos que hubiera un aumento semestral en funci\u00f3n de lo que ocurre en otros Departamentos vecinos de la Provincia. Por ah\u00ed no podemos compararnos con todo el resto de la Provincia, porque la realidad de Malarg\u00fce es absolutamente distinta a cualquier otro Departamento. Y en este punto tambi\u00e9n coincido con que hay una conducta tributaria que de un tiempo a esta parte se ha perdido y necesitamos reinsertarla. Justamente si queremos reinsertar a la masa de contribuyentes, plantear actualizaciones de bimestre, entiendo que pierde ese objetivo. En funci\u00f3n de eso, es que mi voto es en negativo y pensando adem\u00e1s que vamos a necesitar, entonces, aparte de esta herramienta como la Ordenanza Tarifaria, otro tipo de mecanismos para estimular a la conducta contributiva de los vecinos de Malarg\u00fce, que es algo que no estar\u00eda ocurriendo. S\u00ed tambi\u00e9n dejar en claro que solicitamos de manera formal en reuniones con el Ejecutivo, se nos expresara cu\u00e1nto representaba en el Presupuesto Departamental la recaudaci\u00f3n por impuestos.\/Y es algo que no qued\u00f3 del todo claro, que no se nos termin\u00f3 de decir, porque los porcentajes realmente eran muy m\u00ednimos, entre un 5, un 7, un 10%, pero no tuvimos esa claridad de cu\u00e1nto es lo que se plantea recaudar con respecto al presupuesto total de gastos de la Municipalidad. Entiendo que eso llegar\u00e1 en los pr\u00f3ximos d\u00edas. Ese es mi voto, se\u00f1or Presidente.\/ Seguidamente expresan su voto en afirmativo los Concejales MANSILLA, ACOSTA , CABRERA e HIDALGO.\/\/ &nbsp;Solicita la palabra la Concejal ACOSTA y expresa: Bueno, disculpe, se\u00f1or Presidente.&nbsp; yo quer\u00eda argumentar un poquito mi voto, que va es en afirmativo por una cuesti\u00f3n de que he estado revisando tarifarias de departamentos de toda la Provincia de Mendoza, y en s\u00ed, &nbsp;destacar que esta Tarifaria ha venido ordenada, que trae un \u00edndice que es de f\u00e1cil b\u00fasqueda, tambi\u00e9n para el d\u00eda que nosotros nos sent\u00e1bamos a estudiar era mucho m\u00e1s f\u00e1cil encontrar los articulados y dem\u00e1s. Es una Tarifaria que, compar\u00e1ndola con anteriores Tarifarias ac\u00e1 en Malarg\u00fce, trae varios cambios, cambios que a veces pueden traer ciertos rechazos, como toda idea nueva, y la primera, es la creaci\u00f3n de la Unidad Tributaria Municipal, que se establece en 40 pesos. Esto, adem\u00e1s, se debe aque la \u00faltima Ordenanza Tarifaria, que fue la 2186 del a\u00f1o 2022, fue elaborada en el a\u00f1o 2021, en el mes de diciembre, para ser m\u00e1s exactos. Lo que significa a la actualidad un poco m\u00e1s del 600% de inflaci\u00f3n acumulada, aproximadamente. Y por tal motivo, dicha unidad es actualizada bimestralmente, seg\u00fan el \u00edndice de precios al consumidor, y ac\u00e1 es donde quiero, digamos, en la investigaci\u00f3n que yo estuve haciendo, hay varios Departamentos de la Provincia que la tienen actualizada bimestralmente, como por ejemplo San Carlos y tambi\u00e9n General Alvear. Tambi\u00e9n otro tema que quiero destacar, en cuanto a esta tarifaria, que es un proyecto que enfatiza el enfoque adoptado, no solo en la recaudaci\u00f3n, sino tambi\u00e9n en el ordenamiento de las cuentas municipales, y esto creo que tambi\u00e9n es valorable destacar, porque con la Ordenanza de Emergencia Econ\u00f3mica, Financiera y Administrativa con la que cuenta el Departamento Ejecutivo, esto tambi\u00e9n podr\u00eda estar siendo aplicada por un Decreto directamente y nosotros nunca hubi\u00e9ramos tenido esta discusi\u00f3n, entonces creo que eso tambi\u00e9n es algo muy loable, destacar y querer respetar la institucionalidad que tenemos actualmente hoy en el Departamento, y eso me parece que es un reflejo absoluto del compromiso con la transparencia, la eficacia y el cuidado de los recursos p\u00fablicos. Muchas gracias.\/\/ &nbsp;Prospera el Art\u00edculo 2\u00b0 por 8 votos en afirmativo y 2 votos en negativo.\/\/ &nbsp;PRESIDENCIA contin\u00faa con el siguiente art\u00edculo mocionado para tratar de manera particular, el Art\u00edculo&nbsp; 65\u00b0, al cual por SECRETARIA se da lectura antes de la votaci\u00f3n. ART\u00cdCULO 65, D\u00e9jase sin efecto el Art\u00edculo 2\u00b0 y 11\u00b0 de la Ordenanza 1524\/2011.\/\/ El Concejal PARADA solicita un Cuarto Intermedio cuando es la hora 13:25 y se reanuda la Sesi\u00f3n a las 13:58 hs.\/\/ Emiten su voto en afirmativo &nbsp;los Concejales MOSCA, VILLARRUEL Y GONZALEZ, en negativo vota el Concejal PALMA quien justifica su voto: Este art\u00edculo refiere a una nueva modificaci\u00f3n sobre la Ordenanza N\u00b0 1.524\/2.011 la cual tambi\u00e9n hab\u00eda sufrido dos modificaciones posteriores a su sanci\u00f3n definitiva y tambi\u00e9n fue modificada con el Registro de Terrenos de tenedores de terrenos, entiendo que esta Ordenanza tiene una seguridad Jur\u00eddica por otra parte y creo muy acertado y esto es la justificaci\u00f3n de mi voto la sesi\u00f3n de ma\u00f1ana tiene un pedido de informe sobre las situaciones que se han dado en funci\u00f3n del 60 Aniversario donde se han entregado terrenos que no son legalmente viables de entregar hablo de zonas de amortiguaci\u00f3n, espacios p\u00fablicos, espacios comerciales, donde se encontraba el Centro de Salud de un lugar que hoy colinda Colonia H\u00edpica, Loteo Independencia, PROCREAR y el 60 Aniversario donde hay mas de 1060 lotes entonces que pasa que es muy perjudicial que habilitar que se puedan regularizar todas estas situaciones que se hicieron en detrimento de todos los pobladores de la zona porque en realidad esas zonas que se han loteado deber\u00edan ser beneficiosos para quienes ya est\u00e1n ah\u00ed. Porque recordemos que tambi\u00e9n ninguno de los lotes que mencione antes tienen ni zonas de servicios, ni zonas comerciales ni zonas educativas, ni zonas de recreaci\u00f3n ni zonas de amortiguaci\u00f3n, como lo necesitan en el aeropuerto, o como lo necesitan en Colonia H\u00edpica que colinda con el basural, entonces, me parece una cosa il\u00f3gica modificar esto sin tener la informaci\u00f3n correcta de que es lo que estamos haciendo, ya hemos tenido algunos antecedentes de Ciudadanos que han venido a manifestar su incomodidad por las cosas que han sucedido por la sanci\u00f3n de la Ordenanza de Infractores a Terrenos y que creo que tendr\u00e1 que ser modificada en su momento por esta situaci\u00f3n que transgrede el C\u00f3digo Civil Nacional, en este sentido mi voto es negativo porque no puedo seguir trabajando en funci\u00f3n del desconocimiento de lo que ha pasado con terrenos que este mismo Concejo ha denunciado por irregularidades. Entonces ser\u00eda un disparate de mi parte &nbsp;borrar con el codo lo que escrib\u00ed con la mano en funci\u00f3n de esta situaci\u00f3n, Sr. Presidente por eso mi voto es en negativo.\/ Contin\u00faa la votaci\u00f3n el Concejal PARADA vota en afirmativo, seguidamente la Concejal CAMIOLO&nbsp; solo agregar que todo lo que es al sudeste de Malarg\u00fce necesita un replanteo&nbsp; tanto del Departamento Ejecutivo como del Concejo Deliberante , lo hemos planteado a partir de un proyecto de Ordenanza para que exista&nbsp;&nbsp; gesti\u00f3n urbana de ese sector sur este no solo del 60 Aniversario. Adem\u00e1s hemos querido contar con la informaci\u00f3n actual porque, entendemos que el Ejecutivo maneja mucha mas informaci\u00f3n que la que pudimos acceder nosotros cuando fuimos en el marco de la Comisi\u00f3n Investigadora y de las cuales solicitamos alcanzar un par de proyectos o expedientes y estaban de manera irregular y que hab\u00edan sido en cesiones anteriores entendemos que esta informaci\u00f3n nos falta y justamente en resguardo a estar incumpliendo con el C\u00f3digo Civil y Comercial de la Naci\u00f3n &nbsp;donde se habla t\u00e1citamente de los derechos adquiridos por los Ciudadanos es que mi voto es en negativo.\/ Continua la votaci\u00f3n los Concejales MANSILLA, ACOSTA, CABRERA e HIDALGO votan en afirmativo.\/\/ Prospera el Art\u00edculo 65 del Despacho con ocho votos en afirmativo y dos votos en negativo.\/\/ PRESIDENCIA continua con la votaci\u00f3n del Art\u00edculo 140 previa lectura de parte de SECRETARIA Art\u00edculo 140: Las cantidades establecidas en la presente Ordenanza Tarifaria&nbsp; deber\u00e1n ser interpretados en Unidades Tributarias Municipales,&nbsp; actualizables en forma bimestral, establecido por la Direcci\u00f3n de Estad\u00edsticas e Investigaciones Econ\u00f3micas del Gobierno de la Provincia de Mendoza.\/\/ PRESIDENCIA pone&nbsp; a consideraci\u00f3n.\/ Votan los Concejales MOSCA, VILLARRUEL, GONZALEZ&nbsp; en afirmativo, el Concejal PALMA vota en negativo justificando su voto de la siguiente manera: Voy realizar mi votaci\u00f3n en funci\u00f3n del Art\u00edculo 2 que ya vote en negativo porque entiendo que las actualizaciones bimestrales no van a ser reflejadas bimestralmente en los salarios de ning\u00fan empleado, ll\u00e1mese p\u00fablico o privado, por ende entiendo y creo coherente no hacerlo de esta manera, recordemos que hab\u00edamos propuesto una actualizaci\u00f3n semestral, pero bueno no tuvimos el acompa\u00f1amiento necesario por lo que mi voto es en negativo en esta situaci\u00f3n.\/ El Concejal PARADA vota en afirmativo, la Concejal CAMIOLO vota en negativo justificando: &nbsp;En concordancia con el Art\u00edculo 2\u00b0 el que sugerimos que fuera con actualizaciones semestrales. En este punto destacar que de una Ordenanza de 140 Art\u00edculos ha habido solo tres en los que no logramos acuerdos, en la gran mayor\u00eda del paquete se logr\u00f3 acuerdos y es destacable el trabajo de los concejales y en esto nos toco, la primera ordenanza trabajarla de esta manera, con un equipo renovado, pero decir que hay acuerdo en dos puntos espec\u00edficos el primero es que necesitamos ordenar la casa y estamos de acuerdo que as\u00ed sea y confiamos que a partir de ahora va a primar este concepto del orden y recordemos siempre despu\u00e9s del orden esta la posibilidad de construir, sin orden establecido o preestablecido no hay posibilidad de construcci\u00f3n de ning\u00fan tipo social ni pol\u00edtico, creo que esta dado este primer objetivo y el segundo objetivo de aumentar la masa de contribuyentes,.Quedar\u00e1 en nuestras manos tambi\u00e9n de acompa\u00f1ar eso y de parte del ejecutivo de fomentar de que los contribuyentes se puedan acercar al municipio pagar sus servicios pero tambi\u00e9n recibir servicios de calidad. NO puede existir por principio un impuesto sino esta el servicio de calidad, es lo que deseo y que conste en acta que estamos otorg\u00e1ndole al Ejecutivo herramientas para que puedan recibir recaudaci\u00f3n pero as\u00ed mismo ofrecer a los vecinos no solo del ejido urbano sin\u00f3 tambi\u00e9n de la zona rural, servicios de calidad y all\u00ed estaremos para verificar y para garantizar que as\u00ed sea. Gracias Sr. Presidente.\/\/ Continua la votaci\u00f3n MANSILLA, ACOSTA, CABRERA e HIDALGO votan en afirmativo. Prospera el Art\u00edculo 140 por ocho votos afirmativo contra dos en negativo.\/\/&nbsp; Solicita la palabra el concejal PALMA para manifestar que hemos llevado adelante una votaci\u00f3n de un Expte en el que hemos trabajados, arduamente y en esto quiero reconocer el trabajo de algunos concejales, que se pusieron al hombro el tipeo y se pusieron al hombro, mas all\u00e1 de las diferencias que nos puedan llevar a no votar tres art\u00edculos y esto en consonancia con lo que dec\u00eda la Concejal Camiolo hemos podido llegar a varias modificaciones de fondo dentro de esta tarifaria, lo cual es grato, donde siempre venimos tratando de hacer esto de por mas diferencias que hallan tener un consenso y poder respetarlo y esto es lo que se llevo a cabo en esta sesi\u00f3n. Se vot\u00f3 en general porque entendemos que hay que llevar n\u00fameros claros, tener actualizaciones porque entendemos que ha sido as\u00ed , no se trabajo tarifaria en el a\u00f1o 2023 un a\u00f1o eleccionario Uds. saben no lo ve\u00edamos correcto pero no era facultad nuestra, sino del Ejecutivo enviar esa Tarifaria, no se hizo, hoy hab\u00eda que actualizarla tratamos nosotros desde nuestro rol, marcar ciertas diferencias, las cuales fueron aceptadas de buenas maneras y donde no pudimos tener el consenso necesario se voto en disidencia. Lo que no significa que haya rupturas o no deber\u00eda ser as\u00ed . donde hayan rupturas del dialogo porque en base al dialogo es que se construye y dejar todo mas que claro, las diferencias que puedan haber son netamente pol\u00edticas no son diferencias personales, ni caprichos de ning\u00fan concejal, sino que simplemente cada uno cumple con el rol que cree tener y que la sociedad le dio. Simplemente eso Sr. Presidente volver a resaltar la posibilidad de haber aportado algunas modificaciones a esta Tarifaria y que hayan sido aceptadas por parte del oficialismo y seguir trabajando para que estos consensos sean en beneficio de todos los malarg\u00fcinos.\/\/ PRESIDENCIA en uso de la palabra manifiesta perm\u00edtanme agradecer a todo el Cuerpo que han trabajado con gran dedicaci\u00f3n, incluso qued\u00e1ndose a trabajar fuera de horario, agradecer tambi\u00e9n al Personal, a nuestro Asesor, a los Secretarios por aportar su colaboraci\u00f3n para que esto saliera de esta manera.\/\/ Seguidamente se pasa al Punto d) Acto de Arriar el Pabell\u00f3n Nacional a cargo de la Concejal que lo iz\u00f3.\/\/&nbsp; Cuando es la hora 14:10 se da por finalizada la Sesi\u00f3n previa lectura y puesta a consideraci\u00f3n &nbsp;de lo que antecede firman las presente actuaciones el Sr. Presidente del Honorable Cuerpo y la Sra. Secretaria del Honorable Concejo Deliberante.<\/p>\n","protected":false},"excerpt":{"rendered":"<p>En Malarg\u00fce Mendoza a 23 d\u00edas de Febrero &nbsp;de 2024, cuando es la hora 09:10&nbsp; se re\u00fane el Honorable Concejo Deliberante para celebrar una Sesi\u00f3n Extraordinaria convocada por el&nbsp; Sr Intendente Municipal. -Bajo la Presidencia de su titular Concejal Rodrigo Emanuel HIDALGO y la presencia de los se\u00f1ores concejales , Mosca, Villarruel, Gonz\u00e1lez,&nbsp; Parada , [&hellip;]<\/p>\n","protected":false},"author":5,"featured_media":33337,"comment_status":"closed","ping_status":"closed","sticky":false,"template":"","format":"standard","meta":{"footnotes":""},"categories":[60,52,33,36],"tags":[],"class_list":["post-36584","post","type-post","status-publish","format-standard","has-post-thumbnail","hentry","category-acta-de-sesiones","category-gacetillas","category-prensa","category-sesiones"],"yoast_head":"<!-- This site is optimized with the Yoast SEO plugin v19.10 - https:\/\/yoast.com\/wordpress\/plugins\/seo\/ -->\n<title>ACTA SESION EXTRAORDINARIA N\u00b0 05- 23\/02\/2.024 TARIFARIA.- Malarg\u00fce HCD<\/title>\n<meta name=\"robots\" content=\"index, follow, max-snippet:-1, max-image-preview:large, max-video-preview:-1\" \/>\n<link rel=\"canonical\" href=\"https:\/\/hcd.malargue.gov.ar\/?p=36584\" \/>\n<meta property=\"og:locale\" content=\"es_ES\" \/>\n<meta property=\"og:type\" content=\"article\" \/>\n<meta property=\"og:title\" content=\"ACTA SESION EXTRAORDINARIA N\u00b0 05- 23\/02\/2.024 TARIFARIA.- Malarg\u00fce HCD\" \/>\n<meta property=\"og:description\" content=\"En Malarg\u00fce Mendoza a 23 d\u00edas de Febrero &nbsp;de 2024, cuando es la hora 09:10&nbsp; se re\u00fane el Honorable Concejo Deliberante para celebrar una Sesi\u00f3n Extraordinaria convocada por el&nbsp; Sr Intendente Municipal. -Bajo la Presidencia de su titular Concejal Rodrigo Emanuel HIDALGO y la presencia de los se\u00f1ores concejales , Mosca, Villarruel, Gonz\u00e1lez,&nbsp; Parada , [&hellip;]\" \/>\n<meta property=\"og:url\" content=\"https:\/\/hcd.malargue.gov.ar\/?p=36584\" \/>\n<meta property=\"og:site_name\" content=\"Malarg\u00fce HCD\" \/>\n<meta property=\"article:published_time\" content=\"2024-04-10T13:03:54+00:00\" \/>\n<meta property=\"article:modified_time\" content=\"2024-04-10T13:04:46+00:00\" \/>\n<meta property=\"og:image\" content=\"https:\/\/hcd.malargue.gov.ar\/wp-content\/uploads\/2023\/03\/actas-sesiones.jpg\" \/>\n\t<meta property=\"og:image:width\" content=\"1640\" \/>\n\t<meta property=\"og:image:height\" content=\"924\" \/>\n\t<meta property=\"og:image:type\" content=\"image\/jpeg\" \/>\n<meta name=\"author\" content=\"Belen Pedernera Ferragut\" \/>\n<meta name=\"twitter:card\" content=\"summary_large_image\" \/>\n<meta name=\"twitter:label1\" content=\"Escrito por\" \/>\n\t<meta name=\"twitter:data1\" content=\"Belen Pedernera Ferragut\" \/>\n\t<meta name=\"twitter:label2\" content=\"Tiempo de lectura\" \/>\n\t<meta name=\"twitter:data2\" content=\"20 minutos\" \/>\n<script type=\"application\/ld+json\" class=\"yoast-schema-graph\">{\"@context\":\"https:\/\/schema.org\",\"@graph\":[{\"@type\":\"WebPage\",\"@id\":\"https:\/\/hcd.malargue.gov.ar\/?p=36584\",\"url\":\"https:\/\/hcd.malargue.gov.ar\/?p=36584\",\"name\":\"ACTA SESION EXTRAORDINARIA N\u00b0 05- 23\/02\/2.024 TARIFARIA.- Malarg\u00fce HCD\",\"isPartOf\":{\"@id\":\"https:\/\/hcd.malargue.gov.ar\/#website\"},\"datePublished\":\"2024-04-10T13:03:54+00:00\",\"dateModified\":\"2024-04-10T13:04:46+00:00\",\"author\":{\"@id\":\"https:\/\/hcd.malargue.gov.ar\/#\/schema\/person\/3fd6bbab64edd703961b795156c955d0\"},\"breadcrumb\":{\"@id\":\"https:\/\/hcd.malargue.gov.ar\/?p=36584#breadcrumb\"},\"inLanguage\":\"es-AR\",\"potentialAction\":[{\"@type\":\"ReadAction\",\"target\":[\"https:\/\/hcd.malargue.gov.ar\/?p=36584\"]}]},{\"@type\":\"BreadcrumbList\",\"@id\":\"https:\/\/hcd.malargue.gov.ar\/?p=36584#breadcrumb\",\"itemListElement\":[{\"@type\":\"ListItem\",\"position\":1,\"name\":\"Inicio\",\"item\":\"https:\/\/hcd.malargue.gov.ar\/\"},{\"@type\":\"ListItem\",\"position\":2,\"name\":\"ACTA SESION EXTRAORDINARIA N\u00b0 05- 23\/02\/2.024 TARIFARIA.-\"}]},{\"@type\":\"WebSite\",\"@id\":\"https:\/\/hcd.malargue.gov.ar\/#website\",\"url\":\"https:\/\/hcd.malargue.gov.ar\/\",\"name\":\"Malarg\u00fce HCD\",\"description\":\"Malarg\u00fce Mendoza Argentina\",\"potentialAction\":[{\"@type\":\"SearchAction\",\"target\":{\"@type\":\"EntryPoint\",\"urlTemplate\":\"https:\/\/hcd.malargue.gov.ar\/?s={search_term_string}\"},\"query-input\":\"required name=search_term_string\"}],\"inLanguage\":\"es-AR\"},{\"@type\":\"Person\",\"@id\":\"https:\/\/hcd.malargue.gov.ar\/#\/schema\/person\/3fd6bbab64edd703961b795156c955d0\",\"name\":\"Belen Pedernera Ferragut\",\"image\":{\"@type\":\"ImageObject\",\"inLanguage\":\"es-AR\",\"@id\":\"https:\/\/hcd.malargue.gov.ar\/#\/schema\/person\/image\/\",\"url\":\"https:\/\/secure.gravatar.com\/avatar\/1054ffab3893de4bb3eb29bdd22f7e34b8537bf5d34d9dab311818154ad5b71f?s=96&d=mm&r=g\",\"contentUrl\":\"https:\/\/secure.gravatar.com\/avatar\/1054ffab3893de4bb3eb29bdd22f7e34b8537bf5d34d9dab311818154ad5b71f?s=96&d=mm&r=g\",\"caption\":\"Belen Pedernera Ferragut\"},\"url\":\"https:\/\/hcd.malargue.gov.ar\/?author=5\"}]}<\/script>\n<!-- \/ Yoast SEO plugin. -->","yoast_head_json":{"title":"ACTA SESION EXTRAORDINARIA N\u00b0 05- 23\/02\/2.024 TARIFARIA.- Malarg\u00fce HCD","robots":{"index":"index","follow":"follow","max-snippet":"max-snippet:-1","max-image-preview":"max-image-preview:large","max-video-preview":"max-video-preview:-1"},"canonical":"https:\/\/hcd.malargue.gov.ar\/?p=36584","og_locale":"es_ES","og_type":"article","og_title":"ACTA SESION EXTRAORDINARIA N\u00b0 05- 23\/02\/2.024 TARIFARIA.- Malarg\u00fce HCD","og_description":"En Malarg\u00fce Mendoza a 23 d\u00edas de Febrero &nbsp;de 2024, cuando es la hora 09:10&nbsp; se re\u00fane el Honorable Concejo Deliberante para celebrar una Sesi\u00f3n Extraordinaria convocada por el&nbsp; Sr Intendente Municipal. -Bajo la Presidencia de su titular Concejal Rodrigo Emanuel HIDALGO y la presencia de los se\u00f1ores concejales , Mosca, Villarruel, Gonz\u00e1lez,&nbsp; Parada , [&hellip;]","og_url":"https:\/\/hcd.malargue.gov.ar\/?p=36584","og_site_name":"Malarg\u00fce HCD","article_published_time":"2024-04-10T13:03:54+00:00","article_modified_time":"2024-04-10T13:04:46+00:00","og_image":[{"width":1640,"height":924,"url":"https:\/\/hcd.malargue.gov.ar\/wp-content\/uploads\/2023\/03\/actas-sesiones.jpg","type":"image\/jpeg"}],"author":"Belen Pedernera Ferragut","twitter_card":"summary_large_image","twitter_misc":{"Escrito por":"Belen Pedernera Ferragut","Tiempo de lectura":"20 minutos"},"schema":{"@context":"https:\/\/schema.org","@graph":[{"@type":"WebPage","@id":"https:\/\/hcd.malargue.gov.ar\/?p=36584","url":"https:\/\/hcd.malargue.gov.ar\/?p=36584","name":"ACTA SESION EXTRAORDINARIA N\u00b0 05- 23\/02\/2.024 TARIFARIA.- Malarg\u00fce HCD","isPartOf":{"@id":"https:\/\/hcd.malargue.gov.ar\/#website"},"datePublished":"2024-04-10T13:03:54+00:00","dateModified":"2024-04-10T13:04:46+00:00","author":{"@id":"https:\/\/hcd.malargue.gov.ar\/#\/schema\/person\/3fd6bbab64edd703961b795156c955d0"},"breadcrumb":{"@id":"https:\/\/hcd.malargue.gov.ar\/?p=36584#breadcrumb"},"inLanguage":"es-AR","potentialAction":[{"@type":"ReadAction","target":["https:\/\/hcd.malargue.gov.ar\/?p=36584"]}]},{"@type":"BreadcrumbList","@id":"https:\/\/hcd.malargue.gov.ar\/?p=36584#breadcrumb","itemListElement":[{"@type":"ListItem","position":1,"name":"Inicio","item":"https:\/\/hcd.malargue.gov.ar\/"},{"@type":"ListItem","position":2,"name":"ACTA SESION EXTRAORDINARIA N\u00b0 05- 23\/02\/2.024 TARIFARIA.-"}]},{"@type":"WebSite","@id":"https:\/\/hcd.malargue.gov.ar\/#website","url":"https:\/\/hcd.malargue.gov.ar\/","name":"Malarg\u00fce HCD","description":"Malarg\u00fce Mendoza Argentina","potentialAction":[{"@type":"SearchAction","target":{"@type":"EntryPoint","urlTemplate":"https:\/\/hcd.malargue.gov.ar\/?s={search_term_string}"},"query-input":"required name=search_term_string"}],"inLanguage":"es-AR"},{"@type":"Person","@id":"https:\/\/hcd.malargue.gov.ar\/#\/schema\/person\/3fd6bbab64edd703961b795156c955d0","name":"Belen Pedernera Ferragut","image":{"@type":"ImageObject","inLanguage":"es-AR","@id":"https:\/\/hcd.malargue.gov.ar\/#\/schema\/person\/image\/","url":"https:\/\/secure.gravatar.com\/avatar\/1054ffab3893de4bb3eb29bdd22f7e34b8537bf5d34d9dab311818154ad5b71f?s=96&d=mm&r=g","contentUrl":"https:\/\/secure.gravatar.com\/avatar\/1054ffab3893de4bb3eb29bdd22f7e34b8537bf5d34d9dab311818154ad5b71f?s=96&d=mm&r=g","caption":"Belen Pedernera Ferragut"},"url":"https:\/\/hcd.malargue.gov.ar\/?author=5"}]}},"_links":{"self":[{"href":"https:\/\/hcd.malargue.gov.ar\/index.php?rest_route=\/wp\/v2\/posts\/36584","targetHints":{"allow":["GET"]}}],"collection":[{"href":"https:\/\/hcd.malargue.gov.ar\/index.php?rest_route=\/wp\/v2\/posts"}],"about":[{"href":"https:\/\/hcd.malargue.gov.ar\/index.php?rest_route=\/wp\/v2\/types\/post"}],"author":[{"embeddable":true,"href":"https:\/\/hcd.malargue.gov.ar\/index.php?rest_route=\/wp\/v2\/users\/5"}],"replies":[{"embeddable":true,"href":"https:\/\/hcd.malargue.gov.ar\/index.php?rest_route=%2Fwp%2Fv2%2Fcomments&post=36584"}],"version-history":[{"count":2,"href":"https:\/\/hcd.malargue.gov.ar\/index.php?rest_route=\/wp\/v2\/posts\/36584\/revisions"}],"predecessor-version":[{"id":36588,"href":"https:\/\/hcd.malargue.gov.ar\/index.php?rest_route=\/wp\/v2\/posts\/36584\/revisions\/36588"}],"wp:featuredmedia":[{"embeddable":true,"href":"https:\/\/hcd.malargue.gov.ar\/index.php?rest_route=\/wp\/v2\/media\/33337"}],"wp:attachment":[{"href":"https:\/\/hcd.malargue.gov.ar\/index.php?rest_route=%2Fwp%2Fv2%2Fmedia&parent=36584"}],"wp:term":[{"taxonomy":"category","embeddable":true,"href":"https:\/\/hcd.malargue.gov.ar\/index.php?rest_route=%2Fwp%2Fv2%2Fcategories&post=36584"},{"taxonomy":"post_tag","embeddable":true,"href":"https:\/\/hcd.malargue.gov.ar\/index.php?rest_route=%2Fwp%2Fv2%2Ftags&post=36584"}],"curies":[{"name":"wp","href":"https:\/\/api.w.org\/{rel}","templated":true}]}}