{"id":36598,"date":"2024-04-10T12:21:58","date_gmt":"2024-04-10T15:21:58","guid":{"rendered":"https:\/\/hcd.malargue.gov.ar\/?p=36598"},"modified":"2024-04-10T12:35:35","modified_gmt":"2024-04-10T15:35:35","slug":"orden-del-dia-5-sesion-ordinaria-2","status":"publish","type":"post","link":"https:\/\/hcd.malargue.gov.ar\/?p=36598","title":{"rendered":"ORDEN DEL DIA 5\u00b0 SESION ORDINARIA"},"content":{"rendered":"<div class=\"wp-block-image\">\n<figure class=\"alignright size-full is-resized\"><a href=\"http:\/\/hcd.malargue.gov.ar\/2024\/5%20SO%20ORDEN%20%20DEL%20DIA%2011-04-24.pdf\"><img loading=\"lazy\" decoding=\"async\" width=\"512\" height=\"512\" src=\"https:\/\/hcd.malargue.gov.ar\/wp-content\/uploads\/2018\/06\/PDF-JPG.jpg\" alt=\"\" class=\"wp-image-7950\" style=\"width:142px;height:auto\" srcset=\"https:\/\/hcd.malargue.gov.ar\/wp-content\/uploads\/2018\/06\/PDF-JPG.jpg 512w, https:\/\/hcd.malargue.gov.ar\/wp-content\/uploads\/2018\/06\/PDF-JPG-150x150.jpg 150w, https:\/\/hcd.malargue.gov.ar\/wp-content\/uploads\/2018\/06\/PDF-JPG-300x300.jpg 300w\" sizes=\"auto, (max-width: 512px) 100vw, 512px\" \/><\/a><\/figure>\n<\/div>\n\n\n<h5 class=\"wp-block-heading\">D\u00eda Jueves 11 de Abril de 2.024<\/h5>\n\n\n\n<h5 class=\"wp-block-heading\">Hora: 08:50<\/h5>\n\n\n\n<p>BANCA DEL CIUDADANO:&nbsp; &nbsp;Sr. Maximiliano Salvadores &nbsp;&nbsp;<\/p>\n\n\n\n<p>TEMA:&nbsp; \u201cTerreno otorgado por Ley N\u00b0 5.118 a Carlos Washington Salvadores p\/acciones sucesorias.<\/p>\n\n\n\n<p><strong><em>a) <\/em><\/strong><span><em style=\"font-weight: bold;\">Acto de Izar la Ense\u00f1a Patria\u00a0\u00a0 a cargo de la \u00a0\u00a0Sra. Concejal \u00a0\u00a0Emilce Marisa MANSILLA<\/em><\/span><\/p>\n\n\n\n<p><strong><em>b)<\/em><\/strong> <strong><em>Homenaje de los Se\u00f1ores Concejales.<\/em><\/strong><\/p>\n\n\n\n<p><strong><em>c)<\/em><\/strong> <strong><em>Consideraci\u00f3n Acta Sesi\u00f3n Ordinaria N\u00b0 1.152 \u201cO\u201d 2.024 y Acta Sesi\u00f3n Extraordinaria N\u00b0 05\/2.024<\/em><\/strong><\/p>\n\n\n\n<p><strong><em>d)<\/em><\/strong> <strong><em>Lectura del detalle de la correspondencia recibida y emitida.<\/em><\/strong><\/p>\n\n\n\n<p><strong><em>e) Determinaci\u00f3n de los temas que ser\u00e1n incluidos en el punto Asuntos Varios y puesta a consideraci\u00f3n de mociones de tratamientos sobre tablas de diversos expedientes.<\/em><\/strong><\/p>\n\n\n\n<p><strong><em>f) Proyectos de los Se\u00f1ores Concejales <\/em><\/strong><em>\u00a0\u00a0<\/em><\/p>\n\n\n\n<ol class=\"wp-block-list\">\n<li>Expte N\u00b0 5.397 HC 063 \u2013 2024 \u00a0Proyecto de Ordenanza:\u00a0 Encomendar al Departamento Ejecutivo la creaci\u00f3n de normas regulatorias de la Publicidad Oficial. (BLOQUE\u00a0 FRENTE\u00a0 CAMBIA MENDOZA) Autor: Concejal \u00a0Pablo Yamil VILLARRUEL<\/li>\n\n\n\n<li>Expte. N\u00b0 5.398 HC 063 \u2013 2.024\u00a0 Proyecto de Ordenanza:\u00a0 Declarar\u00a0 Patrimonio Hist\u00f3rico Cultural de Malarg\u00fce el edificio de LV 19 Radio Nacional Malarg\u00fce.\u00a0 BLOQUE PARTIDO JUSTICIALISTA. Autores: Magali ACOSTA, Rodrigo HIDALGO, Pablo CABRERA y Emilce MANSILLA.<\/li>\n\n\n\n<li>Expte. N\u00b0 5.399\u00a0 HC 063 \u2013 2.024\u00a0 Proyecto de Ordenanza: \u00a0Crear e Implementar el Programa de Infraestructura Peatonal (P.I.M) en el \u00e1mbito del Departamento de Malarg\u00fce. BLOQUE\u00a0 FRENTE CAMBIA MENDOZA. \u00a0\u00a0Autora: \u00a0Concejal Viviana\u00a0 MOSCA. \u00a0<\/li>\n\n\n\n<li>Expte\u00a0 N\u00b0 5.400 HC 063 \u2013 2.024\u00a0 Proyecto de Ordenanza: Creac\u00ed\u00f3n DEL Parque Municipal Maar Los Loros o Volc\u00e1n Pata Mora (Ord. 1.442\/2.008 Parques Municipales) BLOQUE PARTIDO JUSTICIALISTA. \u00a0Autores: Concejal Magal\u00ed ACOSTA, Emilce MANSILLA y Pablo CABRERA.<\/li>\n\n\n\n<li>Expte. N\u00b0 5.401 HC 063 \u2013 2.024 Proyecto de Resoluci\u00f3n:\u00a0 Solicitar al Departamento Ejecutivo Municipal gestione el reacondicionamiento de las calles de Colonia Pehuenche I y II.\u00a0 BLOQUE RECONSTRUYENDO MALARG\u00dcE. Autora: Concejal Silvina CAMIOLO.<\/li>\n\n\n\n<li>Expte N\u00b0 5.402 HC 063 \u2013 2.024 Proyecto de Resoluci\u00f3n:\u00a0 Solicitar a las Entidades de AFIP, EPAS, EPRE Y ENARGAS la creaci\u00f3n de las Oficinas en el Departamento de Malarg\u00fce. BLOQUE UCR-INDEPENDIENTE. Autor: Concejal\u00a0 Mart\u00edn PALMA.<\/li>\n<\/ol>\n\n\n\n<p><strong><em>g) Expedientes provenientes del Departamento Ejecutivo<\/em><\/strong><\/p>\n\n\n\n<p>&#8211; No ingresados &#8211;<\/p>\n\n\n\n<p><strong><em>h) Despachos de las Comisiones de Trabajo<\/em><\/strong><\/p>\n\n\n\n<ol class=\"wp-block-list\">\n<li>Nota HC 355\/2.022 Sr. Luis Carbo Director de Ganader\u00eda solicita abordaje de problem\u00e1tica de da\u00f1os producidos por jaur\u00edas de perros, ofrece colaboraci\u00f3n. \u00a0(H.P.L.A.C).<\/li>\n\n\n\n<li>Expte N\u00b0 5.391 HC 062 \u2013 2024 Proyecto de Resoluci\u00f3n: Solicitar al Departamento Ejecutivo Municipal Pedido de Informe respecto al Informador Tur\u00edstico ubicado en el Paraje Las Loicas. ( H.P.L.A.C.)<\/li>\n\n\n\n<li>Nota HC\u00a0 149\/2.024 Honorable Tribunal de Cuentas eleva dictamen referente a Decreto N\u00b0 076\/2.024. (H.P.L.A.C.)<\/li>\n\n\n\n<li>\u00a0Notas HC 311- 2.022.\u00a0 Sr. Jorge Armando Dris, solicita hacer uso de la Banca del Ciudadano, Tema a tratar: Aumento Tasas Municipales.\/ HC 350\/2.022 Miguel Conesa, eleva respuesta en relaci\u00f3n a solicitud de informe por situaci\u00f3n expuesta en Banca del Ciudadano. Sanitarios Ecol\u00f3gicos Secos.\/ HC 363\/2.022 Departamento Ejecutivo, solicita que mediante normativa se proponga\u00a0\u00a0 la Ampliaci\u00f3n del recorrido urbano del transporte local seg\u00fan lo requerido por los vecinos del Barrio Virgen de Los Vientos.\/ HC 375\/2.022 Familias de Productores de R\u00edo Grande (comprendidos en zona rotonda Ruta 40 Sur, desv\u00edo Ruta 181 hasta Arroyo Carrizalito) solicitan extensi\u00f3n de l\u00ednea de electricidad.\/ HC 510\/2.022 Sra. Carla N\u00fa\u00f1ez, en Uso de la Banca del Ciudadano manifiesta su Expresa disconformidad con trabajos que se realizan en Boulevard Avda. Rufino Ortega de la Ciudad de Malarg\u00fce. Demarcaci\u00f3n de los Estacionamientos para personas con discapacidad. ( O.P.TyR.N.)<\/li>\n<\/ol>\n\n\n\n<p><strong>i<em>) Asuntos Varios. &nbsp;&nbsp;&nbsp;&nbsp;<\/em><\/strong><\/p>\n\n\n\n<p><strong><em>j) Acto de arriar el Pabell\u00f3n Nacional a cargo de la concejal que lo <\/em><\/strong><strong>iz\u00f3.<\/strong><\/p>\n\n\n\n<p><strong>&nbsp;&nbsp;&nbsp;&nbsp;&nbsp;&nbsp;&nbsp;&nbsp;&nbsp;&nbsp;&nbsp;&nbsp;&nbsp;&nbsp;&nbsp;&nbsp;&nbsp;&nbsp;&nbsp;&nbsp;&nbsp;&nbsp;&nbsp;&nbsp;&nbsp;&nbsp;&nbsp;&nbsp;&nbsp;&nbsp;&nbsp;&nbsp;&nbsp;&nbsp;&nbsp;&nbsp;&nbsp;&nbsp;&nbsp;&nbsp;&nbsp;&nbsp;&nbsp;&nbsp;&nbsp;&nbsp;&nbsp;&nbsp;&nbsp;&nbsp;&nbsp;&nbsp;&nbsp;&nbsp;&nbsp;&nbsp;&nbsp;&nbsp;&nbsp;&nbsp;&nbsp;&nbsp;&nbsp;&nbsp;&nbsp;&nbsp;&nbsp;&nbsp;&nbsp;&nbsp; &nbsp;&nbsp;&nbsp; &nbsp;&nbsp;&nbsp;&nbsp;&nbsp;&nbsp;&nbsp; <\/strong>Presidencia, H.C.D., 09 de abril &nbsp;de 2.024<\/p>\n\n\n\n<p>CORRESPONDENCIA\u00a0 RECIBIDA<\/p>\n\n\n\n<p>Del d\u00eda jueves&nbsp; 11 de abril&nbsp; de 2.024.<\/p>\n\n\n\n<p>NOTAS INGRESADAS<\/p>\n\n\n\n<ol class=\"wp-block-list\">\n<li>Sra. Marcela Rubio, solicita revisi\u00f3n Ordenanza N\u00ba 1.754\/2.014. Control \u00c9tico de Fauna urbana y Tenencia\u00a0 responsable de animales dom\u00e9sticos, \u00a0y adopci\u00f3n de medidas.<\/li>\n\n\n\n<li>Sr. Fabi\u00e1n Ortiz, Direcci\u00f3n de Miner\u00eda \u00a0Delegaci\u00f3n\u00a0 Malarg\u00fce. \u00a0eleva informe sobre Cantera Municipal de Arcilla, para la Comisi\u00f3n de HPLAC.<\/li>\n\n\n\n<li>Sra. Marisa Berd\u00fa, Presidente Asociaci\u00f3n\u00a0 PRO.MA.TUR. informa\u00a0 nueva Comisi\u00f3n Directiva de la Asociaci\u00f3n.<\/li>\n\n\n\n<li>Departamento Ejecutivo, eleva Decretos Municipales correspondientes\u00a0 al mes de febrero de 2.024, en formato digital (CD), para conocimiento.<\/li>\n\n\n\n<li>Lic. Maximiliano Salvadores, expone situaci\u00f3n con firma comercial, solicita clausura y desalojo.<\/li>\n\n\n\n<li>Dr. Roberto Salinas, Gerente Incubadora de\u00a0 Empresas- Municipalidad de Malarg\u00fce, eleva\u00a0 sugerencias sobre Proyecto de Ordenanza: \u201cPromotores de Huertas\u201d.<\/li>\n\n\n\n<li>Presidentes de Bloques, elevan Cronograma de salidas Institucionales, seg\u00fan lo acordado en Reuni\u00f3n Parlamentaria.<\/li>\n\n\n\n<li>Escuela N\u00ba 4-018 \u201cGral Manuel Nicol\u00e1s Savio, solicita colaboraci\u00f3n\u00a0 para alumnos del Equipo de Voleibol Masculino, para asistir a competencia deportiva en el Departamento de San Carlos.<\/li>\n<\/ol>\n\n\n\n<p>NOTAS&nbsp; EMITIDAS<\/p>\n\n\n\n<ol class=\"wp-block-list\" start=\"1\">\n<li>Al Sr. Intendente Municipal, remitiendo\u00a0 copia de nota HC-178\/2.024. Sr. Nestor Prodoprigora \u00a0\u00a0en relaci\u00f3n situaci\u00f3n de pagos de pauta publicitaria.<\/li>\n\n\n\n<li>Al Sr. Intendente Municipal,\u00a0 Citaci\u00f3n de Funcionarios a reuni\u00f3n en el Honorable Concejo Deliberante respecto a \u00a0retiro de material\u00a0 no autorizado (Asfaltita).<\/li>\n\n\n\n<li>Al Sr. Intendente Municipal, solicitando la \u00a0remisi\u00f3n de Decretos Municipales via correo electr\u00f3nico a Presidentes y Secretarios Pol\u00edticos de Bloques y en CD para su resguardo en Secretaria del H.C.D. \u00a0<\/li>\n\n\n\n<li>Al Sr.\u00a0 Intendente Municipal, remitiendo notas HC-431\/2.022 y HC-460-2.002, solicitud de Informe, sobre situaci\u00f3n de pozos s\u00e9pticos del Palacio Municipal. \u00a0<\/li>\n\n\n\n<li>Al Sr. Intendente Municipal, remitiendo nota HC-690-2.022. Prof. Marcelo Garcia Rector del IES N\u00b0 9-018\u00a0 elevando proyecto de remodelaci\u00f3n del edificio escolar, \u00a0para aplicar s\/Ordenanza N\u00ba 2.202\/2.022.<\/li>\n\n\n\n<li>Al Sr. Intendente Municipal, remitiendo\u00a0 nota HC-408\/2.022. Sra- Celsa Molina Ortiz eleva oposici\u00f3n a \u00a0Acta\u00a0 Acuerdo\u00a0 suscrita por sus hijos\u00a0 sobre uso de tierras\u00a0 que habita.<\/li>\n\n\n\n<li>Al Sr. Intendente Municipal, remitiendo\u00a0 nota Sr. Jos\u00e9 Daniel Barros \u00a0sobre Banca del Ciudadano. Ocupaci\u00f3n de terreno, para conocimiento.<\/li>\n\n\n\n<li>Al Sr. Maximiliano Salvadores, informando que podr\u00e1 hacer\u00a0 uso de la Banca del Ciudadano.<\/li>\n<\/ol>\n","protected":false},"excerpt":{"rendered":"<p>D\u00eda Jueves 11 de Abril de 2.024 Hora: 08:50 BANCA DEL CIUDADANO:&nbsp; &nbsp;Sr. Maximiliano Salvadores &nbsp;&nbsp; TEMA:&nbsp; \u201cTerreno otorgado por Ley N\u00b0 5.118 a Carlos Washington Salvadores p\/acciones sucesorias. a) Acto de Izar la Ense\u00f1a Patria\u00a0\u00a0 a cargo de la \u00a0\u00a0Sra. Concejal \u00a0\u00a0Emilce Marisa MANSILLA b) Homenaje de los Se\u00f1ores Concejales. c) Consideraci\u00f3n Acta Sesi\u00f3n [&hellip;]<\/p>\n","protected":false},"author":5,"featured_media":36457,"comment_status":"closed","ping_status":"closed","sticky":false,"template":"","format":"standard","meta":{"footnotes":""},"categories":[83,52,84,58,33,36],"tags":[],"class_list":["post-36598","post","type-post","status-publish","format-standard","has-post-thumbnail","hentry","category-banca-del-ciudadano","category-gacetillas","category-orden-del-dia","category-ordinarias","category-prensa","category-sesiones"],"yoast_head":"<!-- This site is optimized with the Yoast SEO plugin v19.10 - https:\/\/yoast.com\/wordpress\/plugins\/seo\/ -->\n<title>ORDEN DEL DIA 5\u00b0 SESION ORDINARIA - Malarg\u00fce HCD<\/title>\n<meta name=\"robots\" content=\"index, follow, max-snippet:-1, max-image-preview:large, max-video-preview:-1\" \/>\n<link rel=\"canonical\" href=\"https:\/\/hcd.malargue.gov.ar\/?p=36598\" \/>\n<meta property=\"og:locale\" content=\"es_ES\" \/>\n<meta property=\"og:type\" content=\"article\" \/>\n<meta property=\"og:title\" content=\"ORDEN DEL DIA 5\u00b0 SESION ORDINARIA - Malarg\u00fce HCD\" \/>\n<meta property=\"og:description\" content=\"D\u00eda Jueves 11 de Abril de 2.024 Hora: 08:50 BANCA DEL CIUDADANO:&nbsp; &nbsp;Sr. Maximiliano Salvadores &nbsp;&nbsp; TEMA:&nbsp; \u201cTerreno otorgado por Ley N\u00b0 5.118 a Carlos Washington Salvadores p\/acciones sucesorias. a) Acto de Izar la Ense\u00f1a Patria\u00a0\u00a0 a cargo de la \u00a0\u00a0Sra. Concejal \u00a0\u00a0Emilce Marisa MANSILLA b) Homenaje de los Se\u00f1ores Concejales. c) Consideraci\u00f3n Acta Sesi\u00f3n [&hellip;]\" \/>\n<meta property=\"og:url\" content=\"https:\/\/hcd.malargue.gov.ar\/?p=36598\" \/>\n<meta property=\"og:site_name\" content=\"Malarg\u00fce HCD\" \/>\n<meta property=\"article:published_time\" content=\"2024-04-10T15:21:58+00:00\" \/>\n<meta property=\"article:modified_time\" content=\"2024-04-10T15:35:35+00:00\" \/>\n<meta property=\"og:image\" content=\"https:\/\/hcd.malargue.gov.ar\/wp-content\/uploads\/2024\/03\/SESIONES-ORDINARIAS.png\" \/>\n\t<meta property=\"og:image:width\" content=\"1640\" \/>\n\t<meta property=\"og:image:height\" content=\"924\" \/>\n\t<meta property=\"og:image:type\" content=\"image\/png\" \/>\n<meta name=\"author\" content=\"Belen Pedernera Ferragut\" \/>\n<meta name=\"twitter:card\" content=\"summary_large_image\" \/>\n<meta name=\"twitter:label1\" content=\"Escrito por\" \/>\n\t<meta name=\"twitter:data1\" content=\"Belen Pedernera Ferragut\" \/>\n\t<meta name=\"twitter:label2\" content=\"Tiempo de lectura\" \/>\n\t<meta name=\"twitter:data2\" content=\"5 minutos\" \/>\n<script type=\"application\/ld+json\" class=\"yoast-schema-graph\">{\"@context\":\"https:\/\/schema.org\",\"@graph\":[{\"@type\":\"WebPage\",\"@id\":\"https:\/\/hcd.malargue.gov.ar\/?p=36598\",\"url\":\"https:\/\/hcd.malargue.gov.ar\/?p=36598\",\"name\":\"ORDEN DEL DIA 5\u00b0 SESION ORDINARIA - Malarg\u00fce HCD\",\"isPartOf\":{\"@id\":\"https:\/\/hcd.malargue.gov.ar\/#website\"},\"datePublished\":\"2024-04-10T15:21:58+00:00\",\"dateModified\":\"2024-04-10T15:35:35+00:00\",\"author\":{\"@id\":\"https:\/\/hcd.malargue.gov.ar\/#\/schema\/person\/3fd6bbab64edd703961b795156c955d0\"},\"breadcrumb\":{\"@id\":\"https:\/\/hcd.malargue.gov.ar\/?p=36598#breadcrumb\"},\"inLanguage\":\"es-AR\",\"potentialAction\":[{\"@type\":\"ReadAction\",\"target\":[\"https:\/\/hcd.malargue.gov.ar\/?p=36598\"]}]},{\"@type\":\"BreadcrumbList\",\"@id\":\"https:\/\/hcd.malargue.gov.ar\/?p=36598#breadcrumb\",\"itemListElement\":[{\"@type\":\"ListItem\",\"position\":1,\"name\":\"Inicio\",\"item\":\"https:\/\/hcd.malargue.gov.ar\/\"},{\"@type\":\"ListItem\",\"position\":2,\"name\":\"ORDEN DEL DIA 5\u00b0 SESION ORDINARIA\"}]},{\"@type\":\"WebSite\",\"@id\":\"https:\/\/hcd.malargue.gov.ar\/#website\",\"url\":\"https:\/\/hcd.malargue.gov.ar\/\",\"name\":\"Malarg\u00fce HCD\",\"description\":\"Malarg\u00fce Mendoza Argentina\",\"potentialAction\":[{\"@type\":\"SearchAction\",\"target\":{\"@type\":\"EntryPoint\",\"urlTemplate\":\"https:\/\/hcd.malargue.gov.ar\/?s={search_term_string}\"},\"query-input\":\"required name=search_term_string\"}],\"inLanguage\":\"es-AR\"},{\"@type\":\"Person\",\"@id\":\"https:\/\/hcd.malargue.gov.ar\/#\/schema\/person\/3fd6bbab64edd703961b795156c955d0\",\"name\":\"Belen Pedernera Ferragut\",\"image\":{\"@type\":\"ImageObject\",\"inLanguage\":\"es-AR\",\"@id\":\"https:\/\/hcd.malargue.gov.ar\/#\/schema\/person\/image\/\",\"url\":\"https:\/\/secure.gravatar.com\/avatar\/1054ffab3893de4bb3eb29bdd22f7e34b8537bf5d34d9dab311818154ad5b71f?s=96&d=mm&r=g\",\"contentUrl\":\"https:\/\/secure.gravatar.com\/avatar\/1054ffab3893de4bb3eb29bdd22f7e34b8537bf5d34d9dab311818154ad5b71f?s=96&d=mm&r=g\",\"caption\":\"Belen Pedernera Ferragut\"},\"url\":\"https:\/\/hcd.malargue.gov.ar\/?author=5\"}]}<\/script>\n<!-- \/ Yoast SEO plugin. -->","yoast_head_json":{"title":"ORDEN DEL DIA 5\u00b0 SESION ORDINARIA - Malarg\u00fce HCD","robots":{"index":"index","follow":"follow","max-snippet":"max-snippet:-1","max-image-preview":"max-image-preview:large","max-video-preview":"max-video-preview:-1"},"canonical":"https:\/\/hcd.malargue.gov.ar\/?p=36598","og_locale":"es_ES","og_type":"article","og_title":"ORDEN DEL DIA 5\u00b0 SESION ORDINARIA - Malarg\u00fce HCD","og_description":"D\u00eda Jueves 11 de Abril de 2.024 Hora: 08:50 BANCA DEL CIUDADANO:&nbsp; &nbsp;Sr. Maximiliano Salvadores &nbsp;&nbsp; TEMA:&nbsp; \u201cTerreno otorgado por Ley N\u00b0 5.118 a Carlos Washington Salvadores p\/acciones sucesorias. a) Acto de Izar la Ense\u00f1a Patria\u00a0\u00a0 a cargo de la \u00a0\u00a0Sra. Concejal \u00a0\u00a0Emilce Marisa MANSILLA b) Homenaje de los Se\u00f1ores Concejales. c) Consideraci\u00f3n Acta Sesi\u00f3n [&hellip;]","og_url":"https:\/\/hcd.malargue.gov.ar\/?p=36598","og_site_name":"Malarg\u00fce HCD","article_published_time":"2024-04-10T15:21:58+00:00","article_modified_time":"2024-04-10T15:35:35+00:00","og_image":[{"width":1640,"height":924,"url":"https:\/\/hcd.malargue.gov.ar\/wp-content\/uploads\/2024\/03\/SESIONES-ORDINARIAS.png","type":"image\/png"}],"author":"Belen Pedernera Ferragut","twitter_card":"summary_large_image","twitter_misc":{"Escrito por":"Belen Pedernera Ferragut","Tiempo de lectura":"5 minutos"},"schema":{"@context":"https:\/\/schema.org","@graph":[{"@type":"WebPage","@id":"https:\/\/hcd.malargue.gov.ar\/?p=36598","url":"https:\/\/hcd.malargue.gov.ar\/?p=36598","name":"ORDEN DEL DIA 5\u00b0 SESION ORDINARIA - Malarg\u00fce HCD","isPartOf":{"@id":"https:\/\/hcd.malargue.gov.ar\/#website"},"datePublished":"2024-04-10T15:21:58+00:00","dateModified":"2024-04-10T15:35:35+00:00","author":{"@id":"https:\/\/hcd.malargue.gov.ar\/#\/schema\/person\/3fd6bbab64edd703961b795156c955d0"},"breadcrumb":{"@id":"https:\/\/hcd.malargue.gov.ar\/?p=36598#breadcrumb"},"inLanguage":"es-AR","potentialAction":[{"@type":"ReadAction","target":["https:\/\/hcd.malargue.gov.ar\/?p=36598"]}]},{"@type":"BreadcrumbList","@id":"https:\/\/hcd.malargue.gov.ar\/?p=36598#breadcrumb","itemListElement":[{"@type":"ListItem","position":1,"name":"Inicio","item":"https:\/\/hcd.malargue.gov.ar\/"},{"@type":"ListItem","position":2,"name":"ORDEN DEL DIA 5\u00b0 SESION ORDINARIA"}]},{"@type":"WebSite","@id":"https:\/\/hcd.malargue.gov.ar\/#website","url":"https:\/\/hcd.malargue.gov.ar\/","name":"Malarg\u00fce HCD","description":"Malarg\u00fce Mendoza Argentina","potentialAction":[{"@type":"SearchAction","target":{"@type":"EntryPoint","urlTemplate":"https:\/\/hcd.malargue.gov.ar\/?s={search_term_string}"},"query-input":"required name=search_term_string"}],"inLanguage":"es-AR"},{"@type":"Person","@id":"https:\/\/hcd.malargue.gov.ar\/#\/schema\/person\/3fd6bbab64edd703961b795156c955d0","name":"Belen Pedernera Ferragut","image":{"@type":"ImageObject","inLanguage":"es-AR","@id":"https:\/\/hcd.malargue.gov.ar\/#\/schema\/person\/image\/","url":"https:\/\/secure.gravatar.com\/avatar\/1054ffab3893de4bb3eb29bdd22f7e34b8537bf5d34d9dab311818154ad5b71f?s=96&d=mm&r=g","contentUrl":"https:\/\/secure.gravatar.com\/avatar\/1054ffab3893de4bb3eb29bdd22f7e34b8537bf5d34d9dab311818154ad5b71f?s=96&d=mm&r=g","caption":"Belen Pedernera Ferragut"},"url":"https:\/\/hcd.malargue.gov.ar\/?author=5"}]}},"_links":{"self":[{"href":"https:\/\/hcd.malargue.gov.ar\/index.php?rest_route=\/wp\/v2\/posts\/36598","targetHints":{"allow":["GET"]}}],"collection":[{"href":"https:\/\/hcd.malargue.gov.ar\/index.php?rest_route=\/wp\/v2\/posts"}],"about":[{"href":"https:\/\/hcd.malargue.gov.ar\/index.php?rest_route=\/wp\/v2\/types\/post"}],"author":[{"embeddable":true,"href":"https:\/\/hcd.malargue.gov.ar\/index.php?rest_route=\/wp\/v2\/users\/5"}],"replies":[{"embeddable":true,"href":"https:\/\/hcd.malargue.gov.ar\/index.php?rest_route=%2Fwp%2Fv2%2Fcomments&post=36598"}],"version-history":[{"count":1,"href":"https:\/\/hcd.malargue.gov.ar\/index.php?rest_route=\/wp\/v2\/posts\/36598\/revisions"}],"predecessor-version":[{"id":36600,"href":"https:\/\/hcd.malargue.gov.ar\/index.php?rest_route=\/wp\/v2\/posts\/36598\/revisions\/36600"}],"wp:featuredmedia":[{"embeddable":true,"href":"https:\/\/hcd.malargue.gov.ar\/index.php?rest_route=\/wp\/v2\/media\/36457"}],"wp:attachment":[{"href":"https:\/\/hcd.malargue.gov.ar\/index.php?rest_route=%2Fwp%2Fv2%2Fmedia&parent=36598"}],"wp:term":[{"taxonomy":"category","embeddable":true,"href":"https:\/\/hcd.malargue.gov.ar\/index.php?rest_route=%2Fwp%2Fv2%2Fcategories&post=36598"},{"taxonomy":"post_tag","embeddable":true,"href":"https:\/\/hcd.malargue.gov.ar\/index.php?rest_route=%2Fwp%2Fv2%2Ftags&post=36598"}],"curies":[{"name":"wp","href":"https:\/\/api.w.org\/{rel}","templated":true}]}}