{"id":36632,"date":"2024-04-17T11:35:01","date_gmt":"2024-04-17T14:35:01","guid":{"rendered":"https:\/\/hcd.malargue.gov.ar\/?p=36632"},"modified":"2024-04-24T12:36:19","modified_gmt":"2024-04-24T15:36:19","slug":"acta-5-sesion-ordinaria-n-1-153-o-2-024","status":"publish","type":"post","link":"https:\/\/hcd.malargue.gov.ar\/?p=36632","title":{"rendered":"ACTA 5\u00b0 SESION ORDINARIA N\u00b0 1.153- O &#8211; 11\/04\/2.024"},"content":{"rendered":"<div class=\"wp-block-image\">\n<figure class=\"alignright size-full is-resized\"><a href=\"http:\/\/hcd.malargue.gov.ar\/2024\/5%20ORDINARIA%20N%201153%202024.pdf\"><img loading=\"lazy\" decoding=\"async\" width=\"512\" height=\"512\" src=\"https:\/\/hcd.malargue.gov.ar\/wp-content\/uploads\/2018\/06\/PDF-JPG.jpg\" alt=\"\" class=\"wp-image-7950\" style=\"width:121px;height:auto\" srcset=\"https:\/\/hcd.malargue.gov.ar\/wp-content\/uploads\/2018\/06\/PDF-JPG.jpg 512w, https:\/\/hcd.malargue.gov.ar\/wp-content\/uploads\/2018\/06\/PDF-JPG-150x150.jpg 150w, https:\/\/hcd.malargue.gov.ar\/wp-content\/uploads\/2018\/06\/PDF-JPG-300x300.jpg 300w\" sizes=\"auto, (max-width: 512px) 100vw, 512px\" \/><\/a><\/figure>\n<\/div>\n\n\n<p>En Malarg\u00fce Mendoza a once d\u00edas de abril de 2024, cuando es la hora 09:45\u00a0\u00a0se re\u00fane el Honorable Concejo Deliberante de la Municipalidad de Malarg\u00fce, para celebrar la correspondiente Sesi\u00f3n Ordinaria del Periodo 2024. Bajo la\u00a0\u00a0 Presidencia de su titular Sr. Rodrigo HIDALGO y la presencia de los Se\u00f1ores Concejales Pablo Villarruel, Elizabeth Gonz\u00e1lez, Mart\u00edn\u00a0 Palma, Francisco Parada, Silvina Camiolo, Emilce Mansilla, Magali\u00a0 Acosta y Pablo Cabrera.\/ Conste la ausencia de la Concejal Viviana Mosca con nota.\/\/ Se firma del Libro de Asistencia.\/\/\u00a0\u00a0 a) Para dar comienzo al desarrollo del Orden del d\u00eda\u00a0 se invita a\u00a0 la Concejal\u00a0 Emilce Marisa Mansilla\u00a0 a izar la Ense\u00f1a Patria.\/\/ b)\u00a0 Homenaje de los Se\u00f1ores Concejales. No hay solicitudes al respecto.\/\/ c) Consideraci\u00f3n Acta Sesi\u00f3n Ordinaria N\u00b0 1.152 \u201cO\u201d 2.024 y Acta Sesi\u00f3n Extraordinaria\u00a0\u00a0N\u00b0 05\/2.024.\/ PRESIDENCIA pone a consideraci\u00f3n ambas Actas y son aprobadas por unanimidad.\/\/\u00a0 d) Lectura del detalle de la correspondencia recibida y emitida.\/ Por Secretaria se procede.\/ 1. Sra. Marcela Rubio, solicita revisi\u00f3n Ordenanza N\u00ba 1.754\/2.014. Control \u00c9tico de Fauna urbana y Tenencia\u00a0 responsable de animales dom\u00e9sticos,\u00a0 y adopci\u00f3n de medidas.\/ Pasa a EHMASyC.\/\/ 2. Sr. Fabi\u00e1n Ortiz, Direcci\u00f3n de Miner\u00eda\u00a0 Delegaci\u00f3n\u00a0 Malarg\u00fce.\u00a0 eleva informe sobre Cantera Municipal de Arcilla, para la Comisi\u00f3n de HPLAC.\/ Pasa a Hidrocarburos, Energ\u00eda y Miner\u00eda.\/\/ 3. Sra. Marisa Berd\u00fa, Presidente Asociaci\u00f3n\u00a0 PRO.MA.TUR. informa\u00a0 nueva Comisi\u00f3n Directiva de la Asociaci\u00f3n.\/ Copia a los Bloques.\/\/ 4. Departamento Ejecutivo, eleva Decretos Municipales correspondientes\u00a0 al mes de febrero de 2.024, en formato digital (CD), para conocimiento.\/ Copia a los Bloques.\/\/ 5. Lic. Maximiliano Salvadores, expone situaci\u00f3n con firma comercial, solicita clausura y desalojo.\/ Pasa a HPLAC.\/\/ 6.\u00a0 Dr. Roberto Salinas, Gerente Incubadora de\u00a0 Empresas- Municipalidad de Malarg\u00fce, eleva\u00a0 sugerencias sobre Proyecto de Ordenanza: \u201cPromotores de Huertas\u201d.\/ Pasa a EHMASyC.\/\/ 7. Presidentes de Bloques, elevan Cronograma de salidas Institucionales, seg\u00fan lo acordado en Reuni\u00f3n Parlamentaria.\/ Copia a los bloques.\/\/ 8. Escuela N\u00ba 4-018 \u201cGral Manuel Nicol\u00e1s Savio, solicita colaboraci\u00f3n\u00a0 para alumnos del Equipo de Voleibol Masculino, para asistir a competencia deportiva en el Departamento de San Carlos.\/ Pasa a Secretaria de Desarrollo Humano.\/\/ Notas Emitidas: 1. Al Sr. Intendente Municipal, remitiendo\u00a0 copia de nota HC-178\/2.024. Sr. Nestor Prodoprigora\u00a0\u00a0 en relaci\u00f3n situaci\u00f3n de pagos de pauta publicitaria.\/ 2. Al Sr. Intendente Municipal,\u00a0 Citaci\u00f3n de Funcionarios a reuni\u00f3n en el Honorable Concejo Deliberante respecto a\u00a0 retiro de material\u00a0 no autorizado (Asfaltita).\/ 3. Al Sr. Intendente Municipal, solicitando la\u00a0 remisi\u00f3n de Decretos Municipales via correo electr\u00f3nico a Presidentes y Secretarios Pol\u00edticos de Bloques y en CD para su resguardo en Secretaria del H.C.D.\/\u00a0 4. Al Sr.\u00a0 Intendente Municipal, remitiendo notas HC-431\/2.022 y HC-460-2.002, solicitud de Informe, sobre situaci\u00f3n de pozos s\u00e9pticos del Palacio Municipal.\/ 5. Al Sr. Intendente Municipal, remitiendo nota HC-690-2.022. Prof. Marcelo Garcia Rector del IES N\u00b0 9-018\u00a0 elevando proyecto de remodelaci\u00f3n del edificio escolar,\u00a0 para aplicar s\/Ordenanza N\u00ba 2.202\/2.022.\/ 6. Al Sr. Intendente Municipal, remitiendo\u00a0 nota HC-408\/2.022. Sra- Celsa Molina Ortiz eleva oposici\u00f3n a\u00a0 Acta\u00a0 Acuerdo\u00a0 suscrita por sus hijos\u00a0 sobre uso de tierras\u00a0 que habita.\/ 7. Al Sr. Intendente Municipal, remitiendo\u00a0 nota Sr. Jos\u00e9 Daniel Barros\u00a0 sobre Banca del Ciudadano. Ocupaci\u00f3n de terreno, para conocimiento.\/ 8. Al Sr. Maximiliano Salvadores, informando que podr\u00e1 hacer\u00a0 uso de la Banca del Ciudadano.\/\/ e) Determinaci\u00f3n de los temas que ser\u00e1n incluidos en el punto Asuntos Varios y puesta a consideraci\u00f3n de mociones de tratamientos sobre tablas de diversos expedientes.\/\/ \u00a0Solicita la palabra la Concejal ACOSTA expresando: En relaci\u00f3n al Expte. N\u00b0 5.398 HC 063 -2.024\u00a0 Proyecto de Ordenanza: Solicitando declarar Patrimonio Hist\u00f3rico Cultural de Malarg\u00fce el edificio de LV 19 Radio Malarg\u00fce, que figura en el punto 2 de proyectos ingresados, este proyecto surge viendo la situaci\u00f3n actual en que se encuentran todas las empresas del estado, en donde corren el riesgo de privatizaci\u00f3n y dem\u00e1s, es necesario generar herramientas donde podamos proteger y cuidar estas herramientas, fundamentalmente ac\u00e1 en Malarg\u00fce, que es la \u00fanica que llega a todo el Departamento y que ya el a\u00f1o pasado, en una situaci\u00f3n clim\u00e1tica que fue muy ca\u00f3tica, fue de mucha ayuda para la ciudadan\u00eda para mantenerla informada y tambi\u00e9n la gente de la zona rural que\u00a0 as\u00ed \u00a0vive acompa\u00f1ada en su espacio. Por lo expuesto solicito que el Expte pueda ser tratado Sobre Tablas. PRESIDENCIA pone a consideraci\u00f3n la moci\u00f3n y es APROBADA tiene tratamiento sobre tablas.\/ Solicita la palabra la Concejal CAMIOLO para requerir un Cuarto Intermedio que puesto a consideraci\u00f3n es aprobado a la hora 09:54, saliendo del mismo a las 09:58, se retoma la Sesi\u00f3n. En uso de la palabra la Concejal CAMIOLO manifiesta: Se\u00f1or Presidente para solicita desafectar de Mesa de Entradas la Nota HC 192\/2024 para que pase a la Comisi\u00f3n de Hidrocarburos, Energ\u00eda y Miner\u00eda. Justifico la solicitud en hacer expeditivo este tr\u00e1mite administrativo en que estamos solicitando en esta nota suscrita por la mayor\u00eda del Cuerpo de Concejales convocando a reuni\u00f3n de la Comisi\u00f3n de Hidrocarburos, Energ\u00eda y Miner\u00eda\u00a0 a nuestras representantes en la Legislatura tanto en la C\u00e1mara de Senadores como en la C\u00e1mara de Diputados, para que vengan y puedan explicar y exponer sus consideraciones respecto del Proyecto de Codigo de Procedimientos Mineros ya que hay muchas aristas\u00a0 a tener en cuenta y hay toda una discusi\u00f3n que se esta llevando adelante en la Provincia, pero de la cual la mayor\u00eda de los Malarg\u00fcinos y precisamente la mayor\u00eda de los Malarg\u00fcinos representados en este \u00e1mbito democr\u00e1tico, no tenemos la informaci\u00f3n acabada de cuales son los puntos de encuentro y los puntos de disidencia. Entendemos que debemos ser parte, por representar a los partidos pol\u00edticos mayoritarios, aqu\u00ed representados esos partidos, y porque adem\u00e1s est\u00e1n representados los vecinos en cada uno de nosotros. Creemos importante que las voces de nuestras Legisladoras sean consideradas, tenidas en cuenta y tambi\u00e9n creemos que si desde la Instituci\u00f3n podemos dar un apoyo, un respaldo y una consideraci\u00f3n al Proyecto presentado, creo que va a ser en buena hora y bien recibido tambi\u00e9n por la Legislatura. Por eso que pedimos y somos expeditivos con el tr\u00e1mite administrativo que la Comisi\u00f3n el dia lunes pueda decidir en que momento citar y convocar a las Legisladoras Provinciales que podamos realizar y elevar el documento oportuno y tener la informaci\u00f3n de primera mano por parte de sus protagonistas y hacer las gestiones que creamos pertinentes a partir de ah\u00ed.\/\u00a0 PRESIDENCIA pone a consideraci\u00f3n la moci\u00f3n de desafectar la nota para su tratamiento en Asuntos Varios y es APROBADA.\/\/ f)Proyectos de los Se\u00f1ores Concejales: 1. Expte N\u00b0 5.397 HC 063 \u2013 2024\u00a0 Proyecto de Ordenanza:\u00a0 Encomendar al Departamento Ejecutivo la creaci\u00f3n de normas regulatorias de la Publicidad Oficial. (BLOQUE\u00a0 FRENTE\u00a0 CAMBIA MENDOZA) Autor: Concejal \u00a0Pablo Yamil VILLARRUEL. Solicita la palabra el Concejal VILLARRUEL manifestando: Primero que nada quisiera agradecer a las personas que me han ayudado, me han dado una mano con esto, para llevar adelante este Proyecto, tambi\u00e9n a los Concejales que en su momento se los mostr\u00e9 para que me dieran su opini\u00f3n y\u00a0 la verdad que me han dado\u00a0 su devoluci\u00f3n, la que me ha servido de mucho. No quiero, en primer lugar, no quiero que se lea el Articulado por ser muy extenso, lo que si voy hacer una breve explicaci\u00f3n a lo que apunta esto. Obviamente basado en el momento que yo ingres\u00e9, con el tema de Pauta Publicitaria y la idea que uno siempre tiene, es una idea mejoradora y tratar de solucionar a futuro las cosas que por ah\u00ed quedan en un vac\u00edo, que sirvan para la gente y para poder tener las cosas mas claras, b\u00e1sicamente lo que apunta esto, es regular muy estrictamente todo\u00a0 lo que es Pauta Publicitaria, porque en realidad si vamos a decir lo que es, es una inversi\u00f3n que se hace para el Departamento para poder contar con promoci\u00f3n en lo tur\u00edstico, salud y tantas cosas, no, que sirve tanto la pauta publicitaria, es una realidad y digo que por ah\u00ed sirve, no por ah\u00ed, siempre sirve y ha servido para comunicar a la gente lo que esta pasando y lo que se puede hacer. B\u00e1sicamente como digo es crear el Registro Municipal de Medios de Comunicaci\u00f3n y Producci\u00f3n Municipal, ser\u00eda tambi\u00e9n un Plan anual de Publicidad Oficial, y esto tambi\u00e9n habla de la creaci\u00f3n de un Registro de Proveedores, y tambi\u00e9n creo que es muy importante y b\u00e1sicamente es terminar con los beneficios y las ventajas dir\u00edamos de los medios y dem\u00e1s, que todos tengan la misma posibilidad. Tambi\u00e9n estoy, para despu\u00e9s presentarlo cuando se trate esto, es un Plan Anual que se est\u00e1 terminando para tambi\u00e9n dar forma a como se tendr\u00eda que regular. Sin expresar mas que esto, esperando obviamente el acompa\u00f1amiento que se que va a ser as\u00ed, porque es algo que realmente lo siento que puede llevarse adelante, asique pedir que sea tratado en la Comisi\u00f3n de Hacienda, Presupuesto, Legislaci\u00f3n y Asuntos Constitucionales, HPLAC, sin mas que agregar es con el mismo entusiasmo con el que presente mi primer proyecto y seguimos trabajando en otros que nos parecen todos importantes, pero realmente este Proyecto desde el momento que entr\u00e9 me hizo ruido y hoy lo traigo con mucho entusiasmo y lo traigo con mucha fe, que pueda servir realmente en el futuro.\/\/ El Expte. Pasa a HPLAC.\/\/ 2. Expte. N\u00b0 5.398 HC 063 \u2013 2.024\u00a0 Proyecto de Ordenanza:\u00a0 Declarar\u00a0 Patrimonio Hist\u00f3rico Cultural de Malarg\u00fce el edificio de LV 19 Radio Nacional Malarg\u00fce.\u00a0 BLOQUE PARTIDO JUSTICIALISTA. Autores: Magali ACOSTA, Rodrigo HIDALGO, Pablo CABRERA y Emilce MANSILLA.\/ El Expte tiene aprobado Tratamiento sobre Tablas por lo que la Concejal ACOSTA solicita que el Cuerpo se constituya en Comisi\u00f3n cuando es la hora 10:06 retomando la Sesi\u00f3n a la hora 11:21.\/ Por Secretaria se procede a la lectura del despacho emitido por el Cuerpo en Comisi\u00f3n el cual sugiere modificaciones al Proyecto de Ordenanza: \u00a0ART\u00cdCULO 1\u00b0: Real\u00edcese a trav\u00e9s del Departamento Ejecutivo Municipal, por el \u00e1rea que corresponda las gestiones pertinentes para la declaraci\u00f3n de Patrimonio Hist\u00f3rico y Cultural al edificio ubicado en calle Esquivel Aldao al 350, y su edificio de planta transmisora ubicado en Ca\u00f1ada, Colorada, sin n\u00famero, donde funciona desde hace m\u00e1s de 58 a\u00f1os Radio Nacional Malarg\u00fce y FM 88.1 Payunia, por representar un testimonio hist\u00f3rico e identitario del Departamento y por su significativo valor cultural.\/ ART\u00cdCULO 2\u00b0: Proc\u00e9dase a la constituci\u00f3n de la Comisi\u00f3n de Resguardo de Patrimonio Cultural, Natural Hist\u00f3rico, Etnogr\u00e1fico, Arqueol\u00f3gico y Paleontol\u00f3gico y Paisaj\u00edstico del Departamento de Malarg\u00fce, conforme las Ordenanzas 254-1988, 601-1994, 677-1994, y concordantes. ART\u00cdCULO 3\u00b0: Rem\u00edtase copia de la presente pieza legal a LV19 Radio Nacional Malarg\u00fce, Area Patrimonial dependiente de la Direcci\u00f3n de Cultura de Malarg\u00fce, Secretar\u00eda de Desarrollo Humano y a las entidades que correspondan.\/ ART\u00cdCULO 4\u00b0: De forma.\/\/ Habi\u00e9ndose dado lectura al despacho del Cuerpo en Comisi\u00f3n, se pone a consideraci\u00f3n y es aprobado por unanimidad.\/\/\u00a0 3. Expte N\u00b0 5.399 HC063-2024. Proyecto de Ordenanza: Crear e implementar el Programa de Infraestructura Peatonal, (PIM), en el \u00e1mbito del Departamento de Malargue, Bloque Frente Cambia Mendoza, Autora Concejal Viviana Mosca.\/ Solicita la palabra la Concejal CAMIOLO manifestando: \u00a0Se\u00f1or Presidente. Debido a la ausencia de la Concejal presentante, que ha sido formalmente informada a este Cuerpo, me solicit\u00f3 que hiciera la exposici\u00f3n ante los colegas para que tambi\u00e9n definamos a qu\u00e9 Comisi\u00f3n ser\u00eda oportuno enviarla.\/ Es un Proyecto de Ordenanza en el cual plantea de manera por etapas procedimental, una mejora a lo que es la infraestructura peatonal del Departamento. Todos en alguna medida hemos sufrido y padecido el tener que caminar por las calles al no tener veredas acondicionadas y a veces con la peligrosidad que esto conlleva, la misma calzada compartida por veh\u00edculos, transportistas, bicicletas, peatones y animales, o sea, hay que agregar todo eso con la peligrosidad que esto conlleva para la seguridad vial del Departamento. Este Proyecto de Ordenanza que oportunamente veremos en comisiones, plantea una articulaci\u00f3n p\u00fablico-privada para la mejora de las veredas en las que tanto vecinos como el Estado Municipal van a conjugarse para mejorar a nivel departamental y de la zona centro, toda la situaci\u00f3n de las veredas y principalmente garantizar a los peatones un tr\u00e1nsito seguro. Esto es lo que dice el proyecto, no solicito ni requiero que sea le\u00eddo su fundamentaci\u00f3n y su articulado, creo que es algo que vamos a poder trabajar mejor en comisiones, para lo que tambi\u00e9n seguramente invitaremos al Ejecutivo, y al tratarse de posibles erogaciones presupuestarias va a requerir entonces dos pases de comisiones, primero a la comisi\u00f3n de Obras P\u00fablicas, Recursos Naturales y Turismo, y justamente uno de los mayores justificativos es que a nivel tur\u00edstico ha crecido much\u00edsimo y necesitamos que siga creciendo, por tanto, el reacondicionamiento y la belleza de las veredas tiene que estar presente.\/ Y en segundo t\u00e9rmino a la Comisi\u00f3n de Hacienda.\/\/ Tiene pase a OPTyRN \u00a0y\u00a0 posteriormente \u00a0a HPLAC.\/\/ 4. Expte\u00a0 N\u00b0 5.400 HC 063 \u2013 2.024\u00a0 Proyecto de Ordenanza: Creaci\u00f3n DEL Parque Municipal Maar Los Loros o Volc\u00e1n Pata Mora (Ord. 1.442\/2.008 Parques Municipales) BLOQUE PARTIDO JUSTICIALISTA.\u00a0 Autores: Concejal Magal\u00ed ACOSTA, Emilce MANSILLA y Pablo CABRERA.\/Solicita la palabra la Concejal ACOSTA expresando: S\u00ed, el proyecto habla sobre crear b\u00e1sicamente primero que nada el Parque Maar Los Loros, porque estamos hablando de una formaci\u00f3n geomorfol\u00f3gica que es muy escasa en el mundo y nosotros tenemos la oportunidad de tener una ac\u00e1, en el sur de Malarg\u00fce. Tambi\u00e9n viendo todos los proyectos que se quieren impulsar en la zona de Pata Mora, me parece que es primordial tambi\u00e9n resguardar ese patrimonio natural que estamos teniendo en nuestra Provincia. Y tambi\u00e9n viendo la importancia que se le est\u00e1 dando desde el Departamento Ejecutivo en cuanto a la presentaci\u00f3n que ma\u00f1ana va a haber de un libro, que tambi\u00e9n habla sobre la formaci\u00f3n que tenemos ah\u00ed, en la zona de Pata Mora, entonces me parece primordial tambi\u00e9n generar la creaci\u00f3n del parque. Y m\u00e1s teniendo la Ordenanza N\u00b0 1442, en vigencia, creo que es fundamental su creaci\u00f3n para el resguardo del patrimonio y que no sea algo que despu\u00e9s sufra alg\u00fan acto de vandalismo y dem\u00e1s, y m\u00e1s siendo que puede quedar conectado con Pay\u00fania. As\u00ed que el pedido para el pase Hacienda y tambi\u00e9n quer\u00eda hacer el pedido de Tratamiento Preferencial.\/\u00a0 Se Pone a consideraci\u00f3n la moci\u00f3n de la Concejal Acosta de tratamiento preferencial\/\/ Solicita la palabra la Concejal CAMIOLO\u00a0 dice Se\u00f1or Presidente, para sugerir quiz\u00e1s el mismo pase que el expediente anterior al hablar de Recursos Naturales y Turismo, y entendiendo que son dos comisiones donde podr\u00edamos trabajarlo de manera articulada pero distinguida, Obras P\u00fablicas y Hacienda, y tambi\u00e9n en ese caso coincidir con que puede ser el Tratamiento Preferencial, pero que tenga dos pases. Se pone a consideraci\u00f3n la moci\u00f3n de la concejal Acosta con respecto al tratamiento preferencial y es aprobada.\/ Pasa a OPTyRN\u00a0 y posteriormente HPLAC\u00a0 con Tratamiento Preferencial.\/\/ 5.\u00a0 Expte. N\u00b0 5.401 HC 063 \u2013 2.024 Proyecto de Resoluci\u00f3n:\u00a0 Solicitar al Departamento Ejecutivo Municipal gestione el reacondicionamiento de las calles de Colonia Pehuenche I y II.\u00a0 BLOQUE RECONSTRUYENDO MALARG\u00dcE. Autora: Concejal Silvina CAMIOLO.\/\u00a0 Solicita la palabra la Concejal CAMIOLO manifestando: Gracias, Se\u00f1or Presidente, creo que lo vamos a trabajar mejor en comisiones y de hecho vamos seguramente a dar nuestros aportes porque todos los que tenemos que transitar por alguno u otro motivo por esas calles hemos padecido desde hace mucho tiempo la falta de acondicionamiento, por tanto no voy a requerir la lectura ni de su fundamento ni de su parte articular, y pido que pase, va a tener mucho trabajo la comisi\u00f3n de obras, por favor, Se\u00f1or Presidente, para que pueda tener justamente el trato oportuno.\/\/ Pasa a OPTyRN.\/\/ 5. Expte N\u00b0 5.402 HC 063 \u2013 2.024 Proyecto de Resoluci\u00f3n:\u00a0 Solicitar a las Entidades de AFIP, EPAS, EPRE Y ENARGAS la creaci\u00f3n de las Oficinas en el Departamento de Malarg\u00fce. BLOQUE UCR-INDEPENDIENTE. Autor: Concejal\u00a0 Mart\u00edn PALMA.\/ Solicita la palabra el Concejal PALMA y manifiesta: Gracias, se\u00f1or Presidente, buenos d\u00edas a todos quienes nos acompa\u00f1an en el d\u00eda a la fecha. En realidad este proyecto viene de la mano de, como todos habr\u00e1n podido ver y como la ciudadan\u00eda de Malarg\u00fce tambi\u00e9n as\u00ed lo ve reflejado, en sus tarifas, los aumentos que se han visto reflejados, con la quita de subsidios de algunas de las prestadoras de servicios, estamos hablando del gas, la luz y el agua, en este caso el gas es nacional, la agencia de regulaci\u00f3n que es el ENARGAS, pero el EPRE y el EPAS son Provinciales, que regulan la calidad de los servicios. Como los servicios hoy tienen estos aumentos, que entiendo yo y quiero creer que van de la mano con la calidad del servicio que se entrega, creo que es fundamental que las oficinas que regulan el servicio, tengan asiento en el Departamento. A ver, esta ma\u00f1ana tuvimos un corte de luz, donde muchas veces con este tipo de cortes imprevistos y las cuestiones de tensiones que se producen, se producen p\u00e9rdidas en los distintos vecinos que despu\u00e9s, haber, estamos muy lejos de la Capital Provincial donde hay que hacer los reclamos, o en la Subdelegaci\u00f3n San Rafael, y hay gente que por ah\u00ed,\u00a0 te dice, s\u00ed, pero ten\u00e9s la parte inform\u00e1tica para hacerlo, pero no todos los vecinos pueden acceder a esto. Tuvimos un representante del EPRE hasta no hace mucho tiempo que se jubil\u00f3, funcionaba en el Municipio, creo que de la misma manera las Entidades Provinciales podr\u00edan con un Convenio con el Municipio, tener asiento en el mismo Palacio Municipal, no se est\u00e1 pidiendo ni siquiera la incorporaci\u00f3n de personal nuevo, simplemente que se haga un Convenio y que con algunas personas, como lo era la ex agente que trabajaba en el EPRE, puedan ser instaladas en el Departamento y cubierto el recurso humano con personal municipal. Esto va a poder garantizar el justo reclamo que podamos tener y todas las deficiencias que veamos reflejadas, como as\u00ed tambi\u00e9n el control sobre las inversiones p\u00fablicas que deben hacer estas empresas en funci\u00f3n del territorio y los servicios que brindan, que est\u00e1 dentro de las concesiones, que as\u00ed marca la Ley, por la cual cada una presta los servicios. Despu\u00e9s tenemos obviamente una Ordenanza de la Constituci\u00f3n Municipal de la Empresa Municipal de Provisi\u00f3n de Agua, la cual debe estar tambi\u00e9n regulada por esta entidad que es el EPAS, por eso creo que es fundamental que tengamos estas oficinas y puntualmente para controlar todo lo que es, como lo dije al principio, las inversiones que garanticen el normal abastecimiento de los servicios y sobre todo la calidad de los mismos. Despu\u00e9s por otro lado, tenemos una situaci\u00f3n invernal muy pr\u00f3xima, el ENARGAS y el a\u00f1o pasado lo vivimos, tuvimos varias reuniones en este Concejo respecto a las facturaciones, respecto a la falta de respuesta por parte de la Oficina que se encuentra en el Departamento y el ENARGAS es la oficina que regula esto, \u00bfno? Creo que\u00a0 el mismo argumento de las Entidades Provinciales, el ENARGAS y m\u00e1s en un Departamento como este que es productor de gas, deber\u00eda tener una oficina en este lugar. AFIP y ADUANAS, que ya lo hemos pedido en otras oportunidades, creo que va de la mano con el desarrollo de PASO PEHUENCHE que todos queremos tener y vemos que se hace integraci\u00f3n y vemos que viene gente de Chile y vemos que los argentinos tambi\u00e9n vamos para all\u00e1, por una cuesti\u00f3n de cercan\u00edas y dem\u00e1s. Pero yo recuerdo muy bien que las casillas y el Ex Coordinador, que hoy nos acompa\u00f1a en este recinto, sabr\u00e1 muy bien que esas casillas, de AFIP y ADUANAS vinieron provisoriamente por 6 meses y llevan a\u00f1os, con la promesa del desarrollo de Paso Pehuenche. Creo que esto es fundamental para que podamos ampliar \u00a0la visi\u00f3n de la carga de habilitaciones que tenemos en este Departamento, ya que tenemos carga peligrosa presentada en origen y lastre, pero tambi\u00e9n esto va de la mano de la b\u00fasqueda de fuentes de trabajo. \u00bfY por qu\u00e9 me refiero a esto? Porque tenemos en el Departamento una carrera que prepara despachantes de Aduanas, pero realmente hoy en el Departamento de Malarg\u00fce no estamos pudiendo sacar absolutamente nada, que es lo que nombraba al principio, que es presentado en origen y la carga peligrosa que ya est\u00e1 regulada por las empresas. Para la gente de ac\u00e1 que podr\u00edamos sacar nuestros productos y hacer valer sus t\u00edtulos, debemos trabajar con estas oficinas, para que esta materia humana profesional que se ha capacitado y ha formado en cuenta a esta linda carrera que es el Despachante de Aduanas y poder fortalecer al desarrollo de Malarg\u00fce puede hacerlo.\/No quiero que caigamos en esta cuesti\u00f3n de preparar profesionales en lo que le sucede a la Escuela Minera, que hoy, despu\u00e9s de mucho tiempo, se est\u00e1 viendo una situaci\u00f3n con el desarrollo minero en el Departamento, que pueda llegar a posibilitar la generaci\u00f3n de mano de obra genuina y en el \u00e1mbito privado. Es por eso, Se\u00f1or Presidente, que es la orientaci\u00f3n de este proyecto, solicitar, vuelvo a insistir, no queremos crear mayores cargas al fisco o al Estado Provincial con la contrataci\u00f3n de nuevos lugares, s\u00ed creo que se puede hacer a trav\u00e9s de Convenios con el personal que ya existe, sabemos que la AFIP viene una vez cada 15 d\u00edas al Departamento, pero no todos los tr\u00e1mites se pueden hacer en esta oficina m\u00f3vil, as\u00ed que ser\u00eda interesante que se tenga en cuenta y por ende voy a solicitar que el proyecto no tenga lectura, ser\u00e1 trabajado en las comisiones correspondientes y voy a pedir que el proyecto pase a la Comisi\u00f3n de Hacienda, Presupuesto, Legislaci\u00f3n y Asuntos Constitucionales, ya que hay piezas legales anteriores a esta que solicitan la misma situaci\u00f3n y ser\u00e1 refrescarle la memoria a esta nueva gesti\u00f3n, tanto Provincial como Nacional que m\u00e1s, \u00a0existe m\u00e1s all\u00e1 de la entrega de los recursos que siempre le aportamos al Estado Nacional y Provincial. Muchas gracias.\/ Pasa a la Comisi\u00f3n de HPLAC.\/\/ g) Expedientes provenientes del Departamento Ejecutivo: No ingresados.\/\/ h) Despachos de las Comisiones de Trabajo: 1. Nota HC 355\/2.022 Sr. Luis Carb\u00f3 Director de Ganader\u00eda solicita abordaje de problem\u00e1tica de da\u00f1os producidos por jaur\u00edas de perros, ofrece colaboraci\u00f3n.\u00a0 (H.P.L.A.C). Por Secretaria se da lectura al despacho emitido que sugiere elevar copia de las actuaciones al Departamento Ejecutivo Municipal para conocimiento y posterior ARCHIVO.\/ Puesto a consideraci\u00f3n es APROBADO.\/\/ 2. Expte N\u00b0 5.391 HC 062 \u2013 2024 Proyecto de Resoluci\u00f3n: Solicitar al Departamento Ejecutivo Municipal Pedido de Informe respecto al Informador Tur\u00edstico ubicado en el Paraje Las Loicas. ( H.P.L.A.C.) .\/\/ Por Secretaria se da lectura al despacho que sugiere la aprobaci\u00f3n del Proyecto presentado sin modificaciones.\/ PRESIDENCIA pone a consideraci\u00f3n el despacho emitido y es APROBADO ( 8 votos afirmativo).\/\/ 3. Nota HC\u00a0 149\/2.024 Honorable Tribunal de Cuentas eleva dictamen referente a Decreto N\u00b0 076\/2.024. (H.P.L.A.C.).\/\/ Por Secretaria se da lectura al despacho el que sugiere elevar copia al Departamento Ejecutivo para su conocimiento y posterior pase ARCHIVO.\/ Se pone a consideraci\u00f3n es APROBADO.\/\/ Solicita la palabra el Concejal PALMA y expresa:. En virtud de lo extenso del punto n\u00famero 4 y en funci\u00f3n de notas donde la comisi\u00f3n ha tomado ya la participaci\u00f3n necesaria y ha brindado las respuestas en los distintos casos que se le han solicitado, pido la omisi\u00f3n de la lectura del mencionado despacho y se proceda a la votaci\u00f3n del mismo ya que lo hemos revisado en canasta cada uno de los bloques y entendemos el trabajo que ha realizado cada una de las comisiones de los cuales se desprende, y en este caso Obras P\u00fablicas se desprende este compendio de notas.\/\/ PRESIDENCIA pone a consideraci\u00f3n del despacho de acuerdo a la moci\u00f3n del Concejal Palma y es APROBADO. (8 votos\u00a0 afirmativos).\/\/\u00a0 4. Notas HC 311- 2.022.\u00a0 Sr. Jorge Armando Dris, solicita hacer uso de la Banca del Ciudadano, Tema a tratar: Aumento Tasas Municipales.\/ HC 350\/2.022 Miguel Conesa, eleva respuesta en relaci\u00f3n a solicitud de informe por situaci\u00f3n expuesta en Banca del Ciudadano. Sanitarios Ecol\u00f3gicos Secos.\/ HC 363\/2.022 Departamento Ejecutivo, solicita que mediante normativa se proponga\u00a0\u00a0 la Ampliaci\u00f3n del recorrido urbano del transporte local seg\u00fan lo requerido por los vecinos del Barrio Virgen de Los Vientos.\/ HC 375\/2.022 Familias de Productores de R\u00edo Grande (comprendidos en zona rotonda Ruta 40 Sur, desv\u00edo Ruta 181 hasta Arroyo Carrizalito) solicitan extensi\u00f3n de l\u00ednea de electricidad.\/ HC 510\/2.022 Sra. Carla N\u00fa\u00f1ez, en Uso de la Banca del Ciudadano manifiesta su Expresa disconformidad con trabajos que se realizan en Boulevard Avda. Rufino Ortega de la Ciudad de Malarg\u00fce. Demarcaci\u00f3n de los Estacionamientos para personas con discapacidad. ( O.P.TyR.N.).\/\/ Pasa a ARCHIVO.\/\/\u00a0 Solicita la palabra la Concejal CAMIOLO: Gracias, Presidente. Solo remarcar que tal como lo pudimos trabajar en comisiones, muchos de estos pedidos respond\u00edan a Bancas del Ciudadano y quiero referirme espec\u00edficamente al \u00faltimo, donde logramos que se evitara la tala de much\u00edsimos ejemplares donde hubo una intervenci\u00f3n ciudadana e incluso tambi\u00e9n una intervenci\u00f3n por parte de este Concejo Deliberante a trav\u00e9s de una Comisi\u00f3n de Seguimiento de Obra, que tambi\u00e9n deriv\u00f3 en una presentaci\u00f3n a la Justicia para mejor entendimiento del caso. Si recordar a los vecinos que abrazaron a los \u00e1rboles en aquel momento, de hecho si pas\u00e1s por el Boulevard todav\u00eda se pueden ver colgados los carteles que identificaron a cada uno de los ejemplares, se hizo un censo que preserv\u00f3 a muchos de esos ejemplares que iban a ser talados y principalmente el del Pino en el Boulevard, en la vereda principal del Boulevard de Rufino y Roca. Decir que es importante que los vecinos usen las Bancas del Ciudadano, porque no solo dan herramientas al Legislativo, sino tambi\u00e9n al Ejecutivo y pueden tener soluci\u00f3n y respuesta.\/\/ i) \u00a0Asuntos Varios: Desafectaci\u00f3n de la Nota HC 192\/2.024 de Mesa de Entradas para su . pase a la Comisi\u00f3n de Hidrocarburos.\/\/ Solicita la palabra la Concejal CAMIOLO manifestando: As\u00ed es, se\u00f1or Presidente, era el pedido que se desafecte de Mesa de Entrada y pase a la Comisi\u00f3n de Hidrocarburos, Energ\u00eda y Miner\u00eda. Solicito que se ponga en consideraci\u00f3n, se vote para que, a viva voz, as\u00ed evitamos tr\u00e1mites&#8230; Por la necesidad de hacer este tr\u00e1mite expeditivo y considerando que el futuro del Desarrollo Minero de la Provincia y principalmente del Departamento est\u00e1 en juego en estos d\u00edas.\/\/ PRESIDENCIA pone a consideraci\u00f3n la moci\u00f3n y es APROBADA.\/ La nota pasa a la Comisi\u00f3n de Hidrocarburos, Energ\u00eda y Miner\u00eda.\/\/ j) Acto de arriar el Pabell\u00f3n Nacional a cargo de la concejal que lo izo.\/\/ Cuando es la hora 11.51 se da por finalizada la Sesi\u00f3n previa lectura de lo que antecede firman las presentes actuaciones el Sr. Presidente y la Sra. Secretaria del Honorable Concejo Deliberante.<\/p>\n","protected":false},"excerpt":{"rendered":"<p>En Malarg\u00fce Mendoza a once d\u00edas de abril de 2024, cuando es la hora 09:45\u00a0\u00a0se re\u00fane el Honorable Concejo Deliberante de la Municipalidad de Malarg\u00fce, para celebrar la correspondiente Sesi\u00f3n Ordinaria del Periodo 2024. Bajo la\u00a0\u00a0 Presidencia de su titular Sr. Rodrigo HIDALGO y la presencia de los Se\u00f1ores Concejales Pablo Villarruel, Elizabeth Gonz\u00e1lez, Mart\u00edn\u00a0 [&hellip;]<\/p>\n","protected":false},"author":5,"featured_media":33337,"comment_status":"closed","ping_status":"closed","sticky":false,"template":"","format":"standard","meta":{"footnotes":""},"categories":[60,52,58,33,36],"tags":[],"class_list":["post-36632","post","type-post","status-publish","format-standard","has-post-thumbnail","hentry","category-acta-de-sesiones","category-gacetillas","category-ordinarias","category-prensa","category-sesiones"],"yoast_head":"<!-- This site is optimized with the Yoast SEO plugin v19.10 - https:\/\/yoast.com\/wordpress\/plugins\/seo\/ -->\n<title>ACTA 5\u00b0 SESION ORDINARIA N\u00b0 1.153- O - 11\/04\/2.024 - Malarg\u00fce HCD<\/title>\n<meta name=\"robots\" content=\"index, follow, max-snippet:-1, max-image-preview:large, max-video-preview:-1\" \/>\n<link rel=\"canonical\" href=\"https:\/\/hcd.malargue.gov.ar\/?p=36632\" \/>\n<meta property=\"og:locale\" content=\"es_ES\" \/>\n<meta property=\"og:type\" content=\"article\" \/>\n<meta property=\"og:title\" content=\"ACTA 5\u00b0 SESION ORDINARIA N\u00b0 1.153- O - 11\/04\/2.024 - Malarg\u00fce HCD\" \/>\n<meta property=\"og:description\" content=\"En Malarg\u00fce Mendoza a once d\u00edas de abril de 2024, cuando es la hora 09:45\u00a0\u00a0se re\u00fane el Honorable Concejo Deliberante de la Municipalidad de Malarg\u00fce, para celebrar la correspondiente Sesi\u00f3n Ordinaria del Periodo 2024. Bajo la\u00a0\u00a0 Presidencia de su titular Sr. Rodrigo HIDALGO y la presencia de los Se\u00f1ores Concejales Pablo Villarruel, Elizabeth Gonz\u00e1lez, Mart\u00edn\u00a0 [&hellip;]\" \/>\n<meta property=\"og:url\" content=\"https:\/\/hcd.malargue.gov.ar\/?p=36632\" \/>\n<meta property=\"og:site_name\" content=\"Malarg\u00fce HCD\" \/>\n<meta property=\"article:published_time\" content=\"2024-04-17T14:35:01+00:00\" \/>\n<meta property=\"article:modified_time\" content=\"2024-04-24T15:36:19+00:00\" \/>\n<meta property=\"og:image\" content=\"https:\/\/hcd.malargue.gov.ar\/wp-content\/uploads\/2023\/03\/actas-sesiones.jpg\" \/>\n\t<meta property=\"og:image:width\" content=\"1640\" \/>\n\t<meta property=\"og:image:height\" content=\"924\" \/>\n\t<meta property=\"og:image:type\" content=\"image\/jpeg\" \/>\n<meta name=\"author\" content=\"Belen Pedernera Ferragut\" \/>\n<meta name=\"twitter:card\" content=\"summary_large_image\" \/>\n<meta name=\"twitter:label1\" content=\"Escrito por\" \/>\n\t<meta name=\"twitter:data1\" content=\"Belen Pedernera Ferragut\" \/>\n\t<meta name=\"twitter:label2\" content=\"Tiempo de lectura\" \/>\n\t<meta name=\"twitter:data2\" content=\"24 minutos\" \/>\n<script type=\"application\/ld+json\" class=\"yoast-schema-graph\">{\"@context\":\"https:\/\/schema.org\",\"@graph\":[{\"@type\":\"WebPage\",\"@id\":\"https:\/\/hcd.malargue.gov.ar\/?p=36632\",\"url\":\"https:\/\/hcd.malargue.gov.ar\/?p=36632\",\"name\":\"ACTA 5\u00b0 SESION ORDINARIA N\u00b0 1.153- O - 11\/04\/2.024 - Malarg\u00fce HCD\",\"isPartOf\":{\"@id\":\"https:\/\/hcd.malargue.gov.ar\/#website\"},\"datePublished\":\"2024-04-17T14:35:01+00:00\",\"dateModified\":\"2024-04-24T15:36:19+00:00\",\"author\":{\"@id\":\"https:\/\/hcd.malargue.gov.ar\/#\/schema\/person\/3fd6bbab64edd703961b795156c955d0\"},\"breadcrumb\":{\"@id\":\"https:\/\/hcd.malargue.gov.ar\/?p=36632#breadcrumb\"},\"inLanguage\":\"es-AR\",\"potentialAction\":[{\"@type\":\"ReadAction\",\"target\":[\"https:\/\/hcd.malargue.gov.ar\/?p=36632\"]}]},{\"@type\":\"BreadcrumbList\",\"@id\":\"https:\/\/hcd.malargue.gov.ar\/?p=36632#breadcrumb\",\"itemListElement\":[{\"@type\":\"ListItem\",\"position\":1,\"name\":\"Inicio\",\"item\":\"https:\/\/hcd.malargue.gov.ar\/\"},{\"@type\":\"ListItem\",\"position\":2,\"name\":\"ACTA 5\u00b0 SESION ORDINARIA N\u00b0 1.153- O &#8211; 11\/04\/2.024\"}]},{\"@type\":\"WebSite\",\"@id\":\"https:\/\/hcd.malargue.gov.ar\/#website\",\"url\":\"https:\/\/hcd.malargue.gov.ar\/\",\"name\":\"Malarg\u00fce HCD\",\"description\":\"Malarg\u00fce Mendoza Argentina\",\"potentialAction\":[{\"@type\":\"SearchAction\",\"target\":{\"@type\":\"EntryPoint\",\"urlTemplate\":\"https:\/\/hcd.malargue.gov.ar\/?s={search_term_string}\"},\"query-input\":\"required name=search_term_string\"}],\"inLanguage\":\"es-AR\"},{\"@type\":\"Person\",\"@id\":\"https:\/\/hcd.malargue.gov.ar\/#\/schema\/person\/3fd6bbab64edd703961b795156c955d0\",\"name\":\"Belen Pedernera Ferragut\",\"image\":{\"@type\":\"ImageObject\",\"inLanguage\":\"es-AR\",\"@id\":\"https:\/\/hcd.malargue.gov.ar\/#\/schema\/person\/image\/\",\"url\":\"https:\/\/secure.gravatar.com\/avatar\/1054ffab3893de4bb3eb29bdd22f7e34b8537bf5d34d9dab311818154ad5b71f?s=96&d=mm&r=g\",\"contentUrl\":\"https:\/\/secure.gravatar.com\/avatar\/1054ffab3893de4bb3eb29bdd22f7e34b8537bf5d34d9dab311818154ad5b71f?s=96&d=mm&r=g\",\"caption\":\"Belen Pedernera Ferragut\"},\"url\":\"https:\/\/hcd.malargue.gov.ar\/?author=5\"}]}<\/script>\n<!-- \/ Yoast SEO plugin. -->","yoast_head_json":{"title":"ACTA 5\u00b0 SESION ORDINARIA N\u00b0 1.153- O - 11\/04\/2.024 - Malarg\u00fce HCD","robots":{"index":"index","follow":"follow","max-snippet":"max-snippet:-1","max-image-preview":"max-image-preview:large","max-video-preview":"max-video-preview:-1"},"canonical":"https:\/\/hcd.malargue.gov.ar\/?p=36632","og_locale":"es_ES","og_type":"article","og_title":"ACTA 5\u00b0 SESION ORDINARIA N\u00b0 1.153- O - 11\/04\/2.024 - Malarg\u00fce HCD","og_description":"En Malarg\u00fce Mendoza a once d\u00edas de abril de 2024, cuando es la hora 09:45\u00a0\u00a0se re\u00fane el Honorable Concejo Deliberante de la Municipalidad de Malarg\u00fce, para celebrar la correspondiente Sesi\u00f3n Ordinaria del Periodo 2024. Bajo la\u00a0\u00a0 Presidencia de su titular Sr. Rodrigo HIDALGO y la presencia de los Se\u00f1ores Concejales Pablo Villarruel, Elizabeth Gonz\u00e1lez, Mart\u00edn\u00a0 [&hellip;]","og_url":"https:\/\/hcd.malargue.gov.ar\/?p=36632","og_site_name":"Malarg\u00fce HCD","article_published_time":"2024-04-17T14:35:01+00:00","article_modified_time":"2024-04-24T15:36:19+00:00","og_image":[{"width":1640,"height":924,"url":"https:\/\/hcd.malargue.gov.ar\/wp-content\/uploads\/2023\/03\/actas-sesiones.jpg","type":"image\/jpeg"}],"author":"Belen Pedernera Ferragut","twitter_card":"summary_large_image","twitter_misc":{"Escrito por":"Belen Pedernera Ferragut","Tiempo de lectura":"24 minutos"},"schema":{"@context":"https:\/\/schema.org","@graph":[{"@type":"WebPage","@id":"https:\/\/hcd.malargue.gov.ar\/?p=36632","url":"https:\/\/hcd.malargue.gov.ar\/?p=36632","name":"ACTA 5\u00b0 SESION ORDINARIA N\u00b0 1.153- O - 11\/04\/2.024 - Malarg\u00fce HCD","isPartOf":{"@id":"https:\/\/hcd.malargue.gov.ar\/#website"},"datePublished":"2024-04-17T14:35:01+00:00","dateModified":"2024-04-24T15:36:19+00:00","author":{"@id":"https:\/\/hcd.malargue.gov.ar\/#\/schema\/person\/3fd6bbab64edd703961b795156c955d0"},"breadcrumb":{"@id":"https:\/\/hcd.malargue.gov.ar\/?p=36632#breadcrumb"},"inLanguage":"es-AR","potentialAction":[{"@type":"ReadAction","target":["https:\/\/hcd.malargue.gov.ar\/?p=36632"]}]},{"@type":"BreadcrumbList","@id":"https:\/\/hcd.malargue.gov.ar\/?p=36632#breadcrumb","itemListElement":[{"@type":"ListItem","position":1,"name":"Inicio","item":"https:\/\/hcd.malargue.gov.ar\/"},{"@type":"ListItem","position":2,"name":"ACTA 5\u00b0 SESION ORDINARIA N\u00b0 1.153- O &#8211; 11\/04\/2.024"}]},{"@type":"WebSite","@id":"https:\/\/hcd.malargue.gov.ar\/#website","url":"https:\/\/hcd.malargue.gov.ar\/","name":"Malarg\u00fce HCD","description":"Malarg\u00fce Mendoza Argentina","potentialAction":[{"@type":"SearchAction","target":{"@type":"EntryPoint","urlTemplate":"https:\/\/hcd.malargue.gov.ar\/?s={search_term_string}"},"query-input":"required name=search_term_string"}],"inLanguage":"es-AR"},{"@type":"Person","@id":"https:\/\/hcd.malargue.gov.ar\/#\/schema\/person\/3fd6bbab64edd703961b795156c955d0","name":"Belen Pedernera Ferragut","image":{"@type":"ImageObject","inLanguage":"es-AR","@id":"https:\/\/hcd.malargue.gov.ar\/#\/schema\/person\/image\/","url":"https:\/\/secure.gravatar.com\/avatar\/1054ffab3893de4bb3eb29bdd22f7e34b8537bf5d34d9dab311818154ad5b71f?s=96&d=mm&r=g","contentUrl":"https:\/\/secure.gravatar.com\/avatar\/1054ffab3893de4bb3eb29bdd22f7e34b8537bf5d34d9dab311818154ad5b71f?s=96&d=mm&r=g","caption":"Belen Pedernera Ferragut"},"url":"https:\/\/hcd.malargue.gov.ar\/?author=5"}]}},"_links":{"self":[{"href":"https:\/\/hcd.malargue.gov.ar\/index.php?rest_route=\/wp\/v2\/posts\/36632","targetHints":{"allow":["GET"]}}],"collection":[{"href":"https:\/\/hcd.malargue.gov.ar\/index.php?rest_route=\/wp\/v2\/posts"}],"about":[{"href":"https:\/\/hcd.malargue.gov.ar\/index.php?rest_route=\/wp\/v2\/types\/post"}],"author":[{"embeddable":true,"href":"https:\/\/hcd.malargue.gov.ar\/index.php?rest_route=\/wp\/v2\/users\/5"}],"replies":[{"embeddable":true,"href":"https:\/\/hcd.malargue.gov.ar\/index.php?rest_route=%2Fwp%2Fv2%2Fcomments&post=36632"}],"version-history":[{"count":4,"href":"https:\/\/hcd.malargue.gov.ar\/index.php?rest_route=\/wp\/v2\/posts\/36632\/revisions"}],"predecessor-version":[{"id":36686,"href":"https:\/\/hcd.malargue.gov.ar\/index.php?rest_route=\/wp\/v2\/posts\/36632\/revisions\/36686"}],"wp:featuredmedia":[{"embeddable":true,"href":"https:\/\/hcd.malargue.gov.ar\/index.php?rest_route=\/wp\/v2\/media\/33337"}],"wp:attachment":[{"href":"https:\/\/hcd.malargue.gov.ar\/index.php?rest_route=%2Fwp%2Fv2%2Fmedia&parent=36632"}],"wp:term":[{"taxonomy":"category","embeddable":true,"href":"https:\/\/hcd.malargue.gov.ar\/index.php?rest_route=%2Fwp%2Fv2%2Fcategories&post=36632"},{"taxonomy":"post_tag","embeddable":true,"href":"https:\/\/hcd.malargue.gov.ar\/index.php?rest_route=%2Fwp%2Fv2%2Ftags&post=36632"}],"curies":[{"name":"wp","href":"https:\/\/api.w.org\/{rel}","templated":true}]}}