{"id":36636,"date":"2024-04-17T12:19:25","date_gmt":"2024-04-17T15:19:25","guid":{"rendered":"https:\/\/hcd.malargue.gov.ar\/?p=36636"},"modified":"2024-04-17T12:32:13","modified_gmt":"2024-04-17T15:32:13","slug":"ordenanza-no-2-269-2-024","status":"publish","type":"post","link":"https:\/\/hcd.malargue.gov.ar\/?p=36636","title":{"rendered":"ORDENANZA N\u00b0 2.269\/2.024"},"content":{"rendered":"\n<p><em><em>Mediante la Ordenanza aprobada los Concejales solicitaron al Departamento Ejecutivo Municipal que realice las gestiones pertinentes para la Declaraci\u00f3n de Patrimonio Hist\u00f3rico y Cultural al edificio donde funciona desde hace m\u00e1s de 58 a\u00f1os, Radio Nacional Malarg\u00fce y FM 88.1 Payunia, por representar un testimonio hist\u00f3rico e identitario del Departamento y por el significativo valor cultural de dicho inmueble.<\/em><\/em><\/p>\n\n\n\n<p class=\"has-text-align-center\"><strong>MIRA LA PIEZA LEGAL COMPLETA<\/strong><\/p>\n\n\n<div class=\"wp-block-image\">\n<figure class=\"alignright size-full is-resized\"><a href=\"http:\/\/hcd.malargue.gov.ar\/2024\/On%202269%202024%20LV%2019%20Radio%20Malargue.pdf\"><img loading=\"lazy\" decoding=\"async\" width=\"512\" height=\"512\" src=\"https:\/\/hcd.malargue.gov.ar\/wp-content\/uploads\/2018\/06\/PDF-JPG.jpg\" alt=\"\" class=\"wp-image-7950\" style=\"width:116px;height:auto\" srcset=\"https:\/\/hcd.malargue.gov.ar\/wp-content\/uploads\/2018\/06\/PDF-JPG.jpg 512w, https:\/\/hcd.malargue.gov.ar\/wp-content\/uploads\/2018\/06\/PDF-JPG-150x150.jpg 150w, https:\/\/hcd.malargue.gov.ar\/wp-content\/uploads\/2018\/06\/PDF-JPG-300x300.jpg 300w\" sizes=\"auto, (max-width: 512px) 100vw, 512px\" \/><\/a><\/figure>\n<\/div>\n\n\n<p><strong>AUTORES: CONCEJALES<\/strong> <strong>RODRIGO HIDALGO, MAGALI ACOSTA, EMILCE MANSILLA Y PABLO CABRERA<\/strong><\/p>\n\n\n\n<p><strong>BLOQUE JUSTICIALISTA<\/strong><\/p>\n\n\n\n<p>VISTO: El contenido del Expediente N\u00ba 5.398-HC 063-2.024. Bloque Partido Justicialista. Proyecto de Ordenanza: Declarar Patrimonio Hist\u00f3rico Cultural de Malarg\u00fce al Edificio de L.V 19 Radio Nacional Malarg\u00fce.<\/p>\n\n\n\n<p>Que la comunidad de Malarg\u00fce ha manifestado su preocupaci\u00f3n por Radio Nacional Malarg\u00fce y por el DNU N\u00b0 70\/2.023, emitido por el Presidente de la Naci\u00f3n, que deroga la Ley Nacional N\u00b0 20.705 de Sociedades del Estado alcanzando a Radio y Televisi\u00f3n Argentina S.E. y T\u00c9LAM, que dicha derogaci\u00f3n permite la Privatizaci\u00f3n de los Medios P\u00fablicos.<\/p>\n\n\n\n<p>El liderazgo regional de la Radio Nacional Malarg\u00fce se basa en su car\u00e1cter comunicativo y comunitario siendo para gran parte de la poblaci\u00f3n del Departamento el \u00fanico medio de comunicaci\u00f3n de car\u00e1cter federal y de contacto para con familiares y amistades a trav\u00e9s de mensajes y comunicados; Es considerable destacar su gran impronta local y regional<\/p>\n\n\n\n<p>y;<\/p>\n\n\n\n<p>CONSIDERANDO: Que la comunidad de Malarg\u00fce ha manifestado su preocupaci\u00f3n por los efectos de la implementaci\u00f3n del DNU N\u00b0 70\/2.023 que deroga la Ley de Sociedades del Estado y alcanza a Radio y Televisi\u00f3n Argentina S.E., en las que se encuentran incluidas AM 790 Radio Nacional Malarg\u00fce y FM 88.1 Radio Payunia, que podr\u00edan pasar a ser Sociedades An\u00f3nimas.<\/p>\n\n\n\n<p>Que con estas modificaciones se estar\u00edan eliminando por completo prerrogativas de Derecho P\u00fablico, con las ventajas y\/o beneficios que les corresponden en tanto empresas p\u00fablicas y con fin p\u00fablico, en abierta contradicci\u00f3n con lo establecido en el Art. 99 inc. 3 de la Constituci\u00f3n Nacional.<\/p>\n\n\n\n<p>Que en Malarg\u00fce a principios de la d\u00e9cada del 60, no exist\u00edan emisoras de radio; hasta entonces solo se escuchaban las emisoras chilenas; lo que generaba un escaso conocimiento de las noticias locales y regionales.<\/p>\n\n\n\n<p>Que es importante destacar que en el a\u00f1o 1.962 se transmit\u00eda desde un domicilio particular, en 1.965, un 1\u00ba de Mayo, ya convertida en Radio Municipal, comienza a funcionar en el antiguo Edificio Comunal; en el a\u00f1o 1.971 se inaugur\u00f3 el nuevo edificio de LV 19 Radio Municipal Malarg\u00fce, dispuesto en calle Esquivel Aldao N\u00ba 350, con nuevos y potentes equipos. El 1\u00ba de Agosto de 1.979, debido a su infraestructura, movimiento comercial y requerimientos t\u00e9cnicos y econ\u00f3micos, el Estado Nacional se hace cargo subsidi\u00e1ndola y pasa a formar parte de la Cadena Nacional de Radiodifusi\u00f3n. El 24 de febrero de 1.989 se inaugur\u00f3 la ampliaci\u00f3n de obra de los estudios centrales lo que permiti\u00f3 mejorar los servicios de atenci\u00f3n al cliente y audiencia en general.<\/p>\n\n\n\n<p>Que la obtenci\u00f3n de la matr\u00edcula, para el funcionamiento de la Radio fue el fruto del arduo trabajo de un grupo de pioneros, entre ellos, H\u00e9ctor Florencio Lucero, Abd\u00f3n Carim Rasso, Julia Enr\u00edquez, Rub\u00e9n Ingrata, Santiago Bard\u00edn, Mario Osvaldo Alonso y muchos m\u00e1s, que con distintas ideolog\u00edas y profesionalismo, tales como radioaficionados, comerciantes, m\u00e9dicos, empleados, se comprometieron en pos de ese objetivo y demostraron su amor por el Departamento.<\/p>\n\n\n\n<p>Que en el Acta de Inscripci\u00f3n de T\u00edtulo por Donaci\u00f3n. Art\u00edculo N\u00b0 1.810 del C\u00f3digo Civil. &#8211; Superior Gobierno de la Provincia de Mendoza a Estado Nacional Argentino (Ex Secretaria de Informaci\u00f3n P\u00fablica de la Presidencia de la Naci\u00f3n) L.V.19 Radio Malarg\u00fce. Escritura N\u00ba 137&nbsp; establece <em>\u201c\u2026 con destino exclusivo para las necesidades de funcionamiento e instalaciones de los Estudios y Planta de Transmisi\u00f3n de LV 19 Radio Malarg\u00fce.<\/em>\u201d<\/p>\n\n\n\n<p>Que Radio Nacional Malarg\u00fce llega a los 41.317 Km<sup>2<\/sup> de superficie del Departamento, lo que significa una cobertura que supera; por ejemplo, la superficie de la Provincia de Tucum\u00e1n; &nbsp;siendo&nbsp; l\u00edder en la&nbsp; regi\u00f3n, la&nbsp; emisora es sintonizada en los asentamientos rurales m\u00e1s alejados del Departamento. As\u00ed tambi\u00e9n, en las Provincias de La Pampa, Neuqu\u00e9n y San Lu\u00eds y tiene muy buena se\u00f1al en los Departamentos de General Alvear, San Rafael, San Carlos y Tunuy\u00e1n. De igual modo llega con buena calidad a las principales ciudades transandinas de la VII Regi\u00f3n del Maule, del vecino Pais de Chile: Talca, Curic\u00f3 y Linares.<\/p>\n\n\n\n<p>Que reafirmando su concepto de \u201cRadio de Fronteras\u201d, Radio Nacional Malarg\u00fce cumple un papel fundamental en la Zona Rural convirti\u00e9ndose en muchos casos, en el \u00fanico medio de comunicaci\u00f3n existente en algunas localidades, mejorando el v\u00ednculo con el puestero, aquel que haciendo Patria vive en las zonas m\u00e1s alejadas a la cabecera Departamental.<\/p>\n\n\n\n<p>Que frente a la ocurrencia de riesgos ambientales (nevadas, incendios, vientos) es de suma importancia comunicacional.<\/p>\n\n\n\n<p>Que resulta imprescindible recordar que los espacios comunicacionales que funcionan en el inmueble de Radio Nacional, son garantes de la visibilidad y voz de quienes no tienen acceso a otra forma de comunicaci\u00f3n por ser excluidos de las radios comerciales, ya que los medios estatales constituyen un dispositivo eficiente por el que pueden y deben romperse los estigmas creados alrededor de grupos de personas vulnerables, a menudo con acceso limitado al sector privado.<\/p>\n\n\n\n<p>Que es importante destacar el edificio donde funciona Radio Nacional y el edificio ubicado en Ca\u00f1ada Colorada s\/n donde funciona la Planta Transmisora, fueron construidos especialmente para convertirse en una radio con todos los requerimientos de la \u00e9poca, con sus correspondientes estudios. El pluralismo de la emisora radial, ha dado espacio a diversos aspectos: Pol\u00edticos, educativos, deportivos, culturales y religiosos.<\/p>\n\n\n\n<p>Que ya existe en el Honorable Concejo Deliberante de Malarg\u00fce un antecedente de igual solicitud aprobado en Ordenanza N\u00ba 1.824\/2.016 \u201cDecl\u00e1rese Patrimonio Hist\u00f3rico Cultural de Malarg\u00fce el Edificio Comisaria 24\u00ba ubicado en Av. San Mart\u00edn N\u00ba 286 esquina Inalican\u201d.<\/p>\n\n\n\n<p>Que este Honorable Concejo Deliberante ya ha demostrado la importancia de Radio Nacional Malarg\u00fce para el Departamento en otras piezas legales.<\/p>\n\n\n\n<p>Que el inmueble donde funciona hace m\u00e1s de 58 a\u00f1os, Radio Nacional Malarg\u00fce y su Edificio de Planta Transmisora, son parte del Patrimonio, la historia, la cultura e identidad del Departamento, por lo que consideramos imperante que los mismos sean declarados como Patrimonio Hist\u00f3rico y Cultural de Malarg\u00fce.<\/p>\n\n\n\n<p>EL HONORABLE CONCEJO DELIBERANTE DE LA MUNICIPALIDAD DE MALARG\u00dcE&nbsp; EN USO DE LAS FACULTADES QUE LE SON PROPIAS<\/p>\n\n\n\n<p>ORDENA<\/p>\n\n\n\n<p>ART\u00cdCULO 1\u00ba: Real\u00edcese a trav\u00e9s del Departamento Ejecutivo Municipal, por el \u00c1rea que corresponda, las gestiones pertinentes para la Declaraci\u00f3n de Patrimonio Hist\u00f3rico y Cultural al edificio ubicado en calle Esquivel Aldao al 350 y su Edificio de Planta Transmisora ubicado en Ca\u00f1ada Colorada s\/n, donde funciona desde hace m\u00e1s de 58 a\u00f1os, Radio Nacional Malarg\u00fce y FM 88.1 Payunia, por representar un testimonio hist\u00f3rico e identitario del Departamento y por el significativo valor cultural de dicho inmueble.<\/p>\n\n\n\n<p>ART\u00cdCULO 2\u00b0:&nbsp; Proc\u00e9dase a la constituci\u00f3n de la Comisi\u00f3n de Resguardo del Patrimonio Cultural, Natural, Hist\u00f3rico, Etnogr\u00e1fico, Arqueol\u00f3gico, Paleontol\u00f3gico y Paisaj\u00edstico del Departamento de Malarg\u00fce, conforme a las Ordenanzas N\u00ba 254\/1.988, N\u00b0 601\/1.994, N\u00b0 677\/1.994 y concordantes.<\/p>\n\n\n\n<p>ART\u00cdCULO 3\u00b0: Rem\u00edtase copia de la presente pieza legal a: LV 19 Radio Nacional Malarg\u00fce, \u00c1rea Patrimonial dependiente de la Direcci\u00f3n de Cultura Malarg\u00fce, Secretar\u00eda de Desarrollo Humano y a las entidades que corresponda.<\/p>\n\n\n\n<p>ART\u00cdCULO 4\u00b0:&nbsp; &nbsp;&nbsp;Comun\u00edquese, reg\u00edstrese, c\u00famplase, publ\u00edquese, agr\u00e9guese copia de la presente en las actuaciones correspondientes y arch\u00edvese.<strong><\/strong><\/p>\n\n\n\n<p>DADA EN LA SALA DE SESIONES DR.&nbsp; RICARDO BALBIN DEL HONORABLE CONCEJO DELIBERANTE DE LA MUNICIPALIDAD DE MALARG\u00dcE A ONCE D\u00cdAS DE ABRIL DE DOS MIL VEINTICUATRO.<\/p>\n","protected":false},"excerpt":{"rendered":"<p>Mediante la Ordenanza aprobada los Concejales solicitaron al Departamento Ejecutivo Municipal que realice las gestiones pertinentes para la Declaraci\u00f3n de Patrimonio Hist\u00f3rico y Cultural al edificio donde funciona desde hace m\u00e1s de 58 a\u00f1os, Radio Nacional Malarg\u00fce y FM 88.1 Payunia, por representar un testimonio hist\u00f3rico e identitario del Departamento y por el significativo valor [&hellip;]<\/p>\n","protected":false},"author":5,"featured_media":36642,"comment_status":"closed","ping_status":"closed","sticky":false,"template":"","format":"standard","meta":{"footnotes":""},"categories":[52,29,48,33],"tags":[],"class_list":["post-36636","post","type-post","status-publish","format-standard","has-post-thumbnail","hentry","category-gacetillas","category-lesgilacion","category-ordenanzas-municipales","category-prensa"],"yoast_head":"<!-- This site is optimized with the Yoast SEO plugin v19.10 - https:\/\/yoast.com\/wordpress\/plugins\/seo\/ -->\n<title>ORDENANZA N\u00b0 2.269\/2.024 - Malarg\u00fce HCD<\/title>\n<meta name=\"robots\" content=\"index, follow, max-snippet:-1, max-image-preview:large, max-video-preview:-1\" \/>\n<link rel=\"canonical\" href=\"https:\/\/hcd.malargue.gov.ar\/?p=36636\" \/>\n<meta property=\"og:locale\" content=\"es_ES\" \/>\n<meta property=\"og:type\" content=\"article\" \/>\n<meta property=\"og:title\" content=\"ORDENANZA N\u00b0 2.269\/2.024 - Malarg\u00fce HCD\" \/>\n<meta property=\"og:description\" content=\"Mediante la Ordenanza aprobada los Concejales solicitaron al Departamento Ejecutivo Municipal que realice las gestiones pertinentes para la Declaraci\u00f3n de Patrimonio Hist\u00f3rico y Cultural al edificio donde funciona desde hace m\u00e1s de 58 a\u00f1os, Radio Nacional Malarg\u00fce y FM 88.1 Payunia, por representar un testimonio hist\u00f3rico e identitario del Departamento y por el significativo valor [&hellip;]\" \/>\n<meta property=\"og:url\" content=\"https:\/\/hcd.malargue.gov.ar\/?p=36636\" \/>\n<meta property=\"og:site_name\" content=\"Malarg\u00fce HCD\" \/>\n<meta property=\"article:published_time\" content=\"2024-04-17T15:19:25+00:00\" \/>\n<meta property=\"article:modified_time\" content=\"2024-04-17T15:32:13+00:00\" \/>\n<meta property=\"og:image\" content=\"https:\/\/hcd.malargue.gov.ar\/wp-content\/uploads\/2024\/04\/ORDENANZA-2269-2024.png\" \/>\n\t<meta property=\"og:image:width\" content=\"940\" \/>\n\t<meta property=\"og:image:height\" content=\"788\" \/>\n\t<meta property=\"og:image:type\" content=\"image\/png\" \/>\n<meta name=\"author\" content=\"Belen Pedernera Ferragut\" \/>\n<meta name=\"twitter:card\" content=\"summary_large_image\" \/>\n<meta name=\"twitter:label1\" content=\"Escrito por\" \/>\n\t<meta name=\"twitter:data1\" content=\"Belen Pedernera Ferragut\" \/>\n\t<meta name=\"twitter:label2\" content=\"Tiempo de lectura\" \/>\n\t<meta name=\"twitter:data2\" content=\"7 minutos\" \/>\n<script type=\"application\/ld+json\" class=\"yoast-schema-graph\">{\"@context\":\"https:\/\/schema.org\",\"@graph\":[{\"@type\":\"WebPage\",\"@id\":\"https:\/\/hcd.malargue.gov.ar\/?p=36636\",\"url\":\"https:\/\/hcd.malargue.gov.ar\/?p=36636\",\"name\":\"ORDENANZA N\u00b0 2.269\/2.024 - Malarg\u00fce HCD\",\"isPartOf\":{\"@id\":\"https:\/\/hcd.malargue.gov.ar\/#website\"},\"datePublished\":\"2024-04-17T15:19:25+00:00\",\"dateModified\":\"2024-04-17T15:32:13+00:00\",\"author\":{\"@id\":\"https:\/\/hcd.malargue.gov.ar\/#\/schema\/person\/3fd6bbab64edd703961b795156c955d0\"},\"breadcrumb\":{\"@id\":\"https:\/\/hcd.malargue.gov.ar\/?p=36636#breadcrumb\"},\"inLanguage\":\"es-AR\",\"potentialAction\":[{\"@type\":\"ReadAction\",\"target\":[\"https:\/\/hcd.malargue.gov.ar\/?p=36636\"]}]},{\"@type\":\"BreadcrumbList\",\"@id\":\"https:\/\/hcd.malargue.gov.ar\/?p=36636#breadcrumb\",\"itemListElement\":[{\"@type\":\"ListItem\",\"position\":1,\"name\":\"Inicio\",\"item\":\"https:\/\/hcd.malargue.gov.ar\/\"},{\"@type\":\"ListItem\",\"position\":2,\"name\":\"ORDENANZA N\u00b0 2.269\/2.024\"}]},{\"@type\":\"WebSite\",\"@id\":\"https:\/\/hcd.malargue.gov.ar\/#website\",\"url\":\"https:\/\/hcd.malargue.gov.ar\/\",\"name\":\"Malarg\u00fce HCD\",\"description\":\"Malarg\u00fce Mendoza Argentina\",\"potentialAction\":[{\"@type\":\"SearchAction\",\"target\":{\"@type\":\"EntryPoint\",\"urlTemplate\":\"https:\/\/hcd.malargue.gov.ar\/?s={search_term_string}\"},\"query-input\":\"required name=search_term_string\"}],\"inLanguage\":\"es-AR\"},{\"@type\":\"Person\",\"@id\":\"https:\/\/hcd.malargue.gov.ar\/#\/schema\/person\/3fd6bbab64edd703961b795156c955d0\",\"name\":\"Belen Pedernera Ferragut\",\"image\":{\"@type\":\"ImageObject\",\"inLanguage\":\"es-AR\",\"@id\":\"https:\/\/hcd.malargue.gov.ar\/#\/schema\/person\/image\/\",\"url\":\"https:\/\/secure.gravatar.com\/avatar\/1054ffab3893de4bb3eb29bdd22f7e34b8537bf5d34d9dab311818154ad5b71f?s=96&d=mm&r=g\",\"contentUrl\":\"https:\/\/secure.gravatar.com\/avatar\/1054ffab3893de4bb3eb29bdd22f7e34b8537bf5d34d9dab311818154ad5b71f?s=96&d=mm&r=g\",\"caption\":\"Belen Pedernera Ferragut\"},\"url\":\"https:\/\/hcd.malargue.gov.ar\/?author=5\"}]}<\/script>\n<!-- \/ Yoast SEO plugin. -->","yoast_head_json":{"title":"ORDENANZA N\u00b0 2.269\/2.024 - Malarg\u00fce HCD","robots":{"index":"index","follow":"follow","max-snippet":"max-snippet:-1","max-image-preview":"max-image-preview:large","max-video-preview":"max-video-preview:-1"},"canonical":"https:\/\/hcd.malargue.gov.ar\/?p=36636","og_locale":"es_ES","og_type":"article","og_title":"ORDENANZA N\u00b0 2.269\/2.024 - Malarg\u00fce HCD","og_description":"Mediante la Ordenanza aprobada los Concejales solicitaron al Departamento Ejecutivo Municipal que realice las gestiones pertinentes para la Declaraci\u00f3n de Patrimonio Hist\u00f3rico y Cultural al edificio donde funciona desde hace m\u00e1s de 58 a\u00f1os, Radio Nacional Malarg\u00fce y FM 88.1 Payunia, por representar un testimonio hist\u00f3rico e identitario del Departamento y por el significativo valor [&hellip;]","og_url":"https:\/\/hcd.malargue.gov.ar\/?p=36636","og_site_name":"Malarg\u00fce HCD","article_published_time":"2024-04-17T15:19:25+00:00","article_modified_time":"2024-04-17T15:32:13+00:00","og_image":[{"width":940,"height":788,"url":"https:\/\/hcd.malargue.gov.ar\/wp-content\/uploads\/2024\/04\/ORDENANZA-2269-2024.png","type":"image\/png"}],"author":"Belen Pedernera Ferragut","twitter_card":"summary_large_image","twitter_misc":{"Escrito por":"Belen Pedernera Ferragut","Tiempo de lectura":"7 minutos"},"schema":{"@context":"https:\/\/schema.org","@graph":[{"@type":"WebPage","@id":"https:\/\/hcd.malargue.gov.ar\/?p=36636","url":"https:\/\/hcd.malargue.gov.ar\/?p=36636","name":"ORDENANZA N\u00b0 2.269\/2.024 - Malarg\u00fce HCD","isPartOf":{"@id":"https:\/\/hcd.malargue.gov.ar\/#website"},"datePublished":"2024-04-17T15:19:25+00:00","dateModified":"2024-04-17T15:32:13+00:00","author":{"@id":"https:\/\/hcd.malargue.gov.ar\/#\/schema\/person\/3fd6bbab64edd703961b795156c955d0"},"breadcrumb":{"@id":"https:\/\/hcd.malargue.gov.ar\/?p=36636#breadcrumb"},"inLanguage":"es-AR","potentialAction":[{"@type":"ReadAction","target":["https:\/\/hcd.malargue.gov.ar\/?p=36636"]}]},{"@type":"BreadcrumbList","@id":"https:\/\/hcd.malargue.gov.ar\/?p=36636#breadcrumb","itemListElement":[{"@type":"ListItem","position":1,"name":"Inicio","item":"https:\/\/hcd.malargue.gov.ar\/"},{"@type":"ListItem","position":2,"name":"ORDENANZA N\u00b0 2.269\/2.024"}]},{"@type":"WebSite","@id":"https:\/\/hcd.malargue.gov.ar\/#website","url":"https:\/\/hcd.malargue.gov.ar\/","name":"Malarg\u00fce HCD","description":"Malarg\u00fce Mendoza Argentina","potentialAction":[{"@type":"SearchAction","target":{"@type":"EntryPoint","urlTemplate":"https:\/\/hcd.malargue.gov.ar\/?s={search_term_string}"},"query-input":"required name=search_term_string"}],"inLanguage":"es-AR"},{"@type":"Person","@id":"https:\/\/hcd.malargue.gov.ar\/#\/schema\/person\/3fd6bbab64edd703961b795156c955d0","name":"Belen Pedernera Ferragut","image":{"@type":"ImageObject","inLanguage":"es-AR","@id":"https:\/\/hcd.malargue.gov.ar\/#\/schema\/person\/image\/","url":"https:\/\/secure.gravatar.com\/avatar\/1054ffab3893de4bb3eb29bdd22f7e34b8537bf5d34d9dab311818154ad5b71f?s=96&d=mm&r=g","contentUrl":"https:\/\/secure.gravatar.com\/avatar\/1054ffab3893de4bb3eb29bdd22f7e34b8537bf5d34d9dab311818154ad5b71f?s=96&d=mm&r=g","caption":"Belen Pedernera Ferragut"},"url":"https:\/\/hcd.malargue.gov.ar\/?author=5"}]}},"_links":{"self":[{"href":"https:\/\/hcd.malargue.gov.ar\/index.php?rest_route=\/wp\/v2\/posts\/36636","targetHints":{"allow":["GET"]}}],"collection":[{"href":"https:\/\/hcd.malargue.gov.ar\/index.php?rest_route=\/wp\/v2\/posts"}],"about":[{"href":"https:\/\/hcd.malargue.gov.ar\/index.php?rest_route=\/wp\/v2\/types\/post"}],"author":[{"embeddable":true,"href":"https:\/\/hcd.malargue.gov.ar\/index.php?rest_route=\/wp\/v2\/users\/5"}],"replies":[{"embeddable":true,"href":"https:\/\/hcd.malargue.gov.ar\/index.php?rest_route=%2Fwp%2Fv2%2Fcomments&post=36636"}],"version-history":[{"count":4,"href":"https:\/\/hcd.malargue.gov.ar\/index.php?rest_route=\/wp\/v2\/posts\/36636\/revisions"}],"predecessor-version":[{"id":36641,"href":"https:\/\/hcd.malargue.gov.ar\/index.php?rest_route=\/wp\/v2\/posts\/36636\/revisions\/36641"}],"wp:featuredmedia":[{"embeddable":true,"href":"https:\/\/hcd.malargue.gov.ar\/index.php?rest_route=\/wp\/v2\/media\/36642"}],"wp:attachment":[{"href":"https:\/\/hcd.malargue.gov.ar\/index.php?rest_route=%2Fwp%2Fv2%2Fmedia&parent=36636"}],"wp:term":[{"taxonomy":"category","embeddable":true,"href":"https:\/\/hcd.malargue.gov.ar\/index.php?rest_route=%2Fwp%2Fv2%2Fcategories&post=36636"},{"taxonomy":"post_tag","embeddable":true,"href":"https:\/\/hcd.malargue.gov.ar\/index.php?rest_route=%2Fwp%2Fv2%2Ftags&post=36636"}],"curies":[{"name":"wp","href":"https:\/\/api.w.org\/{rel}","templated":true}]}}