{"id":36716,"date":"2024-05-02T08:49:58","date_gmt":"2024-05-02T11:49:58","guid":{"rendered":"https:\/\/hcd.malargue.gov.ar\/?p=36716"},"modified":"2024-05-15T11:16:25","modified_gmt":"2024-05-15T14:16:25","slug":"acta-sesion-ordinaria-n-1-155-o-2-024","status":"publish","type":"post","link":"https:\/\/hcd.malargue.gov.ar\/?p=36716","title":{"rendered":"ACTA 7\u00b0 SESION ORDINARIA N\u00b0 1.155 -\u201c O\u201d &#8211; 25\/04\/2.024"},"content":{"rendered":"<div class=\"wp-block-image\">\n<figure class=\"alignright size-full is-resized\"><a href=\"http:\/\/hcd.malargue.gov.ar\/2024\/7%20ACTA%20ORDINARIA%20N%20%201155%202024.pdf\"><img loading=\"lazy\" decoding=\"async\" width=\"512\" height=\"512\" src=\"https:\/\/hcd.malargue.gov.ar\/wp-content\/uploads\/2018\/06\/PDF-JPG.jpg\" alt=\"\" class=\"wp-image-7950\" style=\"width:123px;height:auto\" srcset=\"https:\/\/hcd.malargue.gov.ar\/wp-content\/uploads\/2018\/06\/PDF-JPG.jpg 512w, https:\/\/hcd.malargue.gov.ar\/wp-content\/uploads\/2018\/06\/PDF-JPG-150x150.jpg 150w, https:\/\/hcd.malargue.gov.ar\/wp-content\/uploads\/2018\/06\/PDF-JPG-300x300.jpg 300w\" sizes=\"auto, (max-width: 512px) 100vw, 512px\" \/><\/a><\/figure>\n<\/div>\n\n\n<p>En Malarg\u00fce Mendoza a veinticinco d\u00edas de abril&nbsp; de 2024, cuando es la hora 09:30&nbsp; se re\u00fane el Honorable Concejo Deliberante de la Municipalidad de Malarg\u00fce para celebrar la Sesi\u00f3n Ordinaria del dia de la fecha.\/ Bajo la&nbsp;&nbsp; Presidencia de su titular Sr. Rodrigo HIDALGO y la presencia de los Se\u00f1ores&nbsp; Concejales Viviana Mosca, Pablo Villarruel, Mart\u00edn&nbsp; Palma, Francisco Parada, Silvina Camiolo, Emilce Mansilla, Magali&nbsp; Acosta y Pablo Cabrera.\/ Se firma del Libro de Asistencia donde consta la ausencia de la&nbsp; Concejal Elizabeth Gonzalez con nota.\/\/&nbsp;&nbsp; a) Para dar comienzo al desarrollo del Orden del d\u00eda&nbsp; se invita al Concejal&nbsp; Francisco Parada&nbsp; a izar la Ense\u00f1a Patria.\/\/ b) Homenaje de los Se\u00f1ores Concejales: No hay solicitudes.\/\/&nbsp; c) Consideraci\u00f3n Acta Sesi\u00f3n Ordinaria N\u00b0 1.154 \u201cO\u201d 2.024.\/ PRESIDENCIA pone a consideraci\u00f3n el acta y es APROBADA.\/\/ d) Lectura del detalle de la correspondencia recibida y emitida: Notas Ingresadas: 1. Ing. Javier Macario, Jefe&nbsp; Agencia&nbsp; de Extensi\u00f3n Rural&nbsp; INTA Malarg\u00fce, invita&nbsp; a formar parte del Consejo&nbsp; Local Asesor&nbsp; (CLA) de la&nbsp; Unidad.\/ Pasa a Comisi\u00f3n OPTyRN.\/ 2. Sr. Jos\u00e9 Manuel Rojas, solicita audiencia&nbsp; con la Comisi\u00f3n de Hacienda, Presupuesto, Legislaci\u00f3n y Asuntos Constitucionales, para abordar conflicto en tierras de Ca\u00f1ada Colorada. Pasa a Comisi\u00f3n de HPLAC.\/ 3. Sra.&nbsp; Ver\u00f3nica Contreras, solicita reuni\u00f3n con la Comisi\u00f3n de G\u00e9nero, Equidad y Diversidad, para exponer problemas referidos a&nbsp; discriminaci\u00f3n&nbsp; y baja de contrato laboral. Pasa a Comisi\u00f3n de Genero, Equidad y Diversidad.\/ 4. Departamento Ejecutivo Municipal, eleva Convenios&nbsp; existentes firmados con el vecino Pa\u00eds de Chile, a solicitud de la Comisi\u00f3n de Pasos Internacionales y Asuntos Regionales. Pasa a Comision de Pasos Internacionales y Asuntos Regionales.\/ 5. Dra. Daiana Carolina Jaque, Contador&nbsp; P\u00fablico Nacional, en nombre de la Tecnicatura Superior en Administraci\u00f3n P\u00fablica IES N\u00ba 9-018, solicita&nbsp; autorizaci\u00f3n&nbsp; para pr\u00e1cticas profesionales del alumnado&nbsp; en el Honorable Concejo Deliberante. Por PRESIDENCIA.\/ 6. Concejal&nbsp; Elizabeth Gonz\u00e1lez, Bloque Uni\u00f3n Mendocina, informa ausencia a Sesi\u00f3n del d\u00eda de&nbsp; la fecha. Pasa a ARCHIVO.\/\/ Notas&nbsp; Emitidas: 1. Al Director de Gesti\u00f3n de Inmuebles Fiscales, a las Legisladoras Provinciales&nbsp; por el Departamento de Malarg\u00fce,&nbsp; remitiendo copia de la Resoluci\u00f3n N\u00ba 064\/2.024, solicitando modificaci\u00f3n&nbsp; Art. 10\u00ba inc. A y B de la Ley Provincial N\u00ba 9.202, para conocimiento y efectos que estime corresponder.\/ 2.A la Sra. Liliana Satorres, informando&nbsp; que podr\u00e1 hacer uso de la Banca del Ciudadano.\/\/ e) Determinaci\u00f3n de los temas que ser\u00e1n incluidos en el punto Asuntos Varios y puesta a consideraci\u00f3n de mociones de tratamientos sobre tablas de diversos expedientes.\/ Solicita la palabra el Concejal PALMA y manifiesta: Para solicitar al Cuerpo la desafectaci\u00f3n del despacho que se encuentra en la Comisi\u00f3n de Hacienda, Presupuesto, Legislaci\u00f3n y Asuntos Constitucionales referido al Expediente N\u00b0 5.404 HC 063 del a\u00f1o 2024. Este proyecto es un proyecto que refiere a una Resoluci\u00f3n, en la que le hemos solicitado al Se\u00f1or Intendente no se realice o considere no efectuar ning\u00fan tipo de descuento salarial sobre el personal municipal en ejercicio de su leg\u00edtimo derecho a huelga. Esto es de los bloques Reconstruyendo Malarg\u00fce, UCR&nbsp; Independiente, Uni\u00f3n Mendocina y Cambia Mendoza, si. Sr. Presidente quiero justificar el pedido de este despacho, el cual se trabaj\u00f3 el d\u00eda martes, entendiendo, que bueno en esta semana y lo que queda de la otra se realiza el cierre y &nbsp;la liquidaci\u00f3n de haberes de los empleados municipales. Sabemos que se ha procedido a las notificaciones, a distintos agentes, nos han llegado algunas de ellas, donde se los notifica de que sufrir\u00e1n el descuento del d\u00eda, en el cual se llev\u00f3 adelante la manifestaci\u00f3n, pero esto tambi\u00e9n conlleva aparejado la p\u00e9rdida de presentismo. Todos sabemos que hoy la situaci\u00f3n econ\u00f3mica en la cual se encuentra inmersa la Argentina, es muy dif\u00edcil y sabemos tambi\u00e9n, que hay empleados municipales, que se adhirieron a esta medida que estuvo legalmente informada, &nbsp;y encuadra dentro de lo que marca la Constituci\u00f3n y creemos que en este contexto, donde muchas veces, vemos la triste realidad que est\u00e1 atravesando este Pa\u00eds, hoy sacarle 50, 60 o 70 mil pesos a un empleado que cobra 130.000 y que tiene un grupo familiar que sostener, va a ser por ende, muy dif\u00edcil de sostener el pr\u00f3ximo mes. Yo entiendo que por ah\u00ed nuestra Resoluci\u00f3n no tiene, no tiene m\u00e1s que una expresi\u00f3n de deseo de que esto no suceda, misma expresi\u00f3n de deseo que hemos llevado adelante como Instituci\u00f3n en otros momentos y en otros gobiernos de otros colores pol\u00edticos. Creo que la Instituci\u00f3n siempre debe tener un mismo comportamiento, yo en esto, me toc\u00f3 atravesar dos gestiones de mi color, a la cual le ped\u00ed, mediante esta Resoluci\u00f3n, Resoluciones que fueron presentadas por otros bloques y decidimos acompa\u00f1arla, porque cre\u00edamos y est\u00e1bamos convencidos de que no era la metodolog\u00eda de poder solucionar esta situaci\u00f3n, ni tampoco iba a ser, como decirlo, que se recuperara las arcas municipales, miren me refiero a la Resoluci\u00f3n 040 del a\u00f1o 22, presentado en aquel momento por un bloque opositor al gobierno, no y acompa\u00f1ado por todos los bloques que integraban&nbsp; este Concejo. Tambi\u00e9n sucedi\u00f3 en la gesti\u00f3n de Vergara y por qu\u00e9 lo traigo a colaci\u00f3n a esto, porque soy para los que me conocen y los que me han visto trabajar saben, que siempre tengo la misma manera de actuar, no importa el color pol\u00edtico, lo que est\u00e1 mal, siempre va a estar mal, y en este caso no importa quien est\u00e9 gobernando, voy a hacer la solicitud para que no se le descuente, porque gracias a ese esfuerzo que hicieron algunos empleados municipales, todos recibieron este aumento, que si no hubiese sido por esa batalla, si hubiese cerrado en la primera oferta, no? Y esta batalla, nombre de batalla folcl\u00f3ricamente entre el Gremio y el Estado municipal,&nbsp; termin\u00f3 beneficiando a todos por igual. Pero hoy quienes llevaron adelante esa medida, van a ser severamente castigados con este descuento. Entonces, simplemente es solicitarle al Intendente, que tenga buena voluntad en esta situaci\u00f3n, y que lo tome a este pedido. Que tome este pedido que puede llegar a expresar este Cuerpo, intentamos hacerlo la semana pasada. Si ustedes recuerdan en la sesi\u00f3n, darle tratamiento Sobre Tablas. Bueno, no prosper\u00f3, lo llevamos a la Comisi\u00f3n, lo trabajamos el d\u00eda martes y lo trabajamos el d\u00eda martes, porque es similar, para no decir igual a lo que le sacamos en su momento a la Gesti\u00f3n anterior, la misma Resoluci\u00f3n, el mismo contenido, porque seguimos considerando que son los principios por los cuales los pedimos, porque lo pedimos por principios, quiero entender que todo el Cuerpo trabaj\u00f3 en funci\u00f3n a sus principios, no por colores pol\u00edticos. Entonces, por eso lo sacamos, porque cre\u00edamos y est\u00e1bamos convencidos que &nbsp;era la manera de llevar tranquilidad a esos hogares de esos empleados municipales y tambi\u00e9n apaciguar estos \u00e1nimos tan caldeados que estaban en este momento. Bueno, hoy creemos lo mismo, porque los principios, no deben cambiar de las personas en funci\u00f3n del color pol\u00edtico, deben ser siempre los mismos, Se\u00f1or Presidente por eso le pido al resto de los Ediles aqu\u00ed presentes que tengan ese gesto y esa muestra de principios. Y que solamente acompa\u00f1en esta desafectaci\u00f3n para que se lo podamos pedir al Intendente. No es una orden es simplemente solicitarle, que se ponga en el lugar del otro, ser emp\u00e1tico, ya lo hicieron anteriormente otros mandatarios de esta Comuna. Entonces creo que puede tener el mismo gesto, simplemente eso Se\u00f1or Presidente &nbsp;no me voy a extender mucho m\u00e1s. Y bueno, solicit\u00f3 que se ponga a consideraci\u00f3n la moci\u00f3n en funci\u00f3n a este expediente ya antes mencionado.\/\/ Solicita la palabra la concejal CAMIOLO quien expresa: Para reiterar mi acompa\u00f1amiento porque creo que cuando se trata del bolsillo de los trabajadores, de la comida de la mesa de los empleados, es muy triste saber que hay empleados municipales, que han quitado las cenas de sus hijos o las meriendas, est\u00e1n comiendo escasamente una vez por d\u00eda, y me parece que un descuento, que sacando las cuentas era cercano a los 30.000 es much\u00edsimo y adem\u00e1s considerando lo que est\u00e1n ganando, cuando el esfuerzo, la pol\u00edtica, y ya lo he dicho en otras oportunidades, no lo est\u00e1 haciendo en sus estratos m\u00e1s altos. Entonces, as\u00ed como estamos pidi\u00e9ndole el esfuerzo a los trabajadores, que ganas le va a quedar a un empleado municipal de reclamar, cuando adem\u00e1s, el reclamo ha generado efectos y ha surtido efectos, si se tomaba la primer propuesta era muy inferior a lo que se logr\u00f3, por tanto, hay resultados cuando se lucha. Qu\u00e9 ganas va a tener una persona, de adherirse o de escuchar a un gremio, cuando convoca a una huelga, un reclamo, un quite de colaboraci\u00f3n que es constitucional, porque ac\u00e1 estamos, adem\u00e1s obviando y olvidando que el reclamo es justo, por mejores condiciones laborales, es constitucional y es parte del trabajo, o sea, no es que est\u00e1 por fuera del trabajo y no es que la lucha hay que hacerla como se hac\u00eda antes en las calles, hoy la lucha est\u00e1 amparada por la Constituci\u00f3n, que lo puedas hacer, como parte de tu trabajo es un reclamo justo y es un reclamo que te dignifica, sin contar a todos los Convenios Colectivos de Trabajo, Convenios Internacionales a los que ha suscripto Argentina, pero m\u00e1s all\u00e1 de eso, entendemos que fue una lucha convocada por un Gremio que tiene la habilitaci\u00f3n y que tiene la facultad legal de hacerlo. A la que algunos empleados adhirieron y otros no, pero qu\u00e9 ganas si esta vez se descuenta esa cantidad de salario, que ganas le queda a un trabajador municipal luego, de reclamar y lo que nosotros estamos pidiendo es una expresi\u00f3n de deseos, no es vinculante, tambi\u00e9n tengo que decir y es un pedido al Intendente que reconsidere, as\u00ed como se lo pedimos a Vergara y se lo hemos pedido a Ojeda, tengo que decir que, luego Ojeda quit\u00f3, pero luego devolvi\u00f3, despu\u00e9s de la Resoluci\u00f3n que sac\u00f3 el Concejo y lo dijeron los chicos de ATE, el otro d\u00eda y para nosotros, fue haber estado parados en justamente, del lado de la balanza, que menos pesa, siempre del trabajador y las clases, incluso m\u00e1s bajas y m\u00e1s empobrecidas y que son las que menos posibilidades y condiciones tienen. Entonces un poco, si, si se quiere y si se pudiera es dar equidad, a esa situaci\u00f3n en este caso y habiendo en teor\u00eda una oposici\u00f3n mayoritaria, creo que con m\u00e1s raz\u00f3n este proyecto tendr\u00eda que salir y es una expresi\u00f3n de deseos, pero del arco pol\u00edtico local, s\u00ed, del arco pol\u00edtico, o sea creo que el planteo adem\u00e1s pol\u00edtico, me parece no solamente v\u00e1lido, sino que leg\u00edtimo en este momento que se desafecte y llegue, creo que pol\u00edtica debe estar del lado de los m\u00e1s desfavorecidos, de los m\u00e1s d\u00e9biles, una vez m\u00e1s. Gracias Sr. Presidente.\/\/ PRESIDENCIA pone a consideraci\u00f3n la moci\u00f3n del Concejal Palma&nbsp; dando el resultado de 4 votos por la afirmativa, 4 votos por la negativa. NO PROSPERA ya que requiere los dos tercios o sea 6 votos afirmativos.\/\/ f) Proyectos de los Se\u00f1ores Concejales:<em>&nbsp;&nbsp;&nbsp;&nbsp;<\/em>1. Expte N\u00b0 5.409 HC 063 -2.024 Proyecto de Ordenanza: Regulaci\u00f3n de la Carrera Municipal Docente.(INTERBLOQUE RECONSTRUYENDO MALARG\u00dcE \u2013 UCR INDEPENDIENTE \u2013 FRENTE CAMBIA MENDOZA Y UNION&nbsp; MENDOCINA) Autores: Concejales Silvina Camiolo, Mart\u00edn Palma y &nbsp;Elizabeth Gonz\u00e1lez. &nbsp;&nbsp;Solicita la palabra la Concejal CAMIOLO manifestando: Se\u00f1or Presidente gracias, es un proyecto largo que ha sido trabajado con mucho respeto y cuidando todas las normativas vigentes, simplemente explicar que si bien desde el municipio de Malarg\u00fce se imparte educaci\u00f3n hace muchos a\u00f1os, nunca se dio la jerarquizaci\u00f3n de la creaci\u00f3n de la carrera docente, y en este punto decir que los docentes municipales han estado exentas de la pol\u00edtica de turno, de la pol\u00edtica partidaria y han sido presa de justamente las voluntades de estos pol\u00edticos de turno, incluso hasta para poder mantener sus trabajos, deb\u00edan agremiarse, afiliarse a gremios y cu\u00e1ntas cosas m\u00e1s que rozan la ilegalidad y ellos, as\u00ed y todo han seguido trabajando, como docentes, lo han hecho y lo han hecho de la mejor manera posible, tenemos que sentirnos orgullosos de los lugares como lo son los CAE, primaria y secundaria, los Jardines Maternales, una pol\u00edtica p\u00fablica adem\u00e1s que ha sido modelo para el resto de la Provincia e incluso hay Departamentos en los que este tipo de pol\u00edtica educativa no existe. No, solamente se llega con educaci\u00f3n formal, sino tambi\u00e9n, con todo lo que es la educaci\u00f3n, no formal y he podido ir y estar con ellos, cuando los docentes hasta hacen de terapeutas, de m\u00e9dicos, de enfermeros, de todo, porque bueno, son lugares a donde justamente desde otras instituciones no se llega, a familias que de otra manera, no se llegar\u00eda y tienen una inclusi\u00f3n y un trabajo activo, pero no tienen un reconocimiento activo en lo que es el escalaf\u00f3n municipal. La 1079 es una Ley sancionada en 1934 cuando la educaci\u00f3n depend\u00eda de Naci\u00f3n y reci\u00e9n se estaba comenzando a trabajar la federalizaci\u00f3n de la educaci\u00f3n, es decir que las Provincias, se hicieran cargo de eso, era impensado que un municipio tuviera a su cargo la educaci\u00f3n, porque justamente las exigencias y las necesidades eran otras. Ven\u00edan por otro lado y ustedes habr\u00e1n escuchado nuestros abuelos incluso decir y hablar de los Colegios Nacionales, porque la educaci\u00f3n era nacional y estaba&nbsp; en las esferas nacionales, luego se logr\u00f3, que la educaci\u00f3n estuviera a cargo de las Provincias y las Provincias tuvieran la posibilidad de armar, sus propias curr\u00edculas y tener cierta autonom\u00eda, tambi\u00e9n en funci\u00f3n de las regiones.&nbsp; Argentina es un pa\u00eds muy grande, es muy diverso y creo que ha sido una muy buena pol\u00edtica descentralizar la educaci\u00f3n a las Provincias y as\u00ed es, se logr\u00f3 que cada Provincia maneje y plantee sus propios planes de estudio, los Municipios en ese punto para el a\u00f1o 34 no ten\u00edan participaci\u00f3n en lo que era la elaboraci\u00f3n de las curr\u00edculas educativas, sin embargo y producto posterior a lo que fueron las crisis del a\u00f1o 2001, es que se vio la necesidad que a trav\u00e9s de la educaci\u00f3n como espacio de contenci\u00f3n, muchos Municipios tomaron la determinaci\u00f3n de realizar estos Centros de Apoyo Educativo, en cada municipio tienen otros nombres pero principalmente para la contenci\u00f3n de la juventudes y de ni\u00f1os, ni\u00f1as y tambi\u00e9n de las familias, porque terminaron siendo el nexo principal entre el Estado y las familias que hab\u00edan ya comenzado a descreer de la institucionalidad del Estado.&nbsp; As\u00ed es como se largo y tengo que reconocer que se toma la iniciativa pol\u00edtica de iniciar con los Jardines Maternales Municipales y tambi\u00e9n con los Centros de Apoyo Educativo, alguno de estos docentes lograron tener una contrataci\u00f3n a nivel provincial y tienen sus salarios y su bono de sueldo por fondos provinciales, pero la demanda comenz\u00f3 a crecer y tambi\u00e9n con un muy buen tino, del gobierno municipal, esos docentes pasaron a la r\u00fabrica de lo que es la planta municipal, sin embargo, el que es docente provincial recibe otro tipo de trato. Porque justamente est\u00e1 en otra \u00f3rbita, que el que es docente municipal de hecho hasta hace muy poquito tiempo vimos que hasta los bonos ven\u00edan con tareas de Auxiliares Administrativos, algo que obviamente no es l\u00f3gico, porque ellos est\u00e1n a cargo de estudiantes, a partir de ah\u00ed vimos, que ten\u00edamos la necesidad de crear la carrera docente. Buscamos jurisprudencia existen otros municipios, que tienen la carrera docente y tambi\u00e9n la posibilidad de que esta carrera justamente se admita. Ustedes ver\u00e1n que estamos planteando b\u00e1sicamente la creaci\u00f3n de la carrera y la posibilidad del escalafonamiento en funci\u00f3n tambi\u00e9n de lo que el Ejecutivo manifest\u00f3, en reuniones privadas con respecto, a qu\u00e9 clases pod\u00edan llegarse a asignar a los docentes, a los directivos, hemos respetado tambi\u00e9n esa voluntad que manifestar\u00e1 la Contadora General, pero b\u00e1sicamente estamos insistiendo con equiparar por el Art\u00edculo 14 de la Constituci\u00f3n, igual tarea, igual remuneraci\u00f3n, es decir que un docente provincial y un docente municipal tienen que tener medianamente las mismas condiciones laborales de licencias y de remuneraci\u00f3n que est\u00e1n teniendo los provinciales. a ese respecto hemos establecido tambi\u00e9n y en funci\u00f3n de la 5811 el Art\u00edculo 71, la posibilidad que los reg\u00edmenes de licencia sean distintos, porque lo que se nos plante\u00f3 tambi\u00e9n desde el Ejecutivo, es que la licencia del empleado municipal es una y est\u00e1 especificada en esa Ley y obviamente que la licencia del docente provincial es distinta porque tiene otro tipo de estudios y otro tipo de requerimiento de servicio, sabemos que es ardua, que es estar frente a alumnos y precisa recesos y eso est\u00e1 m\u00e1s que estudiado , hay adem\u00e1s los estudios nacionales e internacionales que as\u00ed lo avalan, donde entonces solicitamos que la licencia del docente municipal sea exactamente la misma que plantea la Direcci\u00f3n de Escuelas, ni m\u00e1s ni menos, y finalmente con respecto a la posibilidad de escalafonamiento, intentamos que exista un grado de transparencia sin quitarle al Ejecutivo, las facultades que tiene de nombrar en los cargos a las personas, pero s\u00ed abriendo la posibilidad a que este escalafonamiento, sea por m\u00e9rito, sea por trabajo, sea por experiencia y por un testimonio educativo del educador y no por el acomodo y por el dedo y la dedocracia que tanto nos molesta y que tanto ha cansado a la sociedad y que hace obviamente que los pol\u00edticos perdamos credibilidad. Establecemos un equipo examinador que est\u00e9 conformado por el Ejecutivo, pero que tambi\u00e9n est\u00e9 conformado por los mismos docentes e incluso por los gremios, porque soy muy respetuosa de los gremios Se\u00f1or Presidente y creo que son quienes tienen que llevar adelante los reclamos de sus representados, si no hay corrupci\u00f3n en ning\u00fan nivel esto tendr\u00eda que &nbsp;ser as\u00ed. Y que permita la posibilidad que sea escalafonado por el pol\u00edtico del gobierno de turno y que adem\u00e1s genere tanto dolor y malestar a las personas que est\u00e1n bajo su \u00f3rbita. Planteamos Se\u00f1or Presidente deberes, porque no es solamente derechos, estamos reclamando derechos, pero tambi\u00e9n hay deberes y le damos al Ejecutivo en este proyecto tambi\u00e9n la facultades y c\u00f3mo es el procedimiento, sin avasallar las facultades de reglamento que tiene el Departamento Ejecutivo pero s\u00ed, planteamos la posibilidad que exista un procedimiento para desvincular cuando el docente no se ajustar\u00e1 a sus deberes, es un proyecto que plantea una mirada \u00e9tica sobre el ejercicio de la profesi\u00f3n, porque si ustedes pueden ver incluso, est\u00e1 plasmado &nbsp;en sus primeros art\u00edculos, respecto a los deberes y las obligaciones tambi\u00e9n del docente, pero tambi\u00e9n es un proyecto que plantea la \u00e9tica de la pol\u00edtica, cuando se trata de formadores, la pol\u00edtica tiene que tener un posicionamiento \u00e9tico, justo y equitativo cuando trata a sus formadores, ac\u00e1 mis colegas han puesto que defienden a la Universidad. Obviamente yo tambi\u00e9n. Gracias a la Universidad P\u00fablica, muchos hemos podido lograr salir de situaciones de pobreza, hemos logrado escalafonar, esa defensa de la cosa p\u00fablica en la educaci\u00f3n tiene que ser en todos los niveles y no solamente cuando es una consigna nacional tambi\u00e9n en lo local y creo en ese punto, que cuando se le trae a un docente el modelo de renuncia, si no est\u00e1 de acuerdo con el salario, es una falta absoluta de respeto a todos los docentes, que obviamente est\u00e1n afectados, pero adem\u00e1s a la educaci\u00f3n en general, porque Argentina tom\u00f3 un posicionamiento respecto a la educaci\u00f3n, s\u00ed creo que hay que dar todas las discusiones y que el pa\u00eds merece darse todas las discusiones posibles y en educaci\u00f3n no es un tema menor. Si hay que dar la discusi\u00f3n, pero me parece que si no sentamos las bases para competencia digna, para competencia equitativa y para cuidar a quienes est\u00e1n educando, no vamos a lograr nada. Es un proyecto que puede ser modificado y por eso estoy pidiendo que pase a dos comisiones para que se le pueda hacer todos los aportes que sean necesarios, no creo que algo tan sensible como la educaci\u00f3n pueda venir en el Presupuesto como s\u00ed lo manifest\u00f3 en su momento la Contadora General y as\u00ed como lo hice en privado, lo digo, p\u00fablicamente ustedes ver\u00e1n que son cerca de 15 p\u00e1ginas de trabajo de fundamentos y de fundamentos cient\u00edficos y t\u00e9cnicos. Esto no se puede resolver en el \u00e1mbito pol\u00edtico de un presupuesto, porque en el presupuesto ingresan un mont\u00f3n de otras discusiones donde creo que hay que de una vez por todas, tomar la decisi\u00f3n de desajustar, de correrlo, desvincular al docente de una discusi\u00f3n pol\u00edtica e infruct\u00edfera y en alg\u00fan momento darles las respuestas que hay que darles, la estabilidad que necesitan y por otro lado las exigencias tambi\u00e9n que van a quedar aqu\u00ed plasmadas. Creo que he dicho a grandes rasgos de lo que se trata, he planteado lo que fue el sistema de ascensos, pido que no se lea nada del proyecto, porque tanto los considerandos, como el articulado es largo, pero que podemos trabajarlo los Concejales y quiero agradecer a mis colegas, que no solamente me acompa\u00f1aron en la firma, sino que dieron su punto de vista y sus agregados, que obviamente han sido tenidos en cuenta, muchas gracias, Se\u00f1or Presidente. Solicita la palabra el Concejal VILLARRUEL expresa;&nbsp; Voy acompa\u00f1ar con la firma. S\u00ed, por supuesto, si la autora del proyecto me lo autoriza, por supuesto Se\u00f1or Presidente, lo le\u00ed varias veces, porque la verdad que me pareci\u00f3 impecable, realmente. Me da mucha alegr\u00eda tambi\u00e9n que surjan estas cosas, tan buenas iniciativas.\/\/ Pasa a Comisi\u00f3n de E.H.M.A.S y C con posterior pase a H.P.L.A.C.\/\/ 2. Expte N\u00b0 5.410 HC 063 \u2013 2.024 Proyecto de&nbsp; Declaraci\u00f3n: Declarar de Inter\u00e9s Departamental Social y Educativo el \u201cPrograma&nbsp; Protecci\u00f3n y Orientaci\u00f3n del Derecho a la Escolaridad. (PODEs)&nbsp; BLOQUE PARTIDO JUSTICIALISTA. Autor: Concejal&nbsp; Magal\u00ed Acosta, Pablo Cabrera y Emilce Mansilla.\/ Solicita la palabra la Concejal ACOSTA manifestando al respecto: Quer\u00eda fundamentar un poquito de c\u00f3mo nace este Proyecto de Declaraci\u00f3n. Hace aproximadamente una semana, tuve la oportunidad de conocer a la profesora que est\u00e1 a cargo de la coordinaci\u00f3n a nivel provincial que es la Profesora Claudia Abdon, como su nombre lo dice, es de protecci\u00f3n y orientaci\u00f3n del derecho a la educaci\u00f3n que entre los educadores es m\u00e1s conocido como programa PODEs. Tambi\u00e9n tuve la oportunidad de participar &nbsp;en un encuentro con los diferentes gabinetes de las escuelas que tenemos en el Departamento y me alegra saber que se ha venido trabajando de manera interdisciplinaria e interministerial en varios Departamentos de la Provincia con este programa. &nbsp;Hoy celebro que podamos tener la oportunidad de &nbsp;contar con dicho programa, en las diferentes escuelas del Departamento y tambi\u00e9n destacar que se va a contar con un agente territorial, que es una profesional malarg\u00fcina de la educaci\u00f3n, entonces esto tambi\u00e9n va a permitir un nexo m\u00e1s cercano con la coordinaci\u00f3n provincial y tambi\u00e9n un nexo m\u00e1s cercano, para los docentes de ac\u00e1 de Malarg\u00fce, para que se puedan aclarar dudas del funcionamiento del Programa y c\u00f3mo realizar los diferentes abordajes El programa consiste en un abordaje que responde a factores de \u00edndole social, econ\u00f3mico y pedag\u00f3gico con el objetivo de construir y promover herramientas necesarias a fin de garantizar la permanencia y reinserci\u00f3n de ni\u00f1os, ni\u00f1as y adolescentes en las escuelas de educaci\u00f3n primaria, educaci\u00f3n secundaria, tanto de gesti\u00f3n p\u00fablica como de gesti\u00f3n privada, subsidiadas por el Estado. Sobre todo, tambi\u00e9n cumple con un marco legal que protege este derecho a ser incluido y sostenido dentro de los sistemas de educaci\u00f3n formal, adem\u00e1s tambi\u00e9n ya cuenta con declaraciones de inter\u00e9s, en otros Departamentos como Rivadavia,&nbsp; Tunuyan, Guaymallen y tambi\u00e9n con una declaratoria de la Honorable C\u00e1mara de Senadores de la Provincia. En estos tiempos en donde el derecho a la educaci\u00f3n es cuestionado y desfinanciado me parece prioritario impulsar estos Programas desde este Honorable Cuerpo y tambi\u00e9n estos programas buscan por ah\u00ed federalizar y disminuir el ausentismo en las escuelas, que va permitiendo, digamos este acceso a la educaci\u00f3n y a que cada chico, chica pueda culminar sus estudios s\u00ed, conociendo tambi\u00e9n diferentes situaciones que por ah\u00ed se pueden vivir, pero est\u00e1 bueno que el chico sea acompa\u00f1ado en ese proceso para poder terminar su educaci\u00f3n formal, as\u00ed que quiero pedir el pase de este proyecto a la Comisi\u00f3n de Educaci\u00f3n. No necesito que se le de lectura al proyecto completo &nbsp;lo trabajaremos en comisi\u00f3n.\/ Pasa a Comisi\u00f3n de E.H.M.A.S y C.\/\/ &nbsp;3. Expte N\u00b0 5.411 HC 063 \u2013 2.024 Proyecto de Ordenanza:&nbsp; Creaci\u00f3n del Registro de Infractores Viales. &nbsp;&nbsp;&nbsp;&nbsp;&nbsp;(BLOQUE&nbsp; PARTIDO&nbsp; JUSTICIALISTA)&nbsp; Autores: Concejales Emilce Mansilla, Pablo Cabrera, Magali&nbsp; Acosta.\/ Solicita la palabra la Concejal MANSILLA y manifiesta: Gracias, se\u00f1or Presidente, bueno el objetivo de este proyecto es la creaci\u00f3n del Registro de Infractores Viales. Y esto es debido a que \u00faltimamente hemos tenido una ola de desastres en el Departamento, que est\u00e1n haciendo caso omiso a las leyes, provocando as\u00ed, accidentes, lesiones, es por eso que hemos decidido realizar la creaci\u00f3n de este registro, porque tambi\u00e9n no solamente sufren los conductores, o sea ponen en riesgo su vida propia, sino tambi\u00e9n la de terceros. Nos hemos basado mucho en la Ley, y la 9024 del a\u00f1o 2017, que es la Ley de Tr\u00e1nsito de la Provincia de Mendoza, que en su Art\u00edculo 1\u00b0, este regula&nbsp; el uso de la v\u00eda p\u00fablica y tambi\u00e9n la circulaci\u00f3n de personas, veh\u00edculos y animales. Adem\u00e1s, en su Art\u00edculo 4\u00b0 este pretende evitar colisiones, lesiones, muertes, pero tambi\u00e9n&nbsp; hace la promoci\u00f3n de la seguridad vial. Tambi\u00e9n en su Art\u00edculo 6\u00b0, este le da autonom\u00eda a las Municipalidades para que puedan dictar Ordenanzas, ya sean en el \u00e1mbito, en el l\u00edmite de la jurisdicci\u00f3n del Departamento y o sea, ser\u00eda en materia de \u00edndole local. En el Art\u00edculo 8\u00b0 corresponde &nbsp;a la Direcci\u00f3n de Seguridad Vial la organizaci\u00f3n de estos registros de conductores y tambi\u00e9n de los infractores inhabilitados y tambi\u00e9n de otros, es por eso, que es tan importante este registro porque es una herramienta muy importante para el Juzgado Vial, en donde se va a poder ser equitativo y tambi\u00e9n, o sea, se le va a poder dar un acorde a las penalidades. Me gustar\u00eda que este proyecto pase a HPLAC y si bien es posible que se pueda leer el articulado completo. Gracias, Se\u00f1or Presidente.\/\/ Por Secretaria se procede a la lectura del articulado y posterior pase a Comisi\u00f3n de HPLAC.\/\/ 4. Expte N\u00b0&nbsp; 5.412 HC 063 \u2013 2.024&nbsp; Proyecto de Ordenanza:&nbsp; Regulaci\u00f3n, control y gesti\u00f3n de aceites vegetales usados en el Departamento de Malarg\u00fce.&nbsp; (BLOQUE PARTIDO JUSTICIALISTA) Autores: &nbsp;Concejales &nbsp;Pablo Cabrera, Magal\u00ed Acosta y Emilce Mansilla. Solicita la palabra el Concejal CABRERA y expresa:&nbsp; Bueno en primer lugar buen d\u00eda para todos buen d\u00eda a los colegas concejales, al personal del Concejo, a la poblaci\u00f3n que nos est\u00e1 viendo en forma virtual y a la comunidad, que&nbsp; tambi\u00e9n se ha acercado al recinto a&nbsp; digamos a presenciar esta sesi\u00f3n. En primer lugar comentarles que este proyecto nace por necesidad de la Direcci\u00f3n de Gesti\u00f3n Ambiental,&nbsp; nosotros tenemos que entender que los residuos vinculados a lo que es la generaci\u00f3n de la cocci\u00f3n o las frituras, que es espec\u00edficamente los AVUS, se le denomina as\u00ed en la jerga, que son aceite vegetales usados est\u00e1n en la actualidad siendo parte del conjunto de los residuos urbanos que se generan en el Departamento y generan digamos, un problema en el tratamiento de los mismos. Si bien hoy los disponemos en un relleno sanitario, la intenci\u00f3n es ir mejorando d\u00eda a d\u00eda, es por esto que se plantea la posibilidad. de generar una gesti\u00f3n diferenciada de esos AVUS y darle una disposici\u00f3n final adecuada. La intenci\u00f3n que se tiene, es ordenar y bueno acompa\u00f1ar al Ejecutivo a realizar esta tarea y de esa forma empezar a sacar algunos residuos, que en definitiva para otros procedimientos pueden ser materia prima. De acuerdo a que lo que vayamos&nbsp; trabajando en comisiones, le solicit\u00f3 que se omita la lectura del articulado y de los considerandos y teniendo en cuenta que estamos en una situaci\u00f3n de emergencia ambiental que fue amparado por la Ordenanza N\u00b0 2058 del 2023, solicit\u00f3 que tenga Tratamiento Preferencial y que pase a la comisi\u00f3n de EHMASy C y seguramente que a medida que lo vayamos tratando va a ser necesario el pase&nbsp; a la Comisi\u00f3n de HPLAC.\/\/ PRESIDENCIA pone a consideraci\u00f3n la moci\u00f3n de Tratamiento Sobre Tablas y es APROBADA (5 votos en afirmativo 1 en negativo). Pasa a las Comisiones de EHMASyC y posteriormente a HPLAC con Tratamiento Preferencial.\/\/ Expte N\u00b0 5.413 HC 064 \u2013 2.024 Proyecto de Resoluci\u00f3n:&nbsp; Solicitar al Departamento Ejecutivo Municipal el mantenimiento de banquinas y reparaci\u00f3n de la calle Juan Agust\u00edn Maza. (BLOQUE&nbsp; UCR INDEPENDIENTE) &nbsp;Autor: &nbsp;Concejal Mart\u00edn&nbsp; Palma.\/ Solicita la palabra el Concejal PALMA y dice:&nbsp; &nbsp;Esta es una peque\u00f1a Resoluci\u00f3n, es simplemente a pedido de los vecinos de la zona. Sabemos que bueno, en la calle Maza, en un inicio qued\u00f3 una obra sin terminar. Bueno, ya ha tenido varias situaciones, que ayer puntualmente, pudimos charlar&nbsp; con el Director de Obras, pero m\u00e1s all\u00e1 de eso, sobre la calle Maza puntualmente, hay una situaci\u00f3n que se da respecto a la falta de limpieza de las banquinas, se da por roturas de la carpeta asf\u00e1ltica, muy transitada camino al dique, ah\u00ed un sinf\u00edn de personas que transitan por all\u00ed, que&nbsp; hacen deportes, quienes salen a caminar y dem\u00e1s. Y bueno, nada, nos han pedido, si podemos hacer algo por esta situaci\u00f3n. Nosotros como Poder Legislativo con estas Resoluciones, es una simple expresi\u00f3n de deseo, no somos quienes ejecutamos el tema de la obra, eso le corresponde a quien est\u00e1 en el Palacio Municipal, pero bueno, lo volvemos a presentar. Esto se ha presentado en otras gestiones. Creo que es un tema recurrente, que bueno, quienes van a conducir los destinos de Palacio Municipal tienen que estar enterados de las demandas del pueblo y nosotros como tal tomamos eco de eso y hacemos la presentaci\u00f3n,&nbsp; para pedirle que hagan algunos trabajos, a veces lo logramos, otras veces no, pero bueno, esta Resoluci\u00f3n tiene ese fin mejorar ese sector del Departamento hasta tanto y en cuanto se terminen esas obras y esperemos que se pueda terminar con lo que se hab\u00eda comprometido. Voy a pedir que no, no se le d\u00e9 lectura, es muy similar a otros que ya hemos presentado, se trabajar\u00e1, seguramente en la Comisi\u00f3n y pido que pase a la Comisi\u00f3n de Obras P\u00fablicas. Gracias&nbsp; Se\u00f1or Presidente.\/ Pasa a la Comisi\u00f3n de OPT y RN.\/\/ 6. Expte N\u00b0 5.414 HC 064 \u2013 2.024&nbsp; Proyecto de Declaraci\u00f3n: &nbsp;Declarar de Inter\u00e9s Departamental y Cultural las Cabalgatas de la Fe portando la Virgen de Lourdes y Virgen de las Sierras. (BLOQUE UNI\u00d3N MENDOCINA)&nbsp; Autora: Concejal Elizabeth Gonzalez. Solicita la palabra el Concejal &nbsp;Francisco PARADA&nbsp; manifestando: Gracias Se\u00f1or Presidente buenos d\u00edas para todos. Bueno, ha pedido de la autora del proyecto y bueno tambi\u00e9n voy a acompa\u00f1ar con la firma este proyecto, ha pedido que presente una&nbsp; breve s\u00edntesis, voy a tratar de ser breve, de qu\u00e9 se trata esta Declaraci\u00f3n. Se trata de obviamente dos cabalgatas, que est\u00e1n relacionados con la fe, con la religiosidad en este caso, la advocaci\u00f3n de la Virgen de Lourdes. La verdad que es muy dif\u00edcil, separar la cultura de nuestra gente de campo, con sus devociones religiosas, est\u00e1n presentes siempre, hasta el punto que ustedes que han asistido alguna vez a la Vuelta del Veranador, habr\u00e1n observado que se encuentran dos cabalgatas, portando all\u00ed la imagen de la Virgen de Lourdes, en ambas cabalgatas, una va desde Malarg\u00fce y otra viene desde las sierras, esas dos cabalgatas son las que se pretenden declarar de inter\u00e9s en este proyecto, una la de las sierras tiene ya 19 a\u00f1os que se est\u00e1 haciendo esa cabalgata y esa devoci\u00f3n a la Virgen, que la imagen de la Virgen, es llevada por el primer veranador que llega a la zona cordillerana, all\u00e1 a lo que se llama Corral de las Salinas y el \u00faltimo veranador que baja, la trae recorriendo muchas horas, hasta llegar a Bardas Blancas y se van sumando los&nbsp; que le acompa\u00f1an. Esta otra cabalgata tiene 16 a\u00f1os de vigencia, por lo tanto han perdurado en el tiempo. Sint\u00e9ticamente es eso, podr\u00edamos hablar much\u00edsimo, &nbsp;much\u00edsimo sobre el tema, pero no quiero &nbsp;abusar del tiempo que tambi\u00e9n necesita el Cuerpo. As\u00ed es que vuelvo a decir, pido acompa\u00f1ar con la firma y que vaya a la Comisi\u00f3n de EHMASyC,\/ Solicita la palabra el Concejal CABRERA y expresa, entendiendo la importancia y por ah\u00ed revalorizando el esfuerzo que &nbsp;se realiza en dichas cabalgatas pido tambi\u00e9n acompa\u00f1ar con la firma.\/ Solicita la palabra la Concejal MANCILLA, &nbsp;a m\u00ed tambi\u00e9n me gustar\u00eda acompa\u00f1ar con la firma el proyecto, es muy importante para m\u00ed tambi\u00e9n. Gracias\/&nbsp;&nbsp; Solicita la palabra la Concejal&nbsp; ACOSTA manifestando: Se\u00f1or Presidente ya que la fiesta del Veranador esta tan pr\u00f3xima, que se otorgue la Tratamiento Preferencial, as\u00ed, si esta declaraci\u00f3n prospera pueda ser entregada en la Fiesta del Veranador.\/\/ PRESIDENCIA pone a consideraci\u00f3n la moci\u00f3n de tratamiento Preferencial y es aprobado por unanimidad.\/ Pasa a EHMASyC con Tratamiento Preferencial.\/\/ 7. Expte N\u00b0 5.415 HC&nbsp; 064 \u2013 2.024&nbsp; Proyecto de Ordenanza:&nbsp; Campa\u00f1a de Concientizaci\u00f3n y prevenci\u00f3n de accidentes por animales sueltos. ( BLOQUE&nbsp; ENCUENTRO ) Autor: Concejal Francisco&nbsp; Parada. Solicita la palabra el Concejal PARADA y manifiesta: &nbsp;Se\u00f1or Presidente bueno despu\u00e9s de dos a\u00f1os que este proyecto fue vetado, en su momento, es un proyecto que naci\u00f3 por pedido de los puesteros, que hab\u00edan sufrido, a ra\u00edz de accidentes por sus animales en las rutas, hab\u00edan sufrido problemas incluso legales. Aprobamos en este Cuerpo, un proyecto con una concientizaci\u00f3n, una campa\u00f1a sobre todo dirigida a los turistas que nos suelen visitar y que desconocen que m\u00e1s que nada, es zona ganadera trashumante, de hecho, los invito al ejercicio de cerrar los ojos, bueno, no es necesario que lo cierren, pero que piensen r\u00e1pidamente si recorren todas nuestras rutas, donde hay carteles que digan despacio, zona ganadera, zona trashumante, probablemente animales sueltos. De hecho hay un Proyecto de Ordenanza aprobado para que haya carteler\u00eda de concientizaci\u00f3n, de que somos zona trashumante, nuestros puesteros conviven con nosotros d\u00eda a d\u00eda. Es el objetivo de este proyecto en su momento fue vetado volvemos de nuevo, as\u00ed que ya lo conocen al proyecto, sobre todo los que venimos de ya dos a\u00f1os en la Gesti\u00f3n del Concejo Deliberante y seguramente lo trabajaremos con el resto de los Concejales que se sumaron en diciembre del a\u00f1o pasado, as\u00ed que bueno, lo trabajaremos all\u00ed, en Hacienda directamente que lo trabajemos, por favor.\/ Solicita la palabra el Concejal CABRERA manifestando: Gracias, Se\u00f1or Presidente, la importancia del proyecto que reci\u00e9n comentaba el Concejal Parada y teniendo unos a\u00f1os de experiencia manejando en las rutas, bueno en mis anteriores trabajos, tanto en la Ruta 7 como en la 115, que son rutas que nos vinculan con el vecino pa\u00eds de Chile. Me tocaba la tarea de emitir un parte de transitabilidad y en ese parte expon\u00eda de que era un camino trashumante, principalmente la ruta 115 y la ruta 145 que son las rutas que nos vinculan con &nbsp;Chile y la verdad que entendiendo esto y sabiendo de que mucha gente no conoce que lo que es la cultura trashumante y no conoce que hay caminos que est\u00e1n cercanos a la ruta donde pasan animales, le pido al Concejal Parada, siendo autor, tambi\u00e9n poder acompa\u00f1ar con la firma.\/\/ Pasa a Comisi\u00f3n de HPLAC.\/\/ 8. Expte N\u00b0 5.416 HC 064 \u2013 2.024 Proyecto de Resoluci\u00f3n:&nbsp;&nbsp; Pedido de Informe al&nbsp; Departamento Ejecutivo Municipal respecto a aspectos financieros del a\u00f1o 2.023 y actuales. (BLOQUE RECONSTRUYENDO MALARGUE) Autora: Concejal Silvina Camiolo. Solicita la palabra la Concejal CAMIOLO y expresa: Se\u00f1or Presidente previo a exponer las generales del proyecto, quiero agradecer especialmente a las docentes que un grupo de ellas vinieron a escuchar la presentaci\u00f3n y defensa del proyecto de la creaci\u00f3n de la carrera.&nbsp; Agradecerles porque han pasado muchas horas, leyendo y releyendo y haciendo aportes y bueno adem\u00e1s decirles que estamos con el compromiso &nbsp;de acompa\u00f1arlas y ese compromiso est\u00e1 muy relacionado tambi\u00e9n, con este siguiente proyecto que he presentado y que espero podamos trabajar mejor en las comisiones. Nosotros tenemos una Declaraci\u00f3n de Emergencia Econ\u00f3mica Administrativa y Financiera, nada, que es una herramienta que dimos desde el Concejo Deliberante, teniendo cierta informaci\u00f3n respecto a lo que hab\u00eda dejado en remanentes, la gesti\u00f3n anterior y es una emergencia que cada cuatro meses se revisa, es decir, que en estos d\u00edas tiene que ser revisada y en el medio ha corrido mucha agua bajo del puente. En primer lugar. creo yo que las condiciones de di\u00e1logo que llevaron a que se declarara la emergencia, no son las actuales y vuelvo a llamar en ese punto a la reflexi\u00f3n, a los actores que &nbsp;tienen que trabajar de manera mancomunada con el Concejo Deliberante y para saber si est\u00e1 en la emergencia, lamentablemente llega informaci\u00f3n como siempre lleg\u00f3, de parte del Palacio Municipal a este Concejo y a quienes tengo que agradecer la valent\u00eda, que son siempre los empleados, ha llegado informaci\u00f3n justamente informal y por no canales formales, respecto a la situaci\u00f3n econ\u00f3mica administrativa y financiera, porque si hay que aclarar, que nosotros no hemos tenido otros informes m\u00e1s que los Decretos. Este pedido de informe surge justamente para traer un poco de claridad y tranquilidad a la ciudadan\u00eda, respecto, a que dimos una herramienta y se est\u00e1 utilizando de manera correcta. La herramienta de la emergencia, agrega facultades al Intendente de las que ya le marca la 1079, facultades que creemos en ese momento eran oportunas y confiabamos no solo en el conocimiento del Intendente Celso Jaque, sino tambi\u00e9n, en la buena fe de trabajar &nbsp;en esta emergencia, entendimos, dimos la confianza y dimos el absoluto cr\u00e9dito, a que se iba a poder resolver muchos de los problemas que hoy tenemos los Malarg\u00fcinos. En mi caso personal, yo no voy a hablar por todo el Cuerpo, pero si en mi caso personal, siento que esa confianza se quiebra y el primer punto de quiebre es la Ordenanza de autorizaci\u00f3n del pago de Pauta Publicitaria, pero despu\u00e9s c\u00f3mo se manej\u00f3 el conflicto con el gremio, c\u00f3mo se est\u00e1 decidiendo el tema de los descuentos a los empleados, con los docentes que se les quitaba de a 100.000 , de a 150.000 pesos de sus bonos, porque es cierto que era tan desordenado el Intendente anterior, que no les hab\u00eda generado ning\u00fan tipo de estabilidad y garant\u00eda laboral, eso es cierto y todos lo entendemos, pero cuando a fin de mes llegas a cobrar y est\u00e1s cobrando 100.000 pesos menos realmente es una situaci\u00f3n cr\u00edtica. Creo que tambi\u00e9n c\u00f3mo se trat\u00f3 en ese momento al personal, no es los modos, circulaban audios de WhatsApp, circulaban notificaciones, memos a los que pudimos acceder y pudimos escuchar de la manera en que se le hablaba al empleado municipal. Entonces esa confianza y cr\u00e9dito que al menos en lo personal di, declarando la emergencia y hoy, no es la misma, es decir mi postura respecto a la necesidad de la emergencia no es la misma, en funci\u00f3n de eso decid\u00ed que para evitar que esto quede en el \u00e1mbito del malestar y por justamente lo que me ampara, la Constituci\u00f3n solicitar informes con estas preguntas que nos hacemos todos o que nos hacemos algunos y que la podemos materializar, en funci\u00f3n de nuestro lugar de representaci\u00f3n. Voy a pedir que se lea el articulado, no la fundamentaci\u00f3n, pero se fundamenta en que debemos revisar esta Ordenanza de Emergencia en primer lugar, en segundo lugar necesitamos dar claridad y tranquilidad a la ciudadan\u00eda, que cuando se dice no hay plata, si la hay, aument\u00f3 el valor del barril del petr\u00f3leo, eso aumenta la coparticipaci\u00f3n, bueno para evitar que esto genere m\u00e1s disconformidad y m\u00e1s malestar haciendo tambi\u00e9n uso al acceso a la informaci\u00f3n, la Ley 9070, es que estamos haciendo este pedido de informes y tambi\u00e9n Se\u00f1or Presidente, a trav\u00e9s suyo y a todo el Cuerpo, decir que cuando, este es un lugar de debate es un lugar deliberativo, entonces, cuando alguien no est\u00e9 de acuerdo con algo que dice est\u00e1 Concejal o cualquiera de los Concejales, puede hacer uso de la palabra, puede levantar su mano, es muy feo, no solamente que es muy de maleducado, sino que es muy de ignorante del Reglamento, hacer comentarios por abajo y no hacer uso de este micr\u00f3fono, porque afortunadamente me puedo hacer cargo de todo lo que digo, me puedo hacer cargo de lo que venga, que es el obviamente el derecho del otro a contestarme, a retrucar e incluso a decirlo, obviamente siempre dirigi\u00e9ndose a usted Se\u00f1or Presidente, porque es as\u00ed yo por eso lo estoy haciendo de esta manera, no estoy personalizando el reclamo, pero es muy inc\u00f3modo que se hagan caras, quedan filmadas. Y de esa persona o esas personas no tengan la valent\u00eda de responder de esta manera, deliberativa, porque para eso es esta casa, siempre que no se pierdan los c\u00f3digos de la moral y las buenas costumbres Pero cuando alguien no est\u00e1 de acuerdo con algo que dice est\u00e1 Concejal o cualquiera de los Concejales, tiene la posibilidad de hacer uso de la leg\u00edtima defensa, del reclamo, del debate para eso estamos en este lugar. Se\u00f1or Presidente. Ser\u00e1n argumentos y de hecho no vamos a estar de acuerdo en un mont\u00f3n, de los argumentos que vemos, pero es importante y es necesario dar los debates, yo ac\u00e1 lo que siento que se ha perdido es la posibilidad de dar los debates, de manera respetuosa y generar mejores ambientes, mejores climas laborales. Le solicito Se\u00f1or Presidente, porque tambi\u00e9n s\u00e9 que tengo posibilidades de hacer uso del Reglamento y hacer pedidos de cuestiones de privilegios, aconsejarles que se la pasan toda la hora, mientras yo hablo, haciendo caras quedan grabados, puedo hacer uso de las cuestiones de privilegio, simplemente lo quiero hacer a modo de advertencia, ped\u00edrselo a trav\u00e9s suyo y que todos hagamos uso del debate, el micr\u00f3fono y podamos responder cuando no estemos de acuerdo con otro Concejal. Mil veces vamos a estar en desacuerdo y es algo que acepto, lo que no puedo aceptar a esta altura de mi vida, como persona y como mujer de la pol\u00edtica, como mujer en sororidad, es que se hagan caras y se hable por abajo y no tengan las personas la valent\u00eda de expresar con argumentos la disconformidad. Es eso Se\u00f1or Presidente pido que se lea el articulado de mi Pedido de Informes, un Concejal la semana pasada dijo que hab\u00eda cuestiones de fondo para resolver en la pol\u00edtica y coincido plenamente y que pase este pedido obviamente a la Comisi\u00f3n de HPLAC &nbsp;que tiene legitimidad de origen.\/ Solicita la palabra el Concejal PALMA y expresa: Gracias, Se\u00f1or Presidente quiero acompa\u00f1ar este pedido de informe, porque bueno en virtud de lo que manifiesta el Art\u00edculo 12 de la Ordenanza que eman\u00f3 este Cuerpo respecto a la emergencia y al incumplimiento, si se quiere de lo que ten\u00eda que informar el Ejecutivo, voy a acompa\u00f1ar este Pedido de Informe. Gracias. \/\/ Por SECRETARIA se procede a la&nbsp; lectura del articulado. Pasa a la Comisi\u00f3n de HPLAC.\/\/ 9. Expte N\u00b0 5.417 HC 064 \u2013 2.024 Proyecto de Resoluci\u00f3n: Solicitar al Gobierno de la Provincia de Mendoza la construcci\u00f3n de la Escuela N\u00b0 4-206&nbsp; Mapu Mahuida de Bardas Blancas y la Escuela Electromec\u00e1nica N\u00b0 4-228 Eugenio Izsaky. (BLOQUE UCR INDEPENDIENTE) Autor: Concejal Mart\u00edn Palma.\/ Solicita la palabra el Concejal PALMA manifestando: Gracias, Se\u00f1or Presidente. Bueno como todos ustedes saben, hoy, se est\u00e1 llevando adelante en el Departamento de Malarg\u00fce por parte de la Provincia, una audiencia p\u00fablica respecto al desarrollo y al Master Plan de Pata Mora, \u00e9sta semana tambi\u00e9n tuvimos, por parte de la Legislatura Provincial la sanci\u00f3n definitiva al nuevo C\u00f3digo de Procedimiento Minero y ustedes dir\u00e1n, qu\u00e9 tiene que ver eso con el proyecto que ha presentado el Concejal. En realidad tiene mucho que ver, much\u00edsimo que tiene que ver en mi opini\u00f3n esto que estoy nombrando, porque creemos que la Provincia va a poder tener un desarrollo en funci\u00f3n del territorio de nuestro Departamento, por ende va a haber un derrame de ese desarrollo para la ciudadan\u00eda de este Departamento y a m\u00ed me parece fundamental, que en funci\u00f3n de ese derrame, que&nbsp; llegue a este Departamento se transforme en obras y qu\u00e9 mejor que obras para la educaci\u00f3n no, esto creo que es la base fundamental de este pa\u00eds, tener gente educada, no, muchas veces lo vemos lamentablemente, pero es importante tener gente educada y para eso necesitamos edificios y para construir los edificios necesitamos dinero y de este desarrollo pretendo que mi Departamento tenga un mejor ingreso coparticipable, de todo lo que se desarrolla, la industria del hidrocarburo no convencional la estimulaci\u00f3n hidr\u00e1ulica o fracking, como lo quieran llamar, el desarrollo minero consciente sustentable en el tiempo y dem\u00e1s, tambi\u00e9n me parece perfecto, pero tambi\u00e9n quiero que se construyan edificios que se mejoren las calidades de vida de todos los ciudadanos con rutas, con un mont\u00f3n de derrames, que hace mucho tiempo, nosotros venimos postergados a ver, tanto de la Naci\u00f3n sin ir m\u00e1s lejos Ruta 40, Puente el R\u00edo, m\u00e1s largo podr\u00edamos nombrar infinidad de cuestiones, como tambi\u00e9n de la Provincia, pero ya llegar\u00e1 el tiempo del resarcimiento, pero yo creo que es fundamental que este resarcimiento venga en principio con instituciones educativas, la escuela Mapu Mahuida, mire, no voy a pedir la lectura del proyecto, pero s\u00ed voy a hacer algunas consideraciones muy cortitas en el a\u00f1o 2006,&nbsp; la Municipalidad es mas determin\u00f3 la ubicaci\u00f3n para el terreno para la escuela, no. S\u00ed este terreno tiene su seguridad jur\u00eddica bajo la mensura 2461, s\u00ed, del a\u00f1o 2008. Y despu\u00e9s puntualmente tiene la mensura, la superficie de la escuela donde se tendr\u00eda que construir de 2.903 metros con 33, la cual se dispone para tal fin, Nosotros, este Concejo Deliberante regulariz\u00f3 o autoriz\u00f3 a la regularizaci\u00f3n dominial por venta para Bardas Blancas, donde individualiz\u00f3 tambi\u00e9n el terreno para la escuela, no? &nbsp;Nosotros, cuando hablo de nosotros, hablo de este Concejo, no, m\u00e1s all\u00e1 de los Concejales que hoy est\u00e1n en funci\u00f3n y los que ya no est\u00e1n, porque cuando uno presenta una pieza legal aqu\u00ed, una vez que se vota deja de ser de autor\u00eda de quien la presenta y pasa a ser una cuesti\u00f3n del Cuerpo y pasa a ser una cuesti\u00f3n del pueblo. Pero a veces no, no lo entendemos as\u00ed, a veces queremos sacar r\u00e9ditos en algunas cuestiones. En la Resoluci\u00f3n 379\/2020 se le solicit\u00f3 al Departamento Ejecutivo que llevara a cabo todos los tr\u00e1mites administrativos necesarios, por qu\u00e9? Porque la construcci\u00f3n de estos establecimientos pasan a ser dominio de la DGE, hay que hacer &nbsp;un proceso el cual est\u00e1 hecho, s\u00ed, por parte de este Concejo, en su Resoluci\u00f3n aprob\u00f3 esto. desde la Legislatura Provincial en el a\u00f1o 2020, se pidi\u00f3 que se incorporase en las planillas como obra nueva la construcci\u00f3n de la escuela, lamentablemente no lo pudimos ver realizado. La Resoluci\u00f3n 192\/2022, de este Concejo Deliberante, tambi\u00e9n solicit\u00f3 de forma urgente que se hicieran todas estas tareas en la 355\/2022, le solicitamos a los Senadores que gestionar\u00e1n todo lo que faltara para incorporar esta obra. Bueno no se logr\u00f3 por distintas cuestiones en los presupuestos. Esta Resoluci\u00f3n que estamos presentando ahora, es para incluirlo en el Presupuesto 2025, no vamos a decir que se incorpore en este presupuesto porque ser\u00eda innecesario, no?, no ya el Presupuesto ha sido sancionado. Ya est\u00e1 determinado, c\u00f3mo se van a distribuir los recursos de la Provincia en las distintas obras, pero no creo que sea malo presentarlo para el pr\u00f3ximo Presupuesto no, de la misma manera y como me refer\u00eda a la Escuela Mapu Mahuida, tambi\u00e9n lo tiene en la Escuela Eugenio Izsaki, una escuela t\u00e9cnica que necesitamos en nuestro departamento y que &nbsp;viene de hace much\u00edsimo tiempo, que se entienda bien. Esto es nuevamente una Resoluci\u00f3n, es un pedido, s\u00ed, que lo vamos a volver a reiterar nosotros ya con la Declaraci\u00f3n de la 235\/2018, nosotros, se acept\u00f3 la cesi\u00f3n del terreno que nos dio, nos don\u00f3 Gendarmer\u00eda, esto pas\u00f3 despu\u00e9s a la Legislatura para que lo aceptara la C\u00e1mara, para que fuera de la DGE. Este Concejo ya hizo todos los actos \u00fatiles, declarando la apertura de las calles de uso y dominio p\u00fablico, falta que se concrete ese pedido por parte del Ejecutivo y que bueno, veamos en funci\u00f3n de todo esto reflejado en el presupuesto estas obras. Creo que hay que pedirlo a los nuevos. representantes que est\u00e1n en la Provincia, cambi\u00f3 la administraci\u00f3n, cambiaron algunos legisladores, pero ac\u00e1 me voy a detener en un punto en particular Concejal Villarruel , No lo voy a mirar a usted, pero me voy a referir a el Concejal porque s\u00e9 que ha estado haciendo muchos esfuerzos en la Provincia para que esto se materialice. Si, \u00e9l viene con conversaciones hace rato en la Provincia, &nbsp;con algunos funcionarios gubernamentales y esperemos que el esfuerzo entre todos, tanto del Bloque Cambiemos y de los Bloques que deseen acompa\u00f1ar en el momento esta Resoluci\u00f3n al momento de la votaci\u00f3n, se transforme en realidad para los Malarg\u00fcinos, pero eso s\u00ed no quer\u00eda dejarlo pasar, porque s\u00e9 que ha viajado mucho, ha dormido poco, ha tenido varios inconvenientes en esos viajes y tambi\u00e9n es bueno recalcarlo, &nbsp;cuando alguno se esfuerza por ciertas cuestiones, esto es la formalidad, simplemente en la expresi\u00f3n de deseo que se vuelve a manifestar de este Concejo, reiteradas veces como lo hemos hecho en otras, esperemos tener el acompa\u00f1amiento, pero que sea un acompa\u00f1amiento sincero y de coraz\u00f3n, que no sea un acompa\u00f1amiento solo por circunstancias pol\u00edticas Se\u00f1or Presidente.\/ Reitero que pase a la Comisi\u00f3n de Hacienda , ya que no manifestar\u00eda gastos para el Departamento, porque ya est\u00e1 todo autorizado y pedido por este Cuerpo, simplemente para que se autorice el env\u00edo a trav\u00e9s del despacho a los Legisladores y al Superior Gobierno de la Provincia. Gracias Sr. Presidente.\/ Gracias Concejal Mart\u00edn Palma si me permite acompa\u00f1ar con la firma como dijo usted entendiendo todo el trabajo que hemos realizado desde este Concejo, solicitando la construcci\u00f3n de ambas escuelas.&nbsp; La Concejal MOSCA, solicita se autorice&nbsp; en el mismo sentido con su&nbsp; firma, la adhesi\u00f3n al proyecto, porque es el pedido siempre que vamos de los vecinos de Bardas.\/ Solicita la palabra el&nbsp; Concejal Villarruel y expresa: El reconocimiento el Concejal Mart\u00edn Palma, la verdad que le agradezco de tener todo, acompa\u00f1ar con la firma y le digo &nbsp;que uno ve las necesidades por lo&nbsp; que se anima a viajar y bueno tambi\u00e9n agradecerle a esas personas que &nbsp;me ayudan a conocer gente y ver d\u00f3nde y saber y poder llegar donde tenemos que hacer estos pedidos, as\u00ed que bueno nada, agradecerle al Concejal Mart\u00edn, de verdad de coraz\u00f3n por tomarse el momento, de c\u00f3mo se llama, de nombrarme y reconocer esto y creo que es esto , es algo que realmente lo necesitamos, un compromiso que tenemos que tomar y salir nosotros con &nbsp;la fuerza que tengamos a que sea una realidad, porque Malarg\u00fce realmente lo necesita, los chicos lo necesitan, son dos escuelas que&nbsp; est\u00e1n complicadas bueno, la Escuela Electromec\u00e1nica todos sabemos y aparte la calidad que tienen tambi\u00e9n en su educaci\u00f3n, digo tenemos que avanzar y tratar de hacer lo que sea posible de nuestro lado para que sea una realidad, la verdad que ser\u00eda un tremendo orgullo poder lograrlo, muchas gracias a usted Concejal.\/ Pasa a HPLAC.\/\/ Solicita la palabra el Concejal PARADA y solicita un Cuarto Intermedio y es aprobado a las 10:45. Cuando es la hora 11:02 se sale de Cuarto Intermedio y se reanuda la Sesi\u00f3n.\/\/ g) &nbsp;Expedientes provenientes del Departamento Ejecutivo: Expte N\u00b0 2.304\/2.024-0&nbsp; Departamento Ejecutivo. Proyecto de Ordenanza: Creaci\u00f3n de Columbarios en los Cementerios y\/o Parques de Descanso del Departamento de Malarg\u00fce. Solicita la palabra el concejal PALMA expresando: Gracias, Se\u00f1or Presidente, s\u00ed para que el mencionado Proyecto pase a la Comisi\u00f3n de Obra P\u00fablica y posteriormente Hacienda, Me llama poderosamente la atenci\u00f3n, no, la presentaci\u00f3n en particular de obras puntuales, fuera del Presupuesto, Presupuesto que ya deber\u00eda haber ingresado este Concejo Deliberante, no, donde est\u00e1n las planillas de obras, las obras que se pretenden hacer y dem\u00e1s, pues ya nos pas\u00f3, ya nos ha pasado anteriormente, donde se mandan obras, se autorizan obras que despu\u00e9s, no se concretan, entonces es interesante poder plasmar todo esto, en lo que corresponde que es el Presupuesto ni m\u00e1s ni menos. Lo que tambi\u00e9n viene de la mano con el Presupuesto del Concejo que ya hoy, finalizando pr\u00e1cticamente el mes de abril, todav\u00eda no tenemos novedades si vamos a poder utilizar o no el beneficio de las becas&nbsp; para la gente que &nbsp;as\u00ed lo necesita, en funci\u00f3n tambi\u00e9n de la defensa de la educaci\u00f3n no, pero bueno, esperemos que pronto llegue el Presupuesto y me imagino que esta obra debe estar prevista en tal Presupuesto Se\u00f1or Presidente, simplemente eso, muchas gracias.\/ Pasa a Comision de HPLAC\/\/ 2. Expte N\u00b0 2.305\/2.024-0&nbsp; Departamento Ejecutivo. Proyecto de Ordenanza: Limitaci\u00f3n Elecci\u00f3n de Concejales en el Departamento de Malarg\u00fce..\/ Solicita la palabra la Concejal ACOSTA y manifiesta: Me gustaria hacer una referencia en base a este proyecto. Celebro mucho de mi parte, que el Departamento Ejecutivo nos haga llegar esta propuesta, que tambi\u00e9n fue una propuesta impulsada por el Intendente Ulpiano Su\u00e1rez, creo que es una discusi\u00f3n sana y amena que tenemos que empezar a dar en el sistema democr\u00e1tico. Me llena de orgullo y felicidad, como joven Malarg\u00fcina que ejerce una banca, de poder ser parte de este debate. De este debate, de la limitaci\u00f3n de las reelecciones de los Concejales y Concejalas y este debate, valga la redundancia, que hoy vamos a iniciar ac\u00e1 en este Cuerpo nos va a permitir a futuro, construir confiabilidad entre la pol\u00edtica de Malarg\u00fce y la ciudadan\u00eda. Y espero que nuestra poblaci\u00f3n en su totalidad, d\u00e9 a conocer su opini\u00f3n sobre este proyecto, porque la poblaci\u00f3n es la \u00fanica titular de la soberan\u00eda&nbsp; y lo ejerce al momento de que nos eligen, al momento que nos votan, todos y todas sabemos y somos muy conscientes que hay un gran descreimiento de la pol\u00edtica, y quiz\u00e1s este proyecto sea un g\u00e9nesis que va a permitir dar procesos diferentes en la pol\u00edtica local, que es lo que, desde nuestro lugar podemos modificar, la pol\u00edtica local. S\u00e9 que existe a nivel provincial la Ley N\u00b0 7.814, que fue la que permiti\u00f3 una modificaci\u00f3n en nuestra Constituci\u00f3n Provincial, que despu\u00e9s fue promulgada por un Decreto por quien hoy, es nuestro Gobernador y en su momento tambi\u00e9n lo era, Cornejo, que llev\u00f3 a limitar las reelecciones de los Intendentes y las Intendentas en la Provincia de Mendoza. Asique espero que este proyecto sea una herramienta que nos haga ser capaces de generar una alternancia, en estos lugares y empezar a realizar construcciones pol\u00edticas superadoras. Sugiero su pase a HPLAC.\/\/ Solicita la palabra la Concejal&nbsp; CAMIOLO y manifiesta: S\u00ed, Se\u00f1or Presidente, si me permite el uso de la palabra coincido plenamente con la necesidad de dar este tipo de debates con la eternizaci\u00f3n y enquistamiento de los cargos p\u00fablicos, creo que la semana pasada hablamos de los debates profundos, que nos debemos los ciudadanos en general en la Naci\u00f3n y obviamente en la posibilidad de que tenemos en Malarg\u00fce y tambi\u00e9n quiero rescatar parte del discurso que dio el Se\u00f1or Intendente en la asamblea convocada durante el paro de la semana pasada, donde \u00e9l habl\u00f3 de que para ciertos temas, para dar si, estos temas hay que tener autoridad moral para hablarlos y realmente ver el proyecto relacionado con un municipio bastante distinto ideol\u00f3gicamente al nuestro, s\u00ed creo que hay que dar los debates y el enquistamiento de los cargos p\u00fablicos pero tambi\u00e9n creo y coincido con \u00e9l, que hay que tener autoridad moral, para hablar de las reelecciones y limitar las reelecciones de, justamente el Legislativo que es el que hace el control al Ejecutivo. Siempre he dicho que es sano que los Legislativos y los Ejecutivos tengan posibilidad de rotar, porque ese es el esp\u00edritu de la democracia, que haya pluralidad de voces y que esa pluralidad no est\u00e9 coartada por ninguno de los otros poderes, es decir, que entre nosotros tengamos la posibilidad de asegurar la Rep\u00fablica con el control entre nosotros, es Poder Judicial, Poder Legislativo y Poder Ejecutivo y la posibilidad tambi\u00e9n interna de que cada instituci\u00f3n se d\u00e9 la salud del recambio. Me parece sumamente importante, pero vamos al punto de la autoridad moral, hay que tener autoridad moral, cuando se quiere y justamente se quiere y se intenta limitar a quien en este momento o, a quienes en este momento ejercemos poder de control al Ejecutivo, me preocupa en ese punto obviamente, el esp\u00edritu del proyecto&nbsp; por la simple cuesti\u00f3n de algo y como dice mi abuela el pez por&nbsp; la boca muere, que no se tenga la autoridad moral suficiente para poder hablar de cuando est\u00e1 bien una reelecci\u00f3n y cuando est\u00e1 mal. Dos noticias nada m\u00e1s, porque hay much\u00edsimas m\u00e1s, pero dos titulares que me parecieron importantes traer ac\u00e1 en el a\u00f1o 2011, el d\u00eda 13 de abril en el diario \u00c1mbito Financiero, dice este fue el titular, Jaque insiste con la reelecci\u00f3n. Como recordaremos quienes nos tocaba votar en ese momento, tuvimos que votar por la Reforma de la Constituci\u00f3n Provincial, para que justamente, el Gobernador pudiera reelegir. O sea, en el momento que \u00e9l estaba y ostentaba el cargo de Gobernador, si estaba bien que reelija. Noticia del 27 de junio del 2023, porque quiz\u00e1s del 2011 a la fecha podr\u00eda haber cambiado la postura y uno se da cuenta. Bueno, es que la necesidad de la poblaci\u00f3n es otra o las limitaciones o el debate hist\u00f3rico y sociopol\u00edtico es distinto, no tiene la misma postura porque dice el titular de Sitio Andino, Jaque meti\u00f3 a la reelecci\u00f3n del Gobernador en la necesaria Reforma de la Constituci\u00f3n. Es decir, que considera que los ejecutivos s\u00ed pueden reelegir y es algo amparado, pero los legislativos que justamente hacemos control al Ejecutivo vamos a tener una limitaci\u00f3n. Desde lo personal, estoy de acuerdo con que la democracia se abra a&nbsp; la pluralidad de voces, desde lo moral y ya que en este recinto se ha tra\u00eddo lo moral y a m\u00ed me hace ruido, Se\u00f1or Presidente. Pero seguramente lo trabajaremos en comisiones, lo podremos abordar mejor y tendremos la posibilidad de darnos los debates necesarios de cara a la ciudadania. Yo pens\u00e9 que el Ejecutivo luego de seis semanas sin mandar un solo proyecto, iba a mandar un proyecto que realmente &nbsp;pudiera, desequilibrar a la realidad de los Malarg\u00fcinos, &nbsp;desequilibrar\u00e1 en el buen sentido, ya sea para generaci\u00f3n de fuentes de empleo, ya sea para mejores condiciones laborales y salariales y no esto evidentemente que haya un Concejal que se reelija, pueda llegar a generar much\u00edsimo beneficio a la ciudadan\u00eda, en Malarg\u00fce. Lo recibimos, lo trabajaremos. Daremos los debates necesarios, pero s\u00ed me pareci\u00f3 oportuno que quede y que conste en acta que no se puede, desde estos lugares de poder hablar y decir cualquier cosa, porque la ciudadan\u00eda se acuerda, porque uno tambi\u00e9n se acuerda y hay gente que ha firmado ese proyecto que desde el a\u00f1o 86,&nbsp; a\u00f1o &nbsp;en que yo nac\u00ed, ostenta cargos p\u00fablicos. Muchas gracias, Se\u00f1or. Presidente.\/ Solicita la palabra el Concejal Francisco PARADA y manifiesta: Gracias, no para tambi\u00e9n, interesante como empieza a gestarse si quiere, con este proyecto un lindo debate que se va a dar. Porque en contra de lo que argumentaba la Concejal Acosta podr\u00edamos decir, pero que, si la facultad la tiene la soberan\u00eda popular, qu\u00e9 problema hay que alguien se presente 40 veces. Ser sometido a la elecci\u00f3n popular, si la soberan\u00eda est\u00e1 en el pueblo, pero claro, hay una trampita que son las listas s\u00e1banas, hay una trampita, son las listas sanas y entramos en otro debate. Frente a la argumentaci\u00f3n que hizo la Concejal en cambio lo que ya podr\u00edamos decir, bueno, pero la defensa del Se\u00f1or Intendente Jaque, \u00e9l estaba pidiendo la reelecci\u00f3n de los ejecutivos, pero hoy nos est\u00e1 negando una reelecci\u00f3n de legislativos, pero estamos dando la opci\u00f3n de una segunda reelecci\u00f3n, no est\u00e1 limitando la posibilidad de la reelecci\u00f3n, es un debate interesante, y podr\u00edamos caer &nbsp;a cuestionar al peronismo porque el primero que modific\u00f3 la Constituci\u00f3n Nacional para que el Presidente sea reelecto fue Juan Domingo Per\u00f3n. Y podr\u00edamos llegar hasta el infinito y va a ser una discusi\u00f3n interminable, pero bueno, lindo discutirlo, pero siempre tratando de encontrar objetivamente buenos argumentos, objetivamente. Bueno, nada m\u00e1s Se\u00f1or Presidente.\/\/ Solicita la palabra el Concejal PALMA y expresa: Gracias a lo que justamente dec\u00eda el Concejal Parada, Mendoza tiene Boleta Unica, s\u00ed. Tambi\u00e9n qued\u00f3 encapsulada la trampita de las listas, porque vos pod\u00e9s elegir los distintos candidatos, pero la fracci\u00f3n de los concejales, solo eleg\u00eds los cinco u ocho que vayan en ese sentido. Yo creo que podr\u00edamos profundizar porque de los 18 departamentos, s\u00f3lo que haya uno que pretende esto o que haya sancionado esta situaci\u00f3n, deben haber otros 16, no, saco a nosotros porque vamos a dar este debate ahora, no, pero deben haber otros 16 Departamentos que habr\u00e1n visto que esto ha sucedido, pero bueno, siendo y sosteniendo lo que dice la Concejala Acosta, coincido con Pancho este podr\u00edamos profundizar en lo que es Boleta Unica, para que la decisi\u00f3n la tome realmente el pueblo de los que realmente quieren que sigan o no en los mandatos, pero bueno, es una muy linda discusi\u00f3n que nos daremos, va a estar entretenido. Creo que vamos a tener que abrir los d\u00edas martes en la tarde para seguir, este charlando este tema, que va a ser muy muy interesante porque vamos a tener que fundar en mucha documentaci\u00f3n y bueno en antecedentes hist\u00f3ricos que han dado. Eso es lo lindo de la Casa de las Leyes tanto a nivel departamental, provincial o nacional los debates que se pueden dar y que son lo que reci\u00e9n charl\u00e1bamos con otros Concejales tan importante de darlos, no, pero siempre con fundamento, sin fanatismo. muchas gracias, Se\u00f1or Presidente.\/\/ Pasa a HPLAC.\/\/ 3.Expte N\u00b0 2.338\/2.024-0 Departamento Ejecutivo. Rendici\u00f3n Ejercicio&nbsp; 2.023 \u2013 Acuerdo 2.988. Por SECRETARIA se da lectura a la nota de elevaci\u00f3n. Solicita la palabra el Concejal PALMA y expresa:&nbsp; Sr. Presidente visto el Expte elevado por el Departamento Ejecutivo y en virtud que es la Rendici\u00f3n General de Gastos para el Ejercicio 23 y teniendo en cuenta el Traspaso de Gobierno y el Acuerdo 870, donde hemos visto una serie de irregularidades que se pudieron detectar y lo que nos otorga la Ley, que es una responsabilidad en la aprobaci\u00f3n o desaprobaci\u00f3n del Ejercicio Contable y teniendo en cuenta tambi\u00e9n los tiempos acotados, que la misma Ley nos otorga para poder manifestarnos, solicit\u00f3 que tenga Tratamiento Preferencial y sea acumulado al Expediente en el cual obra el acuerdo 870, a fin de realizar lo que nuestro cargo corresponde hacer ante la Ley.\/\/ PRESIDENCIA pregunta si son dos mociones de acumulaci\u00f3n y la de tratamiento preferencial.\/ Se pone a consideraci\u00f3n y es APROBADO el Tratamiento Preferencial para el Expte referido. (7 votos afirmativos \u2013 Ausente Concejal Mosca) Pasa a HPLAC con Tratamiento Preferencial.\/\/ h) Despachos de las Comisiones de Trabajo: Nota HC&nbsp; 096\/2.024&nbsp; Sr. Osvaldo Daniel Araya. Comunica suspensi\u00f3n de Fiesta Departamental del Castronero. ( E.H.M.A.S.y C ). PRESIDENCIA pone a consideraci\u00f3n el despacho y es APROBADO . Pasa a ARCHIVO. 2. Nota&nbsp; HC&nbsp; 526\/2.023&nbsp; Sr. Juan Forquera &nbsp;eleva preocupaci\u00f3n&nbsp; por terreno bald\u00edo ubicado en calle Fuerte El Alamito y Villanueva. ( E.H.M.A.S y C ). PRESIDENCIA pone a consideraci\u00f3n el Despacho el cual sugiere elevar nota de la Lic. Amalia Ramirez para conocimiento de la tramitaci\u00f3n realizada al Sr. Forquera y su posterior archivo. Puesto a consideraci\u00f3n es APROBADO.\/ Pasa a ARCHIVO.\/ Solicita la palabra la Concejal CAMIOLO manifestando: Sr. Presidente Soy convencida de que cuando algo se hace bien, hay que reconocerlo y quiero reconocer p\u00fablicamente, el trabajo de la Licenciada Amalia Ram\u00edrez, no s\u00f3lo por su rapidez, sino por la prolijidad con que lo hizo y el respeto con que se dirigi\u00f3 a este Cuerpo de Concejales que planteamos y elevamos la inquietud que trajo el ciudadano Forquera, decir que no solo lo resolvieron en tiempo r\u00e9cord, sino que adem\u00e1s se dirigieron a la Comisi\u00f3n oportuna y presentaron copia de todo lo que hab\u00edan llevado adelante para dar respuesta, as\u00ed que quiero reconocer su trabajo y obviamente desearle muchos \u00e9xitos, porque queda mucho todav\u00eda por hacer gracias.\/\/ 3. Expte &nbsp;N\u00b0 5.344 HC 059 \u2013 2.023&nbsp; Proyecto de Ordenanza: Implementar el Programa Municipal&nbsp; Promotores de Huertas dependiente de la Incubadora de Empresas. ( E.H.M.A.S y C ).\/ Por Secretaria se da lectura al despacho el cual sugiere el pase a archivo entendiendo que el mismo no es viable habiendo consultado a los organismos pertinentes.\/ PRESIDENCIA pone a consideraci\u00f3n el despacho y es APROBADO.\/ Pasa&nbsp; a ARCHIVO.\/\/ Se reincorpora la Concejal Mosca, cuando es la hora 11:23\/\/ 4. Expte N\u00b0 5.395 HC 062 \u2013 2.024&nbsp; Proyecto de Resoluci\u00f3n:&nbsp; Declarar de Inter\u00e9s Departamental la Primera Convenci\u00f3n de Iglesias&nbsp; Evang\u00e9licas&nbsp; (FAPE). (&nbsp; E.H.M.A.S y C )\/ Por Secretaria se procede a la lectura del despacho emitido que sugiere la aprobaci\u00f3n del proyecto sin modificaciones.\/ PRESIDENCIA, pone a consideraci\u00f3n el despacho y es APROBADO.\/\/ 5. Expte N\u00b0 5-402 HC 063 \u2013 2.024&nbsp; Proyecto de Resoluci\u00f3n:&nbsp; Solicitar a las Entidades de AFIP, EPAS, EPRE y ENARGAS la creaci\u00f3n de las Oficinas en el Departamento de Malarg\u00fce. ( H.P.L.A.C ).\/ &nbsp;Por Secretaria se procede a la lectura del despacho emitido que sugiere la aprobaci\u00f3n&nbsp; del proyecto sin modificaciones.\/ PRESIDENCIA, pone a consideraci\u00f3n el despacho y es APROBADO.\/\/ i) Asuntos Varios. No hay solicitudes.\/\/ j) Acto de arriar el Pabell\u00f3n Nacional a cargo del &nbsp;concejal que lo iz\u00f3.\/\/&nbsp; Cuando es la hora 11:30 se da por finalizada la Sesi\u00f3n previa lectura de lo que antecede firman las presentes actuaciones el Sr. Presidente y la Sra. Secretaria del Honorable Concejo Deliberante de la Municipalidad de Malarg\u00fce.<\/p>\n","protected":false},"excerpt":{"rendered":"<p>En Malarg\u00fce Mendoza a veinticinco d\u00edas de abril&nbsp; de 2024, cuando es la hora 09:30&nbsp; se re\u00fane el Honorable Concejo Deliberante de la Municipalidad de Malarg\u00fce para celebrar la Sesi\u00f3n Ordinaria del dia de la fecha.\/ Bajo la&nbsp;&nbsp; Presidencia de su titular Sr. Rodrigo HIDALGO y la presencia de los Se\u00f1ores&nbsp; Concejales Viviana Mosca, Pablo [&hellip;]<\/p>\n","protected":false},"author":5,"featured_media":33337,"comment_status":"closed","ping_status":"closed","sticky":false,"template":"","format":"standard","meta":{"footnotes":""},"categories":[60,52,58,33,36],"tags":[],"class_list":["post-36716","post","type-post","status-publish","format-standard","has-post-thumbnail","hentry","category-acta-de-sesiones","category-gacetillas","category-ordinarias","category-prensa","category-sesiones"],"yoast_head":"<!-- This site is optimized with the Yoast SEO plugin v19.10 - https:\/\/yoast.com\/wordpress\/plugins\/seo\/ -->\n<title>ACTA 7\u00b0 SESION ORDINARIA N\u00b0 1.155 -\u201c O\u201d - 25\/04\/2.024 - Malarg\u00fce HCD<\/title>\n<meta name=\"robots\" content=\"index, follow, max-snippet:-1, max-image-preview:large, max-video-preview:-1\" \/>\n<link rel=\"canonical\" href=\"https:\/\/hcd.malargue.gov.ar\/?p=36716\" \/>\n<meta property=\"og:locale\" content=\"es_ES\" \/>\n<meta property=\"og:type\" content=\"article\" \/>\n<meta property=\"og:title\" content=\"ACTA 7\u00b0 SESION ORDINARIA N\u00b0 1.155 -\u201c O\u201d - 25\/04\/2.024 - Malarg\u00fce HCD\" \/>\n<meta property=\"og:description\" content=\"En Malarg\u00fce Mendoza a veinticinco d\u00edas de abril&nbsp; de 2024, cuando es la hora 09:30&nbsp; se re\u00fane el Honorable Concejo Deliberante de la Municipalidad de Malarg\u00fce para celebrar la Sesi\u00f3n Ordinaria del dia de la fecha.\/ Bajo la&nbsp;&nbsp; Presidencia de su titular Sr. Rodrigo HIDALGO y la presencia de los Se\u00f1ores&nbsp; Concejales Viviana Mosca, Pablo [&hellip;]\" \/>\n<meta property=\"og:url\" content=\"https:\/\/hcd.malargue.gov.ar\/?p=36716\" \/>\n<meta property=\"og:site_name\" content=\"Malarg\u00fce HCD\" \/>\n<meta property=\"article:published_time\" content=\"2024-05-02T11:49:58+00:00\" \/>\n<meta property=\"article:modified_time\" content=\"2024-05-15T14:16:25+00:00\" \/>\n<meta property=\"og:image\" content=\"https:\/\/hcd.malargue.gov.ar\/wp-content\/uploads\/2023\/03\/actas-sesiones.jpg\" \/>\n\t<meta property=\"og:image:width\" content=\"1640\" \/>\n\t<meta property=\"og:image:height\" content=\"924\" \/>\n\t<meta property=\"og:image:type\" content=\"image\/jpeg\" \/>\n<meta name=\"author\" content=\"Belen Pedernera Ferragut\" \/>\n<meta name=\"twitter:card\" content=\"summary_large_image\" \/>\n<meta name=\"twitter:label1\" content=\"Escrito por\" \/>\n\t<meta name=\"twitter:data1\" content=\"Belen Pedernera Ferragut\" \/>\n\t<meta name=\"twitter:label2\" content=\"Tiempo de lectura\" \/>\n\t<meta name=\"twitter:data2\" content=\"60 minutos\" \/>\n<script type=\"application\/ld+json\" class=\"yoast-schema-graph\">{\"@context\":\"https:\/\/schema.org\",\"@graph\":[{\"@type\":\"WebPage\",\"@id\":\"https:\/\/hcd.malargue.gov.ar\/?p=36716\",\"url\":\"https:\/\/hcd.malargue.gov.ar\/?p=36716\",\"name\":\"ACTA 7\u00b0 SESION ORDINARIA N\u00b0 1.155 -\u201c O\u201d - 25\/04\/2.024 - Malarg\u00fce HCD\",\"isPartOf\":{\"@id\":\"https:\/\/hcd.malargue.gov.ar\/#website\"},\"datePublished\":\"2024-05-02T11:49:58+00:00\",\"dateModified\":\"2024-05-15T14:16:25+00:00\",\"author\":{\"@id\":\"https:\/\/hcd.malargue.gov.ar\/#\/schema\/person\/3fd6bbab64edd703961b795156c955d0\"},\"breadcrumb\":{\"@id\":\"https:\/\/hcd.malargue.gov.ar\/?p=36716#breadcrumb\"},\"inLanguage\":\"es-AR\",\"potentialAction\":[{\"@type\":\"ReadAction\",\"target\":[\"https:\/\/hcd.malargue.gov.ar\/?p=36716\"]}]},{\"@type\":\"BreadcrumbList\",\"@id\":\"https:\/\/hcd.malargue.gov.ar\/?p=36716#breadcrumb\",\"itemListElement\":[{\"@type\":\"ListItem\",\"position\":1,\"name\":\"Inicio\",\"item\":\"https:\/\/hcd.malargue.gov.ar\/\"},{\"@type\":\"ListItem\",\"position\":2,\"name\":\"ACTA 7\u00b0 SESION ORDINARIA N\u00b0 1.155 -\u201c O\u201d &#8211; 25\/04\/2.024\"}]},{\"@type\":\"WebSite\",\"@id\":\"https:\/\/hcd.malargue.gov.ar\/#website\",\"url\":\"https:\/\/hcd.malargue.gov.ar\/\",\"name\":\"Malarg\u00fce HCD\",\"description\":\"Malarg\u00fce Mendoza Argentina\",\"potentialAction\":[{\"@type\":\"SearchAction\",\"target\":{\"@type\":\"EntryPoint\",\"urlTemplate\":\"https:\/\/hcd.malargue.gov.ar\/?s={search_term_string}\"},\"query-input\":\"required name=search_term_string\"}],\"inLanguage\":\"es-AR\"},{\"@type\":\"Person\",\"@id\":\"https:\/\/hcd.malargue.gov.ar\/#\/schema\/person\/3fd6bbab64edd703961b795156c955d0\",\"name\":\"Belen Pedernera Ferragut\",\"image\":{\"@type\":\"ImageObject\",\"inLanguage\":\"es-AR\",\"@id\":\"https:\/\/hcd.malargue.gov.ar\/#\/schema\/person\/image\/\",\"url\":\"https:\/\/secure.gravatar.com\/avatar\/1054ffab3893de4bb3eb29bdd22f7e34b8537bf5d34d9dab311818154ad5b71f?s=96&d=mm&r=g\",\"contentUrl\":\"https:\/\/secure.gravatar.com\/avatar\/1054ffab3893de4bb3eb29bdd22f7e34b8537bf5d34d9dab311818154ad5b71f?s=96&d=mm&r=g\",\"caption\":\"Belen Pedernera Ferragut\"},\"url\":\"https:\/\/hcd.malargue.gov.ar\/?author=5\"}]}<\/script>\n<!-- \/ Yoast SEO plugin. -->","yoast_head_json":{"title":"ACTA 7\u00b0 SESION ORDINARIA N\u00b0 1.155 -\u201c O\u201d - 25\/04\/2.024 - Malarg\u00fce HCD","robots":{"index":"index","follow":"follow","max-snippet":"max-snippet:-1","max-image-preview":"max-image-preview:large","max-video-preview":"max-video-preview:-1"},"canonical":"https:\/\/hcd.malargue.gov.ar\/?p=36716","og_locale":"es_ES","og_type":"article","og_title":"ACTA 7\u00b0 SESION ORDINARIA N\u00b0 1.155 -\u201c O\u201d - 25\/04\/2.024 - Malarg\u00fce HCD","og_description":"En Malarg\u00fce Mendoza a veinticinco d\u00edas de abril&nbsp; de 2024, cuando es la hora 09:30&nbsp; se re\u00fane el Honorable Concejo Deliberante de la Municipalidad de Malarg\u00fce para celebrar la Sesi\u00f3n Ordinaria del dia de la fecha.\/ Bajo la&nbsp;&nbsp; Presidencia de su titular Sr. Rodrigo HIDALGO y la presencia de los Se\u00f1ores&nbsp; Concejales Viviana Mosca, Pablo [&hellip;]","og_url":"https:\/\/hcd.malargue.gov.ar\/?p=36716","og_site_name":"Malarg\u00fce HCD","article_published_time":"2024-05-02T11:49:58+00:00","article_modified_time":"2024-05-15T14:16:25+00:00","og_image":[{"width":1640,"height":924,"url":"https:\/\/hcd.malargue.gov.ar\/wp-content\/uploads\/2023\/03\/actas-sesiones.jpg","type":"image\/jpeg"}],"author":"Belen Pedernera Ferragut","twitter_card":"summary_large_image","twitter_misc":{"Escrito por":"Belen Pedernera Ferragut","Tiempo de lectura":"60 minutos"},"schema":{"@context":"https:\/\/schema.org","@graph":[{"@type":"WebPage","@id":"https:\/\/hcd.malargue.gov.ar\/?p=36716","url":"https:\/\/hcd.malargue.gov.ar\/?p=36716","name":"ACTA 7\u00b0 SESION ORDINARIA N\u00b0 1.155 -\u201c O\u201d - 25\/04\/2.024 - Malarg\u00fce HCD","isPartOf":{"@id":"https:\/\/hcd.malargue.gov.ar\/#website"},"datePublished":"2024-05-02T11:49:58+00:00","dateModified":"2024-05-15T14:16:25+00:00","author":{"@id":"https:\/\/hcd.malargue.gov.ar\/#\/schema\/person\/3fd6bbab64edd703961b795156c955d0"},"breadcrumb":{"@id":"https:\/\/hcd.malargue.gov.ar\/?p=36716#breadcrumb"},"inLanguage":"es-AR","potentialAction":[{"@type":"ReadAction","target":["https:\/\/hcd.malargue.gov.ar\/?p=36716"]}]},{"@type":"BreadcrumbList","@id":"https:\/\/hcd.malargue.gov.ar\/?p=36716#breadcrumb","itemListElement":[{"@type":"ListItem","position":1,"name":"Inicio","item":"https:\/\/hcd.malargue.gov.ar\/"},{"@type":"ListItem","position":2,"name":"ACTA 7\u00b0 SESION ORDINARIA N\u00b0 1.155 -\u201c O\u201d &#8211; 25\/04\/2.024"}]},{"@type":"WebSite","@id":"https:\/\/hcd.malargue.gov.ar\/#website","url":"https:\/\/hcd.malargue.gov.ar\/","name":"Malarg\u00fce HCD","description":"Malarg\u00fce Mendoza Argentina","potentialAction":[{"@type":"SearchAction","target":{"@type":"EntryPoint","urlTemplate":"https:\/\/hcd.malargue.gov.ar\/?s={search_term_string}"},"query-input":"required name=search_term_string"}],"inLanguage":"es-AR"},{"@type":"Person","@id":"https:\/\/hcd.malargue.gov.ar\/#\/schema\/person\/3fd6bbab64edd703961b795156c955d0","name":"Belen Pedernera Ferragut","image":{"@type":"ImageObject","inLanguage":"es-AR","@id":"https:\/\/hcd.malargue.gov.ar\/#\/schema\/person\/image\/","url":"https:\/\/secure.gravatar.com\/avatar\/1054ffab3893de4bb3eb29bdd22f7e34b8537bf5d34d9dab311818154ad5b71f?s=96&d=mm&r=g","contentUrl":"https:\/\/secure.gravatar.com\/avatar\/1054ffab3893de4bb3eb29bdd22f7e34b8537bf5d34d9dab311818154ad5b71f?s=96&d=mm&r=g","caption":"Belen Pedernera Ferragut"},"url":"https:\/\/hcd.malargue.gov.ar\/?author=5"}]}},"_links":{"self":[{"href":"https:\/\/hcd.malargue.gov.ar\/index.php?rest_route=\/wp\/v2\/posts\/36716","targetHints":{"allow":["GET"]}}],"collection":[{"href":"https:\/\/hcd.malargue.gov.ar\/index.php?rest_route=\/wp\/v2\/posts"}],"about":[{"href":"https:\/\/hcd.malargue.gov.ar\/index.php?rest_route=\/wp\/v2\/types\/post"}],"author":[{"embeddable":true,"href":"https:\/\/hcd.malargue.gov.ar\/index.php?rest_route=\/wp\/v2\/users\/5"}],"replies":[{"embeddable":true,"href":"https:\/\/hcd.malargue.gov.ar\/index.php?rest_route=%2Fwp%2Fv2%2Fcomments&post=36716"}],"version-history":[{"count":3,"href":"https:\/\/hcd.malargue.gov.ar\/index.php?rest_route=\/wp\/v2\/posts\/36716\/revisions"}],"predecessor-version":[{"id":36829,"href":"https:\/\/hcd.malargue.gov.ar\/index.php?rest_route=\/wp\/v2\/posts\/36716\/revisions\/36829"}],"wp:featuredmedia":[{"embeddable":true,"href":"https:\/\/hcd.malargue.gov.ar\/index.php?rest_route=\/wp\/v2\/media\/33337"}],"wp:attachment":[{"href":"https:\/\/hcd.malargue.gov.ar\/index.php?rest_route=%2Fwp%2Fv2%2Fmedia&parent=36716"}],"wp:term":[{"taxonomy":"category","embeddable":true,"href":"https:\/\/hcd.malargue.gov.ar\/index.php?rest_route=%2Fwp%2Fv2%2Fcategories&post=36716"},{"taxonomy":"post_tag","embeddable":true,"href":"https:\/\/hcd.malargue.gov.ar\/index.php?rest_route=%2Fwp%2Fv2%2Ftags&post=36716"}],"curies":[{"name":"wp","href":"https:\/\/api.w.org\/{rel}","templated":true}]}}