{"id":36747,"date":"2024-05-06T11:04:29","date_gmt":"2024-05-06T14:04:29","guid":{"rendered":"https:\/\/hcd.malargue.gov.ar\/?p=36747"},"modified":"2024-05-06T11:09:56","modified_gmt":"2024-05-06T14:09:56","slug":"declaracion-n-324-2-024","status":"publish","type":"post","link":"https:\/\/hcd.malargue.gov.ar\/?p=36747","title":{"rendered":"DECLARACI\u00d3N N\u00b0 324\/2.024"},"content":{"rendered":"\n<p class=\"has-text-align-center\"><strong>LOS EDILES PARTICIPARON DE LA FIESTA PROVINCIAL DE LA VUELTA DE VERANADOR<\/strong><\/p>\n\n\n\n<p><em>Este s\u00e1bado se desarrollo la 30\u00b0 Vuelta del Veranador, evento que celebra la llegada de los crianceros, luego de pasar meses en la cordillera con su ganado. El Presidente del Hcd Rodrigo Hidalgo junto con los Concejales Emilce Mansilla, Martin Palma, Pablo Villarruel y Elizabeth Gonz\u00e1lez compartieron con los vecinos un d\u00eda lleno de actividades que enriquecen nuestra cultura.<\/em><\/p>\n\n\n\n<p><em>Fue por iniciativa de la Concejala Elizabeth Gonz\u00e1lez el Concejo hizo entrega de reconocimientos junto a copia de la DECLARACI\u00d3N N\u00ba 324\/2.024. al Sr. Fabian Guti\u00e9rrez, Sr. Eliseo Carrasco y al Padre Ramiro S\u00e1enz como pioneros de las Cabalgatas y por mantener viva esta tradici\u00f3n; en el marco de la XXX Fiesta Departamental Vuelta del Veranador.<\/em><\/p>\n\n\n\n<figure class=\"wp-block-image size-large\"><img loading=\"lazy\" decoding=\"async\" width=\"1024\" height=\"683\" src=\"https:\/\/hcd.malargue.gov.ar\/wp-content\/uploads\/2024\/05\/441508028_755679176737973_2029863660562774665_n-1024x683.jpg\" alt=\"\" class=\"wp-image-36753\" srcset=\"https:\/\/hcd.malargue.gov.ar\/wp-content\/uploads\/2024\/05\/441508028_755679176737973_2029863660562774665_n-1024x683.jpg 1024w, https:\/\/hcd.malargue.gov.ar\/wp-content\/uploads\/2024\/05\/441508028_755679176737973_2029863660562774665_n-300x200.jpg 300w, https:\/\/hcd.malargue.gov.ar\/wp-content\/uploads\/2024\/05\/441508028_755679176737973_2029863660562774665_n-768x512.jpg 768w, https:\/\/hcd.malargue.gov.ar\/wp-content\/uploads\/2024\/05\/441508028_755679176737973_2029863660562774665_n-1536x1024.jpg 1536w, https:\/\/hcd.malargue.gov.ar\/wp-content\/uploads\/2024\/05\/441508028_755679176737973_2029863660562774665_n.jpg 1599w\" sizes=\"auto, (max-width: 1024px) 100vw, 1024px\" \/><\/figure>\n\n\n\n<p class=\"has-text-align-center\"><strong><a href=\"https:\/\/www.facebook.com\/photo?fbid=755677453404812&amp;set=pcb.755677890071435\">GALERIA DE FOTOS<\/a><\/strong><\/p>\n\n\n\n<p class=\"has-text-align-center\"><strong>MIRA LA PIEZA LEGAL COMPLETA<\/strong><\/p>\n\n\n<div class=\"wp-block-image\">\n<figure class=\"alignright is-resized\"><a href=\"http:\/\/hcd.malargue.gov.ar\/hcdpdf\/Decla%20324%202024%20Cabalgatas%20Bardas%20Blancas.pdf\"><img loading=\"lazy\" decoding=\"async\" width=\"512\" height=\"512\" src=\"https:\/\/hcd.malargue.gov.ar\/wp-content\/uploads\/2018\/06\/PDF-JPG.jpg\" alt=\"\" class=\"wp-image-7950\" style=\"width:125px;height:auto\" srcset=\"https:\/\/hcd.malargue.gov.ar\/wp-content\/uploads\/2018\/06\/PDF-JPG.jpg 512w, https:\/\/hcd.malargue.gov.ar\/wp-content\/uploads\/2018\/06\/PDF-JPG-150x150.jpg 150w, https:\/\/hcd.malargue.gov.ar\/wp-content\/uploads\/2018\/06\/PDF-JPG-300x300.jpg 300w\" sizes=\"auto, (max-width: 512px) 100vw, 512px\" \/><\/a><\/figure>\n<\/div>\n\n\n<p><strong>AUTORA ELIZABETH GONZALEZ<\/strong><\/p>\n\n\n\n<p><strong>BLOQUE UNION MENDOCINA<\/strong><\/p>\n\n\n\n<p>VISTO: El contenido del Expediente N\u00ba 5.414-HC 064-2.024 Bloque Uni\u00f3n Mendocina. Proyecto de Declaraci\u00f3n: Declarar de Inter\u00e9s Departamental y Cultural las Cabalgatas de la Fe portando la Virgen de Lourdes y Virgen de la Sierra.<\/p>\n\n\n\n<p>La cabalgata de la Fe, portando la Virgen de Lourdes y la Cabalgata a la Virgen de las Sierras hac\u00eda el Corral de Las Salinas, Arroyo Cabeza de Vaca; se realiza hace m\u00e1s de 15 a\u00f1os en nuestro Departamento. Impulsados por la F\u00e9, por la Cultura y Tradici\u00f3n, muchos devotos forman grandes peregrinaciones a caballo y recorren kil\u00f3metros por campos cordilleranos; demostrando su agradecimiento a la Virgen y reviviendo valores familiares y comunitarios.<\/p>\n\n\n\n<p>y;<\/p>\n\n\n\n<p>CONSIDERANDO: Que las cabalgatas constituyen una tradici\u00f3n que representa nuestras ra\u00edces y cultura, la que debe ser reconocida, protegida y conservada para las futuras generaciones como un legado de nuestros antepasados.<\/p>\n\n\n\n<p>Que la Cabalgata de la F\u00e9 portando la imagen de la Virgen de Lourdes de Malarg\u00fce a Bardas Blancas y la Cabalgata a la Virgen de las Sierras que sube hacia los Corrales de las Salinas, pr\u00f3ximos a la zona del Pehuenche se reencuentran en Bardas Blancas, para llegar juntas a la fiesta Vuelta del Veranador; Evento que se realiza cada a\u00f1o, siendo la celebraci\u00f3n m\u00e1s representativa de Malarg\u00fce que homenajea a los Crianceros que regresan despu\u00e9s de meses de sacrificado trabajo en la cordillera.<\/p>\n\n\n\n<p>Que se cre\u00f3 la oraci\u00f3n de consagraci\u00f3n a Nuestra Se\u00f1ora de Lourdes de la Sierra la cual pide protecci\u00f3n para los veranadores en las sierras, su ganado y sus familias.<\/p>\n\n\n\n<p>Que la Cabalgata a la Virgen de las Salinas Patrona de los Crianceros emprende su recorrido desde el a\u00f1o 2.005 y la Cabalgata de la F\u00e9 portando la Imagen de la Virgen de Lourdes Patrona de los Veranadores emprende su traves\u00eda desde el a\u00f1o 2.008.<\/p>\n\n\n\n<p>Que si bien la Cabalgata de la F\u00e9 se realizaba a\u00f1os anteriores, con el tiempo se deja de hacer y ah\u00ed es donde nace la idea de Fabi\u00e1n Guti\u00e9rrez y familia de emprender la Cabalgata como una salida recreativa que con el correr de los a\u00f1os se vuelve parte de la cultura familiar y la F\u00e9.<\/p>\n\n\n\n<p>Que la cabalgata toma un sentido nuevo cuando el nieto de Fabi\u00e1n Guti\u00e9rrez nace con una cardiopat\u00eda cong\u00e9nita compleja donde ten\u00eda menos del 10% de posibilidad de vivir, la familia desesperada acude a la Virgen y le hace una promesa, que si todo sal\u00eda bien iba a ir todos los a\u00f1os de Malarg\u00fce al Paraje de Bardas Blancas portando su imagen a caballo. Ignacio Ojeda \u00e9l bebe de tan solo 18 d\u00edas de vida fue sometido a dos cirug\u00edas, hoy en d\u00eda tiene 10 a\u00f1os y est\u00e1 sano y fuerte junto a su familia. La familia totalmente agradecida por el milagro cada a\u00f1o se prepara para emprender la Cabalgata de dos d\u00edas partiendo de Malarg\u00fce y pasando por distintos puestos donde desensillan, descansan, rezan la oraci\u00f3n de la Consagraci\u00f3n de Nuestra Se\u00f1ora Virgen de Lourdes y donde tambi\u00e9n en el camino se van sumando distintas familias que acompa\u00f1an el recorrido.<\/p>\n\n\n\n<p>Que la Cabalgata hace el mismo recorrido cada a\u00f1o partiendo de la Quinta Vergara en Colonia Pehuenche I, pasando por el puesto de Don Sifredo Aguilera, el puesto de Don Juan Aguilera, alojando en el puesto de Onofre Soto en Arroyo Loncoche y tambi\u00e9n por el puesto de Do\u00f1a Norma S\u00e1nchez viuda de Marcelino Moya en Agua Botada.<\/p>\n\n\n\n<p>Que al llegar a Bardas Blancas hace su encuentro con la Cabalgata de las Sierras e ingresan juntos al predio de la Fiesta de la Vuelta del Veranador donde se realiza una misa y la fiesta.<\/p>\n\n\n\n<p>Que el Padre Ramiro S\u00e1enz, lleg\u00f3 a Malarg\u00fce hace 21 a\u00f1os con la idea de buscar en la cordillera alg\u00fan lugar donde colocar la Imagen de la Virgen, como protectora para todos los que pasaran por all\u00ed, como el padre no conoc\u00eda el lugar empieza a preguntar, y recorrer, sigue buscando por mucho tiempo, pero el sent\u00eda que el lugar se lo ten\u00eda que indicar Dios, que se lo har\u00eda sentir de alguna manera. Un a\u00f1o en el fin de curso de los ni\u00f1os de la Escuela del Alambrado, el padre realiza una misa a la cual llega la familia de Edgardo Gonz\u00e1lez y le comentan que se quieren confesar porque emprenden viaje a la veranada, el padre pregunta donde es, ya que le gustar\u00eda conocer. El Padre vuelve al lugar acompa\u00f1ado de Francisco Parada all\u00ed siente que ah\u00ed en el Corral de Piedra es el lugar ideal.<\/p>\n\n\n\n<p>Que la Gruta de la Virgen se construye tiempo despu\u00e9s cuando el Padre Ramiro le pide a Eliseo Carrasco que lo espere en el Pehuenche con mulas cargueras para llevar cemento, materiales, herramientas y se elige la piedra m\u00e1s alta del lugar.<\/p>\n\n\n\n<p>Que el 10 de febrero la Gruta es visitada por Monse\u00f1or Eduardo Mar\u00eda Taussig y un grupo de j\u00f3venes y gauchos a caballo trasladan la Virgen, en andas desde el Pehuenche hacia las Salinas.<\/p>\n\n\n\n<p>Que con lo rustico del lugar se construye un altar y se coloca una cruz en las alturas, en el lugar se realiza una procesi\u00f3n a caballo dando tres vueltas al Corral Urrutiano con la Virgen por delante, donde cada Veranador se turna para llevarla rezando un rosario y leyendo la oraci\u00f3n especial de la Virgen.<\/p>\n\n\n\n<p>Que esta Procesi\u00f3n convoca a muchas personas donde asisten familias enteras, all\u00ed los padres aprovechan para bautizar a sus hijos.<\/p>\n\n\n\n<p>Que la virgen no se deja todo el a\u00f1o en las alturas, el primer Veranador que sube hacia la Veranada la lleva y el ultimo que baja la trae, donde distintas familias piden tenerla un tiempo en sus casas.<\/p>\n\n\n\n<p>Que cada a\u00f1o la Cabalgata hacia las Salinas toma de tres a cinco d\u00edas, con m\u00e1s de 25 caballos y mulas cargueras, ya que va por distintos puestos de Veranada, recorriendo distintos caminos para llegar al Corral, desde el Puesto de Pablo Gonz\u00e1lez en Poti Malal o el Puesto de Eliseo Carrasco en el Pehuenche, o Puesto Familia Rojas en Las Loicas; cada vez son m\u00e1s las familias que participan en esta a\u00f1eja tradici\u00f3n.<\/p>\n\n\n\n<p>EL HONORABLE CONCEJO DELIBERANTE DE LA MUNICIPALIDAD DE MALARG\u00dcE EN USO DE LAS FACULTADES QUE LE SON PROPIAS<\/p>\n\n\n\n<p>DECLARA<\/p>\n\n\n\n<p>ART\u00cdCULO 1\u00ba: Declarar de Inter\u00e9s Departamental y Cultural las Cabalgatas de la F\u00e9 portando la Virgen de Lourdes (desde Malarg\u00fce a Bardas Blancas) y la Virgen de las Sierras Patrona de los Veranadores (hasta el Corral de Las Salinas; Arroyo Cabeza de Vaca)<\/p>\n\n\n\n<p>ART\u00cdCULO 2\u00ba: Hacer entrega de Reconocimientos por parte del Honorable Concejo Deliberante mediante Diploma y copia de la presente pieza legal al Sr. Fabian Guti\u00e9rrez, Sr. Eliseo Carrasco y al Padre Ramiro S\u00e1enz como pioneros de las Cabalgatas y por mantener viva esta tradici\u00f3n; en el marco de la XXX Fiesta Departamental Vuelta del Veranador.<\/p>\n\n\n\n<p>ART\u00cdCULO 3\u00ba: Comun\u00edquese, reg\u00edstrese, agr\u00e9guese copia de la presente en las actuaciones correspondientes y arch\u00edvese.<\/p>\n\n\n\n<p>DADA EN LA SALA DE SESIONES DR.&nbsp; RICARDO BALBIN DEL HONORABLE CONCEJO DELIBERANTE DE LA MUNICIPALIDAD DE MALARG\u00dcE A DOS DIAS DE MAYO DE DOS MIL VEINTICUATRO.<\/p>\n","protected":false},"excerpt":{"rendered":"<p>LOS EDILES PARTICIPARON DE LA FIESTA PROVINCIAL DE LA VUELTA DE VERANADOR Este s\u00e1bado se desarrollo la 30\u00b0 Vuelta del Veranador, evento que celebra la llegada de los crianceros, luego de pasar meses en la cordillera con su ganado. El Presidente del Hcd Rodrigo Hidalgo junto con los Concejales Emilce Mansilla, Martin Palma, Pablo Villarruel [&hellip;]<\/p>\n","protected":false},"author":5,"featured_media":36748,"comment_status":"closed","ping_status":"closed","sticky":false,"template":"","format":"standard","meta":{"footnotes":""},"categories":[46,52,29,33],"tags":[],"class_list":["post-36747","post","type-post","status-publish","format-standard","has-post-thumbnail","hentry","category-declaraciones","category-gacetillas","category-lesgilacion","category-prensa"],"yoast_head":"<!-- This site is optimized with the Yoast SEO plugin v19.10 - https:\/\/yoast.com\/wordpress\/plugins\/seo\/ -->\n<title>DECLARACI\u00d3N N\u00b0 324\/2.024 - Malarg\u00fce HCD<\/title>\n<meta name=\"robots\" content=\"index, follow, max-snippet:-1, max-image-preview:large, max-video-preview:-1\" \/>\n<link rel=\"canonical\" href=\"https:\/\/hcd.malargue.gov.ar\/?p=36747\" \/>\n<meta property=\"og:locale\" content=\"es_ES\" \/>\n<meta property=\"og:type\" content=\"article\" \/>\n<meta property=\"og:title\" content=\"DECLARACI\u00d3N N\u00b0 324\/2.024 - Malarg\u00fce HCD\" \/>\n<meta property=\"og:description\" content=\"LOS EDILES PARTICIPARON DE LA FIESTA PROVINCIAL DE LA VUELTA DE VERANADOR Este s\u00e1bado se desarrollo la 30\u00b0 Vuelta del Veranador, evento que celebra la llegada de los crianceros, luego de pasar meses en la cordillera con su ganado. El Presidente del Hcd Rodrigo Hidalgo junto con los Concejales Emilce Mansilla, Martin Palma, Pablo Villarruel [&hellip;]\" \/>\n<meta property=\"og:url\" content=\"https:\/\/hcd.malargue.gov.ar\/?p=36747\" \/>\n<meta property=\"og:site_name\" content=\"Malarg\u00fce HCD\" \/>\n<meta property=\"article:published_time\" content=\"2024-05-06T14:04:29+00:00\" \/>\n<meta property=\"article:modified_time\" content=\"2024-05-06T14:09:56+00:00\" \/>\n<meta property=\"og:image\" content=\"https:\/\/hcd.malargue.gov.ar\/wp-content\/uploads\/2024\/05\/DECLARACION-324-2024.png\" \/>\n\t<meta property=\"og:image:width\" content=\"940\" \/>\n\t<meta property=\"og:image:height\" content=\"788\" \/>\n\t<meta property=\"og:image:type\" content=\"image\/png\" \/>\n<meta name=\"author\" content=\"Belen Pedernera Ferragut\" \/>\n<meta name=\"twitter:card\" content=\"summary_large_image\" \/>\n<meta name=\"twitter:label1\" content=\"Escrito por\" \/>\n\t<meta name=\"twitter:data1\" content=\"Belen Pedernera Ferragut\" \/>\n\t<meta name=\"twitter:label2\" content=\"Tiempo de lectura\" \/>\n\t<meta name=\"twitter:data2\" content=\"7 minutos\" \/>\n<script type=\"application\/ld+json\" class=\"yoast-schema-graph\">{\"@context\":\"https:\/\/schema.org\",\"@graph\":[{\"@type\":\"WebPage\",\"@id\":\"https:\/\/hcd.malargue.gov.ar\/?p=36747\",\"url\":\"https:\/\/hcd.malargue.gov.ar\/?p=36747\",\"name\":\"DECLARACI\u00d3N N\u00b0 324\/2.024 - Malarg\u00fce HCD\",\"isPartOf\":{\"@id\":\"https:\/\/hcd.malargue.gov.ar\/#website\"},\"datePublished\":\"2024-05-06T14:04:29+00:00\",\"dateModified\":\"2024-05-06T14:09:56+00:00\",\"author\":{\"@id\":\"https:\/\/hcd.malargue.gov.ar\/#\/schema\/person\/3fd6bbab64edd703961b795156c955d0\"},\"breadcrumb\":{\"@id\":\"https:\/\/hcd.malargue.gov.ar\/?p=36747#breadcrumb\"},\"inLanguage\":\"es-AR\",\"potentialAction\":[{\"@type\":\"ReadAction\",\"target\":[\"https:\/\/hcd.malargue.gov.ar\/?p=36747\"]}]},{\"@type\":\"BreadcrumbList\",\"@id\":\"https:\/\/hcd.malargue.gov.ar\/?p=36747#breadcrumb\",\"itemListElement\":[{\"@type\":\"ListItem\",\"position\":1,\"name\":\"Inicio\",\"item\":\"https:\/\/hcd.malargue.gov.ar\/\"},{\"@type\":\"ListItem\",\"position\":2,\"name\":\"DECLARACI\u00d3N N\u00b0 324\/2.024\"}]},{\"@type\":\"WebSite\",\"@id\":\"https:\/\/hcd.malargue.gov.ar\/#website\",\"url\":\"https:\/\/hcd.malargue.gov.ar\/\",\"name\":\"Malarg\u00fce HCD\",\"description\":\"Malarg\u00fce Mendoza Argentina\",\"potentialAction\":[{\"@type\":\"SearchAction\",\"target\":{\"@type\":\"EntryPoint\",\"urlTemplate\":\"https:\/\/hcd.malargue.gov.ar\/?s={search_term_string}\"},\"query-input\":\"required name=search_term_string\"}],\"inLanguage\":\"es-AR\"},{\"@type\":\"Person\",\"@id\":\"https:\/\/hcd.malargue.gov.ar\/#\/schema\/person\/3fd6bbab64edd703961b795156c955d0\",\"name\":\"Belen Pedernera Ferragut\",\"image\":{\"@type\":\"ImageObject\",\"inLanguage\":\"es-AR\",\"@id\":\"https:\/\/hcd.malargue.gov.ar\/#\/schema\/person\/image\/\",\"url\":\"https:\/\/secure.gravatar.com\/avatar\/1054ffab3893de4bb3eb29bdd22f7e34b8537bf5d34d9dab311818154ad5b71f?s=96&d=mm&r=g\",\"contentUrl\":\"https:\/\/secure.gravatar.com\/avatar\/1054ffab3893de4bb3eb29bdd22f7e34b8537bf5d34d9dab311818154ad5b71f?s=96&d=mm&r=g\",\"caption\":\"Belen Pedernera Ferragut\"},\"url\":\"https:\/\/hcd.malargue.gov.ar\/?author=5\"}]}<\/script>\n<!-- \/ Yoast SEO plugin. -->","yoast_head_json":{"title":"DECLARACI\u00d3N N\u00b0 324\/2.024 - Malarg\u00fce HCD","robots":{"index":"index","follow":"follow","max-snippet":"max-snippet:-1","max-image-preview":"max-image-preview:large","max-video-preview":"max-video-preview:-1"},"canonical":"https:\/\/hcd.malargue.gov.ar\/?p=36747","og_locale":"es_ES","og_type":"article","og_title":"DECLARACI\u00d3N N\u00b0 324\/2.024 - Malarg\u00fce HCD","og_description":"LOS EDILES PARTICIPARON DE LA FIESTA PROVINCIAL DE LA VUELTA DE VERANADOR Este s\u00e1bado se desarrollo la 30\u00b0 Vuelta del Veranador, evento que celebra la llegada de los crianceros, luego de pasar meses en la cordillera con su ganado. El Presidente del Hcd Rodrigo Hidalgo junto con los Concejales Emilce Mansilla, Martin Palma, Pablo Villarruel [&hellip;]","og_url":"https:\/\/hcd.malargue.gov.ar\/?p=36747","og_site_name":"Malarg\u00fce HCD","article_published_time":"2024-05-06T14:04:29+00:00","article_modified_time":"2024-05-06T14:09:56+00:00","og_image":[{"width":940,"height":788,"url":"https:\/\/hcd.malargue.gov.ar\/wp-content\/uploads\/2024\/05\/DECLARACION-324-2024.png","type":"image\/png"}],"author":"Belen Pedernera Ferragut","twitter_card":"summary_large_image","twitter_misc":{"Escrito por":"Belen Pedernera Ferragut","Tiempo de lectura":"7 minutos"},"schema":{"@context":"https:\/\/schema.org","@graph":[{"@type":"WebPage","@id":"https:\/\/hcd.malargue.gov.ar\/?p=36747","url":"https:\/\/hcd.malargue.gov.ar\/?p=36747","name":"DECLARACI\u00d3N N\u00b0 324\/2.024 - Malarg\u00fce HCD","isPartOf":{"@id":"https:\/\/hcd.malargue.gov.ar\/#website"},"datePublished":"2024-05-06T14:04:29+00:00","dateModified":"2024-05-06T14:09:56+00:00","author":{"@id":"https:\/\/hcd.malargue.gov.ar\/#\/schema\/person\/3fd6bbab64edd703961b795156c955d0"},"breadcrumb":{"@id":"https:\/\/hcd.malargue.gov.ar\/?p=36747#breadcrumb"},"inLanguage":"es-AR","potentialAction":[{"@type":"ReadAction","target":["https:\/\/hcd.malargue.gov.ar\/?p=36747"]}]},{"@type":"BreadcrumbList","@id":"https:\/\/hcd.malargue.gov.ar\/?p=36747#breadcrumb","itemListElement":[{"@type":"ListItem","position":1,"name":"Inicio","item":"https:\/\/hcd.malargue.gov.ar\/"},{"@type":"ListItem","position":2,"name":"DECLARACI\u00d3N N\u00b0 324\/2.024"}]},{"@type":"WebSite","@id":"https:\/\/hcd.malargue.gov.ar\/#website","url":"https:\/\/hcd.malargue.gov.ar\/","name":"Malarg\u00fce HCD","description":"Malarg\u00fce Mendoza Argentina","potentialAction":[{"@type":"SearchAction","target":{"@type":"EntryPoint","urlTemplate":"https:\/\/hcd.malargue.gov.ar\/?s={search_term_string}"},"query-input":"required name=search_term_string"}],"inLanguage":"es-AR"},{"@type":"Person","@id":"https:\/\/hcd.malargue.gov.ar\/#\/schema\/person\/3fd6bbab64edd703961b795156c955d0","name":"Belen Pedernera Ferragut","image":{"@type":"ImageObject","inLanguage":"es-AR","@id":"https:\/\/hcd.malargue.gov.ar\/#\/schema\/person\/image\/","url":"https:\/\/secure.gravatar.com\/avatar\/1054ffab3893de4bb3eb29bdd22f7e34b8537bf5d34d9dab311818154ad5b71f?s=96&d=mm&r=g","contentUrl":"https:\/\/secure.gravatar.com\/avatar\/1054ffab3893de4bb3eb29bdd22f7e34b8537bf5d34d9dab311818154ad5b71f?s=96&d=mm&r=g","caption":"Belen Pedernera Ferragut"},"url":"https:\/\/hcd.malargue.gov.ar\/?author=5"}]}},"_links":{"self":[{"href":"https:\/\/hcd.malargue.gov.ar\/index.php?rest_route=\/wp\/v2\/posts\/36747","targetHints":{"allow":["GET"]}}],"collection":[{"href":"https:\/\/hcd.malargue.gov.ar\/index.php?rest_route=\/wp\/v2\/posts"}],"about":[{"href":"https:\/\/hcd.malargue.gov.ar\/index.php?rest_route=\/wp\/v2\/types\/post"}],"author":[{"embeddable":true,"href":"https:\/\/hcd.malargue.gov.ar\/index.php?rest_route=\/wp\/v2\/users\/5"}],"replies":[{"embeddable":true,"href":"https:\/\/hcd.malargue.gov.ar\/index.php?rest_route=%2Fwp%2Fv2%2Fcomments&post=36747"}],"version-history":[{"count":3,"href":"https:\/\/hcd.malargue.gov.ar\/index.php?rest_route=\/wp\/v2\/posts\/36747\/revisions"}],"predecessor-version":[{"id":36756,"href":"https:\/\/hcd.malargue.gov.ar\/index.php?rest_route=\/wp\/v2\/posts\/36747\/revisions\/36756"}],"wp:featuredmedia":[{"embeddable":true,"href":"https:\/\/hcd.malargue.gov.ar\/index.php?rest_route=\/wp\/v2\/media\/36748"}],"wp:attachment":[{"href":"https:\/\/hcd.malargue.gov.ar\/index.php?rest_route=%2Fwp%2Fv2%2Fmedia&parent=36747"}],"wp:term":[{"taxonomy":"category","embeddable":true,"href":"https:\/\/hcd.malargue.gov.ar\/index.php?rest_route=%2Fwp%2Fv2%2Fcategories&post=36747"},{"taxonomy":"post_tag","embeddable":true,"href":"https:\/\/hcd.malargue.gov.ar\/index.php?rest_route=%2Fwp%2Fv2%2Ftags&post=36747"}],"curies":[{"name":"wp","href":"https:\/\/api.w.org\/{rel}","templated":true}]}}