{"id":36768,"date":"2024-05-08T09:56:20","date_gmt":"2024-05-08T12:56:20","guid":{"rendered":"https:\/\/hcd.malargue.gov.ar\/?p=36768"},"modified":"2024-05-15T11:19:51","modified_gmt":"2024-05-15T14:19:51","slug":"acta-sesion-ordinaria-n-1-156-o-2-04-2-024","status":"publish","type":"post","link":"https:\/\/hcd.malargue.gov.ar\/?p=36768","title":{"rendered":"ACTA 8\u00b0 SESION ORDINARIA N\u00b0 1.156 \u2013 \u201c O \u201c \u2013 2\/05\/2.024"},"content":{"rendered":"<div class=\"wp-block-image\">\n<figure class=\"alignright size-full is-resized\"><a href=\"http:\/\/hcd.malargue.gov.ar\/2024\/8%20ACTA%20ORDINARIA%20N%201156%202024.pdf\"><img loading=\"lazy\" decoding=\"async\" width=\"512\" height=\"512\" src=\"https:\/\/hcd.malargue.gov.ar\/wp-content\/uploads\/2018\/06\/PDF-JPG.jpg\" alt=\"\" class=\"wp-image-7950\" style=\"width:139px;height:auto\" srcset=\"https:\/\/hcd.malargue.gov.ar\/wp-content\/uploads\/2018\/06\/PDF-JPG.jpg 512w, https:\/\/hcd.malargue.gov.ar\/wp-content\/uploads\/2018\/06\/PDF-JPG-150x150.jpg 150w, https:\/\/hcd.malargue.gov.ar\/wp-content\/uploads\/2018\/06\/PDF-JPG-300x300.jpg 300w\" sizes=\"auto, (max-width: 512px) 100vw, 512px\" \/><\/a><\/figure>\n<\/div>\n\n\n<p>En Malarg\u00fce Mendoza a dos d\u00edas de mayo&nbsp; de 2024, cuando es la hora 09:15&nbsp; se re\u00fane el Honorable Concejo Deliberante de la Municipalidad de Malarg\u00fce para celebrar la Sesi\u00f3n Ordinaria del dia de la fecha.\/ Bajo la&nbsp;&nbsp; Presidencia de su titular Sr. Rodrigo HIDALGO y la presencia de los Se\u00f1ores&nbsp; Concejales Viviana Mosca, Pablo Villarruel, Elizabeth Gonz\u00e1lez, Mart\u00edn&nbsp; Palma, Francisco Parada, Silvina Camiolo, Emilce Mansilla, Magali&nbsp; Acosta y Pablo Cabrera.\/ Se firma del Libro de Asistencia donde consta que no hay ausencias.\/\/&nbsp;&nbsp; a) Para dar comienzo al desarrollo del Orden del d\u00eda&nbsp; se invita a la Concejal&nbsp; Magali Acosta&nbsp; a izar la Ense\u00f1a Patria.\/\/ b) Homenaje de los Se\u00f1ores Concejales: Solicita la palabra el Concejal PARADA manifestando: Gracias, Se\u00f1or Presidente, buenos d\u00edas a todos, particularmente al personal del H.C.D., corresponde creo un homenaje, a&nbsp; la comunidad de Bardas Blancas y a los veranadores que estar\u00e1n festejando Dios mediante, este fin de semana, a pesar del pron\u00f3stico de fr\u00edo y dem\u00e1s, una nueva edici\u00f3n de la conocida Vuelta del Veranador, 30 ediciones y quiero hacer hincapi\u00e9 en dos cosas concretas, porque haber, una fiesta por all\u00ed&nbsp; en cierto sentido es f\u00e1cil concretizar. La cuesti\u00f3n es la permanencia en el tiempo m\u00e1s cuando es una fiesta comunitaria, 30 ediciones no es poca cosa y esto creo que tiene una explicaci\u00f3n. En primer lugar porque la Fiesta Vuelta del Veranador nace de la comunidad misma. No fue una imposici\u00f3n pol\u00edtica de alg\u00fan dirigente, de alg\u00fan o de cualquier tipo, ni siquiera del Director de la Escuela. Quiz\u00e1s el Director de la Escuela fue la causa final que movi\u00f3, pero la comunidad, la comunidad es la que decidi\u00f3 convertir una tragedia en festejo, porque despu\u00e9s de la muerte tr\u00e1gica de Don Pablo Guiraldes, deciden festejar el reencuentro. La comunidad se involucra en ese nacimiento y se involucra en la realizaci\u00f3n de la Fiesta a\u00f1o tras a\u00f1o, teniendo como principal protagonista a la comunidad educativa de la Escuela Peregrina Cantos, y alli pasaron muchos Directores recuerdo a Lauti Berenguel que fue el primer gran l\u00edder en ese momento, despu\u00e9s Don David Alonso,&nbsp; el Profesor Pablo Saso y cuantos m\u00e1s que han ido pasando, pero siempre la comunidad, siempre la comunidad, cargando con todos los trabajos que significa verdaderamente, &nbsp;una fiesta de esta magnitud, pero adem\u00e1s de que la fiesta nace por la iniciativa de la comunidad, es una fiesta que tiene identidad. Y el reclamo y el deseo de ser escuchados, por una necesidad de identidad o de mostrar una identidad ya que los puesteros no se identificaron nunca con el Festival del Chivo. porque la Fiesta del Chivo es nominalmente la fiesta de los puesteros, nominalmente la Fiesta del Chivo podr\u00eda haberse llamado la fiesta de no s\u00e9 de la trucha, del turismo, le pusieron ocasionalmente la Fiesta del Chivo y ustedes ver\u00e1n que est\u00e1 contratiempo de las actividades del puestero, porque cuando nosotros hacemos la Fiesta del Chivo, enero, febrero &nbsp;el puestero est\u00e1 en veranada y all\u00e1 en los a\u00f1os 90 imag\u00ednense venir al Festival del Chivo, era dif\u00edcil y solo escuchaban por radio y muchas veces al Festival del Chivo, traen grupos que para la identidad del puestero no dicen nada. Entonces en esa necesidad de identidad, nace esta fiesta y creo que eso explica en gran parte la permanencia en el tiempo, que hoy sea sin duda la segunda fiesta m\u00e1s importante que tenemos los Malarg\u00fcinos, pero no s\u00f3lo eso, la Fiesta Vuelta del Veranador fue &nbsp;el punto inicial, para una seguidilla de fiestas populares que se hacen en los parajes y que hacen a un calendario de fiestas populares algunas con mayor menor identidad con mayor menor participaci\u00f3n de la de las comunidades con mayor o menor participaci\u00f3n del Municipio pero que en el Calendario de Fiestas populares esta instaurado. Recordaran ustedes que nace la Fiesta Vuelta del Veranador, el a\u00f1o siguiente la Fiesta del Sosneado del Puestero Sure\u00f1o, despu\u00e9s la Fiesta Departamental de la Papa, que ha sido interrumpida varias veces no ha tenido la continuidad o la permanencia que&nbsp; ha tenido la Fiesta de la Vuelta del Veranador, despu\u00e9s la Fiesta del Encuentro de Cantoras, la Fiesta de El Alambrado y cuantas otras. Pero digo fue un puntapi\u00e9 inicial, para un calendario de Fiestas Populares que hoy forman parte tambi\u00e9n, si se quiere de la propuesta cultural que tiene &nbsp;nuestro Malarg\u00fce. Desearles que, &nbsp;que salga todo bien, a los que est\u00e1n involucrados all\u00e1 en la Comisi\u00f3n, a los vecinos, a los puesteros que realmente festejen el reencuentro con su familia, a los puebleros que van, sobre todo los que van en las Cabalgatas s\u00ed, que tengan una muy buena cabalgata, un buen reencuentro y que sobre todo sea un fin de semana de mucha alegr\u00eda y de sana alegr\u00eda, de los puesteros festejando su justo fin de ciclo, porque tambi\u00e9n en este tiempo termina el ciclo productivo, adem\u00e1s, de que tiene nuestro querido Malarg\u00fce, as\u00ed que para Bardas Blancas, a Comunidad y todos los Veranadores que tengan una hermosa fiesta.\/\/ c) Consideraci\u00f3n Acta Sesi\u00f3n Ordinaria N\u00b0 1.155 \u201cO\u201d 2.024.\/ PRESIDENCIA pone a consideraci\u00f3n el acta y es APROBADA.\/\/ d) Lectura del detalle de la correspondencia recibida y emitida: PRESIDENCIA en uso de la palabra manifiesta: Hay una serie de notas el Punto 1, Punto 6 de las Notas Ingresadas y en Notas Emitidas el Punto 2, &nbsp;donde voy a solicitar, que no se le d\u00e9 lectura, puesto que hace referencia a algunas situaciones internas, en donde se nombra algunas y algunos compa\u00f1eros de trabajo, propios del personal del Concejo. Solicitar que se omita directamente el punto y se contin\u00faen con los que prosiguen, por supuesto que voy a dar explicaciones con respecto a las acciones que&nbsp; he llevado a cabo con esto, s\u00ed, en donde se han acumulado dichas notas y se las ha enviado a Asesor\u00eda Letrada. entendiendo que estas situaciones deben instruirse desde all\u00ed, entendiendo que hay un \u00e1rea tambi\u00e9n sumarial. Entonces bueno que sean ellos quienes dictaminen cu\u00e1l es el procedimiento. Todo esto bas\u00e1ndonos, en lo que en lo que es correcto, lo que corresponde, manejarlo a trav\u00e9s de lo que est\u00e1 escrito, entiendo que no es esta la Sala para resolver estos conflictos, comentarles que junto con las Autoridades, hemos estado intentando amenguar, o apaciguar la situaci\u00f3n y bueno, lamentablemente no se ha podido y lleg\u00f3 al punto de que ingresen&nbsp; en el Orden del D\u00eda. Entiendo que el Concejo Deliberante, como Poder Legislativo, m\u00e1s all\u00e1 de las tres funciones que tiene, que es legislar, representar y controlar, si lo analizamos desde el Esp\u00edritu mismo, desde la creaci\u00f3n del poder legislativo, es la de traer un grado de cierto equilibrio a los poderes, y ese equilibrio debe estar tanto puertas afuera, como puertas adentro, por eso es que como Presidente tambi\u00e9n, me dan la obligaci\u00f3n de buscar ese equilibrio, para buscar ese equilibrio, tenemos que tener cierto grado objetividad, ser objetivos en todos los temas, para no beneficiar m\u00e1s a una parte o a otra, o para no perjudicar m\u00e1s a una parte, o a otra, hablo en t\u00e9rminos generales no, puertas adentro, como puertas afuera. La imparcialidad tambi\u00e9n, es una de las cualidades que hay que intentar tener para poder trabajar y no olvidarnos nunca, &nbsp;hay&nbsp; &nbsp;un ejercicio que yo hago permanentemente todos los d\u00edas, yo le llamo de las tres erres, no, trabajar siempre con respeto, responsabilidad y rectitud, ese va a ser mi pedido hacia todo el personal, hacia todos los ediles. Comentarles que he tomado tambi\u00e9n, la decisi\u00f3n y voy a encomendar y le voy a pedir a la se\u00f1ora Secretaria Administrativa del Concejo que me ayude &nbsp;con la resoluci\u00f3n, con el armado de esta resoluci\u00f3n, para encomendar a que se cree un Manual Interno de Funciones, aqu\u00ed en&nbsp; el Concejo, este manual voy a pedir que no sea personalizado, sino que sea en base a las funciones que cada puesto de trabajo cumple aqu\u00ed en el Concejo Deliberante, de manera tal que el d\u00eda de ma\u00f1ana, si alguien no puede estar, cualquier otra persona que se siente, cualquier otro compa\u00f1ero de trabajo, que se siente a realizar esa tarea, simplemente puede agarrar ese manual y saber a la perfecci\u00f3n, cu\u00e1les son sus funciones, cu\u00e1les son sus tareas, desde y hasta donde le corresponde hacer a cada uno, as\u00edque comunicarles eso. Bueno, si ustedes aceptan volver a hacer la solicitud de que omitamos estos puntos y continuamos con la lectura de los siguientes.\/\/ Solicita la palabra la Concejal CAMIOLO y manifiesta:&nbsp; Gracias, Se\u00f1or Presidente, por supuesto que al tratarse de temas privados y tiene la facultad de solicitarlo, lo que yo quer\u00eda solicitar es que Usted, pueda apegarse al Reglamento y cuando quiera hacer uso de la palabra, haga que la Vicepresidenta tome el lugar y usted desde la banca, de manera que se pueda explayar, adem\u00e1s, y pueda contarnos, pero necesitamos respetar rigurosamente y coincido con usted con esto de, de ser rectos a la hora de trabajar, es el modo en que debe hacerse, en ese caso la Vicepresidenta&nbsp; Primera tiene que ocupar su banca y usted tiene la posibilidad &nbsp;de explayarse y de hecho es algo que sugiero para que lo pueda hacer y no incumpla el Reglamento Interno. Por otro lado, con el manual, que tambi\u00e9n usted explica es algo con lo que estoy de acuerdo, a veces hay funciones que si bien este Concejo ha trabajado con una institucionalidad impecable durante muchos a\u00f1os, a veces es necesario reforzar ciertas cuestiones. Por ejemplo, hasta incluso el procedimiento cuando hay conflictos entre Concejales o entre un concejal y un empleado o entre dos empleados o entre un empleado y un jer\u00e1rquico bueno, son cuestiones que quiz\u00e1s en el Reglamento no quedan del todo claras, pero ya est\u00e1n especificadas, propongo que antes que un Manual sigamos trabajando Reglamento Interno y eso de las funciones quede especificado en ese Reglamento, que ya estamos los concejales trabajando los d\u00edas lunes y donde yo no pude estar la \u00faltima vez, porque tuve a mi hija internada, pero s\u00e9, que se trabaj\u00f3 muy bien en la Comisi\u00f3n, propongo, sugiero que sea eso. Mi abuelo fallecido hace dos a\u00f1os ya, ten\u00eda un dicho que nunca se me olvida y tambi\u00e9n comanda &nbsp;mis pr\u00e1cticas\u2026, siembra vientos y cosechar\u00e1s tempestades. Tenemos que ver, qu\u00e9 responsabilidad nosotros estamos teniendo, en esta cosecha de tempestades, todos y cada uno de los que hacemos al Concejo Deliberante, realmente la ciudadan\u00eda no necesita este tipo de ri\u00f1as de peleas y de diferencias. Las diferencias pol\u00edticas, ideol\u00f3gicas, est\u00e1n ahora cuando ya esto se personaliza, se falta el respeto, se pierden los c\u00f3digos de la \u00e9tica y la moral, me parece que es algo que vamos a necesitar revisar algunas partes de este, de esta siembra de vientos, realmente espero Se\u00f1or Presidente, que esto se puede resolver y como Concejal no tenemos atribuciones por Reglamento&nbsp; de resolverlo, pero siempre est\u00e1 la predisposici\u00f3n, y nos ha tocado en otras ocasiones y al menos la m\u00eda, &nbsp;de poder acompa\u00f1ar y llegar a la resoluci\u00f3n de conflictos con m\u00ednimos afectos a las personas involucradas, eso es Se\u00f1or Presidente, solicitar que nos apeguemos al Reglamento y que sigamos trabaj\u00e1ndolo y que las funciones de cada uno de los que aqu\u00ed trabajamos queden explicitadas en el Reglamento y as\u00ed como los Protocolos de Resoluci\u00f3n de Conflictos.\/\/ PRESIDENCIA informa no solicito el uso de la palabra solo &nbsp;es comunicar desde Presidencia, por eso es que no le solicito a la Vicepresidenta Primera que me cubra con este lugar, cuando me toque presentar un proyecto, seg\u00fan lo que dice el Reglamento ah\u00ed si bajar\u00e9, ella me reemplazar\u00e1 y dar\u00e9 las explicaciones correspondientes. En segundo lugar&nbsp; con respecto al Manual de Funcionamiento que estoy solicitando, esto surge como propuesta por algunas personas del personal justamente, que integran el Concejo Deliberante, tenemos personas muy capacitadas aqu\u00ed, que son capaces de elaborarlo mi solicitud es esa que lo preparen ellos, que lo vean antes de que pase por el Cuerpo, que lo vean todos, absolutamente todos, quienes integran este Concejo Deliberante y posterior a la venia de ellos, que son los que cumplen las funciones todos los d\u00edas, se le d\u00e9 pase al Cuerpo de Concejales para su consideraci\u00f3n. Muchas gracias.\/\/ Seguidamente solicita la palabra el Concejal PALMA y manifiesta:&nbsp; Dos cosas en principio quiero entender que lo que esta solicitando es una moci\u00f3n y debe ponerse y someterse al Cuerpo. Por otro lado entiendo que la nota del Punto 1, fue presentada para la Sesi\u00f3n pr\u00f3xima pasada, la cual fue retenida en funci\u00f3n de las atribuciones que le ameritan y se debe hacer el informe puntualizado de la resoluci\u00f3n y en este caso, como ya est\u00e1n las notas presentadas y ya se retuvieron, creo que no ser\u00eda conveniente, no leerlas, me parece. Por otro lado, creo que la Ley es clara, haber este Concejo recuper\u00f3 su funcionalidad alla por el a\u00f1o 83, con la recuperaci\u00f3n de la democracia, la Ley de Procedimientos Administrativos y el propio Reglamento Interno de este Concejo, ha hecho que en estos \u00faltimos 40 a\u00f1os funcionemos o el Concejo funcione de una manera, que se sostuvo en el tiempo. Yo no s\u00e9 por qu\u00e9 ahora, en estos \u00faltimos meses, ha cambiado tanto la din\u00e1mica de este Concejo Deliberante, la verdad que me sorprende. Muchas veces uno se puede sorprender para bien, pero muchas, muchas otras veces, uno se sorprende para mal. S\u00ed, pero bueno, son las cuestiones que suceden en las distintas administraciones,&nbsp; nos ha tocado estar en esa, en ese lugar de la Presidencia, entiendo los problemas que por all\u00ed se suceden, pero bueno, como siempre, digo uno cuando se apega a la Ley estas cosas no pasan, s\u00ed, porque cuando uno aplica la Ley, la ley tiene que ser de igual manera para todos. S\u00ed, cuando la ley se aplica de igual manera para todos, nunca vamos a tener ning\u00fan tipo de inconveniente, por qu\u00e9? Porque cuando uno aplica la Ley es f\u00e1cil decirle, a la persona que viene a plantear una cuesti\u00f3n fuera de la misma, decirle la Ley, me lo imposibilita, pero de la misma manera que uno marca que la Ley la imposibilita llevar adelante ciertas cuestiones, ciertas pr\u00e1cticas o ciertas permisibilidades, hay que ser coherente con la misma y siempre llevarlo adelante de la misma manera, hasta en sus propias acciones, no? Y de esa manera creo que vamos a andar siempre por buenas sendas y no vamos a generar este tipo de inconvenientes que se han generado y que bueno sabemos todos, que la situaci\u00f3n no es muy c\u00f3moda para, para trabajar dentro del personal, pero bueno son cuestiones que se dan, coincido con la Concejal en cuanto a la aplicaci\u00f3n del Reglamento Presidencia debe hacer uso de las facultades que lo asisten por Ley, m\u00e1s all\u00e1 del informe que Usted est\u00e1 brindando, el uso de la palabra dice el Reglamento, que debe ser desde la banca, pero bueno, simplemente eso, es Sr. Presidente recordarles que la Ley de Procedimientos Administrativos, el Estatuto del Empleado P\u00fablico, los Convenios Colectivos de Trabajo y el Reglamento Interno, prev\u00e9n este tipo de situaciones para resolverlas de una manera pr\u00e1ctica, \u00e1gil y sin tanto, como decirlo, estado p\u00fablico. Muchas gracias, Se\u00f1or Presidente.\/\/ La Concejal CAMIOLO solicita un cuarto intermedio y puesto a consideraci\u00f3n es aprobado a la hora 09:37. Cuando es la hora 09:40 se sale de cuarto intermedio y se reanuda la Sesi\u00f3n.\/\/&nbsp; PRESIDENCIA pone a consideraci\u00f3n la moci\u00f3n y es aprobada.\/\/ Por Secretaria se procede a la lectura de las Notas Ingresadas<em>. <\/em>1.<em>&nbsp; <\/em>Sra. Mabel L\u00f3pez, Secretaria del Honorable Concejo Deliberante, plantea situaci\u00f3n con agente municipal adscripto al Honorable Concejo Deliberante. No es le\u00edda en virtud de la moci\u00f3n aprobada.\/ 2. Sra. Julieta Mart\u00ednez Directora de Planificaci\u00f3n Estrat\u00e9gica, solicita&nbsp; piezas legales aprobadas y proyectos obrantes,&nbsp; a fin de comenzar&nbsp; el funcionamiento del Observatorio Vial.\/ Pasa a Secretaria y Comisiones para dar respuesta.\/ 3. Vecinos y Padres del Barrio Mart\u00edn G\u00fcemes, solicitan paso peatonal&nbsp; sobre Ruta Nacional 40 o prolongaci\u00f3n&nbsp; Avenida San Mart\u00edn&nbsp; a la altura de calle Julio Eidels. Pasa a O.P.T y R.N.\/ 4. Asociaci\u00f3n Gu\u00edas de Turismo de Malarg\u00fce, eleva Informe&nbsp; de&nbsp; ANP Payunia, solicitando su tratamiento. Pasa a O.P.T y R.N.\/ 5. Sra. Lucila Flores Contreras, expone situaci\u00f3n de discriminaci\u00f3n y baja de contrato laboral, solicita reuni\u00f3n. Pasa a GENERO, EQUIDAD y DIVERSIDAD.\/ 6. Sr. Nicol\u00e1s Ghiglione,&nbsp; agente municipal adscripto al Honorable Cuerpo,&nbsp; eleva descargo a situaci\u00f3n acaecida. No se da lectura en virtud de la moci\u00f3n aprobada.\/ 7. Departamento Ejecutivo Municipal, eleva nota Acta Asamblea Ordinaria&nbsp; 17 y copia de Resoluci\u00f3n N\u00ba 4.568\/99, para la Comisi\u00f3n de Pasos Internacionales y Asuntos Regionales.&nbsp; Pasa a PASOS INTERNACIONALES Y ASUNTOS REGIONALES.\/ 8. Departamento Ejecutivo Municipal,&nbsp; eleva respuesta de&nbsp; Asesor\u00eda Letrada del Municipio, respecto a requerimiento sobre Decreto N\u00b0 332\/2.024. Pasa a H.P.L.A.C.\/ 9. Sr. Daniel Uvilla Pastor Capellan, invita a participar&nbsp; de la Primera&nbsp; Convenci\u00f3n Regional de Iglesias Evang\u00e9licas, a realizarse en la Ciudad de Malarg\u00fce. Copia a los Bloques.\/\/ Notas Emitidas: 1. A Honorable C\u00e1mara de Senadores de la Provincia,&nbsp; remitiendo&nbsp; copia de Resoluci\u00f3n N\u00ba 067\/2.024, sobre Ley C\u00f3digo de Procedimientos&nbsp; Mineros&nbsp; para la Provincia de Mendoza, para conocimiento.\/ 2. Al Asesor Letrado de la Municipalidad de Malarg\u00fce, elevando&nbsp; notas HC-223-2.024 y HC-231-2.024, a fin que se realicen&nbsp; las acciones correspondientes. No se da lectura en virtud de la moci\u00f3n aprobada.\/ 3. Al Sr. Juan Forquera remitiendo informe de la Direcci\u00f3n de Gesti\u00f3n Ambiental de la Municipalidad de Malarg\u00fce, para conocimiento.\/\/ e) Determinaci\u00f3n de los temas que ser\u00e1n incluidos en el punto Asuntos Varios y puesta a consideraci\u00f3n de mociones de tratamiento sobre tablas de diversos expedientes.\/ Solicita la palabra la Concejal ACOSTA manifestando: Yo quer\u00eda hacer un pedido, para primero desafectar un Expediente de Secretar\u00eda, ingresado bajo el n\u00famero 5.423. Este es un proyecto de Resoluci\u00f3n, si bien sabemos que un Proyecto de Resoluci\u00f3n es una expresi\u00f3n de deseo, surge de los anuncios que se dieron en el d\u00eda de ayer, en la apertura de Sesiones en la Legislatura de Mendoza, en donde nos enteramos, de que se ha firmado una adenda por parte del Gobierno Nacional, para hacer uso de los 1.023 millones de d\u00f3lares, que eran destinados a la obra de Portezuelo del Viento, ac\u00e1 en nuestro Departamento, y me parece que se est\u00e1 trabajando mucho en el accionar y no en la discusi\u00f3n previa. Todos, desde el Departamento Ejecutivo en adelante ayer nos enteramos de esta noticia, nos la almorzamos pr\u00e1cticamente como hemos dicho toda la ma\u00f1ana. Y creo que es necesario que como Concejo Deliberante&nbsp; que ya lo ha hecho antes tambi\u00e9n el Concejo de hecho, inclusive, ha ido encabezando las marchas que se realizaron en un determinado momento aca en el Departamento y tambi\u00e9n viendo que a\u00f1os anteriores los tres Concejos Deliberantes del Sur, estuvieron trabajando en conjunto para los fondos de Portezuelo, que la discusi\u00f3n pas\u00f3 a ser que los fondos son de la Regi\u00f3n Sur de la Provincia de Mendoza, entonces me parece hoy, prioritario, me parece tambi\u00e9n que los tiempos apremian, si bien tambi\u00e9n se dijo que el proyecto para la autorizaci\u00f3n de esto, se va a enviar a la Legislatura, como Malarg\u00fcinos, como Malarg\u00fcinas y tambi\u00e9n representantes del pueblo creo que tambi\u00e9n debemos ser parte de esas discusiones y ver de que es en lo que se basa este proyecto. este proyecto proclama, en uno de sus articulados la defensa gesti\u00f3n y protecci\u00f3n integral para el Sur de los Mendocinos, m\u00e1s la totalidad de los fondos de financiamiento de la obra y tambi\u00e9n otro de los articulados se solicita que nos hagan parte de esas discusiones, a nosotros como Concejales y Concejalas y tambi\u00e9n a las Legisladoras que tenemos en la Provincia que son de nuestro Departamento, que tenemos tres y tambi\u00e9n que hagan parte al propio Departamento Ejecutivo de la discusi\u00f3n que estoy segura que el Departamento Ejecutivo, va a golpear las puertas que sean necesarias para que podamos ser parte. Mi pedido es para desafectarlo y solicitar el &nbsp;tratamiento Sobre Tablas de este Proyecto de Resoluci\u00f3n.\/ PRESIDENCIA pone&nbsp; &nbsp;a consideraci\u00f3n la moci\u00f3n de desafectaci\u00f3n de Secretaria del Expte N\u00b0 5.423 para su posterior tratamiento sobre tablas y NO PROSPERA, (4 votos por la afirmativa y 5 votos en negativo).\/ Solicita la palabra el&nbsp; Concejal Mart\u00edn PALMA y expresa: Gracias, Se\u00f1or Presidente bueno un poco para fundamentar esta situaci\u00f3n que se acaba de dar, si bien nosotros y como se mencion\u00f3 anteriormente este Concejo Deliberante viene peleando hace rato por el tema de Portezuelo&nbsp; del Viento y los recursos y las obras y dem\u00e1s, no, escuchaba, atentamente esta situaci\u00f3n que realmente se dio ayer con el discurso del Se\u00f1or Gobernador, pero me surgen un sinf\u00edn de interrogantes, hubieron reuniones, donde particip\u00f3 gente de Malarg\u00fce, de la cual no fuimos invitados esto quiero decirlo, no hemos tenido la participaci\u00f3n, pero s\u00ed, este sabemos que la C\u00e1mara de Comercio estuvo reunido en esta situaci\u00f3n &nbsp;y dem\u00e1s, nos falta informaci\u00f3n. Tambi\u00e9n se dijo que los Departamentos del Sur pueden presentar proyectos, desconozco si el Ejecutivo tiene alg\u00fan proyecto en mente, realmente lo desconozco. Tambi\u00e9n recuerdo que hubieron varias expresiones, desde otros Concejos Deliberantes del Sur, puntualmente por el Baqueano no s\u00e9 si lo recuerdan, s\u00ed, donde a nosotros no se nos pidi\u00f3 ning\u00fan tipo de acompa\u00f1amiento. Entiendo tambi\u00e9n, entiendo tambi\u00e9n que la obra Portezuelo del Viento, viene bastante castigada por un Gobierno que ya no est\u00e1, s\u00ed, gobierno justicialista, s\u00ed, donde el Ex Presidente Fernandez , firm\u00f3 todo lo que hab\u00eda que firmar para entorpecer el normal desarrollo de Portezuelo del Viento, y nos hizo caer una obra que hoy podr\u00eda estar en ejecuci\u00f3n. Si, f\u00edjense ustedes pero ahora hay que salir a acompa\u00f1ar&nbsp; una situaci\u00f3n que cuando nosotros pedimos que se nos acompa\u00f1ara, no se nos acompa\u00f1\u00f3. Entonces, c\u00f3mo es, reci\u00e9n lo dije, la ley se debe aplicar para todos por igual. En este caso necesitamos una mayor informaci\u00f3n de c\u00f3mo va a ser el proceder, en el art\u00edculo 3 de la presente Ley, si ustedes recuerdan dice que \u201cy\/u\u201d otras obras h\u00eddricas para la Provincia de Mendoza, nosotros venimos reclamando que Malarg\u00fce viene quedando postergado hace much\u00edsimo tiempo y no, no estoy justificando al Gobierno Provincial, ni mucho menos, pero s\u00ed tenemos que ser coherentes. Que vamos a presentar, hay alguna alternativa para Malarg\u00fce se present\u00f3 alg\u00fan proyecto, que debemos defender que debamos tomar conocimiento en principio. nosotros seguimos por Portezuelo, creemos en Portezuelo, necesitamos esa obra prioritariamente en Malarg\u00fce, necesitamos energ\u00eda para darle valor agregado, yo vengo escuchando un monton de situaciones que la miner\u00eda, necesitamos energ\u00eda, energ\u00eda que no estamos produciendo en nuestro Departamento, energ\u00eda que vemos que en otros Departamentos con nuestros productos si se lleva adelante, como por ejemplo la Central Termoel\u00e9ctrica Anchoris de Mendoza, funciona con el gas nuestro y producen energ\u00eda nosotros no tenemos energ\u00eda para hacer producir miner\u00eda, entonces creo que tenemos que ser estrategas en lo que vamos a pedir y para pedir algo tenemos que tenerlo bien fundado y eso es lo que creo que deber\u00edamos hacer con este proyecto, no nos rehusamos a tratarlo y voy a pedir que se trate de manera preferencial, Se\u00f1or Presidente, pero con toda la informaci\u00f3n que podamos tener y podamos hacer un reclamo justo y coherente y con los fundamentos que corresponde, porque si no voy a usar una palabra o unas palabras que se dijeron aqu\u00ed, en este mismo recinto, que es que hacemos payanitas para la tribuna. Y nosotros no estamos en ese juego. Nosotros trabajamos de una manera coherente, de una manera consciente y de una manera fundada y sobre todo con informaci\u00f3n fidedigna y fiel entonces necesitamos tener esa informaci\u00f3n, para poder darle el acompa\u00f1amiento a este proyecto de manera urgente. Vuelvo a solicitar Se\u00f1or Presidente que el proyecto reci\u00e9n rechazado en funci\u00f3n del tratamiento Sobre Tablas por esta falta de informaci\u00f3n que tenga tratamiento preferencial en la Comisi\u00f3n a la cual sea enviado.\/ PRESIDENCIA &nbsp;manifiesta, Concejal Mart\u00edn Palma a ver para ordenar y ordenarnos un poco. La moci\u00f3n de la Concejala Magal\u00ed Acosta fue la desafectaci\u00f3n de Mesa de Entradas, no? O sea que todav\u00eda no tiene pase de Comisi\u00f3n no corresponde la solicitud de tratamiento preferencial.\/ PALMA en uso de la palabra: Se\u00f1or Presidente, retiro la moci\u00f3n, entendiendo la correcci\u00f3n que Usted me ha hecho, tiene raz\u00f3n &nbsp;no est\u00e1 en el Orden del D\u00eda. Disculpe Se\u00f1or Presidente.\/\/ &nbsp;Solicita la palabra el Concejal&nbsp; CABRERA y expresa: S\u00ed, para solicitar el Tratamiento sobre&nbsp; Tablas del Expte N\u00b0&nbsp; 5.418 que es un Proyecto de&nbsp; Declaraci\u00f3n de Inter\u00e9s Departamental a la jornada que se va a realizar de Regularizaci\u00f3n Dominial. La intenci\u00f3n que tenemos es tratarlo sobre tablas, entendiendo la importancia que merece esta Jornada, ya que se van a reunir todos los Agrimensores de la Provincia, en Malarg\u00fce y para tratar el tema muy importante como es la regularizaci\u00f3n de las tierras, para la gente de la zona rural espec\u00edficamente, as\u00edque es por eso que solicit\u00f3 que este proyecto sea tratado sobre tablas.\/ Presidencia pone a consideraci\u00f3n la solicitud de tratamiento sobre tablas del Expediente 5.418 y NO PROSPERA. (Votan 5 por la afirmativa y 4 por la negativa requiere 2\/3). f) Proyectos de los Se\u00f1ores Concejales: 1.&nbsp; Expte N\u00b0 5.418 HC 064 -2.024 Proyecto de Declaraci\u00f3n:&nbsp; Declarar de Inter\u00e9s Departamental la Primer Jornada de Regulaci\u00f3n Dominial. &nbsp;(BLOQUE &nbsp;PARTIDO JUSTICIALISTA) Autores: Concejales &nbsp;Magali Acosta, Pablo Cabrera y Emilce Mansilla.\/ Solicita la palabra la Concejal ACOSTA manifestando: Solamente reiterar lo que hab\u00eda dicho ya mi compa\u00f1ero ac\u00e1, que era la importancia no, el trabajo de esto y que siempre han habido reclamos sobre la regularizaci\u00f3n de tierra en el Departamento de Malarg\u00fce y que siempre se habla de que no se hace parte el Concejo Deliberante y quiz\u00e1s esta declaraci\u00f3n de inter\u00e9s, siendo que es la primera vez que se realizan estas jornadas, ac\u00e1 en el Departamento y la primera vez que un mont\u00f3n de gente id\u00f3nea en la materia, va a venir al Departamento a realizar esta jornada, a preparar gente &nbsp;y que de hecho, este Departamento Ejecutivo tambi\u00e9n ha generado una Direcci\u00f3n de Unidad Especial de Tierras, para poder de una vez por todas, empezar a terminar esta labor de regularizaci\u00f3n de tierras y no que empiecen a dar tierras &nbsp;en el Departamento, &nbsp;valga&nbsp; la redundancia de la palabra, sin que tenga un Plan con la Ley de Loteo, porque eso tambi\u00e9n es jugar con la ilusi\u00f3n de la gente que se ha venido haciendo y lamentable porque el sue\u00f1o del terreno y la casa propia y mas que nada las juventudes del Departamento, viene siendo un sue\u00f1o muy postergado porque ingresar al PROCREAR, ingresar a los Planes de IPV, son muy caros, piden un salario muy elevado, y seamos conscientes que los menores de 35 trabajan todos de manera precarizada, siendo que tenesmos grandes juventudes aca en el Departamento, que se han capacitado a lo largo de su vida para poder tener un salario mejor y lamentablemente proceden a la precarizaci\u00f3n y eso hace que queden fuera un mont\u00f3n de programas de vivienda, entonces solamente era expresar eso y no s\u00e9 si valdr\u00e1 la pena que pase a la Comisi\u00f3n de EHMASyC, porque ya la jornada es ma\u00f1ana y pasado ma\u00f1ana, quedar\u00eda extempor\u00e1nea la declaraci\u00f3n&nbsp; de inter\u00e9s. Gracias, Se\u00f1or Presidente.\/\/ Solicita la palabra la Concejal CAMIOLO y expresa: La verdad que yo celebro que se lleven adelante jornadas sobre regularizaci\u00f3n, tengo que decir en este punto que la econom\u00eda informal,ha trabajado much\u00edsimo y los barrios populares han hecho ya por falta de acompa\u00f1amiento de parte de los Ejecutivos, los barrios populares se han organizado, de hecho, hay mesas barriales muy interesantes, se que hay gente, miembros de este Concejo Deliberante, empleados y secretarios. que han trabajado y muy bien en todo lo que tuvo que ver con regularizaci\u00f3n dominial, pero s\u00ed se tuvo que hacer desde la informalidad y desde propias iniciativas porque justamente los Ejecutivos que estaban en ese momento, no los convocaban. Si vinieron tambi\u00e9n ac\u00e1 al Concejo Deliberante y pudimos recibirlos y esto fue con la Mesa Provincial de los Barrios Populares y tambi\u00e9n vinieron y hablaron de regularizaci\u00f3n dominial, recordar\u00e1n que los recibimos en Sala de Comisiones. Este Concejo ha estado siempre muy interesado en c\u00f3mo resolvemos la cuesti\u00f3n de vivienda y habitacional de Malarg\u00fce, &nbsp;y decir s\u00ed, me parece sumamente importante ser parte, que se nos haga parte de todos estos proyectos. La jornadas son ma\u00f1ana y nos estamos enterando hoy, no es la manera en que nos podamos hacer parte de estos proyectos, de hecho nos enteramos el d\u00eda lunes y de manera casi informal, en una reuni\u00f3n. Creo que si, el Ejecutivo tiene la voluntad de que seamos parte, muchos de nosotros, adem\u00e1s tenemos experiencias, formaci\u00f3n, voy a decir algo no es por sacar chapa, pero tengo el orgullo de decir que la Ley Provincial para regularizaci\u00f3n dominial, e integraci\u00f3n socio urbana que tiene la Provincia de Mendoza es autor\u00eda de \u00e9sta Concejal, por tanto algo de trayectoria tengo en la materia y siendo Presidenta de la Comisi\u00f3n de Asuntos Sociales y Trabajo del Senado pudimos darle tambi\u00e9n a estas Mesas Barriales, una participaci\u00f3n que no hab\u00edan tenido antes en la Legislatura y es algo que bueno es motivo de no solo, de orgullo personal, sino de orgullo colectivo, porque es algo que se trabaj\u00f3, se gesto con mucha gente, con muchas personas, con muchas instituciones, creo que se nos puede hacer parte desde otro lugar, de otra manera, es una Ley que tom\u00f3 cinco a\u00f1os en ser aprobada, camino cinco a\u00f1os cada barrio de Mendoza y vuelvo a decir, tengo el orgullo de haber sido autora, pero de haber recibido el aporte de much\u00edsimas m\u00e1s personas, entonces, ofrezco nuevamente desde la total humildad y honestidad intelectual, el trabajo para este tipo de cosas, de este tipo de proyectos y porque aparte hay una voluntad personal en que todos los ciudadanos de Malarg\u00fce, vivan de manera digna, est\u00e9n integrados socialmente y no que tengamos gente que cuando se accidenta tiene que transitar 15 km, 12 km para poder llegar a un lugar de asistencia a su salud, as\u00ed que, s\u00ed creo que nos tienen que convocar que podr\u00eda ser bueno que podr\u00eda ser enriquecedor,&nbsp; pero no un dia antes, porque termina siendo hasta una falta de respeto. Gracias, Se\u00f1or Presidente.\/ Seguidamente solicita la palabra el Concejal PALMA manifestando: Gracias, Se\u00f1or Presidente. Si coincidiendo con la Concejal Camiolo, la verdad no hay ninguna invitaci\u00f3n formal, respecto a esta actividad que se va a llevar a cabo, ni somos parte, no hemos sido invitados formalmente tampoco, escuchaba atentamente un sinf\u00edn de cuestiones, no? Pero cuando dec\u00edan que se entregaban lotes&nbsp; fuera de la Ley, mire la Ley de Loteo data desde el 79. Todos los Gobiernos Ejecutivos han entregado y han hecho abuso de esa Ley y han entregado terrenos sin aplicar la Ley, por cuestiones pol\u00edticas, porque recuerdo que Colonia Hipica, arranco entreg\u00e1ndose alla por 2011, sin servicios, fuera de lo que dice la Ley porque la Ley estaba vigente desde el 79. Yo creo que cuando la pol\u00edtica se aplica mal pasan estas cosas, nosotros el d\u00eda lunes nos enteramos de esta reuni\u00f3n y nos pidieron que no la hici\u00e9ramos p\u00fablica, entonces me llama la atenci\u00f3n hoy, si me piden que no le haga p\u00fablica, &nbsp;declararla de inter\u00e9s departamental es una cosa que a m\u00ed en lo particular me genera, me genera ruido, despu\u00e9s los procedimientos legales que tiene este Concejo Deliberante, es f\u00e1cil miren les voy a recordar Actas de Tenencia Precaria, s\u00ed, Comodatos de Uso, Certificados de Ocupaci\u00f3n, todo cuestiones que&nbsp; est\u00e1n fuera de la Ley, que se han &nbsp;entregado, y siguen entregando sistem\u00e1ticamente por los Gobiernos Ejecutivos, porque &nbsp;tengo que decirlo no ha sido el Concejo Deliberante quien ha entregado ning\u00fan tipo de permiso fuera de la Ley. Siempre los permisos otorgados por este Cuerpo han sido apegados a la Ley y siempre tiene que salir este Cuerpo a solucionar los problemas que genera el Ejecutivo. Miren les voy a recordar tres proyectos que nosotros salimos a arreglar&nbsp; Bardas Blancas, Virgen de los Vientos, perd\u00f3n, Virgen del Carmen y Colonia&nbsp; Emprendedores, estamos esperando haber si ya est\u00e1 solucionado, entregamos las autorizaciones, hicimos el trabajo, fuimos a hablar vecinos por vecinos, vimos, cu\u00e1l era su superficie, trajimos los planos, los analizamos, nos juntamos con los vecinos, saben qu\u00e9, se apego a la Ley. Se apeg\u00f3 a la Ley. Parece que a nosotros o al Cuerpo Deliberativo, s\u00f3lo se lo convoca para solucionar los problemas ajenos, problemas de campa\u00f1a, problema de lo que nos hemos venido quejando sistem\u00e1ticamente, porque dale vos acompa\u00f1ame&nbsp; que yo te voy a dar otra acta de tenencia precaria. por el tiempo que dure mi mandato, no por qu\u00e9 no hacemos las cosas como corresponde, porque Sr. Presidente no le decimos a los vecinos vamos a hacer un relevamiento y vamos a pedirle la autorizaci\u00f3n al Concejo para que se realice la venta al vecino, uno por uno, vecino por vecino, coincido barrio por barrio, secci\u00f3n por secci\u00f3n, porque es lo que ven\u00edamos haciendo, no como lo que vino en la Tarifaria, de habilitar una venta indiscriminada ya se intent\u00f3 en otro Gobierno y le dijimos que no y este tambi\u00e9n lo ha intentado y tambi\u00e9n le dijimos que no. La Ley se aplica para todos los ciudadanos de la misma manera Se\u00f1or, Presidente y nosotros somos parte y estamos a entera &nbsp;disposici\u00f3n lo hicimos con la gesti\u00f3n anterior, lo haremos con esta, siempre hablamos mucho, vamos a acompa\u00f1ar la regularizaciones dominiales, pero no las vivezas criollas, donde despu\u00e9s vemos que salen algunos&nbsp; funcionarios teniendo terreno, lo hemos denunciado aqu\u00ed, Sr. Presidente. Entonces hoy algo privado, que no se puede hacer p\u00fablico de regularizaci\u00f3n dominiales, donde vamos a salir a salvar problemas que realiz\u00f3 el Ejecutivo, que no lo hicimos nosotros vuelvo a insistir en esto, no entregamos nada&nbsp; nosotros, la Ley dice que el Intendente puede administrar los bienes pero no los puede enajenar, entonces en la administraci\u00f3n entregan estos Comodatos a dos a\u00f1os pero si yo tengo la reelecci\u00f3n o eligen a alguno de mis, mis amigos que van en mis listas, les estiro el Comodato, no Se\u00f1or Presidente, eso se tiene que terminar, tiene que haber una regularizaci\u00f3n dominial correcta, para que ning\u00fan vecino sea reen de ning\u00fan pol\u00edtico, pero de ninguno, de ning\u00fan &nbsp;color, ni de los mios, ni del que no son m\u00edo. Tiene que ser la gente libre, poder pensar libremente, no tener que escuchar que si yo gano, si &nbsp;me das el voto yo te renuevo el Comodato, basta, basta de este tipo de pol\u00edticas en este pa\u00eds, en esta provincia y en este departamento, apliquemos la Ley y saben qu\u00e9 vamos a andar todos muy parejito, muy bien vamos a andar, pero cuando la Ley se aplica se debe aplicar para todos por igual, eso es lo que siempre digo y los que me conocen haber trabajado en este Concejo, siempre digo lo mismo, cuando uno se sale de la Ley es donde empiezan los problemas y los problemas de regularizaci\u00f3n dominial que hay en este Departamento, es porque se hicieron fuera de la Ley, Sr. Presidente y ahora vienen a tratar de ver c\u00f3mo con el Concejo Deliberante arreglamos los problemas que generan algunos muchachos con promesas falsas. Entonces Se\u00f1or Presidente, la verdad que a veces uno ve que sistem\u00e1ticamente Gobierno tras Gobierno, se sigue repitiendo la misma acci\u00f3n, hoy nos encontramos con este proyecto de declarar de inter\u00e9s una jornada, que la celebro, ojo, me parece perfecto, que empecemos a tener esta discusi\u00f3n de fondo, pero el Concejo Deliberante &nbsp;se lo debe hacer parte antes, porque es quien da la \u00faltima palabra, a la hora de autorizar las enajenaciones de los bienes, no podemos ser solamente los que declaramos de inter\u00e9s una jornada, que ni siquiera sabemos a qu\u00e9 se refiere. Porque en realidad quienes terminan dando la \u00faltima autorizaci\u00f3n para la Regularizaci\u00f3n Dominial por venta es este Concejo Deliberante, Se\u00f1or Presidente muchas gracias.\/ &nbsp;PRESIDENCIA manifiesta que este momento es de presentaci\u00f3n del proyecto, no de debate, eso me parece, que lo correcto es cuando se vota en positivo o negativo una vez pasado a comisi\u00f3n que se trate all\u00ed, es lo aconsejable.\/ Solicita la palabra el Concejal PARADA y manifiesta: Es un&nbsp; proyecto presentado, ser\u00e1n tendr\u00e1 sus razones la Concejal porque ingresa &nbsp;y trat\u00f3 de &nbsp;fundamentarlo desde el pedido de tratamiento sobre tabla y ser aprobado el tratamiento sobre tabla toda esta discusi\u00f3n se daba en el tratamiento efectivo cuando nos constituy\u00e9ramos en Comisi\u00f3n. Todo lo dem\u00e1s, media hora que quiz\u00e1s podr\u00edamos haber evitado y dar una imagen tambi\u00e9n hacia afuera de que en realidad, en el recinto hay que dar las discusiones cuando corresponde, nada m\u00e1s Se\u00f1or Presidente.\/ PRESIDENCIA manifiesta que no es necesaria la lectura el Expte tiene pase a E.H.MA.SyC.\/\/ 2. Expte N\u00b0 5.419 HC 064 \u2013 2.024 Proyecto de Ordenanza: Imponer el nombre \u201cJuana Maria Moyano\u201d al Sal\u00f3n de Usos M\u00faltiples (SUM) del Paraje Bardas Blancas. ( BLOQUE FRENTE CAMBIA MENDOZA) . Autor: Concejal&nbsp; Pablo Villarruel.\/ Solicita la palabra el Concejal VILLARRUEL manifestando: &nbsp;&nbsp;&nbsp;Buenos d\u00edas a todos, la verdad que s\u00ed, imponer el nombre de la Sra. Juana Maria Moyano, la verdad que ha sido para m\u00ed realmente un honor, sabiendo que esta mujer trascendi\u00f3 la provincia, el pa\u00eds y el mundo. Esta mujer&nbsp; que nos hizo conocer e hizo conocer la labor de cu\u00e1ntas mujeres, a lo largo de los a\u00f1os, en Malarg\u00fce para m\u00ed ha sido realmente un orgullo, tambien &nbsp;agradecer a la Senadora Jesica Laferte que me ayud\u00f3 con el proyecto, tambi\u00e9n el Se\u00f1or Francisco Parada, que tambi\u00e9n me colabor\u00f3 y bueno, como todos los proyectos que &nbsp;presento consulto, pregunto a diferentes personas, para tratar de que de que sea de la mejor manera ac\u00e1, no hab\u00eda mucho m\u00e1s para agregar de lo que ha logrado esta mujer que termino siendo entrevistada por medios europeos, donde pudo caminar y hacer la transhumancia que &nbsp;se hace en Espa\u00f1a, siendo realmente muy conocidos, haci\u00e9ndonos conocer a todos, as\u00ed que nada le voy a pedir si, Don &nbsp;Francisco tambi\u00e9n tiene y me puede colaborar con esto, pero m\u00e1s que nada &nbsp;eso y bueno saludar a la gente de Bardas Blancas y como dec\u00eda tambi\u00e9n&nbsp; el Sr. Parada,&nbsp; desear una &nbsp;muy linda fiesta, porque es una fiesta que tiene muchos a\u00f1os, que todos hemos crecido con esa fiesta y bueno realmente nos representa, as\u00ed que bueno, estaremos si Dios quiere tambi\u00e9n el d\u00eda s\u00e1bado acompa\u00f1\u00e1ndolos en el acto protocolar y nada solo agradecerle a las personas que &nbsp;colaboraron, para que yo pueda presentar hoy este proyecto, no es necesaria la lectura.\/ Pasa E.H.M.A.SyC y posteriormente a H.P.L.A.C.\/ 3. Expte N\u00b0 5.420 HC 064 \u2013 2.024 Proyecto de Ordenanza:&nbsp; Crear el Plan Integral de Acompa\u00f1amiento para Familiares de Personas con Discapacidad en el \u00e1mbito del Departamento de Malarg\u00fce ( BLOQUE FRENTE CAMBIA&nbsp; MENDOZA)&nbsp; Autora: Concejal Viviana&nbsp; Mosca.\/ Solicita la palabra la Concejal Camiolo y pide un Cuarto Intermedio en las bancas a las 10:04, saliendo del mismo a las 10:06 se reanuda la sesi\u00f3n.\/ Solicita la palabra la Concejal MOSCA, solicita la lectura del Articulado del proyecto ya que despu\u00e9s se va a trabajar en comisi\u00f3n entre todos y ah\u00ed se dara el debate, solicita poder participar de la Comisi\u00f3n de E.H.M.A.S.yC el d\u00eda de su tratamiento.\/ PRESIDENCIA pone a consideraci\u00f3n la moci\u00f3n de la Concejal Mosca a fin de participar de la Comisi\u00f3n de EHMASyC y es aprobada.\/ Seguidamente por Secretaria se procede a la lectura del Articulado. Pasa a E.H.M.A.S y C.\/\/ &nbsp;4. Expte N\u00b0&nbsp; 5.421 HC 064 \u2013 2.024&nbsp; Proyecto de Ordenanza: Crear el Registro Municipal de Merenderos en el \u00e1mbito del Departamento de Malarg\u00fce. (BLOQUE FRENTE CAMBIA MENDOZA) Autor: &nbsp;Concejal &nbsp;Pablo Villarruel.\/&nbsp; Solicita la palabra el Concejal VILLARRUEL manifiesta: Lo que s\u00ed quiero pedir realmente el acompa\u00f1amiento de los Concejales para este tipo de proyectos, que realmente a m\u00ed me encanta a lo largo de los a\u00f1os he podido acompa\u00f1ar a diferentes merenderos y realmente tremendo el trabajo que se hace, porque yo creo que desde que se recuper\u00f3 la democracia ya hace 40 a\u00f1os, es una deuda que tiene la democracia con la gente, porque se han dado diferentes rangos etarios, siempre en este pa\u00eds han tenido que pasar hambre. Entonces creo, que es un buen momento para para tomar decisiones que ayuden, a realmente, a que estas cosas dejen de pasar y que todos tengamos realmente esto que se habla tanto, que es la igualdad de condiciones y tenemos que ser conscientes que un chico que tiene hambre, no tiene la oportunidad, ni siquiera de estudiar, no puede concentrarse en absolutamente nada y en ese punto creo &nbsp;que est\u00e1 basado esto. Tambi\u00e9n quiero comentarles que para este proyecto le pedi ayuda y consejos a varias personas, a concejales que me ayudaron, gente del Movimiento Evita, tambi\u00e9n quiero decirlo porque son gente que trabajan hace muchos a\u00f1os en esto, porque pienso que es algo transversal, tiene que ir mucho mas alla de lo que son los colores pol\u00edticos, hay una persona Juan Cruz Bunger de Santa F\u00e9, un profesor que vino hace un tiempo atr\u00e1s y que esta estudiando psicolog\u00eda tambi\u00e9n, me ayud\u00f3 much\u00edsimo con este proyecto , el Director Nacional del Judo Social, el maestro Gustavo Adriani tambi\u00e9n me ayudo y ellos trabajan hace muchos a\u00f1os en el tema social y bueno es por eso que les quiero agradecer, puntualmente a ellos por esto y nada como digo, espero realmente se puedan acompa\u00f1ar estas ideas porque bueno, entre las cosas puntuales, le voy a comentar una sola con esto termino es hacer una red, una tarjeta que sea para los merenderos, una tarjeta para los merenderos para controlar, porque siempre tiene que estar esto, el control y el buen uso de lo que tenemos, digo los pocos recursos que tenemos por la situaci\u00f3n que est\u00e1 pasando el pa\u00eds, podemos optimizar y que sean usado de la mejor manera, as\u00ed que bueno, era eso nada m\u00e1s y tambi\u00e9n para cerrar, pedirle much\u00edsimas disculpas la verdad que me siento muy mal por haber expuesto al Concejal Parada a una situaci\u00f3n &nbsp;as\u00ed, la verdad que yo cre\u00eda oportuno, pero por ser familiar de la se\u00f1ora y por dem\u00e1s cosas, &nbsp;que pudiera expresar alg\u00fan sentimiento, pero la verdad que no fue una intenci\u00f3n molestar, la verdad que le pido disculpas Don Panchito y bueno, much\u00edsimas gracias. Solicito que no se lea el Proyecto y el pase a E.H.M.A.SyC y posteriormente a H.P.L.A.C..Tiene pase a las mencionadas comisiones.\/\/ 5. Expte N\u00b0 5.422 HC 064 \u2013 2.024 Proyecto de Resoluci\u00f3n: Convocatoria a Instituciones y Colectivos de Personas con Discapacidad en la Planificaci\u00f3n de la Obra P\u00fablica Departamental. (BLOQUE&nbsp; RECONSTRUYENDO MALARG\u00dcE) &nbsp;Autora: &nbsp;Concejal Silvina Camiolo.\/ Solicita la palabra la Concejal CAMIOLO y manifiesta: Gracias Sr. Presidente estaba en duda de si pasarlo a la Comisi\u00f3n de EHMAS y C o a la de Obras, por la envergadura justamente y por lo ya se ha trabajado y hablado, quiz\u00e1s en otro momento con el Ingeniero Ojeda, voy a definir que quede en EHMASyC , m\u00e1s justamente por el proyecto que est\u00e1 ingresando de la Concejal Mosca y que creo que pueden tener mucha relaci\u00f3n. Estamos hablando en esa Comisi\u00f3n de Salud y de la Higiene local departamental, por eso es que no lo voy a pasar a Obras, pero obviamente creo que puede tener aportes, la idea de este proyecto, es justamente que nosotros y usted conoce bien, Se\u00f1or Presidente podemos trabajar en obra p\u00fablica con dise\u00f1o universal, que creo que fue algo que tanto insistimos durante la gesti\u00f3n anterior y que comand\u00f3 incluso la visita a todas las obras p\u00fablicas, que en ese momento se llevaban adelante y que lamentablemente no ten\u00edan dise\u00f1o universal, pero imag\u00ednense no ten\u00edan ni siquiera planos, as\u00edque mucho menos iban a tener dise\u00f1o universal, lo que estamos pidiendo en este punto, es que sean convocados los Colectivos de Personas con Discapacidad, ellos tienen de un tiempo esta parte una &nbsp;tarea muy importante que me parece que es la de visitar la obra p\u00fablica y de revisar qu\u00e9 tipo de acomodaci\u00f3n y de accesibilidad, tiene esa obra p\u00fablica, nos comentaban que no&nbsp; han podido visitarlas &nbsp;y pasear por ellas, entonces ser\u00eda muy bueno, que adem\u00e1s la gente de Obras del Municipio, que adem\u00e1s est\u00e1 teniendo que reparar, lamentablemente, un mont\u00f3n de cosas, los convoque cuesti\u00f3n que la obra salga lo m\u00e1s accesible posible y con dise\u00f1o universal y desarrollo sostenible. Es un Proyecto de Resoluci\u00f3n que por eso justamente al ingresar el proyecto de la Concejal, creo que se pueden trabajar en la comisi\u00f3n de EHMASyC y nada m\u00e1s, solamente esa comisi\u00f3n. Espero que se pueda hacer y que siempre digo, si la pol\u00edtica tiene algo importante y bueno, en este punto es que tiene la posibilidad de reparar, lamentablemente a algunos gobiernos les toca reparar m\u00e1s que a otros, pero espero que lo podamos hacer, que estemos a la altura de las circunstancias y que logremos una Obra P\u00fablica, adem\u00e1s de bonita, accesible y para todos. No es necesaria su lectura. Gracias, Se\u00f1or Presidente.\/ Pasa a&nbsp; E.H.M.A.S.y C..\/\/ g)Expedientes provenientes del Departamento Ejecutivo: 1. Expte N\u00b0 2.357\/2.024-0&nbsp; Departamento Ejecutivo. Proyecto de Ordenanza: Recuperaci\u00f3n del Gasto de Funcionamiento de los Motores de Generaci\u00f3n El\u00e9ctrica de los Parajes Rurales del Departamento de Malarg\u00fce.\/ Por Secretaria se procede a la lectura de la nota de elevaci\u00f3n. Pasa a H.P.L.AC.\/\/ &nbsp;2. Expte N\u00b0 2.506\/2.024-0&nbsp; Departamento Ejecutivo. &nbsp;Eleva copia del Decreto Municipal N\u00b0 459\/2024 ( Donaci\u00f3n de 10 notebook y&nbsp; 10 PC de la Empresa YPF S.A.). Por Secretaria se da lectura a la nota de elevaci\u00f3n. &nbsp;Solicita la palabra el Concejal PALMA quien manifiesta:&nbsp; Voy a pedir &nbsp;un tratamiento preferencial para este Expte, porque es la manera correcta de hacer las cosas. Ustedes recuerdan que nosotros tuvimos que realizar una denuncia, en alg\u00fan momento por alguna donaci\u00f3n que nunca fue aceptada por este Concejo Deliberante y que vino despu\u00e9s a tratar de salvaguardar esta situaci\u00f3n un a\u00f1o despu\u00e9s un a\u00f1o y dos meses despu\u00e9s, el env\u00edo formal de la aceptaci\u00f3n de la donaci\u00f3n, pero cuando fuimos a corroborar, los materiales, muchos de los materiales ya no hab\u00edan podido ser corroborados o maquinaria que hab\u00eda desaparecido y dem\u00e1s. Estas son cosas que no deben pasar y por eso se le dan estos diez d\u00edas, para darle el tratamiento, porque aprobado por nosotros, estos son inventariados y se le puede dar un seguimiento correcto, a estas herramientas que tanto bien hacen al Ejecutivo, no, creo que es la manera de proceder, creo que hay que hacerlo de manera \u00e1gil y tambi\u00e9n debemos recordar y est\u00e1 dentro de mis obligaciones recordar, que tambi\u00e9n se recibi\u00f3 una donaci\u00f3n de unas bicicletas, por parte de una Entidad Financiera, que nunca vinieron para ser aceptadas por este Concejo. Esas son cuestiones, que despu\u00e9s permiten que cuestiones que son de dominio p\u00fablico municipal, empiecen a desaparecer y es lo que tenemos que evitar, por eso celebro que llegue, lo vimos que hace muy poquitos d\u00edas fueron recibidas estas computadoras y hoy est\u00e1n pidiendo que se autorice la aceptaci\u00f3n de esa donaci\u00f3n por este Concejo. Tambi\u00e9n se donaron en gestiones anteriores tubbing y materiales, cosas que nunca se pudieron plasmar, a los beneficiarios de este, de estos beneficios, no? Entonces para que eso no suceda creo que es fundamental que esto se proceda de una manera \u00e1gil, r\u00e1pida y que se le pueda dar el n\u00famero que corresponde al inventario para darle una seguridad a este material. Gracias, Se\u00f1or Presidente. PRESIDENCIA pone a consideraci\u00f3n el Tratamiento sobre Tablas y es aprobado.\/ Pasa a H.P.L.A.C. con Tratamiento Preferencial.\/\/ h)<em> <\/em>Despachos de las Comisiones de Trabajo: 1.Expte N\u00b0 5.394 HC 062- 2.024&nbsp; Proyecto de Resoluci\u00f3n: Reparaci\u00f3n del Chivoducto Ruta 145 Paso Pehuenche. ( O.P.T y R.N) Por Secretaria se da lectura al despacho emitido por la Comisi\u00f3n que sugiere la aprobaci\u00f3n del proyecto presentado sin modificaciones. Presidencia pone a consideraci\u00f3n y es APROBADO (Votan 8 afirmativos y 1 por la negativa).\/\/ 2. Expte N\u00b0 5.406 HC 063 &#8211; 2024 &nbsp;Proyecto de Resoluci\u00f3n: &nbsp;Declarar de Inter\u00e9s Departamental el documental \u201cMalvinas con filtro violeta\u201d, dirigida y producida por Natalia Gal\u00e1n y Anabella Luz Della Longa. ( Genero, Equidad y Diversidad ) Por Secretaria se da lectura al despacho emitido por la Comisi\u00f3n que sugiere la aprobaci\u00f3n del Proyecto presentado sin modificaciones.\/ Puesto a consideraci\u00f3n es APROBADO por unanimidad.\/ 3. Expte N\u00b0 5.414 HC 064 \u2013 2024 Proyecto de Declaraci\u00f3n:&nbsp; Declarar de Inter\u00e9s Departamental y Cultural las Cabalgatas de la Fe portando la Virgen de Lourdes y Virgen de la Sierra. (E.H.M.A.S y C) Por Secretaria se da lectura al despacho emitido el cual sugiere la aprobaci\u00f3n del proyecto presentado con la siguiente modificaci\u00f3n: ART\u00cdCULO 2\u00b0: Hacer entrega de un&nbsp; reconocimiento en tres Diplomas y copia de la presente pieza legal, desde el Honorable Concejo Deliberante en la XXX Fiesta Departamental Vuelta del Veranador al Sr. Fabi\u00e1n Guti\u00e9rrez, Sr. Eliseo Carrasco y Pbro. Ramiro S\u00e1nz, como pioneros de las cabalgatas y por mantener viva esta tradici\u00f3n.\/ Solicita la palabra la Concejal CAMIOLO &nbsp;para pedir un cuarto intermedio cuando es la hora 10.26, el Cuerpo se entra en cuarto intermedio. Siendo la 10:45 hs se sale de cuarto intermedio y se reanuda la Sesi\u00f3n. Puesto a consideraci\u00f3n el despacho con la modificaci\u00f3n sugerida es APROBADO por unanimidad.\/\/&nbsp; 4. Nota HC 196\/2.024&nbsp; Rodrigo Hidalgo&nbsp; Presidente Honorable Concejo Deliberante eleva Acuerdo 870 Honorable Tribunal de &nbsp;Cuentas&nbsp; diferencias en la informaci\u00f3n. &nbsp;( H.P.L.A.C.) Por Secretaria se procede a la lectura del despacho emitido que contiene Proyecto de Resoluci\u00f3n.\/ Cuando es la hora 10:49 el Concejal Parada solicita un cuarto intermedio del cual se sale a la hora 10:54 y se retoma la Sesi\u00f3n. Continua en uso de la palabra e interpone moci\u00f3n para que la nota a la que se esta dando tratamiento tenga vuelta a Comisi\u00f3n. PRESIDENCIA pone a consideraci\u00f3n la moci\u00f3n y&nbsp; es aprobada.\/ &nbsp;Vuelve a Comisi\u00f3n de H.P.L.A.C.\/\/&nbsp; 5. Expte N\u00b0 5.404 HC 063 \u2013 2.024&nbsp; Proyecto de Resoluci\u00f3n:&nbsp; Solicitar al Sr. Intendente Municipal considere no efectuar ning\u00fan tipo de descuento salarial sobre el personal municipal en ejercicio de su legitimo derecho a huelga. (&nbsp; H.P.L.A.C ). Por Secretaria se procede a la lectura del despacho emitido que sugiere la probaci\u00f3n del proyecto presentado sin modificaciones. Puesto a consideraci\u00f3n es APROBADO (Prospera por 5 votos afirmativos y 4 votos en negativo).\/\/ Solicita la palabra la Concejal CAMIOLO y manifiesta: Creo que tenemos la posibilidad de que este pedido no sea extempor\u00e1neo. En el mes de febrero del a\u00f1o pasado ocurri\u00f3 una situaci\u00f3n similar de un paro, con reclamos al intendente mandato cumplido Ojeda y este Cuerpo de Concejales solicit\u00f3 que no se efectuar\u00e1n los descuentos. En el mismo sentido hemos obrado esta vez, tengo en mis manos un bono de sueldo que obviamente cuidar\u00e9&nbsp; los datos personales del agente que &nbsp;me lo facilit\u00f3, es compa\u00f1ero de trabajo de nosotros, de aqu\u00ed, del Concejo que adhiri\u00f3 al paro, el descuento asciende a la suma de 12.547 pesos con 18 es uno de los sueldos m\u00e1s bajos, &nbsp;en el escalaf\u00f3n municipal por la clase que tiene este agente, el descuento fue de 12.547 y el aumento no lleg\u00f3 a los 8.000 pesos, es decir que esta persona, que luch\u00f3 por todos sus compa\u00f1eros y compa\u00f1eras de trabajo, recibi\u00f3 un aumento de 8.000, pero un descuento de 12.000 es decir, que este mes &nbsp;este agente va a tener 4.000 pesos menos que tuvo el mes pasado en la comparativa. Y es una persona que &nbsp;tiene carga de familia, entonces creo que es lo m\u00e1s oportuno que se pueda sincerar el gobierno, el aumento realmente es m\u00ednimo, s\u00e9 que podr\u00eda haber sido peor, porque la primera propuesta que ten\u00eda ATE era de la mitad es decir que el aumento hubiera sido de 4.000, si no hubiera habido esta lucha, el bono tambi\u00e9n se logr\u00f3 duplicar de 50.000, pas\u00f3 a 100.000 pesos y tambi\u00e9n la posibilidad de renegociar en los pr\u00f3ximos meses, algo que no ven\u00eda en el primer Acuerdo Paritario y es otra cosa que se logr\u00f3, o sea, la medida tuvo efectos, efectos positivos para toda la planta municipal porque se logr\u00f3 mucho m\u00e1s de lo que hab\u00eda propuesto la patronal. Pero para algunos que son los que siempre se animan a decir, a participar de los paros, a reclamar y hacerlo con justicia y adem\u00e1s dentro de los marcos normativos constitucionales, son los que determinan pagando las consecuencias. Realmente espero que el Departamento Ejecutivo lo reconsidere y porque adem\u00e1s el descuento que se lleva adelante genera muy mal antecedente, qu\u00e9 otro empleado va a querer adherir a una medida de reclamos salarial, es eso, Se\u00f1or Presidente. S\u00e9 que a las arcas municipales le va a significar muy poquito, no va a haber una diferencia, pero a cada trabajador que recupere ese descuento, ese descuento va a ser un mont\u00f3n, no nos olvidemos que el Municipio y obviamente no es culpa de este gobierno, pues es acumulado por el municipio les debe la ropa a los trabajadores, la indumentaria, si mal no recuerdo del a\u00f1o 2020 que no tienen indumentaria, est\u00e1n desfasados a nivel salarial, no est\u00e1n llegando a cumplir con la canasta b\u00e1sica, o sea, ni siquiera hablamos de salario m\u00ednimo vital, hablamos de canasta b\u00e1sica y yo entiendo la situaci\u00f3n y por eso justamente acompa\u00f1e con el voto y con un cr\u00e9dito de una confianza en la Emergencia en la que quedaba el Municipio de Malarg\u00fce, pero tambi\u00e9n entiendo que hay trabajadores, que si el municipio est\u00e1 en emergencia ellos, que son el eslabon &nbsp;m\u00e1s d\u00e9bil de esta cadena, no est\u00e1n llegando a comer, o sea, empleados municipales, que ya hacen una sola comida al d\u00eda y&nbsp; realmente y de verdad Se\u00f1or Presidente, doce mil pesos al municipio, no le representa, pero a un trabajador le implica por lo menos dos kilos de carne m\u00e1s para su casa, por lo menos el pago de la luz, de la boleta de luz, quiz\u00e1s ya lo tienen asegurado y &nbsp;otras cuestiones que mejoran su condici\u00f3n de vida, ese es mi pedido y creo que y en esto agradezco a todos los Concejales que mantuvimos firme la palabra y que acompa\u00f1amos a los trabajadores. Espero que realmente en el pa\u00eds haya mejor, un mejor futuro los pr\u00f3ximos meses, lo avisoro &nbsp;negativo, pero espero de verdad y deseo que sea exitoso, para toda la Argentina, para la provincia y mucho m\u00e1s para nuestro departamento. Gracias, Se\u00f1or Presidente.\/ Solicita la palabra el Concejal PARADA y expresa: Bueno, sigo confirmando lo que en su momento planteara yo aqu\u00ed, justo teniendo la presencia de referentes de ATE y bueno, si no prospera este proyecto que ha sido aprobado aqu\u00ed, por parte del Ejecutivo, quiz\u00e1s a modo de idea a los que son afiliados de ATE, que ATE, que es el \u00e1mbito primero y natural defensor del trabajador sea quien prevea tambi\u00e9n a futuros reclamos, estos probables descuentos, para que ATE mismo, se haga cargo de, en caso de que no sea reconocido por el Ejecutivo 12.000 pesos por afiliado o por los que participaron y van a perder de&nbsp; descuento, por qu\u00e9 no de ATE, &nbsp;la instituci\u00f3n, que salga a cubrir esa esa p\u00e9rdida del trabajador. Digo como, como instituci\u00f3n primera, que es la defensora de los trabajadores y de alg\u00fan modo es la que decide la medida de fuerza y que insta a los afiliados a tomar ese tipo de medidas, lo tiro como una inquietud, ser\u00e1 aplicable o no, pero como una inquietud quiz\u00e1s hasta una idea, si se quiere no. nada m\u00e1s Sr. Presidente, muchas gracias.\/ Solicita la palabra el Concejal PALMA quien expresa: Muchas gracias, Se\u00f1or Presidente, bueno en principio agradecer a los Concejales que acompa\u00f1aron el proyecto como bien se mencion\u00f3 anteriormente, en alg\u00fan momento este Concejo tambi\u00e9n &nbsp;manifest\u00f3 exactamente, la misma voluntad en otra gesti\u00f3n. Se pudo recomponer esta situaci\u00f3n, a trav\u00e9s de una planilla suplementaria donde se le devolvi\u00f3 a los empleados que se hab\u00eda descontado, ese d\u00eda de descuento, m\u00e1s el presentismo obviamente, porque la situaci\u00f3n es dur\u00edsima, ustedes lo saben y como se dec\u00eda reci\u00e9n tal vez 12.000 pesos hoy no sea mucho, pero para otros lo puede significar as\u00ed. Habr\u00e1n tomado conocimiento que ha ingresado un Presupuesto Municipal por 17.000 millones de pesos, aproximadamente, estamos hablando de much\u00edsimo dinero much\u00edsimo dinero sabiendo que el a\u00f1o pasado hubo un presupuesto aprobado de 7.045 millones hoy 17.000 millones de pesos se prev\u00e9 recaudar un dinero importante y esta devoluci\u00f3n, si se quiere el t\u00e9rmino, ser\u00eda pr\u00e1cticamente insignificante para las arcas municipales, pero sobre todo ser\u00eda insignificante porque no, no me gusta dar nombres, no lo voy a hacer, pero s\u00ed tenemos conocimiento de que algunos personas si se le descont\u00f3 y a otras personas que s\u00ed participaron del paro, que son af\u00edn al gobierno, no se le descont\u00f3. Vuelvo a lo que dec\u00eda al principio cuando si se va aplicar la Ley se tiene que aplicar para todos por igual, porque sino se generan estas cuestiones, si hubo &nbsp;una persona que se manifest\u00f3 que es afin&nbsp; al gobierno, pero se manifest\u00f3 en contra de esta situaci\u00f3n que se lleva a nivel salarial y a \u00e9l no le descuentan, porque a otro que si se manifest\u00f3 en funci\u00f3n de esta situaci\u00f3n, si se le descuenta, cu\u00e1l es el par\u00e1metro que se toma para esta situaci\u00f3n &nbsp;digo porque tenemos que aplicar para todos por igual, coincido con el Concejal Parada haber si ATE puede hacerse cargo de estas cuestiones, me parece l\u00f3gico que as\u00ed tambi\u00e9n lo haga, como tambi\u00e9n los Recursos de Amparo, en funci\u00f3n de que la medida fue presentada bajo los conceptos que marca la Ley; Paro y&nbsp; movilizaci\u00f3n y Asamblea Permanente, te permite movilizarte &nbsp;de las \u00e1reas de trabajo hacia donde se realizan las asambleas por parte del gremio, pero bueno, ser\u00e1 materia de discusi\u00f3n entre los abogados de ATE y los abogados del municipio, nosotros simplemente pedimos y a trav\u00e9s de esta Resoluci\u00f3n que se revea esta situaci\u00f3n porque creo que la situaci\u00f3n econ\u00f3mica del pa\u00eds, as\u00ed lo amerita y creo que ser\u00eda un gesto de buena voluntad si se quiere, por parte del Ejecutivo tratar de solucionar esta situaci\u00f3n que &nbsp;se ha dado con estos descuentos. Much\u00edsimas gracias Se\u00f1or Presidente.\/\/ i) Asuntos Varios. No hay solicitud.\/\/ j) Acto de arriar el Pabell\u00f3n Nacional a cargo de la &nbsp;concejal que lo iz\u00f3.\/\/ No habiendo m\u00e1s temas por tratar se da por finalizada la Sesi\u00f3n cuando es la hora 11:06, previa lectura de lo que antecede firman para constancia&nbsp; las presentes actuaciones el Sr. Presidente y la Sra. Secretaria del Honorable Concejo Deliberante.<\/p>\n","protected":false},"excerpt":{"rendered":"<p>En Malarg\u00fce Mendoza a dos d\u00edas de mayo&nbsp; de 2024, cuando es la hora 09:15&nbsp; se re\u00fane el Honorable Concejo Deliberante de la Municipalidad de Malarg\u00fce para celebrar la Sesi\u00f3n Ordinaria del dia de la fecha.\/ Bajo la&nbsp;&nbsp; Presidencia de su titular Sr. Rodrigo HIDALGO y la presencia de los Se\u00f1ores&nbsp; Concejales Viviana Mosca, Pablo [&hellip;]<\/p>\n","protected":false},"author":5,"featured_media":33337,"comment_status":"closed","ping_status":"closed","sticky":false,"template":"","format":"standard","meta":{"footnotes":""},"categories":[60,52,58,33,36],"tags":[],"class_list":["post-36768","post","type-post","status-publish","format-standard","has-post-thumbnail","hentry","category-acta-de-sesiones","category-gacetillas","category-ordinarias","category-prensa","category-sesiones"],"yoast_head":"<!-- This site is optimized with the Yoast SEO plugin v19.10 - https:\/\/yoast.com\/wordpress\/plugins\/seo\/ -->\n<title>ACTA 8\u00b0 SESION ORDINARIA N\u00b0 1.156 \u2013 \u201c O \u201c \u2013 2\/05\/2.024 - Malarg\u00fce HCD<\/title>\n<meta name=\"robots\" content=\"index, follow, max-snippet:-1, max-image-preview:large, max-video-preview:-1\" \/>\n<link rel=\"canonical\" href=\"https:\/\/hcd.malargue.gov.ar\/?p=36768\" \/>\n<meta property=\"og:locale\" content=\"es_ES\" \/>\n<meta property=\"og:type\" content=\"article\" \/>\n<meta property=\"og:title\" content=\"ACTA 8\u00b0 SESION ORDINARIA N\u00b0 1.156 \u2013 \u201c O \u201c \u2013 2\/05\/2.024 - Malarg\u00fce HCD\" \/>\n<meta property=\"og:description\" content=\"En Malarg\u00fce Mendoza a dos d\u00edas de mayo&nbsp; de 2024, cuando es la hora 09:15&nbsp; se re\u00fane el Honorable Concejo Deliberante de la Municipalidad de Malarg\u00fce para celebrar la Sesi\u00f3n Ordinaria del dia de la fecha.\/ Bajo la&nbsp;&nbsp; Presidencia de su titular Sr. Rodrigo HIDALGO y la presencia de los Se\u00f1ores&nbsp; Concejales Viviana Mosca, Pablo [&hellip;]\" \/>\n<meta property=\"og:url\" content=\"https:\/\/hcd.malargue.gov.ar\/?p=36768\" \/>\n<meta property=\"og:site_name\" content=\"Malarg\u00fce HCD\" \/>\n<meta property=\"article:published_time\" content=\"2024-05-08T12:56:20+00:00\" \/>\n<meta property=\"article:modified_time\" content=\"2024-05-15T14:19:51+00:00\" \/>\n<meta property=\"og:image\" content=\"https:\/\/hcd.malargue.gov.ar\/wp-content\/uploads\/2023\/03\/actas-sesiones.jpg\" \/>\n\t<meta property=\"og:image:width\" content=\"1640\" \/>\n\t<meta property=\"og:image:height\" content=\"924\" \/>\n\t<meta property=\"og:image:type\" content=\"image\/jpeg\" \/>\n<meta name=\"author\" content=\"Belen Pedernera Ferragut\" \/>\n<meta name=\"twitter:card\" content=\"summary_large_image\" \/>\n<meta name=\"twitter:label1\" content=\"Escrito por\" \/>\n\t<meta name=\"twitter:data1\" content=\"Belen Pedernera Ferragut\" \/>\n\t<meta name=\"twitter:label2\" content=\"Tiempo de lectura\" \/>\n\t<meta name=\"twitter:data2\" content=\"53 minutos\" \/>\n<script type=\"application\/ld+json\" class=\"yoast-schema-graph\">{\"@context\":\"https:\/\/schema.org\",\"@graph\":[{\"@type\":\"WebPage\",\"@id\":\"https:\/\/hcd.malargue.gov.ar\/?p=36768\",\"url\":\"https:\/\/hcd.malargue.gov.ar\/?p=36768\",\"name\":\"ACTA 8\u00b0 SESION ORDINARIA N\u00b0 1.156 \u2013 \u201c O \u201c \u2013 2\/05\/2.024 - Malarg\u00fce HCD\",\"isPartOf\":{\"@id\":\"https:\/\/hcd.malargue.gov.ar\/#website\"},\"datePublished\":\"2024-05-08T12:56:20+00:00\",\"dateModified\":\"2024-05-15T14:19:51+00:00\",\"author\":{\"@id\":\"https:\/\/hcd.malargue.gov.ar\/#\/schema\/person\/3fd6bbab64edd703961b795156c955d0\"},\"breadcrumb\":{\"@id\":\"https:\/\/hcd.malargue.gov.ar\/?p=36768#breadcrumb\"},\"inLanguage\":\"es-AR\",\"potentialAction\":[{\"@type\":\"ReadAction\",\"target\":[\"https:\/\/hcd.malargue.gov.ar\/?p=36768\"]}]},{\"@type\":\"BreadcrumbList\",\"@id\":\"https:\/\/hcd.malargue.gov.ar\/?p=36768#breadcrumb\",\"itemListElement\":[{\"@type\":\"ListItem\",\"position\":1,\"name\":\"Inicio\",\"item\":\"https:\/\/hcd.malargue.gov.ar\/\"},{\"@type\":\"ListItem\",\"position\":2,\"name\":\"ACTA 8\u00b0 SESION ORDINARIA N\u00b0 1.156 \u2013 \u201c O \u201c \u2013 2\/05\/2.024\"}]},{\"@type\":\"WebSite\",\"@id\":\"https:\/\/hcd.malargue.gov.ar\/#website\",\"url\":\"https:\/\/hcd.malargue.gov.ar\/\",\"name\":\"Malarg\u00fce HCD\",\"description\":\"Malarg\u00fce Mendoza Argentina\",\"potentialAction\":[{\"@type\":\"SearchAction\",\"target\":{\"@type\":\"EntryPoint\",\"urlTemplate\":\"https:\/\/hcd.malargue.gov.ar\/?s={search_term_string}\"},\"query-input\":\"required name=search_term_string\"}],\"inLanguage\":\"es-AR\"},{\"@type\":\"Person\",\"@id\":\"https:\/\/hcd.malargue.gov.ar\/#\/schema\/person\/3fd6bbab64edd703961b795156c955d0\",\"name\":\"Belen Pedernera Ferragut\",\"image\":{\"@type\":\"ImageObject\",\"inLanguage\":\"es-AR\",\"@id\":\"https:\/\/hcd.malargue.gov.ar\/#\/schema\/person\/image\/\",\"url\":\"https:\/\/secure.gravatar.com\/avatar\/1054ffab3893de4bb3eb29bdd22f7e34b8537bf5d34d9dab311818154ad5b71f?s=96&d=mm&r=g\",\"contentUrl\":\"https:\/\/secure.gravatar.com\/avatar\/1054ffab3893de4bb3eb29bdd22f7e34b8537bf5d34d9dab311818154ad5b71f?s=96&d=mm&r=g\",\"caption\":\"Belen Pedernera Ferragut\"},\"url\":\"https:\/\/hcd.malargue.gov.ar\/?author=5\"}]}<\/script>\n<!-- \/ Yoast SEO plugin. -->","yoast_head_json":{"title":"ACTA 8\u00b0 SESION ORDINARIA N\u00b0 1.156 \u2013 \u201c O \u201c \u2013 2\/05\/2.024 - Malarg\u00fce HCD","robots":{"index":"index","follow":"follow","max-snippet":"max-snippet:-1","max-image-preview":"max-image-preview:large","max-video-preview":"max-video-preview:-1"},"canonical":"https:\/\/hcd.malargue.gov.ar\/?p=36768","og_locale":"es_ES","og_type":"article","og_title":"ACTA 8\u00b0 SESION ORDINARIA N\u00b0 1.156 \u2013 \u201c O \u201c \u2013 2\/05\/2.024 - Malarg\u00fce HCD","og_description":"En Malarg\u00fce Mendoza a dos d\u00edas de mayo&nbsp; de 2024, cuando es la hora 09:15&nbsp; se re\u00fane el Honorable Concejo Deliberante de la Municipalidad de Malarg\u00fce para celebrar la Sesi\u00f3n Ordinaria del dia de la fecha.\/ Bajo la&nbsp;&nbsp; Presidencia de su titular Sr. Rodrigo HIDALGO y la presencia de los Se\u00f1ores&nbsp; Concejales Viviana Mosca, Pablo [&hellip;]","og_url":"https:\/\/hcd.malargue.gov.ar\/?p=36768","og_site_name":"Malarg\u00fce HCD","article_published_time":"2024-05-08T12:56:20+00:00","article_modified_time":"2024-05-15T14:19:51+00:00","og_image":[{"width":1640,"height":924,"url":"https:\/\/hcd.malargue.gov.ar\/wp-content\/uploads\/2023\/03\/actas-sesiones.jpg","type":"image\/jpeg"}],"author":"Belen Pedernera Ferragut","twitter_card":"summary_large_image","twitter_misc":{"Escrito por":"Belen Pedernera Ferragut","Tiempo de lectura":"53 minutos"},"schema":{"@context":"https:\/\/schema.org","@graph":[{"@type":"WebPage","@id":"https:\/\/hcd.malargue.gov.ar\/?p=36768","url":"https:\/\/hcd.malargue.gov.ar\/?p=36768","name":"ACTA 8\u00b0 SESION ORDINARIA N\u00b0 1.156 \u2013 \u201c O \u201c \u2013 2\/05\/2.024 - Malarg\u00fce HCD","isPartOf":{"@id":"https:\/\/hcd.malargue.gov.ar\/#website"},"datePublished":"2024-05-08T12:56:20+00:00","dateModified":"2024-05-15T14:19:51+00:00","author":{"@id":"https:\/\/hcd.malargue.gov.ar\/#\/schema\/person\/3fd6bbab64edd703961b795156c955d0"},"breadcrumb":{"@id":"https:\/\/hcd.malargue.gov.ar\/?p=36768#breadcrumb"},"inLanguage":"es-AR","potentialAction":[{"@type":"ReadAction","target":["https:\/\/hcd.malargue.gov.ar\/?p=36768"]}]},{"@type":"BreadcrumbList","@id":"https:\/\/hcd.malargue.gov.ar\/?p=36768#breadcrumb","itemListElement":[{"@type":"ListItem","position":1,"name":"Inicio","item":"https:\/\/hcd.malargue.gov.ar\/"},{"@type":"ListItem","position":2,"name":"ACTA 8\u00b0 SESION ORDINARIA N\u00b0 1.156 \u2013 \u201c O \u201c \u2013 2\/05\/2.024"}]},{"@type":"WebSite","@id":"https:\/\/hcd.malargue.gov.ar\/#website","url":"https:\/\/hcd.malargue.gov.ar\/","name":"Malarg\u00fce HCD","description":"Malarg\u00fce Mendoza Argentina","potentialAction":[{"@type":"SearchAction","target":{"@type":"EntryPoint","urlTemplate":"https:\/\/hcd.malargue.gov.ar\/?s={search_term_string}"},"query-input":"required name=search_term_string"}],"inLanguage":"es-AR"},{"@type":"Person","@id":"https:\/\/hcd.malargue.gov.ar\/#\/schema\/person\/3fd6bbab64edd703961b795156c955d0","name":"Belen Pedernera Ferragut","image":{"@type":"ImageObject","inLanguage":"es-AR","@id":"https:\/\/hcd.malargue.gov.ar\/#\/schema\/person\/image\/","url":"https:\/\/secure.gravatar.com\/avatar\/1054ffab3893de4bb3eb29bdd22f7e34b8537bf5d34d9dab311818154ad5b71f?s=96&d=mm&r=g","contentUrl":"https:\/\/secure.gravatar.com\/avatar\/1054ffab3893de4bb3eb29bdd22f7e34b8537bf5d34d9dab311818154ad5b71f?s=96&d=mm&r=g","caption":"Belen Pedernera Ferragut"},"url":"https:\/\/hcd.malargue.gov.ar\/?author=5"}]}},"_links":{"self":[{"href":"https:\/\/hcd.malargue.gov.ar\/index.php?rest_route=\/wp\/v2\/posts\/36768","targetHints":{"allow":["GET"]}}],"collection":[{"href":"https:\/\/hcd.malargue.gov.ar\/index.php?rest_route=\/wp\/v2\/posts"}],"about":[{"href":"https:\/\/hcd.malargue.gov.ar\/index.php?rest_route=\/wp\/v2\/types\/post"}],"author":[{"embeddable":true,"href":"https:\/\/hcd.malargue.gov.ar\/index.php?rest_route=\/wp\/v2\/users\/5"}],"replies":[{"embeddable":true,"href":"https:\/\/hcd.malargue.gov.ar\/index.php?rest_route=%2Fwp%2Fv2%2Fcomments&post=36768"}],"version-history":[{"count":3,"href":"https:\/\/hcd.malargue.gov.ar\/index.php?rest_route=\/wp\/v2\/posts\/36768\/revisions"}],"predecessor-version":[{"id":36797,"href":"https:\/\/hcd.malargue.gov.ar\/index.php?rest_route=\/wp\/v2\/posts\/36768\/revisions\/36797"}],"wp:featuredmedia":[{"embeddable":true,"href":"https:\/\/hcd.malargue.gov.ar\/index.php?rest_route=\/wp\/v2\/media\/33337"}],"wp:attachment":[{"href":"https:\/\/hcd.malargue.gov.ar\/index.php?rest_route=%2Fwp%2Fv2%2Fmedia&parent=36768"}],"wp:term":[{"taxonomy":"category","embeddable":true,"href":"https:\/\/hcd.malargue.gov.ar\/index.php?rest_route=%2Fwp%2Fv2%2Fcategories&post=36768"},{"taxonomy":"post_tag","embeddable":true,"href":"https:\/\/hcd.malargue.gov.ar\/index.php?rest_route=%2Fwp%2Fv2%2Ftags&post=36768"}],"curies":[{"name":"wp","href":"https:\/\/api.w.org\/{rel}","templated":true}]}}