{"id":36791,"date":"2024-05-08T12:44:49","date_gmt":"2024-05-08T15:44:49","guid":{"rendered":"https:\/\/hcd.malargue.gov.ar\/?p=36791"},"modified":"2024-05-08T12:49:54","modified_gmt":"2024-05-08T15:49:54","slug":"orden-del-dia-sesion-ordinaria-27","status":"publish","type":"post","link":"https:\/\/hcd.malargue.gov.ar\/?p=36791","title":{"rendered":"ORDEN DEL DIA 9\u00b0 SESION ORDINARIA"},"content":{"rendered":"<div class=\"wp-block-image\">\n<figure class=\"alignright size-full is-resized\"><a href=\"http:\/\/hcd.malargue.gov.ar\/2024\/9%20SO%20ORDEN%20%20DEL%20D%C3%8DA%2009-05-24.pdf\"><img loading=\"lazy\" decoding=\"async\" width=\"512\" height=\"512\" src=\"https:\/\/hcd.malargue.gov.ar\/wp-content\/uploads\/2018\/06\/PDF-JPG.jpg\" alt=\"\" class=\"wp-image-7950\" style=\"width:126px;height:auto\" srcset=\"https:\/\/hcd.malargue.gov.ar\/wp-content\/uploads\/2018\/06\/PDF-JPG.jpg 512w, https:\/\/hcd.malargue.gov.ar\/wp-content\/uploads\/2018\/06\/PDF-JPG-150x150.jpg 150w, https:\/\/hcd.malargue.gov.ar\/wp-content\/uploads\/2018\/06\/PDF-JPG-300x300.jpg 300w\" sizes=\"auto, (max-width: 512px) 100vw, 512px\" \/><\/a><\/figure>\n<\/div>\n\n\n<h5 class=\"wp-block-heading\">D\u00eda Jueves\u00a009 de mayo \u00a0de 2.024<\/h5>\n\n\n\n<h5 class=\"wp-block-heading\">Hora: 09:00<\/h5>\n\n\n\n<p><strong><em>a)<\/em><\/strong> <em style=\"font-weight: bold;\">Acto de Izar la Ense\u00f1a Patria\u00a0\u00a0 a cargo \u00a0del \u00a0Sr. Concejal \u00a0Pablo CABRERA .<\/em><\/p>\n\n\n\n<p><strong><em>b)<\/em><\/strong> <em><strong>Homenaje de los Se\u00f1ores Concejales.<\/strong><\/em><\/p>\n\n\n\n<p><strong><em>c) Consideraci\u00f3n Acta Sesi\u00f3n Ordinaria N\u00b0 1.156 \u201cO\u201d 2.024 y Acta Sesi\u00f3n Especial N\u00b0 03 -2024<\/em><\/strong><\/p>\n\n\n\n<p><em><strong>d)<\/strong> <\/em><strong><em>Lectura del detalle de la correspondencia recibida y emitida.<\/em><\/strong><\/p>\n\n\n\n<p><strong><em>e) Determinaci\u00f3n de los temas que ser\u00e1n incluidos en el punto Asuntos Varios y puesta a consideraci\u00f3n de mociones de tratamientos sobre tablas de diversos expedientes.<\/em><\/strong><\/p>\n\n\n\n<p><strong><em>f) Proyectos de los Se\u00f1ores Concejales: <\/em><\/strong><em>\u00a0\u00a0\u00a0<\/em><\/p>\n\n\n\n<ol class=\"wp-block-list\" style=\"list-style-type:lower-alpha\">\n<li>Expte N\u00b0 5.423 HC 064 -2.024 Proyecto de Resoluci\u00f3n:\u00a0 Rechazo del libre uso de los\u00a0 Fondos de Portezuelo del Viento. \u00a0(BLOQUE \u00a0PARTIDO JUSTICIALISTA) Autores: Concejales \u00a0Magali Acosta, Rodrigo Hidalgo, Pablo Cabrera y Emilce Mansilla. \u00a0<\/li>\n\n\n\n<li>Expte N\u00b0 5.424 HC 064 &#8211; \u00a02.024 Proyecto de Declaraci\u00f3n: Declarar de Inter\u00e9s, Educativo, Social, Cultural e Hist\u00f3rico al \u201c1\u00b0 Proyecto Museo en tu Escuela\u201d ( BLOQUE PARTIDO JUSTICIALISTA) . Autores: Concejales Magali Acosta, Pablo Cabrera y Emilce Mansilla.<\/li>\n\n\n\n<li>Expte N\u00b0 5.425 HC 064 \u2013 2.024 Proyecto de Resoluci\u00f3n:\u00a0 Solicitar a la Comisi\u00f3n de Educaci\u00f3n, Ciencia y T\u00e9cnica de la Honorable C\u00e1mara de Senadores d\u00e9 tratamiento al Expte. N\u00b0 73.764. ( BLOQUE RECONSTRUYENDO\u00a0 MALARG\u00dcE)\u00a0 Autora: Concejal Silvina Camiolo.<\/li>\n<\/ol>\n\n\n\n<p><strong><em>g) Expedientes provenientes del Departamento Ejecutivo<\/em><\/strong><\/p>\n\n\n\n<ol class=\"wp-block-list\">\n<li>Expte N\u00b0 2.531\/2.024-0\u00a0 Departamento Ejecutivo. Proyecto de Ordenanza: Presupuesto General \u00a0a\u00f1o 2.024.<\/li>\n<\/ol>\n\n\n\n<p><strong><em>h) Despachos de las Comisiones de Trabajo<\/em><\/strong><\/p>\n\n\n\n<ol class=\"wp-block-list\">\n<li>Expte N\u00b0 5.339 HC 059 \u2013 2023 Proyecto de Resoluci\u00f3n: Declarar de Inter\u00e9s Departamental el Canal de You Tube de \u201cAC Records TV\u201d. (E.H.M.A.S.y C) \u00a0<\/li>\n<\/ol>\n\n\n\n<p><strong>i<em>) Asuntos Varios. &nbsp;&nbsp;&nbsp;&nbsp;<\/em><\/strong><\/p>\n\n\n\n<p><strong><em>j) Acto de arriar el Pabell\u00f3n Nacional a cargo del &nbsp;concejal que lo <\/em><\/strong><strong>iz\u00f3.<\/strong><\/p>\n\n\n\n<p><strong>&nbsp;&nbsp;&nbsp;&nbsp;&nbsp;&nbsp;&nbsp;&nbsp;&nbsp;&nbsp;&nbsp;&nbsp;&nbsp;&nbsp;&nbsp;&nbsp;&nbsp;&nbsp;&nbsp;&nbsp;&nbsp;&nbsp;&nbsp;&nbsp;&nbsp;&nbsp;&nbsp;&nbsp;&nbsp;&nbsp;&nbsp;&nbsp;&nbsp;&nbsp;&nbsp;&nbsp;&nbsp;&nbsp;&nbsp;&nbsp;&nbsp;&nbsp;&nbsp;&nbsp;&nbsp;&nbsp;&nbsp;&nbsp;&nbsp;&nbsp;&nbsp;&nbsp;&nbsp;&nbsp;&nbsp;&nbsp;&nbsp;&nbsp;&nbsp;&nbsp;&nbsp;&nbsp;&nbsp;&nbsp;&nbsp;&nbsp;&nbsp;&nbsp;&nbsp;&nbsp; &nbsp;&nbsp;&nbsp;&nbsp; &nbsp;&nbsp;&nbsp;&nbsp;&nbsp;&nbsp; <\/strong>Presidencia, H.C.D., &nbsp;07 de mayo de 2.024<\/p>\n\n\n\n<p>CORRESPONDENCIA&nbsp; RECIBIDA<\/p>\n\n\n\n<p>Del d\u00eda jueves&nbsp; 09 de mayo&nbsp; de 2.024.<\/p>\n\n\n\n<p>NOTAS INGRESADAS<\/p>\n\n\n\n<ol class=\"wp-block-list\">\n<li>Dr. Jorge B. Mayoral, Direcci\u00f3n Unidad Especial de Tierras, eleva respuesta a solicitud de Comisi\u00f3n de E.H.M.A.S.y C, respecto a parque de descanso final para animales.<\/li>\n\n\n\n<li>Cdora. Paula Rodriguez de Sosa, eleva caja conteniendo documentaci\u00f3n de gastos de publicidad impagos, incluidos en la Ordenanza N\u00b0 2.260\/2.023, para conocimiento.<\/li>\n\n\n\n<li>Sr. Rodrigo Hidalgo, Presidente Honorable Concejo Deliberante, eleva copia de documentaci\u00f3n respaldatoria, Acuerdo\u00a0 870 Honorable Tribunal de Cuentas &#8211; Diferencias en la Informaci\u00f3n Art. 22.<\/li>\n\n\n\n<li>Medico Veterinario, Mart\u00edn Vargas, Responsable de Area de Veterinaria y Zoonosis, eleva observaciones a proyecto de creaci\u00f3n de parque de descanso final para animales, a solicitud de la Comisi\u00f3n de E.H.M.A.S y C.<\/li>\n\n\n\n<li>Sr. Ruperto Mart\u00ednez, Presidente de Uni\u00f3n Vecinal de Barrio Virgen del Carmen, propone obras necesarias para el barrio, para su incorporaci\u00f3n al presupuesto municipal.<\/li>\n<\/ol>\n\n\n\n<p><strong>NOTAS&nbsp; EMITIDAS<\/strong><\/p>\n\n\n\n<ol class=\"wp-block-list\">\n<li>Al Sr. Daniel Uvilla, Pastor, remitiendo copia de Resoluci\u00f3n N\u00b0 082\/2.024, declarando de Inter\u00e9s Departamental la Primera Convenci\u00f3n de Iglesias Evang\u00e9licas.<\/li>\n\n\n\n<li>Al Honorable Tribunal de Cuentas de la Provincia de Mendoza, remitiendo copia digital de Expte N\u00b0 2.338\/2024 Rechazando la Rendici\u00f3n del Ejercicio 2023 Acuerdo 2988, para conocimiento.<\/li>\n\n\n\n<li>A ambas C\u00e1maras Legislativas Provinciales, remitiendo copia de Resoluci\u00f3n N\u00b0 094\/2.024, d\u00a0\u00a0\u00a0\u00a0\u00a0\u00a0\u00a0\u00a0\u00a0\u00a0\u00a0 eclarando de Inter\u00e9s Departamental el documental Malvinas con filtro violeta.<\/li>\n\n\n\n<li>A Representantes de ATE \u00a0Mendoza y Delegaci\u00f3n Malarg\u00fce y Presidentes de las Comisiones de Derechos y Garant\u00edas de las Honorables C\u00e1maras Legislativas Provinciales, remitiendo copia de Resoluci\u00f3n N\u00b0 096\/2.024, solicitando no se realicen descuentos sobre personal que ejerci\u00f3 legitimo derecho a huelga.<\/li>\n<\/ol>\n","protected":false},"excerpt":{"rendered":"<p>D\u00eda Jueves\u00a009 de mayo \u00a0de 2.024 Hora: 09:00 a) Acto de Izar la Ense\u00f1a Patria\u00a0\u00a0 a cargo \u00a0del \u00a0Sr. Concejal \u00a0Pablo CABRERA . b) Homenaje de los Se\u00f1ores Concejales. c) Consideraci\u00f3n Acta Sesi\u00f3n Ordinaria N\u00b0 1.156 \u201cO\u201d 2.024 y Acta Sesi\u00f3n Especial N\u00b0 03 -2024 d) Lectura del detalle de la correspondencia recibida y emitida. [&hellip;]<\/p>\n","protected":false},"author":5,"featured_media":36457,"comment_status":"closed","ping_status":"closed","sticky":false,"template":"","format":"standard","meta":{"footnotes":""},"categories":[52,84,58,33,36],"tags":[],"class_list":["post-36791","post","type-post","status-publish","format-standard","has-post-thumbnail","hentry","category-gacetillas","category-orden-del-dia","category-ordinarias","category-prensa","category-sesiones"],"yoast_head":"<!-- This site is optimized with the Yoast SEO plugin v19.10 - https:\/\/yoast.com\/wordpress\/plugins\/seo\/ -->\n<title>ORDEN DEL DIA 9\u00b0 SESION ORDINARIA - Malarg\u00fce HCD<\/title>\n<meta name=\"robots\" content=\"index, follow, max-snippet:-1, max-image-preview:large, max-video-preview:-1\" \/>\n<link rel=\"canonical\" href=\"https:\/\/hcd.malargue.gov.ar\/?p=36791\" \/>\n<meta property=\"og:locale\" content=\"es_ES\" \/>\n<meta property=\"og:type\" content=\"article\" \/>\n<meta property=\"og:title\" content=\"ORDEN DEL DIA 9\u00b0 SESION ORDINARIA - Malarg\u00fce HCD\" \/>\n<meta property=\"og:description\" content=\"D\u00eda Jueves\u00a009 de mayo \u00a0de 2.024 Hora: 09:00 a) Acto de Izar la Ense\u00f1a Patria\u00a0\u00a0 a cargo \u00a0del \u00a0Sr. Concejal \u00a0Pablo CABRERA . b) Homenaje de los Se\u00f1ores Concejales. c) Consideraci\u00f3n Acta Sesi\u00f3n Ordinaria N\u00b0 1.156 \u201cO\u201d 2.024 y Acta Sesi\u00f3n Especial N\u00b0 03 -2024 d) Lectura del detalle de la correspondencia recibida y emitida. [&hellip;]\" \/>\n<meta property=\"og:url\" content=\"https:\/\/hcd.malargue.gov.ar\/?p=36791\" \/>\n<meta property=\"og:site_name\" content=\"Malarg\u00fce HCD\" \/>\n<meta property=\"article:published_time\" content=\"2024-05-08T15:44:49+00:00\" \/>\n<meta property=\"article:modified_time\" content=\"2024-05-08T15:49:54+00:00\" \/>\n<meta property=\"og:image\" content=\"https:\/\/hcd.malargue.gov.ar\/wp-content\/uploads\/2024\/03\/SESIONES-ORDINARIAS.png\" \/>\n\t<meta property=\"og:image:width\" content=\"1640\" \/>\n\t<meta property=\"og:image:height\" content=\"924\" \/>\n\t<meta property=\"og:image:type\" content=\"image\/png\" \/>\n<meta name=\"author\" content=\"Belen Pedernera Ferragut\" \/>\n<meta name=\"twitter:card\" content=\"summary_large_image\" \/>\n<meta name=\"twitter:label1\" content=\"Escrito por\" \/>\n\t<meta name=\"twitter:data1\" content=\"Belen Pedernera Ferragut\" \/>\n\t<meta name=\"twitter:label2\" content=\"Tiempo de lectura\" \/>\n\t<meta name=\"twitter:data2\" content=\"3 minutos\" \/>\n<script type=\"application\/ld+json\" class=\"yoast-schema-graph\">{\"@context\":\"https:\/\/schema.org\",\"@graph\":[{\"@type\":\"WebPage\",\"@id\":\"https:\/\/hcd.malargue.gov.ar\/?p=36791\",\"url\":\"https:\/\/hcd.malargue.gov.ar\/?p=36791\",\"name\":\"ORDEN DEL DIA 9\u00b0 SESION ORDINARIA - Malarg\u00fce HCD\",\"isPartOf\":{\"@id\":\"https:\/\/hcd.malargue.gov.ar\/#website\"},\"datePublished\":\"2024-05-08T15:44:49+00:00\",\"dateModified\":\"2024-05-08T15:49:54+00:00\",\"author\":{\"@id\":\"https:\/\/hcd.malargue.gov.ar\/#\/schema\/person\/3fd6bbab64edd703961b795156c955d0\"},\"breadcrumb\":{\"@id\":\"https:\/\/hcd.malargue.gov.ar\/?p=36791#breadcrumb\"},\"inLanguage\":\"es-AR\",\"potentialAction\":[{\"@type\":\"ReadAction\",\"target\":[\"https:\/\/hcd.malargue.gov.ar\/?p=36791\"]}]},{\"@type\":\"BreadcrumbList\",\"@id\":\"https:\/\/hcd.malargue.gov.ar\/?p=36791#breadcrumb\",\"itemListElement\":[{\"@type\":\"ListItem\",\"position\":1,\"name\":\"Inicio\",\"item\":\"https:\/\/hcd.malargue.gov.ar\/\"},{\"@type\":\"ListItem\",\"position\":2,\"name\":\"ORDEN DEL DIA 9\u00b0 SESION ORDINARIA\"}]},{\"@type\":\"WebSite\",\"@id\":\"https:\/\/hcd.malargue.gov.ar\/#website\",\"url\":\"https:\/\/hcd.malargue.gov.ar\/\",\"name\":\"Malarg\u00fce HCD\",\"description\":\"Malarg\u00fce Mendoza Argentina\",\"potentialAction\":[{\"@type\":\"SearchAction\",\"target\":{\"@type\":\"EntryPoint\",\"urlTemplate\":\"https:\/\/hcd.malargue.gov.ar\/?s={search_term_string}\"},\"query-input\":\"required name=search_term_string\"}],\"inLanguage\":\"es-AR\"},{\"@type\":\"Person\",\"@id\":\"https:\/\/hcd.malargue.gov.ar\/#\/schema\/person\/3fd6bbab64edd703961b795156c955d0\",\"name\":\"Belen Pedernera Ferragut\",\"image\":{\"@type\":\"ImageObject\",\"inLanguage\":\"es-AR\",\"@id\":\"https:\/\/hcd.malargue.gov.ar\/#\/schema\/person\/image\/\",\"url\":\"https:\/\/secure.gravatar.com\/avatar\/1054ffab3893de4bb3eb29bdd22f7e34b8537bf5d34d9dab311818154ad5b71f?s=96&d=mm&r=g\",\"contentUrl\":\"https:\/\/secure.gravatar.com\/avatar\/1054ffab3893de4bb3eb29bdd22f7e34b8537bf5d34d9dab311818154ad5b71f?s=96&d=mm&r=g\",\"caption\":\"Belen Pedernera Ferragut\"},\"url\":\"https:\/\/hcd.malargue.gov.ar\/?author=5\"}]}<\/script>\n<!-- \/ Yoast SEO plugin. -->","yoast_head_json":{"title":"ORDEN DEL DIA 9\u00b0 SESION ORDINARIA - Malarg\u00fce HCD","robots":{"index":"index","follow":"follow","max-snippet":"max-snippet:-1","max-image-preview":"max-image-preview:large","max-video-preview":"max-video-preview:-1"},"canonical":"https:\/\/hcd.malargue.gov.ar\/?p=36791","og_locale":"es_ES","og_type":"article","og_title":"ORDEN DEL DIA 9\u00b0 SESION ORDINARIA - Malarg\u00fce HCD","og_description":"D\u00eda Jueves\u00a009 de mayo \u00a0de 2.024 Hora: 09:00 a) Acto de Izar la Ense\u00f1a Patria\u00a0\u00a0 a cargo \u00a0del \u00a0Sr. Concejal \u00a0Pablo CABRERA . b) Homenaje de los Se\u00f1ores Concejales. c) Consideraci\u00f3n Acta Sesi\u00f3n Ordinaria N\u00b0 1.156 \u201cO\u201d 2.024 y Acta Sesi\u00f3n Especial N\u00b0 03 -2024 d) Lectura del detalle de la correspondencia recibida y emitida. [&hellip;]","og_url":"https:\/\/hcd.malargue.gov.ar\/?p=36791","og_site_name":"Malarg\u00fce HCD","article_published_time":"2024-05-08T15:44:49+00:00","article_modified_time":"2024-05-08T15:49:54+00:00","og_image":[{"width":1640,"height":924,"url":"https:\/\/hcd.malargue.gov.ar\/wp-content\/uploads\/2024\/03\/SESIONES-ORDINARIAS.png","type":"image\/png"}],"author":"Belen Pedernera Ferragut","twitter_card":"summary_large_image","twitter_misc":{"Escrito por":"Belen Pedernera Ferragut","Tiempo de lectura":"3 minutos"},"schema":{"@context":"https:\/\/schema.org","@graph":[{"@type":"WebPage","@id":"https:\/\/hcd.malargue.gov.ar\/?p=36791","url":"https:\/\/hcd.malargue.gov.ar\/?p=36791","name":"ORDEN DEL DIA 9\u00b0 SESION ORDINARIA - Malarg\u00fce HCD","isPartOf":{"@id":"https:\/\/hcd.malargue.gov.ar\/#website"},"datePublished":"2024-05-08T15:44:49+00:00","dateModified":"2024-05-08T15:49:54+00:00","author":{"@id":"https:\/\/hcd.malargue.gov.ar\/#\/schema\/person\/3fd6bbab64edd703961b795156c955d0"},"breadcrumb":{"@id":"https:\/\/hcd.malargue.gov.ar\/?p=36791#breadcrumb"},"inLanguage":"es-AR","potentialAction":[{"@type":"ReadAction","target":["https:\/\/hcd.malargue.gov.ar\/?p=36791"]}]},{"@type":"BreadcrumbList","@id":"https:\/\/hcd.malargue.gov.ar\/?p=36791#breadcrumb","itemListElement":[{"@type":"ListItem","position":1,"name":"Inicio","item":"https:\/\/hcd.malargue.gov.ar\/"},{"@type":"ListItem","position":2,"name":"ORDEN DEL DIA 9\u00b0 SESION ORDINARIA"}]},{"@type":"WebSite","@id":"https:\/\/hcd.malargue.gov.ar\/#website","url":"https:\/\/hcd.malargue.gov.ar\/","name":"Malarg\u00fce HCD","description":"Malarg\u00fce Mendoza Argentina","potentialAction":[{"@type":"SearchAction","target":{"@type":"EntryPoint","urlTemplate":"https:\/\/hcd.malargue.gov.ar\/?s={search_term_string}"},"query-input":"required name=search_term_string"}],"inLanguage":"es-AR"},{"@type":"Person","@id":"https:\/\/hcd.malargue.gov.ar\/#\/schema\/person\/3fd6bbab64edd703961b795156c955d0","name":"Belen Pedernera Ferragut","image":{"@type":"ImageObject","inLanguage":"es-AR","@id":"https:\/\/hcd.malargue.gov.ar\/#\/schema\/person\/image\/","url":"https:\/\/secure.gravatar.com\/avatar\/1054ffab3893de4bb3eb29bdd22f7e34b8537bf5d34d9dab311818154ad5b71f?s=96&d=mm&r=g","contentUrl":"https:\/\/secure.gravatar.com\/avatar\/1054ffab3893de4bb3eb29bdd22f7e34b8537bf5d34d9dab311818154ad5b71f?s=96&d=mm&r=g","caption":"Belen Pedernera Ferragut"},"url":"https:\/\/hcd.malargue.gov.ar\/?author=5"}]}},"_links":{"self":[{"href":"https:\/\/hcd.malargue.gov.ar\/index.php?rest_route=\/wp\/v2\/posts\/36791","targetHints":{"allow":["GET"]}}],"collection":[{"href":"https:\/\/hcd.malargue.gov.ar\/index.php?rest_route=\/wp\/v2\/posts"}],"about":[{"href":"https:\/\/hcd.malargue.gov.ar\/index.php?rest_route=\/wp\/v2\/types\/post"}],"author":[{"embeddable":true,"href":"https:\/\/hcd.malargue.gov.ar\/index.php?rest_route=\/wp\/v2\/users\/5"}],"replies":[{"embeddable":true,"href":"https:\/\/hcd.malargue.gov.ar\/index.php?rest_route=%2Fwp%2Fv2%2Fcomments&post=36791"}],"version-history":[{"count":3,"href":"https:\/\/hcd.malargue.gov.ar\/index.php?rest_route=\/wp\/v2\/posts\/36791\/revisions"}],"predecessor-version":[{"id":36795,"href":"https:\/\/hcd.malargue.gov.ar\/index.php?rest_route=\/wp\/v2\/posts\/36791\/revisions\/36795"}],"wp:featuredmedia":[{"embeddable":true,"href":"https:\/\/hcd.malargue.gov.ar\/index.php?rest_route=\/wp\/v2\/media\/36457"}],"wp:attachment":[{"href":"https:\/\/hcd.malargue.gov.ar\/index.php?rest_route=%2Fwp%2Fv2%2Fmedia&parent=36791"}],"wp:term":[{"taxonomy":"category","embeddable":true,"href":"https:\/\/hcd.malargue.gov.ar\/index.php?rest_route=%2Fwp%2Fv2%2Fcategories&post=36791"},{"taxonomy":"post_tag","embeddable":true,"href":"https:\/\/hcd.malargue.gov.ar\/index.php?rest_route=%2Fwp%2Fv2%2Ftags&post=36791"}],"curies":[{"name":"wp","href":"https:\/\/api.w.org\/{rel}","templated":true}]}}