{"id":36826,"date":"2024-05-15T11:14:34","date_gmt":"2024-05-15T14:14:34","guid":{"rendered":"https:\/\/hcd.malargue.gov.ar\/?p=36826"},"modified":"2024-05-15T11:17:59","modified_gmt":"2024-05-15T14:17:59","slug":"acta-sesion-ordinaria-n-1-157-o-9-05-2-024","status":"publish","type":"post","link":"https:\/\/hcd.malargue.gov.ar\/?p=36826","title":{"rendered":"ACTA 9\u00b0 SESION ORDINARIA N\u00b0 1.157 \u2013 O \u2013 9\/05\/2.024"},"content":{"rendered":"<div class=\"wp-block-image\">\n<figure class=\"alignright size-full is-resized\"><a href=\"http:\/\/hcd.malargue.gov.ar\/2024\/9%20ACTA%20ORDINARIA%20N%201157%202024.pdf\"><img loading=\"lazy\" decoding=\"async\" width=\"512\" height=\"512\" src=\"https:\/\/hcd.malargue.gov.ar\/wp-content\/uploads\/2018\/06\/PDF-JPG.jpg\" alt=\"\" class=\"wp-image-7950\" style=\"width:131px;height:auto\" srcset=\"https:\/\/hcd.malargue.gov.ar\/wp-content\/uploads\/2018\/06\/PDF-JPG.jpg 512w, https:\/\/hcd.malargue.gov.ar\/wp-content\/uploads\/2018\/06\/PDF-JPG-150x150.jpg 150w, https:\/\/hcd.malargue.gov.ar\/wp-content\/uploads\/2018\/06\/PDF-JPG-300x300.jpg 300w\" sizes=\"auto, (max-width: 512px) 100vw, 512px\" \/><\/a><\/figure>\n<\/div>\n\n\n<p>En Malarg\u00fce Mendoza a nueve d\u00edas de mayo&nbsp; de 2.024, cuando es la hora 09:10,&nbsp; se re\u00fane el Honorable Concejo Deliberante de la Municipalidad de Malarg\u00fce para celebrar la Sesi\u00f3n Ordinaria del dia de la fecha.\/ Bajo la&nbsp;&nbsp; Presidencia de su titular Sr. Rodrigo HIDALGO y la presencia de los Se\u00f1ores&nbsp; Concejales Viviana Mosca, Pablo Villarruel, Elizabeth Gonz\u00e1lez, Mart\u00edn&nbsp; Palma, Francisco Parada, Silvina Camiolo, Emilce Mansilla, Magali&nbsp; Acosta y Pablo Cabrera.\/ Se firma del Libro de Asistencia donde consta que no hay ausencias.\/\/&nbsp;&nbsp; a) Para dar comienzo al desarrollo del Orden del d\u00eda&nbsp; se invita al Sr.Concejal&nbsp; Pablo Cabrera&nbsp; a izar la Ense\u00f1a Patria.\/\/ b) Homenaje de los Se\u00f1ores Concejales: No hay solicitudes.\/\/ c)Consideraci\u00f3n Acta Sesi\u00f3n Ordinaria N\u00b0 1.156 \u201cO\u201d 2.024 y Acta Sesi\u00f3n Especial N\u00b0 03 &#8211; 2024.\/ APROBADAS.\/\/&nbsp; d)Lectura del detalle de la correspondencia recibida y emitida: 1. Dr. Jorge B. Mayoral, Direcci\u00f3n Unidad Especial de Tierras, eleva respuesta a solicitud de Comisi\u00f3n de E.H.M.A.S.y C, respecto a parque de descanso final para animales. Pasa a E.H.M.A.S y C.\/\/ 2. Cdora. Paula Rodriguez de Sosa, eleva caja conteniendo documentaci\u00f3n de gastos de publicidad impagos, incluidos en la Ordenanza N\u00b0 2.260\/2.023, para conocimiento. Pasa a HPLAC.\/\/ 3. Sr. Rodrigo Hidalgo, Presidente Honorable Concejo Deliberante, eleva copia de documentaci\u00f3n respaldatoria, Acuerdo&nbsp; 870 Honorable Tribunal de Cuentas &#8211; Diferencias en la Informaci\u00f3n Art. 22. Pasa a H.P.L.A.C.\/ 4. Medico Veterinario, Mart\u00edn Vargas, Responsable de Area de Veterinaria y Zoonosis, eleva observaciones a proyecto de creaci\u00f3n de parque de descanso final para animales, a solicitud de la Comisi\u00f3n de E.H.M.A.S y C. Pasa a E.H.M.A.S.y C.\/ 5. Sr. .Ruperto Mart\u00ednez, Presidente de Uni\u00f3n Vecinal de Barrio Virgen del Carmen, propone obras necesarias para el barrio, para su incorporaci\u00f3n al presupuesto municipal.\/ Solicita la palabra la Concejal CAMIOLO y manifiesta: Buenos d\u00edas para todos, perm\u00edtanme opinar al respecto, que si bien la Comisi\u00f3n a la que deber\u00eda referirse &nbsp;la documentaci\u00f3n es Obras P\u00fablicas, quienes pudimos leer la nota, refiere a obras que necesitar\u00edan sean incluidas en el Presupuesto, por tanto sugiero que vaya a la Comisi\u00f3n de Hacienda y que se adjunte al proyecto de Presupuesto para que se puedan tratar de manera conjunta y luego los concejales observemos la posibilidad de que se traten en eo misma proyecto.\/ Pasa a H.P.L.A.C.\/\/ Notas Emitidas: 1. Al Sr. Daniel Uvilla, Pastor, remitiendo copia de Resoluci\u00f3n N\u00b0 082\/2.024, declarando de Inter\u00e9s Departamental la Primera Convenci\u00f3n de Iglesias Evang\u00e9licas.\/ 2. Al Honorable Tribunal de Cuentas de la Provincia de Mendoza, remitiendo copia digital de Expte N\u00b0 2.338\/2024 Rechazando la Rendici\u00f3n del Ejercicio 2023 Acuerdo 2988, para conocimiento.\/ 3. A ambas C\u00e1maras Legislativas Provinciales, remitiendo copia de Resoluci\u00f3n N\u00b0 094\/2.024, declarando de Inter\u00e9s Departamental el documental Malvinas con filtro violeta.\/ 4. A Representantes de ATE&nbsp; Mendoza y Delegaci\u00f3n Malarg\u00fce y Presidentes de las Comisiones de Derechos y Garant\u00edas de las Honorables C\u00e1maras Legislativas Provinciales, remitiendo copia de Resoluci\u00f3n N\u00b0 096\/2.024, solicitando no se realicen descuentos sobre personal que ejerci\u00f3 legitimo derecho a huelga.\/\/ e) Determinaci\u00f3n de los temas que ser\u00e1n incluidos en el punto Asuntos Varios y puesta a consideraci\u00f3n de mociones de tratamientos sobre tablas de diversos expedientes. Solicita la palabra el Concejal PALMA manifestando:&nbsp; Gracias Se\u00f1or Presidente, buenos d\u00edas Se\u00f1ores Concejales, buenos d\u00edas al Personal que nos acompa\u00f1a. Sr. presidente para desafectar una nota de Mesa de Entrada ingresada bajo el n\u00famero HC 252,&nbsp; el d\u00eda 9 de mayo del 2024. Esta nota refiere a una invitaci\u00f3n que se nos ha hecho llegar desde el Vecino Pa\u00eds de Chile, para un intercambio, es con la Municipalidad Estaci\u00f3n Central, &nbsp;para un intercambio en pol\u00edticas de gobierno, como as\u00ed tambi\u00e9n intercambio cultural, deportivo, en fin y algunas otras gestiones que vamos a realizar al vecino pa\u00eds. Solicit\u00f3 la desafectaci\u00f3n de Mesa de Entrada y su pase a la Comisi\u00f3n de Pasos Internacionales y Asuntos Regionales.\/ PRESIDENCIA pone a consideraci\u00f3n la moci\u00f3n presentada y es APROBADA, tiene tratamiento en Asuntos Varios.\/\/ f) Proyectos de los Se\u00f1ores Concejales:<em>&nbsp;&nbsp; 1. <\/em>Expte N\u00b0 5.423 HC 064 -2.024 Proyecto de Resoluci\u00f3n:&nbsp; Rechazo del libre uso de los&nbsp; Fondos de Portezuelo del Viento. &nbsp;(BLOQUE &nbsp;PARTIDO JUSTICIALISTA) Autores: Concejales &nbsp;Magali Acosta, Rodrigo Hidalgo, Pablo Cabrera y Emilce Mansilla.\/ Solicita la palabra el concejal CABRERA y expresa: Buen d\u00eda para todos, para el personal del HCD, para colegas y tambi\u00e9n para la gente que no est\u00e1 viendo en esta transmisi\u00f3n. Solicito que se omita la lectura del cuerpo de la Resoluci\u00f3n, porque lo vamos a tratar en comisi\u00f3n y solicito que la misma tenga pase a la Comisi\u00f3n de Hacienda y Asuntos Constitucionales perd\u00f3n, Hacienda Presupuesto y Asuntos Constitucionales.\/ Se omite la lectura y pasa a HPLAC.\/\/ 2.Expte N\u00b0 5.424 HC 064 &#8211; &nbsp;2.024 Proyecto de Declaraci\u00f3n: Declarar de Inter\u00e9s, Educativo, Social, Cultural e Hist\u00f3rico al \u201c1\u00b0 Proyecto Museo en tu Escuela\u201d ( BLOQUE PARTIDO JUSTICIALISTA) . Autores: Concejales Magali Acosta, Pablo Cabrera y Emilce Mansilla.\/ Solicita la palabra la Concejal ACOSTA manifestando: Quer\u00eda hacer una peque\u00f1a argumentaci\u00f3n, porque es un proyecto muy lindo que me lleg\u00f3 del Area T\u00e9cnica de la Direcci\u00f3n de Cultura, s\u00ed, es un proyecto en donde el personal municipal que se desempe\u00f1a en el Museo Regional Malarg\u00fce, tiene la idea de generar un Museo Movil , especialmente en las escuelas primarias con alumnos de cuarto a\u00f1o. Que la idea es incentivar sobre la educaci\u00f3n patrimonial as\u00ed los chicos y chicas pueden cuidar respetar y valorar nuestro patrimonio haciendo hincapi\u00e9 en la parte arqueologica, paleontol\u00f3gica, hist\u00f3rica&nbsp; y &nbsp;en la parte de biolog\u00eda. que tenemos en nuestro Departamento. Ellas esta labor, esta tarea este recorrido por diferentes escuelas primarias de Malarg\u00fce lo van a empezar a realizar posterior al &nbsp;18 de mayo, que el 18 de mayo &nbsp;se conmemora el D\u00eda Internacional de los Museos donde ellas tambi\u00e9n van hacer un Acto para destacar la importancia que tienen los museos para la historia de los Departamentos, as\u00ed que quiero solicitar que este proyecto pase la Comisi\u00f3n de EHMASyC, as\u00ed lo podemos trabajar y tambi\u00e9n, bueno, me han enviado, me han adjuntado &nbsp;el proyecto en s\u00ed del Museo en tu Escuelas.\/\/ Solicita la palabra el Concejal PARADA y expresa para acompa\u00f1ar con la firma si los autores del proyecto me lo permiten y adem\u00e1s solicitar tratamiento preferencial, ya &nbsp;que estamos si nos dan los tiempos, en nueve d\u00edas,&nbsp; estamos&nbsp; en el 18, S\u00ed, tratamiento preferencial en la comisi\u00f3n.\/ PRESIDENCIA pone a consideraci\u00f3n la moci\u00f3n y es aprobada.\/\/ Pasa a E.H.M.A.S y C &nbsp;con Tratamiento Preferencial.\/\/ 3. Expte N\u00b0 5.425 HC 064 \u2013 2.024 Proyecto de Resoluci\u00f3n:&nbsp; Solicitar a la Comisi\u00f3n de Educaci\u00f3n, Ciencia y T\u00e9cnica de la Honorable C\u00e1mara de Senadores d\u00e9 tratamiento al Expte. N\u00b0 73.764. ( BLOQUE RECONSTRUYENDO&nbsp; MALARG\u00dcE)&nbsp; Autora: Concejal Silvina Camiolo.\/ Solicita la palabra la Concejal CAMIOLO y expresa: Gracias, Se\u00f1or Presidente, este proyecto si bien es sencillo lleva mucho tiempo de espera y de trabajo desde la Naci\u00f3n, despu\u00e9s pas\u00f3 por la Provincia y es donde estamos pidiendo que se le pueda dar tratamiento. Tengo que hacer menci\u00f3n a la persona, hay dos personas que recordaron este proyecto, uno fue el Concejal Parada, el a\u00f1o pasado que me pregunt\u00f3 al respecto. Es un proyecto de Ley que present\u00e9 en el a\u00f1o 2019, que tiene despacho favorable de la Comisi\u00f3n de LAC, que es la Comisi\u00f3n m\u00e1s, m\u00e1s dif\u00edcil, el filtro m\u00e1s dif\u00edcil, pero luego en la Comisi\u00f3n de Educaci\u00f3n no, no ha tenido tratamiento. La idea es que se imparta la ense\u00f1anza del folklore en todos los niveles educativos, arrancando por nivel inicial y que adem\u00e1s haya una adaptaci\u00f3n curricular con respecto a las fiestas populares de los distintos, de las distintas regiones de la Provincia. Como digo paso todo el primer gran filtro con la Comisi\u00f3n de LAC, porque es donde se termina de dar el formato t\u00e9cnico a los proyectos de Ley, y en el giro a la Comisi\u00f3n de Educaci\u00f3n no ha tenido tratamiento. Llamativo es que esa Comisi\u00f3n justamente, no la dirige el oficialismo la del LAC, &nbsp;si pero la Educaci\u00f3n no, &nbsp;la de Educaci\u00f3n siempre la manejaba al menos en el Senado la oposici\u00f3n y no ha tenido tratamiento el a\u00f1o pasado me pregunto el Concejal Parada, y este a\u00f1o la esposa de un Concejal, Naty a quien tengo que agradecerle justamente es docente y estaba revisando proyectos y se interes\u00f3 porque este proyecto sea aprobado, Naty la esposa del Concejal Palma y ah\u00ed lo reflotamos, lo revisamos y lo que pido ahora es que los Concejales lo tratemos en Comisi\u00f3n, podamos verlo. Vuelvo a decir es sencillo, obviamente que los reglamentarios luego Direcci\u00f3n de Escuelas tiene que hacer adaptaciones, pero que sea obligatorio en las materias de m\u00fasica, hay muchos docentes que lo hacen de todos modos al existir la Ley Nacional, pero no est\u00e1 una adaptaci\u00f3n curricular desde la &nbsp;Direcci\u00f3n de Escuelas espec\u00edficamente con respecto a las fiestas populares, entonces me parece sumamente interesante que un proyecto de esta envergadura nazca del Departamento, que yo creo a mi entender m\u00e1s valorizaci\u00f3n le est\u00e1 dando a la construcci\u00f3n cultural popular, entonces pido que el proyecto no sea le\u00eddo porque lo vamos a poder trabajar en EHMAS y C, y bueno que podamos trabajarlo, no necesito que sea preferencial, ni que se de lectura.\/\/ Solicita la palabra el concejal PALMA y manifiesta: &nbsp;Muchas gracias, Se\u00f1or Presidente para acompa\u00f1ar con la firma este proyecto. Como lo menciono&nbsp; la Concejal estuvimos trabajando con mi Se\u00f1ora en una situaci\u00f3n, est\u00e1 haciendo un estudio de post\u00edtulo, investigando y mirando y buscando informaci\u00f3n y dem\u00e1s, este surgi\u00f3 de esta situaci\u00f3n, se lo coment\u00e9 a la Concejal. Nos dimos cuenta que ya estaba trabajado y aprobado en la Comisi\u00f3n LAC de la que creemos que es important\u00edsimo porque en esto se basaba lo del trabajo que estaba haciendo mi se\u00f1ora, no, en cuan importante es inculcar las ra\u00edces desde peque\u00f1o y en los distintos niveles. Entonces creo que es muy interesante poder trabajarlo, a muchos de nosotros nos ha pasado que actualmente y yo me incluyo, hay muchos bailes nacionales que no conozco. S\u00ed, entonces es muy bueno que se imparta el folklore desde &nbsp;peque\u00f1os en las Escuelas, y esto vaya tambi\u00e9n tomando un valor a nuestras ra\u00edces que&nbsp; tan buenas son No, as\u00ed que simplemente eso Se\u00f1or Presidente acompa\u00f1ar con la firma y bueno esperar que &nbsp;tenga el tratamiento que sea necesario en las C\u00e1maras en la Provincia. Gracias, Se\u00f1or Presidente.\/\/ Se omite la lectura y pasa a E.H.M.A.S y C.\/\/ g) Expedientes provenientes del Departamento Ejecutivo. 1. Expte N\u00b0 2.531\/2.024-0&nbsp; Departamento Ejecutivo. Proyecto de Ordenanza: Presupuesto General&nbsp; A\u00f1o 2.024. Solicita la palabra la Concejal ACOSTA y manifiesta: Quer\u00eda hacer una solicitud viendo que consta en una de las Sesiones Ordinarias y consta en el Acta 1.155 la preocupaci\u00f3n que demostr\u00f3 uno de los Ediles por la demora del ingreso del Presupuesto, que si bien en conferencia de Prensa por la parte de Contadur\u00eda General, se inform\u00f3 que ven\u00eda extempor\u00e1neo su ingreso, pero ac\u00e1 dentro de este recinto, se demostr\u00f3 la preocupaci\u00f3n sobre el ingreso un poco demorado, porque el traspaso de gesti\u00f3n a la nueva gesti\u00f3n no fue el m\u00e1s id\u00f3neo, s\u00ed, tampoco el m\u00e1s correcto entonces no se pudo elaborar en tiempo y en forma un presupuesto y tambi\u00e9n digamos la preocupaci\u00f3n principal&nbsp; de este Concejo Deliberante, fue que no ten\u00edan nada de como seria con los beneficios de las Becas para los chicos que normalmente da&nbsp; este recinto, entonces mi pedido era para no tener una demora s\u00ed, porque si bien s\u00e9 que hubo dificultades, con el Presupuesto anterior para su tratamiento, pero tuvo una demora de ocho meses para su aprobaci\u00f3n, entonces me gustar\u00eda solicitar el Tratamiento Preferencial en base a este proyecto.\/ Se pone a consideraci\u00f3n la moci\u00f3n y es aprobada.\/ Pasa a HPLAC&nbsp; con Tratamiento Preferencial.\/\/ Solicita la palabra la Concejal CAMIOLO manifestando: En virtud que se aprob\u00f3 el tratamiento preferencial&nbsp; y que de esta manera como se va a tener que trabajar bastante, porque tenemos 10 d\u00edas para despachar solicito, que entonces se habiliten los d\u00edas en la tarde para que el Concejo pueda trabajar y que por Presidencia se convoque a todos los Ediles a asistir y a dar quorum porque sin quorum no se va a trabajar el Presupuesto y obviamente en 10 d\u00edas tendremos que informar entonces, quienes no han asistido a trabajarlo, quisiera un poco hacer referencia a eso porque el a\u00f1o pasado costaba mucho, Se\u00f1or Presidente, tener qu\u00f3rum. No vale la pena ni nombrar, quienes asist\u00edan y quienes no, a las Comisiones, pero s\u00ed decir, que no se puede trabajar de esa manera, entonces primer punto solicito que se habilite el horario de tarde, entonces ac\u00e1 en el Concejo, si tenemos 10 d\u00edas para despachar y por otro lado, que&nbsp; por Presidencia se convoque, se cite y no se pueda trabajar si no se est\u00e1 dado el quorum.\/ Solicita la palabra el Concejal&nbsp; CABRERA y expresa: Voy a emitir una moci\u00f3n para la comisi\u00f3n sea ampliada a la totalidad de los Concejales, as\u00ed podemos trabajarlo con m\u00e1s celeridad y tambi\u00e9n por ah\u00ed tener otras visiones de lo que es el Presupuesto.\/ PRESIDENCIA pone a consideraci\u00f3n la moci\u00f3n de la Concejal CAMIOLO en primer instancia y es aprobada (8votos afirmativo 1 negativo) seguidamente se pone a consideraci\u00f3n la moci\u00f3n del Concejal CABRERA y es aprobada:\/\/ h) Despachos de las Comisiones de Trabajo. Expte N\u00b0 5.339 HC 059 \u2013 2023 Proyecto de Resoluci\u00f3n: Declarar de Inter\u00e9s Departamental el Canal de You Tube de \u201cAC Records TV\u201d. (E.H.M.A.S.y C) Por Secretaria se da lectura al despacho emitido con la modificaci\u00f3n sugerida y puesto a consideraci\u00f3n es APROBADO.\/\/ i) Asuntos Varios. Solicita la palabra el Concejal PALMA para que el Cuerpo se constituya en Comisi\u00f3n cuando es la hora 09:33 del cual se sale a las 09:36. Se realiza la moci\u00f3n a viva voz para que la Nota HC 252\/2024 tenga pase a la Comisi\u00f3n de Pasos Internacionales y Asuntos Regionales. PRESIDENCIA pone a consideraci\u00f3n la moci\u00f3n y es APROBADA.\/\/ j) Acto de arriar el Pabell\u00f3n Nacional a cargo del &nbsp;Concejal que lo iz\u00f3. \/\/ No habiendo m\u00e1s temas por tratar&nbsp; cuando es la hora 9:50, se da por finalizada la Sesi\u00f3n, previa lectura de lo que antecede firman para constancia&nbsp; las presentes actuaciones el Sr. Presidente y la Sra. Secretaria del Honorable Concejo Deliberante.<\/p>\n\n\n\n\n","protected":false},"excerpt":{"rendered":"<p>En Malarg\u00fce Mendoza a nueve d\u00edas de mayo&nbsp; de 2.024, cuando es la hora 09:10,&nbsp; se re\u00fane el Honorable Concejo Deliberante de la Municipalidad de Malarg\u00fce para celebrar la Sesi\u00f3n Ordinaria del dia de la fecha.\/ Bajo la&nbsp;&nbsp; Presidencia de su titular Sr. Rodrigo HIDALGO y la presencia de los Se\u00f1ores&nbsp; Concejales Viviana Mosca, Pablo [&hellip;]<\/p>\n","protected":false},"author":5,"featured_media":33337,"comment_status":"closed","ping_status":"closed","sticky":false,"template":"","format":"standard","meta":{"footnotes":""},"categories":[60,52,58,33,36],"tags":[],"class_list":["post-36826","post","type-post","status-publish","format-standard","has-post-thumbnail","hentry","category-acta-de-sesiones","category-gacetillas","category-ordinarias","category-prensa","category-sesiones"],"yoast_head":"<!-- This site is optimized with the Yoast SEO plugin v19.10 - https:\/\/yoast.com\/wordpress\/plugins\/seo\/ -->\n<title>ACTA 9\u00b0 SESION ORDINARIA N\u00b0 1.157 \u2013 O \u2013 9\/05\/2.024 - Malarg\u00fce HCD<\/title>\n<meta name=\"robots\" content=\"index, follow, max-snippet:-1, max-image-preview:large, max-video-preview:-1\" \/>\n<link rel=\"canonical\" href=\"https:\/\/hcd.malargue.gov.ar\/?p=36826\" \/>\n<meta property=\"og:locale\" content=\"es_ES\" \/>\n<meta property=\"og:type\" content=\"article\" \/>\n<meta property=\"og:title\" content=\"ACTA 9\u00b0 SESION ORDINARIA N\u00b0 1.157 \u2013 O \u2013 9\/05\/2.024 - Malarg\u00fce HCD\" \/>\n<meta property=\"og:description\" content=\"En Malarg\u00fce Mendoza a nueve d\u00edas de mayo&nbsp; de 2.024, cuando es la hora 09:10,&nbsp; se re\u00fane el Honorable Concejo Deliberante de la Municipalidad de Malarg\u00fce para celebrar la Sesi\u00f3n Ordinaria del dia de la fecha.\/ Bajo la&nbsp;&nbsp; Presidencia de su titular Sr. Rodrigo HIDALGO y la presencia de los Se\u00f1ores&nbsp; Concejales Viviana Mosca, Pablo [&hellip;]\" \/>\n<meta property=\"og:url\" content=\"https:\/\/hcd.malargue.gov.ar\/?p=36826\" \/>\n<meta property=\"og:site_name\" content=\"Malarg\u00fce HCD\" \/>\n<meta property=\"article:published_time\" content=\"2024-05-15T14:14:34+00:00\" \/>\n<meta property=\"article:modified_time\" content=\"2024-05-15T14:17:59+00:00\" \/>\n<meta property=\"og:image\" content=\"https:\/\/hcd.malargue.gov.ar\/wp-content\/uploads\/2023\/03\/actas-sesiones.jpg\" \/>\n\t<meta property=\"og:image:width\" content=\"1640\" \/>\n\t<meta property=\"og:image:height\" content=\"924\" \/>\n\t<meta property=\"og:image:type\" content=\"image\/jpeg\" \/>\n<meta name=\"author\" content=\"Belen Pedernera Ferragut\" \/>\n<meta name=\"twitter:card\" content=\"summary_large_image\" \/>\n<meta name=\"twitter:label1\" content=\"Escrito por\" \/>\n\t<meta name=\"twitter:data1\" content=\"Belen Pedernera Ferragut\" \/>\n\t<meta name=\"twitter:label2\" content=\"Tiempo de lectura\" \/>\n\t<meta name=\"twitter:data2\" content=\"13 minutos\" \/>\n<script type=\"application\/ld+json\" class=\"yoast-schema-graph\">{\"@context\":\"https:\/\/schema.org\",\"@graph\":[{\"@type\":\"WebPage\",\"@id\":\"https:\/\/hcd.malargue.gov.ar\/?p=36826\",\"url\":\"https:\/\/hcd.malargue.gov.ar\/?p=36826\",\"name\":\"ACTA 9\u00b0 SESION ORDINARIA N\u00b0 1.157 \u2013 O \u2013 9\/05\/2.024 - Malarg\u00fce HCD\",\"isPartOf\":{\"@id\":\"https:\/\/hcd.malargue.gov.ar\/#website\"},\"datePublished\":\"2024-05-15T14:14:34+00:00\",\"dateModified\":\"2024-05-15T14:17:59+00:00\",\"author\":{\"@id\":\"https:\/\/hcd.malargue.gov.ar\/#\/schema\/person\/3fd6bbab64edd703961b795156c955d0\"},\"breadcrumb\":{\"@id\":\"https:\/\/hcd.malargue.gov.ar\/?p=36826#breadcrumb\"},\"inLanguage\":\"es-AR\",\"potentialAction\":[{\"@type\":\"ReadAction\",\"target\":[\"https:\/\/hcd.malargue.gov.ar\/?p=36826\"]}]},{\"@type\":\"BreadcrumbList\",\"@id\":\"https:\/\/hcd.malargue.gov.ar\/?p=36826#breadcrumb\",\"itemListElement\":[{\"@type\":\"ListItem\",\"position\":1,\"name\":\"Inicio\",\"item\":\"https:\/\/hcd.malargue.gov.ar\/\"},{\"@type\":\"ListItem\",\"position\":2,\"name\":\"ACTA 9\u00b0 SESION ORDINARIA N\u00b0 1.157 \u2013 O \u2013 9\/05\/2.024\"}]},{\"@type\":\"WebSite\",\"@id\":\"https:\/\/hcd.malargue.gov.ar\/#website\",\"url\":\"https:\/\/hcd.malargue.gov.ar\/\",\"name\":\"Malarg\u00fce HCD\",\"description\":\"Malarg\u00fce Mendoza Argentina\",\"potentialAction\":[{\"@type\":\"SearchAction\",\"target\":{\"@type\":\"EntryPoint\",\"urlTemplate\":\"https:\/\/hcd.malargue.gov.ar\/?s={search_term_string}\"},\"query-input\":\"required name=search_term_string\"}],\"inLanguage\":\"es-AR\"},{\"@type\":\"Person\",\"@id\":\"https:\/\/hcd.malargue.gov.ar\/#\/schema\/person\/3fd6bbab64edd703961b795156c955d0\",\"name\":\"Belen Pedernera Ferragut\",\"image\":{\"@type\":\"ImageObject\",\"inLanguage\":\"es-AR\",\"@id\":\"https:\/\/hcd.malargue.gov.ar\/#\/schema\/person\/image\/\",\"url\":\"https:\/\/secure.gravatar.com\/avatar\/1054ffab3893de4bb3eb29bdd22f7e34b8537bf5d34d9dab311818154ad5b71f?s=96&d=mm&r=g\",\"contentUrl\":\"https:\/\/secure.gravatar.com\/avatar\/1054ffab3893de4bb3eb29bdd22f7e34b8537bf5d34d9dab311818154ad5b71f?s=96&d=mm&r=g\",\"caption\":\"Belen Pedernera Ferragut\"},\"url\":\"https:\/\/hcd.malargue.gov.ar\/?author=5\"}]}<\/script>\n<!-- \/ Yoast SEO plugin. -->","yoast_head_json":{"title":"ACTA 9\u00b0 SESION ORDINARIA N\u00b0 1.157 \u2013 O \u2013 9\/05\/2.024 - Malarg\u00fce HCD","robots":{"index":"index","follow":"follow","max-snippet":"max-snippet:-1","max-image-preview":"max-image-preview:large","max-video-preview":"max-video-preview:-1"},"canonical":"https:\/\/hcd.malargue.gov.ar\/?p=36826","og_locale":"es_ES","og_type":"article","og_title":"ACTA 9\u00b0 SESION ORDINARIA N\u00b0 1.157 \u2013 O \u2013 9\/05\/2.024 - Malarg\u00fce HCD","og_description":"En Malarg\u00fce Mendoza a nueve d\u00edas de mayo&nbsp; de 2.024, cuando es la hora 09:10,&nbsp; se re\u00fane el Honorable Concejo Deliberante de la Municipalidad de Malarg\u00fce para celebrar la Sesi\u00f3n Ordinaria del dia de la fecha.\/ Bajo la&nbsp;&nbsp; Presidencia de su titular Sr. Rodrigo HIDALGO y la presencia de los Se\u00f1ores&nbsp; Concejales Viviana Mosca, Pablo [&hellip;]","og_url":"https:\/\/hcd.malargue.gov.ar\/?p=36826","og_site_name":"Malarg\u00fce HCD","article_published_time":"2024-05-15T14:14:34+00:00","article_modified_time":"2024-05-15T14:17:59+00:00","og_image":[{"width":1640,"height":924,"url":"https:\/\/hcd.malargue.gov.ar\/wp-content\/uploads\/2023\/03\/actas-sesiones.jpg","type":"image\/jpeg"}],"author":"Belen Pedernera Ferragut","twitter_card":"summary_large_image","twitter_misc":{"Escrito por":"Belen Pedernera Ferragut","Tiempo de lectura":"13 minutos"},"schema":{"@context":"https:\/\/schema.org","@graph":[{"@type":"WebPage","@id":"https:\/\/hcd.malargue.gov.ar\/?p=36826","url":"https:\/\/hcd.malargue.gov.ar\/?p=36826","name":"ACTA 9\u00b0 SESION ORDINARIA N\u00b0 1.157 \u2013 O \u2013 9\/05\/2.024 - Malarg\u00fce HCD","isPartOf":{"@id":"https:\/\/hcd.malargue.gov.ar\/#website"},"datePublished":"2024-05-15T14:14:34+00:00","dateModified":"2024-05-15T14:17:59+00:00","author":{"@id":"https:\/\/hcd.malargue.gov.ar\/#\/schema\/person\/3fd6bbab64edd703961b795156c955d0"},"breadcrumb":{"@id":"https:\/\/hcd.malargue.gov.ar\/?p=36826#breadcrumb"},"inLanguage":"es-AR","potentialAction":[{"@type":"ReadAction","target":["https:\/\/hcd.malargue.gov.ar\/?p=36826"]}]},{"@type":"BreadcrumbList","@id":"https:\/\/hcd.malargue.gov.ar\/?p=36826#breadcrumb","itemListElement":[{"@type":"ListItem","position":1,"name":"Inicio","item":"https:\/\/hcd.malargue.gov.ar\/"},{"@type":"ListItem","position":2,"name":"ACTA 9\u00b0 SESION ORDINARIA N\u00b0 1.157 \u2013 O \u2013 9\/05\/2.024"}]},{"@type":"WebSite","@id":"https:\/\/hcd.malargue.gov.ar\/#website","url":"https:\/\/hcd.malargue.gov.ar\/","name":"Malarg\u00fce HCD","description":"Malarg\u00fce Mendoza Argentina","potentialAction":[{"@type":"SearchAction","target":{"@type":"EntryPoint","urlTemplate":"https:\/\/hcd.malargue.gov.ar\/?s={search_term_string}"},"query-input":"required name=search_term_string"}],"inLanguage":"es-AR"},{"@type":"Person","@id":"https:\/\/hcd.malargue.gov.ar\/#\/schema\/person\/3fd6bbab64edd703961b795156c955d0","name":"Belen Pedernera Ferragut","image":{"@type":"ImageObject","inLanguage":"es-AR","@id":"https:\/\/hcd.malargue.gov.ar\/#\/schema\/person\/image\/","url":"https:\/\/secure.gravatar.com\/avatar\/1054ffab3893de4bb3eb29bdd22f7e34b8537bf5d34d9dab311818154ad5b71f?s=96&d=mm&r=g","contentUrl":"https:\/\/secure.gravatar.com\/avatar\/1054ffab3893de4bb3eb29bdd22f7e34b8537bf5d34d9dab311818154ad5b71f?s=96&d=mm&r=g","caption":"Belen Pedernera Ferragut"},"url":"https:\/\/hcd.malargue.gov.ar\/?author=5"}]}},"_links":{"self":[{"href":"https:\/\/hcd.malargue.gov.ar\/index.php?rest_route=\/wp\/v2\/posts\/36826","targetHints":{"allow":["GET"]}}],"collection":[{"href":"https:\/\/hcd.malargue.gov.ar\/index.php?rest_route=\/wp\/v2\/posts"}],"about":[{"href":"https:\/\/hcd.malargue.gov.ar\/index.php?rest_route=\/wp\/v2\/types\/post"}],"author":[{"embeddable":true,"href":"https:\/\/hcd.malargue.gov.ar\/index.php?rest_route=\/wp\/v2\/users\/5"}],"replies":[{"embeddable":true,"href":"https:\/\/hcd.malargue.gov.ar\/index.php?rest_route=%2Fwp%2Fv2%2Fcomments&post=36826"}],"version-history":[{"count":3,"href":"https:\/\/hcd.malargue.gov.ar\/index.php?rest_route=\/wp\/v2\/posts\/36826\/revisions"}],"predecessor-version":[{"id":36830,"href":"https:\/\/hcd.malargue.gov.ar\/index.php?rest_route=\/wp\/v2\/posts\/36826\/revisions\/36830"}],"wp:featuredmedia":[{"embeddable":true,"href":"https:\/\/hcd.malargue.gov.ar\/index.php?rest_route=\/wp\/v2\/media\/33337"}],"wp:attachment":[{"href":"https:\/\/hcd.malargue.gov.ar\/index.php?rest_route=%2Fwp%2Fv2%2Fmedia&parent=36826"}],"wp:term":[{"taxonomy":"category","embeddable":true,"href":"https:\/\/hcd.malargue.gov.ar\/index.php?rest_route=%2Fwp%2Fv2%2Fcategories&post=36826"},{"taxonomy":"post_tag","embeddable":true,"href":"https:\/\/hcd.malargue.gov.ar\/index.php?rest_route=%2Fwp%2Fv2%2Ftags&post=36826"}],"curies":[{"name":"wp","href":"https:\/\/api.w.org\/{rel}","templated":true}]}}