{"id":36831,"date":"2024-05-15T11:36:33","date_gmt":"2024-05-15T14:36:33","guid":{"rendered":"https:\/\/hcd.malargue.gov.ar\/?p=36831"},"modified":"2024-05-15T12:08:27","modified_gmt":"2024-05-15T15:08:27","slug":"orden-del-dia-10-sesion-ordinaria-2","status":"publish","type":"post","link":"https:\/\/hcd.malargue.gov.ar\/?p=36831","title":{"rendered":"ORDEN DEL DIA 10\u00b0 SESION ORDINARIA"},"content":{"rendered":"<div class=\"wp-block-image\">\n<figure class=\"alignright size-full is-resized\"><a href=\"http:\/\/hcd.malargue.gov.ar\/2024\/10%20SO%20ORDEN%20DEL%20D%C3%8DA%2016-05-24.pdf\"><img loading=\"lazy\" decoding=\"async\" width=\"512\" height=\"512\" src=\"https:\/\/hcd.malargue.gov.ar\/wp-content\/uploads\/2018\/06\/PDF-JPG.jpg\" alt=\"\" class=\"wp-image-7950\" style=\"width:141px;height:auto\" srcset=\"https:\/\/hcd.malargue.gov.ar\/wp-content\/uploads\/2018\/06\/PDF-JPG.jpg 512w, https:\/\/hcd.malargue.gov.ar\/wp-content\/uploads\/2018\/06\/PDF-JPG-150x150.jpg 150w, https:\/\/hcd.malargue.gov.ar\/wp-content\/uploads\/2018\/06\/PDF-JPG-300x300.jpg 300w\" sizes=\"auto, (max-width: 512px) 100vw, 512px\" \/><\/a><\/figure>\n<\/div>\n\n\n<h5 class=\"wp-block-heading\">D\u00eda\u00a0Jueves 16 de mayo \u00a0de 2.024<\/h5>\n\n\n\n<h5 class=\"wp-block-heading\">Hora: 09:00 <\/h5>\n\n\n\n<p><strong><em>a) <\/em><\/strong><em style=\"font-weight: bold;\">Acto de Izar la Ense\u00f1a Patria\u00a0\u00a0 a cargo \u00a0de la Sra. Concejal Silvina\u00a0 CAMIOLO.<\/em><\/p>\n\n\n\n<p><strong><em>b) Homenaje de los Se\u00f1ores Concejales.<\/em><\/strong><\/p>\n\n\n\n<p><strong><em>c) Consideraci\u00f3n Acta Sesi\u00f3n Ordinaria N\u00b0 1.157 \u201cO\u201d 2.024.<\/em><\/strong><\/p>\n\n\n\n<p><strong><em>d) Lectura del detalle de la correspondencia recibida y emitida.<\/em><\/strong><\/p>\n\n\n\n<p><strong>e) <em>Determinaci\u00f3n de los temas que ser\u00e1n incluidos en el punto Asuntos Varios y puesta a consideraci\u00f3n de mociones de tratamientos sobre tablas de diversos expedientes.<\/em><\/strong><\/p>\n\n\n\n<p><strong><em>f) Proyectos de los Se\u00f1ores Concejales: \u00a0<\/em><\/strong><em>\u00a0\u00a0<\/em><\/p>\n\n\n\n<ol class=\"wp-block-list\" style=\"list-style-type:lower-alpha\">\n<li>Expte N\u00b0 5.426 HC 065 -2.024 Proyecto de Ordenanza: Derogar el Art\u00edculo 12\u00b0 de la Ordenanza N\u00b0 2.264\/2.024. (BLOQUE UCR Independiente) Autor: Concejal \u00a0Mart\u00edn\u00a0 Palma. \u00a0<\/li>\n\n\n\n<li>Expte N\u00b0 5.427 HC 065 &#8211; \u00a02.024 Proyecto de Ordenanza: Demarcar nuevas sendas peatonales y l\u00edneas de frenado en puntos estrat\u00e9gicos de la Ciudad. ( BLOQUE UNI\u00d3N MENDOCINA) . Autora: Concejal Elizabeth\u00a0 Gonz\u00e1lez.<\/li>\n\n\n\n<li>Expte N\u00b0 5.428 HC 065 \u2013 2.024 Proyecto de Ordenanza:\u00a0 Modificaci\u00f3n de la Ordenanza N\u00b0 2.264\/2.024 (BLOQUE \u00a0PARTIDO JUSTICIALISTA)\u00a0 Autores: Concejales Pablo Cabrera, Magali Acosta y Emilse Mancilla.<\/li>\n\n\n\n<li>Expte N\u00b0 5.429 HC 065 \u2013 2.024\u00a0 Proyecto de Resoluci\u00f3n:\u00a0 Dar cumplimiento a la Ordenanza N\u00b0 2.255\/2.023. (BLOQUE\u00a0 ENCUENTRO)\u00a0 Autor: Concejal \u00a0Francisco Parada.<\/li>\n\n\n\n<li>Expte N\u00b0 5.430 HC 065 \u2013 2.024 Proyecto de Resoluci\u00f3n:\u00a0 Adherir y acompa\u00f1ar al Proyecto de Ley presentado por la Senadora Provincial Alejandra Barro. (BLOQUE PARTIDO JUSTICIALISTA) Autores: Concejales Rodrigo Hidalgo, Magali Acosta, Emilce Mansilla y Pablo Cabrera.<\/li>\n\n\n\n<li>Expte N\u00b0 5.431 HC 065 \u2013 2.024 Proyecto de Resoluci\u00f3n: Acompa\u00f1ar la propuesta de la Senadora Provincial Alejandra Barro, donaci\u00f3n con cargo inmueble en Bardas Blancas Distrito Rio Grande. (BLOQUE PARTIDO JUSTICIALISTA) Autores: Concejales Rodrigo Hidalgo, Magali Acosta, Pablo Cabrera y Emilce Mansilla.<\/li>\n\n\n\n<li>Expte N\u00b0 5.432 HC 065 \u2013 2.024 Proyecto de Ordenanza:\u00a0 Ampliar el \u00e1rea de estacionamiento para transporte escolar de la Escuela N\u00b0 2-030 Dr. Juan Maurin Navarro. (BLOQUE FRENTE CAMBIA MENDOZA)\u00a0 Autora: Concejal\u00a0 Viviana Mosca.<\/li>\n<\/ol>\n\n\n\n<p><strong><em>g) Expedientes provenientes del Departamento Ejecutivo<\/em><\/strong><\/p>\n\n\n\n<ol class=\"wp-block-list\">\n<li>Expte N\u00b0 2.658\/2.024-0\u00a0 Departamento Ejecutivo. Acta Fundacional 2024. Declaraci\u00f3n de Principios y Constituci\u00f3n de la Agencia de Desarrollo Regional del Sur Mendocino.<\/li>\n<\/ol>\n\n\n\n<p><strong><em>h) Despachos de las Comisiones de Trabajo<\/em><\/strong><\/p>\n\n\n\n<ol class=\"wp-block-list\">\n<li>Expte N\u00b0 5.424 HC 064 \u2013 2.024 Proyecto de Declaraci\u00f3n: Declarar de Inter\u00e9s Educativo, Social, Cultural e Hist\u00f3rico\u00a0 al 1\u00b0 Proyecto Museo en tu Escuela. (E.H.M.A.S.y C) \u00a0<\/li>\n\n\n\n<li>Expte N\u00b0 2.506 \u2013 2.024 \u2013 0 Departamento Ejecutivo. Eleva copia Decreto Municipal N\u00b0 459\/2.024 Donaci\u00f3n de\u00a0 10 Notebook y 10 PC de la Empresa YPF S.A. (H.P.L.A.C.)<\/li>\n\n\n\n<li>Nota HC 239\/2.024 Departamento Ejecutivo eleva respuesta de Asesor\u00eda Letrada del Municipio respecto a requerimiento sobre Decreto N\u00b0 332\/2.024.\u00a0 (H.P.L.A.C.)<\/li>\n\n\n\n<li>Expte N\u00b0 5.232 HC 051 \u2013 2.023 \u00a0Proyecto de Ordenanza: Creaci\u00f3n del Consorcio de la Regi\u00f3n Integrada del Sur Mendocino conformada por los Departamentos de San Rafael, General Alvear y Malarg\u00fce. (H.P.L.A.C.)<\/li>\n\n\n\n<li>Expte N\u00b0 5.415 HC 064 \u2013 2.024 Proyecto de Ordenanza: Campa\u00f1a de Concientizaci\u00f3n y prevenci\u00f3n de accidentes por animales sueltos. (H.P.L.A.C.)<\/li>\n\n\n\n<li>Expte N\u00b0 5.416 HC 064 \u2013 2.024 Proyecto de Resoluci\u00f3n: Pedido de Informe al Departamento Ejecutivo Municipal respecto a aspectos financieros del a\u00f1o 2.023 y actuales. ( H.P.L.A.C.)<\/li>\n\n\n\n<li>Expte N\u00b0 5.202 HC 049 \u2013 2.022 Proyecto de Ordenanza:\u00a0 Adhesi\u00f3n a la Ley Nacional N\u00b0 27.072 Marco General para el ejercicio profesional de Trabajo Social en todo el territorio nacional. (E.H.M.A.SyC \u2013 H.P.L.A.C.)<\/li>\n\n\n\n<li>Expte N\u00b0 5.419 HC 064 \u2013 2.024 Proyecto de Ordenanza: Imponer el nombre \u201cJuana Maria Moyano\u201d al Sal\u00f3n de Usos M\u00faltiples del Paraje de Bardas Blancas. (H.P.L.A.C.) \u00a0<\/li>\n<\/ol>\n\n\n\n<p><strong>i<em>) Asuntos Varios. &nbsp;&nbsp;&nbsp;&nbsp;<\/em><\/strong><\/p>\n\n\n\n<p><strong><em>j) Acto de arriar el Pabell\u00f3n Nacional a cargo de la &nbsp;concejal que lo <\/em><\/strong><strong>iz\u00f3.<\/strong><\/p>\n\n\n\n<p><strong>&nbsp;&nbsp;&nbsp;&nbsp;&nbsp;&nbsp;&nbsp;&nbsp;&nbsp;&nbsp;&nbsp;&nbsp;&nbsp;&nbsp;&nbsp;&nbsp;&nbsp;&nbsp;&nbsp;&nbsp;&nbsp;&nbsp;&nbsp;&nbsp;&nbsp;&nbsp;&nbsp;&nbsp;&nbsp;&nbsp;&nbsp;&nbsp;&nbsp;&nbsp;&nbsp;&nbsp;&nbsp;&nbsp;&nbsp;&nbsp;&nbsp;&nbsp;&nbsp;&nbsp;&nbsp;&nbsp;&nbsp;&nbsp;&nbsp;&nbsp;&nbsp;&nbsp;&nbsp;&nbsp;&nbsp;&nbsp;&nbsp;&nbsp;&nbsp;&nbsp;&nbsp;&nbsp;&nbsp;&nbsp;&nbsp;&nbsp;&nbsp;&nbsp;&nbsp;&nbsp; &nbsp;&nbsp;&nbsp;&nbsp; &nbsp;&nbsp;&nbsp;&nbsp;&nbsp;&nbsp; <\/strong>Presidencia, H.C.D., &nbsp;14 de mayo de 2.024<\/p>\n\n\n\n<p>CORRESPONDENCIA&nbsp; RECIBIDA<\/p>\n\n\n\n<p>Del d\u00eda jueves&nbsp; 16 de mayo&nbsp; de 2.024.<\/p>\n\n\n\n<p>NOTAS INGRESADAS<\/p>\n\n\n\n<ol class=\"wp-block-list\">\n<li>Vecinos del Barrio Grassi, exponen problem\u00e1tica con el agua que se suministra al barrio que no resulta apta para consumo.<\/li>\n\n\n\n<li>Dr. Roberto Salinas Gerente de Incubadora de Empresas, eleva consideraciones respecto a Proyecto de Ordenanza: Programa de \u00a0asistencia y asesoramiento para la mujer rural.<\/li>\n\n\n\n<li>Bloque Reconstruyendo Malarg\u00fce, eleva apreciaciones del Dr. Enzo Orosito Abogado Constitucionalista respecto a los fondos de Portezuelo del Viento.<\/li>\n\n\n\n<li>Sr. Marcelo Adri\u00e1n Puscama, expone situaci\u00f3n laboral y descuentos que ha sufrido en su bono de sueldo.<\/li>\n\n\n\n<li>Dr. Gabriel Balsells Mir\u00f3 Auditor General de Oficina de Etica P\u00fablica, solicita informaci\u00f3n respecto a Resoluci\u00f3n N\u00b0 001\/2.024 de este Honorable Cuerpo.<\/li>\n\n\n\n<li>Concejal Silvina Camiolo, solicita se coordine reuni\u00f3n de la Comisi\u00f3n de HPLAC en la Localidad Las Loicas, a fin de analizar el Expte. 2.357\/2.024 \u2013 0, respecto a provisi\u00f3n de Servicio El\u00e9ctrico.<\/li>\n\n\n\n<li>Sr. Maximiliano Salvadores, solicita que funcionarios y empleados municipales eviten incurrir en delito de encubrimiento (Expte Penal 49878\/23)<\/li>\n<\/ol>\n\n\n\n<p>NOTAS&nbsp; EMITIDAS<\/p>\n\n\n\n<ol class=\"wp-block-list\">\n<li>A la Direcci\u00f3n Nacional de Vialidad, remitiendo copia de Resoluci\u00f3n N\u00b0 092\/2.024, reparaci\u00f3n del Chivoducto Ruta 145 Paso Pehuenche. <\/li>\n\n\n\n<li>A las Secretarias de Infraestructura y Servicios P\u00fablicos, Desarrollo Humano y Desarrollo Econ\u00f3mico remitiendo copia de Resoluci\u00f3n N\u00b0 102\/2.024 declarando de Inter\u00e9s Departamental el Canal de You Tube AC Records TV.<\/li>\n\n\n\n<li>A Autoridades de AFIP, EPRE, EPAS, ENARGAS, Direcci\u00f3n General de Aduanas y Legisladores Provinciales por el 4\u00b0 Distrito Electoral remitiendo copia de Resoluci\u00f3n N\u00b0 080\/2.024, solicitando oficinas y designaci\u00f3n de personal en el Departamento. <\/li>\n<\/ol>\n","protected":false},"excerpt":{"rendered":"<p>D\u00eda\u00a0Jueves 16 de mayo \u00a0de 2.024 Hora: 09:00 a) Acto de Izar la Ense\u00f1a Patria\u00a0\u00a0 a cargo \u00a0de la Sra. Concejal Silvina\u00a0 CAMIOLO. b) Homenaje de los Se\u00f1ores Concejales. c) Consideraci\u00f3n Acta Sesi\u00f3n Ordinaria N\u00b0 1.157 \u201cO\u201d 2.024. d) Lectura del detalle de la correspondencia recibida y emitida. e) Determinaci\u00f3n de los temas que ser\u00e1n [&hellip;]<\/p>\n","protected":false},"author":5,"featured_media":36836,"comment_status":"closed","ping_status":"closed","sticky":false,"template":"","format":"standard","meta":{"footnotes":""},"categories":[52,84,58,33,36],"tags":[],"class_list":["post-36831","post","type-post","status-publish","format-standard","has-post-thumbnail","hentry","category-gacetillas","category-orden-del-dia","category-ordinarias","category-prensa","category-sesiones"],"yoast_head":"<!-- This site is optimized with the Yoast SEO plugin v19.10 - https:\/\/yoast.com\/wordpress\/plugins\/seo\/ -->\n<title>ORDEN DEL DIA 10\u00b0 SESION ORDINARIA - Malarg\u00fce HCD<\/title>\n<meta name=\"robots\" content=\"index, follow, max-snippet:-1, max-image-preview:large, max-video-preview:-1\" \/>\n<link rel=\"canonical\" href=\"https:\/\/hcd.malargue.gov.ar\/?p=36831\" \/>\n<meta property=\"og:locale\" content=\"es_ES\" \/>\n<meta property=\"og:type\" content=\"article\" \/>\n<meta property=\"og:title\" content=\"ORDEN DEL DIA 10\u00b0 SESION ORDINARIA - Malarg\u00fce HCD\" \/>\n<meta property=\"og:description\" content=\"D\u00eda\u00a0Jueves 16 de mayo \u00a0de 2.024 Hora: 09:00 a) Acto de Izar la Ense\u00f1a Patria\u00a0\u00a0 a cargo \u00a0de la Sra. Concejal Silvina\u00a0 CAMIOLO. b) Homenaje de los Se\u00f1ores Concejales. c) Consideraci\u00f3n Acta Sesi\u00f3n Ordinaria N\u00b0 1.157 \u201cO\u201d 2.024. d) Lectura del detalle de la correspondencia recibida y emitida. e) Determinaci\u00f3n de los temas que ser\u00e1n [&hellip;]\" \/>\n<meta property=\"og:url\" content=\"https:\/\/hcd.malargue.gov.ar\/?p=36831\" \/>\n<meta property=\"og:site_name\" content=\"Malarg\u00fce HCD\" \/>\n<meta property=\"article:published_time\" content=\"2024-05-15T14:36:33+00:00\" \/>\n<meta property=\"article:modified_time\" content=\"2024-05-15T15:08:27+00:00\" \/>\n<meta property=\"og:image\" content=\"https:\/\/hcd.malargue.gov.ar\/wp-content\/uploads\/2024\/03\/SESIONES-ORDINARIAS.png\" \/>\n\t<meta property=\"og:image:width\" content=\"1640\" \/>\n\t<meta property=\"og:image:height\" content=\"924\" \/>\n\t<meta property=\"og:image:type\" content=\"image\/png\" \/>\n<meta name=\"author\" content=\"Belen Pedernera Ferragut\" \/>\n<meta name=\"twitter:card\" content=\"summary_large_image\" \/>\n<meta name=\"twitter:label1\" content=\"Escrito por\" \/>\n\t<meta name=\"twitter:data1\" content=\"Belen Pedernera Ferragut\" \/>\n\t<meta name=\"twitter:label2\" content=\"Tiempo de lectura\" \/>\n\t<meta name=\"twitter:data2\" content=\"5 minutos\" \/>\n<script type=\"application\/ld+json\" class=\"yoast-schema-graph\">{\"@context\":\"https:\/\/schema.org\",\"@graph\":[{\"@type\":\"WebPage\",\"@id\":\"https:\/\/hcd.malargue.gov.ar\/?p=36831\",\"url\":\"https:\/\/hcd.malargue.gov.ar\/?p=36831\",\"name\":\"ORDEN DEL DIA 10\u00b0 SESION ORDINARIA - Malarg\u00fce HCD\",\"isPartOf\":{\"@id\":\"https:\/\/hcd.malargue.gov.ar\/#website\"},\"datePublished\":\"2024-05-15T14:36:33+00:00\",\"dateModified\":\"2024-05-15T15:08:27+00:00\",\"author\":{\"@id\":\"https:\/\/hcd.malargue.gov.ar\/#\/schema\/person\/3fd6bbab64edd703961b795156c955d0\"},\"breadcrumb\":{\"@id\":\"https:\/\/hcd.malargue.gov.ar\/?p=36831#breadcrumb\"},\"inLanguage\":\"es-AR\",\"potentialAction\":[{\"@type\":\"ReadAction\",\"target\":[\"https:\/\/hcd.malargue.gov.ar\/?p=36831\"]}]},{\"@type\":\"BreadcrumbList\",\"@id\":\"https:\/\/hcd.malargue.gov.ar\/?p=36831#breadcrumb\",\"itemListElement\":[{\"@type\":\"ListItem\",\"position\":1,\"name\":\"Inicio\",\"item\":\"https:\/\/hcd.malargue.gov.ar\/\"},{\"@type\":\"ListItem\",\"position\":2,\"name\":\"ORDEN DEL DIA 10\u00b0 SESION ORDINARIA\"}]},{\"@type\":\"WebSite\",\"@id\":\"https:\/\/hcd.malargue.gov.ar\/#website\",\"url\":\"https:\/\/hcd.malargue.gov.ar\/\",\"name\":\"Malarg\u00fce HCD\",\"description\":\"Malarg\u00fce Mendoza Argentina\",\"potentialAction\":[{\"@type\":\"SearchAction\",\"target\":{\"@type\":\"EntryPoint\",\"urlTemplate\":\"https:\/\/hcd.malargue.gov.ar\/?s={search_term_string}\"},\"query-input\":\"required name=search_term_string\"}],\"inLanguage\":\"es-AR\"},{\"@type\":\"Person\",\"@id\":\"https:\/\/hcd.malargue.gov.ar\/#\/schema\/person\/3fd6bbab64edd703961b795156c955d0\",\"name\":\"Belen Pedernera Ferragut\",\"image\":{\"@type\":\"ImageObject\",\"inLanguage\":\"es-AR\",\"@id\":\"https:\/\/hcd.malargue.gov.ar\/#\/schema\/person\/image\/\",\"url\":\"https:\/\/secure.gravatar.com\/avatar\/1054ffab3893de4bb3eb29bdd22f7e34b8537bf5d34d9dab311818154ad5b71f?s=96&d=mm&r=g\",\"contentUrl\":\"https:\/\/secure.gravatar.com\/avatar\/1054ffab3893de4bb3eb29bdd22f7e34b8537bf5d34d9dab311818154ad5b71f?s=96&d=mm&r=g\",\"caption\":\"Belen Pedernera Ferragut\"},\"url\":\"https:\/\/hcd.malargue.gov.ar\/?author=5\"}]}<\/script>\n<!-- \/ Yoast SEO plugin. -->","yoast_head_json":{"title":"ORDEN DEL DIA 10\u00b0 SESION ORDINARIA - Malarg\u00fce HCD","robots":{"index":"index","follow":"follow","max-snippet":"max-snippet:-1","max-image-preview":"max-image-preview:large","max-video-preview":"max-video-preview:-1"},"canonical":"https:\/\/hcd.malargue.gov.ar\/?p=36831","og_locale":"es_ES","og_type":"article","og_title":"ORDEN DEL DIA 10\u00b0 SESION ORDINARIA - Malarg\u00fce HCD","og_description":"D\u00eda\u00a0Jueves 16 de mayo \u00a0de 2.024 Hora: 09:00 a) Acto de Izar la Ense\u00f1a Patria\u00a0\u00a0 a cargo \u00a0de la Sra. Concejal Silvina\u00a0 CAMIOLO. b) Homenaje de los Se\u00f1ores Concejales. c) Consideraci\u00f3n Acta Sesi\u00f3n Ordinaria N\u00b0 1.157 \u201cO\u201d 2.024. d) Lectura del detalle de la correspondencia recibida y emitida. e) Determinaci\u00f3n de los temas que ser\u00e1n [&hellip;]","og_url":"https:\/\/hcd.malargue.gov.ar\/?p=36831","og_site_name":"Malarg\u00fce HCD","article_published_time":"2024-05-15T14:36:33+00:00","article_modified_time":"2024-05-15T15:08:27+00:00","og_image":[{"width":1640,"height":924,"url":"https:\/\/hcd.malargue.gov.ar\/wp-content\/uploads\/2024\/03\/SESIONES-ORDINARIAS.png","type":"image\/png"}],"author":"Belen Pedernera Ferragut","twitter_card":"summary_large_image","twitter_misc":{"Escrito por":"Belen Pedernera Ferragut","Tiempo de lectura":"5 minutos"},"schema":{"@context":"https:\/\/schema.org","@graph":[{"@type":"WebPage","@id":"https:\/\/hcd.malargue.gov.ar\/?p=36831","url":"https:\/\/hcd.malargue.gov.ar\/?p=36831","name":"ORDEN DEL DIA 10\u00b0 SESION ORDINARIA - Malarg\u00fce HCD","isPartOf":{"@id":"https:\/\/hcd.malargue.gov.ar\/#website"},"datePublished":"2024-05-15T14:36:33+00:00","dateModified":"2024-05-15T15:08:27+00:00","author":{"@id":"https:\/\/hcd.malargue.gov.ar\/#\/schema\/person\/3fd6bbab64edd703961b795156c955d0"},"breadcrumb":{"@id":"https:\/\/hcd.malargue.gov.ar\/?p=36831#breadcrumb"},"inLanguage":"es-AR","potentialAction":[{"@type":"ReadAction","target":["https:\/\/hcd.malargue.gov.ar\/?p=36831"]}]},{"@type":"BreadcrumbList","@id":"https:\/\/hcd.malargue.gov.ar\/?p=36831#breadcrumb","itemListElement":[{"@type":"ListItem","position":1,"name":"Inicio","item":"https:\/\/hcd.malargue.gov.ar\/"},{"@type":"ListItem","position":2,"name":"ORDEN DEL DIA 10\u00b0 SESION ORDINARIA"}]},{"@type":"WebSite","@id":"https:\/\/hcd.malargue.gov.ar\/#website","url":"https:\/\/hcd.malargue.gov.ar\/","name":"Malarg\u00fce HCD","description":"Malarg\u00fce Mendoza Argentina","potentialAction":[{"@type":"SearchAction","target":{"@type":"EntryPoint","urlTemplate":"https:\/\/hcd.malargue.gov.ar\/?s={search_term_string}"},"query-input":"required name=search_term_string"}],"inLanguage":"es-AR"},{"@type":"Person","@id":"https:\/\/hcd.malargue.gov.ar\/#\/schema\/person\/3fd6bbab64edd703961b795156c955d0","name":"Belen Pedernera Ferragut","image":{"@type":"ImageObject","inLanguage":"es-AR","@id":"https:\/\/hcd.malargue.gov.ar\/#\/schema\/person\/image\/","url":"https:\/\/secure.gravatar.com\/avatar\/1054ffab3893de4bb3eb29bdd22f7e34b8537bf5d34d9dab311818154ad5b71f?s=96&d=mm&r=g","contentUrl":"https:\/\/secure.gravatar.com\/avatar\/1054ffab3893de4bb3eb29bdd22f7e34b8537bf5d34d9dab311818154ad5b71f?s=96&d=mm&r=g","caption":"Belen Pedernera Ferragut"},"url":"https:\/\/hcd.malargue.gov.ar\/?author=5"}]}},"_links":{"self":[{"href":"https:\/\/hcd.malargue.gov.ar\/index.php?rest_route=\/wp\/v2\/posts\/36831","targetHints":{"allow":["GET"]}}],"collection":[{"href":"https:\/\/hcd.malargue.gov.ar\/index.php?rest_route=\/wp\/v2\/posts"}],"about":[{"href":"https:\/\/hcd.malargue.gov.ar\/index.php?rest_route=\/wp\/v2\/types\/post"}],"author":[{"embeddable":true,"href":"https:\/\/hcd.malargue.gov.ar\/index.php?rest_route=\/wp\/v2\/users\/5"}],"replies":[{"embeddable":true,"href":"https:\/\/hcd.malargue.gov.ar\/index.php?rest_route=%2Fwp%2Fv2%2Fcomments&post=36831"}],"version-history":[{"count":2,"href":"https:\/\/hcd.malargue.gov.ar\/index.php?rest_route=\/wp\/v2\/posts\/36831\/revisions"}],"predecessor-version":[{"id":36833,"href":"https:\/\/hcd.malargue.gov.ar\/index.php?rest_route=\/wp\/v2\/posts\/36831\/revisions\/36833"}],"wp:featuredmedia":[{"embeddable":true,"href":"https:\/\/hcd.malargue.gov.ar\/index.php?rest_route=\/wp\/v2\/media\/36836"}],"wp:attachment":[{"href":"https:\/\/hcd.malargue.gov.ar\/index.php?rest_route=%2Fwp%2Fv2%2Fmedia&parent=36831"}],"wp:term":[{"taxonomy":"category","embeddable":true,"href":"https:\/\/hcd.malargue.gov.ar\/index.php?rest_route=%2Fwp%2Fv2%2Fcategories&post=36831"},{"taxonomy":"post_tag","embeddable":true,"href":"https:\/\/hcd.malargue.gov.ar\/index.php?rest_route=%2Fwp%2Fv2%2Ftags&post=36831"}],"curies":[{"name":"wp","href":"https:\/\/api.w.org\/{rel}","templated":true}]}}