{"id":36882,"date":"2024-05-22T11:31:31","date_gmt":"2024-05-22T14:31:31","guid":{"rendered":"https:\/\/hcd.malargue.gov.ar\/?p=36882"},"modified":"2025-04-29T11:24:25","modified_gmt":"2025-04-29T14:24:25","slug":"ordenanza-n-2-274-2-024","status":"publish","type":"post","link":"https:\/\/hcd.malargue.gov.ar\/?p=36882","title":{"rendered":"VETADA- ORDENANZA N\u00b0 2.274\/2.024"},"content":{"rendered":"\n<p class=\"has-text-align-center\"><strong>MIRA LA PIEZA LEGAL COMPLETA<\/strong><\/p>\n\n\n<div class=\"wp-block-image\">\n<figure class=\"alignright is-resized\"><a href=\"http:\/\/hcd.malargue.gov.ar\/2024\/DECRETO%20597%20-%202024%20ON%202274.pdf\"><img loading=\"lazy\" decoding=\"async\" width=\"512\" height=\"512\" src=\"https:\/\/hcd.malargue.gov.ar\/wp-content\/uploads\/2018\/06\/PDF-JPG.jpg\" alt=\"\" class=\"wp-image-7950\" style=\"width:122px;height:auto\" srcset=\"https:\/\/hcd.malargue.gov.ar\/wp-content\/uploads\/2018\/06\/PDF-JPG.jpg 512w, https:\/\/hcd.malargue.gov.ar\/wp-content\/uploads\/2018\/06\/PDF-JPG-150x150.jpg 150w, https:\/\/hcd.malargue.gov.ar\/wp-content\/uploads\/2018\/06\/PDF-JPG-300x300.jpg 300w\" sizes=\"auto, (max-width: 512px) 100vw, 512px\" \/><\/a><figcaption class=\"wp-element-caption\">VETO: DECRETO 597\/2024<\/figcaption><\/figure>\n<\/div>\n\n<div class=\"wp-block-image\">\n<figure class=\"alignright is-resized\"><a href=\"http:\/\/hcd.malargue.gov.ar\/2024\/on%202274%202024%20Adhesion%20%20Ley%20Nacional%20Trabajo%20Social.pdf\"><img loading=\"lazy\" decoding=\"async\" width=\"512\" height=\"512\" src=\"https:\/\/hcd.malargue.gov.ar\/wp-content\/uploads\/2018\/06\/PDF-JPG.jpg\" alt=\"\" class=\"wp-image-7950\" style=\"width:122px;height:auto\" srcset=\"https:\/\/hcd.malargue.gov.ar\/wp-content\/uploads\/2018\/06\/PDF-JPG.jpg 512w, https:\/\/hcd.malargue.gov.ar\/wp-content\/uploads\/2018\/06\/PDF-JPG-150x150.jpg 150w, https:\/\/hcd.malargue.gov.ar\/wp-content\/uploads\/2018\/06\/PDF-JPG-300x300.jpg 300w\" sizes=\"auto, (max-width: 512px) 100vw, 512px\" \/><\/a><figcaption class=\"wp-element-caption\">ORDENANZA 2274<\/figcaption><\/figure>\n<\/div>\n\n\n<p><strong>AUTORES: CONCEJALES RODRIGO HIDALGO Y CONCEJALES MANDATO CUMPLIDO SILVIA CORREA Y ANDRES RISI<\/strong><\/p>\n\n\n\n<p><strong>BLOQUE FRENTE DE TODOS<\/strong><\/p>\n\n\n\n<p>VISTO: El contenido del Expte. N\u00ba 5.202-HC-049-2.022. Bloque Frente de Todos. Proyecto de Ordenanza: Adhesi\u00f3n a la Ley Nacional N\u00ba 27.072 Marco General para el Ejercicio Profesional de Trabajo Social en todo el Territorio Nacional.<\/p>\n\n\n\n<p>&nbsp;&nbsp;&nbsp;&nbsp;&nbsp;&nbsp;&nbsp;&nbsp;&nbsp;&nbsp;&nbsp; La necesidad de poner en valor y cumplir con lo que establece la Ley Nacional sobre Derechos y Obligaciones para&nbsp; los\/as Trabajadores\/as Sociales.<\/p>\n\n\n\n<p>&nbsp;&nbsp;&nbsp;&nbsp;&nbsp;&nbsp;&nbsp;&nbsp;&nbsp;&nbsp;&nbsp; y;<\/p>\n\n\n\n<p>CONSIDERANDO: Que dicha Ley pretende establecer el Marco General para el ejercicio &nbsp;Profesional del Trabajo Social en todo el Territorio Nacional.<\/p>\n\n\n\n<p>&nbsp;&nbsp;&nbsp;&nbsp;&nbsp;&nbsp;&nbsp;&nbsp;&nbsp;&nbsp;&nbsp; Que&nbsp; la&nbsp; Ley N\u00b0&nbsp; 27.072&nbsp;&nbsp; sancionada&nbsp; el d\u00eda 10 de&nbsp; diciembre&nbsp; de&nbsp; 2.014 y promulgada&nbsp; el&nbsp; 16&nbsp; de diciembre&nbsp; del&nbsp; 2.014 entiende al Trabajo Social como&nbsp; una&nbsp; profesi\u00f3n&nbsp; basada en la pr\u00e1ctica y una disciplina acad\u00e9mica&nbsp; que&nbsp;&nbsp; promueve&nbsp; el cambio&nbsp; y&nbsp; el desarrollo &nbsp;social, la cohesi\u00f3n social y el fortalecimiento y la liberaci\u00f3n de las personas, respaldada&nbsp; por las teor\u00edas propias&nbsp; del Trabajo Social,&nbsp; las Ciencias Sociales,&nbsp; las&nbsp; Humanidades&nbsp;&nbsp; y&nbsp; los&nbsp; conocimientos&nbsp;&nbsp;&nbsp; ind\u00edgenas&nbsp; y&nbsp;&nbsp; cuyas &nbsp;intervenciones&nbsp; involucra a las personas y estructuras para hacer frente a los desaf\u00edos de la vida y aumentar el &nbsp;&nbsp;&nbsp;&nbsp; bienestar.<\/p>\n\n\n\n<p>&nbsp;&nbsp;&nbsp;&nbsp;&nbsp;&nbsp;&nbsp;&nbsp;&nbsp;&nbsp;&nbsp; Que el trabajo social establece dentro de sus objetivos:<\/p>\n\n\n\n<ol style=\"list-style-type:lower-alpha\" class=\"wp-block-list\">\n<li>Promover la jerarquizaci\u00f3n de la Profesi\u00f3n de Trabajo Social por su relevancia social y&nbsp; su contribuci\u00f3n a la vigencia, defensa y reivindicaci\u00f3n de los derechos humanos, la construcci\u00f3n de&nbsp; ciudadan\u00eda&nbsp; y la democratizaci\u00f3n de las relaciones sociales.<\/li>\n<\/ol>\n\n\n\n<p>&nbsp;&nbsp;&nbsp;&nbsp;&nbsp; &nbsp;&nbsp;&nbsp;&nbsp;&nbsp; &nbsp;b)&nbsp; Establecer un marco normativo &nbsp;&nbsp;de car\u00e1cter general para la Profesi\u00f3n de Trabajo Social en Argentina, sin perjuicio de la aplicaci\u00f3n de las normas locales que regulan la matriculaci\u00f3n, fiscalizaci\u00f3n y control del ejercicio profesional.<\/p>\n\n\n\n<p>&nbsp;&nbsp;&nbsp;&nbsp;&nbsp; &nbsp;&nbsp;&nbsp;&nbsp;&nbsp; &nbsp;c) &nbsp;Establecer&nbsp;&nbsp; las incumbencias profesionales de los\/as trabajadores\/as sociales en todo el territorio nacional.<\/p>\n\n\n\n<p>&nbsp;&nbsp;&nbsp;&nbsp;&nbsp; &nbsp;&nbsp;&nbsp;&nbsp;&nbsp; &nbsp;d) Proteger el inter\u00e9s de los ciudadanos, generando las condiciones m\u00ednimas necesaria para la prestaci\u00f3n&nbsp; de servicios profesionales con competencia, calidad e idoneidad. &nbsp;&nbsp;&nbsp;&nbsp;&nbsp;<\/p>\n\n\n\n<p>&nbsp;&nbsp;&nbsp;&nbsp;&nbsp;&nbsp;&nbsp;&nbsp;&nbsp;&nbsp;&nbsp; e) Ampliar la obligatoriedad de la matriculaci\u00f3n para el ejercicio profesional en Instituciones Nacionales,&nbsp; Binacionales e Internacionales con representaci\u00f3n en&nbsp; el Pa\u00eds.<\/p>\n\n\n\n<p>&nbsp;&nbsp;&nbsp;&nbsp;&nbsp;&nbsp;&nbsp;&nbsp;&nbsp;&nbsp;&nbsp; f)Regular los derechos,&nbsp; obligaciones y prohibiciones en relaci\u00f3n&nbsp; al ejercicio Profesional de Trabajo Social en todo el Territorio Nacional.<\/p>\n\n\n\n<p>&nbsp;&nbsp;&nbsp;&nbsp;&nbsp;&nbsp; &nbsp;&nbsp;&nbsp;&nbsp; Que&nbsp; el&nbsp; Trabajo&nbsp; Social&nbsp; aporta&nbsp;&nbsp;conocimiento de&nbsp; calidad y&nbsp; de&nbsp; relevancia&nbsp; para la&nbsp; sociedad, generando&nbsp;&nbsp;&nbsp; mejoras&nbsp; en&nbsp; la&nbsp; calidad&nbsp;&nbsp;&nbsp;de vida&nbsp;&nbsp; de&nbsp; los&nbsp; sujetos &nbsp;de derecho, desde una&nbsp; perspectiva de&nbsp; promoci\u00f3n,&nbsp; ampliaci\u00f3n y apropiaci\u00f3n&nbsp; de  derechos.<\/p>\n\n\n\n<p>&nbsp;&nbsp;&nbsp;&nbsp;&nbsp; &nbsp;&nbsp;&nbsp;&nbsp;&nbsp; &nbsp;Que&nbsp; se especifican las&nbsp; incumbencias laborales, siempre &nbsp;en defensa , reivindicaci\u00f3n y promoci\u00f3n del ejercicio efectivo de los derechos&nbsp;&nbsp; humanos y&nbsp;&nbsp; sociales .Los\/as Licenciados\/as en Trabajo Social&nbsp;&nbsp; est\u00e1n&nbsp;&nbsp; habilitados&nbsp; para&nbsp;&nbsp; las siguientes&nbsp; actividades &nbsp;profesionales&nbsp;&nbsp;dentro&nbsp;&nbsp;de la especificidad&nbsp; profesional que les aporta el T\u00edtulo habilitantes, a saber<\/p>\n\n\n\n<p>&nbsp;&nbsp;&nbsp;&nbsp;&nbsp;&nbsp;&nbsp;&nbsp;&nbsp;&nbsp;&nbsp; 1. Asesoramiento, dise\u00f1o, ejecuci\u00f3n, auditor\u00eda y evaluaci\u00f3n de:<\/p>\n\n\n\n<p>&nbsp;&nbsp;&nbsp;&nbsp;&nbsp;&nbsp;&nbsp;&nbsp;&nbsp;&nbsp;&nbsp; a) &nbsp;Pol\u00edticas p\u00fablicas vinculadas con los distintos&nbsp; \u00e1mbitos de ejercicio&nbsp; profesional,&nbsp; tales como&nbsp;&nbsp; h\u00e1bitat, salud, desarrollo&nbsp; social,&nbsp; discapacidad, educaci\u00f3n,&nbsp;trabajo, medioambiente, justicia, ni\u00f1ez&nbsp;&nbsp;&nbsp; y&nbsp;&nbsp; adolescencia,&nbsp; econom\u00eda&nbsp;&nbsp;&nbsp; social, violencias sociales, g\u00e9nero,&nbsp; minor\u00edas \u00e9tnicas, ancianidad y adicciones, entre otros.<\/p>\n\n\n\n<p>&nbsp;&nbsp;&nbsp;&nbsp;&nbsp;&nbsp;&nbsp;&nbsp;&nbsp;&nbsp;&nbsp; b) Planes, Programas y Proyectos Sociales.<\/p>\n\n\n\n<p>&nbsp;&nbsp;&nbsp;&nbsp;&nbsp;&nbsp;&nbsp;&nbsp;&nbsp;&nbsp;&nbsp; c) Diagn\u00f3sticos familiares, institucionales, comunitarios, estudios de impacto social y ambiental.<\/p>\n\n\n\n<p>&nbsp;&nbsp;&nbsp;&nbsp;&nbsp;&nbsp;&nbsp;&nbsp;&nbsp;&nbsp;&nbsp; d) Proyectos institucionales y de organizaciones sociales, sean \u00e9stas gubernamentales o no gubernamentales.<\/p>\n\n\n\n<p>&nbsp;&nbsp;&nbsp;&nbsp;&nbsp;&nbsp;&nbsp;&nbsp;&nbsp;&nbsp;&nbsp; 2. Integraci\u00f3n, coordinaci\u00f3n, orientaci\u00f3n, capacitaci\u00f3n y\/o supervisi\u00f3n de equipos de trabajo disciplinario, multidisciplinario e interdisciplinario, aportando elemento para la lectura&nbsp; e identificaci\u00f3n&nbsp; de&nbsp; la&nbsp; situaci\u00f3n&nbsp; abordada,&nbsp; &nbsp;incorporando&nbsp; los&nbsp; aspectos&nbsp; socioecon\u00f3micos, pol\u00edticos, ambientales &nbsp;&nbsp;&nbsp;y&nbsp; culturales&nbsp;&nbsp; que influyen en ella,&nbsp; y proponiendo&nbsp;&nbsp;&nbsp; estrategias&nbsp; de Intervenci\u00f3n.<\/p>\n\n\n\n<p>&nbsp;&nbsp;&nbsp;&nbsp;&nbsp;&nbsp;&nbsp;&nbsp;&nbsp;&nbsp;&nbsp; 3.Elaboraci\u00f3n&nbsp; de&nbsp;&nbsp; informes&nbsp;&nbsp;sociales, informes socioecon\u00f3micos, sociosanitarios&nbsp;&nbsp;y socioambientales,&nbsp; informes situacionales y\/o periciales.<\/p>\n\n\n\n<p>&nbsp;&nbsp;&nbsp;&nbsp;&nbsp;&nbsp;&nbsp;&nbsp;&nbsp;&nbsp;&nbsp; 4. Intervenci\u00f3n en contextos domiciliarios, institucionales y\/o comunitarios.<\/p>\n\n\n\n<p>&nbsp;&nbsp;&nbsp;&nbsp;&nbsp;&nbsp;&nbsp;&nbsp;&nbsp;&nbsp;&nbsp; 5. Elaboraci\u00f3n de pericias sociales en el \u00e1mbito de la Justicia, ya sea como Peritos Oficiales, de parte, mandatario y\/o consultor t\u00e9cnico.<\/p>\n\n\n\n<p>&nbsp;&nbsp;&nbsp;&nbsp;&nbsp;&nbsp;&nbsp;&nbsp;&nbsp;&nbsp;&nbsp; 6. Intervenci\u00f3n profesional en instancias o programas de mediaci\u00f3n.<\/p>\n\n\n\n<p>&nbsp;&nbsp;&nbsp;&nbsp;&nbsp;&nbsp;&nbsp;&nbsp;&nbsp;&nbsp;&nbsp; 7. Intervenci\u00f3n profesional como agentes de salud.<\/p>\n\n\n\n<p>&nbsp;&nbsp;&nbsp;&nbsp;&nbsp;&nbsp;&nbsp;&nbsp;&nbsp;&nbsp;&nbsp; 8. Direcci\u00f3n y desempe\u00f1o de funciones de docencia de grado y posgrado, extensi\u00f3n e investigaci\u00f3n&nbsp;&nbsp;en el \u00e1mbito&nbsp;&nbsp; de &nbsp;&nbsp;las unidades acad\u00e9micas&nbsp; de formaci\u00f3n&nbsp;&nbsp;Profesional&nbsp; en Trabajo Social y en Ciencias Sociales.<\/p>\n\n\n\n<p>&nbsp;&nbsp;&nbsp;&nbsp;&nbsp;&nbsp;&nbsp;&nbsp;&nbsp;&nbsp;&nbsp; 9. Desempe\u00f1o&nbsp;&nbsp;de tareas de docencia, capacitaci\u00f3n, investigaci\u00f3n, supervisi\u00f3n e integraci\u00f3n de equipos&nbsp;&nbsp; t\u00e9cnicos en diferentes niveles&nbsp;&nbsp;del sistema educativo formal&nbsp;&nbsp; y&nbsp; del&nbsp;&nbsp;&nbsp; campo educativo&nbsp; no&nbsp; &nbsp;formal, en \u00e1reas afines a las Ciencias Sociales.<\/p>\n\n\n\n<p>&nbsp;&nbsp;&nbsp;&nbsp;&nbsp;&nbsp;&nbsp;&nbsp;&nbsp;&nbsp;&nbsp; 10. Direcci\u00f3n, integraci\u00f3n de equipos y desarrollo de l\u00edneas y proyectos de &nbsp;&nbsp;&nbsp;&nbsp;&nbsp;&nbsp;&nbsp;&nbsp;&nbsp;&nbsp;&nbsp;&nbsp;&nbsp;&nbsp;&nbsp;&nbsp;&nbsp;&nbsp;&nbsp;&nbsp; &nbsp;&nbsp;&nbsp;&nbsp;&nbsp;investigaci\u00f3n en el campo social, que contribuyan a:<\/p>\n\n\n\n<p>&nbsp;&nbsp;&nbsp;&nbsp;&nbsp;&nbsp;&nbsp;&nbsp;&nbsp;&nbsp;&nbsp; a) La producci\u00f3n de conocimientos en Trabajo Social y la profundizaci\u00f3n sobre&nbsp; la especificidad profesional y la teor\u00eda social.<\/p>\n\n\n\n<p>&nbsp;&nbsp;&nbsp;&nbsp;&nbsp;&nbsp;&nbsp;&nbsp;&nbsp;&nbsp;&nbsp; b) La&nbsp;&nbsp; producci\u00f3n de conocimientos te\u00f3rico-metodol\u00f3gicos para aportar&nbsp; a&nbsp; la intervenci\u00f3n profesional en los diferentes campos&nbsp; de&nbsp; acci\u00f3n.<\/p>\n\n\n\n<p>&nbsp;&nbsp;&nbsp;&nbsp;&nbsp;&nbsp;&nbsp;&nbsp;&nbsp;&nbsp;&nbsp; c) La&nbsp;&nbsp; producci\u00f3n de conocimiento que posibilite la identificaci\u00f3n de factores que inciden en la &nbsp;generaci\u00f3n&nbsp;&nbsp;&nbsp; y reproducci\u00f3n&nbsp; &nbsp;de&nbsp; las&nbsp; problem\u00e1ticas sociales y &nbsp;&nbsp;posibles&nbsp; estrategias de &nbsp;modificaci\u00f3n&nbsp; o superaci\u00f3n.<\/p>\n\n\n\n<p>&nbsp;&nbsp;&nbsp;&nbsp;&nbsp;&nbsp;&nbsp;&nbsp;&nbsp;&nbsp;&nbsp; 11. Participaci\u00f3n en asesoramiento, dise\u00f1o e implementaci\u00f3n de nuevas legislaciones de car\u00e1cter social,&nbsp; integrando foros y&nbsp; consejos&nbsp;&nbsp; de &nbsp;promoci\u00f3n&nbsp; y protecci\u00f3n de derechos.<\/p>\n\n\n\n<p>&nbsp;&nbsp;&nbsp;&nbsp;&nbsp;&nbsp;&nbsp;&nbsp;&nbsp;&nbsp;&nbsp; 12.&nbsp; Direcci\u00f3n y administraci\u00f3n de instituciones p\u00fablicas y\/o privadas en diferentes &nbsp;&nbsp;&nbsp;&nbsp;&nbsp;&nbsp;&nbsp; &nbsp;&nbsp;&nbsp;&nbsp;&nbsp;&nbsp;niveles &nbsp;de funcionamiento&nbsp; y decisi\u00f3n de las pol\u00edticas p\u00fablicas.<\/p>\n\n\n\n<p>&nbsp;&nbsp;&nbsp;&nbsp;&nbsp;&nbsp;&nbsp;&nbsp;&nbsp;&nbsp;&nbsp; Que&nbsp; la&nbsp; Ley establece&nbsp;&nbsp; Derechos y Obligaciones&nbsp;&nbsp; para los\/as Trabajadores\/as &nbsp; Sociales,&nbsp; como tambi\u00e9n&nbsp; sanciona&nbsp; las&nbsp;&nbsp; formas de contrataci\u00f3n&nbsp; de&nbsp; profesionales,&nbsp;&nbsp; atendiendo a lo establecido &nbsp;en la&nbsp; mencionada&nbsp; norma.<\/p>\n\n\n\n<p>EL HONORABLE CONCEJO DELIBERANTE DE LA MUNICIPALIDAD DE MALARG\u00dcE EN USO DE LAS FACULTADES QUE LE SON PROPIAS<\/p>\n\n\n\n<p>&nbsp;&nbsp;&nbsp;&nbsp;&nbsp;&nbsp;&nbsp;&nbsp;&nbsp;&nbsp;&nbsp;&nbsp;&nbsp;&nbsp;&nbsp;&nbsp;&nbsp;&nbsp;&nbsp;&nbsp;&nbsp;&nbsp;&nbsp;&nbsp;&nbsp;&nbsp;&nbsp;&nbsp;&nbsp;&nbsp;&nbsp;&nbsp;&nbsp;&nbsp;&nbsp;&nbsp;&nbsp;&nbsp;&nbsp;&nbsp;&nbsp;&nbsp;&nbsp;&nbsp;&nbsp;&nbsp;&nbsp;&nbsp;&nbsp;&nbsp;&nbsp;&nbsp;&nbsp;&nbsp;&nbsp;&nbsp;&nbsp;&nbsp; ORDENA<\/p>\n\n\n\n<p>ARTICULO 1\u00ba: Adhi\u00e9rase el Departamento de Malarg\u00fce, en todos sus t\u00e9rminos a la Ley N\u00ba 27.072de Trabajo Social que establece&nbsp; el marco&nbsp; general para el ejercicio Profesional de Trabajo&nbsp; Social en todo el Territorio Nacional.<\/p>\n\n\n\n<p>ARTICULO&nbsp; 2\u00ba: &nbsp;Solic\u00edtese al&nbsp;&nbsp;Departamento&nbsp; Ejecutivo&nbsp; Municipal&nbsp; la incorporaci\u00f3n&nbsp; en&nbsp; sus &nbsp;protocolos&nbsp; dispuesto en la Ley N\u00ba&nbsp; 27.072&nbsp; para la correcta labor de los\/as Licenciados\/as&nbsp; en&nbsp; Trabajo Social dentro de la \u00f3rbita del Municipio.<\/p>\n\n\n\n<p>ARTICULO 3\u00ba: Comun\u00edquese, reg\u00edstrese, c\u00famplase, publ\u00edquese, agr\u00e9guese copia de la &nbsp; presente en las actuaciones correspondientes y arch\u00edvese.<\/p>\n\n\n\n<p>DADA EN LA SALA DE SESIONES DR. RICARDO BALBIN DEL HONORABLE CONCEJO DELIBERANTE DE LA MUNICIPALIDAD DE MALARG\u00dcE A DIECISEIS D\u00cdAS DE MAYO DE DOS MIL VEINTICUATRO<\/p>\n\n\n\n<p><\/p>\n","protected":false},"excerpt":{"rendered":"<p>MIRA LA PIEZA LEGAL COMPLETA AUTORES: CONCEJALES RODRIGO HIDALGO Y CONCEJALES MANDATO CUMPLIDO SILVIA CORREA Y ANDRES RISI BLOQUE FRENTE DE TODOS VISTO: El contenido del Expte. N\u00ba 5.202-HC-049-2.022. Bloque Frente de Todos. Proyecto de Ordenanza: Adhesi\u00f3n a la Ley Nacional N\u00ba 27.072 Marco General para el Ejercicio Profesional de Trabajo Social en todo el [&hellip;]<\/p>\n","protected":false},"author":5,"featured_media":38008,"comment_status":"closed","ping_status":"closed","sticky":false,"template":"","format":"standard","meta":{"footnotes":""},"categories":[52,29,48,33],"tags":[],"class_list":["post-36882","post","type-post","status-publish","format-standard","has-post-thumbnail","hentry","category-gacetillas","category-lesgilacion","category-ordenanzas-municipales","category-prensa"],"yoast_head":"<!-- This site is optimized with the Yoast SEO plugin v19.10 - https:\/\/yoast.com\/wordpress\/plugins\/seo\/ -->\n<title>VETADA- ORDENANZA N\u00b0 2.274\/2.024 - Malarg\u00fce HCD<\/title>\n<meta name=\"robots\" content=\"index, follow, max-snippet:-1, max-image-preview:large, max-video-preview:-1\" \/>\n<link rel=\"canonical\" href=\"https:\/\/hcd.malargue.gov.ar\/?p=36882\" \/>\n<meta property=\"og:locale\" content=\"es_ES\" \/>\n<meta property=\"og:type\" content=\"article\" \/>\n<meta property=\"og:title\" content=\"VETADA- ORDENANZA N\u00b0 2.274\/2.024 - Malarg\u00fce HCD\" \/>\n<meta property=\"og:description\" content=\"MIRA LA PIEZA LEGAL COMPLETA AUTORES: CONCEJALES RODRIGO HIDALGO Y CONCEJALES MANDATO CUMPLIDO SILVIA CORREA Y ANDRES RISI BLOQUE FRENTE DE TODOS VISTO: El contenido del Expte. N\u00ba 5.202-HC-049-2.022. Bloque Frente de Todos. Proyecto de Ordenanza: Adhesi\u00f3n a la Ley Nacional N\u00ba 27.072 Marco General para el Ejercicio Profesional de Trabajo Social en todo el [&hellip;]\" \/>\n<meta property=\"og:url\" content=\"https:\/\/hcd.malargue.gov.ar\/?p=36882\" \/>\n<meta property=\"og:site_name\" content=\"Malarg\u00fce HCD\" \/>\n<meta property=\"article:published_time\" content=\"2024-05-22T14:31:31+00:00\" \/>\n<meta property=\"article:modified_time\" content=\"2025-04-29T14:24:25+00:00\" \/>\n<meta property=\"og:image\" content=\"https:\/\/hcd.malargue.gov.ar\/wp-content\/uploads\/2024\/05\/VETADA.png\" \/>\n\t<meta property=\"og:image:width\" content=\"940\" \/>\n\t<meta property=\"og:image:height\" content=\"788\" \/>\n\t<meta property=\"og:image:type\" content=\"image\/png\" \/>\n<meta name=\"author\" content=\"Belen Pedernera Ferragut\" \/>\n<meta name=\"twitter:card\" content=\"summary_large_image\" \/>\n<meta name=\"twitter:label1\" content=\"Escrito por\" \/>\n\t<meta name=\"twitter:data1\" content=\"Belen Pedernera Ferragut\" \/>\n\t<meta name=\"twitter:label2\" content=\"Tiempo de lectura\" \/>\n\t<meta name=\"twitter:data2\" content=\"5 minutos\" \/>\n<script type=\"application\/ld+json\" class=\"yoast-schema-graph\">{\"@context\":\"https:\/\/schema.org\",\"@graph\":[{\"@type\":\"WebPage\",\"@id\":\"https:\/\/hcd.malargue.gov.ar\/?p=36882\",\"url\":\"https:\/\/hcd.malargue.gov.ar\/?p=36882\",\"name\":\"VETADA- ORDENANZA N\u00b0 2.274\/2.024 - Malarg\u00fce HCD\",\"isPartOf\":{\"@id\":\"https:\/\/hcd.malargue.gov.ar\/#website\"},\"datePublished\":\"2024-05-22T14:31:31+00:00\",\"dateModified\":\"2025-04-29T14:24:25+00:00\",\"author\":{\"@id\":\"https:\/\/hcd.malargue.gov.ar\/#\/schema\/person\/3fd6bbab64edd703961b795156c955d0\"},\"breadcrumb\":{\"@id\":\"https:\/\/hcd.malargue.gov.ar\/?p=36882#breadcrumb\"},\"inLanguage\":\"es-AR\",\"potentialAction\":[{\"@type\":\"ReadAction\",\"target\":[\"https:\/\/hcd.malargue.gov.ar\/?p=36882\"]}]},{\"@type\":\"BreadcrumbList\",\"@id\":\"https:\/\/hcd.malargue.gov.ar\/?p=36882#breadcrumb\",\"itemListElement\":[{\"@type\":\"ListItem\",\"position\":1,\"name\":\"Inicio\",\"item\":\"https:\/\/hcd.malargue.gov.ar\/\"},{\"@type\":\"ListItem\",\"position\":2,\"name\":\"VETADA- ORDENANZA N\u00b0 2.274\/2.024\"}]},{\"@type\":\"WebSite\",\"@id\":\"https:\/\/hcd.malargue.gov.ar\/#website\",\"url\":\"https:\/\/hcd.malargue.gov.ar\/\",\"name\":\"Malarg\u00fce HCD\",\"description\":\"Malarg\u00fce Mendoza Argentina\",\"potentialAction\":[{\"@type\":\"SearchAction\",\"target\":{\"@type\":\"EntryPoint\",\"urlTemplate\":\"https:\/\/hcd.malargue.gov.ar\/?s={search_term_string}\"},\"query-input\":\"required name=search_term_string\"}],\"inLanguage\":\"es-AR\"},{\"@type\":\"Person\",\"@id\":\"https:\/\/hcd.malargue.gov.ar\/#\/schema\/person\/3fd6bbab64edd703961b795156c955d0\",\"name\":\"Belen Pedernera Ferragut\",\"image\":{\"@type\":\"ImageObject\",\"inLanguage\":\"es-AR\",\"@id\":\"https:\/\/hcd.malargue.gov.ar\/#\/schema\/person\/image\/\",\"url\":\"https:\/\/secure.gravatar.com\/avatar\/1054ffab3893de4bb3eb29bdd22f7e34b8537bf5d34d9dab311818154ad5b71f?s=96&d=mm&r=g\",\"contentUrl\":\"https:\/\/secure.gravatar.com\/avatar\/1054ffab3893de4bb3eb29bdd22f7e34b8537bf5d34d9dab311818154ad5b71f?s=96&d=mm&r=g\",\"caption\":\"Belen Pedernera Ferragut\"},\"url\":\"https:\/\/hcd.malargue.gov.ar\/?author=5\"}]}<\/script>\n<!-- \/ Yoast SEO plugin. -->","yoast_head_json":{"title":"VETADA- ORDENANZA N\u00b0 2.274\/2.024 - Malarg\u00fce HCD","robots":{"index":"index","follow":"follow","max-snippet":"max-snippet:-1","max-image-preview":"max-image-preview:large","max-video-preview":"max-video-preview:-1"},"canonical":"https:\/\/hcd.malargue.gov.ar\/?p=36882","og_locale":"es_ES","og_type":"article","og_title":"VETADA- ORDENANZA N\u00b0 2.274\/2.024 - Malarg\u00fce HCD","og_description":"MIRA LA PIEZA LEGAL COMPLETA AUTORES: CONCEJALES RODRIGO HIDALGO Y CONCEJALES MANDATO CUMPLIDO SILVIA CORREA Y ANDRES RISI BLOQUE FRENTE DE TODOS VISTO: El contenido del Expte. N\u00ba 5.202-HC-049-2.022. Bloque Frente de Todos. Proyecto de Ordenanza: Adhesi\u00f3n a la Ley Nacional N\u00ba 27.072 Marco General para el Ejercicio Profesional de Trabajo Social en todo el [&hellip;]","og_url":"https:\/\/hcd.malargue.gov.ar\/?p=36882","og_site_name":"Malarg\u00fce HCD","article_published_time":"2024-05-22T14:31:31+00:00","article_modified_time":"2025-04-29T14:24:25+00:00","og_image":[{"width":940,"height":788,"url":"https:\/\/hcd.malargue.gov.ar\/wp-content\/uploads\/2024\/05\/VETADA.png","type":"image\/png"}],"author":"Belen Pedernera Ferragut","twitter_card":"summary_large_image","twitter_misc":{"Escrito por":"Belen Pedernera Ferragut","Tiempo de lectura":"5 minutos"},"schema":{"@context":"https:\/\/schema.org","@graph":[{"@type":"WebPage","@id":"https:\/\/hcd.malargue.gov.ar\/?p=36882","url":"https:\/\/hcd.malargue.gov.ar\/?p=36882","name":"VETADA- ORDENANZA N\u00b0 2.274\/2.024 - Malarg\u00fce HCD","isPartOf":{"@id":"https:\/\/hcd.malargue.gov.ar\/#website"},"datePublished":"2024-05-22T14:31:31+00:00","dateModified":"2025-04-29T14:24:25+00:00","author":{"@id":"https:\/\/hcd.malargue.gov.ar\/#\/schema\/person\/3fd6bbab64edd703961b795156c955d0"},"breadcrumb":{"@id":"https:\/\/hcd.malargue.gov.ar\/?p=36882#breadcrumb"},"inLanguage":"es-AR","potentialAction":[{"@type":"ReadAction","target":["https:\/\/hcd.malargue.gov.ar\/?p=36882"]}]},{"@type":"BreadcrumbList","@id":"https:\/\/hcd.malargue.gov.ar\/?p=36882#breadcrumb","itemListElement":[{"@type":"ListItem","position":1,"name":"Inicio","item":"https:\/\/hcd.malargue.gov.ar\/"},{"@type":"ListItem","position":2,"name":"VETADA- ORDENANZA N\u00b0 2.274\/2.024"}]},{"@type":"WebSite","@id":"https:\/\/hcd.malargue.gov.ar\/#website","url":"https:\/\/hcd.malargue.gov.ar\/","name":"Malarg\u00fce HCD","description":"Malarg\u00fce Mendoza Argentina","potentialAction":[{"@type":"SearchAction","target":{"@type":"EntryPoint","urlTemplate":"https:\/\/hcd.malargue.gov.ar\/?s={search_term_string}"},"query-input":"required name=search_term_string"}],"inLanguage":"es-AR"},{"@type":"Person","@id":"https:\/\/hcd.malargue.gov.ar\/#\/schema\/person\/3fd6bbab64edd703961b795156c955d0","name":"Belen Pedernera Ferragut","image":{"@type":"ImageObject","inLanguage":"es-AR","@id":"https:\/\/hcd.malargue.gov.ar\/#\/schema\/person\/image\/","url":"https:\/\/secure.gravatar.com\/avatar\/1054ffab3893de4bb3eb29bdd22f7e34b8537bf5d34d9dab311818154ad5b71f?s=96&d=mm&r=g","contentUrl":"https:\/\/secure.gravatar.com\/avatar\/1054ffab3893de4bb3eb29bdd22f7e34b8537bf5d34d9dab311818154ad5b71f?s=96&d=mm&r=g","caption":"Belen Pedernera Ferragut"},"url":"https:\/\/hcd.malargue.gov.ar\/?author=5"}]}},"_links":{"self":[{"href":"https:\/\/hcd.malargue.gov.ar\/index.php?rest_route=\/wp\/v2\/posts\/36882","targetHints":{"allow":["GET"]}}],"collection":[{"href":"https:\/\/hcd.malargue.gov.ar\/index.php?rest_route=\/wp\/v2\/posts"}],"about":[{"href":"https:\/\/hcd.malargue.gov.ar\/index.php?rest_route=\/wp\/v2\/types\/post"}],"author":[{"embeddable":true,"href":"https:\/\/hcd.malargue.gov.ar\/index.php?rest_route=\/wp\/v2\/users\/5"}],"replies":[{"embeddable":true,"href":"https:\/\/hcd.malargue.gov.ar\/index.php?rest_route=%2Fwp%2Fv2%2Fcomments&post=36882"}],"version-history":[{"count":3,"href":"https:\/\/hcd.malargue.gov.ar\/index.php?rest_route=\/wp\/v2\/posts\/36882\/revisions"}],"predecessor-version":[{"id":38711,"href":"https:\/\/hcd.malargue.gov.ar\/index.php?rest_route=\/wp\/v2\/posts\/36882\/revisions\/38711"}],"wp:featuredmedia":[{"embeddable":true,"href":"https:\/\/hcd.malargue.gov.ar\/index.php?rest_route=\/wp\/v2\/media\/38008"}],"wp:attachment":[{"href":"https:\/\/hcd.malargue.gov.ar\/index.php?rest_route=%2Fwp%2Fv2%2Fmedia&parent=36882"}],"wp:term":[{"taxonomy":"category","embeddable":true,"href":"https:\/\/hcd.malargue.gov.ar\/index.php?rest_route=%2Fwp%2Fv2%2Fcategories&post=36882"},{"taxonomy":"post_tag","embeddable":true,"href":"https:\/\/hcd.malargue.gov.ar\/index.php?rest_route=%2Fwp%2Fv2%2Ftags&post=36882"}],"curies":[{"name":"wp","href":"https:\/\/api.w.org\/{rel}","templated":true}]}}