{"id":36921,"date":"2024-05-29T10:35:10","date_gmt":"2024-05-29T13:35:10","guid":{"rendered":"https:\/\/hcd.malargue.gov.ar\/?p=36921"},"modified":"2024-05-29T12:19:34","modified_gmt":"2024-05-29T15:19:34","slug":"acta-11-sesion-ordinaria-n-1-159-o-23-05-2-024","status":"publish","type":"post","link":"https:\/\/hcd.malargue.gov.ar\/?p=36921","title":{"rendered":"ACTA 11\u00b0 SESI\u00d3N ORDINARIA N\u00b0 1.159- \u201cO\u201d- 23\/05\/2.024"},"content":{"rendered":"<div class=\"wp-block-image\">\n<figure class=\"alignright size-full is-resized\"><a href=\"http:\/\/hcd.malargue.gov.ar\/hcdpdf\/11%20ACTA%20ORDINARIA%20N%201159%2023%2005%202024.pdf\"><img loading=\"lazy\" decoding=\"async\" width=\"512\" height=\"512\" src=\"https:\/\/hcd.malargue.gov.ar\/wp-content\/uploads\/2018\/06\/PDF-JPG.jpg\" alt=\"\" class=\"wp-image-7950\" style=\"width:136px;height:auto\" srcset=\"https:\/\/hcd.malargue.gov.ar\/wp-content\/uploads\/2018\/06\/PDF-JPG.jpg 512w, https:\/\/hcd.malargue.gov.ar\/wp-content\/uploads\/2018\/06\/PDF-JPG-150x150.jpg 150w, https:\/\/hcd.malargue.gov.ar\/wp-content\/uploads\/2018\/06\/PDF-JPG-300x300.jpg 300w\" sizes=\"auto, (max-width: 512px) 100vw, 512px\" \/><\/a><\/figure>\n<\/div>\n\n\n<p>En Malarg\u00fce Mendoza a veintitr\u00e9s d\u00edas de mayo&nbsp;de 2.024, cuando es la hora&nbsp; 09:12,&nbsp; se re\u00fane el Honorable Concejo Deliberante de la Municipalidad de Malarg\u00fce para celebrar la Sesi\u00f3n Ordinaria del dia de la fecha.\/ Bajo la&nbsp;&nbsp; Presidencia de su titular Sr. Rodrigo HIDALGO y la presencia de los Se\u00f1ores&nbsp; Concejales Viviana Mosca, Pablo Villarruel, Elizabeth Gonz\u00e1lez, Francisco Parada, Mart\u00edn Palma, Emilce Mansilla, Magali&nbsp; Acosta y Pablo Cabrera.\/ Se firma del Libro de Asistencia donde consta la ausencia de la Concejal Silvina Camiolo con nota.\/\/&nbsp;&nbsp; a) Para dar comienzo al desarrollo del Orden del d\u00eda&nbsp; se invita a la Sra. Concejal&nbsp; Emilce Mansilla&nbsp; a izar la Ense\u00f1a Patria.\/\/ b) Homenaje de los Se\u00f1ores Concejales: Solicita la palabra el Concejal PARADA y manifiesta: Buen dia un saludo para todos los que est\u00e1n presentes este&nbsp; 23 de mayo, no puedo pasar este momento sin una referencia,&nbsp; a los hombres de mayo, fecha que ya est\u00e1 en puerta, hace un par de a\u00f1os creo, charlamos aqu\u00ed tambi\u00e9n sobre el rol del Cabildo como, para m\u00ed, el anticipo de los futuros Concejos Deliberantes, por el \u00e1mbito entre otras cosas de debate, de planteamiento de ideas, por eso esta fecha del 25 de mayo, me gusta si se quiere, jugar una especie de analog\u00eda con tiempos de deliberaci\u00f3n dentro de los Concejos, las discusiones en mayo de 1810 estaban polarizadas, obviamente, polarizadas, muy distinto de lo que va a ocurrir, en el Congreso de Tucum\u00e1n donde la discusi\u00f3n ser\u00e1 m\u00e1s de cuestiones pr\u00e1cticas, por m\u00e1s que obviamente hab\u00edan planteamientos distintos, por ejemplo la forma de gobierno que ten\u00eda que tener el nuevo pa\u00eds, una vez que se declaraba independiente pero en las jornadas de mayo fueron tremendamente acaloradas y para eso hay que entender que las discusiones se daban por un lado en la cuesti\u00f3n de lo que ser\u00eda la teor\u00eda pol\u00edtica, en esto de el poder si el rey est\u00e1 preso, a qui\u00e9n le recae el poder, pero tambi\u00e9n la cuesti\u00f3n jur\u00eddica, por lo tanto los abogados se tiraban las leyes por s\u00ed, por eso va a brillar Castelli, por eso va a brillar Castelli. Claro, recuerden ustedes, cu\u00e1l es la situaci\u00f3n? Est\u00e1bamos en un Virreinato, la m\u00e1xima autoridad era un Virrey, que hab\u00eda sido nombrado por el Rey, pero ustedes recordar\u00e1n que desde 1808 el Rey est\u00e1 preso, de Napole\u00f3n Bonaparte que adem\u00e1s ha puesto de Rey, a su hermano se acuerdan el contexto, entonces, si el Rey que est\u00e1 preso y fue quien le dio el poder, le dio la autoridad y hoy est\u00e1 preso, ese Virrey, es autoridad o no es autoridad? esa era la discusi\u00f3n, esa autoridad es leg\u00edtima o no? Entonces all\u00ed sali\u00f3 la teor\u00eda pol\u00edtica, pero tambi\u00e9n iban a las leyes, entonces, qu\u00e9 dec\u00eda el Derecho de India las Leyes de India que pasa con el Virrey si el Rey esta preso? Esto era una discusi\u00f3n legal, esto es como si hoy el Intendente se ausenta, legalmente, que corresponde qui\u00e9n toma el cargo pol\u00edtico, la autoridad? nosotros tenemos una legislaci\u00f3n que dice que ser\u00eda el Se\u00f1or Presidente el Concejo, esa era la discusi\u00f3n, por lo tanto el d\u00eda 22 que se logr\u00f3 que de acuerdo al Derecho Indiano ya no est\u00e1 la autoridad en el Virrey, hay que destituirlo y hay que formar una Junta que seguir\u00e1 siendo obediente al Rey que est\u00e1 preso, por eso se va a llamar Junta Conservadora de los Derechos de Fernando VII, que esta preso,&nbsp; primer batalla ganada, la Junta. Pero el Virrey Cisneros que era un hombre bastante prudente, pol\u00edtico tambi\u00e9n astuto, va a decir exacto. bueno, tengo que dejar mi cargo, se forma una Nueva Junta, hay que elegir las autoridades se eligen abajo el 23 se elige una Nueva Junta, cuyo Presidente ser\u00e1 quien? el astuto de Cisneros entonces hoy a la ma\u00f1ana nuestros patriotas se encontraron con una noticia alegre. Bueno, formamos Juntas, pero por otro lado, la astucia pol\u00edtica dentro del Recinto que en el Cabildo hizo que la autoridad de la nueva Junta, recae quien era el Virrey, por lo tanto entre otras cosas no s\u00f3lo sigue siendo Autoridad Pol\u00edtica, sino que ten\u00eda la autoridad sobre la fuerza y eso gener\u00f3 el revuelo y eso gener\u00f3 el descontento, sobre todo en &nbsp;los cuarteles y fueron a plantear de nuevo al Virrey, usted tiene que renunciar a la Junta y tiene que llamar a una Nueva Junta, porque usted en la pol\u00edtica nos ha ganado , usted ha sido tan astuto, que nos ha ganado, y all\u00ed aparece la fuerza de los cuarteles y el reclamo en la plaza y all\u00ed aparece la famosa Legi\u00f3n Infernal, o los Chisperos que se llamaban y all\u00ed aparecen French y Beruti &nbsp;que no entregaban escarapelas, entregaban cintas que marcaban quienes estaban con el Virrey y quienes estaban en contra del Virrey las famosas divisas de mayo. Bueno, all\u00ed se plantea de nuevo entonces el 23, clave, porque le est\u00e1n pidiendo al Virrey usted renuncia a lo que fue, lo que en realidad fue, la Primera Junta tiene que renunciar y tiene que llamar a una nueva formaci\u00f3n de Juntas y eso va a ocurrir el 24. se llaman a los vecinos a &nbsp;nueva formaci\u00f3n de Juntas y adivinen qui\u00e9n gan\u00f3, los Patriotas que est\u00e1ban jugando, jugaron de nuevo, la hicieron e hicieron de nuevo, la jugada pol\u00edtica se entiende entonces, pero los debates fueron tremendamente acalorados y la astucia por decirlo as\u00ed pol\u00edtica estaba a flor de piel, despu\u00e9s podemos contar, qu\u00e9 hicieron nuestros patriotas para que dentro del Cabildo la formaci\u00f3n de la Junta fuera beneficiosa a nuestro Patriotas y oh casualidad el Presidente de la Junta del 25, ser\u00e1 Cornelio Saavedra Jefe de los Patricios. Que era la fuerza militar de la \u00e9poca, un recuerdo y un homenaje a los Hombres de Mayo que han tenido esos debates acalorados, interesantes por el destino de la futura Argentina, gracias Presidente, muchas gracias.\/\/ Seguidamente solicita la palabra el Concejal PALMA y manifiesta: Muchas gracias, Se\u00f1or Presidente buenos d\u00edas a todos los Ediles, al personal que nos acompa\u00f1a. Se\u00f1or Presidente, en este peque\u00f1o per\u00edodo de homenajes, quer\u00eda recordar que el fin de semana pasado, se ha inaugurado una nueva obra en nuestro Departamento, que le ha tocado inaugurar a esta gesti\u00f3n, no? Porque es una obra que inici\u00f3 si la memoria no me falla alla por 2008; 16 a\u00f1os despu\u00e9s la vemos concluida, obra que trascendi\u00f3 varias gestiones, si, algunas con m\u00e1s aciertos que otras a la hora de implementar recursos para su culminaci\u00f3n. Pero por qu\u00e9 traigo esto a colaci\u00f3n, porque en realidad en este periodo homenaje quer\u00eda hacer un llamado de atenci\u00f3n a la ciudadan\u00eda de Malarg\u00fce que&nbsp; somos quienes vamos a utilizar esta nueva obra, este nuevo emprendimiento, este nuevo atractivo tur\u00edstico, y yo quiero pedir que tomemos conciencia de las dimensiones de esta de esta obra, por qu\u00e9? Porque es muy importante, ha llevado much\u00edsimos millones, cientos de millones de pesos para poder concluirla y no est\u00e1 bueno que por acciones de vandalismo, por acciones de destrozos, por tal vez ignorancia, &nbsp;destruyamos estas cosas, haber, nos pas\u00f3 sin ir m\u00e1s lejos y recuerdo muy claro, que a los tres d\u00edas de haber inaugurado el Puente de Arroyo La Bebida, se llevaron todos los artefactos lum\u00ednicos. S\u00ed, entonces estas cosas le cuestan a &nbsp;todo el pueblo en general, porque se utilizan los recursos del pueblo en general, por ende hay que cuidar estas obras y m\u00e1s cuando son atractivos tur\u00edsticos, cient\u00edficos, que realmente le dan un realce. Ustedes saben y conocen que tenemos turismo cient\u00edfico muy desarrollado con el Observatorio con la Antena de DS3, con el Planetario, bueno hoy estamos incorporando una nueva rama, que es la paleontolog\u00eda o la arqueolog\u00eda, en este tipo de atractivos hay un sinf\u00edn de &nbsp;otros atractivos, que tiene nuestro Departamento, que son a nivel Nacional o a nivel mundial como Laguna Llancanelo, sitio Ramsar, La Payunia, tenemos Caverna de las Brujas, bueno, en fin tenemos varias Reservas, que debemos cuidar porque nuestra superficie y nuestra tierra nos da dado esas riquezas. Hoy nos encontramos trabajando en otro proyecto, s\u00ed, que es el Expediente 5.400, que refiere Maar Los Loros, esto en Pata Mora, el volc\u00e1n y dem\u00e1s. Tuve la posibilidad de escuchar el discurso de apertura y algunos otros comentarios que se hicieron por all\u00ed, respecto a nuestras responsabilidades en funci\u00f3n de trabajar estos Proyectos. Y yo debo decirle, al Se\u00f1or Intendente que b\u00e1sicamente nos mand\u00f3 a trabajar en este proyecto, que no es un capricho de este Concejo, que primero hay que cumplir normativas, normativas que le hemos pedido en el d\u00eda de ayer estuvimos trabajando respecto a esto y una Ordenanza, la cual es la 1.442 del 2008, que habla respecto a la Creaci\u00f3n de los Parques Municipales, pero habla particularmente de cuestiones que debe hacer el Ejecutivo previamente a que nosotros lo declaremos parque. Entonces, nosotros no es que no cumplamos con nuestra tarea, nosotros la cumplimos acabadamente, el problema es que a veces se dicen cosas, o por falta de experiencia o por mal asesoramiento, donde nos vemos impedidos de poder sacar este tipo de Proyectos. Yo entiendo que es s\u00faper importante Pata Mora, tiene un desarrollo, pero no me gusta que me manden a trabajar y menos cuando hay leyes que me impiden poder proceder sin el debido acompa\u00f1amiento del Poder Ejecutivo y en estado &nbsp;de referencia a esa Ordenanza la 1.442 donde por parte del Ejecutivo debe cumplirse el art\u00edculo 24, 45 y 46&nbsp;&nbsp; &nbsp;para que nosotros podamos sancionarla, desde el Plan de Manejo del \u00e1rea, hasta la situaci\u00f3n legal de la misma, pero previamente a todo esto, hay que hacer la convocatoria al \u00f3rgano que va a dar ese dictamen y antes a eso, hay que Reglamentar esta Ordenanza, que est\u00e1 vigente del a\u00f1o 2008, entonces es important\u00edsimo que podamos trabajar en conjunto para que esas obras y para que las futuras obras y los futuros parques, puedan estar en condiciones, pero siempre, siempre tiene que ser apegado a la Ley, es un simple consejo, Se\u00f1or Presidente, muchas gracias y vuelvo a insistir con los malarg\u00fcinos volvamos a creer en nosotros mismos, cuidemos nuestro patrimonio y cuidemos nuestros recursos que son de todos. Muchas Gracias Sr. Presidente.\/\/ c)Consideraci\u00f3n Acta Sesi\u00f3n Ordinaria N\u00b0 1.158 \u201cO\u201d 2.024 y Acta Sesi\u00f3n Especial N\u00b0 15 \u2013 \u201cE\u201d \u2013 2.024\/ Se ponen a consideraci\u00f3n y son APROBADAS.\/\/&nbsp; d)Lectura del detalle de la correspondencia recibida y emitida: Notas Ingresadas:&nbsp; 1. Sra.&nbsp; Amalia Ramires,&nbsp; Directora de Gesti\u00f3n Ambiental, Municipalidad de Malarg\u00fce, eleva consideraciones respecto&nbsp; a Proyecto de Ordenanza: Creaci\u00f3n de Parque de descanso final para animales dom\u00e9sticos.\/ Pasa a OPTyRN.\/ 2 Sra. Miriam Verdugo,&nbsp; eleva Proyecto \u201cHistorias de un Adolescente: Voces de Malarg\u00fce\u201d solicita apoyo y colaboraci\u00f3n&nbsp; para su implementaci\u00f3n.\/ Pasa a E.H.M.A.S.y C.\/\/ Notas&nbsp; Emitidas: 1. Al Poder Ejecutivo Provincial;&nbsp; Honorable C\u00e1mara de Senadores de la Provincia de Mendoza y Legisladoras&nbsp; Provinciales por el Departamento de Malarg\u00fce , remitiendo copia de Resoluci\u00f3n N\u00ba 113\/2.024. Declarar de Utilidad P\u00fablica&nbsp; y afectada a donaci\u00f3n&nbsp; de terreno en el Departamento de Malarg\u00fce y Resoluci\u00f3n N\u00ba&nbsp; 116\/2.024, Donaci\u00f3n con cargo inmueble en Bardas Blancas&nbsp; del Departamento Malarg\u00fce.&nbsp; 2. Al Dr. Alejandro Balsells Mir\u00f3&nbsp; Oficina de Etica P\u00fablica elevando respuesta en relaci\u00f3n a Resoluci\u00f3n N\u00b0 001\/2.024.<\/p>\n\n\n\n<p>3.Al Ing. Javier Macario, informando representantes&nbsp; en el Consejo Local&nbsp; Asesor&nbsp; de la Unidad (CLA).\/\/ Secretaria&nbsp; procede a dar lectura a la nota de ausencia de la Concejal Camiolo por razones de salud.\/\/ e) Determinaci\u00f3n de los temas que ser\u00e1n incluidos en el punto Asuntos Varios y puesta a consideraci\u00f3n de mociones de tratamientos sobre tablas de diversos expedientes.\/ No hay solicitudes al respecto.\/\/ f) Proyectos de los Se\u00f1ores Concejales:&nbsp;&nbsp;&nbsp; 1. Expte N\u00b0 5.433 HC 065 -2.024 Proyecto de Ordenanza: Plan de Reacondicionamiento en la Cortina Forestal. (BLOQUE PARTIDO&nbsp; JUSTICIALISTA) Autores : Concejales Rodrigo Hidalgo y Magali Acosta. PRESIDENCIA solicita a la Vicepresidente 1\u00b0 Concejal Viviana Mosca que tome posesi\u00f3n de la Presidencia a fin de fundamentar su proyecto desde la banca.\/ Solicita la palabra el Concejal HIDALGO y manifiesta: Este proyecto habla de algo que hace much\u00edsimo tiempo se viene intentando implementar sobre el reacondicionamiento de la cortina forestal. Han habido muchos proyectos aqu\u00ed en el Concejo pidiendo que se empiece a dar importancia, entendiendo que la Cortina Forestal no solo es un punto mas en nuestro Departamento, sino que cumple una funci\u00f3n ambiental, este, important\u00edsima para todos nosotros, conociendo los vientos que tenemos aqu\u00ed, entre otras, entre otras cuestiones que cumple tambi\u00e9n, no solo ambiental, vemos que esta gesti\u00f3n tiene y est\u00e1 trabajando fuertemente en todo el tema, se ha visto ya como se est\u00e1 reacondicionando lo que es la cubierta y se esta trabajando en distintos puntos. Este proyecto,&nbsp;&nbsp; lo que &nbsp;habla es de &nbsp;los plantines que se est\u00e1n dando en todos los cauces, de las distintas acequias y canales que hay en el pueblo en much\u00edsimos lugares y vemos que ah\u00ed, tenemos un recurso que tranquilamente se puede trasplantar a &nbsp;la cortina forestal. Uno de los esp\u00edritus, es este, el reconocimiento de la cortina, pero otro tambi\u00e9n, es darle un poco de participaci\u00f3n a la ciudadan\u00eda entendiendo que para que las cosas se cuiden y como dec\u00eda el Concejal Mart\u00edn Palma, tenemos que cuidar todo lo que es nuestro patrimonio, para eso primero que nada tenemos que generar sentido de pertenencia en los vecinos y vecinas, ese sentido de pertenencia se da cuando toman participaci\u00f3n en las cosas, en todo lo que es la cosa p\u00fablica, en todo lo que es nuestro, no, entonces en el mismo proyecto tambi\u00e9n esta estipulado que distintas instituciones, por ejemplo educativas que tengan alg\u00fan tipo de orientaci\u00f3n a este tema, o asociaciones como lo son Guardianes del \u00c1rbol, s\u00ed, puedan participar tambi\u00e9n ya sea haciendo pasant\u00edas o de manera voluntaria, en todo lo que es el traslado de estos plantines, para empezar a recuperarlo es un proyecto base sobre el tema, me gustar\u00eda que se trabaje bastante en comisiones, as\u00ed que no voy a pedir la lectura del articulado ni de los considerandos porque entiendo que se les pueden agregar varias cositas m\u00e1s al proyecto, si voy a pedir que pase a la Comisi\u00f3n de Obra P\u00fablica Turismo y Recursos Naturales. Gracias Sra. Presidente.\/ Pasa a Comisi\u00f3n de O.P.T y R.N.\/\/ ****Debido a razones de fallas de Internet en la transmisi\u00f3n por YouTube y la falta de la &nbsp;grabaci\u00f3n del audio de las alocuciones de los Sres. Concejales resulta imposible realizar la transcripci\u00f3n de las exposiciones realizadas a partir de este punto.*** . Toma la Presidencia su titular.\/\/ 2. Expte N\u00b0 5.434 HC 065 &#8211; 2.024 Proyecto de Declaraci\u00f3n: Declarar de Inter\u00e9s Departamental, Educativo y Cient\u00edfico a las Jornadas Ambientales 2.024, que se desarrollara en el mes de Junio en la Ciudad de Malarg\u00fce. (BLOQUE PARTIDO JUSTICIALISTA) Autores: Concejales Pablo Cabrera, Magali Acosta y Emilce Mansilla..\/\/&nbsp;&nbsp;&nbsp; El Concejal CABRERA hace uso de la palabra fundamentando el proyecto y solicita que no se de lectura y el correspondiente pase a E.H.M.A.SyC.\/ Pasa a E,H.M.A.S.y C.\/\/ 3. Expte N\u00b0 5.435 HC 065 &#8211;&nbsp; 2.024&nbsp; Proyecto de Declaraci\u00f3n: Declarar Huespedes de Honor&nbsp; al Dr. Sergio Saracco y al Lic. Sergio Federovisky (BLOQUE PARTIDO JUSTICIALISTA) . Autores: Concejales&nbsp; Emilce Mansilla, Pablo Cabrera y Magali Acosta.\/ La Concejal MANSILLA&nbsp; en uso de la palabra justifica y fundamenta el proyecto, manifiesta que no es necesaria la lectura y que pase a E.H.M.A.S y C. c\/Tratamiento Preferencial.\/ Pasa a E.H.M.A.S.y C. con Tratamiento Preferencial.\/\/ 4. Expte N\u00b0 5.436 HC 065 \u2013 2.024&nbsp; Proyecto de Ordenanza:&nbsp; Campa\u00f1a anual de Prevenci\u00f3n sobre Riesgos por calefacci\u00f3n en viviendas. (BLOQUE&nbsp; ENCUENTRO)&nbsp; Autor: Concejal&nbsp; Francisco Parada. \/ Solicita la palabra el Concejal PARADA pide que se lea la parte resolutiva del Proyecto.\/ Por Secretaria se procede en consecuencia.\/\/ Luego de la lectura contin\u00faa en uso de la palabra y justifica su proyecto solicita el pase a E.H.M.A.S y C con posterior pase a H.P.L.A.C.\/ Seguidamente solicita la palabra el Concejal CABRERA brindando su apoyo a la iniciativa y pide acompa\u00f1ar con su firma al proyecto.\/ 5. Expte N\u00b0 5.437 HC 065 \u2013 2.024 Proyecto de Resoluci\u00f3n: Pedido de Informe Acuerdo Universidad Juan Agustin Maza \u2013 Municipalidad de Malarg\u00fce. (BLOQUE RECONSTRUYENDO MALARG\u00dcE) Autora: Concejal&nbsp; Silvina Camiolo.\/ Solicita la palabra el Concejal PALMA en virtud que la autora &nbsp;se encuentra ausente por razones de salud, fundamenta el proyecto y solicita que no se le de lectura y&nbsp; el pase a la Comisi\u00f3n de H.P.L.A.C..\/ Pasa a H.P.L.A.C..\/\/ g) Expedientes provenientes del Departamento Ejecutivo. &nbsp;No Ingresados.\/\/ h) &nbsp;Despachos de las Comisiones de Trabajo: 1. Expte N\u00b0 5.410 HC 063 \u2013 2.024 Proyecto de Declaraci\u00f3n: Declarar de Inter\u00e9s Departamental, Social y Educativo el \u201cPrograma Protecci\u00f3n y Orientaci\u00f3n del Derecho a la Escolaridad\u201d PODEs . (E.H.M.A.S.y C) Por Secretaria se procede a la lectura del despacho emitido por la Comisi\u00f3n que sugiere la aprobaci\u00f3n del proyecto sin modificaciones.\/ Puesto a consideraci\u00f3n es APROBADO.\/\/ &nbsp;2. Expte N\u00b0 5.425 \u2013 HC 064 &#8211; 2.024&nbsp;&nbsp; Proyecto de Resoluci\u00f3n: Solicitar a la Comisi\u00f3n de Educaci\u00f3n, Ciencia y T\u00e9cnica de la Honorable C\u00e1mara de Senadores d\u00e9 tratamiento al Expte. N\u00b0 73.764 (E.H.M.A.S.y C) Por Secretaria se procede a la lectura del despacho emitido por la Comisi\u00f3n que sugiere la probaci\u00f3n del proyecto presentado sin modificaciones.\/ Puesto a consideraci\u00f3n es APROBADO.\/\/&nbsp; i) Asuntos Varios. No hay solicitudes.\/\/ j) &nbsp;Acto de arriar el Pabell\u00f3n Nacional a cargo de la&nbsp; concejal que lo iz\u00f3.\/\/ No habiendo mas temas para tratar se da por finalizada la Sesi\u00f3n cuando es la hora 09:50, previa lectura de lo que antecede firman las presentes actuaciones el Sr. Presidente y la Sra. Secretaria del Honorable Concejo Deliberante de la Municipalidad de Malarg\u00fce.<\/p>\n","protected":false},"excerpt":{"rendered":"<p>En Malarg\u00fce Mendoza a veintitr\u00e9s d\u00edas de mayo&nbsp;de 2.024, cuando es la hora&nbsp; 09:12,&nbsp; se re\u00fane el Honorable Concejo Deliberante de la Municipalidad de Malarg\u00fce para celebrar la Sesi\u00f3n Ordinaria del dia de la fecha.\/ Bajo la&nbsp;&nbsp; Presidencia de su titular Sr. Rodrigo HIDALGO y la presencia de los Se\u00f1ores&nbsp; Concejales Viviana Mosca, Pablo Villarruel, [&hellip;]<\/p>\n","protected":false},"author":5,"featured_media":33337,"comment_status":"closed","ping_status":"closed","sticky":false,"template":"","format":"standard","meta":{"footnotes":""},"categories":[60,52,58,33,36],"tags":[],"class_list":["post-36921","post","type-post","status-publish","format-standard","has-post-thumbnail","hentry","category-acta-de-sesiones","category-gacetillas","category-ordinarias","category-prensa","category-sesiones"],"yoast_head":"<!-- This site is optimized with the Yoast SEO plugin v19.10 - https:\/\/yoast.com\/wordpress\/plugins\/seo\/ -->\n<title>ACTA 11\u00b0 SESI\u00d3N ORDINARIA N\u00b0 1.159- \u201cO\u201d- 23\/05\/2.024 - Malarg\u00fce HCD<\/title>\n<meta name=\"robots\" content=\"index, follow, max-snippet:-1, max-image-preview:large, max-video-preview:-1\" \/>\n<link rel=\"canonical\" href=\"https:\/\/hcd.malargue.gov.ar\/?p=36921\" \/>\n<meta property=\"og:locale\" content=\"es_ES\" \/>\n<meta property=\"og:type\" content=\"article\" \/>\n<meta property=\"og:title\" content=\"ACTA 11\u00b0 SESI\u00d3N ORDINARIA N\u00b0 1.159- \u201cO\u201d- 23\/05\/2.024 - Malarg\u00fce HCD\" \/>\n<meta property=\"og:description\" content=\"En Malarg\u00fce Mendoza a veintitr\u00e9s d\u00edas de mayo&nbsp;de 2.024, cuando es la hora&nbsp; 09:12,&nbsp; se re\u00fane el Honorable Concejo Deliberante de la Municipalidad de Malarg\u00fce para celebrar la Sesi\u00f3n Ordinaria del dia de la fecha.\/ Bajo la&nbsp;&nbsp; Presidencia de su titular Sr. Rodrigo HIDALGO y la presencia de los Se\u00f1ores&nbsp; Concejales Viviana Mosca, Pablo Villarruel, [&hellip;]\" \/>\n<meta property=\"og:url\" content=\"https:\/\/hcd.malargue.gov.ar\/?p=36921\" \/>\n<meta property=\"og:site_name\" content=\"Malarg\u00fce HCD\" \/>\n<meta property=\"article:published_time\" content=\"2024-05-29T13:35:10+00:00\" \/>\n<meta property=\"article:modified_time\" content=\"2024-05-29T15:19:34+00:00\" \/>\n<meta property=\"og:image\" content=\"https:\/\/hcd.malargue.gov.ar\/wp-content\/uploads\/2023\/03\/actas-sesiones.jpg\" \/>\n\t<meta property=\"og:image:width\" content=\"1640\" \/>\n\t<meta property=\"og:image:height\" content=\"924\" \/>\n\t<meta property=\"og:image:type\" content=\"image\/jpeg\" \/>\n<meta name=\"author\" content=\"Belen Pedernera Ferragut\" \/>\n<meta name=\"twitter:card\" content=\"summary_large_image\" \/>\n<meta name=\"twitter:label1\" content=\"Escrito por\" \/>\n\t<meta name=\"twitter:data1\" content=\"Belen Pedernera Ferragut\" \/>\n\t<meta name=\"twitter:label2\" content=\"Tiempo de lectura\" \/>\n\t<meta name=\"twitter:data2\" content=\"16 minutos\" \/>\n<script type=\"application\/ld+json\" class=\"yoast-schema-graph\">{\"@context\":\"https:\/\/schema.org\",\"@graph\":[{\"@type\":\"WebPage\",\"@id\":\"https:\/\/hcd.malargue.gov.ar\/?p=36921\",\"url\":\"https:\/\/hcd.malargue.gov.ar\/?p=36921\",\"name\":\"ACTA 11\u00b0 SESI\u00d3N ORDINARIA N\u00b0 1.159- \u201cO\u201d- 23\/05\/2.024 - Malarg\u00fce HCD\",\"isPartOf\":{\"@id\":\"https:\/\/hcd.malargue.gov.ar\/#website\"},\"datePublished\":\"2024-05-29T13:35:10+00:00\",\"dateModified\":\"2024-05-29T15:19:34+00:00\",\"author\":{\"@id\":\"https:\/\/hcd.malargue.gov.ar\/#\/schema\/person\/3fd6bbab64edd703961b795156c955d0\"},\"breadcrumb\":{\"@id\":\"https:\/\/hcd.malargue.gov.ar\/?p=36921#breadcrumb\"},\"inLanguage\":\"es-AR\",\"potentialAction\":[{\"@type\":\"ReadAction\",\"target\":[\"https:\/\/hcd.malargue.gov.ar\/?p=36921\"]}]},{\"@type\":\"BreadcrumbList\",\"@id\":\"https:\/\/hcd.malargue.gov.ar\/?p=36921#breadcrumb\",\"itemListElement\":[{\"@type\":\"ListItem\",\"position\":1,\"name\":\"Inicio\",\"item\":\"https:\/\/hcd.malargue.gov.ar\/\"},{\"@type\":\"ListItem\",\"position\":2,\"name\":\"ACTA 11\u00b0 SESI\u00d3N ORDINARIA N\u00b0 1.159- \u201cO\u201d- 23\/05\/2.024\"}]},{\"@type\":\"WebSite\",\"@id\":\"https:\/\/hcd.malargue.gov.ar\/#website\",\"url\":\"https:\/\/hcd.malargue.gov.ar\/\",\"name\":\"Malarg\u00fce HCD\",\"description\":\"Malarg\u00fce Mendoza Argentina\",\"potentialAction\":[{\"@type\":\"SearchAction\",\"target\":{\"@type\":\"EntryPoint\",\"urlTemplate\":\"https:\/\/hcd.malargue.gov.ar\/?s={search_term_string}\"},\"query-input\":\"required name=search_term_string\"}],\"inLanguage\":\"es-AR\"},{\"@type\":\"Person\",\"@id\":\"https:\/\/hcd.malargue.gov.ar\/#\/schema\/person\/3fd6bbab64edd703961b795156c955d0\",\"name\":\"Belen Pedernera Ferragut\",\"image\":{\"@type\":\"ImageObject\",\"inLanguage\":\"es-AR\",\"@id\":\"https:\/\/hcd.malargue.gov.ar\/#\/schema\/person\/image\/\",\"url\":\"https:\/\/secure.gravatar.com\/avatar\/1054ffab3893de4bb3eb29bdd22f7e34b8537bf5d34d9dab311818154ad5b71f?s=96&d=mm&r=g\",\"contentUrl\":\"https:\/\/secure.gravatar.com\/avatar\/1054ffab3893de4bb3eb29bdd22f7e34b8537bf5d34d9dab311818154ad5b71f?s=96&d=mm&r=g\",\"caption\":\"Belen Pedernera Ferragut\"},\"url\":\"https:\/\/hcd.malargue.gov.ar\/?author=5\"}]}<\/script>\n<!-- \/ Yoast SEO plugin. -->","yoast_head_json":{"title":"ACTA 11\u00b0 SESI\u00d3N ORDINARIA N\u00b0 1.159- \u201cO\u201d- 23\/05\/2.024 - Malarg\u00fce HCD","robots":{"index":"index","follow":"follow","max-snippet":"max-snippet:-1","max-image-preview":"max-image-preview:large","max-video-preview":"max-video-preview:-1"},"canonical":"https:\/\/hcd.malargue.gov.ar\/?p=36921","og_locale":"es_ES","og_type":"article","og_title":"ACTA 11\u00b0 SESI\u00d3N ORDINARIA N\u00b0 1.159- \u201cO\u201d- 23\/05\/2.024 - Malarg\u00fce HCD","og_description":"En Malarg\u00fce Mendoza a veintitr\u00e9s d\u00edas de mayo&nbsp;de 2.024, cuando es la hora&nbsp; 09:12,&nbsp; se re\u00fane el Honorable Concejo Deliberante de la Municipalidad de Malarg\u00fce para celebrar la Sesi\u00f3n Ordinaria del dia de la fecha.\/ Bajo la&nbsp;&nbsp; Presidencia de su titular Sr. Rodrigo HIDALGO y la presencia de los Se\u00f1ores&nbsp; Concejales Viviana Mosca, Pablo Villarruel, [&hellip;]","og_url":"https:\/\/hcd.malargue.gov.ar\/?p=36921","og_site_name":"Malarg\u00fce HCD","article_published_time":"2024-05-29T13:35:10+00:00","article_modified_time":"2024-05-29T15:19:34+00:00","og_image":[{"width":1640,"height":924,"url":"https:\/\/hcd.malargue.gov.ar\/wp-content\/uploads\/2023\/03\/actas-sesiones.jpg","type":"image\/jpeg"}],"author":"Belen Pedernera Ferragut","twitter_card":"summary_large_image","twitter_misc":{"Escrito por":"Belen Pedernera Ferragut","Tiempo de lectura":"16 minutos"},"schema":{"@context":"https:\/\/schema.org","@graph":[{"@type":"WebPage","@id":"https:\/\/hcd.malargue.gov.ar\/?p=36921","url":"https:\/\/hcd.malargue.gov.ar\/?p=36921","name":"ACTA 11\u00b0 SESI\u00d3N ORDINARIA N\u00b0 1.159- \u201cO\u201d- 23\/05\/2.024 - Malarg\u00fce HCD","isPartOf":{"@id":"https:\/\/hcd.malargue.gov.ar\/#website"},"datePublished":"2024-05-29T13:35:10+00:00","dateModified":"2024-05-29T15:19:34+00:00","author":{"@id":"https:\/\/hcd.malargue.gov.ar\/#\/schema\/person\/3fd6bbab64edd703961b795156c955d0"},"breadcrumb":{"@id":"https:\/\/hcd.malargue.gov.ar\/?p=36921#breadcrumb"},"inLanguage":"es-AR","potentialAction":[{"@type":"ReadAction","target":["https:\/\/hcd.malargue.gov.ar\/?p=36921"]}]},{"@type":"BreadcrumbList","@id":"https:\/\/hcd.malargue.gov.ar\/?p=36921#breadcrumb","itemListElement":[{"@type":"ListItem","position":1,"name":"Inicio","item":"https:\/\/hcd.malargue.gov.ar\/"},{"@type":"ListItem","position":2,"name":"ACTA 11\u00b0 SESI\u00d3N ORDINARIA N\u00b0 1.159- \u201cO\u201d- 23\/05\/2.024"}]},{"@type":"WebSite","@id":"https:\/\/hcd.malargue.gov.ar\/#website","url":"https:\/\/hcd.malargue.gov.ar\/","name":"Malarg\u00fce HCD","description":"Malarg\u00fce Mendoza Argentina","potentialAction":[{"@type":"SearchAction","target":{"@type":"EntryPoint","urlTemplate":"https:\/\/hcd.malargue.gov.ar\/?s={search_term_string}"},"query-input":"required name=search_term_string"}],"inLanguage":"es-AR"},{"@type":"Person","@id":"https:\/\/hcd.malargue.gov.ar\/#\/schema\/person\/3fd6bbab64edd703961b795156c955d0","name":"Belen Pedernera Ferragut","image":{"@type":"ImageObject","inLanguage":"es-AR","@id":"https:\/\/hcd.malargue.gov.ar\/#\/schema\/person\/image\/","url":"https:\/\/secure.gravatar.com\/avatar\/1054ffab3893de4bb3eb29bdd22f7e34b8537bf5d34d9dab311818154ad5b71f?s=96&d=mm&r=g","contentUrl":"https:\/\/secure.gravatar.com\/avatar\/1054ffab3893de4bb3eb29bdd22f7e34b8537bf5d34d9dab311818154ad5b71f?s=96&d=mm&r=g","caption":"Belen Pedernera Ferragut"},"url":"https:\/\/hcd.malargue.gov.ar\/?author=5"}]}},"_links":{"self":[{"href":"https:\/\/hcd.malargue.gov.ar\/index.php?rest_route=\/wp\/v2\/posts\/36921","targetHints":{"allow":["GET"]}}],"collection":[{"href":"https:\/\/hcd.malargue.gov.ar\/index.php?rest_route=\/wp\/v2\/posts"}],"about":[{"href":"https:\/\/hcd.malargue.gov.ar\/index.php?rest_route=\/wp\/v2\/types\/post"}],"author":[{"embeddable":true,"href":"https:\/\/hcd.malargue.gov.ar\/index.php?rest_route=\/wp\/v2\/users\/5"}],"replies":[{"embeddable":true,"href":"https:\/\/hcd.malargue.gov.ar\/index.php?rest_route=%2Fwp%2Fv2%2Fcomments&post=36921"}],"version-history":[{"count":3,"href":"https:\/\/hcd.malargue.gov.ar\/index.php?rest_route=\/wp\/v2\/posts\/36921\/revisions"}],"predecessor-version":[{"id":36928,"href":"https:\/\/hcd.malargue.gov.ar\/index.php?rest_route=\/wp\/v2\/posts\/36921\/revisions\/36928"}],"wp:featuredmedia":[{"embeddable":true,"href":"https:\/\/hcd.malargue.gov.ar\/index.php?rest_route=\/wp\/v2\/media\/33337"}],"wp:attachment":[{"href":"https:\/\/hcd.malargue.gov.ar\/index.php?rest_route=%2Fwp%2Fv2%2Fmedia&parent=36921"}],"wp:term":[{"taxonomy":"category","embeddable":true,"href":"https:\/\/hcd.malargue.gov.ar\/index.php?rest_route=%2Fwp%2Fv2%2Fcategories&post=36921"},{"taxonomy":"post_tag","embeddable":true,"href":"https:\/\/hcd.malargue.gov.ar\/index.php?rest_route=%2Fwp%2Fv2%2Ftags&post=36921"}],"curies":[{"name":"wp","href":"https:\/\/api.w.org\/{rel}","templated":true}]}}