{"id":36969,"date":"2024-06-05T11:37:17","date_gmt":"2024-06-05T14:37:17","guid":{"rendered":"https:\/\/hcd.malargue.gov.ar\/?p=36969"},"modified":"2024-06-05T11:52:13","modified_gmt":"2024-06-05T14:52:13","slug":"acta-12-sesion-ordinaria-n-1-160-o-29-05-2-024","status":"publish","type":"post","link":"https:\/\/hcd.malargue.gov.ar\/?p=36969","title":{"rendered":"ACTA 12\u00b0 SESI\u00d3N ORDINARIA N\u00b0 1.160- \u201cO\u201d- 30\/05\/2.024"},"content":{"rendered":"<div class=\"wp-block-image\">\n<figure class=\"alignright size-full is-resized\"><a href=\"http:\/\/hcd.malargue.gov.ar\/2024\/12%20ACTA%20SESION%20ORDINARIA%20N%201160%2029%2005%202024.pdf\"><img loading=\"lazy\" decoding=\"async\" width=\"512\" height=\"512\" src=\"https:\/\/hcd.malargue.gov.ar\/wp-content\/uploads\/2018\/06\/PDF-JPG.jpg\" alt=\"\" class=\"wp-image-7950\" style=\"width:132px;height:auto\" srcset=\"https:\/\/hcd.malargue.gov.ar\/wp-content\/uploads\/2018\/06\/PDF-JPG.jpg 512w, https:\/\/hcd.malargue.gov.ar\/wp-content\/uploads\/2018\/06\/PDF-JPG-150x150.jpg 150w, https:\/\/hcd.malargue.gov.ar\/wp-content\/uploads\/2018\/06\/PDF-JPG-300x300.jpg 300w\" sizes=\"auto, (max-width: 512px) 100vw, 512px\" \/><\/a><\/figure>\n<\/div>\n\n\n<p>En Malarg\u00fce Mendoza a treinta \u00a0d\u00edas de mayo\u00a0 de 2.024, cuando es la hora\u00a0 09:11,\u00a0 se re\u00fane el Honorable Concejo Deliberante de la Municipalidad de Malarg\u00fce para celebrar la Sesi\u00f3n Ordinaria del d\u00eda de la fecha.\/ Bajo la\u00a0\u00a0 Presidencia de su titular Sr. Rodrigo HIDALGO y la presencia de los Se\u00f1ores\u00a0 Concejales\u00a0 Pablo Villarruel, Elizabeth Gonz\u00e1lez, Mart\u00edn Palma, \u00a0Francisco Parada, Silvina Camiolo, Emilce Mansilla, Magali\u00a0 Acosta y Pablo Cabrera.\/ Se firma del Libro de Asistencia donde consta la ausencia de la Concejal Viviana Mosca con nota.\/\/\u00a0\u00a0 a) Para dar comienzo al desarrollo del Orden del d\u00eda\u00a0 se invita al Sr. Concejal\u00a0 Mart\u00edn Palma\u00a0 a izar la Ense\u00f1a Patria.\/\/ b) Homenaje de los Se\u00f1ores Concejales.\/ Solicita la palabra el Concejal PARADA manifestando:\u00a0 Gracias, Se\u00f1or Presidente, buenos d\u00edas, buenos d\u00edas colegas Concejales, Personal del HCD que tengan un lindo jueves. Quiero rendir un homenaje en esta Argentina tan loca, no? de noticias buenas y malas muchas veces, casi en extremo. En el d\u00eda de ayer se recordaba. en el contexto de la guerra del Atl\u00e1ntico Sur, la guerra de Malvinas en el 82, el Combate de Darwin. Quiz\u00e1s uno de los combates m\u00e1s sangrientos m\u00e1s duros que se vivi\u00f3 en la batalla, en la guerra. Y que muchos coinciden en que all\u00ed empieza. el principio de un final \u00a0anunciado, la rendici\u00f3n de nuestras tropas despu\u00e9s de ser derrotadas en Darwin, Puerto Argentino en poco tiempo ser\u00eda tomado. Y esto esta relacionado con una noticia que salio en estos d\u00edas, que dice a poco mas de 42 a\u00f1os de la finalizaci\u00f3n del conflicto del Atlantico Sur, un videojuego sobre la guerra de Malvinas esta a punto de ser lanzado,\u00a0 se trata de la \u00faltima carta y fue desarrollado por los argentinos del Burro Studios y se denomina La \u00daltima Carta. Esta \u00faltima carta, y a \u00e9l va principalmente el homenaje la escribi\u00f3 un soldado de 18 a\u00f1os, llamado Ram\u00f3n Garc\u00e9 y que en uno de los ataques a Darwin, \u00e9l era artillero de la Fuerza A\u00e9rea, en un bombardeo muy fuerte que hubo en los primeros d\u00edas de mayo, la onda expansiva del bombardeo, a Ram\u00f3n Garc\u00e9 lo hiere, lo \u00a0desmaya y lo pasan por ca\u00eddo en guerra, ca\u00eddo en Malvinas, ca\u00eddo en combate. El sobrevivi\u00f3, sigui\u00f3 y combati\u00f3 incluso en Darwin, cuando \u00e9l se entera que ha sido dado por muerto, se cambia el nombre y se empieza a llamar Cristian Garc\u00e9. A Cristian le encantaba el deporte,jugaba en Ferro en ese momento, ten\u00eda 18 a\u00f1os y para no perder su actividad f\u00edsica y un poco tambi\u00e9n para enfrentar el fr\u00edo y en esto de que la guerra muestra los grandes gestos y las miserias de los seres humanos, se dedic\u00f3 a hacer de cartero. Pidi\u00f3 autorizaci\u00f3n, corr\u00eda todos los d\u00edas, entre dos a cuatro kil\u00f3metros a buscar las cartas a la base, las cartas e iba \u00a0trinchera por trinchera, llev\u00e1ndole las cartas a sus compa\u00f1eros de escuadr\u00f3n. Entre esas cartas le llega la carta de una jovencita de 17 a\u00f1os de escuela secundaria. Carta al Soldado desconocido donde le preguntaba c\u00f3mo te llamas, cu\u00e1l es tu signo? \u00a0Cosas de la \u00e9poca no? Le contesta, dice soy Cristian contesta. Resulta que cuando son rendidos en Darwin, ustedes saben que pasan a Uruguay, desde all\u00ed la Cruz Roja los trae de nuevo a Argentina, \u00a0Buenos Aires. Cuando \u00e9l est\u00e1 volviendo a casa, hay una jovencita esper\u00e1ndolo, esa jovencita es la chica de las cartas, hasta el d\u00eda de hoy, es su esposa. Esas son las cosas la guerra no, las miserias, las grandezas y los misterios y en ese muchacho que hoy, es parte de, del elenco deportivo en voley del gran Club River Plate s\u00ed, ese muchacho, \u00a0que llevo \u00a0y que arriesgaba su vida llevando las cartas trincheras por trincheras,\u00a0 un h\u00e9roe viviente, en \u00e9l est\u00e1 inspirado, este videojuego que busca con una genialidad distinta, nuevamente Malvinizar. Entonces para Ram\u00f3n o Cristian Garc\u00e9 y para tantos otros que hicieron estos gestos enormes, en momentos tan complicados, un homenaje sencillo de ac\u00e1, de este, desde este Concejo Deliberante, en este humilde pueblo, ac\u00e1 en el extremo sur de nuestra querida Provincia, gracias Sr. Presidente.\/\/ c) Consideraci\u00f3n Acta Sesi\u00f3n Ordinaria N\u00b0 1.159 \u201cO\u201d 2.024.\/ PRESIDENCIA pone a consideraci\u00f3n el Acta y es APROBADA.\/\/ d) Lectura del detalle de la correspondencia recibida y emitida. Notas Ingresadas: 1. Sr. Carlos Alexander Cruz,\u00a0 expone situaci\u00f3n con terreno entregado en la gesti\u00f3n anterior mediante documentaci\u00f3n invalida, adjunta constancia de ocupaci\u00f3n.\/ Pasa a H.P.L.A.C.\/\/ 2. Departamento Ejecutivo, eleva Decretos Municipales correspondientes al mes de marzo de 2.024 en formato digital, para conocimiento.\/ Copia a los Bloques.\/\/ 3. Departamento Ejecutivo, eleva copia de Convenio Marco entre Municipalidad de Malarg\u00fce y el Sindicato de Petr\u00f3leo y Gas Privado de Cuyo, para conocimiento y efectos pertinentes.\/ Pasa a H.P.L.A.C.\/\/ 4. Prof. Erica Della Bianca, Directora de Cultura, eleva respuesta respecto a Expte. N\u00b0 5060\/2.021 Proyecto de Ordenanza: Reglamento Funcionamiento Interno de la Escuela Municipal de Cer\u00e1mica, a solicitud de la Comisi\u00f3n de HPLAC.\/ Pasa a H.P.L.A.C.\/\/ \u00a05. Prof. Erica Della Bianca, Directora de Cultura, eleva respuesta respecto a Expte. N\u00b0 5.370 HC 061\/2.023 Proyecto de Ordenanza: Crear el Museo Municipal del Deporte \u201cCarlos Bochin Brega\u201d en el Departamento de Malarg\u00fce, a solicitud de la Comisi\u00f3n de E.H.M.A.S.y C.\/ Pasa a E.H.M.A.S y C.\/\/ 6. Mgter. Amalia Ramires, Directora de Gesti\u00f3n Ambiental, invita a participar de Jornadas Ambientales a realizarse del 06 al 08 de Junio en conmemoraci\u00f3n del D\u00eda Internacional del Ambiente, adjunta programa de actividades.\/ Copia a los Bloques.\/\/ \u00a07. Honorable Concejo Deliberante de Tupungato, remite copia de Declaraci\u00f3n N\u00b0 27\/2.024, Declarando de Inter\u00e9s la Educaci\u00f3n P\u00fablica , para conocimiento.\/ Copia a los Bloques.\/\/ \u00a08. Honorable Concejo Deliberante de Lavalle, remite copia de Declaraci\u00f3n en repudio a medidas econ\u00f3micas llevadas a cabo por el Gobierno Nacional, para conocimiento.\/ Copia a los Bloques.\/\/ 9. Prof. Marcelo Garcia, Rector del IES 9-018 Gdor.Celso A. Jaque, eleva Proyecto del 1\u00b0 Congreso de Higiene, Seguridad y Medio Ambiente 2.024 , solicita su declaraci\u00f3n de Inter\u00e9s Departamental.\/ Solicita la palabra la Concejal CAMIOLO y expresa: Solicito que esta nota se adjunte al Proyecto que figura en el Punto f) subsecci\u00f3n 1, para el tratamiento conjunto del mismo.\/ 10. Sra. Andrea Pedernera, solicita hacer uso de la Banca del Ciudadano a fin de exponer situaci\u00f3n de la Escuela N\u00b0 4-228 Eugenio Izsaky Electromec\u00e1nica por mal estado de sus instalaciones.\/ Por Secretar\u00eda.\/\/ 11. Concejal Viviana\u00a0 Mosca\u00a0 informa ausencia a Sesi\u00f3n del d\u00eda de la fecha, por compromisos asumidos en la Ciudad de Mendoza.\/ Pasa a ARCHIVO.\/\/ 12. Sr. Luciano Carlos Fuentes, solicita hacer uso de la Banca del Ciudadano a fin de exponer respecto a pr\u00f3ximo desalojo de\u00a0 vivienda del I.P.V.\/ Por Secretar\u00eda.\/\/\u00a0\u00a0 Notas Emitidas: \u00a01. A la Subdelegaci\u00f3n de la Direcci\u00f3n General de Escuelas, Secretaria de Desarrollo Humano, Coordinaci\u00f3n Provincial\u00a0 y Referente Territorial del Programa PODEs, remitiendo copia de Declaraci\u00f3n N\u00b0\u00a0 327\/2.024, para conocimiento.\/ 2. A la Comisi\u00f3n de Derechos y Garant\u00edas de las C\u00e1maras de Senadores y Diputados de la Provincia y al Colegio de Abogados y Procuradores de la Provincia de Mendoza, remitiendo copia de Resoluci\u00f3n N\u00b0 123\/2.024, tema Asfaltita Ex Fabrica Grassi.\/ 3. A Comisi\u00f3n de Ciencia y T\u00e9cnica de la Honorable C\u00e1mara de Senadores, remitiendo copia de Resoluci\u00f3n N\u00b0 129\/2024, adhesi\u00f3n al Proyecto de Ley de Ense\u00f1anza del Folclore.\/ 4. A Empleados de LV19 Radio Nacional Malarg\u00fce, convocando a reuni\u00f3n de trabajo respecto a Proyecto de Ordenanza de recuperaci\u00f3n de LV 19 Radio Malarg\u00fce.\/\/ e) Determinaci\u00f3n de los temas que ser\u00e1n incluidos en el punto Asuntos Varios y puesta a consideraci\u00f3n de mociones de tratamientos sobre tablas de diversos expedientes.\/ Solicita la palabra la Concejal ACOSTA y manifiesta : \u00a0Quer\u00eda solicitar el tratamiento sobre tablas del Expediente n\u00famero 5.438, que es un pedido que nos lleg\u00f3 a nosotros al bloque desde alumnos de la Tecnicatura de Seguridad, en Seguridad e Higiene y tambi\u00e9n, bueno, la concejal Camiolo adjunta la nota tambi\u00e9n del Rector del IES, donde se solicita la declaraci\u00f3n de inter\u00e9s, me parece muy importante seguir incentivando estos Congresos, en nuestra Ciudad, adem\u00e1s teniendo los espacios f\u00edsicos adecuados para realizarlos y tambi\u00e9n impulsar estos Congresos que se vienen desarrollando en base tambi\u00e9n a los objetivos de desarrollo sustentable que nos est\u00e1 planteando hoy en d\u00eda Naciones Unidas. As\u00edque solamente quer\u00eda pedir el tratamiento sobre tablas del Expte.\/ Solicita la palabra la Concejal CAMIOLO y agrega este Congreso se va a realizar el d\u00eda 4 de junio y en funci\u00f3n de la fecha en la que estamos, no llegar\u00edamos a tratarlo en comisiones y posteriormente en la sesi\u00f3n pr\u00f3xima, por tanto es que solicitamos que sea tratado Sobre Tablas, est\u00e1 hablado con los Presidentes de los Bloques en Labor Parlamentaria y hemos coincidido en que sea tratado de manera urgente, porque no solamente ha sido solicitado por los Concejales sin\u00f3 principalmente por la Comunidad organizada, para llevarles la respuesta para que el d\u00eda 4 \u00a0puedan tener su declaraci\u00f3n, es que solicitamos se obvie el tr\u00e1mite administrativo correspondiente.\/ PRESIDENCIA pone a consideraci\u00f3n la moci\u00f3n de la Concejal\u00a0 y es aprobada por unanimidad. (8votos afirmativos). Tiene Tratamiento Sobre Tablas.\/\/ \u00a0A continuaci\u00f3n solicita la palabra el Concejal VILLARRUEL manifestando: Lo primero, buenos d\u00edas a todos. Muchas gracias por acompa\u00f1arnos. Bueno, este\u00a0 Expediente que pido Sobre Tablas es \u00a0el 5.441, que habla de lo que, de un pedido a la Provincia, en el cual le solicitamos vean con buena predisposici\u00f3n el hecho de que los nuevos aspirantes a Polic\u00edas, se puedan quedar en Malarg\u00fce, quiero contarles, comentarles, que bueno, he tenido hace unos d\u00edas atr\u00e1s, varios llamados de vecinos por la por ola \u00a0de inseguridad que se est\u00e1 viviendo en Malarg\u00fce, la verdad que es incre\u00edble, incluso gente que tiene hasta miedo de hablar, ayer cuando, ayer hablaba una vecina, en la cual hab\u00edan entrado a su casa a robarle y ella estando ah\u00ed. Ah\u00ed, digo lo peligroso, no, que se puede tornar una situaci\u00f3n de \u00e9stas y la angustia, que generan la gente y bueno, esto habla de la inseguridad que tenemos, pero gracias a Dios tenemos ac\u00e1 en Malarg\u00fce, en el 2016 cuando tambi\u00e9n el Gobernador era, el actual Gobernador, se form\u00f3 el IUSP, ac\u00e1 en Malarg\u00fce, donde David S\u00e1ez era, uno de los Directores, el Delegado de aca en Malarg\u00fce, era el Se\u00f1or Guerrero y bueno el esp\u00edritu de esta, de esta Universidad de Seguridad P\u00fablica, era que los chicos que estaban y que se recib\u00edan en Malarg\u00fce, se quedaran en Malarg\u00fce, pero bueno, esto y digo yo tambi\u00e9n fui parte, fui instructor incluso de defensa personal en esa, en esas dos primeras camadas que salieron. Despu\u00e9s, esto se desvirt\u00faa \u00a0y la gente no, se fue, no se qued\u00f3 en Malarg\u00fce.\u00a0 Malarg\u00fce tiene muy pocos polic\u00edas realmente hemos averiguado tenemos los n\u00fameros y es alarmante porque la Comisar\u00eda en s\u00ed, no contar\u00eda con m\u00e1s de 30 Polic\u00edas para las guardias para cubrir Malarg\u00fce, la ciudad, la zona urbana y algo de 16 Policias, para toda la zona rural. Quedando as\u00ed muchos lugares de la zona rural directamente sin Polic\u00eda y los que tienen Polic\u00edas, con muy poca, muy poco personal, entonces aqu\u00ed la urgencia porque los chicos ya est\u00e1n recibidos, que est\u00e1n haciendo las pasant\u00edas y bueno, como les digo desde la Provincia, nosotros le pedimos esto, ver\u00edamos la verdad que con muy, con muy buenos ojos nos acompa\u00f1en y nos apoyen para que esto sea realidad. tambi\u00e9n ayer estuve Mendoza, donde tambi\u00e9n vamos a tener, digo nos atendieron muy bien y vamos a tener reuniones con gente que est\u00e1 en el Ministerio de Seguridad Juan Ignacio Laf\u00ed, qued\u00f3 en atendernos para que bueno, esto realmente se pueda llevar a cabo y podamos tener y ver reforzado el personal en la Polic\u00eda eso nada m\u00e1s. Much\u00edsimas gracias.\/\/ PRESIDENCIA pone a consideraci\u00f3n la solicitud de Tratamiento Sobre Tablas y es APROBADA por unanimidad. (8 votos afirmativos) \u00a0Tiene Tratamiento sobre Tablas.\/\/ f) Proyectos de los Se\u00f1ores Concejales:\u00a0\u00a0 1.Expte N\u00b0 5.438 HC 065 -2.024 Proyecto de Resoluci\u00f3n: Declarar de Inter\u00e9s Educativo y Social al 1\u00b0 Congreso \u201cLa Higiene y Seguridad y su relaci\u00f3n con el ambiente\u201d.\u00a0 (BLOQUE PARTIDO\u00a0 JUSTICIALISTA) Autores : Concejales Magali Acosta y Emilce Mansilla.\/ Solicita la palabra la Concejal PALMA para que el Cuerpo se constituya en Comisi\u00f3n en virtud que el Expte tiene aprobado el Tratamiento sobre Tablas.\/\u00a0\u00a0 Cuando es la hora\u00a0 10:05 el Cuerpo se constituye en Comisi\u00f3n retomando la Sesi\u00f3n a la hora 10:20.\/ Por Secretaria se procede a la lectura del despacho emitido que sugiere la aprobaci\u00f3n del Proyecto presentado sin modificaciones. PRESIDENCIA pone a consideraci\u00f3n el despacho y es aprobado por unanimidad. (8 votos afirmativos)\u00a0 2.\u00a0 Expte N\u00b0 5.440 HC 065 &#8211;\u00a0 2.024\u00a0 Proyecto de Resoluci\u00f3n: Arbolado del Camping Municipal. (BLOQUE\u00a0 ENCUENTRO). Autor: Concejal\u00a0 Francisco\u00a0 Parada.\/ Solicita la palabra el Concejal PARADA y manifiesta: Gracias, Se\u00f1or Presidente. Bueno el proyecto que estamos ingresando es el resultado de una visita all\u00ed, al camping \u00a0municipal, una charla con la Responsable del camping, la Profesora Alejandra Lucero, pero lamentablemente. hay un n\u00famero importante de \u00e1rboles enfermos, secos y que son un potencial riesgo, no solo para los turistas, sino para el personal que trabaja all\u00ed o para cualquier Malarg\u00fcino, que pase por el camping, as\u00ed que bueno, tambi\u00e9n sabiendo que est\u00e1 aqu\u00ed la presencia de la Licenciada Ram\u00edrez, que es la Directora de Ambiente, la vamos a invitar tambi\u00e9n a que, ahora ella debe estar al tanto, seguramente de lo que est\u00e1 pasando all\u00ed. Pero c\u00f3mo abordar esta tem\u00e1tica creemos que ser\u00eda una pieza importante, que acompa\u00f1e a los que est\u00e1n a cargo all\u00ed del Camping Municipal, para abordar la intervenci\u00f3n, del arbolado, que entendemos y adem\u00e1s acompa\u00f1amos un informe t\u00e9cnico importante, de que tristemente, hay muchos que erradicarlos o al menos una poda importante, as\u00ed es que de eso se trata el Proyecto, pido que pase a la Comisi\u00f3n de Obra P\u00fablica y probablemente esto m\u00e1s all\u00e1 de que entre en el marco de la Emergencia Ambiental, entiendo que tambi\u00e9n debe pasar por Hacienda. Gracias, Presidente, que no se haga la lectura del Proyecto. Muchas gracias.\/\/ Pasa a O.P.T.y R.N y posteriormente a H.P.LA.C.\/\/ .Solicita la palabra el Concejal PARADA \u00a0pide un Cuarto Intermedio cuando es la hora 10:25 del cual se sale a la hora 10:30.\/\/ 3. Expte N\u00b0 5.441 HC 065 \u2013 2.024\u00a0 Proyecto de Resoluci\u00f3n: Solicitar al Ministerio de Seguridad de la Provincia de Mendoza implemente medidas para designaci\u00f3n de personal egresado del IUSP\u00a0 en la Comisaria 24\u00b0 Malarg\u00fce (BLOQUE\u00a0 FRENTE CAMBIA MENDOZA)\u00a0 Autor: Concejal\u00a0 Pablo Villarruel. \/ Tiene aprobado el Tratamiento sobre Tablas.\/ Por Secretaria se procede a la lectura del despacho del Cuerpo en Comisi\u00f3n. PRESIDENCIA pone a consideraci\u00f3n el despacho emitido y es APROBADO. (8 votos afirmativos). Solicita la palabra el Concejal VILLARRUEL y expresa: Bueno, no m\u00e1s que nada, agradecerles no puedo dejar de agradecerle. Bueno, a m\u00ed realmente me llena de alegr\u00eda poder traer este tipo de proyecto que realmente, si bien, c\u00f3mo se llama, como digo la idea, ya es agradecerles a todos por los aportes que han tenido, por la velocidad,\u00a0 en la cual lo pudimos realizar. Gracias a Loli, bueno Mart\u00edn me ayud\u00f3 en un principio. Bueno, todos los Concejales, as\u00ed que bueno, la verdad que mucha alegr\u00eda mucha satisfacci\u00f3n, esto y tambi\u00e9n poder trabajar con los Senadores en Mendoza, as\u00ed que bueno, nada, creo que la idea como siempre es sumar. Y bueno, cuando pasan estas cosas as\u00ed, uno realmente se llena de alegr\u00eda, as\u00ed que nada, agradecido para con todas las personas que, que me acompa\u00f1aron y que lo hicieron tan r\u00e1pido, verdad? Much\u00edsimas gracias.\/\/ Solicita la palabra el Concejal Francisco PARADA. Gracias, se\u00f1or Presidente,\u00a0 agregar a lo que dec\u00eda el Concejal Villarruel, \u00a0lamentablemente, ni que decirlo este Malarg\u00fce y que alguna vez definimos como un pueblo de puertas abiertas. Que dejabamos la bicicleta en la vereda, la dejabamos. Sal\u00edamos de casa sin cerrar nuestras puertas. Bueno, con el paso del tiempo con este drama de la inseguridad, que Malarg\u00fce no queda exceptuado, pero bueno, en los \u00faltimos tiempos estamos en conocimiento, no solo de los informes que llegan desde la Seccional 24\u00b0 y que se dan a conocer de incluso por los medios de comunicaci\u00f3n, sino tambi\u00e9n el vecino incluso hasta en las redes sociales, la gente manifiesta que le robaron, que le hurtaron, bueno, ese tema cada vez, lamentablemente est\u00e1 siendo m\u00e1s complejo. Lo charl\u00e1bamos reci\u00e9n con los Concejales, este tema de seguridad creo que hay que ponerlo en agenda, por eso ayer, planteamos en la reuni\u00f3n que tuvimos con personal del Departamento Ejecutivo, planteamos con mucho inter\u00e9s, el tema del monitoreo, el tema de alarmas comunitarias, el tema de los Cuerpos Especiales, que se encuentran a 7 u 8 kil\u00f3metros, de los barrios principales, la situaci\u00f3n de la Polic\u00eda de Mendoza, en fin, se plante\u00f3 el tema a los referentes del Departamento Ejecutivo, creo que hay que ponerlo en agenda, hay que trabajar seriamente sobre esto, lamentablemente lo digo en un pueblo que siempre nos sentimos muy,\u00a0 pero muy seguros por idiosincrasia si se quiere, o por valores, as\u00ed que con gusto acompa\u00f1amos este pedido de tratamiento Sobre Tabla del Concejal Villarruel y bueno deseamos obviamente \u00a0Mucho \u00e9xito ya en las gestiones que est\u00e1 haciendo, pero sobre todo en la respuesta definitiva del Gobierno de la Provincia, gracias.\/g) Expedientes provenientes del Departamento Ejecutivo: No Ingresados.\/ h) \u00a0Despachos de las Comisiones de Trabajo: 1. Expte N\u00b0 5.434 HC 065 \u2013 2.024 Proyecto de Declaraci\u00f3n: Declarar de Inter\u00e9s\u00a0 Departamental Educativo y Cient\u00edfico a las \u201cJornadas Ambientales 2.024\u201d que se desarrollaran en el mes de Junio en la Ciudad de Malarg\u00fce. (E.H.M.A.S.y C) \/ Por Secretaria se procede a la lectura del \u00a0despacho emitido por la Comisi\u00f3n que sugiere la aprobaci\u00f3n del Proyecto presentado sin modificaciones.\/ PRESIDENCIA lo pone a consideraci\u00f3n y es APROBADO. \/\/ \u00a02. Expte N\u00b0 4.822 \u2013 HC 022 &#8211; 2.020\u00a0\u00a0 Proyecto de Ordenanza:\u00a0 Relevamiento y reparaci\u00f3n de calles y accesos a barrios en mal estado de la Ciudad de Malarg\u00fce. (O.P.TyR.N\u00a0 y H.P.L.A.C).\/ Solicita la palabra el Concejal PALMA y expresa en virtud de lo que manifiesta nuestro Reglamento Interno \u00a0y tambi\u00e9n la Ley 1079 tras haber observado canasta, este Proyecto creemos conveniente mocionar a viva voz su pase a archivo por extempor\u00e1neo. PRESIDENCIA pone a consideraci\u00f3n la moci\u00f3n y es APROBADA (8 votos afirmativos).\/ Pasa a ARCHIVO.\/\/ Solicita la palabra la Concejal ACOSTA pide un Cuarto Intermedio cuando es la hora 10:35 del cual se sale a las 10:37 hs.\/\/ 3. Expte N\u00b0 5.387 HC 062 \u2013 2.024 Proyecto de Resoluci\u00f3n: Solicitar al Departamento Ejecutivo la reparaci\u00f3n, mantenimiento y mejoramiento de caminos tur\u00edsticos y accesos ganaderos del Departamento. (O.P.TyR.N\u00a0 y H.P.L.A.C).\/ Por Secretaria se procede a la lectura de los despachos emitidos que sugieren la aprobaci\u00f3n sin modificaciones del proyecto presentado.\/ PRESIDENCIA pone a consideraci\u00f3n y son APROBADOS.\/\/ \u00a04. Expte N\u00b0\u00a0 5.044 HC 039 \u2013 2.021\u00a0 Proyecto de Ordenanza:\u00a0 Extender la Red de agua potable en el Paraje Las Loicas a trav\u00e9s de la Secretar\u00eda de Obras Publicas de la Municipalidad de Malarg\u00fce (O.P.TyR.N\u00a0 y H.P.L.A.C). Solicita la palabra el Concejal PALMA y expresa: Voy a hacer una reconsideraci\u00f3n en virtud del Art. 86 del Reglamento Interno en relaci\u00f3n a la tramitaci\u00f3n de los proyectos, para que pase a Archivo.\/ PRESIDENCIA pone a consideraci\u00f3n la moci\u00f3n y es aprobada (8 votos afirmativos) .\/ Pasa a ARCHIVO.\/\/\u00a0 \u00a05. Expte N\u00b0 5.435 HC 065 \u2013 2.024 Proyecto de Declaraci\u00f3n: Declarar Hu\u00e9spedes de Honor al Dr. Sergio Saracco y al Lic. Sergio Federovisky ( E.H.M.A.S. y C.).\/ Por Secretaria se procede a la lectura del despacho emitido el cual sugiere la aprobaci\u00f3n con las siguientes modificaciones. ART\u00cdCULO 1\u00b0: Idem proyecto original.\/ ART\u00cdCULO 2\u00b0: H\u00e1gase entrega de un Certificado y copia de la presente pieza legal por parte de este Honorable Concejo Deliberante al Dr. Sergio Saracco y al Lic. Sergio Federovisky.\/ PRESIDENCIA pone a consideraci\u00f3n el despacho y es APROBADO (8 votos afirmativos). Solicita la palabra la concejal MANSILLA quien agradece el acompa\u00f1amiento de los Sres. Concejales en la aprobaci\u00f3n de este Proyecto y segundo para solicitar se corrija el apellido Saracco que lleva doble c.\/.\/\/ \u00a06. Expte N\u00b0 5.432 HC 065 \u2013 2.024 Proyecto de Ordenanza: Ampliar el \u00e1rea de estacionamiento para transporte escolar de la Escuela N\u00b0 2-030 Dr. Juan Maurin Navarro. ( O.P.T y R.N ).\/ Por Secretaria se procede a la lectura del despacho emitido que sugiere la aprobaci\u00f3n con modificaciones.\/ Solicita la palabra la Concejal ACOSTA y mociona que el Expediente vuelva a la Comisi\u00f3n de H.P.L.A.C.\/ Solicita un Cuarto Intermedio cuando es la 10:43 hs. del cual se sale cuando es la hora 10:48. PRESIDENCIA pone a consideraci\u00f3n la moci\u00f3n \u00a0a viva voz de que pase a Comisi\u00f3n de H.P.L.A.C y es APROBADA. ( 8 votos afirmativos) El Expte. pasa a H.P.L.A.C.\/\/ \u00a07. Expte N\u00b0 5.427 HC 065 \u2013 2.024 Proyecto de Ordenanza: Demarcar nuevas sendas peatonales y l\u00edneas de frenado en puntos estrat\u00e9gicos del Departamento. (O.P.TyR.N ).\/ Por Secretaria se da lectura al despacho emitido el cual sugiere la aprobaci\u00f3n del proyecto presentado con modificaciones.\/ Solicita la palabra la Concejal GONZ\u00c1LEZ quien hace la moci\u00f3n a viva voz para que el Expte pase a la Comisi\u00f3n de H.P.L.A.C.\/ PRESIDENCIA pone a consideraci\u00f3n la moci\u00f3n de la Concejal Gonz\u00e1lez y es APROBADA ( 8 votos afirmativos).\/ Pasa a H.P.L.A.C.\/\/ i) Asuntos Varios.\/ No hay solicitudes.\/\/ j) Acto de arriar el Pabell\u00f3n Nacional a cargo del\u00a0\u00a0 concejal que lo iz\u00f3.\/\/ .\/\/ Sin mas temas para tratar se da por finalizada la Sesi\u00f3n, cuando es la hora 10:52, previa lectura de lo que antecede,\u00a0 firman las presentes actuaciones el Se\u00f1or Presidente y la Se\u00f1ora Secretaria del Honorable Concejo Deliberante.\u00a0<\/p>\n","protected":false},"excerpt":{"rendered":"<p>En Malarg\u00fce Mendoza a treinta \u00a0d\u00edas de mayo\u00a0 de 2.024, cuando es la hora\u00a0 09:11,\u00a0 se re\u00fane el Honorable Concejo Deliberante de la Municipalidad de Malarg\u00fce para celebrar la Sesi\u00f3n Ordinaria del d\u00eda de la fecha.\/ Bajo la\u00a0\u00a0 Presidencia de su titular Sr. Rodrigo HIDALGO y la presencia de los Se\u00f1ores\u00a0 Concejales\u00a0 Pablo Villarruel, Elizabeth [&hellip;]<\/p>\n","protected":false},"author":5,"featured_media":33337,"comment_status":"closed","ping_status":"closed","sticky":false,"template":"","format":"standard","meta":{"footnotes":""},"categories":[60,52,33,36],"tags":[],"class_list":["post-36969","post","type-post","status-publish","format-standard","has-post-thumbnail","hentry","category-acta-de-sesiones","category-gacetillas","category-prensa","category-sesiones"],"yoast_head":"<!-- This site is optimized with the Yoast SEO plugin v19.10 - https:\/\/yoast.com\/wordpress\/plugins\/seo\/ -->\n<title>ACTA 12\u00b0 SESI\u00d3N ORDINARIA N\u00b0 1.160- \u201cO\u201d- 30\/05\/2.024 - Malarg\u00fce HCD<\/title>\n<meta name=\"robots\" content=\"index, follow, max-snippet:-1, max-image-preview:large, max-video-preview:-1\" \/>\n<link rel=\"canonical\" href=\"https:\/\/hcd.malargue.gov.ar\/?p=36969\" \/>\n<meta property=\"og:locale\" content=\"es_ES\" \/>\n<meta property=\"og:type\" content=\"article\" \/>\n<meta property=\"og:title\" content=\"ACTA 12\u00b0 SESI\u00d3N ORDINARIA N\u00b0 1.160- \u201cO\u201d- 30\/05\/2.024 - Malarg\u00fce HCD\" \/>\n<meta property=\"og:description\" content=\"En Malarg\u00fce Mendoza a treinta \u00a0d\u00edas de mayo\u00a0 de 2.024, cuando es la hora\u00a0 09:11,\u00a0 se re\u00fane el Honorable Concejo Deliberante de la Municipalidad de Malarg\u00fce para celebrar la Sesi\u00f3n Ordinaria del d\u00eda de la fecha.\/ Bajo la\u00a0\u00a0 Presidencia de su titular Sr. Rodrigo HIDALGO y la presencia de los Se\u00f1ores\u00a0 Concejales\u00a0 Pablo Villarruel, Elizabeth [&hellip;]\" \/>\n<meta property=\"og:url\" content=\"https:\/\/hcd.malargue.gov.ar\/?p=36969\" \/>\n<meta property=\"og:site_name\" content=\"Malarg\u00fce HCD\" \/>\n<meta property=\"article:published_time\" content=\"2024-06-05T14:37:17+00:00\" \/>\n<meta property=\"article:modified_time\" content=\"2024-06-05T14:52:13+00:00\" \/>\n<meta property=\"og:image\" content=\"https:\/\/hcd.malargue.gov.ar\/wp-content\/uploads\/2023\/03\/actas-sesiones.jpg\" \/>\n\t<meta property=\"og:image:width\" content=\"1640\" \/>\n\t<meta property=\"og:image:height\" content=\"924\" \/>\n\t<meta property=\"og:image:type\" content=\"image\/jpeg\" \/>\n<meta name=\"author\" content=\"Belen Pedernera Ferragut\" \/>\n<meta name=\"twitter:card\" content=\"summary_large_image\" \/>\n<meta name=\"twitter:label1\" content=\"Escrito por\" \/>\n\t<meta name=\"twitter:data1\" content=\"Belen Pedernera Ferragut\" \/>\n\t<meta name=\"twitter:label2\" content=\"Tiempo de lectura\" \/>\n\t<meta name=\"twitter:data2\" content=\"19 minutos\" \/>\n<script type=\"application\/ld+json\" class=\"yoast-schema-graph\">{\"@context\":\"https:\/\/schema.org\",\"@graph\":[{\"@type\":\"WebPage\",\"@id\":\"https:\/\/hcd.malargue.gov.ar\/?p=36969\",\"url\":\"https:\/\/hcd.malargue.gov.ar\/?p=36969\",\"name\":\"ACTA 12\u00b0 SESI\u00d3N ORDINARIA N\u00b0 1.160- \u201cO\u201d- 30\/05\/2.024 - Malarg\u00fce HCD\",\"isPartOf\":{\"@id\":\"https:\/\/hcd.malargue.gov.ar\/#website\"},\"datePublished\":\"2024-06-05T14:37:17+00:00\",\"dateModified\":\"2024-06-05T14:52:13+00:00\",\"author\":{\"@id\":\"https:\/\/hcd.malargue.gov.ar\/#\/schema\/person\/3fd6bbab64edd703961b795156c955d0\"},\"breadcrumb\":{\"@id\":\"https:\/\/hcd.malargue.gov.ar\/?p=36969#breadcrumb\"},\"inLanguage\":\"es-AR\",\"potentialAction\":[{\"@type\":\"ReadAction\",\"target\":[\"https:\/\/hcd.malargue.gov.ar\/?p=36969\"]}]},{\"@type\":\"BreadcrumbList\",\"@id\":\"https:\/\/hcd.malargue.gov.ar\/?p=36969#breadcrumb\",\"itemListElement\":[{\"@type\":\"ListItem\",\"position\":1,\"name\":\"Inicio\",\"item\":\"https:\/\/hcd.malargue.gov.ar\/\"},{\"@type\":\"ListItem\",\"position\":2,\"name\":\"ACTA 12\u00b0 SESI\u00d3N ORDINARIA N\u00b0 1.160- \u201cO\u201d- 30\/05\/2.024\"}]},{\"@type\":\"WebSite\",\"@id\":\"https:\/\/hcd.malargue.gov.ar\/#website\",\"url\":\"https:\/\/hcd.malargue.gov.ar\/\",\"name\":\"Malarg\u00fce HCD\",\"description\":\"Malarg\u00fce Mendoza Argentina\",\"potentialAction\":[{\"@type\":\"SearchAction\",\"target\":{\"@type\":\"EntryPoint\",\"urlTemplate\":\"https:\/\/hcd.malargue.gov.ar\/?s={search_term_string}\"},\"query-input\":\"required name=search_term_string\"}],\"inLanguage\":\"es-AR\"},{\"@type\":\"Person\",\"@id\":\"https:\/\/hcd.malargue.gov.ar\/#\/schema\/person\/3fd6bbab64edd703961b795156c955d0\",\"name\":\"Belen Pedernera Ferragut\",\"image\":{\"@type\":\"ImageObject\",\"inLanguage\":\"es-AR\",\"@id\":\"https:\/\/hcd.malargue.gov.ar\/#\/schema\/person\/image\/\",\"url\":\"https:\/\/secure.gravatar.com\/avatar\/1054ffab3893de4bb3eb29bdd22f7e34b8537bf5d34d9dab311818154ad5b71f?s=96&d=mm&r=g\",\"contentUrl\":\"https:\/\/secure.gravatar.com\/avatar\/1054ffab3893de4bb3eb29bdd22f7e34b8537bf5d34d9dab311818154ad5b71f?s=96&d=mm&r=g\",\"caption\":\"Belen Pedernera Ferragut\"},\"url\":\"https:\/\/hcd.malargue.gov.ar\/?author=5\"}]}<\/script>\n<!-- \/ Yoast SEO plugin. -->","yoast_head_json":{"title":"ACTA 12\u00b0 SESI\u00d3N ORDINARIA N\u00b0 1.160- \u201cO\u201d- 30\/05\/2.024 - Malarg\u00fce HCD","robots":{"index":"index","follow":"follow","max-snippet":"max-snippet:-1","max-image-preview":"max-image-preview:large","max-video-preview":"max-video-preview:-1"},"canonical":"https:\/\/hcd.malargue.gov.ar\/?p=36969","og_locale":"es_ES","og_type":"article","og_title":"ACTA 12\u00b0 SESI\u00d3N ORDINARIA N\u00b0 1.160- \u201cO\u201d- 30\/05\/2.024 - Malarg\u00fce HCD","og_description":"En Malarg\u00fce Mendoza a treinta \u00a0d\u00edas de mayo\u00a0 de 2.024, cuando es la hora\u00a0 09:11,\u00a0 se re\u00fane el Honorable Concejo Deliberante de la Municipalidad de Malarg\u00fce para celebrar la Sesi\u00f3n Ordinaria del d\u00eda de la fecha.\/ Bajo la\u00a0\u00a0 Presidencia de su titular Sr. Rodrigo HIDALGO y la presencia de los Se\u00f1ores\u00a0 Concejales\u00a0 Pablo Villarruel, Elizabeth [&hellip;]","og_url":"https:\/\/hcd.malargue.gov.ar\/?p=36969","og_site_name":"Malarg\u00fce HCD","article_published_time":"2024-06-05T14:37:17+00:00","article_modified_time":"2024-06-05T14:52:13+00:00","og_image":[{"width":1640,"height":924,"url":"https:\/\/hcd.malargue.gov.ar\/wp-content\/uploads\/2023\/03\/actas-sesiones.jpg","type":"image\/jpeg"}],"author":"Belen Pedernera Ferragut","twitter_card":"summary_large_image","twitter_misc":{"Escrito por":"Belen Pedernera Ferragut","Tiempo de lectura":"19 minutos"},"schema":{"@context":"https:\/\/schema.org","@graph":[{"@type":"WebPage","@id":"https:\/\/hcd.malargue.gov.ar\/?p=36969","url":"https:\/\/hcd.malargue.gov.ar\/?p=36969","name":"ACTA 12\u00b0 SESI\u00d3N ORDINARIA N\u00b0 1.160- \u201cO\u201d- 30\/05\/2.024 - Malarg\u00fce HCD","isPartOf":{"@id":"https:\/\/hcd.malargue.gov.ar\/#website"},"datePublished":"2024-06-05T14:37:17+00:00","dateModified":"2024-06-05T14:52:13+00:00","author":{"@id":"https:\/\/hcd.malargue.gov.ar\/#\/schema\/person\/3fd6bbab64edd703961b795156c955d0"},"breadcrumb":{"@id":"https:\/\/hcd.malargue.gov.ar\/?p=36969#breadcrumb"},"inLanguage":"es-AR","potentialAction":[{"@type":"ReadAction","target":["https:\/\/hcd.malargue.gov.ar\/?p=36969"]}]},{"@type":"BreadcrumbList","@id":"https:\/\/hcd.malargue.gov.ar\/?p=36969#breadcrumb","itemListElement":[{"@type":"ListItem","position":1,"name":"Inicio","item":"https:\/\/hcd.malargue.gov.ar\/"},{"@type":"ListItem","position":2,"name":"ACTA 12\u00b0 SESI\u00d3N ORDINARIA N\u00b0 1.160- \u201cO\u201d- 30\/05\/2.024"}]},{"@type":"WebSite","@id":"https:\/\/hcd.malargue.gov.ar\/#website","url":"https:\/\/hcd.malargue.gov.ar\/","name":"Malarg\u00fce HCD","description":"Malarg\u00fce Mendoza Argentina","potentialAction":[{"@type":"SearchAction","target":{"@type":"EntryPoint","urlTemplate":"https:\/\/hcd.malargue.gov.ar\/?s={search_term_string}"},"query-input":"required name=search_term_string"}],"inLanguage":"es-AR"},{"@type":"Person","@id":"https:\/\/hcd.malargue.gov.ar\/#\/schema\/person\/3fd6bbab64edd703961b795156c955d0","name":"Belen Pedernera Ferragut","image":{"@type":"ImageObject","inLanguage":"es-AR","@id":"https:\/\/hcd.malargue.gov.ar\/#\/schema\/person\/image\/","url":"https:\/\/secure.gravatar.com\/avatar\/1054ffab3893de4bb3eb29bdd22f7e34b8537bf5d34d9dab311818154ad5b71f?s=96&d=mm&r=g","contentUrl":"https:\/\/secure.gravatar.com\/avatar\/1054ffab3893de4bb3eb29bdd22f7e34b8537bf5d34d9dab311818154ad5b71f?s=96&d=mm&r=g","caption":"Belen Pedernera Ferragut"},"url":"https:\/\/hcd.malargue.gov.ar\/?author=5"}]}},"_links":{"self":[{"href":"https:\/\/hcd.malargue.gov.ar\/index.php?rest_route=\/wp\/v2\/posts\/36969","targetHints":{"allow":["GET"]}}],"collection":[{"href":"https:\/\/hcd.malargue.gov.ar\/index.php?rest_route=\/wp\/v2\/posts"}],"about":[{"href":"https:\/\/hcd.malargue.gov.ar\/index.php?rest_route=\/wp\/v2\/types\/post"}],"author":[{"embeddable":true,"href":"https:\/\/hcd.malargue.gov.ar\/index.php?rest_route=\/wp\/v2\/users\/5"}],"replies":[{"embeddable":true,"href":"https:\/\/hcd.malargue.gov.ar\/index.php?rest_route=%2Fwp%2Fv2%2Fcomments&post=36969"}],"version-history":[{"count":2,"href":"https:\/\/hcd.malargue.gov.ar\/index.php?rest_route=\/wp\/v2\/posts\/36969\/revisions"}],"predecessor-version":[{"id":36976,"href":"https:\/\/hcd.malargue.gov.ar\/index.php?rest_route=\/wp\/v2\/posts\/36969\/revisions\/36976"}],"wp:featuredmedia":[{"embeddable":true,"href":"https:\/\/hcd.malargue.gov.ar\/index.php?rest_route=\/wp\/v2\/media\/33337"}],"wp:attachment":[{"href":"https:\/\/hcd.malargue.gov.ar\/index.php?rest_route=%2Fwp%2Fv2%2Fmedia&parent=36969"}],"wp:term":[{"taxonomy":"category","embeddable":true,"href":"https:\/\/hcd.malargue.gov.ar\/index.php?rest_route=%2Fwp%2Fv2%2Fcategories&post=36969"},{"taxonomy":"post_tag","embeddable":true,"href":"https:\/\/hcd.malargue.gov.ar\/index.php?rest_route=%2Fwp%2Fv2%2Ftags&post=36969"}],"curies":[{"name":"wp","href":"https:\/\/api.w.org\/{rel}","templated":true}]}}