{"id":37014,"date":"2024-06-11T12:21:58","date_gmt":"2024-06-11T15:21:58","guid":{"rendered":"https:\/\/hcd.malargue.gov.ar\/?p=37014"},"modified":"2024-06-11T12:23:50","modified_gmt":"2024-06-11T15:23:50","slug":"resolucion-no-151-2-024","status":"publish","type":"post","link":"https:\/\/hcd.malargue.gov.ar\/?p=37014","title":{"rendered":"RESOLUCI\u00d3N N\u00b0 151\/2.024"},"content":{"rendered":"\n<p><em>Teniendo en cuenta las frecuentes quejas de los vecinos por la falta de se\u00f1alizaci\u00f3n y demarcaci\u00f3n de los espacios reservados para paradas de colectivos lo que ocasiona perjuicios para quienes deben hacer uso de ese medio de movilidad; es que los Ediles solicitaron al Departamento Ejecutivo, de cumplimiento a la Ley N\u00ba 9.024\/2.017, se\u00f1alizando y delimitando los espacios reservados para ascenso y descenso de pasajeros\/paradas de colectivos.-<\/em><\/p>\n\n\n\n<p class=\"has-text-align-center\"><strong>MIRA LA PIEZA LEGAL COMPLETA<\/strong><\/p>\n\n\n<div class=\"wp-block-image\">\n<figure class=\"alignright is-resized\"><a href=\"http:\/\/hcd.malargue.gov.ar\/2024\/rn%20151%202024%20demarcacion%20espacios%20colectivos%20via%20publica.pdf\"><img loading=\"lazy\" decoding=\"async\" width=\"512\" height=\"512\" src=\"https:\/\/hcd.malargue.gov.ar\/wp-content\/uploads\/2018\/06\/PDF-JPG.jpg\" alt=\"\" class=\"wp-image-7950\" style=\"width:127px;height:auto\" srcset=\"https:\/\/hcd.malargue.gov.ar\/wp-content\/uploads\/2018\/06\/PDF-JPG.jpg 512w, https:\/\/hcd.malargue.gov.ar\/wp-content\/uploads\/2018\/06\/PDF-JPG-150x150.jpg 150w, https:\/\/hcd.malargue.gov.ar\/wp-content\/uploads\/2018\/06\/PDF-JPG-300x300.jpg 300w\" sizes=\"auto, (max-width: 512px) 100vw, 512px\" \/><\/a><\/figure>\n<\/div>\n\n\n<p><strong>AUTORES: CONCEJAL PABLO CABRERA Y CONCEJALAS MAGALI ACOSTA Y EMILCE MANSILLA<\/strong><\/p>\n\n\n\n<p><strong>BLOQUE JUSTICIALISTA<\/strong><\/p>\n\n\n\n<p>VISTO: El&nbsp; contenido del Expte. N\u00ba 5.385-HC-062-2.024. Bloque Partido Justicialista. Proyecto de Resoluci\u00f3n: Colocaci\u00f3n&nbsp; de se\u00f1al\u00e9tica&nbsp; y demarcaci\u00f3n de espacios reservados, para parada de&nbsp; colectivos en la v\u00eda p\u00fablica de la Ciudad de Malarg\u00fce.<\/p>\n\n\n\n<p>&nbsp;&nbsp;&nbsp;&nbsp;&nbsp;&nbsp;&nbsp;&nbsp;&nbsp;&nbsp;&nbsp; Las frecuentes quejas de los vecinos por la falta de se\u00f1alizaci\u00f3n y demarcaci\u00f3n de los espacios&nbsp;&nbsp; reservados para paradas de colectivos.<\/p>\n\n\n\n<p>&nbsp;&nbsp;&nbsp;&nbsp;&nbsp;&nbsp;&nbsp;&nbsp;&nbsp;&nbsp;&nbsp; y;<\/p>\n\n\n\n<p>CONSIDERANDO: Que es de m\u00e1xima importancia la colocaci\u00f3n de se\u00f1al\u00e9tica y poder realizar el &nbsp;cumplimiento de las normas establecidas en la Ley 9.024\/17; por parte de conductores que se estacionan en ese espacio.<\/p>\n\n\n\n<p>&nbsp;&nbsp;&nbsp;&nbsp;&nbsp;&nbsp;&nbsp;&nbsp;&nbsp;&nbsp;&nbsp; Que la falta de se\u00f1alizaci\u00f3n y delimitaci\u00f3n de los espacios, de parada de colectivos, en todos los recorridos, ocasionan perjuicios para quienes deben hacer uso de ese medio de movilidad para concurrir al&nbsp; trabajo, estudios, compras, visitas m\u00e9dicas, etc.<\/p>\n\n\n\n<p>&nbsp;&nbsp;&nbsp;&nbsp;&nbsp;&nbsp;&nbsp;&nbsp;&nbsp;&nbsp;&nbsp; Que esa falta de se\u00f1al\u00e9tica ocasiona que conductores se estacionan en esos espacios, ocasionando que los usuarios de transporte no sean vistos por los conductores de los mismos, a menos que salgan a la calzada, poniendo en riesgo sus vidas.<\/p>\n\n\n\n<p>&nbsp;&nbsp;&nbsp;&nbsp;&nbsp;&nbsp;&nbsp;&nbsp;&nbsp;&nbsp;&nbsp; Que son de mayor exposici\u00f3n a los peligros de la calzada transitada, ni\u00f1os y adultos mayores con menos capacidad de reflejos y reacci\u00f3n.<\/p>\n\n\n\n<p>&nbsp;&nbsp;&nbsp;&nbsp;&nbsp;&nbsp;&nbsp;&nbsp;&nbsp;&nbsp;&nbsp; Que nuevos usuarios de transporte de pasajeros, no sabiendo identificar las paradas autorizadas de colectivos, no pueden abordarlos.<\/p>\n\n\n\n<p>&nbsp;&nbsp;&nbsp;&nbsp;&nbsp;&nbsp;&nbsp;&nbsp;&nbsp;&nbsp;&nbsp; Que no contamos en nuestro Departamento con una oferta que permita abordar otro transporte en caso de perder el que se pretend\u00eda.<\/p>\n\n\n\n<p>&nbsp;&nbsp;&nbsp;&nbsp;&nbsp;&nbsp;&nbsp;&nbsp;&nbsp;&nbsp;&nbsp; Que el contenido de la Ley 9.024\/17 habilita a los Municipios a llevar adelante las acciones que hoy se piden, en su&nbsp; Art\u00edculo&nbsp; 9\u00b0&nbsp; determina:<\/p>\n\n\n\n<p>&nbsp;&nbsp;&nbsp;&nbsp;&nbsp;&nbsp;&nbsp;&nbsp;&nbsp;&nbsp;&nbsp; b) Realizar las acciones tendientes a preservar la seguridad vial,<\/p>\n\n\n\n<p>&nbsp;&nbsp;&nbsp;&nbsp;&nbsp;&nbsp;&nbsp;&nbsp;&nbsp;&nbsp;&nbsp; d) Prevenir las infracciones a las normas viales y adoptar disposiciones transitorias referidas a la circulaci\u00f3n de personas y veh\u00edculos, cuando circunstancias de orde o de seguridad p\u00fablica lo requieran;<\/p>\n\n\n\n<p>&nbsp;&nbsp;&nbsp;&nbsp;&nbsp;&nbsp;&nbsp;&nbsp;&nbsp;&nbsp;&nbsp; e) Desarrollar las campa\u00f1as de educaci\u00f3n vial que permitan capacitar a la poblaci\u00f3n para el correcto uso de la v\u00eda p\u00fablica, seg\u00fan las pautas que el Poder Ejecutivo dicte&nbsp; en el marco de dicha Ley;<\/p>\n\n\n\n<p>y en el Art\u00edculo &nbsp;13\u00b0 determina:<\/p>\n\n\n\n<p>&nbsp;&nbsp;&nbsp;&nbsp;&nbsp;&nbsp;&nbsp;&nbsp;&nbsp;&nbsp;&nbsp; a) Coordinar, impulsar y generar la implementaci\u00f3n de pol\u00edticas adecuadas de Seguridad Vial.<\/p>\n\n\n\n<p>&nbsp;&nbsp;&nbsp;&nbsp;&nbsp;&nbsp;&nbsp;&nbsp;&nbsp;&nbsp;&nbsp; g) Desarrollar las campa\u00f1as de concientizaci\u00f3n y de educaci\u00f3n vial que permitan capacitar a la poblaci\u00f3n para el correcto uso de la v\u00eda p\u00fablica y el respeto hac\u00eda el espacio p\u00fablico.<\/p>\n\n\n\n<p>EL HONORABLE CONCEJO DELIBERANTE MALARG\u00dcE, EN USO DE LAS FACULTADES QUE LE SON PROPIAS<\/p>\n\n\n\n<p>&nbsp;&nbsp;&nbsp;&nbsp;&nbsp;&nbsp;&nbsp;&nbsp;&nbsp;&nbsp;&nbsp;&nbsp;&nbsp;&nbsp;&nbsp;&nbsp;&nbsp;&nbsp;&nbsp;&nbsp;&nbsp;&nbsp;&nbsp;&nbsp;&nbsp;&nbsp;&nbsp;&nbsp;&nbsp;&nbsp;&nbsp;&nbsp;&nbsp; RESUELVE<\/p>\n\n\n\n<p>ARTICULO\u00a0 1\u00b0: Solicitar al Departamento Ejecutivo, a trav\u00e9s del \u00e1rea correspondiente, se d\u00e9 cumplimiento a la Ley 9.024\/2.017, se\u00f1alizando y delimitando los espacios reservados para ascenso y descenso de pasajeros\/paradas de colectivos, en todos sus recorridos.<\/p>\n\n\n\n<p>ARTICULO \u00a02\u00b0: Solicitar al Departamento Ejecutivo, a trav\u00e9s del \u00e1rea de Seguridad Ciudadana y Equipo de Preventores Municipales, desarrollen las campa\u00f1as que consideren convenientes, dando cumplimiento al Art. 13\u00b0 inciso \u201cg\u201d de la Ley N\u00ba 9.024\/2.017.<\/p>\n\n\n\n<p>ARTICULO 3\u00b0:Comun\u00edquese, reg\u00edstrese, agr\u00e9guese copia de la presente en las actuaciones correspondientes y arch\u00edvese.<\/p>\n\n\n\n<p>DADA EN LA SALA DE SESIONES DR. RICARDO BALBIN DEL HONORABLE CONCEJO DELIBERANTE DE LA MUNICIPALIDAD DE MALARG\u00dcE A SEIS D\u00cdAS DE&nbsp; JUNIO DE DOS MIL VEINTICUATRO<\/p>\n","protected":false},"excerpt":{"rendered":"<p>Teniendo en cuenta las frecuentes quejas de los vecinos por la falta de se\u00f1alizaci\u00f3n y demarcaci\u00f3n de los espacios reservados para paradas de colectivos lo que ocasiona perjuicios para quienes deben hacer uso de ese medio de movilidad; es que los Ediles solicitaron al Departamento Ejecutivo, de cumplimiento a la Ley N\u00ba 9.024\/2.017, se\u00f1alizando y [&hellip;]<\/p>\n","protected":false},"author":5,"featured_media":37017,"comment_status":"closed","ping_status":"closed","sticky":false,"template":"","format":"standard","meta":{"footnotes":""},"categories":[52,29,33,51],"tags":[],"class_list":["post-37014","post","type-post","status-publish","format-standard","has-post-thumbnail","hentry","category-gacetillas","category-lesgilacion","category-prensa","category-resoluciones"],"yoast_head":"<!-- This site is optimized with the Yoast SEO plugin v19.10 - https:\/\/yoast.com\/wordpress\/plugins\/seo\/ -->\n<title>RESOLUCI\u00d3N N\u00b0 151\/2.024 - Malarg\u00fce HCD<\/title>\n<meta name=\"robots\" content=\"index, follow, max-snippet:-1, max-image-preview:large, max-video-preview:-1\" \/>\n<link rel=\"canonical\" href=\"https:\/\/hcd.malargue.gov.ar\/?p=37014\" \/>\n<meta property=\"og:locale\" content=\"es_ES\" \/>\n<meta property=\"og:type\" content=\"article\" \/>\n<meta property=\"og:title\" content=\"RESOLUCI\u00d3N N\u00b0 151\/2.024 - Malarg\u00fce HCD\" \/>\n<meta property=\"og:description\" content=\"Teniendo en cuenta las frecuentes quejas de los vecinos por la falta de se\u00f1alizaci\u00f3n y demarcaci\u00f3n de los espacios reservados para paradas de colectivos lo que ocasiona perjuicios para quienes deben hacer uso de ese medio de movilidad; es que los Ediles solicitaron al Departamento Ejecutivo, de cumplimiento a la Ley N\u00ba 9.024\/2.017, se\u00f1alizando y [&hellip;]\" \/>\n<meta property=\"og:url\" content=\"https:\/\/hcd.malargue.gov.ar\/?p=37014\" \/>\n<meta property=\"og:site_name\" content=\"Malarg\u00fce HCD\" \/>\n<meta property=\"article:published_time\" content=\"2024-06-11T15:21:58+00:00\" \/>\n<meta property=\"article:modified_time\" content=\"2024-06-11T15:23:50+00:00\" \/>\n<meta property=\"og:image\" content=\"https:\/\/hcd.malargue.gov.ar\/wp-content\/uploads\/2024\/06\/RESOLUCION-151-2024.png\" \/>\n\t<meta property=\"og:image:width\" content=\"940\" \/>\n\t<meta property=\"og:image:height\" content=\"788\" \/>\n\t<meta property=\"og:image:type\" content=\"image\/png\" \/>\n<meta name=\"author\" content=\"Belen Pedernera Ferragut\" \/>\n<meta name=\"twitter:card\" content=\"summary_large_image\" \/>\n<meta name=\"twitter:label1\" content=\"Escrito por\" \/>\n\t<meta name=\"twitter:data1\" content=\"Belen Pedernera Ferragut\" \/>\n\t<meta name=\"twitter:label2\" content=\"Tiempo de lectura\" \/>\n\t<meta name=\"twitter:data2\" content=\"4 minutos\" \/>\n<script type=\"application\/ld+json\" class=\"yoast-schema-graph\">{\"@context\":\"https:\/\/schema.org\",\"@graph\":[{\"@type\":\"WebPage\",\"@id\":\"https:\/\/hcd.malargue.gov.ar\/?p=37014\",\"url\":\"https:\/\/hcd.malargue.gov.ar\/?p=37014\",\"name\":\"RESOLUCI\u00d3N N\u00b0 151\/2.024 - Malarg\u00fce HCD\",\"isPartOf\":{\"@id\":\"https:\/\/hcd.malargue.gov.ar\/#website\"},\"datePublished\":\"2024-06-11T15:21:58+00:00\",\"dateModified\":\"2024-06-11T15:23:50+00:00\",\"author\":{\"@id\":\"https:\/\/hcd.malargue.gov.ar\/#\/schema\/person\/3fd6bbab64edd703961b795156c955d0\"},\"breadcrumb\":{\"@id\":\"https:\/\/hcd.malargue.gov.ar\/?p=37014#breadcrumb\"},\"inLanguage\":\"es-AR\",\"potentialAction\":[{\"@type\":\"ReadAction\",\"target\":[\"https:\/\/hcd.malargue.gov.ar\/?p=37014\"]}]},{\"@type\":\"BreadcrumbList\",\"@id\":\"https:\/\/hcd.malargue.gov.ar\/?p=37014#breadcrumb\",\"itemListElement\":[{\"@type\":\"ListItem\",\"position\":1,\"name\":\"Inicio\",\"item\":\"https:\/\/hcd.malargue.gov.ar\/\"},{\"@type\":\"ListItem\",\"position\":2,\"name\":\"RESOLUCI\u00d3N N\u00b0 151\/2.024\"}]},{\"@type\":\"WebSite\",\"@id\":\"https:\/\/hcd.malargue.gov.ar\/#website\",\"url\":\"https:\/\/hcd.malargue.gov.ar\/\",\"name\":\"Malarg\u00fce HCD\",\"description\":\"Malarg\u00fce Mendoza Argentina\",\"potentialAction\":[{\"@type\":\"SearchAction\",\"target\":{\"@type\":\"EntryPoint\",\"urlTemplate\":\"https:\/\/hcd.malargue.gov.ar\/?s={search_term_string}\"},\"query-input\":\"required name=search_term_string\"}],\"inLanguage\":\"es-AR\"},{\"@type\":\"Person\",\"@id\":\"https:\/\/hcd.malargue.gov.ar\/#\/schema\/person\/3fd6bbab64edd703961b795156c955d0\",\"name\":\"Belen Pedernera Ferragut\",\"image\":{\"@type\":\"ImageObject\",\"inLanguage\":\"es-AR\",\"@id\":\"https:\/\/hcd.malargue.gov.ar\/#\/schema\/person\/image\/\",\"url\":\"https:\/\/secure.gravatar.com\/avatar\/1054ffab3893de4bb3eb29bdd22f7e34b8537bf5d34d9dab311818154ad5b71f?s=96&d=mm&r=g\",\"contentUrl\":\"https:\/\/secure.gravatar.com\/avatar\/1054ffab3893de4bb3eb29bdd22f7e34b8537bf5d34d9dab311818154ad5b71f?s=96&d=mm&r=g\",\"caption\":\"Belen Pedernera Ferragut\"},\"url\":\"https:\/\/hcd.malargue.gov.ar\/?author=5\"}]}<\/script>\n<!-- \/ Yoast SEO plugin. -->","yoast_head_json":{"title":"RESOLUCI\u00d3N N\u00b0 151\/2.024 - Malarg\u00fce HCD","robots":{"index":"index","follow":"follow","max-snippet":"max-snippet:-1","max-image-preview":"max-image-preview:large","max-video-preview":"max-video-preview:-1"},"canonical":"https:\/\/hcd.malargue.gov.ar\/?p=37014","og_locale":"es_ES","og_type":"article","og_title":"RESOLUCI\u00d3N N\u00b0 151\/2.024 - Malarg\u00fce HCD","og_description":"Teniendo en cuenta las frecuentes quejas de los vecinos por la falta de se\u00f1alizaci\u00f3n y demarcaci\u00f3n de los espacios reservados para paradas de colectivos lo que ocasiona perjuicios para quienes deben hacer uso de ese medio de movilidad; es que los Ediles solicitaron al Departamento Ejecutivo, de cumplimiento a la Ley N\u00ba 9.024\/2.017, se\u00f1alizando y [&hellip;]","og_url":"https:\/\/hcd.malargue.gov.ar\/?p=37014","og_site_name":"Malarg\u00fce HCD","article_published_time":"2024-06-11T15:21:58+00:00","article_modified_time":"2024-06-11T15:23:50+00:00","og_image":[{"width":940,"height":788,"url":"https:\/\/hcd.malargue.gov.ar\/wp-content\/uploads\/2024\/06\/RESOLUCION-151-2024.png","type":"image\/png"}],"author":"Belen Pedernera Ferragut","twitter_card":"summary_large_image","twitter_misc":{"Escrito por":"Belen Pedernera Ferragut","Tiempo de lectura":"4 minutos"},"schema":{"@context":"https:\/\/schema.org","@graph":[{"@type":"WebPage","@id":"https:\/\/hcd.malargue.gov.ar\/?p=37014","url":"https:\/\/hcd.malargue.gov.ar\/?p=37014","name":"RESOLUCI\u00d3N N\u00b0 151\/2.024 - Malarg\u00fce HCD","isPartOf":{"@id":"https:\/\/hcd.malargue.gov.ar\/#website"},"datePublished":"2024-06-11T15:21:58+00:00","dateModified":"2024-06-11T15:23:50+00:00","author":{"@id":"https:\/\/hcd.malargue.gov.ar\/#\/schema\/person\/3fd6bbab64edd703961b795156c955d0"},"breadcrumb":{"@id":"https:\/\/hcd.malargue.gov.ar\/?p=37014#breadcrumb"},"inLanguage":"es-AR","potentialAction":[{"@type":"ReadAction","target":["https:\/\/hcd.malargue.gov.ar\/?p=37014"]}]},{"@type":"BreadcrumbList","@id":"https:\/\/hcd.malargue.gov.ar\/?p=37014#breadcrumb","itemListElement":[{"@type":"ListItem","position":1,"name":"Inicio","item":"https:\/\/hcd.malargue.gov.ar\/"},{"@type":"ListItem","position":2,"name":"RESOLUCI\u00d3N N\u00b0 151\/2.024"}]},{"@type":"WebSite","@id":"https:\/\/hcd.malargue.gov.ar\/#website","url":"https:\/\/hcd.malargue.gov.ar\/","name":"Malarg\u00fce HCD","description":"Malarg\u00fce Mendoza Argentina","potentialAction":[{"@type":"SearchAction","target":{"@type":"EntryPoint","urlTemplate":"https:\/\/hcd.malargue.gov.ar\/?s={search_term_string}"},"query-input":"required name=search_term_string"}],"inLanguage":"es-AR"},{"@type":"Person","@id":"https:\/\/hcd.malargue.gov.ar\/#\/schema\/person\/3fd6bbab64edd703961b795156c955d0","name":"Belen Pedernera Ferragut","image":{"@type":"ImageObject","inLanguage":"es-AR","@id":"https:\/\/hcd.malargue.gov.ar\/#\/schema\/person\/image\/","url":"https:\/\/secure.gravatar.com\/avatar\/1054ffab3893de4bb3eb29bdd22f7e34b8537bf5d34d9dab311818154ad5b71f?s=96&d=mm&r=g","contentUrl":"https:\/\/secure.gravatar.com\/avatar\/1054ffab3893de4bb3eb29bdd22f7e34b8537bf5d34d9dab311818154ad5b71f?s=96&d=mm&r=g","caption":"Belen Pedernera Ferragut"},"url":"https:\/\/hcd.malargue.gov.ar\/?author=5"}]}},"_links":{"self":[{"href":"https:\/\/hcd.malargue.gov.ar\/index.php?rest_route=\/wp\/v2\/posts\/37014","targetHints":{"allow":["GET"]}}],"collection":[{"href":"https:\/\/hcd.malargue.gov.ar\/index.php?rest_route=\/wp\/v2\/posts"}],"about":[{"href":"https:\/\/hcd.malargue.gov.ar\/index.php?rest_route=\/wp\/v2\/types\/post"}],"author":[{"embeddable":true,"href":"https:\/\/hcd.malargue.gov.ar\/index.php?rest_route=\/wp\/v2\/users\/5"}],"replies":[{"embeddable":true,"href":"https:\/\/hcd.malargue.gov.ar\/index.php?rest_route=%2Fwp%2Fv2%2Fcomments&post=37014"}],"version-history":[{"count":2,"href":"https:\/\/hcd.malargue.gov.ar\/index.php?rest_route=\/wp\/v2\/posts\/37014\/revisions"}],"predecessor-version":[{"id":37018,"href":"https:\/\/hcd.malargue.gov.ar\/index.php?rest_route=\/wp\/v2\/posts\/37014\/revisions\/37018"}],"wp:featuredmedia":[{"embeddable":true,"href":"https:\/\/hcd.malargue.gov.ar\/index.php?rest_route=\/wp\/v2\/media\/37017"}],"wp:attachment":[{"href":"https:\/\/hcd.malargue.gov.ar\/index.php?rest_route=%2Fwp%2Fv2%2Fmedia&parent=37014"}],"wp:term":[{"taxonomy":"category","embeddable":true,"href":"https:\/\/hcd.malargue.gov.ar\/index.php?rest_route=%2Fwp%2Fv2%2Fcategories&post=37014"},{"taxonomy":"post_tag","embeddable":true,"href":"https:\/\/hcd.malargue.gov.ar\/index.php?rest_route=%2Fwp%2Fv2%2Ftags&post=37014"}],"curies":[{"name":"wp","href":"https:\/\/api.w.org\/{rel}","templated":true}]}}