{"id":37022,"date":"2024-06-12T11:04:32","date_gmt":"2024-06-12T14:04:32","guid":{"rendered":"https:\/\/hcd.malargue.gov.ar\/?p=37022"},"modified":"2024-06-12T11:05:54","modified_gmt":"2024-06-12T14:05:54","slug":"acta-13-sesion-ordinaria-n1-161-o-6-06-2-024","status":"publish","type":"post","link":"https:\/\/hcd.malargue.gov.ar\/?p=37022","title":{"rendered":"ACTA 13\u00b0 SESION\u00a0ORDINARIA\u00a0 N\u00b01.161- \u201cO\u201d- 6\/06\/2.024"},"content":{"rendered":"<div class=\"wp-block-image\">\n<figure class=\"alignright size-full is-resized\"><a href=\"http:\/\/hcd.malargue.gov.ar\/2024\/13%20BANCA%20DEL%20CIUDADANO%20ANDREA%20PEDERNERA.pdf\"><img loading=\"lazy\" decoding=\"async\" width=\"512\" height=\"512\" src=\"https:\/\/hcd.malargue.gov.ar\/wp-content\/uploads\/2018\/06\/PDF-JPG.jpg\" alt=\"\" class=\"wp-image-7950\" style=\"width:134px;height:auto\" srcset=\"https:\/\/hcd.malargue.gov.ar\/wp-content\/uploads\/2018\/06\/PDF-JPG.jpg 512w, https:\/\/hcd.malargue.gov.ar\/wp-content\/uploads\/2018\/06\/PDF-JPG-150x150.jpg 150w, https:\/\/hcd.malargue.gov.ar\/wp-content\/uploads\/2018\/06\/PDF-JPG-300x300.jpg 300w\" sizes=\"auto, (max-width: 512px) 100vw, 512px\" \/><\/a><\/figure>\n<\/div>\n\n\n<p><strong>BANCA DEL CIUDADANO<\/strong><\/p>\n\n\n\n<p><strong>Sra. Andrea PEDERNERA<\/strong><\/p>\n\n\n\n<p>Tema:&nbsp;&nbsp; Situaci\u00f3n Escuela N\u00b0 4-228 Eugenio Izsaky Electromec\u00e1nica por estado de sus instalaciones.<\/p>\n\n\n\n<p>PRESIDENCIA da la bienvenida a la Sra. Andrea Pedernera.&nbsp; &nbsp;Buen d\u00eda a todos. En el d\u00eda de la fecha 06 de junio de 2024, tenemos la Banca del Ciudadano, solicitada por &nbsp;Nota , espacio donde nos explicar\u00e1 cu\u00e1l es el tema que quiere plantear. \/<\/p>\n\n\n\n<p>Muchas gracias, buenos d\u00edas a todos. Bueno, antes que nada, yo estuve hablando ahora en estos momentos con la Comisi\u00f3n de Padres, que est\u00e1 conformada dentro de lo que es la Escuela Electro, hab\u00eda mucha informaci\u00f3n de la que yo no, no sab\u00eda mucho. Yo ped\u00ed la Banca como mam\u00e1 de dos alumnos de la Electro. Yo tengo mi hija con un tratamiento por alergias, mi hija, el a\u00f1o pasado se qued\u00f3 libre, tanto faltar a la escuela por el tema de la humedad, de la poca calefacci\u00f3n, del mal estado en s\u00ed del establecimiento, donde los chicos concurren y est\u00e1n todo el tiempo con la humedad, en el fr\u00edo, no hay calefactores, los ba\u00f1os siempre est\u00e1n h\u00famedos, no tienen un patio techado, o sea, es una problem\u00e1tica que no es algo que no se sabe, porque la Comisi\u00f3n de Padres viene trabajando hace vario tiempo. Este, ellos tratan, han tratado de que esto se \u00a0haga visible, se ha hecho visible en ciertos lugares, pero lamentablemente llega hasta un cierto punto y eso vuelve o por una cuesti\u00f3n de que se extrav\u00edan expedientes. \u00a0Es un, es una solicitud de un nombramiento de un lote hacia la Escuela para que se pueda construir una Escuela, estaban, me estaban comentando que se quedan chicos sin ingresar a la Escuela que quieren ir a estudiar en la Electro, porque no tenemos lugar, no tienen lugar para que mas chicos sigan estudiando en la Electro, que es una escuela que los chicos se reciben y tienen un muy buen t\u00edtulo, pueden ellos salir de la Secundaria al toque conseguir un trabajo, porque es una Escuela que tiene una muy buena base, pero es lamentable que lo del edificio, como yo les digo, yo hablo desde mam\u00e1, no pertenezco a la Comisi\u00f3n, nada, yo hablo como mam\u00e1, es lamentable que los chicos tengan que concurrir a ese establecimiento que es una casa, es una casa que puede albergar cierta cantidad de personas, no 250 personas. Son muchos alumnos, est\u00e1n los preceptores, los profesores, los celadores, los directivos, hay mucha gente y mi idea yo s\u00e9 que con esto de la Banca, que esto es como Municipal, no vamos a lograr, no es algo, que voy a decir. Bueno s\u00ed, ma\u00f1ana te construimos la Escuela. Yo entiendo esa parte, que no es algo, que vamos a movilizar mucho con esto de la Banca, pero al menos que alguien o que nos escuchen y nos den la soluci\u00f3n de sacar los chicos de ese establecimiento donde no tienen las condiciones dadas, para una nena para una ni\u00f1a, yo lo que tengo una hija en tercer a\u00f1o, tengo un hijo en quinto a\u00f1o y conozco el tema de la problem\u00e1tica en el aula yo les digo en el aula donde cursa mi hija, el agua literal cuando llueve se mete por abajo de la puerta y helados ellos est\u00e1n sentados sobre el agua sobre la humedad, se hab\u00eda roto una c\u00e1mara, eso conlleva que hay aguas servidas, o sea, es grave el tema del establecimiento y la soluci\u00f3n yo s\u00e9 que no es que ma\u00f1ana van a construir la Escuela, lo que le deber\u00edan dar a la Electro, pero al menos sacarlos de donde est\u00e1n por ahora, porque no pueden seguir asistiendo en las condiciones en el que ese lugar est\u00e1 . El que bajan los techos porque son altos porque la calefacci\u00f3n un calefactor en un aula como estamos nosotros ac\u00e1 en este recinto, no va a calefaccionar a nadie los ni\u00f1os est\u00e1n de las 8 de la ma\u00f1ana hasta la 1 de la tarde con la campera puesta, hoy en los recreos en vez de salir al patio a mojarse, se quedan los 30 a la orilla de un calefactor porque, o sea, se mueren de fr\u00edo los ni\u00f1os, vivimos en Malarg\u00fce, los chicos no tienen un espacio para decir salgo al recreo a distraerme a liberar un poco la cabeza de la hora de clase que tuve, entonces yo entiendo, le vuelvo a decir que no vamos a solucionar desde ac\u00e1 la construcci\u00f3n de la escuela yo eso lo entiendo pero al menos con la Comisi\u00f3n de Padres, el Centro de Estudiantes, los Directivos, los que somos mam\u00e1 o pap\u00e1s de alumnos de la Escuela lograr que al menos los saquen de ah\u00ed, de donde est\u00e1n, no pueden seguir m\u00e1s en ese lugar, en esa casa porque es una casa, no pueden seguir ah\u00ed los ni\u00f1os me parece algo que no, no tiene l\u00f3gica, que est\u00e9n cursando 200, 250 personas en una casa donde se inunda, que se rompen las c\u00e1maras, porque \u00a0no da la capacidad para las 250 personas un ba\u00f1o para 250, que deber\u00eda ser para 6 u 8 personas, entiende a lo que yo voy, de que es la idea, es sacarlos de donde est\u00e1n y llevarlos a otro lado tambi\u00e9n yo creo que esa es la parte tambi\u00e9n de la DGE, que tambi\u00e9n es Provincial ,nada tiene que ver con lo Municipal con lo de ac\u00e1 de Malarg\u00fce, pero como yo le explicaba a los chicos de la Comisi\u00f3n, a las madres de la Comisi\u00f3n, si hablan ellos, habla el Centro Estudiante, hablan los Directivos. El Director, ha hecho su parte, \u00e9l se ha dirigido a la DGE como lo tiene que hacer, con todo el tema de las notas, carga de incidencias en una p\u00e1gina que hay, de todo eso; pero tambi\u00e9n yo como mam\u00e1 me parece que yo tambi\u00e9n pod\u00eda llegar a decir pucha yo tambi\u00e9n quiero hablar, porque tambi\u00e9n me siento inc\u00f3moda y no me gusta en la situaci\u00f3n en la que mis hijos est\u00e1n cursando en la Escuela porque es como le digo, mi hija llega al punto de quedarse libre porque falta porque se enferma, se est\u00e1 tres d\u00edas con medicaci\u00f3n vuelve a la escuela, al quinto d\u00eda se vuelve a enfermar, otra vez medicaci\u00f3n y no, o sea, no se puede y me parece que desde \u00a0mi lugar como mam\u00e1, desde el lugar de los Padres de la Comisi\u00f3n, el Director, todos los Directivos se han sumado hasta los profesores, el Centro de Estudiantes, alumnos, que ni siquiera est\u00e1n en la escuela, que ya se recibieron y se recibieron en esa casa y ahora est\u00e1n ellos acompa\u00f1ando la lucha, que me dec\u00edan la mam\u00e1 de la Comisi\u00f3n que ayudan en todo, o sea, hay mucha gente. Me mostr\u00f3 tambi\u00e9n fotos donde ac\u00e1 mismo en el Concejo Deliberante los Concejales apoyaron el tema de la solicitud, del edificio para la Electo, entonces se ha pedido la Banca tambi\u00e9n me comentaron que tambi\u00e9n se hab\u00eda pedido la Banca y yo como le digo, yo lo he pedido desde mi lugar como mam\u00e1, porque sinceramente no, no me parece que los chicos est\u00e9n cursando en esa casa. Ya es algo que\u00a0 es bastante inc\u00f3modo como le digo los chicos enfermos, del aula de mi hija un chico que termin\u00f3 con una neumon\u00eda. Estar sentado sobre un charco de agua con 5 grados bajo cero como hacen ac\u00e1, con una sensaci\u00f3n de 8 entonces algo que a eso es a lo que voy, que por favor se vea la posibilidad de que saquen a los chicos de ah\u00ed hasta que se pueda construir la Escuela, que construir la escuela ya es un paso un poco m\u00e1s extenso pero por ahora una soluci\u00f3n a esta problem\u00e1tica es que los saquen de esa casa y los lleven a otro lugar. Porque edificios deben haber, me imagino que est\u00e9n un poco m\u00e1s acondicionados para que cursen, para que est\u00e9n 250 personas y no en una casa que es una capacidad para 8 \u00a0o 12 personas. A eso era lo que yo, para eso hab\u00eda solicitado esto y bueno, habl\u00e9 con las chicas de la Comisi\u00f3n con el chico del Centro Estudiante que no pudo venir porque est\u00e1 haciendo unas pr\u00e1cticas y bueno, ojal\u00e1 que esto sirva para algo sinceramente es una cuesti\u00f3n de que quise probar si desde mi lugar como mam\u00e1, como ciudadana pod\u00eda dar un empujoncito o ayudar a hacer algo. Gracias.\/\/\u00a0 PRESIDENCIA expresa La participaci\u00f3n en la banca es desde aqu\u00ed, donde se plantean los problemas m\u00e1s all\u00e1 de que sean de \u00e1mbito Provincial, por supuesto que cuenta con el apoyo de todo el Concejo Deliberante como siempre lo hemos hecho, en lo que refiere a la Escuela Izsaky.\/ Solicita la palabra la Concejal CAMIOLO manifiesta: Gracias, se\u00f1or Presidente. Andrea muchas gracias por venir y por plantear con tanto respeto, pero se nota obviamente la indignaci\u00f3n que compartimos todos, la Escuela que ya tiene terreno, est\u00e1 donado por leyes, trabaj\u00f3 much\u00edsimo y se trabaj\u00f3, se trabaj\u00f3 en conjunto con todas las fuerzas pol\u00edticas de, primero en la Legislatura que se hizo la donaci\u00f3n, el terreno es el que est\u00e1 individualizado en lo que es la parte digamos que da hacia el sur del Gendarmer\u00eda Nacional. Se hizo en el a\u00f1o 2021 se vot\u00f3 por unanimidad y ya la Provincia estar\u00eda en condiciones de comenzar, m\u00ednimamente, ya est\u00e1n los planos, tambi\u00e9n sabemos eso y con la construcci\u00f3n y principalmente las tareas de escrituraci\u00f3n que estamos demorados ya casi tres a\u00f1os, el Concejo Deliberante tiene esta pieza legal tambi\u00e9n del a\u00f1o pasado. Donde aprobamos claro, la donaci\u00f3n de las calles, porque va a haber una apertura de calles, ya est\u00e1 todo eso, el Departamento Ejecutivo har\u00e1 dos semanas, tom\u00f3 conocimiento, porque desconoc\u00edan que ya estaba la pieza legal de aprobaci\u00f3n de la apertura de las calles y la organizaci\u00f3n interna es decir, que desde lo legislativo estar\u00eda todo el papeleo administrativo para que se empiece a construir, los chicos en el a\u00f1o 2020 hicieron una junta de firmas y un agregado de notas que sumaban 600 fojas de trabajo, que se llevaron de manera personal, las pude llevar al\u00a0 Gobernador de ese momento, las recibi\u00f3 en manos o sea los chicos han sido muy activos y el Centro de Estudiantes los tengo que felicitar, obviamente que est\u00e1 faltando que la Escuela aparezca en el Presupuesto Provincial y nosotros podemos llegar a pedir y es lo que propongo que se haga un pedido espec\u00edfico a nuestras Legisladoras y Legisladores del Cuarto Distrito que, bueno que no se sienten a trabajar este a\u00f1o el Presupuesto si no est\u00e1 dada, por lo menos est\u00e1 escrito, el nombre de la Escuela para la infraestructura del a\u00f1o pr\u00f3ximo, pero por otro lado existe la Ley del Fondo de Financiamiento Educativo que se env\u00eda a los Municipios, hay un Municipio que es Maip\u00fa, que ha terminado de construir una Escuela hace unos d\u00edas con ese Fondo de Infraestructura, pude leer cu\u00e1les son los Municipios que han hecho Convenios con la Provincia y\u00a0 no he visto Malarg\u00fce. Entonces, creo que tambi\u00e9n corresponde ah\u00ed, que preguntemos cu\u00e1l es el motivo porque el fondo se est\u00e1 recibiendo, el fondo Infraestructura Escolar es un fondo que se env\u00eda por Ley y el Municipio hace convenios directamente con la Provincia para lograr este tipo de, a veces es para pago de docentes, a veces es para justamente construcci\u00f3n, as\u00ed se construy\u00f3, por ejemplo la Pasteur, son fondos provinciales pero que se dan a la administraci\u00f3n municipal, por ah\u00ed es una buena oportunidad para solicitar que sea encauzado y que todos los esfuerzos del fondo de infraestructura vayan al por lo menos ,arrancar con la construcci\u00f3n del edificio de la Escuela Izsaky. Es mucho trabajo, pero nos sumamos al pedido y retomaremos todo lo que haya que hacer, decir que el papeleo, viste que vos dijiste un lote aunque sea, el lote est\u00e1, ahora es la decisi\u00f3n de poner el dinero y si hubiera que ir al Banco Interamericano de Desarrollo, que por ah\u00ed subsidia y financia estas construcciones, porque las Escuelas T\u00e9cnicas en Argentina desde hace un par de a\u00f1os, tienen prioridad por decisi\u00f3n del Gobierno Nacional, porque la formaci\u00f3n de t\u00e9cnicos decay\u00f3 much\u00edsimo en nuestro Pa\u00eds. Entonces tienen una prioridad en la construcci\u00f3n, no entendemos por qu\u00e9 la Izsaky sigue estando postergada, pero acompa\u00f1amos el pedido tengan por seguro eso y hay que seguir haciendo ruido, te agradezco que sea con este respeto, pero tenemos que seguir haciendo ruido y bueno, yo tambi\u00e9n me sumo con ustedes como hermana de un egresado de la Escuela y que s\u00ed, cursaron en esas condiciones, la verdad que la formaci\u00f3n es buen\u00edsima, llegan a la Universidad con un muy buen nivel y con mucho prestigio y si se supieran qu\u00e9 condiciones estudian, yo creo que, que a\u00fan eleva el m\u00e9rito de cada chico, muchas gracias Andrea.\/ Solicita la palabra el Concejal PALMA: Gracias, Se\u00f1or Presidente buenos d\u00edas a todos quienes nos acompa\u00f1an, gracias por hacer uso Andrea, de la Banca del Ciudadano, la verdad que como lo dec\u00eda la Concejal, nosotros hemos hecho ya las aceptaciones de uso y dominio de la apertura de las calles, lo hemos solicitado pero a ver el 23 de abril entr\u00f3 a este Concejo, hay un proyecto que obra en la Comisi\u00f3n de Hacienda respecto a la solicitud a los Legisladores para que se plasmen en el Presupuesto por lo menos del 2025, la construcci\u00f3n de la Escuela, hay otras alternativas, seguro, hay decisiones pol\u00edticas que se tienen que tomar respecto a esto, seguro, nosotros lo vamos a acompa\u00f1ar. Creo que m\u00e1s all\u00e1 de la Escuela Izsaky, es que hay varios edificios en nuestro Departamento que necesitan ser construidos en la zona rural. Nosotros acompa\u00f1amos todo lo que sea el desarrollo educativo y se lo hemos pedido en varias oportunidades, bueno, hay Concejales que ya no est\u00e1n, que tambi\u00e9n han acompa\u00f1ado esta medida. Creo que es fundamental que el pueblo, en estas cuestiones tome esa unidad y ejerzamos esa, esa fuerza que tenemos que hacer ,nosotros tenemos tres representantes en la Provincia actualmente, que pueden tomar acciones para que se plasme en el Presupuesto la construcci\u00f3n de este edificio, hay gastos que a m\u00ed entender s\u00ed, a m\u00ed entender un humilde entender, se podr\u00edan obviar y se podr\u00edan dar en las cuestiones de necesidad urgente como la Escuela. Nosotros estamos actualmente tratando el Presupuesto Municipal. Un Presupuesto que llega pr\u00e1cticamente a los 18.000 millones de pesos en el Departamento s\u00ed, de los cuales por las conversaciones que hemos tomado con la gente de la administraci\u00f3n municipal ya se han recibido aproximadamente 10.000 millones de pesos, pero a ver y se lo plante\u00e9 tambi\u00e9n a la gente de Obras P\u00fablicas hab\u00eda un dinero, hay un remanente que debe ser ingresado por parte de una Empresa que est\u00e1 haciendo usufructo de un Parque Solar, ellos pagan un canon y ese canon se podr\u00eda destinar por lo menos, para iniciar las primeras etapas de la Escuela, s\u00ed, porque no estaba contemplado en el Presupuesto y estamos hablando de 50 millones que se podr\u00edan utilizar para esto, nosotros lo vamos a plantear, no podemos asegurar que esto se tome, pero si lo vamos a plantear y haremos todo el esfuerzo para que la Provincia tambi\u00e9n destine el dinero, que Malarg\u00fce sea beneficiado y lo dije cuando presente este proyecto con este tipo de infraestructuras, porque m\u00e1s all\u00e1 de que nosotros entregamos petr\u00f3leo, entregamos gas. entregamos nuestras riquezas necesitamos tambi\u00e9n, tener un retroactivo a todo lo que el Departamento entrega y creo que la educaci\u00f3n es la mejor inversi\u00f3n que se puede hacer en un Departamento o en una Ciudad porque es lo que va a ir formando a los pr\u00f3ximos l\u00edderes y los que van a ir sacando este Departamento adelante, entonces si no invertimos hoy en educaci\u00f3n, es muy dif\u00edcil, que ma\u00f1ana podamos ser un Departamento pujante. Entonces creo que esto es fundamental, trabajarlo, ponernos todos a disposici\u00f3n. Creo que esto tambi\u00e9n tiene que ser un eco en los Legisladores. Nosotros les hemos pedido a los Legisladores, una reuni\u00f3n todos los viernes \u00faltimos, de cada mes, nos ha faltado un poquito de acompa\u00f1amiento, debo decirlo, pero bueno, seguiremos haciendo todos los actos \u00fatiles que est\u00e9n a nuestro alcance y en nuestra jurisdicci\u00f3n para seguir acompa\u00f1ando este reclamo hasta verlo concretado. Te agradezco much\u00edsimo y vuelvo a ser insistente en esto la Banca del Ciudadano es una herramienta que tienen\u00a0 todos los vecinos para poder expresar sus inquietudes y que se oigan sus reclamos.\/\/\/ PASA\u00a0 a H.P.L.A.C.<\/p>\n\n\n\n<p class=\"has-text-align-center\"><strong>ACTA\u00a0SESION\u00a0ORDINARIA\u00a0 N\u00b0 1.161-\u201cO\u201d-2.024<\/strong><\/p>\n\n\n<div class=\"wp-block-image\">\n<figure class=\"alignright size-full is-resized\"><a href=\"http:\/\/hcd.malargue.gov.ar\/2024\/13%20ACTA%20SESION%20ORDINARIA%20N%201161%2006%2006%202024.pdf\"><img loading=\"lazy\" decoding=\"async\" width=\"512\" height=\"512\" src=\"https:\/\/hcd.malargue.gov.ar\/wp-content\/uploads\/2018\/06\/PDF-JPG.jpg\" alt=\"\" class=\"wp-image-7950\" style=\"width:143px;height:auto\" srcset=\"https:\/\/hcd.malargue.gov.ar\/wp-content\/uploads\/2018\/06\/PDF-JPG.jpg 512w, https:\/\/hcd.malargue.gov.ar\/wp-content\/uploads\/2018\/06\/PDF-JPG-150x150.jpg 150w, https:\/\/hcd.malargue.gov.ar\/wp-content\/uploads\/2018\/06\/PDF-JPG-300x300.jpg 300w\" sizes=\"auto, (max-width: 512px) 100vw, 512px\" \/><\/a><\/figure>\n<\/div>\n\n\n<p>En Malarg\u00fce Mendoza a seis&nbsp; d\u00edas de junio&nbsp; de 2.024, cuando es la hora&nbsp; 09:35,&nbsp; se re\u00fane el Honorable Concejo Deliberante de la Municipalidad de Malarg\u00fce para celebrar la Sesi\u00f3n Ordinaria del d\u00eda de la fecha.\/ Bajo la&nbsp;&nbsp; Presidencia de su titular Sr. Rodrigo HIDALGO y la presencia de los Se\u00f1ores&nbsp; Concejales&nbsp; Viviana Mosca, Pablo Villarruel, Elizabeth Gonz\u00e1lez, Mart\u00edn Palma,&nbsp; Francisco Parada, Silvina Camiolo, Emilce Mansilla, Magali&nbsp; Acosta y Pablo Cabrera.\/ Se firma del Libro de asistencia donde consta que no hay ausencias.\/\/&nbsp;&nbsp; a) Para dar comienzo al desarrollo del Orden del d\u00eda&nbsp; se invita al Sr. Concejal&nbsp; Francisco&nbsp; Parada&nbsp; a izar la Ense\u00f1a Patria.\/\/ b) Homenaje de los Se\u00f1ores Concejales.\/ Solicita la palabra el Concejal PALMA y expresa: Muchas gracias, Se\u00f1or Presidente, nada simplemente bueno como todos habr\u00e1n visto a nivel nacional se viene tratando la modificaci\u00f3n de la Ley Jubilatoria, no, ya tiene media sanci\u00f3n, lamentablemente he tenido el disgusto lo voy a decir as\u00ed, de escuchar a nuestro Presidente Javier Miley, diciendo que si esta situaci\u00f3n le afecta a la econom\u00eda de lo que pretende, digamos, no de llevar adelante lo ve\u00eda, b\u00e1sicamente dijo me importa tres carajos perdonando la expresi\u00f3n, no? Esto que refiere que le importa tres carajos los jubilados,s\u00ed, ya recordemos que el 82% m\u00f3vil ya fue vetado en otra gesti\u00f3n por la Ex Presidenta Cristina Kirchner y seguimos repitiendo el mismo error, un jubilado que tiene un gasto de aproximadamente 100.000 pesos en medicaci\u00f3n y le quedan 120.000 pesos para afrontar una situaci\u00f3n inflacionaria como la que afronta el Pa\u00eds a m\u00ed parecer, esta es mi humilde opini\u00f3n. Creemos que no es justo, cuando vemos que&nbsp; Legisladores Nacionales se aumentan el salario a nueve millones, ocho millones donde sesionan una vez por mes. Me parece il\u00f3gico, pero me parece que hay cuestiones pol\u00edticas de fondo. como el tratamiento de la Ley Base, eso parece que no se dieron cuenta que los Legisladores se aumentaron de esa manera tan significativa el salario, d\u00f3nde est\u00e1 lo que iba a pagar la casta? No lo veo y saben lo que m\u00e1s me preocupa que no hay obra p\u00fablica.&nbsp; asistenciales que debe llevar adelante el gobierno han mejorado? No, no han mejorado, si no los invito a que alguien me diga cu\u00e1l pol\u00edtica p\u00fablica ha mejorado. Si, entiendo que hay una transici\u00f3n entiendo que es un momento dif\u00edcil, que el Estado Nacional est\u00e1 en una situaci\u00f3n compleja, pero no pueden ser los jubilados, los que terminen pagando las consecuencias de esto, porque para algo trabajas durante 40 a\u00f1os para hacer tus aportes y no podes terminar viviendo como un indigente, porque ni siquiera los jubilados alcanzan a cubrir la canasta b\u00e1sica. Hablar de canasta b\u00e1sica hoy en este pa\u00eds hay que hablar de un mill\u00f3n de pesos. Pero ni siquiera alcanzan a cubrir un sueldo m\u00ednimo vital y m\u00f3vil entonces me parece que el Presidente y este es una &nbsp;opini\u00f3n, vos no insistir deber\u00eda tener otras prioridades. Yo entiendo el equilibrio fiscal, entiendo que es necesario el equilibrio fiscal. Dijeron que no se iban a aumentar, no, no pas\u00f3. Entonces, esas cosas duelen en este Pa\u00eds, donde hay much\u00edsimos, ustedes habr\u00e1n visto la situaci\u00f3n que se da con respecto a los alimentos y vamos a anclar en un no quiero entrar en este debate de que si uno, si otro no, que se lo alimento que si lo sacaron no no no , no la gente sigue pasando necesidades, s\u00ed hay que arreglar muchas cosas en este Pa\u00eds muchas cosas que estaban viciadas, pero no podemos dejar de brindar la asistencia que tiene por obligaci\u00f3n el Estado, en funci\u00f3n de estas investigaciones porque no todos, no todos son lo mismo, s\u00ed hay gente que realmente lo necesitaba como ver\u00e1n otros que se aprovecharon de esta situaci\u00f3n de la asistencia del Estado, los negocios propios esto tambi\u00e9n hay que decirlo. Pero hoy no es justo que ni la gente que &nbsp;menores recursos tiene, ni los jubilados est\u00e9n pasando por esta situaci\u00f3n y tampoco me parece justo que siempre los recortes se hagan sobre los que menos tienen Gracias al Se\u00f1or Presidente.\/\/ c) Consideraci\u00f3n Acta Sesi\u00f3n Ordinaria N\u00b0 1.160 \u2013\u201cO\u201d- 2.024. PRESIDENCIA pone a consideraci\u00f3n y es APROBADA.\/&nbsp; d)&nbsp; Lectura del detalle de la correspondencia recibida y emitida. 1. Dr. Jorge Mayoral Direcci\u00f3n Especial de Tierras, solicita Expte. N\u00b0 1.765\/2.021 MAXFA S.A. Parque Agrario Malarg\u00fce, con car\u00e1cter de urgente. Pasa a H.P.L.A.C.\/ &nbsp;2. Alumnos del Instituto Universitario de Seguridad P\u00fablica, elevan Proyecto de Ordenanza sobre Producci\u00f3n de talleres recreativos infantiles, para consideraci\u00f3n. Pasa a E.H.M.A.S y C.\/ &nbsp;3. Alumnos del Instituto de Seguridad P\u00fablica, elevan Proyecto de Ordenanza sobre creaci\u00f3n de equipo interdisciplinario&nbsp; y especializado en protecci\u00f3n animal, para consideraci\u00f3n. Pasa a E.H.M.A.S y C.\/ 4. Asociaci\u00f3n Sociocultural MESSIS, solicita espacio f\u00edsico para desarrollo de actividades con Centros Estudiantiles de Escuelas Secundarias y break para los participantes. Pasa a PRESIDENCIA.\/ &nbsp;5. Club Social y Deportivo Energ\u00eda At\u00f3mica, solicita hacer uso de Banca del Ciudadano a fin exponer respecto a trabajo con familias de estrato social vulnerable.\/ Por SECRETARIA.\/ 6. Club Social y Deportivo Energ\u00eda At\u00f3mica, solicita ayuda solidaria mediante padrinazgo de una jugadora del equipo de Hockey de la Instituci\u00f3n. Copia a los BLOQUES.\/ 7. Departamento Ejecutivo eleva respuesta a Pedido de Informe seg\u00fan Resoluci\u00f3n N\u00b0 120\/2.024, para conocimiento y efectos pertinentes. Pasa a H.P.LA.C.\/ 8. Direcci\u00f3n de Patrimonio Cultural y Museos de la Provincia de Mendoza, solicita informaci\u00f3n respecto a reemplazo de puertas originales del Edificio del Honorable Concejo Deliberante. Pasa a PRESIDENCIA.\/\/ Notas Emitidas: A la Sra. Hebe Casado Vice Gobernadora de la Provincia, remitiendo copia de nota HC309 reuni\u00f3n de trabajo con productores ganaderos, solicitud de audiencia. 2. Ministerio de Seguridad y Legisladoras Provinciales por Malarg\u00fce, remitiendo copia de Resoluci\u00f3n N\u00b0 136\/2.024, nombramiento de egresados del IUSP para la Comisaria 24\u00b0 Polic\u00eda de Mendoza. 3. A la Directora de Gesti\u00f3n Ambiental&nbsp; remitiendo copia de Declaraci\u00f3n N\u00b0 330\/2.024 declarando de Inter\u00e9s Departamental Educativo y Cient\u00edfico a las Jornadas Ambientales 2024. 4. Al Rector del IES 9-018 remitiendo copia de Declaraci\u00f3n N\u00b0 328\/2.024 declarando de Inter\u00e9s Departamental Educativo y Social el 1\u00b0 Congreso La Higiene y Seguridad y su relaci\u00f3n con el Ambiente. 5. A Partidos Pol\u00edticos Departamentales, Honorables Concejos Deliberante de la Provincia, Establecimientos Educativos Secundarios y Terciarios del Departamento invitando a Foro Debate Reelecci\u00f3n de Concejales.&nbsp; 6. Al Consejero Zona Sur y Jefe Departamental de Direcci\u00f3n Provincial de Vialidad, remitiendo copia de Resoluci\u00f3n N\u00b0 140\/2.024, colocaci\u00f3n de carteler\u00eda camino a Pincheira. 7. A la Sra. Andrea Pedernera, informando&nbsp; que podr\u00e1 hacer uso de la Banca del Ciudadano.\/\/ e) Determinaci\u00f3n de los temas que ser\u00e1n incluidos en el punto Asuntos Varios y puesta a consideraci\u00f3n de mociones de tratamientos sobre tablas de diversos expedientes.\/ Solicita la palabra la Concejal MANSILLA manifestando: &nbsp;Se\u00f1or Presidente, para desafectar la nota 313 que corresponde&nbsp; al Expediente 3370\/24, &nbsp;para su desafectaci\u00f3n de Mesa de Entrada para que pase a la Comisi\u00f3n de HPLAC.\/ PRESIDENCIA pone a consideraci\u00f3n la solicitud de tratamiento en el punto Asuntos Varios de la desafectaci\u00f3n de la nota HC 313\/2024 de Mesa de Entradas&nbsp; y es APROBADA.\/\/ Seguidamente solicita la palabra la Concejal CAMIOLO &nbsp;y expresa:&nbsp; Para justificar la urgencia de lo solicitado por la colega, tiene que ver con informaci\u00f3n inherente a la Comisi\u00f3n de Hacienda, donde obra el expediente de Presupuesto de Gastos para el a\u00f1o 2024 y como es informaci\u00f3n urgente que necesitamos evaluar para dar el oportuno procedimiento administrativo, es que solicitamos que no pase el tr\u00e1mite administrativo y que se apure, pasando directamente a la Comisi\u00f3n de Hacienda a partir de este momento, Muchas gracias.\/\/ f) Proyectos de los Se\u00f1ores Concejales. 1.Expte N\u00b0 5.442 HC 066 -2.024 Proyecto de Resoluci\u00f3n: Solicitar a la Subsecretaria de Transporte de la Provincia de Mendoza absorba en su planta de personal a los agentes municipales que all\u00ed se desempe\u00f1an . &nbsp;(BLOQUE RECONSTRUYENDO MALARG\u00dcE) Autora: Concejal Silvina Camiolo.\/ Solicita la palabra la Concejal CAMIOLO manifestando: Gracias, Se\u00f1or Presidente trabajaremos el proyecto seguramente en la Comisi\u00f3n, donde solicito que vaya a HPLAC, escuchamos hace un momento la Banca del Ciudadano, con toda la angustia, que ya los padres est\u00e1n manifestando y la postergaci\u00f3n de la Provincia, nuevamente al Departamento de esta postergaci\u00f3n siempre lo digo, es hist\u00f3rica y lamentablemente nunca se pudo resolver, o sea, nunca m\u00e1s largo estaba en la agenda provincial nunca, nunca, nunca hemos estado en prioridad en los Presupuestos y en las elaboraciones Presupuestarias Provinciales y es algo que obviamente con much\u00edsima angustia, vemos &nbsp;todo el tiempo. Recien una Secretaria de otro Bloque me dijo algo muy cierto, lamentablemente. Esto se cuenta en votos y no movemos la aguja, por tanto nuestra prioridad provincial, es la \u00faltima. Espero Se\u00f1or Presidente que, que podamos hacer algo, al menos levantar la voz y m\u00ednimamente no estar c\u00f3modos con esta situaci\u00f3n. En este proyecto lo que se est\u00e1 pidiendo, es que por un lado se desagote la planta municipal, con respecto a la carga que tenemos de cubrir y suplir distintos huecos, ya sea en el Poder Judicial, ya sea en el hospital, en escuelas, tambi\u00e9n en la Secretar\u00eda de Transporte porque la Provincia ni siquiera habilita. para que esos sean cubiertos por empleados que luego pasen a la Planta Provincial, es decir el Municipio continuamente suple adscriptos para que cumplan funciones, un Municipio que tiene sueldos muy bajos y que adem\u00e1s tiene una planta bastante explotada, si comparamos la densidad demogr\u00e1fica de nuestro Departamento. Es decir, tenemos un mont\u00f3n de Empleados P\u00fablicos, empleados municipales y la Provincia sigue sin crear cargos y sigue sin poner gente a trabajar en esos lugares, no solamente el problema salarial del empleado, sino tambi\u00e9n el poder de decisi\u00f3n porque estos empleados tienen much\u00edsimas responsabilidades, pero poco poder de decisi\u00f3n a la hora de dar respuestas, sin ir m\u00e1s lejos &nbsp;este proyecto surge en funci\u00f3n que hab\u00edamos solicitado una respuesta por un proyecto de la Concejal Mansilla y nos dicen no tenemos la habilitaci\u00f3n para contestar, porque no terminamos de ser empleados de la Provincia, entonces ah\u00ed nos dimos cuenta que algo tenemos que hacer porque si no est\u00e1 en nombre de la Secretar\u00eda creada, pero el espacio f\u00edsico es del Municipio, los empleados, los empleados son municipales. Y qu\u00e9 pone entonces la Provincia, si ni siquiera les da la posibilidad de responder ante cualquier solicitud que m\u00ednimamente hace un Concejo Deliberante en funci\u00f3n de eso s\u00e9 que tendremos la oportunidad de trabajarlo en Comisiones y oportunamente se podr\u00e1n hacer todos los agregados que los Concejales crean oportunos, obvio que no es la \u00fanica dependencia que necesitar\u00eda este tratamiento, vuelvo a decir, hay que abrir cargos en el Poder Judicial hay que abrir cargos de celadores, por ejemplo en las Escuelas, hay que abrir cargos de docentes en CAES y CEOs ,si vamos, o si nos ponemos a ver hasta el Registro Civil ten\u00eda adscriptos municipales, pero por alg\u00fan lado se tiene que empezar y que estos empleados adem\u00e1s tengan la posibilidad de trabajar de manera m\u00e1s digna y con la responsabilidad delegada que el cargo asi lo amerita, hablamos adem\u00e1s, de la Secretar\u00eda de Transporte donde much\u00edsimas decisiones del Departamento m\u00e1s extenso de la Provincia, se tendr\u00edan que tomar y no se pueden tomar porque volvemos, a que est\u00e1n de manos atadas. Al Expediente he agregado no solamente la pericia de las personas que hoy trabajan ah\u00ed, que se desempe\u00f1an, sino tambi\u00e9n todo el trabajo que realizan, todas las facultades delegadas y obviamente la injusticia salarial que ellos est\u00e1n viviendo, no necesito que se lea nada del expediente. Lo trabajaremos mejor en la Comisi\u00f3n y espero de verdad, que la Provincia deje de postergar al Departamento de una vez por todas, gracias, Se\u00f1or Presidente.\/&nbsp; Pasa a H.P.L.A.C.\/\/ 2. Expte N\u00b0 5.443 HC 066 \u2013 2.024 Proyecto de Resoluci\u00f3n: Colocaci\u00f3n de se\u00f1al\u00e9tica en Ruta con destino a Paraje&nbsp; Pata Mora. (BLOQUE ENCUENTRO). Autor: Concejal Francisco Parada.\/ Solicita la palabra el Concejal PARADA y manifiesta: Bueno, parte en el mismo sentido como refer\u00eda la Concejal, cambio lo pedido b\u00e1sicamente, un deseo a la Provincia que quiz\u00e1s en los fondos de Pata Mora que tanto se habla hoy. Por lo menos para poner algunos carteles, en una ruta que es compleja para quienes viajan por all\u00ed, en la ruta que une, la Ruta Provincial que une el Zampal con Pata Mora, pasa por una regi\u00f3n que est\u00e1 muy marcada por la cuesti\u00f3n petrolera, por lo tanto hay infinidad de caminos alternativos, cuesti\u00f3n que es un riesgo que no es por all\u00ed, claramente, puede quedar perdido cuando &nbsp;surge un accidente y est\u00e1s a 200 300 kil\u00f3metros. As\u00ed que bueno, esperemos que al menos esto sea escuchado. Simplemente pedir que vaya a la Comisi\u00f3n de Hacienda, lo vamos a sacar desde all\u00ed y nada m\u00e1s ni siquiera que se lea el art\u00edculado. Muchas gracias.\/ Pasa a HPLAC.\/\/ g)Expedientes provenientes del Departamento Ejecutivo. 1. Expte N\u00b0 5.202 HC 049 \u2013 2.022&nbsp; Proyecto de Ordenanza: Adhesi\u00f3n a la Ley Nacional N\u00b0 27.072 Marco General para el ejercicio profesional de Trabajo Social en todo el Territorio Nacional. (Decreto N\u00b0 597\/2.024). Por Secretaria se procede la lectura de la nota de elevaci\u00f3n y se sugiere al pase a H.P.L.A.C.\/\/ h) Despachos de las Comisiones de Trabajo:&nbsp; 1. Nota HC 253\/2.024 Bloque Reconstuyendo Malarg\u00fce eleva apreciaciones del Dr. Enzo Omar Orosito Abogado Constitucionalista referido a Fondos de Portezuelo del Viento. (H.P.L.A.C.).\/ Por Secretaria se da lectura al despacho emitido por la Comisi\u00f3n el cual sugiere el pase a la Comisi\u00f3n de Hidrocarburos, Energ\u00eda y Miner\u00eda.\/ Puesto a consideraci\u00f3n es APROBADO. (9 Votos afirmativos).\/\/&nbsp; 2. Expte N\u00b0 5.437 HC 065 \u2013 2.024 Proyecto de Resoluci\u00f3n: Pedido de Informe Acuerdo Universidad Juan Agustin Maza \u2013 Municipalidad de Malarg\u00fce. ( H.P.L.A.C ).\/ Por secretaria se da lectura al despacho emitido por la Comisi\u00f3n el cual sugiere la aprobaci\u00f3n del Proyecto presentado sin modificaciones\/ Puesto a consideraci\u00f3n es APROBADO. (7 votos afirmativos 2 votos negativos).\/\/ 3. Expte N\u00b0 5.436 HC 065 \u2013 2.024 Proyecto de Ordenanza: Campa\u00f1a Anual de Prevenci\u00f3n sobre Riesgos por calefacci\u00f3n en viviendas. (E.H.M.A.S y C \u2013 H.P.L.A.C.).\/ Por Secretaria se da lectura al despacho emitido por la Comisi\u00f3n de E.H.M.A.S y C el cual sugiere la aprobaci\u00f3n del proyecto presentado con las siguientes modificaciones. ART\u00cdCULO 1\u00b0: Real\u00edcese por el Departamento Ejecutivo Municipal a trav\u00e9s del Area\/Direcci\u00f3n que corresponda Campa\u00f1a Anual de Concientizaci\u00f3n sobre buenos h\u00e1bitos de prevenci\u00f3n, en el uso y manejo en las maneras de calefacci\u00f3n. ART\u00cdCULO 2\u00b0, 3\u00b0, 4\u00b0, 5\u00b0 Idem proyecto original. ART\u00cdCULO 6\u00b0: Autor\u00edcese al Departamento Ejecutivo Municipal a imputar los gastos que demande la presente pieza legal a las partidas presupuestarias vigentes. ART\u00cdCULO 7\u00b0: Env\u00edese copia de la presente a las Legisladoras Provinciales por el IV Distrito Electoral por el Departamento de Malarg\u00fce. ART\u00cdCULO 8\u00b0: Der\u00f3guese la Ordenanza N\u00b0 1.674\/2.013 emitida por este Honorable Cuerpo. ART\u00cdCULO 9\u00b0 De forma. El despacho de la Comisi\u00f3n de H.P.L.A.C. da aprobaci\u00f3n al emitido por la Comisi\u00f3n de E.H.M.A.S.y C.\/ Solicita la palabra el Concejal PALMA pide un Cuarto Intermedio cuando es la hora 09:57 saliendo del mismo a las 10:01 hs.\/ PRESIDENCIA pone a consideraci\u00f3n los despachos emitidos y son APROBADOS. (9&nbsp; votos afirmativos). \/ Solicita la palabra el Concejal PARADA manifestando: Si para agradecer a los Se\u00f1ores Concejales el acompa\u00f1amiento a este Proyecto, salvo alguna modificaci\u00f3n lo que llev\u00f3 a dejar sin efecto una Ordenanza anterior, pero es un proyecto que ya tiene varios a\u00f1os por all\u00ed estaba faltando el \u00faltimo tiempo su ejecuci\u00f3n y que tiene que ver con esto de evitar accidentes por, o incidentes por el tema de la calefacci\u00f3n en tiempos de bajas temperaturas, as\u00ed es que agradecer a los Concejales por el r\u00e1pido tratamiento por su aprobaci\u00f3n y bueno, ojal\u00e1 que&nbsp; se pueda aplicar &nbsp;el proyecto desde Ejecutivo. Muchas gracias Se\u00f1or Presidente.\/\/ 4. Expte. N\u00b0 5.429 HC 065 \u2013 2.024 Proyecto de Resoluci\u00f3n:&nbsp; Dar cumplimiento a la Ordenanza N\u00b0 2.255\/2.023. ( H.P.L.A.C.). Por Secretaria se procede a la lectura del despacho emitido el cual sugiere la aprobaci\u00f3n del proyecto presentado con las siguientes modificaciones. ART\u00cdCULO 1\u00b0: Solicitar al Departamento Ejecutivo Municipal por medio de quien corresponda dar cumplimiento a la Ordenanza N\u00b0 2.255\/2.023. ART\u00cdCULO 2\u00b0: Idem proyecto original. ART\u00cdCULO 3\u00b0: De forma.\/ PRESIDENCIA pone a consideraci\u00f3n el despacho emitido y es APROBADO. (8 votos afirmativos 1 voto negativo).\/&nbsp; Solicita la palabra el Concejal PARADA y expresa: Un poco para quienes nos siguen por redes puedan entender, cuando hacemos referencia a la Ordenanza 2.255 del 2023 es una Ordenanza que entendemos, que puede ser muy beneficiosa desde aqu\u00ed en adelante con su aplicaci\u00f3n para todo el Departamento, porque tiene que ver con esto de presentar, p\u00fablicamente el Plan de Contingencia frente a los riesgos clim\u00e1ticos recordar\u00e1n esto naci\u00f3 por pedido de las distintas sociedades intermedias que vinieron durante el conocido temporal de agosto del 2023, en la cual, una de las cuestiones que manifestaron es que en general se desconoc\u00eda, la sociedad en general desconoce el protocolo para actuar en caso de emergencia por las llamadas contingencias, entonces frente a ese drama, porque no exponerlo p\u00fablicamente, anualmente, cuando se est\u00e1n iniciando las Sesiones Ordinarias, esta es la Ordenanza, que estamos pidiendo que se d\u00e9 cumplimiento y bueno, que busca vuelvo a decir a generar un cambio de h\u00e1bitos incluso en esto de c\u00f3mo enfrentar o c\u00f3mo estar prevenidos frente a las contingencias, con la aplicaci\u00f3n de esta Ordenanza y que obviamente tiene que trascender a todas las gestiones no est\u00e1 dirigido a una gesti\u00f3n en particular, sino a todas las gestiones la que est\u00e1 y las que vengan de aqu\u00ed en el tiempo posterior, no? Gracias, Se\u00f1or Presidente.\/\/ Solicita la palabra la Concejal CAMIOLO y manifiesta: &nbsp;Me permito para hablar sobre este Proyecto que obviamente, desde su primer momento dije hab\u00eda que acompa\u00f1ar es una Resoluci\u00f3n, pero que refiere a un trabajo que, que se hab\u00eda hecho como dijo el Concejal de manera ardua en a\u00f1os anteriores, justo hoy en el peri\u00f3dico que nos han tra\u00eddo, el peri\u00f3dico de Malarguino est\u00e1n contabilizadas las &nbsp;cifras totales del temporal pasado, me gustar\u00eda que lo puedan ver est\u00e1 en la p\u00e1gina 7. La voy a leer para que veamos lo grave y necesario que es tener un Plan de Contingencias y darlo a conocer a la ciudadan\u00eda. P\u00e9rdidas de caprinos fueron aproximadamente 9.000, p\u00e9rdidas de caprinos por aborto aproximadamente 6.000 y sobre productores afectados caprinos, bovinos, equinos, ovinos el n\u00famero oficial es de 450, lo peor de todo es p\u00e9rdidas humanas, 2. Entonces, creo que tener este Plan de Contingencia, que adem\u00e1s fue aprobado por unanimidad de los Concejales el a\u00f1o pasado, esta Ordenanza, que justamente es una obligaci\u00f3n de hacer para el Ejecutivo y este apuro que nosotros vemos es porque la temporada invernal est\u00e1, se avecina y no nos puede tomar por sorpresa, no queremos que as\u00ed sea y obviamente que confiamos en la pericia de quienes trabajan en las \u00e1reas municipales. Pero necesitamos que los vecinos lo conozcan al Plan. Un plan que no se conoce, es un Plan que no puede ser apoyado y que no se puede ser acompa\u00f1ado, siempre digo que tampoco se puede defender aquello que no se conoce, entonces para poder defender una gesti\u00f3n necesitamos conocer c\u00f3mo lo est\u00e1n trabajando y que principalmente los vecinos sepan c\u00f3mo el Municipio este a\u00f1o, se est\u00e1 preparando para que no haya m\u00e1s 9 mil,&nbsp; 6 mil, 450. La nota, el t\u00edtulo de la nota es: La gente joven, a qu\u00e9 se va a quedar en el campo? Si no tiene apoyo, el campo se va a terminar y no quisi\u00e9ramos eso, nosotros somos el Departamento ganadero de mayor potencial de la Provincia, pero si no tenemos decisiones tomadas al respecto, no protegemos a quienes est\u00e1n hoy ah\u00ed, vamos a terminar como Don Gonz\u00e1lez, que est\u00e1 expresando esto y es el entrevistado del d\u00eda y esperamos y no lamentar esta situaci\u00f3n. Por eso es que he acompa\u00f1ado, adem\u00e1s no solo con el voto, sino con &nbsp;la voluntad desde el primer momento que vi el proyecto del Concejal Parada porque no solo que la Ordenanza se tiene que cumplimentar, ten\u00eda plazos tambi\u00e9n, sino, que no es solo por capricho del Concejo, ni siquiera responde a eso, es por una necesidad de la ciudadan\u00eda y esperamos que pronto todos podamos conocer este Plan de Contingencia y que este a\u00f1o cuando la inclemencia clim\u00e1tica, venga, nos agarre un poquito mejor parados a todos. Gracias, Se\u00f1or Presidente.\/\/ La Concejal ACOSTA solicita un Cuarto Intermedio cuando es la hora 10:08 retomando la Sesi\u00f3n a la hora 10:10.\/\/ Solicita la palabra el Concejal PALMA y expresa: S\u00ed, para seguir refiri\u00e9ndonos a este tema que es tan preocupante, nosotros a ver, tenemos una idiosincrasia respecto a nuestro desarrollo ganadero en nuestro Departamento, que es pr\u00e1cticamente uno de nuestros productos de vendimia, no? A ra\u00edz de ese proyecto y de la situaci\u00f3n que se dio en esta contingencia clim\u00e1tica que tuvimos con el Concejal Parada realizamos un proyecto solicit\u00e1ndole a la Provincia que se creara un Fondo espec\u00edfico, as\u00ed como est\u00e1 el fondo espec\u00edfico para la lucha contra el granizo, la helada, en fin, no? para las partes agr\u00edcolas. Nosotros pedimos en esta situaci\u00f3n. Se trabaj\u00f3 mucho en ese proyecto que le solicitamos a la Provincia, pues hice un recuento hist\u00f3rico, no, de todas las situaciones que se han ido dando en el Departamento desde aquella lluvia de cenizas que ustedes recordar\u00e1n, hasta inundaciones, la nevada del 94, la del 84, la del 2007 y bueno, en fin, hemos tenido &nbsp;varias cuestiones que se han reiterado, no? Y esto tambi\u00e9n, a ver, tener que recordarle a un Ejecutivo la normativa vigente, llama poderosamente la atenci\u00f3n porque son ordenanzas que han sido sancionadas por este Concejo Deliberante, que han sido promulgadas y publicadas y que haya que recordarle a un Ejecutivo lo que tiene que hacer, la verdad que no es la primera pieza legal, que pedimos que el Ejecutivo tome conocimiento y acciones hay una parte de legales, que se ocupa de esto y hay un Cuerpo de Asesores que deber\u00edan informarle al Intendente que tiene que cumplir las Ordenanzas, no hay que reiterarselo me parece, no? Ayer se dio otra situaci\u00f3n tambi\u00e9n en una Comisi\u00f3n donde hay una Ordenanza del 2014 y que hoy nos piden que sancionemos algo que ya esta autorizado, &nbsp;me llama la atenci\u00f3n que no se respete el trabajo de la gente que pasa por esta Instituci\u00f3n y que haya que recordarlo al Ejecutivo, tambi\u00e9n me llama la atenci\u00f3n y sobre todas las cosas que hayan Legisladores Departamentales, en este caso Concejales que se opongan a recordarle al Intendente que tiene que cumplir las Ordenanzas. Gracias, Se\u00f1or Presidente.\/\/ 5. Expte N\u00b0 4.616 HC 008 \u2013 2.019 Proyecto de Resoluci\u00f3n: Requerir al Sr. Intendente Municipal si se ha autorizado la entrega de terrenos de propiedad del Municipio en Ca\u00f1ada Colorada \u2013 Ex Tierras Militares a personas, entidades no gubernamentales o Instituciones P\u00fablicas. (H.P.L.A.C) Por Secretaria se procede a la lectura del despacho emitido el cual sugiere el pase a ARCHIVO. Puesto a consideraci\u00f3n es APROBADO. (9 votos afirmativos). \/\/ &nbsp;&nbsp;6. Expte N\u00b0 5.385 HC 062 -2.024 Proyecto de Resoluci\u00f3n:&nbsp; Colocaci\u00f3n de se\u00f1al\u00e9tica y demarcaci\u00f3n de espacios reservados para parada de colectivos en la v\u00eda publica de la Ciudad de Malarg\u00fce. ( O.P.T y R.N.) Por Secretaria se procede a la&nbsp; lectura del despacho emitido el cual sugiere la aprobaci\u00f3n del proyecto presentado con la siguiente modificaci\u00f3n RESUELVE. ART\u00cdCULO 1\u00b0 y 2\u00b0: Idem proyecto original. &nbsp;ART\u00cdCULO 3\u00b0: Se elimina y pasa a ser de forma.\/\/ PRESIDENCIA pone a consideraci\u00f3n el despacho emitido y es APROBADO. (9 votos afirmativos). i) Asuntos Varios.\/\/&nbsp; 1. Nota HC 613 Departamento Ejecutivo eleva Reformulaci\u00f3n de Proyecto de Presupuesto, la Concejal MANSILLA que a fin de dar agilidad al tr\u00e1mite administrativo el Expte de referencia pase a la Comisi\u00f3n de H.P.L.A.C.\/ PRESIDENCIA pone a consideraci\u00f3n la moci\u00f3n y es APROBADA.\/ (7 votos afirmativos).\/&nbsp; La Concejal MOSCA presenta moci\u00f3n a fin de reconsiderar el VOTO. Puesto a consideraci\u00f3n es aprobada la moci\u00f3n.&nbsp; Se procede nuevamente por PRESIDENCIA a poner a consideraci\u00f3n y APROBADO por unanimidad.\/\/ j) Acto de arriar el Pabell\u00f3n Nacional a cargo del&nbsp;&nbsp; concejal que lo iz\u00f3.\/\/ .\/\/ Sin mas temas para tratar se da por finalizada la Sesi\u00f3n, cuando es la hora 10:25, previa lectura de lo que antecede,&nbsp; firman las presentes actuaciones el Se\u00f1or Presidente y la Se\u00f1ora Secretaria del Honorable Concejo Deliberante.&nbsp; <strong><em>&nbsp;<\/em><\/strong><\/p>\n","protected":false},"excerpt":{"rendered":"<p>BANCA DEL CIUDADANO Sra. Andrea PEDERNERA Tema:&nbsp;&nbsp; Situaci\u00f3n Escuela N\u00b0 4-228 Eugenio Izsaky Electromec\u00e1nica por estado de sus instalaciones. PRESIDENCIA da la bienvenida a la Sra. Andrea Pedernera.&nbsp; &nbsp;Buen d\u00eda a todos. En el d\u00eda de la fecha 06 de junio de 2024, tenemos la Banca del Ciudadano, solicitada por &nbsp;Nota , espacio donde nos [&hellip;]<\/p>\n","protected":false},"author":5,"featured_media":33337,"comment_status":"closed","ping_status":"closed","sticky":false,"template":"","format":"standard","meta":{"footnotes":""},"categories":[60,52,58,33,36],"tags":[],"class_list":["post-37022","post","type-post","status-publish","format-standard","has-post-thumbnail","hentry","category-acta-de-sesiones","category-gacetillas","category-ordinarias","category-prensa","category-sesiones"],"yoast_head":"<!-- This site is optimized with the Yoast SEO plugin v19.10 - https:\/\/yoast.com\/wordpress\/plugins\/seo\/ -->\n<title>ACTA 13\u00b0 SESION\u00a0ORDINARIA\u00a0 N\u00b01.161- \u201cO\u201d- 6\/06\/2.024 - Malarg\u00fce HCD<\/title>\n<meta name=\"robots\" content=\"index, follow, max-snippet:-1, max-image-preview:large, max-video-preview:-1\" \/>\n<link rel=\"canonical\" href=\"https:\/\/hcd.malargue.gov.ar\/?p=37022\" \/>\n<meta property=\"og:locale\" content=\"es_ES\" \/>\n<meta property=\"og:type\" content=\"article\" \/>\n<meta property=\"og:title\" content=\"ACTA 13\u00b0 SESION\u00a0ORDINARIA\u00a0 N\u00b01.161- \u201cO\u201d- 6\/06\/2.024 - Malarg\u00fce HCD\" \/>\n<meta property=\"og:description\" content=\"BANCA DEL CIUDADANO Sra. Andrea PEDERNERA Tema:&nbsp;&nbsp; Situaci\u00f3n Escuela N\u00b0 4-228 Eugenio Izsaky Electromec\u00e1nica por estado de sus instalaciones. PRESIDENCIA da la bienvenida a la Sra. Andrea Pedernera.&nbsp; &nbsp;Buen d\u00eda a todos. En el d\u00eda de la fecha 06 de junio de 2024, tenemos la Banca del Ciudadano, solicitada por &nbsp;Nota , espacio donde nos [&hellip;]\" \/>\n<meta property=\"og:url\" content=\"https:\/\/hcd.malargue.gov.ar\/?p=37022\" \/>\n<meta property=\"og:site_name\" content=\"Malarg\u00fce HCD\" \/>\n<meta property=\"article:published_time\" content=\"2024-06-12T14:04:32+00:00\" \/>\n<meta property=\"article:modified_time\" content=\"2024-06-12T14:05:54+00:00\" \/>\n<meta property=\"og:image\" content=\"https:\/\/hcd.malargue.gov.ar\/wp-content\/uploads\/2023\/03\/actas-sesiones.jpg\" \/>\n\t<meta property=\"og:image:width\" content=\"1640\" \/>\n\t<meta property=\"og:image:height\" content=\"924\" \/>\n\t<meta property=\"og:image:type\" content=\"image\/jpeg\" \/>\n<meta name=\"author\" content=\"Belen Pedernera Ferragut\" \/>\n<meta name=\"twitter:card\" content=\"summary_large_image\" \/>\n<meta name=\"twitter:label1\" content=\"Escrito por\" \/>\n\t<meta name=\"twitter:data1\" content=\"Belen Pedernera Ferragut\" \/>\n\t<meta name=\"twitter:label2\" content=\"Tiempo de lectura\" \/>\n\t<meta name=\"twitter:data2\" content=\"37 minutos\" \/>\n<script type=\"application\/ld+json\" class=\"yoast-schema-graph\">{\"@context\":\"https:\/\/schema.org\",\"@graph\":[{\"@type\":\"WebPage\",\"@id\":\"https:\/\/hcd.malargue.gov.ar\/?p=37022\",\"url\":\"https:\/\/hcd.malargue.gov.ar\/?p=37022\",\"name\":\"ACTA 13\u00b0 SESION\u00a0ORDINARIA\u00a0 N\u00b01.161- \u201cO\u201d- 6\/06\/2.024 - Malarg\u00fce HCD\",\"isPartOf\":{\"@id\":\"https:\/\/hcd.malargue.gov.ar\/#website\"},\"datePublished\":\"2024-06-12T14:04:32+00:00\",\"dateModified\":\"2024-06-12T14:05:54+00:00\",\"author\":{\"@id\":\"https:\/\/hcd.malargue.gov.ar\/#\/schema\/person\/3fd6bbab64edd703961b795156c955d0\"},\"breadcrumb\":{\"@id\":\"https:\/\/hcd.malargue.gov.ar\/?p=37022#breadcrumb\"},\"inLanguage\":\"es-AR\",\"potentialAction\":[{\"@type\":\"ReadAction\",\"target\":[\"https:\/\/hcd.malargue.gov.ar\/?p=37022\"]}]},{\"@type\":\"BreadcrumbList\",\"@id\":\"https:\/\/hcd.malargue.gov.ar\/?p=37022#breadcrumb\",\"itemListElement\":[{\"@type\":\"ListItem\",\"position\":1,\"name\":\"Inicio\",\"item\":\"https:\/\/hcd.malargue.gov.ar\/\"},{\"@type\":\"ListItem\",\"position\":2,\"name\":\"ACTA 13\u00b0 SESION\u00a0ORDINARIA\u00a0 N\u00b01.161- \u201cO\u201d- 6\/06\/2.024\"}]},{\"@type\":\"WebSite\",\"@id\":\"https:\/\/hcd.malargue.gov.ar\/#website\",\"url\":\"https:\/\/hcd.malargue.gov.ar\/\",\"name\":\"Malarg\u00fce HCD\",\"description\":\"Malarg\u00fce Mendoza Argentina\",\"potentialAction\":[{\"@type\":\"SearchAction\",\"target\":{\"@type\":\"EntryPoint\",\"urlTemplate\":\"https:\/\/hcd.malargue.gov.ar\/?s={search_term_string}\"},\"query-input\":\"required name=search_term_string\"}],\"inLanguage\":\"es-AR\"},{\"@type\":\"Person\",\"@id\":\"https:\/\/hcd.malargue.gov.ar\/#\/schema\/person\/3fd6bbab64edd703961b795156c955d0\",\"name\":\"Belen Pedernera Ferragut\",\"image\":{\"@type\":\"ImageObject\",\"inLanguage\":\"es-AR\",\"@id\":\"https:\/\/hcd.malargue.gov.ar\/#\/schema\/person\/image\/\",\"url\":\"https:\/\/secure.gravatar.com\/avatar\/1054ffab3893de4bb3eb29bdd22f7e34b8537bf5d34d9dab311818154ad5b71f?s=96&d=mm&r=g\",\"contentUrl\":\"https:\/\/secure.gravatar.com\/avatar\/1054ffab3893de4bb3eb29bdd22f7e34b8537bf5d34d9dab311818154ad5b71f?s=96&d=mm&r=g\",\"caption\":\"Belen Pedernera Ferragut\"},\"url\":\"https:\/\/hcd.malargue.gov.ar\/?author=5\"}]}<\/script>\n<!-- \/ Yoast SEO plugin. -->","yoast_head_json":{"title":"ACTA 13\u00b0 SESION\u00a0ORDINARIA\u00a0 N\u00b01.161- \u201cO\u201d- 6\/06\/2.024 - Malarg\u00fce HCD","robots":{"index":"index","follow":"follow","max-snippet":"max-snippet:-1","max-image-preview":"max-image-preview:large","max-video-preview":"max-video-preview:-1"},"canonical":"https:\/\/hcd.malargue.gov.ar\/?p=37022","og_locale":"es_ES","og_type":"article","og_title":"ACTA 13\u00b0 SESION\u00a0ORDINARIA\u00a0 N\u00b01.161- \u201cO\u201d- 6\/06\/2.024 - Malarg\u00fce HCD","og_description":"BANCA DEL CIUDADANO Sra. Andrea PEDERNERA Tema:&nbsp;&nbsp; Situaci\u00f3n Escuela N\u00b0 4-228 Eugenio Izsaky Electromec\u00e1nica por estado de sus instalaciones. PRESIDENCIA da la bienvenida a la Sra. Andrea Pedernera.&nbsp; &nbsp;Buen d\u00eda a todos. En el d\u00eda de la fecha 06 de junio de 2024, tenemos la Banca del Ciudadano, solicitada por &nbsp;Nota , espacio donde nos [&hellip;]","og_url":"https:\/\/hcd.malargue.gov.ar\/?p=37022","og_site_name":"Malarg\u00fce HCD","article_published_time":"2024-06-12T14:04:32+00:00","article_modified_time":"2024-06-12T14:05:54+00:00","og_image":[{"width":1640,"height":924,"url":"https:\/\/hcd.malargue.gov.ar\/wp-content\/uploads\/2023\/03\/actas-sesiones.jpg","type":"image\/jpeg"}],"author":"Belen Pedernera Ferragut","twitter_card":"summary_large_image","twitter_misc":{"Escrito por":"Belen Pedernera Ferragut","Tiempo de lectura":"37 minutos"},"schema":{"@context":"https:\/\/schema.org","@graph":[{"@type":"WebPage","@id":"https:\/\/hcd.malargue.gov.ar\/?p=37022","url":"https:\/\/hcd.malargue.gov.ar\/?p=37022","name":"ACTA 13\u00b0 SESION\u00a0ORDINARIA\u00a0 N\u00b01.161- \u201cO\u201d- 6\/06\/2.024 - Malarg\u00fce HCD","isPartOf":{"@id":"https:\/\/hcd.malargue.gov.ar\/#website"},"datePublished":"2024-06-12T14:04:32+00:00","dateModified":"2024-06-12T14:05:54+00:00","author":{"@id":"https:\/\/hcd.malargue.gov.ar\/#\/schema\/person\/3fd6bbab64edd703961b795156c955d0"},"breadcrumb":{"@id":"https:\/\/hcd.malargue.gov.ar\/?p=37022#breadcrumb"},"inLanguage":"es-AR","potentialAction":[{"@type":"ReadAction","target":["https:\/\/hcd.malargue.gov.ar\/?p=37022"]}]},{"@type":"BreadcrumbList","@id":"https:\/\/hcd.malargue.gov.ar\/?p=37022#breadcrumb","itemListElement":[{"@type":"ListItem","position":1,"name":"Inicio","item":"https:\/\/hcd.malargue.gov.ar\/"},{"@type":"ListItem","position":2,"name":"ACTA 13\u00b0 SESION\u00a0ORDINARIA\u00a0 N\u00b01.161- \u201cO\u201d- 6\/06\/2.024"}]},{"@type":"WebSite","@id":"https:\/\/hcd.malargue.gov.ar\/#website","url":"https:\/\/hcd.malargue.gov.ar\/","name":"Malarg\u00fce HCD","description":"Malarg\u00fce Mendoza Argentina","potentialAction":[{"@type":"SearchAction","target":{"@type":"EntryPoint","urlTemplate":"https:\/\/hcd.malargue.gov.ar\/?s={search_term_string}"},"query-input":"required name=search_term_string"}],"inLanguage":"es-AR"},{"@type":"Person","@id":"https:\/\/hcd.malargue.gov.ar\/#\/schema\/person\/3fd6bbab64edd703961b795156c955d0","name":"Belen Pedernera Ferragut","image":{"@type":"ImageObject","inLanguage":"es-AR","@id":"https:\/\/hcd.malargue.gov.ar\/#\/schema\/person\/image\/","url":"https:\/\/secure.gravatar.com\/avatar\/1054ffab3893de4bb3eb29bdd22f7e34b8537bf5d34d9dab311818154ad5b71f?s=96&d=mm&r=g","contentUrl":"https:\/\/secure.gravatar.com\/avatar\/1054ffab3893de4bb3eb29bdd22f7e34b8537bf5d34d9dab311818154ad5b71f?s=96&d=mm&r=g","caption":"Belen Pedernera Ferragut"},"url":"https:\/\/hcd.malargue.gov.ar\/?author=5"}]}},"_links":{"self":[{"href":"https:\/\/hcd.malargue.gov.ar\/index.php?rest_route=\/wp\/v2\/posts\/37022","targetHints":{"allow":["GET"]}}],"collection":[{"href":"https:\/\/hcd.malargue.gov.ar\/index.php?rest_route=\/wp\/v2\/posts"}],"about":[{"href":"https:\/\/hcd.malargue.gov.ar\/index.php?rest_route=\/wp\/v2\/types\/post"}],"author":[{"embeddable":true,"href":"https:\/\/hcd.malargue.gov.ar\/index.php?rest_route=\/wp\/v2\/users\/5"}],"replies":[{"embeddable":true,"href":"https:\/\/hcd.malargue.gov.ar\/index.php?rest_route=%2Fwp%2Fv2%2Fcomments&post=37022"}],"version-history":[{"count":2,"href":"https:\/\/hcd.malargue.gov.ar\/index.php?rest_route=\/wp\/v2\/posts\/37022\/revisions"}],"predecessor-version":[{"id":37025,"href":"https:\/\/hcd.malargue.gov.ar\/index.php?rest_route=\/wp\/v2\/posts\/37022\/revisions\/37025"}],"wp:featuredmedia":[{"embeddable":true,"href":"https:\/\/hcd.malargue.gov.ar\/index.php?rest_route=\/wp\/v2\/media\/33337"}],"wp:attachment":[{"href":"https:\/\/hcd.malargue.gov.ar\/index.php?rest_route=%2Fwp%2Fv2%2Fmedia&parent=37022"}],"wp:term":[{"taxonomy":"category","embeddable":true,"href":"https:\/\/hcd.malargue.gov.ar\/index.php?rest_route=%2Fwp%2Fv2%2Fcategories&post=37022"},{"taxonomy":"post_tag","embeddable":true,"href":"https:\/\/hcd.malargue.gov.ar\/index.php?rest_route=%2Fwp%2Fv2%2Ftags&post=37022"}],"curies":[{"name":"wp","href":"https:\/\/api.w.org\/{rel}","templated":true}]}}