{"id":37131,"date":"2024-07-03T13:07:43","date_gmt":"2024-07-03T16:07:43","guid":{"rendered":"https:\/\/hcd.malargue.gov.ar\/?p=37131"},"modified":"2024-07-03T13:08:07","modified_gmt":"2024-07-03T16:08:07","slug":"orden-del-dia-16-sesion-ordinaria-2","status":"publish","type":"post","link":"https:\/\/hcd.malargue.gov.ar\/?p=37131","title":{"rendered":"ORDEN DEL DIA 16\u00b0 SESION ORDINARIA"},"content":{"rendered":"<div class=\"wp-block-image\">\n<figure class=\"alignright size-full is-resized\"><a href=\"http:\/\/hcd.malargue.gov.ar\/2024\/16%20SO%20ORDEN%20%20DEL%20DIA%2002-07-24.pdf\"><img loading=\"lazy\" decoding=\"async\" width=\"512\" height=\"512\" src=\"https:\/\/hcd.malargue.gov.ar\/wp-content\/uploads\/2018\/06\/PDF-JPG.jpg\" alt=\"\" class=\"wp-image-7950\" style=\"width:125px;height:auto\" srcset=\"https:\/\/hcd.malargue.gov.ar\/wp-content\/uploads\/2018\/06\/PDF-JPG.jpg 512w, https:\/\/hcd.malargue.gov.ar\/wp-content\/uploads\/2018\/06\/PDF-JPG-150x150.jpg 150w, https:\/\/hcd.malargue.gov.ar\/wp-content\/uploads\/2018\/06\/PDF-JPG-300x300.jpg 300w\" sizes=\"auto, (max-width: 512px) 100vw, 512px\" \/><\/a><\/figure>\n<\/div>\n\n\n<h5 class=\"wp-block-heading\">D\u00eda Jueves\u00a004 \u00a0de julio \u00a0de 2.024<\/h5>\n\n\n\n<h5 class=\"wp-block-heading\">Hora: 08:50<\/h5>\n\n\n\n<p>BANCA DEL CIUDADANO:&nbsp; &nbsp;Sr. Armando Escobar por&nbsp; Comisi\u00f3n Rotary Club Malarg\u00fce. &nbsp;<\/p>\n\n\n\n<p>TEMA: Inquietudes inherentes al mes de la paz.<\/p>\n\n\n\n<p><strong><em>a)<\/em><\/strong> <strong><em>Acto de Izar la Ense\u00f1a Patria\u00a0\u00a0 a cargo de la Sra. Concejal Silvina Camiolo.<\/em><\/strong><\/p>\n\n\n\n<p><strong><em>b) Homenaje de los Se\u00f1ores Concejales.<\/em><\/strong><\/p>\n\n\n\n<p><strong><em>c) Consideraci\u00f3n Acta Sesi\u00f3n Ordinaria N\u00b0 1.163 \u201cO\u201d 2.024.<\/em><\/strong><\/p>\n\n\n\n<p><strong><em>d) Lectura del detalle de la correspondencia recibida y emitida.<\/em><\/strong><\/p>\n\n\n\n<p><strong><em>e) Determinaci\u00f3n de los temas que ser\u00e1n incluidos en el punto Asuntos Varios y puesta a consideraci\u00f3n de mociones de tratamientos sobre tablas de diversos expedientes.<\/em><\/strong><\/p>\n\n\n\n<p>f) <strong><em>Proyectos de los Se\u00f1ores Concejales <\/em><\/strong><em>\u00a0\u00a0\u00a0<\/em><\/p>\n\n\n\n<ol class=\"wp-block-list\" style=\"list-style-type:lower-alpha\">\n<li>Expte N\u00b0 5.453 \u00a0HC 066 -2.024 Proyecto de Resoluci\u00f3n: \u00a0Solicitud de intervenci\u00f3n a Legisladoras del IV Distrito sobre uso de ambulancia para traslado (INTERBLOQUE RECONSTRUYENCO MALARG\u00dcE \u2013 UNI\u00d3N MENDOCINA &#8211; \u00a0PARTIDO JUSTICIALISTA ) Autores: Concejales Silvina Camiolo, Elizabeth Gonz\u00e1lez y Emilce Mansilla. \u00a0<\/li>\n\n\n\n<li>Expte N\u00b0 5.454 HC 066 \u2013 2.024 Proyecto de Declaraci\u00f3n: Declarar de Inter\u00e9s Departamental, Social y Educativo la Conferencia \u201cEl rol de los padres hoy\u201d. (BLOQUE\u00a0 ENCUENTRO) Autor:\u00a0 Concejal Francisco Parada.<\/li>\n\n\n\n<li>Expte N\u00b0 5.455 HC 067 \u2013 2.024\u00a0 Proyecto de Resoluci\u00f3n:\u00a0 Solicitar al Departamento Ejecutivo Municipal la colocaci\u00f3n de se\u00f1aletica en Atractivos Tur\u00edsticos de la Ciudad. ( BLOQUE ENCUENTRO)\u00a0 Autor: Concejal\u00a0 Francisco Parada.<\/li>\n\n\n\n<li>Expte N\u00b0 5.456 HC 067 \u2013 2.024 Proyecto de Ordenanza:\u00a0 Programa de Cr\u00e9ditos con perspectiva de arraigo, destinado a j\u00f3venes de la zona rural. (INTERBLOQUE ENCUENTRO \u2013 PARTIDO JUSTICIALISTA) Autores: Concejales Francisco Parada, Pablo Cabrera, Emilce Mansilla y Magali Acosta.<\/li>\n<\/ol>\n\n\n\n<p><strong><em>g) <\/em><\/strong><em style=\"font-weight: bold;\">Expedientes provenientes del Departamento Ejecutivo<\/em><\/p>\n\n\n\n<ol class=\"wp-block-list\" style=\"list-style-type:lower-alpha\">\n<li>Expte N\u00b0 5.403 HC 063 \u2013 2.024 Proyecto de Ordenanza:\u00a0 Programa de Asistencia y Asesoramiento para la Mujer Rural\u00a0 (Decreto N\u00b0 783\/2.024).<\/li>\n\n\n\n<li>Expte\u00a0 N\u00b0 5.060 HC 039 \u2013 2.021 Proyecto de Ordenanza: Reglamento funcionamiento interno de la Escuela Municipal de Ceramolog\u00eda. (Decreto N\u00b0 782\/2.024).<\/li>\n<\/ol>\n\n\n\n<p><strong><em>h) Despachos de las Comisiones de Trabajo<\/em><\/strong><\/p>\n\n\n\n<ol class=\"wp-block-list\">\n<li>Expte N\u00b0 5.413 HC 064 \u2013 2.024\u00a0 Proyecto de Resoluci\u00f3n:\u00a0 Solicitar al Departamento Ejecutivo Municipal el mantenimiento de banquinas y reparaci\u00f3n de la calle Juan Agustin Maza. (O.P.T y R.N)<\/li>\n\n\n\n<li>Expte N\u00b0 5.417 HC 064 \u2013 2.024\u00a0 Proyecto de Resoluci\u00f3n:\u00a0 Solicitar al Gobierno de la Provincia de Mendoza la construcci\u00f3n de la Escuela N\u00b0 4 \u2013 206 Mapu Mahuida de Bardas Blancas y la Escuela Electromec\u00e1nica N\u00b0 4 \u2013 228 Eugenio Izsaky.\u00a0 (H.P.L.A.C.)<\/li>\n<\/ol>\n\n\n\n<p><strong>i<em>) Asuntos Varios. &nbsp;&nbsp;&nbsp;&nbsp;<\/em><\/strong><\/p>\n\n\n\n<p><strong><em>j) Acto de arriar el Pabell\u00f3n Nacional a cargo de la &nbsp;concejal que lo <\/em><\/strong><strong>iz\u00f3.<\/strong><\/p>\n\n\n\n<p><strong>&nbsp;&nbsp;&nbsp;&nbsp;&nbsp;&nbsp;&nbsp;&nbsp;&nbsp;&nbsp;&nbsp;&nbsp;&nbsp;&nbsp;&nbsp;&nbsp;&nbsp;&nbsp;&nbsp;&nbsp;&nbsp;&nbsp;&nbsp;&nbsp;&nbsp;&nbsp;&nbsp;&nbsp;&nbsp;&nbsp;&nbsp;&nbsp;&nbsp;&nbsp;&nbsp;&nbsp;&nbsp;&nbsp;&nbsp;&nbsp;&nbsp;&nbsp;&nbsp;&nbsp;&nbsp;&nbsp;&nbsp;&nbsp;&nbsp;&nbsp;&nbsp;&nbsp;&nbsp;&nbsp;&nbsp;&nbsp;&nbsp;&nbsp;&nbsp;&nbsp;&nbsp;&nbsp;&nbsp;&nbsp;&nbsp;&nbsp;&nbsp;&nbsp;&nbsp;&nbsp; &nbsp;&nbsp;&nbsp;&nbsp; &nbsp;&nbsp;&nbsp;&nbsp;&nbsp;&nbsp; <\/strong>Presidencia, H.C.D., &nbsp;02 &nbsp;de julio de 2.024<\/p>\n\n\n\n<p>CORRESPONDENCIA &nbsp;PARA LA SESI\u00d3N<\/p>\n\n\n\n<p>Del d\u00eda jueves&nbsp; 02 de julio&nbsp; de 2.024.<\/p>\n\n\n\n<p>NOTAS INGRESADAS<\/p>\n\n\n\n<ol class=\"wp-block-list\">\n<li>Sra. Gladis V\u00e1zquez, domiciliada en El Chihuido Puesto Vega Mirana, solicita Banca del Ciudadano a fin de plantear problem\u00e1tica de crianceros con la Polic\u00eda Rural.<\/li>\n\n\n\n<li>Vecinos, docentes, personal de salud y medios de transporte de Paraje El Cortaderal, solicitan mantenimiento de rutas de acceso y la atenci\u00f3n de oficinas m\u00f3viles de ANSES, Registro Civil y Polic\u00eda de Mendoza en el lugar.<\/li>\n\n\n\n<li>Director Pablo A. Forquera, Escuela N\u00b0 8-384 Carlos Rusconi del Paraje El Cortaderal, solicita donaci\u00f3n de dos astas para banderas de ceremonias de la Instituci\u00f3n.<\/li>\n\n\n\n<li>Sr. Sebasti\u00e1n V\u00e1zquez, solicita \u00a0Banca del Ciudadano a fin de exponer la problem\u00e1tica de matriz energ\u00e9tica sobre todo gas\u00edfera para el desarrollo y progreso del Departamento.<\/li>\n\n\n\n<li>Prof. Gustavo Caba\u00f1a Director de Educaci\u00f3n, eleva consideraciones respecto a Expte N\u00b0 5.409 HC 053 \u2013 2.024 Regulaci\u00f3n de la Carrera Municipal Docente, para conocimiento.<\/li>\n\n\n\n<li>Cdor. Celso Alejandro Jaque, Intendente Municipal, eleva documentaci\u00f3n referida a donaci\u00f3n de 30 bicicletas por parte del Banco MACRO y su aceptaci\u00f3n mediante Decreto N\u00b0 375\/2.022, a los fines correspondientes.<\/li>\n\n\n\n<li>Cdor. Celso Alejandro Jaque, Intendente Municipal, eleva respuesta a Resoluci\u00f3n N\u00b0 146\/2.024, solicitud de informe respecto a \u00a0Universidad Maza Carrera de Educaci\u00f3n F\u00edsica, para conocimiento.<\/li>\n\n\n\n<li>Concejales Elizabeth Gonz\u00e1lez, Silvina Camiolo y Mart\u00edn Palma, elevan copia de actuaciones ante el Honorable Tribunal de Cuentas y respuesta del mismo para conocimiento.<\/li>\n<\/ol>\n\n\n\n<p>NOTAS&nbsp; EMITIDAS<\/p>\n\n\n\n<ol class=\"wp-block-list\">\n<li>Al \u00a0Sr. Armando Escobar, por Comisi\u00f3n Rotary Club Malarg\u00fce, informando que podr\u00e1 hacer uso de la Banca del Ciudadano.<\/li>\n<\/ol>\n","protected":false},"excerpt":{"rendered":"<p>D\u00eda Jueves\u00a004 \u00a0de julio \u00a0de 2.024 Hora: 08:50 BANCA DEL CIUDADANO:&nbsp; &nbsp;Sr. Armando Escobar por&nbsp; Comisi\u00f3n Rotary Club Malarg\u00fce. &nbsp; TEMA: Inquietudes inherentes al mes de la paz. a) Acto de Izar la Ense\u00f1a Patria\u00a0\u00a0 a cargo de la Sra. Concejal Silvina Camiolo. b) Homenaje de los Se\u00f1ores Concejales. c) Consideraci\u00f3n Acta Sesi\u00f3n Ordinaria N\u00b0 [&hellip;]<\/p>\n","protected":false},"author":5,"featured_media":36926,"comment_status":"closed","ping_status":"closed","sticky":false,"template":"","format":"standard","meta":{"footnotes":""},"categories":[83,52,84,58,33,36],"tags":[],"class_list":["post-37131","post","type-post","status-publish","format-standard","has-post-thumbnail","hentry","category-banca-del-ciudadano","category-gacetillas","category-orden-del-dia","category-ordinarias","category-prensa","category-sesiones"],"yoast_head":"<!-- This site is optimized with the Yoast SEO plugin v19.10 - https:\/\/yoast.com\/wordpress\/plugins\/seo\/ -->\n<title>ORDEN DEL DIA 16\u00b0 SESION ORDINARIA - Malarg\u00fce HCD<\/title>\n<meta name=\"robots\" content=\"index, follow, max-snippet:-1, max-image-preview:large, max-video-preview:-1\" \/>\n<link rel=\"canonical\" href=\"https:\/\/hcd.malargue.gov.ar\/?p=37131\" \/>\n<meta property=\"og:locale\" content=\"es_ES\" \/>\n<meta property=\"og:type\" content=\"article\" \/>\n<meta property=\"og:title\" content=\"ORDEN DEL DIA 16\u00b0 SESION ORDINARIA - Malarg\u00fce HCD\" \/>\n<meta property=\"og:description\" content=\"D\u00eda Jueves\u00a004 \u00a0de julio \u00a0de 2.024 Hora: 08:50 BANCA DEL CIUDADANO:&nbsp; &nbsp;Sr. Armando Escobar por&nbsp; Comisi\u00f3n Rotary Club Malarg\u00fce. &nbsp; TEMA: Inquietudes inherentes al mes de la paz. a) Acto de Izar la Ense\u00f1a Patria\u00a0\u00a0 a cargo de la Sra. Concejal Silvina Camiolo. b) Homenaje de los Se\u00f1ores Concejales. c) Consideraci\u00f3n Acta Sesi\u00f3n Ordinaria N\u00b0 [&hellip;]\" \/>\n<meta property=\"og:url\" content=\"https:\/\/hcd.malargue.gov.ar\/?p=37131\" \/>\n<meta property=\"og:site_name\" content=\"Malarg\u00fce HCD\" \/>\n<meta property=\"article:published_time\" content=\"2024-07-03T16:07:43+00:00\" \/>\n<meta property=\"article:modified_time\" content=\"2024-07-03T16:08:07+00:00\" \/>\n<meta property=\"og:image\" content=\"https:\/\/hcd.malargue.gov.ar\/wp-content\/uploads\/2024\/05\/ORDINARIAS-sesiones.png\" \/>\n\t<meta property=\"og:image:width\" content=\"1640\" \/>\n\t<meta property=\"og:image:height\" content=\"924\" \/>\n\t<meta property=\"og:image:type\" content=\"image\/png\" \/>\n<meta name=\"author\" content=\"Belen Pedernera Ferragut\" \/>\n<meta name=\"twitter:card\" content=\"summary_large_image\" \/>\n<meta name=\"twitter:label1\" content=\"Escrito por\" \/>\n\t<meta name=\"twitter:data1\" content=\"Belen Pedernera Ferragut\" \/>\n\t<meta name=\"twitter:label2\" content=\"Tiempo de lectura\" \/>\n\t<meta name=\"twitter:data2\" content=\"4 minutos\" \/>\n<script type=\"application\/ld+json\" class=\"yoast-schema-graph\">{\"@context\":\"https:\/\/schema.org\",\"@graph\":[{\"@type\":\"WebPage\",\"@id\":\"https:\/\/hcd.malargue.gov.ar\/?p=37131\",\"url\":\"https:\/\/hcd.malargue.gov.ar\/?p=37131\",\"name\":\"ORDEN DEL DIA 16\u00b0 SESION ORDINARIA - Malarg\u00fce HCD\",\"isPartOf\":{\"@id\":\"https:\/\/hcd.malargue.gov.ar\/#website\"},\"datePublished\":\"2024-07-03T16:07:43+00:00\",\"dateModified\":\"2024-07-03T16:08:07+00:00\",\"author\":{\"@id\":\"https:\/\/hcd.malargue.gov.ar\/#\/schema\/person\/3fd6bbab64edd703961b795156c955d0\"},\"breadcrumb\":{\"@id\":\"https:\/\/hcd.malargue.gov.ar\/?p=37131#breadcrumb\"},\"inLanguage\":\"es-AR\",\"potentialAction\":[{\"@type\":\"ReadAction\",\"target\":[\"https:\/\/hcd.malargue.gov.ar\/?p=37131\"]}]},{\"@type\":\"BreadcrumbList\",\"@id\":\"https:\/\/hcd.malargue.gov.ar\/?p=37131#breadcrumb\",\"itemListElement\":[{\"@type\":\"ListItem\",\"position\":1,\"name\":\"Inicio\",\"item\":\"https:\/\/hcd.malargue.gov.ar\/\"},{\"@type\":\"ListItem\",\"position\":2,\"name\":\"ORDEN DEL DIA 16\u00b0 SESION ORDINARIA\"}]},{\"@type\":\"WebSite\",\"@id\":\"https:\/\/hcd.malargue.gov.ar\/#website\",\"url\":\"https:\/\/hcd.malargue.gov.ar\/\",\"name\":\"Malarg\u00fce HCD\",\"description\":\"Malarg\u00fce Mendoza Argentina\",\"potentialAction\":[{\"@type\":\"SearchAction\",\"target\":{\"@type\":\"EntryPoint\",\"urlTemplate\":\"https:\/\/hcd.malargue.gov.ar\/?s={search_term_string}\"},\"query-input\":\"required name=search_term_string\"}],\"inLanguage\":\"es-AR\"},{\"@type\":\"Person\",\"@id\":\"https:\/\/hcd.malargue.gov.ar\/#\/schema\/person\/3fd6bbab64edd703961b795156c955d0\",\"name\":\"Belen Pedernera Ferragut\",\"image\":{\"@type\":\"ImageObject\",\"inLanguage\":\"es-AR\",\"@id\":\"https:\/\/hcd.malargue.gov.ar\/#\/schema\/person\/image\/\",\"url\":\"https:\/\/secure.gravatar.com\/avatar\/1054ffab3893de4bb3eb29bdd22f7e34b8537bf5d34d9dab311818154ad5b71f?s=96&d=mm&r=g\",\"contentUrl\":\"https:\/\/secure.gravatar.com\/avatar\/1054ffab3893de4bb3eb29bdd22f7e34b8537bf5d34d9dab311818154ad5b71f?s=96&d=mm&r=g\",\"caption\":\"Belen Pedernera Ferragut\"},\"url\":\"https:\/\/hcd.malargue.gov.ar\/?author=5\"}]}<\/script>\n<!-- \/ Yoast SEO plugin. -->","yoast_head_json":{"title":"ORDEN DEL DIA 16\u00b0 SESION ORDINARIA - Malarg\u00fce HCD","robots":{"index":"index","follow":"follow","max-snippet":"max-snippet:-1","max-image-preview":"max-image-preview:large","max-video-preview":"max-video-preview:-1"},"canonical":"https:\/\/hcd.malargue.gov.ar\/?p=37131","og_locale":"es_ES","og_type":"article","og_title":"ORDEN DEL DIA 16\u00b0 SESION ORDINARIA - Malarg\u00fce HCD","og_description":"D\u00eda Jueves\u00a004 \u00a0de julio \u00a0de 2.024 Hora: 08:50 BANCA DEL CIUDADANO:&nbsp; &nbsp;Sr. Armando Escobar por&nbsp; Comisi\u00f3n Rotary Club Malarg\u00fce. &nbsp; TEMA: Inquietudes inherentes al mes de la paz. a) Acto de Izar la Ense\u00f1a Patria\u00a0\u00a0 a cargo de la Sra. Concejal Silvina Camiolo. b) Homenaje de los Se\u00f1ores Concejales. c) Consideraci\u00f3n Acta Sesi\u00f3n Ordinaria N\u00b0 [&hellip;]","og_url":"https:\/\/hcd.malargue.gov.ar\/?p=37131","og_site_name":"Malarg\u00fce HCD","article_published_time":"2024-07-03T16:07:43+00:00","article_modified_time":"2024-07-03T16:08:07+00:00","og_image":[{"width":1640,"height":924,"url":"https:\/\/hcd.malargue.gov.ar\/wp-content\/uploads\/2024\/05\/ORDINARIAS-sesiones.png","type":"image\/png"}],"author":"Belen Pedernera Ferragut","twitter_card":"summary_large_image","twitter_misc":{"Escrito por":"Belen Pedernera Ferragut","Tiempo de lectura":"4 minutos"},"schema":{"@context":"https:\/\/schema.org","@graph":[{"@type":"WebPage","@id":"https:\/\/hcd.malargue.gov.ar\/?p=37131","url":"https:\/\/hcd.malargue.gov.ar\/?p=37131","name":"ORDEN DEL DIA 16\u00b0 SESION ORDINARIA - Malarg\u00fce HCD","isPartOf":{"@id":"https:\/\/hcd.malargue.gov.ar\/#website"},"datePublished":"2024-07-03T16:07:43+00:00","dateModified":"2024-07-03T16:08:07+00:00","author":{"@id":"https:\/\/hcd.malargue.gov.ar\/#\/schema\/person\/3fd6bbab64edd703961b795156c955d0"},"breadcrumb":{"@id":"https:\/\/hcd.malargue.gov.ar\/?p=37131#breadcrumb"},"inLanguage":"es-AR","potentialAction":[{"@type":"ReadAction","target":["https:\/\/hcd.malargue.gov.ar\/?p=37131"]}]},{"@type":"BreadcrumbList","@id":"https:\/\/hcd.malargue.gov.ar\/?p=37131#breadcrumb","itemListElement":[{"@type":"ListItem","position":1,"name":"Inicio","item":"https:\/\/hcd.malargue.gov.ar\/"},{"@type":"ListItem","position":2,"name":"ORDEN DEL DIA 16\u00b0 SESION ORDINARIA"}]},{"@type":"WebSite","@id":"https:\/\/hcd.malargue.gov.ar\/#website","url":"https:\/\/hcd.malargue.gov.ar\/","name":"Malarg\u00fce HCD","description":"Malarg\u00fce Mendoza Argentina","potentialAction":[{"@type":"SearchAction","target":{"@type":"EntryPoint","urlTemplate":"https:\/\/hcd.malargue.gov.ar\/?s={search_term_string}"},"query-input":"required name=search_term_string"}],"inLanguage":"es-AR"},{"@type":"Person","@id":"https:\/\/hcd.malargue.gov.ar\/#\/schema\/person\/3fd6bbab64edd703961b795156c955d0","name":"Belen Pedernera Ferragut","image":{"@type":"ImageObject","inLanguage":"es-AR","@id":"https:\/\/hcd.malargue.gov.ar\/#\/schema\/person\/image\/","url":"https:\/\/secure.gravatar.com\/avatar\/1054ffab3893de4bb3eb29bdd22f7e34b8537bf5d34d9dab311818154ad5b71f?s=96&d=mm&r=g","contentUrl":"https:\/\/secure.gravatar.com\/avatar\/1054ffab3893de4bb3eb29bdd22f7e34b8537bf5d34d9dab311818154ad5b71f?s=96&d=mm&r=g","caption":"Belen Pedernera Ferragut"},"url":"https:\/\/hcd.malargue.gov.ar\/?author=5"}]}},"_links":{"self":[{"href":"https:\/\/hcd.malargue.gov.ar\/index.php?rest_route=\/wp\/v2\/posts\/37131","targetHints":{"allow":["GET"]}}],"collection":[{"href":"https:\/\/hcd.malargue.gov.ar\/index.php?rest_route=\/wp\/v2\/posts"}],"about":[{"href":"https:\/\/hcd.malargue.gov.ar\/index.php?rest_route=\/wp\/v2\/types\/post"}],"author":[{"embeddable":true,"href":"https:\/\/hcd.malargue.gov.ar\/index.php?rest_route=\/wp\/v2\/users\/5"}],"replies":[{"embeddable":true,"href":"https:\/\/hcd.malargue.gov.ar\/index.php?rest_route=%2Fwp%2Fv2%2Fcomments&post=37131"}],"version-history":[{"count":2,"href":"https:\/\/hcd.malargue.gov.ar\/index.php?rest_route=\/wp\/v2\/posts\/37131\/revisions"}],"predecessor-version":[{"id":37133,"href":"https:\/\/hcd.malargue.gov.ar\/index.php?rest_route=\/wp\/v2\/posts\/37131\/revisions\/37133"}],"wp:featuredmedia":[{"embeddable":true,"href":"https:\/\/hcd.malargue.gov.ar\/index.php?rest_route=\/wp\/v2\/media\/36926"}],"wp:attachment":[{"href":"https:\/\/hcd.malargue.gov.ar\/index.php?rest_route=%2Fwp%2Fv2%2Fmedia&parent=37131"}],"wp:term":[{"taxonomy":"category","embeddable":true,"href":"https:\/\/hcd.malargue.gov.ar\/index.php?rest_route=%2Fwp%2Fv2%2Fcategories&post=37131"},{"taxonomy":"post_tag","embeddable":true,"href":"https:\/\/hcd.malargue.gov.ar\/index.php?rest_route=%2Fwp%2Fv2%2Ftags&post=37131"}],"curies":[{"name":"wp","href":"https:\/\/api.w.org\/{rel}","templated":true}]}}