{"id":37150,"date":"2024-07-05T08:58:20","date_gmt":"2024-07-05T11:58:20","guid":{"rendered":"https:\/\/hcd.malargue.gov.ar\/?p=37150"},"modified":"2024-07-05T08:59:01","modified_gmt":"2024-07-05T11:59:01","slug":"acta-15-sesion-ordinaria-n1-163-o-27-06-2024","status":"publish","type":"post","link":"https:\/\/hcd.malargue.gov.ar\/?p=37150","title":{"rendered":"ACTA 15\u00b0 SESI\u00d3N\u00a0ORDINARIA\u00a0 N\u00b01.163-\u201cO\u201d- 27\/06\/2024"},"content":{"rendered":"<div class=\"wp-block-image\">\n<figure class=\"alignright size-full is-resized\"><a href=\"http:\/\/hcd.malargue.gov.ar\/2024\/15%20BANCA%20DEL%20CIUDADANO%20SRA.%20MARIANA%20LOURDES%20TORRES.pdf\"><img loading=\"lazy\" decoding=\"async\" width=\"512\" height=\"512\" src=\"https:\/\/hcd.malargue.gov.ar\/wp-content\/uploads\/2018\/06\/PDF-JPG.jpg\" alt=\"\" class=\"wp-image-7950\" style=\"width:138px;height:auto\" srcset=\"https:\/\/hcd.malargue.gov.ar\/wp-content\/uploads\/2018\/06\/PDF-JPG.jpg 512w, https:\/\/hcd.malargue.gov.ar\/wp-content\/uploads\/2018\/06\/PDF-JPG-150x150.jpg 150w, https:\/\/hcd.malargue.gov.ar\/wp-content\/uploads\/2018\/06\/PDF-JPG-300x300.jpg 300w\" sizes=\"auto, (max-width: 512px) 100vw, 512px\" \/><\/a><\/figure>\n<\/div>\n\n\n<h5 class=\"wp-block-heading\">BANCA DEL CIUDADANO<\/h5>\n\n\n\n<h5 class=\"wp-block-heading\"><em>Sra. MARIANA LOURDES TORRES en Representaci\u00f3n de CLUB SOCIALY DEPORTIVO ENERGIA ATOMICA<\/em><\/h5>\n\n\n\n<h5 class=\"wp-block-heading\"><em>Tema:\u00a0 Trabajo de ayuda a familias de estrato social vulnerable.<\/em><\/h5>\n\n\n\n<p>&nbsp;El d\u00eda 27 de junio de 2.024, cuando es la hora 8:54 hace uso de la Banca del Ciudadano el Sra. Mar\u00edana Lourdes Torres, Presidencia da la bienvenida y explica brevemente el funcionamiento de la misma.<\/p>\n\n\n\n<p>&nbsp;Bueno, buenos d\u00edas a todos, mi nombre es Mariana Torres, estoy en representaci\u00f3n de los j\u00f3venes, ni\u00f1os y adultos de la familia, de las familias que integran el Club Energ\u00eda At\u00f3mica, nos trae, hoy ac\u00e1 a nosotros como club, hacer una petici\u00f3n a ustedes que consideramos qui\u00e9nes, son elegidos por nosotros para representarnos y elevar las necesidades, en este caso del club nuestro, a quien corresponda. Bueno, primero que nada quiero decir que para nosotros el deporte y considero que para la poblaci\u00f3n en general, se ha convertido en un, en algo vital por una parte tener una salud saludable, s\u00ed, nosotros como club lamentablemente por la situaci\u00f3n, que bueno ya es de p\u00fablico conocimiento, que todos estamos afrontando, se nos est\u00e1 dificultando poder solventar, no solamente, como club sino a las familias que los que integran el club, necesidades b\u00e1sicas. A cada uno de ustedes, les hemos hecho llegar una nota pidiendo la solidaridad de cada uno, apadrinando a una de nuestras jugadoras. Jugadoras o jugadores en el caso de ser m\u00e1s amplio al club, en las diferentes disciplinas deportivas.<\/p>\n\n\n\n<p>Hemos tenido, apelamos al, a la moral de cada uno de ustedes y sabemos que es dif\u00edcil para todos porque estamos pidiendo que sean solidarios desde la parte personal, s\u00ed y bueno, ya extendi\u00e9ndolo en este caso, que estoy sentada aqu\u00ed, coment\u00e1ndoles no solamente esta necesidad de los pap\u00e1s que se les est\u00e1 dificultando poder pagar una cuota b\u00e1sica del club, la cuota del club, los ayuda a las ni\u00f1as a poder tener el seguro que nos piden para poder practicar deporte en las diferentes disciplinas deportivas del club, tambi\u00e9n en el caso bueno, nosotros contamos con diferentes formas de hacer, de ayudar a las familias s\u00ed, los comerciantes tambi\u00e9n nos ayudan mucho con el tema de sponsor, lamentablemente ahora se han dado de baja muchos, entonces me atrev\u00ed yo y la Comisi\u00f3n Directiva hacer este pedido a ustedes en lo personal.&nbsp; Voy a agradecer porque me parece muy importante agradecer a las personas que ya se han sumado que son&nbsp; Silvina Camiolo, Elizabeth Gonz\u00e1lez y&nbsp; Pablo Villarruel, les pido como les dije anteriormente, que se sumen, si est\u00e1 al alcance de ustedes.<\/p>\n\n\n\n<p>Bueno, otras necesidades que nosotros tenemos como club son la compra de material deportivo para el club, s\u00ed que eso considero yo que es vital para practicar el deporte, s\u00ed como tambi\u00e9n algo que me voy a extender un poquito m\u00e1s que se nos ha hecho, que siempre hemos podido conseguir soluciones a corto plazo, pero en este momento se nos se nos hace muy dif\u00edcil, es poder contar con un lugar cerrado para entrenar. Sabemos nosotros y ustedes bueno, todos conocemos que Malarg\u00fce es un lugar donde hay m\u00e1s meses de fr\u00edo que de verano s\u00ed, y cuando no est\u00e1 el fr\u00edo, tenemos nuestro bendito viento, s\u00ed, entonces lamentablemente se nos ha convertido en una necesidad muy importante y ustedes dir\u00e1n, pero est\u00e1 el Polideportivo. Pero el polideportivo est\u00e1 colapsado, no solamente con las actividades&nbsp; que ya tiene la parte Municipal, sino con un mont\u00f3n de actividades, por ejemplo ayer nosotros ten\u00edamos que entrenar, porque voy a agradecer al Director de Deportes y a M\u00f3nica Santander quien nos dieron una soluci\u00f3n provisoria, porque estamos entrenando solamente con una categor\u00eda que es la escuelita municipal, arriba del escenario ellos han puesto un vallado y nos han dado un lugar a nosotros ah\u00ed, no solamente a nosotros, sino a varios clubes y varias personas, que yo he visto por las redes sociales, que sacan fotos y est\u00e1n entrenando en ese lugar, nosotros como club contamos con un terreno compactado ustedes la mayor\u00eda deben conocer las instalaciones del Club Energ\u00eda At\u00f3mica son humildes porque no contamos con un subsidio desde el gobierno, el cual nos llevar\u00edan a no tener que estar yo hoy sentada aqu\u00ed, s\u00ed y nos llevar\u00eda a poder solventar este tipo de cosas s\u00ed, desde las b\u00e1sicas hasta las m\u00e1s, m\u00e1s sabemos que que tenemos este proyecto y venimos a pedirles a ustedes que nos apoyen y que eleven este este pedido a quien corresponda s\u00ed, consideramos que ustedes nos representan y como les dije anteriormente el deporte se ha convertido en algo vital para la salud s\u00ed, entonces nosotros como les dec\u00eda contamos con un terreno compactado, hemos podido llegar hasta eso nada m\u00e1s y necesitamos la construcci\u00f3n de un lugar cerrado, s\u00e9 que es ambicioso el proyecto, pero no es imposible, si empezamos a trabajar desde ahora. Les pedimos que nos apoyen y que nos ayuden ustedes deben tener las herramientas, que yo tengo considero que es para poder llevar a cabo este proyecto s\u00ed, nosotros como club aparte de tener a muchos j\u00f3venes, ni\u00f1os y adultos s\u00ed, que que participan de &nbsp;las diferentes disciplinas estamos trabajando desde la parte social. S\u00ed, estamos trabajando desde la contenci\u00f3n, desde&nbsp;&nbsp; &nbsp;todo lo que lamentablemente como les digo la vida que nos, que hemos transcurrido todos ahora nos hace pasar por diferentes situaciones y el deporte es un apoyo muy importante, consideramos que es tanto como lo es la educaci\u00f3n s\u00ed, el derecho a la educaci\u00f3n, el derecho a la salud y el derecho a tener una vida digna, en ese mismo escal\u00f3n lo ponemos al deporte, s\u00ed.<\/p>\n\n\n\n<p>&nbsp;Bien me traje mi ayuda de memoria para no olvidarme de nada, yo soy una persona que cuando tengo que agradecer lo hago y voy a, si ustedes me lo permiten a tomarme el tiempo, s\u00ed como lo dije hace rato, aprovecho la oportunidad para agradecer a quienes nos escuchan porque nosotros este ya hemos golpeado varias puertas, s\u00ed, esta es una instancia m\u00e1s que estamos haciendo uso de nuestro derecho, entonces aprovecho la oportunidad para agradecer a Juanjo Narambuena que nos atendi\u00f3 en el municipio en representaci\u00f3n de nuestro Intendente para escuchar nuestras necesidades, al Director de Deportes Juan Manuel Pardo por tener en cuenta nuestros pedidos y ayudarnos con lo que est\u00e1 a su alcance respecto a nuestro entrenador, a M\u00f3nica Santander tambi\u00e9n de Direcci\u00f3n de Deporte por su atenci\u00f3n con nuestro club y escucharnos y buscar una soluci\u00f3n provisoria para la Escuelita de Hockey para que pueda continuar entrenando en los meses de fr\u00edo.<\/p>\n\n\n\n<p>Bien, otro, otra pedido que les quiero hacer es, nosotros en la parte de hockey, me voy a tomar, yo juego al hockey, s\u00ed y les quiero hacer el pedido de que puedan ustedes dirigirse a la cancha s\u00ed y tener ese cuidado pedir a las personas que est\u00e1n a cargo, que est\u00e1n haciendo su trabajo, pero lamentablemente tambi\u00e9n ellos se encuentran solos s\u00ed, en esto de cuidar la cancha de hockey de que es del municipio, en realidad es de todos S\u00ed, pero la Asociaci\u00f3n est\u00e1 trabajando sola para solventar un mont\u00f3n de necesidades que hay en esa parte del deporte, como as\u00ed tambi\u00e9n adentro del Poli, s\u00ed que &nbsp;nosotros en este momento estamos entrenando como les dije anteriormente arriba del escenario. S\u00ed, as\u00ed que tengo espero que ustedes nos contacten y yo voy a seguir viniendo para consultar sobre qu\u00e9 sucedi\u00f3 con el pedido m\u00e1s general digamos que es poder construir en nuestro, en nuestro club un lugar cerrado para, no solamente, para la gente del club, porque nosotros ten\u00edamos pensado desde la Comisi\u00f3n hemos charlado y decimos esto ayudar\u00eda tambi\u00e9n a descongestionar un poco el Polideportivo se puede trabajar&nbsp; con nosotros, estamos dispuestos como club a trabajar en conjunto con el municipio, s\u00ed, si el municipio o qui\u00e9n corresponda que nos nos de. Ni siquiera me atrevo a decir que yo, no soy una persona que, que no busco soluciones trato de hacerlo y todos los que me acompa\u00f1an tambi\u00e9n, es algo que se puede pagar solo, s\u00ed, pero no tenemos en este momento los recursos para llegar a tal fin, porque como les dije el Polideportivo est\u00e1 muy lleno de gente y nosotros podemos brindar la posibilidad de tener un espacio m\u00e1s, si cerrado para que todos puedan acercarse y tambi\u00e9n darle m\u00e1s vida al club, s\u00ed, porque el club nuestro desde la parte que nos corresponde es muy humilde. Ustedes alguno tiene sus hijos practicando un deporte, en la parte de f\u00fatbol podr\u00e1n conocer que se, se practica ah\u00ed la Liga participa mucho y bueno, lo hemos podido sacar adelante con lo poquito que nosotros tenemos al alcance, porque como les dije no contamos con un subsidio para tal fin, s\u00ed, as\u00ed que bueno, muchas gracias por escucharnos por escucharme, digo escucharnos porque estoy en representaci\u00f3n de los pap\u00e1s y de los ni\u00f1os y de todos los que integran el club y considero que tambi\u00e9n de la poblaci\u00f3n en general. Gracias<\/p>\n\n\n\n<p>El concejal Palma , se\u00f1or Presidente buenos d\u00edas, much\u00edsimas gracias por la utilizaci\u00f3n de la Banca del Ciudadano, que es una herramienta que siempre nosotros destacamos que, que sea utilizada. Tengo una consulta. C\u00f3mo est\u00e1n con el tema personer\u00eda jur\u00eddica?<\/p>\n\n\n\n<p>Mariana responde: &nbsp;Estamos en regla, est\u00e1n en regla balances al d\u00eda, exactamente ahora en unos meses m\u00e1s, se va a elegir la nueva Comisi\u00f3n Directiva del Club, est\u00e1 en proceso del balance.<\/p>\n\n\n\n<p>Continua Palma: Y sobre el terreno a construir, es de titularidad de la Asociaci\u00f3n?<\/p>\n\n\n\n<p>Mariana: Tengo entendido que s\u00ed, o sea, de del Club.<\/p>\n\n\n\n<p>Palma expresa:&nbsp; Hay una l\u00ednea de cr\u00e9ditos, de subsidios provinciales los cuales se puede acercar todos los requisitos para que ustedes lo puedan solicitar. Son muy pocos los clubes en Malarg\u00fce, &nbsp;que lo han hecho, s\u00ed y son muy pocos los clubes que est\u00e1n en regla, entonces teniendo estas situaciones de la documentaci\u00f3n y los balances al d\u00eda y la titularidad del terreno, se puede acceder a un subsidio para la construcci\u00f3n en el requisito obviamente que la titularidad del terreno sea propiedad de la Asociaci\u00f3n o del club. despu\u00e9s hay otra l\u00ednea de cr\u00e9dito, si no es construcci\u00f3n, para material deportivo y dem\u00e1s, yo en este momento si quieren en un cuartito intermedio, les paso la informaci\u00f3n, este, para que ustedes puedan iniciar con ese tr\u00e1mite en funci\u00f3n de adquirir un subsidio y con los otros yo propongo que pase a la Comisi\u00f3n de EHMASyC &nbsp;y desde la Comisi\u00f3n poder trabajar en conjunto y seguramente desde all\u00ed ser\u00e1s convocada junto a algunos representantes para que podamos abordar lAs distintas problem\u00e1ticas que has planteado en la Banca del Ciudadano y&nbsp; vuelvo a insistir, te agradezco que &nbsp;lo hayas hecho de esta manera.<\/p>\n\n\n\n<p>Mariana responde, &nbsp;bien, muchas gracias, si me permit\u00eds nosotros nos averiguamos ya de todos los subsidios porque tuvimos una reuni\u00f3n en su momento con Celso luego con H\u00e9ctor Arroyo y luego con Juanjo y se realizaron las peticiones pero eso hace ya bastante y no hemos tenido ning\u00fan tipo de respuesta, lo que nos dicen todos es que, como es debido a la situaci\u00f3n de que pasa la Argentina, est\u00e1 los subsidios, no se est\u00e1n llevando a cabo, pero bueno, es a lo que vengo a que ustedes nos brinden y nos gu\u00eden para poder hacerlo que estamos dispuestos.<\/p>\n\n\n\n<p>Pablo me lo coment\u00f3 que hab\u00eda hecho el pedido en ese momento me dijo que no le hab\u00edan respondido a\u00fan y tambi\u00e9n hemos escrito a diferentes asociaciones o no s\u00e9 c\u00f3mo se les llama para que apoyen en este este tipo de situaciones, pero tampoco hemos tenido respuesta. Palma, bueno, en ese sentido nos comprometemos a poder acompa\u00f1arte en este reclamo y hacer las peticiones que haya que hacer a la provincia y a trav\u00e9s del sistema que nos permitan despu\u00e9s hacer el reclamo con el con el n\u00famero de tr\u00e1mites realizados.<\/p>\n\n\n\n<p>La Concejal Camiolo manifiesta:&nbsp; Justo solicite la palabra, pero creo que ya est\u00e1 resuelto son distintos el municipio hoy no cuenta con un sistema permitido desde el Concejo Deliberante o avalado para dar subsidios, a veces se pueden dar, pero no est\u00e1 aprobado por Presupuesto no ha sido parte tampoco de una pol\u00edtica p\u00fablica, considerando tambi\u00e9n que esto tiene que ver con una macroeconom\u00eda que nos excede, pero no existe en el municipio un sistema de subsidio a clubes o a instituciones o organizaciones si lo est\u00e1 haciendo la provincia y es verdad que hay cupos limitados. Pero es bueno &nbsp;el que veamos ese canal provincial que te dicen los Concejales, que no est\u00e1 habilitado hace mucho tiempo y ver la posibilidad de que ese dinero venga, porque es un programa provincial de deporte, entonces, pero no no se maneja desde el municipio, porque no &nbsp;ha sido un programa habilitado y en ese caso siempre recordemos que los programas tienen que ser abiertos a todos, por eso el municipio no es que puede ayudar o favorecer un solo club, de hecho podr\u00eda tener complicaciones por eso el programa tiene que abarcar a todos los clubes que tengan tales y tales requisitos y eso s\u00ed lo est\u00e1 haciendo la Provincia. Desconozco la Naci\u00f3n, la Naci\u00f3n creo que m\u00e1s bien, viene cerrando este tipo de ayudas, pero vamos a ayudarlos a ustedes y al club que as\u00ed lo desee y que est\u00e9n &nbsp;en reglas &nbsp;las condiciones para que pueda llegar ese reclamo y por otro lado Mariana bueno agradecerte con el respeto con que siempre te diriges a nosotros intentaremos hacer lo posible &nbsp;para colaborar y ayudar.<\/p>\n\n\n\n<p>El Concejal Villalrruel, Bueno, muchas gracias a todos, la verdad que cuando hablan de deporte obviamente tambi\u00e9n me toca mucho, porque incluso he tenido la oportunidad hace un tiempo atr\u00e1s, tambi\u00e9n al equipo de hockey, consegu\u00ed algunos equipamientos hace un par de a\u00f1os atr\u00e1s cuando arrancaron, as\u00ed que bueno, me pone muy contento. Llevamos un tiempo largo trabajando tambi\u00e9n con ese club, pero en realidad lo que quiero decir, en su figura nombrar a todos los clubes de Malarg\u00fce, que muchos la est\u00e1n pasando muy mal, realmente se est\u00e1n desangrando, no sabemos cu\u00e1nto tiempo pueden seguir con vida, porque es muy dif\u00edcil poder seguir adelante, hay muchos clubes tambi\u00e9n que se manejan con merenderos porque hay chicos que realmente no tienen para comer, lo b\u00e1sico y &nbsp;los clubes se est\u00e1n haciendo cargo con lo que pueden y bueno, nosotros en ese sentido tambi\u00e9n tenemos que seguir apoyando todos, porque si no, no tenemos como reclamarle a los j\u00f3venes los problemas que tienen, no, si no los apoyamos, as\u00ed que bueno nada, era simplemente eso reforzar lo que dice Mart\u00edn que es una realidad, como tambi\u00e9n lo que dice do\u00f1a Silvina, que nosotros podemos ayudar con el tema de llevar los documentos&nbsp; y estoy seguro que&nbsp; los Concejales no tienen ning\u00fan problema, de sea que llevar estos papeles en mano a Mendoza, lo vamos a hacer, porque realmente es una necesidad y el trabajo que hacen todos los clubes es tremendo abarca, no solo a ni\u00f1os, sino adolescentes y a personas grandes tambi\u00e9n, as\u00ed que nada,, agradecerle de verdad de coraz\u00f3n, lo que est\u00e1n haciendo el esfuerzo que le ponen y bueno haber venido usted aqu\u00ed sin duda es porque realmente existe una necesidad y que nosotros tenemos que estar presente, as\u00ed que nada, eso agradecerle nada m\u00e1s por tener la fuerza y el empuje que tienen todos los d\u00edas para para que esto siga funcionando, much\u00edsimas gracias.<\/p>\n\n\n\n<p>Mariana, si me permiten ustedes, nosotros tambi\u00e9n como club les hicimos llegar una nota al Municipio, tambi\u00e9n para solicitar un subsidio para poder solventar lo m\u00e1s b\u00e1sico que tenemos, s\u00ed que es el pago de seguro de hockey, pago de la cancha a la Asociaci\u00f3n, pago del plano para habilitar las canchas del Club del club Energ\u00eda At\u00f3mica, pago por seguridad los pagos de seguro f\u00fatbol, pago de impuestos del club, pago a los y las entrenadoras tanto de hockey como de f\u00fatbol, o sea que eso ser\u00edan como las necesidades m\u00e1s b\u00e1sicas aparte de lo que yo he solicitado, en m\u00e1s importante sin dejar de desmerecer lo dem\u00e1s, el lugar cerrado. El tema pasa a la Comisi\u00f3n de EHMASyC.<\/p>\n\n\n\n<p class=\"has-text-align-center\"><strong>ACTA SESI\u00d3N\u00a0 ORDINARIA\u00a0 N\u00b0 1.163-\u201cO\u201d-2.024<\/strong><\/p>\n\n\n<div class=\"wp-block-image\">\n<figure class=\"alignright size-full is-resized\"><a href=\"http:\/\/hcd.malargue.gov.ar\/2024\/15%20ACTA%20SESION%20ORDINARIA%20N%201163%202024.pdf\"><img loading=\"lazy\" decoding=\"async\" width=\"512\" height=\"512\" src=\"https:\/\/hcd.malargue.gov.ar\/wp-content\/uploads\/2018\/06\/PDF-JPG.jpg\" alt=\"\" class=\"wp-image-7950\" style=\"width:135px;height:auto\" srcset=\"https:\/\/hcd.malargue.gov.ar\/wp-content\/uploads\/2018\/06\/PDF-JPG.jpg 512w, https:\/\/hcd.malargue.gov.ar\/wp-content\/uploads\/2018\/06\/PDF-JPG-150x150.jpg 150w, https:\/\/hcd.malargue.gov.ar\/wp-content\/uploads\/2018\/06\/PDF-JPG-300x300.jpg 300w\" sizes=\"auto, (max-width: 512px) 100vw, 512px\" \/><\/a><\/figure>\n<\/div>\n\n\n<p>En Malarg\u00fce Mendoza a veintisiete&nbsp; d\u00edas de junio&nbsp; de 2.024, cuando es la hora&nbsp; 09:18,&nbsp; se re\u00fane el Honorable Concejo Deliberante de la Municipalidad de Malarg\u00fce para celebrar la Sesi\u00f3n Ordinaria del d\u00eda de la fecha.\/ Bajo la&nbsp;&nbsp; Presidencia de su titular Sr. Rodrigo HIDALGO y la presencia de los Se\u00f1ores&nbsp; Concejales&nbsp; Pablo Villarruel, Elizabeth Gonz\u00e1lez, Mart\u00edn Palma,&nbsp; Francisco Parada, Silvina Camiolo, Emilce Mansilla y Magali&nbsp; Acosta.\/ Se firma del Libro de asistencia donde constan las ausencias de la Concejal Viviana Mosca y Concejal Pablo Cabrera con nota.\/\/&nbsp;&nbsp; a) Para dar comienzo al desarrollo del Orden del d\u00eda&nbsp; se invita a la Srta. Concejal&nbsp; Magali Acosta a izar la Ense\u00f1a Patria.\/\/ b) Homenaje de los Se\u00f1ores Concejales.\/ Solicita la palabra la Concejal CAMIOLO y expresa: Mi homenaje en el d\u00eda de hoy es para los estudiantes del nivel medio de nuestro Departamento, que est\u00e1n de jornadas deportivas, en el d\u00eda de ayer pudimos participar junto a la Concejal Acosta y el Concejal Villarroel del Acto de Apertura, decirles que a trav\u00e9s del personal directivo enviaron el agradecimiento a todo el Concejo Deliberante, porque en sus 37 a\u00f1os de jornadas, nunca hab\u00edan sido reconocidos en una declaraci\u00f3n, algo que me sorprendi\u00f3 much\u00edsimo, mientras otras instituciones, s\u00ed hab\u00edan tenido y hasta tres reconocimientos, el ESTIM, no contaba con &nbsp;este reconocimiento por la continuidad y por el enorme trabajo que llevan adelante de manera ininterrumpida. Fue muy lindo y algo que quiero destacar, ver c\u00f3mo el esp\u00edritu deportivo, es lo que ha primado, el esp\u00edritu de solidaridad, a pesar de las diferencias obvias que hay y de los tironeos y tensiones entre escuelas, que eso si se quiere, tambi\u00e9n responde al &nbsp;folklore, pero en el Acto de Apertura se vio, que incluso en el ingreso de cada escuela, fueron recibidos con aplausos todos y cada uno de los participantes, me sorprendi\u00f3 lo celebro y el esp\u00edritu de competencia, pero desde lo, desde el fairplay fue lo que prim\u00f3 en ese acto de Apertura que creo que es un gran mensaje para todos, incluidos a quienes hacemos pol\u00edtica de que podemos tener diferencias, venir de distintos sectores, apelar a distintos objetivos en la vida, pero que el respeto tiene que ser lo que nos comande, el respeto, la aceptaci\u00f3n pero principalmente la inclusi\u00f3n y que todos juntos tenemos que luchar por un mismo objetivo. En ese punto, decir que tambi\u00e9n, durante esta semana hemos tenido una fruct\u00edfera reuni\u00f3n de trabajo, justamente por otra Escuela de Educaci\u00f3n Media, que es la Izsaky, han habido reuniones con la Delegaci\u00f3n Malarg\u00fce de la Direcci\u00f3n de Escuelas, desde este Concejo se los convoc\u00f3, tambi\u00e9n vino el Director de la Escuela, escuchamos hace pocos d\u00edas la Banca del Ciudadano, donde se nos expres\u00f3 la situaci\u00f3n actual del edificio y convocamos a una reuni\u00f3n de trabajo. S\u00ed quiero hacer un llamado de atenci\u00f3n, no puedo no mencionar, que el gran ausente en la Reuni\u00f3n de Trabajo fue el Departamento Ejecutivo, yo s\u00e9 que el mensaje va a llegar y lo quiero hacer p\u00fablico, que no estuvieron presentes en una reuni\u00f3n donde la idea era unificar criterios y solicitar de manera conjunta puntos en com\u00fan. Las Legisladoras fueron invitadas y ellas nos avisaron a todos, que no pod\u00edan asistir por obvias razones de trabajo, de agenda, pero sabemos que est\u00e1n siempre a disposici\u00f3n; el tema es que nosotros como Municipio, tenemos la posibilidad, lo hemos hecho, desde el Concejo la apertura de las calles creemos que es inminente que se haga y Se\u00f1or Presidente, espero que no sea la nueva normalidad que cada vez que se convoca al Departamento Ejecutivo no asistan, y ni siquiera pidan reprogramaci\u00f3n o env\u00eden una nota de disculpas. Es una falta de respeto grav\u00edsima, que lo hab\u00edamos visto en la gesti\u00f3n anterior y nos molestaba much\u00edsimo, es el mismo criterio que asistan o que no asistan, pero que justifiquen, que pidan reprogramaci\u00f3n, la Escuela Izsaky no puede continuar en suspenso. Yo siempre digo que el gran responsable de este suspenso y esta suspensi\u00f3n de trabajo ha sido la Provincia, pero el Municipio tiene mucho por hacer todav\u00eda, y tambi\u00e9n est\u00e1 en un incumplimiento de la Ordenanza, que encomend\u00f3 a la apertura de las calles. Entonces tenemos que trabajar en conjunto y no dejar a nuestros chicos, a nuestros adolescentes desamparados, hace un ratito en Banca del Ciudadano, escuchamos c\u00f3mo se necesita en la contenci\u00f3n, en el deporte, c\u00f3mo se necesita otro, otro espacio para descongestionar al Polideportivo, nosotros estamos, pronto, porque lamentablemente aprobamos tarde el presupuesto, entr\u00f3 tarde y todo ha sido tarde, pero en unos meses tenemos que volver a plantear un Presupuesto, lo hace el Departamento Ejecutivo pero somos nosotros quienes lo aprobamos. Creo que ser\u00eda importante hasta, que estos puntos queden en Presupuesto planteados para el 2025 y unificar criterios de una pol\u00edtica p\u00fablica. Pol\u00edtica de Estado que trascienda las gestiones, en ese punto este Concejo Deliberante, por la 1079 en el R\u00e9gimen Municipal de la Provincia de Mendoza, forma parte del Gobierno, nos hemos agregado y no tendr\u00edamos que ser molestia para nadie, formamos parte del Gobierno porque as\u00ed lo marca la Ley Provincial, de hecho dice que el sistema de gobierno para la Provincia de Mendoza estar\u00e1 conformado por un Intendente y 10 Concejales, eso no se le puede olvidar al Ejecutivo, entonces de verdad llamo a la reflexi\u00f3n, lo hago p\u00fablicamente, lo hice primero en privado y como obviamente no ha tenido ning\u00fan tipo de repercusi\u00f3n, ahora lo hago p\u00fablico y ver\u00e9 de todas las maneras posibles que el Departamento Ejecutivo, cuando sea convocado se siente con este Cuerpo de Concejales a dialogar, porque as\u00ed lo marca la Ley y tenemos todas las posibilidades de hacerlo respetar. Pero que los j\u00f3venes de Malarg\u00fce, est\u00e9n en la agenda de Gobierno de todos y cada uno de los que hacemos pol\u00edtica, muchas gracias, Se\u00f1or Presidente.\/\/ Seguidamente&nbsp; solicita la palabra el Concejal Mart\u00edn PALMA quien expresa: Gracias, Se\u00f1or Presidente, bueno como muchos sabr\u00e1n, el d\u00eda de ayer el Partido al que pertenezco, ha cumplido 133 a\u00f1os de vida. La Uni\u00f3n C\u00edvica Radical, partido del cual formo parte, no por las personas, sino por los principios del partido. Partido que se fund\u00f3 hace much\u00edsimo tiempo y donde realmente ha estado siempre, en los peores momentos de la Argentina, hemos sido precursores de much\u00edsimas modificaciones en distintos aspectos de la vida, pero tambi\u00e9n hemos sido precursores en muchas conformaciones de otros partidos pol\u00edticos, s\u00ed? Nosotros fuimos fundados all\u00e1 por el a\u00f1o 1.891 por el se\u00f1or Leandro N. Alem , quien protagoniz\u00f3 las revoluciones fallidas, pero por qu\u00e9 se protagonizaron estas cuestiones? Porque fueron dadas por el fraude generalizado en las elecciones que ven\u00edan sucediendo en el pa\u00eds. A partir de ah\u00ed, la Uni\u00f3n C\u00edvica Juvenil, que se llam\u00f3 en su primer nombre, fue tomando el protagonismo de este Pa\u00eds, realmente modificando junto a grandes hombres y mujeres distintas situaciones de las cuales, hoy me siento muy orgulloso, no voy a nombrarlas no vienen al caso, entrar\u00edamos en discusiones posteriores, simplemente recordar para m\u00ed, en lo personal se trata de una fecha muy importante y para el Partido m\u00e1s antiguo de Sudamerica tambi\u00e9n. Gracias Se\u00f1or Presidente. \/\/ c) Consideraci\u00f3n Acta Sesi\u00f3n Ordinaria N\u00b0 1.162 \u201cO\u201d 2.024.\/ PRESIDENCIA pone a consideraci\u00f3n y es APROBADA.\/\/ d) Lectura del detalle de la correspondencia recibida y emitida.\/ Notas Ingresadas: 1.&nbsp; Sr. Maximiliano Salvadores, entrega dos sillas en car\u00e1cter de donaci\u00f3n.\/ Pasa a PRESIDENCIA.\/\/ 2. Sra. Mariana Rojas y Sr. Sebasti\u00e1n V\u00e1zquez por Autoconvocados por una Matriz Energ\u00e9tica de Gas, solicitan acceso a expediente respecto a ampliaci\u00f3n de planta de Ecogas.\/ Pasa a O.P.T y R.N.\/\/ 3. Sr. Mart\u00edn Hurry por GENEIA informa documentaci\u00f3n a cumplimentar para garantizar el ingreso de los Sres. Concejales al predio de la Empresa.\/ Pasa a HIDROCARBUROS, ENERGIA Y MINERIA.\/\/ 4. Ministerio de Seguridad, acusa recibo de Resoluci\u00f3n N\u00b0 136\/2.024 con informe del Director General de Polic\u00eda,&nbsp; respecto a designaci\u00f3n de personal egresado de IUSP en el Departamento de Malarg\u00fce.\/ Pasa a H.P.L.A.C..\/\/ 5. C\u00e1mara de Comercio y Afines de Malarg\u00fce manifiesta preocupaci\u00f3n por el cierre de la oficina&nbsp; local de la Direcci\u00f3n de Transporte de Mendoza, solicita intervenci\u00f3n.\/ Pasa a H.P.L.A.C.\/\/ &nbsp;6. Sr. Ernesto Nito Ovando, Prof. de Historia, solicita declaraci\u00f3n de Inter\u00e9s Hist\u00f3rico y Cultural de m\u00e1stil donado por el Sr. Juan Kozel a la localidad de Agua Escondida.\/ Pasa a E.H.M.A.S y C.\/\/ 7. Cdor. Gonzalo Almonacid, eleva informe respecto a Resoluci\u00f3n N\u00b0 005\/2.023&nbsp; Habilitaci\u00f3n comercial RTO COBE S.A.S.\/ Pasa a H.P.L.A.C.\/\/ 8. Comisi\u00f3n Directiva de Rotary Club Malarg\u00fce, solicita hacer uso de Banca del Ciudadano a fin de exponer respecto a inquietudes inherentes al mes de la Paz.\/ Por SECRETARIA.\/\/ 9. Vecinos del Barrio 60 Aniversario, exponen situaci\u00f3n respecto a facturaci\u00f3n de energ\u00eda el\u00e9ctrica, solicitan apoyo a proyecto referido a la suba desmedida de facturas de energ\u00eda.\/ Pasa a H.P.LA.C..\/\/ 10. Concejal Silvina Camiolo, eleva documentaci\u00f3n aportada por la ciudadana Eufemia Viviana Hern\u00e1ndez desde Ranquil Norte, para su incorporaci\u00f3n a la orbita municipal.\/ Pasa a E.H.M.A.S y C.\/\/ 11. Concejal Pablo Cabrera, eleva nota del Dr. Jorge Mayoral Direcci\u00f3n Especial de Tierras,&nbsp; dirigida a la Uni\u00f3n Vecinal Ca\u00f1ada Colorada para conocimiento.\/ Pasa a O.P.T y R.N.\/\/ 12.Departamento Ejecutivo eleva Decretos Municipales correspondientes al mes de Abril de 2.024 en formato digital, para conocimiento.\/ Pasa a SECRETARIA con copia a los bloques.\/\/ 13. Departamento Ejecutivo, remite copia de Informes de estado de situaci\u00f3n de cubierta sanitaria, arbolado publico y cortinas forestales&nbsp; en el marco de la Ordenanza N\u00b0 2.258\/2023.\/ Pasa a H.P.LA.C..\/\/ 14. Departamento Ejecutivo remite copia de Convenio marco de Cooperaci\u00f3n mutua de Interacci\u00f3n Tur\u00edstico \u2013 Cultural con la Municipalidad de Mendoza, para conocimiento y consideraci\u00f3n.\/ Pasa a H.P.L.A.C.\/\/ 15.Sr. Jos\u00e9 Pedro Mart\u00ednez, eleva proyecto de Aprovechamiento Integral del Rio Salado, parcial Trasvase, Generaci\u00f3n El\u00e9ctrica, Desarrollo Tur\u00edstico y de Areas Cultivables, para su consideraci\u00f3n.\/ Pasa a HIDROCARBUROS, ENERGIA Y MINERIA.\/\/ 16. Sr. Fabi\u00e1n Gajardo, manifiesta su preocupaci\u00f3n por funcionamiento de local bailable en zona no habilitada a tal fin y por la ocurrencia&nbsp; de disturbios en el lugar.\/ Pasa a E.H.M.A.S.y C.\/ Solicita la palabra la Concejal CAMIOLO quien manifiesta: Solicito que esa nota sea enviada a la Comisi\u00f3n de de EHMAS y C, pero que se tenga en cuenta, que sea le\u00edda por los Concejales, porque ma\u00f1ana habr\u00e1 una reuni\u00f3n al respecto, entonces que sea tenida en cuenta en la reuni\u00f3n de ma\u00f1ana, s\u00e9 que es como muy de un d\u00eda para el otro, pero hasta ser\u00eda bueno escuchar las voces de los vecinos tambi\u00e9n, por la gravedad de lo que all\u00ed se ve reflejado, pero el d\u00eda de ma\u00f1ana y tambi\u00e9n decirlo se har\u00e1 una reuni\u00f3n por la situaci\u00f3n de la diversi\u00f3n nocturna, no solo de un local bailable, por eso no pido que se lea la nota pero si, la situaci\u00f3n de diversi\u00f3n nocturna en Malarg\u00fce&nbsp; que es preocupante y &nbsp;que haya solo un lugar habilitado y que haya solo un lugar disponible, obviamente genera este colapso y los disturbios que han ocurrido &nbsp;los \u00faltimos fines de semana. Gracias.\/\/ Notas Emitidas: &nbsp;1. A la Asociaci\u00f3n Socio Cultural Messis, informando pr\u00e9stamo de instalaciones.\/ 2. Al Sr. Jefe Departamental de Polic\u00eda, Sr. Jefe de Seccional 24\u00b0, Sra. Directora de Seguridad Ciudadana y Legisladoras Provinciales por Malarg\u00fce, convocando a reuni\u00f3n de trabajo sobre problem\u00e1tica de seguridad ciudadana.\/ 3. A la Sra. Mariana Lourdes Torres, por Club Social y Deportivo Energ\u00eda At\u00f3mica, informando que podr\u00e1 hacer uso de la Banca del Ciudadano.\/\/ e) Determinaci\u00f3n de los temas que ser\u00e1n incluidos en el punto Asuntos Varios y puesta a consideraci\u00f3n de mociones de tratamientos sobre tablas de diversos expedientes.\/ Solicita la palabra la Concejal ACOSTA y expresa: &nbsp;&nbsp;Yo quer\u00eda solicitar el tratamiento Sobre Tablas del Expediente N\u00b0 5.449 que es la Declaraci\u00f3n de Inter\u00e9s Educativo y Social, del Curso de Abordaje de Emergencias de Personas con Discapacidad, la urgencia es porque se dicta este d\u00eda s\u00e1bado, es un curso que por primera vez se va a dictar en el Departamento. Si bien es arancelado, es mucho m\u00e1s accesible realizarlo&nbsp; tanto para profesionales de la salud, profesionales de la seguridad, docencia y p\u00fablico en general, realizarlo ac\u00e1 en el Departamento, que normalmente los Malarg\u00fcinos para formarnos tenemos que salir y son cursos muy caros para acceder a ellos, entonces mi solicitud era su tratamiento Sobre Tabla.\/ PRESIDENCIA &nbsp;pone a consideraci\u00f3n la moci\u00f3n y es APROBADA.\/ Tiene acordado el Tratamiento Sobre Tablas.\/\/ Solicita la palabra el Concejal PALMA y expresa: Gracias, Se\u00f1or Presidente es para solicitar la desafectaci\u00f3n de Secretaria y posterior tratamiento Sobre Tablas del Expediente 5.452 HC 066 del 2024 Proyecto de Ordenanza, Interbloque, proyecto de ayudas econ\u00f3micas educativas becas y subsidios.\/ PRESIDENCIA pone a consideraci\u00f3n la solicitud y es APROBADA.\/ El Expte se desafectar\u00e1 de Secretaria para su tratamiento en el punto 1 de Asuntos Varios.\/\/ Seguidamente solicita la palabra el Concejal VILLARRUEL manifestando: Para pedir el tratamiento Sobre Tablas del Expediente 5.448, el nombrar de Inter\u00e9s Departamental al Instituto Universitario de Seguridad P\u00fablica bueno, la verdad que hemos hablado bastante de esto y sabiendo tambi\u00e9n y teniendo en cuenta que est\u00e1 muy pr\u00f3ximo a terminar el curso y teniendo en cuenta la cantidad de profesionales que se han podido formar en este Instituto, ac\u00e1 en Malarg\u00fce, lo que tambi\u00e9n permite a muchos de nuestros j\u00f3venes, poderse formar profesionalmente en Malarg\u00fce y aportar a la seguridad p\u00fablica, es que tengo este pedido tambi\u00e9n, un poquito haciendo o volviendo a lo que es la historia&nbsp; de este Instituto, ac\u00e1 en Malarg\u00fce que arranc\u00f3 en el 2005, con las gestiones de una persona en la cual uno, en lo personal, quise mucho y admiro que es Ra\u00fal Rodr\u00edguez, fue quien arranc\u00f3 con este Instituto, la verdad que ha sido algo muy bueno, que se ha podido mantener y pensamos que es importante para seguir teniendo la continuidad que tiene que tener un Instituto de estas caracter\u00edsticas.\/ PRESIDENCIA pone a consideraci\u00f3n la moci\u00f3n y es APROBADA. Tiene Tratamiento Sobre Tablas.\/\/ f) Proyectos de los Se\u00f1ores Concejales.\/&nbsp; 1. Expte N\u00b0 5.447 &nbsp;HC 066 -2.024 Proyecto de Ordenanza: Crear el Programa Turismo Religioso &nbsp;(INTERBLOQUE &nbsp;PARTIDO JUSTICIALISTA &#8211; ENCUENTRO) Autores: Concejal Francisco Parada y Rodrigo Hidalgo.\/ Solicita la palabra el Concejal PARADA quien expresa: &nbsp;Muchas gracias, buenos d\u00edas para todos, Se\u00f1ores Concejales, Personal del Concejo Deliberante y a los Vecinos que se han acercado hoy hasta la Sesi\u00f3n. Bueno, saben todos que Malarg\u00fce, tiene realmente una oferta tur\u00edstica en muchos aspectos, desde su belleza natural, hasta la oferta deportiva, bueno, en este tiempo el deporte invernal obviamente que est\u00e1 en&nbsp; tapa de todo, si se quiere, s\u00ed, o pensando en otras actividades deportivas que atraen turistas y dem\u00e1s como nuestra hist\u00f3rica Marat\u00f3n Nocturna y dem\u00e1s, hay ofertas tambi\u00e9n que est\u00e1 relacionado a lo cultural, si? el turismo cultural, piensen en nuestro Festival Nacional del Chivo y dem\u00e1s. Entendemos que Malarg\u00fce tambi\u00e9n tiene y puede incorporar como esta oferta tur\u00edstica &nbsp;lo que se suele considerar como el patrimonio intangible que en lo cual ingresa, no solo las costumbres y dem\u00e1s, sino tambi\u00e9n la religiosidad s\u00ed?, entonces por qu\u00e9 no ofrecer al turista ciertas expresiones religiosas con el respeto que por cierto se merecen, para que puedan tener esa vivencia particular de nuestro pueblo entre ellos, por ejemplo una Cabalgata de la Fe que fue declarada inter\u00e9s aqu\u00ed en nuestro Departamento, podemos incorporar tambi\u00e9n porque no las vivencias de la devoci\u00f3n popular de las Veladas de Santos y tantas otras, as\u00ed que bueno, creemos que es una propuesta innovadora, linda y que puede generar quiz\u00e1s &nbsp;una oferta particular para turistas que tambi\u00e9n buscan &nbsp;este tipo de experiencias y dem\u00e1s, es un proyecto que nace desde la idea de una Concejal mandato cumplido, con su secretaria nos lleg\u00f3, le lleg\u00f3 a su secretaria Se\u00f1or Presidente, Mart\u00edna se tom\u00f3 el trabajo de elaborarlo y bueno, felizmente lo estamos presentando hoy, as\u00ed que ese es el fundamento de este proyecto, para que Malarg\u00fce tambi\u00e9n tenga de ser posible, un programa de turismo religioso aqu\u00ed en nuestra Ciudad. Gracias Se\u00f1or Presidente. Solicito que pase en primera instancia Obras P\u00fablicas y seguidamente a Hacienda no hace falta la lectura, no, no es necesario.\/ Pasa a O.P.T y R.N&nbsp; y posteriormente a H.P.L.A.C.\/\/&nbsp; 2. Expte N\u00b0 5.448 HC 066 \u2013 2.024 Proyecto de Declaraci\u00f3n: Declarar de Inter\u00e9s Departamental la Sede del Instituto Universitario de Seguridad P\u00fablica (IUSP) en Malarg\u00fce. (BLOQUE FRENTE CAMBIA MENDOZA). Autor: Concejal Pablo Villarruel.\/ Por Secretaria se procede a la lectura del proyecto presentado el cual tiene acordado Tratamiento sobre Tablas.\/ Seguidamente el Concejal PALMA solicita que el Cuerpo se constituya en Comisi\u00f3n cuando es la hora 09:50 del cual se sale para reanudar la Sesi\u00f3n a las 10.05hs.\/ Por Secretaria se procede a la lectura del despacho emitido el cual sugiere la aprobaci\u00f3n del proyecto presentado sin modificaciones.\/ PRESIDENCIA pone a consideraci\u00f3n el despacho y es APROBADO (7 votos afirmativos).\/\/ &nbsp;3. Expte N\u00b0 5.449 HC 066 \u2013 2.024 Proyecto de Declaraci\u00f3n: Declarar de Inter\u00e9s Educativo y Social el Curso \u201cAbordaje de Emergencias en Personas con Discapacidad\u201d (BLOQUE PARTIDO JUSTICIALISTA ) Autores: Concejales Magal\u00ed Acosta, Emilce Mansilla y Pablo Cabrera.\/ Por Secretaria se procede a la lectura del proyecto presentado el cual tiene acordado el Tratamiento sobre Tablas.\/ Seguidamente la Concejal ACOSTA solicita que el Cuerpo se constituya en Comisi\u00f3n cuando es la hora 10:13, retomando la Sesi\u00f3n a las 10:15 hs.\/ Por Secretaria se procede a la lectura del despacho emitido el cual sugiere la aprobaci\u00f3n del proyecto presentado sin modificaciones.\/ PRESIDENCIA pone a consideraci\u00f3n el despacho y es APROBADO&nbsp; (7 votos afirmativos).\/ &nbsp;4. Expte N\u00b0 5.450 HC 066 \u2013 2.024 &nbsp;Proyecto de Resoluci\u00f3n: Solicitar al Departamento Ejecutivo instalaci\u00f3n de luminarias y construcci\u00f3n de puente en callej\u00f3n N\u00b0 59 del Barrio Independencia. (BLOQUE UNI\u00d3N MENDOCINA) Autora:&nbsp; Concejal&nbsp; Elizabeth Gonz\u00e1lez.\/ Solicita la palabra la Concejal GONZALEZ y expresa: &nbsp;Bueno, quer\u00eda explicar porque he presentado este proyecto, es a pedido de los vecinos del Barrio Independencia, ya que este, entre ellos transitan siempre por ese Callej\u00f3n donde no tiene luminarias, donde hay un puente que est\u00e1 peligroso, porque lo hizo un vecino y no es el que debe tener&nbsp; formalmente y por tambi\u00e9n porque &nbsp;han habido muchos hechos delictivos en el Callej\u00f3n, por no tener las luminarias y estar muy oscuro &nbsp;y circulan muchos ni\u00f1os y j\u00f3venes que van, salen a la escuela a las 7 de la tarde y ya sabemos que a ese horario est\u00e1 muy oscuro, entonces para que se arregle tambi\u00e9n, &nbsp;pongan luminarias y van a hacer el puente nuevo y para que tambi\u00e9n arreglen toda esa entrada, que est\u00e1 en muy mal estado. Esto ya fue consensuado y se lo coment\u00e9 a los Ingenieros que est\u00e1n en Obras y dijeron que lo presente que es viable. Solicito que pase a Obras y posterior pase a Hacienda y no es necesaria su lectura.\/ Pasa a O.P.T y R.N y posteriormente a H.P.L.A.C.\/\/&nbsp; 5. Expte N\u00b0 5.451 HC 066 \u2013 2.024 Proyecto de Ordenanza: Adherir a la Ley Nacional N\u00b0 27.665 de Fomento del Monta\u00f1ismo \u2013 Designaci\u00f3n de sitios y\/o sectores de uso hist\u00f3rico y\/o ancestral y\/o deportivo.&nbsp; (INTERBLOQUE RECONSTRUYENDO MALARGUE \u2013 U.C.R INDEPENDIENTE \u2013 UNI\u00d3N MENDOCINA Y CAMBIA MENDOZA) Autores: Concejales Silvina Camiolo, Mart\u00edn Palma, Elizabeth Gonz\u00e1lez y Pablo Villarruel.\/ Solicita la palabra la Concejal CAMIOLO quien manifieta: &nbsp;Se\u00f1or Presidente, quisiera agradecer en primer lugar a los autores intelectuales del proyecto que hoy est\u00e1n presentes, ellos son deportistas, Mariano, Pablo les agradezco por estar y por haber tra\u00eddo la iniciativa a este Cuerpo de Concejales, lo hicieron adem\u00e1s en el marco de much\u00edsimo respeto tengo que revalorizar como lo hice en mi periodo de homenajes a los j\u00f3venes de Malarg\u00fce, que est\u00e1n, que est\u00e1n inculcando y que est\u00e1n imprimiendo un modo distinto de ver a la sociedad. Este proyecto es una adhesi\u00f3n a una Ley Nacional que en su art\u00edculo d\u00e9cimo habilita, a que tanto las provincias como los municipios podamos adherirnos, es un proyecto que fue aprobado en diciembre del a\u00f1o 2021 y de los pocos proyectos que en nuestro pa\u00eds se aprueban por unanimidad porque se entiende que es necesario cuidar los caminos ancestrales, las rutas hist\u00f3ricas en las que se ha transitado por senderos, por monta\u00f1as y serran\u00edas del pa\u00eds y porque es necesario que este cuidado ancestral, se contin\u00fae, se mantenga y el Estado sea quien de cierta manera, genere las condiciones para que as\u00ed sea. Es un proyecto, que tambi\u00e9n en su momento, en la Naci\u00f3n surgi\u00f3 del trabajo de m\u00e1s de 70 Asociaciones, que hicieron distinto tipo, distintos tipos de Encuentros incluso desde el a\u00f1o 2002 ya con la declaraci\u00f3n de Tirol, que se hab\u00eda llevado adelante de manera Internacional, para solicitar que todos los Estados miembros, sean parte de este concepto de la monta\u00f1a, del cuidado del deporte, la recreaci\u00f3n, pero principalmente la conciencia ambiental. Como lo mencion\u00f3 Sr. Presidente la Ley 27.665 de fomento al monta\u00f1ismo y por la que &nbsp;grupos de monta\u00f1as de todo el pa\u00eds, en estos principios, se establecen el respeto al ambiente, las culturas locales, los f\u00f3siles, sitios arqueol\u00f3gicos, la vida propia y la de los otros, con compromiso de colaboraci\u00f3n en la conservaci\u00f3n del ambiente natural. Como es un proyecto que implica un trabajo arduo con la comunidad implica tambi\u00e9n el di\u00e1logo, porque estamos hablando de intervenir sobre sectores donde hay campos privados, hay campos estatales, se precisa, no solo de much\u00edsimo di\u00e1logo, sino de convenios y de cooperaci\u00f3n. Como nuestro municipio es muy amplio, ya hay otros municipios de la Provincia, del resto del Pa\u00eds, de las Provincias de C\u00f3rdoba principalmente, siempre decimos que son bastante pioneros en cuanto a sistemas legales y Ordenanzas, pero tambi\u00e9n la Provincia de San Luis tambi\u00e9n ,lo han hecho en Santa Fe la idea, es adherir nosotros como Municipio, pero generar un Registro Permanente porque entend\u00edamos que a diferencia por ejemplo del Municipio de Capilla del Monte, que hizo un listado de los sitios que declaraba, nosotros si tuvi\u00e9ramos que ponernos a hacer un listado realmente en los 42.317 kil\u00f3metros cuadrados que tenemos y va a ser un proyecto bastante largo y quiz\u00e1s no lleg\u00e1ramos con los tiempos para adherirnos, hemos propuesto los Concejales firmantes, que sea un Registro Permanente y que lo pueda manejar el Departamento Ejecutivo junto con las Asociaciones locales. Un registro permanente de &nbsp;sitios para que puedan ser declarados senderos y espacios y sectores de uso hist\u00f3rico y deportivo de Inter\u00e9s Municipal. Agradezco a mis colegas que adem\u00e1s me dieron ideas y que aportaron para este proyecto, est\u00e1n mencionados los Concejales en&nbsp; el Interbloque al Concejal Palma, la Concejal Gonz\u00e1lez, el Concejal Villarruel, la Concejal Mosca tambi\u00e9n estaba al tanto y aprobaba y apoyaba el proyecto, por motivos de salud no, no ha podido firmarlo, pero espero que podamos adherirnos, no es necesario que se lea, pido que pase a la Comisi\u00f3n de Obras y posteriormente a la de Hacienda, si bien no tiene erogaciones, me parece importante que pueda ser revisada por nuestro Asesor. Que desde esa comisi\u00f3n y &nbsp;pueda tener el visto legal para no incurrir en ning\u00fan tipo de &nbsp;inconstitucionalidad, si bien est\u00e1 le\u00eddo el proyecto y est\u00e1 siendo elaborado desde &nbsp;la plena conciencia legislativa, pero me parece oportuno que nuestro Asesor lo pueda revisar y darle el cierre final. Obras entonces en primera instancia, luego Hacienda, no es necesario que se lea y nuevamente agradecer a los autores intelectuales y a toda la Comunidad de Monta\u00f1ismo de Malarg\u00fce que es muy grande y que est\u00e1 cada vez en mayor crecimiento. Muchas gracias.\/&nbsp; Pasa a Comisi\u00f3n de O.P.Ty R.N y posteriormente H.P.LA.C.\/\/ Solicita la palabra la Concejal MANSILLA solicita autorizaci\u00f3n a los presentantes del proyecto para acompa\u00f1ar con su firma y felicitar a los autores del mismo.\/\/&nbsp; g) Expedientes provenientes del Departamento Ejecutivo. No ingresados.\/\/h) &nbsp;Despachos de las Comisiones de Trabajo.\/ 1. Expte N\u00b0 5.443 HC 066 \u2013 2.024 Proyecto de Resoluci\u00f3n:&nbsp; Colocaci\u00f3n de se\u00f1al\u00e9ticas en Ruta con destino a Paraje Pata Mora. &nbsp;(H.P.L.A.C) Por Secretaria se procede a la lectura del despacho emitido por la Comisi\u00f3n que sugiere la aprobaci\u00f3n del Proyecto presentado sin modificaciones.\/ PRESIDENCIA pone a consideraci\u00f3n y es APROBADO (7 votos afirmativos).\/\/ 2. Expte N\u00b0 2.304\/2.024 -0 &nbsp;Proyecto de Ordenanza:&nbsp; Creaci\u00f3n de columbarios en los Cementerios y\/o Parques de Descanso del Departamento de Malarg\u00fce. (O.P.TyR.N &#8211; H.P.L.A.C.).\/ Por Secretaria se procede a la lectura de los despachos emitidos que sugieren el agregado de un considerando resto \u00eddem proyecto original.\/ PRESIDENCIA pone a consideraci\u00f3n y son APROBADOS ( 6 votos afirmativos&nbsp; 1 voto negativo).\/ Seguidamente solicita la palabra el Concejal PALMA &nbsp;&nbsp;&nbsp;&nbsp;&nbsp;&nbsp; manifestando: Gracias, Se\u00f1or Presidente. Un poco para explicar en funci\u00f3n del voto que acabo de emitir, ya que no me opongo a la obra ni mucho menos. La verdad que como habr\u00e1n podido observar, en el despacho proveniente de la Comisi\u00f3n de Obra P\u00fablica ya se encuentra contemplado dentro de la Ordenanza, 1747 del 2014 las instalaciones de los columbarios, como, como estaba identificado &nbsp;en esta Ordenanza. Ordenanza, que tiene m\u00e1s de 187 Art\u00edculos, sobre la administraci\u00f3n, una Ordenanza muy bien redactada por el Se\u00f1or Guillermo Romero, si la memoria no me falla y siendo aprobada y estando en vigencia, ya hace m\u00e1s de 10 a\u00f1os, no? Y con la cual distintas gestiones, han podido ir trabajando dentro de lo que es la estructura del Cementerio, eso por un lado, obviamente entiendo que la obra ya est\u00e1 contemplada, porque dentro de esa misma Ordenanza, est\u00e1n las autorizaciones para las construcciones y las condiciones generales sobre c\u00f3mo deben ser esas construcciones dentro del Cementerio. Por otro lado la autorizaci\u00f3n para la construcci\u00f3n de dicha obra, en una de las Ordenanzas m\u00e1s importantes que tiene un Departamento Ejecutivo como la 2.279 del 2024, Ordenanza de Presupuesto, la cual en el Plan de Obra P\u00fablica, que aqu\u00ed lo tengo en mi poder, en el punto 2.3 de la planilla del Plan de Obra para el a\u00f1o 2024&nbsp; Obras por Administraci\u00f3n prev\u00e9 la construcci\u00f3n por un monto de 10 millones 600 mil y en la parte de Licitaciones, si? este tambi\u00e9n se encuentra contemplado el Presupuesto el cual acompa\u00f1\u00e9, obviamente que cuando un Ejecutivo pretende una obra y la quiere construir pide la autorizaci\u00f3n pertinente, en este caso la contempla dentro del Presupuesto, que es lo que med\u00edanamente y digo medianamente porque el precio, pone una adquisici\u00f3n de dinero, el presupuesto que muchas veces no se condice con la realidad, pero como estamos informados a la fecha, han ingresado algunos recursos importantes al municipio, que van a permitir desarrollar este tipo de obras, como permisos de endeudamiento para ciertas cuestiones, no, en este caso adquisici\u00f3n de m\u00e1quinas que tambi\u00e9n van a permitir poder hacer construcciones en distintos puntos del Departamento, pero bueno, b\u00e1sicamente y entendiendo el proceso legislativo y en mi formaci\u00f3n entiendo, que habiendo una Ordenanza que ya lo prev\u00e9 para el a\u00f1o 2014 las autorizaciones dadas por la Tarifaria, por el Presupuesto, perd\u00f3n, en la Ordenanza 2.279 mi voto y mi acompa\u00f1amiento para qu\u00e9 la obra &nbsp;ya sea realizada, est\u00e1 dado, &nbsp;por ende entend\u00eda que no es necesario redundar en un nuevo proyecto que es el que se acaba de votar. Simplemente eso, Se\u00f1or Presidente y es una manera de explicar un poco la situaci\u00f3n legislativa&nbsp; en el Concejo.\/\/ 3.&nbsp; Expte N\u00b0 5.440 HC 065 \u2013 2.024 Proyecto de Resoluci\u00f3n:&nbsp; Arbolado del Camping Municipal. (O.P.TyR.N &nbsp;y &nbsp;H.P.L.A.C.).\/ Por Secretaria se procede a la lectura de los despachos emitidos.\/ PRESIDENCIA pone a consideraci\u00f3n y es APROBADO el despacho de HPLAC ( 7 votos afirmativos).\/ Solicita la palabra el Concejal PARADA manifestando: Primeramente para agradecer a los Se\u00f1ores Concejales el tratamiento de este proyecto,&nbsp; como dec\u00edamos en el momento que lo present\u00e1bamos, busca, tristemente hay que erradicar muchos \u00e1rboles, tristemente hay que erradicarlo, pero es por una cuesti\u00f3n de seguridad, no solo los turistas que vienen all\u00ed al camping municipal, sino tambi\u00e9n, de quien transite por all\u00ed y de sus empleados y dem\u00e1s, es un pedido especial tambi\u00e9n de quien esta cargo del camping, la profesora Alejandra Lucero, as\u00ed que creo que es una herramienta que les puede servir tambi\u00e9n&nbsp; para acelerar el tr\u00e1mite de erradicaci\u00f3n y adem\u00e1s que se invite a los Guardianes del \u00e1rbol, me parece que tambi\u00e9n es buen\u00edsimo se trabaja en conjunto para entender que no es contra, &nbsp;contra las especies, ni mucho menos, sino una cuesti\u00f3n de seguridad mayor. Gracias, se\u00f1or Presidente.\/\/ 4. Expte N\u00b0 5.408 HC 063 \u2013 2.024 &nbsp;&nbsp;Proyecto de Resoluci\u00f3n:&nbsp; Solicitud de Recurso de Amparo por aumentos de tarifa de energ\u00eda el\u00e9ctrica. (H.P.L.A.C.) Por Secretaria se procede a la lectura del despacho emitido por la Comisi\u00f3n el cual sugiere la aprobaci\u00f3n del proyecto presentado con las siguientes modificaciones: RESUELVE. ART\u00cdCULO 1\u00b0: Idem proyecto original. ART\u00cdCULO 2\u00b0: Instruir al Asesor Letrado del H.C.D. a confeccionar el documento legal del Art\u00edculo precedente. ART\u00cdCULO 3\u00b0: Elevar copia de la presente pieza legal a sendas comisiones de Derechos y Garant\u00edas de la Honorable C\u00e1mara de Diputados y Honorable C\u00e1mara de Senadores de la Provincia de Mendoza. ART\u00cdCULO 4\u00b0: De forma.\/\/ Se ausenta el Concejal PARADA cuando es la hora 10:35.\/ PRESIDENCIA pone a consideraci\u00f3n el despacho emitido y es APROBADO (6 votos afirmativos).\/\/ Seguidamente solicita la palabra la Concejal CAMIOLO quien agradece profundamente el trabajo realizado en Comisi\u00f3n, que estoy segura, se ha visto mejorado y en propuestas incluso &nbsp;internas en la Comisi\u00f3n, se pudieron tratar realmente lo que est\u00e1 pasando con las tarifas, es no solo que es abusivo, sino que llama much\u00edsimo la atenci\u00f3n, nos pasaban ayer informaci\u00f3n a los Concejales que en Agua Escondida hay gente que pas\u00f3 de pagar 30.000 pesos de luz. Pensemos que es una comunidad electro dependiente, o sea, al no tener gas usan much\u00edsimo este servicio, pero de 30.000 pesos a 280.000. de un mes para otro. Quisiera saber adem\u00e1s, cu\u00e1l es el nivel medio de salario en la comunidad que estoy segura que ese puede llegar a ser el ingreso total de una familia, la situaci\u00f3n es alarmante porque adem\u00e1s y en la Provincia tambi\u00e9n, celebro que desde las C\u00e1maras, de la C\u00e1mara de Diputados en especial, se est\u00e1 trabajando en un proyecto de declaraci\u00f3n de inconstitucionalidad, el Decreto de Gobernaci\u00f3n que en el mes de noviembre diciembre del a\u00f1o pasado, el Gobernador saliente, le dio casi pase libre a la Empresa Privada para que modificara su estatuto y de manera casi discrecional admitiera este tipo de aumentos, principalmente en el valor agregado a la distribuci\u00f3n, ese porcentaje que es el que maneja, eso es lo que ha elevado, no solamente los \u00edndices de inflaci\u00f3n y la macroeconom\u00eda, sino una discrecionalidad absoluta del Gobierno, admitiendo que la Empresa Privada pueda hacer estos aumentos de manera arbitraria, entendemos que ya hay los recursos, y ya est\u00e1n presentadas apelaciones en el norte provincial y que Malarg\u00fce necesitaba hacerlo, porque es otro atropello m\u00e1s y otro abuso a nuestro bolsillo, esperemos que con esta medida de amparo, todos los vecinos de Malarg\u00fce podamos vernos beneficiados y por lo menos en la parte del valor agregado a la distribuci\u00f3n, ese impuesto que es el que ha sido retocado a dedo y de manera absolutamente injusta, podamos revertirlo de alguna manera.&nbsp; Se\u00f1or, Presidente estas empresas ni en pandemia perdieron nunca pierden y el tema lo peor es que ganan y sus ganancias sus dividendos y todo el valor agregado a sus ganancias es a expensas del ciudadano, pero con la vista gorda de algunos pol\u00edticos, algunos pol\u00edticos no voy a decir de todos por el silencio y por el mirar para otro lado de los acomodos de los grandes grupos empresarios con los pol\u00edticos de turno. No solo que me averg\u00fcenza, me indigna como Concejal, como ciudadana principalmente me preocupa, que este tipo de actos contin\u00faen en el a\u00f1o 2024, donde ya tendr\u00edamos que haber avanzado con respecto a la eliminaci\u00f3n de los monopolios en los servicios a la comunidad. Muchas gracias, Se\u00f1or Presidente gracias\/ Se reincorpora el Concejal PARADA.\/\/ Solicita la palabra el Concejal PALMA manifestando:&nbsp; Si un poco tambi\u00e9n para reforzar lo que comentaba la Concejal que me precedi\u00f3 en la palabra. Si ustedes ven, en la sesi\u00f3n, hemos recibido por parte de los Vecinos del 60 Aniversario, una notita pidiendo intervenci\u00f3n en esta situaci\u00f3n porque bueno, tenemos que hacer un repaso hist\u00f3rico de la falta de gas natural que nosotros tenemos y ustedes diran&nbsp; &nbsp;qu\u00e9 tiene que ver el gas, me dir\u00e1n ustedes si el recurso de amparo es contra las tarifas de la energ\u00eda.&nbsp; Porque muchos de nuestros vecinos se calefaccionan, lamentablemente sin otros recursos m\u00e1s que la electricidad y ustedes saben muy bien que los consumos de este tipo de aparatos disparan elevad\u00edsimamente el consumo y por ende los precios, no? &nbsp;y m\u00e1s con estos aumentos desmedidos. Malarg\u00fce tiene una particularidad, que est\u00e1 contemplado dentro de lo que se llama Zona Patag\u00f3nica cosa que evidentemente no se ha tenido en cuenta, si bien entiendo que los subsidios y dem\u00e1s tienen que irse terminando, pero esto tiene que ser de una manera escalonada y donde quien tiene que afrontar estos aumentos de pr\u00e1cticamente un 350 por ciento, tengan con qu\u00e9 hacerlo no puede ser que una familia que tiene un ingreso reducido tenga que disponer de 250.000 pesos para poder afrontar un servicio de energ\u00eda el\u00e9ctrica y c\u00f3mo hace con el resto, no? Entonces creo que es muy importante que los vecinos y que este Concejo Deliberante en funci\u00f3n de lo que se dice siempre, que somos representantes, tambi\u00e9n seamos acompa\u00f1ados &nbsp;en esta situaci\u00f3n con los vecinos por qu\u00e9? &nbsp;Porque a muchos les afecta y yo voy a hacer un llamado en esta instancia a &nbsp;todos los vecinos que hoy nos puedan estar viendo y seguramente ser\u00e1 materia de an\u00e1lisis a posterior, de m\u00e1s all\u00e1 de la presentaci\u00f3n del Concejo Deliberante, deber\u00eda ir acompa\u00f1ado por una gran cantidad de firmas de los vecinos de nuestro Departamento y eso creo que es una, una buena medida para visibilizar el problema, que estamos teniendo y esto no pasa tan solo en Agua Escondida pasa ac\u00e1 nom\u00e1s, ac\u00e1 nom\u00e1s tenemos barrios que tenemos reclamos. No es de ahora, ni en seis meses estoy pretendiendo que esto se solucione, pues ser\u00eda hip\u00f3crita de mi parte, pero s\u00ed que deber\u00edamos acompa\u00f1ar este trato de cuestiones hasta que se puedan ir solucionando paulatinamente no, no voy a dejar de recordar que a Malarg\u00fce le hace falta un gasoducto. D\u00e9cadas esperando y entregando nuestros recursos y no tenemos gasoducto. Hablamos del gasoducto Papagallos, hablamos de otros, de otros gasoductos que se plantearon como el de Cerro Mollar y dem\u00e1s, pero nunca se concretaron, no? Y tenemos otro problema con la energ\u00eda el\u00e9ctrica que tenemos muchas fallas en el sistema de energ\u00eda el\u00e9ctrica, s\u00ed?, y como ustedes habr\u00e1n podido ver en Malarg\u00fce, se est\u00e1n instalando, gracias a Dios algunos desarrollos para la energ\u00eda alternativa o energ\u00eda no contaminante, pero lamentablemente no viene con soluciones para el Departamento, porque se vende esa energ\u00eda afuera no? no, no. &nbsp;hay soluciones para los ciudadanos del Departamento, entonces tenemos que buscar alternativas y creo que una alternativa muy seria, es plantear este Recurso de Amparo, hasta tanto y en cuanto se puedan ir mejorando las distintas condiciones que permitan poder tener otros servicios de calefacci\u00f3n y que las boletas de la luz no se disparen de la manera en la que lo han hecho. Gracias, Se\u00f1or Presidente.\/ A continuaci\u00f3n solicita la palabra la &nbsp;Concejal Elizabeth Gonz\u00e1lez manifestando: No para apoyar tambi\u00e9n a mis compa\u00f1eros de lo que estaban diciendo, por el tema de los impuestos que son muy altos, de los servicios justamente es que yo he tenido varias gente del Club H\u00edpico, de la Colonia H\u00edpica y del Barrio Independencia que han estado muy preocupados, porque estamos viviendo en una situaci\u00f3n muy cr\u00edtica, tambi\u00e9n con los salarios con que no hay trabajo y la gente est\u00e1 desesperada porque no, no puede salir a flote con su con su familia que no tienen le\u00f1a, que no tienen gas, que no tienen los servicios necesarios y tambi\u00e9n por la suba \u00e9sta, tan grande que han tenido con estos servicios. Justamente hay j\u00f3venes con su familia en el Barrio de Independencia que est\u00e1n muy preocupados y bueno justo hoy, se encuentra uno de ellos presente, con una nota que ha presentado por el tema del gas que vemos que se exporta, se saca el gas de nuestro Departamento en camiones y que nosotros no tengamos gas, la verdad que es una verg\u00fcenza, pero bueno, somos nosotros los ciudadanos que tenemos que luchar para mantener eso y lograr tener todos los servicios en condiciones y con tambi\u00e9n una tarifa menor ya que somos los productores de todo, del &nbsp;gas, de los hidrocarburos y de todo lo que produce ac\u00e1 y bueno y energ\u00eda tambi\u00e9n, porque ahora tambi\u00e9n vamos a contar con un parque. Entonces es que las tarifas sean mejor y que podamos todos adquirir y llegar a todos los lugares del Departamento de Malarg\u00fce inclusive a la zona rural y bueno, se lo hemos dicho a la gente, que pueden pedir, ellos todos los ciudadanos, pueden pedir la Banca del Ciudadano para que ellos expongan &nbsp;sus ideas y sus problemas que est\u00e1n teniendo en el Departamento y no solo en el Departamento, sino en la zona rural y yo creo que es en toda la, en toda la Argentina y la Provincia, gracias.\/\/ 5. Expte N\u00b0 5.426 HC 065 \u2013 2.024 Proyecto de Ordenanza:&nbsp; Derogar el Art\u00edculo 12\u00b0 de la Ordenanza N\u00b0 2.264\/2.024. (H.P.L.A.C.).\/ Por Secretaria se procede a la lectura del despacho emitido por la Comisi\u00f3n el cual sugiere la aprobaci\u00f3n del proyecto presentado con modificaciones: ORDENA. ART\u00cdCULO 1\u00b0: Der\u00f3guese el Art\u00edculo 12\u00b0 de la Ordenanza N\u00b0 2.264\/2.024 Registro \u00danico de Terrenos. (RUT). ART\u00cdCULO 2\u00b0: Establ\u00e9zcase la plena vigencia de los cargos impuesto por la Ord. N\u00b0 1524\/11, en sus art\u00edculos 6\u00b0, 9\u00b0, (inc.g) y 10\u00b0 (inc. a, b, y c) a los adjudicatarios de los inmuebles comprendidos dentro del Barrio 60 Aniversario y que se encuentren insertos en las escrituras traslativas de dominio, por el plazo de diez a\u00f1os desde la fecha de escrituraci\u00f3n, vencido ese plazo, se entienden extintos los cargos impuestos quedando habilitados los titulares registrables originales o los terceros adquirentes a su libre disponibilidad.&nbsp; ART\u00cdCULO 3\u00b0: &nbsp;Establ\u00e9zcase la inaplicabilidad de los cargos impuestos por los Art. 6\u00b0, 9\u00b0 (inc g) y 10\u00b0 (inc. a, b, y c) de la Ord. 1524\/11, a los titulares registrables originales, sus herederos declarados y\/o terceros adquirentes de buena fe, que hayan realizado operaciones inmobiliarias, ya sea a t\u00edtulo oneroso o gratuito sobre dichos inmuebles, en el periodo comprendido entre enero de 2019 y marzo de 2024, amparados en la vigencia de las Ord. N\u00b0 1979\/19 y 2074\/20. ART\u00cdCULO 4\u00b0: Habil\u00edtese la confecci\u00f3n por parte de la Direcci\u00f3n Especial de Tierras, de un listado especial para que escribanos, inmobiliarias y vecinos en general, informen operaciones no instrumentadas en Escritura P\u00fablica, por el plazo de 30 d\u00edas h\u00e1biles desde la promulgaci\u00f3n de la presente norma. ART\u00cdCULO 5\u00b0: Encomi\u00e9ndese a la Direcci\u00f3n Especial de Tierras a comunicar mediante Decreto de Intendencia, el listado definitivo que se menciona en Art\u00edculo up supra, una vez vencidos los plazos establecidos. ART\u00cdCULO 6\u00b0: Inscr\u00edbase en el Registro \u00danico de Infractores Municipales, a los adjudicatarios originales que hayan enajenado o enajenen los inmuebles del Barrio 60 Aniversario por el plazo de 10 a\u00f1os. ART\u00cdCULO 7\u00b0: G\u00edrese copia de la presente pieza legal al Colegio Notarial de la Provincia de Mendoza. ART\u00cdCULO 8\u00b0: Encomi\u00e9ndese al Departamento Ejecutivo la realizaci\u00f3n de la Campa\u00f1a masiva de comunicaci\u00f3n de la presente norma. ART\u00cdCULO 9\u00b0: De forma.\/ La Concejal ACOSTA solicita Cuarto Intermedio cuando es la hora 10:51 volviendo a sesi\u00f3n a las 11:40.\/ Se encuentran ausentes el Concejal Villarruel y la Concejal Camiolo.&nbsp; PRESIDENCIA pone a consideraci\u00f3n el despacho emitido y es APROBADO (5 votos afirmativos).\/\/ 6. Expte N\u00b0 5.427 HC 065 \u2013 2.024 Proyecto de Ordenanza:&nbsp; Demarcar nuevas sendas peatonales y l\u00edneas de frenado en puntos estrat\u00e9gicos del Departamento.&nbsp; (H.P.L.A.C.) . Por Secretaria se procede a la lectura del despacho emitido el cual sugiere la aprobaci\u00f3n del proyecto presentado con modificaciones. ORDENA. ART\u00cdCULO 1\u00b0: Idem proyecto original. ART\u00cdCULO 2\u00b0: Establ\u00e9zcase un plan de trabajo con un cronograma previamente informado a la comunidad, con el fin de no entorpecer el tr\u00e1nsito de los sectores a intervenir. ART\u00cdCULO 3\u00b0: As\u00edgnese las erogaciones emanadas de la presente pieza legal a la partida presupuestaria correspondiente del presupuesto vigente o subsiguientes. ART\u00cdCULO 4\u00b0: De forma.\/ PRESIDENCIA pone a consideraci\u00f3n el despacho emitido y es APROBADO ( 5 votos afirmativos).\/\/ 7.&nbsp;&nbsp; Expte N\u00b0 5.446 HC 066 \u2013 2.024 Proyecto de Resoluci\u00f3n:&nbsp; Campa\u00f1as de Prevenci\u00f3n y Concientizaci\u00f3n sobre la Gripe H1N1. (E.H.M.A.S y C.) Por Secretaria se procede a la lectura del despacho emitido el cual sugiere la aprobaci\u00f3n sin modificaciones del proyecto presentado.\/ PRESIDENCIA pone a consideraci\u00f3n el despacho emitido por la Comisi\u00f3n y es APROBADO ( 5 votos afirmativos).\/\/ i) Asuntos Varios. 1. Expte N\u00b0 5.452 HC 066 \u2013 2024 Interbloque Partido Justicialista \u2013 Frente Cambia Mendoza \u2013 Reconstruyendo Malarg\u00fce \u2013 UCR Independiente \u2013 Encuentro \u2013 Uni\u00f3n Mendocina. Proyecto de Ordenanza:&nbsp; Programa de Ayudas Econ\u00f3micas Educativas \u2013 Becas y\/o Subsidios.\/ Solicita la palabra el Concejal PALMA solicita que el Cuerpo se constituya en comisi\u00f3n cuando es la hora 10:45, retomando la sesi\u00f3n a las 10:46, contin\u00faa en uso de la palabra y expresa: Para ordenarnos, si bien el despacho ya fue trabajado con el Cuerpo en Comisi\u00f3n y habi\u00e9ndolo estudiado cada uno de nosotros y habiendo redactado algunas peque\u00f1as modificaciones y entendiendo que es suficiente el conocimiento &nbsp;respecto a esto, solicit\u00f3 la omisi\u00f3n de la lectura del mismo. El despacho se adjunta a la presente Acta como Anexo I.\/ PRESIDENCIA pone a consideraci\u00f3n la moci\u00f3n de omitir la lectura del despacho y es aprobada, seguidamente pone&nbsp; a consideraci\u00f3n, el despacho del Cuerpo en Comisi\u00f3n&nbsp; y es APROBADO&nbsp; (5 votos afirmativos) .\/\/ j) Acto de arriar el Pabell\u00f3n Nacional a cargo de la &nbsp;concejal que lo iz\u00f3.\/\/ No habiendo m\u00e1s temas para tratar cuando es la hora 11:50 se da por finalizada la Sesi\u00f3n, previa lectura de lo que antecede firman las presentes actuaciones el Sr. Presidente y la Sra. Secretaria del Honorable Concejo Deliberante de la Municipalidad de Malarg\u00fce.<\/p>\n\n\n\n<p><\/p>\n","protected":false},"excerpt":{"rendered":"<p>BANCA DEL CIUDADANO Sra. MARIANA LOURDES TORRES en Representaci\u00f3n de CLUB SOCIALY DEPORTIVO ENERGIA ATOMICA Tema:\u00a0 Trabajo de ayuda a familias de estrato social vulnerable. &nbsp;El d\u00eda 27 de junio de 2.024, cuando es la hora 8:54 hace uso de la Banca del Ciudadano el Sra. Mar\u00edana Lourdes Torres, Presidencia da la bienvenida y explica [&hellip;]<\/p>\n","protected":false},"author":5,"featured_media":33337,"comment_status":"closed","ping_status":"closed","sticky":false,"template":"","format":"standard","meta":{"footnotes":""},"categories":[60,52,58,33,36],"tags":[],"class_list":["post-37150","post","type-post","status-publish","format-standard","has-post-thumbnail","hentry","category-acta-de-sesiones","category-gacetillas","category-ordinarias","category-prensa","category-sesiones"],"yoast_head":"<!-- This site is optimized with the Yoast SEO plugin v19.10 - https:\/\/yoast.com\/wordpress\/plugins\/seo\/ -->\n<title>ACTA 15\u00b0 SESI\u00d3N\u00a0ORDINARIA\u00a0 N\u00b01.163-\u201cO\u201d- 27\/06\/2024 - Malarg\u00fce HCD<\/title>\n<meta name=\"robots\" content=\"index, follow, max-snippet:-1, max-image-preview:large, max-video-preview:-1\" \/>\n<link rel=\"canonical\" href=\"https:\/\/hcd.malargue.gov.ar\/?p=37150\" \/>\n<meta property=\"og:locale\" content=\"es_ES\" \/>\n<meta property=\"og:type\" content=\"article\" \/>\n<meta property=\"og:title\" content=\"ACTA 15\u00b0 SESI\u00d3N\u00a0ORDINARIA\u00a0 N\u00b01.163-\u201cO\u201d- 27\/06\/2024 - Malarg\u00fce HCD\" \/>\n<meta property=\"og:description\" content=\"BANCA DEL CIUDADANO Sra. MARIANA LOURDES TORRES en Representaci\u00f3n de CLUB SOCIALY DEPORTIVO ENERGIA ATOMICA Tema:\u00a0 Trabajo de ayuda a familias de estrato social vulnerable. &nbsp;El d\u00eda 27 de junio de 2.024, cuando es la hora 8:54 hace uso de la Banca del Ciudadano el Sra. Mar\u00edana Lourdes Torres, Presidencia da la bienvenida y explica [&hellip;]\" \/>\n<meta property=\"og:url\" content=\"https:\/\/hcd.malargue.gov.ar\/?p=37150\" \/>\n<meta property=\"og:site_name\" content=\"Malarg\u00fce HCD\" \/>\n<meta property=\"article:published_time\" content=\"2024-07-05T11:58:20+00:00\" \/>\n<meta property=\"article:modified_time\" content=\"2024-07-05T11:59:01+00:00\" \/>\n<meta property=\"og:image\" content=\"https:\/\/hcd.malargue.gov.ar\/wp-content\/uploads\/2023\/03\/actas-sesiones.jpg\" \/>\n\t<meta property=\"og:image:width\" content=\"1640\" \/>\n\t<meta property=\"og:image:height\" content=\"924\" \/>\n\t<meta property=\"og:image:type\" content=\"image\/jpeg\" \/>\n<meta name=\"author\" content=\"Belen Pedernera Ferragut\" \/>\n<meta name=\"twitter:card\" content=\"summary_large_image\" \/>\n<meta name=\"twitter:label1\" content=\"Escrito por\" \/>\n\t<meta name=\"twitter:data1\" content=\"Belen Pedernera Ferragut\" \/>\n\t<meta name=\"twitter:label2\" content=\"Tiempo de lectura\" \/>\n\t<meta name=\"twitter:data2\" content=\"53 minutos\" \/>\n<script type=\"application\/ld+json\" class=\"yoast-schema-graph\">{\"@context\":\"https:\/\/schema.org\",\"@graph\":[{\"@type\":\"WebPage\",\"@id\":\"https:\/\/hcd.malargue.gov.ar\/?p=37150\",\"url\":\"https:\/\/hcd.malargue.gov.ar\/?p=37150\",\"name\":\"ACTA 15\u00b0 SESI\u00d3N\u00a0ORDINARIA\u00a0 N\u00b01.163-\u201cO\u201d- 27\/06\/2024 - Malarg\u00fce HCD\",\"isPartOf\":{\"@id\":\"https:\/\/hcd.malargue.gov.ar\/#website\"},\"datePublished\":\"2024-07-05T11:58:20+00:00\",\"dateModified\":\"2024-07-05T11:59:01+00:00\",\"author\":{\"@id\":\"https:\/\/hcd.malargue.gov.ar\/#\/schema\/person\/3fd6bbab64edd703961b795156c955d0\"},\"breadcrumb\":{\"@id\":\"https:\/\/hcd.malargue.gov.ar\/?p=37150#breadcrumb\"},\"inLanguage\":\"es-AR\",\"potentialAction\":[{\"@type\":\"ReadAction\",\"target\":[\"https:\/\/hcd.malargue.gov.ar\/?p=37150\"]}]},{\"@type\":\"BreadcrumbList\",\"@id\":\"https:\/\/hcd.malargue.gov.ar\/?p=37150#breadcrumb\",\"itemListElement\":[{\"@type\":\"ListItem\",\"position\":1,\"name\":\"Inicio\",\"item\":\"https:\/\/hcd.malargue.gov.ar\/\"},{\"@type\":\"ListItem\",\"position\":2,\"name\":\"ACTA 15\u00b0 SESI\u00d3N\u00a0ORDINARIA\u00a0 N\u00b01.163-\u201cO\u201d- 27\/06\/2024\"}]},{\"@type\":\"WebSite\",\"@id\":\"https:\/\/hcd.malargue.gov.ar\/#website\",\"url\":\"https:\/\/hcd.malargue.gov.ar\/\",\"name\":\"Malarg\u00fce HCD\",\"description\":\"Malarg\u00fce Mendoza Argentina\",\"potentialAction\":[{\"@type\":\"SearchAction\",\"target\":{\"@type\":\"EntryPoint\",\"urlTemplate\":\"https:\/\/hcd.malargue.gov.ar\/?s={search_term_string}\"},\"query-input\":\"required name=search_term_string\"}],\"inLanguage\":\"es-AR\"},{\"@type\":\"Person\",\"@id\":\"https:\/\/hcd.malargue.gov.ar\/#\/schema\/person\/3fd6bbab64edd703961b795156c955d0\",\"name\":\"Belen Pedernera Ferragut\",\"image\":{\"@type\":\"ImageObject\",\"inLanguage\":\"es-AR\",\"@id\":\"https:\/\/hcd.malargue.gov.ar\/#\/schema\/person\/image\/\",\"url\":\"https:\/\/secure.gravatar.com\/avatar\/1054ffab3893de4bb3eb29bdd22f7e34b8537bf5d34d9dab311818154ad5b71f?s=96&d=mm&r=g\",\"contentUrl\":\"https:\/\/secure.gravatar.com\/avatar\/1054ffab3893de4bb3eb29bdd22f7e34b8537bf5d34d9dab311818154ad5b71f?s=96&d=mm&r=g\",\"caption\":\"Belen Pedernera Ferragut\"},\"url\":\"https:\/\/hcd.malargue.gov.ar\/?author=5\"}]}<\/script>\n<!-- \/ Yoast SEO plugin. -->","yoast_head_json":{"title":"ACTA 15\u00b0 SESI\u00d3N\u00a0ORDINARIA\u00a0 N\u00b01.163-\u201cO\u201d- 27\/06\/2024 - Malarg\u00fce HCD","robots":{"index":"index","follow":"follow","max-snippet":"max-snippet:-1","max-image-preview":"max-image-preview:large","max-video-preview":"max-video-preview:-1"},"canonical":"https:\/\/hcd.malargue.gov.ar\/?p=37150","og_locale":"es_ES","og_type":"article","og_title":"ACTA 15\u00b0 SESI\u00d3N\u00a0ORDINARIA\u00a0 N\u00b01.163-\u201cO\u201d- 27\/06\/2024 - Malarg\u00fce HCD","og_description":"BANCA DEL CIUDADANO Sra. MARIANA LOURDES TORRES en Representaci\u00f3n de CLUB SOCIALY DEPORTIVO ENERGIA ATOMICA Tema:\u00a0 Trabajo de ayuda a familias de estrato social vulnerable. &nbsp;El d\u00eda 27 de junio de 2.024, cuando es la hora 8:54 hace uso de la Banca del Ciudadano el Sra. Mar\u00edana Lourdes Torres, Presidencia da la bienvenida y explica [&hellip;]","og_url":"https:\/\/hcd.malargue.gov.ar\/?p=37150","og_site_name":"Malarg\u00fce HCD","article_published_time":"2024-07-05T11:58:20+00:00","article_modified_time":"2024-07-05T11:59:01+00:00","og_image":[{"width":1640,"height":924,"url":"https:\/\/hcd.malargue.gov.ar\/wp-content\/uploads\/2023\/03\/actas-sesiones.jpg","type":"image\/jpeg"}],"author":"Belen Pedernera Ferragut","twitter_card":"summary_large_image","twitter_misc":{"Escrito por":"Belen Pedernera Ferragut","Tiempo de lectura":"53 minutos"},"schema":{"@context":"https:\/\/schema.org","@graph":[{"@type":"WebPage","@id":"https:\/\/hcd.malargue.gov.ar\/?p=37150","url":"https:\/\/hcd.malargue.gov.ar\/?p=37150","name":"ACTA 15\u00b0 SESI\u00d3N\u00a0ORDINARIA\u00a0 N\u00b01.163-\u201cO\u201d- 27\/06\/2024 - Malarg\u00fce HCD","isPartOf":{"@id":"https:\/\/hcd.malargue.gov.ar\/#website"},"datePublished":"2024-07-05T11:58:20+00:00","dateModified":"2024-07-05T11:59:01+00:00","author":{"@id":"https:\/\/hcd.malargue.gov.ar\/#\/schema\/person\/3fd6bbab64edd703961b795156c955d0"},"breadcrumb":{"@id":"https:\/\/hcd.malargue.gov.ar\/?p=37150#breadcrumb"},"inLanguage":"es-AR","potentialAction":[{"@type":"ReadAction","target":["https:\/\/hcd.malargue.gov.ar\/?p=37150"]}]},{"@type":"BreadcrumbList","@id":"https:\/\/hcd.malargue.gov.ar\/?p=37150#breadcrumb","itemListElement":[{"@type":"ListItem","position":1,"name":"Inicio","item":"https:\/\/hcd.malargue.gov.ar\/"},{"@type":"ListItem","position":2,"name":"ACTA 15\u00b0 SESI\u00d3N\u00a0ORDINARIA\u00a0 N\u00b01.163-\u201cO\u201d- 27\/06\/2024"}]},{"@type":"WebSite","@id":"https:\/\/hcd.malargue.gov.ar\/#website","url":"https:\/\/hcd.malargue.gov.ar\/","name":"Malarg\u00fce HCD","description":"Malarg\u00fce Mendoza Argentina","potentialAction":[{"@type":"SearchAction","target":{"@type":"EntryPoint","urlTemplate":"https:\/\/hcd.malargue.gov.ar\/?s={search_term_string}"},"query-input":"required name=search_term_string"}],"inLanguage":"es-AR"},{"@type":"Person","@id":"https:\/\/hcd.malargue.gov.ar\/#\/schema\/person\/3fd6bbab64edd703961b795156c955d0","name":"Belen Pedernera Ferragut","image":{"@type":"ImageObject","inLanguage":"es-AR","@id":"https:\/\/hcd.malargue.gov.ar\/#\/schema\/person\/image\/","url":"https:\/\/secure.gravatar.com\/avatar\/1054ffab3893de4bb3eb29bdd22f7e34b8537bf5d34d9dab311818154ad5b71f?s=96&d=mm&r=g","contentUrl":"https:\/\/secure.gravatar.com\/avatar\/1054ffab3893de4bb3eb29bdd22f7e34b8537bf5d34d9dab311818154ad5b71f?s=96&d=mm&r=g","caption":"Belen Pedernera Ferragut"},"url":"https:\/\/hcd.malargue.gov.ar\/?author=5"}]}},"_links":{"self":[{"href":"https:\/\/hcd.malargue.gov.ar\/index.php?rest_route=\/wp\/v2\/posts\/37150","targetHints":{"allow":["GET"]}}],"collection":[{"href":"https:\/\/hcd.malargue.gov.ar\/index.php?rest_route=\/wp\/v2\/posts"}],"about":[{"href":"https:\/\/hcd.malargue.gov.ar\/index.php?rest_route=\/wp\/v2\/types\/post"}],"author":[{"embeddable":true,"href":"https:\/\/hcd.malargue.gov.ar\/index.php?rest_route=\/wp\/v2\/users\/5"}],"replies":[{"embeddable":true,"href":"https:\/\/hcd.malargue.gov.ar\/index.php?rest_route=%2Fwp%2Fv2%2Fcomments&post=37150"}],"version-history":[{"count":1,"href":"https:\/\/hcd.malargue.gov.ar\/index.php?rest_route=\/wp\/v2\/posts\/37150\/revisions"}],"predecessor-version":[{"id":37152,"href":"https:\/\/hcd.malargue.gov.ar\/index.php?rest_route=\/wp\/v2\/posts\/37150\/revisions\/37152"}],"wp:featuredmedia":[{"embeddable":true,"href":"https:\/\/hcd.malargue.gov.ar\/index.php?rest_route=\/wp\/v2\/media\/33337"}],"wp:attachment":[{"href":"https:\/\/hcd.malargue.gov.ar\/index.php?rest_route=%2Fwp%2Fv2%2Fmedia&parent=37150"}],"wp:term":[{"taxonomy":"category","embeddable":true,"href":"https:\/\/hcd.malargue.gov.ar\/index.php?rest_route=%2Fwp%2Fv2%2Fcategories&post=37150"},{"taxonomy":"post_tag","embeddable":true,"href":"https:\/\/hcd.malargue.gov.ar\/index.php?rest_route=%2Fwp%2Fv2%2Ftags&post=37150"}],"curies":[{"name":"wp","href":"https:\/\/api.w.org\/{rel}","templated":true}]}}