{"id":37191,"date":"2024-07-09T11:04:12","date_gmt":"2024-07-09T14:04:12","guid":{"rendered":"https:\/\/hcd.malargue.gov.ar\/?p=37191"},"modified":"2024-07-22T10:12:12","modified_gmt":"2024-07-22T13:12:12","slug":"dia-del-empleado-legislativo-4","status":"publish","type":"post","link":"https:\/\/hcd.malargue.gov.ar\/?p=37191","title":{"rendered":"Resoluci\u00f3n de Presidencia N\u00b0 059\/2.024- Dia del Empleado Legislativo"},"content":{"rendered":"<div class=\"wp-block-image\">\n<figure class=\"alignright size-full is-resized\"><a href=\"http:\/\/hcd.malargue.gov.ar\/2024\/res%20presidencia%20059%202024%20empleado%20legislativo.pdf\"><img loading=\"lazy\" decoding=\"async\" width=\"512\" height=\"512\" src=\"https:\/\/hcd.malargue.gov.ar\/wp-content\/uploads\/2018\/06\/PDF-JPG.jpg\" alt=\"\" class=\"wp-image-7950\" style=\"width:119px;height:auto\" srcset=\"https:\/\/hcd.malargue.gov.ar\/wp-content\/uploads\/2018\/06\/PDF-JPG.jpg 512w, https:\/\/hcd.malargue.gov.ar\/wp-content\/uploads\/2018\/06\/PDF-JPG-150x150.jpg 150w, https:\/\/hcd.malargue.gov.ar\/wp-content\/uploads\/2018\/06\/PDF-JPG-300x300.jpg 300w\" sizes=\"auto, (max-width: 512px) 100vw, 512px\" \/><\/a><\/figure>\n<\/div>\n\n\n<p>VISTO: El contenido de la Resoluci\u00f3n N\u00b0 161\/2.008 del Honorable Concejo Deliberante de la Municipalidad de Malarg\u00fce, mediante la cual se adhiere a la Ley Provincial N\u00b0 7.877 estableciendo el d\u00eda 06 de Julio de cada a\u00f1o como fecha conmemorativa del D\u00eda del Empleado Legislativo, y;<\/p>\n\n\n\n<p>CONSIDERANDO: Que la mencionada Resoluci\u00f3n adhiere a la normativa Provincial declarando como d\u00eda no laborable para el personal legislativo, el primer viernes posterior h\u00e1bil al d\u00eda 06 de julio de cada a\u00f1o.<br>Que coincidentemente con lo establecido, esta Presidencia dispone asueto para todo el personal dependiente del Honorable Cuerpo.<\/p>\n\n\n\n<p>EL PRESIDENTE DEL HONORABLE CONCEJO DELIBERANTE DE LA MUNICIPALIDAD DE MALARG\u00dcE EN USO DE LAS FACULTADES QUE LE SON PROPIAS<\/p>\n\n\n\n<p class=\"has-text-align-center\">RESUELVE<\/p>\n\n\n\n<p>ART\u00cdCULO 1\u00b0: Disponer asueto para el d\u00eda viernes 12 de Julio de 2.024, para el personal dependiente del Honorable Concejo Deliberante de Malarg\u00fce, en virtud de la conmemoraci\u00f3n del \u201cD\u00eda del Empleado Legislativo\u201d.<\/p>\n\n\n\n<p>ART\u00cdCULO 2\u00b0: Tomen conocimiento Departamento Ejecutivo Municipal y Oficina de Recursos Humanos de la Municipalidad de Malarg\u00fce.<\/p>\n\n\n\n<p>ART\u00cdCULO 3\u00b0: Comun\u00edquese, reg\u00edstrese y arch\u00edvese.<\/p>\n\n\n\n<p class=\"has-text-align-right\">PRESIDENCIA, H.C.D. 05 de Julio de 2.024.<\/p>\n\n\n\n<p class=\"has-text-align-right\"><\/p>\n\n\n\n<p><\/p>\n","protected":false},"excerpt":{"rendered":"<p>VISTO: El contenido de la Resoluci\u00f3n N\u00b0 161\/2.008 del Honorable Concejo Deliberante de la Municipalidad de Malarg\u00fce, mediante la cual se adhiere a la Ley Provincial N\u00b0 7.877 estableciendo el d\u00eda 06 de Julio de cada a\u00f1o como fecha conmemorativa del D\u00eda del Empleado Legislativo, y; CONSIDERANDO: Que la mencionada Resoluci\u00f3n adhiere a la normativa [&hellip;]<\/p>\n","protected":false},"author":11,"featured_media":37192,"comment_status":"closed","ping_status":"closed","sticky":false,"template":"","format":"standard","meta":{"footnotes":""},"categories":[29,33,68],"tags":[],"class_list":["post-37191","post","type-post","status-publish","format-standard","has-post-thumbnail","hentry","category-lesgilacion","category-prensa","category-resolucionesdepresidencia"],"yoast_head":"<!-- This site is optimized with the Yoast SEO plugin v19.10 - https:\/\/yoast.com\/wordpress\/plugins\/seo\/ -->\n<title>Resoluci\u00f3n de Presidencia N\u00b0 059\/2.024- Dia del Empleado Legislativo - Malarg\u00fce HCD<\/title>\n<meta name=\"robots\" content=\"index, follow, max-snippet:-1, max-image-preview:large, max-video-preview:-1\" \/>\n<link rel=\"canonical\" href=\"https:\/\/hcd.malargue.gov.ar\/?p=37191\" \/>\n<meta property=\"og:locale\" content=\"es_ES\" \/>\n<meta property=\"og:type\" content=\"article\" \/>\n<meta property=\"og:title\" content=\"Resoluci\u00f3n de Presidencia N\u00b0 059\/2.024- Dia del Empleado Legislativo - Malarg\u00fce HCD\" \/>\n<meta property=\"og:description\" content=\"VISTO: El contenido de la Resoluci\u00f3n N\u00b0 161\/2.008 del Honorable Concejo Deliberante de la Municipalidad de Malarg\u00fce, mediante la cual se adhiere a la Ley Provincial N\u00b0 7.877 estableciendo el d\u00eda 06 de Julio de cada a\u00f1o como fecha conmemorativa del D\u00eda del Empleado Legislativo, y; CONSIDERANDO: Que la mencionada Resoluci\u00f3n adhiere a la normativa [&hellip;]\" \/>\n<meta property=\"og:url\" content=\"https:\/\/hcd.malargue.gov.ar\/?p=37191\" \/>\n<meta property=\"og:site_name\" content=\"Malarg\u00fce HCD\" \/>\n<meta property=\"article:published_time\" content=\"2024-07-09T14:04:12+00:00\" \/>\n<meta property=\"article:modified_time\" content=\"2024-07-22T13:12:12+00:00\" \/>\n<meta property=\"og:image\" content=\"https:\/\/hcd.malargue.gov.ar\/wp-content\/uploads\/2024\/07\/RESOLUCION.png\" \/>\n\t<meta property=\"og:image:width\" content=\"940\" \/>\n\t<meta property=\"og:image:height\" content=\"788\" \/>\n\t<meta property=\"og:image:type\" content=\"image\/png\" \/>\n<meta name=\"author\" content=\"Miriam Verdugo\" \/>\n<meta name=\"twitter:card\" content=\"summary_large_image\" \/>\n<meta name=\"twitter:label1\" content=\"Escrito por\" \/>\n\t<meta name=\"twitter:data1\" content=\"Miriam Verdugo\" \/>\n\t<meta name=\"twitter:label2\" content=\"Tiempo de lectura\" \/>\n\t<meta name=\"twitter:data2\" content=\"2 minutos\" \/>\n<script type=\"application\/ld+json\" class=\"yoast-schema-graph\">{\"@context\":\"https:\/\/schema.org\",\"@graph\":[{\"@type\":\"WebPage\",\"@id\":\"https:\/\/hcd.malargue.gov.ar\/?p=37191\",\"url\":\"https:\/\/hcd.malargue.gov.ar\/?p=37191\",\"name\":\"Resoluci\u00f3n de Presidencia N\u00b0 059\/2.024- Dia del Empleado Legislativo - Malarg\u00fce HCD\",\"isPartOf\":{\"@id\":\"https:\/\/hcd.malargue.gov.ar\/#website\"},\"datePublished\":\"2024-07-09T14:04:12+00:00\",\"dateModified\":\"2024-07-22T13:12:12+00:00\",\"author\":{\"@id\":\"https:\/\/hcd.malargue.gov.ar\/#\/schema\/person\/ee682cfebfbf463de71f53a5c722be75\"},\"breadcrumb\":{\"@id\":\"https:\/\/hcd.malargue.gov.ar\/?p=37191#breadcrumb\"},\"inLanguage\":\"es-AR\",\"potentialAction\":[{\"@type\":\"ReadAction\",\"target\":[\"https:\/\/hcd.malargue.gov.ar\/?p=37191\"]}]},{\"@type\":\"BreadcrumbList\",\"@id\":\"https:\/\/hcd.malargue.gov.ar\/?p=37191#breadcrumb\",\"itemListElement\":[{\"@type\":\"ListItem\",\"position\":1,\"name\":\"Inicio\",\"item\":\"https:\/\/hcd.malargue.gov.ar\/\"},{\"@type\":\"ListItem\",\"position\":2,\"name\":\"Resoluci\u00f3n de Presidencia N\u00b0 059\/2.024- Dia del Empleado Legislativo\"}]},{\"@type\":\"WebSite\",\"@id\":\"https:\/\/hcd.malargue.gov.ar\/#website\",\"url\":\"https:\/\/hcd.malargue.gov.ar\/\",\"name\":\"Malarg\u00fce HCD\",\"description\":\"Malarg\u00fce Mendoza Argentina\",\"potentialAction\":[{\"@type\":\"SearchAction\",\"target\":{\"@type\":\"EntryPoint\",\"urlTemplate\":\"https:\/\/hcd.malargue.gov.ar\/?s={search_term_string}\"},\"query-input\":\"required name=search_term_string\"}],\"inLanguage\":\"es-AR\"},{\"@type\":\"Person\",\"@id\":\"https:\/\/hcd.malargue.gov.ar\/#\/schema\/person\/ee682cfebfbf463de71f53a5c722be75\",\"name\":\"Miriam Verdugo\",\"image\":{\"@type\":\"ImageObject\",\"inLanguage\":\"es-AR\",\"@id\":\"https:\/\/hcd.malargue.gov.ar\/#\/schema\/person\/image\/\",\"url\":\"https:\/\/secure.gravatar.com\/avatar\/306223a4268d159ebfcea14c5a513206411b872b38a6568525d852b77a1fdb63?s=96&d=mm&r=g\",\"contentUrl\":\"https:\/\/secure.gravatar.com\/avatar\/306223a4268d159ebfcea14c5a513206411b872b38a6568525d852b77a1fdb63?s=96&d=mm&r=g\",\"caption\":\"Miriam Verdugo\"},\"url\":\"https:\/\/hcd.malargue.gov.ar\/?author=11\"}]}<\/script>\n<!-- \/ Yoast SEO plugin. -->","yoast_head_json":{"title":"Resoluci\u00f3n de Presidencia N\u00b0 059\/2.024- Dia del Empleado Legislativo - Malarg\u00fce HCD","robots":{"index":"index","follow":"follow","max-snippet":"max-snippet:-1","max-image-preview":"max-image-preview:large","max-video-preview":"max-video-preview:-1"},"canonical":"https:\/\/hcd.malargue.gov.ar\/?p=37191","og_locale":"es_ES","og_type":"article","og_title":"Resoluci\u00f3n de Presidencia N\u00b0 059\/2.024- Dia del Empleado Legislativo - Malarg\u00fce HCD","og_description":"VISTO: El contenido de la Resoluci\u00f3n N\u00b0 161\/2.008 del Honorable Concejo Deliberante de la Municipalidad de Malarg\u00fce, mediante la cual se adhiere a la Ley Provincial N\u00b0 7.877 estableciendo el d\u00eda 06 de Julio de cada a\u00f1o como fecha conmemorativa del D\u00eda del Empleado Legislativo, y; CONSIDERANDO: Que la mencionada Resoluci\u00f3n adhiere a la normativa [&hellip;]","og_url":"https:\/\/hcd.malargue.gov.ar\/?p=37191","og_site_name":"Malarg\u00fce HCD","article_published_time":"2024-07-09T14:04:12+00:00","article_modified_time":"2024-07-22T13:12:12+00:00","og_image":[{"width":940,"height":788,"url":"https:\/\/hcd.malargue.gov.ar\/wp-content\/uploads\/2024\/07\/RESOLUCION.png","type":"image\/png"}],"author":"Miriam Verdugo","twitter_card":"summary_large_image","twitter_misc":{"Escrito por":"Miriam Verdugo","Tiempo de lectura":"2 minutos"},"schema":{"@context":"https:\/\/schema.org","@graph":[{"@type":"WebPage","@id":"https:\/\/hcd.malargue.gov.ar\/?p=37191","url":"https:\/\/hcd.malargue.gov.ar\/?p=37191","name":"Resoluci\u00f3n de Presidencia N\u00b0 059\/2.024- Dia del Empleado Legislativo - Malarg\u00fce HCD","isPartOf":{"@id":"https:\/\/hcd.malargue.gov.ar\/#website"},"datePublished":"2024-07-09T14:04:12+00:00","dateModified":"2024-07-22T13:12:12+00:00","author":{"@id":"https:\/\/hcd.malargue.gov.ar\/#\/schema\/person\/ee682cfebfbf463de71f53a5c722be75"},"breadcrumb":{"@id":"https:\/\/hcd.malargue.gov.ar\/?p=37191#breadcrumb"},"inLanguage":"es-AR","potentialAction":[{"@type":"ReadAction","target":["https:\/\/hcd.malargue.gov.ar\/?p=37191"]}]},{"@type":"BreadcrumbList","@id":"https:\/\/hcd.malargue.gov.ar\/?p=37191#breadcrumb","itemListElement":[{"@type":"ListItem","position":1,"name":"Inicio","item":"https:\/\/hcd.malargue.gov.ar\/"},{"@type":"ListItem","position":2,"name":"Resoluci\u00f3n de Presidencia N\u00b0 059\/2.024- Dia del Empleado Legislativo"}]},{"@type":"WebSite","@id":"https:\/\/hcd.malargue.gov.ar\/#website","url":"https:\/\/hcd.malargue.gov.ar\/","name":"Malarg\u00fce HCD","description":"Malarg\u00fce Mendoza Argentina","potentialAction":[{"@type":"SearchAction","target":{"@type":"EntryPoint","urlTemplate":"https:\/\/hcd.malargue.gov.ar\/?s={search_term_string}"},"query-input":"required name=search_term_string"}],"inLanguage":"es-AR"},{"@type":"Person","@id":"https:\/\/hcd.malargue.gov.ar\/#\/schema\/person\/ee682cfebfbf463de71f53a5c722be75","name":"Miriam Verdugo","image":{"@type":"ImageObject","inLanguage":"es-AR","@id":"https:\/\/hcd.malargue.gov.ar\/#\/schema\/person\/image\/","url":"https:\/\/secure.gravatar.com\/avatar\/306223a4268d159ebfcea14c5a513206411b872b38a6568525d852b77a1fdb63?s=96&d=mm&r=g","contentUrl":"https:\/\/secure.gravatar.com\/avatar\/306223a4268d159ebfcea14c5a513206411b872b38a6568525d852b77a1fdb63?s=96&d=mm&r=g","caption":"Miriam Verdugo"},"url":"https:\/\/hcd.malargue.gov.ar\/?author=11"}]}},"_links":{"self":[{"href":"https:\/\/hcd.malargue.gov.ar\/index.php?rest_route=\/wp\/v2\/posts\/37191","targetHints":{"allow":["GET"]}}],"collection":[{"href":"https:\/\/hcd.malargue.gov.ar\/index.php?rest_route=\/wp\/v2\/posts"}],"about":[{"href":"https:\/\/hcd.malargue.gov.ar\/index.php?rest_route=\/wp\/v2\/types\/post"}],"author":[{"embeddable":true,"href":"https:\/\/hcd.malargue.gov.ar\/index.php?rest_route=\/wp\/v2\/users\/11"}],"replies":[{"embeddable":true,"href":"https:\/\/hcd.malargue.gov.ar\/index.php?rest_route=%2Fwp%2Fv2%2Fcomments&post=37191"}],"version-history":[{"count":4,"href":"https:\/\/hcd.malargue.gov.ar\/index.php?rest_route=\/wp\/v2\/posts\/37191\/revisions"}],"predecessor-version":[{"id":37217,"href":"https:\/\/hcd.malargue.gov.ar\/index.php?rest_route=\/wp\/v2\/posts\/37191\/revisions\/37217"}],"wp:featuredmedia":[{"embeddable":true,"href":"https:\/\/hcd.malargue.gov.ar\/index.php?rest_route=\/wp\/v2\/media\/37192"}],"wp:attachment":[{"href":"https:\/\/hcd.malargue.gov.ar\/index.php?rest_route=%2Fwp%2Fv2%2Fmedia&parent=37191"}],"wp:term":[{"taxonomy":"category","embeddable":true,"href":"https:\/\/hcd.malargue.gov.ar\/index.php?rest_route=%2Fwp%2Fv2%2Fcategories&post=37191"},{"taxonomy":"post_tag","embeddable":true,"href":"https:\/\/hcd.malargue.gov.ar\/index.php?rest_route=%2Fwp%2Fv2%2Ftags&post=37191"}],"curies":[{"name":"wp","href":"https:\/\/api.w.org\/{rel}","templated":true}]}}