{"id":37200,"date":"2024-07-17T12:56:53","date_gmt":"2024-07-17T15:56:53","guid":{"rendered":"https:\/\/hcd.malargue.gov.ar\/?p=37200"},"modified":"2024-07-22T09:52:25","modified_gmt":"2024-07-22T12:52:25","slug":"acta-16-sesion-ordinaria-n-1-164-o-2-024","status":"publish","type":"post","link":"https:\/\/hcd.malargue.gov.ar\/?p=37200","title":{"rendered":"ACTA\u00a0 16\u00b0 SESI\u00d3N\u00a0ORDINARIA\u00a0 N\u00b0 1.164 -\u201cO\u201d-4\/07\/2.024"},"content":{"rendered":"<div class=\"wp-block-image\">\n<figure class=\"alignright size-full is-resized\"><a href=\"http:\/\/hcd.malargue.gov.ar\/2024\/16%20BANCA%20DEL%20CIUDADANO%20SR.%20ARMANDO%20ESCOBAR.pdf\"><img loading=\"lazy\" decoding=\"async\" width=\"512\" height=\"512\" src=\"https:\/\/hcd.malargue.gov.ar\/wp-content\/uploads\/2018\/06\/PDF-JPG.jpg\" alt=\"\" class=\"wp-image-7950\" style=\"width:128px;height:auto\" srcset=\"https:\/\/hcd.malargue.gov.ar\/wp-content\/uploads\/2018\/06\/PDF-JPG.jpg 512w, https:\/\/hcd.malargue.gov.ar\/wp-content\/uploads\/2018\/06\/PDF-JPG-150x150.jpg 150w, https:\/\/hcd.malargue.gov.ar\/wp-content\/uploads\/2018\/06\/PDF-JPG-300x300.jpg 300w\" sizes=\"auto, (max-width: 512px) 100vw, 512px\" \/><\/a><\/figure>\n<\/div>\n\n\n<p><strong>BANCA DEL CIUDADANO<\/strong> <\/p>\n\n\n\n<p class=\"has-small-font-size\"><em><strong>Sr.\u00a0\u00a0 ARMANDO ESCOBAR por\u00a0 Comisi\u00f3n Rotary Club Malarg\u00fce<\/strong><\/em> <\/p>\n\n\n\n<p class=\"has-small-font-size\"><em><strong>Tema:\u00a0 Inquietudes inherentes al mes de la Paz.<\/strong><\/em><\/p>\n\n\n\n<p>La Concejal Viviana Mosca Vicepresidente 1\u00b0 a cargo de Presidencia, del Honorable Concejo Deliberante da inicio al espacio concedido a la Banca del Ciudadano. En &nbsp;el d\u00eda de la fecha &nbsp;jueves 4 de julio del 2024, tenemos banca del ciudadano, un gusto que est\u00e9 Don Armando Escobar y que est\u00e9 Cristian Pietkiewicz as\u00ed que bueno, ustedes har\u00e1n uso de la palabra, &nbsp;un gusto que est\u00e9n aqu\u00ed&nbsp; ocupando la Banca del Ciudadano.<\/p>\n\n\n\n<p>El Sr. Armando Escobar expresa: Muchas gracias a todos, el motivo de nuestra presencia hoy, venimos en el caso m\u00edo, en representaci\u00f3n del Rotary Club Malarg\u00fce y Cristian tambi\u00e9n es parte de esta Instituci\u00f3n. Venimos con la inquietud de presentar nuevamente o en segunda oportunidad, la propuesta del Encuentro Nacional de Escultores, que ya se realiz\u00f3 la primera edici\u00f3n. Y cuyo objetivo es que cada dos a\u00f1os se vayan realizando este tipo de Encuentros, por supuesto, con la idea de que vayamos analizando todo lo que hemos podido vivir, con la intenci\u00f3n de mejorarlo cada d\u00eda, que se pueda y fundamentalmente, con el hecho de que desde que naci\u00f3 esto, era la idea que fuese una propuesta participativa y nos referimos a participativa, en cuanto a que pueda participar la comunidad en general, principalmente los distintos organismos p\u00fablicos, privados, el colectivo de artistas en este caso empezamos por los artistas pl\u00e1sticos, pero tambi\u00e9n es la idea de ir sumando,&nbsp; otras expresiones, todo esto en el marco del D\u00eda Internacional de la Paz que se conmemora el d\u00eda 21 de septiembre, a los cuales, se le suman otras conmemoraciones y festejos como el D\u00eda de la Sanidad, del Artista Pl\u00e1stico, del Fot\u00f3grafo. Bueno son varias las organizaciones o actividades que tienen este d\u00eda como referente para expresar su actividad, as\u00ed que bueno la idea es como les dec\u00eda que todo esto que proponemos, sea lo m\u00e1s participativo posible, porque cu\u00e1l es el objetivo principal que la comunidad lo sienta propio, o sea, porque cuando hablamos de este tipo de trabajos todos nos tenemos que convertir despu\u00e9s en custodios y cuidadores de estas expresiones art\u00edsticas que quedan plasmadas en estas obras. As\u00edque bueno, un poquito es el hecho de ponernos tambi\u00e9n a disposici\u00f3n del Concejo, para trabajar en conjunto en los d\u00edas posteriores para evaluar, lo que se hizo y hacerles llegar algunas inquietudes que tenemos nosotros respecto a este, a este Segundo Encuentro, fundamentalmente es uno de los puntos que tenemos, es la autorizaci\u00f3n para el emplazamiento de las obras culturales, de esculturas en nuestra Ciudad. Necesitamos por ah\u00ed, &nbsp;ponernos de acuerdo o sea, porque si estamos hablando de que sea participativo, poder escuchar la opini\u00f3n de todos los interesados y que est\u00e9 dentro de, o respetando la parte urban\u00edstica. O sea que sea algo realmente consensuado y que se tengan en cuenta todas las condiciones que haya que tener. El otro punto, que tenemos bueno, es una declaraci\u00f3n de inter\u00e9s departamental a este Segundo Encuentro ya tenemos los antecedentes del primero, lo cual nos dar\u00e1 el valor a un posterior punto tambi\u00e9n que tenemos que es la eximisi\u00f3n de tasas municipales y en cierta forma a quienes &nbsp;apadrinen a los artistas pl\u00e1sticos participantes del Encuentro. Como todos podemos saber, todo tipo, de esto requiere un gasto que es importante, los artistas que participan tienen un cach\u00e9, tambi\u00e9n hay que alojarlos durante un determinado tiempo, como m\u00ednimo 10 d\u00edas, que es lo que se propone en este tipo de Encuentro, entonces la propuesta fue, que a trav\u00e9s de, del respaldo de una Ordenanza que es la idea que sea a trav\u00e9s de Ordenanza, el Primer Encuentro, dado los tiempos, sali\u00f3 por un Decreto y por ah\u00ed perdemos ese primer objetivo, que es que seamos participe &nbsp;todos los integrantes de la comunidad, entonces trabajar en esa, en esa posibilidad de sacar esa&nbsp; Ordenanza que permita a quienes apadrinen este tipo de actividades puedan tener esa retribuci\u00f3n en su haber, por el pago de impuestos. As\u00ed que bueno, eso es un poquito m\u00e1s o menos en grandes l\u00edneas, lo que proponemos y fundamentalmente ponernos a disposici\u00f3n y en la parte t\u00e9cnica de este Encuentro y de esta propuesta l e cedo la&nbsp; palabra a Cristian, que es un reconocido escultor y artista pl\u00e1stico de nuestro Departamento, para que \u00e9l m\u00e1s o menos, &nbsp;exprese los objetivos y esta parte t\u00e9cnica, as\u00ed lo escuchamos y podemos tener conocimiento desde su experiencia.<\/p>\n\n\n\n<p>El Sr. Cristian Pietkiewicz expresa:&nbsp; Hola, buenos d\u00edas a todos. Bueno, muchas gracias por &nbsp;estos minutos, creo que ac\u00e1 lo importante es trabajar en gesti\u00f3n cultural y esto vendr\u00eda a ser el Segundo Encuentro, por redoblar la apuesta, para que este encuentro de escultores sea para todos los Malarg\u00fcinos.&nbsp; Bueno, de qu\u00e9 manera en el Primer Encuentro de Escultores, que fue digamos mucho m\u00e1s r\u00e1pido y quiz\u00e1s con menos tiempo de programaci\u00f3n, lo que queremos es incluir a todos los ciudadanos en el hacer de las esculturas. A qu\u00e9 me refiero con el hacer de las esculturas, en principio, el hacer de las esculturas implica una cuesti\u00f3n econ\u00f3mica y se hizo en la gesti\u00f3n anterior, sali\u00f3 desde todos los privados de Malarg\u00fce, qu\u00e9 es lo que notamos, que hay una necesidad de cambiar el aspecto urban\u00edstico de Malarg\u00fce y eso venimos trabajando hace m\u00e1s de tres a\u00f1os, con propuestas, por otro lado cada maestro que viene, queremos aprovechar los mangos, son personas que tienen 20 o 30 a\u00f1os de experiencia en tallado en piedra y si bien Malarg\u00fce, es un lugar donde la miner\u00eda vendr\u00eda a ser un elemento fundamental, vivo hace 16 a\u00f1os y realmente veo que la miner\u00eda no es un elemento fundamental. El puntapi\u00e9 inicial para que la miner\u00eda empiece a ser un elemento universal, eh? Doy a cuenta un suceso, que me ocurri\u00f3 a m\u00ed, un cliente, me pidi\u00f3 un gran trabajo en piedra y estuve un a\u00f1o, para no poder obtener una piedra de trabajo, o sea lo que entiendes, lo siguiente esta es una oportunidad para que la miner\u00eda social empiece a desarrollarse, que veo con miner\u00eda social, por un lado, cuando me mude la esperanza y la visi\u00f3n de que exist\u00eda un taller de lapidaci\u00f3n donde todos pod\u00edan aprender un oficio y se habla mucho de oficios y de tener trabajo, pero la realidad es que ese taller no existe, desapareci\u00f3, nuevamente que hay una decepci\u00f3n de que esto es una mentira. Entonces creo que este es el puntapi\u00e9 inicial, para qu\u00e9, para que ese taller, vuelva a estar en vela, pueda funcionar y pueda generar conocimiento, para que las personas tengan un oficio. Malarg\u00fce desde la extracci\u00f3n de piedra, no tiene una identidad artesanal. Simple me lo dijo mi madre. Voy a cualquier negocio y compro lo que hay en Salta, compro lo que hay en San Luis, compro lo que hay en Buenos Aires, de qu\u00e9 habla el Encuentro de Escultores, de crear una identidad de Malarg\u00fce, una identidad artesanal, &nbsp;aprovechar estos grandes maestros, que vienen durante 10 d\u00edas, c\u00f3mo lo vamos a aprovechar?&#8230; trabajando con Centro de Estudiantes, capacitando alumnos, d\u00e1ndole las herramientas necesarias para que ellos puedan ser parte. Ser parte tambi\u00e9n viene despu\u00e9s del d\u00eda del emplazamiento, de apadrinar, de saber lo que es una obra de arte, Malarg\u00fce, puede empezar a distinguirse como un lugar de trabajo en Artes en Piedra, tenemos todas las herramientas necesarias, tenemos piedras de las mejores calidades, he recorrido muchas partes del pa\u00eds y del mundo, con un pedazo de piedra yeso de Malarg\u00fce y la calidad para el trabajo artesanal que tiene, ustedes no tienen idea, yo una o dos veces por a\u00f1o env\u00edo a la Facultad piedras de Malarg\u00fce, para que trabajen en los talleres. Creo que s\u00ed, somos un gigante dormido, pero por alg\u00fan motivo no queremos despertarnos. Creo que esto es la oportunidad por segunda vez, de empezar a trabajar sobre la miner\u00eda social y no lo hablo sin conocimiento. Lo hablo desde el conocimiento de estar toda la vida trabajando con estos materiales, de tener ejemplos que se han dado en distintas partes del mundo, que se han desarrollado talleres donde sacan persona desde problemas de drogas, problemas de falta de trabajo, eso es el Encuentro de Escultores, no es el simple hecho de que 10 personas est\u00e9n trabajando al aire libre para mostrar que pueden hacer con una piedra y desde su ego dejar un elemento, est\u00e1n dejando mucho m\u00e1s y quiero que los aprovechemos, que desde el Concejo Deliberante tambi\u00e9n sepan c\u00f3mo apoyar y gestionar, para que esto salga adelante. Con Diana Blajevich y con Maximiliano los dos Arquitectos venimos proyectando un Malarg\u00fce, mucho m\u00e1s urban\u00edstico y que sea para todos, a qu\u00e9 me refiero con esto que inclusive los comerciantes cuando fuimos a la C\u00e1mara de Comercio, nos dijeron que a Malarg\u00fce le falta vida en su centro, cuando le pregunt\u00e9 qu\u00e9 quieren, queremos un Malarg\u00fce parecido a San Mart\u00edn de los Andes. Perfecto, hag\u00e1moslo con los elementos que tenemos, nosotros no tenemos madera como tiene San Mart\u00edn de los Andes, pero tenemos Piedra de las mejores calidades, de los mejores colores, de las mejores texturas, est\u00e1n en un radio de no m\u00e1s de 20 kil\u00f3metros, el proceso extractivo ser\u00eda mucho m\u00e1s simple, por eso en un punto tambi\u00e9n pedimos poder tener esas piedras a disposici\u00f3n sin tener los inconvenientes legales que tuvimos en el Primer Encuentro de Escultores, donde todos se quer\u00edan hacer cargo de que esa piedra era de ellos y cuando la piedra es de todos.&nbsp; Esto es m\u00e1s o menos, el peque\u00f1o resumen de lo que vendr\u00eda a ser esto. Se empieza todo el mes de septiembre con charlas, con debates con talleres con muestras, con exposiciones, est\u00e1 abierto a toda la comunidad. Ha pasado en el Primer Encuentro, que han venido ni\u00f1os a trabajar por el simple hecho de ver que era, de agarrar un cincel, un martillo y martillar. Quiz\u00e1s es dif\u00edcil explicar la pasi\u00f3n que uno tiene en el momento de poder realizar este tipo de cosas. Y a veces uno queda distante de todo el resto, porque yo camino por Malarg\u00fce y veo piedra, miro la monta\u00f1a veo piedras, me mud\u00e9 porque hay piedras en Malarg\u00fce. Entienden, &nbsp;la primera vez que llegu\u00e9 a&nbsp; Malarg\u00fce de turista, me aloj\u00e9 en Castillos de Pincheira y ve\u00eda, &nbsp;a los camiones se le ca\u00edan piedras de yeso. Entendemos cuando esa piedra, val\u00eda 2.000 o 3.000 pesos en un bloquecito en Buenos Aires, en Malarg\u00fce se ca\u00eda, o sea que el costo que tenemos para arrancar una Escuela Artesanal es cero en materiales cero.&nbsp; Si quieren hacer alguna pregunta puedo estar 10 d\u00edas hablando.<\/p>\n\n\n\n<p>Seguidamente la Concejal Gonz\u00e1lez en uso de la palabra manifiesta:&nbsp; Bueno, yo quer\u00eda apoyar tu postura, porque yo soy nacida&nbsp; aca en Malarg\u00fce, y &nbsp;amo lo que es todo lo que son las rocas, piedras y tambi\u00e9n conocemos todas las cantidad de cosas que hay para hacer y que como vos dec\u00eds, no hay apoyo tampoco de ning\u00fan lado.&nbsp;&nbsp; A\u00f1os, que gente, productores mineros que puedo nombrar a uno que es Don Carlos P\u00e9rez, que viene trabajando a\u00f1ares, &nbsp;a\u00f1ares &nbsp;y a\u00f1ares y siempre le ponen palos en la rueda y no puede avanzar porque no hay una, en realidad. nosotros tambi\u00e9n los Concejales tenemos que trabajar, por hacer una Ordenanza, o algo para que esos productores no se pierdan en el tiempo, porque est\u00e1n cansados, porque se han tra\u00eddo un mont\u00f3n de talleres de lapidaci\u00f3n, como decir, de corte y pulido, proyectos que se trajo en la \u00e9poca que estaba Don Jorge D\u00b4Angelis&nbsp; en la incubadora para hacer todo &nbsp;lo que era de joyer\u00eda, ornamentales y cosas y todo queda en la nada y da mucha tristeza que no te dejen trabajar, que no te dejen avanzar. A m\u00ed me ha pasado, te digo me emociono, porque llevo mucho, yo trabaj\u00e9 32 a\u00f1os en la Escuela T\u00e9cnica y 32 a\u00f1os luchando para que se haga algo, como se hace, vos sal\u00eds a todo el pa\u00eds y ten\u00e9s rocas o piedras que son del Departamento de Malarg\u00fce, entonces te duele que ac\u00e1 no lo podamos hacer y trabajar como se debe. Yo tuve la oportunidad de ir a Brasil, a donde hac\u00edan todo, de joyer\u00eda y me qued\u00e9 asombrada la joyer\u00eda inmensa que ten\u00edan en el R\u00edo de Janeiro, con unas pocas piedras, que no tienen lo que tenemos nosotros, entonces pedirle al Ejecutivo y a la Provincia que ahora depende casi todo de la Provincia, que nos dejen trabajar, que dejen que salgan buenos artesanos de nuestro Departamento, porque hay mucha gente que tiene conocimiento y no se avanza y no se avanza en la miner\u00eda, no se avanza con las canteras. Tenemos una &nbsp;de los yesos mejores del pa\u00eds, con un 99% de pureza, tenemos las mejores calizas, tenemos las mejores, lo que la Escuelita de Cer\u00e1mica, que tambi\u00e9n le faltan elementos y siempre se le est\u00e1n poniendo palos en la rueda, por las canteras, por la autorizaci\u00f3n. Entonces creo que realmente tambi\u00e9n los artesanos, los invitamos a los chicos y a todo el pueblo de Malarg\u00fce que nosotros tenemos que luchar, por lo que vos est\u00e1s pidiendo, porque es un trabajo que es para todos y hay un mont\u00f3n de oficios y si se ha cerrado &nbsp;la escuela ahora, o sea, el lugar donde se hac\u00eda la lapidaci\u00f3n de corte y pulido y todo y hay mucho, mucho trabajo por hacer con esto y mostrarnos al mundo, yo ahora yo habl\u00e9, cuando reci\u00e9n entr\u00e9, para hacer un mapa minero, pero esto de roca y de lo que tenemos, todos los minerales que contamos en nuestro Departamento y es como siempre se dice, hablamos de un gigante dormido. Ten\u00edamos en la Escuela que fue el que escribio un libro la Se\u00f1ora Estela Videla&nbsp; de Olivera que fue la Directora, que empez\u00f3 a escribir sobre esto y &nbsp;no se despierta, pero tampoco los Malarg\u00fcinos hacen que se despierte, este gigante que tenemos en nuestro Departamento<\/p>\n\n\n\n<p>Cristian agrega, si yo a veces digo, que prefiero que seamos peque\u00f1os funcionando y no un gigante dormido, de esto habla la lapidaci\u00f3n social, de ese trabajo hormiga que puede haber much\u00edsimas familias que dependen y quiz\u00e1s no esperar que venga &nbsp;una gran minera a trabajar. En la espera el trabajo apremia, en la espera, la gente la pasa mal y bueno, esto es un poco. Esto es &nbsp;a la vez de empezar a mostrar a Malarg\u00fce, desde otro punto de vista, desde el punto de vista art\u00edstico, creo que, que es el puntapi\u00e9 inicial, por supuesto necesitamos de la ayuda de todos ustedes, del Concejo Deliberante, el comerciante dentro de su espacio, el docente, o sea creo que por una vez, esto es una apuesta a trabajar en comunidad. En el Primer Encuentro de Escultura, nos ha sucedido que primero la gente ve\u00eda de manera rara, que hac\u00edan seis locos con amoladoras y a medida que pasaban los d\u00edas la gente se fue sumando a ese espacio, el d\u00eda 5 tra\u00edan tortitas, caramelos, mates. Realmente existi\u00f3 esa necesidad de que un espacio sea creado en Malarg\u00fce, porque es f\u00e1cil a veces comprar una obra e implantarla en un espacio, pero qu\u00e9 sucede, pierde ese sentido de pertenencia, hoy voy y las esculturas est\u00e1n perfectas, en donde yo he puesto obras compradas, a los meses, la escultura est\u00e1 grafiteada porque no tiene ese sentido de pertenencia. Entonces si desde nuestro lugar de ciudadanos, empezamos a darle sentido de pertenencia, a todo lo que venimos hablando durante a\u00f1os, la cosa realmente empieza a cambiar, desde un granito de arena, no estoy hablando de un gran salto gigante.<\/p>\n\n\n\n<p>El Concejal Palma en uso de la palabra: Se\u00f1ora Presidenta, buenos d\u00edas, much\u00edsimas gracias por hacer uso de esta herramienta, que es la Banca del Ciudadano, Armando, Cristian bueno, yo tengo algunas consultas respecto a la parte legislativa que deber\u00edamos nosotros realizar en funci\u00f3n del pedido, no?&nbsp; Ustedes, han visto alg\u00fan tipo de emplazamiento, hablo por los espacios p\u00fablicos, si es que han visto alguno, en alg\u00fan sector determinado del Departamento Malarg\u00fce, por lo que veo tiene cantidad de espacios para poder ser emplazadas obras y siempre pensando en futuro espacio nos sobrar\u00edan el tema es entre nosotros decidir cu\u00e1l es el espacio que ser\u00eda el ideal para poder mostrar estas obras, siempre pensando que en dos a\u00f1os se puede llegar a ser y llegar el d\u00eda de ma\u00f1ana a tener una Ciudad con obras en piedra, que ser\u00eda \u00fanico y caracter\u00edstico de Argentina por eso no? nombramos que hay algunos profesionales locales que trabajan con urbanismo, entonces que sean parte de ellos y en general ya hemos hecho algunos avances, en peque\u00f1os o grandes talleres donde podamos ponernos de acuerdo, en cu\u00e1les son los lugares que m\u00e1s la comunidad cree que pueden ser visibles seguramente vamos a tener que tener en cuenta el consejo o el asesoramiento de los profesionales, que ellos nos van a decir a d\u00f3nde, tal vez a d\u00f3nde queda m\u00e1s o como es la mejor forma para exponerlo, si en conjunto, no muy distanciados. Bueno, todo ese tipo de cosas, pero esa es la propuesta generar el hecho de espacios donde nos podamos poner de acuerdo para el emplazamiento de este tipo, si es un tema muy muy muy interesante porque la miner\u00eda no tan solo refiere a los metal\u00edferos sino que existen otro tipo de miner\u00eda que que tambi\u00e9n se desarrollan. Bueno vuelvo lo nombraste en varios lugares del pa\u00eds se desarrollan y creo que nosotros por ah\u00ed tendr\u00edamos la materia prima para hacerlo hay que profundizar sobre este tema creo que es conveniente abordarlo desde la Comisi\u00f3n de EHMASyC y posteriormente por una cuesti\u00f3n de legislaci\u00f3n para, para los emplazamientos y dem\u00e1s cuestiones, tiene que pasar por Hacienda, pero s\u00ed me gustar\u00eda nombrar que este Concejo viene observando esta situaci\u00f3n, hemos pedido ya, el catastro minero municipal, el registro para poder este, evitar este tipo de tr\u00e1mites dentro de la jurisdicciones que son propias del Municipio, entonces para poder acompa\u00f1ar el desarrollo lo dec\u00eda reci\u00e9n la Concejal Gonz\u00e1lez que las canteras de arcilla, las canteras de yeso que son municipales. Bueno, hay,&nbsp; hay mucho no gubernamental, perd\u00f3n, que que pueden dar mucho, mucha vida al trabajo en el Departamento y no se necesita que sea a gran escala, Se\u00f1ora Presidenta muchas gracias por el uso de la palabra. Si no hay ning\u00fan inconveniente en que pase por las dos comisiones primero para abordar la parte del desarrollo del proyecto y posteriormente la parte econ\u00f3mica gracias.<\/p>\n\n\n\n<p>A continuaci\u00f3n la Concejal Camiolo, expresa:&nbsp; Gracias, Se\u00f1ora,&nbsp; Presidenta y obviamente a los invitados agradecerles por traer esta esta propuesta y contar con nosotros.&nbsp; Sepan que desde ya con la declaraci\u00f3n de inter\u00e9s, vamos a comenzar a trabajar, pero tambi\u00e9n han dado ideas que se pueden trabajar por la v\u00eda de la Ordenanza, es llamativo lo que ustedes manifiestan pero es cierto que los turistas nos refieren muchas veces, que falta la identidad cultural de las artesan\u00edas y no es que falten artesanos en el Departamento, entonces evidentemente algo estamos haciendo mal, de no dejar en los circuitos comerciales legales a muestras artesanales cuando s\u00ed est\u00e1n nuestros artesanos, perd\u00f3n, cuando s\u00ed est\u00e1n trabajando entonces, por ah\u00ed creo que por la v\u00eda de la Ordenanza, pero principalmente por la via de la decisi\u00f3n pol\u00edtica, es que tenemos que trabajar miner\u00eda social. Bueno, creo que te conoc\u00ed Cristian por eso, por ese concepto realmente se puede realizar, se puede llevar a cabo y es cierto que para los gobiernos y en \u00e9poca de campa\u00f1a es mucho m\u00e1s f\u00e1cil hablar de megaproyectos, de miles de puestos de trabajo y cuando tenemos puestos de trabajo aqu\u00ed y ahora y ya en el futuro pr\u00f3ximo, esto se, se diluye espero de verdad contar con el Ejecutivo, si ustedes ven la Orden del D\u00eda de hoy, incluso viene vetado el proyecto en el que hab\u00edamos como Concejales decidido que la Escuela de Ceramologia, por ejemplo, tuviera una reglamentaci\u00f3n, una regulaci\u00f3n y un empuje, porque la idea es que las cosas no queden en esta gesti\u00f3n o en una gesti\u00f3n, sino que los proyectos sociales trasciendan, a los partidos pol\u00edticos y lamentablemente viene el proyecto vetado. Espero que no pase lo mismo, para lo cual vuelvo a llamar a la reflexi\u00f3n al Ejecutivo y a decirles que tienen que asistir al Concejo cuando son convocados. Una situaci\u00f3n de repetici\u00f3n, eh? Y usted sabe se\u00f1ora Presidenta, que se los invita y no asisten, que despu\u00e9s te aparece un proyecto vetado, a\u00fan teniendo despacho favorables de ellos mismos, entonces es una situaci\u00f3n de mucha molestia y espero que ahora viniendo ustedes al uso de la Banca del Ciudadano y a esto, hacerse p\u00fablico se comprometan realmente, porque este Concejo va a estar comprometido y los vamos a ayudar en todo lo que est\u00e9 en nuestro alcance, falta por parte de ellos, que obviamente habilitan el espacio p\u00fablico para que se pueda llevar adelante.&nbsp; Siempre decimos, que la obra p\u00fablica m\u00e1s bonita de los \u00faltimos tiempos, es la de los escultores y coincido con eso y mi llamado y mi intervenci\u00f3n en este punto es que cuando se han convocados los ciudadanos que creo que no va a estar con una sola, en solo Encuentro tambi\u00e9n se convoque al Ejecutivo y se haga extensivo a los arquitectos &nbsp;urbanistas que, que s\u00e9, que est\u00e1n trabajando de manera comprometida.&nbsp; En alg\u00fan punto pens\u00e9 sugerir la comisi\u00f3n &nbsp;de obra p\u00fablica, dado a que tambi\u00e9n implica un trabajo en ese aspecto, pero creo que con la de EHMASyC &nbsp;podemos llegar a ampliar la convocatoria incluso a los concejales.<\/p>\n\n\n\n<p>A continuaci\u00f3n el Concejal Cabrera expresa:&nbsp;&nbsp; Bueno, muchas gracias por&nbsp; venir a la Banca del Ciudadano, la verdad que digamos el concepto miner\u00eda social, abarca, much\u00edsimas cuestiones y que nosotros por ah\u00ed, lo vemos lejano, pero es porque entiendo, que nos falta juntarnos y empezar a trabajar como un engranaje, justamente s\u00edmbolo del Rotary no?, entonces por ah\u00ed desde bloque y bueno, desde tambi\u00e9n trabajando como ciudadano, porque por ah\u00ed tengo algunos conocimientos en la en materia de legislaci\u00f3n, o c\u00f3mo se trabaja la cuesti\u00f3n minera, me pongo a disposici\u00f3n para darles una mano y bueno tratar de legalizar esta cuesti\u00f3n de en primer lugar, lo que se quiere hacer el trabajo que se quiera hacer con las esculturas, para bueno ver, c\u00f3mo podemos trabajar en conjunto con la, con la autoridad competente y en segundo lugar ver c\u00f3mo podemos ir armando cuestiones que ya queden en lo legal, con esto de la miner\u00eda social, la verdad que much\u00edsimas gracias por venir y nos ponemos a disposici\u00f3n para, para trabajar. Muchas gracias.<\/p>\n\n\n\n<p>La Presidente a cargo,&nbsp; Muchas, muchas gracias, la propuesta es una gran propuesta tanto para&nbsp; lo social, como para lo art\u00edstico, pero creo que una de la mayor importancia es la identidad de Malarg\u00fce. Creo que bueno, nosotros en la comisi\u00f3n de EHMASyC, &nbsp;la verdad que se va a trabajar seguramente, se va a convocar y bueno, la verdad que un gusto.<\/p>\n\n\n\n<p>El Concejal Parada expresa: Buenos d\u00edas a todos. No, yo b\u00e1sicamente es agradecerles y&nbsp; felicitarlos por seguir poniendo el tema de la cultura en agenda, no alguien dijo que la humanidad se salva por la cultura. Armando lo conozco hace mucho tiempo, poniendo siempre en hincapi\u00e9 en el tema de la riqueza cultural que tiene Malarg\u00fce, no? los famosos talleres artesanales en el campo, no, nuestras artesan\u00edas rurales, cu\u00e1nto hay y tambi\u00e9n este otro aspecto, que tiene que ver con la escultura y dem\u00e1s, s\u00ed es much\u00edsimo entonces, agradecerle en primer lugar porque sinceramente pusieron la artesan\u00eda, la cultura, los artistas en la v\u00eda p\u00fablica y como dec\u00eda la concejal, Camiolo tambi\u00e9n, quiz\u00e1s no quiere decir la \u00fanica, pero la hermosa obra de los \u00faltimos tiempos, que est\u00e1 all\u00ed, adornando nuestro ingreso. Agradecerles eso y ponernos a disposici\u00f3n con las herramientas que tenemos aqu\u00ed del Concejo, pero sobre todo esto que va m\u00e1s all\u00e1 de la miner\u00eda social y m\u00e1s all\u00e1 de, de las esculturas concretamente va, tiene que ver con la cultura en un sentido profundo del t\u00e9rmino, no? As\u00edque gracias por trabajar en ese sentido y la disposici\u00f3n tambi\u00e9n.<\/p>\n\n\n\n<p>Escobar manifiesta: Bueno desde nuestra parte tambi\u00e9n el mayor de los agradecimientos por los minutos que &nbsp;nos han prestado y nuevamente reiterarle estamos a disposici\u00f3n para trabajar nos encantar\u00eda poder ser parte de ese debate.<\/p>\n\n\n\n<p>EL TEMA PASA A E.H.M.A.SyC Y POSTERIORMENTE H.P.L.A.C.<\/p>\n\n\n\n<p class=\"has-text-align-center has-medium-font-size\"><strong>ACTA&nbsp; SESI\u00d3N&nbsp; ORDINARIA&nbsp; N\u00b0 1.164 -\u201cO\u201d-2.024<\/strong><\/p>\n\n\n<div class=\"wp-block-image\">\n<figure class=\"alignright size-full is-resized\"><a href=\"http:\/\/hcd.malargue.gov.ar\/2024\/16%20ACTA%20SESION%20ORDINARIA%20N%201164%204%2007%202024.pdf\"><img loading=\"lazy\" decoding=\"async\" width=\"512\" height=\"512\" src=\"https:\/\/hcd.malargue.gov.ar\/wp-content\/uploads\/2018\/06\/PDF-JPG.jpg\" alt=\"\" class=\"wp-image-7950\" style=\"width:122px;height:auto\" srcset=\"https:\/\/hcd.malargue.gov.ar\/wp-content\/uploads\/2018\/06\/PDF-JPG.jpg 512w, https:\/\/hcd.malargue.gov.ar\/wp-content\/uploads\/2018\/06\/PDF-JPG-150x150.jpg 150w, https:\/\/hcd.malargue.gov.ar\/wp-content\/uploads\/2018\/06\/PDF-JPG-300x300.jpg 300w\" sizes=\"auto, (max-width: 512px) 100vw, 512px\" \/><\/a><\/figure>\n<\/div>\n\n\n<p>En Malarg\u00fce Mendoza a cuatro&nbsp; d\u00edas de julio&nbsp; de 2.024, cuando es la hora&nbsp; 09:35,&nbsp; se re\u00fane el Honorable Concejo Deliberante de la Municipalidad de Malarg\u00fce para celebrar la Sesi\u00f3n Ordinaria del d\u00eda de la fecha.\/ Bajo la&nbsp;&nbsp; Presidencia de la Vicepresidente 1\u00b0 Da. Viviana MOSCA &nbsp;y la presencia de los Se\u00f1ores&nbsp; Concejales&nbsp; Pablo Villarruel, Elizabeth Gonz\u00e1lez, Mart\u00edn Palma,&nbsp; Francisco Parada, Silvina Camiolo, Emilce Mansilla, Magali&nbsp; Acosta y Pablo Cabrera.\/ Se firma del Libro de asistencia donde consta la ausencia del Concejal Rodrigo Hidalgo con nota.\/\/&nbsp;&nbsp; a) Para dar comienzo al desarrollo del Orden del d\u00eda&nbsp; se invita a la Sra. Concejal&nbsp; Silvina Camiolo &nbsp;a izar la Ense\u00f1a Patria.\/\/ b) Homenaje de los Se\u00f1ores Concejales.\/ No hay solicitudes. \/\/ c) Consideraci\u00f3n Acta Sesi\u00f3n Ordinaria N\u00b0 1.163 \u201cO\u201d 2.024.\/ PRESIDENCIA pone a consideraci\u00f3n y es APROBADA.\/\/ d) Lectura del detalle de la correspondencia recibida y emitida.\/ Notas Recibidas: 1. Sra. Gladis V\u00e1zquez, domiciliada en El Chihuido Puesto Vega Mirana, solicita Banca del Ciudadano a fin de plantear problem\u00e1tica de crianceros con la Polic\u00eda Rural.\/ Por Secretaria.\/ 2.Vecinos, docentes, personal de salud y medios de transporte de Paraje El Cortaderal, solicitan mantenimiento de rutas de acceso y la atenci\u00f3n de oficinas m\u00f3viles de ANSES, Registro Civil y Polic\u00eda de Mendoza en el lugar.\/ Pasa a O.P.T y R.N.\/&nbsp; 3.&nbsp; Director Pablo A. Forquera, Escuela N\u00b0 8-384 Carlos Rusconi del Paraje El Cortaderal, solicita donaci\u00f3n de dos astas para banderas de ceremonias de la Instituci\u00f3n.\/ Pasa a Secretaria de Desarrollo Humano.\/ &nbsp;4. Sr. Sebasti\u00e1n V\u00e1zquez, solicita&nbsp; Banca del Ciudadano a fin de exponer la problem\u00e1tica de matriz energ\u00e9tica sobre todo gas\u00edfera para el desarrollo y progreso del Departamento.\/ Pasa a Secretar\u00eda.\/ 5. Prof. Gustavo Caba\u00f1a Director de Educaci\u00f3n, eleva consideraciones respecto a Expte N\u00b0 5.409 HC 053 \u2013 2.024 Regulaci\u00f3n de la Carrera Municipal Docente, para conocimiento.\/&nbsp; La Concejal CAMIOLO en uso de la palabra solicita que la misma se adjunte al Expte N\u00b0 5.409 que obra en la Comisi\u00f3n de Hacienda.\/ Pasa a H.P.LA.C.\/ &nbsp;6. Cdor. Celso Alejandro Jaque, Intendente Municipal, eleva documentaci\u00f3n referida a donaci\u00f3n de 30 bicicletas por parte del Banco MACRO y su aceptaci\u00f3n mediante Decreto N\u00b0 375\/2.022, a los fines correspondientes.\/ Pasa a H.P.L.A.C.\/ &nbsp;7. Cdor. Celso Alejandro Jaque, Intendente Municipal, eleva respuesta a Resoluci\u00f3n N\u00b0 146\/2.024, solicitud de informe respecto a&nbsp; Universidad Maza Carrera de Educaci\u00f3n F\u00edsica, para conocimiento.\/ Pasa a H.P.L.A.C.\/ &nbsp;8. Concejales Elizabeth Gonz\u00e1lez, Silvina Camiolo y Mart\u00edn Palma, elevan copia de actuaciones ante el Honorable Tribunal de Cuentas y respuesta del mismo para conocimiento.\/ &nbsp;Pasa a H.P.L.A.C.\/ Solicita la palabra la Concejal CAMIOLO manifestando:&nbsp; Se\u00f1ora Presidente, quisi\u00e9ramos explicar que este, este ingreso est\u00e1 en funci\u00f3n de una solicitud que nos hiciera el Se\u00f1or Presidente del Concejo Deliberante, en funci\u00f3n de un pedido de opini\u00f3n que elevamos al Tribunal de Cuentas debido al pago de los impuestos municipales y a las recaudaciones entre los meses de enero a abril. Para contextualizar y no ser muy larga, este Concejo Deliberante, aprob\u00f3 la Ordenanza Tarifaria, el en el mes de abril y entendiendo que los impuestos por una cuesti\u00f3n de interpretaci\u00f3n de texto no pueden ser retroactivos. dejamos fijo que la Ordenanza, regia a partir del primero de abril de este a\u00f1o, sin embargo, se cobr\u00f3 de manera retroactiva de enero a marzo, marzo inclusive, con los nuevos importes. Por esta situaci\u00f3n se le solicit\u00f3 al mismo Director de Rentas que fuera revisada, porque estaba en pleno incumplimiento de la Ordenanza y nos expres\u00f3 que, que no iban hacer una revisi\u00f3n, que iban a continuar de esta manera y que cualquier cosa lo dejo que lo dirima la justicia, fuimos al Tribunal de Cuentas, que entend\u00edamos era el primer ente de control. Tribunal de Cuentas comunic\u00f3 al Presidente del Concejo que la formalidad era, pasando el Expediente por el Cuerpo y es lo que estamos haciendo en este acto, y sin embargo, ya tomaron la situaci\u00f3n en calidad de denuncia, ellos entienden, que estar\u00eda incumpli\u00e9ndose la Ordenanza. Tambi\u00e9n sugieren que vayamos a la Suprema Corte de Justicia, algo que realmente para nosotros ser\u00eda muy engorroso y volver a los peores momentos Institucionales de Malarg\u00fce, que quisi\u00e9ramos, no repetir. Esto tiene que ver con la soberbia, no digo de todos, pero s\u00ed de algunas personas, que est\u00e1n en lugares del Ejecutivo para los cuales, no han terminado, se llevaron la materia de trabajo en equipo y de humildad en la gesti\u00f3n p\u00fablica. No quisi\u00e9ramos ir a la Suprema Corte, pero nosotros por los ciudadanos si tenemos que hacerlo, lo vamos a hacer y no ser\u00eda la primera vez, as\u00ed que de pronto tampoco es que nos falte ejercicio al respecto el Tribunal de Cuentas ya a intervenido, ha tomado la solicitud de los Concejales como denuncia, pero por pedido del Se\u00f1or Presidente del Concejo, estamos haci\u00e9ndolo p\u00fablico para que todo el Cuerpo pueda leer.&nbsp; Es una, es un informe bastante largo, de varias hojas que pido que se trabaje en la Comisi\u00f3n de Hacienda para conocimiento de los Se\u00f1ores Concejales y no s\u00e9 si es necesaria su lectura\u2026 no, no es necesaria su lectura porque realmente es muy largo, pero s\u00ed queremos contextualizar que vaya a la Comisi\u00f3n de Hacienda y esperamos que tenga una resoluci\u00f3n favorable para los Malarg\u00fcinos porque pongamos el caso que la Suprema Corte dirima que estaban mal cobrados los impuestos, va a haber que devolverle a los vecinos que pagaron y lo cual entiendo puede llegar a ser un perjuicio para las arcas municipales, muchas gracias, Se\u00f1ora Presidenta.\/\/ Notas Emitidas: 1. Al&nbsp; Sr. Armando Escobar, por Comisi\u00f3n Rotary Club Malarg\u00fce, informando que podr\u00e1 hacer uso de la Banca del Ciudadano.\/\/ e) Determinaci\u00f3n de los temas que ser\u00e1n incluidos en el punto Asuntos Varios y puesta a consideraci\u00f3n de mociones de tratamientos sobre tablas de diversos expedientes.\/ Solicita la palabra el Concejal PARADA y expresa: Si, para solicitar el Tratamiento sobre Tablas del Expte N\u00b0 5.454 HC 066,&nbsp; Justificamos la urgencia de tratarlo hoy ya que la correspondiente charla, conferencia y talleres que se van a desarrollar, que, que tienen el t\u00edtulo El Rol de los Padres Hoy, se va a realizar el d\u00eda viernes 21, si mal no recuerdo la fecha y nosotros tenemos que el pr\u00f3ximo jueves no hay sesi\u00f3n, entonces estar\u00edamos llegando con su trabajo previo por comisiones en caso de que llegase al recinto, estar\u00edamos llegando un d\u00eda previo al evento, lo cual entiendo que es engorroso, sobre todo si hay que hacer diplomas y dem\u00e1s, lo cual ejerce un recargo sobre nuestros empleados aqu\u00ed en el Concejo ,el personal del Concejo as\u00ed que en relaci\u00f3n a eso, de los tiempos, es que pido el tratamiento sobre tablas si el Cuerpo as\u00ed lo cree conveniente.\/ PRESIDENCIA pone a consideraci\u00f3n la moci\u00f3n y es APROBADA por unanimidad tiene acordado el Tratamiento sobre Tablas.\/\/&nbsp; f) Proyecto de los Sres. Concejales.\/ 1. Expte N\u00b0 5.453&nbsp; HC 066 -2.024 Proyecto de Resoluci\u00f3n:&nbsp; Solicitud de intervenci\u00f3n a Legisladoras del IV Distrito sobre uso de ambulancia para traslado (INTERBLOQUE RECONSTRUYENDO MALARG\u00dcE \u2013 UNI\u00d3N MENDOCINA &#8211;&nbsp; PARTIDO JUSTICIALISTA ) Autores: Concejales Silvina Camiolo, Elizabeth Gonz\u00e1lez y Emilce Mansilla.\/ Solicita la palabra la Concejal CAMIOLO manifestando: Es tan escandaloso que me da verg\u00fcenza, dar detalles. Es tan escandaloso, que espero de verdad que la Provincia se ponga las pilas, en responder a los Malarg\u00fcinos y muchos no sabran que estuvimos horas sin ambulancia de guardia y sin enfermero de guardia, porque se traslad\u00f3 a una ciudadana de otro Departamento, hasta un Hotel privado en el vecino Departamento de San Rafael, con absoluta discrecionalidad de la funcionaria del Hospital Malarg\u00fce. Espero, no quiero dar m\u00e1s detalles, pues realmente siento que es un esc\u00e1ndalo, que lo trabajemos mejor en comisiones y que tome la relevancia medi\u00e1tica, cuando as\u00ed corresponda, pero realmente es muy grave, Se\u00f1ora Presidenta pido que &nbsp;se trate, perd\u00f3n en la comisi\u00f3n de H.P.L.A.C. y no necesito que se lea.\/&nbsp; PRESIDENCIA pone a consideraci\u00f3n la moci\u00f3n y es APROBADA (8 votos afirmativos).\/Pasa a H.P.L.A.C..\/\/ 2. Expte N\u00b0 5.454 HC 066 \u2013 2.024 Proyecto de Declaraci\u00f3n: Declarar de Inter\u00e9s Departamental, Social y Educativo la Conferencia \u201cEl rol de los padres hoy\u201d. (BLOQUE&nbsp; ENCUENTRO) Autor:&nbsp; Concejal Francisco Parada.\/ Tiene acordado Tratamiento sobre Tablas.\/ El Concejal PARADA solicita que el Cuerpo se constituya en Comisi\u00f3n cuando es la hora 09:54 retomando la sesi\u00f3n a la hora 10:05. Por Secretar\u00eda se procede a la lectura del despacho del Cuerpo en Comisi\u00f3n.\/ PRESIDENCIA pone a consideraci\u00f3n el despacho emitido y es APROBADO ( 8 votos afirmativos).\/ A continuaci\u00f3n solicita la palabra el Concejal PARADA quien manifiesta: Gracias, simplemente para agradecer a los Se\u00f1ores Concejales, bueno siempre ser padre es un desaf\u00edo, pero m\u00e1s a\u00fan en estos tiempos, con nuevas situaciones, nuevas complejidades que los padres deben enfrentar, entre otras cosas las Adicciones Digitales, la ludopat\u00eda digital, s\u00ed, cada vez, o cibern\u00e9tica, cada vez, con con ni\u00f1os de temprana edad. Bueno, distintos desaf\u00edos que &nbsp;hay que enfrentar hoy en este, en esta vocaci\u00f3n de ser padres, as\u00ed es, que en ese sentido va esta conferencia, por lo tanto agradezco nuevamente a los Concejales por haber acompa\u00f1ado a la declaraci\u00f3n de inter\u00e9s y por su tratamiento sobre tabla, muchas gracias, Se\u00f1ora Presidente.\/\/ 3. Expte N\u00b0 5.455 HC 067 \u2013 2.024&nbsp; Proyecto de Resoluci\u00f3n:&nbsp; Solicitar al Departamento Ejecutivo Municipal la colocaci\u00f3n de se\u00f1aletica en Atractivos Tur\u00edsticos de la Ciudad. ( BLOQUE ENCUENTRO)&nbsp; Autor: Concejal&nbsp; Francisco Parada.\/ Solicita la palabra el Concejal PARADA y expresa:&nbsp; Bueno, un Proyecto de Resoluci\u00f3n tiene que ver con, &nbsp;con esto de que por all\u00ed el recorrer nuestros distintos sitios tur\u00edsticos, incluso recorrer nuestras rutas, en las cuales hay ingreso a los sitios tur\u00edsticos, nunca tuvimos buena carteler\u00eda. Manifestaci\u00f3n que no la hago yo particularmente, sino todo un equipo de trabajo, sino incluso algunos amigos, que han venido de otra regi\u00f3n a visitar Malarg\u00fce y les llama &nbsp;poderosamente la atenci\u00f3n que no hay buena carteler\u00eda, invitando a conocer y profundizar nuestros sitios tur\u00edsticos. Entiendo que hoy, hay nuevas formas de publicitar, de promocionar, de dar a conocer nuestras bellezas tur\u00edsticas, pero tambi\u00e9n entendemos que muchos, muchos como yo seguimos siendo bastante, si se quiere tradicionales de un modo,&nbsp; en comunicarnos y dem\u00e1s o de acceder a este tipo de ofertas, as\u00ed que en ese sentido va el proyecto no pido que se lea, ni siquiera su articulado, solamente que pase a las comisiones de Obra P\u00fablica y posteriormente a la Comisi\u00f3n de Hacienda gracias.\/\/ PRESIDENCIA pone a consideraci\u00f3n la moci\u00f3n y es APROBADA. Pasa a O.P.T y R.N Y posteriormente a H.P.L.A.C.\/\/ 4. Expte N\u00b0 5.456 HC 067 \u2013 2.024 Proyecto de Ordenanza:&nbsp; Programa de Cr\u00e9ditos con perspectiva de arraigo, destinado a j\u00f3venes de la zona rural. (INTERBLOQUE ENCUENTRO \u2013 PARTIDO JUSTICIALISTA) Autores: Concejales Francisco Parada, Pablo Cabrera, Emilce Mansilla y Magali Acosta.\/ Solicita la palabra el Concejal PARADA quien manifiesta: Gracias, bueno en primer lugar antes de contarles el proyecto, porque tampoco voy a pedir lectura de ni siquiera de su articulado, es bastante largo, agradecer primero al equipo de Secretarios por el trabajo en este proyecto, han dedicado bastante tiempo, a los Concejales del Bloque Justicialista, por &nbsp;acompa\u00f1ar y sumar y hacer sus aportes. Bueno, no vamos a hablar aqu\u00ed pero por una cuesti\u00f3n de tiempo, de lo que ha significado hist\u00f3ricamente el arraigo, el desarraigo, perd\u00f3n, entendiendo en este caso como la migraci\u00f3n de la zona rural, a la zona urbana, sobre todo las nuevas generaciones, pero Malarg\u00fce ya desde la d\u00e9cada del 50, 60 empieza en las primeras si quiere corrientes migratorias del campo a la ciudad, ya cuando aparece y consolida el salario, el trabajo asalariado con la llegada a la miner\u00eda, ni hablar. Despu\u00e9s del tiempo del petr\u00f3leo y dem\u00e1s ya son varias d\u00e9cadas que Malarg\u00fce, viene sufriendo esta migraci\u00f3n y por lo tanto esta migraci\u00f3n interna y por lo tanto el desarrollo y el despoblamiento de nuestro campo. Cuatro premisas que quiero compartir de este proyecto, primero que &nbsp;busca el programa financiar proyectos que impacten concretamente en el arraigo. Tienen que ser el proyecto claramente evaluado y que claramente demuestre que va a tener un impacto al mediano y largo plazo en el arraigo de nuestro, sobre todo, nuestros j\u00f3venes puesteros, tambi\u00e9n que permita ampliar el abanico de actividades de ingreso, por ejemplo, incorporar proyectos tur\u00edsticos los cuales entre otras cosas, permite que nuestros j\u00f3venes puesteros, se queden. Una segunda premisa, es que no est\u00e1 dirigido, por ejemplo a los habitantes de los Parajes, porque tambi\u00e9n hay que entender all\u00ed otro tipo de migraci\u00f3n y desarraigo. Hoy hay muchos chicos que se cri\u00f3 en los puestos, pero viven en los parajes y no vive de la producci\u00f3n agr\u00edcola ganadera. Entonces no est\u00e1 dirigido a los Parajes, salvo aquel joven que demuestre que viviendo en los Parajes sigue dedicado a la actividad agr\u00edcola ganadera, pero especialmente la ganadera. Son cr\u00e9ditos, con montos importantes porque recordar\u00e1n ustedes, que ven\u00eda en alg\u00fan tiempo, un tipo de cr\u00e9dito que estaba entregando el municipio, pero pr\u00e1cticamente eran ayudas sociales, por lo tanto no ten\u00edan un impacto profundo en la cuesti\u00f3n del arraigo y por \u00faltimo estos proyectos, estos proyectos si son aprobados tienen que tener un acompa\u00f1amiento t\u00e9cnico y un asesoramiento que va desde la idea de proyecto hasta la realizaci\u00f3n del Proyecto, la financiaci\u00f3n hasta su conclusi\u00f3n, para que realmente sea efectivo y porque no, despu\u00e9s una evaluaci\u00f3n, va requerir mucho trabajo porque esto hay que reglamentar s\u00ed, pero bueno, esperamos que &nbsp;sea posible y que sea una herramienta m\u00e1s, para que nuestras nuevas generaciones en el campo sigan apostando a quedarse, a quedarse all\u00ed y dedicados sobre todo la producci\u00f3n ganadera, que es la producci\u00f3n heredada de nuestros mayores, pedimos que pase a obra p\u00fablica en primer lugar y despu\u00e9s que pase, no perd\u00f3n directamente que pase a H.P.L.A.C.\/ PRESIDENCIA pone a consideraci\u00f3n la moci\u00f3n y es APROBADA (8 votos afirmativos).\/ Pasa a H.P.L.A.C.\/\/ g)&nbsp; Expedientes provenientes del Departamento Ejecutivo. 1. Expte N\u00b0 5.403 HC 063 \u2013 2.024 Proyecto de Ordenanza:&nbsp; Programa de Asistencia y Asesoramiento para la Mujer Rural&nbsp; (Decreto N\u00b0 783\/2.024).\/\/ En uso de la palabra la Concejal GONZALEZ expresa: Bueno, la verdad que me ha llamado much\u00edsimo la atenci\u00f3n de que este proyecto fuera vetado, ya que desde la Comisi\u00f3n sali\u00f3 una invitaci\u00f3n al Ejecutivo y tambi\u00e9n se le mand\u00f3 copia para su opini\u00f3n y su conocimiento y del cual solamente recib\u00ed de una sola, la contestaci\u00f3n, entonces ahora que haya sido vetado me llam\u00f3 mucho la atenci\u00f3n, porque en realidad es &nbsp;capacitar a la mujer rural que es muy importante para nuestro Departamento ya que tenemos muchas zonas rurales y que la mayor\u00eda de los Distritos tienen un lugar donde se pueden capacitar a la gente, no solamente que vengan ac\u00e1, porque si no se puede llevar tambi\u00e9n a la gente que se capaciten y donde las respuestas favorable que consulte de uno, lo consult\u00e9 este en forma verbal y del Ejecutivo me dijeron que s\u00ed, que lo hiciera, que lo apoyaban y otros recibimos la respuesta del Se\u00f1or a cargo de la Incubadora de&nbsp; Empresa Se\u00f1or Roberto Salinas, donde \u00e9l expresa de que est\u00e1 todo la parte que se puedan ellos capacitar, todos los cursos y todas las capacitaciones que le dan, estaban abiertos a recibir a la gente rural y me ha llamado mucho la atenci\u00f3n por eso lo hago p\u00fablico, porque es para capacitar a la gente en el campo, para que sepan hacer todos los tr\u00e1mites administrativos, legales y que muchas veces la mayor\u00eda no lo sabe y creo que era un proyecto muy importante porque, no solamente que se produzca en cuatro a\u00f1os de gesti\u00f3n, sino que siga para siempre, muchas gracias, Se\u00f1ora Presidente.\/ PRESIDENCIA manifiesta: Acompa\u00f1o su alocuci\u00f3n Concejal Gonz\u00e1lez.\/\/ Seguidamente por Secretaria se procede a la lectura de la nota de elevaci\u00f3n.\/\/ A continuaci\u00f3n solicita la palabra la Concejal CAMIOLO expresando: &nbsp;Adhiero todo lo que ha dicho mi colega Elizabeth Gonz\u00e1lez y entiendo tambi\u00e9n la molestia, porque esto es la falta de perspectiva de trabajo en equipo, de la que habl\u00e9 al principio de la Sesi\u00f3n, es un proyecto que se trabaj\u00f3 primero con los Concejales, pero se convoc\u00f3 al Ejecutivo como bien, dijo mi colega y la \u00fanica respuesta escrita que hay desde el Ejecutivo es favorable, ofreciendo colaboraci\u00f3n para poder llevar adelante, a cabo el proyecto. Le dec\u00eda reci\u00e9n a mi Concejal colega, que tengo a mi derecha respecto a su proyecto, que es un programa de cr\u00e9ditos que son cr\u00e9ditos interesantes, &nbsp;espero que no se lo veten, me imagino que bueno, que quiz\u00e1s por su cercan\u00eda con el Gobierno no se lo van a vetar, pero realmente es muy molesto, es muy molesto saber que estuvimos trabajando durante mucho tiempo, en distintas Comisiones un proyecto, que adem\u00e1s lo \u00fanico que tiene como dictamen del Ejecutivo es favorable y despu\u00e9s venga vetado y casi como una burla, porque tratamos un proyecto para la zona rural, en el punto anterior y ahora en el posterior estamos tratando justamente el veto, lo m\u00e1s gracioso, es que no vetan la celebraci\u00f3n del D\u00eda de la Mujer Rural, pero tienen la cara de yunque, la cara de piedra y como la que hablaban los chicos hace un rato en la Banca del Ciudadano, o sea, les vamos a hacer el festejo, pero capacitarlas, empoderarlas, darles herramientas, eso no. Acompa\u00f1arlas en su desarrollo, porque la mujer rural, ha sido sistem\u00e1ticamente invisibilizada, y todos nosotros tenemos a alguien cercano, a una mujer cercana, que ha sido invisibilizada, por toda una situaci\u00f3n cultural, que ya ni viene al caso evaluar, pero principalmente por la pol\u00edtica y justamente tambi\u00e9n me llama la atenci\u00f3n de una pol\u00edtica y un partido que se dice feminista, que se dice a favor de los derechos de las mujeres, mi molestia, adem\u00e1s es porque no ofrecen colaboraci\u00f3n, si al proyecto le quieren agregar, le quieren sacar, decir est\u00e1 malo, trabajemos en conjunto por otro lado lo justificativos del proyecto tengo que decirle al Se\u00f1or Asesor, que emite dictamen y lo invito y lo convoc\u00f3 a que pueda trabajar en conjunto con los Concejales, lo que nosotros estamos planteando a partir de esta Ordenanza, es una pol\u00edtica de Estado, no una pol\u00edtica de Gobierno la diferencia es que las pol\u00edticas de Estado, tienden a permanecer lo que nosotros queremos, es que est\u00e9 el Gobierno del color que sea, del partido que sea, siempre la mujer rural este en la agenda de la pol\u00edtica p\u00fablica, por eso lo hicimos mediante Ordenanza, no me interesa, qu\u00e9 es lo que est\u00e1n haciendo porque s\u00e9 que est\u00e1n trabajando y mucho, as\u00ed como no les interesa venir a las comisiones y trabajar con nosotros, no me interesa saber espec\u00edficamente que podemos trabajarlo en conjunto, por supuesto, pero no es respuesta, no es justificativo ni siquiera tiene argumento de t\u00e9cnica legislativa decir que se vetan porque ya lo est\u00e1n haciendo. Las leyes en Argentina justamente se dejan para que permanezcan, justamente se comienza a regular para que esto permanezca en el tiempo y la idea de esta Ordenanza es que no haya Gobierno que le pueda esquivar el bulto. La situaci\u00f3n es bastante grave y como dec\u00eda mi Concejal preopinante hay much\u00edsimo desarrollo en la zona rural. Bueno este tipo de faltas de respeto al desarrollo del ruralismo, son los que hacen que m\u00e1s gente quiera irse y est\u00e9 deprimida. Me preocupa much\u00edsimo, los sistemas de los vetos, ofrezco que nuestro Asesor Institucional cuando venga, pueda reunirse con el Asesor Institucional del Municipio y trabajen este tipo de situaciones, porque realmente es muy grave, que se vuelvan a dar en este espacio. Muchas gracias, Se\u00f1ora, Presidenta.\/\/Seguidamente solicita la palabra el Concejal PALMA manifestando: Gracias a la Sra. Presidenta, la verdad que nada, decir, que me sumo a las palabras de las Concejales preopinantes. Porque claro, no, pero tengo que hacer referencia a varias cuestiones, a varias, varias cuestiones reci\u00e9n en el punto 4 de los proyectos presentados por los Se\u00f1ores Concejales ingresa, un proyecto que busca el arraigo, como bien lo dec\u00eda el Concejal autor del proyecto, pero por el otro lado vemos que el Ejecutivo por otro lado te saca algo o veta algo que se pretend\u00eda fuera una Pol\u00edtica de Estado, en consonancia con el proyecto que nombraba reci\u00e9n el punto anterior. Llama poderosamente la atenci\u00f3n me hace, me hace acordar a una situaci\u00f3n que vivimos con otro proyecto de este Concejo que en otra gesti\u00f3n, no claro, cuando pedimos la medici\u00f3n de la radiaci\u00f3n del encapsulado de uranio, que nos mandaron dictamen favorable de las \u00e1reas intervinientes y a posterior fue vetado tuvimos que insistir desde este Concejo porque entend\u00edamos, que era justo el reclamo e infundado el veto. Pero tambi\u00e9n tengo que volver a llamar a la reflexi\u00f3n a quienes hoy integran el Gabinete Municipal, porque hay una serie de Ordenanzas que est\u00e1n vigente y parece que se olvidan. La Ordenanza 2.323 del 2019 es una Ordenanza que crea un Consejo para &nbsp;el arraigo de nuevos emprendimientos rurales. S\u00ed?, tur\u00edsticos rurales. Est\u00e1 reglamentado por la Provincia a trav\u00e9s de una Ley, donde le baja la potestad a las Direcciones de Turismo de cada uno de los Departamentos, pero bueno, hemos tenido varias presentaciones, aqu\u00ed, que seguramente entrar\u00e1n para la pr\u00f3xima Sesi\u00f3n, donde hay varios emprendimientos rurales, que les han pedido hasta el t\u00edtulo de la tierra, cuando saben que esas tierras todav\u00eda est\u00e1n en una situaci\u00f3n de litigios judiciales, algunas pertenecen a la Provincia y puesteros que ya han realizado sus mensuras pero bueno, los dineros y los costos son muy altos para afrontar ese tipo de gastos y todav\u00eda no poseen su escritura definitiva, pero son vecinos que est\u00e1n hace a\u00f1os, d\u00e9cadas en el lugar y no se los, no se los acompa\u00f1a con las habilitaciones. Yo creo que Asesor\u00eda Letrada debe primero que nada, antes de tomarse este trabajo de ver y contestar infundadamente&nbsp; hablar con todos los funcionarios, todav\u00eda estamos esperando el Plan de Contingencia va a pasar el invierno y todav\u00eda no tenemos una presentaci\u00f3n formal como lo marca la Ordenanza, el Plan de Emergencia, la verdad que llama la atenci\u00f3n esta situaci\u00f3n. Nosotros siempre estamos a disposici\u00f3n, lo habr\u00e1n visto desde las Comisiones, mandamos a pedir opiniones, b\u00e1sicamente en todos los proyectos que venimos trabajando desde las comisiones, algunos llegan, otros no llegan. Bueno, es dif\u00edcil trabajar de esta manera y m\u00e1s cuando uno pone toda la voluntad, pero del otro lado que es quien ejecuta, porque muchas veces se dice, &nbsp;no?, el Concejo no hace nada, no? s\u00ed, lo que pasa que nosotros no podemos ejecutar. Nosotros pedimos a trav\u00e9s de Ordenanzas, Resoluciones, pero quienes ejecutan son otros funcionarios, no? Y en ese \u00e1mbito de ejecutar. Creo que deber\u00edamos coordinar este tipo de acciones, porque todav\u00eda veo que no se han colocado ning\u00fan tipo de carteler\u00eda sobre donde ya est\u00e1 habilitado el doble estacionamiento, pedimos carteler\u00eda para los emprendimientos rurales, pero ni siquiera ponemos un cartel a escasos 100 metros del Municipio. Entonces creo que estas cuestiones, hay que revelarlo, no me pueden decir que no hay presupuesto los invito a los Concejales, a que vean cu\u00e1l es el ingreso, que ha ingresado por lo menos en la primera parte del Primer Informe Trimestral de Cuentas que hace el Municipio el Informe de Responsabilidad Fiscal, pueden ver los ingresos que ha tenido este Municipio en este, en este primer periodo. Tenemos la Emergencia, decretada econ\u00f3mica, financiera y administrativa, pero tambi\u00e9n se olvidaron que ten\u00edan que mandar el informe cuatrimestral, entonces tuvimos que llamar a una Sesi\u00f3n Especial para esto, entonces llama la atenci\u00f3n ese poco inter\u00e9s, creo que hay que fijarse, qu\u00e9 es lo que se ha venido trabajando en los \u00faltimos a\u00f1os y ponerlo en vigencia. Porque tambi\u00e9n hab\u00eda una Ordenanza que yo recuerdo que se vot\u00f3, un proyecto para la construcci\u00f3n de los cinerarios, que ya estaba habilitada por una Ordenanza del 2.014. Pero bueno, parece que no respetamos el trabajo de los dem\u00e1s, ni el tiempo que se le ha dedicado al trabajo en este recinto y podemos borrar con el codo lo que escribimos con la mano y no es as\u00ed, por eso hay tres poderes, porque cada uno debe cumplir su funci\u00f3n y ninguno est\u00e1 por encima del otro, tienen que trabajar armoniosamente para que el bienestar social sea una realidad. Entonces yo vuelvo a invitar a que hagamos una reflexi\u00f3n que participemos de las invitaciones que hace este Concejo a los distintos actores del Municipio, para que podamos tener un trabajo arm\u00f3nico.\/\/ A continuaci\u00f3n la Concejal GONZALEZ&nbsp; expresa, el proyecto porque he estado yo con gente de las que hab\u00edamos invitado, porque primeramente se invit\u00f3 para el proyecto de la mujer rural a todos, se los convoc\u00f3 a una reuni\u00f3n para que se informaran sobre el proyecto, no asisti\u00f3 a nadie, entonces ah\u00ed les enviamos&nbsp; copia para &nbsp;conocimiento y para que den su opini\u00f3n, se le mand\u00f3 a Direcci\u00f3n de Distrito, a la Incubadora de Empresa, al \u00c1rea de la Mujer y a la Direcci\u00f3n de Planificaci\u00f3n Estrat\u00e9gica; el \u00fanico que respondi\u00f3 fue Incubadora de Empresas, entonces ahora he estado con la gente que corresponde a estas \u00e1reas y en ning\u00fan momento dijeron nada del proyecto y ahora viene vetado, inclusive con firmas de gente que yo he estado charlando, as\u00ed que era solo eso. Muchas gracias, se\u00f1ora Presidente.\/\/ Pasa a H.P.L.A.C.\/\/ 2. Expte&nbsp; N\u00b0 5.060 HC 039 \u2013 2.021 Proyecto de Ordenanza: Reglamento funcionamiento interno de la Escuela Municipal de Ceramolog\u00eda. (Decreto N\u00b0 782\/2.024).\/ Pasa a H.P.L.A.C.\/\/ h) Despachos de las Comisiones de Trabajo. 1. Expte N\u00b0 5.413 HC 064 \u2013 2.024&nbsp; Proyecto de Resoluci\u00f3n:&nbsp; Solicitar al Departamento Ejecutivo Municipal el mantenimiento de banquinas y reparaci\u00f3n de la calle Juan Agustin Maza. (O.P.T y R.N) .\/ Por Secretaria se procede a la lectura del despacho emitido por la Comisi\u00f3n que sugiere la aprobaci\u00f3n del proyecto presentado sin modificaciones.\/ PRESIDENCIA&nbsp; pone a consideraci\u00f3n&nbsp; el despacho y es APROBADO por unanimidad (8 votos afirmativos).\/\/ 2) Expte N\u00b0 5.417 HC 064 \u2013 2.024 Proyecto de Resoluci\u00f3n: Solicitar al Gobierno de la Provincia de Mendoza la construcci\u00f3n de la Escuela N\u00b0 4-206 Mapu Mahuida de Bardas Blancas y la Escuela Electromecanica N\u00b0 4-228 Eugenio Izsaky (H.P.L.A.C.). \/ Por Secretaria se procede a la lectura del despacho emitido el cual sugiere la aprobaci\u00f3n del proyecto presentado con modificaciones. RESUELVE. ART\u00cdCULO 1\u00b0: Idem proyecto original. ART\u00cdCULO 2\u00b0: Solicitar a las Legisladoras por el 4\u00b0 distrito Electoral residentes en nuestro Departamento insistan en la incorporaci\u00f3n de la construcci\u00f3n de ambos edificios escolares en el Presupuesto del a\u00f1o 2.025. ART\u00cdCULO 3\u00b0: Idem proyecto original. ART\u00cdCULO 4\u00b0: De forma.\/\/ PRESIDENCIA pone a consideraci\u00f3n el despacho emitido por la Comisi\u00f3n y es APROBADO por unanimidad (8 votos afirmativos). Cuando es la hora 10:25 se retira la Concejal Acosta.\/\/ Solicita la palabra el Concejal PALMA y expresa: Se\u00f1ora Presidente, la verdad que en primera instancia agradecer, no es una cuesti\u00f3n nueva esto que venimos comunicando en esta, en esta oportunidad a trav\u00e9s de esta Resoluci\u00f3n, ya que hay Resoluciones y Declaraciones de este Concejo, desde hace mucho tiempo, en funci\u00f3n de ambos edificios, s\u00ed? tanto la Escuela Mapu Mahuida del Paraje Bardas Blancas, como as\u00ed tambi\u00e9n la Escuela Eugenio Izsaky. Nosotros en el 18 sacamos un Proyecto de Declaraci\u00f3n, hay una Resoluci\u00f3n del a\u00f1o 22, la 299 tenemos la aceptaci\u00f3n y la declaraci\u00f3n del a\u00f1o pasado de la apertura de calles para para el emplazamiento de esta, de esta tan importante instituci\u00f3n y esta el Decreto Provincial 166, que es el que traslada los dominios de los terrenos, s\u00ed, para que se pueda plantear. Ayer tuvimos la posibilidad de participar como Concejo Deliberante de un taller, en un taller donde estuvo el Ministro de Educaci\u00f3n, bueno tiene un nombre bastante largo, pero al fin de cuentas el Ministro de Educaci\u00f3n, no?, que es lo que nos nos interesa en este en este punto en particular. D\u00f3nde se ped\u00eda una visi\u00f3n si se quiere, de c\u00f3mo deber\u00eda ser el edificio en funci\u00f3n de quienes vivimos en el Departamento, porque muchas veces y muchas veces nos hemos quejado de lo mismo se hace legislaci\u00f3n fuera del Departamento, con nuestras realidades que son totalmente distintas y somos muy diferentes a quienes se encuentran del Rio Atuel hacia el norte, no?, nosotros estamos m\u00e1s cerca de ser patag\u00f3nicos, que m\u00e1s c\u00e1lidos por decirlo de alguna manera y en este punto, fue muy interesante. Hab\u00edan docentes, hab\u00edan pap\u00e1s, hab\u00edan alumnos, hab\u00edan algunos legisladores ,este, dos puntualmente. Hab\u00edan pap\u00e1s afuera, s\u00ed tambi\u00e9n, haciendo su reclamo como ya siempre lo hemos dicho, haber, hemos acompa\u00f1ado todos los reclamos desde este Concejo Deliberante porque entendemos que ya llevan m\u00e1s de 20 a\u00f1os las promesas de las construcciones de los edificios y pasa uno y pasa otro, pasa otro y como que ya est\u00e1. Pero s\u00ed quiero detenerme en una, en un aporte que se hizo, que fue en funci\u00f3n del futuro, nosotros no podemos pensar hoy que necesitamos un establecimiento para darle soluci\u00f3n a 200 alumnos o 300 que pueda ser la matr\u00edcula que actualmente est\u00e1 en el, en el edificio, sino que tenemos que pensar al m\u00e1s largo plazo, por ende, tenemos que tener una Instituci\u00f3n como corresponda y esto significa hacer las inversiones que correspondan, no para poder cumplir con esa necesidad y con este desarrollo que se pretende por parte del Gobierno Provincial en el Departamento, ll\u00e1mese miner\u00eda, ll\u00e1mese hidrocarburos, otras metodolog\u00edas, energ\u00edas alternativas, bueno, hay un sinf\u00edn de nuevas, de nuevas tecnolog\u00edas que, que hoy podr\u00edan aportarle much\u00edsimo al Departamento en su desarrollo y que los chicos de la Escuela Electromec\u00e1nica vienen tomando ese conocimiento, en instalaciones que hay que decirlo no son las adecuadas. Yo espero que esto no se transforme nuevamente como en una zanahoria, que nos ponen adelante para que sigamos caminando. Yo quiero verlo y lo he manifestado siempre a la gente de un lado o del otro del Gobierno, yo voy a celebrar todo esto cuando est\u00e9 planteada en el Presupuesto y cuando se inicie la construcci\u00f3n de esta obra. Para tranquilidad de los ciudadanos, quiero comentarles que este Concejo Deliberante ha hecho todas las acciones que est\u00e1n a su alcance. Tanto solicit\u00e1ndolo en funci\u00f3n de distintas normativas como Resoluciones y dem\u00e1s a los Legisladores para que en el planteo del Presupuesto se puedan incorporar como todos los actos \u00fatiles administrativos y legales que infieren a este Concejo Deliberante como es as\u00ed la aceptaci\u00f3n con cargo al Municipio de las arterias. Nosotros lo planteamos tambi\u00e9n en el an\u00e1lisis de nuestro Presupuesto s\u00ed era conveniente o no iniciar las obras que de algunos Concejales era conveniente iniciar las obras de urbanizaci\u00f3n en el sector, porque entend\u00edamos que era una manera de generar la presi\u00f3n a quienes tienen la responsabilidad educativa, en este caso la Provincia, no? Entonces creo que es interesante este taller, creo que es interesante sacar estas piezas legales y decirle que desde Malarg\u00fce no nos olvidamos y que m\u00e1s all\u00e1 de que hagamos un taller del cual, si hay que seguir participando encantado, voy a seguir haci\u00e9ndolo como creo que lo van a hacer todos los Concejales de esta Instituci\u00f3n siempre y cuando sea una realidad para los Malarg\u00fcinos. S\u00ed, entonces espero que lo que se comprometi\u00f3 en el d\u00eda de ayer para la Comunidad de la Escuela Izasky, sea una realidad. Y de la misma manera espero que le podamos dar una soluci\u00f3n definitiva a los habitantes de Bardas Blancas con la Escuela Mapu Mahuida. Much\u00edsimas gracias, se\u00f1ora Presidente.\/\/ i) Asuntos Varios.\/ No hay solicitudes.\/\/ j) Acto de arrear el Pabell\u00f3n Nacional a cargo de la Concejal que lo iz\u00f3.\/\/ No habiendo mas temas para abordar cuando es la hora 10:37 se da por finalizada la Sesi\u00f3n. Previa lectura de lo que antecede firman las presentes actuaciones el Sr. Presidente y la Sra. Secretaria del Honorable Concejo Deliberante.<\/p>\n\n\n\n<p><\/p>\n","protected":false},"excerpt":{"rendered":"<p>BANCA DEL CIUDADANO Sr.\u00a0\u00a0 ARMANDO ESCOBAR por\u00a0 Comisi\u00f3n Rotary Club Malarg\u00fce Tema:\u00a0 Inquietudes inherentes al mes de la Paz. La Concejal Viviana Mosca Vicepresidente 1\u00b0 a cargo de Presidencia, del Honorable Concejo Deliberante da inicio al espacio concedido a la Banca del Ciudadano. En &nbsp;el d\u00eda de la fecha &nbsp;jueves 4 de julio del 2024, [&hellip;]<\/p>\n","protected":false},"author":11,"featured_media":37201,"comment_status":"closed","ping_status":"closed","sticky":false,"template":"","format":"standard","meta":{"footnotes":""},"categories":[60,83,58,33,36],"tags":[],"class_list":["post-37200","post","type-post","status-publish","format-standard","has-post-thumbnail","hentry","category-acta-de-sesiones","category-banca-del-ciudadano","category-ordinarias","category-prensa","category-sesiones"],"yoast_head":"<!-- This site is optimized with the Yoast SEO plugin v19.10 - https:\/\/yoast.com\/wordpress\/plugins\/seo\/ -->\n<title>ACTA\u00a0 16\u00b0 SESI\u00d3N\u00a0ORDINARIA\u00a0 N\u00b0 1.164 -\u201cO\u201d-4\/07\/2.024 - Malarg\u00fce HCD<\/title>\n<meta name=\"robots\" content=\"index, follow, max-snippet:-1, max-image-preview:large, max-video-preview:-1\" \/>\n<link rel=\"canonical\" href=\"https:\/\/hcd.malargue.gov.ar\/?p=37200\" \/>\n<meta property=\"og:locale\" content=\"es_ES\" \/>\n<meta property=\"og:type\" content=\"article\" \/>\n<meta property=\"og:title\" content=\"ACTA\u00a0 16\u00b0 SESI\u00d3N\u00a0ORDINARIA\u00a0 N\u00b0 1.164 -\u201cO\u201d-4\/07\/2.024 - Malarg\u00fce HCD\" \/>\n<meta property=\"og:description\" content=\"BANCA DEL CIUDADANO Sr.\u00a0\u00a0 ARMANDO ESCOBAR por\u00a0 Comisi\u00f3n Rotary Club Malarg\u00fce Tema:\u00a0 Inquietudes inherentes al mes de la Paz. La Concejal Viviana Mosca Vicepresidente 1\u00b0 a cargo de Presidencia, del Honorable Concejo Deliberante da inicio al espacio concedido a la Banca del Ciudadano. En &nbsp;el d\u00eda de la fecha &nbsp;jueves 4 de julio del 2024, [&hellip;]\" \/>\n<meta property=\"og:url\" content=\"https:\/\/hcd.malargue.gov.ar\/?p=37200\" \/>\n<meta property=\"og:site_name\" content=\"Malarg\u00fce HCD\" \/>\n<meta property=\"article:published_time\" content=\"2024-07-17T15:56:53+00:00\" \/>\n<meta property=\"article:modified_time\" content=\"2024-07-22T12:52:25+00:00\" \/>\n<meta property=\"og:image\" content=\"https:\/\/hcd.malargue.gov.ar\/wp-content\/uploads\/2024\/07\/CARTEL-SESIONES-1-1.png\" \/>\n\t<meta property=\"og:image:width\" content=\"1640\" \/>\n\t<meta property=\"og:image:height\" content=\"924\" \/>\n\t<meta property=\"og:image:type\" content=\"image\/png\" \/>\n<meta name=\"author\" content=\"Miriam Verdugo\" \/>\n<meta name=\"twitter:card\" content=\"summary_large_image\" \/>\n<meta name=\"twitter:label1\" content=\"Escrito por\" \/>\n\t<meta name=\"twitter:data1\" content=\"Miriam Verdugo\" \/>\n\t<meta name=\"twitter:label2\" content=\"Tiempo de lectura\" \/>\n\t<meta name=\"twitter:data2\" content=\"44 minutos\" \/>\n<script type=\"application\/ld+json\" class=\"yoast-schema-graph\">{\"@context\":\"https:\/\/schema.org\",\"@graph\":[{\"@type\":\"WebPage\",\"@id\":\"https:\/\/hcd.malargue.gov.ar\/?p=37200\",\"url\":\"https:\/\/hcd.malargue.gov.ar\/?p=37200\",\"name\":\"ACTA\u00a0 16\u00b0 SESI\u00d3N\u00a0ORDINARIA\u00a0 N\u00b0 1.164 -\u201cO\u201d-4\/07\/2.024 - Malarg\u00fce HCD\",\"isPartOf\":{\"@id\":\"https:\/\/hcd.malargue.gov.ar\/#website\"},\"datePublished\":\"2024-07-17T15:56:53+00:00\",\"dateModified\":\"2024-07-22T12:52:25+00:00\",\"author\":{\"@id\":\"https:\/\/hcd.malargue.gov.ar\/#\/schema\/person\/ee682cfebfbf463de71f53a5c722be75\"},\"breadcrumb\":{\"@id\":\"https:\/\/hcd.malargue.gov.ar\/?p=37200#breadcrumb\"},\"inLanguage\":\"es-AR\",\"potentialAction\":[{\"@type\":\"ReadAction\",\"target\":[\"https:\/\/hcd.malargue.gov.ar\/?p=37200\"]}]},{\"@type\":\"BreadcrumbList\",\"@id\":\"https:\/\/hcd.malargue.gov.ar\/?p=37200#breadcrumb\",\"itemListElement\":[{\"@type\":\"ListItem\",\"position\":1,\"name\":\"Inicio\",\"item\":\"https:\/\/hcd.malargue.gov.ar\/\"},{\"@type\":\"ListItem\",\"position\":2,\"name\":\"ACTA\u00a0 16\u00b0 SESI\u00d3N\u00a0ORDINARIA\u00a0 N\u00b0 1.164 -\u201cO\u201d-4\/07\/2.024\"}]},{\"@type\":\"WebSite\",\"@id\":\"https:\/\/hcd.malargue.gov.ar\/#website\",\"url\":\"https:\/\/hcd.malargue.gov.ar\/\",\"name\":\"Malarg\u00fce HCD\",\"description\":\"Malarg\u00fce Mendoza Argentina\",\"potentialAction\":[{\"@type\":\"SearchAction\",\"target\":{\"@type\":\"EntryPoint\",\"urlTemplate\":\"https:\/\/hcd.malargue.gov.ar\/?s={search_term_string}\"},\"query-input\":\"required name=search_term_string\"}],\"inLanguage\":\"es-AR\"},{\"@type\":\"Person\",\"@id\":\"https:\/\/hcd.malargue.gov.ar\/#\/schema\/person\/ee682cfebfbf463de71f53a5c722be75\",\"name\":\"Miriam Verdugo\",\"image\":{\"@type\":\"ImageObject\",\"inLanguage\":\"es-AR\",\"@id\":\"https:\/\/hcd.malargue.gov.ar\/#\/schema\/person\/image\/\",\"url\":\"https:\/\/secure.gravatar.com\/avatar\/306223a4268d159ebfcea14c5a513206411b872b38a6568525d852b77a1fdb63?s=96&d=mm&r=g\",\"contentUrl\":\"https:\/\/secure.gravatar.com\/avatar\/306223a4268d159ebfcea14c5a513206411b872b38a6568525d852b77a1fdb63?s=96&d=mm&r=g\",\"caption\":\"Miriam Verdugo\"},\"url\":\"https:\/\/hcd.malargue.gov.ar\/?author=11\"}]}<\/script>\n<!-- \/ Yoast SEO plugin. -->","yoast_head_json":{"title":"ACTA\u00a0 16\u00b0 SESI\u00d3N\u00a0ORDINARIA\u00a0 N\u00b0 1.164 -\u201cO\u201d-4\/07\/2.024 - Malarg\u00fce HCD","robots":{"index":"index","follow":"follow","max-snippet":"max-snippet:-1","max-image-preview":"max-image-preview:large","max-video-preview":"max-video-preview:-1"},"canonical":"https:\/\/hcd.malargue.gov.ar\/?p=37200","og_locale":"es_ES","og_type":"article","og_title":"ACTA\u00a0 16\u00b0 SESI\u00d3N\u00a0ORDINARIA\u00a0 N\u00b0 1.164 -\u201cO\u201d-4\/07\/2.024 - Malarg\u00fce HCD","og_description":"BANCA DEL CIUDADANO Sr.\u00a0\u00a0 ARMANDO ESCOBAR por\u00a0 Comisi\u00f3n Rotary Club Malarg\u00fce Tema:\u00a0 Inquietudes inherentes al mes de la Paz. La Concejal Viviana Mosca Vicepresidente 1\u00b0 a cargo de Presidencia, del Honorable Concejo Deliberante da inicio al espacio concedido a la Banca del Ciudadano. En &nbsp;el d\u00eda de la fecha &nbsp;jueves 4 de julio del 2024, [&hellip;]","og_url":"https:\/\/hcd.malargue.gov.ar\/?p=37200","og_site_name":"Malarg\u00fce HCD","article_published_time":"2024-07-17T15:56:53+00:00","article_modified_time":"2024-07-22T12:52:25+00:00","og_image":[{"width":1640,"height":924,"url":"https:\/\/hcd.malargue.gov.ar\/wp-content\/uploads\/2024\/07\/CARTEL-SESIONES-1-1.png","type":"image\/png"}],"author":"Miriam Verdugo","twitter_card":"summary_large_image","twitter_misc":{"Escrito por":"Miriam Verdugo","Tiempo de lectura":"44 minutos"},"schema":{"@context":"https:\/\/schema.org","@graph":[{"@type":"WebPage","@id":"https:\/\/hcd.malargue.gov.ar\/?p=37200","url":"https:\/\/hcd.malargue.gov.ar\/?p=37200","name":"ACTA\u00a0 16\u00b0 SESI\u00d3N\u00a0ORDINARIA\u00a0 N\u00b0 1.164 -\u201cO\u201d-4\/07\/2.024 - Malarg\u00fce HCD","isPartOf":{"@id":"https:\/\/hcd.malargue.gov.ar\/#website"},"datePublished":"2024-07-17T15:56:53+00:00","dateModified":"2024-07-22T12:52:25+00:00","author":{"@id":"https:\/\/hcd.malargue.gov.ar\/#\/schema\/person\/ee682cfebfbf463de71f53a5c722be75"},"breadcrumb":{"@id":"https:\/\/hcd.malargue.gov.ar\/?p=37200#breadcrumb"},"inLanguage":"es-AR","potentialAction":[{"@type":"ReadAction","target":["https:\/\/hcd.malargue.gov.ar\/?p=37200"]}]},{"@type":"BreadcrumbList","@id":"https:\/\/hcd.malargue.gov.ar\/?p=37200#breadcrumb","itemListElement":[{"@type":"ListItem","position":1,"name":"Inicio","item":"https:\/\/hcd.malargue.gov.ar\/"},{"@type":"ListItem","position":2,"name":"ACTA\u00a0 16\u00b0 SESI\u00d3N\u00a0ORDINARIA\u00a0 N\u00b0 1.164 -\u201cO\u201d-4\/07\/2.024"}]},{"@type":"WebSite","@id":"https:\/\/hcd.malargue.gov.ar\/#website","url":"https:\/\/hcd.malargue.gov.ar\/","name":"Malarg\u00fce HCD","description":"Malarg\u00fce Mendoza Argentina","potentialAction":[{"@type":"SearchAction","target":{"@type":"EntryPoint","urlTemplate":"https:\/\/hcd.malargue.gov.ar\/?s={search_term_string}"},"query-input":"required name=search_term_string"}],"inLanguage":"es-AR"},{"@type":"Person","@id":"https:\/\/hcd.malargue.gov.ar\/#\/schema\/person\/ee682cfebfbf463de71f53a5c722be75","name":"Miriam Verdugo","image":{"@type":"ImageObject","inLanguage":"es-AR","@id":"https:\/\/hcd.malargue.gov.ar\/#\/schema\/person\/image\/","url":"https:\/\/secure.gravatar.com\/avatar\/306223a4268d159ebfcea14c5a513206411b872b38a6568525d852b77a1fdb63?s=96&d=mm&r=g","contentUrl":"https:\/\/secure.gravatar.com\/avatar\/306223a4268d159ebfcea14c5a513206411b872b38a6568525d852b77a1fdb63?s=96&d=mm&r=g","caption":"Miriam Verdugo"},"url":"https:\/\/hcd.malargue.gov.ar\/?author=11"}]}},"_links":{"self":[{"href":"https:\/\/hcd.malargue.gov.ar\/index.php?rest_route=\/wp\/v2\/posts\/37200","targetHints":{"allow":["GET"]}}],"collection":[{"href":"https:\/\/hcd.malargue.gov.ar\/index.php?rest_route=\/wp\/v2\/posts"}],"about":[{"href":"https:\/\/hcd.malargue.gov.ar\/index.php?rest_route=\/wp\/v2\/types\/post"}],"author":[{"embeddable":true,"href":"https:\/\/hcd.malargue.gov.ar\/index.php?rest_route=\/wp\/v2\/users\/11"}],"replies":[{"embeddable":true,"href":"https:\/\/hcd.malargue.gov.ar\/index.php?rest_route=%2Fwp%2Fv2%2Fcomments&post=37200"}],"version-history":[{"count":5,"href":"https:\/\/hcd.malargue.gov.ar\/index.php?rest_route=\/wp\/v2\/posts\/37200\/revisions"}],"predecessor-version":[{"id":37215,"href":"https:\/\/hcd.malargue.gov.ar\/index.php?rest_route=\/wp\/v2\/posts\/37200\/revisions\/37215"}],"wp:featuredmedia":[{"embeddable":true,"href":"https:\/\/hcd.malargue.gov.ar\/index.php?rest_route=\/wp\/v2\/media\/37201"}],"wp:attachment":[{"href":"https:\/\/hcd.malargue.gov.ar\/index.php?rest_route=%2Fwp%2Fv2%2Fmedia&parent=37200"}],"wp:term":[{"taxonomy":"category","embeddable":true,"href":"https:\/\/hcd.malargue.gov.ar\/index.php?rest_route=%2Fwp%2Fv2%2Fcategories&post=37200"},{"taxonomy":"post_tag","embeddable":true,"href":"https:\/\/hcd.malargue.gov.ar\/index.php?rest_route=%2Fwp%2Fv2%2Ftags&post=37200"}],"curies":[{"name":"wp","href":"https:\/\/api.w.org\/{rel}","templated":true}]}}