{"id":37248,"date":"2024-07-23T10:36:23","date_gmt":"2024-07-23T13:36:23","guid":{"rendered":"https:\/\/hcd.malargue.gov.ar\/?p=37248"},"modified":"2024-07-23T10:49:38","modified_gmt":"2024-07-23T13:49:38","slug":"declaracion-n-334-2-024","status":"publish","type":"post","link":"https:\/\/hcd.malargue.gov.ar\/?p=37248","title":{"rendered":"DECLARACION N\u00b0 334\/2.024"},"content":{"rendered":"\n<p><em>El <strong>D\u00eda Mundial contra la Trata<\/strong> fue proclamado por la ONU en el a\u00f1o 2014, en vista de la necesidad de crear mayor conciencia de la situaci\u00f3n de las v\u00edctimas de trata de personas y como oportunidad para contribuir a visibilizar y promover acciones frente a esta grave violaci\u00f3n a los derechos humanos. Cada 30 de julio se conmemora este dia y desde el Legislativo se solicit\u00f3 al Departamento Ejecutivo que se realice todos los a\u00f1os una Campa\u00f1a de Concientizaci\u00f3n y Prevenci\u00f3n, a trav\u00e9s de los diferentes medios de comunicaci\u00f3n.<\/em><\/p>\n\n\n\n<p class=\"has-text-align-center\"><strong>MIRA LA PIEZA LEGAL COMPLETA<\/strong><\/p>\n\n\n<div class=\"wp-block-image\">\n<figure class=\"alignright size-full is-resized\"><a href=\"http:\/\/hcd.malargue.gov.ar\/2024\/decla%20334%202024%20dia%20Mundial%20Contra%20de%20Trata%20de%20Personas.pdf\"><img loading=\"lazy\" decoding=\"async\" width=\"512\" height=\"512\" src=\"https:\/\/hcd.malargue.gov.ar\/wp-content\/uploads\/2018\/06\/PDF-JPG.jpg\" alt=\"\" class=\"wp-image-7950\" style=\"width:126px;height:auto\" srcset=\"https:\/\/hcd.malargue.gov.ar\/wp-content\/uploads\/2018\/06\/PDF-JPG.jpg 512w, https:\/\/hcd.malargue.gov.ar\/wp-content\/uploads\/2018\/06\/PDF-JPG-150x150.jpg 150w, https:\/\/hcd.malargue.gov.ar\/wp-content\/uploads\/2018\/06\/PDF-JPG-300x300.jpg 300w\" sizes=\"auto, (max-width: 512px) 100vw, 512px\" \/><\/a><\/figure>\n<\/div>\n\n\n<p><strong>AUTOR: CONCEJAL<\/strong>&nbsp;<strong>FRANCISCO PARADA<\/strong><\/p>\n\n\n\n<p><strong>BLOQUE ENCUENTRO<\/strong><\/p>\n\n\n\n<p>VISTO: El contenido del Expte. N\u00ba 5.464-HC-067-2.024. Bloque Encuentro. Proyecto de Declaraci\u00f3n: Declarar de Inter\u00e9s Departamental el 30 de julio d\u00eda Mundial Contra la Trata de Personas<\/p>\n\n\n\n<p>&nbsp;&nbsp;&nbsp;&nbsp;&nbsp;&nbsp;&nbsp;&nbsp;&nbsp;&nbsp;&nbsp; Que el D\u00eda Mundial contra la Trata fue proclamado por la Asamblea General de las Naciones Unidas en la Resoluci\u00f3n&nbsp;&nbsp; A\/RES\/68\/192, ante la necesidad de crear mayor conciencia de la situaci\u00f3n de las v\u00edctimas de la trata de personas y de promover y proteger sus derechos, la asamblea design\u00f3 el 30 de julio como el D\u00eda Mundial contra la Trata de Personas, que se celebra todos los a\u00f1os desde 2014.<\/p>\n\n\n\n<p>&nbsp;&nbsp;&nbsp;&nbsp;&nbsp;&nbsp;&nbsp;&nbsp;&nbsp;&nbsp;&nbsp; Cada 30 de julio es la oportunidad para contribuir a visibilizar y promover acciones frente a esta grave violaci\u00f3n a los derechos humanos en nuestras comunidades.<\/p>\n\n\n\n<p>&nbsp;&nbsp;&nbsp;&nbsp;&nbsp;&nbsp;&nbsp;&nbsp;&nbsp;&nbsp;&nbsp; y;<\/p>\n\n\n\n<p>CONSIDERANDO: Que \u201cLos derechos humanos son derechos inherentes a todos los seres humanos sin importar su raza, sexo, nacionalidad, etnia, lengua, religi\u00f3n o cualquier otra condici\u00f3n. Los derechos humanos incluyen el derecho a la vida y a la libertad, libertad de esclavitud y tortura, libertad de opini\u00f3n y expresi\u00f3n, derecho a trabajar y a la educaci\u00f3n y muchos otros. Todas las personas ser\u00e1n beneficiarias de estos derechos, sin discriminaci\u00f3n.<\/p>\n\n\n\n<p>&nbsp;&nbsp;&nbsp;&nbsp;&nbsp;&nbsp;&nbsp;&nbsp;&nbsp;&nbsp;&nbsp; Que la trata de personas es el comercio ilegal de seres humanos. Es el reclutamiento, el control y manipulaci\u00f3n de personas para beneficiarse de sus cuerpos y su trabajo &nbsp;&nbsp; de manera forzada, a &nbsp;trav\u00e9s de la fuerza, el fraude y la coerci\u00f3n.<\/p>\n\n\n\n<p>\u00a0\u00a0\u00a0\u00a0\u00a0\u00a0\u00a0\u00a0\u00a0\u00a0\u00a0 Que la esclavitud es el crimen organizado de m\u00e1s r\u00e1pido crecimiento en el mundo, siendo real, oculto a simple vista, desgarrando el tejido social de cada naci\u00f3n y estructura econ\u00f3mica. Millones de personas alrededor del mundo viven en esclavitud, \u00a0\u00a0es una industria que genera $150 billones de d\u00f3lares.<\/p>\n\n\n\n<p>\u00a0\u00a0\u00a0\u00a0\u00a0\u00a0\u00a0\u00a0\u00a0\u00a0\u00a0 Que seg\u00fan el portal de datos del Programa Justicia Abierta, en lo que va del 2024, se registraron 812 denuncias; una denuncia por trata cada cinco horas, un promedio de  cinco por d\u00eda. Entre ellas, 121 relacionadas con explotaci\u00f3n de menores.<\/p>\n\n\n\n<p>&nbsp;&nbsp;&nbsp;&nbsp;&nbsp;&nbsp;&nbsp;&nbsp;&nbsp;&nbsp;&nbsp; Que de acuerdo con los datos oficiales, de las 812 denuncias por trata de personas realizadas, 121 fueron por explotaci\u00f3n laboral o sexual de ni\u00f1os, ni\u00f1as o adolescentes, y por material de abuso sexual contra menores.<\/p>\n\n\n\n<p>&nbsp;&nbsp;&nbsp;&nbsp;&nbsp;&nbsp;&nbsp;&nbsp;&nbsp;&nbsp;&nbsp; Que de acuerdo con datos del Programa de Rescate y Acompa\u00f1amiento a V\u00edctimas de Trata, del Ministerio de Justicia de la Naci\u00f3n, desde 2008 hasta el 31 de mayo de &nbsp;&nbsp;&nbsp; 2024 se han rescatado y\/o asistido a 20.854 v\u00edctimas.<\/p>\n\n\n\n<p>&nbsp;&nbsp;&nbsp;&nbsp;&nbsp;&nbsp;&nbsp;&nbsp;&nbsp;&nbsp;&nbsp; Que s\u00f3lo en&nbsp; este a\u00f1o llevan 594 v\u00edctimas rescatadas o asistidas, de los cuales 29 eran menores de edad.<\/p>\n\n\n\n<p>&nbsp;&nbsp;&nbsp;&nbsp;&nbsp;&nbsp;&nbsp;&nbsp;&nbsp;&nbsp;&nbsp; Que la trata de personas es una realidad que va en aumento en el Pa\u00eds, es fundamental de que cada comunidad se comprometa en la erradicaci\u00f3n de la misma.<\/p>\n\n\n\n<p>&nbsp;&nbsp;&nbsp;&nbsp;&nbsp;&nbsp;&nbsp;&nbsp;&nbsp;&nbsp;&nbsp; Que es necesario fomentar la concientizaci\u00f3n y prevenci\u00f3n de Trata de Personas en la comunidad, uniendo esfuerzos en conjunto con las organizaciones que trabajan en el tema.<\/p>\n\n\n\n<p>EL HONORABLE CONCEJO DELIBERANTE DE LA MUNICIPALIDAD DE MALARG\u00dcE EN USO DE LAS FACULTADES QUE LE SON PROPIAS<\/p>\n\n\n\n<p>DECLARA<\/p>\n\n\n\n<p>ART\u00cdCULO 1\u00ba: Declarar de Inter\u00e9s Departamental y Social el D\u00eda Mundial contra la Trata&nbsp; de Personas que se conmemora&nbsp; cada 30 de julio.&nbsp;<\/p>\n\n\n\n<p>ART\u00cdCULO 2\u00ba: Solicitar al Departamento Ejecutivo Municipal realice todos los a\u00f1os, Campa\u00f1a de Concientizaci\u00f3n y Prevenci\u00f3n sobre la Trata de Personas, a trav\u00e9s de los diferentes medios de comunicaci\u00f3n.<\/p>\n\n\n\n<p>ARTICULO 3\u00ba: Comun\u00edquese, reg\u00edstrese, agr\u00e9guese copia de la presente en las actuaciones correspondientes y arch\u00edvese.<\/p>\n\n\n\n<p>DADA EN LA SALA DE SESIONES DR. RICARDO BALBIN DEL HONORABLE CONCEJO DELIBERANTE DE LA MUNICIPALIDAD DE MALARG\u00dcE A DIECIOCHO D\u00cdAS DE JULIO DE DOS MIL VEINTICUATRO.<\/p>\n","protected":false},"excerpt":{"rendered":"<p>El D\u00eda Mundial contra la Trata fue proclamado por la ONU en el a\u00f1o 2014, en vista de la necesidad de crear mayor conciencia de la situaci\u00f3n de las v\u00edctimas de trata de personas y como oportunidad para contribuir a visibilizar y promover acciones frente a esta grave violaci\u00f3n a los derechos humanos. Cada 30 [&hellip;]<\/p>\n","protected":false},"author":5,"featured_media":37249,"comment_status":"closed","ping_status":"closed","sticky":false,"template":"","format":"standard","meta":{"footnotes":""},"categories":[46,52,29,33],"tags":[],"class_list":["post-37248","post","type-post","status-publish","format-standard","has-post-thumbnail","hentry","category-declaraciones","category-gacetillas","category-lesgilacion","category-prensa"],"yoast_head":"<!-- This site is optimized with the Yoast SEO plugin v19.10 - https:\/\/yoast.com\/wordpress\/plugins\/seo\/ -->\n<title>DECLARACION N\u00b0 334\/2.024 - Malarg\u00fce HCD<\/title>\n<meta name=\"robots\" content=\"index, follow, max-snippet:-1, max-image-preview:large, max-video-preview:-1\" \/>\n<link rel=\"canonical\" href=\"https:\/\/hcd.malargue.gov.ar\/?p=37248\" \/>\n<meta property=\"og:locale\" content=\"es_ES\" \/>\n<meta property=\"og:type\" content=\"article\" \/>\n<meta property=\"og:title\" content=\"DECLARACION N\u00b0 334\/2.024 - Malarg\u00fce HCD\" \/>\n<meta property=\"og:description\" content=\"El D\u00eda Mundial contra la Trata fue proclamado por la ONU en el a\u00f1o 2014, en vista de la necesidad de crear mayor conciencia de la situaci\u00f3n de las v\u00edctimas de trata de personas y como oportunidad para contribuir a visibilizar y promover acciones frente a esta grave violaci\u00f3n a los derechos humanos. Cada 30 [&hellip;]\" \/>\n<meta property=\"og:url\" content=\"https:\/\/hcd.malargue.gov.ar\/?p=37248\" \/>\n<meta property=\"og:site_name\" content=\"Malarg\u00fce HCD\" \/>\n<meta property=\"article:published_time\" content=\"2024-07-23T13:36:23+00:00\" \/>\n<meta property=\"article:modified_time\" content=\"2024-07-23T13:49:38+00:00\" \/>\n<meta property=\"og:image\" content=\"https:\/\/hcd.malargue.gov.ar\/wp-content\/uploads\/2024\/07\/DECLARACION-334-2024.png\" \/>\n\t<meta property=\"og:image:width\" content=\"940\" \/>\n\t<meta property=\"og:image:height\" content=\"788\" \/>\n\t<meta property=\"og:image:type\" content=\"image\/png\" \/>\n<meta name=\"author\" content=\"Belen Pedernera Ferragut\" \/>\n<meta name=\"twitter:card\" content=\"summary_large_image\" \/>\n<meta name=\"twitter:label1\" content=\"Escrito por\" \/>\n\t<meta name=\"twitter:data1\" content=\"Belen Pedernera Ferragut\" \/>\n\t<meta name=\"twitter:label2\" content=\"Tiempo de lectura\" \/>\n\t<meta name=\"twitter:data2\" content=\"4 minutos\" \/>\n<script type=\"application\/ld+json\" class=\"yoast-schema-graph\">{\"@context\":\"https:\/\/schema.org\",\"@graph\":[{\"@type\":\"WebPage\",\"@id\":\"https:\/\/hcd.malargue.gov.ar\/?p=37248\",\"url\":\"https:\/\/hcd.malargue.gov.ar\/?p=37248\",\"name\":\"DECLARACION N\u00b0 334\/2.024 - Malarg\u00fce HCD\",\"isPartOf\":{\"@id\":\"https:\/\/hcd.malargue.gov.ar\/#website\"},\"datePublished\":\"2024-07-23T13:36:23+00:00\",\"dateModified\":\"2024-07-23T13:49:38+00:00\",\"author\":{\"@id\":\"https:\/\/hcd.malargue.gov.ar\/#\/schema\/person\/3fd6bbab64edd703961b795156c955d0\"},\"breadcrumb\":{\"@id\":\"https:\/\/hcd.malargue.gov.ar\/?p=37248#breadcrumb\"},\"inLanguage\":\"es-AR\",\"potentialAction\":[{\"@type\":\"ReadAction\",\"target\":[\"https:\/\/hcd.malargue.gov.ar\/?p=37248\"]}]},{\"@type\":\"BreadcrumbList\",\"@id\":\"https:\/\/hcd.malargue.gov.ar\/?p=37248#breadcrumb\",\"itemListElement\":[{\"@type\":\"ListItem\",\"position\":1,\"name\":\"Inicio\",\"item\":\"https:\/\/hcd.malargue.gov.ar\/\"},{\"@type\":\"ListItem\",\"position\":2,\"name\":\"DECLARACION N\u00b0 334\/2.024\"}]},{\"@type\":\"WebSite\",\"@id\":\"https:\/\/hcd.malargue.gov.ar\/#website\",\"url\":\"https:\/\/hcd.malargue.gov.ar\/\",\"name\":\"Malarg\u00fce HCD\",\"description\":\"Malarg\u00fce Mendoza Argentina\",\"potentialAction\":[{\"@type\":\"SearchAction\",\"target\":{\"@type\":\"EntryPoint\",\"urlTemplate\":\"https:\/\/hcd.malargue.gov.ar\/?s={search_term_string}\"},\"query-input\":\"required name=search_term_string\"}],\"inLanguage\":\"es-AR\"},{\"@type\":\"Person\",\"@id\":\"https:\/\/hcd.malargue.gov.ar\/#\/schema\/person\/3fd6bbab64edd703961b795156c955d0\",\"name\":\"Belen Pedernera Ferragut\",\"image\":{\"@type\":\"ImageObject\",\"inLanguage\":\"es-AR\",\"@id\":\"https:\/\/hcd.malargue.gov.ar\/#\/schema\/person\/image\/\",\"url\":\"https:\/\/secure.gravatar.com\/avatar\/1054ffab3893de4bb3eb29bdd22f7e34b8537bf5d34d9dab311818154ad5b71f?s=96&d=mm&r=g\",\"contentUrl\":\"https:\/\/secure.gravatar.com\/avatar\/1054ffab3893de4bb3eb29bdd22f7e34b8537bf5d34d9dab311818154ad5b71f?s=96&d=mm&r=g\",\"caption\":\"Belen Pedernera Ferragut\"},\"url\":\"https:\/\/hcd.malargue.gov.ar\/?author=5\"}]}<\/script>\n<!-- \/ Yoast SEO plugin. -->","yoast_head_json":{"title":"DECLARACION N\u00b0 334\/2.024 - Malarg\u00fce HCD","robots":{"index":"index","follow":"follow","max-snippet":"max-snippet:-1","max-image-preview":"max-image-preview:large","max-video-preview":"max-video-preview:-1"},"canonical":"https:\/\/hcd.malargue.gov.ar\/?p=37248","og_locale":"es_ES","og_type":"article","og_title":"DECLARACION N\u00b0 334\/2.024 - Malarg\u00fce HCD","og_description":"El D\u00eda Mundial contra la Trata fue proclamado por la ONU en el a\u00f1o 2014, en vista de la necesidad de crear mayor conciencia de la situaci\u00f3n de las v\u00edctimas de trata de personas y como oportunidad para contribuir a visibilizar y promover acciones frente a esta grave violaci\u00f3n a los derechos humanos. Cada 30 [&hellip;]","og_url":"https:\/\/hcd.malargue.gov.ar\/?p=37248","og_site_name":"Malarg\u00fce HCD","article_published_time":"2024-07-23T13:36:23+00:00","article_modified_time":"2024-07-23T13:49:38+00:00","og_image":[{"width":940,"height":788,"url":"https:\/\/hcd.malargue.gov.ar\/wp-content\/uploads\/2024\/07\/DECLARACION-334-2024.png","type":"image\/png"}],"author":"Belen Pedernera Ferragut","twitter_card":"summary_large_image","twitter_misc":{"Escrito por":"Belen Pedernera Ferragut","Tiempo de lectura":"4 minutos"},"schema":{"@context":"https:\/\/schema.org","@graph":[{"@type":"WebPage","@id":"https:\/\/hcd.malargue.gov.ar\/?p=37248","url":"https:\/\/hcd.malargue.gov.ar\/?p=37248","name":"DECLARACION N\u00b0 334\/2.024 - Malarg\u00fce HCD","isPartOf":{"@id":"https:\/\/hcd.malargue.gov.ar\/#website"},"datePublished":"2024-07-23T13:36:23+00:00","dateModified":"2024-07-23T13:49:38+00:00","author":{"@id":"https:\/\/hcd.malargue.gov.ar\/#\/schema\/person\/3fd6bbab64edd703961b795156c955d0"},"breadcrumb":{"@id":"https:\/\/hcd.malargue.gov.ar\/?p=37248#breadcrumb"},"inLanguage":"es-AR","potentialAction":[{"@type":"ReadAction","target":["https:\/\/hcd.malargue.gov.ar\/?p=37248"]}]},{"@type":"BreadcrumbList","@id":"https:\/\/hcd.malargue.gov.ar\/?p=37248#breadcrumb","itemListElement":[{"@type":"ListItem","position":1,"name":"Inicio","item":"https:\/\/hcd.malargue.gov.ar\/"},{"@type":"ListItem","position":2,"name":"DECLARACION N\u00b0 334\/2.024"}]},{"@type":"WebSite","@id":"https:\/\/hcd.malargue.gov.ar\/#website","url":"https:\/\/hcd.malargue.gov.ar\/","name":"Malarg\u00fce HCD","description":"Malarg\u00fce Mendoza Argentina","potentialAction":[{"@type":"SearchAction","target":{"@type":"EntryPoint","urlTemplate":"https:\/\/hcd.malargue.gov.ar\/?s={search_term_string}"},"query-input":"required name=search_term_string"}],"inLanguage":"es-AR"},{"@type":"Person","@id":"https:\/\/hcd.malargue.gov.ar\/#\/schema\/person\/3fd6bbab64edd703961b795156c955d0","name":"Belen Pedernera Ferragut","image":{"@type":"ImageObject","inLanguage":"es-AR","@id":"https:\/\/hcd.malargue.gov.ar\/#\/schema\/person\/image\/","url":"https:\/\/secure.gravatar.com\/avatar\/1054ffab3893de4bb3eb29bdd22f7e34b8537bf5d34d9dab311818154ad5b71f?s=96&d=mm&r=g","contentUrl":"https:\/\/secure.gravatar.com\/avatar\/1054ffab3893de4bb3eb29bdd22f7e34b8537bf5d34d9dab311818154ad5b71f?s=96&d=mm&r=g","caption":"Belen Pedernera Ferragut"},"url":"https:\/\/hcd.malargue.gov.ar\/?author=5"}]}},"_links":{"self":[{"href":"https:\/\/hcd.malargue.gov.ar\/index.php?rest_route=\/wp\/v2\/posts\/37248","targetHints":{"allow":["GET"]}}],"collection":[{"href":"https:\/\/hcd.malargue.gov.ar\/index.php?rest_route=\/wp\/v2\/posts"}],"about":[{"href":"https:\/\/hcd.malargue.gov.ar\/index.php?rest_route=\/wp\/v2\/types\/post"}],"author":[{"embeddable":true,"href":"https:\/\/hcd.malargue.gov.ar\/index.php?rest_route=\/wp\/v2\/users\/5"}],"replies":[{"embeddable":true,"href":"https:\/\/hcd.malargue.gov.ar\/index.php?rest_route=%2Fwp%2Fv2%2Fcomments&post=37248"}],"version-history":[{"count":2,"href":"https:\/\/hcd.malargue.gov.ar\/index.php?rest_route=\/wp\/v2\/posts\/37248\/revisions"}],"predecessor-version":[{"id":37251,"href":"https:\/\/hcd.malargue.gov.ar\/index.php?rest_route=\/wp\/v2\/posts\/37248\/revisions\/37251"}],"wp:featuredmedia":[{"embeddable":true,"href":"https:\/\/hcd.malargue.gov.ar\/index.php?rest_route=\/wp\/v2\/media\/37249"}],"wp:attachment":[{"href":"https:\/\/hcd.malargue.gov.ar\/index.php?rest_route=%2Fwp%2Fv2%2Fmedia&parent=37248"}],"wp:term":[{"taxonomy":"category","embeddable":true,"href":"https:\/\/hcd.malargue.gov.ar\/index.php?rest_route=%2Fwp%2Fv2%2Fcategories&post=37248"},{"taxonomy":"post_tag","embeddable":true,"href":"https:\/\/hcd.malargue.gov.ar\/index.php?rest_route=%2Fwp%2Fv2%2Ftags&post=37248"}],"curies":[{"name":"wp","href":"https:\/\/api.w.org\/{rel}","templated":true}]}}