{"id":37356,"date":"2024-08-06T12:44:33","date_gmt":"2024-08-06T15:44:33","guid":{"rendered":"https:\/\/hcd.malargue.gov.ar\/?p=37356"},"modified":"2024-08-06T12:45:53","modified_gmt":"2024-08-06T15:45:53","slug":"ordenanza-n-2-286-2-024","status":"publish","type":"post","link":"https:\/\/hcd.malargue.gov.ar\/?p=37356","title":{"rendered":"ORDENANZA N\u00b0 2.286\/2.024"},"content":{"rendered":"\n<p><em>La Ordenanza fue aprobada el pasado jueves 1 de agosto por<a href=\"https:\/\/hcd.malargue.gov.ar\/?p=37320\"> 9 de los 10 Ediles que integran el Cuerpo<\/a>; y establece que los Concejales de Malarg\u00fce durar\u00e1n en sus funciones cuatro a\u00f1os, pudiendo ser reelectos \u00fanicamente\u00a0por un nuevo per\u00edodo; y si han sido reelectos, no podr\u00e1n ser elegidos nuevamente en el mismo cargo, sino con intervalo de un per\u00edodo de cuatro a\u00f1os. Esto act\u00faa en sinton\u00eda con el\u00a0 ejercicio de la soberan\u00eda popular, dotando\u00a0al\u00a0sistema pol\u00edtico de cierto equilibrio en\u00a0resguardo de la Rep\u00fablica seg\u00fan se detalla en la Pieza Legal.-<\/em><\/p>\n\n\n<div class=\"wp-block-image\">\n<figure class=\"alignright size-full is-resized\"><a href=\"http:\/\/hcd.malargue.gov.ar\/2024\/on%202286%202024%20%20Limitacion%20eleccion%20Concejales.pdf\"><img loading=\"lazy\" decoding=\"async\" width=\"512\" height=\"512\" src=\"https:\/\/hcd.malargue.gov.ar\/wp-content\/uploads\/2018\/06\/PDF-JPG.jpg\" alt=\"\" class=\"wp-image-7950\" style=\"width:134px;height:auto\" srcset=\"https:\/\/hcd.malargue.gov.ar\/wp-content\/uploads\/2018\/06\/PDF-JPG.jpg 512w, https:\/\/hcd.malargue.gov.ar\/wp-content\/uploads\/2018\/06\/PDF-JPG-150x150.jpg 150w, https:\/\/hcd.malargue.gov.ar\/wp-content\/uploads\/2018\/06\/PDF-JPG-300x300.jpg 300w\" sizes=\"auto, (max-width: 512px) 100vw, 512px\" \/><\/a><\/figure>\n<\/div>\n\n\n<p class=\"has-text-align-center\"><strong>MIRA LA PIEZA LEGAL COMPLETA<\/strong><\/p>\n\n\n\n<p>VISTO: El contenido del Expte. N\u00ba2.305\/2.024-0. Departamento Ejecutivo. Proyecto de Ordenanza: Limitaci\u00f3n elecci\u00f3n de Concejales en el Departamento de Malarg\u00fce.<\/p>\n\n\n\n<p>&nbsp;&nbsp;&nbsp;&nbsp;&nbsp;&nbsp;&nbsp;&nbsp;&nbsp;&nbsp;&nbsp; &nbsp;y;<\/p>\n\n\n\n<p>CONSIDERANDO: Que la Ordenanza sancionada&nbsp; por el Honorable Concejo Deliberante de la Ciudad&nbsp; Capital de Mendoza mediante&nbsp; la cual se establece la no reelecci\u00f3n&nbsp; de los Sres Ediles por m\u00e1s de&nbsp; dos&nbsp; per\u00edodos consecutivos.<\/p>\n\n\n\n<p>&nbsp;&nbsp;&nbsp;&nbsp;&nbsp;&nbsp;&nbsp;&nbsp;&nbsp;&nbsp;&nbsp; Que los&nbsp; fundamentos de&nbsp; la misma&nbsp; son&nbsp; compartidos&nbsp; por&nbsp; este&nbsp; Departamento Ejecutivo de la Municipalidad&nbsp; de Malarg\u00fce, raz\u00f3n por la cual se&nbsp; permite recurrir a sus &nbsp;argumentos para&nbsp; fundamentar&nbsp; la&nbsp; presente&nbsp; Ordenanza.<\/p>\n\n\n\n<p>&nbsp;&nbsp;&nbsp;&nbsp;&nbsp;&nbsp;&nbsp;&nbsp;&nbsp;&nbsp;&nbsp; Que la&nbsp; reelecci\u00f3n indefinida lesiona gravemente&nbsp; la periodicidad , al no asegurarse la posibilidad&nbsp; de una efectiva alternancia en el poder&nbsp; y socava la&nbsp; igualdad ante la Ley privilegiando&nbsp; a quien lo detenta por &nbsp;sobre los&nbsp; dem\u00e1s que&nbsp; pretenden acceder.<\/p>\n\n\n\n<p>&nbsp;&nbsp;&nbsp;&nbsp;&nbsp;&nbsp;&nbsp;&nbsp;&nbsp;&nbsp;&nbsp; Que la limitaci\u00f3n a la reelecci\u00f3n indefinida act\u00faa en sinton\u00eda con el&nbsp; ejercicio de la soberan\u00eda popular , dotando&nbsp; al&nbsp; sistema pol\u00edtico de cierto equilibrio en&nbsp; resguardo de la Rep\u00fablica.<\/p>\n\n\n\n<p>\u00a0\u00a0\u00a0\u00a0\u00a0\u00a0\u00a0\u00a0\u00a0\u00a0\u00a0 Que mediante la Ley \u00a0N\u00ba 7.814 el\u00a0 Senado Provincial y la C\u00e1mara de\u00a0 Diputados\u00a0 de la\u00a0 Provincia de Mendoza promulg\u00f3 con fuerza de Ley\u00a0 la\u00a0 modificaci\u00f3n al Art\u00edculo \u00a0198\u00ba de la Constituci\u00f3n\u00a0 de la Provincia, la que dispuso\u00a0 que los Intendentes ser\u00e1n elegidos directamente por el pueblo de los respectivos\u00a0 municipios por simple\u00a0 \u00a0\u00a0mayor\u00eda de votos v\u00e1lidos y podr\u00e1n ser reelegidos por un solo \u00a0per\u00edodo consecutivo. Si han sido reelectos no pueden ser elegidos sino con el intervalo de un per\u00edodo.<\/p>\n\n\n\n<p>&nbsp;&nbsp;&nbsp;&nbsp;&nbsp;&nbsp;&nbsp;&nbsp;&nbsp;&nbsp;&nbsp; Que con posterioridad a la sanci\u00f3n de esa norma han quedado los Concejos Deliberantes Departamentales con la posibilidad de ser&nbsp; reelectos&nbsp; y esto ataca &nbsp; directamente el sistema democr\u00e1tico, dado&nbsp; que no permite la&nbsp; alternancia en el&nbsp; poder, generando&nbsp; Concejales que pueden serlo por largos&nbsp; per\u00edodos de&nbsp; tiempo.<\/p>\n\n\n\n<p>&nbsp;&nbsp;&nbsp;&nbsp;&nbsp;&nbsp;&nbsp;&nbsp;&nbsp;&nbsp;&nbsp; Que como lo ha dicho el Concejo Deliberante de la Ciudad Capital de&nbsp; Mendoza recientemente en la&nbsp; sanci\u00f3n&nbsp; de la Ordenanza N\u00b0 4.16\/2.024 \u201c\u2026 que en el sistema democr\u00e1tico, el pueblo es el \u00fanico titular&nbsp; de la&nbsp; soberan\u00eda y la&nbsp; ejerce fundamentalmente al momento&nbsp; de elegir&nbsp; a sus&nbsp; gobernantes.<\/p>\n\n\n\n<p>&nbsp;&nbsp;&nbsp;&nbsp;&nbsp;&nbsp;&nbsp;&nbsp;&nbsp;&nbsp;&nbsp; Que el&nbsp; principio de la&nbsp; soberan\u00eda popular es complementado en nuestro sistema&nbsp; por las pautas que&nbsp; emanan de la forma&nbsp; republicana de gobierno, entre ellas la&nbsp; limitaci\u00f3n&nbsp; en la duraci\u00f3n&nbsp; de los mandatos.<\/p>\n\n\n\n<p>&nbsp;&nbsp;&nbsp;&nbsp;&nbsp;&nbsp;&nbsp;&nbsp;&nbsp;&nbsp;&nbsp; Que es&nbsp; claro que la&nbsp; intenci\u00f3n de dicho principio es&nbsp; evitar&nbsp; la&nbsp; perpetuaci\u00f3n de cualquier&nbsp; persona&nbsp; en el ejercicio del poder, a\u00fan m\u00e1s&nbsp; all\u00e1 de la&nbsp; voluntad popular, a la que&nbsp; limita no permiti\u00e9ndole elegir&nbsp; en repetidas ocasiones a&nbsp; los mismos gobernantes\u201d.<\/p>\n\n\n\n<p>&nbsp;&nbsp;&nbsp;&nbsp;&nbsp;&nbsp;&nbsp;&nbsp;&nbsp;&nbsp;&nbsp; &nbsp;Que&nbsp; la Constituci\u00f3n de la Provincia&nbsp; de Mendoza hace&nbsp; referencia a&nbsp; la divisi\u00f3n del poder, teniendo como base&nbsp; la existencia del poder ejecutivo y el Poder&nbsp; Deliberativo, con&nbsp; elecci\u00f3n directa, con cuatro a\u00f1os de mandatos &nbsp;y con&nbsp; renovaci\u00f3n&nbsp; parcial cada dos a\u00f1os de los&nbsp; Concejales.<\/p>\n\n\n\n<p>&nbsp;&nbsp;&nbsp;&nbsp;&nbsp;&nbsp;&nbsp;&nbsp;&nbsp;&nbsp;&nbsp; Que por su parte el Art\u00edculo 44\u00b0 de la Ley N\u00b0 1.079 Org\u00e1nica de Municipalidades, indica en su parte pertinente respecto de los&nbsp; Concejales que \u201c \u2026 podr\u00e1n ser reelectos\u201d\u2026<\/p>\n\n\n\n<p>&nbsp;&nbsp;&nbsp;&nbsp;&nbsp;&nbsp;&nbsp;&nbsp;&nbsp;&nbsp;&nbsp; Que el esp\u00edritu de la presente&nbsp; Ordenanza, es buscar&nbsp; que&nbsp; los Funcionarios&nbsp; no se&nbsp; perpet\u00faen en las&nbsp; funciones, que en principio, deb\u00edan&nbsp; ser por per\u00edodos de tiempo&nbsp; y no de manera indefinida generando&nbsp; esto&nbsp; un puesto cuasi administrativo.<\/p>\n\n\n\n<p>\u00a0\u00a0\u00a0\u00a0\u00a0\u00a0\u00a0\u00a0\u00a0\u00a0\u00a0 Que asimismo, la\u00a0 limitaci\u00f3n a las\u00a0 reelecciones indefinidas ha\u00a0 sido receptada por instrumentos internacionales con jerarqu\u00eda\u00a0 constitucional (Art\u00edculo 75\u00b0 inc. 22 Constituci\u00f3n Nacional como el Pacto\u00a0 Internacional de Derechos\u00a0 Civiles y 40\u00a0 DE1\/24, Pol\u00edticos en su Art. 25\u00b0 inc. c), reconoce:\u201dTodos los ciudadanos gozar\u00e1n, sin\u00a0 ninguna de las\u00a0 distinciones mencionadas en el Articulo 2\u00b0, y sin\u00a0 restricciones indebidas, de los siguientes derechos y oportunidades: (\u2026) c) Tener\u00a0 acceso, en condiciones generales de igualdad, a las funciones p\u00fablicas de su Pa\u00eds\u201d. Tambi\u00e9n el Art. 23\u00b0, punto 1.c) y 2 de la\u00a0 Convenci\u00f3n\u00a0 Americana sobre\u00a0 Derechos\u00a0 Humanos, Pacto de San Jos\u00e9 de Costa Rica, que afirma: \u201c1.Todos\u00a0 los ciudadanos deben gozar de los siguientes derechos y oportunidades . (\u2026) c) de tener acceso, en condiciones\u00a0 generales de igualdad, a las funciones\u00a0 p\u00fablicas de\u00a0 su Pa\u00eds\u201d y \u201c2. La Ley\u00a0 puede reglamentar\u00a0 el ejercicio de los\u00a0 derechos y oportunidades a que\u00a0 se refiere el inciso anterior, exclusivamente por razones de edad, nacionalidad, residencia, idioma, instrucci\u00f3n, capacidad civil o mental, o condena, por Juez competente, en proceso penal\u201d. Estas\u00a0 limitaciones , sin embargo, pueden\u00a0 ampliarse\u00a0 en la\u00a0 medida en que respondan\u00a0 objetivamente a\u00a0 razones\u00a0 institucionales y que\u00a0 no exhiban naturaleza prescriptiva ni\u00a0 discriminatoria.<\/p>\n\n\n\n<p>EL HONORABLE CONCEJO DELIBERANTE DE LA MUNICIPALIDAD DE MALARG\u00dcE EN USO DE LAS FACULTADES QUE LE SON PROPIAS<\/p>\n\n\n\n<p>ORDENA<\/p>\n\n\n\n<p>ARTICULO 1\u00b0: Establ\u00e9cese los Concejales del Departamento de Malarg\u00fce, ser\u00e1n elegidos\u00a0 directamente por los habitantes del Departamento\u00a0 y durar\u00e1n en sus funciones el t\u00e9rmino de cuatro (4) a\u00f1os, pudiendo\u00a0 ser reelectos\u00a0 \u00fanicamente\u00a0 por un nuevo per\u00edodo. \u00a0\u00a0\u00a0Si han sido reelectos, no podr\u00e1n ser elegidos nuevamente en el mismo cargo, sino con intervalo de un per\u00edodo de cuatro (4) a\u00f1os.<\/p>\n\n\n\n<p>ARTICULO 2\u00b0: Determ\u00ednese que la presente Ordenanza tendr\u00e1 vigencia a partir de su publicaci\u00f3n en el Bolet\u00edn Oficial.<\/p>\n\n\n\n<p>ARTICULO 3\u00b0: Rem\u00edtase copia a ambas C\u00e1maras&nbsp; Legislativas de&nbsp; la Provincia&nbsp; y a&nbsp; la Honorable&nbsp; Junta Electoral de Mendoza, a fin de la toma&nbsp; de conocimiento y para asegurar el cumplimiento&nbsp; de la presente Ordenanza.<\/p>\n\n\n\n<p>ARTICULO 4\u00b0: Comun\u00edquese, reg\u00edstrese, c\u00famplase, publ\u00edquese, agr\u00e9guese copia de la presente en las actuaciones correspondientes y arch\u00edvese.<\/p>\n\n\n\n<p>DADA EN LA SALA DE SESIONES DR. RICARDO BALBIN DEL HONORABLE CONCEJO DELIBERANTE&nbsp; DE LA MUNICIPALIDAD DE MALARG\u00dcE A UN D\u00cdA DE AGOSTO DE DOS MIL VEINTICUATRO.<\/p>\n","protected":false},"excerpt":{"rendered":"<p>La Ordenanza fue aprobada el pasado jueves 1 de agosto por 9 de los 10 Ediles que integran el Cuerpo; y establece que los Concejales de Malarg\u00fce durar\u00e1n en sus funciones cuatro a\u00f1os, pudiendo ser reelectos \u00fanicamente\u00a0por un nuevo per\u00edodo; y si han sido reelectos, no podr\u00e1n ser elegidos nuevamente en el mismo cargo, sino [&hellip;]<\/p>\n","protected":false},"author":5,"featured_media":37358,"comment_status":"closed","ping_status":"closed","sticky":false,"template":"","format":"standard","meta":{"footnotes":""},"categories":[52,29,48,33],"tags":[],"class_list":["post-37356","post","type-post","status-publish","format-standard","has-post-thumbnail","hentry","category-gacetillas","category-lesgilacion","category-ordenanzas-municipales","category-prensa"],"yoast_head":"<!-- This site is optimized with the Yoast SEO plugin v19.10 - https:\/\/yoast.com\/wordpress\/plugins\/seo\/ -->\n<title>ORDENANZA N\u00b0 2.286\/2.024 - Malarg\u00fce HCD<\/title>\n<meta name=\"robots\" content=\"index, follow, max-snippet:-1, max-image-preview:large, max-video-preview:-1\" \/>\n<link rel=\"canonical\" href=\"https:\/\/hcd.malargue.gov.ar\/?p=37356\" \/>\n<meta property=\"og:locale\" content=\"es_ES\" \/>\n<meta property=\"og:type\" content=\"article\" \/>\n<meta property=\"og:title\" content=\"ORDENANZA N\u00b0 2.286\/2.024 - Malarg\u00fce HCD\" \/>\n<meta property=\"og:description\" content=\"La Ordenanza fue aprobada el pasado jueves 1 de agosto por 9 de los 10 Ediles que integran el Cuerpo; y establece que los Concejales de Malarg\u00fce durar\u00e1n en sus funciones cuatro a\u00f1os, pudiendo ser reelectos \u00fanicamente\u00a0por un nuevo per\u00edodo; y si han sido reelectos, no podr\u00e1n ser elegidos nuevamente en el mismo cargo, sino [&hellip;]\" \/>\n<meta property=\"og:url\" content=\"https:\/\/hcd.malargue.gov.ar\/?p=37356\" \/>\n<meta property=\"og:site_name\" content=\"Malarg\u00fce HCD\" \/>\n<meta property=\"article:published_time\" content=\"2024-08-06T15:44:33+00:00\" \/>\n<meta property=\"article:modified_time\" content=\"2024-08-06T15:45:53+00:00\" \/>\n<meta property=\"og:image\" content=\"https:\/\/hcd.malargue.gov.ar\/wp-content\/uploads\/2024\/08\/ORDENANZA-2286-2024.png\" \/>\n\t<meta property=\"og:image:width\" content=\"940\" \/>\n\t<meta property=\"og:image:height\" content=\"788\" \/>\n\t<meta property=\"og:image:type\" content=\"image\/png\" \/>\n<meta name=\"author\" content=\"Belen Pedernera Ferragut\" \/>\n<meta name=\"twitter:card\" content=\"summary_large_image\" \/>\n<meta name=\"twitter:label1\" content=\"Escrito por\" \/>\n\t<meta name=\"twitter:data1\" content=\"Belen Pedernera Ferragut\" \/>\n\t<meta name=\"twitter:label2\" content=\"Tiempo de lectura\" \/>\n\t<meta name=\"twitter:data2\" content=\"5 minutos\" \/>\n<script type=\"application\/ld+json\" class=\"yoast-schema-graph\">{\"@context\":\"https:\/\/schema.org\",\"@graph\":[{\"@type\":\"WebPage\",\"@id\":\"https:\/\/hcd.malargue.gov.ar\/?p=37356\",\"url\":\"https:\/\/hcd.malargue.gov.ar\/?p=37356\",\"name\":\"ORDENANZA N\u00b0 2.286\/2.024 - Malarg\u00fce HCD\",\"isPartOf\":{\"@id\":\"https:\/\/hcd.malargue.gov.ar\/#website\"},\"datePublished\":\"2024-08-06T15:44:33+00:00\",\"dateModified\":\"2024-08-06T15:45:53+00:00\",\"author\":{\"@id\":\"https:\/\/hcd.malargue.gov.ar\/#\/schema\/person\/3fd6bbab64edd703961b795156c955d0\"},\"breadcrumb\":{\"@id\":\"https:\/\/hcd.malargue.gov.ar\/?p=37356#breadcrumb\"},\"inLanguage\":\"es-AR\",\"potentialAction\":[{\"@type\":\"ReadAction\",\"target\":[\"https:\/\/hcd.malargue.gov.ar\/?p=37356\"]}]},{\"@type\":\"BreadcrumbList\",\"@id\":\"https:\/\/hcd.malargue.gov.ar\/?p=37356#breadcrumb\",\"itemListElement\":[{\"@type\":\"ListItem\",\"position\":1,\"name\":\"Inicio\",\"item\":\"https:\/\/hcd.malargue.gov.ar\/\"},{\"@type\":\"ListItem\",\"position\":2,\"name\":\"ORDENANZA N\u00b0 2.286\/2.024\"}]},{\"@type\":\"WebSite\",\"@id\":\"https:\/\/hcd.malargue.gov.ar\/#website\",\"url\":\"https:\/\/hcd.malargue.gov.ar\/\",\"name\":\"Malarg\u00fce HCD\",\"description\":\"Malarg\u00fce Mendoza Argentina\",\"potentialAction\":[{\"@type\":\"SearchAction\",\"target\":{\"@type\":\"EntryPoint\",\"urlTemplate\":\"https:\/\/hcd.malargue.gov.ar\/?s={search_term_string}\"},\"query-input\":\"required name=search_term_string\"}],\"inLanguage\":\"es-AR\"},{\"@type\":\"Person\",\"@id\":\"https:\/\/hcd.malargue.gov.ar\/#\/schema\/person\/3fd6bbab64edd703961b795156c955d0\",\"name\":\"Belen Pedernera Ferragut\",\"image\":{\"@type\":\"ImageObject\",\"inLanguage\":\"es-AR\",\"@id\":\"https:\/\/hcd.malargue.gov.ar\/#\/schema\/person\/image\/\",\"url\":\"https:\/\/secure.gravatar.com\/avatar\/1054ffab3893de4bb3eb29bdd22f7e34b8537bf5d34d9dab311818154ad5b71f?s=96&d=mm&r=g\",\"contentUrl\":\"https:\/\/secure.gravatar.com\/avatar\/1054ffab3893de4bb3eb29bdd22f7e34b8537bf5d34d9dab311818154ad5b71f?s=96&d=mm&r=g\",\"caption\":\"Belen Pedernera Ferragut\"},\"url\":\"https:\/\/hcd.malargue.gov.ar\/?author=5\"}]}<\/script>\n<!-- \/ Yoast SEO plugin. -->","yoast_head_json":{"title":"ORDENANZA N\u00b0 2.286\/2.024 - Malarg\u00fce HCD","robots":{"index":"index","follow":"follow","max-snippet":"max-snippet:-1","max-image-preview":"max-image-preview:large","max-video-preview":"max-video-preview:-1"},"canonical":"https:\/\/hcd.malargue.gov.ar\/?p=37356","og_locale":"es_ES","og_type":"article","og_title":"ORDENANZA N\u00b0 2.286\/2.024 - Malarg\u00fce HCD","og_description":"La Ordenanza fue aprobada el pasado jueves 1 de agosto por 9 de los 10 Ediles que integran el Cuerpo; y establece que los Concejales de Malarg\u00fce durar\u00e1n en sus funciones cuatro a\u00f1os, pudiendo ser reelectos \u00fanicamente\u00a0por un nuevo per\u00edodo; y si han sido reelectos, no podr\u00e1n ser elegidos nuevamente en el mismo cargo, sino [&hellip;]","og_url":"https:\/\/hcd.malargue.gov.ar\/?p=37356","og_site_name":"Malarg\u00fce HCD","article_published_time":"2024-08-06T15:44:33+00:00","article_modified_time":"2024-08-06T15:45:53+00:00","og_image":[{"width":940,"height":788,"url":"https:\/\/hcd.malargue.gov.ar\/wp-content\/uploads\/2024\/08\/ORDENANZA-2286-2024.png","type":"image\/png"}],"author":"Belen Pedernera Ferragut","twitter_card":"summary_large_image","twitter_misc":{"Escrito por":"Belen Pedernera Ferragut","Tiempo de lectura":"5 minutos"},"schema":{"@context":"https:\/\/schema.org","@graph":[{"@type":"WebPage","@id":"https:\/\/hcd.malargue.gov.ar\/?p=37356","url":"https:\/\/hcd.malargue.gov.ar\/?p=37356","name":"ORDENANZA N\u00b0 2.286\/2.024 - Malarg\u00fce HCD","isPartOf":{"@id":"https:\/\/hcd.malargue.gov.ar\/#website"},"datePublished":"2024-08-06T15:44:33+00:00","dateModified":"2024-08-06T15:45:53+00:00","author":{"@id":"https:\/\/hcd.malargue.gov.ar\/#\/schema\/person\/3fd6bbab64edd703961b795156c955d0"},"breadcrumb":{"@id":"https:\/\/hcd.malargue.gov.ar\/?p=37356#breadcrumb"},"inLanguage":"es-AR","potentialAction":[{"@type":"ReadAction","target":["https:\/\/hcd.malargue.gov.ar\/?p=37356"]}]},{"@type":"BreadcrumbList","@id":"https:\/\/hcd.malargue.gov.ar\/?p=37356#breadcrumb","itemListElement":[{"@type":"ListItem","position":1,"name":"Inicio","item":"https:\/\/hcd.malargue.gov.ar\/"},{"@type":"ListItem","position":2,"name":"ORDENANZA N\u00b0 2.286\/2.024"}]},{"@type":"WebSite","@id":"https:\/\/hcd.malargue.gov.ar\/#website","url":"https:\/\/hcd.malargue.gov.ar\/","name":"Malarg\u00fce HCD","description":"Malarg\u00fce Mendoza Argentina","potentialAction":[{"@type":"SearchAction","target":{"@type":"EntryPoint","urlTemplate":"https:\/\/hcd.malargue.gov.ar\/?s={search_term_string}"},"query-input":"required name=search_term_string"}],"inLanguage":"es-AR"},{"@type":"Person","@id":"https:\/\/hcd.malargue.gov.ar\/#\/schema\/person\/3fd6bbab64edd703961b795156c955d0","name":"Belen Pedernera Ferragut","image":{"@type":"ImageObject","inLanguage":"es-AR","@id":"https:\/\/hcd.malargue.gov.ar\/#\/schema\/person\/image\/","url":"https:\/\/secure.gravatar.com\/avatar\/1054ffab3893de4bb3eb29bdd22f7e34b8537bf5d34d9dab311818154ad5b71f?s=96&d=mm&r=g","contentUrl":"https:\/\/secure.gravatar.com\/avatar\/1054ffab3893de4bb3eb29bdd22f7e34b8537bf5d34d9dab311818154ad5b71f?s=96&d=mm&r=g","caption":"Belen Pedernera Ferragut"},"url":"https:\/\/hcd.malargue.gov.ar\/?author=5"}]}},"_links":{"self":[{"href":"https:\/\/hcd.malargue.gov.ar\/index.php?rest_route=\/wp\/v2\/posts\/37356","targetHints":{"allow":["GET"]}}],"collection":[{"href":"https:\/\/hcd.malargue.gov.ar\/index.php?rest_route=\/wp\/v2\/posts"}],"about":[{"href":"https:\/\/hcd.malargue.gov.ar\/index.php?rest_route=\/wp\/v2\/types\/post"}],"author":[{"embeddable":true,"href":"https:\/\/hcd.malargue.gov.ar\/index.php?rest_route=\/wp\/v2\/users\/5"}],"replies":[{"embeddable":true,"href":"https:\/\/hcd.malargue.gov.ar\/index.php?rest_route=%2Fwp%2Fv2%2Fcomments&post=37356"}],"version-history":[{"count":2,"href":"https:\/\/hcd.malargue.gov.ar\/index.php?rest_route=\/wp\/v2\/posts\/37356\/revisions"}],"predecessor-version":[{"id":37360,"href":"https:\/\/hcd.malargue.gov.ar\/index.php?rest_route=\/wp\/v2\/posts\/37356\/revisions\/37360"}],"wp:featuredmedia":[{"embeddable":true,"href":"https:\/\/hcd.malargue.gov.ar\/index.php?rest_route=\/wp\/v2\/media\/37358"}],"wp:attachment":[{"href":"https:\/\/hcd.malargue.gov.ar\/index.php?rest_route=%2Fwp%2Fv2%2Fmedia&parent=37356"}],"wp:term":[{"taxonomy":"category","embeddable":true,"href":"https:\/\/hcd.malargue.gov.ar\/index.php?rest_route=%2Fwp%2Fv2%2Fcategories&post=37356"},{"taxonomy":"post_tag","embeddable":true,"href":"https:\/\/hcd.malargue.gov.ar\/index.php?rest_route=%2Fwp%2Fv2%2Ftags&post=37356"}],"curies":[{"name":"wp","href":"https:\/\/api.w.org\/{rel}","templated":true}]}}