{"id":37401,"date":"2024-08-07T12:41:30","date_gmt":"2024-08-07T15:41:30","guid":{"rendered":"https:\/\/hcd.malargue.gov.ar\/?p=37401"},"modified":"2024-08-07T12:42:12","modified_gmt":"2024-08-07T15:42:12","slug":"orden-del-dia-19-sesion-ordinaria-2","status":"publish","type":"post","link":"https:\/\/hcd.malargue.gov.ar\/?p=37401","title":{"rendered":"ORDEN DEL DIA 19\u00b0 SESION ORDINARIA"},"content":{"rendered":"<div class=\"wp-block-image\">\n<figure class=\"alignright size-full is-resized\"><a href=\"http:\/\/hcd.malargue.gov.ar\/hcdpdf\/19%20ORDEN%20%20DEL%20D%C3%8DA%2008-08-24.pdf\"><img loading=\"lazy\" decoding=\"async\" width=\"512\" height=\"512\" src=\"https:\/\/hcd.malargue.gov.ar\/wp-content\/uploads\/2018\/06\/PDF-JPG.jpg\" alt=\"\" class=\"wp-image-7950\" style=\"width:148px;height:auto\" srcset=\"https:\/\/hcd.malargue.gov.ar\/wp-content\/uploads\/2018\/06\/PDF-JPG.jpg 512w, https:\/\/hcd.malargue.gov.ar\/wp-content\/uploads\/2018\/06\/PDF-JPG-150x150.jpg 150w, https:\/\/hcd.malargue.gov.ar\/wp-content\/uploads\/2018\/06\/PDF-JPG-300x300.jpg 300w\" sizes=\"auto, (max-width: 512px) 100vw, 512px\" \/><\/a><\/figure>\n<\/div>\n\n\n<h5 class=\"wp-block-heading\">D\u00eda \u00a0Jueves 08 de agosto de 2.024<\/h5>\n\n\n\n<h5 class=\"wp-block-heading\">Hora: 09:00 <\/h5>\n\n\n\n<p><strong><em>a) Acto de Izar la Ense\u00f1a Patria\u00a0\u00a0a cargo del Sr. Concejal Osvaldo Mart\u00edn PALMA. \u00a0<\/em><\/strong><\/p>\n\n\n\n<p><strong><em>b) Homenaje de los Se\u00f1ores Concejales.<\/em><\/strong><\/p>\n\n\n\n<p><strong><em>c)<\/em><\/strong> <strong><em>Consideraci\u00f3n Acta Sesi\u00f3n Ordinaria N\u00b0 1.166 &#8211; \u201cO\u201d &#8211; 2.024.<\/em><\/strong><\/p>\n\n\n\n<p><strong><em>d) Lectura del detalle de la correspondencia recibida y emitida.<\/em><\/strong><\/p>\n\n\n\n<p><strong><em>e)<\/em><\/strong> <strong><em>Determinaci\u00f3n de los temas que ser\u00e1n incluidos en el punto Asuntos Varios y puesta a consideraci\u00f3n de mociones de tratamientos sobre tablas de diversos expedientes.<\/em><\/strong><\/p>\n\n\n\n<p><strong><em>f)<\/em><\/strong> <strong><em>Proyectos de los Se\u00f1ores Concejales <\/em><\/strong><em>\u00a0\u00a0\u00a0<\/em><\/p>\n\n\n\n<ol style=\"list-style-type:lower-alpha\" class=\"wp-block-list\">\n<li>Expte. N\u00b0 5.472 \u00a0HC 068 -2.024 Proyecto de Declaraci\u00f3n: Declarar de Inter\u00e9s Departamental al Programa de Bienestar Adolescente respaldado por el Ministerio de Educaci\u00f3n, Cultura, Infancias y Direcci\u00f3n General de Escuelas. (BLOQUE FRENTE CAMBIA MENDOZA ) Autor:\u00a0 Concejal Pablo Villarruel.<\/li>\n\n\n\n<li>Expte. N\u00b0 5.473 HC 068 \u2013 2.024 Proyecto de Resoluci\u00f3n:\u00a0 Pedido de Informe al Departamento Ejecutivo Municipal respecto a Decreto N\u00b0 426\/2.024. (BLOQUE RECONSTRUYENDO MALARGUE) Autora: Concejal Silvina Camiolo. \u00a0\u00a0<\/li>\n\n\n\n<li>Expte. N\u00b0 5.474 HC 068 \u2013 2.024 Proyecto de Resoluci\u00f3n: Solicitar al Departamento Ejecutivo el servicio de recolecci\u00f3n de residuos domiciliarios, arreglo de calles y obra red de gas para Barrio 60\u00b0 Aniversario. (BLOQUE UCR INDEPENDIENTE) Concejal Mart\u00edn Palma.<\/li>\n\n\n\n<li><strong><em>Expedientes provenientes del Departamento Ejecutivo<\/em><\/strong><\/li>\n\n\n\n<li>Expte. N\u00b0 5.409 HC 063 \u2013 2.024\u00a0 Proyecto de Ordenanza: Regulaci\u00f3n de la Carrera Municipal Docente. ( Decreto N\u00b0 957\/2.024). <\/li>\n\n\n\n<li>Expte. N\u00b0 3.381\/2.024 \u2013 0 Segarra Francisco Gustavo. Permiso de Explotaci\u00f3n Cantera de Aridos. \u00a0<\/li>\n\n\n\n<li>Expte. N\u00b0 4.150\/2.022 \u2013 0 \u00a0\u00a0Federico Garin PV Presidente La Perla. Ref:\u00a0 Usufructo del predio de 192 hect\u00e1reas donde se localizar\u00e1 el Proyecto Solar de 80MW a construir.\u00a0 (II Tomos).<\/li>\n\n\n\n<li><strong><em>Despachos de las Comisiones de Trabajo.<\/em><\/strong><\/li>\n\n\n\n<li>Nota HC 329\/2.024 Sra. Mariana Rojas y Sr. Sebasti\u00e1n V\u00e1zquez por Autoconvocados por una Matriz Energ\u00e9tica de Gas, solicita acceso a expediente respecto a ampliaci\u00f3n de planta de Ecogas.\u00a0 (O.P.T.y R.N.)<\/li>\n\n\n\n<li>Nota HC 359\/2.024 Sr. Sebasti\u00e1n V\u00e1zquez. Banca del Ciudadano problem\u00e1tica de matriz energ\u00e9tica sobre todo gas\u00edfera. ( H.P.L.A.C.)<\/li>\n\n\n\n<li>Nota HC 400\/2.024 Sra. Nadia Carolina Mu\u00f1oz inquietudes respecto a habilitaci\u00f3n para evento. (H.P.L.A.C.)<\/li>\n\n\n\n<li>Nota HC 368\/2.024 Cdor. Celso Alejandro Jaque Intendente Municipal eleva documentaci\u00f3n donaci\u00f3n de 30 bicicletas por parte del Banco MACRO (Decreto N\u00b0 375\/2.022). (H.P.L.A.C.)<\/li>\n\n\n\n<li>Expte. N\u00b0 4.791\/2.022 \u2013 0\u00a0 Direcci\u00f3n de Gesti\u00f3n Municipal. Prof. Pablo Villarruel . Donaci\u00f3n de bicicletas para ser destinadas a j\u00f3venes estudiantes. (Acta de Entrega Comisaria 24\u00b0) (H.P.LA.C.)<\/li>\n\n\n\n<li>Expte. N\u00b0 5.463 HC 067 \u2013 2.024 Proyecto de Ordenanza: Participaci\u00f3n de Veteranos de Malvinas en el Desfile Departamental de cada 16 de Noviembre. (E.H.M. A.SyC\u00a0 &#8211; H.P.L.A.C.)<\/li>\n\n\n\n<li>Expte. N\u00b0 5.470 HC 068 \u2013 2.024 Proyecto de Resoluci\u00f3n: Jornadas de Capacitaci\u00f3n sobre Especies Nativas. (E.H.M.A.S. y C.)<\/li>\n\n\n\n<li>Expte. N\u00b0 5.471 HC 068 \u2013 2.024 Proyecto de Resoluci\u00f3n:\u00a0 Declarar de Inter\u00e9s Departamental Social, Cultural y Deportivo el XI Torneo Nacional de Newcom a realizarse en el mes de agosto en el Pollideportivo Municipal Malal Hue. (E.H.M.A.S. y C.)<\/li>\n<\/ol>\n\n\n\n<p><strong>i<em>) Asuntos Varios. &nbsp;&nbsp;&nbsp;&nbsp;<\/em><\/strong><\/p>\n\n\n\n<p><strong><em>j) Acto de arriar el Pabell\u00f3n Nacional a cargo del &nbsp;concejal que lo <\/em><\/strong><strong>iz\u00f3.<\/strong><\/p>\n\n\n\n<p><strong>&nbsp;&nbsp;&nbsp;&nbsp;&nbsp;&nbsp;&nbsp;&nbsp;&nbsp;&nbsp;&nbsp;&nbsp;&nbsp;&nbsp;&nbsp;&nbsp;&nbsp;&nbsp;&nbsp;&nbsp;&nbsp;&nbsp;&nbsp;&nbsp;&nbsp;&nbsp;&nbsp;&nbsp;&nbsp;&nbsp;&nbsp;&nbsp;&nbsp;&nbsp;&nbsp;&nbsp;&nbsp;&nbsp;&nbsp;&nbsp;&nbsp;&nbsp;&nbsp;&nbsp;&nbsp;&nbsp;&nbsp;&nbsp;&nbsp;&nbsp;&nbsp;&nbsp;&nbsp;&nbsp;&nbsp;&nbsp;&nbsp;&nbsp;&nbsp;&nbsp;&nbsp;&nbsp;&nbsp;&nbsp;&nbsp;&nbsp;&nbsp;&nbsp;&nbsp;&nbsp; &nbsp;&nbsp;&nbsp;&nbsp; &nbsp;&nbsp;&nbsp;&nbsp;&nbsp;&nbsp; <\/strong>Presidencia, H.C.D., &nbsp;06 &nbsp;de agosto de 2.024<\/p>\n\n\n\n<p>CORRESPONDENCIA PARA LA SESI\u00d3N<\/p>\n\n\n\n<p>Del d\u00eda jueves 08 de agosto de 2.024<\/p>\n\n\n\n<p>NOTAS INGRESADAS<\/p>\n\n\n\n<ol class=\"wp-block-list\">\n<li>Sra. Patricia Alejandra Mart\u00ednez, adjunta nota remitida al Sr. Intendente Municipal solicitando trato igualitario en el pago de tasas municipales por inmuebles.<\/li>\n\n\n\n<li>Prof. Erica Della Bianca Directora de Cultura, eleva apreciaciones respecto a Proyecto de Ordenanza Noches de la Cuyan\u00eda, para su consideraci\u00f3n en la Comisi\u00f3n de Educaci\u00f3n.<\/li>\n\n\n\n<li>Sra. Cecilia Villegas, en representaci\u00f3n de vecinos de Cortina Forestal, solicitan hacer uso de la Banca del Ciudadano a fin de exponer inquietudes de la zona.<\/li>\n\n\n\n<li>Departamento Ejecutivo, remite copia de Convenio Marco con la Petrolera Aconcagua de Energ\u00eda S.A., \u00a0para la implementaci\u00f3n del Concurso alentando el Deporte, a los efectos pertinentes.<\/li>\n\n\n\n<li>Departamento Ejecutivo, remite copia de Decretos Municipales correspondientes al mes de Junio de 2.024, en formato digital, para conocimiento.<\/li>\n\n\n\n<li>Directivos de Escuelas N\u00b0 4-206 Mapu Mahuida y Escuela N\u00b0 4.191 Dr. Daniel Hugo Pierini, solicitan colaboraci\u00f3n para proyecto \u00a0a fin deq impulsar el desarrollo de la producci\u00f3n ganadera en la zona.<\/li>\n\n\n\n<li>Sr. Maximiliano Salvadores, eleva nota remitida a Monse\u00f1or Carlos Mar\u00eda Dom\u00ednguez, para conocimiento del Honorable Cuerpo.<\/li>\n\n\n\n<li>Sr. Maximiliano Salvadores, eleva adjunto fotocopias de Documento de Identidad.<\/li>\n\n\n\n<li>Concejal Rodrigo Hidalgo, Presidente del Honorable Concejo Deliberante , eleva Convenio Marco de Conformaci\u00f3n del Concejo Regional Sur, para la Comisi\u00f3n de Pasos Internacionales y Asuntos Regionales.<\/li>\n\n\n\n<li>Concejal Rodrigo Hidalgo, Presidente Honorable Concejo Deliberante, solicita celeridad y pronto despacho de Expte. N\u00b0 2.357\/2.024 obrante en Comisi\u00f3n de Hacienda, Presupuesto, Legislaci\u00f3n y Asuntos Constitucionales.<\/li>\n\n\n\n<li>Dra. Marisol de la Reta, Secretaria de Procuraci\u00f3n General, informa fecha de audiencia con el Dr. Gulle.<\/li>\n\n\n\n<li>Lic. Prof. Carolina Sandmeier, Regente Escuela Eugenio Izsaky, solicita colaboraci\u00f3n para concreci\u00f3n de viaje a Torneo Deportivo en la Ciudad de General Alvear.<\/li>\n\n\n\n<li>. Sr. Maximiliano Salvadores, solicita donaci\u00f3n de combustible para generador de Portezuelo del Viento Ruta 145.<\/li>\n<\/ol>\n\n\n\n<p>NOTAS&nbsp; EMITIDAS<\/p>\n\n\n\n<ol class=\"wp-block-list\">\n<li>\u00a0Al Procurador General Ministerio Publico Fiscal, solicitud de audiencia. \u00a0<\/li>\n\n\n\n<li>Al Sr. Intendente Municipal, solicitud de adscripci\u00f3n de agente calificado para el Area de Sistema de la Instituci\u00f3n.<\/li>\n\n\n\n<li>Al Sr. Intendente Municipal, remitiendo Exptes. N\u00b0 124\/2.023 y 606\/2.021 Plan de Ordenamiento Territorial, solicitado oportunamente.<\/li>\n\n\n\n<li>A la Secretaria de Desarrollo Humano, remitiendo nota HC 407\/2.024 Agrupaci\u00f3n Manta Tres Colores, solicitud de colaboraci\u00f3n para viaje a Rep\u00fablica de Chile.<\/li>\n\n\n\n<li>Al Sr. Intendente Municipal (a cargo) solicitando capacitaci\u00f3n para personal del Honorable Cuerpo.<\/li>\n<\/ol>\n\n\n\n<p><\/p>\n","protected":false},"excerpt":{"rendered":"<p>D\u00eda \u00a0Jueves 08 de agosto de 2.024 Hora: 09:00 a) Acto de Izar la Ense\u00f1a Patria\u00a0\u00a0a cargo del Sr. Concejal Osvaldo Mart\u00edn PALMA. \u00a0 b) Homenaje de los Se\u00f1ores Concejales. c) Consideraci\u00f3n Acta Sesi\u00f3n Ordinaria N\u00b0 1.166 &#8211; \u201cO\u201d &#8211; 2.024. d) Lectura del detalle de la correspondencia recibida y emitida. e) Determinaci\u00f3n de los [&hellip;]<\/p>\n","protected":false},"author":5,"featured_media":36926,"comment_status":"closed","ping_status":"closed","sticky":false,"template":"","format":"standard","meta":{"footnotes":""},"categories":[52,84,58,33,36],"tags":[],"class_list":["post-37401","post","type-post","status-publish","format-standard","has-post-thumbnail","hentry","category-gacetillas","category-orden-del-dia","category-ordinarias","category-prensa","category-sesiones"],"yoast_head":"<!-- This site is optimized with the Yoast SEO plugin v19.10 - https:\/\/yoast.com\/wordpress\/plugins\/seo\/ -->\n<title>ORDEN DEL DIA 19\u00b0 SESION ORDINARIA - Malarg\u00fce HCD<\/title>\n<meta name=\"robots\" content=\"index, follow, max-snippet:-1, max-image-preview:large, max-video-preview:-1\" \/>\n<link rel=\"canonical\" href=\"https:\/\/hcd.malargue.gov.ar\/?p=37401\" \/>\n<meta property=\"og:locale\" content=\"es_ES\" \/>\n<meta property=\"og:type\" content=\"article\" \/>\n<meta property=\"og:title\" content=\"ORDEN DEL DIA 19\u00b0 SESION ORDINARIA - Malarg\u00fce HCD\" \/>\n<meta property=\"og:description\" content=\"D\u00eda \u00a0Jueves 08 de agosto de 2.024 Hora: 09:00 a) Acto de Izar la Ense\u00f1a Patria\u00a0\u00a0a cargo del Sr. Concejal Osvaldo Mart\u00edn PALMA. \u00a0 b) Homenaje de los Se\u00f1ores Concejales. c) Consideraci\u00f3n Acta Sesi\u00f3n Ordinaria N\u00b0 1.166 &#8211; \u201cO\u201d &#8211; 2.024. d) Lectura del detalle de la correspondencia recibida y emitida. e) Determinaci\u00f3n de los [&hellip;]\" \/>\n<meta property=\"og:url\" content=\"https:\/\/hcd.malargue.gov.ar\/?p=37401\" \/>\n<meta property=\"og:site_name\" content=\"Malarg\u00fce HCD\" \/>\n<meta property=\"article:published_time\" content=\"2024-08-07T15:41:30+00:00\" \/>\n<meta property=\"article:modified_time\" content=\"2024-08-07T15:42:12+00:00\" \/>\n<meta property=\"og:image\" content=\"https:\/\/hcd.malargue.gov.ar\/wp-content\/uploads\/2024\/05\/ORDINARIAS-sesiones.png\" \/>\n\t<meta property=\"og:image:width\" content=\"1640\" \/>\n\t<meta property=\"og:image:height\" content=\"924\" \/>\n\t<meta property=\"og:image:type\" content=\"image\/png\" \/>\n<meta name=\"author\" content=\"Belen Pedernera Ferragut\" \/>\n<meta name=\"twitter:card\" content=\"summary_large_image\" \/>\n<meta name=\"twitter:label1\" content=\"Escrito por\" \/>\n\t<meta name=\"twitter:data1\" content=\"Belen Pedernera Ferragut\" \/>\n\t<meta name=\"twitter:label2\" content=\"Tiempo de lectura\" \/>\n\t<meta name=\"twitter:data2\" content=\"5 minutos\" \/>\n<script type=\"application\/ld+json\" class=\"yoast-schema-graph\">{\"@context\":\"https:\/\/schema.org\",\"@graph\":[{\"@type\":\"WebPage\",\"@id\":\"https:\/\/hcd.malargue.gov.ar\/?p=37401\",\"url\":\"https:\/\/hcd.malargue.gov.ar\/?p=37401\",\"name\":\"ORDEN DEL DIA 19\u00b0 SESION ORDINARIA - Malarg\u00fce HCD\",\"isPartOf\":{\"@id\":\"https:\/\/hcd.malargue.gov.ar\/#website\"},\"datePublished\":\"2024-08-07T15:41:30+00:00\",\"dateModified\":\"2024-08-07T15:42:12+00:00\",\"author\":{\"@id\":\"https:\/\/hcd.malargue.gov.ar\/#\/schema\/person\/3fd6bbab64edd703961b795156c955d0\"},\"breadcrumb\":{\"@id\":\"https:\/\/hcd.malargue.gov.ar\/?p=37401#breadcrumb\"},\"inLanguage\":\"es-AR\",\"potentialAction\":[{\"@type\":\"ReadAction\",\"target\":[\"https:\/\/hcd.malargue.gov.ar\/?p=37401\"]}]},{\"@type\":\"BreadcrumbList\",\"@id\":\"https:\/\/hcd.malargue.gov.ar\/?p=37401#breadcrumb\",\"itemListElement\":[{\"@type\":\"ListItem\",\"position\":1,\"name\":\"Inicio\",\"item\":\"https:\/\/hcd.malargue.gov.ar\/\"},{\"@type\":\"ListItem\",\"position\":2,\"name\":\"ORDEN DEL DIA 19\u00b0 SESION ORDINARIA\"}]},{\"@type\":\"WebSite\",\"@id\":\"https:\/\/hcd.malargue.gov.ar\/#website\",\"url\":\"https:\/\/hcd.malargue.gov.ar\/\",\"name\":\"Malarg\u00fce HCD\",\"description\":\"Malarg\u00fce Mendoza Argentina\",\"potentialAction\":[{\"@type\":\"SearchAction\",\"target\":{\"@type\":\"EntryPoint\",\"urlTemplate\":\"https:\/\/hcd.malargue.gov.ar\/?s={search_term_string}\"},\"query-input\":\"required name=search_term_string\"}],\"inLanguage\":\"es-AR\"},{\"@type\":\"Person\",\"@id\":\"https:\/\/hcd.malargue.gov.ar\/#\/schema\/person\/3fd6bbab64edd703961b795156c955d0\",\"name\":\"Belen Pedernera Ferragut\",\"image\":{\"@type\":\"ImageObject\",\"inLanguage\":\"es-AR\",\"@id\":\"https:\/\/hcd.malargue.gov.ar\/#\/schema\/person\/image\/\",\"url\":\"https:\/\/secure.gravatar.com\/avatar\/1054ffab3893de4bb3eb29bdd22f7e34b8537bf5d34d9dab311818154ad5b71f?s=96&d=mm&r=g\",\"contentUrl\":\"https:\/\/secure.gravatar.com\/avatar\/1054ffab3893de4bb3eb29bdd22f7e34b8537bf5d34d9dab311818154ad5b71f?s=96&d=mm&r=g\",\"caption\":\"Belen Pedernera Ferragut\"},\"url\":\"https:\/\/hcd.malargue.gov.ar\/?author=5\"}]}<\/script>\n<!-- \/ Yoast SEO plugin. -->","yoast_head_json":{"title":"ORDEN DEL DIA 19\u00b0 SESION ORDINARIA - Malarg\u00fce HCD","robots":{"index":"index","follow":"follow","max-snippet":"max-snippet:-1","max-image-preview":"max-image-preview:large","max-video-preview":"max-video-preview:-1"},"canonical":"https:\/\/hcd.malargue.gov.ar\/?p=37401","og_locale":"es_ES","og_type":"article","og_title":"ORDEN DEL DIA 19\u00b0 SESION ORDINARIA - Malarg\u00fce HCD","og_description":"D\u00eda \u00a0Jueves 08 de agosto de 2.024 Hora: 09:00 a) Acto de Izar la Ense\u00f1a Patria\u00a0\u00a0a cargo del Sr. Concejal Osvaldo Mart\u00edn PALMA. \u00a0 b) Homenaje de los Se\u00f1ores Concejales. c) Consideraci\u00f3n Acta Sesi\u00f3n Ordinaria N\u00b0 1.166 &#8211; \u201cO\u201d &#8211; 2.024. d) Lectura del detalle de la correspondencia recibida y emitida. e) Determinaci\u00f3n de los [&hellip;]","og_url":"https:\/\/hcd.malargue.gov.ar\/?p=37401","og_site_name":"Malarg\u00fce HCD","article_published_time":"2024-08-07T15:41:30+00:00","article_modified_time":"2024-08-07T15:42:12+00:00","og_image":[{"width":1640,"height":924,"url":"https:\/\/hcd.malargue.gov.ar\/wp-content\/uploads\/2024\/05\/ORDINARIAS-sesiones.png","type":"image\/png"}],"author":"Belen Pedernera Ferragut","twitter_card":"summary_large_image","twitter_misc":{"Escrito por":"Belen Pedernera Ferragut","Tiempo de lectura":"5 minutos"},"schema":{"@context":"https:\/\/schema.org","@graph":[{"@type":"WebPage","@id":"https:\/\/hcd.malargue.gov.ar\/?p=37401","url":"https:\/\/hcd.malargue.gov.ar\/?p=37401","name":"ORDEN DEL DIA 19\u00b0 SESION ORDINARIA - Malarg\u00fce HCD","isPartOf":{"@id":"https:\/\/hcd.malargue.gov.ar\/#website"},"datePublished":"2024-08-07T15:41:30+00:00","dateModified":"2024-08-07T15:42:12+00:00","author":{"@id":"https:\/\/hcd.malargue.gov.ar\/#\/schema\/person\/3fd6bbab64edd703961b795156c955d0"},"breadcrumb":{"@id":"https:\/\/hcd.malargue.gov.ar\/?p=37401#breadcrumb"},"inLanguage":"es-AR","potentialAction":[{"@type":"ReadAction","target":["https:\/\/hcd.malargue.gov.ar\/?p=37401"]}]},{"@type":"BreadcrumbList","@id":"https:\/\/hcd.malargue.gov.ar\/?p=37401#breadcrumb","itemListElement":[{"@type":"ListItem","position":1,"name":"Inicio","item":"https:\/\/hcd.malargue.gov.ar\/"},{"@type":"ListItem","position":2,"name":"ORDEN DEL DIA 19\u00b0 SESION ORDINARIA"}]},{"@type":"WebSite","@id":"https:\/\/hcd.malargue.gov.ar\/#website","url":"https:\/\/hcd.malargue.gov.ar\/","name":"Malarg\u00fce HCD","description":"Malarg\u00fce Mendoza Argentina","potentialAction":[{"@type":"SearchAction","target":{"@type":"EntryPoint","urlTemplate":"https:\/\/hcd.malargue.gov.ar\/?s={search_term_string}"},"query-input":"required name=search_term_string"}],"inLanguage":"es-AR"},{"@type":"Person","@id":"https:\/\/hcd.malargue.gov.ar\/#\/schema\/person\/3fd6bbab64edd703961b795156c955d0","name":"Belen Pedernera Ferragut","image":{"@type":"ImageObject","inLanguage":"es-AR","@id":"https:\/\/hcd.malargue.gov.ar\/#\/schema\/person\/image\/","url":"https:\/\/secure.gravatar.com\/avatar\/1054ffab3893de4bb3eb29bdd22f7e34b8537bf5d34d9dab311818154ad5b71f?s=96&d=mm&r=g","contentUrl":"https:\/\/secure.gravatar.com\/avatar\/1054ffab3893de4bb3eb29bdd22f7e34b8537bf5d34d9dab311818154ad5b71f?s=96&d=mm&r=g","caption":"Belen Pedernera Ferragut"},"url":"https:\/\/hcd.malargue.gov.ar\/?author=5"}]}},"_links":{"self":[{"href":"https:\/\/hcd.malargue.gov.ar\/index.php?rest_route=\/wp\/v2\/posts\/37401","targetHints":{"allow":["GET"]}}],"collection":[{"href":"https:\/\/hcd.malargue.gov.ar\/index.php?rest_route=\/wp\/v2\/posts"}],"about":[{"href":"https:\/\/hcd.malargue.gov.ar\/index.php?rest_route=\/wp\/v2\/types\/post"}],"author":[{"embeddable":true,"href":"https:\/\/hcd.malargue.gov.ar\/index.php?rest_route=\/wp\/v2\/users\/5"}],"replies":[{"embeddable":true,"href":"https:\/\/hcd.malargue.gov.ar\/index.php?rest_route=%2Fwp%2Fv2%2Fcomments&post=37401"}],"version-history":[{"count":2,"href":"https:\/\/hcd.malargue.gov.ar\/index.php?rest_route=\/wp\/v2\/posts\/37401\/revisions"}],"predecessor-version":[{"id":37403,"href":"https:\/\/hcd.malargue.gov.ar\/index.php?rest_route=\/wp\/v2\/posts\/37401\/revisions\/37403"}],"wp:featuredmedia":[{"embeddable":true,"href":"https:\/\/hcd.malargue.gov.ar\/index.php?rest_route=\/wp\/v2\/media\/36926"}],"wp:attachment":[{"href":"https:\/\/hcd.malargue.gov.ar\/index.php?rest_route=%2Fwp%2Fv2%2Fmedia&parent=37401"}],"wp:term":[{"taxonomy":"category","embeddable":true,"href":"https:\/\/hcd.malargue.gov.ar\/index.php?rest_route=%2Fwp%2Fv2%2Fcategories&post=37401"},{"taxonomy":"post_tag","embeddable":true,"href":"https:\/\/hcd.malargue.gov.ar\/index.php?rest_route=%2Fwp%2Fv2%2Ftags&post=37401"}],"curies":[{"name":"wp","href":"https:\/\/api.w.org\/{rel}","templated":true}]}}