{"id":37417,"date":"2024-08-12T11:02:32","date_gmt":"2024-08-12T14:02:32","guid":{"rendered":"https:\/\/hcd.malargue.gov.ar\/?p=37417"},"modified":"2024-08-12T11:06:17","modified_gmt":"2024-08-12T14:06:17","slug":"resolucion-n-229-2-024","status":"publish","type":"post","link":"https:\/\/hcd.malargue.gov.ar\/?p=37417","title":{"rendered":"RESOLUCION N\u00b0 229\/2.024"},"content":{"rendered":"\n<h4 class=\"wp-block-heading has-text-align-center\">El HCD Malarg\u00fce promueve una capacitaci\u00f3n sobre Especies Nativas\u00a0<\/h4>\n\n\n\n<p><em>El Honorable Concejo Deliberante aprob\u00f3 una Resoluci\u00f3n para organizar la primera &#8220;Jornada de Capacitaci\u00f3n sobre Especies Nativas&#8221; del departamento. La medida, impulsada por el Bloque del Partido Justicialista, tiene como objetivo educar a la comunidad sobre la conservaci\u00f3n y manejo de la flora local, esencial para el equilibrio ecol\u00f3gico de la regi\u00f3n.<\/em><\/p>\n\n\n\n<p><em>Con esta iniciativa, Malarg\u00fce busca fortalecer los esfuerzos de preservaci\u00f3n ambiental y promover un mayor conocimiento sobre la vegetaci\u00f3n nativa entre sus habitantes.<\/em><\/p>\n\n\n\n<p class=\"has-text-align-center\"><strong>MIRA LA PIEZA LEGAL COMPLETA<\/strong><\/p>\n\n\n<div class=\"wp-block-image\">\n<figure class=\"alignright is-resized\"><a href=\"http:\/\/hcd.malargue.gov.ar\/2024\/rn%20229%202024%20Jornadas%20Especies%20Nativas.pdf\"><img loading=\"lazy\" decoding=\"async\" width=\"512\" height=\"512\" src=\"https:\/\/hcd.malargue.gov.ar\/wp-content\/uploads\/2018\/06\/PDF-JPG.jpg\" alt=\"\" class=\"wp-image-7950\" style=\"width:131px;height:auto\" srcset=\"https:\/\/hcd.malargue.gov.ar\/wp-content\/uploads\/2018\/06\/PDF-JPG.jpg 512w, https:\/\/hcd.malargue.gov.ar\/wp-content\/uploads\/2018\/06\/PDF-JPG-150x150.jpg 150w, https:\/\/hcd.malargue.gov.ar\/wp-content\/uploads\/2018\/06\/PDF-JPG-300x300.jpg 300w\" sizes=\"auto, (max-width: 512px) 100vw, 512px\" \/><\/a><\/figure>\n<\/div>\n\n\n<p><strong>AUTORES: CONCEJALES PABLO CABRERA, MAGALI ACOSTA Y EMILCE MANSILLA<\/strong><\/p>\n\n\n\n<p><strong>BLOQUE PARTIDO JUSTICIALISTA&nbsp;<\/strong><\/p>\n\n\n\n<p>VISTO: El contenido del Expte. N\u00ba 5.470-HC-068-2.024. Bloque Partido Justicialista. Proyecto de Resoluci\u00f3n: \u201cJornadas de Capacitaci\u00f3n sobre Especies Nativas.\u201d<\/p>\n\n\n\n<p>&nbsp;&nbsp;&nbsp;&nbsp;&nbsp;&nbsp;&nbsp;&nbsp;&nbsp;&nbsp;&nbsp; Que se declarar\u00e1 en nuestro Departamento la Emergencia Ambiental, se hace necesario capacitar en especies nativas para la reparaci\u00f3n ambiental correspondiente.<\/p>\n\n\n\n<p>&nbsp;&nbsp;&nbsp;&nbsp;&nbsp;&nbsp;&nbsp;&nbsp;&nbsp;&nbsp;&nbsp; y;<\/p>\n\n\n\n<p>CONSIDERANDO : Que la Emergencia Ambiental no solo habla de los forestales de la zona  urbana, sino tambi\u00e9n de\u00a0 la vegetaci\u00f3n de todo el Departamento, puesta en peligro por distinto factores, tales como; industriales, tur\u00edsticos, deportivos, etc.<\/p>\n\n\n\n<p>&nbsp;&nbsp;&nbsp;&nbsp;&nbsp;&nbsp;&nbsp;&nbsp;&nbsp;&nbsp;&nbsp; Que el Departamento de Malarg\u00fce posee caracter\u00edsticas particulares en sus especies de flora nativa, debido a su clima y ubicaci\u00f3n geogr\u00e1fica.<\/p>\n\n\n\n<p>&nbsp;&nbsp;&nbsp;&nbsp;&nbsp;&nbsp;&nbsp;&nbsp;&nbsp;&nbsp;&nbsp; Que se hace necesario dar a conocer esas caracter\u00edsticas particulares, a fin de ayudar a preservar nuestras especies nativas, conservando as\u00ed la naturaleza y contribuyendo con ese cuidado para seguir luchando contra el cambio clim\u00e1tico, favoreciendo, tambi\u00e9n, a las especies animales que viven y dependen de nuestra flora aut\u00f3ctona.<\/p>\n\n\n\n<p>&nbsp;&nbsp;&nbsp;&nbsp;&nbsp;&nbsp;&nbsp;&nbsp;&nbsp;&nbsp;&nbsp; Que conocer sus caracter\u00edsticas y comportamientos, nos permitir\u00eda reparar los da\u00f1os ocasionados por factores externos.<\/p>\n\n\n\n<p>&nbsp;&nbsp;&nbsp;&nbsp;&nbsp;&nbsp;&nbsp;&nbsp;&nbsp;&nbsp;&nbsp; Quedada la \u00e9poca del a\u00f1o, se hace urgente tomar medidas que nos permitan comenzar con la mayor celeridad posible, el trabajo de reparaci\u00f3n en las zona afectadas.<\/p>\n\n\n\n<p>EL HONORABLE CONCEJO DELIBERANTE DE LA MUNICIPALIDAD DE MALARG\u00dcE&nbsp; EN USO DE LAS FACULTADES QUE LE SON PROPIAS<\/p>\n\n\n\n<p>RESUELVE<\/p>\n\n\n\n<p>ARTICULO\u00a0 1\u00ba: Solicitar al Departamento Ejecutivo Municipal, la realizaci\u00f3n de la \u201c1\u00ba Jornada de Capacitaci\u00f3n de Especies Nativas\u201d.<\/p>\n\n\n\n<p>ARTICULO&nbsp; 2\u00ba: Solicitar al Departamento Ejecutivo, haga la invitaci\u00f3n correspondiente al Dr. Antonio Daniel Dalmasso, miembro del CONICET y especialista en la materia.<\/p>\n\n\n\n<p>ARTICULO 3\u00ba: Solicitar al Departamento Ejecutivo realizar la invitaci\u00f3n y comunicaci\u00f3n adecuada a&nbsp; medios de prensa e Instituciones interesadas, a saber, Cooperativas de Trabajo, Escuelas de Ense\u00f1anza Agropecuaria, Tecnicatura en Conservaci\u00f3n de la Naturaleza del Instituto de Educaci\u00f3n Superior N\u00b0 9-016 \u201cJorge E. Coll\u201d, Direcci\u00f3n de Recursos Naturales Renovables, Instituto Nacional Tecnolog\u00eda Agropecuaria, Centro Internacional Ciencias de la Tierra, pobladores rurales, entre otros como potenciales reparadores de nuestro ecosistema y \u00c1reas- Direcciones del Departamento Ejecutivo Municipal que estime corresponda con fines a la tem\u00e1tica.<\/p>\n\n\n\n<p>ARTICULO&nbsp; 4\u00ba: Comun\u00edquese, reg\u00edstrese, agr\u00e9guese copia de la presente en las actuaciones correspondientes y arch\u00edvese.<\/p>\n\n\n\n<p>DADA EN LA SALA DE SESIONES DR. RICARDO BALBIN DEL HONORABLE CONCEJO DELIBERANTE DE LA MUNICIPALIDAD DE MALARG\u00dcE A OCHO D\u00cdAS DE AGOSTO DE DOS MIL VEINTICUATRO<\/p>\n","protected":false},"excerpt":{"rendered":"<p>El HCD Malarg\u00fce promueve una capacitaci\u00f3n sobre Especies Nativas\u00a0 El Honorable Concejo Deliberante aprob\u00f3 una Resoluci\u00f3n para organizar la primera &#8220;Jornada de Capacitaci\u00f3n sobre Especies Nativas&#8221; del departamento. La medida, impulsada por el Bloque del Partido Justicialista, tiene como objetivo educar a la comunidad sobre la conservaci\u00f3n y manejo de la flora local, esencial para [&hellip;]<\/p>\n","protected":false},"author":5,"featured_media":37419,"comment_status":"closed","ping_status":"closed","sticky":false,"template":"","format":"standard","meta":{"footnotes":""},"categories":[52,29,33,51],"tags":[],"class_list":["post-37417","post","type-post","status-publish","format-standard","has-post-thumbnail","hentry","category-gacetillas","category-lesgilacion","category-prensa","category-resoluciones"],"yoast_head":"<!-- This site is optimized with the Yoast SEO plugin v19.10 - https:\/\/yoast.com\/wordpress\/plugins\/seo\/ -->\n<title>RESOLUCION N\u00b0 229\/2.024 - Malarg\u00fce HCD<\/title>\n<meta name=\"robots\" content=\"index, follow, max-snippet:-1, max-image-preview:large, max-video-preview:-1\" \/>\n<link rel=\"canonical\" href=\"https:\/\/hcd.malargue.gov.ar\/?p=37417\" \/>\n<meta property=\"og:locale\" content=\"es_ES\" \/>\n<meta property=\"og:type\" content=\"article\" \/>\n<meta property=\"og:title\" content=\"RESOLUCION N\u00b0 229\/2.024 - Malarg\u00fce HCD\" \/>\n<meta property=\"og:description\" content=\"El HCD Malarg\u00fce promueve una capacitaci\u00f3n sobre Especies Nativas\u00a0 El Honorable Concejo Deliberante aprob\u00f3 una Resoluci\u00f3n para organizar la primera &#8220;Jornada de Capacitaci\u00f3n sobre Especies Nativas&#8221; del departamento. La medida, impulsada por el Bloque del Partido Justicialista, tiene como objetivo educar a la comunidad sobre la conservaci\u00f3n y manejo de la flora local, esencial para [&hellip;]\" \/>\n<meta property=\"og:url\" content=\"https:\/\/hcd.malargue.gov.ar\/?p=37417\" \/>\n<meta property=\"og:site_name\" content=\"Malarg\u00fce HCD\" \/>\n<meta property=\"article:published_time\" content=\"2024-08-12T14:02:32+00:00\" \/>\n<meta property=\"article:modified_time\" content=\"2024-08-12T14:06:17+00:00\" \/>\n<meta property=\"og:image\" content=\"https:\/\/hcd.malargue.gov.ar\/wp-content\/uploads\/2024\/08\/RESOLUCION-229-2024-1.png\" \/>\n\t<meta property=\"og:image:width\" content=\"940\" \/>\n\t<meta property=\"og:image:height\" content=\"788\" \/>\n\t<meta property=\"og:image:type\" content=\"image\/png\" \/>\n<meta name=\"author\" content=\"Belen Pedernera Ferragut\" \/>\n<meta name=\"twitter:card\" content=\"summary_large_image\" \/>\n<meta name=\"twitter:label1\" content=\"Escrito por\" \/>\n\t<meta name=\"twitter:data1\" content=\"Belen Pedernera Ferragut\" \/>\n\t<meta name=\"twitter:label2\" content=\"Tiempo de lectura\" \/>\n\t<meta name=\"twitter:data2\" content=\"3 minutos\" \/>\n<script type=\"application\/ld+json\" class=\"yoast-schema-graph\">{\"@context\":\"https:\/\/schema.org\",\"@graph\":[{\"@type\":\"WebPage\",\"@id\":\"https:\/\/hcd.malargue.gov.ar\/?p=37417\",\"url\":\"https:\/\/hcd.malargue.gov.ar\/?p=37417\",\"name\":\"RESOLUCION N\u00b0 229\/2.024 - Malarg\u00fce HCD\",\"isPartOf\":{\"@id\":\"https:\/\/hcd.malargue.gov.ar\/#website\"},\"datePublished\":\"2024-08-12T14:02:32+00:00\",\"dateModified\":\"2024-08-12T14:06:17+00:00\",\"author\":{\"@id\":\"https:\/\/hcd.malargue.gov.ar\/#\/schema\/person\/3fd6bbab64edd703961b795156c955d0\"},\"breadcrumb\":{\"@id\":\"https:\/\/hcd.malargue.gov.ar\/?p=37417#breadcrumb\"},\"inLanguage\":\"es-AR\",\"potentialAction\":[{\"@type\":\"ReadAction\",\"target\":[\"https:\/\/hcd.malargue.gov.ar\/?p=37417\"]}]},{\"@type\":\"BreadcrumbList\",\"@id\":\"https:\/\/hcd.malargue.gov.ar\/?p=37417#breadcrumb\",\"itemListElement\":[{\"@type\":\"ListItem\",\"position\":1,\"name\":\"Inicio\",\"item\":\"https:\/\/hcd.malargue.gov.ar\/\"},{\"@type\":\"ListItem\",\"position\":2,\"name\":\"RESOLUCION N\u00b0 229\/2.024\"}]},{\"@type\":\"WebSite\",\"@id\":\"https:\/\/hcd.malargue.gov.ar\/#website\",\"url\":\"https:\/\/hcd.malargue.gov.ar\/\",\"name\":\"Malarg\u00fce HCD\",\"description\":\"Malarg\u00fce Mendoza Argentina\",\"potentialAction\":[{\"@type\":\"SearchAction\",\"target\":{\"@type\":\"EntryPoint\",\"urlTemplate\":\"https:\/\/hcd.malargue.gov.ar\/?s={search_term_string}\"},\"query-input\":\"required name=search_term_string\"}],\"inLanguage\":\"es-AR\"},{\"@type\":\"Person\",\"@id\":\"https:\/\/hcd.malargue.gov.ar\/#\/schema\/person\/3fd6bbab64edd703961b795156c955d0\",\"name\":\"Belen Pedernera Ferragut\",\"image\":{\"@type\":\"ImageObject\",\"inLanguage\":\"es-AR\",\"@id\":\"https:\/\/hcd.malargue.gov.ar\/#\/schema\/person\/image\/\",\"url\":\"https:\/\/secure.gravatar.com\/avatar\/1054ffab3893de4bb3eb29bdd22f7e34b8537bf5d34d9dab311818154ad5b71f?s=96&d=mm&r=g\",\"contentUrl\":\"https:\/\/secure.gravatar.com\/avatar\/1054ffab3893de4bb3eb29bdd22f7e34b8537bf5d34d9dab311818154ad5b71f?s=96&d=mm&r=g\",\"caption\":\"Belen Pedernera Ferragut\"},\"url\":\"https:\/\/hcd.malargue.gov.ar\/?author=5\"}]}<\/script>\n<!-- \/ Yoast SEO plugin. -->","yoast_head_json":{"title":"RESOLUCION N\u00b0 229\/2.024 - Malarg\u00fce HCD","robots":{"index":"index","follow":"follow","max-snippet":"max-snippet:-1","max-image-preview":"max-image-preview:large","max-video-preview":"max-video-preview:-1"},"canonical":"https:\/\/hcd.malargue.gov.ar\/?p=37417","og_locale":"es_ES","og_type":"article","og_title":"RESOLUCION N\u00b0 229\/2.024 - Malarg\u00fce HCD","og_description":"El HCD Malarg\u00fce promueve una capacitaci\u00f3n sobre Especies Nativas\u00a0 El Honorable Concejo Deliberante aprob\u00f3 una Resoluci\u00f3n para organizar la primera &#8220;Jornada de Capacitaci\u00f3n sobre Especies Nativas&#8221; del departamento. La medida, impulsada por el Bloque del Partido Justicialista, tiene como objetivo educar a la comunidad sobre la conservaci\u00f3n y manejo de la flora local, esencial para [&hellip;]","og_url":"https:\/\/hcd.malargue.gov.ar\/?p=37417","og_site_name":"Malarg\u00fce HCD","article_published_time":"2024-08-12T14:02:32+00:00","article_modified_time":"2024-08-12T14:06:17+00:00","og_image":[{"width":940,"height":788,"url":"https:\/\/hcd.malargue.gov.ar\/wp-content\/uploads\/2024\/08\/RESOLUCION-229-2024-1.png","type":"image\/png"}],"author":"Belen Pedernera Ferragut","twitter_card":"summary_large_image","twitter_misc":{"Escrito por":"Belen Pedernera Ferragut","Tiempo de lectura":"3 minutos"},"schema":{"@context":"https:\/\/schema.org","@graph":[{"@type":"WebPage","@id":"https:\/\/hcd.malargue.gov.ar\/?p=37417","url":"https:\/\/hcd.malargue.gov.ar\/?p=37417","name":"RESOLUCION N\u00b0 229\/2.024 - Malarg\u00fce HCD","isPartOf":{"@id":"https:\/\/hcd.malargue.gov.ar\/#website"},"datePublished":"2024-08-12T14:02:32+00:00","dateModified":"2024-08-12T14:06:17+00:00","author":{"@id":"https:\/\/hcd.malargue.gov.ar\/#\/schema\/person\/3fd6bbab64edd703961b795156c955d0"},"breadcrumb":{"@id":"https:\/\/hcd.malargue.gov.ar\/?p=37417#breadcrumb"},"inLanguage":"es-AR","potentialAction":[{"@type":"ReadAction","target":["https:\/\/hcd.malargue.gov.ar\/?p=37417"]}]},{"@type":"BreadcrumbList","@id":"https:\/\/hcd.malargue.gov.ar\/?p=37417#breadcrumb","itemListElement":[{"@type":"ListItem","position":1,"name":"Inicio","item":"https:\/\/hcd.malargue.gov.ar\/"},{"@type":"ListItem","position":2,"name":"RESOLUCION N\u00b0 229\/2.024"}]},{"@type":"WebSite","@id":"https:\/\/hcd.malargue.gov.ar\/#website","url":"https:\/\/hcd.malargue.gov.ar\/","name":"Malarg\u00fce HCD","description":"Malarg\u00fce Mendoza Argentina","potentialAction":[{"@type":"SearchAction","target":{"@type":"EntryPoint","urlTemplate":"https:\/\/hcd.malargue.gov.ar\/?s={search_term_string}"},"query-input":"required name=search_term_string"}],"inLanguage":"es-AR"},{"@type":"Person","@id":"https:\/\/hcd.malargue.gov.ar\/#\/schema\/person\/3fd6bbab64edd703961b795156c955d0","name":"Belen Pedernera Ferragut","image":{"@type":"ImageObject","inLanguage":"es-AR","@id":"https:\/\/hcd.malargue.gov.ar\/#\/schema\/person\/image\/","url":"https:\/\/secure.gravatar.com\/avatar\/1054ffab3893de4bb3eb29bdd22f7e34b8537bf5d34d9dab311818154ad5b71f?s=96&d=mm&r=g","contentUrl":"https:\/\/secure.gravatar.com\/avatar\/1054ffab3893de4bb3eb29bdd22f7e34b8537bf5d34d9dab311818154ad5b71f?s=96&d=mm&r=g","caption":"Belen Pedernera Ferragut"},"url":"https:\/\/hcd.malargue.gov.ar\/?author=5"}]}},"_links":{"self":[{"href":"https:\/\/hcd.malargue.gov.ar\/index.php?rest_route=\/wp\/v2\/posts\/37417","targetHints":{"allow":["GET"]}}],"collection":[{"href":"https:\/\/hcd.malargue.gov.ar\/index.php?rest_route=\/wp\/v2\/posts"}],"about":[{"href":"https:\/\/hcd.malargue.gov.ar\/index.php?rest_route=\/wp\/v2\/types\/post"}],"author":[{"embeddable":true,"href":"https:\/\/hcd.malargue.gov.ar\/index.php?rest_route=\/wp\/v2\/users\/5"}],"replies":[{"embeddable":true,"href":"https:\/\/hcd.malargue.gov.ar\/index.php?rest_route=%2Fwp%2Fv2%2Fcomments&post=37417"}],"version-history":[{"count":2,"href":"https:\/\/hcd.malargue.gov.ar\/index.php?rest_route=\/wp\/v2\/posts\/37417\/revisions"}],"predecessor-version":[{"id":37421,"href":"https:\/\/hcd.malargue.gov.ar\/index.php?rest_route=\/wp\/v2\/posts\/37417\/revisions\/37421"}],"wp:featuredmedia":[{"embeddable":true,"href":"https:\/\/hcd.malargue.gov.ar\/index.php?rest_route=\/wp\/v2\/media\/37419"}],"wp:attachment":[{"href":"https:\/\/hcd.malargue.gov.ar\/index.php?rest_route=%2Fwp%2Fv2%2Fmedia&parent=37417"}],"wp:term":[{"taxonomy":"category","embeddable":true,"href":"https:\/\/hcd.malargue.gov.ar\/index.php?rest_route=%2Fwp%2Fv2%2Fcategories&post=37417"},{"taxonomy":"post_tag","embeddable":true,"href":"https:\/\/hcd.malargue.gov.ar\/index.php?rest_route=%2Fwp%2Fv2%2Ftags&post=37417"}],"curies":[{"name":"wp","href":"https:\/\/api.w.org\/{rel}","templated":true}]}}