{"id":37443,"date":"2024-08-15T10:57:30","date_gmt":"2024-08-15T13:57:30","guid":{"rendered":"https:\/\/hcd.malargue.gov.ar\/?p=37443"},"modified":"2024-08-15T10:57:34","modified_gmt":"2024-08-15T13:57:34","slug":"el-hcd-llevo-a-cabo-la-20-sesion-ordinaria-aprobando-una-declaracion","status":"publish","type":"post","link":"https:\/\/hcd.malargue.gov.ar\/?p=37443","title":{"rendered":"EL HCD LLEV\u00d3 A CABO LA 20\u00b0 SESI\u00d3N ORDINARIA APROBANDO UNA DECLARACI\u00d3N"},"content":{"rendered":"\n<h6 class=\"wp-block-heading has-text-align-right\">SESI\u00d3N ORDINARIA \u2013\u00a0 15 de Agosto del 2024<\/h6>\n\n\n\n<h6 class=\"wp-block-heading has-text-align-right\">Presidiendo la Sesi\u00f3n:&nbsp;&nbsp;Concejal Rodrigo Hidalgo  (Bloque Partido Justicialista)<\/h6>\n\n\n\n<h6 class=\"wp-block-heading has-text-align-right\">Concejales Presentes:&nbsp; Magali Acosta, Emilce Mansilla, Pablo Cabrera (Bloque Partido Justicialista),  Silvina Camiolo (Reconstruyendo Malarg\u00fce), Francisco Parada (Bloque Partido Encuentro)&nbsp;Viviana Mosca, Pablo Villarruel (Bloque Frente Cambia Mendoza) Martin Palma (Bloque UCR-Independiente), Elizabeth Gonzalez (Bloque Uni\u00f3n Mendocina)<\/h6>\n\n\n<div class=\"wp-block-image\">\n<figure class=\"alignright size-large is-resized\"><img loading=\"lazy\" decoding=\"async\" width=\"849\" height=\"1024\" src=\"https:\/\/hcd.malargue.gov.ar\/wp-content\/uploads\/2024\/08\/455568361_817056603933563_1845454907668311477_n-849x1024.jpg\" alt=\"\" class=\"wp-image-37445\" style=\"width:201px;height:auto\" srcset=\"https:\/\/hcd.malargue.gov.ar\/wp-content\/uploads\/2024\/08\/455568361_817056603933563_1845454907668311477_n-849x1024.jpg 849w, https:\/\/hcd.malargue.gov.ar\/wp-content\/uploads\/2024\/08\/455568361_817056603933563_1845454907668311477_n-249x300.jpg 249w, https:\/\/hcd.malargue.gov.ar\/wp-content\/uploads\/2024\/08\/455568361_817056603933563_1845454907668311477_n-768x926.jpg 768w, https:\/\/hcd.malargue.gov.ar\/wp-content\/uploads\/2024\/08\/455568361_817056603933563_1845454907668311477_n.jpg 876w\" sizes=\"auto, (max-width: 849px) 100vw, 849px\" \/><\/figure>\n<\/div>\n\n\n<p>A las 8:50 de este d\u00eda jueves\u00a0de 15 agosto del a\u00f1o en curso, los Ediles recibieron al Sra. Cecilia Villegas en representacion de vecinos de Cortina Forestal.quien en el marco de la <a href=\"https:\/\/hcd.malargue.gov.ar\/?p=33279\">Resoluci\u00f3n N\u00ba 2.109\/94<\/a>, hizo uso de la Banca del Ciudadano para exponer sobre Inquietudes respecto a zona Cortina Forestal, el tema fue elevado a la Comisi\u00f3n de EHMASyC y posteriormente a la Comisi\u00f3n de OPTyRN.<\/p>\n\n\n\n<p>Continuando con el cumplimiento del <a href=\"https:\/\/hcd.malargue.gov.ar\/?p=37439\">Orden del D\u00eda <\/a>elevaron 4 Proyectos de los Sres Concejales a las distintas Comisiones de trabajo para su correspondiente tratamiento. Detalle:<\/p>\n\n\n\n<blockquote class=\"wp-block-quote is-layout-flow wp-block-quote-is-layout-flow\">\n<p><strong><em>La COMISI\u00d3N DE EDUCACI\u00d3N, HIGIENE, MORALIDAD, ACCI\u00d3N SOCIAL Y CULTURA (EHMASyC) recepcionar\u00e1\u00a02 proyectos:\u00a0<\/em><\/strong><\/p>\n\n\n\n<ul class=\"wp-block-list\">\n<li>Expte. N\u00b0 5.477 HC 068 \u2013 2.024\u00a0 \u00a0Proyecto de Resoluci\u00f3n:\u00a0 Declaraci\u00f3n de Interes de XVIII Jornada Cordillera Sur. (BLOQUE RECONSTRUYENDO MALARG\u00dcE) Autora: Concejal Silvina Camiolo.<\/li>\n\n\n\n<li>Expte. N\u00b0 5.478 HC 068 \u2013 2.024 Proyecto de Resoluci\u00f3n: Pedido de Informe sobre diversos puntos a Direcci\u00f3n de Cultura. ( INTERBLOQUE RECONSTRUYENDO MALARG\u00dcE \u2013 UCR INDEPENDIENTE) Autores: Silvina Camiolo y Mart\u00edn Palma.<\/li>\n<\/ul>\n\n\n\n<p><strong><em>La COMISI\u00d3N DE HACIENDA PRESUPUESTO LEGISLACI\u00d3N Y ASUNTOS CONSTITUCIONALES (HPLAC) recepcionar\u00e1\u00a01 proyecto:<\/em><\/strong><\/p>\n\n\n\n<ul class=\"wp-block-list\">\n<li>Expte. N\u00b0 5.475 \u00a0HC 068 -2.024 Proyecto de Resoluci\u00f3n: Solicitar al Departamento Ejecutivo Municipal gestione un abono especial para empleados municipales. (INTERBLOQUE UCR-INDEPENDIENTE \u2013 RECONSTRUYENDO MALARG\u00dcE \u2013 UNI\u00d3N MENDOCINA ) Autores:\u00a0 Concejal Mart\u00edn Palma, Silvina Camiolo y Elizabeth Gonz\u00e1lez.<\/li>\n<\/ul>\n\n\n\n<p><em><strong>La COMISI\u00d3N DE OBRAS P\u00daBLICAS, TURISMO Y RECURSOS NATURALES (OPTyRN) recepcionar\u00e1 1 proyectos\u00a0<\/strong><\/em><\/p>\n\n\n\n<ul class=\"wp-block-list\">\n<li>Expte. N\u00b0 5.476 HC 068 \u2013 2.024\u00a0 Proyecto de Ordenanza: Delimitar, identificar y se\u00f1alizar zona para estacionamiento transitorio de Personas con Discapacidad y zona de estacionamiento transitorio para carga y descarga de insumos de veh\u00edculos oficiales y\/o particulares. (INTERBLOQUE PARTIDO JUSTICIALISTA \u2013 ENCUENTRO)\u00a0 Autores: Concejales Pablo Cabrera, Magali Acosta, Emilce Mansilla y Francisco Parada) (Tras el an\u00e1lisis en la Comisi\u00f3n de Obras Publicas, pasa a la Comisi\u00f3n de Hacienda).<\/li>\n<\/ul>\n<\/blockquote>\n\n\n\n<p>En el punto <em><strong>h)<\/strong><\/em> <strong><em>Despachos de las Comisiones de Trabajo<\/em><\/strong>, se aprob\u00f3 la <strong>Declaraci\u00f3n<\/strong> que declara de Inter\u00e9s Cient\u00edfico y Departamental la \u201cInvestigaci\u00f3n y Prototipo de Ionosonda\u201d creado por el Ingeniero Andr\u00e9s Travaini. (Expte. N\u00b0 5.459 HC 067 \u2013 2.024)<\/p>\n\n\n\n<p class=\"has-text-align-center\"><strong>VER LA SESI\u00d3N EN VIVO<\/strong>: <a href=\"https:\/\/www.youtube.com\/live\/Gl4EtQ9y2YA\">https:\/\/www.youtube.com\/live\/Gl4EtQ9y2YA<\/a><\/p>\n\n\n\n<p class=\"has-text-align-center\"><strong><a href=\"https:\/\/www.facebook.com\/photo\/?fbid=817055823933641&amp;set=pcb.817056513933572\">GALERIA DE FOTOS<\/a><\/strong><\/p>\n\n\n\n<p><\/p>\n","protected":false},"excerpt":{"rendered":"<p>SESI\u00d3N ORDINARIA \u2013\u00a0 15 de Agosto del 2024 Presidiendo la Sesi\u00f3n:&nbsp;&nbsp;Concejal Rodrigo Hidalgo (Bloque Partido Justicialista) Concejales Presentes:&nbsp; Magali Acosta, Emilce Mansilla, Pablo Cabrera (Bloque Partido Justicialista), Silvina Camiolo (Reconstruyendo Malarg\u00fce), Francisco Parada (Bloque Partido Encuentro)&nbsp;Viviana Mosca, Pablo Villarruel (Bloque Frente Cambia Mendoza) Martin Palma (Bloque UCR-Independiente), Elizabeth Gonzalez (Bloque Uni\u00f3n Mendocina) A las 8:50 [&hellip;]<\/p>\n","protected":false},"author":5,"featured_media":37444,"comment_status":"closed","ping_status":"closed","sticky":false,"template":"","format":"standard","meta":{"footnotes":""},"categories":[83,52,58,33,36],"tags":[],"class_list":["post-37443","post","type-post","status-publish","format-standard","has-post-thumbnail","hentry","category-banca-del-ciudadano","category-gacetillas","category-ordinarias","category-prensa","category-sesiones"],"yoast_head":"<!-- This site is optimized with the Yoast SEO plugin v19.10 - https:\/\/yoast.com\/wordpress\/plugins\/seo\/ -->\n<title>EL HCD LLEV\u00d3 A CABO LA 20\u00b0 SESI\u00d3N ORDINARIA APROBANDO UNA DECLARACI\u00d3N - Malarg\u00fce HCD<\/title>\n<meta name=\"robots\" content=\"index, follow, max-snippet:-1, max-image-preview:large, max-video-preview:-1\" \/>\n<link rel=\"canonical\" href=\"https:\/\/hcd.malargue.gov.ar\/?p=37443\" \/>\n<meta property=\"og:locale\" content=\"es_ES\" \/>\n<meta property=\"og:type\" content=\"article\" \/>\n<meta property=\"og:title\" content=\"EL HCD LLEV\u00d3 A CABO LA 20\u00b0 SESI\u00d3N ORDINARIA APROBANDO UNA DECLARACI\u00d3N - Malarg\u00fce HCD\" \/>\n<meta property=\"og:description\" content=\"SESI\u00d3N ORDINARIA \u2013\u00a0 15 de Agosto del 2024 Presidiendo la Sesi\u00f3n:&nbsp;&nbsp;Concejal Rodrigo Hidalgo (Bloque Partido Justicialista) Concejales Presentes:&nbsp; Magali Acosta, Emilce Mansilla, Pablo Cabrera (Bloque Partido Justicialista), Silvina Camiolo (Reconstruyendo Malarg\u00fce), Francisco Parada (Bloque Partido Encuentro)&nbsp;Viviana Mosca, Pablo Villarruel (Bloque Frente Cambia Mendoza) Martin Palma (Bloque UCR-Independiente), Elizabeth Gonzalez (Bloque Uni\u00f3n Mendocina) A las 8:50 [&hellip;]\" \/>\n<meta property=\"og:url\" content=\"https:\/\/hcd.malargue.gov.ar\/?p=37443\" \/>\n<meta property=\"og:site_name\" content=\"Malarg\u00fce HCD\" \/>\n<meta property=\"article:published_time\" content=\"2024-08-15T13:57:30+00:00\" \/>\n<meta property=\"article:modified_time\" content=\"2024-08-15T13:57:34+00:00\" \/>\n<meta property=\"og:image\" content=\"https:\/\/hcd.malargue.gov.ar\/wp-content\/uploads\/2024\/08\/455692501_817056817266875_8580837784834524642_n.jpg\" \/>\n\t<meta property=\"og:image:width\" content=\"2048\" \/>\n\t<meta property=\"og:image:height\" content=\"1153\" \/>\n\t<meta property=\"og:image:type\" content=\"image\/jpeg\" \/>\n<meta name=\"author\" content=\"Belen Pedernera Ferragut\" \/>\n<meta name=\"twitter:card\" content=\"summary_large_image\" \/>\n<meta name=\"twitter:label1\" content=\"Escrito por\" \/>\n\t<meta name=\"twitter:data1\" content=\"Belen Pedernera Ferragut\" \/>\n\t<meta name=\"twitter:label2\" content=\"Tiempo de lectura\" \/>\n\t<meta name=\"twitter:data2\" content=\"2 minutos\" \/>\n<script type=\"application\/ld+json\" class=\"yoast-schema-graph\">{\"@context\":\"https:\/\/schema.org\",\"@graph\":[{\"@type\":\"WebPage\",\"@id\":\"https:\/\/hcd.malargue.gov.ar\/?p=37443\",\"url\":\"https:\/\/hcd.malargue.gov.ar\/?p=37443\",\"name\":\"EL HCD LLEV\u00d3 A CABO LA 20\u00b0 SESI\u00d3N ORDINARIA APROBANDO UNA DECLARACI\u00d3N - Malarg\u00fce HCD\",\"isPartOf\":{\"@id\":\"https:\/\/hcd.malargue.gov.ar\/#website\"},\"datePublished\":\"2024-08-15T13:57:30+00:00\",\"dateModified\":\"2024-08-15T13:57:34+00:00\",\"author\":{\"@id\":\"https:\/\/hcd.malargue.gov.ar\/#\/schema\/person\/3fd6bbab64edd703961b795156c955d0\"},\"breadcrumb\":{\"@id\":\"https:\/\/hcd.malargue.gov.ar\/?p=37443#breadcrumb\"},\"inLanguage\":\"es-AR\",\"potentialAction\":[{\"@type\":\"ReadAction\",\"target\":[\"https:\/\/hcd.malargue.gov.ar\/?p=37443\"]}]},{\"@type\":\"BreadcrumbList\",\"@id\":\"https:\/\/hcd.malargue.gov.ar\/?p=37443#breadcrumb\",\"itemListElement\":[{\"@type\":\"ListItem\",\"position\":1,\"name\":\"Inicio\",\"item\":\"https:\/\/hcd.malargue.gov.ar\/\"},{\"@type\":\"ListItem\",\"position\":2,\"name\":\"EL HCD LLEV\u00d3 A CABO LA 20\u00b0 SESI\u00d3N ORDINARIA APROBANDO UNA DECLARACI\u00d3N\"}]},{\"@type\":\"WebSite\",\"@id\":\"https:\/\/hcd.malargue.gov.ar\/#website\",\"url\":\"https:\/\/hcd.malargue.gov.ar\/\",\"name\":\"Malarg\u00fce HCD\",\"description\":\"Malarg\u00fce Mendoza Argentina\",\"potentialAction\":[{\"@type\":\"SearchAction\",\"target\":{\"@type\":\"EntryPoint\",\"urlTemplate\":\"https:\/\/hcd.malargue.gov.ar\/?s={search_term_string}\"},\"query-input\":\"required name=search_term_string\"}],\"inLanguage\":\"es-AR\"},{\"@type\":\"Person\",\"@id\":\"https:\/\/hcd.malargue.gov.ar\/#\/schema\/person\/3fd6bbab64edd703961b795156c955d0\",\"name\":\"Belen Pedernera Ferragut\",\"image\":{\"@type\":\"ImageObject\",\"inLanguage\":\"es-AR\",\"@id\":\"https:\/\/hcd.malargue.gov.ar\/#\/schema\/person\/image\/\",\"url\":\"https:\/\/secure.gravatar.com\/avatar\/1054ffab3893de4bb3eb29bdd22f7e34b8537bf5d34d9dab311818154ad5b71f?s=96&d=mm&r=g\",\"contentUrl\":\"https:\/\/secure.gravatar.com\/avatar\/1054ffab3893de4bb3eb29bdd22f7e34b8537bf5d34d9dab311818154ad5b71f?s=96&d=mm&r=g\",\"caption\":\"Belen Pedernera Ferragut\"},\"url\":\"https:\/\/hcd.malargue.gov.ar\/?author=5\"}]}<\/script>\n<!-- \/ Yoast SEO plugin. -->","yoast_head_json":{"title":"EL HCD LLEV\u00d3 A CABO LA 20\u00b0 SESI\u00d3N ORDINARIA APROBANDO UNA DECLARACI\u00d3N - Malarg\u00fce HCD","robots":{"index":"index","follow":"follow","max-snippet":"max-snippet:-1","max-image-preview":"max-image-preview:large","max-video-preview":"max-video-preview:-1"},"canonical":"https:\/\/hcd.malargue.gov.ar\/?p=37443","og_locale":"es_ES","og_type":"article","og_title":"EL HCD LLEV\u00d3 A CABO LA 20\u00b0 SESI\u00d3N ORDINARIA APROBANDO UNA DECLARACI\u00d3N - Malarg\u00fce HCD","og_description":"SESI\u00d3N ORDINARIA \u2013\u00a0 15 de Agosto del 2024 Presidiendo la Sesi\u00f3n:&nbsp;&nbsp;Concejal Rodrigo Hidalgo (Bloque Partido Justicialista) Concejales Presentes:&nbsp; Magali Acosta, Emilce Mansilla, Pablo Cabrera (Bloque Partido Justicialista), Silvina Camiolo (Reconstruyendo Malarg\u00fce), Francisco Parada (Bloque Partido Encuentro)&nbsp;Viviana Mosca, Pablo Villarruel (Bloque Frente Cambia Mendoza) Martin Palma (Bloque UCR-Independiente), Elizabeth Gonzalez (Bloque Uni\u00f3n Mendocina) A las 8:50 [&hellip;]","og_url":"https:\/\/hcd.malargue.gov.ar\/?p=37443","og_site_name":"Malarg\u00fce HCD","article_published_time":"2024-08-15T13:57:30+00:00","article_modified_time":"2024-08-15T13:57:34+00:00","og_image":[{"width":2048,"height":1153,"url":"https:\/\/hcd.malargue.gov.ar\/wp-content\/uploads\/2024\/08\/455692501_817056817266875_8580837784834524642_n.jpg","type":"image\/jpeg"}],"author":"Belen Pedernera Ferragut","twitter_card":"summary_large_image","twitter_misc":{"Escrito por":"Belen Pedernera Ferragut","Tiempo de lectura":"2 minutos"},"schema":{"@context":"https:\/\/schema.org","@graph":[{"@type":"WebPage","@id":"https:\/\/hcd.malargue.gov.ar\/?p=37443","url":"https:\/\/hcd.malargue.gov.ar\/?p=37443","name":"EL HCD LLEV\u00d3 A CABO LA 20\u00b0 SESI\u00d3N ORDINARIA APROBANDO UNA DECLARACI\u00d3N - Malarg\u00fce HCD","isPartOf":{"@id":"https:\/\/hcd.malargue.gov.ar\/#website"},"datePublished":"2024-08-15T13:57:30+00:00","dateModified":"2024-08-15T13:57:34+00:00","author":{"@id":"https:\/\/hcd.malargue.gov.ar\/#\/schema\/person\/3fd6bbab64edd703961b795156c955d0"},"breadcrumb":{"@id":"https:\/\/hcd.malargue.gov.ar\/?p=37443#breadcrumb"},"inLanguage":"es-AR","potentialAction":[{"@type":"ReadAction","target":["https:\/\/hcd.malargue.gov.ar\/?p=37443"]}]},{"@type":"BreadcrumbList","@id":"https:\/\/hcd.malargue.gov.ar\/?p=37443#breadcrumb","itemListElement":[{"@type":"ListItem","position":1,"name":"Inicio","item":"https:\/\/hcd.malargue.gov.ar\/"},{"@type":"ListItem","position":2,"name":"EL HCD LLEV\u00d3 A CABO LA 20\u00b0 SESI\u00d3N ORDINARIA APROBANDO UNA DECLARACI\u00d3N"}]},{"@type":"WebSite","@id":"https:\/\/hcd.malargue.gov.ar\/#website","url":"https:\/\/hcd.malargue.gov.ar\/","name":"Malarg\u00fce HCD","description":"Malarg\u00fce Mendoza Argentina","potentialAction":[{"@type":"SearchAction","target":{"@type":"EntryPoint","urlTemplate":"https:\/\/hcd.malargue.gov.ar\/?s={search_term_string}"},"query-input":"required name=search_term_string"}],"inLanguage":"es-AR"},{"@type":"Person","@id":"https:\/\/hcd.malargue.gov.ar\/#\/schema\/person\/3fd6bbab64edd703961b795156c955d0","name":"Belen Pedernera Ferragut","image":{"@type":"ImageObject","inLanguage":"es-AR","@id":"https:\/\/hcd.malargue.gov.ar\/#\/schema\/person\/image\/","url":"https:\/\/secure.gravatar.com\/avatar\/1054ffab3893de4bb3eb29bdd22f7e34b8537bf5d34d9dab311818154ad5b71f?s=96&d=mm&r=g","contentUrl":"https:\/\/secure.gravatar.com\/avatar\/1054ffab3893de4bb3eb29bdd22f7e34b8537bf5d34d9dab311818154ad5b71f?s=96&d=mm&r=g","caption":"Belen Pedernera Ferragut"},"url":"https:\/\/hcd.malargue.gov.ar\/?author=5"}]}},"_links":{"self":[{"href":"https:\/\/hcd.malargue.gov.ar\/index.php?rest_route=\/wp\/v2\/posts\/37443","targetHints":{"allow":["GET"]}}],"collection":[{"href":"https:\/\/hcd.malargue.gov.ar\/index.php?rest_route=\/wp\/v2\/posts"}],"about":[{"href":"https:\/\/hcd.malargue.gov.ar\/index.php?rest_route=\/wp\/v2\/types\/post"}],"author":[{"embeddable":true,"href":"https:\/\/hcd.malargue.gov.ar\/index.php?rest_route=\/wp\/v2\/users\/5"}],"replies":[{"embeddable":true,"href":"https:\/\/hcd.malargue.gov.ar\/index.php?rest_route=%2Fwp%2Fv2%2Fcomments&post=37443"}],"version-history":[{"count":1,"href":"https:\/\/hcd.malargue.gov.ar\/index.php?rest_route=\/wp\/v2\/posts\/37443\/revisions"}],"predecessor-version":[{"id":37446,"href":"https:\/\/hcd.malargue.gov.ar\/index.php?rest_route=\/wp\/v2\/posts\/37443\/revisions\/37446"}],"wp:featuredmedia":[{"embeddable":true,"href":"https:\/\/hcd.malargue.gov.ar\/index.php?rest_route=\/wp\/v2\/media\/37444"}],"wp:attachment":[{"href":"https:\/\/hcd.malargue.gov.ar\/index.php?rest_route=%2Fwp%2Fv2%2Fmedia&parent=37443"}],"wp:term":[{"taxonomy":"category","embeddable":true,"href":"https:\/\/hcd.malargue.gov.ar\/index.php?rest_route=%2Fwp%2Fv2%2Fcategories&post=37443"},{"taxonomy":"post_tag","embeddable":true,"href":"https:\/\/hcd.malargue.gov.ar\/index.php?rest_route=%2Fwp%2Fv2%2Ftags&post=37443"}],"curies":[{"name":"wp","href":"https:\/\/api.w.org\/{rel}","templated":true}]}}