{"id":37477,"date":"2024-08-21T12:03:13","date_gmt":"2024-08-21T15:03:13","guid":{"rendered":"https:\/\/hcd.malargue.gov.ar\/?p=37477"},"modified":"2024-08-21T12:13:13","modified_gmt":"2024-08-21T15:13:13","slug":"orden-del-dia-21-sesion-ordinaria-3","status":"publish","type":"post","link":"https:\/\/hcd.malargue.gov.ar\/?p=37477","title":{"rendered":"ORDEN DEL DIA 21\u00b0 SESI\u00d3N ORDINARIA"},"content":{"rendered":"<div class=\"wp-block-image\">\n<figure class=\"alignright size-full is-resized\"><a href=\"http:\/\/hcd.malargue.gov.ar\/2024\/21%20SO%20ORDEN%20%20DEL%20D%C3%8DA%2022-08-24.pdf\"><img loading=\"lazy\" decoding=\"async\" width=\"512\" height=\"512\" src=\"https:\/\/hcd.malargue.gov.ar\/wp-content\/uploads\/2018\/06\/PDF-JPG.jpg\" alt=\"\" class=\"wp-image-7950\" style=\"width:130px;height:auto\" srcset=\"https:\/\/hcd.malargue.gov.ar\/wp-content\/uploads\/2018\/06\/PDF-JPG.jpg 512w, https:\/\/hcd.malargue.gov.ar\/wp-content\/uploads\/2018\/06\/PDF-JPG-150x150.jpg 150w, https:\/\/hcd.malargue.gov.ar\/wp-content\/uploads\/2018\/06\/PDF-JPG-300x300.jpg 300w\" sizes=\"auto, (max-width: 512px) 100vw, 512px\" \/><\/a><\/figure>\n<\/div>\n\n\n<h4 class=\"wp-block-heading\">D\u00eda \u00a0Jueves\u00a0\u00a022 \u00a0de agosto \u00a0de 2.024<\/h4>\n\n\n\n<h4 class=\"wp-block-heading\">Hora: 09:00 <\/h4>\n\n\n\n<p><strong><em>a)<\/em><\/strong> <strong><em>Acto de Izar la Ense\u00f1a Patria\u00a0\u00a0 a cargo del Sr. Concejal Pablo Antonio CABRERA. \u00a0<\/em><\/strong><\/p>\n\n\n\n<p><strong><em>b)<\/em> <\/strong><em style=\"font-weight: bold;\">Homenaje de los Se\u00f1ores Concejales.<\/em><\/p>\n\n\n\n<p><strong>c)<\/strong> <strong><em>Consideraci\u00f3n Acta Sesi\u00f3n Ordinaria N\u00b0 1.168 &#8211; \u201cO\u201d &#8211; 2.024.<\/em><\/strong><\/p>\n\n\n\n<p><strong>d)<\/strong> <strong><em>Lectura del detalle de la correspondencia recibida y emitida.<\/em><\/strong><\/p>\n\n\n\n<p><strong>e) <em>Determinaci\u00f3n de los temas que ser\u00e1n incluidos en el punto Asuntos Varios y puesta a consideraci\u00f3n de mociones de tratamientos sobre tablas de diversos expedientes.<\/em><\/strong><\/p>\n\n\n\n<p><strong>f)<\/strong> <strong><em>Proyectos de los Se\u00f1ores Concejales <\/em><\/strong><em>\u00a0\u00a0\u00a0<\/em><\/p>\n\n\n\n<ol style=\"list-style-type:lower-alpha\" class=\"wp-block-list\">\n<li>Expte. N\u00b0 5.479 \u00a0HC 068 -2.024 Proyecto de Declaraci\u00f3n: Declarar de Inter\u00e9s Cient\u00edfico, Social y Cultural a la \u201cOPEN DOOR WEEK\u201d organizada por la Agencia Espacial Europea. (INTERBLOQUE PARTIDO JUSTICIALISTA \u2013 FRENTE CAMBIA MENDOZA &#8211; UCR-INDEPENDIENTE \u2013 ENCUENTRO &#8211; RECONSTRUYENDO MALARG\u00dcE \u2013 UNI\u00d3N MENDOCINA ) Autores:\u00a0 Concejales Pablo Cabrera, Viviana Mosca, Francisco Parada, \u00a0Mart\u00edn Palma, Elizabeth Gonz\u00e1lez y Silvina Camiolo. \u00a0<\/li>\n\n\n\n<li>Expte. N\u00b0 5.480 HC 068 \u2013 2.024\u00a0 Proyecto de Ordenanza:\u00a0 Campa\u00f1a de Educaci\u00f3n Vial. Prevenci\u00f3n y Concientizaci\u00f3n para ciclistas y motociclistas. (BLOQUE\u00a0 ENCUENTRO) Autor: Concejal Francisco Parada.<\/li>\n\n\n\n<li>Expte. N\u00b0 5.481 HC 068 \u2013 2.024 Proyecto de Resoluci\u00f3n:\u00a0 Pedido de Informe sobre diversos puntos referidos al Proyecto \u201cParque Solar Los Molles\u201d de la Empresa GENNEIA S.A. (INTERBLOQUE RECONSTRUYENDO MALARGUE \u2013 UCR INDEPENDIENTE \u2013 UNI\u00d3N MENDOCINA)\u00a0 Autores:\u00a0 Concejales Silvina Camiolo, Mart\u00edn Palma y Elizabeth Gonz\u00e1lez.<\/li>\n\n\n\n<li><strong><em>Expedientes provenientes del Departamento Ejecutivo<\/em><\/strong>\n<ol class=\"wp-block-list\">\n<li>No Ingresados\u00a0 &#8211; <\/li>\n<\/ol>\n<\/li>\n\n\n\n<li><strong><em>Despachos de las Comisiones de Trabajo.<\/em><\/strong><\/li>\n\n\n\n<li>Expte. N\u00b0 5.468 HC 068 \u2013 2.024 Proyecto de Resoluci\u00f3n: \u00a0Programa de Prevenci\u00f3n sobre Ciberdelitos\u00a0 ( E.H.M.A.S. y C. \u2013 H.P.L.A.C.).<\/li>\n\n\n\n<li>Expte. N\u00b0 5.445 HC 066 \u2013 2.024\u00a0 Proyecto de Ordenanza:\u00a0 Instaurar el Programa denominado \u201cNoches de la Cuyan\u00eda\u201d.\u00a0 ( E.H.M.A.S. y C. \u2013 H.P.L.A.C.).<\/li>\n\n\n\n<li>Nota HC 196\/2.024 Concejal\u00a0 Rodrigo Hidalgo\u00a0 Presidente Honorable Concejo Deliberante eleva nota Acuerdo 870 Honorable Tribunal de Cuentas diferencias en la Informaci\u00f3n Art. 22. (H.P.L.A.C.)<\/li>\n\n\n\n<li>Expte N\u00b0 5.477 HC 068 \u2013 2.024 Proyecto de Resoluci\u00f3n:\u00a0 Declaraci\u00f3n de Interes XVIII Jornada Cordillera Sur. (E.H.M.A.S.y C.)<\/li>\n\n\n\n<li>Nota HC 338\/2.024 Comisi\u00f3n Directiva de Rotary Club Malarg\u00fce, Banca del Ciudadano\u00a0 respecto a inquietudes inherentes al mes de la Paz. (E.H.M.A.S.y C.)<\/li>\n\n\n\n<li>Nota HC 179\/2.024\u00a0 Sra. Daiana Poblete V\u00e1zquez \u00a0informa problem\u00e1tica de LV 19 Radio Nacional en su transmisi\u00f3n habitual. (E.H.M.A.S.y C.)<\/li>\n<\/ol>\n\n\n\n<p><strong>i<em>) Asuntos Varios. &nbsp;&nbsp;&nbsp;&nbsp;<\/em><\/strong><\/p>\n\n\n\n<p><strong><em>j) Acto de arriar el Pabell\u00f3n Nacional a cargo del &nbsp;concejal que lo <\/em><\/strong><strong>iz\u00f3.<\/strong><\/p>\n\n\n\n<p class=\"has-text-align-right\"><strong>&nbsp;&nbsp;&nbsp;&nbsp;&nbsp;&nbsp;&nbsp;&nbsp;&nbsp;&nbsp;&nbsp; <\/strong>Presidencia, H.C.D., &nbsp;20 &nbsp;de agosto de 2.024<\/p>\n\n\n\n<p>CORRESPONDENCIA PARA LA SESI\u00d3N<\/p>\n\n\n\n<p>Del d\u00eda jueves 22 de agosto de 2.024<\/p>\n\n\n\n<p>NOTAS INGRESADAS<\/p>\n\n\n\n<ol class=\"wp-block-list\">\n<li>Concejal\u00a0 Mart\u00edn Palma, eleva informe sobre reemplazo de puertas de ingreso a la Instituci\u00f3n, adjunta documentaci\u00f3n del procedimiento.<\/li>\n\n\n\n<li>Gobierno de Mendoza constancia de avance\u00a0 de tr\u00e1mite\u00a0 Escriban\u00eda de Gobierno respecto a Terreno de Escuela Eugenio Izsaky.<\/li>\n\n\n\n<li>Sr. Armando Escobar por Rotary Club Malarg\u00fce, solicita informaci\u00f3n respecto a temas presentados en uso de Banca del Ciudadano.<\/li>\n\n\n\n<li>\u00a0Sr. Jorge Gonz\u00e1lez, por referentes Autoconvocados por una Matriz Energ\u00e9tica, adjunta documentaci\u00f3n de gasoducto virtual para \u00a0consideraci\u00f3n.<\/li>\n\n\n\n<li>Medico Veterinario Mart\u00edn Vargas, Area de Veterinaria y Zoonosis, expone situaci\u00f3n de profesionales contratados por la Municipalidad de Malarg\u00fce que ejercen su carrera de grado, para \u00a0consideraci\u00f3n.<\/li>\n\n\n\n<li>GENNEIA S.A.\u00a0 eleva respuesta respecto a contrataci\u00f3n de empleados en relaci\u00f3n de dependencia respecto a construcci\u00f3n de Parque Solar.<\/li>\n\n\n\n<li>C\u00e1mara de Comercio y Afines de Malarg\u00fce, eleva comunicado de Prensa de C\u00e1maras del Sur, expresan benepl\u00e1cito por conformaci\u00f3n del Concejo Regional Sur.<\/li>\n\n\n\n<li>Departamento Ejecutivo, remite copia de Decreto Municipal N\u00b0 1.003\/2.024, aceptaci\u00f3n de donaci\u00f3n realizada por la Sra. Ruth del Valle Mercado de Imagen de la Virgen de la Patrona Nacional del Turismo. \u00a0<\/li>\n\n\n\n<li>Departamento Ejecutivo, eleva copia de Decreto Municipal\u00a0 N\u00b0 1.049\/2.024 \u00a0Fe de Erratas Ordenanza N\u00b0 2.258\/2.023 \u2013 N\u00b0 2.263\/2.024 Texto Definitivo expresado en Unidades Contravencionales.<\/li>\n\n\n\n<li>Arq. Sofia Donegani, eleva informe respecto a reemplazo de puerta de ingreso originales de la Instituci\u00f3n.<\/li>\n\n\n\n<li>Sra. Erica V\u00e1zquez Jefe de Departamento de RR.HH, eleva dictamen de Asesor\u00eda Legal, respecto a Expte. N\u00b0 2.510\/2.024.<\/li>\n\n\n\n<li>Prof. Mar\u00eda Graciela Viollaz, Secretaria de Desarrollo Econ\u00f3mico, eleva informe t\u00e9cnico Parque Municipal \u201cCerro Maar \u00a0Los Loros, realizado por el Consejo Asesor de Parques Municipales.<\/li>\n\n\n\n<li>Lic. Maximiliano Salvadores, eleva copia de nota remitida al Defensor del Pueblo en relaci\u00f3n a propiedad de terreno adjudicado a su padre.<\/li>\n\n\n\n<li>Departamento Ejecutivo, eleva respuesta a solicitud de informe sobre Partidas Presupuestarias de los Jardines Maternales que dependen de la Municipalidad de Malarg\u00fce a solicitud de la Comisi\u00f3n de Educaci\u00f3n.<\/li>\n\n\n\n<li>Departamento Ejecutivo\u00a0 remite copia de Convenio de Acuerdo de Pasant\u00edas entre la Direcci\u00f3n de Educaci\u00f3n T\u00e9cnica y Trabajo y Municipalidad de Malarg\u00fce, Decreto Municipal N\u00b0 1.028\/2.024.<\/li>\n\n\n\n<li>Departamento Ejecutivo remite copia de Convenio con El Ministerio de Educaci\u00f3n Cultura Infancias y DGE de la Provincia, \u00a0sobre utilizaci\u00f3n de fondos Coparticipables.<\/li>\n\n\n\n<li>Departamento Ejecutivo eleva Padr\u00f3n Provisorio de Extranjeros a efectos de conformaci\u00f3n del Jury de Tachas.<\/li>\n\n\n\n<li>Lic. Eber Sosa Of. Pcpal. Polic\u00eda de Mendoza, sugiere rever la Ordenanza N\u00b0 655\/1994, circulaci\u00f3n carga pesada en la Ciudad.<\/li>\n<\/ol>\n\n\n\n<p>NOTAS&nbsp; EMITIDAS<\/p>\n\n\n\n<ol class=\"wp-block-list\">\n<li>\u00a0Al \u00a0Ingeniero Andr\u00e9s Travaini remitiendo copia de Declaraci\u00f3n\u00a0 N\u00b0 337\/2.024 declarando de Inter\u00e9s Cient\u00edfico Departamental la Investigaci\u00f3n y Prototipo de Ionosonda.<\/li>\n<\/ol>\n","protected":false},"excerpt":{"rendered":"<p>D\u00eda \u00a0Jueves\u00a0\u00a022 \u00a0de agosto \u00a0de 2.024 Hora: 09:00 a) Acto de Izar la Ense\u00f1a Patria\u00a0\u00a0 a cargo del Sr. Concejal Pablo Antonio CABRERA. \u00a0 b) Homenaje de los Se\u00f1ores Concejales. c) Consideraci\u00f3n Acta Sesi\u00f3n Ordinaria N\u00b0 1.168 &#8211; \u201cO\u201d &#8211; 2.024. d) Lectura del detalle de la correspondencia recibida y emitida. e) Determinaci\u00f3n de los [&hellip;]<\/p>\n","protected":false},"author":5,"featured_media":36836,"comment_status":"closed","ping_status":"closed","sticky":false,"template":"","format":"standard","meta":{"footnotes":""},"categories":[52,84,58,33,36],"tags":[],"class_list":["post-37477","post","type-post","status-publish","format-standard","has-post-thumbnail","hentry","category-gacetillas","category-orden-del-dia","category-ordinarias","category-prensa","category-sesiones"],"yoast_head":"<!-- This site is optimized with the Yoast SEO plugin v19.10 - https:\/\/yoast.com\/wordpress\/plugins\/seo\/ -->\n<title>ORDEN DEL DIA 21\u00b0 SESI\u00d3N ORDINARIA - Malarg\u00fce HCD<\/title>\n<meta name=\"robots\" content=\"index, follow, max-snippet:-1, max-image-preview:large, max-video-preview:-1\" \/>\n<link rel=\"canonical\" href=\"https:\/\/hcd.malargue.gov.ar\/?p=37477\" \/>\n<meta property=\"og:locale\" content=\"es_ES\" \/>\n<meta property=\"og:type\" content=\"article\" \/>\n<meta property=\"og:title\" content=\"ORDEN DEL DIA 21\u00b0 SESI\u00d3N ORDINARIA - Malarg\u00fce HCD\" \/>\n<meta property=\"og:description\" content=\"D\u00eda \u00a0Jueves\u00a0\u00a022 \u00a0de agosto \u00a0de 2.024 Hora: 09:00 a) Acto de Izar la Ense\u00f1a Patria\u00a0\u00a0 a cargo del Sr. Concejal Pablo Antonio CABRERA. \u00a0 b) Homenaje de los Se\u00f1ores Concejales. c) Consideraci\u00f3n Acta Sesi\u00f3n Ordinaria N\u00b0 1.168 &#8211; \u201cO\u201d &#8211; 2.024. d) Lectura del detalle de la correspondencia recibida y emitida. e) Determinaci\u00f3n de los [&hellip;]\" \/>\n<meta property=\"og:url\" content=\"https:\/\/hcd.malargue.gov.ar\/?p=37477\" \/>\n<meta property=\"og:site_name\" content=\"Malarg\u00fce HCD\" \/>\n<meta property=\"article:published_time\" content=\"2024-08-21T15:03:13+00:00\" \/>\n<meta property=\"article:modified_time\" content=\"2024-08-21T15:13:13+00:00\" \/>\n<meta property=\"og:image\" content=\"https:\/\/hcd.malargue.gov.ar\/wp-content\/uploads\/2024\/05\/SESIONES-ORDINARIAS.png\" \/>\n\t<meta property=\"og:image:width\" content=\"1640\" \/>\n\t<meta property=\"og:image:height\" content=\"924\" \/>\n\t<meta property=\"og:image:type\" content=\"image\/png\" \/>\n<meta name=\"author\" content=\"Belen Pedernera Ferragut\" \/>\n<meta name=\"twitter:card\" content=\"summary_large_image\" \/>\n<meta name=\"twitter:label1\" content=\"Escrito por\" \/>\n\t<meta name=\"twitter:data1\" content=\"Belen Pedernera Ferragut\" \/>\n\t<meta name=\"twitter:label2\" content=\"Tiempo de lectura\" \/>\n\t<meta name=\"twitter:data2\" content=\"4 minutos\" \/>\n<script type=\"application\/ld+json\" class=\"yoast-schema-graph\">{\"@context\":\"https:\/\/schema.org\",\"@graph\":[{\"@type\":\"WebPage\",\"@id\":\"https:\/\/hcd.malargue.gov.ar\/?p=37477\",\"url\":\"https:\/\/hcd.malargue.gov.ar\/?p=37477\",\"name\":\"ORDEN DEL DIA 21\u00b0 SESI\u00d3N ORDINARIA - Malarg\u00fce HCD\",\"isPartOf\":{\"@id\":\"https:\/\/hcd.malargue.gov.ar\/#website\"},\"datePublished\":\"2024-08-21T15:03:13+00:00\",\"dateModified\":\"2024-08-21T15:13:13+00:00\",\"author\":{\"@id\":\"https:\/\/hcd.malargue.gov.ar\/#\/schema\/person\/3fd6bbab64edd703961b795156c955d0\"},\"breadcrumb\":{\"@id\":\"https:\/\/hcd.malargue.gov.ar\/?p=37477#breadcrumb\"},\"inLanguage\":\"es-AR\",\"potentialAction\":[{\"@type\":\"ReadAction\",\"target\":[\"https:\/\/hcd.malargue.gov.ar\/?p=37477\"]}]},{\"@type\":\"BreadcrumbList\",\"@id\":\"https:\/\/hcd.malargue.gov.ar\/?p=37477#breadcrumb\",\"itemListElement\":[{\"@type\":\"ListItem\",\"position\":1,\"name\":\"Inicio\",\"item\":\"https:\/\/hcd.malargue.gov.ar\/\"},{\"@type\":\"ListItem\",\"position\":2,\"name\":\"ORDEN DEL DIA 21\u00b0 SESI\u00d3N ORDINARIA\"}]},{\"@type\":\"WebSite\",\"@id\":\"https:\/\/hcd.malargue.gov.ar\/#website\",\"url\":\"https:\/\/hcd.malargue.gov.ar\/\",\"name\":\"Malarg\u00fce HCD\",\"description\":\"Malarg\u00fce Mendoza Argentina\",\"potentialAction\":[{\"@type\":\"SearchAction\",\"target\":{\"@type\":\"EntryPoint\",\"urlTemplate\":\"https:\/\/hcd.malargue.gov.ar\/?s={search_term_string}\"},\"query-input\":\"required name=search_term_string\"}],\"inLanguage\":\"es-AR\"},{\"@type\":\"Person\",\"@id\":\"https:\/\/hcd.malargue.gov.ar\/#\/schema\/person\/3fd6bbab64edd703961b795156c955d0\",\"name\":\"Belen Pedernera Ferragut\",\"image\":{\"@type\":\"ImageObject\",\"inLanguage\":\"es-AR\",\"@id\":\"https:\/\/hcd.malargue.gov.ar\/#\/schema\/person\/image\/\",\"url\":\"https:\/\/secure.gravatar.com\/avatar\/1054ffab3893de4bb3eb29bdd22f7e34b8537bf5d34d9dab311818154ad5b71f?s=96&d=mm&r=g\",\"contentUrl\":\"https:\/\/secure.gravatar.com\/avatar\/1054ffab3893de4bb3eb29bdd22f7e34b8537bf5d34d9dab311818154ad5b71f?s=96&d=mm&r=g\",\"caption\":\"Belen Pedernera Ferragut\"},\"url\":\"https:\/\/hcd.malargue.gov.ar\/?author=5\"}]}<\/script>\n<!-- \/ Yoast SEO plugin. -->","yoast_head_json":{"title":"ORDEN DEL DIA 21\u00b0 SESI\u00d3N ORDINARIA - Malarg\u00fce HCD","robots":{"index":"index","follow":"follow","max-snippet":"max-snippet:-1","max-image-preview":"max-image-preview:large","max-video-preview":"max-video-preview:-1"},"canonical":"https:\/\/hcd.malargue.gov.ar\/?p=37477","og_locale":"es_ES","og_type":"article","og_title":"ORDEN DEL DIA 21\u00b0 SESI\u00d3N ORDINARIA - Malarg\u00fce HCD","og_description":"D\u00eda \u00a0Jueves\u00a0\u00a022 \u00a0de agosto \u00a0de 2.024 Hora: 09:00 a) Acto de Izar la Ense\u00f1a Patria\u00a0\u00a0 a cargo del Sr. Concejal Pablo Antonio CABRERA. \u00a0 b) Homenaje de los Se\u00f1ores Concejales. c) Consideraci\u00f3n Acta Sesi\u00f3n Ordinaria N\u00b0 1.168 &#8211; \u201cO\u201d &#8211; 2.024. d) Lectura del detalle de la correspondencia recibida y emitida. e) Determinaci\u00f3n de los [&hellip;]","og_url":"https:\/\/hcd.malargue.gov.ar\/?p=37477","og_site_name":"Malarg\u00fce HCD","article_published_time":"2024-08-21T15:03:13+00:00","article_modified_time":"2024-08-21T15:13:13+00:00","og_image":[{"width":1640,"height":924,"url":"https:\/\/hcd.malargue.gov.ar\/wp-content\/uploads\/2024\/05\/SESIONES-ORDINARIAS.png","type":"image\/png"}],"author":"Belen Pedernera Ferragut","twitter_card":"summary_large_image","twitter_misc":{"Escrito por":"Belen Pedernera Ferragut","Tiempo de lectura":"4 minutos"},"schema":{"@context":"https:\/\/schema.org","@graph":[{"@type":"WebPage","@id":"https:\/\/hcd.malargue.gov.ar\/?p=37477","url":"https:\/\/hcd.malargue.gov.ar\/?p=37477","name":"ORDEN DEL DIA 21\u00b0 SESI\u00d3N ORDINARIA - Malarg\u00fce HCD","isPartOf":{"@id":"https:\/\/hcd.malargue.gov.ar\/#website"},"datePublished":"2024-08-21T15:03:13+00:00","dateModified":"2024-08-21T15:13:13+00:00","author":{"@id":"https:\/\/hcd.malargue.gov.ar\/#\/schema\/person\/3fd6bbab64edd703961b795156c955d0"},"breadcrumb":{"@id":"https:\/\/hcd.malargue.gov.ar\/?p=37477#breadcrumb"},"inLanguage":"es-AR","potentialAction":[{"@type":"ReadAction","target":["https:\/\/hcd.malargue.gov.ar\/?p=37477"]}]},{"@type":"BreadcrumbList","@id":"https:\/\/hcd.malargue.gov.ar\/?p=37477#breadcrumb","itemListElement":[{"@type":"ListItem","position":1,"name":"Inicio","item":"https:\/\/hcd.malargue.gov.ar\/"},{"@type":"ListItem","position":2,"name":"ORDEN DEL DIA 21\u00b0 SESI\u00d3N ORDINARIA"}]},{"@type":"WebSite","@id":"https:\/\/hcd.malargue.gov.ar\/#website","url":"https:\/\/hcd.malargue.gov.ar\/","name":"Malarg\u00fce HCD","description":"Malarg\u00fce Mendoza Argentina","potentialAction":[{"@type":"SearchAction","target":{"@type":"EntryPoint","urlTemplate":"https:\/\/hcd.malargue.gov.ar\/?s={search_term_string}"},"query-input":"required name=search_term_string"}],"inLanguage":"es-AR"},{"@type":"Person","@id":"https:\/\/hcd.malargue.gov.ar\/#\/schema\/person\/3fd6bbab64edd703961b795156c955d0","name":"Belen Pedernera Ferragut","image":{"@type":"ImageObject","inLanguage":"es-AR","@id":"https:\/\/hcd.malargue.gov.ar\/#\/schema\/person\/image\/","url":"https:\/\/secure.gravatar.com\/avatar\/1054ffab3893de4bb3eb29bdd22f7e34b8537bf5d34d9dab311818154ad5b71f?s=96&d=mm&r=g","contentUrl":"https:\/\/secure.gravatar.com\/avatar\/1054ffab3893de4bb3eb29bdd22f7e34b8537bf5d34d9dab311818154ad5b71f?s=96&d=mm&r=g","caption":"Belen Pedernera Ferragut"},"url":"https:\/\/hcd.malargue.gov.ar\/?author=5"}]}},"_links":{"self":[{"href":"https:\/\/hcd.malargue.gov.ar\/index.php?rest_route=\/wp\/v2\/posts\/37477","targetHints":{"allow":["GET"]}}],"collection":[{"href":"https:\/\/hcd.malargue.gov.ar\/index.php?rest_route=\/wp\/v2\/posts"}],"about":[{"href":"https:\/\/hcd.malargue.gov.ar\/index.php?rest_route=\/wp\/v2\/types\/post"}],"author":[{"embeddable":true,"href":"https:\/\/hcd.malargue.gov.ar\/index.php?rest_route=\/wp\/v2\/users\/5"}],"replies":[{"embeddable":true,"href":"https:\/\/hcd.malargue.gov.ar\/index.php?rest_route=%2Fwp%2Fv2%2Fcomments&post=37477"}],"version-history":[{"count":1,"href":"https:\/\/hcd.malargue.gov.ar\/index.php?rest_route=\/wp\/v2\/posts\/37477\/revisions"}],"predecessor-version":[{"id":37478,"href":"https:\/\/hcd.malargue.gov.ar\/index.php?rest_route=\/wp\/v2\/posts\/37477\/revisions\/37478"}],"wp:featuredmedia":[{"embeddable":true,"href":"https:\/\/hcd.malargue.gov.ar\/index.php?rest_route=\/wp\/v2\/media\/36836"}],"wp:attachment":[{"href":"https:\/\/hcd.malargue.gov.ar\/index.php?rest_route=%2Fwp%2Fv2%2Fmedia&parent=37477"}],"wp:term":[{"taxonomy":"category","embeddable":true,"href":"https:\/\/hcd.malargue.gov.ar\/index.php?rest_route=%2Fwp%2Fv2%2Fcategories&post=37477"},{"taxonomy":"post_tag","embeddable":true,"href":"https:\/\/hcd.malargue.gov.ar\/index.php?rest_route=%2Fwp%2Fv2%2Ftags&post=37477"}],"curies":[{"name":"wp","href":"https:\/\/api.w.org\/{rel}","templated":true}]}}