{"id":37503,"date":"2024-08-27T12:53:30","date_gmt":"2024-08-27T15:53:30","guid":{"rendered":"https:\/\/hcd.malargue.gov.ar\/?p=37503"},"modified":"2024-08-27T12:54:26","modified_gmt":"2024-08-27T15:54:26","slug":"ordenanza-no-2-289-2-024","status":"publish","type":"post","link":"https:\/\/hcd.malargue.gov.ar\/?p=37503","title":{"rendered":"ORDENANZA N\u00b0 2.289\/2.024"},"content":{"rendered":"\n<h4 class=\"wp-block-heading has-text-align-center\"><strong>El HCD promueve el Programa \u201cNoches de la Cuyan\u00eda\u201d para fortalecer el folklore local<\/strong><\/h4>\n\n\n\n<p><em>El HCD aprob\u00f3 la creaci\u00f3n del Programa \u201cNoches de la Cuyan\u00eda\u201d, que se llevar\u00e1 a cabo trimestralmente, de mayo a noviembre de cada a\u00f1o. Este programa tiene como objetivo promover y valorar el folklore cuyano en la regi\u00f3n, aprovechando la rica tradici\u00f3n folkl\u00f3rica de Malarg\u00fce y su relevancia cultural.<\/em><\/p>\n\n\n\n<p><em>El programa incluir\u00e1 espect\u00e1culos en el Centro de Convenciones Thesaurus, que contar\u00e1 con las instalaciones necesarias para ofrecer eventos de calidad. La Secretar\u00eda de Desarrollo Humano integrar\u00e1 \u201cNoches de la Cuyan\u00eda\u201d en su plan de acci\u00f3n anual, y se autorizar\u00e1n los gastos correspondientes en el presupuesto vigente.<\/em><\/p>\n\n\n\n<p><em>Adem\u00e1s, la Pieza Legal establece que se fijar\u00e1 un valor de ingreso para cubrir parcialmente el pago a los artistas, y se permitir\u00e1 la inclusi\u00f3n de otras expresiones del folklore argentino, priorizando siempre el de la Regi\u00f3n de Cuyo. La Direcci\u00f3n de Cultura convocar\u00e1 a folkloristas locales para organizar la agenda y programaci\u00f3n del programa.<\/em><\/p>\n\n\n\n<p class=\"has-text-align-center\"><strong>MIRA LA PIEZA LEGAL COMPLETA<\/strong><\/p>\n\n\n<div class=\"wp-block-image\">\n<figure class=\"alignright is-resized\"><a href=\"http:\/\/hcd.malargue.gov.ar\/2024\/on%202289%202024%20Noches%20de%20la%20Cuyania.pdf\"><img loading=\"lazy\" decoding=\"async\" width=\"512\" height=\"512\" src=\"https:\/\/hcd.malargue.gov.ar\/wp-content\/uploads\/2018\/06\/PDF-JPG.jpg\" alt=\"\" class=\"wp-image-7950\" style=\"width:148px;height:auto\" srcset=\"https:\/\/hcd.malargue.gov.ar\/wp-content\/uploads\/2018\/06\/PDF-JPG.jpg 512w, https:\/\/hcd.malargue.gov.ar\/wp-content\/uploads\/2018\/06\/PDF-JPG-150x150.jpg 150w, https:\/\/hcd.malargue.gov.ar\/wp-content\/uploads\/2018\/06\/PDF-JPG-300x300.jpg 300w\" sizes=\"auto, (max-width: 512px) 100vw, 512px\" \/><\/a><\/figure>\n<\/div>\n\n\n<p><strong>AUTOR: CONCEJAL FRANCISCO PARADA<\/strong><\/p>\n\n\n\n<p><strong>BLOQUE ENCUENTRO<\/strong><\/p>\n\n\n\n<p>VISTO: El contenido del Expte. N\u00ba 5.445-HC-066-2.024. Bloque Encuentro. Proyecto de Ordenanza:\u00a0 Instaurar el Programa denominado \u201cNoches de la Cuyan\u00eda\u201d.<\/p>\n\n\n\n<p>&nbsp;&nbsp;&nbsp;&nbsp;&nbsp;&nbsp;&nbsp;&nbsp;&nbsp;&nbsp;&nbsp; La necesidad de generar espacios de difusi\u00f3n, promoci\u00f3n y valoraci\u00f3n del folklore cuyano<\/p>\n\n\n\n<p>&nbsp;&nbsp;&nbsp;&nbsp;&nbsp;&nbsp;&nbsp;&nbsp;&nbsp;&nbsp;&nbsp; y;<\/p>\n\n\n\n<p>CONSIDERANDO: Que Malarg\u00fce es un Departamento ubicado en la regi\u00f3n folkl\u00f3rica de Cuyo.<\/p>\n\n\n\n<p>&nbsp;&nbsp;&nbsp;&nbsp;&nbsp;&nbsp;&nbsp;&nbsp;&nbsp;&nbsp;&nbsp; Que Malarg\u00fce tiene una tradici\u00f3n folkl\u00f3rica que lo identifica y es parte de la riqueza cultural intangible que nos destaca.<\/p>\n\n\n\n<p>&nbsp;&nbsp;&nbsp;&nbsp;&nbsp;&nbsp;&nbsp;&nbsp;&nbsp;&nbsp;&nbsp; Que existen numerosos y destacados conjuntos folkl\u00f3ricos que se esfuerzan por presentar espect\u00e1culos de calidad.<\/p>\n\n\n\n<p>&nbsp;&nbsp;&nbsp;&nbsp;&nbsp;&nbsp;&nbsp;&nbsp;&nbsp;&nbsp;&nbsp; Que hay muchos j\u00f3venes bailarines, cantores y m\u00fasicos que siguen cultivando la expresi\u00f3n folkl\u00f3rica tradicional y necesitan ser apoyados en sus iniciativas art\u00edsticas.<\/p>\n\n\n\n<p>&nbsp;&nbsp;&nbsp;&nbsp;&nbsp;&nbsp;&nbsp;&nbsp;&nbsp;&nbsp;&nbsp; Que los espect\u00e1culos folkl\u00f3ricos pueden ser una importante oferta para los turistas.<\/p>\n\n\n\n<p>&nbsp;&nbsp;&nbsp;&nbsp;&nbsp;&nbsp;&nbsp;&nbsp;&nbsp;&nbsp;&nbsp; Que existe un p\u00fablico local que gusta disfrutar del espect\u00e1culo folkl\u00f3rico en ambientes c\u00e1lidos y familiares.<\/p>\n\n\n\n<p>&nbsp;&nbsp;&nbsp;&nbsp;&nbsp;&nbsp;&nbsp;&nbsp;&nbsp;&nbsp;&nbsp; Que por medio del canto y la poes\u00eda folkl\u00f3rica, particularmente la de Cuyo, se pueden transmitir valores como el de la amistad, el respeto por los padres, la patria, la naturaleza, la mujer, etc.<\/p>\n\n\n\n<p>&nbsp;&nbsp;&nbsp;&nbsp;&nbsp;&nbsp;&nbsp;&nbsp;&nbsp;&nbsp;&nbsp; Que se&nbsp; cuenta &nbsp;con instalaciones municipales como el Centro de Convenciones Thesaurus, el cual posee sonido e iluminaci\u00f3n propia, y adem\u00e1s, las comodidades necesarias para desarrollar un espect\u00e1culo de calidad y de confort para el p\u00fablico.<\/p>\n\n\n\n<p>&nbsp;&nbsp;&nbsp;&nbsp;&nbsp;&nbsp;&nbsp;&nbsp;&nbsp;&nbsp;&nbsp; Que poniendo al servicio de los artistas las instalaciones, ser\u00eda un gran aporte desde el Municipio, el cual al eximir de cualquier otro aporte econ\u00f3mico, en un trabajo integrado se realizar\u00eda una contribuci\u00f3n a la puesta en valor de nuestra cultura.<\/p>\n\n\n\n<p>&nbsp;&nbsp;&nbsp;&nbsp;&nbsp;&nbsp;&nbsp;&nbsp;&nbsp;&nbsp;&nbsp; Que la realizaci\u00f3n de estos eventos sirve para el crecimiento de los artistas y su &nbsp; promoci\u00f3n, a fin de poder darles participaci\u00f3n en otros de mayor envergadura como la Fiesta Nacional del Chivo.&nbsp;&nbsp;<\/p>\n\n\n\n<p>EL HONORABLE CONCEJO DELIBERANTE DE LA MUNICIPALIDAD DE MALARG\u00dcE EN USO DE LAS FACULTADES QUE LE SON PROPIAS<\/p>\n\n\n\n<p>ORDENA<\/p>\n\n\n\n<p>ART\u00cdCULO 1\u00ba: Real\u00edcese\u00a0un Programa denominado \u201cNoches de la Cuyan\u00eda\u201d, el cual se llevar\u00e1 a cabo cada tres (3) meses ,de mayo a noviembre de cada a\u00f1o .<\/p>\n\n\n\n<p>ART\u00cdCULO 2\u00ba Disp\u00f3ngase que la Secretar\u00eda de Desarrollo Humano incluya el Programa Noches de la Cuyan\u00eda en plan de acci\u00f3n anual.<\/p>\n\n\n\n<p>ART\u00cdCULO 3\u00ba Autor\u00edcese que los gastos que demanden el Programa \u201cNoches de la Cuyan\u00eda\u201d, sean incluidos en el presupuesto vigente.<\/p>\n\n\n\n<p>ART\u00cdCULO 4\u00ba Fac\u00faltese al Departamento Ejecutivo a poner un valor de ingreso al espect\u00e1culo para que lo recaudado sea utilizado para costear un porcentaje del pago de los artistas.&nbsp;<\/p>\n\n\n\n<p>ARTICULO 5\u00ba Autor\u00edcese a&nbsp; los organizadores a incorporar al espect\u00e1culo otros expresiones del folklore argentino siempre priorizando el de la Regi\u00f3n de Cuyo.<\/p>\n\n\n\n<p>ARTICULO 6\u00ba Conv\u00f3quese desde el Departamento Ejecutivo por medio de la Direcci\u00f3n de Cultura, a los folkloristas del Departamento para tomar conocimiento del Programa y para organizar agenda y programaci\u00f3n del mismo.<\/p>\n\n\n\n<p>ART\u00cdCULO 7\u00ba Env\u00edese copia de la presente pieza legal a la Directora de Cultura de la Municipalidad de Malarg\u00fce.<\/p>\n\n\n\n<p>ART\u00cdCULO 8\u00ba: Comun\u00edquese, reg\u00edstrese, c\u00famplase, publ\u00edquese, agr\u00e9guese copia de la &nbsp; presente en las actuaciones correspondientes y arch\u00edvese.<\/p>\n\n\n\n<p>DADA EN LA SALA DE SESIONES DR. RICARDO BALBIN DEL HONORABLE CONCEJO DELIBERANTE DE LA MUNICIPALIDAD DE MALARG\u00dcE A VEINTIDOS D\u00cdAS DE AGOSTO DE DOS MIL VEINTICUATRO<\/p>\n","protected":false},"excerpt":{"rendered":"<p>El HCD promueve el Programa \u201cNoches de la Cuyan\u00eda\u201d para fortalecer el folklore local El HCD aprob\u00f3 la creaci\u00f3n del Programa \u201cNoches de la Cuyan\u00eda\u201d, que se llevar\u00e1 a cabo trimestralmente, de mayo a noviembre de cada a\u00f1o. Este programa tiene como objetivo promover y valorar el folklore cuyano en la regi\u00f3n, aprovechando la rica [&hellip;]<\/p>\n","protected":false},"author":5,"featured_media":37504,"comment_status":"closed","ping_status":"closed","sticky":false,"template":"","format":"standard","meta":{"footnotes":""},"categories":[52,29,48,33],"tags":[],"class_list":["post-37503","post","type-post","status-publish","format-standard","has-post-thumbnail","hentry","category-gacetillas","category-lesgilacion","category-ordenanzas-municipales","category-prensa"],"yoast_head":"<!-- This site is optimized with the Yoast SEO plugin v19.10 - https:\/\/yoast.com\/wordpress\/plugins\/seo\/ -->\n<title>ORDENANZA N\u00b0 2.289\/2.024 - Malarg\u00fce HCD<\/title>\n<meta name=\"robots\" content=\"index, follow, max-snippet:-1, max-image-preview:large, max-video-preview:-1\" \/>\n<link rel=\"canonical\" href=\"https:\/\/hcd.malargue.gov.ar\/?p=37503\" \/>\n<meta property=\"og:locale\" content=\"es_ES\" \/>\n<meta property=\"og:type\" content=\"article\" \/>\n<meta property=\"og:title\" content=\"ORDENANZA N\u00b0 2.289\/2.024 - Malarg\u00fce HCD\" \/>\n<meta property=\"og:description\" content=\"El HCD promueve el Programa \u201cNoches de la Cuyan\u00eda\u201d para fortalecer el folklore local El HCD aprob\u00f3 la creaci\u00f3n del Programa \u201cNoches de la Cuyan\u00eda\u201d, que se llevar\u00e1 a cabo trimestralmente, de mayo a noviembre de cada a\u00f1o. Este programa tiene como objetivo promover y valorar el folklore cuyano en la regi\u00f3n, aprovechando la rica [&hellip;]\" \/>\n<meta property=\"og:url\" content=\"https:\/\/hcd.malargue.gov.ar\/?p=37503\" \/>\n<meta property=\"og:site_name\" content=\"Malarg\u00fce HCD\" \/>\n<meta property=\"article:published_time\" content=\"2024-08-27T15:53:30+00:00\" \/>\n<meta property=\"article:modified_time\" content=\"2024-08-27T15:54:26+00:00\" \/>\n<meta property=\"og:image\" content=\"https:\/\/hcd.malargue.gov.ar\/wp-content\/uploads\/2024\/08\/ORDENANZA-2289-2024.png\" \/>\n\t<meta property=\"og:image:width\" content=\"940\" \/>\n\t<meta property=\"og:image:height\" content=\"788\" \/>\n\t<meta property=\"og:image:type\" content=\"image\/png\" \/>\n<meta name=\"author\" content=\"Belen Pedernera Ferragut\" \/>\n<meta name=\"twitter:card\" content=\"summary_large_image\" \/>\n<meta name=\"twitter:label1\" content=\"Escrito por\" \/>\n\t<meta name=\"twitter:data1\" content=\"Belen Pedernera Ferragut\" \/>\n\t<meta name=\"twitter:label2\" content=\"Tiempo de lectura\" \/>\n\t<meta name=\"twitter:data2\" content=\"4 minutos\" \/>\n<script type=\"application\/ld+json\" class=\"yoast-schema-graph\">{\"@context\":\"https:\/\/schema.org\",\"@graph\":[{\"@type\":\"WebPage\",\"@id\":\"https:\/\/hcd.malargue.gov.ar\/?p=37503\",\"url\":\"https:\/\/hcd.malargue.gov.ar\/?p=37503\",\"name\":\"ORDENANZA N\u00b0 2.289\/2.024 - Malarg\u00fce HCD\",\"isPartOf\":{\"@id\":\"https:\/\/hcd.malargue.gov.ar\/#website\"},\"datePublished\":\"2024-08-27T15:53:30+00:00\",\"dateModified\":\"2024-08-27T15:54:26+00:00\",\"author\":{\"@id\":\"https:\/\/hcd.malargue.gov.ar\/#\/schema\/person\/3fd6bbab64edd703961b795156c955d0\"},\"breadcrumb\":{\"@id\":\"https:\/\/hcd.malargue.gov.ar\/?p=37503#breadcrumb\"},\"inLanguage\":\"es-AR\",\"potentialAction\":[{\"@type\":\"ReadAction\",\"target\":[\"https:\/\/hcd.malargue.gov.ar\/?p=37503\"]}]},{\"@type\":\"BreadcrumbList\",\"@id\":\"https:\/\/hcd.malargue.gov.ar\/?p=37503#breadcrumb\",\"itemListElement\":[{\"@type\":\"ListItem\",\"position\":1,\"name\":\"Inicio\",\"item\":\"https:\/\/hcd.malargue.gov.ar\/\"},{\"@type\":\"ListItem\",\"position\":2,\"name\":\"ORDENANZA N\u00b0 2.289\/2.024\"}]},{\"@type\":\"WebSite\",\"@id\":\"https:\/\/hcd.malargue.gov.ar\/#website\",\"url\":\"https:\/\/hcd.malargue.gov.ar\/\",\"name\":\"Malarg\u00fce HCD\",\"description\":\"Malarg\u00fce Mendoza Argentina\",\"potentialAction\":[{\"@type\":\"SearchAction\",\"target\":{\"@type\":\"EntryPoint\",\"urlTemplate\":\"https:\/\/hcd.malargue.gov.ar\/?s={search_term_string}\"},\"query-input\":\"required name=search_term_string\"}],\"inLanguage\":\"es-AR\"},{\"@type\":\"Person\",\"@id\":\"https:\/\/hcd.malargue.gov.ar\/#\/schema\/person\/3fd6bbab64edd703961b795156c955d0\",\"name\":\"Belen Pedernera Ferragut\",\"image\":{\"@type\":\"ImageObject\",\"inLanguage\":\"es-AR\",\"@id\":\"https:\/\/hcd.malargue.gov.ar\/#\/schema\/person\/image\/\",\"url\":\"https:\/\/secure.gravatar.com\/avatar\/1054ffab3893de4bb3eb29bdd22f7e34b8537bf5d34d9dab311818154ad5b71f?s=96&d=mm&r=g\",\"contentUrl\":\"https:\/\/secure.gravatar.com\/avatar\/1054ffab3893de4bb3eb29bdd22f7e34b8537bf5d34d9dab311818154ad5b71f?s=96&d=mm&r=g\",\"caption\":\"Belen Pedernera Ferragut\"},\"url\":\"https:\/\/hcd.malargue.gov.ar\/?author=5\"}]}<\/script>\n<!-- \/ Yoast SEO plugin. -->","yoast_head_json":{"title":"ORDENANZA N\u00b0 2.289\/2.024 - Malarg\u00fce HCD","robots":{"index":"index","follow":"follow","max-snippet":"max-snippet:-1","max-image-preview":"max-image-preview:large","max-video-preview":"max-video-preview:-1"},"canonical":"https:\/\/hcd.malargue.gov.ar\/?p=37503","og_locale":"es_ES","og_type":"article","og_title":"ORDENANZA N\u00b0 2.289\/2.024 - Malarg\u00fce HCD","og_description":"El HCD promueve el Programa \u201cNoches de la Cuyan\u00eda\u201d para fortalecer el folklore local El HCD aprob\u00f3 la creaci\u00f3n del Programa \u201cNoches de la Cuyan\u00eda\u201d, que se llevar\u00e1 a cabo trimestralmente, de mayo a noviembre de cada a\u00f1o. Este programa tiene como objetivo promover y valorar el folklore cuyano en la regi\u00f3n, aprovechando la rica [&hellip;]","og_url":"https:\/\/hcd.malargue.gov.ar\/?p=37503","og_site_name":"Malarg\u00fce HCD","article_published_time":"2024-08-27T15:53:30+00:00","article_modified_time":"2024-08-27T15:54:26+00:00","og_image":[{"width":940,"height":788,"url":"https:\/\/hcd.malargue.gov.ar\/wp-content\/uploads\/2024\/08\/ORDENANZA-2289-2024.png","type":"image\/png"}],"author":"Belen Pedernera Ferragut","twitter_card":"summary_large_image","twitter_misc":{"Escrito por":"Belen Pedernera Ferragut","Tiempo de lectura":"4 minutos"},"schema":{"@context":"https:\/\/schema.org","@graph":[{"@type":"WebPage","@id":"https:\/\/hcd.malargue.gov.ar\/?p=37503","url":"https:\/\/hcd.malargue.gov.ar\/?p=37503","name":"ORDENANZA N\u00b0 2.289\/2.024 - Malarg\u00fce HCD","isPartOf":{"@id":"https:\/\/hcd.malargue.gov.ar\/#website"},"datePublished":"2024-08-27T15:53:30+00:00","dateModified":"2024-08-27T15:54:26+00:00","author":{"@id":"https:\/\/hcd.malargue.gov.ar\/#\/schema\/person\/3fd6bbab64edd703961b795156c955d0"},"breadcrumb":{"@id":"https:\/\/hcd.malargue.gov.ar\/?p=37503#breadcrumb"},"inLanguage":"es-AR","potentialAction":[{"@type":"ReadAction","target":["https:\/\/hcd.malargue.gov.ar\/?p=37503"]}]},{"@type":"BreadcrumbList","@id":"https:\/\/hcd.malargue.gov.ar\/?p=37503#breadcrumb","itemListElement":[{"@type":"ListItem","position":1,"name":"Inicio","item":"https:\/\/hcd.malargue.gov.ar\/"},{"@type":"ListItem","position":2,"name":"ORDENANZA N\u00b0 2.289\/2.024"}]},{"@type":"WebSite","@id":"https:\/\/hcd.malargue.gov.ar\/#website","url":"https:\/\/hcd.malargue.gov.ar\/","name":"Malarg\u00fce HCD","description":"Malarg\u00fce Mendoza Argentina","potentialAction":[{"@type":"SearchAction","target":{"@type":"EntryPoint","urlTemplate":"https:\/\/hcd.malargue.gov.ar\/?s={search_term_string}"},"query-input":"required name=search_term_string"}],"inLanguage":"es-AR"},{"@type":"Person","@id":"https:\/\/hcd.malargue.gov.ar\/#\/schema\/person\/3fd6bbab64edd703961b795156c955d0","name":"Belen Pedernera Ferragut","image":{"@type":"ImageObject","inLanguage":"es-AR","@id":"https:\/\/hcd.malargue.gov.ar\/#\/schema\/person\/image\/","url":"https:\/\/secure.gravatar.com\/avatar\/1054ffab3893de4bb3eb29bdd22f7e34b8537bf5d34d9dab311818154ad5b71f?s=96&d=mm&r=g","contentUrl":"https:\/\/secure.gravatar.com\/avatar\/1054ffab3893de4bb3eb29bdd22f7e34b8537bf5d34d9dab311818154ad5b71f?s=96&d=mm&r=g","caption":"Belen Pedernera Ferragut"},"url":"https:\/\/hcd.malargue.gov.ar\/?author=5"}]}},"_links":{"self":[{"href":"https:\/\/hcd.malargue.gov.ar\/index.php?rest_route=\/wp\/v2\/posts\/37503","targetHints":{"allow":["GET"]}}],"collection":[{"href":"https:\/\/hcd.malargue.gov.ar\/index.php?rest_route=\/wp\/v2\/posts"}],"about":[{"href":"https:\/\/hcd.malargue.gov.ar\/index.php?rest_route=\/wp\/v2\/types\/post"}],"author":[{"embeddable":true,"href":"https:\/\/hcd.malargue.gov.ar\/index.php?rest_route=\/wp\/v2\/users\/5"}],"replies":[{"embeddable":true,"href":"https:\/\/hcd.malargue.gov.ar\/index.php?rest_route=%2Fwp%2Fv2%2Fcomments&post=37503"}],"version-history":[{"count":2,"href":"https:\/\/hcd.malargue.gov.ar\/index.php?rest_route=\/wp\/v2\/posts\/37503\/revisions"}],"predecessor-version":[{"id":37506,"href":"https:\/\/hcd.malargue.gov.ar\/index.php?rest_route=\/wp\/v2\/posts\/37503\/revisions\/37506"}],"wp:featuredmedia":[{"embeddable":true,"href":"https:\/\/hcd.malargue.gov.ar\/index.php?rest_route=\/wp\/v2\/media\/37504"}],"wp:attachment":[{"href":"https:\/\/hcd.malargue.gov.ar\/index.php?rest_route=%2Fwp%2Fv2%2Fmedia&parent=37503"}],"wp:term":[{"taxonomy":"category","embeddable":true,"href":"https:\/\/hcd.malargue.gov.ar\/index.php?rest_route=%2Fwp%2Fv2%2Fcategories&post=37503"},{"taxonomy":"post_tag","embeddable":true,"href":"https:\/\/hcd.malargue.gov.ar\/index.php?rest_route=%2Fwp%2Fv2%2Ftags&post=37503"}],"curies":[{"name":"wp","href":"https:\/\/api.w.org\/{rel}","templated":true}]}}