{"id":37565,"date":"2024-09-03T11:26:35","date_gmt":"2024-09-03T14:26:35","guid":{"rendered":"https:\/\/hcd.malargue.gov.ar\/?p=37565"},"modified":"2024-09-03T11:37:23","modified_gmt":"2024-09-03T14:37:23","slug":"declaracion-n-339-2-024","status":"publish","type":"post","link":"https:\/\/hcd.malargue.gov.ar\/?p=37565","title":{"rendered":"DECLARACI\u00d3N N\u00b0 339\/2.024"},"content":{"rendered":"\n<h4 class=\"wp-block-heading has-text-align-center\"><strong><em>Malarg\u00fce Declara de Inter\u00e9s Departamental al Programa de Bienestar Emocional Adolescente para Fortalecer la Juventud Local<\/em><\/strong><\/h4>\n\n\n\n<p><em>El Honorable Concejo Deliberante de Malarg\u00fce ha declarado de Inter\u00e9s Departamental al Programa de Bienestar Emocional Adolescente, respaldado por el Ministerio de Educaci\u00f3n, Cultura, Infancias y la Direcci\u00f3n General de Escuelas. Este programa tiene como objetivo primordial fomentar el desarrollo integral de los adolescentes en la comunidad, proporcion\u00e1ndoles herramientas y recursos esenciales para enfrentar los desaf\u00edos de su etapa de vida. La declaraci\u00f3n resalta la importancia de este programa en la prevenci\u00f3n de conductas de riesgo, especialmente en la lucha contra el suicidio adolescente, y subraya su alineaci\u00f3n con las pol\u00edticas p\u00fablicas de salud y educaci\u00f3n a nivel provincial y nacional. Con este reconocimiento, se busca fortalecer el apoyo institucional, facilitando la creaci\u00f3n de alianzas estrat\u00e9gicas para ampliar y mejorar las actividades del programa en beneficio de los j\u00f3venes de la regi\u00f3n.<\/em><\/p>\n\n\n<div class=\"wp-block-image\">\n<figure class=\"alignright is-resized\"><a href=\"http:\/\/hcd.malargue.gov.ar\/hcdpdf\/decla%20339%202024%20Programa%20de%20Bienestar%20Emocional.pdf\"><img loading=\"lazy\" decoding=\"async\" width=\"512\" height=\"512\" src=\"https:\/\/hcd.malargue.gov.ar\/wp-content\/uploads\/2018\/06\/PDF-JPG.jpg\" alt=\"\" class=\"wp-image-7950\" style=\"width:113px;height:auto\" srcset=\"https:\/\/hcd.malargue.gov.ar\/wp-content\/uploads\/2018\/06\/PDF-JPG.jpg 512w, https:\/\/hcd.malargue.gov.ar\/wp-content\/uploads\/2018\/06\/PDF-JPG-150x150.jpg 150w, https:\/\/hcd.malargue.gov.ar\/wp-content\/uploads\/2018\/06\/PDF-JPG-300x300.jpg 300w\" sizes=\"auto, (max-width: 512px) 100vw, 512px\" \/><\/a><\/figure>\n<\/div>\n\n\n<p class=\"has-text-align-center\"><strong>MIRA LA PIEZA LEGAL COMPLETA<\/strong><\/p>\n\n\n\n<p><strong>AUTOR: CONCEJAL PABLO VILLARUEL<\/strong><\/p>\n\n\n\n<p><strong>BLOQUE FRENTE CAMBIA MENDOZA<\/strong><\/p>\n\n\n\n<p>VISTO: El contenido del Expte. N\u00ba 5.472-HC-068-2.024. Bloque Frente Cambia Mendoza. Proyecto de Declaraci\u00f3n: Declarar de Inter\u00e9s Departamental al Programa de Bienestar Emocional&nbsp; Adolescente respaldado por el Ministerio de Educaci\u00f3n, Cultura, Infancias y Direcci\u00f3n General de Escuelas.<\/p>\n\n\n\n<p>&nbsp;&nbsp;&nbsp;&nbsp;&nbsp;&nbsp;&nbsp;&nbsp;&nbsp;&nbsp;&nbsp; La solicitud presentada por el Lic. Jos\u00e9 Luis L\u00f3pez, Coordinador del Programa de Bienestar Emocional Adolescente y la necesidad de fomentar programas que acompa\u00f1en el desarrollo de los adolescentes en nuestra Comunidad.<\/p>\n\n\n\n<p>&nbsp;&nbsp;&nbsp;&nbsp;&nbsp;&nbsp;&nbsp;&nbsp;&nbsp;&nbsp;&nbsp; y;<\/p>\n\n\n\n<p>CONSIDERANDO: Que el Programa de Bienestar Emocional Adolescente tiene como objetivo principal promover el desarrollo integral de los j\u00f3venes de nuestra comunidad, brind\u00e1ndoles herramientas y recursos que les permitan enfrentar de manera positiva los desaf\u00edos propios de su etapa de vida.<\/p>\n\n\n\n<p>&nbsp;&nbsp;&nbsp;&nbsp;&nbsp;&nbsp;&nbsp;&nbsp;&nbsp;&nbsp;&nbsp; Que dicho Programa se encuentra alineado con las pol\u00edticas p\u00fablicas de educaci\u00f3n y salud promovidas tanto a nivel Provincial como Nacional, buscando un impacto positivo y duradero en la juventud del Departamento.<\/p>\n\n\n\n<p>&nbsp;&nbsp;&nbsp;&nbsp;&nbsp;&nbsp;&nbsp;&nbsp;&nbsp;&nbsp;&nbsp; Que las actividades del Programa incluyen una variedad de enfoques interdisciplinarios que integran la educaci\u00f3n, la recreaci\u00f3n y la orientaci\u00f3n personal, promoviendo un ambiente saludable y seguro para los adolescentes.<\/p>\n\n\n\n<p>&nbsp;&nbsp;&nbsp;&nbsp;&nbsp;&nbsp;&nbsp;&nbsp;&nbsp;&nbsp;&nbsp; Que la adolescencia es una etapa cr\u00edtica del desarrollo humano donde se forman h\u00e1bitos y comportamientos que pueden perdurar toda la vida, haciendo esencial la intervenci\u00f3n temprana y positiva para asegurar un desarrollo integral.<\/p>\n\n\n\n<p>&nbsp;&nbsp;&nbsp;&nbsp;&nbsp;&nbsp;&nbsp;&nbsp;&nbsp;&nbsp;&nbsp; Que el Programa busca fomentar h\u00e1bitos saludables, fortalecer la autoestima y desarrollar habilidades sociales y emocionales, elementos clave para el bienestar general y la prevenci\u00f3n de conductas de riesgo entre los adolescentes.<\/p>\n\n\n\n<p>&nbsp;&nbsp;&nbsp;&nbsp;&nbsp;&nbsp;&nbsp;&nbsp;&nbsp;&nbsp;&nbsp; Que la Declaraci\u00f3n de Inter\u00e9s Departamental por parte de este Honorable Cuerpo &nbsp;&nbsp;&nbsp;&nbsp;&nbsp;&nbsp;&nbsp;&nbsp;&nbsp;&nbsp; representar\u00eda un reconocimiento oficial a los esfuerzos realizados y permitir\u00eda acceder a recursos y colaboraciones&nbsp;necesarias para ampliar el alcance y mejorar la calidad de las actividades ofrecidas.<\/p>\n\n\n\n<p>&nbsp;&nbsp;&nbsp;&nbsp;&nbsp;&nbsp;&nbsp;&nbsp;&nbsp;&nbsp;&nbsp; Que el respaldo institucional a iniciativas como el Programa de Bienestar Emocional &nbsp;&nbsp;&nbsp;&nbsp; Adolescente refuerza el compromiso de la comunidad con la protecci\u00f3n y el desarrollo de sus j\u00f3venes, promoviendo un entorno que favorezca su crecimiento y bienestar.<\/p>\n\n\n\n<p>&nbsp;&nbsp;&nbsp;&nbsp;&nbsp;&nbsp;&nbsp;&nbsp;&nbsp;&nbsp;&nbsp; Que se ha realizado un estudio cient\u00edfico con la Fundaci\u00f3n INECO, CONICET y la Fundaci\u00f3n Favaloro sobre la \u201cIdentificaci\u00f3n de factores de la conducta suicida en Adolescentes en Malarg\u00fce\u201d(2022), y se ha orientado el programa fundamentalmente a la prevenci\u00f3n de la conducta suicida como prioridad, abordando una problem\u00e1tica de alta relevancia y preocupaci\u00f3n social.<\/p>\n\n\n\n<p>&nbsp;&nbsp;&nbsp;&nbsp;&nbsp;&nbsp;&nbsp;&nbsp;&nbsp;&nbsp;&nbsp; Que la prevenci\u00f3n del suicidio adolescente es una prioridad establecida por diversas &nbsp;&nbsp;&nbsp;&nbsp;&nbsp;&nbsp;&nbsp;&nbsp;&nbsp;&nbsp;&nbsp; organizaciones de salud mental a nivel mundial, incluyendo la Organizaci\u00f3n Mundial de la Salud (OMS), y requiere de esfuerzos coordinados entre diferentes sectores de la sociedad.<\/p>\n\n\n\n<p>&nbsp;&nbsp;&nbsp;&nbsp;&nbsp;&nbsp;&nbsp;&nbsp;&nbsp;&nbsp;&nbsp; Que la Declaraci\u00f3n de Inter\u00e9s Departamental facilitar\u00eda la creaci\u00f3n de alianzas estrat\u00e9gicas con otras instituciones y organismos, tanto p\u00fablicos como privados, que podr\u00edan aportar recursos, experiencia y apoyo log\u00edstico al Programa.<\/p>\n\n\n\n<p>&nbsp;&nbsp;&nbsp;&nbsp;&nbsp;&nbsp;&nbsp;&nbsp;&nbsp;&nbsp;&nbsp; Que la participaci\u00f3n activa de los adolescentes en actividades estructuradas y supervisadas, como las propuestas por el Programa, contribuye a la reducci\u00f3n de comportamientos de riesgo y al fortalecimiento de la resiliencia personal y comunitaria.<\/p>\n\n\n\n<p>&nbsp;&nbsp;&nbsp;&nbsp;&nbsp;&nbsp;&nbsp;&nbsp;&nbsp;&nbsp;&nbsp; Que iniciativas como el Programa de Bienestar Emocional&nbsp;Adolescente representan una inversi\u00f3n en el futuro de Malarg\u00fce, al fomentar una juventud saludable, comprometida y capaz de contribuir positivamente al desarrollo social y econ\u00f3mico de la Regi\u00f3n.<\/p>\n\n\n\n<p>EL HONORABLE CONCEJO DELIBERANTE DE LA MUNICIPALIDAD DE MALARG\u00dcE EN USO DE LAS FACULTADES QUE LE SON PROPIAS.<\/p>\n\n\n\n<p>DECLARA<\/p>\n\n\n\n<p>ART\u00cdCULO 1\u00ba: Declarar de Inter\u00e9s Departamental al Programa de Bienestar Emocional Adolescente, respaldado por el Ministerio de Educaci\u00f3n, Cultura, Infancias y Direcci\u00f3n General de Escuelas, por su contribuci\u00f3n al desarrollo integral de los j\u00f3venes de la Comunidad de Malarg\u00fce.<\/p>\n\n\n\n<p>ART\u00cdCULO 2\u00ba: Elevar copia de la presente pieza legal a las Legisladoras Provinciales del Cuarto Distrito&nbsp; Electoral por el Departamento de Malarg\u00fce.&nbsp;<\/p>\n\n\n\n<p>ART\u00cdCULO 3\u00ba:Comun\u00edquese, reg\u00edstrese, agr\u00e9guese copia de la presente en las actuaciones &nbsp;&nbsp;&nbsp;&nbsp;&nbsp;&nbsp;&nbsp;&nbsp;&nbsp;&nbsp;&nbsp; correspondientes y arch\u00edvese.<\/p>\n\n\n\n<p>DADA EN LA SALA DE SESIONES DR. RICARDO BALBIN DEL HONORABLE CONCEJO DELIBERANTE DE LA MUNICIPALIDAD DE MALARG\u00dcE A VEINTINUEVE D\u00cdAS DE AGOSTO DE DOS MIL VEINTICUATRO.<\/p>\n\n\n\n<p><\/p>\n","protected":false},"excerpt":{"rendered":"<p>Malarg\u00fce Declara de Inter\u00e9s Departamental al Programa de Bienestar Emocional Adolescente para Fortalecer la Juventud Local El Honorable Concejo Deliberante de Malarg\u00fce ha declarado de Inter\u00e9s Departamental al Programa de Bienestar Emocional Adolescente, respaldado por el Ministerio de Educaci\u00f3n, Cultura, Infancias y la Direcci\u00f3n General de Escuelas. Este programa tiene como objetivo primordial fomentar el [&hellip;]<\/p>\n","protected":false},"author":11,"featured_media":37566,"comment_status":"closed","ping_status":"closed","sticky":false,"template":"","format":"standard","meta":{"footnotes":""},"categories":[46,52,29,33],"tags":[],"class_list":["post-37565","post","type-post","status-publish","format-standard","has-post-thumbnail","hentry","category-declaraciones","category-gacetillas","category-lesgilacion","category-prensa"],"yoast_head":"<!-- This site is optimized with the Yoast SEO plugin v19.10 - https:\/\/yoast.com\/wordpress\/plugins\/seo\/ -->\n<title>DECLARACI\u00d3N N\u00b0 339\/2.024 - Malarg\u00fce HCD<\/title>\n<meta name=\"robots\" content=\"index, follow, max-snippet:-1, max-image-preview:large, max-video-preview:-1\" \/>\n<link rel=\"canonical\" href=\"https:\/\/hcd.malargue.gov.ar\/?p=37565\" \/>\n<meta property=\"og:locale\" content=\"es_ES\" \/>\n<meta property=\"og:type\" content=\"article\" \/>\n<meta property=\"og:title\" content=\"DECLARACI\u00d3N N\u00b0 339\/2.024 - Malarg\u00fce HCD\" \/>\n<meta property=\"og:description\" content=\"Malarg\u00fce Declara de Inter\u00e9s Departamental al Programa de Bienestar Emocional Adolescente para Fortalecer la Juventud Local El Honorable Concejo Deliberante de Malarg\u00fce ha declarado de Inter\u00e9s Departamental al Programa de Bienestar Emocional Adolescente, respaldado por el Ministerio de Educaci\u00f3n, Cultura, Infancias y la Direcci\u00f3n General de Escuelas. Este programa tiene como objetivo primordial fomentar el [&hellip;]\" \/>\n<meta property=\"og:url\" content=\"https:\/\/hcd.malargue.gov.ar\/?p=37565\" \/>\n<meta property=\"og:site_name\" content=\"Malarg\u00fce HCD\" \/>\n<meta property=\"article:published_time\" content=\"2024-09-03T14:26:35+00:00\" \/>\n<meta property=\"article:modified_time\" content=\"2024-09-03T14:37:23+00:00\" \/>\n<meta property=\"og:image\" content=\"https:\/\/hcd.malargue.gov.ar\/wp-content\/uploads\/2024\/09\/DECLARACION-1-1.png\" \/>\n\t<meta property=\"og:image:width\" content=\"940\" \/>\n\t<meta property=\"og:image:height\" content=\"788\" \/>\n\t<meta property=\"og:image:type\" content=\"image\/png\" \/>\n<meta name=\"author\" content=\"Miriam Verdugo\" \/>\n<meta name=\"twitter:card\" content=\"summary_large_image\" \/>\n<meta name=\"twitter:label1\" content=\"Escrito por\" \/>\n\t<meta name=\"twitter:data1\" content=\"Miriam Verdugo\" \/>\n\t<meta name=\"twitter:label2\" content=\"Tiempo de lectura\" \/>\n\t<meta name=\"twitter:data2\" content=\"4 minutos\" \/>\n<script type=\"application\/ld+json\" class=\"yoast-schema-graph\">{\"@context\":\"https:\/\/schema.org\",\"@graph\":[{\"@type\":\"WebPage\",\"@id\":\"https:\/\/hcd.malargue.gov.ar\/?p=37565\",\"url\":\"https:\/\/hcd.malargue.gov.ar\/?p=37565\",\"name\":\"DECLARACI\u00d3N N\u00b0 339\/2.024 - Malarg\u00fce HCD\",\"isPartOf\":{\"@id\":\"https:\/\/hcd.malargue.gov.ar\/#website\"},\"datePublished\":\"2024-09-03T14:26:35+00:00\",\"dateModified\":\"2024-09-03T14:37:23+00:00\",\"author\":{\"@id\":\"https:\/\/hcd.malargue.gov.ar\/#\/schema\/person\/ee682cfebfbf463de71f53a5c722be75\"},\"breadcrumb\":{\"@id\":\"https:\/\/hcd.malargue.gov.ar\/?p=37565#breadcrumb\"},\"inLanguage\":\"es-AR\",\"potentialAction\":[{\"@type\":\"ReadAction\",\"target\":[\"https:\/\/hcd.malargue.gov.ar\/?p=37565\"]}]},{\"@type\":\"BreadcrumbList\",\"@id\":\"https:\/\/hcd.malargue.gov.ar\/?p=37565#breadcrumb\",\"itemListElement\":[{\"@type\":\"ListItem\",\"position\":1,\"name\":\"Inicio\",\"item\":\"https:\/\/hcd.malargue.gov.ar\/\"},{\"@type\":\"ListItem\",\"position\":2,\"name\":\"DECLARACI\u00d3N N\u00b0 339\/2.024\"}]},{\"@type\":\"WebSite\",\"@id\":\"https:\/\/hcd.malargue.gov.ar\/#website\",\"url\":\"https:\/\/hcd.malargue.gov.ar\/\",\"name\":\"Malarg\u00fce HCD\",\"description\":\"Malarg\u00fce Mendoza Argentina\",\"potentialAction\":[{\"@type\":\"SearchAction\",\"target\":{\"@type\":\"EntryPoint\",\"urlTemplate\":\"https:\/\/hcd.malargue.gov.ar\/?s={search_term_string}\"},\"query-input\":\"required name=search_term_string\"}],\"inLanguage\":\"es-AR\"},{\"@type\":\"Person\",\"@id\":\"https:\/\/hcd.malargue.gov.ar\/#\/schema\/person\/ee682cfebfbf463de71f53a5c722be75\",\"name\":\"Miriam Verdugo\",\"image\":{\"@type\":\"ImageObject\",\"inLanguage\":\"es-AR\",\"@id\":\"https:\/\/hcd.malargue.gov.ar\/#\/schema\/person\/image\/\",\"url\":\"https:\/\/secure.gravatar.com\/avatar\/306223a4268d159ebfcea14c5a513206411b872b38a6568525d852b77a1fdb63?s=96&d=mm&r=g\",\"contentUrl\":\"https:\/\/secure.gravatar.com\/avatar\/306223a4268d159ebfcea14c5a513206411b872b38a6568525d852b77a1fdb63?s=96&d=mm&r=g\",\"caption\":\"Miriam Verdugo\"},\"url\":\"https:\/\/hcd.malargue.gov.ar\/?author=11\"}]}<\/script>\n<!-- \/ Yoast SEO plugin. -->","yoast_head_json":{"title":"DECLARACI\u00d3N N\u00b0 339\/2.024 - Malarg\u00fce HCD","robots":{"index":"index","follow":"follow","max-snippet":"max-snippet:-1","max-image-preview":"max-image-preview:large","max-video-preview":"max-video-preview:-1"},"canonical":"https:\/\/hcd.malargue.gov.ar\/?p=37565","og_locale":"es_ES","og_type":"article","og_title":"DECLARACI\u00d3N N\u00b0 339\/2.024 - Malarg\u00fce HCD","og_description":"Malarg\u00fce Declara de Inter\u00e9s Departamental al Programa de Bienestar Emocional Adolescente para Fortalecer la Juventud Local El Honorable Concejo Deliberante de Malarg\u00fce ha declarado de Inter\u00e9s Departamental al Programa de Bienestar Emocional Adolescente, respaldado por el Ministerio de Educaci\u00f3n, Cultura, Infancias y la Direcci\u00f3n General de Escuelas. Este programa tiene como objetivo primordial fomentar el [&hellip;]","og_url":"https:\/\/hcd.malargue.gov.ar\/?p=37565","og_site_name":"Malarg\u00fce HCD","article_published_time":"2024-09-03T14:26:35+00:00","article_modified_time":"2024-09-03T14:37:23+00:00","og_image":[{"width":940,"height":788,"url":"https:\/\/hcd.malargue.gov.ar\/wp-content\/uploads\/2024\/09\/DECLARACION-1-1.png","type":"image\/png"}],"author":"Miriam Verdugo","twitter_card":"summary_large_image","twitter_misc":{"Escrito por":"Miriam Verdugo","Tiempo de lectura":"4 minutos"},"schema":{"@context":"https:\/\/schema.org","@graph":[{"@type":"WebPage","@id":"https:\/\/hcd.malargue.gov.ar\/?p=37565","url":"https:\/\/hcd.malargue.gov.ar\/?p=37565","name":"DECLARACI\u00d3N N\u00b0 339\/2.024 - Malarg\u00fce HCD","isPartOf":{"@id":"https:\/\/hcd.malargue.gov.ar\/#website"},"datePublished":"2024-09-03T14:26:35+00:00","dateModified":"2024-09-03T14:37:23+00:00","author":{"@id":"https:\/\/hcd.malargue.gov.ar\/#\/schema\/person\/ee682cfebfbf463de71f53a5c722be75"},"breadcrumb":{"@id":"https:\/\/hcd.malargue.gov.ar\/?p=37565#breadcrumb"},"inLanguage":"es-AR","potentialAction":[{"@type":"ReadAction","target":["https:\/\/hcd.malargue.gov.ar\/?p=37565"]}]},{"@type":"BreadcrumbList","@id":"https:\/\/hcd.malargue.gov.ar\/?p=37565#breadcrumb","itemListElement":[{"@type":"ListItem","position":1,"name":"Inicio","item":"https:\/\/hcd.malargue.gov.ar\/"},{"@type":"ListItem","position":2,"name":"DECLARACI\u00d3N N\u00b0 339\/2.024"}]},{"@type":"WebSite","@id":"https:\/\/hcd.malargue.gov.ar\/#website","url":"https:\/\/hcd.malargue.gov.ar\/","name":"Malarg\u00fce HCD","description":"Malarg\u00fce Mendoza Argentina","potentialAction":[{"@type":"SearchAction","target":{"@type":"EntryPoint","urlTemplate":"https:\/\/hcd.malargue.gov.ar\/?s={search_term_string}"},"query-input":"required name=search_term_string"}],"inLanguage":"es-AR"},{"@type":"Person","@id":"https:\/\/hcd.malargue.gov.ar\/#\/schema\/person\/ee682cfebfbf463de71f53a5c722be75","name":"Miriam Verdugo","image":{"@type":"ImageObject","inLanguage":"es-AR","@id":"https:\/\/hcd.malargue.gov.ar\/#\/schema\/person\/image\/","url":"https:\/\/secure.gravatar.com\/avatar\/306223a4268d159ebfcea14c5a513206411b872b38a6568525d852b77a1fdb63?s=96&d=mm&r=g","contentUrl":"https:\/\/secure.gravatar.com\/avatar\/306223a4268d159ebfcea14c5a513206411b872b38a6568525d852b77a1fdb63?s=96&d=mm&r=g","caption":"Miriam Verdugo"},"url":"https:\/\/hcd.malargue.gov.ar\/?author=11"}]}},"_links":{"self":[{"href":"https:\/\/hcd.malargue.gov.ar\/index.php?rest_route=\/wp\/v2\/posts\/37565","targetHints":{"allow":["GET"]}}],"collection":[{"href":"https:\/\/hcd.malargue.gov.ar\/index.php?rest_route=\/wp\/v2\/posts"}],"about":[{"href":"https:\/\/hcd.malargue.gov.ar\/index.php?rest_route=\/wp\/v2\/types\/post"}],"author":[{"embeddable":true,"href":"https:\/\/hcd.malargue.gov.ar\/index.php?rest_route=\/wp\/v2\/users\/11"}],"replies":[{"embeddable":true,"href":"https:\/\/hcd.malargue.gov.ar\/index.php?rest_route=%2Fwp%2Fv2%2Fcomments&post=37565"}],"version-history":[{"count":2,"href":"https:\/\/hcd.malargue.gov.ar\/index.php?rest_route=\/wp\/v2\/posts\/37565\/revisions"}],"predecessor-version":[{"id":37569,"href":"https:\/\/hcd.malargue.gov.ar\/index.php?rest_route=\/wp\/v2\/posts\/37565\/revisions\/37569"}],"wp:featuredmedia":[{"embeddable":true,"href":"https:\/\/hcd.malargue.gov.ar\/index.php?rest_route=\/wp\/v2\/media\/37566"}],"wp:attachment":[{"href":"https:\/\/hcd.malargue.gov.ar\/index.php?rest_route=%2Fwp%2Fv2%2Fmedia&parent=37565"}],"wp:term":[{"taxonomy":"category","embeddable":true,"href":"https:\/\/hcd.malargue.gov.ar\/index.php?rest_route=%2Fwp%2Fv2%2Fcategories&post=37565"},{"taxonomy":"post_tag","embeddable":true,"href":"https:\/\/hcd.malargue.gov.ar\/index.php?rest_route=%2Fwp%2Fv2%2Ftags&post=37565"}],"curies":[{"name":"wp","href":"https:\/\/api.w.org\/{rel}","templated":true}]}}