{"id":37653,"date":"2024-09-11T10:52:19","date_gmt":"2024-09-11T13:52:19","guid":{"rendered":"https:\/\/hcd.malargue.gov.ar\/?p=37653"},"modified":"2024-09-11T11:05:56","modified_gmt":"2024-09-11T14:05:56","slug":"ordenanza-n-2-291-2-024","status":"publish","type":"post","link":"https:\/\/hcd.malargue.gov.ar\/?p=37653","title":{"rendered":"ORDENANZA N\u00b0 2.291\/2.024"},"content":{"rendered":"\n<h4 class=\"wp-block-heading has-text-align-center\">El HCD anuncia la Creaci\u00f3n del &#8220;Parque Municipal Volc\u00e1n Los Loros&#8221; para Preservar su Patrimonio Geomorfol\u00f3gico<\/h4>\n\n\n\n<p><em>La Creaci\u00f3n del Parque Municipal\u00a0\u201cVolc\u00e1n Los Loros o Volc\u00e1n Pata Mora\u201d, como s\u00edmbolo del Patrimonio Geomorfol\u00f3gico en el sur provincial; responde a la Ordenanza N\u00ba 1.442\/2008 (Regulaci\u00f3n de \u00e1reas protegidas Municipales). Representa un paso significativo en la protecci\u00f3n del patrimonio natural de Malarg\u00fce, la promoci\u00f3n del turismo y la investigaci\u00f3n en la regi\u00f3n. <\/em><\/p>\n\n\n\n<p class=\"has-text-align-center\"><strong>MIRA LA PIEZA LEGAL COMPLETA<\/strong><\/p>\n\n\n<div class=\"wp-block-image\">\n<figure class=\"alignright size-full is-resized\"><a href=\"http:\/hcd.malargue.gov.ar\/2024\/on%202291%202024%20Creacion%20Parque%20Municipal%20Volcan%20Los%20Loros.pdf\"><img loading=\"lazy\" decoding=\"async\" width=\"512\" height=\"512\" src=\"https:\/\/hcd.malargue.gov.ar\/wp-content\/uploads\/2018\/06\/PDF-JPG.jpg\" alt=\"\" class=\"wp-image-7950\" style=\"width:119px;height:auto\" srcset=\"https:\/\/hcd.malargue.gov.ar\/wp-content\/uploads\/2018\/06\/PDF-JPG.jpg 512w, https:\/\/hcd.malargue.gov.ar\/wp-content\/uploads\/2018\/06\/PDF-JPG-150x150.jpg 150w, https:\/\/hcd.malargue.gov.ar\/wp-content\/uploads\/2018\/06\/PDF-JPG-300x300.jpg 300w\" sizes=\"auto, (max-width: 512px) 100vw, 512px\" \/><\/a><\/figure>\n<\/div>\n\n\n<p><strong>AUTORES: CONCEJALES EMILCE MANSILLA, PABLO CABRERA Y MAGALI ACOSTA<\/strong><\/p>\n\n\n\n<p><strong>BLOQUE PARTIDO JUSTICIALISTA<\/strong><\/p>\n\n\n\n<p>VISTO: El contenido del Expte. N\u00ba 5.400-HC-063-2.024. Bloque Partido Justicialista. Proyecto de Ordenanza: Creaci\u00f3n del Parque Municipal Volc\u00e1n Los Loros o Volc\u00e1n Pata Mota (Ordenanza N\u00ba 1.442\/2.008). Parques Municipales.<\/p>\n\n\n\n<p>\u00a0\u00a0\u00a0\u00a0\u00a0\u00a0\u00a0\u00a0\u00a0\u00a0\u00a0 Nota HC -548\/2.024 Secretaria de Desarrollo Econ\u00f3mico, Prof. Mar\u00eda Graciela Viollaz, eleva informe de base del Parque Municipal Volc\u00e1n Los Loros, generado por\u00a0Profesionales del Consejo Ad Hoc Parques Municipales.<\/p>\n\n\n\n<p>\u00a0\u00a0\u00a0\u00a0\u00a0\u00a0\u00a0\u00a0\u00a0\u00a0\u00a0 El Proyecto de Ordenanza presentado por el Bloque Justicialista \u2013Frente para la \u00a0Victoria en este Honorable Concejo Deliberante en el a\u00f1o 2.015 y archivado bajo el Expte. N\u00ba 3.867 HC N\u00ba 241 A\u00f1o 2.015.<\/p>\n\n\n\n<p>&nbsp;&nbsp;&nbsp;&nbsp;&nbsp;&nbsp;&nbsp;&nbsp;&nbsp;&nbsp;&nbsp; Teniendo en cuenta la vigencia de la Ordenanza N\u00ba 1.442\/2.008 caratulada \u201cParques &nbsp;&nbsp;&nbsp;&nbsp;&nbsp; Municipales\u201d y el impulso que tendr\u00e1 Pata Mora en el mediano y largo plazo.<\/p>\n\n\n\n<p>&nbsp;&nbsp;&nbsp;&nbsp;&nbsp;&nbsp;&nbsp;&nbsp;&nbsp;&nbsp;&nbsp; y;<\/p>\n\n\n\n<p>CONSIDERANDO: Que en vinculaci\u00f3n con la Legislaci\u00f3n Nacional y Provincial existente  tanto a nivel tur\u00edstico como de \u00c1reas Protegidas, el Municipio ha generado\u00a0 instrumentos legales para proteger el Patrimonio Natural y Cultural delDepartamento, como lo es la Ordenanza N\u00ba 1.442\/2.008.<\/p>\n\n\n\n<p>\u00a0\u00a0\u00a0\u00a0\u00a0\u00a0\u00a0\u00a0\u00a0\u00a0\u00a0 Que en el marco del estudio del Ordenamiento Territorial de la Cuenca del R\u00edo Colorado, impulsado por el Ministerio de Planificaci\u00f3n Federal e Inversi\u00f3n P\u00fablica del Gobierno Nacional (2.014-2.015), en conjunto con las cinco Provincias que \u00a0forman parte, se reconoce el rol importante del Departamento como\u00a0 cabecera de \u00a0Cuenca y se destacan las localidades que est\u00e1n sobre los m\u00e1rgenes del Rio Colorado, como Pata Mora donde se localiza el Parque Municipal de referencia.<\/p>\n\n\n\n<p>\u00a0\u00a0\u00a0\u00a0\u00a0\u00a0\u00a0\u00a0\u00a0\u00a0\u00a0 Que son numerosos los cient\u00edficos que se han dedicado a investigar y publicar trabajos vinculados a la geomorfolog\u00eda de la zona como el Dr. Eduardo Llamb\u00edas (Museo de \u00a0Ciencias Naturales de La Plata), la Dra. Corina Risso (Universidad Nacional de \u00a0Buenos Aires \u2013 UBA), el Dr. Ra\u00fal Mikkan (Universidad Nacional de Cuyo), s\u00f3lo por mencionar algunos.<\/p>\n\n\n\n<p>\u00a0\u00a0\u00a0\u00a0\u00a0\u00a0\u00a0\u00a0\u00a0\u00a0\u00a0 Que regionalmente, Malarg\u00fce \u2013 Mendoza y Rinc\u00f3n de Los Sauces \u2013 Neuqu\u00e9n han trabajado en forma conjunta desde el a\u00f1o 2.009 con apoyo del Ministerio de Econom\u00eda de la Naci\u00f3n para la puesta en valor del Observatorio Ambiental Territorial \u00a0y Econ\u00f3mico Productivo de la Cuenca Media del R\u00edo Colorado (CUEMECO) \u00a0destacando los valores que hacen al Patrimonio Natural como el Maar Los Loros o \u00a0Volc\u00e1n Pata Mora, presente en todas las publicaciones de ese Proyecto.<\/p>\n\n\n\n<p>\u00a0\u00a0\u00a0\u00a0\u00a0\u00a0\u00a0\u00a0\u00a0\u00a0\u00a0 Que a nivel provincial se ha trabajado en un Plan de Ordenamiento Territorial, \u00a0\u00a0 impulsado por la Legislatura Provincial, dentro del que se identificaron sitios de Inter\u00e9s Patrimonial para la Provincia, y que se destacan ampliamente en nuestro Departamento.<\/p>\n\n\n\n<p>\u00a0\u00a0\u00a0\u00a0\u00a0\u00a0\u00a0\u00a0\u00a0\u00a0\u00a0 Que desde el Departamento Ejecutivo Municipal existe una firme decisi\u00f3n para \u00a0 impulsar un nuevo Plan de Ordenamiento Territorial a Nivel Departamental, \u00a0 declarando la necesidad del Uso P\u00fablico e incluyendo dentro del mismo aquellos sitios de Patrimonio Hist\u00f3rico, Natural y\/o Cultural de Malarg\u00fce.<\/p>\n\n\n\n<p>\u00a0\u00a0\u00a0\u00a0\u00a0\u00a0\u00a0\u00a0\u00a0\u00a0\u00a0 Que es pol\u00edtica del Departamento Ejecutivo Municipal incentivar el desarrollo de \u00a0investigaciones cient\u00edficas en cualquiera de sus formas dentro de los Parques \u00a0Municipales que cuenten con un Plan de Gesti\u00f3n para la conservaci\u00f3n del Patrimonio \u00a0Natural y\/o Cultural que se refiere el Parque.<\/p>\n\n\n\n<p>\u00a0\u00a0\u00a0\u00a0\u00a0\u00a0\u00a0\u00a0\u00a0\u00a0\u00a0 Que en la Ordenanza Municipal del Plan de Desarrollo Tur\u00edstico de Malarg\u00fce \u00a0orientada al a\u00f1o 2.020 N\u00ba 1.752\/14 se menciona la necesidad de crear este Parque \u00a0Municipal para impulsar el Desarrollo Tur\u00edstico desde el Sur del Departamento teniendo en cuenta las corrientes tur\u00edsticas que desde all\u00ed puedan ingresar una vez que \u00a0 se cuente con los servicios necesarios.<\/p>\n\n\n\n<p>\u00a0\u00a0\u00a0\u00a0\u00a0\u00a0\u00a0\u00a0\u00a0\u00a0\u00a0 Que a nivel local hay reconocimiento del valor geomorfol\u00f3gico y tur\u00edstico del bien de\u00a0referencia, ya que son los propios Gu\u00edas de Turismo quienes impulsaron este proyecto en el a\u00f1o 2.015 con el aval y apoyo de la Delegaci\u00f3n Malarg\u00fce de la Direcci\u00f3n Provincial de Recursos Naturales Renovables y del Plan Estrat\u00e9gico Malarg\u00fce, entre \u00a0 otros.<\/p>\n\n\n\n<p>\u00a0\u00a0\u00a0\u00a0\u00a0\u00a0\u00a0\u00a0\u00a0\u00a0\u00a0 Que es necesario contar con un Centro de Interpretaci\u00f3n en proximidades del Parque \u00a0\u00a0\u00a0\u00a0 Municipal para destacar los valores geomorfol\u00f3gicos, vulcanol\u00f3gicos\u00a0 a la vez que estimular la actividad tur\u00edstica no solo en ese Parque sino en los diferentes campos \u00a0volc\u00e1nicos del Departamento.<\/p>\n\n\n\n<p>\u00a0\u00a0\u00a0\u00a0\u00a0\u00a0\u00a0\u00a0\u00a0\u00a0\u00a0 Que Malarg\u00fce reconoce a la Gesti\u00f3n Asociada como la estrategia que garantiza el \u00a0\u00a0\u00a0\u00a0\u00a0\u00a0\u00a0\u00a0\u00a0 Desarrollo Sustentable y Equilibrado del Territorio con la Participaci\u00f3n de \u00a0Organizaciones P\u00fablicas y Privadas.<\/p>\n\n\n\n<p>\u00a0\u00a0\u00a0\u00a0\u00a0\u00a0\u00a0\u00a0\u00a0\u00a0\u00a0 Que desarrollar un Parque Municipal en el sur del Departamento como el que se propone, y que ha sido impulsado por una activa Organizaci\u00f3n de la Sociedad Civil \u00a0del Departamento y desarrollado con aportes e inquietudes de todos.<\/p>\n\n\n\n<p>\u00a0\u00a0\u00a0\u00a0\u00a0\u00a0\u00a0\u00a0\u00a0\u00a0\u00a0 Que seguramente generar\u00e1 la actividad de regionalizaci\u00f3n tur\u00edstica con el Norte Neuquino y brindar\u00e1 la posibilidad de contar con turistas e investigadores en cualquier \u00e9poca del a\u00f1o, dada la importancia del atractivo natural que establece como centro la propuesta del Parque Municipal.<\/p>\n\n\n\n<p>&nbsp;&nbsp;&nbsp;&nbsp;&nbsp;&nbsp;&nbsp;&nbsp;&nbsp;&nbsp;&nbsp; Que este Honorable Concejo Deliberante ha demostrado&nbsp; inter\u00e9s en resguardar el &nbsp;&nbsp;&nbsp;&nbsp;&nbsp;&nbsp;&nbsp;&nbsp;&nbsp;&nbsp; Patrimonio Natural de la zona de referencia, a trav\u00e9s de la Resoluci\u00f3n N\u00ba 555\/2.012.<\/p>\n\n\n\n<p>EL HONORABLE CONCEJO DELIBERANTE DE LA MUNICIPALIDAD DE MALARG\u00dcE EN EL USO DE LAS FACULTADES QUE LE SON PROPIAS<\/p>\n\n\n\n<p>ORDENA<\/p>\n\n\n\n<p>ARTICULO 1\u00ba: Cr\u00e9ase en el Departamento de Malarg\u00fce el Parque Municipal\u00a0denominado  \u201cVolc\u00e1n Los Loros o Volc\u00e1n Pata Mora\u201d, como s\u00edmbolo del Patrimonio Geomorfol\u00f3gico en el Sur Provincial\u00a0 (Ordenanza N\u00ba 1.442\/ 2.008 \u2013 \u00c1reas \u00a0Protegidas Municipales)<\/p>\n\n\n\n<p>ARTICULO 2\u00ba: Incorp\u00f3rese el Parque Municipal identificado en el Art\u00edculo 1\u00ba al\u00a0 Sistema Organizado de Parques Municipales creado por Ordenanza N\u00ba 1.442\/ 2.008 en la Categor\u00eda de \u201cParque Cient\u00edfico y Tem\u00e1tico en el Cap\u00edtulo I de la Clasificaci\u00f3n y  Constituci\u00f3n de los Parques Municipales II Parte Especial, Titulo I, Articulo N\u00ba 18 y con las descripciones que correspondan al Articulo N\u00ba 28 y Articulo N\u00ba 31 de la Ordenanza de referencia.<\/p>\n\n\n\n<p>ARTICULO 3\u00ba: Encomi\u00e9ndese al Departamento Ejecutivo Municipal\u00a0 por medio del \u00c1rea \u00a0y\/o Dependencia que corresponda la elaboraci\u00f3n del Plan de Manejo y el Plan de \u00a0Gesti\u00f3n participativo del Parque, sosteniendo el esp\u00edritu de la Gesti\u00f3n Asociada, convocando a participar en el Comit\u00e9 de Administraci\u00f3n del Parque a las instituciones \u00a0dedicadas a la investigaci\u00f3n geomorfol\u00f3gica y vulcanol\u00f3gica,\u00a0 a los referentes \u00a0Provinciales, Locales, del Orden P\u00fablico y de la Sociedad Civil.<\/p>\n\n\n\n<p>ARTICULO 4\u00ba: Notif\u00edquese y g\u00edrese copia de la presente a la Asociaci\u00f3n Malarg\u00fcina de Turismo (AMATUR), a Profesionales Malarg\u00fcinos de Turismo (PROMATUR), al Sistema de \u00c1reas Protegidas Naturales de Mendoza, a la Espec\u00edfica de Turismo de la \u00a0C\u00e1mara de Comercio Malarg\u00fce, a las Dependencias Municipales de competencia tem\u00e1tica: Secretar\u00eda de Desarrollo Econ\u00f3mico, Secretar\u00eda de Desarrollo Humano y \u00a0Secretar\u00eda de Infraestructura y Servicios P\u00fablicos.<\/p>\n\n\n\n<p>ARTICULO 5\u00ba: Proc\u00e9dase a la difusi\u00f3n de la presente pieza legal por todos los medios radiales, gr\u00e1ficos y audiovisuales locales disponibles desde la Oficina de Prensa del &nbsp;&nbsp; Honorable Concejo Deliberante.&nbsp;<\/p>\n\n\n\n<p>ARTICULO 6\u00ba: Comun\u00edquese, reg\u00edstrese, c\u00famplase, publ\u00edquese, agr\u00e9guese copia de la &nbsp; presente en las actuaciones correspondientes y arch\u00edvese.<\/p>\n\n\n\n<p>DADA EN LA SALA DE SESIONES DR. RICARDO BALBIN DEL HONORABLE CONCEJO DELIBERANTE DE LA MUNICIPALIDAD DE MALARG\u00dcE A CINCO D\u00cdAS DE SETIEMBRE DE DOS MIL VEINTICUATRO.<\/p>\n","protected":false},"excerpt":{"rendered":"<p>El HCD anuncia la Creaci\u00f3n del &#8220;Parque Municipal Volc\u00e1n Los Loros&#8221; para Preservar su Patrimonio Geomorfol\u00f3gico La Creaci\u00f3n del Parque Municipal\u00a0\u201cVolc\u00e1n Los Loros o Volc\u00e1n Pata Mora\u201d, como s\u00edmbolo del Patrimonio Geomorfol\u00f3gico en el sur provincial; responde a la Ordenanza N\u00ba 1.442\/2008 (Regulaci\u00f3n de \u00e1reas protegidas Municipales). Representa un paso significativo en la protecci\u00f3n del [&hellip;]<\/p>\n","protected":false},"author":5,"featured_media":37654,"comment_status":"closed","ping_status":"closed","sticky":false,"template":"","format":"standard","meta":{"footnotes":""},"categories":[52,29,48,33],"tags":[],"class_list":["post-37653","post","type-post","status-publish","format-standard","has-post-thumbnail","hentry","category-gacetillas","category-lesgilacion","category-ordenanzas-municipales","category-prensa"],"yoast_head":"<!-- This site is optimized with the Yoast SEO plugin v19.10 - https:\/\/yoast.com\/wordpress\/plugins\/seo\/ -->\n<title>ORDENANZA N\u00b0 2.291\/2.024 - Malarg\u00fce HCD<\/title>\n<meta name=\"robots\" content=\"index, follow, max-snippet:-1, max-image-preview:large, max-video-preview:-1\" \/>\n<link rel=\"canonical\" href=\"https:\/\/hcd.malargue.gov.ar\/?p=37653\" \/>\n<meta property=\"og:locale\" content=\"es_ES\" \/>\n<meta property=\"og:type\" content=\"article\" \/>\n<meta property=\"og:title\" content=\"ORDENANZA N\u00b0 2.291\/2.024 - Malarg\u00fce HCD\" \/>\n<meta property=\"og:description\" content=\"El HCD anuncia la Creaci\u00f3n del &#8220;Parque Municipal Volc\u00e1n Los Loros&#8221; para Preservar su Patrimonio Geomorfol\u00f3gico La Creaci\u00f3n del Parque Municipal\u00a0\u201cVolc\u00e1n Los Loros o Volc\u00e1n Pata Mora\u201d, como s\u00edmbolo del Patrimonio Geomorfol\u00f3gico en el sur provincial; responde a la Ordenanza N\u00ba 1.442\/2008 (Regulaci\u00f3n de \u00e1reas protegidas Municipales). Representa un paso significativo en la protecci\u00f3n del [&hellip;]\" \/>\n<meta property=\"og:url\" content=\"https:\/\/hcd.malargue.gov.ar\/?p=37653\" \/>\n<meta property=\"og:site_name\" content=\"Malarg\u00fce HCD\" \/>\n<meta property=\"article:published_time\" content=\"2024-09-11T13:52:19+00:00\" \/>\n<meta property=\"article:modified_time\" content=\"2024-09-11T14:05:56+00:00\" \/>\n<meta property=\"og:image\" content=\"https:\/\/hcd.malargue.gov.ar\/wp-content\/uploads\/2024\/09\/ORDENANZA-2291-2024.png\" \/>\n\t<meta property=\"og:image:width\" content=\"940\" \/>\n\t<meta property=\"og:image:height\" content=\"788\" \/>\n\t<meta property=\"og:image:type\" content=\"image\/png\" \/>\n<meta name=\"author\" content=\"Belen Pedernera Ferragut\" \/>\n<meta name=\"twitter:card\" content=\"summary_large_image\" \/>\n<meta name=\"twitter:label1\" content=\"Escrito por\" \/>\n\t<meta name=\"twitter:data1\" content=\"Belen Pedernera Ferragut\" \/>\n\t<meta name=\"twitter:label2\" content=\"Tiempo de lectura\" \/>\n\t<meta name=\"twitter:data2\" content=\"6 minutos\" \/>\n<script type=\"application\/ld+json\" class=\"yoast-schema-graph\">{\"@context\":\"https:\/\/schema.org\",\"@graph\":[{\"@type\":\"WebPage\",\"@id\":\"https:\/\/hcd.malargue.gov.ar\/?p=37653\",\"url\":\"https:\/\/hcd.malargue.gov.ar\/?p=37653\",\"name\":\"ORDENANZA N\u00b0 2.291\/2.024 - Malarg\u00fce HCD\",\"isPartOf\":{\"@id\":\"https:\/\/hcd.malargue.gov.ar\/#website\"},\"datePublished\":\"2024-09-11T13:52:19+00:00\",\"dateModified\":\"2024-09-11T14:05:56+00:00\",\"author\":{\"@id\":\"https:\/\/hcd.malargue.gov.ar\/#\/schema\/person\/3fd6bbab64edd703961b795156c955d0\"},\"breadcrumb\":{\"@id\":\"https:\/\/hcd.malargue.gov.ar\/?p=37653#breadcrumb\"},\"inLanguage\":\"es-AR\",\"potentialAction\":[{\"@type\":\"ReadAction\",\"target\":[\"https:\/\/hcd.malargue.gov.ar\/?p=37653\"]}]},{\"@type\":\"BreadcrumbList\",\"@id\":\"https:\/\/hcd.malargue.gov.ar\/?p=37653#breadcrumb\",\"itemListElement\":[{\"@type\":\"ListItem\",\"position\":1,\"name\":\"Inicio\",\"item\":\"https:\/\/hcd.malargue.gov.ar\/\"},{\"@type\":\"ListItem\",\"position\":2,\"name\":\"ORDENANZA N\u00b0 2.291\/2.024\"}]},{\"@type\":\"WebSite\",\"@id\":\"https:\/\/hcd.malargue.gov.ar\/#website\",\"url\":\"https:\/\/hcd.malargue.gov.ar\/\",\"name\":\"Malarg\u00fce HCD\",\"description\":\"Malarg\u00fce Mendoza Argentina\",\"potentialAction\":[{\"@type\":\"SearchAction\",\"target\":{\"@type\":\"EntryPoint\",\"urlTemplate\":\"https:\/\/hcd.malargue.gov.ar\/?s={search_term_string}\"},\"query-input\":\"required name=search_term_string\"}],\"inLanguage\":\"es-AR\"},{\"@type\":\"Person\",\"@id\":\"https:\/\/hcd.malargue.gov.ar\/#\/schema\/person\/3fd6bbab64edd703961b795156c955d0\",\"name\":\"Belen Pedernera Ferragut\",\"image\":{\"@type\":\"ImageObject\",\"inLanguage\":\"es-AR\",\"@id\":\"https:\/\/hcd.malargue.gov.ar\/#\/schema\/person\/image\/\",\"url\":\"https:\/\/secure.gravatar.com\/avatar\/1054ffab3893de4bb3eb29bdd22f7e34b8537bf5d34d9dab311818154ad5b71f?s=96&d=mm&r=g\",\"contentUrl\":\"https:\/\/secure.gravatar.com\/avatar\/1054ffab3893de4bb3eb29bdd22f7e34b8537bf5d34d9dab311818154ad5b71f?s=96&d=mm&r=g\",\"caption\":\"Belen Pedernera Ferragut\"},\"url\":\"https:\/\/hcd.malargue.gov.ar\/?author=5\"}]}<\/script>\n<!-- \/ Yoast SEO plugin. -->","yoast_head_json":{"title":"ORDENANZA N\u00b0 2.291\/2.024 - Malarg\u00fce HCD","robots":{"index":"index","follow":"follow","max-snippet":"max-snippet:-1","max-image-preview":"max-image-preview:large","max-video-preview":"max-video-preview:-1"},"canonical":"https:\/\/hcd.malargue.gov.ar\/?p=37653","og_locale":"es_ES","og_type":"article","og_title":"ORDENANZA N\u00b0 2.291\/2.024 - Malarg\u00fce HCD","og_description":"El HCD anuncia la Creaci\u00f3n del &#8220;Parque Municipal Volc\u00e1n Los Loros&#8221; para Preservar su Patrimonio Geomorfol\u00f3gico La Creaci\u00f3n del Parque Municipal\u00a0\u201cVolc\u00e1n Los Loros o Volc\u00e1n Pata Mora\u201d, como s\u00edmbolo del Patrimonio Geomorfol\u00f3gico en el sur provincial; responde a la Ordenanza N\u00ba 1.442\/2008 (Regulaci\u00f3n de \u00e1reas protegidas Municipales). Representa un paso significativo en la protecci\u00f3n del [&hellip;]","og_url":"https:\/\/hcd.malargue.gov.ar\/?p=37653","og_site_name":"Malarg\u00fce HCD","article_published_time":"2024-09-11T13:52:19+00:00","article_modified_time":"2024-09-11T14:05:56+00:00","og_image":[{"width":940,"height":788,"url":"https:\/\/hcd.malargue.gov.ar\/wp-content\/uploads\/2024\/09\/ORDENANZA-2291-2024.png","type":"image\/png"}],"author":"Belen Pedernera Ferragut","twitter_card":"summary_large_image","twitter_misc":{"Escrito por":"Belen Pedernera Ferragut","Tiempo de lectura":"6 minutos"},"schema":{"@context":"https:\/\/schema.org","@graph":[{"@type":"WebPage","@id":"https:\/\/hcd.malargue.gov.ar\/?p=37653","url":"https:\/\/hcd.malargue.gov.ar\/?p=37653","name":"ORDENANZA N\u00b0 2.291\/2.024 - Malarg\u00fce HCD","isPartOf":{"@id":"https:\/\/hcd.malargue.gov.ar\/#website"},"datePublished":"2024-09-11T13:52:19+00:00","dateModified":"2024-09-11T14:05:56+00:00","author":{"@id":"https:\/\/hcd.malargue.gov.ar\/#\/schema\/person\/3fd6bbab64edd703961b795156c955d0"},"breadcrumb":{"@id":"https:\/\/hcd.malargue.gov.ar\/?p=37653#breadcrumb"},"inLanguage":"es-AR","potentialAction":[{"@type":"ReadAction","target":["https:\/\/hcd.malargue.gov.ar\/?p=37653"]}]},{"@type":"BreadcrumbList","@id":"https:\/\/hcd.malargue.gov.ar\/?p=37653#breadcrumb","itemListElement":[{"@type":"ListItem","position":1,"name":"Inicio","item":"https:\/\/hcd.malargue.gov.ar\/"},{"@type":"ListItem","position":2,"name":"ORDENANZA N\u00b0 2.291\/2.024"}]},{"@type":"WebSite","@id":"https:\/\/hcd.malargue.gov.ar\/#website","url":"https:\/\/hcd.malargue.gov.ar\/","name":"Malarg\u00fce HCD","description":"Malarg\u00fce Mendoza Argentina","potentialAction":[{"@type":"SearchAction","target":{"@type":"EntryPoint","urlTemplate":"https:\/\/hcd.malargue.gov.ar\/?s={search_term_string}"},"query-input":"required name=search_term_string"}],"inLanguage":"es-AR"},{"@type":"Person","@id":"https:\/\/hcd.malargue.gov.ar\/#\/schema\/person\/3fd6bbab64edd703961b795156c955d0","name":"Belen Pedernera Ferragut","image":{"@type":"ImageObject","inLanguage":"es-AR","@id":"https:\/\/hcd.malargue.gov.ar\/#\/schema\/person\/image\/","url":"https:\/\/secure.gravatar.com\/avatar\/1054ffab3893de4bb3eb29bdd22f7e34b8537bf5d34d9dab311818154ad5b71f?s=96&d=mm&r=g","contentUrl":"https:\/\/secure.gravatar.com\/avatar\/1054ffab3893de4bb3eb29bdd22f7e34b8537bf5d34d9dab311818154ad5b71f?s=96&d=mm&r=g","caption":"Belen Pedernera Ferragut"},"url":"https:\/\/hcd.malargue.gov.ar\/?author=5"}]}},"_links":{"self":[{"href":"https:\/\/hcd.malargue.gov.ar\/index.php?rest_route=\/wp\/v2\/posts\/37653","targetHints":{"allow":["GET"]}}],"collection":[{"href":"https:\/\/hcd.malargue.gov.ar\/index.php?rest_route=\/wp\/v2\/posts"}],"about":[{"href":"https:\/\/hcd.malargue.gov.ar\/index.php?rest_route=\/wp\/v2\/types\/post"}],"author":[{"embeddable":true,"href":"https:\/\/hcd.malargue.gov.ar\/index.php?rest_route=\/wp\/v2\/users\/5"}],"replies":[{"embeddable":true,"href":"https:\/\/hcd.malargue.gov.ar\/index.php?rest_route=%2Fwp%2Fv2%2Fcomments&post=37653"}],"version-history":[{"count":2,"href":"https:\/\/hcd.malargue.gov.ar\/index.php?rest_route=\/wp\/v2\/posts\/37653\/revisions"}],"predecessor-version":[{"id":37656,"href":"https:\/\/hcd.malargue.gov.ar\/index.php?rest_route=\/wp\/v2\/posts\/37653\/revisions\/37656"}],"wp:featuredmedia":[{"embeddable":true,"href":"https:\/\/hcd.malargue.gov.ar\/index.php?rest_route=\/wp\/v2\/media\/37654"}],"wp:attachment":[{"href":"https:\/\/hcd.malargue.gov.ar\/index.php?rest_route=%2Fwp%2Fv2%2Fmedia&parent=37653"}],"wp:term":[{"taxonomy":"category","embeddable":true,"href":"https:\/\/hcd.malargue.gov.ar\/index.php?rest_route=%2Fwp%2Fv2%2Fcategories&post=37653"},{"taxonomy":"post_tag","embeddable":true,"href":"https:\/\/hcd.malargue.gov.ar\/index.php?rest_route=%2Fwp%2Fv2%2Ftags&post=37653"}],"curies":[{"name":"wp","href":"https:\/\/api.w.org\/{rel}","templated":true}]}}