{"id":37657,"date":"2024-09-11T11:35:33","date_gmt":"2024-09-11T14:35:33","guid":{"rendered":"https:\/\/hcd.malargue.gov.ar\/?p=37657"},"modified":"2024-09-11T11:35:37","modified_gmt":"2024-09-11T14:35:37","slug":"acta-23-sesion-ordinaria-n-1-171-o-05-09-2-024","status":"publish","type":"post","link":"https:\/\/hcd.malargue.gov.ar\/?p=37657","title":{"rendered":"ACTA 23\u00b0 SESION ORDINARIA N\u00b0 1.171 &#8211; O &#8211; 05\/09\/2.024"},"content":{"rendered":"<div class=\"wp-block-image\">\n<figure class=\"alignright size-full is-resized\"><a href=\"http:\/\/hcd.malargue.gov.ar\/2024\/23%20ACTA%20SESION%20ORDINARIA%20%20N%201.171%20-%20O%20-5-9-%202.024.pdf\"><img loading=\"lazy\" decoding=\"async\" width=\"512\" height=\"512\" src=\"https:\/\/hcd.malargue.gov.ar\/wp-content\/uploads\/2018\/06\/PDF-JPG.jpg\" alt=\"\" class=\"wp-image-7950\" style=\"width:143px;height:auto\" srcset=\"https:\/\/hcd.malargue.gov.ar\/wp-content\/uploads\/2018\/06\/PDF-JPG.jpg 512w, https:\/\/hcd.malargue.gov.ar\/wp-content\/uploads\/2018\/06\/PDF-JPG-150x150.jpg 150w, https:\/\/hcd.malargue.gov.ar\/wp-content\/uploads\/2018\/06\/PDF-JPG-300x300.jpg 300w\" sizes=\"auto, (max-width: 512px) 100vw, 512px\" \/><\/a><\/figure>\n<\/div>\n\n\n<p>En Malarg\u00fce Mendoza a cinco\u00a0d\u00edas de setiembre de 2.024, cuando es la hora 09:10,\u00a0se re\u00fane el Honorable  Concejo Deliberante de la Municipalidad de Malarg\u00fce para celebrar la Sesi\u00f3n Ordinaria del d\u00eda de la fecha.\/ Bajo la\u00a0Presidencia del Vicepresidente 2\u00b0 Dn. Pablo Antonio Cabrera \u00a0y la presencia de los Se\u00f1ores\u00a0 Concejales\u00a0 Pablo Villarruel,\u00a0 Elizabeth Gonz\u00e1lez, Mart\u00edn Palma, Francisco Parada,\u00a0 Emilce Mansilla y Magali\u00a0 Acosta.\/\/ Se firma el Libro de asistencia donde constan las ausencias de las Concejales Silvina Camiolo y Viviana Mosca y el Concejal Rodrigo Hidalgo.\/\/\u00a0\u00a0a) Para dar comienzo al desarrollo del Orden del d\u00eda\u00a0 se invita a la Sra. Concejal Emilce Marisa Mansilla \u00a0a izar la Ense\u00f1a Patria.\/\/ b)\u00a0 Homenaje de los Se\u00f1ores Concejales. Solicita la palabra el Concejal PALMA y expresa: Gracias, Se\u00f1or Presidente, bueno en el d\u00eda de ayer se celebraba el D\u00eda del Secretario. Y mi homenaje es para quienes, son Secretarios en esta Instituci\u00f3n y a todos los Secretarios que ocupan un lugar en nuestro Departamento, en la Provincia y en el Pa\u00eds, es fundamental el trabajo de ellos, nosotros cumplimos con un rol en el cual, sino tuvi\u00e9ramos el acompa\u00f1amiento de cada una de estas personas que desenvuelven su tarea en el rol de Secretario, ser\u00eda muy dif\u00edcil que pudi\u00e9ramos tener el trabajo que tenemos. Muchas veces pasan desapercibidos, muchas veces su trabajo es poco visualizado, pero es fundamental en todas las Instituciones, como trabajan estas personas, simplemente eso, simplemente quer\u00eda recordarlo, mandarle un reconocimiento a todos los Secretarios que integran el equipo del Concejo Deliberante, porque este es un equipo, desde quien ocupa la Secretar\u00eda General hasta quienes son Secretarios en cada uno de los Bloques, creo que \u00a0vale la pena siempre, tenerlos presentes porque son parte fundamental del trabajo que, que nosotros realizamos. Simplemente eso, Se\u00f1or Presidente no voy a hacer mucho m\u00e1s larga, mi alocuci\u00f3n era para mandarles mi respeto, mis cari\u00f1os y sobre todas las cosas mi agradecimiento a su tarea. Gracias Se\u00f1or Presidente.\/\/ PRESIDENCIA, muchas gracias concejal Mart\u00edn Palma acompa\u00f1o tambi\u00e9n su homenaje, la verdad que es muy importante, destacar a lo que es \u00a0el trabajo de los Secretarios.\/\/ Seguidamente solicita la palabra el Concejal PARADA y manifiesta: Gracias, Se\u00f1or Presidente, bueno tambi\u00e9n adhiero a\u00a0 las palabras de Concejal Palma y \u00a0las suyas, pero adem\u00e1s yo, en este 5 de septiembre voy a rendir un homenaje a una mujer que, en esta bisagra siglo 2021, en un mundo tremendamente competitivo, con sus metas individualista, se present\u00f3 como un faro y m\u00e1s all\u00e1 de mis creencias religiosas y las de ella tambi\u00e9n obviamente, creo que fue un gran ejemplo para el mundo. Estoy hablando de la Madre Teresa de Calcuta. Es el D\u00eda de la Madre Teresa de Calcuta, que se ocup\u00f3 de los pobres entre los pobres, los olvidados, los abandonados, los que nadie quiere, quiere acompa\u00f1ar, ni quiere, ni quiere socorrer, pero adem\u00e1s ustedes saben que en Malarg\u00fce tenemos la Congregaci\u00f3n de las Hermanas de la Caridad, son cuatro monjitas que todos los d\u00edas recorren nuestras calles, asistiendo a los pobres y hasta hace muy poco tiempo tuvieron aqu\u00ed en Malarg\u00fce un hogar de ancianos, pero de aquellos ancianos que no tienen familiares, ni amistades que puedan contenerlos, all\u00ed est\u00e1n ellas y bueno, creo que en estos tiempos que por all\u00ed, vuelvo a decir, predomina el ego\u00edsmo, en estos \u00e1mbitos pol\u00edticos donde nosotros constantemente, tenemos que estar demostr\u00e1ndole al resto lo que hacemos, ellas trabajan sin mostrar lo que hacen, simplemente trabajan, as\u00ed que bueno, pienso que la Madre Teresa sigue siendo un faro para, para esta \u00e9poca y para toda la humanidad. Creo que es importante\u00a0 no pasar desapercibido este d\u00eda. Nada m\u00e1s, gracias, Se\u00f1or Presidente.\/\/ c) Consideraci\u00f3n Acta Sesi\u00f3n Ordinaria N\u00b0 1.170 \u2013 O \u2013 2.024. y acta Sesi\u00f3n Especial N\u00b0 05 &#8211; E \u2013 2.024 \u00a0PRESIDENCIA pone a consideraci\u00f3n \u00a0amas Actas y son APROBADAS.\/\/\u00a0 d) Lectura del detalle de la correspondencia recibida y emitida. Notas Ingresadas:\u00a0 1. Departamento Ejecutivo, remite copia de Decreto Municipal N\u00b0 1.071\/2.024 Convenio de Uso Gratuito del Predio Gaucho entre el Club F \u2013 100 Malarg\u00fce y la Municipalidad de Malarg\u00fce, para conocimiento y efectos pertinentes. Pasa a H.P.LA.C..\/ 2. Concejal\u00a0 Pablo Cabrera, eleva informes t\u00e9cnicos de la Secretaria de Desarrollo Econ\u00f3mico, para su tratamiento en Comisiones del Honorable Cuerpo. Pasa\u00a0\u00a0 a PASOS INTERNACIONALES Y ASUNTOS REGIONALES.\/ 3. \u00a0Tec. Anibal Perez, Director de Desarrollo Productivo, remite Proyecto de Ordenanza Creaci\u00f3n del Centro Municipal de Servicios Agropecuarios de la Municipalidad de Malarg\u00fce y su reglamento, para consideraci\u00f3n. Pasa a H.P.L.A.C.\/ 4. GENNEIA S.A., en relaci\u00f3n a Parque Solar Los Molles, informa que no cuenta con empleados en relaci\u00f3n de dependencia, ejecutando las obras a trav\u00e9s de empresas especializadas con personal propio. Pasa a HIDROCARBUROS, ENERGIA Y MINERIA.\/ 5. Concejal\u00a0 Viviana Mosca\u00a0 informa ausencia por razones de \u00edndole personal. Por Secretaria, pasa a ARCHIVO.\/ 6. \u00a0Sres. Oscar Gonz\u00e1lez y Luc\u00eda Godio\u00a0 por PRO Malarg\u00fce, elevan Proyecto de Ordenanza de Simplificaci\u00f3n del Tr\u00e1mite de Renovaci\u00f3n de Licencia Nacional de Conducir, para consideraci\u00f3n. Pasa a H.P.L.A.C. \/ 7. Tec. Anibal Perez, Director de Desarrollo Productivo, remite modificaciones sugeridas al Expte. N\u00b0 3.381\/2.024-0 Segarra Francisco Gustavo Permiso de explotaci\u00f3n de Cantera de Aridos, para consideraci\u00f3n. \u00a0Pasa a HIDROCARBUROS, ENERGIA Y MINERIA.\/ 8. Tec. Anibal P\u00e9rez, Director de Desarrollo Productivo, remite informaci\u00f3n referida a Proyecto de Ordenanza Relevamiento de Canteras de Tercera Categor\u00eda y Sitios de Extracci\u00f3n de Aridos en el Departamento de Malarg\u00fce, para consideraci\u00f3n. Pasa a HIDROCARBUROS, ENERGIA Y MINERIA.\/\/ Notas emitidas: 1. A Direcci\u00f3n General de Escuelas, Legisladores Provinciales por el Cuarto Distrito y Honorables Concejos Deliberantes de la Provincia de Mendoza remitiendo copia de Resoluci\u00f3n N\u00b0 243\/2.024, Programa de Prevenci\u00f3n y Concientizaci\u00f3n de Ciberdelitos.\/ 2. A Referentes del Rotary Club Malarg\u00fce, remitiendo copia de Resoluci\u00f3n N\u00b0 246\/2.024 declarando de Inter\u00e9s Departamental el 2\u00b0 Encuentro de Escultores.\/ 3. A la Dra. Mar\u00eda Paz Zabalegui, Juez de Paz remitiendo copia de Resoluci\u00f3n N\u00b0 262\/2.024 Constituci\u00f3n del Jury de Tachas.\/ 4. A Legisladoras Provinciales del Cuarto Distrito por Malarg\u00fce, remitiendo copia de Declaraci\u00f3n N\u00b0 339\/2.024 declarando de Inter\u00e9s Departamental el Programa Bienestar Emocional Adolescente.\/\u00a0 5. A Direcci\u00f3n Provincial de Vialidad y Legisladoras Provinciales del Cuarto Distrito Electoral por Malarg\u00fce, remitiendo copia de Declaraci\u00f3n N\u00b0 338\/2.024 declarando de Inter\u00e9s Cient\u00edfico, Social y Cultural a la Open Door Week, organizadas por la Agencia Espacial Europea.\/\/ e) Determinaci\u00f3n de los temas que ser\u00e1n incluidos en el punto Asuntos Varios y puesta a consideraci\u00f3n de mociones de tratamientos sobre tablas de diversos expedientes. Solicita la palabra la Concejal ACOSTA y expresa: Para desafectar la Nota HC 548\/2.024, que es una nota del Consejo Asesor de Parques\u00a0 Municipales, para que la misma sea anexada al Expediente 5.400 HC 063 del 2024, que es el Proyecto de Ordenanza de la Creaci\u00f3n del Parque Municipal el cual tiene su cambio de car\u00e1tula por Volc\u00e1n Los Loros, s\u00ed, que se encuentra en Secretar\u00eda.\/ PRESIDENCIA pone a consideraci\u00f3n la moci\u00f3n de la concejal Magal\u00ed Acosta y es APROBADA.\/\/ Solicita nuevamente la palabra la\u00a0 Concejal Acosta y manifiesta:\u00a0 Para tambi\u00e9n pedir, la desafectaci\u00f3n del Expediente que se encuentra en Secretar\u00eda y que sea tratado en el punto e) de asuntos varios ya que el expediente ha sido de estudio por varios meses y ya est\u00e1 en condiciones, con las modificaciones requeridas tambi\u00e9n por varios Ediles para su tratamiento en este punto.\/ PRESIDENCIA pone \u00a0a consideraci\u00f3n la moci\u00f3n de la Concejal Magali Acosta y es APROBADA.\/\/ Solicita la palabra el Concejal Mart\u00edn \u00a0y expresa: Bien, simplemente para aclarar que el Expediente no se encuentra en Secretar\u00eda, sino que se encuentra en una Comisi\u00f3n para que sea desafectado, desde la Comisi\u00f3n y no de Secretar\u00eda.\/\/ La Concejal ACOSTA solicita un Cuarto Intermedio a la hora 9:25 retomando la Sesi\u00f3n a las 9:28.\/\/\u00a0 f) Proyectos de los Se\u00f1ores Concejales<strong><em>.\u00a0 <\/em><\/strong>1.Expte. N\u00b0 5.488 HC 069 \u2013 2.024 Proyecto de Ordenanza: Derogaci\u00f3n Ordenanza Municipal N\u00b0 2.260\/2.023 Declaraci\u00f3n de Emergencia Econ\u00f3mica, Financiera y administrativa de la Municipalidad de Malarg\u00fce. \u00a0(BLOQUE UCR INDEPENDIENTE) Autor: Concejal Mart\u00edn Palma.\/ \u00a0Solicita la palabra el Concejal PALMA justifica su proyecto: Gracias, Se\u00f1or Presidente. Bueno como ustedes saben, en estas sesiones, se ha pedido en reiteradas oportunidades que no se ha dado cumplimiento ni con esta Ordenanza de Emergencia, ni con otras tantas Ordenanzas, que se encuentran vigentes y que a\u00fan esperamos respuestas por parte del Ejecutivo Municipal o m\u00e1s que respuesta aplicaci\u00f3n, no?, en este caso la Ordenanza 2260 del a\u00f1o 2023, estipulaba en su Art\u00edculo 12, que deb\u00eda tener una remisi\u00f3n, una revisi\u00f3n cada cuatro meses esta emergencia; entendiendo que hab\u00edan distintas diferencias econ\u00f3micas que\u00a0 se iban a dar a favor del Municipio en funci\u00f3n de la liquidaci\u00f3n de los ingresos que tiene este Municipio por coparticipaci\u00f3n y c\u00f3mo ha aumentado el valor del d\u00f3lar, que es el d\u00f3lar con el cual nos liquidan a nosotros estas regal\u00edas, no? m\u00e1s all\u00e1 de las otras coparticipaciones de distintos \u00f3rganos tanto a nivel Provincial como Nacional, en la Ordenanza mencionada que \u00a0fue sancionada el 29 de diciembre, ya hemos cumplido 8 meses de la sanci\u00f3n de esto y dec\u00eda. como bien lo mencionaba que hab\u00eda que revisarla, no?, nunca se mand\u00f3 ning\u00fan tipo de informe por parte del Ejecutivo. Ninguno en funci\u00f3n del cumplimiento de esta Ordenanza, si se mand\u00f3 el Primer Informe de Responsabilidad Fiscal, que es lo que marca la Ley y el Tribunal de Cuentas, que eso lo tenemos, pero no tiene nada que ver con el informe que deber\u00eda ser pormenorizado del Ejecutivo en funci\u00f3n de los ingresos en este periodo de ocho meses. Hemos visto que han comprado cosas, han hecho muchas fiestas, han viajado por muchos lugares y en una emergencia, esto es como la econom\u00eda familiar, no? en emergencia, en una econom\u00eda familiar uno tiene que limitar ciertos gastos para poder darle prioridad a lo que es de realmente necesidad; servicios p\u00fablicos en este caso, obras y otro sin fin de cuestiones que necesita el vecino por parte de quien administra, en este caso los recursos del Municipio, que no son del Intendente los recursos ,no no no, no los recursos son del pueblo. Ac\u00e1 parece que hay una mala interpretaci\u00f3n de esta situaci\u00f3n porque parece que hay que esconder la informaci\u00f3n, sin\u00f3, no me explico por qu\u00e9 no mandan la informaci\u00f3n, hemos tenido reuniones por distintos temas con el equipo contable de la Municipalidad, se lo hemos, se lo hemos pedido verbalmente. Hemos tratado de ser correctos, hemos mandado notas, y seguimos lamentablemente sin la informaci\u00f3n. En el Art\u00edculo 73 de la Ley Org\u00e1nica de Municipalidades expresa que si se autoriza a la Intendencia a suscribir pagar\u00e9, documentos, cr\u00e9ditos por gastos autorizados en el presupuesto dentro de las partidas y fondos de \u00e9ste por un plazo que no exceda los ejercicios propios y los documentos que se suscriban sin la previa y expresa autorizaci\u00f3n del Concejo, no obligar\u00e1n a la Municipalidad y ser\u00e1n causas suficiente para la remoci\u00f3n de funcionarios que autoricen o lo suscriban, no?. Resulta necesario tambi\u00e9n garantizarle a los vecinos esta transparencia porque son ellos quienes son los due\u00f1os reales de los recursos, no quien los administra, que los administra de manera circunstancial simplemente, si los objetivos que establec\u00eda esa esa emergencia, no? Era la contenci\u00f3n del gasto p\u00fablico, mejorar el flujo de los aportes municipales por parte de los contribuyentes, lo hemos visto, se sancion\u00f3 una Ordenanza Tarifaria, la cual se ajusta al IPC que hoy en la Provincia es del 60% y eso es un aumento del 60% a los tributos que deben hacer los ciudadanos en funci\u00f3n de esta Tarifaria, no?, cuesti\u00f3n que debo decir varios Concejales est\u00e1bamos en contra de esa actualizaci\u00f3n bimestral, en funci\u00f3n de este \u00edndice que no manejamos. Asegurar la prestaci\u00f3n de servicios p\u00fablicos y las funciones esenciales del Municipio, vimos que compraron y no estoy en contra, ni poniendo palos en la rueda, Se\u00f1or Presidente y que es lo primero que se dice, lo m\u00e1s f\u00e1cil que sale y es el discurso permanente no? yo felicito que se compren cosas, felicito porque realmente hace falta, pero hace falta transparencia, se critic\u00f3 arduamente y ferozmente en este Recinto la falta de transparencia de otras gestiones, pero hoy parece que miramos al costado y es lo natural, parece que seguimos con las ordenadas, con las obediencias de vida en funci\u00f3n de quien gobierna y no es as\u00ed como debe funcionar la democracia, Se\u00f1or Presidente. Nosotros tenemos una obligaci\u00f3n de llevar transparencia y somos un ente de control hemos brindado todas las herramientas que nos han pedido, traicionando plenamente la confianza de este Concejo Deliberante, la confianza de propios y extra\u00f1os y cuando digo propios y extra\u00f1os hablo de los bloques s\u00ed?, tanto oficialistas como opositores porque brindamos toda la gobernabilidad para esto, pero parece que esa confianza no es rec\u00edproca por parte del Ejecutivo. Desconocemos un sinf\u00edn de situaciones que se est\u00e1n dando, ayer casualmente se llamaban a licitaciones y cuestiones que a nuestro entender deber\u00edan ser mucho m\u00e1s claras, pero no lo son, se dej\u00f3 una deuda residual de pauta, la reconocimos y por ende autorizamos que esa deuda por m\u00e1s que algunos cuestionamos, ciertas cuestiones con respecto a pautas publicitarias y dem\u00e1s se autoriz\u00f3 igualmente sin hacer el trabajo exhaustivo respecto, a que si se hab\u00eda cumplido o no? Est\u00e1 bien, hay que pagarlo era un compromiso, de las cuales muchas de ellas son fundadas en pedidos de la gente, si? no es por invento nuestro, es porque son necesidades que la gente plantea pero no se ejecutan no se cumplen y no sabemos por qu\u00e9 hay aprobado un Presupuesto por 18.000 millones de pesos, Se\u00f1or Presidente cuando la gesti\u00f3n anterior ten\u00eda un presupuesto ejecutado de aproximadamente 6.000 millones, s\u00ed estamos hablando de n\u00fameros que para para el com\u00fan de la gente son pr\u00e1cticamente imposibles de cuantificar, estamos hablando de 18.000 millones de pesos no le parece a usted que deber\u00edamos tener transparencia, no le parece a usted que el pueblo merece de una buena vez que quienes comandan sean transparentes, sean honestos y no escondan la informaci\u00f3n. Lo vemos en la Naci\u00f3n hoy resulta que nos despertamos en la ma\u00f1ana y tenemos imputado al Ex Presidente porque su Pandemia era redituable pol\u00edticamente, Se\u00f1or Presidente vamos a seguir en la misma tesitura que el Partido Justicialista o kirchnerista o como quieran llamarse, est\u00e1 acostumbrado a hacer, Se\u00f1or Presidente, me parece que ya debemos cambiar esta costumbre, mala costumbre debo decir y, empezar a cambiar la pol\u00edtica, porque muchas veces charlando entre nosotros decimos no?, qu\u00e9 mal que est\u00e1n cuestionados los pol\u00edticos, pero si seguimos haciendo lo mismo, situaci\u00f3n y a quien le toca llevar transparencia, no lo hace. Cu\u00e1l es el problema de poder rendir las cuentas, no tienen equipos contables? Hemos estado con charlas permanentes con la Contadora y siempre nos dice ah\u00ed tengo la documentaci\u00f3n, tengo la documentaci\u00f3n, la documentaci\u00f3n ac\u00e1 no llega, c\u00f3mo podemos nosotros seguir respaldando una Emergencia que le da facultades de disponer los fondos de Malarg\u00fce c\u00f3mo le guste al Intendente si nunca rindi\u00f3, lo hemos pedido por notas Se\u00f1or Presidente, la Nota 366 de este Concejo Deliberante, la Nota 373 de este Concejo Deliberante, parece que cae el saco roto parece que no hay voluntad y no estoy reclamando, ojo, y ni poniendo palos en la rueda, porque le hemos dado todas las herramientas que el Se\u00f1or Intendente necesit\u00f3 al inicio de su gesti\u00f3n, le hemos dado leasing, le hemos dado endeudamiento, hemos autorizado todo lo que nos ha pedido. Pero necesitamos que sea rec\u00edproca la situaci\u00f3n, no nos hemos opuesto a ninguna situaci\u00f3n por ser opositores, simplemente, sino con la m\u00e1xima responsabilidad que nos da este cargo, si? hemos cuestionado algunas cosas de las cuales hemos pedido informaci\u00f3n se nos ha brindado y hemos podido acompa\u00f1ar, pero en este caso, c\u00f3mo podemos mantener una emergencia? Sino hay transparencia, mire ac\u00e1 tengo el listado de la obra p\u00fablica que se pretend\u00eda hacer en este Presupuesto. No la vemos que se ejecute, est\u00e1 o no est\u00e1 el dinero, tenemos informes period\u00edsticos que hablan de que Malarg\u00fce sigue recibiendo muchos millones de pesos, los invito, a ver, tengo algunos recortes period\u00edsticos que all\u00e1 por Julio, hablaba de una percepci\u00f3n de m\u00e1s de 13.000 millones de pesos Junio, perd\u00f3n, corrijo. Entonces hoy estamos en septiembre, cu\u00e1nto dinero hay en la caja? O estaremos haciendo bicicleta financieras o estaremos jugando con el dinero del pueblo, que estaremos haciendo, porque esa informaci\u00f3n no ha llegado y vuelvo a insistir lo mismo, hay necesidades b\u00e1sicas que hay que cubrir, la gente no tiene luz, no tiene agua, no tiene gas, son cosas m\u00e1s b\u00e1sicas que hay que cubrir. Creo que m\u00e1s all\u00e1 de las fiestas, que celebro muchas veces que se realicen, porque son parte de nuestra idiosincrasia, pero qu\u00e9 concepto tenemos en nuestros hogares. Nosotros nos vamos de joda, cuando nuestros hijos les faltan cuestiones b\u00e1sicas. Es el concepto que estamos dando, esa es la imagen que quieren para esta gesti\u00f3n. Es lo mismo que ven\u00edamos padeciendo y muchos de los que son miembros de este Concejo trabajamos arduamente, para poder llevar transparencia y en las cosas que no pudimos hacerlo en la gesti\u00f3n anterior, tuvimos que llevarlo a la Justicia, pretenden que hagamos lo mismo. Cuando nos juntamos con el Intendente antes de su asunci\u00f3n, nos prometi\u00f3 un trabajo en conjunto, \u00a0un trabajo de transparencia, un trabajo de nada, pues no cumpli\u00f3 nada lo que dijo. Lo que dijo entonces no es que, que yo est\u00e9 enojado ni que sea un opositor, estoy pidiendo que se cumpla la Ley, Se\u00f1or presidente. Estoy pidiendo que se cumplan las Ordenanzas, Se\u00f1or Presidente y como no se cumpli\u00f3 y ya llevamos 8 meses de ocultar informaci\u00f3n. Bueno, me veo en la obligaci\u00f3n de derogar una Emergencia que le entrega facultades que no fueron rendidas por el Ejecutivo, entonces paremos la joda. Paremos un poquito, bajemos, bajemos del caballo donde nos hemos subido y llevemos transparencia al pueblo, que es lo que el pueblo exige. Tambi\u00e9n debo decir que en este sentido. El acceso a la informaci\u00f3n p\u00fablica muchas veces nos es esquivo, lo pedimos por el sistema, ticket, lo hemos pedido en un sinf\u00edn de pedidos de informes que nunca son respondidos, seguimos en la misma vieja costumbre de la vieja pol\u00edtica, y eso se debe terminar, Se\u00f1or Presidente. Eso se debe terminar. La transparencia en una gesti\u00f3n es un atributo que facilita la obtenci\u00f3n de informaci\u00f3n clara y precisa sobre los accionares p\u00fablicos, lo que aumenta la capacidad de comprensi\u00f3n vigilancia e incidencia de la ciudadan\u00eda, en la pol\u00edtica p\u00fablica y por lo tanto permite. el mejor control social sobre las acciones de gobierno s\u00ed?, la transparencia ampliamente reconocida como un principio fundamental de la buena gobernanza, parece que eso no lo hab\u00edan le\u00eddo no? la transparencia significa compartir informaci\u00f3n, actuar de manera abierta, libre al acceso a la informaci\u00f3n, es un elemento clave para promover la transparencia y las buenas pr\u00e1cticas pol\u00edticas. No voy a pedir que se lea, creo que he sido demasiado, claro, con respecto a la alocuci\u00f3n, respecto a este Proyecto, no voy a pedir que se lea, simplemente es muy sencillo, el Proyecto lo \u00fanico que plantea en su Art\u00edculo Primero es que se derogue en la totalidad la Ordenanza 2260 del a\u00f1o 2023 y solicitarle en car\u00e1cter de muy urgente la documentaci\u00f3n en funci\u00f3n de estos ocho meses los cuales no se han rendido, vuelvo a insistir lo pedimos por nota, lo pedimos verbalmente, estuvimos los 10 Concejales reunidos con el Intendente y yo se lo ped\u00ed al Se\u00f1or Intendente. Y ninguno de los miembros que est\u00e1n en este Concejo me van a dejar mentir y le dijimos, le hemos brindado toda la confianza y la gobernabilidad para que se pueda desarrollar libremente como Intendente, pero no fue esa confianza respondida con las acciones que deber\u00eda haber llevado adelante el Se\u00f1or Intendente, as\u00ed que simplemente eso Se\u00f1or Presidente, lamento, que tengamos que llegar a estas instancias nuevamente, porque esto habla de las peores \u00e9pocas de gobernanza que hubieron en nuestro Departamento y que despu\u00e9s terminamos lamentando con el correr de los a\u00f1os. Gracias, Se\u00f1or Presidente agradezco, el uso de la palabra pido que el Expediente pase a la Comisi\u00f3n de Hacienda y tenga Tratamiento Preferencial.\/\/ PRESIDENCIA pone a consideraci\u00f3n la\u00a0 solicitud de\u00a0 Tratamiento Preferencial, se produce un empate ( 3 votos afirmativos 3 votos negativos), se pone nuevamente a votaci\u00f3n se repite el empate por lo que desempata PRESIDENCIA quien vota en negativo. NO PROSPERA la solicitud de Tratamiento Preferencial.\/\/ Pasa a H.P.L.A.C..\/\/ Solicita nuevamente la palabra el Concejal PALMA y manifiesta:\u00a0 Quiero agradecer a los Concejales que acompa\u00f1aron la votaci\u00f3n de, del pedido de Tratamiento Preferencial \u00a0y a lo c\u00f3mplices de ocultar la informaci\u00f3n tambi\u00e9n les agradezco.\/\/ g) Expedientes provenientes del Departamento Ejecutivo. 1. Expte N\u00b0 5.175\/2.024 \u2013 0 Contadora Gral. Paula Rodriguez de Sosa solicita declaraci\u00f3n de Inter\u00e9s Departamental de las Jornadas de Contadores Municipales. Por SECRETARIA se procede a la lectura de la nota de elevaci\u00f3n y acto seguido la Concejal ACOSTA solicita que el Cuerpo se constituya en Comisi\u00f3n cuando es la hora 9:45, saliendo del mismo a la hora 10:15.\/\/ El Concejal Rodrigo HIDALGO solicita autorizaci\u00f3n para incorporarse a la Sesi\u00f3n, pide disculpas por la demora por cuestiones personales no ha podido asistir al comienzo de la Sesi\u00f3n y acto seguido asume la PRESIDENCIA.\/\u00a0 Por Secretaria se procede a la lectura del despacho emitido por el Cuerpo en Comisi\u00f3n el cual sugiere la aprobaci\u00f3n de un Proyecto de Declaraci\u00f3n, ART\u00cdCULO 1\u00b0: Declarar de Inter\u00e9s Departamental las XV Jornadas de Contadores Municipales y III Jornadas Provinciales del Sector P\u00fablico por su relevancia para el desarrollo y mejora continua de la gesti\u00f3n p\u00fablica en nuestro Municipio. ART\u00cdCULO 2\u00b0: Entregar por parte de lo Honorable Concejo Deliberante un diploma de distinci\u00f3n legislativa al Consejo Profesional de Ciencias Econ\u00f3micas, con la siguiente leyenda; \u201cDeclarar de Inter\u00e9s Departamental las XV Jornadas de Contadores Municipales y III Jornadas Provinciales del sector p\u00fablico por su relevancia para el desarrollo y mejora continua de la gesti\u00f3n p\u00fablica en los Municipios, por su aporte a la formaci\u00f3n de contadoras y contadores municipales permitiendo el acceso a herramientas y conocimientos que contribuyen a una administraci\u00f3n p\u00fablica m\u00e1s eficiente y transparente. ART\u00cdCULO\u00a0 3\u00b0: De forma.\/ PRESIDENCIA\u00a0 pone a consideraci\u00f3n el despacho y es APROBADO ( 7 votos afirmativos ) Solicita la palabra el Concejal PALMA manifestando: Gracias, Se\u00f1or Presidente, bueno en esta oportunidad como ver\u00e1n, hemos acompa\u00f1ado estas Jornadas porque creemos que son importantes, como bien lo dec\u00eda, las buenas pr\u00e1cticas, creo que vamos a acompa\u00f1ar esta, esta iniciativa. Esperemos que esta capacitaci\u00f3n llegue a los Contadores de nuestro Departamento para que tengan las buenas pr\u00e1cticas y puedan de una buena vez rendir lo que tienen que rendir. Gracias, Se\u00f1or Presidente.\/\/ Expte N\u00b0 5.036\/2.024 \u2013 0 Direcci\u00f3n de Turismo Daniel Von Zedtwitz Solicita normativa para incorporar al Municipio de Malarg\u00fce a la Asociaci\u00f3n Civil Red Federal de Turismo de la Rep\u00fablica Argentina. Por Secretaria se da lectura a la nota de elevaci\u00f3n.\/ Pasa a O.P.T.y R.N.\/\/\u00a0 h) Despachos de las Comisiones de Trabajo. 1. Nota HC 488\/2.024 Sra. Erica Vazquez Jefe Departamento de Recursos Humanos eleva dictamen de Asesor\u00eda Legal, respecto a Expte. N\u00b0 2.510\/2.024.\u00a0 (H.P.L.A.C.) .\/ El despacho de la Comisi\u00f3n sugiere el pase a archivo. PRESIDENCIA pone a consideraci\u00f3n y es APROBADO ( 7 votos afirmativos). Pasa a ARCHIVO.\/\/ 2. Nota HC 493\/2.024 Departamento Ejecutivo remite copia de Convenio de Acuerdo de Pasant\u00edas entre Direcci\u00f3n de Educaci\u00f3n T\u00e9cnica y Trabajo y Municipalidad de Malarg\u00fce, Decreto Municipal N\u00b0 1.028\/2.024. (H.P.L.A.C.).\/ El despacho de la Comisi\u00f3n sugiere el pase a archivo. PRESIDENCIA pone a consideraci\u00f3n y es APROBADO (7 votos afirmativos). Pasa a ARCHIVO.\/\/\u00a0 Solicita la palabra el Concejal PARADA pide un Cuarto Intermedio\u00a0 cuando es la hora 10:20 retomando la Sesi\u00f3n a la hora 10:23.\/ Continua en uso de la palabra el Concejal PARADA interpone una moci\u00f3n de reconsideraci\u00f3n para\u00a0 el Expediente N\u00b0 5.036\/2.024 para hacer el ingreso del Expediente N\u00b0 5.036\u00a0 ya que este Cuerpo lo envi\u00f3 a la Comisi\u00f3n de Obra P\u00fablica. propongo la reconsideraci\u00f3n para que tambi\u00e9n sea remitido \u00a0a la Comisi\u00f3n de Hacienda.\/ PRESIDENCIA pone a votaci\u00f3n la moci\u00f3n de reconsideraci\u00f3n interpuesta por el Concejal y es APROBADA (7 votos afirmativos) Pasa el Expte 2 delPunto g) a las Comisiones de O.P.T y R.N y Posteriormente H.P.L.A.C.\/ 3. Expte N\u00b0 5.485 HC 069 \u2013 2.024 Proyecto de Resoluci\u00f3n:\u00a0 Concientizar sobre la Distrofia Muscular de Duchenne (DMD). (E.H.M.A.S.y C\u00a0 .) El despacho sugiere la aprobaci\u00f3n del proyecto presentado sin modificaciones. PRESIDENCIA pone a consideraci\u00f3n y es APROBADO ( 7 votos afirmativos).\/\/ 4. Expte N\u00b0 5.486 HC 069 &#8211; 2.024 Proyecto de Resoluci\u00f3n:\u00a0 Declarar de Inter\u00e9s Educativo y Cultural el evento Internacional de America Academy of Ballet \u201cAuditions &amp; Perfomance Award\u201d \u2013 Argentina 2.024. (E.H.M.A.S. y C.) El despacho sugiere la aprobaci\u00f3n del proyecto presentado sin modificaciones. PRESIDENCIA pone a consideraci\u00f3n y es APROBADO ( 7 votos afirmativos).\/\/ Se retira el Concejal PARADA.\/\/ 5.\u00a0 Expte N\u00b0 5.484 HC 069 \u2013 2.024\u00a0 Proyecto de Declaraci\u00f3n:\u00a0 Declarar de Inter\u00e9s Educativo, Ambiental y Social la Tecnicatura Superior en Conservaci\u00f3n de la Naturaleza ( Te.Co.Na) perteneciente al Instituto de Educaci\u00f3n F\u00edsica N\u00b0 9-016 Dr. Jorge E. Coll. (E.H.M.A.S y C.). El despapcho emitido sugiere la aprobaci\u00f3n con modificaciones del proyecto presentado: DECLARA. ART\u00cdCULO 1\u00b0, 2\u00b0, 3\u00b0 y 4\u00b0: Idem proyecto original. ART\u00cdCULO 5\u00b0: Difundir a trav\u00e9s de la Oficina de Prensa del Honorable Concejo Deliberante y Prensa del Departamento Ejecutivo Municipal. ART\u00cdCULO 6\u00b0: De forma.\/\/ PRESIDENCIA pone a consideraci\u00f3n y es APROBADO ( 6 votos afirmativos).\/ Solicita la palabra la Concejal MANSILLA y expresa:\u00a0 Presidente, quiero \u00a0agradecer a todos los Ediles por el acompa\u00f1amiento, en este proyecto debido a bueno, la gran importancia que tiene y tambi\u00e9n agradecer a Laurita que, que hoy nos vino a visitar y debido a que bueno, \u00a0la gran importancia que tiene este proyecto y por el que, es elegido por un mont\u00f3n de j\u00f3venes, as\u00ed que a todos los Ediles agradecerles. Solo eso Se\u00f1or Presidente muchas gracias.\/ Solicita la palabra el Concejal PALMA y manifiesta: En el mismo sentido\u00a0 de la Concejal Mansilla y dado que esta carrera se trajo a Malarg\u00fce all\u00e1 por el a\u00f1o 2.007 y que tambi\u00e9n fui parte orgullosamente debo decirlo, este tambi\u00e9n, entendiendo el desarrollo que se proyecta para el Departamento en funci\u00f3n de la posibilidad de desarrollar la miner\u00eda y que siempre se cuestionan los controles ambientales, es necesario seguir sosteniendo la formaci\u00f3n profesional de t\u00e9cnicos en resguardos del ambiente tan rico que tiene Malarg\u00fce, se nombraron all\u00ed algunas reservas muy importantes Caverna de Las Brujas, \u00a0Laguna Llancanelo, \u00a0Laguna Blanca estamos trabajando fuertemente en la concreci\u00f3n de varios Parques Municipales, se habl\u00f3 del Parque de Dinosaurios, todo esto creo que debe ser muy custodiado y que mejor que formar nuestros propios profesionales en nuestro Departamento, con el sentido de pertenencia que eso, que eso refiere y confiar en ellos plenamente en el control ambiental, que se necesita para poder llevar adelante distintas pr\u00e1cticas en lo que hace a lo econ\u00f3mico, no? me refiero miner\u00eda, hidrocarburos y dem\u00e1s sistemas, entonces creo que es fundamental que nosotros podamos brindarles ese acompa\u00f1amiento desde el lugar que nos toca que, \u00a0que se puedan ir capacitando permanentemente, que se puedan ir profesionalizando y de esta manera tambi\u00e9n en concordancia con esto, poder generar los puestos de trabajo que tanta necesidad generan en nuestro Departamento y que mejor que tener profesionales aqu\u00ed y que los propios controles ambientales que se realicen en funci\u00f3n de las actividades extractivas, sean con profesionales nuestros, con un sentido de pertenencia, con un sentido de resguardo del ambiente y con un sentido de defensa a lo que es Malarg\u00fce, simplemente eso Se\u00f1or Presidente. Es un gusto poder acompa\u00f1ar este tipo de cuestiones en el caso particular, soy promotor de la defensa de la Ranita del Pehuenche \u00a0que ustedes se recordar\u00e1n muchas veces se cuestion\u00f3, el Gato Andino otro animal en peligro de extinci\u00f3n y que nosotros gratamente podemos decir que tenemos en nuestro Departamento, como as\u00ed tambi\u00e9n algunos animales end\u00e9micos como el piche y dem\u00e1s que, que merecen una conservaci\u00f3n plena y un esfuerzo pleno para seguir manteniendo y perdurando para que las generaciones \u00a0futuras los puedan conocer. Muchas gracias, Se\u00f1or Presidente y bueno felicitar a quienes hoy se encuentran a cargo de esta carrera y que sigamos trabajando en este sentido en el resguardo de las buenas pr\u00e1cticas ambientales.\/\/\u00a0 i) Asuntos Varios: Punto 1. Solicitado por la Concejal ACOSTA mociona que la nota HC 548\/2.024 sea incorporada al Expte N\u00b0 5400 HC 063\/2.024.\/ PRESIDENCIA pone a consideraci\u00f3n la moci\u00f3n y es APROBADA.\/\/ Punto 2. Solicitado por la concejal ACOSTA, Expte N\u00b0 \u00b0 5400 HC 063\/2.024.\/ Por Secretaria se procede a la lectura del despacho del Cuerpo en Comisi\u00f3n el cual sugiere la aprobaci\u00f3n del Proyecto de Ordenanza con las siguientes modificaciones: Cambio de Caratula Proyecto de Ordenanza:\u00a0 Creaci\u00f3n del Parque Municipal Volc\u00e1n Los Loros o volc\u00e1n Para Mora (Ordenanza N\u00b0 1.442\/2.008) Parque Municipales. ORDENA. ART\u00cdCULO 1\u00b0:\u00a0 Cr\u00e9ase en el Departamento de Malarg\u00fce el Parque Municipal (Ordenanza 1442\/2008 Areas Protegidas Municipales) denominado Volc\u00e1n Los Loros o Volc\u00e1n Pata Mora como s\u00edmbolo del patrimonio geomorfol\u00f3gico y arqueol\u00f3gico del Sur Provincial. ART\u00cdCULOS 2\u00b0, 3\u00b0 y 4\u00b0: Idem \u00a0proyecto original. ART\u00cdCULO 5\u00b0: Proc\u00e9dase a la difusi\u00f3n de la presente pieza legal por todos los medios radiales, gr\u00e1ficos y audiovisuales locales disponibles desde la Oficina de Prensa del Honorable Concejo Deliberante. ART\u00cdCULO 6\u00b0: De forma.\/ Solicita la palabra el concejal Francisco PARADA y expresa:\u00a0 Antes de que se proceda a \u00a0la votaci\u00f3n solicitar la incorporaci\u00f3n a mi banca que por cuestiones particulares me hab\u00eda ausentado unos minutos. Se incorpora cuando es la hora 10:39.\/ PRESIDENCIA pone\u00a0 a consideraci\u00f3n el despacho del Cuerpo en Comisi\u00f3n\u00a0 y es APROBADO (7 votos afirmativos) Acto seguido solicita la palabra el Concejal PALMA y manifiesta:\u00a0 Gracias, Se\u00f1or Presidente bueno con agrado debo decir que acabamos de llevar adelante una votaci\u00f3n, en la creaci\u00f3n de un nuevo Parque Municipal que es el Volc\u00e1n Los Loros, la verdad que muchas veces se me cuestiona porque soy muy cr\u00edtico en algunas cuestiones, pero en otras debo s\u00ed ser correcto y en este caso, en el tratamiento de este Expediente, hemos tenido el acompa\u00f1amiento y la plena, plena predisposici\u00f3n de la Se\u00f1ora, Graciela Violl\u00e1z, tambi\u00e9n a medida que se iban dando distintas circunstancias en funci\u00f3n de los datos y de la certificaci\u00f3n de los profesionales que integran el Consejo de Parques Municipales se ha brindado, hemos tenido varias reuniones, hemos tenido varios intercambios y eso es destacable, no siempre voy a ser cr\u00edtico, muchas veces tengo que destacar la buena predisposici\u00f3n. Con Graciela me ha tocado compartir Banca, la verdad que es una persona \u00a0la cual demuestra un inter\u00e9s total en su trabajo y esto se ve reflejado en estas acciones que nosotros podemos llevar adelante que complementando toda la documentaci\u00f3n, todas las consultas, han sido respondidas, es un gusto poder trabajar de esta manera, cuando se pide la informaci\u00f3n y llega, cuando se evacuan todas las dudas y, y es fundamental que podemos trabajar de esta manera en este caso debo mandar mis felicitaciones a quienes integran su equipo tambi\u00e9n, que esto no es un trabajo de una sola persona sino, es un trabajo de equipos y dentro de esos equipos forma parte tambi\u00e9n este Concejo Deliberante con esta declaraci\u00f3n y bueno tienen T\u00e9cnicos en Conservaci\u00f3n de la Naturaleza para seguir resguardando nuestro ambiente, nuestras bellezas naturales y nuestras riquezas en este Departamento. Gracias Se\u00f1or Presidente.\/\/ Solicita la palabra la Concejal\u00a0 GONZALEZ y expresa: Tambien quiero agradecer a la Sra. Graciela Viollaz que con su equipo \u00a0han participado, este, colaborando con muchas cosas y hemos intercambiado tambi\u00e9n temas y ellos siempre han estado predispuestos y acompa\u00f1ar tambi\u00e9n lo que dice que se ve la transparencia y que se puede trabajar en muchas cosas en el resguardo a nuestro Departamento y el resguardo a todo lo que es este patrimonio cultural y de la naturaleza y tambi\u00e9n este,\u00a0 felicitar a la Edil Mansilla que ha presentado el proyecto de la TeCoNa que tambi\u00e9n es muy importante, porque no solamente han participado gente o estudian chicos de Malarg\u00fce, sino de otros Departamentos y tambi\u00e9n\u00a0 vienen \u00a0a veces de otro pa\u00eds a interiorizarse. Felicitar a todo el equipo de Graciela Viollaz, Julieta y \u00a0dem\u00e1s ya que siempre las consultas a ella y siempre nos ha atendido con muy buena predisposici\u00f3n y ojal\u00e1 que todos los sectores de la Municipalidad, porque tambi\u00e9n tengo que destacar tambi\u00e9n,\u00a0 la presencia de este Se\u00f1or Barros con el Ingeniero \u00a0Ojeda que tambi\u00e9n ha tenido la predisposici\u00f3n de trabajar siempre en todos los proyectos que hemos tenido duda o lo que hemos pedido, nos han ofrecido toda la ayuda que necesitemos y bueno y tambi\u00e9n no, no es ser cr\u00edtica porque siempre nosotros lo que pedimos es Transparencia y en nuestro pueblo, nos piden siempre transparencia entonces que decir que hay otros sectores que se han invitado y que no, no han participado de las reuniones. Tambi\u00e9n felicitar al Se\u00f1or que est\u00e1 encargado de, del Area de Miner\u00eda de Desarrollo e Industria, porque tambi\u00e9n se ha presentado y nos ha aclarado muchas dudas, y\u00a0 es Anibal P\u00e9rez con su equipo que tambi\u00e9n han venido y bueno felicitar a todos, porque no todo es estar en contra o no participar, si no felicitar a todos aquellos que est\u00e1n trabajando muy bien y que se ocupan de \u00a0cada caso que nosotros solicitamos informaci\u00f3n, muchas gracias, Se\u00f1or Presidente.\/\/ Solicita la palabra el Concejal \u00a0Pablo CABRERA y expresa: Bueno en principio y referido a este a este Proyecto de Ordenanza que bueno finalmente se pudo aprobar agradecerle a los colegas Concejales que estuvimos trabajando, fue un trabajo bastante minucioso, pero adem\u00e1s, es el modelo de los trabajos que se van a poder llevar adelante para futuros Parques Municipales, hemos generado una base en materia de los requisitos y cuestiones a tener en cuenta, entonces entendemos, que es un punto de partida para, para pr\u00f3ximos Parques Municipales por otro lado y bueno en relaci\u00f3n, a que hoy fue muy, muy rara la Sesi\u00f3n, porque bueno, estuve Presidiendo la Sesi\u00f3n un rato tambi\u00e9n, quiero agradecer al Personal del Honorable Concejo Deliberante y al Cuerpo de Concejales que bueno me brindaron ah\u00ed, la, la mejor onda para poder hacerlo bien. Era eso nom\u00e1s, much\u00edsimas gracias.\/\/ \u00a0PRESIDENCIA expresa: Le agradezco la predisposici\u00f3n para cumplir con la responsabilidad que asumi\u00f3, en el comienzo de la, de la sesi\u00f3n como Vicepresidente Segundo, muchas gracias concejal. j) Acto de arriar el Pabell\u00f3n Nacional a cargo de la \u00a0concejal que lo iz\u00f3.\/\/ No habiendo mas temas para tratar cuando es la hora 10:57 se da por finalizada la Sesi\u00f3n. Previa lectura de lo que antecede firman las presentes actuaciones el Sr. Presidente\u00a0 y la Sra. Secretaria del Honorable Concejo Deliberante.<\/p>\n","protected":false},"excerpt":{"rendered":"<p>En Malarg\u00fce Mendoza a cinco\u00a0d\u00edas de setiembre de 2.024, cuando es la hora 09:10,\u00a0se re\u00fane el Honorable Concejo Deliberante de la Municipalidad de Malarg\u00fce para celebrar la Sesi\u00f3n Ordinaria del d\u00eda de la fecha.\/ Bajo la\u00a0Presidencia del Vicepresidente 2\u00b0 Dn. Pablo Antonio Cabrera \u00a0y la presencia de los Se\u00f1ores\u00a0 Concejales\u00a0 Pablo Villarruel,\u00a0 Elizabeth Gonz\u00e1lez, Mart\u00edn [&hellip;]<\/p>\n","protected":false},"author":5,"featured_media":33337,"comment_status":"closed","ping_status":"closed","sticky":false,"template":"","format":"standard","meta":{"footnotes":""},"categories":[60,52,58,33,36],"tags":[],"class_list":["post-37657","post","type-post","status-publish","format-standard","has-post-thumbnail","hentry","category-acta-de-sesiones","category-gacetillas","category-ordinarias","category-prensa","category-sesiones"],"yoast_head":"<!-- This site is optimized with the Yoast SEO plugin v19.10 - https:\/\/yoast.com\/wordpress\/plugins\/seo\/ -->\n<title>ACTA 23\u00b0 SESION ORDINARIA N\u00b0 1.171 - O - 05\/09\/2.024 - Malarg\u00fce HCD<\/title>\n<meta name=\"robots\" content=\"index, follow, max-snippet:-1, max-image-preview:large, max-video-preview:-1\" \/>\n<link rel=\"canonical\" href=\"https:\/\/hcd.malargue.gov.ar\/?p=37657\" \/>\n<meta property=\"og:locale\" content=\"es_ES\" \/>\n<meta property=\"og:type\" content=\"article\" \/>\n<meta property=\"og:title\" content=\"ACTA 23\u00b0 SESION ORDINARIA N\u00b0 1.171 - O - 05\/09\/2.024 - Malarg\u00fce HCD\" \/>\n<meta property=\"og:description\" content=\"En Malarg\u00fce Mendoza a cinco\u00a0d\u00edas de setiembre de 2.024, cuando es la hora 09:10,\u00a0se re\u00fane el Honorable Concejo Deliberante de la Municipalidad de Malarg\u00fce para celebrar la Sesi\u00f3n Ordinaria del d\u00eda de la fecha.\/ Bajo la\u00a0Presidencia del Vicepresidente 2\u00b0 Dn. Pablo Antonio Cabrera \u00a0y la presencia de los Se\u00f1ores\u00a0 Concejales\u00a0 Pablo Villarruel,\u00a0 Elizabeth Gonz\u00e1lez, Mart\u00edn [&hellip;]\" \/>\n<meta property=\"og:url\" content=\"https:\/\/hcd.malargue.gov.ar\/?p=37657\" \/>\n<meta property=\"og:site_name\" content=\"Malarg\u00fce HCD\" \/>\n<meta property=\"article:published_time\" content=\"2024-09-11T14:35:33+00:00\" \/>\n<meta property=\"article:modified_time\" content=\"2024-09-11T14:35:37+00:00\" \/>\n<meta property=\"og:image\" content=\"https:\/\/hcd.malargue.gov.ar\/wp-content\/uploads\/2023\/03\/actas-sesiones.jpg\" \/>\n\t<meta property=\"og:image:width\" content=\"1640\" \/>\n\t<meta property=\"og:image:height\" content=\"924\" \/>\n\t<meta property=\"og:image:type\" content=\"image\/jpeg\" \/>\n<meta name=\"author\" content=\"Belen Pedernera Ferragut\" \/>\n<meta name=\"twitter:card\" content=\"summary_large_image\" \/>\n<meta name=\"twitter:label1\" content=\"Escrito por\" \/>\n\t<meta name=\"twitter:data1\" content=\"Belen Pedernera Ferragut\" \/>\n\t<meta name=\"twitter:label2\" content=\"Tiempo de lectura\" \/>\n\t<meta name=\"twitter:data2\" content=\"27 minutos\" \/>\n<script type=\"application\/ld+json\" class=\"yoast-schema-graph\">{\"@context\":\"https:\/\/schema.org\",\"@graph\":[{\"@type\":\"WebPage\",\"@id\":\"https:\/\/hcd.malargue.gov.ar\/?p=37657\",\"url\":\"https:\/\/hcd.malargue.gov.ar\/?p=37657\",\"name\":\"ACTA 23\u00b0 SESION ORDINARIA N\u00b0 1.171 - O - 05\/09\/2.024 - Malarg\u00fce HCD\",\"isPartOf\":{\"@id\":\"https:\/\/hcd.malargue.gov.ar\/#website\"},\"datePublished\":\"2024-09-11T14:35:33+00:00\",\"dateModified\":\"2024-09-11T14:35:37+00:00\",\"author\":{\"@id\":\"https:\/\/hcd.malargue.gov.ar\/#\/schema\/person\/3fd6bbab64edd703961b795156c955d0\"},\"breadcrumb\":{\"@id\":\"https:\/\/hcd.malargue.gov.ar\/?p=37657#breadcrumb\"},\"inLanguage\":\"es-AR\",\"potentialAction\":[{\"@type\":\"ReadAction\",\"target\":[\"https:\/\/hcd.malargue.gov.ar\/?p=37657\"]}]},{\"@type\":\"BreadcrumbList\",\"@id\":\"https:\/\/hcd.malargue.gov.ar\/?p=37657#breadcrumb\",\"itemListElement\":[{\"@type\":\"ListItem\",\"position\":1,\"name\":\"Inicio\",\"item\":\"https:\/\/hcd.malargue.gov.ar\/\"},{\"@type\":\"ListItem\",\"position\":2,\"name\":\"ACTA 23\u00b0 SESION ORDINARIA N\u00b0 1.171 &#8211; O &#8211; 05\/09\/2.024\"}]},{\"@type\":\"WebSite\",\"@id\":\"https:\/\/hcd.malargue.gov.ar\/#website\",\"url\":\"https:\/\/hcd.malargue.gov.ar\/\",\"name\":\"Malarg\u00fce HCD\",\"description\":\"Malarg\u00fce Mendoza Argentina\",\"potentialAction\":[{\"@type\":\"SearchAction\",\"target\":{\"@type\":\"EntryPoint\",\"urlTemplate\":\"https:\/\/hcd.malargue.gov.ar\/?s={search_term_string}\"},\"query-input\":\"required name=search_term_string\"}],\"inLanguage\":\"es-AR\"},{\"@type\":\"Person\",\"@id\":\"https:\/\/hcd.malargue.gov.ar\/#\/schema\/person\/3fd6bbab64edd703961b795156c955d0\",\"name\":\"Belen Pedernera Ferragut\",\"image\":{\"@type\":\"ImageObject\",\"inLanguage\":\"es-AR\",\"@id\":\"https:\/\/hcd.malargue.gov.ar\/#\/schema\/person\/image\/\",\"url\":\"https:\/\/secure.gravatar.com\/avatar\/1054ffab3893de4bb3eb29bdd22f7e34b8537bf5d34d9dab311818154ad5b71f?s=96&d=mm&r=g\",\"contentUrl\":\"https:\/\/secure.gravatar.com\/avatar\/1054ffab3893de4bb3eb29bdd22f7e34b8537bf5d34d9dab311818154ad5b71f?s=96&d=mm&r=g\",\"caption\":\"Belen Pedernera Ferragut\"},\"url\":\"https:\/\/hcd.malargue.gov.ar\/?author=5\"}]}<\/script>\n<!-- \/ Yoast SEO plugin. -->","yoast_head_json":{"title":"ACTA 23\u00b0 SESION ORDINARIA N\u00b0 1.171 - O - 05\/09\/2.024 - Malarg\u00fce HCD","robots":{"index":"index","follow":"follow","max-snippet":"max-snippet:-1","max-image-preview":"max-image-preview:large","max-video-preview":"max-video-preview:-1"},"canonical":"https:\/\/hcd.malargue.gov.ar\/?p=37657","og_locale":"es_ES","og_type":"article","og_title":"ACTA 23\u00b0 SESION ORDINARIA N\u00b0 1.171 - O - 05\/09\/2.024 - Malarg\u00fce HCD","og_description":"En Malarg\u00fce Mendoza a cinco\u00a0d\u00edas de setiembre de 2.024, cuando es la hora 09:10,\u00a0se re\u00fane el Honorable Concejo Deliberante de la Municipalidad de Malarg\u00fce para celebrar la Sesi\u00f3n Ordinaria del d\u00eda de la fecha.\/ Bajo la\u00a0Presidencia del Vicepresidente 2\u00b0 Dn. Pablo Antonio Cabrera \u00a0y la presencia de los Se\u00f1ores\u00a0 Concejales\u00a0 Pablo Villarruel,\u00a0 Elizabeth Gonz\u00e1lez, Mart\u00edn [&hellip;]","og_url":"https:\/\/hcd.malargue.gov.ar\/?p=37657","og_site_name":"Malarg\u00fce HCD","article_published_time":"2024-09-11T14:35:33+00:00","article_modified_time":"2024-09-11T14:35:37+00:00","og_image":[{"width":1640,"height":924,"url":"https:\/\/hcd.malargue.gov.ar\/wp-content\/uploads\/2023\/03\/actas-sesiones.jpg","type":"image\/jpeg"}],"author":"Belen Pedernera Ferragut","twitter_card":"summary_large_image","twitter_misc":{"Escrito por":"Belen Pedernera Ferragut","Tiempo de lectura":"27 minutos"},"schema":{"@context":"https:\/\/schema.org","@graph":[{"@type":"WebPage","@id":"https:\/\/hcd.malargue.gov.ar\/?p=37657","url":"https:\/\/hcd.malargue.gov.ar\/?p=37657","name":"ACTA 23\u00b0 SESION ORDINARIA N\u00b0 1.171 - O - 05\/09\/2.024 - Malarg\u00fce HCD","isPartOf":{"@id":"https:\/\/hcd.malargue.gov.ar\/#website"},"datePublished":"2024-09-11T14:35:33+00:00","dateModified":"2024-09-11T14:35:37+00:00","author":{"@id":"https:\/\/hcd.malargue.gov.ar\/#\/schema\/person\/3fd6bbab64edd703961b795156c955d0"},"breadcrumb":{"@id":"https:\/\/hcd.malargue.gov.ar\/?p=37657#breadcrumb"},"inLanguage":"es-AR","potentialAction":[{"@type":"ReadAction","target":["https:\/\/hcd.malargue.gov.ar\/?p=37657"]}]},{"@type":"BreadcrumbList","@id":"https:\/\/hcd.malargue.gov.ar\/?p=37657#breadcrumb","itemListElement":[{"@type":"ListItem","position":1,"name":"Inicio","item":"https:\/\/hcd.malargue.gov.ar\/"},{"@type":"ListItem","position":2,"name":"ACTA 23\u00b0 SESION ORDINARIA N\u00b0 1.171 &#8211; O &#8211; 05\/09\/2.024"}]},{"@type":"WebSite","@id":"https:\/\/hcd.malargue.gov.ar\/#website","url":"https:\/\/hcd.malargue.gov.ar\/","name":"Malarg\u00fce HCD","description":"Malarg\u00fce Mendoza Argentina","potentialAction":[{"@type":"SearchAction","target":{"@type":"EntryPoint","urlTemplate":"https:\/\/hcd.malargue.gov.ar\/?s={search_term_string}"},"query-input":"required name=search_term_string"}],"inLanguage":"es-AR"},{"@type":"Person","@id":"https:\/\/hcd.malargue.gov.ar\/#\/schema\/person\/3fd6bbab64edd703961b795156c955d0","name":"Belen Pedernera Ferragut","image":{"@type":"ImageObject","inLanguage":"es-AR","@id":"https:\/\/hcd.malargue.gov.ar\/#\/schema\/person\/image\/","url":"https:\/\/secure.gravatar.com\/avatar\/1054ffab3893de4bb3eb29bdd22f7e34b8537bf5d34d9dab311818154ad5b71f?s=96&d=mm&r=g","contentUrl":"https:\/\/secure.gravatar.com\/avatar\/1054ffab3893de4bb3eb29bdd22f7e34b8537bf5d34d9dab311818154ad5b71f?s=96&d=mm&r=g","caption":"Belen Pedernera Ferragut"},"url":"https:\/\/hcd.malargue.gov.ar\/?author=5"}]}},"_links":{"self":[{"href":"https:\/\/hcd.malargue.gov.ar\/index.php?rest_route=\/wp\/v2\/posts\/37657","targetHints":{"allow":["GET"]}}],"collection":[{"href":"https:\/\/hcd.malargue.gov.ar\/index.php?rest_route=\/wp\/v2\/posts"}],"about":[{"href":"https:\/\/hcd.malargue.gov.ar\/index.php?rest_route=\/wp\/v2\/types\/post"}],"author":[{"embeddable":true,"href":"https:\/\/hcd.malargue.gov.ar\/index.php?rest_route=\/wp\/v2\/users\/5"}],"replies":[{"embeddable":true,"href":"https:\/\/hcd.malargue.gov.ar\/index.php?rest_route=%2Fwp%2Fv2%2Fcomments&post=37657"}],"version-history":[{"count":1,"href":"https:\/\/hcd.malargue.gov.ar\/index.php?rest_route=\/wp\/v2\/posts\/37657\/revisions"}],"predecessor-version":[{"id":37658,"href":"https:\/\/hcd.malargue.gov.ar\/index.php?rest_route=\/wp\/v2\/posts\/37657\/revisions\/37658"}],"wp:featuredmedia":[{"embeddable":true,"href":"https:\/\/hcd.malargue.gov.ar\/index.php?rest_route=\/wp\/v2\/media\/33337"}],"wp:attachment":[{"href":"https:\/\/hcd.malargue.gov.ar\/index.php?rest_route=%2Fwp%2Fv2%2Fmedia&parent=37657"}],"wp:term":[{"taxonomy":"category","embeddable":true,"href":"https:\/\/hcd.malargue.gov.ar\/index.php?rest_route=%2Fwp%2Fv2%2Fcategories&post=37657"},{"taxonomy":"post_tag","embeddable":true,"href":"https:\/\/hcd.malargue.gov.ar\/index.php?rest_route=%2Fwp%2Fv2%2Ftags&post=37657"}],"curies":[{"name":"wp","href":"https:\/\/api.w.org\/{rel}","templated":true}]}}