{"id":37691,"date":"2024-09-18T09:57:50","date_gmt":"2024-09-18T12:57:50","guid":{"rendered":"https:\/\/hcd.malargue.gov.ar\/?p=37691"},"modified":"2024-09-18T09:58:32","modified_gmt":"2024-09-18T12:58:32","slug":"acta-24-sesion-ordinaria-n-1-172-o-12-09-2-024","status":"publish","type":"post","link":"https:\/\/hcd.malargue.gov.ar\/?p=37691","title":{"rendered":"ACTA 24\u00b0 SESION ORDINARIA N\u00b0 1.172\u2013 O \u2013 12\/09\/2.024"},"content":{"rendered":"<div class=\"wp-block-image\">\n<figure class=\"alignright size-full is-resized\"><a href=\"http:\/\/hcd.malargue.gov.ar\/2024\/24%20ACTA%20SESION%20ORDINARIA%20N%201.172%20-%20O%20-%202.024.pdf\"><img loading=\"lazy\" decoding=\"async\" width=\"512\" height=\"512\" src=\"https:\/\/hcd.malargue.gov.ar\/wp-content\/uploads\/2018\/06\/PDF-JPG.jpg\" alt=\"\" class=\"wp-image-7950\" style=\"width:135px;height:auto\" srcset=\"https:\/\/hcd.malargue.gov.ar\/wp-content\/uploads\/2018\/06\/PDF-JPG.jpg 512w, https:\/\/hcd.malargue.gov.ar\/wp-content\/uploads\/2018\/06\/PDF-JPG-150x150.jpg 150w, https:\/\/hcd.malargue.gov.ar\/wp-content\/uploads\/2018\/06\/PDF-JPG-300x300.jpg 300w\" sizes=\"auto, (max-width: 512px) 100vw, 512px\" \/><\/a><\/figure>\n<\/div>\n\n\n<p>En Malarg\u00fce Mendoza a doce\u00a0 d\u00edas de setiembre de 2.024, cuando es la hora 09:20 ,\u00a0 se re\u00fane el  Honorable Concejo Deliberante de la Municipalidad de Malarg\u00fce para celebrar la Sesi\u00f3n Ordinaria del d\u00eda de la fecha.\/ Bajo la\u00a0\u00a0 Presidencia de su titular Dn. Rodrigo Hidalgo\u00a0\u00a0 y la presencia de los Se\u00f1ores\u00a0 Concejales\u00a0 Viviana Mosca, Pablo Villarruel,\u00a0 Elizabeth Gonz\u00e1lez, Mart\u00edn Palma, Francisco Parada,\u00a0 Silvina Camiolo, Emilce Mansilla, Magali\u00a0 Acosta y Pablo Cabrera.\/\/ Se firma el Libro de asistencia donde consta que no hay ausencias.\/\/\u00a0\u00a0 a) Para dar comienzo al desarrollo del Orden del d\u00eda\u00a0 se invita a la Sra. Concejal Viviana Mosca a izar la Ense\u00f1a Patria.\/\/ b)\u00a0 Homenaje de los Se\u00f1ores Concejales. Solicita la palabra la Concejal CAMIOLO y expresa: Quiero en este punto rendir\u00a0 un peque\u00f1o homenaje a los docentes del Departamento que en el d\u00eda de ayer hemos conmemorado su d\u00eda. y bueno, agradecerles aparte, tenemos muchos docentes tambi\u00e9n en el Concejo, agradecerles por la labor por la plasticidad que tienen de adaptarse a distintas exigencias de sus trabajos y por la entrega porque en un lugar donde sus salarios no son reconocidos desde el Estado y muchas veces maltratados en los sucesivos gobiernos y ellos siguen poniendo lo mejor y realmente siempre digo que si no hubiera vocaci\u00f3n, no existir\u00eda la tarea de pedag\u00f3gica, as\u00ed que mi homenaje para ellos la felicitaciones y el agradecimiento eterno, muchas gracias.\/\/ Seguidamente solicita la palabra el Concejal Mart\u00edn PALMA y manifiesta: Gracias Se\u00f1or Presidente, en el mismo sentido para enviar mi m\u00e1s afectuoso saludo a todos los maestros en nuestro Departamento, en la Provincia y en este Pa\u00eds, sin dejar de mencionar el esfuerzo y c\u00f3mo su vocaci\u00f3n de servicio los lleva a tomar tan linda tarea, no?. Ayer estuvimos junto a la Concejal Gonz\u00e1lez en el Acto del D\u00eda del Maestro que se realiz\u00f3 en Bardas Blancas, la verdad que muy emotivo, escuchando los docentes y\u00a0 por qu\u00e9 toman la decisi\u00f3n de salir de sus casas 15 d\u00edas, albergarse y la verdad que\u00a0 te llena orgullo que haya gente que tome\u00a0 ese servicio, esa vocaci\u00f3n y que se emocione tanto a la hora de tener que transmitirlo o de simplemente contar porque son docentes y es muy linda esa situaci\u00f3n, por eso no quer\u00eda dejar pasar este momento. Pero tambi\u00e9n por otro lado , tambi\u00e9n quiero mandar un peque\u00f1o mensaje si se quiere, en esta, en este punto al Ejecutivo Municipal, porque desde este Concejo venimos hace varios a\u00f1os tratando de acompa\u00f1ar los procesos de regularizaci\u00f3n dominial; casualmente, llegu\u00e9 un poquito tarde porque estaba con el Doctor Mayoral viendo toda esta situaci\u00f3n. Creo que es imperioso que tengamos una reuni\u00f3n en conjunto, porque esos proyectos despu\u00e9s tienen que pasar por ac\u00e1 y hoy vemos que en Ca\u00f1ada Colorada, por ejemplo, se ha iniciado el proceso de mensura. Tengo que decirlo, que est\u00e1 buen\u00edsimo, ojal\u00e1 que, que podamos regularizar dominialmente \u00a0todo el Departamento para que la gente deje de ser\u00a0 reh\u00e9n pol\u00edtico del Gobierno de turno y eso, eso es a donde quer\u00eda hacer hincapi\u00e9. Tenemos que terminar este proceso, pero nosotros como Concejales tenemos que ser parte de este proceso, porque despu\u00e9s los proyectos vienen aqu\u00ed para ser autorizados y esto no es un escriban\u00eda, donde directamente va a venir la mensura ya hecha para que levantemos la mano. Nosotros hemos tenido salidas institucionales con el resto del Cuerpo para poder comprometernos ante los vecinos a acompa\u00f1ar los procesos de regularizaci\u00f3n, Ca\u00f1ada Colorada, ustedes saben que tiene un sinf\u00edn de situaciones que las hemos visto aqu\u00ed y las hemos denunciado. Queremos ponerlos al tanto antes de que este proceso se pueda ver empa\u00f1ado por alguna acci\u00f3n de estas que se han llevado adelante con anterioridad, se est\u00e1 trabajando tambi\u00e9n en la regularizaci\u00f3n de Agua Escondida una deuda pendiente de hace mucho tiempo, pero tambi\u00e9n debe pasar por aqu\u00ed. Bardas Blancas tambi\u00e9n debe haber una adenda por parte de este Concejo sobre los lotes bald\u00edos, Colonia Emprendedores, 60 Aniversario y un sinf\u00edn de otras situaciones como por ejemplo los chicos del Loteo Independencia que ya deber\u00edamos tambi\u00e9n empezar a regularizar, para ver si pueden entrar en las soluciones habitacionales que entrega el IPV, \u00a0tenemos que modificar porque uno de los planteos que se hicieron es,.. che pero no construye la gente, y la situaci\u00f3n econ\u00f3mica est\u00e1 dif\u00edcil, entonces cu\u00e1l es nuestra responsabilidad y trabajar en una modificaci\u00f3n sobre el C\u00f3digo de Edificaci\u00f3n para habilitar construcciones que ya han sido probadas en otros lados y que muy buen resultado dan. Entonces en este periodo homenaje simplemente, Se\u00f1or Presidente, quer\u00eda nuevamente pedir y poner de manifiesto la voluntad de todo este Cuerpo, para que podamos hacer un trabajo en conjunto y a la hora de que ingresen los proyectos, sean m\u00e1s f\u00e1ciles poder trabajarlos, simplemente eso, esperemos que la pol\u00edtica d\u00e9 un salto de calidad en alg\u00fan momento, que podamos trabajarlo conjuntamente y creo que la predisposici\u00f3n para que eso suceda de nuestra parte est\u00e1 puesta de manifiesto. Gracias, Se\u00f1or Presidente.\/\/ A continuaci\u00f3n solicita la palabra el Concejal PARADA y expresa: \u00a0Buen d\u00eda Presidente, buen d\u00eda Concejales, al Personal del HCD, buenos d\u00edas, s\u00ed tambi\u00e9n para rendir homenaje a los Maestros, ayer estaban de festejo particularmente como dec\u00eda el Concejal Palma que ayer andaba por Bardas Blancas, un agradecimiento especial a los Maestros Rurales, la ruralidad. \u00a0Tuve la alegr\u00eda y la satisfacci\u00f3n de hacer una Escuela Primaria Rural, conozco desde adentro el trabajo de los docentes rurales, as\u00edque para ellos, aunque tard\u00edo el saludo tambi\u00e9n y el homenaje y bueno, fue el D\u00eda del Maestro ayer ustedes saben, en memoria de \u00a0Domingo Sarmiento y el 17 ser\u00e1\u00a0 el D\u00eda de los Profesores. Y aqu\u00ed entra en juego, una vez m\u00e1s, los debates hist\u00f3ricos. S\u00ed?, porque si ponemos a Estrada en honor, a quien se festeja el D\u00eda del Profesor y a Sarmiento en quien fue en honor, a qui\u00e9n se festeja el D\u00eda del Maestro estan en las ant\u00edpodas, S\u00ed? son los debates historiogr\u00e1ficos que los llevan al mundo de los pr\u00f3ceres, los pr\u00f3ceres. En el caso de Sarmiento ustedes saben, que a partir de 1852 empieza a ganar el Estado moderno liberal bajo los principios del liberalismo y van a disponer un Estado que va a tener como tres o cuatro pilares, uno es las leyes liberales, por eso nuestra Constituci\u00f3n Nacional est\u00e1 ideol\u00f3gicamente inspirada en el liberalismo, la historia,, hay que reescribir la historia y la mayor\u00eda son historiadores liberales con Bartolom\u00e9 Mitre a la cabeza y despu\u00e9s los pr\u00f3ceres, hay que decidir cu\u00e1les son los pr\u00f3ceres y cu\u00e1l es el altar de los pr\u00f3ceres y por lo tanto Sarmiento que respond\u00eda al liberalismo rom\u00e1ntico, en primera instancia y despu\u00e9s en parte al liberalismo positivista se convertir\u00e1, obviamente en el pr\u00f3cer de la, de la educaci\u00f3n para Argentina desde la postura liberal, despu\u00e9s habr\u00e1n reacciones histogr\u00e1ficas y habr\u00e1 gente que est\u00e1 de acuerdo, no, de acuerdo porque vuelvo a decir hay un modelo pedag\u00f3gico ideol\u00f3gico detr\u00e1s de Sarmiento que se conoce como el normalismo y la educaci\u00f3n argentina ha estado marcada hist\u00f3ricamente por el normalismo, que hay una concepci\u00f3n antropol\u00f3gica, filos\u00f3fica de fondo. Pero lo cierto es que se impuso a Sarmiento, como el Maestro de Am\u00e9rica bajo un Estado que naci\u00f3 con los principios del liberalismo, esto quiere decir que Sarmiento fue el primer maestro, no, de la educaci\u00f3n formal en Am\u00e9rica viene desde las ra\u00edces grecolatinas piensen que Plat\u00f3n, Arist\u00f3teles, fueron maestros de hecho. Plat\u00f3n va a crear la famosa academia, s\u00ed?, Arist\u00f3teles va a crear el Liceo en el cual la educaci\u00f3n formal ya viene desde hace 2000 a\u00f1os por as\u00ed decirlo, no? Entonces Sarmiento que es un pr\u00f3cer dir\u00edamos que impone en Argentina o promuevenen Argentina en el Estado moderno argentino, un modelo educativo que se llama el normalismo. S\u00ed?, entonces m\u00e1s all\u00e1 de Sarmiento uno puede compartir o no? El homenaje va siempre a nuestros queridos maestros que por vocaci\u00f3n, bueno, sirven nada m\u00e1s y nada menos que a la humanidad s\u00ed, porque el \u00a0docente trabaja con personas, por lo cual no es un trabajo, es una vocaci\u00f3n. Gracias, Se\u00f1or Presidente.\/\/ PRESIDENCIA tambi\u00e9n en el mismo sentido manifiesta: \u00a0Perm\u00edtanme tambi\u00e9n felicitar y saludar a todos los docentes en el, vamos a generalizar el D\u00eda del Maestro y el D\u00eda del Profesor que est\u00e1 por venir. Perm\u00edtame tambi\u00e9n comunicar algo ya que escuchaba al Concejal Mart\u00edn Palma y viendo ac\u00e1 de frente al Concejal Francisco Parada, \u00a0una noticia de lo que refiere por ah\u00ed, al trabajo en conjunto y c\u00f3mo deber\u00eda ser la pol\u00edtica hace poco tiempo atr\u00e1s, se sac\u00f3 una Declaraci\u00f3n de Inter\u00e9s por un proyecto presentada por la, por la Legisladora Alejandra Barro, con respecto a la donaci\u00f3n de tierras en Bardas Blancas, lo cual ha sido aprobado por la Legislatura, as\u00edque, \u00a0bueno es un peque\u00f1o avance de un trabajo en conjunto.\/\/\u00a0 c) Consideraci\u00f3n Acta Sesi\u00f3n Ordinaria N\u00b0 1.171 &#8211; \u201cO\u201d &#8211; 2.024.\u00a0 PRESIDENCIA pone a consideraci\u00f3n y es APROBADA.\/\/ d) Lectura del detalle de la correspondencia recibida y emitida. Notas Ingresadas: 1. Departamento Ejecutivo eleva informe presentado por el Director de Relaciones con la Comunidad en respuesta a Resoluci\u00f3n N\u00b0 218\/2.024,\u00a0 Desinfecci\u00f3n Uni\u00f3n Vecinal Barrio Mart\u00edn G\u00fcemes.\u00a0 Pasa a E.H.M.A.S.y C.\/\/ 2. Concejal Pablo Cabrera, Presidente Bloque Partido Justicialista, eleva informaci\u00f3n respecto a postulaciones a integrar la Lista de Patrimonio Natural Mundial ante la Comisi\u00f3n Nacional de Cooperaci\u00f3n con la UNESCO.\/ Solicita la palabra el Concejal PARADA: Solicito que pase a Asuntos Regionales, si bien \u00a0tambi\u00e9n abarca lo cultural, lo tur\u00edstico, pero cuando estuvo la Secretaria Graciela Viollaz desde la Comisi\u00f3n o desde no recuerdo, que el marco de una reuni\u00f3n acordamos de que pase Asuntos Regionales para despu\u00e9s trasladar la iniciativa a los Concejales del Sur de la Provincia, por eso estamos pidiendo que pase a la Comisi\u00f3n de Pasos Internacionales y Asuntos Regionales, gracias.\/\/ Pasa a PASOS INTERNACIONALES Y\u00a0 ASUNTOS REGIONALES.\/ 3. Asociaci\u00f3n Regional de Pastores Evang\u00e9licos, solicita adhesi\u00f3n a la Ley Nacional N\u00b0 27.741, instituyendo el 31 de octubre como D\u00eda de las Iglesias Evang\u00e9licas. Pasa a E.H.M.A.S. y C.\/ 4. \u00a0Sr. Renzo Dami\u00e1n Nu\u00f1ez, por Barrio Nueva Esperanza, solicita hacer uso de Banca del Ciudadano a fin de exponer necesidades de los ni\u00f1os del barrio. Pasa a PRESIDENCIA.\/ 5. Departamento Ejecutivo remite informaci\u00f3n Responsabilidad Fiscal N\u00b0 3949 del Honorable Tribunal de Cuentas de la Provincia, Segundo Trimestre Ejercicio 2024. Pasa a H.P.L.A.C.\/\u00a0 6. Tec. Anibal Perez Director de Desarrollo Productivo, eleva sugerencias sobre Expte N\u00b0 3.381\/2.024 \u2013 0 Segarra Francisco Gustavo Permiso de explotaci\u00f3n Cantera de Aridos, para Comisi\u00f3n de Hidrocarburos, Energ\u00eda y Miner\u00eda. Pasa a HIDROCARBUROS, ENERG\u00cdA Y MINER\u00cdA.\/ 7. Departamento Ejecutivo remite convenio con la Escuela N\u00b0 4.191 Daniel H. Pierini\u00a0 y Decreto N\u00b0 1.121\/2.024,\u00a0 para conocimiento y consideraci\u00f3n. Pasa a E.H.M.A.S y C.\/ 8.\u00a0 Departamento Ejecutivo, eleva Convenio con la Fundaci\u00f3n Instituto de Seguridad P\u00fablica y Decreto N\u00b0 1.120\/2.024, para conocimiento y consideraci\u00f3n. Pasa a E.H.M.A.S.y C.\/ 9. Docentes Municipales, expresan profunda preocupaci\u00f3n por Veto a Ordenanza de Creaci\u00f3n de la Carrera Docente, solicitan sea sometido nuevamente a consideraci\u00f3n. Pasa a H.P.L.A.C.\/ 10. Tec. An\u00edbal Perez, Director de Desarrollo Productivo, eleva modificaciones sugeridas a Expte. N\u00b0 3.381\/2.024-0\u00a0 Segarra Francisco Gustavo Permiso de explotaci\u00f3n Cantera de Aridos, para Comisi\u00f3n de Hidrocarburos, Energ\u00eda y Miner\u00eda. Pasa a HIDROCARBUROS, ENERG\u00cdA Y MINER\u00cdA.\/ Notas Emitidas: 1. A la Sra. Contadora General remitiendo planillas de becas correspondientes al mes de Julio para que se proceda a su acreditaci\u00f3n a los beneficiarios.\/\/ Solicita la palabra el Concejal PALMA y manifiesta: \/\/ Gracias, Sr. Presidente, en ese punto de Notas Emitidas, en el punto 1 esperemos que sea pronta esta situaci\u00f3n ya que tenemos muchos becarios que est\u00e1n solicitando y reclamando esta situaci\u00f3n, venimos pidiendo este, hace tiempo la documentaci\u00f3n, hemos cumplimentado con las obligaciones que demanda por parte del Concejo Deliberante, recordemos que el a\u00f1o pasado tuvimos un mes que, hasta ac\u00e1 y tal vez sea yo quien est\u00e9 ignorando que ha pasado con el dinero, que desapareci\u00f3, pues la verdad que era de una Partida del Concejo Deliberante falt\u00f3 pagar un mes, nunca nos contestaron, Usted ha hecho todas las gestiones habidas y por haber, pero una respuesta formal por parte del Ejecutivo nunca hubo. Espero que se preocupen de la misma manera por los becarios que tiene este Concejo Deliberante c\u00f3mo se preocuparon por pagar pauta que no correspond\u00eda pagar o otras cuestiones que no sabemos por qu\u00e9 seguimos sin rendir nada de los gastos del Ejecutivo, m\u00e1s de lo que le impone el Honorable Tribunal de Cuentas, como habr\u00e1n visto el Segundo Informe de Responsabilidad Fiscal que nada tiene que ver con la Ordenanza de Emergencia, no? Pero bueno apelo, espero que se les toquen las fibras del coraz\u00f3n y que sepan que las becas del Concejo no son cuestiones pol\u00edticas, sino acompa\u00f1amientos a quienes realmente les hacen falta, para eso hay una evaluaci\u00f3n social, pero bueno, simplemente eso Se\u00f1or Presidente, no quer\u00eda dejarlo pasar. Esperemos que alguien nos est\u00e9 viendo desde all\u00ed y puedan gestionar de la manera m\u00e1s \u00e1gil, el pago de estas becas. e) Determinaci\u00f3n de los temas que ser\u00e1n incluidos en el punto Asuntos Varios y puesta a consideraci\u00f3n de mociones de tratamientos sobre tablas de diversos expedientes. Solicita la palabra la Concejal MANSILLA\u00a0 manifestando: Se\u00f1or Presidente, para pedir, por favor el Tratamiento\u00a0 Sobre Tablas del Expediente 5.491 del punto 3, es debido a que el d\u00eda 18 de septiembre, el pr\u00f3ximo mi\u00e9rcoles se va a realizar la Primera Jornada de Hilanderas, el uso de tintes naturales para el te\u00f1ido de lanas, esto se va a realizar en el Distrito de Agua Escondida y lo realiza INTA con las hilanderas de Agua Escondida, que se llama Hilando Caminos, Malarg\u00fce, Rama Ca\u00edda y Anguil. \u00a0Bueno la urgencia es que bueno debido a que el pr\u00f3ximo mi\u00e9rcoles de 18 tenemos que viajar a ese Distrito. \u00a0PRESIDENCIA pone a consideraci\u00f3n la moci\u00f3n de Tratamiento sobre Tablas del Expte. N\u00b0 5.491 HC 069 \u2013 2024 y es APROBADO.\/\/ A continuaci\u00f3n solicita la palabra el Concejal CABRERA y expresa:\u00a0\u00a0 Para pedir que se desafecte de Secretar\u00eda el Expediente 5.496, el mismo es un proyecto de declaraci\u00f3n Interbloque, donde se declara de Inter\u00e9s Social, Ambiental y Cultural y Departamental al proyecto Laboratorio de Juegos, Cu\u00e9ntame con Luz, este proyecto es un proyecto que est\u00e1 encaminando desde el Area de Extensi\u00f3n de la Universidad de la UNC, la Agrupaci\u00f3n Vuelo de C\u00f3ndor que es una agrupaci\u00f3n de Bardas Blancas y la comunidad educativa de la Escuela Mapu Mahuida, la urgencia de tratarlo en este en este sector, es porque el d\u00eda de hoy estar\u00edan ingresando, a Malarg\u00fce o sea, estar\u00edan llegando a Malarg\u00fce, \u00a0las autoras de este proyecto. La intenci\u00f3n es realizar un taller este fin de semana y la propuesta es, con esta declaraci\u00f3n generar un poco m\u00e1s de divulgaci\u00f3n y que la gente conozca sobre la propuesta que tiene.\/ PRESIDENCIA pone a consideraci\u00f3n la moci\u00f3n\u00a0 y es APROBADA. Tendr\u00e1 tratamiento en el Punto Asuntos Varios.\/\/ f) Proyectos de los Se\u00f1ores Concejales. 1. \u00a0Expte. N\u00b0 5.489 HC 069 \u2013 2.024 Proyecto de Declaraci\u00f3n: Declarar de Inter\u00e9s Departamental\u00a0 el 10\u00b0 Encuentro Nacional de Tejo que se realizara en el Departamento de Malarg\u00fce. (BLOQUE FRENTE CAMBIA MENDOZA) Autor: Concejal Pablo Villarruel.\/ Solicita la palabra el Concejal\u00a0 VILLARRUEL manifestando: Bueno, buenos d\u00edas la verdad que me pone muy contento este, estos proyectos porque ustedes saben que el tejo en Malarg\u00fce, lleva mucho m\u00e1s de 10 a\u00f1os, que es un deporte que fue declarado por la Secretar\u00eda de Deporte de la Naci\u00f3n en 2015, como Deporte Aut\u00f3ctono Nacional y que bueno que se jug\u00f3 tambi\u00e9n en esa \u00e9poca, en ese a\u00f1o, perd\u00f3n, se hicieron las Olimpiadas para chicos, para personas trasplantadas y que bueno desde 2018 que ya rige a nivel mundial que tienen un representante, dir\u00edamos a nivel mundial, si bien es un deporte como le dec\u00eda que es un deporte y voy a corregirme ah\u00ed, es un deporte que tiene su nacimiento en Colombia en realidad y \u00a0bueno por las adaptaciones que tuvo, realmente nosotros lo pudimos adaptar, es un deporte que naci\u00f3 en el juego de playa y bueno, hoy \u00a0tenemos en Malarg\u00fce, que del 18 al 20 de octubre se van a realizar los X Encuentros Nacionales de Tejo, estos, estos juegos que la verdad que trae gente de todos lados, no solo podemos decir que son encuentros, sino que se han vuelto incluso hasta muy competitivos y a la gente la llena de alegr\u00eda, la verdad que muy lindo ver c\u00f3mo, c\u00f3mo la familia Rousseau, quiero hacer menci\u00f3n tambi\u00e9n a esto, el Se\u00f1or Carlos Rousseau y su Se\u00f1ora Nancy Andrada han llevado adelante este deporte, donde han ayudado y han contenido tambi\u00e9n a mucha gente, hoy por hoy uno los ve y realmente son una familia, una familia que contiene a muchas personas, que por ah\u00ed quedan solos, ustedes, saben que este deporte lo juegan muchas personas adultas mayores, hace poquitos d\u00edas hace dos d\u00edas atr\u00e1s, se conmemoro el D\u00eda Prevenci\u00f3n del suicidio \u00a0y bueno, esto digo. Por qu\u00e9 acompa\u00f1a esto, porque estas personas por ah\u00ed que en su momento quedan solas no tienen mucho para hacer y en este deporte y muchos aqu\u00ed en Malarg\u00fce encuentran un lugar y por eso a m\u00ed me parece la importancia, perd\u00f3n por haberlo hecho tan extenso, pero la verdad que es \u00a0mucho el trabajo que ellos vienen haciendo, uno ve las instalaciones que han logrado y c\u00f3mo han trabajado cada uno de los participantes, las personas que forman parte de las canchas de tejo y las que tenemos en Malarg\u00fce son de lujo realmente y bueno, es por esto que hemos presentado este proyecto, y bueno, la verdad que muy contento y felicitar a toda esta gente que lleva adelante este deporte que es tan bonito y que est\u00e1 en nuestra realidad. Muchas gracias, \u00a0que no se le de lectura y que pase a la Comisi\u00f3n de EHMAS y C .Gracias.\/ Pasa a Comisi\u00f3n de E.H.M.A.S.y C.\/\/ 2. Expte N\u00b0 5.490 HC 069 \u2013 2.024 Proyecto de Declaraci\u00f3n:\u00a0 Declarar de Inter\u00e9s Cultural y Departamental las Primeras Jornadas Interculturales Malala Hue \u2013 Ngulam Pewun. (INTERBLOQUE PARTIDO JUSTICIALISTA \u2013 UNION MENDOCINA ) Autores:\u00a0 Emilce Mansilla, Pablo Cabrera y Elizabeth Gonz\u00e1lez.\/ Solicita la palabra la Concejal GONZALEZ manifestando: \u00a0\u00a0\u00a0\u00a0\u00a0\u00a0\u00a0\u00a0 Bueno\u00a0 voy a dar una peque\u00f1a rese\u00f1a de lo que es el Proyecto, mas que nada es para trabajar en distintas culturas, tener una diversidad de los temas que manejan en las distintas comunidades para trabajar en forma ordenada y teniendo en cuenta la diversidad de culturas donde intervienen los derechos humanos, en las distintas comunidades que hay en el Departamento y en la Argentina y lo pide \u00a0la gente para tambi\u00e9n intercambiar todo lo que es pertinente a la, a las experiencias de fomentar el aprendizaje pido que este proyecto que no se lea y que pase a la Comisi\u00f3n de EHMASyC. \/ Pasa a E.H.M.A.S.y C.\/\/ 3. Expte N\u00b0 5.491 HC 069 \u2013 2.024\u00a0 Proyecto de Declaraci\u00f3n:\u00a0 Declarar de Inter\u00e9s Social, Cultural y Educativo el I Encuentro de Hilanderas: \u201cUso de tintes naturales para el te\u00f1ido de lanas\u201d. (INTERBLOQUE PARTIDO JUSTICIALISTA\u00a0 \u2013\u00a0 UNI\u00d3N MENDOCINA) \u00a0Autores:\u00a0 Emilce Mansilla, Pablo Cabrera, Magali Acosta y Elizabeth Gonz\u00e1lez. Por Secretaria se procede a la lectura del proyecto presentado que tiene acordado el Tratamiento sobre Tablas.\/ Seguidamente solicita la palabra la Concejal MANSILLA\u00a0 manifiesta: Se\u00f1or Presidente para agregar tambi\u00e9n que existe en nuestro departamento una hilander\u00eda \u00a0que es de la Cooperativa \u00a0Payun Matru que se encuentra en la Salinillas en donde se realizan diferentes tipos de hilados con fibras naturales como lo es vicu\u00f1a, guanaco, alpaca, llama, cashemir, angora, seda y en donde se realizan seg\u00fan el pedido de algunas tejedoras las lanas con diferentes t\u00edtulos que van desde los t\u00edtulos 210 ,ya sea de dos cabos o de un cabo, hasta el 240 que ser\u00eda como un hilo de coser. Agregar adem\u00e1s que la mayor\u00eda de los pedidos es sobre lana de oveja y que cuando uno les da la tintura natural, eso le da un valor agregado lo que mas se pide desde las hilanderas, no solo el hilado, sino lo que se llama la mecha, que lo hace la Cooperativa y\u00a0 que tambi\u00e9n \u00a0esa mecha ellas lo hacen en huso o en rueca y existen varias Empresas en la Argentina que trabajan con fibras naturales y\u00a0 si es con tintes naturales mejor como Manto, Fleito, Roge, Maiquin, Animan\u00e1, C\u00fabreme, Etc y de nivel Internacional como \u00a0Loro Piana y Colombo la marca Colombo. Es por eso que es tan importante este proyecto y est\u00e1n\u00a0 todos invitados el 18 a Agua Escondida.\/ Por Secretaria se procede a la lectura del proyecto que tiene acordado el tratamiento sobre tablas.\/\/ Seguidamente el Concejal CABRERA solicita que el Cuerpo se Constituya en comisi\u00f3n cuando es la hora 09:54 retomando la sesi\u00f3n a las 09:59.\/\/ Por Secretaria se da lectura al despacho emitido el cual sugiere la aprobaci\u00f3n del proyecto presentado sin modificaciones.\/ PRESIDENCIA pone a consideraci\u00f3n el despacho y es APROBADO ( 9 votos afirmativos).\/\/ 4. Expte N\u00b0 5.492 HC 069 \u2013 2.024 Proyecto de Resoluci\u00f3n:\u00a0 Convenios con Municipios del Norte Neuquino y con Comunas de la Regi\u00f3n del Maule (Chile).\u00a0 (BLOQUE\u00a0 ENCUENTRO) Autor: Francisco Parada. Solicita la palabra el Concejal PARADA y justifica el proyecto: Se\u00f1or Presidente, habl\u00e1bamos creo que en la Sesi\u00f3n pasada, hicimos referencia a esto de la importancia de trabajar las regiones integradas, b\u00e1sicamente hac\u00edamos referencia al Sur Mendocino entiendo tambi\u00e9n que esta integraci\u00f3n hay que ampliarla y sobre todo porque hay una infinidad de temas, \u00a0h\u00e1bitos, aspectos culturales y dem\u00e1s que nos une con el Norte Neuquino y sobre todo con la Regi\u00f3n del Maule, es cierto que hay Convenios sobre todo con algunas comunas chilenas que en su momento se han realizado desde este Municipio, bueno algunos est\u00e1n all\u00ed, en la Comisi\u00f3n de Pasos Internacionales y Asuntos Regionales, pero qu\u00e9 importante ser\u00eda trabajar con Convenios de pol\u00edtica a largo y mediano plazo, para fortalecer una Regi\u00f3n que a mi modo, de humilde modo de ver las cosas, es una regi\u00f3n muy, muy rica y que nos une hist\u00f3ricamente, hablo del Norte Neuquino varios aspectos que nos unen y tambi\u00e9n con la Regi\u00f3n del Maule, entre otras cosas tenemos tres Pasos Internacionales habilitados, que al menos espor\u00e1dicamente nos unen, las Comunas Chilenas como el Planchon, Pehuenche y Pichichen, en el norte neuquino, pero adem\u00e1s as\u00ed como los argentinos hemos sufrido el centralismo bonaerense ,en Chile se ha sufrido el centralismo santiaguino por decirlo de alg\u00fan modo, porque la otra gran ciudad importante de Chile es Concepci\u00f3n en todo, entonces toda una macro regi\u00f3n que incluya el Maule, el Norte Neuquino y el Sur de Mendoza, abre las puertas hacia la zona de Concepci\u00f3n en la cual en la regi\u00f3n de Chile hay comunas muy, muy, muy importantes. Entonces creo que, que puede haber una pol\u00edtica de trabajo a mediano y largo plazo con Convenios realmente profundos, en serio, de poder trabajar en conjunto y que bueno que sirvan a esta macro region a la cual incluso en el proyecto no voy a pedir que lo lean, pero hasta nos atrevemos a sugerir nombre, por ejemplo, puede ser la Regi\u00f3n de Los Pincheiras. Esta fue regi\u00f3n de los pincheirinos o puede ser la Regi\u00f3n del Arriero, nos une desde lo Cultural la trashumancia tanto del lado chileno, como el norte neuquino y, y nuestro sur mendocino, entonces entiendo es una rica regi\u00f3n para trabajar, pensar pol\u00edticas a mediano y largo plazo bueno y creo que puede ser posible. As\u00ed es que propongo, que vaya en primera instancia a la Comisi\u00f3n de Pasos Internacionales y Asuntos Regionales y despu\u00e9s como por tratarse de Convenio creo que tiene que pasar por la Comisi\u00f3n de Hacienda y Legislaci\u00f3n, no es necesaria la lectura se trabajara en Comisiones. Gracias Se\u00f1or presidente,\/ Pasa a PASOS INTERNACIONALES Y ASUNTOS REGIONALES y posteriormente a H.P.L.A.C.\/\/\u00a0 5.\u00a0 Expte N\u00b0 5.493 HC 069 \u2013 2.024 Proyecto de Ordenanza:\u00a0 Imponer el nombre Paseo Do\u00f1a Dominga Arroyo al sendero que une al emplazamiento de la Terminal de \u00d3mnibus, Campus Educativo y Biblioteca de Estudios Superiores con el Paseo Gobernadores Mendocinos. (INTERBLOQUE PARTIDO JUSTICIALISTA &#8211; ENCUENTRO \u2013 UNI\u00d3N MENDOCINA) Autores:\u00a0 Pablo Cabrera, Magali Acosta, Emilce Mansilla, Francisco Parada y Elizabeth Gonz\u00e1lez.\/ Solicita la palabra el Concejal CABRERA y expresa: \u00a0Comentar que la intenci\u00f3n de esto, es revalorizar a Do\u00f1a Dom\u00ednga Arroyo, una mujer que fue muy conocida en Malarg\u00fce y digamos estaba vinculada con, por ah\u00ed la vocaci\u00f3n del servicio al pr\u00f3jimo, muchos \u00a0vecinos nos cuentan de que siempre estaba atenta por ah\u00ed a ayudar. Y con alg\u00fan remedio casero, tambi\u00e9n pod\u00eda ayudar a aliviar alguna dolencia alg\u00fan empacho y dem\u00e1s, la intenci\u00f3n es que junto con el trabajo que se est\u00e1 realizando desde el Rotary, tambi\u00e9n revalorizar a Do\u00f1a Dom\u00ednga Arroyo y poner este digamos, colocar su nombre en un sendero que es muy utilizado. Y digamos la intenci\u00f3n es ir de la mano con las esculturas, que van a quedar despu\u00e9s del Encuentro de Escultores a nivel nacional y que se est\u00e1 realizando en nuestro Departamento. Le pido que se omita la lectura de los consideramos y que bueno que pase a EHMASyC y seguramente que va a pasar tambi\u00e9n a la Comisi\u00f3n de Hacienda.\/ Seguidamente solicita la palabra el Concejal VILLARRUEL y expresa:\u00a0 Gracias, si Pablo Cabrera me permite acompa\u00f1ar el proyecto, porque bueno, a parte en lo personal me unieron una amistad\u00a0 muy bonita con Do\u00f1a Dom\u00ednga Arroyo \u00a0y todas las historias que he escuchado de ella que fueron muy interesantes, siempre he escuchado de ella y la verdad que, que es muy bueno, as\u00ed que solicito me autorice acompa\u00f1ar con la firma.\/ A continuaci\u00f3n el Concejal PARADA expresa: \u00a0El caso de Do\u00f1a Dom\u00ednga fue, una una representaci\u00f3n femenina de una \u00e9poca, de un Malarg\u00fce pueblo, en el cual Do\u00f1a Dominga era una l\u00edder, pero adem\u00e1s como dec\u00eda el Concejal Cabrera ten\u00eda un servicio a la comunidad, de lo que se sol\u00eda llamar en \u00a0aquel tiempo las remedieras, de hecho se hizo hace un par de a\u00f1os un documental que se llama Remediera Del Desierto, en la cual est\u00e1 incorporado Malarg\u00fce y bueno ah\u00ed ca\u00edmos a Do\u00f1a Dominga, con sus recetas caseras\u00a0 y que no ten\u00eda ning\u00fan problema de compartirlas a la comunidad desinteresadamente, s\u00ed, bueno, son las personas que hicieron silenciosamente su aporte a nuestro querido Malarg\u00fce, as\u00ed que bueno, creo que en ese sentido tambi\u00e9n acompa\u00f1ando el proyecto para rescatar la persona de Do\u00f1a Dom\u00ednga, una vecina de la intercesi\u00f3n de los barrios, no, as\u00ed es que simplemente comentar eso Presidente.\/ A continuaci\u00f3n en uso de la palabra la Concejal CAMIOLO manifiesta: \u00a0Primero que nada felicitar la iniciativa, porque siempre intento y lo digo cada vez que puedo que las mujeres puedan ser revalorizadas, agradezco la invitaci\u00f3n de los autores tambi\u00e9n que me la hicieron, para poder acompa\u00f1ar la firma del proyecto, no lo pude hacer por una cuesti\u00f3n de horario, pero solicito que se haga ahora en este periodo, en este momento, para acompa\u00f1arlo y bueno, y que obviamente despu\u00e9s las Comisiones hagamos el retoque que sea necesario, pero obviamente con mucho agrado que haya un lugar que no solamente revalorice a la mujer, sino principalmente a la mujer Malarg\u00fcina y que se enaltezca a trav\u00e9s de la figura de Do\u00f1a Dom\u00ednga.\/\/ Pasa a E.H.M.A.SyC Y posteriormente H.P.L.A.C.\/\/ 6. Expte N\u00b0 5.494 HC 069 \u2013 2.024\u00a0 Proyecto de Ordenanza:\u00a0 Prohibir en el Departamento Ejecutivo Municipal, publicidad y\/o promoci\u00f3n personal de las Autoridades o Funcionarios en la carteler\u00eda p\u00fablica y en todo el parque automotor. ( BLOQUE UCR INDEPENDIENTE) Autor: Concejal Mart\u00edn Palma.\/ Solicita la palabra el Concejal PALMA y justifica su proyecto: \u00a0Gracias, Se\u00f1or Presidente, en primer lugar debo ser correcto y agradecer al equipo que me acompa\u00f1a, la verdad que muchas de las iniciativas que nosotros presentamos aqu\u00ed, son trabajados por ellos son inquietudes que recepcionan de las distintas personas que vienen por los bloques, mientras uno est\u00e1 trabajando en las distintas Comisiones. Eso por un lado, por el otro lado tambi\u00e9n sumar a un proyecto que present\u00f3 el Concejal Villarruel respecto a una tem\u00e1tica similar la limitaci\u00f3n y el control dentro de la pauta publicitaria, creo que muchas veces lo hemos visto que a medida que van cambiando las gestiones, se van cambiando las pinturas, se van cambiando los dibujitos, se van poniendo carteler\u00eda nueva, se plotean todos los vidrios de la Muni y se sacan todos los ploteos de la Muni, se ponen todo de nuevo, eso le cuesta plata al bolsillo del pueblo, todo eso es plata invertida, mal invertida, Se\u00f1or Presidente, porque la verdad que cuando uno hace una buena gesti\u00f3n, no necesita andar publicitando los camioncitos de quien es la gesti\u00f3n que s\u00f3lo viene administrar los recursos que son de Malarg\u00fce, no hacer su propia propaganda personal con los recursos que son de Malarg\u00fce. Lamento decirlo\u00a0 pasaron gestiones en las que se gast\u00f3 millones y millones de pesos en cambiar colores, en poner cartelitos, en tapar la visibilidad que debe tener el pueblo con el funcionario que presta servicio dentro de las instalaciones municipales o del \u00e1rea que sea. Nosotros tenemos un escudo, es hermoso \u00a0el escudo que tenemos ah\u00ed, hermoso escudo que nos representa como Departamento, pero viene cada gesti\u00f3n y quieren poner su dibujito, su loguito, est\u00e1n equivocados, \u00a0una opini\u00f3n personal pero creo est\u00e1n equivocados. Nosotros nos debemos a ese escudo, nos debemos a la identidad de nuestro Departamento, \u00a0no a una identidad de un dirigente pol\u00edtico que se le ocurre meter no, no es as\u00ed, porque esos recursos son del pueblo lamentablemente vienen en presupuestos altos n\u00fameros para hacer ese tipo de cosas, la verdad eso no es necesario y hasta el punto es que nosotros autorizamos en el Presupuesto pasado, no en este 24 sino anterior, 35 millones de pesos para pauta publicitaria, 35 millones de los cuales se hab\u00edan pedido en su momento 70, dijimos no es correcto, no es correcto vamos a dar 35 para pauta publicitaria, para promoci\u00f3n, porque entendemos tambi\u00e9n que la promoci\u00f3n del Departamento es una inversi\u00f3n en funci\u00f3n del turismo, no as\u00ed la propaganda de un dirigente pol\u00edtico, pero m\u00e1s all\u00e1 de eso destinamos Obras P\u00fablicas con los otros 35 millones en el Presupuesto de necesidades reales y si la memoria no me falla y por favor le pido a los Concejales que estaban me corrijan, se destin\u00f3 plata para Agua Escondida, para La Salinilla, Bardas Blancas y El Cortaderal y la Junta para que se mejorara el sistema de potabilizaci\u00f3n de agua un recurso fundamental. Pero no, se gastaron ochenta y nueve millones de pesos, entonces tenemos que darle un corte a esta situaci\u00f3n Sr. Presidente y si venimos a hacer pol\u00edtica, que sea pol\u00edtica de la honesta, de la buena y no con los recursos del pueblo, s\u00ed?, porque despu\u00e9s tienen que venir a pedir autorizaci\u00f3n para cubrir gastos que ni siquiera nadie sabe c\u00f3mo se hicieron todas esas erogaciones, esas cosas tenemos que terminarlas y estos proyectos buscan poder terminar con esas cuestiones innecesarias, a m\u00ed entender vuelvo a decir, lo que capaz que estoy equivocado y el pueblo lo que necesita es m\u00e1s propaganda de dirigentes pol\u00edticos, antes que solucionar sus necesidades b\u00e1sicas, pero bueno, voy a pedir que no se lea el proyecto, la verdad lo vamos a trabajar en comisi\u00f3n pido que pase a la Comisi\u00f3n de Hacienda porque es una limitante, una regulaci\u00f3n limitante ,a ciertas malas acciones y despu\u00e9s si quiere alguien acompa\u00f1ar el proyecto que va a limitar algunas cuestiones, eso, es todo bienvenido. Gracias, Se\u00f1or Presidente.\/ Solicita la palabra la Concejal CAMIOLO\u00a0 expresando: \u00a0Por supuesto, adherir al concepto general que ha dicho el Concejal y seguro en Comisiones podremos seguir revis\u00e1ndolo, pero en este punto creo que estas son las verdaderas muestras de la pol\u00edtica, estos son los verdaderos proyectos que hacen un cambio, porque adem\u00e1s generan que pueda existir en las arcas municipales una, un diferencial de dinero, que se puede destinar a obras que realmente necesita la gente espero que estemos a la altura en lo sucesivo demostrar qu\u00e9 es lo que realmente necesita la gente y demostrar que al menos este Cuerpo tiene conciencia en cuanto al momento de crisis que estamos viviendo y al momento de crisis Institucional principalmente y ver d\u00f3nde tienen que ir las prioridades y d\u00f3nde tienen que ir los recursos. Lo sabemos hacer en nuestra familia, en la econom\u00eda dom\u00e9stica cuando hay crisis nos ajustamos, cuando hay crisis los lujos se van, desaparecen y si lo hacemos en nuestras casas, creo que con mayor responsabilidad lo tenemos que hacer con el erario municipal, as\u00ed que pido acompa\u00f1ar con la firma, celebrando la iniciativa, creo que es una muestra de altura pol\u00edtica.\/ Solicita la palabra la Concejal MOSCA y expresa: Se\u00f1or Presidente adhiero a lo dicho por el Concejal Palma, la verdad que es muy triste ver el dinero que se fue en pauta publicitaria sin estar aprobado por este Concejo, pensando en cu\u00e1ntos techos, solamente con esos\u00a0 40, 50 millones se podr\u00edan haber hecho as\u00ed es que bueno , quisiera pedir\u00a0 acompa\u00f1ar con la firma.\/ Seguidamente la Concejal GONZALEZ en uso de la palabra manifiesta: \u00a0Para acompa\u00f1ar porque considero que hay otras prioridades como ayudar a los distritos como las escuelas y muchas cosas que sabemos que est\u00e1n haciendo falta en el departamento. Much\u00edsimas gracias, se\u00f1or Presidente.\/ Acto seguido el Concejal, VILLARRUEL, \u00a0S\u00ed tambi\u00e9n, con el permiso de Concejal Palma para poder acompa\u00f1ar el proyecto. \u00a0Y agradecer ya que hizo menci\u00f3n a mi proyecto de la regulaci\u00f3n de la pauta y \u00a0la verdad que no quer\u00eda equivocarme a la hora de hacerlo y poderlo llevar adelante y bueno, a m\u00ed tambi\u00e9n me pone, me da muchas ganas de seguir cuando uno ve estas cosas y de que se puede sumar m\u00e1s, incluso digo, no, para mejorar que esa es la idea siempre, que sea eso, que sea mejorar. Muchas gracias.\/\u00a0 Pasa a H.P.L.A.C.\/\/ 7. Expte N\u00b0 5.495 HC 069 \u2013 2.024\u00a0 Proyecto de Resoluci\u00f3n:\u00a0 Pedido de Informe sobre diversos puntos referidos a la Planta de Personal Municipal (temporaria y permanente) y personal que posee Contratos de Locaci\u00f3n de Servicios.\u00a0 ( INTERBLOQUE RECONSTRUYENDO MALARG\u00dcE \u2013 UCR INDEPENDIENTE ) Autores:\u00a0 Concejales Silvina Camiolo y Mart\u00edn Palma.\/ Solicita la palabra la Concejal CAMIOLO y justifica: Se\u00f1or Presidente, este pedido de informe tiene que ver con, ha sido gracias a los Decretos, que est\u00e1n llegando bastante a\u00a0 tiempo y en forma a este Concejo, donde hemos podido ver algunas cuestiones que nos han llamado la atenci\u00f3n, que las hemos ido advirtiendo \u00a0en las Comisiones, lo hemos ido hablando entre nosotros, algunas personas que figuran en Contratos de Locaci\u00f3n en la Planta Municipal y al mismo tiempo son parte de la Planta de este Concejo, algo que obviamente, es una incompatibilidad y es una ilegalidad, hemos hecho preguntas informales y no, nos saben responder cu\u00e1l es el motivo, pero lo que nos preocupa en funci\u00f3n de como decimos nosotros, dimos una herramienta de Emergencia porque entend\u00edamos que hab\u00eda una crisis en ese momento econ\u00f3mica, financiera y administrativa y de pronto tambi\u00e9n la Planta de Personal se ha ampliado bastante, pero algo que tambi\u00e9n nos llama la atenci\u00f3n que as\u00ed como se ampl\u00eda la Planta de Personal, algo que no hab\u00eda ocurrido en los \u00faltimos a\u00f1os, la cantidad de personas que se est\u00e1n dando de baja por distintos motivos, muchas licencias sin goce de haberes por razones de salud, pero muchas licencias e incluso se nos ha ido personal del Concejo a otras esferas a trabajar o a otros lugares o hasta prefieren hacer changas, porque consiguen m\u00e1s dinero de esa manera que de la que conseguir\u00edan de manera remunerativa en el Municipio de Malarg\u00fce. Es una l\u00e1stima porque estamos perdiendo personal calificado, porque estamos perdiendo a muchos empleados que llevan much\u00edsimo tiempo, muchas formaciones \u00a0en el medio, id\u00f3neos en distintas materias y ustedes saben que eso es lo menos inteligente cuando se piensa en lo que es la Administraci\u00f3n del Recurso Humano dejar ir, a una persona que tiene 20 a\u00f1os de experiencia, es no solamente una l\u00e1stima porque se resiente en recursos humanos, sino porque tambi\u00e9n perd\u00e9s, una persona que se form\u00f3 20 a\u00f1os y formar cuesta mucho dinero. En este caso volvemos al punto formar le cuesta dinero al Estado y que le cueste dinero al Estado significa que le cuesta dinero a cada vecino de Malarg\u00fce, entonces lo que estamos pidiendo ac\u00e1, b\u00e1sicamente es una evaluaci\u00f3n por parte del Ejecutivo y una respuesta a c\u00f3mo se est\u00e1 administrando el recurso humano del departamento, queremos poder tener la informaci\u00f3n para hacer un an\u00e1lisis y creo que le va a servir tambi\u00e9n al Departamento Ejecutivo para analizar, cu\u00e1les pol\u00edticas han instrumentado desde la asunci\u00f3n hasta ahora, que han llevado a que personal de a\u00f1os presentan su renuncia o sus licencias extraordinarias y que haya habido mucho ingreso de personal nuevo en los \u00faltimos meses, volvemos al punto en el marco de una Emergencia, tambi\u00e9n ver por qu\u00e9 estas diferenciales de gente que estar\u00eda cobrando al menos de los informes que surgen que env\u00eda el mismo Ejecutivo, doble sueldo algo que espero que sea solamente un error de tipeo y no tenga que ver con una irregularidad y una ilegalidad, gente que figura en la Planta Municipal y al mismo tiempo en la Planta del Concejo o que figura con dos tipos de modalidades contrato, por ejemplo\u00a0 de Planta Permanente y contrato PI, esas irregularidades que esperemos que haya tenido que ver con que sea un error de tipeo y no que estemos ante un hecho realmente preocupante y por \u00faltimo lo que estamos pidiendo en este pedido de informes es saber si el Municipio de Malarg\u00fce, adhiri\u00f3 al Acta 20, queremos saber si han firmado el Acta 20, ya que sabemos que adhirieron muchos Municipios San Rafael, General alvear, San Mart\u00edn, Godoy Cruz, Guaymallen, Las Heras y Santa Rosa no figura en esa Acta Malarg\u00fce. Quiz\u00e1s ustedes han escuchado nombrarla es un Acta que se firm\u00f3 frente al Gobernador, en ese momento en Casa de Gobierno donde se compromet\u00edan todos los Municipios y el mismo Gobierno de Mendoza a generar condiciones salariales m\u00ednimas para los Empleados Municipales, este compromiso hace que por lo menos el aseguro la canasta b\u00e1sica en todos los hogares, donde hay empleados municipales, me sorprendi\u00f3 ver que Malarg\u00fce no, suscribi\u00f3 y no he encontrado hasta el momento y he consultado incluso preguntado a personal de ATE, si en alg\u00fan momento posterior Malarg\u00fce,\u00a0 logr\u00f3 suscribir a ese Acta y eso nunca ha ocurrido. Creo que puede llegar a ser la soluci\u00f3n. Si el Ejecutivo nos dice que no suscribieron invitarlos a suscribir, ser\u00eda la soluci\u00f3n para garantizar estos salarios m\u00ednimos y dignos, que tienen que tener los Empleados Municipales, que sabemos que ampliamente no estan llegando con los sueldos a cubrir las necesidades de la canasta b\u00e1sica alimentaria. Entonces toda esa informaci\u00f3n es la que estoy pidiendo, como ya he sido explicativa ahora solicit\u00f3, que no se lea y que pase a la Comisi\u00f3n de Hacienda. Yo s\u00e9 que hay mucho trabajo en la Comisi\u00f3n, pero por la envergadura del pedido de informe, porque consta de si mal no recuerdo son como 10 puntos a contestar, que pase a la Comisi\u00f3n de HPLAC y los Concejales puedan ver los fundamentos que tambi\u00e9n los voy a anexar, est\u00e1n anexados y anexar\u00e9 mas para que vean los Decretos y \u00a0lo trabajaremos en conjunto.\/ A continuaci\u00f3n el Concejal PALMA en uso de la palabra agrega: Para sumarme a las palabras como coautor del Proyecto el cual defendi\u00f3 muy bien la Concejal Camiolo. Nosotros tenemos una experiencia para los que llevamos algunos a\u00f1os aqu\u00ed, en un Presupuesto falta todav\u00eda rendir 100 millones de pesos, si usted lo recuerda Presidente, 100 millones de pesos en contratos, otros contratos, otras modalidades, contratos por requerimientos y si la memoria no me falla se llamaban en ese entonces. Bueno, hoy nos encontramos en la lectura de los Decretos que personal que tiene contrato por un mes tambi\u00e9n figura en la Planta Temporaria de este Concejo y personal que es de Planta Permanente conocidos obviamente, tambi\u00e9n tienen\u00a0 contratos. Entonces ser\u00eda una incompatibilidad y una cuesti\u00f3n muy peligrosa, si esto es as\u00ed, ya hemos tenido situaciones similares y no hemos mirado para el costado y espero que no sea, no se haga ahora. \u00a0\u00a0La situaci\u00f3n es t\u00e1n tan grave, esta situaci\u00f3n a nivel administrativo yo espero que la Emergencia Administrativa, no haya llevado a cometer estos errores por eso cuando yo insisto permanentemente que se debe rendir la Emergencia no es por un capricho, no es porque soy malo, no, es porque \u00a0no no no no, no, no es porque tenemos que llevar transparencia, legalidad a los actos p\u00fablicos de gobierno y la Emergencia Administrativa tambi\u00e9n est\u00e1 dada y esto es un error administrativo grave, financiero grave, pueden estar cobrando doble sueldo, si?. Espero que no sea, Sr. Presidente, pero sobre todas las cosas, tan grave es esta situaci\u00f3n que debo pedir un Tratamiento Preferencial, esto tiene que despacharse en los pr\u00f3ximos 10 d\u00edas, recordemos que llevamos nueve meses de una Emergencia que no han rendido, o sea, no podemos seguir mirando para el costado las obligaciones que la Ley impone al Ejecutivo y no importa el color que \u00a0sea, hay que cumplirlo en este caso sostengo esta moci\u00f3n, Se\u00f1or Presidente y pido que se ponga a consideraci\u00f3n del Cuerpo el Tratamiento Preferencial en la Comisi\u00f3n de Hacienda gracias, se\u00f1or Presidente.\/ PRESIDENCIA pone a consideraci\u00f3n la moci\u00f3n y es APROBADA. (7 votos afirmativos 2 votos negativos).\/ Pasa a H.P.L.A.C. con Tratamiento Preferencial.\/\/ g)\u00a0 Expedientes provenientes del Departamento Ejecutivo. 1.\u00a0 Expte N\u00b0 5.391\/2.024 \u2013 0 Departamento Ejecutivo. Manual de Identidad Visual Thesaurus. Por Secretaria se procede a la lectura de la nota de elevaci\u00f3n.\/ Pasa a H.P.L.A.C.\/\/ Solicita la palabra el Concejal PALMA expresa: Si pueden observar el Expediente remitido por el Ejecutivo habla de una serie de colores y dem\u00e1s cuestiones, no, para para pintar el Centro de Convenciones y dem\u00e1s, me llam\u00f3 la atenci\u00f3n que son una gama de grises nada m\u00e1s, vemos ah\u00ed el proyecto no tiene ninguna imagen a color, no tiene absolutamente nada, ser\u00eda interesante que si vamos a trabajar sobre esta gama de colores, por lo menos tengan la deferencia de manar los colores como \u00a0corresponden para poder tener una interpretaci\u00f3n del proyecto, simplemente eso, Se\u00f1or Presidente, gracias.\/\/ \u00a0h) Despachos de las Comisiones de Trabajo. 1. Expte N\u00b0 5.482 HC 068 \u2013 2.024\u00a0 Proyecto de Ordenanza:\u00a0 Adherir al Convenio Marco de Cooperaci\u00f3n entre los Concejos Deliberante de San Rafael, General Alvear y Malarg\u00fce.\u00a0 ( H.P.L.A.C.) \u00a0El depacho emitido contiene\u00a0 cambio de caracter\u00a0 Proyecto de Decreto. ART\u00cdCULO 1\u00b0: Adherir \u00a0al Convenio Marco de Cooperaci\u00f3n entre los Honorables Concejos Deliberantes de San Rafael, General Alvear y Malarg\u00fce, \u00a0que forma parte de la presente pieza legal, identificada en adelante como Anexo \u00a0con el objetivo de promover la cooperaci\u00f3n intermunicipal y trabajar conjuntamente en la formulaci\u00f3n de pol\u00edticas. ART\u00cdCULO 2\u00b0: Idem proyecto original. ART\u00cdCULO 3\u00ba: De forma forma.\/ PRESIDENCIA pone a consideraci\u00f3n el despacho y es APROBADO ( 9\u00a0 votos afirmativos).\/\/ 2. Expte N\u00b0 5.085\/2.024 \u2013 0 Proyecto de Ordenanza:\u00a0 Modificaci\u00f3n del Art\u00edculo 52 de la Ordenanza N\u00b0 2.268\/2.024. ( H.P.L.A.C. ).\/ Por secretaria se procede a la lectura del despacho emitido. Acto Seguido la Concejal CAMIOLO solicita un Cuarto Intermedio a la hora 11:21 retomando la Sesi\u00f3n a la hora 11:26.\/ Solicita la palabra el Concejal PALMA manifestando: Gracias, Se\u00f1or Presidente, para solicitar que el Expediente 5.085\/2024 Proyecto de Ordenanza Modificaci\u00f3n Art\u00edculo 52 de la Ordenanza Tarifaria 2268 del 2024 regrese a la Comisi\u00f3n del cual fue despachado, que es la Comisi\u00f3n de Hacienda, Presupuesto, Legislaci\u00f3n y Asuntos Constitucionales, a fin de evaluar, algunos detalles y su posterior tratamiento y aprobaci\u00f3n.\/\/ PRESIDENCIA pone a consideraci\u00f3n la moci\u00f3n presentada y es APROBADA (8 votos afirmativos 1 voto negativo). VUELVE\u00a0 a Comisi\u00f3n de H.P.L.A.C.\/\/ i)\u00a0 Asuntos Varios: Solicitado por el Concejal Cabrera la desafectaci\u00f3n de Secretaria y posterior tratamiento del Expediente 5.496 HC 070 2024 Interbloque Partido Justicialista, Encuentro, UCR Independiente, Uni\u00f3n Mendocina, Frente Cambia Mendoza Proyecto de Declaraci\u00f3n: Declarar de Inter\u00e9s Social, Ambiental, Cultural Departamental. El proyecto de laboratorio de juegos. Cu\u00e9ntame con luz.\/\/ Solicita la palabra el Concejal Cabrera para que el Cuerpo se constituya en Comisi\u00f3n cuando es la hora 11:21, se retoma la Sesi\u00f3n a las 11:26.\/\/ Solicita la palabra el Concejal CABRERA y expresa: Dado que los Concejales en este momento como con el Cuerpo en Comisi\u00f3n han tomado conocimiento del proyecto y se han interiorizado del mismo es que solicito que solamente se lea o se de lectura al final del despacho, pero no todo el proyecto en honor, a la brevedad.\/ Por Secretaria se procede a la lectura del despacho emitido por el Cuerpo en Comisi\u00f3n el cual sugiere la aprobaci\u00f3n del Proyecto presentado sin modificaciones. PRESIDENCIA pone a consideraci\u00f3n y\u00a0 es APROBADO (9 votos afirmativos). J) Acto de arriar el Pabell\u00f3n Nacional a cargo de la Concejal que lo iz\u00f3.\/\/ No habiendo mas temas para tratar cuando es la hora 11.27 se da por finalizada la Sesi\u00f3n. Previa lectura de lo que antecede firman las presentes actuaciones el Sr. Presidente\u00a0 y la Sra. Secretaria del Honorable Concejo Deliberante.<\/p>\n\n\n\n<p><\/p>\n","protected":false},"excerpt":{"rendered":"<p>En Malarg\u00fce Mendoza a doce\u00a0 d\u00edas de setiembre de 2.024, cuando es la hora 09:20 ,\u00a0 se re\u00fane el Honorable Concejo Deliberante de la Municipalidad de Malarg\u00fce para celebrar la Sesi\u00f3n Ordinaria del d\u00eda de la fecha.\/ Bajo la\u00a0\u00a0 Presidencia de su titular Dn. Rodrigo Hidalgo\u00a0\u00a0 y la presencia de los Se\u00f1ores\u00a0 Concejales\u00a0 Viviana Mosca, [&hellip;]<\/p>\n","protected":false},"author":5,"featured_media":33337,"comment_status":"closed","ping_status":"closed","sticky":false,"template":"","format":"standard","meta":{"footnotes":""},"categories":[60,52,58,33,36],"tags":[],"class_list":["post-37691","post","type-post","status-publish","format-standard","has-post-thumbnail","hentry","category-acta-de-sesiones","category-gacetillas","category-ordinarias","category-prensa","category-sesiones"],"yoast_head":"<!-- This site is optimized with the Yoast SEO plugin v19.10 - https:\/\/yoast.com\/wordpress\/plugins\/seo\/ -->\n<title>ACTA 24\u00b0 SESION ORDINARIA N\u00b0 1.172\u2013 O \u2013 12\/09\/2.024 - Malarg\u00fce HCD<\/title>\n<meta name=\"robots\" content=\"index, follow, max-snippet:-1, max-image-preview:large, max-video-preview:-1\" \/>\n<link rel=\"canonical\" href=\"https:\/\/hcd.malargue.gov.ar\/?p=37691\" \/>\n<meta property=\"og:locale\" content=\"es_ES\" \/>\n<meta property=\"og:type\" content=\"article\" \/>\n<meta property=\"og:title\" content=\"ACTA 24\u00b0 SESION ORDINARIA N\u00b0 1.172\u2013 O \u2013 12\/09\/2.024 - Malarg\u00fce HCD\" \/>\n<meta property=\"og:description\" content=\"En Malarg\u00fce Mendoza a doce\u00a0 d\u00edas de setiembre de 2.024, cuando es la hora 09:20 ,\u00a0 se re\u00fane el Honorable Concejo Deliberante de la Municipalidad de Malarg\u00fce para celebrar la Sesi\u00f3n Ordinaria del d\u00eda de la fecha.\/ Bajo la\u00a0\u00a0 Presidencia de su titular Dn. Rodrigo Hidalgo\u00a0\u00a0 y la presencia de los Se\u00f1ores\u00a0 Concejales\u00a0 Viviana Mosca, [&hellip;]\" \/>\n<meta property=\"og:url\" content=\"https:\/\/hcd.malargue.gov.ar\/?p=37691\" \/>\n<meta property=\"og:site_name\" content=\"Malarg\u00fce HCD\" \/>\n<meta property=\"article:published_time\" content=\"2024-09-18T12:57:50+00:00\" \/>\n<meta property=\"article:modified_time\" content=\"2024-09-18T12:58:32+00:00\" \/>\n<meta property=\"og:image\" content=\"https:\/\/hcd.malargue.gov.ar\/wp-content\/uploads\/2023\/03\/actas-sesiones.jpg\" \/>\n\t<meta property=\"og:image:width\" content=\"1640\" \/>\n\t<meta property=\"og:image:height\" content=\"924\" \/>\n\t<meta property=\"og:image:type\" content=\"image\/jpeg\" \/>\n<meta name=\"author\" content=\"Belen Pedernera Ferragut\" \/>\n<meta name=\"twitter:card\" content=\"summary_large_image\" \/>\n<meta name=\"twitter:label1\" content=\"Escrito por\" \/>\n\t<meta name=\"twitter:data1\" content=\"Belen Pedernera Ferragut\" \/>\n\t<meta name=\"twitter:label2\" content=\"Tiempo de lectura\" \/>\n\t<meta name=\"twitter:data2\" content=\"35 minutos\" \/>\n<script type=\"application\/ld+json\" class=\"yoast-schema-graph\">{\"@context\":\"https:\/\/schema.org\",\"@graph\":[{\"@type\":\"WebPage\",\"@id\":\"https:\/\/hcd.malargue.gov.ar\/?p=37691\",\"url\":\"https:\/\/hcd.malargue.gov.ar\/?p=37691\",\"name\":\"ACTA 24\u00b0 SESION ORDINARIA N\u00b0 1.172\u2013 O \u2013 12\/09\/2.024 - Malarg\u00fce HCD\",\"isPartOf\":{\"@id\":\"https:\/\/hcd.malargue.gov.ar\/#website\"},\"datePublished\":\"2024-09-18T12:57:50+00:00\",\"dateModified\":\"2024-09-18T12:58:32+00:00\",\"author\":{\"@id\":\"https:\/\/hcd.malargue.gov.ar\/#\/schema\/person\/3fd6bbab64edd703961b795156c955d0\"},\"breadcrumb\":{\"@id\":\"https:\/\/hcd.malargue.gov.ar\/?p=37691#breadcrumb\"},\"inLanguage\":\"es-AR\",\"potentialAction\":[{\"@type\":\"ReadAction\",\"target\":[\"https:\/\/hcd.malargue.gov.ar\/?p=37691\"]}]},{\"@type\":\"BreadcrumbList\",\"@id\":\"https:\/\/hcd.malargue.gov.ar\/?p=37691#breadcrumb\",\"itemListElement\":[{\"@type\":\"ListItem\",\"position\":1,\"name\":\"Inicio\",\"item\":\"https:\/\/hcd.malargue.gov.ar\/\"},{\"@type\":\"ListItem\",\"position\":2,\"name\":\"ACTA 24\u00b0 SESION ORDINARIA N\u00b0 1.172\u2013 O \u2013 12\/09\/2.024\"}]},{\"@type\":\"WebSite\",\"@id\":\"https:\/\/hcd.malargue.gov.ar\/#website\",\"url\":\"https:\/\/hcd.malargue.gov.ar\/\",\"name\":\"Malarg\u00fce HCD\",\"description\":\"Malarg\u00fce Mendoza Argentina\",\"potentialAction\":[{\"@type\":\"SearchAction\",\"target\":{\"@type\":\"EntryPoint\",\"urlTemplate\":\"https:\/\/hcd.malargue.gov.ar\/?s={search_term_string}\"},\"query-input\":\"required name=search_term_string\"}],\"inLanguage\":\"es-AR\"},{\"@type\":\"Person\",\"@id\":\"https:\/\/hcd.malargue.gov.ar\/#\/schema\/person\/3fd6bbab64edd703961b795156c955d0\",\"name\":\"Belen Pedernera Ferragut\",\"image\":{\"@type\":\"ImageObject\",\"inLanguage\":\"es-AR\",\"@id\":\"https:\/\/hcd.malargue.gov.ar\/#\/schema\/person\/image\/\",\"url\":\"https:\/\/secure.gravatar.com\/avatar\/1054ffab3893de4bb3eb29bdd22f7e34b8537bf5d34d9dab311818154ad5b71f?s=96&d=mm&r=g\",\"contentUrl\":\"https:\/\/secure.gravatar.com\/avatar\/1054ffab3893de4bb3eb29bdd22f7e34b8537bf5d34d9dab311818154ad5b71f?s=96&d=mm&r=g\",\"caption\":\"Belen Pedernera Ferragut\"},\"url\":\"https:\/\/hcd.malargue.gov.ar\/?author=5\"}]}<\/script>\n<!-- \/ Yoast SEO plugin. -->","yoast_head_json":{"title":"ACTA 24\u00b0 SESION ORDINARIA N\u00b0 1.172\u2013 O \u2013 12\/09\/2.024 - Malarg\u00fce HCD","robots":{"index":"index","follow":"follow","max-snippet":"max-snippet:-1","max-image-preview":"max-image-preview:large","max-video-preview":"max-video-preview:-1"},"canonical":"https:\/\/hcd.malargue.gov.ar\/?p=37691","og_locale":"es_ES","og_type":"article","og_title":"ACTA 24\u00b0 SESION ORDINARIA N\u00b0 1.172\u2013 O \u2013 12\/09\/2.024 - Malarg\u00fce HCD","og_description":"En Malarg\u00fce Mendoza a doce\u00a0 d\u00edas de setiembre de 2.024, cuando es la hora 09:20 ,\u00a0 se re\u00fane el Honorable Concejo Deliberante de la Municipalidad de Malarg\u00fce para celebrar la Sesi\u00f3n Ordinaria del d\u00eda de la fecha.\/ Bajo la\u00a0\u00a0 Presidencia de su titular Dn. Rodrigo Hidalgo\u00a0\u00a0 y la presencia de los Se\u00f1ores\u00a0 Concejales\u00a0 Viviana Mosca, [&hellip;]","og_url":"https:\/\/hcd.malargue.gov.ar\/?p=37691","og_site_name":"Malarg\u00fce HCD","article_published_time":"2024-09-18T12:57:50+00:00","article_modified_time":"2024-09-18T12:58:32+00:00","og_image":[{"width":1640,"height":924,"url":"https:\/\/hcd.malargue.gov.ar\/wp-content\/uploads\/2023\/03\/actas-sesiones.jpg","type":"image\/jpeg"}],"author":"Belen Pedernera Ferragut","twitter_card":"summary_large_image","twitter_misc":{"Escrito por":"Belen Pedernera Ferragut","Tiempo de lectura":"35 minutos"},"schema":{"@context":"https:\/\/schema.org","@graph":[{"@type":"WebPage","@id":"https:\/\/hcd.malargue.gov.ar\/?p=37691","url":"https:\/\/hcd.malargue.gov.ar\/?p=37691","name":"ACTA 24\u00b0 SESION ORDINARIA N\u00b0 1.172\u2013 O \u2013 12\/09\/2.024 - Malarg\u00fce HCD","isPartOf":{"@id":"https:\/\/hcd.malargue.gov.ar\/#website"},"datePublished":"2024-09-18T12:57:50+00:00","dateModified":"2024-09-18T12:58:32+00:00","author":{"@id":"https:\/\/hcd.malargue.gov.ar\/#\/schema\/person\/3fd6bbab64edd703961b795156c955d0"},"breadcrumb":{"@id":"https:\/\/hcd.malargue.gov.ar\/?p=37691#breadcrumb"},"inLanguage":"es-AR","potentialAction":[{"@type":"ReadAction","target":["https:\/\/hcd.malargue.gov.ar\/?p=37691"]}]},{"@type":"BreadcrumbList","@id":"https:\/\/hcd.malargue.gov.ar\/?p=37691#breadcrumb","itemListElement":[{"@type":"ListItem","position":1,"name":"Inicio","item":"https:\/\/hcd.malargue.gov.ar\/"},{"@type":"ListItem","position":2,"name":"ACTA 24\u00b0 SESION ORDINARIA N\u00b0 1.172\u2013 O \u2013 12\/09\/2.024"}]},{"@type":"WebSite","@id":"https:\/\/hcd.malargue.gov.ar\/#website","url":"https:\/\/hcd.malargue.gov.ar\/","name":"Malarg\u00fce HCD","description":"Malarg\u00fce Mendoza Argentina","potentialAction":[{"@type":"SearchAction","target":{"@type":"EntryPoint","urlTemplate":"https:\/\/hcd.malargue.gov.ar\/?s={search_term_string}"},"query-input":"required name=search_term_string"}],"inLanguage":"es-AR"},{"@type":"Person","@id":"https:\/\/hcd.malargue.gov.ar\/#\/schema\/person\/3fd6bbab64edd703961b795156c955d0","name":"Belen Pedernera Ferragut","image":{"@type":"ImageObject","inLanguage":"es-AR","@id":"https:\/\/hcd.malargue.gov.ar\/#\/schema\/person\/image\/","url":"https:\/\/secure.gravatar.com\/avatar\/1054ffab3893de4bb3eb29bdd22f7e34b8537bf5d34d9dab311818154ad5b71f?s=96&d=mm&r=g","contentUrl":"https:\/\/secure.gravatar.com\/avatar\/1054ffab3893de4bb3eb29bdd22f7e34b8537bf5d34d9dab311818154ad5b71f?s=96&d=mm&r=g","caption":"Belen Pedernera Ferragut"},"url":"https:\/\/hcd.malargue.gov.ar\/?author=5"}]}},"_links":{"self":[{"href":"https:\/\/hcd.malargue.gov.ar\/index.php?rest_route=\/wp\/v2\/posts\/37691","targetHints":{"allow":["GET"]}}],"collection":[{"href":"https:\/\/hcd.malargue.gov.ar\/index.php?rest_route=\/wp\/v2\/posts"}],"about":[{"href":"https:\/\/hcd.malargue.gov.ar\/index.php?rest_route=\/wp\/v2\/types\/post"}],"author":[{"embeddable":true,"href":"https:\/\/hcd.malargue.gov.ar\/index.php?rest_route=\/wp\/v2\/users\/5"}],"replies":[{"embeddable":true,"href":"https:\/\/hcd.malargue.gov.ar\/index.php?rest_route=%2Fwp%2Fv2%2Fcomments&post=37691"}],"version-history":[{"count":2,"href":"https:\/\/hcd.malargue.gov.ar\/index.php?rest_route=\/wp\/v2\/posts\/37691\/revisions"}],"predecessor-version":[{"id":37694,"href":"https:\/\/hcd.malargue.gov.ar\/index.php?rest_route=\/wp\/v2\/posts\/37691\/revisions\/37694"}],"wp:featuredmedia":[{"embeddable":true,"href":"https:\/\/hcd.malargue.gov.ar\/index.php?rest_route=\/wp\/v2\/media\/33337"}],"wp:attachment":[{"href":"https:\/\/hcd.malargue.gov.ar\/index.php?rest_route=%2Fwp%2Fv2%2Fmedia&parent=37691"}],"wp:term":[{"taxonomy":"category","embeddable":true,"href":"https:\/\/hcd.malargue.gov.ar\/index.php?rest_route=%2Fwp%2Fv2%2Fcategories&post=37691"},{"taxonomy":"post_tag","embeddable":true,"href":"https:\/\/hcd.malargue.gov.ar\/index.php?rest_route=%2Fwp%2Fv2%2Ftags&post=37691"}],"curies":[{"name":"wp","href":"https:\/\/api.w.org\/{rel}","templated":true}]}}