{"id":37702,"date":"2024-09-23T13:04:37","date_gmt":"2024-09-23T16:04:37","guid":{"rendered":"https:\/\/hcd.malargue.gov.ar\/?p=37702"},"modified":"2024-09-24T10:41:36","modified_gmt":"2024-09-24T13:41:36","slug":"decreto-no-080-2-024","status":"publish","type":"post","link":"https:\/\/hcd.malargue.gov.ar\/?p=37702","title":{"rendered":"\u00a0DECRETO N\u00b0 080\/2.024"},"content":{"rendered":"\n<h2 class=\"wp-block-heading has-text-align-center\"><strong>D\u00eda Nacional de los Derechos Pol\u00edticos de la Mujer<\/strong><\/h2>\n\n\n\n<p><em>El Honorable Concejo Deliberante de Malarg\u00fce ha decidido instituir oficialmente la conmemoraci\u00f3n del D\u00eda Nacional de los Derechos Pol\u00edticos de la Mujer cada 23 de septiembre, en homenaje a la Ley N\u00ba 24.785 y a la hist\u00f3rica Ley N\u00ba 13.010, que en 1947 garantiz\u00f3 el derecho al sufragio femenino en Argentina.<\/em><\/p>\n\n\n\n<p><em>Esta fecha marca un hito fundamental en la lucha por la igualdad de derechos pol\u00edticos, ya que fue el primer momento en que las mujeres argentinas pudieron ejercer su derecho a votar, aunque este derecho se concretar\u00eda en las elecciones presidenciales de 1951. La celebraci\u00f3n recuerda los esfuerzos de pioneras como Cecilia Grierson, Alicia Moreau de Justo y Julieta Lanteri, quienes abrieron camino a la participaci\u00f3n pol\u00edtica femenina.<\/em><\/p>\n\n\n\n<p><em>La conmemoraci\u00f3n tambi\u00e9n subraya la importancia de leyes como la Ley 24.012 de cupo femenino, sancionada en 1991, y la Ley 27.412 de paridad de g\u00e9nero, aprobada en 2017, que promueven la representaci\u00f3n equitativa de mujeres en la pol\u00edtica. El concejo municipal llevar\u00e1 a cabo actividades de reflexi\u00f3n y sensibilizaci\u00f3n para recordar la relevancia de esta lucha y fomentar la igualdad de derechos y oportunidades entre g\u00e9neros.<\/em><\/p>\n\n\n\n<p class=\"has-text-align-center\"><strong>MIRA LA PIEZA LEGAL COMPLETA<\/strong><\/p>\n\n\n<div class=\"wp-block-image\">\n<figure class=\"alignright size-full is-resized\"><a href=\"http:\/\/hcd.malargue.gov.ar\/2024\/decre%2080%202024.pdf\"><img loading=\"lazy\" decoding=\"async\" width=\"512\" height=\"512\" src=\"https:\/\/hcd.malargue.gov.ar\/wp-content\/uploads\/2018\/06\/PDF-JPG.jpg\" alt=\"\" class=\"wp-image-7950\" style=\"width:114px;height:auto\" srcset=\"https:\/\/hcd.malargue.gov.ar\/wp-content\/uploads\/2018\/06\/PDF-JPG.jpg 512w, https:\/\/hcd.malargue.gov.ar\/wp-content\/uploads\/2018\/06\/PDF-JPG-150x150.jpg 150w, https:\/\/hcd.malargue.gov.ar\/wp-content\/uploads\/2018\/06\/PDF-JPG-300x300.jpg 300w\" sizes=\"auto, (max-width: 512px) 100vw, 512px\" \/><\/a><\/figure>\n<\/div>\n\n\n<p><strong>INTERBLOQUE RECONSTRUYENDO MALARG\u00dcE, UNION MENDOCINA, UCR-INDENDIENTE, CAMBIA MENDOZA, PARTIDO JUSTICIALISTA<\/strong><\/p>\n\n\n\n<p><strong>CONCEJALES SILVINA CAMIOLO, ELIZABETH GONZALEZ, MARTIN PALMA, VIVIANA MOSCA, EMILCE MANSILLA, MAGALI ACOSTA <\/strong><\/p>\n\n\n\n<p>VISTO: El contenido del&nbsp; Expte. N\u00ba 5.499-HC-070-2.024. Interbloque Reconstruyendo Malarg\u00fce- Uni\u00f3n Mendocina- UCR- Independiente \u2013 Cambia Mendoza \u2013 Partido &nbsp;Justicialista. Proyecto de Decreto: Conmemorar institucionalmente el D\u00eda Nacional  de los Derechos Pol\u00edticos de la Mujer<\/p>\n\n\n\n<p>&nbsp;&nbsp;&nbsp;&nbsp;&nbsp;&nbsp;&nbsp;&nbsp;&nbsp;&nbsp; La Ley N\u00ba 24.785 que instituye el D\u00eda Nacional de los Derechos Pol\u00edticos de la Mujer en memoria de la publicaci\u00f3n de la Ley 13.010 del a\u00f1o 1.947,&nbsp;que consagr\u00f3 la &nbsp;igualdad de derechos pol\u00edticos entre el hombre y la mujer.<\/p>\n\n\n\n<p>&nbsp;&nbsp;&nbsp;&nbsp;&nbsp;&nbsp;&nbsp;&nbsp;&nbsp;&nbsp;&nbsp; y;<\/p>\n\n\n\n<p>CONSIDERANDO :Que el d\u00eda 23 de septiembre de cada a\u00f1o se conmemora el D\u00eda Nacional &nbsp;de los Derechos Pol\u00edticos de la Mujer.<\/p>\n\n\n\n<p>&nbsp;&nbsp;&nbsp;&nbsp;&nbsp;&nbsp;&nbsp;&nbsp;&nbsp;&nbsp;&nbsp; Que en una fecha como \u00e9sta y por primera vez en nuestro Pa\u00eds, las mujeres adquir\u00edan &nbsp;el derecho al sufragio, que ser\u00eda ejercido reci\u00e9n en las elecciones presidenciales del &nbsp;a\u00f1o 1.951.<\/p>\n\n\n\n<p>&nbsp;&nbsp;&nbsp;&nbsp;&nbsp;&nbsp;&nbsp;&nbsp;&nbsp;&nbsp;&nbsp; Que hasta ese momento, conforme lo establecido por la Ley S\u00e1enz Pe\u00f1a (1.912) el voto secreto y obligatorio, solo estaba previsto por la norma para los varones mayores &nbsp;de 18 a\u00f1os, nacidos en Argentina y\/o naturalizados.<\/p>\n\n\n\n<p>&nbsp;&nbsp;&nbsp;&nbsp;&nbsp;&nbsp;&nbsp;&nbsp;&nbsp;&nbsp;&nbsp; Que se trata de un ineludible recordatorio de aquel hito que consagro el definitivo &nbsp;respeto a los derechos pol\u00edticos de las mujeres, el que no solo permiti\u00f3 a las mujeres &nbsp;votar, sino que tambi\u00e9n abri\u00f3 el camino para una mayor participaci\u00f3n femenina en la &nbsp;pol\u00edtica y en otros \u00e1mbitos de la sociedad.<\/p>\n\n\n\n<p>&nbsp;&nbsp;&nbsp;&nbsp;&nbsp;&nbsp;&nbsp;&nbsp;&nbsp;&nbsp;&nbsp; Que esta reafirmaci\u00f3n de derechos fue el resultado de a\u00f1os de lucha por parte de &nbsp;&nbsp;&nbsp;&nbsp;&nbsp;&nbsp;&nbsp;&nbsp;&nbsp;&nbsp;&nbsp; movimientos feministas y de derechos civiles en el Pa\u00eds, desde finales del Siglo XIX; &nbsp; tales como la Asociaci\u00f3n de Derechos de la Mujer, la Uni\u00f3n y Labor para el Progreso &nbsp;Femenino y la Protecci\u00f3n del Ni\u00f1o, la Asociaci\u00f3n de Universitarias Argentinas, entre otras, todas ellas lucharon por la promoci\u00f3n de la igualdad de derechos pol\u00edticos y &nbsp;sociales de la mujeres.<\/p>\n\n\n\n<p>&nbsp;&nbsp;&nbsp;&nbsp;&nbsp;&nbsp;&nbsp;&nbsp;&nbsp;&nbsp;&nbsp; Que es importante y noble destacar en la lucha por los derechos civiles a figuras como &nbsp;Cecilia Grierson (quien fund\u00f3 el Consejo de Mujeres en 1.900), Alicia Moreau de &nbsp;&nbsp;Justo (quien cre\u00f3 el Comit\u00e9 Pro-sufragio femenino en 1.907), Julieta Lanteri (quien &nbsp;logr\u00f3 &nbsp; su carta de ciudadan\u00eda en 1.911 para ejercer su derecho a sufragio en ese mismo a\u00f1o).<\/p>\n\n\n\n<p>&nbsp;&nbsp;&nbsp;&nbsp;&nbsp;&nbsp;&nbsp;&nbsp;&nbsp;&nbsp;&nbsp; Que fueron las mujeres sanjuaninas las primeras en ejercer su derecho al sufragio en &nbsp;1.928, gracias al impulso de Aldo Cantoni.<\/p>\n\n\n\n<p>&nbsp;&nbsp;&nbsp;&nbsp;&nbsp;&nbsp;&nbsp;&nbsp;&nbsp;&nbsp;&nbsp; Que podemos afirmar que Eva Duarte de Per\u00f3n, ha sido part\u00edcipe indiscutible &nbsp; de &nbsp;la igualdad de los derechos pol\u00edticos entre las mujeres y varones, siendo un basti\u00f3n &nbsp;&nbsp;trascendental la Ley de voto femenino, recordada con toda justicia como Ley Evita. &nbsp;&nbsp;Su rol fue crucial en la promoci\u00f3n de esta norma; su influencia y apoyo fueron &nbsp;determinantes para su aprobaci\u00f3n.<\/p>\n\n\n\n<p>&nbsp;&nbsp;&nbsp;&nbsp;&nbsp;&nbsp;&nbsp;&nbsp;&nbsp;&nbsp;&nbsp; Que fue as\u00ed que el 9 de septiembre de 1.947, una multitud de mujeres se agolp\u00f3 en las &nbsp;&nbsp;&nbsp; inmediaciones del Congreso de la Naci\u00f3n para exigir a los legisladores la aprobaci\u00f3n de la ley de sufragio femenino, presentada por el Poder Ejecutivo.<\/p>\n\n\n\n<p>&nbsp;&nbsp;&nbsp;&nbsp;&nbsp;&nbsp;&nbsp;&nbsp;&nbsp;&nbsp;&nbsp; Que en representaci\u00f3n de nuestra Provincia, fue la Senadora Margarita Aurora Malharro de Torres la autora del proyecto original de la Ley 24.012 de cupo femenino, &nbsp;sancionada en 1.991, como primera Ley Nacional que estableci\u00f3 la obligatoriedad de  representaci\u00f3n femenina en las listas partidarias oficiales para cargos electivos.<\/p>\n\n\n\n<p>&nbsp;&nbsp;&nbsp;&nbsp;&nbsp;&nbsp;&nbsp;&nbsp;&nbsp;&nbsp;&nbsp; Que por su parte en nuestro Pa\u00eds, fue necesaria la sanci\u00f3n de la Ley 27.412 de paridad &nbsp; de g\u00e9nero en \u00e1mbitos de Representaci\u00f3n Pol\u00edtica, sancionada en el 2.017, para &nbsp; establecer la obligatoriedad de que las mujeres ocupen el 50% de los lugares en las &nbsp;listas, la cual se aplic\u00f3 por primera vez en las elecciones nacionales de 2.019, mucho &nbsp; tiempo despu\u00e9s de aquel mes de septiembre de 1.947.<\/p>\n\n\n\n<p>EL HONORABLE CONCEJO DELIBERANTE DE LA MUNICIPALIDAD DE MALARG\u00dcE EN USO DE LAS FACULTADES QUE LE SON PROPIAS<\/p>\n\n\n\n<p>&nbsp;&nbsp;&nbsp;&nbsp;&nbsp;&nbsp;&nbsp;&nbsp;&nbsp;&nbsp;&nbsp;&nbsp;&nbsp;&nbsp;&nbsp;&nbsp;&nbsp;&nbsp;&nbsp;&nbsp;&nbsp;&nbsp;&nbsp;&nbsp;&nbsp;&nbsp; DECRETA<\/p>\n\n\n\n<p>ART\u00cdCULO 1\u00ba: Instituir &nbsp;la conmemoraci\u00f3n del D\u00eda Nacional de los Derechos Pol\u00edticos de &nbsp;la Mujer, cada 23 de septiembre, en base a la Ley N\u00ba 24.785 y en Memoria de la Ley N\u00ba 13.010 que consagro en nuestro sistema electoral el voto femenino reconociendoel derecho de todas las mujeres mayores de 18 a\u00f1os a votar y a ser elegidas y &nbsp;&nbsp;promoviendo \u2013de una vez y para siempre- la igualdad de los derechos pol\u00edticos, &nbsp;deberes y oportunidades entre varones y mujeres.<\/p>\n\n\n\n<p>ART\u00cdCULO 2\u00ba: Generar &nbsp;actividades institucionales de reflexi\u00f3n y sensibilizaci\u00f3n a trav\u00e9s &nbsp;de distintos medios y formatos que posee este Cuerpo Deliberativo.<\/p>\n\n\n\n<p>ART\u00cdCULO 3:Comun\u00edquese, reg\u00edstrese, agr\u00e9guese copia de la presente en las actuaciones &nbsp;&nbsp;&nbsp;&nbsp;&nbsp;&nbsp;&nbsp;&nbsp;&nbsp;&nbsp;&nbsp; correspondientes y arch\u00edvese.<\/p>\n\n\n\n<p>DADA EN LA SALA DE SESIONES DR.RICARDO BALBIN DEL HONORABLE CONCEJO DELIBERANTE DE LA MUNICIPALIDAD DE MALARG\u00dcE A DIECINUEVE D\u00cdAS DE SETIEMBRE DE DOS MIL VEINTICUATRO.<\/p>\n","protected":false},"excerpt":{"rendered":"<p>D\u00eda Nacional de los Derechos Pol\u00edticos de la Mujer El Honorable Concejo Deliberante de Malarg\u00fce ha decidido instituir oficialmente la conmemoraci\u00f3n del D\u00eda Nacional de los Derechos Pol\u00edticos de la Mujer cada 23 de septiembre, en homenaje a la Ley N\u00ba 24.785 y a la hist\u00f3rica Ley N\u00ba 13.010, que en 1947 garantiz\u00f3 el derecho [&hellip;]<\/p>\n","protected":false},"author":5,"featured_media":37703,"comment_status":"closed","ping_status":"closed","sticky":false,"template":"","format":"standard","meta":{"footnotes":""},"categories":[67,52,29,33],"tags":[],"class_list":["post-37702","post","type-post","status-publish","format-standard","has-post-thumbnail","hentry","category-decretos","category-gacetillas","category-lesgilacion","category-prensa"],"yoast_head":"<!-- This site is optimized with the Yoast SEO plugin v19.10 - https:\/\/yoast.com\/wordpress\/plugins\/seo\/ -->\n<title>\u00a0DECRETO N\u00b0 080\/2.024 - Malarg\u00fce HCD<\/title>\n<meta name=\"robots\" content=\"index, follow, max-snippet:-1, max-image-preview:large, max-video-preview:-1\" \/>\n<link rel=\"canonical\" href=\"https:\/\/hcd.malargue.gov.ar\/?p=37702\" \/>\n<meta property=\"og:locale\" content=\"es_ES\" \/>\n<meta property=\"og:type\" content=\"article\" \/>\n<meta property=\"og:title\" content=\"\u00a0DECRETO N\u00b0 080\/2.024 - Malarg\u00fce HCD\" \/>\n<meta property=\"og:description\" content=\"D\u00eda Nacional de los Derechos Pol\u00edticos de la Mujer El Honorable Concejo Deliberante de Malarg\u00fce ha decidido instituir oficialmente la conmemoraci\u00f3n del D\u00eda Nacional de los Derechos Pol\u00edticos de la Mujer cada 23 de septiembre, en homenaje a la Ley N\u00ba 24.785 y a la hist\u00f3rica Ley N\u00ba 13.010, que en 1947 garantiz\u00f3 el derecho [&hellip;]\" \/>\n<meta property=\"og:url\" content=\"https:\/\/hcd.malargue.gov.ar\/?p=37702\" \/>\n<meta property=\"og:site_name\" content=\"Malarg\u00fce HCD\" \/>\n<meta property=\"article:published_time\" content=\"2024-09-23T16:04:37+00:00\" \/>\n<meta property=\"article:modified_time\" content=\"2024-09-24T13:41:36+00:00\" \/>\n<meta property=\"og:image\" content=\"https:\/\/hcd.malargue.gov.ar\/wp-content\/uploads\/2024\/09\/VOTO-FEMENINO.png\" \/>\n\t<meta property=\"og:image:width\" content=\"1920\" \/>\n\t<meta property=\"og:image:height\" content=\"1080\" \/>\n\t<meta property=\"og:image:type\" content=\"image\/png\" \/>\n<meta name=\"author\" content=\"Belen Pedernera Ferragut\" \/>\n<meta name=\"twitter:card\" content=\"summary_large_image\" \/>\n<meta name=\"twitter:label1\" content=\"Escrito por\" \/>\n\t<meta name=\"twitter:data1\" content=\"Belen Pedernera Ferragut\" \/>\n\t<meta name=\"twitter:label2\" content=\"Tiempo de lectura\" \/>\n\t<meta name=\"twitter:data2\" content=\"5 minutos\" \/>\n<script type=\"application\/ld+json\" class=\"yoast-schema-graph\">{\"@context\":\"https:\/\/schema.org\",\"@graph\":[{\"@type\":\"WebPage\",\"@id\":\"https:\/\/hcd.malargue.gov.ar\/?p=37702\",\"url\":\"https:\/\/hcd.malargue.gov.ar\/?p=37702\",\"name\":\"\u00a0DECRETO N\u00b0 080\/2.024 - Malarg\u00fce HCD\",\"isPartOf\":{\"@id\":\"https:\/\/hcd.malargue.gov.ar\/#website\"},\"datePublished\":\"2024-09-23T16:04:37+00:00\",\"dateModified\":\"2024-09-24T13:41:36+00:00\",\"author\":{\"@id\":\"https:\/\/hcd.malargue.gov.ar\/#\/schema\/person\/3fd6bbab64edd703961b795156c955d0\"},\"breadcrumb\":{\"@id\":\"https:\/\/hcd.malargue.gov.ar\/?p=37702#breadcrumb\"},\"inLanguage\":\"es-AR\",\"potentialAction\":[{\"@type\":\"ReadAction\",\"target\":[\"https:\/\/hcd.malargue.gov.ar\/?p=37702\"]}]},{\"@type\":\"BreadcrumbList\",\"@id\":\"https:\/\/hcd.malargue.gov.ar\/?p=37702#breadcrumb\",\"itemListElement\":[{\"@type\":\"ListItem\",\"position\":1,\"name\":\"Inicio\",\"item\":\"https:\/\/hcd.malargue.gov.ar\/\"},{\"@type\":\"ListItem\",\"position\":2,\"name\":\"\u00a0DECRETO N\u00b0 080\/2.024\"}]},{\"@type\":\"WebSite\",\"@id\":\"https:\/\/hcd.malargue.gov.ar\/#website\",\"url\":\"https:\/\/hcd.malargue.gov.ar\/\",\"name\":\"Malarg\u00fce HCD\",\"description\":\"Malarg\u00fce Mendoza Argentina\",\"potentialAction\":[{\"@type\":\"SearchAction\",\"target\":{\"@type\":\"EntryPoint\",\"urlTemplate\":\"https:\/\/hcd.malargue.gov.ar\/?s={search_term_string}\"},\"query-input\":\"required name=search_term_string\"}],\"inLanguage\":\"es-AR\"},{\"@type\":\"Person\",\"@id\":\"https:\/\/hcd.malargue.gov.ar\/#\/schema\/person\/3fd6bbab64edd703961b795156c955d0\",\"name\":\"Belen Pedernera Ferragut\",\"image\":{\"@type\":\"ImageObject\",\"inLanguage\":\"es-AR\",\"@id\":\"https:\/\/hcd.malargue.gov.ar\/#\/schema\/person\/image\/\",\"url\":\"https:\/\/secure.gravatar.com\/avatar\/1054ffab3893de4bb3eb29bdd22f7e34b8537bf5d34d9dab311818154ad5b71f?s=96&d=mm&r=g\",\"contentUrl\":\"https:\/\/secure.gravatar.com\/avatar\/1054ffab3893de4bb3eb29bdd22f7e34b8537bf5d34d9dab311818154ad5b71f?s=96&d=mm&r=g\",\"caption\":\"Belen Pedernera Ferragut\"},\"url\":\"https:\/\/hcd.malargue.gov.ar\/?author=5\"}]}<\/script>\n<!-- \/ Yoast SEO plugin. -->","yoast_head_json":{"title":"\u00a0DECRETO N\u00b0 080\/2.024 - Malarg\u00fce HCD","robots":{"index":"index","follow":"follow","max-snippet":"max-snippet:-1","max-image-preview":"max-image-preview:large","max-video-preview":"max-video-preview:-1"},"canonical":"https:\/\/hcd.malargue.gov.ar\/?p=37702","og_locale":"es_ES","og_type":"article","og_title":"\u00a0DECRETO N\u00b0 080\/2.024 - Malarg\u00fce HCD","og_description":"D\u00eda Nacional de los Derechos Pol\u00edticos de la Mujer El Honorable Concejo Deliberante de Malarg\u00fce ha decidido instituir oficialmente la conmemoraci\u00f3n del D\u00eda Nacional de los Derechos Pol\u00edticos de la Mujer cada 23 de septiembre, en homenaje a la Ley N\u00ba 24.785 y a la hist\u00f3rica Ley N\u00ba 13.010, que en 1947 garantiz\u00f3 el derecho [&hellip;]","og_url":"https:\/\/hcd.malargue.gov.ar\/?p=37702","og_site_name":"Malarg\u00fce HCD","article_published_time":"2024-09-23T16:04:37+00:00","article_modified_time":"2024-09-24T13:41:36+00:00","og_image":[{"width":1920,"height":1080,"url":"https:\/\/hcd.malargue.gov.ar\/wp-content\/uploads\/2024\/09\/VOTO-FEMENINO.png","type":"image\/png"}],"author":"Belen Pedernera Ferragut","twitter_card":"summary_large_image","twitter_misc":{"Escrito por":"Belen Pedernera Ferragut","Tiempo de lectura":"5 minutos"},"schema":{"@context":"https:\/\/schema.org","@graph":[{"@type":"WebPage","@id":"https:\/\/hcd.malargue.gov.ar\/?p=37702","url":"https:\/\/hcd.malargue.gov.ar\/?p=37702","name":"\u00a0DECRETO N\u00b0 080\/2.024 - Malarg\u00fce HCD","isPartOf":{"@id":"https:\/\/hcd.malargue.gov.ar\/#website"},"datePublished":"2024-09-23T16:04:37+00:00","dateModified":"2024-09-24T13:41:36+00:00","author":{"@id":"https:\/\/hcd.malargue.gov.ar\/#\/schema\/person\/3fd6bbab64edd703961b795156c955d0"},"breadcrumb":{"@id":"https:\/\/hcd.malargue.gov.ar\/?p=37702#breadcrumb"},"inLanguage":"es-AR","potentialAction":[{"@type":"ReadAction","target":["https:\/\/hcd.malargue.gov.ar\/?p=37702"]}]},{"@type":"BreadcrumbList","@id":"https:\/\/hcd.malargue.gov.ar\/?p=37702#breadcrumb","itemListElement":[{"@type":"ListItem","position":1,"name":"Inicio","item":"https:\/\/hcd.malargue.gov.ar\/"},{"@type":"ListItem","position":2,"name":"\u00a0DECRETO N\u00b0 080\/2.024"}]},{"@type":"WebSite","@id":"https:\/\/hcd.malargue.gov.ar\/#website","url":"https:\/\/hcd.malargue.gov.ar\/","name":"Malarg\u00fce HCD","description":"Malarg\u00fce Mendoza Argentina","potentialAction":[{"@type":"SearchAction","target":{"@type":"EntryPoint","urlTemplate":"https:\/\/hcd.malargue.gov.ar\/?s={search_term_string}"},"query-input":"required name=search_term_string"}],"inLanguage":"es-AR"},{"@type":"Person","@id":"https:\/\/hcd.malargue.gov.ar\/#\/schema\/person\/3fd6bbab64edd703961b795156c955d0","name":"Belen Pedernera Ferragut","image":{"@type":"ImageObject","inLanguage":"es-AR","@id":"https:\/\/hcd.malargue.gov.ar\/#\/schema\/person\/image\/","url":"https:\/\/secure.gravatar.com\/avatar\/1054ffab3893de4bb3eb29bdd22f7e34b8537bf5d34d9dab311818154ad5b71f?s=96&d=mm&r=g","contentUrl":"https:\/\/secure.gravatar.com\/avatar\/1054ffab3893de4bb3eb29bdd22f7e34b8537bf5d34d9dab311818154ad5b71f?s=96&d=mm&r=g","caption":"Belen Pedernera Ferragut"},"url":"https:\/\/hcd.malargue.gov.ar\/?author=5"}]}},"_links":{"self":[{"href":"https:\/\/hcd.malargue.gov.ar\/index.php?rest_route=\/wp\/v2\/posts\/37702","targetHints":{"allow":["GET"]}}],"collection":[{"href":"https:\/\/hcd.malargue.gov.ar\/index.php?rest_route=\/wp\/v2\/posts"}],"about":[{"href":"https:\/\/hcd.malargue.gov.ar\/index.php?rest_route=\/wp\/v2\/types\/post"}],"author":[{"embeddable":true,"href":"https:\/\/hcd.malargue.gov.ar\/index.php?rest_route=\/wp\/v2\/users\/5"}],"replies":[{"embeddable":true,"href":"https:\/\/hcd.malargue.gov.ar\/index.php?rest_route=%2Fwp%2Fv2%2Fcomments&post=37702"}],"version-history":[{"count":3,"href":"https:\/\/hcd.malargue.gov.ar\/index.php?rest_route=\/wp\/v2\/posts\/37702\/revisions"}],"predecessor-version":[{"id":37708,"href":"https:\/\/hcd.malargue.gov.ar\/index.php?rest_route=\/wp\/v2\/posts\/37702\/revisions\/37708"}],"wp:featuredmedia":[{"embeddable":true,"href":"https:\/\/hcd.malargue.gov.ar\/index.php?rest_route=\/wp\/v2\/media\/37703"}],"wp:attachment":[{"href":"https:\/\/hcd.malargue.gov.ar\/index.php?rest_route=%2Fwp%2Fv2%2Fmedia&parent=37702"}],"wp:term":[{"taxonomy":"category","embeddable":true,"href":"https:\/\/hcd.malargue.gov.ar\/index.php?rest_route=%2Fwp%2Fv2%2Fcategories&post=37702"},{"taxonomy":"post_tag","embeddable":true,"href":"https:\/\/hcd.malargue.gov.ar\/index.php?rest_route=%2Fwp%2Fv2%2Ftags&post=37702"}],"curies":[{"name":"wp","href":"https:\/\/api.w.org\/{rel}","templated":true}]}}