{"id":37706,"date":"2024-09-24T11:39:17","date_gmt":"2024-09-24T14:39:17","guid":{"rendered":"https:\/\/hcd.malargue.gov.ar\/?p=37706"},"modified":"2024-09-24T11:51:32","modified_gmt":"2024-09-24T14:51:32","slug":"declaracion-n-344-2-024","status":"publish","type":"post","link":"https:\/\/hcd.malargue.gov.ar\/?p=37706","title":{"rendered":"DECLARACION\u00a0 N\u00b0 344\/2.024"},"content":{"rendered":"\n<h4 class=\"wp-block-heading has-text-align-center\">El HCD declar\u00f3 de Inter\u00e9s Cultural las 1\u00b0 Jornadas Interculturales Malal \u2013 Hue Ngulam Pewun<\/h4>\n\n\n\n<p><br><em>Las mismas se llevaron a cabo desde el 19 al 21 de septiembre. Este evento, organizado por Malalweche, XUMEK y el Observatorio Regional de Derechos Humanos y Pueblos Ind\u00edgenas, se centro en &#8220;Debates y Desaf\u00edos de las Nuevas Ciudadan\u00edas y la Plurinacionalidad frente al Cambio Clim\u00e1tico, la Memoria Colectiva y el Desarrollo Sustentable en los Territorios&#8221;.<\/em><\/p>\n\n\n\n<p><em>Las jornadas buscaron fomentar un ambiente de intercambio de saberes y experiencias, incluyendo presentaciones de producciones audiovisuales y ceremonias ancestrales. Este encuentro es parte del compromiso de diferentes sectores por fortalecer las nuevas ciudadan\u00edas en un sistema democr\u00e1tico inclusivo y solidario; por lo cual el Concejo Deliberante lo declar\u00f3 de inter\u00e9s cultural y departamental. <\/em><\/p>\n\n\n\n<p class=\"has-text-align-center\"><strong>MIRA LA PIEZA LEGAL COMPLETA<\/strong><\/p>\n\n\n<div class=\"wp-block-image\">\n<figure class=\"aligncenter size-full is-resized\"><img loading=\"lazy\" decoding=\"async\" width=\"940\" height=\"788\" src=\"https:\/\/hcd.malargue.gov.ar\/wp-content\/uploads\/2024\/09\/DECLARACION-344-2024.png\" alt=\"\" class=\"wp-image-37710\" style=\"width:524px;height:auto\" srcset=\"https:\/\/hcd.malargue.gov.ar\/wp-content\/uploads\/2024\/09\/DECLARACION-344-2024.png 940w, https:\/\/hcd.malargue.gov.ar\/wp-content\/uploads\/2024\/09\/DECLARACION-344-2024-300x251.png 300w, https:\/\/hcd.malargue.gov.ar\/wp-content\/uploads\/2024\/09\/DECLARACION-344-2024-768x644.png 768w\" sizes=\"auto, (max-width: 940px) 100vw, 940px\" \/><\/figure>\n<\/div>\n\n\n<p class=\"has-text-align-center\"><\/p>\n\n\n<div class=\"wp-block-image\">\n<figure class=\"alignright size-full is-resized\"><a href=\"http:\/\/hcd.malargue.gov.ar\/2024\/decla%20344%202024%20dia%20del%20voto%20femenino.pdf\"><img loading=\"lazy\" decoding=\"async\" width=\"512\" height=\"512\" src=\"https:\/\/hcd.malargue.gov.ar\/wp-content\/uploads\/2018\/06\/PDF-JPG.jpg\" alt=\"\" class=\"wp-image-7950\" style=\"width:135px;height:auto\" srcset=\"https:\/\/hcd.malargue.gov.ar\/wp-content\/uploads\/2018\/06\/PDF-JPG.jpg 512w, https:\/\/hcd.malargue.gov.ar\/wp-content\/uploads\/2018\/06\/PDF-JPG-150x150.jpg 150w, https:\/\/hcd.malargue.gov.ar\/wp-content\/uploads\/2018\/06\/PDF-JPG-300x300.jpg 300w\" sizes=\"auto, (max-width: 512px) 100vw, 512px\" \/><\/a><\/figure>\n<\/div>\n\n\n<p>VISTO: El contenido del Expte. N\u00ba 5.490-HC-069-2.024. Interbloque Partido Justicialista- Uni\u00f3n Mendocina. Proyecto de Declaraci\u00f3n: Declarar de Inter\u00e9s Cultural y Departamental las Primeras Jornadas Interculturales Malal \u2013Hue Ngulam Pewun. <\/p>\n\n\n\n<p>&nbsp;&nbsp;&nbsp;&nbsp;&nbsp;&nbsp;&nbsp;&nbsp;&nbsp;&nbsp;&nbsp; El contenido del cronograma de las Primeras Jornadas Interculturales Malal Hue \u2013 Ngulam Pewun \u2013 \u201cDebates y Desaf\u00edos de las Nuevas Ciudadan\u00edas y la Plurinacionalidad frente al Cambio Clim\u00e1tico, la Memoria Colectiva y el Desarrollo Sustentable en los Territorios\u201d, que se realizaran en Malarg\u00fce, convocadas por Malalweche, XUMEK y el Observatorio Regional DDHH y Pueblos Ind\u00edgenas.<\/p>\n\n\n\n<p>&nbsp;&nbsp;&nbsp;&nbsp;&nbsp;&nbsp;&nbsp;&nbsp;&nbsp;&nbsp;&nbsp; y;<\/p>\n\n\n\n<p>CONSIDERANDO: Que estas Jornadas Interculturales se proponen como un espacio integral de Di\u00e1logo de Saberes en torno a ejes tem\u00e1ticos que atraviesan a las nuevas &nbsp;ciudadan\u00edas con sus diversas y plurales formas de organizaci\u00f3n, como tambi\u00e9n a los proyectos de reordenamiento de los Estados desde la Plurinacionalidad.<\/p>\n\n\n\n<p>&nbsp;&nbsp;&nbsp;&nbsp;&nbsp;&nbsp;&nbsp;&nbsp;&nbsp;&nbsp;&nbsp; Que se reunir\u00e1n diferentes representantes de \u00e1mbito acad\u00e9mico y de organizaciones sociales del \u00e1mbito local, provincial y regional a discutir problem\u00e1ticas sociales organizadas en cuatro ejes tem\u00e1ticos: Desarrollos sustentables y comunitarios en los territorios; Territorio, ambiente y consulta; Memoria, identidad y justicia &nbsp;y Debate antropol\u00f3gico e hist\u00f3rico. Estos ejes apuntan a buscar y construir nuevas ciudadan\u00edas m\u00e1s democr\u00e1ticas y tolerantes de la diversidad de opiniones.<\/p>\n\n\n\n<p>&nbsp;&nbsp;&nbsp;&nbsp;&nbsp;&nbsp;&nbsp;&nbsp;&nbsp;&nbsp;&nbsp; Que en las nuevas ciudadan\u00edas se encuentran un amplio abanico de organizaciones de Pueblos originarios, ambientales, pol\u00edticas, econ\u00f3micas, sociales, culturales, g\u00e9nero, sindicales, de ni\u00f1eces, de discapacidad, etc.<\/p>\n\n\n\n<p>&nbsp;&nbsp;&nbsp;&nbsp;&nbsp;&nbsp;&nbsp;&nbsp;&nbsp;&nbsp;&nbsp; Que es importante entender que los debates y desaf\u00edos de las nuevas ciudadan\u00edas nos plantean la necesidad de ampliar y fortalecer las democracias como sistema de convivencia y relaciones con los Estados. Para esto es necesario partir de un di\u00e1logo horizontal entre diferentes actores sociales que los sit\u00faen en igualdad de condiciones.<\/p>\n\n\n\n<p>&nbsp;&nbsp;&nbsp;&nbsp;&nbsp;&nbsp;&nbsp;&nbsp;&nbsp;&nbsp;&nbsp; Que las jornadas buscan profundizar en los ejes: cambio clim\u00e1tico en tanto a crisis Planetaria; la memoria colectiva, presente y futuro com\u00fan sin negacionismos, racismos, discriminaci\u00f3n sobre las Identidades; y el desarrollo sustentable en el marco de pol\u00edticas de mitigaci\u00f3n y adaptaci\u00f3n al cambio clim\u00e1tico desde un nuevo paradigma de transici\u00f3n energ\u00e9tica justa, solidaria y comunitaria.<\/p>\n\n\n\n<p>&nbsp;&nbsp;&nbsp;&nbsp;&nbsp;&nbsp;&nbsp;&nbsp;&nbsp;&nbsp;&nbsp; Que las Jornadas buscan abrir espacio de debate, participaci\u00f3n, actividades de intercambio de saberes, presentaci\u00f3n de bibliograf\u00edas, producciones audiovisuales, ceremonias ancestrales, y proyectos de visibilizaci\u00f3n en espacio p\u00fablicos.<\/p>\n\n\n\n<p>&nbsp;&nbsp;&nbsp;&nbsp;&nbsp;&nbsp;&nbsp;&nbsp;&nbsp;&nbsp;&nbsp; Que las &nbsp;primeras Jornadas Interculturales Malarg\u00fce- Ngulam Pewum \u2013 \u201cDebates y Desaf\u00edos de las Nuevas Ciudadan\u00edas y la Plurinacionalidad frente al Cambio Clim\u00e1tico, la Memoria Colectiva y el Desarrollo Sustentable en los Territorios\u201d, son la continuidad de los compromisos de diversos sectores por sostener en el tiempo instancias de intercambio pluriculturales, interdisciplinares y diversas, como acciones concretas de fortalecimiento de las Nuevas Ciudadan\u00edas en sistemas democr\u00e1ticos din\u00e1micos, solidarios e inclusivos.<\/p>\n\n\n\n<p>EL HONORABLE CONCEJO DELIBERANTE DE LA MUNICIPALIDAD DE MALARG\u00dcE EN USO DE LAS FACULTADES QUE LE SON PROPIAS<\/p>\n\n\n\n<p>&nbsp;&nbsp;&nbsp;&nbsp;&nbsp;&nbsp;&nbsp;&nbsp;&nbsp;&nbsp;&nbsp;&nbsp;&nbsp;&nbsp;&nbsp;&nbsp;&nbsp;&nbsp;&nbsp;&nbsp;&nbsp;&nbsp;&nbsp;&nbsp;&nbsp;&nbsp;&nbsp;&nbsp;&nbsp;&nbsp;&nbsp;&nbsp;&nbsp;&nbsp;&nbsp;&nbsp;&nbsp;&nbsp;&nbsp;&nbsp;&nbsp;&nbsp;&nbsp;&nbsp;&nbsp;&nbsp;&nbsp;&nbsp;&nbsp;&nbsp;&nbsp;&nbsp;&nbsp;&nbsp;&nbsp;&nbsp;&nbsp;&nbsp;&nbsp;&nbsp;&nbsp;&nbsp;&nbsp;&nbsp;&nbsp;&nbsp;&nbsp;&nbsp;&nbsp;&nbsp; DECLARA<\/p>\n\n\n\n<p>ARTICULO 1\u00ba: Declarar de Inter\u00e9s Cultural y Departamental&nbsp; Las Primeras Jornadas Interculturales Malal Hue \u2013 Ngulam Pewun \u2013 \u201cDebates y Desaf\u00edos de las Nuevas Ciudadan\u00edas y la Plurinacionalidad frente al Cambio Clim\u00e1tico, la Memoria Colectiva &nbsp; y el Desarrollo Sustentable en los Territorios\u201d a realizarse del 19 al 21 de septiembre en nuestro Departamento.<\/p>\n\n\n\n<p>ARTICULO 2\u00ba: Hacer entrega de copia de la presente Pieza Legal a los Organizadores del Evento.<\/p>\n\n\n\n<p>ARTICULO 3\u00ba: Comun\u00edquese, reg\u00edstrese, agr\u00e9guese copia de la presente en las actuaciones correspondientes y arch\u00edvese.<\/p>\n\n\n\n<p>DADA EN LA SALA DE SESIONES DR. RICARDO BALBIN DEL HONORABLE CONCEJO DELIBERANTE DE LA MUNICIPALIDAD DE MALARG\u00dcE A DIECINUEVE D\u00cdAS DE SETIEMBRE DE DOS MIL VEINTICUATRO<\/p>\n","protected":false},"excerpt":{"rendered":"<p>El HCD declar\u00f3 de Inter\u00e9s Cultural las 1\u00b0 Jornadas Interculturales Malal \u2013 Hue Ngulam Pewun Las mismas se llevaron a cabo desde el 19 al 21 de septiembre. Este evento, organizado por Malalweche, XUMEK y el Observatorio Regional de Derechos Humanos y Pueblos Ind\u00edgenas, se centro en &#8220;Debates y Desaf\u00edos de las Nuevas Ciudadan\u00edas y [&hellip;]<\/p>\n","protected":false},"author":5,"featured_media":37709,"comment_status":"closed","ping_status":"closed","sticky":false,"template":"","format":"standard","meta":{"footnotes":""},"categories":[46,52,29,33],"tags":[],"class_list":["post-37706","post","type-post","status-publish","format-standard","has-post-thumbnail","hentry","category-declaraciones","category-gacetillas","category-lesgilacion","category-prensa"],"yoast_head":"<!-- This site is optimized with the Yoast SEO plugin v19.10 - https:\/\/yoast.com\/wordpress\/plugins\/seo\/ -->\n<title>DECLARACION\u00a0 N\u00b0 344\/2.024 - Malarg\u00fce HCD<\/title>\n<meta name=\"robots\" content=\"index, follow, max-snippet:-1, max-image-preview:large, max-video-preview:-1\" \/>\n<link rel=\"canonical\" href=\"https:\/\/hcd.malargue.gov.ar\/?p=37706\" \/>\n<meta property=\"og:locale\" content=\"es_ES\" \/>\n<meta property=\"og:type\" content=\"article\" \/>\n<meta property=\"og:title\" content=\"DECLARACION\u00a0 N\u00b0 344\/2.024 - Malarg\u00fce HCD\" \/>\n<meta property=\"og:description\" content=\"El HCD declar\u00f3 de Inter\u00e9s Cultural las 1\u00b0 Jornadas Interculturales Malal \u2013 Hue Ngulam Pewun Las mismas se llevaron a cabo desde el 19 al 21 de septiembre. Este evento, organizado por Malalweche, XUMEK y el Observatorio Regional de Derechos Humanos y Pueblos Ind\u00edgenas, se centro en &#8220;Debates y Desaf\u00edos de las Nuevas Ciudadan\u00edas y [&hellip;]\" \/>\n<meta property=\"og:url\" content=\"https:\/\/hcd.malargue.gov.ar\/?p=37706\" \/>\n<meta property=\"og:site_name\" content=\"Malarg\u00fce HCD\" \/>\n<meta property=\"article:published_time\" content=\"2024-09-24T14:39:17+00:00\" \/>\n<meta property=\"article:modified_time\" content=\"2024-09-24T14:51:32+00:00\" \/>\n<meta property=\"og:image\" content=\"https:\/\/hcd.malargue.gov.ar\/wp-content\/uploads\/2024\/09\/WhatsApp-Image-2024-09-24-at-10.45.08-1.jpeg\" \/>\n\t<meta property=\"og:image:width\" content=\"1280\" \/>\n\t<meta property=\"og:image:height\" content=\"963\" \/>\n\t<meta property=\"og:image:type\" content=\"image\/jpeg\" \/>\n<meta name=\"author\" content=\"Belen Pedernera Ferragut\" \/>\n<meta name=\"twitter:card\" content=\"summary_large_image\" \/>\n<meta name=\"twitter:label1\" content=\"Escrito por\" \/>\n\t<meta name=\"twitter:data1\" content=\"Belen Pedernera Ferragut\" \/>\n\t<meta name=\"twitter:label2\" content=\"Tiempo de lectura\" \/>\n\t<meta name=\"twitter:data2\" content=\"4 minutos\" \/>\n<script type=\"application\/ld+json\" class=\"yoast-schema-graph\">{\"@context\":\"https:\/\/schema.org\",\"@graph\":[{\"@type\":\"WebPage\",\"@id\":\"https:\/\/hcd.malargue.gov.ar\/?p=37706\",\"url\":\"https:\/\/hcd.malargue.gov.ar\/?p=37706\",\"name\":\"DECLARACION\u00a0 N\u00b0 344\/2.024 - Malarg\u00fce HCD\",\"isPartOf\":{\"@id\":\"https:\/\/hcd.malargue.gov.ar\/#website\"},\"datePublished\":\"2024-09-24T14:39:17+00:00\",\"dateModified\":\"2024-09-24T14:51:32+00:00\",\"author\":{\"@id\":\"https:\/\/hcd.malargue.gov.ar\/#\/schema\/person\/3fd6bbab64edd703961b795156c955d0\"},\"breadcrumb\":{\"@id\":\"https:\/\/hcd.malargue.gov.ar\/?p=37706#breadcrumb\"},\"inLanguage\":\"es-AR\",\"potentialAction\":[{\"@type\":\"ReadAction\",\"target\":[\"https:\/\/hcd.malargue.gov.ar\/?p=37706\"]}]},{\"@type\":\"BreadcrumbList\",\"@id\":\"https:\/\/hcd.malargue.gov.ar\/?p=37706#breadcrumb\",\"itemListElement\":[{\"@type\":\"ListItem\",\"position\":1,\"name\":\"Inicio\",\"item\":\"https:\/\/hcd.malargue.gov.ar\/\"},{\"@type\":\"ListItem\",\"position\":2,\"name\":\"DECLARACION\u00a0 N\u00b0 344\/2.024\"}]},{\"@type\":\"WebSite\",\"@id\":\"https:\/\/hcd.malargue.gov.ar\/#website\",\"url\":\"https:\/\/hcd.malargue.gov.ar\/\",\"name\":\"Malarg\u00fce HCD\",\"description\":\"Malarg\u00fce Mendoza Argentina\",\"potentialAction\":[{\"@type\":\"SearchAction\",\"target\":{\"@type\":\"EntryPoint\",\"urlTemplate\":\"https:\/\/hcd.malargue.gov.ar\/?s={search_term_string}\"},\"query-input\":\"required name=search_term_string\"}],\"inLanguage\":\"es-AR\"},{\"@type\":\"Person\",\"@id\":\"https:\/\/hcd.malargue.gov.ar\/#\/schema\/person\/3fd6bbab64edd703961b795156c955d0\",\"name\":\"Belen Pedernera Ferragut\",\"image\":{\"@type\":\"ImageObject\",\"inLanguage\":\"es-AR\",\"@id\":\"https:\/\/hcd.malargue.gov.ar\/#\/schema\/person\/image\/\",\"url\":\"https:\/\/secure.gravatar.com\/avatar\/1054ffab3893de4bb3eb29bdd22f7e34b8537bf5d34d9dab311818154ad5b71f?s=96&d=mm&r=g\",\"contentUrl\":\"https:\/\/secure.gravatar.com\/avatar\/1054ffab3893de4bb3eb29bdd22f7e34b8537bf5d34d9dab311818154ad5b71f?s=96&d=mm&r=g\",\"caption\":\"Belen Pedernera Ferragut\"},\"url\":\"https:\/\/hcd.malargue.gov.ar\/?author=5\"}]}<\/script>\n<!-- \/ Yoast SEO plugin. -->","yoast_head_json":{"title":"DECLARACION\u00a0 N\u00b0 344\/2.024 - Malarg\u00fce HCD","robots":{"index":"index","follow":"follow","max-snippet":"max-snippet:-1","max-image-preview":"max-image-preview:large","max-video-preview":"max-video-preview:-1"},"canonical":"https:\/\/hcd.malargue.gov.ar\/?p=37706","og_locale":"es_ES","og_type":"article","og_title":"DECLARACION\u00a0 N\u00b0 344\/2.024 - Malarg\u00fce HCD","og_description":"El HCD declar\u00f3 de Inter\u00e9s Cultural las 1\u00b0 Jornadas Interculturales Malal \u2013 Hue Ngulam Pewun Las mismas se llevaron a cabo desde el 19 al 21 de septiembre. Este evento, organizado por Malalweche, XUMEK y el Observatorio Regional de Derechos Humanos y Pueblos Ind\u00edgenas, se centro en &#8220;Debates y Desaf\u00edos de las Nuevas Ciudadan\u00edas y [&hellip;]","og_url":"https:\/\/hcd.malargue.gov.ar\/?p=37706","og_site_name":"Malarg\u00fce HCD","article_published_time":"2024-09-24T14:39:17+00:00","article_modified_time":"2024-09-24T14:51:32+00:00","og_image":[{"width":1280,"height":963,"url":"https:\/\/hcd.malargue.gov.ar\/wp-content\/uploads\/2024\/09\/WhatsApp-Image-2024-09-24-at-10.45.08-1.jpeg","type":"image\/jpeg"}],"author":"Belen Pedernera Ferragut","twitter_card":"summary_large_image","twitter_misc":{"Escrito por":"Belen Pedernera Ferragut","Tiempo de lectura":"4 minutos"},"schema":{"@context":"https:\/\/schema.org","@graph":[{"@type":"WebPage","@id":"https:\/\/hcd.malargue.gov.ar\/?p=37706","url":"https:\/\/hcd.malargue.gov.ar\/?p=37706","name":"DECLARACION\u00a0 N\u00b0 344\/2.024 - Malarg\u00fce HCD","isPartOf":{"@id":"https:\/\/hcd.malargue.gov.ar\/#website"},"datePublished":"2024-09-24T14:39:17+00:00","dateModified":"2024-09-24T14:51:32+00:00","author":{"@id":"https:\/\/hcd.malargue.gov.ar\/#\/schema\/person\/3fd6bbab64edd703961b795156c955d0"},"breadcrumb":{"@id":"https:\/\/hcd.malargue.gov.ar\/?p=37706#breadcrumb"},"inLanguage":"es-AR","potentialAction":[{"@type":"ReadAction","target":["https:\/\/hcd.malargue.gov.ar\/?p=37706"]}]},{"@type":"BreadcrumbList","@id":"https:\/\/hcd.malargue.gov.ar\/?p=37706#breadcrumb","itemListElement":[{"@type":"ListItem","position":1,"name":"Inicio","item":"https:\/\/hcd.malargue.gov.ar\/"},{"@type":"ListItem","position":2,"name":"DECLARACION\u00a0 N\u00b0 344\/2.024"}]},{"@type":"WebSite","@id":"https:\/\/hcd.malargue.gov.ar\/#website","url":"https:\/\/hcd.malargue.gov.ar\/","name":"Malarg\u00fce HCD","description":"Malarg\u00fce Mendoza Argentina","potentialAction":[{"@type":"SearchAction","target":{"@type":"EntryPoint","urlTemplate":"https:\/\/hcd.malargue.gov.ar\/?s={search_term_string}"},"query-input":"required name=search_term_string"}],"inLanguage":"es-AR"},{"@type":"Person","@id":"https:\/\/hcd.malargue.gov.ar\/#\/schema\/person\/3fd6bbab64edd703961b795156c955d0","name":"Belen Pedernera Ferragut","image":{"@type":"ImageObject","inLanguage":"es-AR","@id":"https:\/\/hcd.malargue.gov.ar\/#\/schema\/person\/image\/","url":"https:\/\/secure.gravatar.com\/avatar\/1054ffab3893de4bb3eb29bdd22f7e34b8537bf5d34d9dab311818154ad5b71f?s=96&d=mm&r=g","contentUrl":"https:\/\/secure.gravatar.com\/avatar\/1054ffab3893de4bb3eb29bdd22f7e34b8537bf5d34d9dab311818154ad5b71f?s=96&d=mm&r=g","caption":"Belen Pedernera Ferragut"},"url":"https:\/\/hcd.malargue.gov.ar\/?author=5"}]}},"_links":{"self":[{"href":"https:\/\/hcd.malargue.gov.ar\/index.php?rest_route=\/wp\/v2\/posts\/37706","targetHints":{"allow":["GET"]}}],"collection":[{"href":"https:\/\/hcd.malargue.gov.ar\/index.php?rest_route=\/wp\/v2\/posts"}],"about":[{"href":"https:\/\/hcd.malargue.gov.ar\/index.php?rest_route=\/wp\/v2\/types\/post"}],"author":[{"embeddable":true,"href":"https:\/\/hcd.malargue.gov.ar\/index.php?rest_route=\/wp\/v2\/users\/5"}],"replies":[{"embeddable":true,"href":"https:\/\/hcd.malargue.gov.ar\/index.php?rest_route=%2Fwp%2Fv2%2Fcomments&post=37706"}],"version-history":[{"count":4,"href":"https:\/\/hcd.malargue.gov.ar\/index.php?rest_route=\/wp\/v2\/posts\/37706\/revisions"}],"predecessor-version":[{"id":37715,"href":"https:\/\/hcd.malargue.gov.ar\/index.php?rest_route=\/wp\/v2\/posts\/37706\/revisions\/37715"}],"wp:featuredmedia":[{"embeddable":true,"href":"https:\/\/hcd.malargue.gov.ar\/index.php?rest_route=\/wp\/v2\/media\/37709"}],"wp:attachment":[{"href":"https:\/\/hcd.malargue.gov.ar\/index.php?rest_route=%2Fwp%2Fv2%2Fmedia&parent=37706"}],"wp:term":[{"taxonomy":"category","embeddable":true,"href":"https:\/\/hcd.malargue.gov.ar\/index.php?rest_route=%2Fwp%2Fv2%2Fcategories&post=37706"},{"taxonomy":"post_tag","embeddable":true,"href":"https:\/\/hcd.malargue.gov.ar\/index.php?rest_route=%2Fwp%2Fv2%2Ftags&post=37706"}],"curies":[{"name":"wp","href":"https:\/\/api.w.org\/{rel}","templated":true}]}}