{"id":37750,"date":"2024-10-01T00:00:00","date_gmt":"2024-10-01T03:00:00","guid":{"rendered":"https:\/\/hcd.malargue.gov.ar\/?p=37750"},"modified":"2024-09-30T10:41:34","modified_gmt":"2024-09-30T13:41:34","slug":"octubre-rosa-mes-de-la-concientizacion-sobre-el-cancer-de-mama","status":"publish","type":"post","link":"https:\/\/hcd.malargue.gov.ar\/?p=37750","title":{"rendered":"OCTUBRE ROSA- MES DE LA CONCIENTIZACI\u00d3N SOBRE EL CANCER DE MAMA"},"content":{"rendered":"\n<p>La detecci\u00f3n temprana del c\u00e1ncer de mama aumenta las posibilidades de cura, para ello el m\u00e9todo recomendado es la mamograf\u00eda. Todas las mujeres entre los 50 y los 69 a\u00f1os de edad, sin antecedentes personales ni familiares de c\u00e1ncer de mama, deben realizarse una mamograf\u00eda cada uno o dos a\u00f1os.<\/p>\n\n\n\n<figure class=\"wp-block-image size-large\"><img loading=\"lazy\" decoding=\"async\" width=\"1024\" height=\"1024\" src=\"https:\/\/hcd.malargue.gov.ar\/wp-content\/uploads\/2024\/09\/octubre-rosa-1024x1024.png\" alt=\"\" class=\"wp-image-37751\" srcset=\"https:\/\/hcd.malargue.gov.ar\/wp-content\/uploads\/2024\/09\/octubre-rosa-1024x1024.png 1024w, https:\/\/hcd.malargue.gov.ar\/wp-content\/uploads\/2024\/09\/octubre-rosa-300x300.png 300w, https:\/\/hcd.malargue.gov.ar\/wp-content\/uploads\/2024\/09\/octubre-rosa-150x150.png 150w, https:\/\/hcd.malargue.gov.ar\/wp-content\/uploads\/2024\/09\/octubre-rosa-768x768.png 768w, https:\/\/hcd.malargue.gov.ar\/wp-content\/uploads\/2024\/09\/octubre-rosa-650x650.png 650w, https:\/\/hcd.malargue.gov.ar\/wp-content\/uploads\/2024\/09\/octubre-rosa.png 1080w\" sizes=\"auto, (max-width: 1024px) 100vw, 1024px\" \/><\/figure>\n\n\n\n<p><strong>\u00bfQu\u00e9 es?<\/strong><br>El c\u00e1ncer de mama es una enfermedad causada por la multiplicaci\u00f3n anormal de las c\u00e9lulas de la mama que forman un tumor maligno. Puede afectar a cualquier mujer. Las posibilidades de que aparezca aumentan con la edad, en especial a partir de los 50 a\u00f1os.<\/p>\n\n\n\n<p><strong>Factores de riesgo y prevenci\u00f3n<\/strong><br>Aunque se desconocen las causas del c\u00e1ncer de mama se reconoce que algunos factores aumentan el riesgo de enfermar:<br>-Ser mayor de 50 a\u00f1os.<br>-Antecedentes personales de c\u00e1ncer de mama o de enfermedad pre-neopl\u00e1sica de mama.<br>-Antecedentes familiares de c\u00e1ncer de mama.<br>-Tratamiento previo con radioterapia dirigida al t\u00f3rax.<br>-Terapia de reemplazo hormonal.<br>-Primera menstruaci\u00f3n a edad temprana.<br>-Edad avanzada en el momento del primer parto o nunca haber tenido hijos.<br>-El sobrepeso, el sedentarismo y consumo excesivo de alcohol son factores que se pueden evitar para disminuir el riesgo de tener c\u00e1ncer de mama.<\/p>\n\n\n\n<p>El c\u00e1ncer de mama hereditario representa s\u00f3lo alrededor del 5 y 10 % de todos los casos de este tipo de c\u00e1ncer.<\/p>\n\n\n\n<figure class=\"wp-block-image\"><img decoding=\"async\" src=\"https:\/\/www.argentina.gob.ar\/sites\/default\/files\/sin_tituldfsghdfho_2.jpg\" alt=\"\"\/><\/figure>\n\n\n\n<p><strong>Detecci\u00f3n temprana<\/strong><br>La mamograf\u00eda puede detectar el c\u00e1ncer de mama cuando el n\u00f3dulo todav\u00eda no es palpable o lo es m\u00ednimamente. En estos casos es posible recurrir a tratamientos menos agresivos que los que se realizan cuando el c\u00e1ncer est\u00e1 m\u00e1s avanzado.<\/p>\n\n\n\n<p>Cuando el c\u00e1ncer provoca s\u00edntomas y alteraciones de la mama detectables en el examen f\u00edsico, se pueden observar retracci\u00f3n del pez\u00f3n, cambios en la textura y el color de la piel, prurito o lesiones descamativas en el pez\u00f3n.<\/p>\n\n\n\n<p>Se recomienda que todas las mujeres de 50 a 69 a\u00f1os se realicen al menos una mamograf\u00eda cada dos a\u00f1os junto a un examen f\u00edsico de las mamas por parte de un profesional de la salud. Tanto las mujeres menores de 50 a\u00f1os como las mayores de 69, deben consultar con el m\u00e9dico acerca de la conveniencia de hacer o no una mamograf\u00eda.<\/p>\n\n\n\n<p>Ante una&nbsp;<strong>mamograf\u00eda<\/strong>&nbsp;con una imagen sospechosa de c\u00e1ncer o un examen f\u00edsico que detecte una lesi\u00f3n visible y\/o palpable en la mama, se deber\u00e1 realizar una biopsia para definir el tratamiento. La&nbsp;<strong>biopsia<\/strong>&nbsp;consiste en la extracci\u00f3n de c\u00e9lulas y tejidos que un m\u00e9dico pat\u00f3logo observa en un microscopio para verificar si hay signos de c\u00e1ncer. Ante un&nbsp;<strong>diagn\u00f3stico confirmado de c\u00e1ncer<\/strong>, se realizan estudios adicionales para evaluar su extensi\u00f3n y decidir el mejor tratamiento.<\/p>\n","protected":false},"excerpt":{"rendered":"<p>La detecci\u00f3n temprana del c\u00e1ncer de mama aumenta las posibilidades de cura, para ello el m\u00e9todo recomendado es la mamograf\u00eda. Todas las mujeres entre los 50 y los 69 a\u00f1os de edad, sin antecedentes personales ni familiares de c\u00e1ncer de mama, deben realizarse una mamograf\u00eda cada uno o dos a\u00f1os. \u00bfQu\u00e9 es?El c\u00e1ncer de mama [&hellip;]<\/p>\n","protected":false},"author":5,"featured_media":35853,"comment_status":"closed","ping_status":"closed","sticky":false,"template":"","format":"standard","meta":{"footnotes":""},"categories":[69,52,33],"tags":[],"class_list":["post-37750","post","type-post","status-publish","format-standard","has-post-thumbnail","hentry","category-efemerides","category-gacetillas","category-prensa"],"yoast_head":"<!-- This site is optimized with the Yoast SEO plugin v19.10 - https:\/\/yoast.com\/wordpress\/plugins\/seo\/ -->\n<title>OCTUBRE ROSA- MES DE LA CONCIENTIZACI\u00d3N SOBRE EL CANCER DE MAMA - Malarg\u00fce HCD<\/title>\n<meta name=\"robots\" content=\"index, follow, max-snippet:-1, max-image-preview:large, max-video-preview:-1\" \/>\n<link rel=\"canonical\" href=\"https:\/\/hcd.malargue.gov.ar\/?p=37750\" \/>\n<meta property=\"og:locale\" content=\"es_ES\" \/>\n<meta property=\"og:type\" content=\"article\" \/>\n<meta property=\"og:title\" content=\"OCTUBRE ROSA- MES DE LA CONCIENTIZACI\u00d3N SOBRE EL CANCER DE MAMA - Malarg\u00fce HCD\" \/>\n<meta property=\"og:description\" content=\"La detecci\u00f3n temprana del c\u00e1ncer de mama aumenta las posibilidades de cura, para ello el m\u00e9todo recomendado es la mamograf\u00eda. Todas las mujeres entre los 50 y los 69 a\u00f1os de edad, sin antecedentes personales ni familiares de c\u00e1ncer de mama, deben realizarse una mamograf\u00eda cada uno o dos a\u00f1os. \u00bfQu\u00e9 es?El c\u00e1ncer de mama [&hellip;]\" \/>\n<meta property=\"og:url\" content=\"https:\/\/hcd.malargue.gov.ar\/?p=37750\" \/>\n<meta property=\"og:site_name\" content=\"Malarg\u00fce HCD\" \/>\n<meta property=\"article:published_time\" content=\"2024-10-01T03:00:00+00:00\" \/>\n<meta property=\"article:modified_time\" content=\"2024-09-30T13:41:34+00:00\" \/>\n<meta property=\"og:image\" content=\"https:\/\/hcd.malargue.gov.ar\/wp-content\/uploads\/2023\/12\/EFEMERIDES-2024.jpg\" \/>\n\t<meta property=\"og:image:width\" content=\"1640\" \/>\n\t<meta property=\"og:image:height\" content=\"924\" \/>\n\t<meta property=\"og:image:type\" content=\"image\/jpeg\" \/>\n<meta name=\"author\" content=\"Belen Pedernera Ferragut\" \/>\n<meta name=\"twitter:card\" content=\"summary_large_image\" \/>\n<meta name=\"twitter:label1\" content=\"Escrito por\" \/>\n\t<meta name=\"twitter:data1\" content=\"Belen Pedernera Ferragut\" \/>\n\t<meta name=\"twitter:label2\" content=\"Tiempo de lectura\" \/>\n\t<meta name=\"twitter:data2\" content=\"3 minutos\" \/>\n<script type=\"application\/ld+json\" class=\"yoast-schema-graph\">{\"@context\":\"https:\/\/schema.org\",\"@graph\":[{\"@type\":\"WebPage\",\"@id\":\"https:\/\/hcd.malargue.gov.ar\/?p=37750\",\"url\":\"https:\/\/hcd.malargue.gov.ar\/?p=37750\",\"name\":\"OCTUBRE ROSA- MES DE LA CONCIENTIZACI\u00d3N SOBRE EL CANCER DE MAMA - Malarg\u00fce HCD\",\"isPartOf\":{\"@id\":\"https:\/\/hcd.malargue.gov.ar\/#website\"},\"datePublished\":\"2024-10-01T03:00:00+00:00\",\"dateModified\":\"2024-09-30T13:41:34+00:00\",\"author\":{\"@id\":\"https:\/\/hcd.malargue.gov.ar\/#\/schema\/person\/3fd6bbab64edd703961b795156c955d0\"},\"breadcrumb\":{\"@id\":\"https:\/\/hcd.malargue.gov.ar\/?p=37750#breadcrumb\"},\"inLanguage\":\"es-AR\",\"potentialAction\":[{\"@type\":\"ReadAction\",\"target\":[\"https:\/\/hcd.malargue.gov.ar\/?p=37750\"]}]},{\"@type\":\"BreadcrumbList\",\"@id\":\"https:\/\/hcd.malargue.gov.ar\/?p=37750#breadcrumb\",\"itemListElement\":[{\"@type\":\"ListItem\",\"position\":1,\"name\":\"Inicio\",\"item\":\"https:\/\/hcd.malargue.gov.ar\/\"},{\"@type\":\"ListItem\",\"position\":2,\"name\":\"OCTUBRE ROSA- MES DE LA CONCIENTIZACI\u00d3N SOBRE EL CANCER DE MAMA\"}]},{\"@type\":\"WebSite\",\"@id\":\"https:\/\/hcd.malargue.gov.ar\/#website\",\"url\":\"https:\/\/hcd.malargue.gov.ar\/\",\"name\":\"Malarg\u00fce HCD\",\"description\":\"Malarg\u00fce Mendoza Argentina\",\"potentialAction\":[{\"@type\":\"SearchAction\",\"target\":{\"@type\":\"EntryPoint\",\"urlTemplate\":\"https:\/\/hcd.malargue.gov.ar\/?s={search_term_string}\"},\"query-input\":\"required name=search_term_string\"}],\"inLanguage\":\"es-AR\"},{\"@type\":\"Person\",\"@id\":\"https:\/\/hcd.malargue.gov.ar\/#\/schema\/person\/3fd6bbab64edd703961b795156c955d0\",\"name\":\"Belen Pedernera Ferragut\",\"image\":{\"@type\":\"ImageObject\",\"inLanguage\":\"es-AR\",\"@id\":\"https:\/\/hcd.malargue.gov.ar\/#\/schema\/person\/image\/\",\"url\":\"https:\/\/secure.gravatar.com\/avatar\/1054ffab3893de4bb3eb29bdd22f7e34b8537bf5d34d9dab311818154ad5b71f?s=96&d=mm&r=g\",\"contentUrl\":\"https:\/\/secure.gravatar.com\/avatar\/1054ffab3893de4bb3eb29bdd22f7e34b8537bf5d34d9dab311818154ad5b71f?s=96&d=mm&r=g\",\"caption\":\"Belen Pedernera Ferragut\"},\"url\":\"https:\/\/hcd.malargue.gov.ar\/?author=5\"}]}<\/script>\n<!-- \/ Yoast SEO plugin. -->","yoast_head_json":{"title":"OCTUBRE ROSA- MES DE LA CONCIENTIZACI\u00d3N SOBRE EL CANCER DE MAMA - Malarg\u00fce HCD","robots":{"index":"index","follow":"follow","max-snippet":"max-snippet:-1","max-image-preview":"max-image-preview:large","max-video-preview":"max-video-preview:-1"},"canonical":"https:\/\/hcd.malargue.gov.ar\/?p=37750","og_locale":"es_ES","og_type":"article","og_title":"OCTUBRE ROSA- MES DE LA CONCIENTIZACI\u00d3N SOBRE EL CANCER DE MAMA - Malarg\u00fce HCD","og_description":"La detecci\u00f3n temprana del c\u00e1ncer de mama aumenta las posibilidades de cura, para ello el m\u00e9todo recomendado es la mamograf\u00eda. Todas las mujeres entre los 50 y los 69 a\u00f1os de edad, sin antecedentes personales ni familiares de c\u00e1ncer de mama, deben realizarse una mamograf\u00eda cada uno o dos a\u00f1os. \u00bfQu\u00e9 es?El c\u00e1ncer de mama [&hellip;]","og_url":"https:\/\/hcd.malargue.gov.ar\/?p=37750","og_site_name":"Malarg\u00fce HCD","article_published_time":"2024-10-01T03:00:00+00:00","article_modified_time":"2024-09-30T13:41:34+00:00","og_image":[{"width":1640,"height":924,"url":"https:\/\/hcd.malargue.gov.ar\/wp-content\/uploads\/2023\/12\/EFEMERIDES-2024.jpg","type":"image\/jpeg"}],"author":"Belen Pedernera Ferragut","twitter_card":"summary_large_image","twitter_misc":{"Escrito por":"Belen Pedernera Ferragut","Tiempo de lectura":"3 minutos"},"schema":{"@context":"https:\/\/schema.org","@graph":[{"@type":"WebPage","@id":"https:\/\/hcd.malargue.gov.ar\/?p=37750","url":"https:\/\/hcd.malargue.gov.ar\/?p=37750","name":"OCTUBRE ROSA- MES DE LA CONCIENTIZACI\u00d3N SOBRE EL CANCER DE MAMA - Malarg\u00fce HCD","isPartOf":{"@id":"https:\/\/hcd.malargue.gov.ar\/#website"},"datePublished":"2024-10-01T03:00:00+00:00","dateModified":"2024-09-30T13:41:34+00:00","author":{"@id":"https:\/\/hcd.malargue.gov.ar\/#\/schema\/person\/3fd6bbab64edd703961b795156c955d0"},"breadcrumb":{"@id":"https:\/\/hcd.malargue.gov.ar\/?p=37750#breadcrumb"},"inLanguage":"es-AR","potentialAction":[{"@type":"ReadAction","target":["https:\/\/hcd.malargue.gov.ar\/?p=37750"]}]},{"@type":"BreadcrumbList","@id":"https:\/\/hcd.malargue.gov.ar\/?p=37750#breadcrumb","itemListElement":[{"@type":"ListItem","position":1,"name":"Inicio","item":"https:\/\/hcd.malargue.gov.ar\/"},{"@type":"ListItem","position":2,"name":"OCTUBRE ROSA- MES DE LA CONCIENTIZACI\u00d3N SOBRE EL CANCER DE MAMA"}]},{"@type":"WebSite","@id":"https:\/\/hcd.malargue.gov.ar\/#website","url":"https:\/\/hcd.malargue.gov.ar\/","name":"Malarg\u00fce HCD","description":"Malarg\u00fce Mendoza Argentina","potentialAction":[{"@type":"SearchAction","target":{"@type":"EntryPoint","urlTemplate":"https:\/\/hcd.malargue.gov.ar\/?s={search_term_string}"},"query-input":"required name=search_term_string"}],"inLanguage":"es-AR"},{"@type":"Person","@id":"https:\/\/hcd.malargue.gov.ar\/#\/schema\/person\/3fd6bbab64edd703961b795156c955d0","name":"Belen Pedernera Ferragut","image":{"@type":"ImageObject","inLanguage":"es-AR","@id":"https:\/\/hcd.malargue.gov.ar\/#\/schema\/person\/image\/","url":"https:\/\/secure.gravatar.com\/avatar\/1054ffab3893de4bb3eb29bdd22f7e34b8537bf5d34d9dab311818154ad5b71f?s=96&d=mm&r=g","contentUrl":"https:\/\/secure.gravatar.com\/avatar\/1054ffab3893de4bb3eb29bdd22f7e34b8537bf5d34d9dab311818154ad5b71f?s=96&d=mm&r=g","caption":"Belen Pedernera Ferragut"},"url":"https:\/\/hcd.malargue.gov.ar\/?author=5"}]}},"_links":{"self":[{"href":"https:\/\/hcd.malargue.gov.ar\/index.php?rest_route=\/wp\/v2\/posts\/37750","targetHints":{"allow":["GET"]}}],"collection":[{"href":"https:\/\/hcd.malargue.gov.ar\/index.php?rest_route=\/wp\/v2\/posts"}],"about":[{"href":"https:\/\/hcd.malargue.gov.ar\/index.php?rest_route=\/wp\/v2\/types\/post"}],"author":[{"embeddable":true,"href":"https:\/\/hcd.malargue.gov.ar\/index.php?rest_route=\/wp\/v2\/users\/5"}],"replies":[{"embeddable":true,"href":"https:\/\/hcd.malargue.gov.ar\/index.php?rest_route=%2Fwp%2Fv2%2Fcomments&post=37750"}],"version-history":[{"count":1,"href":"https:\/\/hcd.malargue.gov.ar\/index.php?rest_route=\/wp\/v2\/posts\/37750\/revisions"}],"predecessor-version":[{"id":37756,"href":"https:\/\/hcd.malargue.gov.ar\/index.php?rest_route=\/wp\/v2\/posts\/37750\/revisions\/37756"}],"wp:featuredmedia":[{"embeddable":true,"href":"https:\/\/hcd.malargue.gov.ar\/index.php?rest_route=\/wp\/v2\/media\/35853"}],"wp:attachment":[{"href":"https:\/\/hcd.malargue.gov.ar\/index.php?rest_route=%2Fwp%2Fv2%2Fmedia&parent=37750"}],"wp:term":[{"taxonomy":"category","embeddable":true,"href":"https:\/\/hcd.malargue.gov.ar\/index.php?rest_route=%2Fwp%2Fv2%2Fcategories&post=37750"},{"taxonomy":"post_tag","embeddable":true,"href":"https:\/\/hcd.malargue.gov.ar\/index.php?rest_route=%2Fwp%2Fv2%2Ftags&post=37750"}],"curies":[{"name":"wp","href":"https:\/\/api.w.org\/{rel}","templated":true}]}}