{"id":37822,"date":"2024-10-09T12:21:06","date_gmt":"2024-10-09T15:21:06","guid":{"rendered":"https:\/\/hcd.malargue.gov.ar\/?p=37822"},"modified":"2024-10-09T12:24:32","modified_gmt":"2024-10-09T15:24:32","slug":"acta-27-sesion-ordinaria-n-1-175-o-3-10-2-024","status":"publish","type":"post","link":"https:\/\/hcd.malargue.gov.ar\/?p=37822","title":{"rendered":"ACTA 27\u00b0 SESI\u00d3N ORDINARIA N\u00b0 1.175 \u2013 \u201cO\u201d &#8211; 3\/10\/2.024"},"content":{"rendered":"<div class=\"wp-block-image\">\n<figure class=\"alignright size-full is-resized\"><a href=\"http:\/\/hcd.malargue.gov.ar\/2024\/27%20ACTA%20SESION%20ORDINARIA%20N%201175-O-%203-10-%202.024.pdf\"><img loading=\"lazy\" decoding=\"async\" width=\"512\" height=\"512\" src=\"https:\/\/hcd.malargue.gov.ar\/wp-content\/uploads\/2018\/06\/PDF-JPG.jpg\" alt=\"\" class=\"wp-image-7950\" style=\"width:131px;height:auto\" srcset=\"https:\/\/hcd.malargue.gov.ar\/wp-content\/uploads\/2018\/06\/PDF-JPG.jpg 512w, https:\/\/hcd.malargue.gov.ar\/wp-content\/uploads\/2018\/06\/PDF-JPG-150x150.jpg 150w, https:\/\/hcd.malargue.gov.ar\/wp-content\/uploads\/2018\/06\/PDF-JPG-300x300.jpg 300w\" sizes=\"auto, (max-width: 512px) 100vw, 512px\" \/><\/a><\/figure>\n<\/div>\n\n\n<p>En Malarg\u00fce Mendoza a tres\u00a0 d\u00edas de octubre de 2.024, cuando es la hora 09:15,\u00a0 se re\u00fane el Honorable  Concejo Deliberante de la Municipalidad de Malarg\u00fce para celebrar la Sesi\u00f3n Ordinaria del d\u00eda de la fecha.\/ Bajo la\u00a0\u00a0 Presidencia de su titular Dn. Rodrigo Hidalgo\u00a0\u00a0 y la presencia de los Se\u00f1ores\u00a0 Concejales\u00a0 Viviana Mosca, Pablo Villarruel, Elizabeth Gonz\u00e1lez, Mart\u00edn Palma, Francisco Parada,\u00a0 Silvina Camiolo, Emilce Mansilla, Magali\u00a0 Acosta y Pablo Cabrera.\/\/ Se firma el Libro de asistencia donde consta que no hay\u00a0 ausencias.\/\/\u00a0\u00a0 a) Para dar comienzo al desarrollo del Orden del d\u00eda\u00a0 se invita al Sr. Concejal Pablo Villarruel a izar la Ense\u00f1a Patria.\/\/ b)\u00a0 Homenaje de los Se\u00f1ores.\/ Solicita la palabra el Concejal Mart\u00edn Palma y expresa:\u00a0 Gracias, Se\u00f1or Presidente no me voy a extender mucho, simplemente como ver\u00e1n en mi Banca, tengo un cartelito manifestando mi apoyo a la educaci\u00f3n y a la universidad p\u00fablica, lamentablemente hoy estamos viendo una situaci\u00f3n respecto al veto, muchas veces cuestionado con este Concejo en algunas circunstancias, el veto a la Ley de Financiamiento a la Universidad P\u00fablica. Yo entiendo el equilibrio fiscal, lo respeto, creo que es una medida que hay que llevar adelante, pero tambi\u00e9n creo que hay que ser objetivo y tener las prioridades del caso y ver en qu\u00e9 se invierte y en qu\u00e9 no, para poder tener un equilibrio fiscal y no afectando a las Universidades con el recorte m\u00e1s grande que ha habido desde el retorno a la democracia. Y menos a la educaci\u00f3n que es, quien deber\u00eda formar y aqu\u00ed menos, menos que menos a la educaci\u00f3n p\u00fablica, simplemente eso Sr.\u00a0 Presidente mandar mi mensaje a todos aquellos que en el d\u00eda de ayer pudieron marchar en funci\u00f3n de esto, entiendo que hay cosas que ajustar. S\u00ed, claramente hay que hacerlas con la mayor transparencia y que los fondos que realmente son invertidos en educaci\u00f3n p\u00fablica, sean bien optimizados. Creo que todos, es lo que queremos, no? sabemos que en algunos lugares se puede, en otros hay que aplicar un poquito m\u00e1s la ley para controlarlo, pero nunca recortando Se\u00f1or Presidente, creo que no es la soluci\u00f3n, creo que podemos hacer un esfuerzo y buscar en alg\u00fan lugar del Presupuesto Nacional, el dinero suficiente para poder seguir financiando estas Universidades y que el hijo del que menos tiene, pueda seguir educ\u00e1ndose, super\u00e1ndose y que el d\u00eda de ma\u00f1ana puedan ser los nuevos dirigentes que realmente piensen en el bienestar general de la gente. Gracias, Se\u00f1or presidente.\/\/ A continuaci\u00f3n solicita la palabra el\u00a0 Concejal Pablo Cabrera manifestando:\u00a0 Bueno, aprovechando tambi\u00e9n este periodo de homenaje y haci\u00e9ndome eco de lo manifestado por el Concejal Palma, incluso nosotros ya ven\u00edamos haciendo o participando de\u00a0 algunas marchas teniendo en cuenta el apoyo\u00a0 a la educaci\u00f3n p\u00fablica, nosotros y principalmente yo, vengo de, me he formado en la escuela p\u00fablica, despu\u00e9s bueno, tuve la suerte de tambi\u00e9n estudiar en la Universidad, en una Universidad P\u00fablica y \u00e9sta Ley de Financiamiento Educativo digamos para cambiarlo un poquito el nombre es b\u00e1sicamente un atropello y no tan solo a los estudiantes que est\u00e1n hoy en la Universidad o en la Escuela P\u00fablica, est\u00e1n digamos afectando las generaciones que vienen, creo que tenemos que tener el compromiso y empezar a ver estas cuestiones, un poco m\u00e1s all\u00e1 de quiz\u00e1s los colores pol\u00edticos y adem\u00e1s entendiendo de que esto, no nos afecta solamente a nosotros o a la educaci\u00f3n presente, afecta a los que vienen, a nuestros hijos, a nuestros nietos, es por eso que bueno tambi\u00e9n manifiesto el apoyo, incluso me puse muy contento ayer en la marcha cuando vi algunos referentes de otros partidos pol\u00edticos apoyando. As\u00ed que era eso, manifestar el apoyo a la gente que est\u00e1 defendiendo la Educaci\u00f3n P\u00fablica y principalmente la Educaci\u00f3n P\u00fablica en nuestro Departamento. Gracias.\/\/ c) Consideraci\u00f3n Acta Sesi\u00f3n Ordinaria N\u00b0 1.174 &#8211; \u201cO\u201d &#8211; 2.024. PRESDIENCIA pone a consideraci\u00f3n y es APROBADA.\/\/ d)\u00a0 Lectura del detalle de la correspondencia recibida y emitida. 1. Dr. Jorge Mayoral Director de Unidad Especial de Tierras, informa su inasistencia a reuni\u00f3n de comisi\u00f3n, solicita reprogramaci\u00f3n. Pasa a ARCHIVO.\/ 2. Departamento Ejecutivo, remite copia de Convenio con el Instituto Universitario de Seguridad P\u00fablica, para conocimiento y\u00a0 consideraci\u00f3n. Pasa a H.P.L.A.C.\/ 3. Instituto de Educaci\u00f3n Superior N\u00b0 9-018 Gob. Celso A. Jaque, solicitud de colaboraci\u00f3n para Encuentro de Turismo en Evoluci\u00f3n, a realizarse en el mes de noviembre. Pasa a Secretaria de Desarrollo Humano.\/\u00a0 4. Tec. Paola Jofr\u00e9 Directora de Inclusi\u00f3n y Desarrollo Social, eleva informe respecto a reemplazo de puertas de ingreso originales de la Instituci\u00f3n. Pasa a PRESIDENCIA.\/ 5. Departamento Ejecutivo, eleva documentaci\u00f3n respecto a ejecuci\u00f3n del Presupuesto correspondiente al periodo 01\/01\/24 al 18\/09\/24, para conocimiento. Pasa a Cuerpo en Comisi\u00f3n Sesi\u00f3n Especial Abierta Emergencia Econ\u00f3mica.\/ 6. Vecinos de Barrio Carbometal, solicitan colaboraci\u00f3n para obtener energ\u00eda el\u00e9ctrica en sus hogares, dada la problem\u00e1tica que conlleva no contar con ese vital elemento.\/ Pasa a O.P.T y R.N.\/\u00a0 7. Dra. Victoria Troncoso Secretaria de Unidad Fiscal Malarg\u00fce, devuelve cuaderno de Actas de la Comisi\u00f3n Investigadora de Entrega de Terrenos. Pasa a la Comisi\u00f3n Investigadora.\/\/ 8. C\u00e1mara de Comercio y Afines de Malarg\u00fce, invita a almuerzo de las Fuerzas Vivas a realizarse el pr\u00f3ximo 16 de Noviembre en\u00a0 instalaciones del Sindicato Petr\u00f3leo y Gas Privado de Cuyo. Copia a Bloques.\/ 9. Departamento Ejecutivo eleva Decreto N\u00b0 1.253\/2.024 Contrato de Comodato con la Direcci\u00f3n de Adultos Mayores respecto a uso de inmueble de Barrio El Payen. Pasa a H.P.LA.C.\/ 10. Concejal Mart\u00edn Palma, Presidente de Comisi\u00f3n de H.P.L.A.C, eleva nota de vecinos respecto a regularizaci\u00f3n dominial de terrenos de Ca\u00f1ada Colorada. Pasa a H.P.L.A.C.\/ 11. Concejales Mart\u00edn Palma y Silvina Camiolo, solicitan se realice una visita formal al Centro de Convenciones en el marco de salidas institucionales.\u00a0 Pasa a PRESIDENCIA.\/\/ Notas\u00a0 Emitidas: 1. Al Ministerio de Ambiente, Legisladoras Provinciales por Malarg\u00fce, Responsable Guardaparques Seccional Malarg\u00fce y Direcci\u00f3n de Ambiente remitiendo copia de Resoluci\u00f3n N\u00b0 293\/2.024, solicitando designaci\u00f3n de personal administrativo para Seccionales de Guardaparques de Malarg\u00fce. 2. Al Sr. Secretario de Desarrollo Humano remitiendo nota HC 584\/2.024 Sra. Jesica Vel\u00e1zquez Pte.\u00a0 Comisi\u00f3n\u00a0 B\u00b0 Bast\u00edas solicitud de colaboraci\u00f3n. 3. A la Ministra de Seguridad y Comisi\u00f3n Bicameral de Seguridad de la Legislatura Provincial solicitando reuni\u00f3n por temas de seguridad con miembros de la Instituci\u00f3n. 4. Al Sr. Jos\u00e9 Augusto S\u00e1nchez por Asociaci\u00f3n de Comunidades Pehuenches de Malarg\u00fce, informando que podr\u00e1 hacer uso de la Banca del Ciudadano. e) Determinaci\u00f3n de los temas que ser\u00e1n incluidos en el punto Asuntos Varios y puesta a consideraci\u00f3n de mociones de tratamientos sobre tablas de diversos expedientes.\/ Solicita la palabra la Concejal CAMIOLO y expresa: Para solicitar que se desafecte de la Mesa de Entrada la Nota HC 620, tal como adelant\u00e9 en Parlamentaria, es una Nota, Se\u00f1or Presidente, que dirijo a su persona debido a que nos encontramos con que faltan varios Decretos correspondientes a lo que creemos, es el mes de febrero desde el 129 al 252 inclusive. Y por qu\u00e9 creemos que son los de febrero, porque cuando revisamos los del mes de febrero en realidad se corresponden al mes de enero y de enero, pasamos a marzo, por tanto creemos que los que se han no remitidos, son los de febrero, corroboramos con otros Concejales, con sus Secretarios y a todos nos hab\u00eda llegado la misma documentaci\u00f3n, as\u00ed que evidentemente, no es un problema de nuestra Secretar\u00eda, sino probablemente esos problemas, que a veces tienen de que se trasladan las celdas y no s\u00e9 lo que, nos explicaron y ha sido un error desde el Departamento Ejecutivo, puede ser un error administrativo, como dijo alg\u00fan Concejal, capaz que la Emergencia Administrativa, sigue estando. La urgencia est\u00e1, con que esos Decretos corroboran y respaldan la documentaci\u00f3n que se nos est\u00e1 remitiendo 10 meses despu\u00e9s de que se declar\u00f3 la Emergencia y son los iniciales donde por ejemplo much\u00edsima de la, del movimiento que se hizo acu\u00e9rdense, que los contratos de locaci\u00f3n, por ejemplo se terminaban ah\u00ed. Entonces muchas de las no renovaciones y de las nuevas altas se dieron durante ese mes, por tanto nos parece fundamental, para poder tener la documentaci\u00f3n completa y poder analizarla en el Cuerpo en Comisi\u00f3n, por eso es que acredit\u00f3 la urgencia y es algo que estoy solicitando que lo haga su persona, si el Presidente, no es necesario que pase a una Comisi\u00f3n. Gracias.\/ PRESIDENCIA pone a\u00a0 consideraci\u00f3n la moci\u00f3n y es APROBADA (9 votos afirmativos).\/\/ Seguidamente solicita la palabra\u00a0 la Concejal ACOSTA manifestando: S\u00ed para hacer una solicitud de desafectaci\u00f3n de la Nota HC 617 la primera es, en\u00a0 la documentaci\u00f3n que se nos est\u00e1 remitiendo se realiza un cuadro explicativo sobre el Expediente 5.085, que es el de la modificaci\u00f3n de la Tarifaria, s\u00ed, para que tambi\u00e9n se sume a ese Expediente y la otra solicitud es tratar al Expediente N\u00b0 5.085 que est\u00e1 en la Comisi\u00f3n de Hacienda en Asuntos Varios. PRESIDENCIA aclara la moci\u00f3n es desafectar la nota y la urgencia del Expediente 5.085 para poder dar respuesta a varios pedidos que tambi\u00e9n han ingresado este Concejo Deliberante sobre la Tarifaria y refieren a lo mismo. Pone a consideraci\u00f3n la primera moci\u00f3n de la concejal para desafectar la Nota HC 617\u00a0 para que se acumule con el Expediente que est\u00e1 en H.P.L.A.C., y es APROBADA. Seguidamente la\u00a0 segunda moci\u00f3n\u00a0 desafectaR el Expediente de Hacienda, para su tratamiento en Asuntos Varios, puesto a consideraci\u00f3n es APROBADO ( 9 votos afirmativos para ambas mociones).\/\/ A continuaci\u00f3n solicita la palabra la Concejal GONZALEZ y expresa: Para desafectar el Expte. N\u00b0 3.381 de la Secretaria y la Nota 580 del 2024 que es un Expediente que viene de la Comisi\u00f3n de Hacienda y el tema es que ya est\u00e1 aprobado y necesitamos este sacarlo hoy, por el tema de que hace bastante tiempo que est\u00e1 ese Expediente en las Comisiones y lo necesitan con urgencia del Area de Miner\u00eda del Municipio, de que lo saquemos en tiempo y forma, porque lo necesitan urgente, por los Comodatos con las canteras.\/ PRESIDENCIA pone a consideraci\u00f3n la moci\u00f3n de la Concejal Gonz\u00e1lez y es APROBADA (9 votos afirmativos).\/\/ Solicita un cuarto intermedio el Concejal PARADA cuando es la hora 9:38 retomando la sesi\u00f3n a las 09:40.\/ A continuaci\u00f3n solicita la palabra el Concejal\u00a0 PARADA manifestando: S\u00ed, para solicitar el Tratamiento Sobre Tabla del Expediente 5.508 HC 071, es un Proyecto de Resoluci\u00f3n en el cual le solicitamos a Usted, r\u00e1pidamente los medios para tener una reuni\u00f3n con la Titular de la Direcci\u00f3n Nacional de Vialidad, la Ingeniera\u00a0 Lozano, la urgencia, bueno es de p\u00fablico conocimiento la situaci\u00f3n y la inc\u00f3gnita que hay sobre nuestras rutas nacionales, desconocemos que va a ocurrir al respecto, ustedes saben lo que est\u00e1 pasando con la obra p\u00fablica a nivel nacional, todos conocemos la situaci\u00f3n particularmente, del ingreso sur a nuestra Ciudad, los cuales son potencial riesgo de accidentes graves, de hecho que ya han ocurrido. Adem\u00e1s est\u00e1 la Ruta Nacional que nos lleva al Paso Internacional Pehuenche, con el cual ingres\u00f3 si mal no recuerdo a la sesi\u00f3n pasada un pedido para la reparaci\u00f3n de un tramo de la ruta, en el cual el R\u00edo Grande est\u00e1 a pocos metros de generar un da\u00f1o bastante importante, bueno las tem\u00e1ticas son muchas, creo que son urgente y bueno esa es la raz\u00f3n por la cual estoy solicitando su Tratamiento sobre Tabla en el d\u00eda de hoy, en la sesi\u00f3n de hoy, gracias. PRESIDENCIA pone a consideraci\u00f3n la moci\u00f3n y es APROBADA (9 votos afirmativos).\/ A continuaci\u00f3n solicita la palabra el Concejal CABRERA pide el Tratamiento sobre Tablas del expediente 5.505 HC 070, el mismo consiste en la declaraci\u00f3n en realidad es una Resoluci\u00f3n de Declaraci\u00f3n de Inter\u00e9s Cultural, Social Ambiental y Tur\u00edstico al nuevo proyecto de candidatura del sitio Payunia, Campos Volc\u00e1nicos de LLancanelo y Payun\u00a0 Matr\u00fa, para su inscripci\u00f3n en la lista de Patrimonio Mundial de la UNESCO. La intenci\u00f3n de esto de tratarlo sobre tablas, digamos, la urgencia es b\u00e1sicamente porque el d\u00eda de ma\u00f1ana parte del Concejo Deliberante, estar\u00e1 trabajando en conjunto con los Concejos del Sur y entendemos que es una propuesta para poder trabajarla con todos los Concejos del Sur de Mendoza, gracias. PRESIDENCIA hace una correcci\u00f3n, no ser\u00eda Tratamiento sobre Tablas, ya que no se encuentra en el punto F del Orden del D\u00eda, si no me equivoco, est\u00e1 en Comisi\u00f3n de Pasos Internacionales y Asuntos Regionales.\u00a0 as\u00ed que ser\u00eda tratamiento en Asuntos Varios. Puesta a consideraci\u00f3n es APROBADA. ( 9 votos afirmativos).\/\/ f) Proyectos de los Se\u00f1ores Concejales:\u00a0\u00a0 1. Expte. N\u00b0 5.506 HC 070 \u2013 2.024 Proyecto de Ordenanza: Identificar las unidades m\u00f3viles y maquinarias del parque automotor del Departamento Ejecutivo y Honorable Concejo Deliberante \u00a0(INTERBLOQUE UCR INDEPENDIENTE \u2013 RECONSTRUYENDO MALARG\u00dcE \u2013 UNION MENDOCINA) Autores: Concejales Mart\u00edn Palma, Silvina Camiolo y Elizabeth Gonz\u00e1lez. Solicita la palabra el Concejal PALMA manifestando: Muchas gracias por la palabra.\u00a0 Para dar un poquito el sentido de este Proyecto, lo voy a hacer muy brevemente, este no es un proyecto nuevo. Esto es un Proyecto que ya se hab\u00eda presentado all\u00e1 por el a\u00f1o 2014, el cual fue vetado. Lo que marca este Proyecto, es que tienen que estar identificadas, tantos los m\u00f3viles municipales, como los veh\u00edculos alquilados, pero totalmente identificados no? cosa que no sucede, no sucede hace mucho tiempo, porque esto se ve todo en funci\u00f3n de que cada gesti\u00f3n lo pueda identificar si quiere o no, s\u00ed?, y la verdad que esto haber en el marco de la transparencia, debe ser algo normal que cada veh\u00edculo que est\u00e9 dentro de la flota y que pertenece al erario municipal y que est\u00e1 adquirido con los recursos del Municipio, est\u00e9 identificado que est\u00e1 en el servicio del pueblo, no? Y muchas veces ya sabemos que se hace uso y abuso de los veh\u00edculos oficiales, en el uso particular de quienes est\u00e9n a cargo de esos veh\u00edculos, entonces eso debe terminar y para eso es esta Ordenanza, pero m\u00e1s all\u00e1 de eso siempre hablamos de priorizar el gasto, todos hablan de priorizar el gasto, pero cada vez que asume una gesti\u00f3n, le van poniendo el loguito que a ellos m\u00e1s les gusta o su marca de gesti\u00f3n o lo que fuese y nosotros lo que pretendemos que cada veh\u00edculo m\u00e1s all\u00e1 de decir Municipalidad de Malarg\u00fce solo tenga ese logo, el escudo del Departamento de Malarg\u00fce y porque transgrede cualquier gesti\u00f3n, no importa el color pol\u00edtico, si los m\u00f3viles son del pueblo, no son del Intendente que est\u00e1 en mandato, no\u00a0 no no no no un error de concepto y sobre todo las cosas vamos a ahorrar millones, millones, en estar cambiando cada vez que viene una gesti\u00f3n su loguito. Gastos innecesarios Se\u00f1or Presidente, entonces lo que viene a hacer esta Ordenanza, es a tratar de evitar ese gasto a llevarle transparencia en el uso de los m\u00f3viles municipales al ciudadano y esto viene con un sentido, habr\u00e1n escuchado que se ha hecho un llamado a un leasing que autoriz\u00f3 este Concejo Deliberante, por 44 unidades. En el proyecto est\u00e1n identificadas cada una de las unidades inclusive los m\u00f3viles para el Concejo Deliberante, est\u00e1n identificados como deber\u00edan estar. Es un Anexo, donde nos hemos tomado el trabajo de buscar veh\u00edculo por veh\u00edculo y hacer una tentativa en funci\u00f3n de donde deber\u00edan estar identificados cada uno de ellos. Gracias, Se\u00f1or Presidente pido que no se lea se le dar\u00e1 el tratamiento en particular dentro de la Comisi\u00f3n, como esto es una situaci\u00f3n que refiere a una cuesti\u00f3n legislativa y va a tener una erogaci\u00f3n dentro de partidas que tambi\u00e9n asignan en ese Presupuesto el n\u00famero espec\u00edfico de la partida para que no digan de d\u00f3nde van a sacar la plata y se pueda cumplir, ya que muchas veces lo que nosotros proponemos, no se cumple, pido que pase la Comisi\u00f3n de Hacienda y que tenga un Tratamiento Preferencial Se\u00f1or Presidente, por la urgencia del leasing para que se haga un solo gasto.\/ PRESIDENCIA pone a consideraci\u00f3n la moci\u00f3n de Tratamiento Preferencial y es APROBADA (8 votos afirmativos 1 voto negativo) Pasa a H.P.L.A.C. con Tratamiento Preferencial.\/\/ 2. Expte. N\u00b0 5.507 HC 070 \u2013 2.024 Proyecto de Ordenanza:\u00a0 Reglamentar uso de contenedores de residuos urbanos, la ocupaci\u00f3n de parte de la acera y\/o calle del frente de la propiedad con materiales de demolici\u00f3n y\/o construcci\u00f3n y otros tipos de residuos solidos en general. (BLOQUE PARTIDO JUSTICIALISTA) Autor: Concejal\u00a0 Rodrigo Hidalgo. PRESIDENCIA solicita a la Vicepresidente 1\u00b0 que se hago cargo para poder justificar su proyecto.\/ Contin\u00faa en uso de la palabra el Concejal HIDALGO y expresa: Este es un proyecto que surge a pedido de personal de Seguridad e Higiene de la Municipalidad, de Servicios P\u00fablicos, es un Proyecto en donde tengo que agradecer a mi compa\u00f1ero\u00a0 de trabajo Carlos Castro, que fue quien se tom\u00f3 el trabajo de estudiar el tema, redactarlo y voy a ser muy, muy breve en la explicaci\u00f3n del Proyecto porque entiendo que despu\u00e9s en Comisi\u00f3n, se va a analizar m\u00e1s a fondo, hay varios temas que faltan por ah\u00ed, indagar en cuanto a lo que son Jurisdicciones, es que hemos detectado por ah\u00ed una problem\u00e1tica con respecto a lo que son los contenedores Se\u00f1ora Presidenta, contenedores de escombros, tanto como los de escombro, como los de residuos tambi\u00e9n, en donde se estacionan por llamarlo de alguna manera, en esquinas, por ejemplo reduciendo lo que es la visibilidad en el tr\u00e1nsito o muchas veces se estacionan en lugares, tenemos un caso de un Proyecto que se ha trabajado hace poco tambi\u00e9n, se\u00a0 est\u00e1 trabajando con respecto a la delimitaci\u00f3n del estacionamiento en la parte trasera del Hospital, donde a veces mucho de ese espacio est\u00e1 ocupado por contenedores. Entendemos que es un tema que hay que ir reglament\u00e1ndolo, como para empezar a traer, aunque sea un poquitito de orden en el marco tambi\u00e9n de todo lo que se ha hablado esta semana, con respecto a la seguridad vial, as\u00ed que bueno pido que pase a la Comisi\u00f3n de Hacienda entiendo que tendr\u00eda que ser por la legislaci\u00f3n. Y no es necesario que se le d\u00e9 la lectura Se\u00f1ora Presidente. Gracias.\/ Seguidamente la Concejal CAMIOLO\u00a0 agrega habiendo analizado\u00a0 el proyecto y creo que es sumamente importante y apremiante que se trate, solicito que sea de manera preferencial y coincido con que es la oportunidad.\/ PRESIDENCIA pone a consideraci\u00f3n la moci\u00f3n de Tratamiento Preferencial y es APROBADO (9 votos afirmativos). Pasa a H.P.L.A.C. con Tratamiento Preferencial.\/\/ 3. Expte. N\u00b0 5.508 HC 071 \u2013 2.024 Proyecto de Resoluci\u00f3n: Reuni\u00f3n con la Titular de Direcci\u00f3n Nacional de Vialidad Ing.\u00a0 Emilce Lozano. (INTERBLOQUE ENCUENTRO &#8211; UCR INDEPENDIENTE \u2013 RECONSTRUYENDO MALARGUE \u2013 UNION MENDOCINA Y PARTIDO JUSTICIALISTA) Autores:\u00a0 Francisco Parada, Mart\u00edn Palma, Silvina Camiolo, Elizabeth Gonz\u00e1lez, Pablo Cabrera y Emilce Mansilla.\/\/ Tiene aprobado el Tratamiento sobre Tablas. Por Secretaria se procede a la lectura del proyecto presentado y posteriormente el Concejal PARADA solicita que el Cuerpo se constituya en Comisi\u00f3n cuando es la hora 09:52, del cual se sale a las 09:54, conste se encuentra ausente la Concejal CAMIOLO. Por Secretaria se procede a la lectura del despacho emitido el cual sugiere la aprobaci\u00f3n del proyecto presentado sin modificaciones.\/\/ PRESIDENCIA pone a consideraci\u00f3n el despacho y es\u00a0\u00a0\u00a0 APROBADO\u00a0 \u00a0\u00a0\u00a0 ( 8 votos afirmativos) .\/\/ \u00a0\u00a0\u00a0\u00a04. Expte. N\u00b0 5.509 HC 071 \u2013 2.024\u00a0 Proyecto de Resoluci\u00f3n:\u00a0 Turismo Vivencial Rural, Arriero, Trashumante o Puestero por un Momento. (BLOQUE\u00a0 ENCUENTRO) Autor:\u00a0 Francisco Parada. Solicita\u00a0 la palabra el Concejal PARADA y justifica su proyecto: Bueno, Se\u00f1or Presidente, la Secretar\u00eda de Turismo de la Provincia tiene un Programa de Promoci\u00f3n Tur\u00edstica, que se llama Vivencias Mendocinas, obviamente como lo dice su nombre, el Programa busca incentivar, motivar el Turismo Vivencial. Por ejemplo, visitas a antiguas casas, bodegas tiene uno de los, uno de los programas que est\u00e1 incluido en Vivencias Mendocinas, se llama Sabores Cuyanos y tiene que ver con visitas a patios cuyanos con parrales, con hornos tradicionales, con comidas t\u00edpicas y ve\u00edamos que podr\u00eda ser la verdad que novedoso y fruct\u00edfero, creo para nuestra gente de campo particularmente, promover el turismo vivencial con la cultura de Malarg\u00fce, particularmente que sea de Malarg\u00fce, que es distinta al resto de la Provincia. M\u00e1s dedicada a la producci\u00f3n agr\u00edcola y aqu\u00ed en Malarg\u00fce\u00a0 m\u00e1s dedicados a la producci\u00f3n ganadera, particularmente chivito, chivito, entonces ser\u00eda interesante proponer como una alternativa m\u00e1s, que el turista pueda vivir aunque sea por un par de horas lo que viven\u00a0 nuestros puesteros a diario, desde llevarlos a una visita a un puesto o a un real, que muchas veces estos puestos, estos reales est\u00e1n muy cercanos a los circuitos tur\u00edsticos, o los caminos tur\u00edsticos y que all\u00ed el turista pueda disfrutar de alg\u00fan momento vivencial, como lo que habitualmente lo hace el puestero y me imaginaba desde amamantar un chivito, o acompa\u00f1ar unos metros caminando en un arreo, hay una infinidad de propuestas que pueden surgir de esta posibilidad de vivencia, acompa\u00f1ado, obviamente del entorno natural tan bello que tiene Malarg\u00fce, pero adem\u00e1s de la calidez y la hospitalidad de nuestra gente de campo, obviamente que esto requiere una programaci\u00f3n, c\u00f3mo ejecutarlo y dem\u00e1s y considerando que el pr\u00f3ximo martes o mi\u00e9rcoles si mal no recuerdo estar\u00eda en comisi\u00f3n visit\u00e1ndonos el Director de Turismo, porque no llegar con esta propuesta y escuchar su opini\u00f3n. Y quiz\u00e1s que desde la Provincia, se est\u00e9 ofreciendo un Turismo Vivencial y esto permitir\u00eda que el puestero adem\u00e1s\u00a0 de los pocos\u00a0 o muchos ingresos que le genere la ganader\u00eda, tenga un ingreso m\u00e1s, que est\u00e9 relacionado al turismo, porque la idea es incorporar al puestero dentro de la cadena de prestadores de servicio del turismo, no? Entonces que sea un eslab\u00f3n m\u00e1s y que no solamente vea pasar a los turistas, cuando van a visitar otros lugares, otros emprendimientos, as\u00ed es que en ese sentido va el proyecto, no es necesaria la lectura de su, de su considerando ni su articulado, solo solicito que pase a la Comisi\u00f3n de Obra P\u00fablica Turismo y Recursos Naturales, gracias.\/ Cuando es la hora 10:58 se incorpora la Concejal CAMIOLO.\/\/ Seguidamente solicita la palabra la\u00a0 Concejal\u00a0 MANSILLA para acompa\u00f1ar al proyecto, que me parece muy buena la idea tambi\u00e9n ser\u00eda bueno y al turismo incluirlo donde se hace la junta de los animales, para el rodeo de vacas, que bueno, siempre lo quise hacer, todos los a\u00f1os en mi casa, demoramos una semana, entonces ser\u00eda una muy buena alternativa tambi\u00e9n y he trabajado con turistas y s\u00e9 que el inter\u00e9s que le ponen. As\u00edque felicito al Edil Parada por este proyecto.\/ A continuaci\u00f3n la Concejal Elizabeth Gonz\u00e1lez solicita\u00a0 acompa\u00f1ar el proyecto\u00a0 con su firma, tambi\u00e9n viendo que se acerca el D\u00eda de la Mujer Rural que es el d\u00eda 15, asique acompa\u00f1ar todos estos Proyectos porque la verdad que la gente del campo, necesita de todos nosotros para salir adelante.\/ Pasa a O.P.T y R.N.\/\/\u00a0 g) Expedientes provenientes del Departamento Ejecutivo. No Ingresados .\/\/ h) Despachos de las Comisiones de Trabajo.\u00a0 1. Expte. N\u00b0 5.276 HC 054 \u2013 2.023 Proyecto de Ordenanza:\u00a0 Otorgar terreno para construcci\u00f3n de Plaza en la Localidad de Bardas Blancas. ( O.P.T.y R.N\u00a0 y H.P.L.A.C) El despacho de la comisi\u00f3n de Obras P\u00fablicas data del a\u00f1o 2023 y sugiere la aprobaci\u00f3n sin modificaciones el cual puesto a consideraci\u00f3n no prospera, y el despacho de Hacienda sugiere el pase a Archivo el cual puesto a consideraci\u00f3n es aprobado por unanimidad. Pasa a ARCHIVO.\/ Solicita la palabra el Concejal PARADA solo para explicar un poco el\u00a0 porque del pase a archivo de este proyecto. Este proyecto fue anterior a que el Cuerpo aprobase el a\u00f1o pasado en el 23, la regularizaci\u00f3n de los terrenos, lotes en Bardas Blancas, en el cual en ese plano, al cual se aprob\u00f3 aqu\u00ed, trae incluido un espacio para proyectar una plaza o espacio p\u00fablico que se refiere, entonces, por all\u00ed ve\u00edamos que en realidad este Proyecto estaba legislando, sobre algo que ya estaba previsto. Bueno\u00a0 por eso y\u00a0 cumpli\u00f3 su tiempo pasa a archivo, simplemente explicar, para que no hayan confusiones.\/\/ 2. Expte. N\u00b0 5.016 HC 037 \u2013 2.021 Proyecto de Ordenanza: Cr\u00e9ase el Registro Municipal permanente \u00fanico y obligatorio de Directores T\u00e9cnicos de Establecimientos que elaboren, fracciones, comercialicen y\/o distribuyan productos alimenticios dentro del \u00e1mbito municipal ( H.P.L.A.C). El despacho de la comisi\u00f3n sugiere el pase a Archivo. Puesto a consideraci\u00f3n es aprobado por unanimidad.\u00a0 Pasa a ARCHIVO.\/\/ 4. Expte. N\u00b0 5.476 HC 068 \u2013 2.024\u00a0 Proyecto de Ordenanza: Delimitar, identificar y se\u00f1alizar zona para el estacionamiento Transitorio a Personas con Discapacidad y una zona de Estacionamiento Transitorio para carga y descarga de insumos de veh\u00edculo oficiales y\/o veh\u00edculos particulares. (O.P.T.y R.N y H.P.L.A.C.) Por Secretar\u00eda se procede a la lectura de ambos despachos los cuales sugieren la aprobaci\u00f3n del proyecto presentado con las siguientes modificaciones: ORDENA. ART\u00cdCULO 1\u00b0: Dem\u00e1rquese y delim\u00edtese en el costado izquierdo de la calle Napole\u00f3n Uriburu, casi intersecci\u00f3n calle Francisco Inalic\u00e1n frente a la vereda del Palacio Municipal, una zona para el estacionamiento transitorio para personas con discapacidad y una zona para el estacionamiento transitorio para carga y descarga de insumos de veh\u00edculos oficiales y\/o veh\u00edculos particulares. ART\u00cdCULO 2\u00b0: Disp\u00f3ngase que la zona destinada para el estacionamiento transitorio para personas con discapacidad, sea cercana a la rampa de acceso peatonal. ART\u00cdCULO 3\u00b0: Idem al Art\u00edculo 2\u00b0 del proyecto original. ART\u00cdCULO 4\u00b0: Identif\u00edquese que el veh\u00edculo que se encuentra en el lugar se\u00f1alizado deber\u00e1 encontrarse con el motor en marcha o con la oblea correspondiente a oficial o discapacidad. ART\u00cdCULO 5\u00b0: Determinese que\u00a0 las dimensiones y carteler\u00eda a colocar las cuales deber\u00e1n ser apropiadas de acuerdo con el Anexo 2 de la Ley Provincial N\u00b0 9.024 de Tr\u00e1nsito. ART\u00cdCULO 6\u00b0: De forma.\/ PRESIDENCIA pone a consideraci\u00f3n ambos despachos de manera simult\u00e1nea por ser coincidentes y son APROBADOS por unanimidad.\/\/ 4. Expte. N\u00b0 5.493 HC 069 \u2013 2.024 Proyecto de Ordenanza:\u00a0 Imponer el nombre de Paseo Do\u00f1a Dominga Arroyo, al sendero que une al emplazamiento de la Terminal de \u00d3mnibus de Malarg\u00fce, Campus Educativo II y Biblioteca de Estudios Superiores con el Paseo Gobernadores Mendocinos. (E.H.M.A.S y C\u00a0 y\u00a0 H.P.L.A.C.) .). Por Secretar\u00eda se procede a la lectura de los despachos emitidos\u00a0 que sugieren la aprobaci\u00f3n del proyecto presentado con modificaciones: ORDENA. ART\u00cdCULO 1\u00b0: Idem proyecto original. ART\u00cdCULO 2\u00b0: Proc\u00e9dase a la colocaci\u00f3n de un cartel identificando el nombre de Paseo Do\u00f1a Dominga Arroyo a trav\u00e9s del \u00e1rea o dependencia municipal que corresponda. ART\u00cdCULO 3\u00b0: Idem\u00a0 proyecto original. ART\u00cdCULO 4\u00b0: Se elimina y pasa a ser de forma. PRESIDENCIA pone a consideraci\u00f3n ambos despachos y son APROBADOS por unanimidad.\/\/ 5. Nota HC 177\/2.024 Sra. Marcela Rubio solicita revisi\u00f3n de la Ordenanza N\u00b0 1.754\/2.014 Control \u00c9tico de Fauna urbana y Tenencia responsable de animales dom\u00e9sticos y Nota HC 306\/2.024 Alumnos del Instituto de Seguridad P\u00fablica elevan Proyecto de Ordenanza: Creaci\u00f3n de equipo interdisciplinario y especializado en protecci\u00f3n animal. \u00a0( E.H.M.A.S y C) Por Secretaria se procede a la lectura del despacho el cual sugiere el pase a la Comisi\u00f3n de H.P.LA.C. y su acumulado al Expte N\u00b0 5.175 HC 047-2022\u00a0 y Nota HC 394\/2.024 obrante en esa.\/ PRESIDENCIA pone a consideraci\u00f3n y es APROBADO por unanimidad. Pasa a H.P.L.A.C.\/\/ 6. Expte. N\u00b0 5.504 HC 070 \u2013 2.024 Proyecto de Comunicaci\u00f3n:\u00a0 Acompa\u00f1ar al 1\u00b0 Congreso de Ingenier\u00eda Cl\u00ednica del Sur Mendocino. Desarrollo de Tecnolog\u00edas Biom\u00e9dicas. (E.H.M.A.S y C.) Por Secretaria se procede a la lectura del despacho emitido el cual sugiere la aprobaci\u00f3n del proyecto presentado sin modificaciones. PRESIDENCIA pone a consideraci\u00f3n y es APROBADO por unanimidad.\/\/ 7. Expte.\u00a0 N\u00b0 5.500 HC 070 \u2013 2.024 Proyecto de Declaraci\u00f3n: Declarar de Inter\u00e9s Deportivo, Social y Departamental el 2\u00b0 Torneo Nacional de Tenis para Personas Ciegas y Baja Visi\u00f3n Malarg\u00fce 2.024. ( E.H.M.A.S. y C.) Por Secretaria se procede a la lectura del despacho emitido el cual sugiere la aprobaci\u00f3n del proyecto presentado con las siguientes modificaciones. DECLARA.\u00a0 ART\u00cdCULO 1\u00b0 Y 2\u00b0: Idem proyecto original. ART\u00cdCULO 3\u00b0: Se elimina el art\u00edculo del proyecto original y pasa a ser de forma.\/ La Concejal CAMIOLO solicita un Cuarto Intermedio cuando es la hora 11,12 previo a la votaci\u00f3n, retomando la Sesi\u00f3n a las 11:14.\/ PRESIDENCIA pone a consideraci\u00f3n el despacho emitido y es APROBADO por unanimidad.\/\/ i) Asuntos Varios. 1. Nota HC 620\/2024 Concejal Silvina Camiolo informa sobre el faltante de los Decretos desde el N\u00b0 129 al 252 correspondientes al mes de Febrero del a\u00f1o en curso. Solicitado por la Concejal Camiolo.\/ Solicita la palabra el Concejal PARADA para que el Cuerpo se constituya en Comisi\u00f3n cuando es la hora 11:15, retomando la Sesi\u00f3n cuando es la hora 11:17.\/Continua en uso de la palabra el Concejal PARADA quien mociona que habiendo trabajado todos los puntos que conforman Asuntos Varios en conjunto y estando elaborados los despacho se omita el paso de constituir en comisi\u00f3n por cada punto pasando directamente a la lectura de los despachos elaborados.\/ PRESIDENCIA pone a consideraci\u00f3n la moci\u00f3n del Concejal PARADA y es APROBADA por unanimidad.\/\u00a0 Por Secretaria se procede a la lectura del despacho emitido el cual sugiere el pase de la nota a Presidencia para su agilizaci\u00f3n.\/ PRESIDENCIA pone a consideraci\u00f3n el despacho y es APROBADO por unanimidad. Pasa a PRESIDENCIA.\/\/ 2. Nota HC 617\/2.024 Departamento de Rentas Cdor. Gonzalo Almonacid eleva copia de modelo de Tasas por Servicios a\u00a0 la Propiedad Ra\u00edz. El despacho sugiere el pase de la nota a la Comisi\u00f3n de H.P.L.A.C. para su acumulado al Expte N\u00b0 5.085\/2.024-0 Modificaci\u00f3n Art. 52 Ordenanza 2.26872.024. PRESIDENCIA pone a consideraci\u00f3n y es APROBADO. Se acumula al Expte.\/\/ 3. Expte N\u00b0 5.085\/2.024-0\u00a0Departamento Ejecutivo. Proyecto de Ordenanza: Modificaci\u00f3n del Art. 52\u00b0 de la Ordenanza N\u00b0 2.268, Notas HC 431\/24 Sra. Patricia Alejandra Mart\u00ednez adjunta nota remitidas al Sr. Intendente municipal solicitando trato igualitario en el pago de tasas municipales por inmuebles y nota HC 617\/2.024 Departamento de Rentas Cdor. Gonzalo Almonacid eleva copia de modelo de Tasas por Servicios a\u00a0 la Propiedad Ra\u00edz. El despacho emitido por el Cuerpo en Comisi\u00f3n sugiere hacer suyo el despacho emitido por la Comisi\u00f3n de H.P.L.A.C y agregar como anexo a la pieza legal el cuadro modelo de tasas por servicios a la propiedad ra\u00edz.\/ PRESIDENCIA pone a consideraci\u00f3n el despacho emitido por el Cuerpo en Comisi\u00f3n y es APROBADO por unanimidad.\/\/ 4. Expte N\u00b0 3.381- 2024-0 Segarra Francisco Gustavo. Permiso de explotaci\u00f3n de cantera de \u00e1ridos y Nota HC 580\/2.024 Departamento Ejecutivo copia de Contrato de Explotaci\u00f3n de Cantera de \u00c1ridos. Solicitud de autorizaci\u00f3n para suscripci\u00f3n de contrato.\/ Por Secretaria se procede a la lectura del despacho del Cuerpo en Comisi\u00f3n el cual sugiere hacer suyo el despacho emitido por la Comisi\u00f3n de Hacienda, Presupuesto, Legislaci\u00f3n y Asuntos Constitucionales.\/ PRESIDENCIA pone a consideraci\u00f3n el despacho emitido y es APROBADO por unanimidad.\/\/ 5. Expte N\u00b0 5.505 HC 070-2.024 Bloque Partido Justicialista. Proyecto de Resoluci\u00f3n:\u00a0 Declarar de Inter\u00e9s Cultural, Social, Ambiental y Departamental el Proyecto Candidatura del Sitio La Payunia, Campos Volc\u00e1nicos de Llancanelo y Payun Matr\u00fa para su inscripci\u00f3n en la lista del Patrimonio Mundial de UNESCO.\/ Por Secretaria se procede a la lectura del despacho emitido por el Cuerpo en Comisi\u00f3n el cual sugiere hacer suyo el despacho emitido por la Comisi\u00f3n de Pasos Internacionales y Asuntos Regionales.\/ PRESIDENCIA pone a consideraci\u00f3n el despacho emitido y es APROBADO por unanimidad.\/\/\u00a0\u00a0Acto seguido solicita la palabra el Concejal PALMA y expresa: \u00a0Se\u00f1or Presidente he solicitado la palabra en este momento, porque si bien ya ha pasado el periodo homenaje, me he anoticiado en el transcurso de esta semana, de esta sesi\u00f3n perd\u00f3n, del fallecimiento de un Concejal Mandato Cumplido el Se\u00f1or Santiago Guillermo Salvadores, a la edad de 78 a\u00f1os quien integr\u00f3 el primer Bloque Uni\u00f3n C\u00edvica Radical en este Concejo Deliberante, en la recuperaci\u00f3n de la democracia. El Flaco Salvadores\u00a0 como lo conoc\u00edamos todos, tuve el gusto de criarme dentro del Partido, con dirigentes de esa \u00e9poca, de esa edad, que me contaron muchas cosas de esos momentos de la recuperaci\u00f3n de la democracia, y lo importante que era poder trabajar y fue uno de los que me dio un consejo muy sabio, antes de entrar a este Concejo Deliberante y me dijo y siempre se los transmito a todos los Concejales con los que me ha tocado compartir, que la mayor herramienta que puede tener un Concejal, es conocer de punta a punta la Ley Org\u00e1nica de Municipalidades y el Reglamento Interno de funcionamiento de este Concejo. Simplemente eso Se\u00f1or Presidente les mando mis m\u00e1s profundas condolencias, a toda la familia y\u00a0 nada, haber perdido un correligionario con, con su experiencia en lo particular, duele. Gracias, Se\u00f1or Presidente.\/ PRESIDENCIA\u00a0 agrega, las condolencias por parte de la Instituci\u00f3n tambi\u00e9n a toda la familia.\/\/ j) Acto de arriar el Pabell\u00f3n Nacional a cargo del \u00a0concejal que lo\u00a0iz\u00f3. No habiendo mas temas para tratar cuando es la hora 11:24,\u00a0 se da por finalizada la Sesi\u00f3n. Previa lectura de lo que antecede firman las\u00a0 presentes actuaciones el Sr. Presidente\u00a0 y la Sra. Secretaria del Honorable Concejo Deliberante<\/p>\n\n\n<div class=\"wp-block-image\">\n<figure class=\"alignright size-full is-resized\"><a href=\"http:\/\/hcd.malargue.gov.ar\/2024\/27%20BANCA%20DEL%20CIUDADANO%20Sr.%20%20JOSE%20AUGUSTO%20SANCHEZ.pdf\"><img loading=\"lazy\" decoding=\"async\" width=\"512\" height=\"512\" src=\"https:\/\/hcd.malargue.gov.ar\/wp-content\/uploads\/2018\/06\/PDF-JPG.jpg\" alt=\"\" class=\"wp-image-7950\" style=\"width:122px;height:auto\" srcset=\"https:\/\/hcd.malargue.gov.ar\/wp-content\/uploads\/2018\/06\/PDF-JPG.jpg 512w, https:\/\/hcd.malargue.gov.ar\/wp-content\/uploads\/2018\/06\/PDF-JPG-150x150.jpg 150w, https:\/\/hcd.malargue.gov.ar\/wp-content\/uploads\/2018\/06\/PDF-JPG-300x300.jpg 300w\" sizes=\"auto, (max-width: 512px) 100vw, 512px\" \/><\/a><\/figure>\n<\/div>\n\n\n<p class=\"has-text-align-center\"><strong>BANCA DEL CIUDADANO<\/strong><\/p>\n\n\n\n<p><strong>Sr. Juan Augusto Sanchez\u00a0 (Asociaci\u00f3n Comunidades Pehuenches Malarg\u00fce)<\/strong><\/p>\n\n\n\n<p><strong>Tema:\u00a0 Problem\u00e1tica por depredaci\u00f3n de pumas, zorros y perros cimarrones<\/strong><\/p>\n\n\n\n<p>El Sr. Sanchez, expone: Muchas gracias y buenos d\u00edas a todos los presentes. &nbsp;Bueno, lo m\u00e1s importante de esto, que hemos estado trabajando aproximadamente\u2026\u2026.. &nbsp;del zorro mas que nada del zorro, que son especies introducidas, europeas , a la zona &nbsp;del continente americano, en alg\u00fan momento lo trajeron para hacer peleter\u00eda, no es cierto, en el a\u00f1o 1670 aproximadamente a la Argentina, bueno y al resto de Am\u00e9rica, &nbsp;el tema es que han sido especies muy da\u00f1inas, muy depredadoras en donde no tan solo &nbsp;empezaron a hacer da\u00f1o en todo lo que es, este las especies dom\u00e9sticas, no es cierto, como el chivo, el cordero y bueno, un mont\u00f3n de cosas, aparte de las aves no es cierto. Donde en Argentina han hecho mucho da\u00f1o tambi\u00e9n&nbsp; en el sur con el tema de los ping\u00fcinos y un mont\u00f3n de cosas y bueno, no tan solo hay un solo, un solo &nbsp;zorro colorado, sino un solo zorro plateado, hay un zorro perro, que le dicen, zorros chillos que son este muy depredadores aparte &nbsp;del inconveniente del puma y los perros cimarrones, se &nbsp;ha llegado a un punto donde se ha hecho una investigaci\u00f3n con los mismos puesteros y pregunt\u00e1ndole a los PUESTEROS no es cierto, que da\u00f1o le producen animales estando todo el d\u00eda con los chivas en el campo y a caballo cuid\u00e1ndolas, pero en cuanto se trasladan de una ca\u00f1ada a otra y un bordo a otro el zorro les mata y les mata hasta 35 chivos por a\u00f1o. Estando el puestero con los animales, entonces esto ha llegado a un punto donde este, la pol\u00edtica de Estado, lamentablemente hasta la fecha no ha hecho absolutamente nada, en otras Provincias est\u00e1n, est\u00e1 aceptada la caza, este, casi en&nbsp; la mayor\u00eda de las Provincias est\u00e1n aceptadas la caza del zorro y el puma o se le dan un tiempo. Es un a\u00f1o de caza y dos a\u00f1os no. Entonces lo que nosotros queremos hacer reconocer y hacer&nbsp; entender que fue una especie introducida, Entonces el Gobierno tiene que tomar una decisi\u00f3n, no quiere decir que eso nos vamos a llenar despu\u00e9s &nbsp;con &nbsp;las otras cosas da\u00f1inas , como ratones o cosas fuera del lugar, no s\u00e9 si me entienden, pero bueno, pero el zorro se est\u00e1 alimentando de lo que nosotros lamentablemente lo perdemos y son cosas que comemos que es el chivo y los animales que crian los&nbsp; puestero. Entonces yo de hecho, este le he entregado para que tengan una prueba contundente 300 y pico p\u00e1ginas y se le va a ir arrimando m\u00e1s informaci\u00f3n y bueno, la decisi\u00f3n fue la denuncia, ya est\u00e1 todo terminado, yo estoy en la Fiscal\u00eda de Estado el d\u00eda lunes, entreg\u00e1ndoles por Mesa de Entradas al asesor del Fiscal &nbsp;al Sr. Bitue entregando la denuncia. Va a entrar por los Derechos Humanos y por Fiscalia de Estado, vamos a esperar que expida la Fiscal\u00eda de Estado haber que resuelve por dos leyes, que hay, que nos amparan respecto a este inconveniente que tenemos con estos animales y por primera vez en la historia se va a hacer algo con ese animal, van a tener ampliamente ustedes para que puedan trabajar con toda la documentaci\u00f3n que se les ha dejado ac\u00e1. Bueno, eso es todo lo que puedo decir. respecto a este tema De los da\u00f1os, gracias.<\/p>\n\n\n\n<p>Seguidamente el Concejal PALMA en uso de la palabra manifiesta: Muchas gracias, por hacer uso como siempre decimos de la Banca del Ciudadano, este es un tema recurrente, haber nosotros hemos planteado varias situaciones respecto a esto en alg\u00fan momento se trat\u00f3 de dar alguna soluci\u00f3n desde algunas Leyes Provinciales, que hoy son inaplicables inclusive usted Concejal Camiolo, lo present\u00f3, &nbsp;una modificaci\u00f3n de la Ley, s me refiero a la ley de 8846 por resarcimiento por depredaci\u00f3n de Puma y Zorros, pero lamentablemente esto no se puede aplicar porque faltan algunos organismos que, que puedan corroborar cu\u00e1l ha sido la depredaci\u00f3n en tiempo y forma, cinco d\u00edas h\u00e1biles, creo que daba sino si &nbsp;mal no recuerdo, entonces por ah\u00ed desplazar los \u00f3rganos de control y de certificaci\u00f3n para esa depredaci\u00f3n y posterior cobro de ese resarcimiento, es muy dif\u00edcil llevarlo a cabo. Hay varios antecedentes en la Legislatura, presentados por algunas cuestiones, tratando de buscar defender la producci\u00f3n local contra la depredaci\u00f3n y tratar de armar un r\u00e9gimen arm\u00f3nico entre lo ambiental y lo econ\u00f3mico. Y me refiero cuando hablo de lo econ\u00f3mico a la producci\u00f3n de ganado, que es algo que en el Departamento de Malarg\u00fce han trascendido la historia &nbsp;por m\u00e1s actividades que hayamos llevado adelante, hablando de Miner\u00eda y otros carburos o turismo, si se quiere, siempre la ganader\u00eda ha estado inmersa en nuestro Departamento, es parte de nuestra idiosincrasia, entonces tenemos que buscar las herramientas necesarias para poder sin coexistir ambas situaciones, sabemos que hay Leyes Provinciales que no se pueden transgredir. Nosotros no tenemos esa facultad, seguramente este reclamo habr\u00e1 que llevarlo a estamentos m\u00e1s arriba, me refiero a la Legislatura Provincial hay una Ley Provincial de Ambiente y una Ley que deslizamiento de protecci\u00f3n animal tambi\u00e9n, entonces hay varias cuestiones que trabajar de fondos, sabemos que en otras Provincias hay habilitaciones controladas y dem\u00e1s ser\u00eda interesante poder dar debate a todo este tipo de cuestiones, dar debate, ojo, no digo que est\u00e9 bien o que est\u00e9 mal, empezar a dar un debate serio porque sino, yo coincido con usted nuestros productores van a terminar desapareciendo del Departamento, porque hay muchas cuestiones que los afectan desde el dominio de las tierras, hasta la depredaci\u00f3n de su producci\u00f3n, entonces es un tema muy interesante Don S\u00e1nchez yo le debo agradecer mucho su, su inter\u00e9s como ciudadano y poder aportar este tipo de Informaci\u00f3n que para nosotros y para este Concejo es muy rico, entonces seguramente esto va a pasar a la Comisi\u00f3n de Obra P\u00fablica, Turismo y Recursos Naturales, a fin de darle un tratamiento y desde esa comisi\u00f3n seguramente lo convocaremos para poder trabajar en el tema.<\/p>\n\n\n\n<p>El&nbsp; Sr. SANCHEZ agrega, bueno si me permite el Se\u00f1or Presidente hoy quiero dejar una \u00faltima, bueno nosotros hemos encontrado algo natural para poder combatir el zorro &nbsp;que justamente los animales que les agarra la sarna, por lo general, oveja porque esas &nbsp;ovejas viejas que ya no &nbsp;se pueden carnear, con cuero y todo eso y bueno desparramar en el campo en algunas partes, que es lo que est\u00e1n haciendo los puesteros ahora cierto. Bueno, que hace esto? se contaminan y bueno se empiezan a pelar y se empiezan a poner flacos y los inviernos los empiezan a matar, es la \u00fanica soluci\u00f3n que tenemos de la naturaleza para poder lograr. que el zorro, este no se nos sigan, no es cierto este, invadiendo toda la zona de todos, los de todo el pa\u00eds, porque es impresionante cuidando el animal que le maten delante de los propios ojos y el puma tambi\u00e9n y los perros cimarrones tambi\u00e9n. Yo creo que esto se tiene que tratar de ver el tema este, de lo que son encargados de estos animales, van a tener que tratar de tomar medidas. El municipio va a tener que este, ver de qu\u00e9 manera este puede ganar y hacer algo por los perros, los perros han hecho mucho da\u00f1o tambi\u00e9n muchas gracias.<\/p>\n\n\n\n<p>PRESIDENCIA informa que toda la documentaci\u00f3n que haya tra\u00eddo &nbsp;pasa a la Comisi\u00f3n de Obras P\u00fablicas Turismo y Recursos Naturales, en el marco de recursos naturales &nbsp;lo van a estar tratando y bueno, como le dec\u00eda el Concejal reci\u00e9n, seguramente lo van a estar llamando para que se pueda explayar un poco m\u00e1s le agradezco mucho. Gracias, muchas gracias.<\/p>\n\n\n\n<p>PASA A&nbsp;&nbsp; O.P.T.y R.N.<\/p>\n\n\n\n<p><\/p>\n","protected":false},"excerpt":{"rendered":"<p>En Malarg\u00fce Mendoza a tres\u00a0 d\u00edas de octubre de 2.024, cuando es la hora 09:15,\u00a0 se re\u00fane el Honorable Concejo Deliberante de la Municipalidad de Malarg\u00fce para celebrar la Sesi\u00f3n Ordinaria del d\u00eda de la fecha.\/ Bajo la\u00a0\u00a0 Presidencia de su titular Dn. Rodrigo Hidalgo\u00a0\u00a0 y la presencia de los Se\u00f1ores\u00a0 Concejales\u00a0 Viviana Mosca, Pablo [&hellip;]<\/p>\n","protected":false},"author":5,"featured_media":33337,"comment_status":"closed","ping_status":"closed","sticky":false,"template":"","format":"standard","meta":{"footnotes":""},"categories":[60,83,52,58,33,36],"tags":[],"class_list":["post-37822","post","type-post","status-publish","format-standard","has-post-thumbnail","hentry","category-acta-de-sesiones","category-banca-del-ciudadano","category-gacetillas","category-ordinarias","category-prensa","category-sesiones"],"yoast_head":"<!-- This site is optimized with the Yoast SEO plugin v19.10 - https:\/\/yoast.com\/wordpress\/plugins\/seo\/ -->\n<title>ACTA 27\u00b0 SESI\u00d3N ORDINARIA N\u00b0 1.175 \u2013 \u201cO\u201d - 3\/10\/2.024 - Malarg\u00fce HCD<\/title>\n<meta name=\"robots\" content=\"index, follow, max-snippet:-1, max-image-preview:large, max-video-preview:-1\" \/>\n<link rel=\"canonical\" href=\"https:\/\/hcd.malargue.gov.ar\/?p=37822\" \/>\n<meta property=\"og:locale\" content=\"es_ES\" \/>\n<meta property=\"og:type\" content=\"article\" \/>\n<meta property=\"og:title\" content=\"ACTA 27\u00b0 SESI\u00d3N ORDINARIA N\u00b0 1.175 \u2013 \u201cO\u201d - 3\/10\/2.024 - Malarg\u00fce HCD\" \/>\n<meta property=\"og:description\" content=\"En Malarg\u00fce Mendoza a tres\u00a0 d\u00edas de octubre de 2.024, cuando es la hora 09:15,\u00a0 se re\u00fane el Honorable Concejo Deliberante de la Municipalidad de Malarg\u00fce para celebrar la Sesi\u00f3n Ordinaria del d\u00eda de la fecha.\/ Bajo la\u00a0\u00a0 Presidencia de su titular Dn. Rodrigo Hidalgo\u00a0\u00a0 y la presencia de los Se\u00f1ores\u00a0 Concejales\u00a0 Viviana Mosca, Pablo [&hellip;]\" \/>\n<meta property=\"og:url\" content=\"https:\/\/hcd.malargue.gov.ar\/?p=37822\" \/>\n<meta property=\"og:site_name\" content=\"Malarg\u00fce HCD\" \/>\n<meta property=\"article:published_time\" content=\"2024-10-09T15:21:06+00:00\" \/>\n<meta property=\"article:modified_time\" content=\"2024-10-09T15:24:32+00:00\" \/>\n<meta property=\"og:image\" content=\"https:\/\/hcd.malargue.gov.ar\/wp-content\/uploads\/2023\/03\/actas-sesiones.jpg\" \/>\n\t<meta property=\"og:image:width\" content=\"1640\" \/>\n\t<meta property=\"og:image:height\" content=\"924\" \/>\n\t<meta property=\"og:image:type\" content=\"image\/jpeg\" \/>\n<meta name=\"author\" content=\"Belen Pedernera Ferragut\" \/>\n<meta name=\"twitter:card\" content=\"summary_large_image\" \/>\n<meta name=\"twitter:label1\" content=\"Escrito por\" \/>\n\t<meta name=\"twitter:data1\" content=\"Belen Pedernera Ferragut\" \/>\n\t<meta name=\"twitter:label2\" content=\"Tiempo de lectura\" \/>\n\t<meta name=\"twitter:data2\" content=\"32 minutos\" \/>\n<script type=\"application\/ld+json\" class=\"yoast-schema-graph\">{\"@context\":\"https:\/\/schema.org\",\"@graph\":[{\"@type\":\"WebPage\",\"@id\":\"https:\/\/hcd.malargue.gov.ar\/?p=37822\",\"url\":\"https:\/\/hcd.malargue.gov.ar\/?p=37822\",\"name\":\"ACTA 27\u00b0 SESI\u00d3N ORDINARIA N\u00b0 1.175 \u2013 \u201cO\u201d - 3\/10\/2.024 - Malarg\u00fce HCD\",\"isPartOf\":{\"@id\":\"https:\/\/hcd.malargue.gov.ar\/#website\"},\"datePublished\":\"2024-10-09T15:21:06+00:00\",\"dateModified\":\"2024-10-09T15:24:32+00:00\",\"author\":{\"@id\":\"https:\/\/hcd.malargue.gov.ar\/#\/schema\/person\/3fd6bbab64edd703961b795156c955d0\"},\"breadcrumb\":{\"@id\":\"https:\/\/hcd.malargue.gov.ar\/?p=37822#breadcrumb\"},\"inLanguage\":\"es-AR\",\"potentialAction\":[{\"@type\":\"ReadAction\",\"target\":[\"https:\/\/hcd.malargue.gov.ar\/?p=37822\"]}]},{\"@type\":\"BreadcrumbList\",\"@id\":\"https:\/\/hcd.malargue.gov.ar\/?p=37822#breadcrumb\",\"itemListElement\":[{\"@type\":\"ListItem\",\"position\":1,\"name\":\"Inicio\",\"item\":\"https:\/\/hcd.malargue.gov.ar\/\"},{\"@type\":\"ListItem\",\"position\":2,\"name\":\"ACTA 27\u00b0 SESI\u00d3N ORDINARIA N\u00b0 1.175 \u2013 \u201cO\u201d &#8211; 3\/10\/2.024\"}]},{\"@type\":\"WebSite\",\"@id\":\"https:\/\/hcd.malargue.gov.ar\/#website\",\"url\":\"https:\/\/hcd.malargue.gov.ar\/\",\"name\":\"Malarg\u00fce HCD\",\"description\":\"Malarg\u00fce Mendoza Argentina\",\"potentialAction\":[{\"@type\":\"SearchAction\",\"target\":{\"@type\":\"EntryPoint\",\"urlTemplate\":\"https:\/\/hcd.malargue.gov.ar\/?s={search_term_string}\"},\"query-input\":\"required name=search_term_string\"}],\"inLanguage\":\"es-AR\"},{\"@type\":\"Person\",\"@id\":\"https:\/\/hcd.malargue.gov.ar\/#\/schema\/person\/3fd6bbab64edd703961b795156c955d0\",\"name\":\"Belen Pedernera Ferragut\",\"image\":{\"@type\":\"ImageObject\",\"inLanguage\":\"es-AR\",\"@id\":\"https:\/\/hcd.malargue.gov.ar\/#\/schema\/person\/image\/\",\"url\":\"https:\/\/secure.gravatar.com\/avatar\/1054ffab3893de4bb3eb29bdd22f7e34b8537bf5d34d9dab311818154ad5b71f?s=96&d=mm&r=g\",\"contentUrl\":\"https:\/\/secure.gravatar.com\/avatar\/1054ffab3893de4bb3eb29bdd22f7e34b8537bf5d34d9dab311818154ad5b71f?s=96&d=mm&r=g\",\"caption\":\"Belen Pedernera Ferragut\"},\"url\":\"https:\/\/hcd.malargue.gov.ar\/?author=5\"}]}<\/script>\n<!-- \/ Yoast SEO plugin. -->","yoast_head_json":{"title":"ACTA 27\u00b0 SESI\u00d3N ORDINARIA N\u00b0 1.175 \u2013 \u201cO\u201d - 3\/10\/2.024 - Malarg\u00fce HCD","robots":{"index":"index","follow":"follow","max-snippet":"max-snippet:-1","max-image-preview":"max-image-preview:large","max-video-preview":"max-video-preview:-1"},"canonical":"https:\/\/hcd.malargue.gov.ar\/?p=37822","og_locale":"es_ES","og_type":"article","og_title":"ACTA 27\u00b0 SESI\u00d3N ORDINARIA N\u00b0 1.175 \u2013 \u201cO\u201d - 3\/10\/2.024 - Malarg\u00fce HCD","og_description":"En Malarg\u00fce Mendoza a tres\u00a0 d\u00edas de octubre de 2.024, cuando es la hora 09:15,\u00a0 se re\u00fane el Honorable Concejo Deliberante de la Municipalidad de Malarg\u00fce para celebrar la Sesi\u00f3n Ordinaria del d\u00eda de la fecha.\/ Bajo la\u00a0\u00a0 Presidencia de su titular Dn. Rodrigo Hidalgo\u00a0\u00a0 y la presencia de los Se\u00f1ores\u00a0 Concejales\u00a0 Viviana Mosca, Pablo [&hellip;]","og_url":"https:\/\/hcd.malargue.gov.ar\/?p=37822","og_site_name":"Malarg\u00fce HCD","article_published_time":"2024-10-09T15:21:06+00:00","article_modified_time":"2024-10-09T15:24:32+00:00","og_image":[{"width":1640,"height":924,"url":"https:\/\/hcd.malargue.gov.ar\/wp-content\/uploads\/2023\/03\/actas-sesiones.jpg","type":"image\/jpeg"}],"author":"Belen Pedernera Ferragut","twitter_card":"summary_large_image","twitter_misc":{"Escrito por":"Belen Pedernera Ferragut","Tiempo de lectura":"32 minutos"},"schema":{"@context":"https:\/\/schema.org","@graph":[{"@type":"WebPage","@id":"https:\/\/hcd.malargue.gov.ar\/?p=37822","url":"https:\/\/hcd.malargue.gov.ar\/?p=37822","name":"ACTA 27\u00b0 SESI\u00d3N ORDINARIA N\u00b0 1.175 \u2013 \u201cO\u201d - 3\/10\/2.024 - Malarg\u00fce HCD","isPartOf":{"@id":"https:\/\/hcd.malargue.gov.ar\/#website"},"datePublished":"2024-10-09T15:21:06+00:00","dateModified":"2024-10-09T15:24:32+00:00","author":{"@id":"https:\/\/hcd.malargue.gov.ar\/#\/schema\/person\/3fd6bbab64edd703961b795156c955d0"},"breadcrumb":{"@id":"https:\/\/hcd.malargue.gov.ar\/?p=37822#breadcrumb"},"inLanguage":"es-AR","potentialAction":[{"@type":"ReadAction","target":["https:\/\/hcd.malargue.gov.ar\/?p=37822"]}]},{"@type":"BreadcrumbList","@id":"https:\/\/hcd.malargue.gov.ar\/?p=37822#breadcrumb","itemListElement":[{"@type":"ListItem","position":1,"name":"Inicio","item":"https:\/\/hcd.malargue.gov.ar\/"},{"@type":"ListItem","position":2,"name":"ACTA 27\u00b0 SESI\u00d3N ORDINARIA N\u00b0 1.175 \u2013 \u201cO\u201d &#8211; 3\/10\/2.024"}]},{"@type":"WebSite","@id":"https:\/\/hcd.malargue.gov.ar\/#website","url":"https:\/\/hcd.malargue.gov.ar\/","name":"Malarg\u00fce HCD","description":"Malarg\u00fce Mendoza Argentina","potentialAction":[{"@type":"SearchAction","target":{"@type":"EntryPoint","urlTemplate":"https:\/\/hcd.malargue.gov.ar\/?s={search_term_string}"},"query-input":"required name=search_term_string"}],"inLanguage":"es-AR"},{"@type":"Person","@id":"https:\/\/hcd.malargue.gov.ar\/#\/schema\/person\/3fd6bbab64edd703961b795156c955d0","name":"Belen Pedernera Ferragut","image":{"@type":"ImageObject","inLanguage":"es-AR","@id":"https:\/\/hcd.malargue.gov.ar\/#\/schema\/person\/image\/","url":"https:\/\/secure.gravatar.com\/avatar\/1054ffab3893de4bb3eb29bdd22f7e34b8537bf5d34d9dab311818154ad5b71f?s=96&d=mm&r=g","contentUrl":"https:\/\/secure.gravatar.com\/avatar\/1054ffab3893de4bb3eb29bdd22f7e34b8537bf5d34d9dab311818154ad5b71f?s=96&d=mm&r=g","caption":"Belen Pedernera Ferragut"},"url":"https:\/\/hcd.malargue.gov.ar\/?author=5"}]}},"_links":{"self":[{"href":"https:\/\/hcd.malargue.gov.ar\/index.php?rest_route=\/wp\/v2\/posts\/37822","targetHints":{"allow":["GET"]}}],"collection":[{"href":"https:\/\/hcd.malargue.gov.ar\/index.php?rest_route=\/wp\/v2\/posts"}],"about":[{"href":"https:\/\/hcd.malargue.gov.ar\/index.php?rest_route=\/wp\/v2\/types\/post"}],"author":[{"embeddable":true,"href":"https:\/\/hcd.malargue.gov.ar\/index.php?rest_route=\/wp\/v2\/users\/5"}],"replies":[{"embeddable":true,"href":"https:\/\/hcd.malargue.gov.ar\/index.php?rest_route=%2Fwp%2Fv2%2Fcomments&post=37822"}],"version-history":[{"count":2,"href":"https:\/\/hcd.malargue.gov.ar\/index.php?rest_route=\/wp\/v2\/posts\/37822\/revisions"}],"predecessor-version":[{"id":37825,"href":"https:\/\/hcd.malargue.gov.ar\/index.php?rest_route=\/wp\/v2\/posts\/37822\/revisions\/37825"}],"wp:featuredmedia":[{"embeddable":true,"href":"https:\/\/hcd.malargue.gov.ar\/index.php?rest_route=\/wp\/v2\/media\/33337"}],"wp:attachment":[{"href":"https:\/\/hcd.malargue.gov.ar\/index.php?rest_route=%2Fwp%2Fv2%2Fmedia&parent=37822"}],"wp:term":[{"taxonomy":"category","embeddable":true,"href":"https:\/\/hcd.malargue.gov.ar\/index.php?rest_route=%2Fwp%2Fv2%2Fcategories&post=37822"},{"taxonomy":"post_tag","embeddable":true,"href":"https:\/\/hcd.malargue.gov.ar\/index.php?rest_route=%2Fwp%2Fv2%2Ftags&post=37822"}],"curies":[{"name":"wp","href":"https:\/\/api.w.org\/{rel}","templated":true}]}}