{"id":37843,"date":"2024-10-15T10:07:57","date_gmt":"2024-10-15T13:07:57","guid":{"rendered":"https:\/\/hcd.malargue.gov.ar\/?p=37843"},"modified":"2024-10-15T10:10:34","modified_gmt":"2024-10-15T13:10:34","slug":"declaracion-n-346-2-024","status":"publish","type":"post","link":"https:\/\/hcd.malargue.gov.ar\/?p=37843","title":{"rendered":"DECLARACI\u00d3N N\u00b0 346\/2.024"},"content":{"rendered":"\n<h4 class=\"wp-block-heading has-text-align-center\"><strong>El HCD declar\u00f3 de Inter\u00e9s Deportivo, Social y Departamental el &#8220;2\u00b0 Torneo Nacional de Tenis para Personas Ciegas y Baja Visi\u00f3n Malarg\u00fce 2024&#8221;<\/strong><\/h4>\n\n\n\n<p><em>El torneo que se llevar\u00e1 a cabo del 25 al 27 de octubre en el departamento; esta organizado por la Direcci\u00f3n de Deportes de Malarg\u00fce, y el programa municipal &#8220;Tenis Rompiendo Barreras&#8221; y la Asociaci\u00f3n Malarg\u00fcina de Tenis (AMT).<\/em><\/p>\n\n\n\n<p><em>En 2023, Malarg\u00fce fue sede del primer torneo de estas caracter\u00edsticas, consolid\u00e1ndose como referente del deporte adaptado en la provincia de Mendoza. Los jugadores que participan en el certamen suman puntos para el ranking nacional, con la posibilidad de clasificar para el campeonato mundial de la especialidad.<\/em><\/p>\n\n\n\n<p><em>Este evento no solo fomenta la pr\u00e1ctica deportiva, sino que tambi\u00e9n promueve la inclusi\u00f3n bajo el &#8220;Modelo social de la discapacidad&#8221;, que enfatiza la necesidad de que la sociedad ofrezca condiciones equitativas para las personas con discapacidad. La organizaci\u00f3n ha implementado una log\u00edstica integral para asegurar que tanto los jugadores como el p\u00fablico asistente disfruten de una experiencia accesible y c\u00f3moda.<\/em><\/p>\n\n\n\n<p><em>Tambi\u00e9n se llevar\u00e1 a cabo la competencia de maquetas &#8220;Un Poli a Escala&#8221;, dirigida a estudiantes de sexto y s\u00e9ptimo grado de las escuelas de Malarg\u00fce. Esta actividad tiene como objetivo permitir que los jugadores, mediante el tacto, conozcan el dise\u00f1o del predio del Polideportivo Malal-Hue para desplazarse con mayor facilidad y seguridad durante el torneo.<\/em><\/p>\n\n\n\n<p><em>El Concejo Deliberante har\u00e1 entrega de una copia de esta Declaraci\u00f3n a los organizadores del evento, como reconocimiento a su esfuerzo en la promoci\u00f3n de la inclusi\u00f3n y el deporte adaptado.<\/em><\/p>\n\n\n\n<p class=\"has-text-align-center\"><strong>MIRA LA PIEZA LEGAL COMPLETA<\/strong><\/p>\n\n\n<div class=\"wp-block-image\">\n<figure class=\"alignright is-resized\"><a href=\"http:\/\/hcd.malargue.gov.ar\/2024\/decla%20346%202024%20Torneo%20Nacional%20Tenis%20Personas%20Ciegas.pdf\"><img loading=\"lazy\" decoding=\"async\" width=\"512\" height=\"512\" src=\"https:\/\/hcd.malargue.gov.ar\/wp-content\/uploads\/2018\/06\/PDF-JPG.jpg\" alt=\"\" class=\"wp-image-7950\" style=\"width:134px;height:auto\" srcset=\"https:\/\/hcd.malargue.gov.ar\/wp-content\/uploads\/2018\/06\/PDF-JPG.jpg 512w, https:\/\/hcd.malargue.gov.ar\/wp-content\/uploads\/2018\/06\/PDF-JPG-150x150.jpg 150w, https:\/\/hcd.malargue.gov.ar\/wp-content\/uploads\/2018\/06\/PDF-JPG-300x300.jpg 300w\" sizes=\"auto, (max-width: 512px) 100vw, 512px\" \/><\/a><\/figure>\n<\/div>\n\n\n<p><strong>INTERBLOQUE PARTIDO JUSTICIALISTA, <\/strong><\/p>\n\n\n\n<p><strong>CONCEJALES EMILCE MANSILLA, PABLO CABRERA, MAGALI ACOSTA<\/strong><\/p>\n\n\n\n<p>VISTO: El contenido del Expte. N\u00ba 5.500-HC-070-2.024. Bloque Partido Justicialista. Proyecto de&nbsp; Declaraci\u00f3n: Declarar de Inter\u00e9s Deportivo, Social y Departamental el  \u201c2\u00b0 Torneo Nacional de Tenis para Personas Ciegas y Baja Visi\u00f3n Malarg\u00fce 2024, organizado por la Direcci\u00f3n de Deportes Malarg\u00fce, programa municipal &#8220;Tenis &nbsp;Rompiendo Barreras&#8221; y Asociaci\u00f3n Malarg\u00fcina de Tenis (AMT)<\/p>\n\n\n\n<p>&nbsp;&nbsp;&nbsp;&nbsp;&nbsp;&nbsp;&nbsp;&nbsp;&nbsp;&nbsp;&nbsp; y;<\/p>\n\n\n\n<p>CONSIDERANDO: Que en el a\u00f1o 2023, se organiz\u00f3 con \u00e9xito el Primer Torneo Nacional de Tenis para Personas Ciegas y Baja Visi\u00f3n Malarg\u00fce en nuestro Departamento.<\/p>\n\n\n\n<p>&nbsp;&nbsp;&nbsp;&nbsp;&nbsp;&nbsp;&nbsp;&nbsp;&nbsp;&nbsp;&nbsp; Que este torneo est\u00e1 respaldado por la Asociaci\u00f3n Nacional de Tenis para Ciegos y Disminuidos Visuales, por lo cual los atletas que participen y son &nbsp;parte de esta &nbsp;asociaci\u00f3n, suman puntos para mejorar su posicionamiento en el Ranking Nacional &nbsp;y as\u00ed acercarse a la posibilidad de jugar el mundial de la especialidad.<\/p>\n\n\n\n<p>&nbsp;&nbsp;&nbsp;&nbsp;&nbsp;&nbsp;&nbsp;&nbsp;&nbsp;&nbsp;&nbsp; Que los objetivos principales del torneo son estimular la pr\u00e1ctica del deporte adaptado a trav\u00e9s de la competencia y adem\u00e1s colocar al Departamento de Malarg\u00fce, y a la &nbsp;Provincia de Mendoza, como polos referentes del deporte adaptado a nivel nacional.<\/p>\n\n\n\n<p>&nbsp;&nbsp;&nbsp;&nbsp;&nbsp;&nbsp;&nbsp;&nbsp;&nbsp;&nbsp;&nbsp; Que la organizaci\u00f3n al igual que los autores de este proyecto, cree firmemente en la inclusi\u00f3n verdadera; es as\u00ed que el desarrollo del torneo se har\u00e1 en base al &#8220;Modelo social de la discapacidad&#8221;, aquel que reconoce que la misma no surge de los d\u00e9ficits  individuales de las personas, sino de las limitaciones de la sociedad para prestar los servicios apropiados, para asegurar que las personas con discapacidad puedan participar en igualdad de condiciones.<\/p>\n\n\n\n<p>&nbsp;&nbsp;&nbsp;&nbsp;&nbsp;&nbsp;&nbsp;&nbsp;&nbsp;&nbsp;&nbsp; Que se entiende que estos espacios de inclusi\u00f3n son de gran importancia y que el torneo est\u00e1 organizado bajo un r\u00e9gimen organizacional \u00f3ptimo, para que jugadores y &nbsp;p\u00fablico asistente se sientan a gusto formando parte del mismo.<\/p>\n\n\n\n<p>&nbsp;&nbsp;&nbsp;&nbsp;&nbsp;&nbsp;&nbsp;&nbsp;&nbsp;&nbsp;&nbsp; Que los organizadores han realizado una excelente log\u00edstica con mesas de trabajo como: Coordinaci\u00f3n de torneo, Coordinaci\u00f3n de servicio de gastronom\u00eda y albergados, Coordinaci\u00f3n de ceremonial y protocolo, Coordinaci\u00f3n de personal auxiliar, Coordinaci\u00f3n de accesibilidad y Promoci\u00f3n del Evento.<\/p>\n\n\n\n<p>&nbsp;&nbsp;&nbsp;&nbsp;&nbsp;&nbsp;&nbsp;&nbsp;&nbsp;&nbsp;&nbsp; Que en el marco del Torneo, se desarrollar\u00e1 una competencia de maquetas denominada &#8220;Un Poli a Escala&#8221;, donde participaran los sextos y s\u00e9ptimos grados de las Escuelas de Malarg\u00fce, el cual tiene como objetivo reducir barreras, reproduciendo el dise\u00f1o del predio del Polideportivo Malal-Hue para que los jugadores, a trav\u00e9s del tacto, identifiquen la arquitectura de dicho predio y as\u00ed puedan desplazarse por el mismo con mejor facilidad y conocimiento.<\/p>\n\n\n\n<p>EL HONORABLE CONCEJO DELIBERANTE DE LA MUNICIPALIDAD DE MALARG\u00dcE EN USO DE LAS FACULTADES QUE LE SON PROPIAS<\/p>\n\n\n\n<p>DECLARA<\/p>\n\n\n\n<p>ARTICULO 1\u00ba: Declarar de Inter\u00e9s Deportivo, Social y Departamental el \u201c2\u00b0 Torneo Nacional de Tenis para Personas Ciegas y Baja Visi\u00f3n Malarg\u00fce 2024\u201d que se realizar\u00e1 del 25 al 27 de octubre del 2.024; como as\u00ed tambi\u00e9n sus ediciones subsiguientes.<\/p>\n\n\n\n<p>ARTICULO 2\u00ba: Hacer entrega de copia de la presente pieza legal a los organizadores del evento: Direcci\u00f3n de Deportes Malarg\u00fce, Referente de Programa Municipal &#8220;Tenis Rompiendo Barreras&#8221; y Asociaci\u00f3n Malarg\u00fcina de Tenis (AMT)<\/p>\n\n\n\n<p>ARTICULO 3\u00ba: Comun\u00edquese, reg\u00edstrese, agr\u00e9guese copia de la presente en las actuaciones correspondientes y arch\u00edvese.<\/p>\n\n\n\n<p>&nbsp;DADA EN LA SALA DE SESIONES DR. RICARDO BALBIN DEL HONORABLE CONCEJO DELIBERANTE DE LA MUNICIPALIDAD DE MALARG\u00dcE A TRES D\u00cdAS DE OCTUBRE DE DOS MIL VEINTICUATRO<\/p>\n","protected":false},"excerpt":{"rendered":"<p>El HCD declar\u00f3 de Inter\u00e9s Deportivo, Social y Departamental el &#8220;2\u00b0 Torneo Nacional de Tenis para Personas Ciegas y Baja Visi\u00f3n Malarg\u00fce 2024&#8221; El torneo que se llevar\u00e1 a cabo del 25 al 27 de octubre en el departamento; esta organizado por la Direcci\u00f3n de Deportes de Malarg\u00fce, y el programa municipal &#8220;Tenis Rompiendo Barreras&#8221; [&hellip;]<\/p>\n","protected":false},"author":5,"featured_media":37844,"comment_status":"closed","ping_status":"closed","sticky":false,"template":"","format":"standard","meta":{"footnotes":""},"categories":[46,52,29,33],"tags":[],"class_list":["post-37843","post","type-post","status-publish","format-standard","has-post-thumbnail","hentry","category-declaraciones","category-gacetillas","category-lesgilacion","category-prensa"],"yoast_head":"<!-- This site is optimized with the Yoast SEO plugin v19.10 - https:\/\/yoast.com\/wordpress\/plugins\/seo\/ -->\n<title>DECLARACI\u00d3N N\u00b0 346\/2.024 - Malarg\u00fce HCD<\/title>\n<meta name=\"robots\" content=\"index, follow, max-snippet:-1, max-image-preview:large, max-video-preview:-1\" \/>\n<link rel=\"canonical\" href=\"https:\/\/hcd.malargue.gov.ar\/?p=37843\" \/>\n<meta property=\"og:locale\" content=\"es_ES\" \/>\n<meta property=\"og:type\" content=\"article\" \/>\n<meta property=\"og:title\" content=\"DECLARACI\u00d3N N\u00b0 346\/2.024 - Malarg\u00fce HCD\" \/>\n<meta property=\"og:description\" content=\"El HCD declar\u00f3 de Inter\u00e9s Deportivo, Social y Departamental el &#8220;2\u00b0 Torneo Nacional de Tenis para Personas Ciegas y Baja Visi\u00f3n Malarg\u00fce 2024&#8221; El torneo que se llevar\u00e1 a cabo del 25 al 27 de octubre en el departamento; esta organizado por la Direcci\u00f3n de Deportes de Malarg\u00fce, y el programa municipal &#8220;Tenis Rompiendo Barreras&#8221; [&hellip;]\" \/>\n<meta property=\"og:url\" content=\"https:\/\/hcd.malargue.gov.ar\/?p=37843\" \/>\n<meta property=\"og:site_name\" content=\"Malarg\u00fce HCD\" \/>\n<meta property=\"article:published_time\" content=\"2024-10-15T13:07:57+00:00\" \/>\n<meta property=\"article:modified_time\" content=\"2024-10-15T13:10:34+00:00\" \/>\n<meta property=\"og:image\" content=\"https:\/\/hcd.malargue.gov.ar\/wp-content\/uploads\/2024\/10\/DECLARACION-346-2024.png\" \/>\n\t<meta property=\"og:image:width\" content=\"940\" \/>\n\t<meta property=\"og:image:height\" content=\"788\" \/>\n\t<meta property=\"og:image:type\" content=\"image\/png\" \/>\n<meta name=\"author\" content=\"Belen Pedernera Ferragut\" \/>\n<meta name=\"twitter:card\" content=\"summary_large_image\" \/>\n<meta name=\"twitter:label1\" content=\"Escrito por\" \/>\n\t<meta name=\"twitter:data1\" content=\"Belen Pedernera Ferragut\" \/>\n\t<meta name=\"twitter:label2\" content=\"Tiempo de lectura\" \/>\n\t<meta name=\"twitter:data2\" content=\"4 minutos\" \/>\n<script type=\"application\/ld+json\" class=\"yoast-schema-graph\">{\"@context\":\"https:\/\/schema.org\",\"@graph\":[{\"@type\":\"WebPage\",\"@id\":\"https:\/\/hcd.malargue.gov.ar\/?p=37843\",\"url\":\"https:\/\/hcd.malargue.gov.ar\/?p=37843\",\"name\":\"DECLARACI\u00d3N N\u00b0 346\/2.024 - Malarg\u00fce HCD\",\"isPartOf\":{\"@id\":\"https:\/\/hcd.malargue.gov.ar\/#website\"},\"datePublished\":\"2024-10-15T13:07:57+00:00\",\"dateModified\":\"2024-10-15T13:10:34+00:00\",\"author\":{\"@id\":\"https:\/\/hcd.malargue.gov.ar\/#\/schema\/person\/3fd6bbab64edd703961b795156c955d0\"},\"breadcrumb\":{\"@id\":\"https:\/\/hcd.malargue.gov.ar\/?p=37843#breadcrumb\"},\"inLanguage\":\"es-AR\",\"potentialAction\":[{\"@type\":\"ReadAction\",\"target\":[\"https:\/\/hcd.malargue.gov.ar\/?p=37843\"]}]},{\"@type\":\"BreadcrumbList\",\"@id\":\"https:\/\/hcd.malargue.gov.ar\/?p=37843#breadcrumb\",\"itemListElement\":[{\"@type\":\"ListItem\",\"position\":1,\"name\":\"Inicio\",\"item\":\"https:\/\/hcd.malargue.gov.ar\/\"},{\"@type\":\"ListItem\",\"position\":2,\"name\":\"DECLARACI\u00d3N N\u00b0 346\/2.024\"}]},{\"@type\":\"WebSite\",\"@id\":\"https:\/\/hcd.malargue.gov.ar\/#website\",\"url\":\"https:\/\/hcd.malargue.gov.ar\/\",\"name\":\"Malarg\u00fce HCD\",\"description\":\"Malarg\u00fce Mendoza Argentina\",\"potentialAction\":[{\"@type\":\"SearchAction\",\"target\":{\"@type\":\"EntryPoint\",\"urlTemplate\":\"https:\/\/hcd.malargue.gov.ar\/?s={search_term_string}\"},\"query-input\":\"required name=search_term_string\"}],\"inLanguage\":\"es-AR\"},{\"@type\":\"Person\",\"@id\":\"https:\/\/hcd.malargue.gov.ar\/#\/schema\/person\/3fd6bbab64edd703961b795156c955d0\",\"name\":\"Belen Pedernera Ferragut\",\"image\":{\"@type\":\"ImageObject\",\"inLanguage\":\"es-AR\",\"@id\":\"https:\/\/hcd.malargue.gov.ar\/#\/schema\/person\/image\/\",\"url\":\"https:\/\/secure.gravatar.com\/avatar\/1054ffab3893de4bb3eb29bdd22f7e34b8537bf5d34d9dab311818154ad5b71f?s=96&d=mm&r=g\",\"contentUrl\":\"https:\/\/secure.gravatar.com\/avatar\/1054ffab3893de4bb3eb29bdd22f7e34b8537bf5d34d9dab311818154ad5b71f?s=96&d=mm&r=g\",\"caption\":\"Belen Pedernera Ferragut\"},\"url\":\"https:\/\/hcd.malargue.gov.ar\/?author=5\"}]}<\/script>\n<!-- \/ Yoast SEO plugin. -->","yoast_head_json":{"title":"DECLARACI\u00d3N N\u00b0 346\/2.024 - Malarg\u00fce HCD","robots":{"index":"index","follow":"follow","max-snippet":"max-snippet:-1","max-image-preview":"max-image-preview:large","max-video-preview":"max-video-preview:-1"},"canonical":"https:\/\/hcd.malargue.gov.ar\/?p=37843","og_locale":"es_ES","og_type":"article","og_title":"DECLARACI\u00d3N N\u00b0 346\/2.024 - Malarg\u00fce HCD","og_description":"El HCD declar\u00f3 de Inter\u00e9s Deportivo, Social y Departamental el &#8220;2\u00b0 Torneo Nacional de Tenis para Personas Ciegas y Baja Visi\u00f3n Malarg\u00fce 2024&#8221; El torneo que se llevar\u00e1 a cabo del 25 al 27 de octubre en el departamento; esta organizado por la Direcci\u00f3n de Deportes de Malarg\u00fce, y el programa municipal &#8220;Tenis Rompiendo Barreras&#8221; [&hellip;]","og_url":"https:\/\/hcd.malargue.gov.ar\/?p=37843","og_site_name":"Malarg\u00fce HCD","article_published_time":"2024-10-15T13:07:57+00:00","article_modified_time":"2024-10-15T13:10:34+00:00","og_image":[{"width":940,"height":788,"url":"https:\/\/hcd.malargue.gov.ar\/wp-content\/uploads\/2024\/10\/DECLARACION-346-2024.png","type":"image\/png"}],"author":"Belen Pedernera Ferragut","twitter_card":"summary_large_image","twitter_misc":{"Escrito por":"Belen Pedernera Ferragut","Tiempo de lectura":"4 minutos"},"schema":{"@context":"https:\/\/schema.org","@graph":[{"@type":"WebPage","@id":"https:\/\/hcd.malargue.gov.ar\/?p=37843","url":"https:\/\/hcd.malargue.gov.ar\/?p=37843","name":"DECLARACI\u00d3N N\u00b0 346\/2.024 - Malarg\u00fce HCD","isPartOf":{"@id":"https:\/\/hcd.malargue.gov.ar\/#website"},"datePublished":"2024-10-15T13:07:57+00:00","dateModified":"2024-10-15T13:10:34+00:00","author":{"@id":"https:\/\/hcd.malargue.gov.ar\/#\/schema\/person\/3fd6bbab64edd703961b795156c955d0"},"breadcrumb":{"@id":"https:\/\/hcd.malargue.gov.ar\/?p=37843#breadcrumb"},"inLanguage":"es-AR","potentialAction":[{"@type":"ReadAction","target":["https:\/\/hcd.malargue.gov.ar\/?p=37843"]}]},{"@type":"BreadcrumbList","@id":"https:\/\/hcd.malargue.gov.ar\/?p=37843#breadcrumb","itemListElement":[{"@type":"ListItem","position":1,"name":"Inicio","item":"https:\/\/hcd.malargue.gov.ar\/"},{"@type":"ListItem","position":2,"name":"DECLARACI\u00d3N N\u00b0 346\/2.024"}]},{"@type":"WebSite","@id":"https:\/\/hcd.malargue.gov.ar\/#website","url":"https:\/\/hcd.malargue.gov.ar\/","name":"Malarg\u00fce HCD","description":"Malarg\u00fce Mendoza Argentina","potentialAction":[{"@type":"SearchAction","target":{"@type":"EntryPoint","urlTemplate":"https:\/\/hcd.malargue.gov.ar\/?s={search_term_string}"},"query-input":"required name=search_term_string"}],"inLanguage":"es-AR"},{"@type":"Person","@id":"https:\/\/hcd.malargue.gov.ar\/#\/schema\/person\/3fd6bbab64edd703961b795156c955d0","name":"Belen Pedernera Ferragut","image":{"@type":"ImageObject","inLanguage":"es-AR","@id":"https:\/\/hcd.malargue.gov.ar\/#\/schema\/person\/image\/","url":"https:\/\/secure.gravatar.com\/avatar\/1054ffab3893de4bb3eb29bdd22f7e34b8537bf5d34d9dab311818154ad5b71f?s=96&d=mm&r=g","contentUrl":"https:\/\/secure.gravatar.com\/avatar\/1054ffab3893de4bb3eb29bdd22f7e34b8537bf5d34d9dab311818154ad5b71f?s=96&d=mm&r=g","caption":"Belen Pedernera Ferragut"},"url":"https:\/\/hcd.malargue.gov.ar\/?author=5"}]}},"_links":{"self":[{"href":"https:\/\/hcd.malargue.gov.ar\/index.php?rest_route=\/wp\/v2\/posts\/37843","targetHints":{"allow":["GET"]}}],"collection":[{"href":"https:\/\/hcd.malargue.gov.ar\/index.php?rest_route=\/wp\/v2\/posts"}],"about":[{"href":"https:\/\/hcd.malargue.gov.ar\/index.php?rest_route=\/wp\/v2\/types\/post"}],"author":[{"embeddable":true,"href":"https:\/\/hcd.malargue.gov.ar\/index.php?rest_route=\/wp\/v2\/users\/5"}],"replies":[{"embeddable":true,"href":"https:\/\/hcd.malargue.gov.ar\/index.php?rest_route=%2Fwp%2Fv2%2Fcomments&post=37843"}],"version-history":[{"count":2,"href":"https:\/\/hcd.malargue.gov.ar\/index.php?rest_route=\/wp\/v2\/posts\/37843\/revisions"}],"predecessor-version":[{"id":37846,"href":"https:\/\/hcd.malargue.gov.ar\/index.php?rest_route=\/wp\/v2\/posts\/37843\/revisions\/37846"}],"wp:featuredmedia":[{"embeddable":true,"href":"https:\/\/hcd.malargue.gov.ar\/index.php?rest_route=\/wp\/v2\/media\/37844"}],"wp:attachment":[{"href":"https:\/\/hcd.malargue.gov.ar\/index.php?rest_route=%2Fwp%2Fv2%2Fmedia&parent=37843"}],"wp:term":[{"taxonomy":"category","embeddable":true,"href":"https:\/\/hcd.malargue.gov.ar\/index.php?rest_route=%2Fwp%2Fv2%2Fcategories&post=37843"},{"taxonomy":"post_tag","embeddable":true,"href":"https:\/\/hcd.malargue.gov.ar\/index.php?rest_route=%2Fwp%2Fv2%2Ftags&post=37843"}],"curies":[{"name":"wp","href":"https:\/\/api.w.org\/{rel}","templated":true}]}}