{"id":37879,"date":"2024-10-16T12:46:41","date_gmt":"2024-10-16T15:46:41","guid":{"rendered":"https:\/\/hcd.malargue.gov.ar\/?p=37879"},"modified":"2024-10-16T12:47:11","modified_gmt":"2024-10-16T15:47:11","slug":"orden-del-dia-29-sesion-ordinaria-2","status":"publish","type":"post","link":"https:\/\/hcd.malargue.gov.ar\/?p=37879","title":{"rendered":"ORDEN DEL DIA 29\u00b0 SESION ORDINARIA"},"content":{"rendered":"<div class=\"wp-block-image\">\n<figure class=\"alignright size-full is-resized\"><a href=\"http:\/\/hcd.malargue.gov.ar\/2024\/29%20ORDEN%20%20DEL%20D%C3%8DA%2017-10%20-24.pdf\"><img loading=\"lazy\" decoding=\"async\" width=\"512\" height=\"512\" src=\"https:\/\/hcd.malargue.gov.ar\/wp-content\/uploads\/2018\/06\/PDF-JPG.jpg\" alt=\"\" class=\"wp-image-7950\" style=\"width:134px;height:auto\" srcset=\"https:\/\/hcd.malargue.gov.ar\/wp-content\/uploads\/2018\/06\/PDF-JPG.jpg 512w, https:\/\/hcd.malargue.gov.ar\/wp-content\/uploads\/2018\/06\/PDF-JPG-150x150.jpg 150w, https:\/\/hcd.malargue.gov.ar\/wp-content\/uploads\/2018\/06\/PDF-JPG-300x300.jpg 300w\" sizes=\"auto, (max-width: 512px) 100vw, 512px\" \/><\/a><\/figure>\n<\/div>\n\n\n<h4 class=\"wp-block-heading\">D\u00eda Jueves\u00a017 \u00a0de octubre \u00a0de 2.024 <\/h4>\n\n\n\n<h4 class=\"wp-block-heading\">Hora: 09:00<\/h4>\n\n\n\n<p><strong>a)<\/strong> <em style=\"font-weight: bold;\">Acto de Izar la Ense\u00f1a Patria\u00a0a cargo del Sr. Pablo Antonio CABRERA. \u00a0\u00a0\u00a0<\/em><\/p>\n\n\n\n<p><strong>b)<\/strong> <strong><em>Homenaje de los Se\u00f1ores Concejales.<\/em><\/strong><\/p>\n\n\n\n<p><strong>c) <em>Consideraci\u00f3n Acta Sesi\u00f3n Ordinaria N\u00b0 1.176 &#8211; \u201cO\u201d &#8211; 2.024.<\/em><\/strong><\/p>\n\n\n\n<p><strong>d) <em>Lectura del detalle de la correspondencia recibida y emitida.<\/em><\/strong><\/p>\n\n\n\n<p><strong>e) <em>Determinaci\u00f3n de los temas que ser\u00e1n incluidos en el punto Asuntos Varios y puesta a consideraci\u00f3n de mociones de tratamientos sobre tablas de diversos expedientes.<\/em><\/strong><\/p>\n\n\n\n<p><strong>f) <em>Proyectos de los Se\u00f1ores Concejales<\/em><\/strong><\/p>\n\n\n\n<ul class=\"wp-block-list\">\n<li><em>Expte. N\u00b0 5.511 HC 071 \u2013 2.024 Proyecto de Ordenanza: Cambio de denominaci\u00f3n del Callej\u00f3n 59 por Pedro Castillo mismo nombre que tiene la continuaci\u00f3n del Barrio Independencia. (BLOQUE \u00a0UNI\u00d3N MENDOCINA) Autora: Concejal Elizabeth Gonz\u00e1lez<\/em><\/li>\n\n\n\n<li><em>Expte. N\u00b0 5.512 HC 071 \u2013 2.024 Proyecto de Ordenanza:\u00a0 Circuito Tur\u00edstico Patrimonial Gral. Rufino Ortega. (BLOQUE ENCUENTRO) Autor: Concejal Francisco Parada.<\/em><\/li>\n\n\n\n<li><em>Expte. N\u00b0 5.513 HC 071 \u2013 2.024\u00a0 Proyecto de Ordenanza:\u00a0 Imponer los nombres a las calles faltantes que le da identificaci\u00f3n al Barrio Carbometal. (BLOQUE PARTIDO JUSTICIALISTA) Autores: Concejales Magali Acosta, Emilce Mansilla y Pablo Cabrera. \u00a0<\/em><\/li>\n<\/ul>\n\n\n\n<p><strong><em>Expedientes provenientes del Departamento Ejecutivo<\/em><\/strong><\/p>\n\n\n\n<ol class=\"wp-block-list\">\n<li>\u00a0No Ingresados &#8211;<\/li>\n<\/ol>\n\n\n\n<p><strong><em>Despachos de las Comisiones de Trabajo.<\/em><\/strong><\/p>\n\n\n\n<ol style=\"list-style-type:lower-alpha\" class=\"wp-block-list\">\n<li>Expte. N\u00b0 5.775\/2.024-0 Departamento Ejecutivo Proyecto de Ordenanza Aprobaci\u00f3n del esquema de deuda para beneficiarios adherentes \u2013 Obras Gas Natural Barrio Virgen del Carmen. (H.P.L.A.C.)<\/li>\n\n\n\n<li>Expte. N\u00b0 5.773\/2.024-0 Departamento Ejecutivo Proyecto de Ordenanza: Aprobaci\u00f3n del esquema de deuda para beneficiarios adherentes \u2013 Obra Provisi\u00f3n de Gas Natural Barrio Virgen de los Vientos.\u00a0 ( H.P.L.A.C.)<\/li>\n\n\n\n<li>Expte. N\u00b0 5.772\/2.024-0 Departamento Ejecutivo Proyecto de Ordenanza: Autorizar al Ejecutivo Municipal el pago de Honorarios Profesionales destinados a la mensura del Paraje Agua Escondida y pr\u00e9stamo a los vecinos de la localidad. (H.P.L.A.C.)<\/li>\n\n\n\n<li>Notas HC 535 y 511\/2.024 Sres. Oscar Gonz\u00e1lez y Lucia Godio en representaci\u00f3n del PRO Malarg\u00fce, elevan Proyectos de Ordenanzas de simplificaci\u00f3n del tr\u00e1mite de renovaci\u00f3n de Licencia Nacional de Conducir y Adhesi\u00f3n al RIGI Municipal. (H.P.L.A.C.)<\/li>\n\n\n\n<li>Expte. N\u00b0 5.348 HC 059 \u2013 2.023 Proyecto de Ordenanza: Prohibir el estacionamiento vehicular en el ingreso trasero del Hospital Regional Malarg\u00fce, calle Comandante Salas. (O.P.T. y R.N) \u00a0<\/li>\n\n\n\n<li>Expte. N\u00b0 5.509 HC 071 \u2013 2.024 Proyecto de Resoluci\u00f3n: Turismo Vivencial Rural, Arriero, Trashumante o Puestero por un momento.\u00a0 (O.P.T. y R.N.)<\/li>\n\n\n\n<li>Expte. N\u00b0 5.498 HC 070 \u2013 2.024 Proyecto de Resoluci\u00f3n:\u00a0 Solicitud de intervenci\u00f3n a Legisladores por el Cuarto Distrito por problemas en Jard\u00edn N\u00b0 0-101 Rosa Isabel Andino del Departamento de Malarg\u00fce. (E.H.M.A.S y C.)<\/li>\n<\/ol>\n\n\n\n<p><strong>i<em>) Asuntos Varios. &nbsp;&nbsp;&nbsp;&nbsp;<\/em><\/strong><\/p>\n\n\n\n<p><strong><em>j) Acto de arriar el Pabell\u00f3n Nacional a cargo de la &nbsp;concejal que lo <\/em><\/strong><strong>iz\u00f3.<\/strong><\/p>\n\n\n\n<p class=\"has-text-align-right\"><strong>&nbsp;&nbsp;&nbsp;&nbsp;&nbsp;&nbsp;&nbsp;&nbsp;&nbsp;&nbsp;&nbsp; <\/strong>Presidencia, H.C.D., &nbsp;15 &nbsp;de &nbsp;octubre &nbsp;de 2.024.-<\/p>\n\n\n\n<p>CORRESPONDENCIA PARA LA SESI\u00d3N<\/p>\n\n\n\n<p>Del d\u00eda jueves 17 de Octubre de 2.024<\/p>\n\n\n\n<p>NOTAS INGRESADAS<\/p>\n\n\n\n<ol class=\"wp-block-list\">\n<li>Secretaria Privada de Presidencia, eleva Acta Complementaria del Concejo Regional del Sur Mendocino, para conocimiento.<\/li>\n\n\n\n<li>Departamento Ejecutivo, remite copia de Convenio Espec\u00edfico para Pr\u00e1cticas Profesionales con la Tecnicatura Superior en Conservaci\u00f3n de la Naturaleza. (TECONA) Decreto N\u00b0 1.221\/2.024.<\/li>\n\n\n\n<li>Departamento Ejecutivo, remite copia de Acta de Entrega y Transferencia de la Residencia Alternativa de Ni\u00f1os, Ni\u00f1as y Adolescentes Hogar El Angel, Decreto N\u00b0 1.288\/2024.<\/li>\n\n\n\n<li>Departamento Ejecutivo remite Acta Acuerdo de Acci\u00f3n Conjunta entre la Provincia de Mendoza y la Municipalidad de la Ciudad de Mendoza, Decreto N\u00b0 1.300\/2.024.<\/li>\n\n\n\n<li>Departamento Ejecutivo, remite copia de Convenio de Reconversi\u00f3n de luminarias para el recambio de luminarias sodio a tecnolog\u00eda led entre Junin Punto Limpio S.A.U y Municipalidad de Malarg\u00fce, Decreto N\u00b0 1.299\/2.024.<\/li>\n\n\n\n<li>Departamento Ejecutivo remite rendici\u00f3n de gastos efectuados en el marco de la Emergencia Ambiental seg\u00fan Art\u00edculo 8\u00b0 de la Ordenanza N\u00b0 2.258\/2.023. (18 Exptes.)<\/li>\n\n\n\n<li>Sr. Mauro Pavez solicita hacer uso de Banca del Ciudadano a fin de exponer problem\u00e1tica de artistas malarg\u00fcinos.<\/li>\n<\/ol>\n\n\n\n<p>NOTAS EMITIDAS<\/p>\n\n\n\n<ol class=\"wp-block-list\">\n<li>A Legisladores Nacionales por Mendoza y\u00a0 \u00a0Legisladoras Provinciales por Malarg\u00fce remitiendo copia de Resoluci\u00f3n N\u00b0 327\/2.024 Candidatura del Sitio La Payunia, Campos Volc\u00e1nicos de Llancanelo y Pay\u00fan Matru a lista de Patrimonio Mundial de la UNESCO.<\/li>\n\n\n\n<li>A la U.T.N. Sede San Rafael, Ministerio de Salud y Deportes y Honorable Concejo Deliberante de San Rafael, remitiendo copia de Comunicaci\u00f3n N\u00b0 482\/2.024 Congreso de Ingenier\u00eda Cl\u00ednica de Sur Mendocino.<\/li>\n\n\n\n<li>A la Ingeniera Emilce Lozano, Direcci\u00f3n Nacional de Vialidad solicitando reuni\u00f3n en el Departamento por temas de su incumbencia.<\/li>\n\n\n\n<li>A Direcci\u00f3n Nacional de Vialidad 4\u00b0 Secci\u00f3n, Delegaci\u00f3n Malarg\u00fce y Legisladores \u00a0Nacionales por Mendoza, remitiendo copia de Resoluci\u00f3n N\u00b0 335\/2.024 solicitando obras de mantenimiento en la zona del Puesto El Macho Bardas Blancas.<\/li>\n\n\n\n<li>A la Sra. Contadora General remitiendo Planillas de Becas correspondientes a Agosto y Setiembre del 2.024, para su acreditaci\u00f3n a los beneficiarios.<\/li>\n<\/ol>\n","protected":false},"excerpt":{"rendered":"<p>D\u00eda Jueves\u00a017 \u00a0de octubre \u00a0de 2.024 Hora: 09:00 a) Acto de Izar la Ense\u00f1a Patria\u00a0a cargo del Sr. Pablo Antonio CABRERA. \u00a0\u00a0\u00a0 b) Homenaje de los Se\u00f1ores Concejales. c) Consideraci\u00f3n Acta Sesi\u00f3n Ordinaria N\u00b0 1.176 &#8211; \u201cO\u201d &#8211; 2.024. d) Lectura del detalle de la correspondencia recibida y emitida. e) Determinaci\u00f3n de los temas que [&hellip;]<\/p>\n","protected":false},"author":5,"featured_media":37827,"comment_status":"closed","ping_status":"closed","sticky":false,"template":"","format":"standard","meta":{"footnotes":""},"categories":[1],"tags":[],"class_list":["post-37879","post","type-post","status-publish","format-standard","has-post-thumbnail","hentry","category-sin-categoria"],"yoast_head":"<!-- This site is optimized with the Yoast SEO plugin v19.10 - https:\/\/yoast.com\/wordpress\/plugins\/seo\/ -->\n<title>ORDEN DEL DIA 29\u00b0 SESION ORDINARIA - Malarg\u00fce HCD<\/title>\n<meta name=\"robots\" content=\"index, follow, max-snippet:-1, max-image-preview:large, max-video-preview:-1\" \/>\n<link rel=\"canonical\" href=\"https:\/\/hcd.malargue.gov.ar\/?p=37879\" \/>\n<meta property=\"og:locale\" content=\"es_ES\" \/>\n<meta property=\"og:type\" content=\"article\" \/>\n<meta property=\"og:title\" content=\"ORDEN DEL DIA 29\u00b0 SESION ORDINARIA - Malarg\u00fce HCD\" \/>\n<meta property=\"og:description\" content=\"D\u00eda Jueves\u00a017 \u00a0de octubre \u00a0de 2.024 Hora: 09:00 a) Acto de Izar la Ense\u00f1a Patria\u00a0a cargo del Sr. Pablo Antonio CABRERA. \u00a0\u00a0\u00a0 b) Homenaje de los Se\u00f1ores Concejales. c) Consideraci\u00f3n Acta Sesi\u00f3n Ordinaria N\u00b0 1.176 &#8211; \u201cO\u201d &#8211; 2.024. d) Lectura del detalle de la correspondencia recibida y emitida. e) Determinaci\u00f3n de los temas que [&hellip;]\" \/>\n<meta property=\"og:url\" content=\"https:\/\/hcd.malargue.gov.ar\/?p=37879\" \/>\n<meta property=\"og:site_name\" content=\"Malarg\u00fce HCD\" \/>\n<meta property=\"article:published_time\" content=\"2024-10-16T15:46:41+00:00\" \/>\n<meta property=\"article:modified_time\" content=\"2024-10-16T15:47:11+00:00\" \/>\n<meta property=\"og:image\" content=\"https:\/\/hcd.malargue.gov.ar\/wp-content\/uploads\/2024\/10\/SESIONES-ORDINARIAS.png\" \/>\n\t<meta property=\"og:image:width\" content=\"1640\" \/>\n\t<meta property=\"og:image:height\" content=\"924\" \/>\n\t<meta property=\"og:image:type\" content=\"image\/png\" \/>\n<meta name=\"author\" content=\"Belen Pedernera Ferragut\" \/>\n<meta name=\"twitter:card\" content=\"summary_large_image\" \/>\n<meta name=\"twitter:label1\" content=\"Escrito por\" \/>\n\t<meta name=\"twitter:data1\" content=\"Belen Pedernera Ferragut\" \/>\n\t<meta name=\"twitter:label2\" content=\"Tiempo de lectura\" \/>\n\t<meta name=\"twitter:data2\" content=\"4 minutos\" \/>\n<script type=\"application\/ld+json\" class=\"yoast-schema-graph\">{\"@context\":\"https:\/\/schema.org\",\"@graph\":[{\"@type\":\"WebPage\",\"@id\":\"https:\/\/hcd.malargue.gov.ar\/?p=37879\",\"url\":\"https:\/\/hcd.malargue.gov.ar\/?p=37879\",\"name\":\"ORDEN DEL DIA 29\u00b0 SESION ORDINARIA - Malarg\u00fce HCD\",\"isPartOf\":{\"@id\":\"https:\/\/hcd.malargue.gov.ar\/#website\"},\"datePublished\":\"2024-10-16T15:46:41+00:00\",\"dateModified\":\"2024-10-16T15:47:11+00:00\",\"author\":{\"@id\":\"https:\/\/hcd.malargue.gov.ar\/#\/schema\/person\/3fd6bbab64edd703961b795156c955d0\"},\"breadcrumb\":{\"@id\":\"https:\/\/hcd.malargue.gov.ar\/?p=37879#breadcrumb\"},\"inLanguage\":\"es-AR\",\"potentialAction\":[{\"@type\":\"ReadAction\",\"target\":[\"https:\/\/hcd.malargue.gov.ar\/?p=37879\"]}]},{\"@type\":\"BreadcrumbList\",\"@id\":\"https:\/\/hcd.malargue.gov.ar\/?p=37879#breadcrumb\",\"itemListElement\":[{\"@type\":\"ListItem\",\"position\":1,\"name\":\"Inicio\",\"item\":\"https:\/\/hcd.malargue.gov.ar\/\"},{\"@type\":\"ListItem\",\"position\":2,\"name\":\"ORDEN DEL DIA 29\u00b0 SESION ORDINARIA\"}]},{\"@type\":\"WebSite\",\"@id\":\"https:\/\/hcd.malargue.gov.ar\/#website\",\"url\":\"https:\/\/hcd.malargue.gov.ar\/\",\"name\":\"Malarg\u00fce HCD\",\"description\":\"Malarg\u00fce Mendoza Argentina\",\"potentialAction\":[{\"@type\":\"SearchAction\",\"target\":{\"@type\":\"EntryPoint\",\"urlTemplate\":\"https:\/\/hcd.malargue.gov.ar\/?s={search_term_string}\"},\"query-input\":\"required name=search_term_string\"}],\"inLanguage\":\"es-AR\"},{\"@type\":\"Person\",\"@id\":\"https:\/\/hcd.malargue.gov.ar\/#\/schema\/person\/3fd6bbab64edd703961b795156c955d0\",\"name\":\"Belen Pedernera Ferragut\",\"image\":{\"@type\":\"ImageObject\",\"inLanguage\":\"es-AR\",\"@id\":\"https:\/\/hcd.malargue.gov.ar\/#\/schema\/person\/image\/\",\"url\":\"https:\/\/secure.gravatar.com\/avatar\/1054ffab3893de4bb3eb29bdd22f7e34b8537bf5d34d9dab311818154ad5b71f?s=96&d=mm&r=g\",\"contentUrl\":\"https:\/\/secure.gravatar.com\/avatar\/1054ffab3893de4bb3eb29bdd22f7e34b8537bf5d34d9dab311818154ad5b71f?s=96&d=mm&r=g\",\"caption\":\"Belen Pedernera Ferragut\"},\"url\":\"https:\/\/hcd.malargue.gov.ar\/?author=5\"}]}<\/script>\n<!-- \/ Yoast SEO plugin. -->","yoast_head_json":{"title":"ORDEN DEL DIA 29\u00b0 SESION ORDINARIA - Malarg\u00fce HCD","robots":{"index":"index","follow":"follow","max-snippet":"max-snippet:-1","max-image-preview":"max-image-preview:large","max-video-preview":"max-video-preview:-1"},"canonical":"https:\/\/hcd.malargue.gov.ar\/?p=37879","og_locale":"es_ES","og_type":"article","og_title":"ORDEN DEL DIA 29\u00b0 SESION ORDINARIA - Malarg\u00fce HCD","og_description":"D\u00eda Jueves\u00a017 \u00a0de octubre \u00a0de 2.024 Hora: 09:00 a) Acto de Izar la Ense\u00f1a Patria\u00a0a cargo del Sr. Pablo Antonio CABRERA. \u00a0\u00a0\u00a0 b) Homenaje de los Se\u00f1ores Concejales. c) Consideraci\u00f3n Acta Sesi\u00f3n Ordinaria N\u00b0 1.176 &#8211; \u201cO\u201d &#8211; 2.024. d) Lectura del detalle de la correspondencia recibida y emitida. e) Determinaci\u00f3n de los temas que [&hellip;]","og_url":"https:\/\/hcd.malargue.gov.ar\/?p=37879","og_site_name":"Malarg\u00fce HCD","article_published_time":"2024-10-16T15:46:41+00:00","article_modified_time":"2024-10-16T15:47:11+00:00","og_image":[{"width":1640,"height":924,"url":"https:\/\/hcd.malargue.gov.ar\/wp-content\/uploads\/2024\/10\/SESIONES-ORDINARIAS.png","type":"image\/png"}],"author":"Belen Pedernera Ferragut","twitter_card":"summary_large_image","twitter_misc":{"Escrito por":"Belen Pedernera Ferragut","Tiempo de lectura":"4 minutos"},"schema":{"@context":"https:\/\/schema.org","@graph":[{"@type":"WebPage","@id":"https:\/\/hcd.malargue.gov.ar\/?p=37879","url":"https:\/\/hcd.malargue.gov.ar\/?p=37879","name":"ORDEN DEL DIA 29\u00b0 SESION ORDINARIA - Malarg\u00fce HCD","isPartOf":{"@id":"https:\/\/hcd.malargue.gov.ar\/#website"},"datePublished":"2024-10-16T15:46:41+00:00","dateModified":"2024-10-16T15:47:11+00:00","author":{"@id":"https:\/\/hcd.malargue.gov.ar\/#\/schema\/person\/3fd6bbab64edd703961b795156c955d0"},"breadcrumb":{"@id":"https:\/\/hcd.malargue.gov.ar\/?p=37879#breadcrumb"},"inLanguage":"es-AR","potentialAction":[{"@type":"ReadAction","target":["https:\/\/hcd.malargue.gov.ar\/?p=37879"]}]},{"@type":"BreadcrumbList","@id":"https:\/\/hcd.malargue.gov.ar\/?p=37879#breadcrumb","itemListElement":[{"@type":"ListItem","position":1,"name":"Inicio","item":"https:\/\/hcd.malargue.gov.ar\/"},{"@type":"ListItem","position":2,"name":"ORDEN DEL DIA 29\u00b0 SESION ORDINARIA"}]},{"@type":"WebSite","@id":"https:\/\/hcd.malargue.gov.ar\/#website","url":"https:\/\/hcd.malargue.gov.ar\/","name":"Malarg\u00fce HCD","description":"Malarg\u00fce Mendoza Argentina","potentialAction":[{"@type":"SearchAction","target":{"@type":"EntryPoint","urlTemplate":"https:\/\/hcd.malargue.gov.ar\/?s={search_term_string}"},"query-input":"required name=search_term_string"}],"inLanguage":"es-AR"},{"@type":"Person","@id":"https:\/\/hcd.malargue.gov.ar\/#\/schema\/person\/3fd6bbab64edd703961b795156c955d0","name":"Belen Pedernera Ferragut","image":{"@type":"ImageObject","inLanguage":"es-AR","@id":"https:\/\/hcd.malargue.gov.ar\/#\/schema\/person\/image\/","url":"https:\/\/secure.gravatar.com\/avatar\/1054ffab3893de4bb3eb29bdd22f7e34b8537bf5d34d9dab311818154ad5b71f?s=96&d=mm&r=g","contentUrl":"https:\/\/secure.gravatar.com\/avatar\/1054ffab3893de4bb3eb29bdd22f7e34b8537bf5d34d9dab311818154ad5b71f?s=96&d=mm&r=g","caption":"Belen Pedernera Ferragut"},"url":"https:\/\/hcd.malargue.gov.ar\/?author=5"}]}},"_links":{"self":[{"href":"https:\/\/hcd.malargue.gov.ar\/index.php?rest_route=\/wp\/v2\/posts\/37879","targetHints":{"allow":["GET"]}}],"collection":[{"href":"https:\/\/hcd.malargue.gov.ar\/index.php?rest_route=\/wp\/v2\/posts"}],"about":[{"href":"https:\/\/hcd.malargue.gov.ar\/index.php?rest_route=\/wp\/v2\/types\/post"}],"author":[{"embeddable":true,"href":"https:\/\/hcd.malargue.gov.ar\/index.php?rest_route=\/wp\/v2\/users\/5"}],"replies":[{"embeddable":true,"href":"https:\/\/hcd.malargue.gov.ar\/index.php?rest_route=%2Fwp%2Fv2%2Fcomments&post=37879"}],"version-history":[{"count":1,"href":"https:\/\/hcd.malargue.gov.ar\/index.php?rest_route=\/wp\/v2\/posts\/37879\/revisions"}],"predecessor-version":[{"id":37880,"href":"https:\/\/hcd.malargue.gov.ar\/index.php?rest_route=\/wp\/v2\/posts\/37879\/revisions\/37880"}],"wp:featuredmedia":[{"embeddable":true,"href":"https:\/\/hcd.malargue.gov.ar\/index.php?rest_route=\/wp\/v2\/media\/37827"}],"wp:attachment":[{"href":"https:\/\/hcd.malargue.gov.ar\/index.php?rest_route=%2Fwp%2Fv2%2Fmedia&parent=37879"}],"wp:term":[{"taxonomy":"category","embeddable":true,"href":"https:\/\/hcd.malargue.gov.ar\/index.php?rest_route=%2Fwp%2Fv2%2Fcategories&post=37879"},{"taxonomy":"post_tag","embeddable":true,"href":"https:\/\/hcd.malargue.gov.ar\/index.php?rest_route=%2Fwp%2Fv2%2Ftags&post=37879"}],"curies":[{"name":"wp","href":"https:\/\/api.w.org\/{rel}","templated":true}]}}