{"id":37898,"date":"2024-10-23T11:27:26","date_gmt":"2024-10-23T14:27:26","guid":{"rendered":"https:\/\/hcd.malargue.gov.ar\/?p=37898"},"modified":"2024-10-23T11:28:05","modified_gmt":"2024-10-23T14:28:05","slug":"resolucion-n-344-2-024","status":"publish","type":"post","link":"https:\/\/hcd.malargue.gov.ar\/?p=37898","title":{"rendered":"RESOLUCI\u00d3N N\u00b0 344\/2.024"},"content":{"rendered":"\n<h4 class=\"wp-block-heading has-text-align-center\">El HCD solicit\u00f3 intervenci\u00f3n a legisladoras por denuncias de maltrato en el Jard\u00edn N\u00b0 0-101<\/h4>\n\n\n\n<p><em>Padres de alumnos de la sala de 5 a\u00f1os realizaron una denuncia penal y administrativa tras haber reportado comportamientos inapropiados por parte de una docente, como gritos, cambios de nombres a los ni\u00f1os y maltratos f\u00edsicos leves. Estos incidentes fueron comunicados a diversas autoridades educativas y judiciales, incluyendo el ETI y la Direcci\u00f3n General de Escuelas, sin obtener respuestas satisfactorias.<\/em><\/p>\n\n\n\n<p><em>El Proyecto de Resoluci\u00f3n aprobado por este Concejo solicita a las legisladoras que gestionen acciones ante el Ministerio de Educaci\u00f3n y la Direcci\u00f3n General de Escuelas para que intervengan en la situaci\u00f3n, esclarezcan el estado del caso y tomen medidas para garantizar la protecci\u00f3n de los derechos de los ni\u00f1os, de acuerdo con la Ley Nacional N\u00ba 26.061 de protecci\u00f3n integral de ni\u00f1as, ni\u00f1os y adolescentes.<\/em><\/p>\n\n\n\n<p><em>Con esta solicitud, el HCD busca asegurar que se respeten los derechos de los ni\u00f1os como sujetos de derecho, dando prioridad a su bienestar en el entorno educativo y familiar.<\/em><\/p>\n\n\n\n<p class=\"has-text-align-center\"><strong>MIRA LA PIEZA LEGAL COMPLETA<\/strong><\/p>\n\n\n<div class=\"wp-block-image\">\n<figure class=\"alignright is-resized\"><a href=\"http:\/\/hcd.malargue.gov.ar\/2024\/rn%20344%202024%20problemas%20Jardin%20101.pdf\"><img loading=\"lazy\" decoding=\"async\" width=\"512\" height=\"512\" src=\"https:\/\/hcd.malargue.gov.ar\/wp-content\/uploads\/2018\/06\/PDF-JPG.jpg\" alt=\"\" class=\"wp-image-7950\" style=\"width:147px;height:auto\" srcset=\"https:\/\/hcd.malargue.gov.ar\/wp-content\/uploads\/2018\/06\/PDF-JPG.jpg 512w, https:\/\/hcd.malargue.gov.ar\/wp-content\/uploads\/2018\/06\/PDF-JPG-150x150.jpg 150w, https:\/\/hcd.malargue.gov.ar\/wp-content\/uploads\/2018\/06\/PDF-JPG-300x300.jpg 300w\" sizes=\"auto, (max-width: 512px) 100vw, 512px\" \/><\/a><\/figure>\n<\/div>\n\n\n<p><strong>BLOQUE RECONSTRUYENDO MALARG\u00dcE<\/strong><\/p>\n\n\n\n<p><strong>CONCEJALA SILVINA CAMIOLO<\/strong><\/p>\n\n\n\n<p>VISTO: El contenido del Expte. N\u00ba 5.498-HC-070-2.024. Bloque Reconstruyendo Malarg\u00fce. Proyecto de Resoluci\u00f3n: Solicitud de intervenci\u00f3n a Legisladores por el Cuarto Distrito por problemas en Jard\u00edn N\u00ba 0-101 Rosa Isabel Andino del Departamento de Malarg\u00fce.<\/p>\n\n\n\n<p>&nbsp;&nbsp;&nbsp;&nbsp;&nbsp;&nbsp;&nbsp;&nbsp;&nbsp;&nbsp;&nbsp; La nota elevada a la Sra. Concejal Silvina Camiolo, referida a una denuncia penal y administrativa realizada por padres del Jard\u00edn N\u00ba 0-101 Rosa Isabel Andino por &nbsp;maltrato psicol\u00f3gico a ni\u00f1os de sala de 5 a\u00f1os por parte de una docente.<\/p>\n\n\n\n<p>&nbsp;&nbsp;&nbsp;&nbsp;&nbsp;&nbsp;&nbsp;&nbsp;&nbsp;&nbsp;&nbsp; y;<\/p>\n\n\n\n<p>CONSIDERANDO: Que en el mes de junio del corriente a\u00f1o los padres del Jard\u00edn N\u00ba 0-101 Rosa Isabel Andino denunciaron ante la Directora de ese establecimiento lo manifestado por sus hijos y la negativa de los mismos por concurrir a clases.<\/p>\n\n\n\n<p>&nbsp;&nbsp;&nbsp;&nbsp;&nbsp;&nbsp;&nbsp;&nbsp;&nbsp;&nbsp;&nbsp; Que de a poco los ni\u00f1os fueron relatando actitudes de la docente para con ellos, como gritos, penitencias, cambios de nombre de algunos alumnos porque no les gustaba c\u00f3mo se llamaban y pidi\u00e9ndole a los otros compa\u00f1eros que los llamen por el nombre que ella les asignaba, que los apretaba del brazo o sentaba con fuerza en sus sillas.<\/p>\n\n\n\n<p>&nbsp;&nbsp;&nbsp;&nbsp;&nbsp;&nbsp;&nbsp;&nbsp;&nbsp;&nbsp;&nbsp; Que estos comportamientos hacia ni\u00f1os, ni\u00f1as y adolescentes son penados por Ley denominado maltrato psicol\u00f3gico, sumado al maltrato verbal, cambio de su identidad &nbsp;&nbsp;&nbsp; y el f\u00edsico que a veces suelen ser dif\u00edciles de probar, pero deben ser tenidos en cuenta por los relatos de los ni\u00f1os.&nbsp;<\/p>\n\n\n\n<p>&nbsp;&nbsp;&nbsp;&nbsp;&nbsp;&nbsp;&nbsp;&nbsp;&nbsp;&nbsp;&nbsp; Que estos hechos tambi\u00e9n fueron expuestos por los progenitores en distintos \u00f3rganos, como en el Juzgado de Familia donde los derivaron al ETI (EQUIPO T\u00c9CNICO INTERDISCIPLINARIO); en el ETI les labraron una nota para ser enviada a la Sra. Fabiana Glatigny para su conocimiento. En la Subdelegaci\u00f3n Zona Sur de la DGE Malarg\u00fce, solicitando ser recibidos por la Sra. Delegada Prof. Fabiana Glatigny&nbsp; y &nbsp;&nbsp;&nbsp;&nbsp;&nbsp;&nbsp;&nbsp; que fueran guiados de c\u00f3mo proceder y actuar ante esta situaci\u00f3n.<\/p>\n\n\n\n<p>&nbsp;&nbsp;&nbsp;&nbsp;&nbsp;&nbsp;&nbsp;&nbsp;&nbsp;&nbsp;&nbsp; Que ante las respuestas que recibieron por parte de los diferentes \u00f3rganos y entidades a cargo del resguardo de la integridad de ni\u00f1os, ni\u00f1as y adolescentes, los padres decidieron realizar una denuncia penal en contra de esta docente.<\/p>\n\n\n\n<p>&nbsp;&nbsp;&nbsp;&nbsp;&nbsp;&nbsp;&nbsp;&nbsp;&nbsp;&nbsp;&nbsp; Que la convenci\u00f3n sobre los derechos del ni\u00f1o aprobada por Ley N\u00ba 23.849 y bajo el Articulo 75 inc. 22, establece \u201cla obligaci\u00f3n de los estados partes de adoptar todas las medidas legislativas, administrativas, sociales y educativas apropiadas para proteger a los ni\u00f1os y adolescentes contra toda forma de perjuicio o abuso sexual, as\u00ed tambi\u00e9n establecer formas de prevenci\u00f3n e investigaci\u00f3n, y seg\u00fan corresponda la intervenci\u00f3n &nbsp;judicial\u201d asegurando que ning\u00fan ni\u00f1o sea privado de su derecho al disfrute de servicios y diferentes medidas a fin de garantizar esos derechos.<\/p>\n\n\n\n<p>&nbsp;&nbsp;&nbsp;&nbsp;&nbsp;&nbsp;&nbsp;&nbsp;&nbsp;&nbsp;&nbsp; Que la Ley Nacional N\u00ba 26.061 de protecci\u00f3n integral de los derechos de ni\u00f1as, ni\u00f1os y adolescentes establece que las tomas de decisiones de las instituciones p\u00fablicas, &nbsp;privadas, tribunales, autoridades administrativas o los \u00f3rganos legislativosrelacionados con este periodo de vida deber\u00e1n dar prioridad a los derechos y garant\u00edas &nbsp; reconocidos en esta Ley.<\/p>\n\n\n\n<p>&nbsp;&nbsp;&nbsp;&nbsp;&nbsp;&nbsp;&nbsp;&nbsp;&nbsp;&nbsp;&nbsp; Que los derechos y garant\u00edas de ni\u00f1os, ni\u00f1as y adolescentes son irrenunciables, interdependientes e integrales debi\u00e9ndose respetar:<\/p>\n\n\n\n<p>&nbsp;&nbsp;&nbsp;&nbsp;&nbsp;&nbsp;&nbsp;&nbsp;&nbsp;&nbsp;&nbsp;&nbsp;&nbsp;&nbsp;&nbsp;&nbsp;&nbsp;&nbsp;&nbsp;&nbsp;&nbsp;&nbsp;&nbsp; *Su condici\u00f3n de sujeto de derecho<\/p>\n\n\n\n<p>&nbsp;&nbsp;&nbsp;&nbsp;&nbsp;&nbsp;&nbsp;&nbsp;&nbsp;&nbsp;&nbsp;&nbsp;&nbsp;&nbsp;&nbsp;&nbsp;&nbsp;&nbsp;&nbsp;&nbsp;&nbsp;&nbsp;&nbsp; *Su derecho a ser o\u00eddo y que su opini\u00f3n sea tenida en cuenta<\/p>\n\n\n\n<p>&nbsp;&nbsp;&nbsp;&nbsp;&nbsp;&nbsp;&nbsp;&nbsp;&nbsp;&nbsp;&nbsp;&nbsp;&nbsp;&nbsp;&nbsp;&nbsp;&nbsp;&nbsp;&nbsp;&nbsp;&nbsp;&nbsp;&nbsp; *El pleno desarrollo personal en su medio familiar, social y cultural<\/p>\n\n\n\n<p>&nbsp;&nbsp;&nbsp;&nbsp;&nbsp;&nbsp;&nbsp;&nbsp;&nbsp;&nbsp;&nbsp; Que en el Art\u00edculo 5 de la Ley N\u00ba 26.061 nos plantea el concepto de \u201cCentro de Vida\u201d. Se entiende por Centro de Vida el lugar donde ni\u00f1os, ni\u00f1as y adolescentes han permanecido el mayor tiempo de su existencia en condiciones leg\u00edtimas; siendo &nbsp;&nbsp;&nbsp;&nbsp;&nbsp; objetivo principal la protecci\u00f3n en el espacio familiar y el espacio pr\u00f3ximo y comunitario por ejemplo la escuela, como lugar para garantizar sus derechos, el respeto al pleno desarrollo humano, asistiendo, defendiendo y restituyendo derechos.<\/p>\n\n\n\n<p>&nbsp;&nbsp;&nbsp;&nbsp;&nbsp;&nbsp;&nbsp;&nbsp;&nbsp;&nbsp;&nbsp; Que este Concejo reconoce a cada ciudadano como sujeto de Derechos y busca representar sus intereses, sin distinciones.<\/p>\n\n\n\n<p>EL HONORABLE CONCEJO DELIBERANTE DE LA MUNICIPALIDAD DE MALARG\u00dcE EN USO DE LAS FACULTADES QUE LE SON PROPIAS<\/p>\n\n\n\n<p>&nbsp;&nbsp;&nbsp;&nbsp;&nbsp;&nbsp;&nbsp;&nbsp;&nbsp;&nbsp;&nbsp;&nbsp;&nbsp;&nbsp;&nbsp;&nbsp;&nbsp;&nbsp;&nbsp;&nbsp;&nbsp;&nbsp;&nbsp;&nbsp;&nbsp;&nbsp;&nbsp;&nbsp;&nbsp;&nbsp;&nbsp;&nbsp;&nbsp;&nbsp;&nbsp;&nbsp;&nbsp;&nbsp;&nbsp;&nbsp;&nbsp;&nbsp;&nbsp;&nbsp;&nbsp;&nbsp;&nbsp;&nbsp;&nbsp;&nbsp;&nbsp;&nbsp;&nbsp;&nbsp;&nbsp;&nbsp;&nbsp;&nbsp; RESUELVE<\/p>\n\n\n\n<p>ART\u00cdCULO 1\u00ba: Solicitar a las Legisladoras por Malarg\u00fce realicen las gestiones administrativas y legislativas que estimen pertinentes a fin de que el Poder Ejecutivo, a trav\u00e9s del Ministerio de Educaci\u00f3n y Direcci\u00f3n General de Escuelas intervenga sobre los siguientes puntos:<\/p>\n\n\n\n<p>&nbsp;&nbsp;&nbsp;&nbsp;&nbsp;&nbsp;&nbsp;&nbsp;&nbsp;&nbsp;&nbsp; a)Eleve copia del Dictamen emanado por la Junta de Disciplina de Nivel Inicial, respecto a la situaci\u00f3n acaecida en el Jard\u00edn 0-101 y, si esto no fuera posible, los motivos de la negativa a entregar dicha documentaci\u00f3n a los interesados directos<\/p>\n\n\n\n<p>&nbsp;&nbsp;&nbsp;&nbsp;&nbsp;&nbsp;&nbsp;&nbsp;&nbsp;&nbsp;&nbsp; b) Especifique mediante informe cu\u00e1les son los efectores que han actuado en el caso concreto de la Instituci\u00f3n Educativa mencionada en el punto a) como as\u00ed tambi\u00e9n actuaci\u00f3n del Gobierno Escolar con la Familia de los ni\u00f1os y ni\u00f1as.<\/p>\n\n\n\n<p>&nbsp;&nbsp;&nbsp;&nbsp;&nbsp;&nbsp;&nbsp;&nbsp;&nbsp;&nbsp;&nbsp; c) Explique cu\u00e1les son los mecanismos de control que realiza la Direcci\u00f3n de Asuntos Jur\u00eddicos de DGE para la agilizaci\u00f3n de los procesos de Resoluci\u00f3n de los Exptes. ingresados al sistema, siendo el organismo encargado de la resoluci\u00f3n de los mismos.<\/p>\n\n\n\n<p>&nbsp;&nbsp;&nbsp;&nbsp;&nbsp;&nbsp;&nbsp;&nbsp;&nbsp;&nbsp;&nbsp; d) Cualquier otra informaci\u00f3n que considere necesario aportar y sirva para ampliar lo requerido en los puntos anteriores.<\/p>\n\n\n\n<p>ART\u00cdCULO 2\u00ba: Comun\u00edquese, reg\u00edstrese agr\u00e9guese copia de la presente en las actuaciones&nbsp; correspondientes y arch\u00edvese.<\/p>\n\n\n\n<p>DADA EN LA SALA DE SESIONES DR. RICARDO BALBIN DEL HONORABLE CONCEJODELIBERANTE DE LA MUNICIPALIDAD DE MALARG\u00dcE A DIECISIETE D\u00cdAS DE OCTUBRE DE DOS MIL VEINTICUATRO<\/p>\n","protected":false},"excerpt":{"rendered":"<p>El HCD solicit\u00f3 intervenci\u00f3n a legisladoras por denuncias de maltrato en el Jard\u00edn N\u00b0 0-101 Padres de alumnos de la sala de 5 a\u00f1os realizaron una denuncia penal y administrativa tras haber reportado comportamientos inapropiados por parte de una docente, como gritos, cambios de nombres a los ni\u00f1os y maltratos f\u00edsicos leves. Estos incidentes fueron [&hellip;]<\/p>\n","protected":false},"author":5,"featured_media":37899,"comment_status":"closed","ping_status":"closed","sticky":false,"template":"","format":"standard","meta":{"footnotes":""},"categories":[52,29,33,51],"tags":[],"class_list":["post-37898","post","type-post","status-publish","format-standard","has-post-thumbnail","hentry","category-gacetillas","category-lesgilacion","category-prensa","category-resoluciones"],"yoast_head":"<!-- This site is optimized with the Yoast SEO plugin v19.10 - https:\/\/yoast.com\/wordpress\/plugins\/seo\/ -->\n<title>RESOLUCI\u00d3N N\u00b0 344\/2.024 - Malarg\u00fce HCD<\/title>\n<meta name=\"robots\" content=\"index, follow, max-snippet:-1, max-image-preview:large, max-video-preview:-1\" \/>\n<link rel=\"canonical\" href=\"https:\/\/hcd.malargue.gov.ar\/?p=37898\" \/>\n<meta property=\"og:locale\" content=\"es_ES\" \/>\n<meta property=\"og:type\" content=\"article\" \/>\n<meta property=\"og:title\" content=\"RESOLUCI\u00d3N N\u00b0 344\/2.024 - Malarg\u00fce HCD\" \/>\n<meta property=\"og:description\" content=\"El HCD solicit\u00f3 intervenci\u00f3n a legisladoras por denuncias de maltrato en el Jard\u00edn N\u00b0 0-101 Padres de alumnos de la sala de 5 a\u00f1os realizaron una denuncia penal y administrativa tras haber reportado comportamientos inapropiados por parte de una docente, como gritos, cambios de nombres a los ni\u00f1os y maltratos f\u00edsicos leves. Estos incidentes fueron [&hellip;]\" \/>\n<meta property=\"og:url\" content=\"https:\/\/hcd.malargue.gov.ar\/?p=37898\" \/>\n<meta property=\"og:site_name\" content=\"Malarg\u00fce HCD\" \/>\n<meta property=\"article:published_time\" content=\"2024-10-23T14:27:26+00:00\" \/>\n<meta property=\"article:modified_time\" content=\"2024-10-23T14:28:05+00:00\" \/>\n<meta property=\"og:image\" content=\"https:\/\/hcd.malargue.gov.ar\/wp-content\/uploads\/2024\/10\/RESOLUCION-344-2024-1.png\" \/>\n\t<meta property=\"og:image:width\" content=\"940\" \/>\n\t<meta property=\"og:image:height\" content=\"788\" \/>\n\t<meta property=\"og:image:type\" content=\"image\/png\" \/>\n<meta name=\"author\" content=\"Belen Pedernera Ferragut\" \/>\n<meta name=\"twitter:card\" content=\"summary_large_image\" \/>\n<meta name=\"twitter:label1\" content=\"Escrito por\" \/>\n\t<meta name=\"twitter:data1\" content=\"Belen Pedernera Ferragut\" \/>\n\t<meta name=\"twitter:label2\" content=\"Tiempo de lectura\" \/>\n\t<meta name=\"twitter:data2\" content=\"5 minutos\" \/>\n<script type=\"application\/ld+json\" class=\"yoast-schema-graph\">{\"@context\":\"https:\/\/schema.org\",\"@graph\":[{\"@type\":\"WebPage\",\"@id\":\"https:\/\/hcd.malargue.gov.ar\/?p=37898\",\"url\":\"https:\/\/hcd.malargue.gov.ar\/?p=37898\",\"name\":\"RESOLUCI\u00d3N N\u00b0 344\/2.024 - Malarg\u00fce HCD\",\"isPartOf\":{\"@id\":\"https:\/\/hcd.malargue.gov.ar\/#website\"},\"datePublished\":\"2024-10-23T14:27:26+00:00\",\"dateModified\":\"2024-10-23T14:28:05+00:00\",\"author\":{\"@id\":\"https:\/\/hcd.malargue.gov.ar\/#\/schema\/person\/3fd6bbab64edd703961b795156c955d0\"},\"breadcrumb\":{\"@id\":\"https:\/\/hcd.malargue.gov.ar\/?p=37898#breadcrumb\"},\"inLanguage\":\"es-AR\",\"potentialAction\":[{\"@type\":\"ReadAction\",\"target\":[\"https:\/\/hcd.malargue.gov.ar\/?p=37898\"]}]},{\"@type\":\"BreadcrumbList\",\"@id\":\"https:\/\/hcd.malargue.gov.ar\/?p=37898#breadcrumb\",\"itemListElement\":[{\"@type\":\"ListItem\",\"position\":1,\"name\":\"Inicio\",\"item\":\"https:\/\/hcd.malargue.gov.ar\/\"},{\"@type\":\"ListItem\",\"position\":2,\"name\":\"RESOLUCI\u00d3N N\u00b0 344\/2.024\"}]},{\"@type\":\"WebSite\",\"@id\":\"https:\/\/hcd.malargue.gov.ar\/#website\",\"url\":\"https:\/\/hcd.malargue.gov.ar\/\",\"name\":\"Malarg\u00fce HCD\",\"description\":\"Malarg\u00fce Mendoza Argentina\",\"potentialAction\":[{\"@type\":\"SearchAction\",\"target\":{\"@type\":\"EntryPoint\",\"urlTemplate\":\"https:\/\/hcd.malargue.gov.ar\/?s={search_term_string}\"},\"query-input\":\"required name=search_term_string\"}],\"inLanguage\":\"es-AR\"},{\"@type\":\"Person\",\"@id\":\"https:\/\/hcd.malargue.gov.ar\/#\/schema\/person\/3fd6bbab64edd703961b795156c955d0\",\"name\":\"Belen Pedernera Ferragut\",\"image\":{\"@type\":\"ImageObject\",\"inLanguage\":\"es-AR\",\"@id\":\"https:\/\/hcd.malargue.gov.ar\/#\/schema\/person\/image\/\",\"url\":\"https:\/\/secure.gravatar.com\/avatar\/1054ffab3893de4bb3eb29bdd22f7e34b8537bf5d34d9dab311818154ad5b71f?s=96&d=mm&r=g\",\"contentUrl\":\"https:\/\/secure.gravatar.com\/avatar\/1054ffab3893de4bb3eb29bdd22f7e34b8537bf5d34d9dab311818154ad5b71f?s=96&d=mm&r=g\",\"caption\":\"Belen Pedernera Ferragut\"},\"url\":\"https:\/\/hcd.malargue.gov.ar\/?author=5\"}]}<\/script>\n<!-- \/ Yoast SEO plugin. -->","yoast_head_json":{"title":"RESOLUCI\u00d3N N\u00b0 344\/2.024 - Malarg\u00fce HCD","robots":{"index":"index","follow":"follow","max-snippet":"max-snippet:-1","max-image-preview":"max-image-preview:large","max-video-preview":"max-video-preview:-1"},"canonical":"https:\/\/hcd.malargue.gov.ar\/?p=37898","og_locale":"es_ES","og_type":"article","og_title":"RESOLUCI\u00d3N N\u00b0 344\/2.024 - Malarg\u00fce HCD","og_description":"El HCD solicit\u00f3 intervenci\u00f3n a legisladoras por denuncias de maltrato en el Jard\u00edn N\u00b0 0-101 Padres de alumnos de la sala de 5 a\u00f1os realizaron una denuncia penal y administrativa tras haber reportado comportamientos inapropiados por parte de una docente, como gritos, cambios de nombres a los ni\u00f1os y maltratos f\u00edsicos leves. Estos incidentes fueron [&hellip;]","og_url":"https:\/\/hcd.malargue.gov.ar\/?p=37898","og_site_name":"Malarg\u00fce HCD","article_published_time":"2024-10-23T14:27:26+00:00","article_modified_time":"2024-10-23T14:28:05+00:00","og_image":[{"width":940,"height":788,"url":"https:\/\/hcd.malargue.gov.ar\/wp-content\/uploads\/2024\/10\/RESOLUCION-344-2024-1.png","type":"image\/png"}],"author":"Belen Pedernera Ferragut","twitter_card":"summary_large_image","twitter_misc":{"Escrito por":"Belen Pedernera Ferragut","Tiempo de lectura":"5 minutos"},"schema":{"@context":"https:\/\/schema.org","@graph":[{"@type":"WebPage","@id":"https:\/\/hcd.malargue.gov.ar\/?p=37898","url":"https:\/\/hcd.malargue.gov.ar\/?p=37898","name":"RESOLUCI\u00d3N N\u00b0 344\/2.024 - Malarg\u00fce HCD","isPartOf":{"@id":"https:\/\/hcd.malargue.gov.ar\/#website"},"datePublished":"2024-10-23T14:27:26+00:00","dateModified":"2024-10-23T14:28:05+00:00","author":{"@id":"https:\/\/hcd.malargue.gov.ar\/#\/schema\/person\/3fd6bbab64edd703961b795156c955d0"},"breadcrumb":{"@id":"https:\/\/hcd.malargue.gov.ar\/?p=37898#breadcrumb"},"inLanguage":"es-AR","potentialAction":[{"@type":"ReadAction","target":["https:\/\/hcd.malargue.gov.ar\/?p=37898"]}]},{"@type":"BreadcrumbList","@id":"https:\/\/hcd.malargue.gov.ar\/?p=37898#breadcrumb","itemListElement":[{"@type":"ListItem","position":1,"name":"Inicio","item":"https:\/\/hcd.malargue.gov.ar\/"},{"@type":"ListItem","position":2,"name":"RESOLUCI\u00d3N N\u00b0 344\/2.024"}]},{"@type":"WebSite","@id":"https:\/\/hcd.malargue.gov.ar\/#website","url":"https:\/\/hcd.malargue.gov.ar\/","name":"Malarg\u00fce HCD","description":"Malarg\u00fce Mendoza Argentina","potentialAction":[{"@type":"SearchAction","target":{"@type":"EntryPoint","urlTemplate":"https:\/\/hcd.malargue.gov.ar\/?s={search_term_string}"},"query-input":"required name=search_term_string"}],"inLanguage":"es-AR"},{"@type":"Person","@id":"https:\/\/hcd.malargue.gov.ar\/#\/schema\/person\/3fd6bbab64edd703961b795156c955d0","name":"Belen Pedernera Ferragut","image":{"@type":"ImageObject","inLanguage":"es-AR","@id":"https:\/\/hcd.malargue.gov.ar\/#\/schema\/person\/image\/","url":"https:\/\/secure.gravatar.com\/avatar\/1054ffab3893de4bb3eb29bdd22f7e34b8537bf5d34d9dab311818154ad5b71f?s=96&d=mm&r=g","contentUrl":"https:\/\/secure.gravatar.com\/avatar\/1054ffab3893de4bb3eb29bdd22f7e34b8537bf5d34d9dab311818154ad5b71f?s=96&d=mm&r=g","caption":"Belen Pedernera Ferragut"},"url":"https:\/\/hcd.malargue.gov.ar\/?author=5"}]}},"_links":{"self":[{"href":"https:\/\/hcd.malargue.gov.ar\/index.php?rest_route=\/wp\/v2\/posts\/37898","targetHints":{"allow":["GET"]}}],"collection":[{"href":"https:\/\/hcd.malargue.gov.ar\/index.php?rest_route=\/wp\/v2\/posts"}],"about":[{"href":"https:\/\/hcd.malargue.gov.ar\/index.php?rest_route=\/wp\/v2\/types\/post"}],"author":[{"embeddable":true,"href":"https:\/\/hcd.malargue.gov.ar\/index.php?rest_route=\/wp\/v2\/users\/5"}],"replies":[{"embeddable":true,"href":"https:\/\/hcd.malargue.gov.ar\/index.php?rest_route=%2Fwp%2Fv2%2Fcomments&post=37898"}],"version-history":[{"count":2,"href":"https:\/\/hcd.malargue.gov.ar\/index.php?rest_route=\/wp\/v2\/posts\/37898\/revisions"}],"predecessor-version":[{"id":37901,"href":"https:\/\/hcd.malargue.gov.ar\/index.php?rest_route=\/wp\/v2\/posts\/37898\/revisions\/37901"}],"wp:featuredmedia":[{"embeddable":true,"href":"https:\/\/hcd.malargue.gov.ar\/index.php?rest_route=\/wp\/v2\/media\/37899"}],"wp:attachment":[{"href":"https:\/\/hcd.malargue.gov.ar\/index.php?rest_route=%2Fwp%2Fv2%2Fmedia&parent=37898"}],"wp:term":[{"taxonomy":"category","embeddable":true,"href":"https:\/\/hcd.malargue.gov.ar\/index.php?rest_route=%2Fwp%2Fv2%2Fcategories&post=37898"},{"taxonomy":"post_tag","embeddable":true,"href":"https:\/\/hcd.malargue.gov.ar\/index.php?rest_route=%2Fwp%2Fv2%2Ftags&post=37898"}],"curies":[{"name":"wp","href":"https:\/\/api.w.org\/{rel}","templated":true}]}}