{"id":37908,"date":"2024-10-23T12:40:43","date_gmt":"2024-10-23T15:40:43","guid":{"rendered":"https:\/\/hcd.malargue.gov.ar\/?p=37908"},"modified":"2024-10-23T12:40:48","modified_gmt":"2024-10-23T15:40:48","slug":"ordenanza-n-2-299-2-024","status":"publish","type":"post","link":"https:\/\/hcd.malargue.gov.ar\/?p=37908","title":{"rendered":"ORDENANZA N\u00b0 2.299\/2.024"},"content":{"rendered":"\n<h4 class=\"wp-block-heading has-text-align-center\">\ud83c\udfe5<strong>El HCD proh\u00edbe el estacionamiento en el ingreso trasero del Hospital Regional Malarg\u00fce<\/strong>\ud83d\udeab<\/h4>\n\n\n\n<p><em>En la \u00faltima Sesi\u00f3n, el Honorable Concejo Deliberante aprob\u00f3 un Proyecto de Ordenanza que proh\u00edbe el estacionamiento vehicular en la calle Comandante Salas, entre Paseo Gobernadores Mendocinos y calle Rosario Vera Pe\u00f1aloza. Esta medida, que abarca un espacio de 35 metros, busca garantizar un acceso adecuado a los servicios del Hospital Regional Malarg\u00fce, incluyendo la morgue y la recolecci\u00f3n de residuos hospitalarios.<\/em><\/p>\n\n\n\n<p><em>La decisi\u00f3n responde a la necesidad de mejorar la seguridad vial en la zona, tras una serie de incidentes que han puesto en riesgo la integridad de los ciudadanos y dificultado el normal funcionamiento del hospital. La Ordenanza tambi\u00e9n establece la colocaci\u00f3n de carteler\u00eda vial correspondiente y un per\u00edodo de concientizaci\u00f3n de 60 d\u00edas para informar a la comunidad sobre esta modificaci\u00f3n.<\/em><\/p>\n\n\n\n<p><em>Con esta iniciativa, el Concejo busca priorizar la seguridad y el bienestar de los usuarios del hospital, asegurando un acceso fluido y seguro a los servicios esenciales.<\/em><\/p>\n\n\n\n<p class=\"has-text-align-center\"><strong>MIRA LA PIEZA LEGAL COMPLETA<\/strong><\/p>\n\n\n<div class=\"wp-block-image\">\n<figure class=\"alignright is-resized\"><a href=\"http:\/\/hcd.malargue.gov.ar\/2024\/on%202299%202024%20%20Prohibir%20estacionamiento%20trasero%20Hospital.pdf\"><img loading=\"lazy\" decoding=\"async\" width=\"512\" height=\"512\" src=\"https:\/\/hcd.malargue.gov.ar\/wp-content\/uploads\/2018\/06\/PDF-JPG.jpg\" alt=\"\" class=\"wp-image-7950\" style=\"width:135px;height:auto\" srcset=\"https:\/\/hcd.malargue.gov.ar\/wp-content\/uploads\/2018\/06\/PDF-JPG.jpg 512w, https:\/\/hcd.malargue.gov.ar\/wp-content\/uploads\/2018\/06\/PDF-JPG-150x150.jpg 150w, https:\/\/hcd.malargue.gov.ar\/wp-content\/uploads\/2018\/06\/PDF-JPG-300x300.jpg 300w\" sizes=\"auto, (max-width: 512px) 100vw, 512px\" \/><\/a><\/figure>\n<\/div>\n\n\n<p><strong>AUTORA: CONCEJAL VIVIANA MOSCA<\/strong><\/p>\n\n\n\n<p><strong>BLOQUE FRENTE CAMBIA MENDOZA<\/strong><\/p>\n\n\n\n<p>VISTO: El contenido del Expte. N\u00b0 5.348-HC-059-2.023. Bloque Frente Cambia Mendoza. Proyecto de Ordenanza: Prohibir el estacionamiento vehicular&nbsp; en el ingreso trasero del Hospital&nbsp; Regional&nbsp; Malarg\u00fce, calle Comandante Salas.<\/p>\n\n\n\n<p>\u00a0\u00a0\u00a0\u00a0\u00a0\u00a0\u00a0\u00a0\u00a0\u00a0\u00a0 La Ley Org\u00e1nica de Municipalidades N\u00b0 1.079 en su Art\u00edculo 79\u00b0, inc. 7, establece que: \u201cCorresponde al Concejo\u00a0 en lo relativo a seguridad determinar\u00a0 y reglamentar\u00a0 la ubicaci\u00f3n\u00a0 y tr\u00e1fico de\u00a0 los veh\u00edculos en los lugares y calles p\u00fablicas\u2026\u201d<\/p>\n\n\n\n<p>&nbsp;&nbsp;&nbsp;&nbsp;&nbsp;&nbsp;&nbsp;&nbsp;&nbsp;&nbsp;&nbsp; y;<\/p>\n\n\n\n<p>CONSIDERANDO:&nbsp; Que es responsabilidad de las Autoridades Municipales aplicar normativas que asegure la menor cantidad&nbsp; de accidentes , siniestros viales y por lo&nbsp; tanto,&nbsp; la buena&nbsp; convivencia&nbsp; en la&nbsp; v\u00eda p\u00fablica.<\/p>\n\n\n\n<p>&nbsp;&nbsp;&nbsp;&nbsp;&nbsp;&nbsp;&nbsp;&nbsp;&nbsp;&nbsp;&nbsp; Que en el Art\u00edculo 49\u00b0 inc. B de la Ley Nacional de Tr\u00e1nsito N\u00b0 24.449, se establece que: \u201cNo se debe estacionar ni autorizarse el mismo:<\/p>\n\n\n\n<p>&nbsp;&nbsp;&nbsp;&nbsp;&nbsp;&nbsp;&nbsp;&nbsp;&nbsp;&nbsp;&nbsp; 1. En todo lugar donde se pueda afectar la seguridad,&nbsp; visibilidad&nbsp; o fluidez del tr\u00e1nsito&nbsp; o se oculte la se\u00f1alizaci\u00f3n.<\/p>\n\n\n\n<p>&nbsp;&nbsp;&nbsp;&nbsp;&nbsp;&nbsp;&nbsp;&nbsp;&nbsp;&nbsp;&nbsp; 2. Frente a la puerta de Hospitales, Escuelas y otros&nbsp; servicios&nbsp; p\u00fablicos, hasta diez metros a cada&nbsp; lado de ellos, salvo los veh\u00edculos&nbsp; relacionados&nbsp; a la funci\u00f3n&nbsp; del Establecimiento\u201d.<\/p>\n\n\n\n<p>\u00a0\u00a0\u00a0\u00a0\u00a0\u00a0\u00a0\u00a0\u00a0\u00a0\u00a0 Que asimismo la Ley Provincial de Tr\u00e1nsito\u00a0 N\u00b0 9.024 regula el uso de la\u00a0 v\u00eda p\u00fablica, la circulaci\u00f3n\u00a0 de personas, veh\u00edculos terrestres y animales, el transporte de cargas y pasajeros, la\u00a0 seguridad, infraestructura vial y el\u00a0 medio\u00a0 ambiente, en cuanto\u00a0 fueran\u00a0 causa del tr\u00e1nsito, excluidos\u00a0 los\u00a0 ferrocarriles, con el objeto\u00a0 de proteger\u00a0 la vida y la seguridad vial de las personas.<\/p>\n\n\n\n<p>\u00a0\u00a0\u00a0\u00a0\u00a0\u00a0\u00a0\u00a0\u00a0\u00a0\u00a0 Que la misma , en su Art\u00edculo 6\u00b0 hace menci\u00f3n\u00a0 de que: \u201c Los Municipios, dentro\u00a0 de los l\u00edmites de sus\u00a0 respectivas jurisdicciones y de conformidad con las facultades otorgadas por el inciso 3\u00b0 del Art\u00edculo 200 de la Constituci\u00f3n\u00a0 Provincial y en ejercicio \u00a0\u00a0\u00a0del Poder de Polic\u00eda que les es propio,\u00a0 deber\u00e1n:<\/p>\n\n\n\n<p>&nbsp;&nbsp;&nbsp;&nbsp;&nbsp;&nbsp;&nbsp;&nbsp;&nbsp;&nbsp;&nbsp; a)Dictar las Ordenanzas sobre&nbsp; la materia&nbsp; en&nbsp; cuestiones de \u00edndole local, siempre y cuando las&nbsp; mismas no se contrapongan&nbsp; con el sistema vial interjurisdiccional tanto&nbsp; &nbsp; &nbsp;Provincial&nbsp; como&nbsp; Nacional \u2026\u201d<\/p>\n\n\n\n<p>\u00a0\u00a0\u00a0\u00a0\u00a0\u00a0\u00a0\u00a0\u00a0\u00a0\u00a0 Que en el Art\u00edculo 54\u00ba se establece que: \u201cQuedar\u00e1 prohibido el estacionamiento de \u00a0\u00a0veh\u00edculos a menos de cinco (5) metros de cada\u00a0 lado del ingreso\u00a0 a Hospitales, Dispensarios, Sanatorios y Salas Velatorias\u2026\u201d.<\/p>\n\n\n\n<p>\u00a0\u00a0\u00a0\u00a0\u00a0\u00a0\u00a0\u00a0\u00a0\u00a0\u00a0 Que seg\u00fan la Ordenanza N\u00b0 2.177\/2.023, se establece\u00a0 el sentido\u00a0 \u00fanico de circulaci\u00f3n\u00a0 Este- Oeste de\u00a0 la calle Comandante Salas, debido\u00a0 a la necesidad\u00a0 de descomprimir\u00a0 y ordenar\u00a0 el tr\u00e1nsito especialmente\u00a0 en los\u00a0 horarios de ingreso y salida\u00a0 de establecimientos escolares, para poder\u00a0 brindar\u00a0 mayor seguridad\u00a0 a los ni\u00f1os\u00a0 que \u00a0\u00a0\u00a0\u00a0\u00a0 asisten\u00a0 a las \u00a0Escuelas \u00a0y a sus familias.<\/p>\n\n\n\n<p>&nbsp;&nbsp;&nbsp;&nbsp;&nbsp;&nbsp;&nbsp;&nbsp;&nbsp;&nbsp;&nbsp; Que&nbsp; el Hospital&nbsp; Regional&nbsp; Malarg\u00fce, est\u00e1 ubicado en la calle&nbsp; Esquivel Aldao, entre&nbsp; Comandante Salas y Avda. Gral Roca.<\/p>\n\n\n\n<p>&nbsp;&nbsp;&nbsp;&nbsp;&nbsp;&nbsp;&nbsp;&nbsp;&nbsp;&nbsp;&nbsp; Que resulta necesario dar soluci\u00f3n&nbsp; definitiva a hechos&nbsp; ocurridos frecuentemente en la calle&nbsp; de&nbsp; referencia, tales como:<\/p>\n\n\n\n<p>&nbsp;&nbsp;&nbsp;&nbsp;&nbsp;&nbsp;&nbsp;&nbsp;&nbsp;&nbsp;&nbsp; &nbsp;&nbsp;&nbsp;&nbsp;&nbsp;&nbsp;&nbsp;&nbsp;&nbsp;&nbsp;&nbsp; *Accidentes&nbsp; vehiculares.<\/p>\n\n\n\n<p>&nbsp;&nbsp;&nbsp;&nbsp;&nbsp;&nbsp;&nbsp;&nbsp;&nbsp;&nbsp;&nbsp; &nbsp;&nbsp;&nbsp;&nbsp;&nbsp;&nbsp;&nbsp;&nbsp;&nbsp;&nbsp;&nbsp; *Interrupci\u00f3n&nbsp; del paso&nbsp; hacia&nbsp; la morgue del Hospital.<\/p>\n\n\n\n<p>&nbsp;&nbsp;&nbsp;&nbsp;&nbsp;&nbsp;&nbsp;&nbsp;&nbsp;&nbsp;&nbsp; &nbsp;&nbsp;&nbsp;&nbsp;&nbsp;&nbsp;&nbsp;&nbsp;&nbsp;&nbsp;&nbsp; *Interrupci\u00f3n&nbsp; del levantamiento&nbsp; de residuos hospitalarios.<\/p>\n\n\n\n<p>\u00a0\u00a0\u00a0\u00a0\u00a0\u00a0\u00a0\u00a0\u00a0\u00a0\u00a0 Que los hechos mencionados\u00a0 anteriormente\u00a0 se deben\u00a0 a la gran\u00a0 cantidad de veh\u00edculos \u00a0que se\u00a0 estacionan\u00a0 sobre el ingreso trasero del Hospital Malarg\u00fce.<\/p>\n\n\n\n<p>&nbsp;&nbsp;&nbsp;&nbsp;&nbsp;&nbsp;&nbsp;&nbsp;&nbsp;&nbsp;&nbsp; Que en reiteradas oportunidades , el desorden vehicular&nbsp; en esa zona de la Ciudad, altera el normal&nbsp; movimiento&nbsp; poniendo&nbsp; en riesgo&nbsp; la vida de las&nbsp; personas&nbsp; y&nbsp; evitando&nbsp; el correcto&nbsp; acceso a uno de los&nbsp; servicios del Hospital.<\/p>\n\n\n\n<p>&nbsp;&nbsp;&nbsp;&nbsp;&nbsp;&nbsp;&nbsp;&nbsp;&nbsp;&nbsp;&nbsp; Que la presente iniciativa responde&nbsp; a pedidos&nbsp; por parte&nbsp; de Autoridades y personal del mismo, por lo que es oportuno manifestarse al respecto.&nbsp;<\/p>\n\n\n\n<p>EL HONORABLE CONCEJO DELIBERANTE DE LA MUNICIPALIDAD DE MALARG\u00dcE EN USO DE LAS FACULTADES QUE LE SON PROPIAS<\/p>\n\n\n\n<p>ORDENA<\/p>\n\n\n\n<p>ARTICULO 1\u00b0: Proh\u00edbase&nbsp; el estacionamiento&nbsp; en&nbsp; calle Comandante Salas entre Paseo Gobernadores Mendocinos&nbsp; y calle&nbsp; Rosario Vera Pe\u00f1aloza, demarcando&nbsp; un espacio de 35 (treinta y cinco ) metros, que comprende&nbsp; el acceso a los servicios&nbsp; e ingreso a morgue del&nbsp; Hospital Regional Malarg\u00fce.<\/p>\n\n\n\n<p>ARTICULO 2\u00b0: Col\u00f3quese la carteler\u00eda vial correspondiente con la indicaci\u00f3n de \u201cProhibido Estacionar\u201d y el n\u00famero de la presente pieza legal.<\/p>\n\n\n\n<p>ARTICULO 3\u00b0: Encomi\u00e9ndese a los Organismos competentes que durante\u00a0 los\u00a0 sesenta (60) d\u00edas\u00a0 posteriores\u00a0 de ser publicada la\u00a0 presente pieza legal se\u00a0 informe y\u00a0 concientice a \u00a0la\u00a0 poblaci\u00f3n\u00a0 de las\u00a0 modificaciones\u00a0 de circulaci\u00f3n\u00a0 que\u00a0 promueve y as\u00ed\u00a0 evitar\u00a0 realizar las\u00a0 multas\u00a0 correspondientes.<\/p>\n\n\n\n<p>ARTICULO 4\u00b0:&nbsp; Rem\u00edtase copia de la presente&nbsp; pieza legal&nbsp; a la Direcci\u00f3n&nbsp; de V\u00edas y Medios de Transporte &nbsp;Delegaci\u00f3n&nbsp; Malarg\u00fce, Polic\u00eda Vial Delegaci\u00f3n&nbsp; Malarg\u00fce, Direcci\u00f3n&nbsp; de Seguridad Ciudadana y a los medios de comunicaci\u00f3n&nbsp; locales para conocimiento&nbsp; de la misma y dem\u00e1s efectos que estime corresponder.<\/p>\n\n\n\n<p>ARTICULO 5\u00b0: Comun\u00edquese, reg\u00edstrese, c\u00famplase, publ\u00edquese, agr\u00e9guese copia de la presente en las actuaciones correspondientes y arch\u00edvese.<\/p>\n\n\n\n<p>DADA EN LA SALA DE SESIONES DR. RICARDO BALBIN DEL HONORABLE CONCEJO DELIBERANTE DE LA MUNICIPALIDAD DE MALARG\u00dcE A DIECISIETE D\u00cdAS DE OCTUBRE DE DOS MIL VEINTICUATRO.<\/p>\n\n\n\n<p><\/p>\n","protected":false},"excerpt":{"rendered":"<p>\ud83c\udfe5El HCD proh\u00edbe el estacionamiento en el ingreso trasero del Hospital Regional Malarg\u00fce\ud83d\udeab En la \u00faltima Sesi\u00f3n, el Honorable Concejo Deliberante aprob\u00f3 un Proyecto de Ordenanza que proh\u00edbe el estacionamiento vehicular en la calle Comandante Salas, entre Paseo Gobernadores Mendocinos y calle Rosario Vera Pe\u00f1aloza. Esta medida, que abarca un espacio de 35 metros, busca [&hellip;]<\/p>\n","protected":false},"author":5,"featured_media":37910,"comment_status":"closed","ping_status":"closed","sticky":false,"template":"","format":"standard","meta":{"footnotes":""},"categories":[52,29,48,33],"tags":[],"class_list":["post-37908","post","type-post","status-publish","format-standard","has-post-thumbnail","hentry","category-gacetillas","category-lesgilacion","category-ordenanzas-municipales","category-prensa"],"yoast_head":"<!-- This site is optimized with the Yoast SEO plugin v19.10 - https:\/\/yoast.com\/wordpress\/plugins\/seo\/ -->\n<title>ORDENANZA N\u00b0 2.299\/2.024 - Malarg\u00fce HCD<\/title>\n<meta name=\"robots\" content=\"index, follow, max-snippet:-1, max-image-preview:large, max-video-preview:-1\" \/>\n<link rel=\"canonical\" href=\"https:\/\/hcd.malargue.gov.ar\/?p=37908\" \/>\n<meta property=\"og:locale\" content=\"es_ES\" \/>\n<meta property=\"og:type\" content=\"article\" \/>\n<meta property=\"og:title\" content=\"ORDENANZA N\u00b0 2.299\/2.024 - Malarg\u00fce HCD\" \/>\n<meta property=\"og:description\" content=\"\ud83c\udfe5El HCD proh\u00edbe el estacionamiento en el ingreso trasero del Hospital Regional Malarg\u00fce\ud83d\udeab En la \u00faltima Sesi\u00f3n, el Honorable Concejo Deliberante aprob\u00f3 un Proyecto de Ordenanza que proh\u00edbe el estacionamiento vehicular en la calle Comandante Salas, entre Paseo Gobernadores Mendocinos y calle Rosario Vera Pe\u00f1aloza. Esta medida, que abarca un espacio de 35 metros, busca [&hellip;]\" \/>\n<meta property=\"og:url\" content=\"https:\/\/hcd.malargue.gov.ar\/?p=37908\" \/>\n<meta property=\"og:site_name\" content=\"Malarg\u00fce HCD\" \/>\n<meta property=\"article:published_time\" content=\"2024-10-23T15:40:43+00:00\" \/>\n<meta property=\"article:modified_time\" content=\"2024-10-23T15:40:48+00:00\" \/>\n<meta property=\"og:image\" content=\"https:\/\/hcd.malargue.gov.ar\/wp-content\/uploads\/2024\/10\/ORDENANZA-2299.png\" \/>\n\t<meta property=\"og:image:width\" content=\"940\" \/>\n\t<meta property=\"og:image:height\" content=\"788\" \/>\n\t<meta property=\"og:image:type\" content=\"image\/png\" \/>\n<meta name=\"author\" content=\"Belen Pedernera Ferragut\" \/>\n<meta name=\"twitter:card\" content=\"summary_large_image\" \/>\n<meta name=\"twitter:label1\" content=\"Escrito por\" \/>\n\t<meta name=\"twitter:data1\" content=\"Belen Pedernera Ferragut\" \/>\n\t<meta name=\"twitter:label2\" content=\"Tiempo de lectura\" \/>\n\t<meta name=\"twitter:data2\" content=\"5 minutos\" \/>\n<script type=\"application\/ld+json\" class=\"yoast-schema-graph\">{\"@context\":\"https:\/\/schema.org\",\"@graph\":[{\"@type\":\"WebPage\",\"@id\":\"https:\/\/hcd.malargue.gov.ar\/?p=37908\",\"url\":\"https:\/\/hcd.malargue.gov.ar\/?p=37908\",\"name\":\"ORDENANZA N\u00b0 2.299\/2.024 - Malarg\u00fce HCD\",\"isPartOf\":{\"@id\":\"https:\/\/hcd.malargue.gov.ar\/#website\"},\"datePublished\":\"2024-10-23T15:40:43+00:00\",\"dateModified\":\"2024-10-23T15:40:48+00:00\",\"author\":{\"@id\":\"https:\/\/hcd.malargue.gov.ar\/#\/schema\/person\/3fd6bbab64edd703961b795156c955d0\"},\"breadcrumb\":{\"@id\":\"https:\/\/hcd.malargue.gov.ar\/?p=37908#breadcrumb\"},\"inLanguage\":\"es-AR\",\"potentialAction\":[{\"@type\":\"ReadAction\",\"target\":[\"https:\/\/hcd.malargue.gov.ar\/?p=37908\"]}]},{\"@type\":\"BreadcrumbList\",\"@id\":\"https:\/\/hcd.malargue.gov.ar\/?p=37908#breadcrumb\",\"itemListElement\":[{\"@type\":\"ListItem\",\"position\":1,\"name\":\"Inicio\",\"item\":\"https:\/\/hcd.malargue.gov.ar\/\"},{\"@type\":\"ListItem\",\"position\":2,\"name\":\"ORDENANZA N\u00b0 2.299\/2.024\"}]},{\"@type\":\"WebSite\",\"@id\":\"https:\/\/hcd.malargue.gov.ar\/#website\",\"url\":\"https:\/\/hcd.malargue.gov.ar\/\",\"name\":\"Malarg\u00fce HCD\",\"description\":\"Malarg\u00fce Mendoza Argentina\",\"potentialAction\":[{\"@type\":\"SearchAction\",\"target\":{\"@type\":\"EntryPoint\",\"urlTemplate\":\"https:\/\/hcd.malargue.gov.ar\/?s={search_term_string}\"},\"query-input\":\"required name=search_term_string\"}],\"inLanguage\":\"es-AR\"},{\"@type\":\"Person\",\"@id\":\"https:\/\/hcd.malargue.gov.ar\/#\/schema\/person\/3fd6bbab64edd703961b795156c955d0\",\"name\":\"Belen Pedernera Ferragut\",\"image\":{\"@type\":\"ImageObject\",\"inLanguage\":\"es-AR\",\"@id\":\"https:\/\/hcd.malargue.gov.ar\/#\/schema\/person\/image\/\",\"url\":\"https:\/\/secure.gravatar.com\/avatar\/1054ffab3893de4bb3eb29bdd22f7e34b8537bf5d34d9dab311818154ad5b71f?s=96&d=mm&r=g\",\"contentUrl\":\"https:\/\/secure.gravatar.com\/avatar\/1054ffab3893de4bb3eb29bdd22f7e34b8537bf5d34d9dab311818154ad5b71f?s=96&d=mm&r=g\",\"caption\":\"Belen Pedernera Ferragut\"},\"url\":\"https:\/\/hcd.malargue.gov.ar\/?author=5\"}]}<\/script>\n<!-- \/ Yoast SEO plugin. -->","yoast_head_json":{"title":"ORDENANZA N\u00b0 2.299\/2.024 - Malarg\u00fce HCD","robots":{"index":"index","follow":"follow","max-snippet":"max-snippet:-1","max-image-preview":"max-image-preview:large","max-video-preview":"max-video-preview:-1"},"canonical":"https:\/\/hcd.malargue.gov.ar\/?p=37908","og_locale":"es_ES","og_type":"article","og_title":"ORDENANZA N\u00b0 2.299\/2.024 - Malarg\u00fce HCD","og_description":"\ud83c\udfe5El HCD proh\u00edbe el estacionamiento en el ingreso trasero del Hospital Regional Malarg\u00fce\ud83d\udeab En la \u00faltima Sesi\u00f3n, el Honorable Concejo Deliberante aprob\u00f3 un Proyecto de Ordenanza que proh\u00edbe el estacionamiento vehicular en la calle Comandante Salas, entre Paseo Gobernadores Mendocinos y calle Rosario Vera Pe\u00f1aloza. Esta medida, que abarca un espacio de 35 metros, busca [&hellip;]","og_url":"https:\/\/hcd.malargue.gov.ar\/?p=37908","og_site_name":"Malarg\u00fce HCD","article_published_time":"2024-10-23T15:40:43+00:00","article_modified_time":"2024-10-23T15:40:48+00:00","og_image":[{"width":940,"height":788,"url":"https:\/\/hcd.malargue.gov.ar\/wp-content\/uploads\/2024\/10\/ORDENANZA-2299.png","type":"image\/png"}],"author":"Belen Pedernera Ferragut","twitter_card":"summary_large_image","twitter_misc":{"Escrito por":"Belen Pedernera Ferragut","Tiempo de lectura":"5 minutos"},"schema":{"@context":"https:\/\/schema.org","@graph":[{"@type":"WebPage","@id":"https:\/\/hcd.malargue.gov.ar\/?p=37908","url":"https:\/\/hcd.malargue.gov.ar\/?p=37908","name":"ORDENANZA N\u00b0 2.299\/2.024 - Malarg\u00fce HCD","isPartOf":{"@id":"https:\/\/hcd.malargue.gov.ar\/#website"},"datePublished":"2024-10-23T15:40:43+00:00","dateModified":"2024-10-23T15:40:48+00:00","author":{"@id":"https:\/\/hcd.malargue.gov.ar\/#\/schema\/person\/3fd6bbab64edd703961b795156c955d0"},"breadcrumb":{"@id":"https:\/\/hcd.malargue.gov.ar\/?p=37908#breadcrumb"},"inLanguage":"es-AR","potentialAction":[{"@type":"ReadAction","target":["https:\/\/hcd.malargue.gov.ar\/?p=37908"]}]},{"@type":"BreadcrumbList","@id":"https:\/\/hcd.malargue.gov.ar\/?p=37908#breadcrumb","itemListElement":[{"@type":"ListItem","position":1,"name":"Inicio","item":"https:\/\/hcd.malargue.gov.ar\/"},{"@type":"ListItem","position":2,"name":"ORDENANZA N\u00b0 2.299\/2.024"}]},{"@type":"WebSite","@id":"https:\/\/hcd.malargue.gov.ar\/#website","url":"https:\/\/hcd.malargue.gov.ar\/","name":"Malarg\u00fce HCD","description":"Malarg\u00fce Mendoza Argentina","potentialAction":[{"@type":"SearchAction","target":{"@type":"EntryPoint","urlTemplate":"https:\/\/hcd.malargue.gov.ar\/?s={search_term_string}"},"query-input":"required name=search_term_string"}],"inLanguage":"es-AR"},{"@type":"Person","@id":"https:\/\/hcd.malargue.gov.ar\/#\/schema\/person\/3fd6bbab64edd703961b795156c955d0","name":"Belen Pedernera Ferragut","image":{"@type":"ImageObject","inLanguage":"es-AR","@id":"https:\/\/hcd.malargue.gov.ar\/#\/schema\/person\/image\/","url":"https:\/\/secure.gravatar.com\/avatar\/1054ffab3893de4bb3eb29bdd22f7e34b8537bf5d34d9dab311818154ad5b71f?s=96&d=mm&r=g","contentUrl":"https:\/\/secure.gravatar.com\/avatar\/1054ffab3893de4bb3eb29bdd22f7e34b8537bf5d34d9dab311818154ad5b71f?s=96&d=mm&r=g","caption":"Belen Pedernera Ferragut"},"url":"https:\/\/hcd.malargue.gov.ar\/?author=5"}]}},"_links":{"self":[{"href":"https:\/\/hcd.malargue.gov.ar\/index.php?rest_route=\/wp\/v2\/posts\/37908","targetHints":{"allow":["GET"]}}],"collection":[{"href":"https:\/\/hcd.malargue.gov.ar\/index.php?rest_route=\/wp\/v2\/posts"}],"about":[{"href":"https:\/\/hcd.malargue.gov.ar\/index.php?rest_route=\/wp\/v2\/types\/post"}],"author":[{"embeddable":true,"href":"https:\/\/hcd.malargue.gov.ar\/index.php?rest_route=\/wp\/v2\/users\/5"}],"replies":[{"embeddable":true,"href":"https:\/\/hcd.malargue.gov.ar\/index.php?rest_route=%2Fwp%2Fv2%2Fcomments&post=37908"}],"version-history":[{"count":1,"href":"https:\/\/hcd.malargue.gov.ar\/index.php?rest_route=\/wp\/v2\/posts\/37908\/revisions"}],"predecessor-version":[{"id":37916,"href":"https:\/\/hcd.malargue.gov.ar\/index.php?rest_route=\/wp\/v2\/posts\/37908\/revisions\/37916"}],"wp:featuredmedia":[{"embeddable":true,"href":"https:\/\/hcd.malargue.gov.ar\/index.php?rest_route=\/wp\/v2\/media\/37910"}],"wp:attachment":[{"href":"https:\/\/hcd.malargue.gov.ar\/index.php?rest_route=%2Fwp%2Fv2%2Fmedia&parent=37908"}],"wp:term":[{"taxonomy":"category","embeddable":true,"href":"https:\/\/hcd.malargue.gov.ar\/index.php?rest_route=%2Fwp%2Fv2%2Fcategories&post=37908"},{"taxonomy":"post_tag","embeddable":true,"href":"https:\/\/hcd.malargue.gov.ar\/index.php?rest_route=%2Fwp%2Fv2%2Ftags&post=37908"}],"curies":[{"name":"wp","href":"https:\/\/api.w.org\/{rel}","templated":true}]}}