{"id":37917,"date":"2024-10-23T12:48:29","date_gmt":"2024-10-23T15:48:29","guid":{"rendered":"https:\/\/hcd.malargue.gov.ar\/?p=37917"},"modified":"2024-10-23T12:48:32","modified_gmt":"2024-10-23T15:48:32","slug":"acta-29-sesion-ordinaria-n-1-177-o-17-10-2-024","status":"publish","type":"post","link":"https:\/\/hcd.malargue.gov.ar\/?p=37917","title":{"rendered":"ACTA 29\u00b0 SESION ORDINARIA N\u00b0 1.177 \u2013 \u201cO\u201d &#8211; 17\/10\/2.024"},"content":{"rendered":"<div class=\"wp-block-image\">\n<figure class=\"alignright size-full is-resized\"><a href=\"http:\/\/hcd.malargue.gov.ar\/2024\/29%20ACTA%20SESION%20ORDINARIA%20N%201.177-O-2024.pdf\"><img loading=\"lazy\" decoding=\"async\" width=\"512\" height=\"512\" src=\"https:\/\/hcd.malargue.gov.ar\/wp-content\/uploads\/2018\/06\/PDF-JPG.jpg\" alt=\"\" class=\"wp-image-7950\" style=\"width:141px;height:auto\" srcset=\"https:\/\/hcd.malargue.gov.ar\/wp-content\/uploads\/2018\/06\/PDF-JPG.jpg 512w, https:\/\/hcd.malargue.gov.ar\/wp-content\/uploads\/2018\/06\/PDF-JPG-150x150.jpg 150w, https:\/\/hcd.malargue.gov.ar\/wp-content\/uploads\/2018\/06\/PDF-JPG-300x300.jpg 300w\" sizes=\"auto, (max-width: 512px) 100vw, 512px\" \/><\/a><\/figure>\n<\/div>\n\n\n<p>En Malarg\u00fce Mendoza a diecisiete&nbsp; d\u00edas de octubre de 2.024, cuando es la hora 09:30,&nbsp; se re\u00fane el Honorable Concejo Deliberante de la Municipalidad de Malarg\u00fce para celebrar la Sesi\u00f3n Ordinaria del d\u00eda de la fecha.\/ Bajo la&nbsp;&nbsp; Presidencia de su titular Dn. Rodrigo Hidalgo&nbsp;&nbsp; y&nbsp; la presencia de los Se\u00f1ores&nbsp; Concejales&nbsp; Viviana Mosca, Pablo Villarruel, Elizabeth Gonz\u00e1lez, Mart\u00edn Palma, Francisco Parada,&nbsp; Silvina Camiolo, Emilce Mansilla, Magali&nbsp; Acosta y Pablo Cabrera.\/\/ Se firma el Libro de asistencia donde consta &nbsp;que no hay ausencias.\/\/&nbsp;&nbsp; a) Para dar comienzo al desarrollo del Orden del d\u00eda&nbsp; se invita al Sr. Concejal Pablo Antonio Cabrera a izar la Ense\u00f1a Patria.\/\/ b)&nbsp; Homenaje de los Se\u00f1ores Concejales. Solicita la palabra la Concejal CAMIOLO y manifiesta:&nbsp; Gracias, Se\u00f1or Presidente voy a ser muy breve. Hoy 17 de octubre hay un movimiento en Argentina, un partido pol\u00edtico que celebra su nacimiento en 1945 y el 17 de octubre tambi\u00e9n se lo considera el D\u00eda de la Lealtad y es la fecha m\u00e1s celebrada por el Peronismo en funci\u00f3n de un pedido popular que permiti\u00f3 la liberaci\u00f3n del General, a partir de ah\u00ed un movimiento popular, que ha abrazado muchas causas de las que me siento orgullosa de haber defendido en m\u00e1s de una oportunidad y principalmente ha logrado acuerdos que trascendieron las fronteras de su partido. Ha logrado entender que de los errores hay que aprender, hay que tomarlos para poder emerger, un partido que adem\u00e1s logr\u00f3 acuerdos hist\u00f3ricos con la Uni\u00f3n C\u00edvica Radical, que hasta ese momento hab\u00eda sido el partido que representaba m\u00e1s los intereses en Argentina y de los argentinos de &nbsp;los m\u00e1s d\u00e9biles y vulnerables, llevando la Vicepresidencia a grandes referentes de dicho movimiento, una persona como el General, que tambi\u00e9n se puede fundir en un abrazo con Balb\u00edn, nosotros tenemos Salas tanto con el nombre de Per\u00f3n y Balb\u00edn tratando de hacer alusi\u00f3n a ese momento y ese abrazo que previo al abrazo habian diferencias, si se quisiera irreconciliables y en ese abrazo, en un gesto de abrazo a la democracia, es que se logr\u00f3 un entendimiento en las partes, donde&nbsp; se prioriza en este recinto y que m\u00e1s all\u00e1 de las diferencias logremos una lealtad primeramente a nuestra patria, porque la lealtad que celebra el Justicialismo no es a las personas, a los nombres propios , vas a ver que a veces eso pasa desde las militancias, la lealtad siempre est\u00e1, la parte segunda al movimiento y por \u00faltimo a los hombres, ojal\u00e1 tengamos la capacidad de hacer eso todos los d\u00edas de nuestra vida y m\u00e1s all\u00e1 de no estar en la fuerza, de &nbsp;no ser afiliados, tengamos todos presentes que la primera lealtad que nosotros debemos y m\u00e1s cuando hacemos pol\u00edtica es a nuestra patria, despu\u00e9s vendr\u00e1n los movimientos y las instituciones y finalmente los hombres, ojal\u00e1 tengamos este concepto y este el orden de prioridades y nos demos cuenta. Que el abrazo de Peron y&nbsp; Balbin y puede ser un abrazo con cualquiera fuerza partidaria, porque primero est\u00e1 la Patria y la Libertad. Muchas gracias, Se\u00f1or Presidente.\/\/ c)&nbsp;Consideraci\u00f3n Acta Sesi\u00f3n Ordinaria N\u00b0 1.176 \u2013 \u201cO\u201d \u2013 2.024.\/ PRESIDENCIA pone a consideraci\u00f3n y&nbsp; es APROBADA.\/\/ d)&nbsp;Lectura del detalle de la correspondencia recibida y emitida. Notas Ingresadas: 1. Secretaria Privada de Presidencia, eleva Acta Complementaria del Concejo Regional del Sur Mendocino, para conocimiento. Pasa a Pasos Internacionales y Asuntos Regionales c\/copia a bloques.\/ 2. Departamento Ejecutivo, remite copia de Convenio Espec\u00edfico para Pr\u00e1cticas Profesionales con la Tecnicatura Superior en Conservaci\u00f3n de la Naturaleza. (TECONA) Decreto N\u00b0 1.221\/2.024.Pasa a H.P.LA.C..\/ 3. Departamento Ejecutivo, remite copia de Acta de Entrega y Transferencia de la Residencia Alternativa de Ni\u00f1os, Ni\u00f1as y Adolescentes Hogar El Angel, Decreto N\u00b0 1.288\/2024.Pasa a E.H.M.A.S y C posteriormente a H.P.L.A.C..\/ 4. Departamento Ejecutivo remite Acta Acuerdo de Acci\u00f3n Conjunta entre la Provincia de Mendoza y la Municipalidad de la Ciudad de Mendoza, Decreto N\u00b0 1.300\/2.024. Pasa a H.P.L.A.C..\/ 5. Departamento Ejecutivo, remite copia de Convenio de Reconversi\u00f3n de luminarias para el recambio de luminarias sodio a tecnolog\u00eda led entre Junin Punto Limpio S.A.U y Municipalidad de Malarg\u00fce, Decreto N\u00b0 1.299\/2.024. Pasa a O.P.T.y R.N y posteriormente H.P.L.A.C..\/6. Departamento Ejecutivo remite rendici\u00f3n de gastos efectuados en el marco de la Emergencia Ambiental seg\u00fan Art\u00edculo 8\u00b0 de la Ordenanza N\u00b0 2.258\/2.023. (18 Exptes.). Pasa a O.P.T.y R.N y posteriormente H.P.L.A.C..\/ 7. Sr. Mauro Pavez solicita hacer uso de Banca del Ciudadano a fin de exponer problem\u00e1tica de artistas malarg\u00fcinos. Por Secretaria.\/ Notas Emitidas:&nbsp; 1.&nbsp; A Legisladores Nacionales por Mendoza y&nbsp; &nbsp;Legisladoras Provinciales por Malarg\u00fce remitiendo copia de Resoluci\u00f3n N\u00b0 327\/2.024 Candidatura del Sitio La Payunia, Campos Volc\u00e1nicos de Llancanelo y Pay\u00fan Matru a lista de Patrimonio Mundial de la UNESCO.\/ 2. A la U.T.N. Sede San Rafael, Ministerio de Salud y Deportes y Honorable Concejo Deliberante de San Rafael, remitiendo copia de Comunicaci\u00f3n N\u00b0 482\/2.024 Congreso de Ingenier\u00eda Cl\u00ednica de Sur Mendocino.\/ 3. A la Ingeniera Emilce Lozano, Direcci\u00f3n Nacional de Vialidad solicitando reuni\u00f3n en el Departamento por temas de su incumbencia.\/ 4. A Direcci\u00f3n Nacional de Vialidad 4\u00b0 Secci\u00f3n, Delegaci\u00f3n Malarg\u00fce y Legisladores &nbsp;Nacionales por Mendoza, remitiendo copia de Resoluci\u00f3n N\u00b0 335\/2.024 solicitando obras de mantenimiento en la zona del Puesto El Macho Bardas Blancas.\/ 5. A la Sra. Contadora General remitiendo Planillas de Becas correspondientes a Agosto y Setiembre del 2.024, para su acreditaci\u00f3n a los beneficiarios.\/\/ e)&nbsp;Determinaci\u00f3n de los temas que ser\u00e1n incluidos en el punto Asuntos Varios y puesta a consideraci\u00f3n de mociones de tratamientos sobre tablas de diversos expedientes. Solicita la palabra la Concejal ACOSTA&nbsp; quien expresa: La solicitud de tratar, para realizar su Tratamiento Sobre Tablas del Expediente N\u00b0 5.513 HC 071 del 2024, &nbsp;que es imponer los nombres a dos calles faltantes del Barrio Carbometal, para que las vecinas y los vecinos de esa zona puedan acceder a los servicios b\u00e1sicos, que es lo que est\u00e1 faltando, dentro del Proyecto que est\u00e1 realizando el I.P.V ac\u00e1 en el Departamento de Malarg\u00fce, para su urbanizaci\u00f3n esa es la solicitud. La urgencia ser\u00eda el poco tiempo, digamos ya que se est\u00e1n terminando las Sesiones y adem\u00e1s hablamos del acceso a servicios b\u00e1sicos de los vecinos y los vecinos. PRESIDENCIA pone a consideraci\u00f3n la moci\u00f3n y es APROBADA. El Expte N\u00b0 5.513 tiene Tratamiento sobre Tablas.\/\/ Seguidamente solicita la palabra el Concejal CABRERA quien manifiesta:&nbsp; Buen d\u00eda Se\u00f1or Presidente , a los Colegas Ediles al Personal del Concejo y tambi\u00e9n bueno saludar a la gente que nos puede estar viendo por las redes. Solicitar que la nota HC 657\/2.024, sea desafectada de&nbsp; Secretar\u00eda y se acumule al Expediente 5.775 del 2024 y que el mismo sea tratado en el punto de Asuntos Varios.\/ PRESIDENCIA pone a consideraci\u00f3n la moci\u00f3n y es APROBADA. (8 votos afirmativos 1 voto negativo). A continuaci\u00f3n solicita la palabra el Concejal PALMA y manifiesta: Gracias, Se\u00f1or Presidente, no, lo que pasa, no, no escuch\u00e9 &nbsp;en la alocuci\u00f3n la urgencia ni tampoco a qu\u00e9 refiere la nota 657, por ende no puedo votar algo en lo que estoy en desconocimiento, igualmente sali\u00f3 aprobada la votaci\u00f3n.\/ A continuaci\u00f3n la Concejal CAMIOLO solicita un Cuarto Intermedio cuando es la hora 09:44, retomando la Sesi\u00f3n a la hora 09:55.\/\/ Solicita la palabra el Concejal CABRERA y expresa: &nbsp;Para solicitar una moci\u00f3n de&nbsp; alterar el Orden del D\u00eda y solicitar que el punto H el inciso 1 el Expediente 5.775 pueda ser tratado en el punto Asuntos Varios. Esto se debe a que bueno, &nbsp;la urgencia de que se pueda tratar en el punto asuntos varios reviste a que &nbsp;los vecinos est\u00e1n esperando una autorizaci\u00f3n para que nosotros, autoricemos al Ejecutivo a comenzar con el esquema de pago de la obra del gas, que se ha realizado en el lugar y bueno, los vecinos han manifestado, digamos estar atentos y bueno tener urgencias, a que esto salga para poder pagarlo, entendiendo la situaci\u00f3n que tenemos en el Pa\u00eds. &nbsp;la situaci\u00f3n econ\u00f3mica que tenemos, cuanto antes quieren ya definir c\u00f3mo poder pagar estas obras.\/ PRESIDENCIA pone a consideraci\u00f3n la moci\u00f3n y es APROBADA tendr\u00e1 tratamiento en el punto Asuntos Varios con el acumulado de la nota HC 657\/2.024.\/\/ f)&nbsp;Proyectos de los Se\u00f1ores Concejales. 1.&nbsp; Expte. N\u00b0 5.511 HC 071 \u2013 2.024 Proyecto de Ordenanza: Cambio de denominaci\u00f3n del Callej\u00f3n 59 por Pedro Castillo mismo nombre que tiene la continuaci\u00f3n del Barrio Independencia. (BLOQUE &nbsp;UNI\u00d3N MENDOCINA) Autora: Concejal Elizabeth Gonz\u00e1lez. Solicita la palabra la Concejal GONZALEZ y expresa: El tema es que justo queda 2000 metros, que se llama Callej\u00f3n 59 y no tiene las luminarias suficientes y un puente que tenga un nombre de la entrada a ese barrio, entonces para organizar m\u00e1s todo lo que es el correo y otras cosas que son interesantes, se habla con Sergio Ojeda para ver si se le pod\u00eda continuar el nombre, porque al principio era ponerle otro nombre, pero despu\u00e9s recorriendo el barrio y se llama la Calle Pedro del Castillo entonces continuarla hasta la entrada de la Ruta 40 Sur, donde este se me dijo que s\u00ed, que estaban de acuerdo, entonces por eso present\u00f3 esta Ordenanza, para que sea puesto en la continuidad de ese nombre, que contin\u00fae ese nombre de la entrada, desde la Ruta. Y van a poner un cartel ya diciendo que esa calle se va a llamar toda, toda la calle Pedro del Castillo. Muchas gracias, Se\u00f1or Presidente, no es necesaria la lectura del proyecto y sugiero el pase a Obras y posteriomente Hacienda. Pasa a O.P.T.y R.N y posteriormente H.P.L.A.C.\/\/ 2. Expte. N\u00b0 5.512 HC 071 \u2013 2.024 Proyecto de Ordenanza:&nbsp; Circuito Tur\u00edstico Patrimonial Gral. Rufino Ortega. (BLOQUE ENCUENTRO) Autor: Concejal Francisco Parada. Solicita la palabra el Concejal PARADA y expresa: Buenos d\u00edas, buenos d\u00edas a todo el Cuerpo nuestra gente que trabaja aqu\u00ed en el HCD, es un proyecto de que busca realizar una, una caminata para oferta a nuestros turistas que vienen a conocer Malarg\u00fce y que permite entre otras cosas, poner en valor el patrimonio que tenemos aqu\u00ed en la Ciudad, particularmente relacionado con parte de la Orteguina y la Avenida Rufino Ortega, que bueno vemos que sigue en avance las modificaciones del Boulevard seguramente. supongo que en fechas cercanas estar\u00e1 la inauguraci\u00f3n y recordar\u00e1n que este Cuerpo, voto como Patrimonio Local, la Avenida Rufino Ortega o antigua Calle Ancha, como la llamaban nuestros primeros pobladores de aqu\u00ed de la Ciudad, de laVilla, entonces nos parece muy interesante ofrecer un circuito a los turistas que ingresen por callej\u00f3n Dujovnik, &nbsp;poniendo en valor la figura tambi\u00e9n de Don Juan Dujovnik, &nbsp;entre otras cosas, &nbsp;m\u00e1s all\u00e1 de ser un inmigrante yugoslavo que lleg\u00f3 aqu\u00ed a Malarg\u00fcen Ni hablar de los Corrales de Rufino Ortega, seguir el circuito por all\u00ed tambi\u00e9n para tratar de poner en valor a los corrales, ustedes saben tienen Declaraci\u00f3n Patrimonial Provincial y despu\u00e9s la caminata que conecte con Avenida Rufino Ortega siguiendo hasta Avenida General Roca hacia el oeste por Paseo Los Abuelos y concluir en la Torre del Cincuentenario que sin duda es un emblema ya nuestro, es muy simple, pero creo que pone en valor al menos parte del patrimonio, pero adem\u00e1s, es una oferta por ah\u00ed muchas veces los turistas no saben que recorrer en nuestra Ciudad, cuando tienen algunas horas libres y esto creo que podr\u00eda favorecer, b\u00e1sicamente eso es el proyecto. Pido que pase a la Comisi\u00f3n de Obra P\u00fablica, Turismo y Recursos Naturales y despu\u00e9s porque puede tener obviamente gastos y &nbsp;es Ordenanza pase a Hacienda, no es necesaria la lectura.\/ Pasa a O.P.TyR.N y posteriormente a H.P.L.A.C.\/\/ .PRESIDENCIA manifiesta perm\u00edtame felicitarlo Concejal por este proyecto&nbsp; en base&nbsp; al ordenamiento territorial, cierra un anillo tambi\u00e9n con un recorrido, as\u00ed que si me permite me gustar\u00eda acompa\u00f1ar con la firma.\/ A continuaci\u00f3n el Concejal CABRERA expresa:&nbsp; En relaci\u00f3n a lo expuesto por el Concejal Parada y tambi\u00e9n teniendo en cuenta que la figura de Don Juan Dujovnik, &nbsp;una persona que, que cambi\u00f3 incluso la entrada de Malarg\u00fce y que muchas veces ha sido olvidado tambi\u00e9n en esa, digamos en ese sentido me gustar\u00eda acompa\u00f1ar con la firma solicito la autorizaci\u00f3n al autor del proyecto.\/ Seguidamente la&nbsp; Concejal Elizabeth GONZ\u00c1LEZ expresa pido permiso de acompa\u00f1ar al Se\u00f1or Concejal, porque as\u00ed fue el Profesor de Dibujo en la Escuela T\u00e9cnica, despu\u00e9s que se jubil\u00f3 y el trabajo muchos a\u00f1os ad honoren y fue el que mantuvo todo el parque de la Escuela y que se ve\u00eda en la diferencia, se notaba la diferencia, cuando \u00e9l estaba y siempre fue cuidador de lo que era la flora y la fauna, y &nbsp;muy comprometido con todo lo que \u00e9l hac\u00eda, en todos los \u00e1mbitos y inclusive en la Escuela porque \u00e9l era un pilar de lo que era todos los parques que ten\u00edamos alrededor de, de la Escuela T\u00e9cnica Minera.\/\/ 3. Expte. N\u00b0 5.513 HC 071 \u2013 2.024&nbsp; Proyecto de Ordenanza:&nbsp; Imponer los nombres a las calles faltantes que le da identificaci\u00f3n al Barrio Carbometal. (BLOQUE PARTIDO JUSTICIALISTA) Autores: Concejales Magali Acosta, Emilce Mansilla y Pablo Cabrera. Tiene acordado el Tratamiento sobre Tablas. Por Secretaria se da lectura al proyecto.\/ Seguidamente la Concejal CAMIOLO solicita que el Cuerpo se constituya en Comisi\u00f3n cuando es la hora 10:07, saliendo a las 10:12 y se retoma la Sesi\u00f3n.\/ Por Secretaria se procede a la lectura del despacho emitido el cual sugiere la aprobaci\u00f3n del proyecto presentado sin modificaciones.\/ PRESIDENCIA pone a consideraci\u00f3n y es APROBADO por unanimidad.\/\/&nbsp;Solicita la palabra la Concejal CAMIOLO manifestando:&nbsp; Se\u00f1or Presidente, en este punto es importante mencionar que el d\u00eda martes y previo a una cita personal que solicitamos&nbsp; al Doctor Ludue\u00f1a, lo recordar\u00e1n porque fue el firmante de la situaci\u00f3n que ocurri\u00f3 con entre el IPV y una Instituci\u00f3n Privada de Malarg\u00fce, un cheque de m\u00e1s de 5 millones, ah\u00ed en una situaci\u00f3n rara, despu\u00e9s comentaremos en Comisiones los avances del mismo y la consecuente denuncia que llev\u00f3 adelante este Concejo, en dicha oportunidad y por eso lo hago, adhiri\u00f3 adelante alg\u00fan Concejal en tanto Cuerpo Colegiado, se nos comunic\u00f3 que el freno de la obra del Carbometal no ha tenido que ver con una decisi\u00f3n de Naci\u00f3n de frenar las obras, sino con una decisi\u00f3n. del IPV de frenar, hasta tanto el Municipio diera cumplimiento a una serie de requisitos, la verdad que en este punto y con los desastres que est\u00e1n habiendo a nivel nacional, es f\u00e1cil echarle la culpa a Milei, pero en honor, a la verdad es que tengo que decir que tanto la Provincia, como la Naci\u00f3n en este punto no, no tienen que ver, sino que hay que dar cumplimiento desde el Municipio a ciertos requisitos que ha hecho el IPV y esto es uno, el tema de la nomenclatura de las calles, por eso celebro que se est\u00e9 llevando adelante y por supuesto que acompa\u00f1amos &nbsp;el tratamiento sobre tablas, pero s\u00ed pedir que el Municipio en este punto, a los vecinos hable claramente y trabaje en el barrio Carbometal en todos los otros requisitos que se ha hecho desde el IPV, que no se han dado cumplimiento para que la obra pueda seguir, la obra no la fren\u00f3 la Naci\u00f3n, no ha sido frenada por la Naci\u00f3n, ni tampoco por la Provincia, ustedes saben que cuando tengo oportunidad y as\u00ed es, si la Provincia se equivoca lo digo, sino que es un freno Municipal y espero que con este puntapi\u00e9 se pueda llevar adelante, a los Concejales decirles que el Barrio Carbometal una vez que est\u00e9 resuelto esto, va a continuarse la obra al menos ese es el compromiso desde el IPV, esperemos que as\u00ed sea y estaremos ah\u00ed atr\u00e1s para solicitarlo y tambi\u00e9n decirle a los Concejales que este Doctor Ludue\u00f1a ha ofrecido su participaci\u00f3n en reuniones de Comisi\u00f3n e incluso con todos los Concejales, para tratar este proyecto. El proyecto del IPB de&nbsp; estas 120 casas que nunca se construyeron y proyectos futuros para lo cual luego de manera personal daremos los tel\u00e9fonos para que se puedan comunicar desde las distintas Comisiones y podamos tener un contacto con ellos, muchas gracias, Se\u00f1or Presidente.\/\/ g) Expedientes provenientes del Departamento Ejecutivo.&nbsp;No Ingresados. h)&nbsp; Despachos de las Comisiones de Trabajo. 1. Expte. N\u00b0 5.775\/2.024-0 Departamento Ejecutivo Proyecto de Ordenanza Aprobaci\u00f3n del esquema de deuda para beneficiarios adherentes \u2013 Obras Gas Natural Barrio Virgen del Carmen. (H.P.L.A.C.). Tiene acordado el tratamiento en el Punto Asuntos Varios.\/\/ 2. Expte. N\u00b0 5.773\/2.024-0 Departamento Ejecutivo Proyecto de Ordenanza: Aprobaci\u00f3n del esquema de deuda para beneficiarios adherentes \u2013 Obra Provisi\u00f3n de Gas Natural Barrio Virgen de los Vientos.&nbsp; ( H.P.L.A.C.). &nbsp;&nbsp;Por Secretaria se procede a la lectura del despacho emitido el cual sugiere&nbsp; la aprobaci\u00f3n del proyecto presentado sin modificaciones.\/ PRESIDENCIA pone a consideraci\u00f3n y es APROBADO por unanimidad.\/\/ 3. Expte. N\u00b0 5.772\/2.024-0 Departamento Ejecutivo Proyecto de Ordenanza: Autorizar al Ejecutivo Municipal el pago de Honorarios Profesionales destinados a la mensura del Paraje Agua Escondida y pr\u00e9stamo a los vecinos de la localidad. (H.P.L.A.C.).\/ Solicita la palabra el Concejal PALMA y expresa: Estuvimos charlando en parlamentaria y voy a solicitar en este punto, Se\u00f1or Presidente una moci\u00f3n de orden por el Art\u00edculo 88 de nuestro Reglamento Interno, en el punto 8 exactamente, para que el asunto vuelva a comisi\u00f3n ya que han surgido algunas dudas sobre el tratamiento de este Expediente y nos hemos puesto en contacto con algunos Agrimensores y dem\u00e1s, hemos estado viendo algunas situaciones las cuales como ya lo planteamos en la Parlamentaria, el compromiso es tratar de evacuar todas las dudas y &nbsp;una vez despachado el martes pr\u00f3ximo, el jueves &nbsp;desafectar para ser tratado en las condiciones que correspondan. PRESIDENCIA pone a consideraci\u00f3n la moci\u00f3n y es APROBADA (6 votos afirmativos 3 votos negativos). El Expte N\u00b0 5772\/2.024-0 Vuelve a&nbsp; Comisi\u00f3n de H.P.L.A.C..\/\/ Solicita la palabra la Concejal ACOSTA y expresa: &nbsp;En este sentido quer\u00eda hacer una moci\u00f3n a viva voz para que la Comisi\u00f3n de Hacienda, o sea, que tiene tantos Expedientes y cada vez, vuelven Expedientes a la Comisi\u00f3n para ser tratados nuevamente. Me gustar\u00eda hacer una moci\u00f3n para que la Comisi\u00f3n trabaje un d\u00eda m\u00e1s en la semana, preferentemente los viernes, que creo que no tenemos Comisiones, ni reuniones y que sea una Comisi\u00f3n ampliada hacia los 10 Concejales, as\u00ed todos est\u00e1n en conocimiento de los Proyectos.\/ Seguidamente la Concejal CAMIOLO en uso de la palabra expresa: Solicito que se divida la moci\u00f3n. La moci\u00f3n de un d\u00eda m\u00e1s de trabajo, en mi caso personal yo lo votar\u00eda en afirmativo, pero ampliar la Comisi\u00f3n creo que no corresponde.\/ A Continuaci\u00f3n la Concejal MOSCA en uso de la palabra agrega:&nbsp; A nosotros, a nuestro bloque nos complican, porque nosotros justo tenemos el Programa de las garrafas, por ejemplo, este viernes nos vamos a la Junta entonces lamentablemente, no podemos acompa\u00f1ar la moci\u00f3n del viernes por ese tema que lo tenemos ya comprometido con la Comunidad. Gracias, Se\u00f1or Presidente.\/\/ A continuaci\u00f3n solicita la palabra el Concejal PALMA y expresa: Disculpe, en las cuestiones de orden, no s\u00e9 en funci\u00f3n, a que est\u00e1 mocionando esto, ya que en las mociones de orden habla de: levantar la sesi\u00f3n, de cuarto intermedio, abrir el &nbsp;debate, del cierre del debate, del orden del d\u00eda de la oratoria o la falta de orden en la oratoria, de las consideraciones de los asuntos, para que los asuntos vuelvan a comisi\u00f3n, para que el Cuerpo se &nbsp;constituya en comisi\u00f3n, para que el Cuerpo est\u00e9 en permanente Sesi\u00f3n, que el Cuerpo se aparte &nbsp;circunstancialmente de las prescripciones del Reglamento en puntos en referencia a la forma de discusi\u00f3n de cada asunto, entiendo que los d\u00edas de funcionamiento de las comisiones se plantean y como lo marca la Ley, como lo marca el Reglamento en la primera Sesi\u00f3n Preparatoria de cada Periodo Ordinario, si se puede solicitar a fin de que haya una ampliaci\u00f3n de la Comisi\u00f3n para un punto determinado, pero no se cambia el funcionamiento de ninguna Comisi\u00f3n &nbsp;a, 10, &nbsp;12, 13 d\u00edas del cierre del periodo de Sesiones Ordinarias Se\u00f1or Presidente, me parece una cosa que est\u00e1 sin el sustento t\u00e9cnico legal y por ende como lo acabo de manifestar y como obra aca en mi mano, fuera del Reglamento, no entiendo en funci\u00f3n, a qu\u00e9 sucede esta situaci\u00f3n, despu\u00e9s si debo decir que para que todos los Concejales est\u00e9n informados de los Proyectos, cada bloque tiene un representante dentro de cada Comisi\u00f3n, que despu\u00e9s debe cumplir la funci\u00f3n de informante al resto del Cuerpo, sino todas las Comisiones deber\u00edan funcionar con los 10 miembros, cosa que no trabaja as\u00ed, tampoco reza esto en el Reglamento Interno. Realmente Se\u00f1or Presidente a veces quedo sorprendido en estas situaciones, y con estos pedidos y vuelvo a decir, &nbsp;&nbsp;a 10 d\u00edas del cierre del periodo de Sesiones Ordinarias, 13 d\u00edas me parece que hay una, dos reuniones m\u00e1s de Comisi\u00f3n si no estoy mal, en realidad me parece que no tiene sustento legal alguno para hacer esta solicitud Se\u00f1or Presidente.\/\/ A continuaci\u00f3n la Concejal ACOSTA expresa: Perfecto, en realidad la solicitud era porque el Proyecto que est\u00e1n solicitando que vuelva a la Comisi\u00f3n fue pedido con Tratamiento Preferencial el d\u00eda de la Sesi\u00f3n, as\u00ed que ingres\u00f3 que tom\u00f3 el estado parlamentario y al menos sabemos que no ha salido un informe escrito de un miembro informante designado por la Comisi\u00f3n como lo dice el Art\u00edculo 36 bis del Reglamento Interno de este Concejo Deliberante, por eso era la solicitud que la Comisi\u00f3n funcionara un d\u00eda m\u00e1s, porque los 10 d\u00edas no se cumplieron como lo afirma el propio Reglamento Interno de este Concejo Deliberante. Y si los Concejales no han hecho, digamos, tienen dudas todav\u00eda&nbsp; del Proyecto nadie se puede hacer responsable si no se sientan a estudiar y hacer la tarea como corresponde, por eso era la solicitud de aprobaci\u00f3n a viva voz del d\u00eda viernes que funcionara la Comisi\u00f3n Se\u00f1or Presidente.\/\/ Solicita la palabra la Concejal CAMIOLO solicita que se pueda abrir debate.\/\/ Seguidamente PRESIDENCIA expresa: En este punto la solicitud es totalmente v\u00e1lida, ponemos, tenemos igual las mociones de la Concejala. Para ordenarnos un poco tiene raz\u00f3n, el Concejal Mart\u00edn Palma no est\u00e1 escrito, pero si no est\u00e1 escrito tampoco est\u00e1 prohibido, as\u00ed que considero que podr\u00edamos poner a consideraci\u00f3n por separado, como lo pide usted Concejal Camiolo para el trabajo en Comisi\u00f3n de un d\u00eda m\u00e1s, que fue la primera moci\u00f3n de Acosta y ah\u00ed abrir el debate sobre lo dem\u00e1s que est\u00e1 bastante confuso.\/ CAMIOLO agrega un d\u00eda mas y entendiendo que no sea viernes, eso pueda ser en otro momento.\/\/ PRESIDENCIA pone a consideraci\u00f3n la moci\u00f3n para que la Comisi\u00f3n de Hacienda entendiendo que ya se cumpli\u00f3 el plazo de Tratamiento de Preferencial, tambi\u00e9n pueda trabajar un d\u00eda m\u00e1s en la semana &nbsp;dado el pedido de un bloque completo que solicita que no sea viernes que pueda ser o en otro momento, el d\u00eda, pero ponemos a consideraci\u00f3n para un d\u00eda m\u00e1s de Comisi\u00f3n, entendiendo tambi\u00e9n que el Cuerpo &nbsp;es soberano en estas decisiones.\/ El Concejal PALMA agrega: Aqu\u00ed se est\u00e1 violando el Reglamento, se hace&nbsp; en la primera Sesi\u00f3n Preparatoria y si es como Usted dice, si no est\u00e1 escrito, no est\u00e1 prohibido. Bueno, yo propongo que sesionemos los d\u00edas lunes, cambiemos las sesiones y hagam\u00f3sla los lunes no est\u00e1 escrito, no est\u00e1 prohibido, como Usted lo menciona, me parece que el argumento es un disparate Se\u00f1or Presidente, pero bueno, no veo d\u00f3nde est\u00e1 contenida la solicitud, d\u00f3nde est\u00e1 contenida la solicitud de la moci\u00f3n de la concejal Acosta, buen\u00edsimo, si no est\u00e1 prohibido entonces como en la ley no dice y voy a dar un ejemplo burdo, la Ley de Tr\u00e1nsito no dice que mi perro &nbsp;puede manejar mi auto, entonces como no est\u00e1 escrito en la Ley que mi perro no puede manejar mi auto, yo pongo a mi perro a manejar, me parece que se est\u00e1n violando los procedimientos administrativos, se est\u00e1 violando el Reglamento Interno y acompa\u00f1o la moci\u00f3n de la Concejal Camiolo para que abramos el debate y tratemos esta situaci\u00f3n.\/\/ PRESIDENCIA pone a consideraci\u00f3n entonces la moci\u00f3n de abrir el debate y es APROBADO (7 votos afirmativos 2 votos negativos)\/ Se abre el debate.\/ Solicita la palabra la Concejal CAMIOLO y expresa: Se\u00f1or Presidente, en primer punto estas cuestiones de ampliaci\u00f3n de Comisiones y de nuevos de nuevos horarios para las Comisiones, hay un momento que es la labor parlamentaria donde se tienen que plantear y donde creo que se plantean un mont\u00f3n de asuntos muy interesantes y quedan principalmente a conocimientos suyo, entiendo que Ud no estaba al tanto porque se tendr\u00eda que haber planteado en reuni\u00f3n parlamentaria. En ese punto decir que est\u00e1 Concejal como Secretaria de esta Comisi\u00f3n de Hacienda ha estado disponible en la totalidad de los d\u00edas que la Comisi\u00f3n ha funcionado fuera de su horario, en la totalidad, d\u00edas mi\u00e9rcoles cuando el Ejecutivo pod\u00eda, cuando al Ejecutivo le quedaba c\u00f3modo, d\u00edas lunes en la noche, d\u00edas viernes en la ma\u00f1ana, est\u00e1 Concejal siempre ha dado el qu\u00f3rum necesario cuando ha sido fuera del horario solicitado. Cuando se ha trabajado con todos los bloques en acuerdo y cuando se ha dicho necesitamos trabajar incluso, todos los d\u00edas de la semana por cuestiones presupuestarias, por ejemplo tarifarias, est\u00e1 Concejal ha cambiado turnos, porque Ustedes saben que adem\u00e1s trabajo como independiente, he cambiado turnos al igual que otros Concejales que tambi\u00e9n he visto que han hecho sus propios esfuerzos. Me parece una falta de respeto al Cuerpo que estos temas no se traten en la Labor Parlamentaria, porque ning\u00fan Concejal estar\u00eda negado a trabajar en la Comisi\u00f3n de Hacienda, con todos los Expedientes que hay. Podr\u00eda solicitar las Actas en las que el mismo oficialismo, que hoy est\u00e1 tan apurado abandona las Comisiones, abandona obviamente, hasta afectando el quorum, porque tienen que retirarse a las 11 de la ma\u00f1ana. Siempre tienen algo para hacer y el qu\u00f3rum de esas Comisiones, nunca lo garantiza el oficialismo Se\u00f1or Presidente, siempre lo garantiza la oposici\u00f3n, entonces es una falta de respeto, es una falta de respeto continua por parte del oficialismo y por parte del Ejecutivo, hacia los miembros de este Cuerpo Colegiado porque nunca ha sido culpa de la oposici\u00f3n que una Comisi\u00f3n no ha trabajado. Este d\u00eda martes y por previos compromisos que ya mencion\u00e9, tanto el Presidente de la Comisi\u00f3n como la Secretaria y quien les habla, no estuvimos presentes y hab\u00edamos avisado con una semana de antelaci\u00f3n que no \u00edbamos a estar presentes la Comisi\u00f3n tiene siete miembros y solo hubo presente tres, es decir que no es culpa de los Concejales, Presidente y Secretaria hab\u00eda otros dos Concejales que tambi\u00e9n ten\u00edan que estar y la Comisi\u00f3n no trabaj\u00f3. Por qu\u00e9 pido que se abra debate, Se\u00f1or Presidente, porque en este punto qui\u00e9n tiene que asegurar los quorum de las Comisiones, es quien tiene las mayor\u00edas de representaci\u00f3n, a principio de a\u00f1o y por propuesta de \u00e9sta Concejal tambi\u00e9n, se admiti\u00f3 que en algunas Comisiones, hubieran dos representantes por bloque, se admiti\u00f3 y lo recordar\u00e1n, dos representantes del Bloque Cambia, para la Comisi\u00f3n de Obras y dos representantes del Bloque Oficialista para la Comisi\u00f3n de Hacienda, cuando Usted sabe Se\u00f1or Presidente, que es mucho m\u00e1s dif\u00edcil lograr acuerdos y consensos teniendo uno m\u00e1s, en cualquiera de esas condiciones, de esas condiciones y sin embargo \u00e9sta Concejal fue la que lo propuso y la que lo admiti\u00f3. Para que todos pudieran ser parte. Lamentablemente quien se quema con leche despu\u00e9s ve la vaca y llora, este es dicho de los abuelos y lamento profundamente haber admitido que el oficialismo tuviera dos miembros, porque no s\u00f3lo que no nos terminaron asegurando los quorum, sino que hemos tenido que recibir reiteradamente malos tratos, destratos, gritos, incluso en las Comisiones, algo que nunca, ni siquiera con la desastrosa administraci\u00f3n Ojeda ocurri\u00f3. Entonces &nbsp;abro debate, porque el punto en el que se habla de las diferencias, de las propuestas, incluso propuestas para mejoras de funcionamiento se hace en la labor parlamentaria, con los Presidentes de Bloque, representando la voluntad de los Concejales, por otro lado tengo que denunciar p\u00fablicamente que el Bloque Oficialista, no le comunica a la totalidad de sus miembros los resultados de las Comisiones y generalmente tiene que ser la oposici\u00f3n, la que les coment\u00e9 al resto de los miembros a las resoluciones a las que se ha arribado, no nos molesta a m\u00ed me encanta y me gusta trabajar con mis colegas no tengo problema personal, pero si no llegaron a conocer los Expedientes, es un problema de falta de comunicaci\u00f3n interno, en mi caso no tengo a nadie m\u00e1s a quien comunicar y pero los Bloques que tienen m\u00e1s de un miembro, tienen que preocuparse por saber en qu\u00e9 se est\u00e1 trabajando y de qu\u00e9 se est\u00e1n tratando los proyectos. Por otro lado es de muy mal gusto que todo el tiempo se crea que alg\u00fan Concejal no hace su trabajo o se ponga en duda, el trabajo que hace alg\u00fan Concejal, que otro, no es que no leemos los proyectos, Se\u00f1or Presidente, los leemos y los revisamos, pero hay un tratamiento legislativo de control de legalidad, que a veces no toma dos horas y que no se resuelven en dos horas, lo siento, si esperaban de esta Concejal, una escriban\u00eda, una Escriban\u00eda de Gobierno, si viene del Ejecutivo as\u00ed, firmo y apruebo, lo siento, si esperan eso de un Cuerpo Colegiado que tiene una encomienda constitucional de c\u00f3mo tiene que trabajar y no se revisan los proyectos en dos horas, y no, porque lo manda tal o cual persona est\u00e1 perfecto, porque todos nos equivocamos de hecho recibimos una nota del mismo Intendente, que celebro que se haya dado cuenta que hubo un error, que hubo una, es un mont\u00f3n que haya reconocido por un error involuntario y por eso el problema que vamos a tener ahora, para resolverlo, y del punto H el punto i, no importa, porque siempre lo vamos a resolver Se\u00f1or Presidente porque continuamente lo hemos hecho. Me molesta desde lo personal y soberanamente, que no se tenga el respeto por este Cuerpo y que no se tenga el respeto interno, entre los Concejales y entiendo que lamentablemente esto es una conducta, que se est\u00e1 perpetrando continuamente, tal es as\u00ed que incluso los informes de responsabilidad fiscal, la Contadora General del Municipio, expresa que no ha logrado cumplir las metas fiscales, porque el Presupuesto del Concejo Deliberante se aprob\u00f3 tarde, que no han logrado cumplir las metas fiscales, porque la Tarifaria se aprob\u00f3 tarde, no les da la cara Se\u00f1or Presidente, decir eso cuando pon\u00edamos las reuniones todo el tiempo en funci\u00f3n de sus horarios, no pueden decir que el Concejo se demor\u00f3, cuando ellos trajeron el Presupuesto y la Tarifaria, fuera de mes y trabaj\u00e1bamos en cualquier horario sin que el oficialismo diera el quorum&nbsp; Se\u00f1or Presidente. Est\u00e1 abierto el debate si usted quiere puede bajar y ac\u00e1 debatir Se\u00f1or Presidente, tambi\u00e9n entonces lo que no admito, lo que no puedo admitirlo, cada uno est\u00e1 en libertad de hacerlo, pero no puedo admitir es la falta continua de respeto, la soberbia y que estos temas no se traten en labor parlamentaria, porque si se propone en labor parlamentaria, soy la primera que va a decir, puedo venir, tal d\u00eda puedo venir tal otro dia &nbsp;pensemos como lo podemos hacer y estar aqu\u00ed, porque la Secretaria de Actas soy yo, Se\u00f1or Presidente. He tenido dos ausencias, las \u00faltimas dos semanas he presentado nota como corresponde, pero no soy quien da el quorum, ni que lo afecta siquiera, hay m\u00e1s Concejales, son siete los miembros de esa Comisi\u00f3n, est\u00e1n todos los Bloques representados, tendr\u00edamos que justificar el pedido de ampliaci\u00f3n por otro lado, nada en la ley impide que los Concejales participen de la Comisi\u00f3n, sin tener voz ni voto pueden escuchar, Usted mismo, Se\u00f1or Presidente ha bajado a las Comisiones, creo que en ning\u00fan momento, en ninguna oportunidad se le ha pedido que se retire al contrario, puede escuchar los debates puede ser parte de los mismos y no necesitamos llegar a esta instancia, Se\u00f1or Presidente. La convivencia de aqu\u00ed en adelante va a depender de las buenas voluntades, cr\u00e9ame que hago un esfuerzo sobrenatural por cerrar mis o\u00eddos, mi coraz\u00f3n y mi mente a las burradas que escucho, a las agresiones que hay que recibir, a la falta de respeto de los oficialistas, del Departamento Ejecutivo y hago el esfuerzo y lo voy a seguir haciendo, lo dije cuando inici\u00f3 la primavera, quiero nuevos aires, no me gusta trabajar mal, no lo he hecho en ning\u00fan lugar donde me he desempe\u00f1ado, entonces llamo en este punto a la reflexi\u00f3n, pero est\u00e1 abierto al debate, as\u00ed que es posibilidad que todos se expresen, llamo a la reflexi\u00f3n para que trabajemos de manera consciente, de manera respetuosa en las Comisiones. Y que podamos pronto sacar los despachos que sea necesario y a las personas que en este Recinto ponen en duda, el trabajo de otros Concejales le sugiero, que cuando vengan a las Comisiones se aboquen a ellas y si tenemos que trabajar de corrido como se hizo el a\u00f1o pasado y como Usted particip\u00f3 Se\u00f1or Presidente, y com\u00edamos en este lugar, lo hagamos, lo hagamos y es dif\u00edcil y tenemos que pagar ni\u00f1era y tenemos que dejar a nuestros hijos, pero lo hemos hecho antes, hoy no, se hacen las 11 termina el trabajo en el Concejo para algunos, 11 y media todos tienen algo para hacer, todos tenemos una vida, Se\u00f1ores y Se\u00f1oras, pero a nosotros nos eligi\u00f3 el pueblo para representar en este Recinto y en este espacio, entonces sugiero y solicito que los debates se den en los lugares que se tienen que dar y que cualquier alteraci\u00f3n se plantee en la labor parlamentaria, con el respeto que el Cuerpo y el Recinto merece, muchas gracias, Se\u00f1or Presidente.\/\/ A continuaci\u00f3n solicita la palabra el Concejal PALMA manifestando: No me voy a extender mas pero reci\u00e9n escuche por ah\u00ed se hacia referencia reci\u00e9n que el Expediente ingres\u00f3 el 26 por este Recinto, toma estado parlamentario luego, 26, 27, 28, 29 y 30, pasa el martes siguiente a la Comisi\u00f3n de septiembre, el martes 1 de octubre ingreso a Comisi\u00f3n y fue despachado el 8. D\u00f3nde est\u00e1n los d\u00edas que faltan, d\u00f3nde est\u00e1 haber, &nbsp;cu\u00e1l es el tema? que cuando nosotros lo fuimos a tratar, cuando llegamos a la Comisi\u00f3n dijeron, noo, se aprueba sin modificaciones, sin estudio. Dentro de los t\u00e9rminos llama poderosamente la atenci\u00f3n que en ese, &nbsp;en esa vor\u00e1gine laboral donde estamos atentos a los 10 d\u00edas del pedido de Tratamiento Preferencial, hay un mont\u00f3n de Expedientes con Tratamiento Preferencial de otras Comisiones y de otros autores que no son del oficialismo y para eso no hay apuro. Llama la atenci\u00f3n o por lo menos a m\u00ed me llama la atenci\u00f3n. Estoy acostumbrado a esto llevo varios a\u00f1os ac\u00e1 y ya lo he visto, pero me molesta la falsedad con la que se habla, porque fue despachado en tiempo y forma lo que s\u00ed, cuando fuimos a tratar el Expediente nos dijeron se aprueba sin modificaci\u00f3n, entonces no hay posibilidad de abrir un debate y de un trabajo serio y responsable, es cierto lo que dice la Concejal que me precedi\u00f3 en la palabra, ac\u00e1, el funcionario p\u00fablico no es de 8 a 1, esto lo vengo manifestando infinidad de veces y menos de 8 a 11, mucho menos, cuando te llega un mensajito y decis me voy, me tengo que retirar, le falta el respeto a quienes se quedan en esa Comisi\u00f3n, pero muchas veces hemos perdido el quorum y no &nbsp;hemos podido seguir avanzando, porque no tenemos el quorum y pues no tenemos gente del oficialismo, Se\u00f1or Presidente. Hablo de \u00e9sta Comisi\u00f3n en particular, porque es en la que yo presido, Comisi\u00f3n que como bien se dijo, ha trabajado hasta de noche, Usted me acompa\u00f1aba cuando yo, me toc\u00f3 ser Presidente y ten\u00edamos que tratar Presupuesto y eran las nueve de la noche, Se\u00f1or Presidente, est\u00e1bamos en Presidencia trabajando, no veo que eso pase, parece que con el cambio de gesti\u00f3n lo \u00fanico que se pretend\u00eda era tener en un Escriban\u00eda, ya hemos visto que han habido errores, que estos Concejales han marcado al oficialismo y no se tomaron en cuenta, pero despu\u00e9s si tuvimos que tratar Expedientes porque ven\u00edan del Ejecutivo asentando el error que nosotros hab\u00edamos marcado antes que se produjera, Se\u00f1or Presidente, entonces cu\u00e1les son las responsabilidades que tiene cada Concejal en esto o simplemente porque son del oficialismo, ahora nos podemos llevar todo por delante inclusive un Reglamento Interno y una Ley Org\u00e1nica de Municipalidades. Me llama poderosamente la atenci\u00f3n Se\u00f1or Presidente, c\u00f3mo se cambian los discursos tan f\u00e1cil, c\u00f3mo se cambian las acciones tan f\u00e1cil, en funci\u00f3n de si me toca ser oficialismo u opositor por eso la pol\u00edtica est\u00e1 tan desvalorizada, por qu\u00e9 es seg\u00fan a la conveniencia del actor pol\u00edtico, no es en funci\u00f3n de que realmente se trabaje con responsabilidad en el cargo que uno tiene o en funci\u00f3n de buscar el bienestar social. Se habla del Bienestar Social y todos levantan las banderas de la, de las sociedad y de las libertades sociales, hasta donde est\u00e1 ese opinas distinto te, taca. En este punto vuelvo a insistir tratar una moci\u00f3n a 10 d\u00edas de cerrar un Per\u00edodo Ordinario, que ahora leS surge el apuro, pero si ten\u00edan que venir todos los martes de 8 hasta la hora que sea para poder trabajar. Tenemos proyectos y pedidos de informes de este Concejo que as\u00ed lo marca la Ley que deber\u00edan ser contestados ,dentro de los pr\u00f3ximos 10 d\u00edas, pero no veo ninguno preocupado por eso. Por eso inclusive fui uno de los pocos que insist\u00eda con la demora y demora y demora de la Emergencia Econ\u00f3mica a nadie le llam\u00f3 la atenci\u00f3n, se dan cr\u00e9ditos para esto para aquello, se pagan 4 millones de pizzas y hace esto y lo otro, se pone el loguito nuevo y en un marco de emergencia, cu\u00e1l es la emergencia? dejen de mentirle al pueblo, basta, basta tenemos una tolerancia, el pueblo Malarg\u00fcino tiene una tolerancia y eso ya se est\u00e1 viendo reflejado en las calles, en el malestar social, que tiene el empleado municipal, en el malestar que tiene la propia ciudadan\u00eda. Si? Ustedes habr\u00e1n podido observar, como me dijeron que no leemos, me imagino que ya leyeron el informe de la Emergencia, verdad? Saben cu\u00e1nta plata hay guardada en los bancos, verdad? Me imagino yo, porque tienen que haberlo le\u00eddo, porque ingres\u00f3, manejamos todos la misma informaci\u00f3n, en los mismos tiempos, los invito a que me digan cu\u00e1nta plata hay hoy en los bancos? Cuanta plata hay en los Bancos, Concejal.\/\/ PRESIDENCIA aclara que no se debe dirigir a otro Concejal.\/\/ PALMA continua lo invito a Ud. &nbsp;Sr. Presidente que me diga cuanta plata hay hoy en los Bancos? Bien, entonces veo, veo con preocupaci\u00f3n que a veces se utilizan las palabras a fin de la conveniencia o para molestar a los dem\u00e1s, pero ac\u00e1 todos tenemos la misma responsabilidad, unos podremos presidir una comisi\u00f3n, pero no es el responsable de la Comisi\u00f3n Se\u00f1or Presidente, se funcionan en base a las mayor\u00edas, para eso es la democracia, no? Para eso se vota, no es que hay un responsable, si el Presidente de la Comisi\u00f3n no est\u00e1, no funciona as\u00ed, funciona, en funci\u00f3n de la cantidad de miembros que hay en la Comisi\u00f3n y funciona en virtud de las manifestaciones de cada uno y el que tenga la mayor\u00eda, es como se trabaja, pero \u00faltimamente vemos como se est\u00e1 mancillando el trabajo que se ha hecho. Sin ir m\u00e1s lejos, el punto que abre toda esta situaci\u00f3n Agua Escondida. A\u00f1o 84, corr\u00edjanme si me equivoco, en el 84 ya se preve\u00eda, si, la mensura, la escrituraci\u00f3n, la venta de terreno. 84, 86, 90, 2000 estamos en el 2024 y la celeridad de sacarlo, en un abrir y cerrar de ojos, hay que hacer el trabajo, responsablemente me parece una semana m\u00e1s o una semana menos, 84, 94, m\u00e1s de 40 a\u00f1os, Se\u00f1or PRESIDENTE por una semana yo vuelvo a insistir lo mismo, creo que tenemos que trabajar de otra manera. El trabajo que ven\u00edamos haciendo hasta el cambio de gesti\u00f3n, se perdi\u00f3 en el camino en estos \u00faltimos 10 meses. Est\u00e1mos como estuvimos los \u00faltimos a\u00f1os, de gesti\u00f3n, de los \u00faltimos a\u00f1os de la gesti\u00f3n anterior, con estas peleas innecesarias, despu\u00e9s a poder pudimos aprender a trabajar en convivencia y por eso este Concejo llev\u00f3 adelante de forma un\u00e1nime varias denuncias, pero hoy eso se perdi\u00f3, a cu\u00e1nto? a 6 meses, a 8 meses de una gesti\u00f3n. Yo le sigo deseando lo mejor a la gesti\u00f3n, porque si a la gesti\u00f3n le va bien, le va bien al pueblo de Malarg\u00fce, y eso es lo \u00fanico que me interesa, no me interesa quien es el actor, porque lo he dicho infinidad de veces, no me interesa qui\u00e9n est\u00e1 en la esquina, porque es un mero administrador, no es el due\u00f1o del pueblo, ni es el jefe de la Escriban\u00eda del Concejo Deliberante, esto no funciona as\u00ed, pero bueno, espero que recapaciten, que lo vean, vuelvo a insistir, no puedo acompa\u00f1ar una moci\u00f3n que no est\u00e1 prevista en un Reglamento, ni siquiera en la Ley, a 10 d\u00edas, empiezan los apuros recuerden que tenemos el Periodo de Pr\u00f3rroga se puede seguir trabajando, lo que s\u00ed voy a pedirle Se\u00f1or Presidente, que hable con todo el Bloque Oficialista y si hay que quedarse hasta las cinco, seis de la tarde es la obligaci\u00f3n, porque viene con el cargo, entonces si quieren sacar todos los Expedientes listo, perfecto, hagamos todos, el esfuerzo de quedarnos hasta las 5 o 6 de la tarde y hablo de los Concejales, no? Porque los empleados si se quedan deben ser reconocidas, sus horas extras y su trabajo que dista mucho de lo que est\u00e1 haciendo el Ejecutivo en este momento no? &nbsp;es un tema aparte, pero si hay que quedarse bueno, que los empleados que se tengan que quedar sean resarcido el sobre esfuerzo que est\u00e1n haciendo, pero a los que tenemos el cargo por elecci\u00f3n, que sea por vocaci\u00f3n que nos quedamos y no por obligaci\u00f3n. Gracias, Se\u00f1or Presidente.\/\/ A continuaci\u00f3n solicita la palabra la Concejal&nbsp; MANSILLA, y expresa: Ac\u00e1 yo veo que hablan mucho del oficialismo y bueno nos meten a todos en la bolsa, yo creo que tuve una sola falta en mi Comisi\u00f3n que es la Comisi\u00f3n de EHMASyC y&nbsp; soy la Secretaria de la Comisi\u00f3n y &nbsp;a la Sesi\u00f3n, nunca tampoco nunca he faltado, ni siquiera para el d\u00eda de mi cumplea\u00f1os, entonces que la gente se entere tambi\u00e9n que venimos, o sea, no es que dicen por ah\u00ed, que bueno, que faltan, que no dan el quorum y siempre el oficialismo, el que no da el quorum, as\u00ed que la gente que la gente se entere que si trabajamos, o sea, yo creo que he faltado una vez a la sesi\u00f3n y una vez al trabajo de Comisi\u00f3n, es m\u00e1s en la Comisi\u00f3n de HPLAC a veces me he quedado para escuchar y enterarme del tratamiento de los Expedientes. Entonces que no metan a todos en la misma bolsa y que la gente diga. Ah, el oficialismo no trabaja, porque no es as\u00ed, entonces eso solamente, Se\u00f1or Presidente.\/\/ A continuaci\u00f3n toma la palabra el Concejal&nbsp; CABRERA manifestando: S\u00ed m\u00e1s que nada es, entendiendo bueno, todo lo que se ha expresado y teniendo muy poquita experiencia en este trabajo, lo que yo puedo decir es que bueno, ya que se ha manifestado el compromiso de dar QUORUM de trabajar, manifestemos el compromiso de estar presente en las Comisiones, no salir no, no divagar, entiendo que bueno, es parte del juego pol\u00edtico, pero nos hace mal, nos hace mal a nosotros como pueblo, as\u00ed que solicitar eso, solicitar de que &nbsp;veamos la posibilidad de trabajar unos d\u00edas m\u00e1s si es posible y adem\u00e1s tambi\u00e9n estaba haciendo memoria, ya lo hemos hecho en algunas ocasiones, creo que esto es tambi\u00e9n parte de esa, digamos, ya hay otras situaciones similares que lo hemos tratado y hemos ampliado la Comisi\u00f3n, hemos trabajado en otro horario, la gente cuando, digamos, los Ediles cuando estamos y tenemos todos un mismo, un mismo tema, un tema trascendente que es Malarg\u00fce nos ponemos y trabajamos y se ha demostrado, entiendo que, que esto tiene que volver a darse m\u00e1s all\u00e1, de bueno, que ya tenemos unos d\u00edas y se termina el periodo de Sesiones Ordinarias.\/\/ A continuaci\u00f3n el Concejal VILLARRUEL expresa: Bueno, &nbsp;saben que m\u00e1s que nada, con el respeto que les debo a todos me parece que nuestra gente, la gente que nos eligi\u00f3 a cada uno, entonces, el pueblo de Malarg\u00fce, &nbsp;no se merecen que no estemos peleando de esta forma, as\u00ed, aqu\u00ed donde realmente tenemos por ah\u00ed lugares. Est\u00e1 bueno por ah\u00ed el debate digo, no hab\u00eda pasado nunca, se dio ahora, no lo hab\u00eda vivido, pero digo que tenemos que ser superadores en estas cosas y no, por respeto a la gente, digo nosotros tenemos que mostrar y no por ah\u00ed largar palabras que no sabemos c\u00f3mo le van a llegar al otro, si lo van a ofender, o lo van a lastimar mucho, tampoco sabemos por qu\u00e9 situaci\u00f3n puede estar pasando la otra persona,&nbsp; el Concejal tambi\u00e9n, no dejarnos ser una persona y por ah\u00ed se desvirt\u00faa un mont\u00f3n de trabajo bonito que se ha hecho hacia atr\u00e1s, muchas cosas que se han avanzado y digo eso, me parece que ser\u00eda un buen punto para terminar con esto y poder seguir avanzando y en otras situaci\u00f3n solucionarlo donde se ha charlado, donde se ha discutido, pero me parece que m\u00e1s que nada por respeto a la gente, la verdad en lo personal para que yo llegue y hable esto porque realmente me he sentido mal y creo que nuestras gentes, la gente que nos apoyo que nos quiere mucho y digo siempre con el respeto que les tienen a todos y que yo les tengo a todos, porque la verdad que los admiro, son grandes personas y creo que han hecho cosas muy buenos por Malarg\u00fce y basado en eso tambi\u00e9n es que nos estar\u00edamos bajando de todas las grandes cosas que hemos hecho, as\u00ed que bueno, eso nada m\u00e1s con toda la humildad y respeto, verdad? No quiero molestar a nadie, pero s\u00ed creo que esto hay que darle un corte, porque si no se estira mucho y no es para que, no es para lo que la gente nos puso aqu\u00ed, en cierto punto eso nada m\u00e1s, gracias.\/\/ PRESIDENCIA aclara&nbsp; el debate se abri\u00f3 en base a una moci\u00f3n que hizo la Concejal Acosta. Podemos estar discutiendo todo el d\u00eda, considero que toda moci\u00f3n tiene que ponerse a consideraci\u00f3n, as\u00ed que ponemos a consideraci\u00f3n la moci\u00f3n de la Concejal, para que la Comisi\u00f3n trabaje un d\u00eda m\u00e1s, despu\u00e9s se puede definir en la misma Comisi\u00f3n que d\u00eda a qu\u00e9 horario todo eso.\/\/ Puesto a consideraci\u00f3n es APROBADA por unanimidad.\/\/ 4.&nbsp; Notas HC 535 y 511\/2.024 Sres. Oscar Gonz\u00e1lez y Lucia Godio en representaci\u00f3n del PRO Malarg\u00fce, elevan Proyectos de Ordenanzas de simplificaci\u00f3n del tr\u00e1mite de renovaci\u00f3n de Licencia Nacional de Conducir y Adhesi\u00f3n al RIGI Municipal. (H.P.L.A.C.) Por Secretar\u00eda se procede a la lectura del despacho emitido el cual sugiere hacer lugar a la solicitud realizada y que a trav\u00e9s de Secretar\u00eda se otorgue el turno correspondiente para el uso de la Banca del Ciudadano respetando el orden de petici\u00f3n.\/ PRESIDENCIA pone a consideraci\u00f3n el despacho y es APROBADO por unanimidad.\/\/ 5. Expte. N\u00b0 5.348 HC 059 \u2013 2.023 Proyecto de Ordenanza: Prohibir el estacionamiento vehicular en el ingreso trasero del Hospital Regional Malarg\u00fce, calle Comandante Salas. (O.P.T. y R.N) &nbsp;Por Secretaria se procede a la lectura del despacho emitido el cual sugiere la aprobaci\u00f3n del proyecto presentado con modificaciones. ORDENA. ART\u00cdCULO 1\u00b0: &nbsp;Proh\u00edbase el estacionamiento en calle Comandante Salas entre Paseo Gobernadores Mendocinos y calle Rosario Vera Pe\u00f1alosa demarcando un espacio de 35 metros que comprende el acceso a los servicios e ingreso a morgue del Hospital Regional Malarg\u00fce. ART\u00cdCULO 2\u00b0: Col\u00f3quese la carteler\u00eda vial correspondiente, con la indicaci\u00f3n de prohibido estacionar y el n\u00famero de la presente pieza legal. ART\u00cdCULO 3\u00b0: Encomi\u00e9ndese a los organismos&nbsp;&nbsp; que durante los 60 d\u00edas posteriores de ser publicada, la presente pieza legal, se informe y concientice a la poblaci\u00f3n de las modificaciones de circulaci\u00f3n que promueve y as\u00ed evitar realizar las multas correspondientes. &nbsp;ART\u00cdCULO 4\u00ba: G\u00edrese copia de la presente pieza legal a la Direcci\u00f3n de V\u00edas y Medios de Transporte Delegaci\u00f3n Malarg\u00fce, Polic\u00eda Vial Delegaci\u00f3n Malarg\u00fce, Direcci\u00f3n de Seguridad Ciudadana y a los medios de comunicaci\u00f3n locales para conocimiento de las mismas y dem\u00e1s efectos que tienen correspondencia. ART\u00cdCULO 5\u00b0: De forma.\/ Cuando es la hora 10:50 see retira el Concejal Palma.\/ PRESIDENCIA pone a consideraci\u00f3n el despacho y es APROBADO ( 8 votos afirmativos).\/\/ 6. Expte. N\u00b0 5.509 HC 071 \u2013 2.024 Proyecto de Resoluci\u00f3n: Turismo Vivencial Rural, Arriero, Trashumante o Puestero por un momento.&nbsp; (O.P.T. y R.N.). Por Secretaria se procede a la lectura del despacho emitido el cual sugiere la aprobaci\u00f3n del proyecto presentado sin modificaciones.\/ PRESIDENCIA pone a consideraci\u00f3n el despacho y es APROBADO (8 votos afirmativos).\/\/ Seguidamente solicita la palabra el Concejal PARADA y expresa: Bueno gracias, Se\u00f1or Presidente. Ayer por situaci\u00f3n de mi otro trabajo, soy docente estabamos en la Escuela Ram\u00f3n Freyre con &nbsp;docentes que est\u00e1n haciendo sus pr\u00e1cticas rurales y bueno, nos encontramos con un joven puestero que hace cabalgatas tur\u00edsticas. Y hab\u00eda escuchado por la radio este proyecto y bueno hace llegar el agradecimiento, por considerar que es importante incluir, dentro de la propuesta Provincial tambi\u00e9n la oferta de la cultura, puestera al \u00e1mbito tur\u00edstico, as\u00ed es que se alegraba de la idea que estamos presentando y yo le contaba que hab\u00edan acompa\u00f1ado algunos Concejales con su firma y que se hab\u00eda trabajado r\u00e1pidamente en la Comisi\u00f3n y que seguro iba a ser aprobado por unanimidad, porque en s\u00ed todos los Concejales estaban de acuerdo en este sentido, en este proyecto, que simplemente es un Proyecto de Resoluci\u00f3n, as\u00ed es que hacerles llegar ese agradecimiento que me lo dieron en persona, pero tambi\u00e9n agradecerle a Usted por, por acompa\u00f1ar el proyecto y ojal\u00e1 que, que sirvan no, para que los j\u00f3venes puesteros que est\u00e1n tratando de a poco, tambi\u00e9n sumar esto de un nuevo ingreso a trav\u00e9s de la oferta tur\u00edstica, que tengan en ellos su beneficio, as\u00ed que gracias a los Concejales por acompa\u00f1ar este Proyecto y bueno gracias por la palabra, Se\u00f1or Presidente.\/\/ 7. Expte. N\u00b0 5.498 HC 070 \u2013 2.024 Proyecto de Resoluci\u00f3n:&nbsp; Solicitud de intervenci\u00f3n a Legisladores por el Cuarto Distrito por problemas en Jard\u00edn N\u00b0 0-101 Rosa Isabel Andino del Departamento de Malarg\u00fce. (E.H.M.A.S y C.). Por Secretaria se procede a la lectura del despacho emitido el cual sugiere la aprobaci\u00f3n del proyecto presentado sin modificaciones.\/ PRESIDENCIA pone a consideraci\u00f3n el despacho y es APROBADO (5 votos afirmativos 3 votos negativos). i) Asuntos Varios.&nbsp; 1. Nota HC 657\/2.024 Departamento Ejecutivo Proyecto de Ordenanza para cobro de red de gas para Barrio Virgen del Carmen. El Concejal Cabrera solicita que el Cuerpo se constituya en Comisi\u00f3n cuando es la hora 11:02 del cual se sale a las 12:08.\/ Por Secretaria se procede a la lectura del despacho emitido el cual sugiere desafectar la nota de referencia para su acumulaci\u00f3n al Expte N\u00b0 5.775\/2024 que tiene acordado el tratamiento en el presente punto Asuntos Varios.\/\/&nbsp; Se reincorpora a la Sesi\u00f3n el Concejal Palma cuando es la hora 12:09.\/\/PRESIDENCIA pone a consideraci\u00f3n el despacho y es APROBADO por unanimidad.\/\/ 2. Expte N\u00b0 5.775\/2.024-0 Departamento Ejecutivo Proyecto de Ordenanza Aprobaci\u00f3n del esquema de deuda para beneficiarios adherentes Obra Gas Natural Barrio virgen del Carmen y Nota HC 657\/2.024 Departamento Ejecutivo Proyecto de Ordenanza para cobro de red de gas para Barrio Virgen del Carmen.\/ Por Secretaria se procede a la lectura del despacho del Cuerpo en Comisi\u00f3n el cual sugiere la aprobaci\u00f3n del proyecto que obra de fojas 2 a fojas 9 de la nota referida, que sugiere la modificaci\u00f3n del 3\u00b0 considerando y aprueba sin modificaciones el articulado.\/ El Concejal Parada solicita un Cuarto Intermedio cuando es la hora 12:12 del cual se sale a las 12:23, conste se encuentran ausentes los Concejales Palma y Camiolo.\/\/ PRESIDENCIA pone a consideraci\u00f3n el despacho emitido y es APROBADO (7 votos afirmativos).\/\/ j) Acto de arriar el Pabell\u00f3n Nacional a cargo del &nbsp;concejal que lo&nbsp;iz\u00f3.\/\/ .\/\/ No habiendo mas temas para tratar cuando es la hora 12:24, se da por finalizada la Sesi\u00f3n. Previa lectura de lo que antecede firman las presentes actuaciones el Sr. Presidente&nbsp; y la Sra. Secretaria del Honorable Concejo Deliberante.<\/p>\n","protected":false},"excerpt":{"rendered":"<p>En Malarg\u00fce Mendoza a diecisiete&nbsp; d\u00edas de octubre de 2.024, cuando es la hora 09:30,&nbsp; se re\u00fane el Honorable Concejo Deliberante de la Municipalidad de Malarg\u00fce para celebrar la Sesi\u00f3n Ordinaria del d\u00eda de la fecha.\/ Bajo la&nbsp;&nbsp; Presidencia de su titular Dn. Rodrigo Hidalgo&nbsp;&nbsp; y&nbsp; la presencia de los Se\u00f1ores&nbsp; Concejales&nbsp; Viviana Mosca, Pablo [&hellip;]<\/p>\n","protected":false},"author":5,"featured_media":33337,"comment_status":"closed","ping_status":"closed","sticky":false,"template":"","format":"standard","meta":{"footnotes":""},"categories":[60,52,58,33,36],"tags":[],"class_list":["post-37917","post","type-post","status-publish","format-standard","has-post-thumbnail","hentry","category-acta-de-sesiones","category-gacetillas","category-ordinarias","category-prensa","category-sesiones"],"yoast_head":"<!-- This site is optimized with the Yoast SEO plugin v19.10 - https:\/\/yoast.com\/wordpress\/plugins\/seo\/ -->\n<title>ACTA 29\u00b0 SESION ORDINARIA N\u00b0 1.177 \u2013 \u201cO\u201d - 17\/10\/2.024 - Malarg\u00fce HCD<\/title>\n<meta name=\"robots\" content=\"index, follow, max-snippet:-1, max-image-preview:large, max-video-preview:-1\" \/>\n<link rel=\"canonical\" href=\"https:\/\/hcd.malargue.gov.ar\/?p=37917\" \/>\n<meta property=\"og:locale\" content=\"es_ES\" \/>\n<meta property=\"og:type\" content=\"article\" \/>\n<meta property=\"og:title\" content=\"ACTA 29\u00b0 SESION ORDINARIA N\u00b0 1.177 \u2013 \u201cO\u201d - 17\/10\/2.024 - Malarg\u00fce HCD\" \/>\n<meta property=\"og:description\" content=\"En Malarg\u00fce Mendoza a diecisiete&nbsp; d\u00edas de octubre de 2.024, cuando es la hora 09:30,&nbsp; se re\u00fane el Honorable Concejo Deliberante de la Municipalidad de Malarg\u00fce para celebrar la Sesi\u00f3n Ordinaria del d\u00eda de la fecha.\/ Bajo la&nbsp;&nbsp; Presidencia de su titular Dn. Rodrigo Hidalgo&nbsp;&nbsp; y&nbsp; la presencia de los Se\u00f1ores&nbsp; Concejales&nbsp; Viviana Mosca, Pablo [&hellip;]\" \/>\n<meta property=\"og:url\" content=\"https:\/\/hcd.malargue.gov.ar\/?p=37917\" \/>\n<meta property=\"og:site_name\" content=\"Malarg\u00fce HCD\" \/>\n<meta property=\"article:published_time\" content=\"2024-10-23T15:48:29+00:00\" \/>\n<meta property=\"article:modified_time\" content=\"2024-10-23T15:48:32+00:00\" \/>\n<meta property=\"og:image\" content=\"https:\/\/hcd.malargue.gov.ar\/wp-content\/uploads\/2023\/03\/actas-sesiones.jpg\" \/>\n\t<meta property=\"og:image:width\" content=\"1640\" \/>\n\t<meta property=\"og:image:height\" content=\"924\" \/>\n\t<meta property=\"og:image:type\" content=\"image\/jpeg\" \/>\n<meta name=\"author\" content=\"Belen Pedernera Ferragut\" \/>\n<meta name=\"twitter:card\" content=\"summary_large_image\" \/>\n<meta name=\"twitter:label1\" content=\"Escrito por\" \/>\n\t<meta name=\"twitter:data1\" content=\"Belen Pedernera Ferragut\" \/>\n\t<meta name=\"twitter:label2\" content=\"Tiempo de lectura\" \/>\n\t<meta name=\"twitter:data2\" content=\"41 minutos\" \/>\n<script type=\"application\/ld+json\" class=\"yoast-schema-graph\">{\"@context\":\"https:\/\/schema.org\",\"@graph\":[{\"@type\":\"WebPage\",\"@id\":\"https:\/\/hcd.malargue.gov.ar\/?p=37917\",\"url\":\"https:\/\/hcd.malargue.gov.ar\/?p=37917\",\"name\":\"ACTA 29\u00b0 SESION ORDINARIA N\u00b0 1.177 \u2013 \u201cO\u201d - 17\/10\/2.024 - Malarg\u00fce HCD\",\"isPartOf\":{\"@id\":\"https:\/\/hcd.malargue.gov.ar\/#website\"},\"datePublished\":\"2024-10-23T15:48:29+00:00\",\"dateModified\":\"2024-10-23T15:48:32+00:00\",\"author\":{\"@id\":\"https:\/\/hcd.malargue.gov.ar\/#\/schema\/person\/3fd6bbab64edd703961b795156c955d0\"},\"breadcrumb\":{\"@id\":\"https:\/\/hcd.malargue.gov.ar\/?p=37917#breadcrumb\"},\"inLanguage\":\"es-AR\",\"potentialAction\":[{\"@type\":\"ReadAction\",\"target\":[\"https:\/\/hcd.malargue.gov.ar\/?p=37917\"]}]},{\"@type\":\"BreadcrumbList\",\"@id\":\"https:\/\/hcd.malargue.gov.ar\/?p=37917#breadcrumb\",\"itemListElement\":[{\"@type\":\"ListItem\",\"position\":1,\"name\":\"Inicio\",\"item\":\"https:\/\/hcd.malargue.gov.ar\/\"},{\"@type\":\"ListItem\",\"position\":2,\"name\":\"ACTA 29\u00b0 SESION ORDINARIA N\u00b0 1.177 \u2013 \u201cO\u201d &#8211; 17\/10\/2.024\"}]},{\"@type\":\"WebSite\",\"@id\":\"https:\/\/hcd.malargue.gov.ar\/#website\",\"url\":\"https:\/\/hcd.malargue.gov.ar\/\",\"name\":\"Malarg\u00fce HCD\",\"description\":\"Malarg\u00fce Mendoza Argentina\",\"potentialAction\":[{\"@type\":\"SearchAction\",\"target\":{\"@type\":\"EntryPoint\",\"urlTemplate\":\"https:\/\/hcd.malargue.gov.ar\/?s={search_term_string}\"},\"query-input\":\"required name=search_term_string\"}],\"inLanguage\":\"es-AR\"},{\"@type\":\"Person\",\"@id\":\"https:\/\/hcd.malargue.gov.ar\/#\/schema\/person\/3fd6bbab64edd703961b795156c955d0\",\"name\":\"Belen Pedernera Ferragut\",\"image\":{\"@type\":\"ImageObject\",\"inLanguage\":\"es-AR\",\"@id\":\"https:\/\/hcd.malargue.gov.ar\/#\/schema\/person\/image\/\",\"url\":\"https:\/\/secure.gravatar.com\/avatar\/1054ffab3893de4bb3eb29bdd22f7e34b8537bf5d34d9dab311818154ad5b71f?s=96&d=mm&r=g\",\"contentUrl\":\"https:\/\/secure.gravatar.com\/avatar\/1054ffab3893de4bb3eb29bdd22f7e34b8537bf5d34d9dab311818154ad5b71f?s=96&d=mm&r=g\",\"caption\":\"Belen Pedernera Ferragut\"},\"url\":\"https:\/\/hcd.malargue.gov.ar\/?author=5\"}]}<\/script>\n<!-- \/ Yoast SEO plugin. -->","yoast_head_json":{"title":"ACTA 29\u00b0 SESION ORDINARIA N\u00b0 1.177 \u2013 \u201cO\u201d - 17\/10\/2.024 - Malarg\u00fce HCD","robots":{"index":"index","follow":"follow","max-snippet":"max-snippet:-1","max-image-preview":"max-image-preview:large","max-video-preview":"max-video-preview:-1"},"canonical":"https:\/\/hcd.malargue.gov.ar\/?p=37917","og_locale":"es_ES","og_type":"article","og_title":"ACTA 29\u00b0 SESION ORDINARIA N\u00b0 1.177 \u2013 \u201cO\u201d - 17\/10\/2.024 - Malarg\u00fce HCD","og_description":"En Malarg\u00fce Mendoza a diecisiete&nbsp; d\u00edas de octubre de 2.024, cuando es la hora 09:30,&nbsp; se re\u00fane el Honorable Concejo Deliberante de la Municipalidad de Malarg\u00fce para celebrar la Sesi\u00f3n Ordinaria del d\u00eda de la fecha.\/ Bajo la&nbsp;&nbsp; Presidencia de su titular Dn. Rodrigo Hidalgo&nbsp;&nbsp; y&nbsp; la presencia de los Se\u00f1ores&nbsp; Concejales&nbsp; Viviana Mosca, Pablo [&hellip;]","og_url":"https:\/\/hcd.malargue.gov.ar\/?p=37917","og_site_name":"Malarg\u00fce HCD","article_published_time":"2024-10-23T15:48:29+00:00","article_modified_time":"2024-10-23T15:48:32+00:00","og_image":[{"width":1640,"height":924,"url":"https:\/\/hcd.malargue.gov.ar\/wp-content\/uploads\/2023\/03\/actas-sesiones.jpg","type":"image\/jpeg"}],"author":"Belen Pedernera Ferragut","twitter_card":"summary_large_image","twitter_misc":{"Escrito por":"Belen Pedernera Ferragut","Tiempo de lectura":"41 minutos"},"schema":{"@context":"https:\/\/schema.org","@graph":[{"@type":"WebPage","@id":"https:\/\/hcd.malargue.gov.ar\/?p=37917","url":"https:\/\/hcd.malargue.gov.ar\/?p=37917","name":"ACTA 29\u00b0 SESION ORDINARIA N\u00b0 1.177 \u2013 \u201cO\u201d - 17\/10\/2.024 - Malarg\u00fce HCD","isPartOf":{"@id":"https:\/\/hcd.malargue.gov.ar\/#website"},"datePublished":"2024-10-23T15:48:29+00:00","dateModified":"2024-10-23T15:48:32+00:00","author":{"@id":"https:\/\/hcd.malargue.gov.ar\/#\/schema\/person\/3fd6bbab64edd703961b795156c955d0"},"breadcrumb":{"@id":"https:\/\/hcd.malargue.gov.ar\/?p=37917#breadcrumb"},"inLanguage":"es-AR","potentialAction":[{"@type":"ReadAction","target":["https:\/\/hcd.malargue.gov.ar\/?p=37917"]}]},{"@type":"BreadcrumbList","@id":"https:\/\/hcd.malargue.gov.ar\/?p=37917#breadcrumb","itemListElement":[{"@type":"ListItem","position":1,"name":"Inicio","item":"https:\/\/hcd.malargue.gov.ar\/"},{"@type":"ListItem","position":2,"name":"ACTA 29\u00b0 SESION ORDINARIA N\u00b0 1.177 \u2013 \u201cO\u201d &#8211; 17\/10\/2.024"}]},{"@type":"WebSite","@id":"https:\/\/hcd.malargue.gov.ar\/#website","url":"https:\/\/hcd.malargue.gov.ar\/","name":"Malarg\u00fce HCD","description":"Malarg\u00fce Mendoza Argentina","potentialAction":[{"@type":"SearchAction","target":{"@type":"EntryPoint","urlTemplate":"https:\/\/hcd.malargue.gov.ar\/?s={search_term_string}"},"query-input":"required name=search_term_string"}],"inLanguage":"es-AR"},{"@type":"Person","@id":"https:\/\/hcd.malargue.gov.ar\/#\/schema\/person\/3fd6bbab64edd703961b795156c955d0","name":"Belen Pedernera Ferragut","image":{"@type":"ImageObject","inLanguage":"es-AR","@id":"https:\/\/hcd.malargue.gov.ar\/#\/schema\/person\/image\/","url":"https:\/\/secure.gravatar.com\/avatar\/1054ffab3893de4bb3eb29bdd22f7e34b8537bf5d34d9dab311818154ad5b71f?s=96&d=mm&r=g","contentUrl":"https:\/\/secure.gravatar.com\/avatar\/1054ffab3893de4bb3eb29bdd22f7e34b8537bf5d34d9dab311818154ad5b71f?s=96&d=mm&r=g","caption":"Belen Pedernera Ferragut"},"url":"https:\/\/hcd.malargue.gov.ar\/?author=5"}]}},"_links":{"self":[{"href":"https:\/\/hcd.malargue.gov.ar\/index.php?rest_route=\/wp\/v2\/posts\/37917","targetHints":{"allow":["GET"]}}],"collection":[{"href":"https:\/\/hcd.malargue.gov.ar\/index.php?rest_route=\/wp\/v2\/posts"}],"about":[{"href":"https:\/\/hcd.malargue.gov.ar\/index.php?rest_route=\/wp\/v2\/types\/post"}],"author":[{"embeddable":true,"href":"https:\/\/hcd.malargue.gov.ar\/index.php?rest_route=\/wp\/v2\/users\/5"}],"replies":[{"embeddable":true,"href":"https:\/\/hcd.malargue.gov.ar\/index.php?rest_route=%2Fwp%2Fv2%2Fcomments&post=37917"}],"version-history":[{"count":1,"href":"https:\/\/hcd.malargue.gov.ar\/index.php?rest_route=\/wp\/v2\/posts\/37917\/revisions"}],"predecessor-version":[{"id":37922,"href":"https:\/\/hcd.malargue.gov.ar\/index.php?rest_route=\/wp\/v2\/posts\/37917\/revisions\/37922"}],"wp:featuredmedia":[{"embeddable":true,"href":"https:\/\/hcd.malargue.gov.ar\/index.php?rest_route=\/wp\/v2\/media\/33337"}],"wp:attachment":[{"href":"https:\/\/hcd.malargue.gov.ar\/index.php?rest_route=%2Fwp%2Fv2%2Fmedia&parent=37917"}],"wp:term":[{"taxonomy":"category","embeddable":true,"href":"https:\/\/hcd.malargue.gov.ar\/index.php?rest_route=%2Fwp%2Fv2%2Fcategories&post=37917"},{"taxonomy":"post_tag","embeddable":true,"href":"https:\/\/hcd.malargue.gov.ar\/index.php?rest_route=%2Fwp%2Fv2%2Ftags&post=37917"}],"curies":[{"name":"wp","href":"https:\/\/api.w.org\/{rel}","templated":true}]}}