{"id":37963,"date":"2024-10-30T09:20:19","date_gmt":"2024-10-30T12:20:19","guid":{"rendered":"https:\/\/hcd.malargue.gov.ar\/?p=37963"},"modified":"2024-10-30T09:33:24","modified_gmt":"2024-10-30T12:33:24","slug":"acta-30-sesion-ordinaria-n-1-178-o-24-10-2-024","status":"publish","type":"post","link":"https:\/\/hcd.malargue.gov.ar\/?p=37963","title":{"rendered":"ACTA 30\u00b0 SESION ORDINARIA N\u00b0 1.178 &#8211; \u201cO\u201d &#8211; 24\/10\/2.024"},"content":{"rendered":"<div class=\"wp-block-image\">\n<figure class=\"alignright size-full is-resized\"><a href=\"http:\/\/hcd.malargue.gov.ar\/2024\/30%20BANCA%20DEL%20CIUDADANO%20godio%20gonzalez.pdf\"><img loading=\"lazy\" decoding=\"async\" width=\"512\" height=\"512\" src=\"https:\/\/hcd.malargue.gov.ar\/wp-content\/uploads\/2018\/06\/PDF-JPG.jpg\" alt=\"\" class=\"wp-image-7950\" style=\"width:125px;height:auto\" srcset=\"https:\/\/hcd.malargue.gov.ar\/wp-content\/uploads\/2018\/06\/PDF-JPG.jpg 512w, https:\/\/hcd.malargue.gov.ar\/wp-content\/uploads\/2018\/06\/PDF-JPG-150x150.jpg 150w, https:\/\/hcd.malargue.gov.ar\/wp-content\/uploads\/2018\/06\/PDF-JPG-300x300.jpg 300w\" sizes=\"auto, (max-width: 512px) 100vw, 512px\" \/><\/a><\/figure>\n<\/div>\n\n\n<p><strong>BANCA DEL CIUDADANO<\/strong><\/p>\n\n\n\n<p><strong>Sres. Oscar Gonz\u00e1lez y Lucia Godio en representaci\u00f3n del PRO Malarg\u00fce<\/strong><\/p>\n\n\n\n<p><strong>TEMA:<\/strong><\/p>\n\n\n\n<p>PRESIDENCIA da la bienvenida\u00a0agradece que est\u00e9n utilizando esta \u00a0herramienta que tenemos aqu\u00ed, para que puedan plantear distintas problem\u00e1ticas tienen un tiempo de 10 minutos para expresar el tema que hab\u00edan planteado en la nota, que es realmente el tema de registros de conducir. Posterior a esos 10 minutos si algunos de los Concejales lo considera dara alguna devoluci\u00f3n y la tem\u00e1tica va a ser pasada una Comisi\u00f3n para luego trabajarlo m\u00e1s en profundidad.<\/p>\n\n\n\n<p>Comienza Lucia Godio: Bueno muy buenos d\u00edas a todos, gracias por la oportunidad. &nbsp;(silencio no se graba) y porque internacional&nbsp; tomando algunos ejemplos de algunas medidas y por eso hoy estamos aca.<\/p>\n\n\n\n<p>El Sr. Gonzalez expresa: Muy buenos d\u00edas Se\u00f1or Presidente, Honorables Concejales gracias por recibirnos en esta casa. Lo que les voy a contar quiz\u00e1s les pueda parecer que no tenga que ver con el tema pero\u00a0 les aseguro que si. \u00a0Recuerdo que cuando hac\u00edamos el tr\u00e1mite para el DNI no hace mucho, nosotros cuatro hermanos tods seguidito recuerdo que tenia que ir mi mama a pedir el turno, despu\u00e9s tenia que ir cuando le daban el turno, de ah\u00ed tenia que ir al banco a sacar el c\u00f3digo, asegurarse que fuera el c\u00f3digo porque si se equivocaba tenia que volver hacer cola para volver\u00a0a sacarlo. Volver con el c\u00f3digo, fotos y dem\u00e1s hoy en dia tenemos el DNI digital\u00a0 que solamente tenemos que ir cuando tenemos que sacar la foto y ya esta tramitado el DNI. Recuerdo cuando compro la primer heladera mi papa tubo que hacer un pr\u00e9stamo, un mes para todo eso hoy en dia podemos estar con nuestras familias, estar sentados en nuestra casa viendo tele y pedir un pr\u00e9stamo porque no, de sumas millonarias a trav\u00e9s de una aplicaci\u00f3n en el tel\u00e9fono, Quien se casa con una \u00e9poca queda viudo en la siguiente,\u00a0 nosotros\u00a0 como dirigentes debemos caminar con esos cambios \u00a0de \u00e9poca y generar herramientas para que aquellos ciudadanos que caminan con nosotros, en estos cambios de \u00e9poca, tengan una transici\u00f3n tranquila y ordenada a esos cambios y esto que nosotros estamos presentando es eso, es una herramienta que ayuda a los \u00a0Ciudadanos a tener o poder tramitar su renovaci\u00f3n, porque esto es, se trata de renovaci\u00f3n aquellos que hacen la licencia \u00a0de conducir por primera vez, obviamente tienen que rendir y tienen que ir presencialmente al lugar, pero esto es para la renovaci\u00f3n y aquellos que hacen la renovaci\u00f3n van a tener obviamente, la digitalizaci\u00f3n va a ser de una forma ordenada y va a tener tambi\u00e9n la despapelizaci\u00f3n, es algo muy importante tambi\u00e9n que eso\u00a0 asegura la transparencia de los datos de la persona que van a poder figurar de forma digital, la aceleraci\u00f3n de los tr\u00e1mites no van a tener que hacer largas filas engorrosas para poder realizar el tr\u00e1mite. Hay antecedentes, por ejemplo en Cordoba que los 10.000 tr\u00e1mites que se hac\u00edan en un mes, ahora se hacen tranquilamente digital para la renovaci\u00f3n y la seguridad del ciudadano, ya tenemos, venimos de una pandemia donde muchos de los tr\u00e1mites que se hac\u00edan o se realizaban presencialmente quedaron obsoletos e incluso con la educaci\u00f3n y hoy en d\u00eda con esto con esta simplificaci\u00f3n de tr\u00e1mites, podemos asegurarle tambi\u00e9n la seguridad ciudadana de realizarlo, tranquilamente de sus hogares.<\/p>\n\n\n\n<p>Seguidamente Godio agrega, &nbsp;por supuesto que ac\u00e1 la idea en primera instancia tambi\u00e9n es saludar al Equipo del Centro de Emisi\u00f3n de Licencias de Conducir que tiene &nbsp;la Municipalidad de Malarg\u00fce, que los conocemos son compa\u00f1eros nuestros y los felicitamos desde aqu\u00ed humildemente, desde esta Banca del Ciudadano, porque &nbsp;lo que hacen es impresionante y lo que justamente venimos a hacer, como a proponer, como dice Oscar, es sumarle una cuota de practicidad y facilidad en la \u00e9poca de renovaci\u00f3n del carnet, de las licencias de conducir. Mostrando totalmente transparencia y tambi\u00e9n porque no poni\u00e9ndonos a disposici\u00f3n, para lo que va a ser la concientizaci\u00f3n y c\u00f3mo ponernos en valor y c\u00f3mo poder utilizarlo, porque tambi\u00e9n es cierto que cuando esto se suma cuando hay cosas nuevas, hay muchas personas que no lo saben, quiz\u00e1s hacer, entonces bueno tambi\u00e9n ponernos a disposici\u00f3n, si as\u00ed el Ejecutivo lo requiere. Contarles tambi\u00e9n que estando al tanto de lo que ayer se promocion\u00f3 a nivel nacional la pr\u00f3xima semana, posiblemente ya est\u00e9 lanzado el cambio a nivel nacional de las licencias de conducir y nosotros bueno, esto como ustedes habr\u00e1n le\u00eddo lo presentamos en el mes de septiembre, la idea es estar a la vanguardia, estar en l\u00ednea con lo que, &nbsp;se quiere hacer a nivel nacional ponerlo en valor aqu\u00ed en Malarg\u00fce y modernizar un tr\u00e1mite que podemos hacerlo un s\u00e1bado en la tarde estando con nuestros ni\u00f1os en casa o disfrutando de un d\u00eda de plaza, podemos estar renovando nuestro carnet tambi\u00e9n, por supuesto que estamos abiertos a cualquier cambio, a cualquier sugerencia a todo aquello t\u00e9cnico que por ah\u00ed se nos escapa, la idea de este equipo que trabajamos tambi\u00e9n en conjunto con Provincia de presentarlo en todos los Municipios, en todos los Concejos en forma general hace que podamos estar hoy aqu\u00ed y por supuesto habr\u00e1n visto algunos otros que hemos presentado en nombre de este equipo, as\u00ed que desde ya gracias por &nbsp;la escucha por la atenci\u00f3n, por los mensajes de &nbsp;buena onda, &nbsp;para esto que se quiere hacer, porque de verdad queremos sumar e involucrarnos. Gracias, Se\u00f1or Presidente.<\/p>\n\n\n\n<p>Seguidamente la Concejal CAMIOLO manifiesta bueno, muchas gracias a ambos, no solamente por esta presentaci\u00f3n, sino por el respeto de siempre. Representan a una fuerza pol\u00edtica pero principalmente, representan a una iniciativa vecinal, entonces agradecerles el respeto vuelvo a decirles y presentar algo que si bien ayer tiene un anuncio nacional, ustedes hacen ya casi mes y medio que lo hab\u00edan pensado y programado, pido disculpas en nombre de todo el Concejo Deliberante por no haber interpretado la nota de elevaci\u00f3n, pero bueno realmente queremos que sean parte, as\u00ed como ustedes todos los vecinos y todas las fuerzas pol\u00edticas locales, porque justamente sabemos que es en ese encuentro de las diferencias, de los pensamientos distintos, donde aparece la verdadera riqueza para la democracia, as\u00ed que muchas gracias.&nbsp; Dijeron palabras s\u00faper importantes que tienen que ver con las nuevas formas de gobierno, agilidad, transparencia, despapelizacion, seguridad simplificaci\u00f3n, es algo en lo que se esta trabajando y es algo en lo que por parte de muchas hacedores de pol\u00edtica de distintos partidos y que lograron, por ejemplo, la celebraci\u00f3n de la boleta \u00fanica papel que fue algo que Mendoza estuvo a la vanguardia, pero tambi\u00e9n cont\u00f3 con el acuerdo de los partidos pol\u00edticos en ese momento que decidimos que era necesario. Y que tambi\u00e9n las fuerzas pol\u00edticas m\u00e1s peque\u00f1as pueden participar, me encant\u00f3 la frase que utiliz\u00f3 Oscar, no la hab\u00eda escuchado, quien se casa con una \u00e9poca, queda viuda en la siguiente, est\u00e1 muy bueno, nos ayuda a quienes hacemos pol\u00edtica a no abrazarnos a las cosas que funcionaron en otro tiempo, porque bueno, probablemente funcionaron ah\u00ed, pero hay que ser &nbsp;novedosos e innovadores en los nuevos momentos, as\u00ed que yo lo que propongo Se\u00f1or Presidente es que esta situaci\u00f3n se pueda tratar en la Comisi\u00f3n de EHMASyC, &nbsp;presidida por mi colega Francisco Parada y que en esta oportunidad, si es necesario citarlos nuevamente que creo que va a ser oportuno&nbsp; e incluso a la gente del Centro de Licencias de Malarg\u00fce. Para ver el proyecto las propuestas que tienen ellos las necesidades que tiene el centro y bueno convenir y que sea la mejor resoluci\u00f3n para para Malarg\u00fce, a la vez ya una experiencia o al menos va a haber una plataforma nacional, probablemente se den lineamientos a los que podamos sumarnos o no, se ver\u00e1 tambi\u00e9n en esa Comisi\u00f3n sugiero que sea en esa, no s\u00e9 si mis colegas tiene mejor criterio y que se los pueda convocar. Gracias.<\/p>\n\n\n\n<p>Seguidamente el Concejal PARADA expresa Much\u00edsimas gracias por la propuesta, a raz\u00f3n, de la moci\u00f3n de la Concejal Camiolo, entendemos que quiz\u00e1s sirve tambi\u00e9n este momento para explicar la situaci\u00f3n de la demora de la Banca del Ciudadano, cuando ingresa a ustedes que es en realidad como un proyecto y no concretamente como solicitud de la Banca que deber\u00eda dirigirse efectivamente al Presidente, eso nos oblig\u00f3 a que pasase a una Comisi\u00f3n. Y all\u00ed en la Comisi\u00f3n fue donde tristemente se demor\u00f3, pero quiero que entiendan que no ha sido por mala intenci\u00f3n ni mucho menos, disculpa en ese sentido y entiendo si la memoria no me falla, no fue a la Comisi\u00f3n de EHMASyC en primera instancia, fue a HPLAC, entonces debemos seguir trabajando en esa.<\/p>\n\n\n\n<p>PRESIDENCIA agrega, &nbsp;est\u00e1 ah\u00ed el proyecto, as\u00ed que no podr\u00eda pasar a EHMASyC, exactamente el proyecto se le dio pase a la Comisi\u00f3n de Hacienda, entiendo que el proyecto de demanda tambi\u00e9n cierta actualizaci\u00f3n, el proyecto est\u00e1 y bueno, si no tienen nada m\u00e1s que comentarnos agradecerles nosotros estamos a d\u00edas de terminar el periodo de Sesiones Ordinarias, pero vamos a extender una pr\u00f3rroga.<\/p>\n\n\n\n<p>A continuaci\u00f3n el Concejal PALMA manifiesta &nbsp;nada, simplemente agradecerles, sumarme a las palabras de los Concejales preopinantes, creo que es muy bueno la modernizaci\u00f3n del Estado y esto ayudar\u00eda y simplificar\u00eda varias cuestiones, estuvimos charlando algo en Parlamentaria, surgi\u00f3 un lindo debate, as\u00ed que seguramente van a ser parte de \u00e9l, los vamos a invitar gustosamente desde la Comisi\u00f3n que me toca presidir y desde all\u00ed poder empezar a charlar para materializar esto. Much\u00edsimas gracias, nuevamente.<\/p>\n\n\n\n<p>PASA A H.P.L.A.C.<\/p>\n\n\n\n<p class=\"has-text-align-center\"><strong>ACTA SESION ORDINARIA N\u00b0 1.178 &#8211; \u201cO\u201d &#8211; 2.024<\/strong><\/p>\n\n\n<div class=\"wp-block-image\">\n<figure class=\"alignright size-full is-resized\"><a href=\"http:\/\/hcd.malargue.gov.ar\/2024\/30%20ORDEN%20%20DEL%20D%C3%8DA%2024-10%20-24.pdf\"><img loading=\"lazy\" decoding=\"async\" width=\"512\" height=\"512\" src=\"https:\/\/hcd.malargue.gov.ar\/wp-content\/uploads\/2018\/06\/PDF-JPG.jpg\" alt=\"\" class=\"wp-image-7950\" style=\"width:134px;height:auto\" srcset=\"https:\/\/hcd.malargue.gov.ar\/wp-content\/uploads\/2018\/06\/PDF-JPG.jpg 512w, https:\/\/hcd.malargue.gov.ar\/wp-content\/uploads\/2018\/06\/PDF-JPG-150x150.jpg 150w, https:\/\/hcd.malargue.gov.ar\/wp-content\/uploads\/2018\/06\/PDF-JPG-300x300.jpg 300w\" sizes=\"auto, (max-width: 512px) 100vw, 512px\" \/><\/a><\/figure>\n<\/div>\n\n\n<p>En Malarg\u00fce Mendoza a veinticuatro d\u00edas de octubre de 2.024, cuando es la hora 09:24,&nbsp; se re\u00fane el Honorable Concejo Deliberante de la Municipalidad de Malarg\u00fce para celebrar la Sesi\u00f3n Ordinaria del d\u00eda de la fecha.\/ Bajo la&nbsp;&nbsp; Presidencia de su titular Dn. Rodrigo Hidalgo&nbsp;&nbsp; y&nbsp; la presencia de los Se\u00f1ores&nbsp; Concejales&nbsp; Viviana Mosca, Pablo Villarruel, Elizabeth Gonz\u00e1lez, Mart\u00edn Palma, Francisco Parada,&nbsp; Silvina Camiolo, Emilce Mansilla, Magali&nbsp; Acosta y Pablo Cabrera.\/\/ Se firma el Libro de asistencia donde consta &nbsp;que no hay ausencias.\/\/&nbsp;&nbsp; a) Para dar comienzo al desarrollo del Orden del d\u00eda&nbsp; se invita a la Sra. Concejal Silvina Camiolo a izar la Ense\u00f1a Patria.\/\/ b)&nbsp; Homenaje de los Se\u00f1ores Concejales.&nbsp; Solicita la palabra el Concejal PARADA y expresa: Gracias Sr. Presidente, reiterados los buenos d\u00edas a todos. Est\u00e1 transcurriendo el mes de octubre y como no, desde esta Banca de este Concejo rendir homenaje a quienes est\u00e1n con la Vendimia Malarg\u00fcina, no en el sentido festivo, sino en la cosecha. Ah\u00ed anda nuestro puestero con su trabajo de octubre, tan duro, sacrificado estos d\u00edas de lluvia, que por cierto son bendici\u00f3n, sirven para los campos tambi\u00e9n es complicaci\u00f3n, hay que estar en los corrales con lluvia, Concejal, hay que estar con cuando llueve, que el guano se hace pantano, s\u00ed, que si la lluvia es fr\u00eda los chivitos reci\u00e9n nacidos empiezan a morir, etc\u00e9tera etc\u00e9tera y bueno y all\u00ed no hay feriado, no hay descanso, hay que estar y all\u00ed est\u00e1 nuestro puestero sosteniendo, bueno, parte de no solo de nuestra cultura, sino nuestra econom\u00eda y dem\u00e1s y con sus, con sus esfuerzos y adem\u00e1s con sus problemas, que muchas veces desde la pol\u00edtica no podemos al menos en estos lugares, no podemos solucionarles, no? As\u00ed es que para ellos, el homenaje de siempre, el respeto desde nuestra Banca en este mes de octubre, que la Vendimia del Sur como dice la canci\u00f3n del Festival del Chivo ya est\u00e1 &nbsp;a pleno y ojal\u00e1 que sean muchos frutos y que econ\u00f3micamente sean reconocidos tambi\u00e9n. Gracias.\/\/ c) Consideraci\u00f3n Acta Sesi\u00f3n Ordinaria N\u00b0 1.177 &#8211; \u201cO\u201d &#8211; 2.024. PRESIDENCIA pone a consideraci\u00f3n y es APROBADA.\/\/ d) &nbsp;Lectura del detalle de la correspondencia recibida y emitida. 1. Departamento Ejecutivo eleva respuesta a pedido de informe, seg\u00fan Resoluci\u00f3n N\u00b0 311\/2.024, respecto a diferentes aspectos inherentes a la Direcci\u00f3n de Cultura. Pasa&nbsp; a E.H.M.A.S.y C.\/&nbsp; 2. Escuela N\u00b0 5-012 Albertina de C\u00eda, solicita pr\u00e9stamo de movilidad para traslado de alumnos al Departamento de Las Heras a fin de participar del Encuentro de Orquestas. Pasa a Secretaria de Desarrollo Humano.\/ 3. Departamento Ejecutivo, eleva respuesta respecto a Notas HC 228\/2.024 Srta Lucila Flores expone situaci\u00f3n personal debido a la no renovaci\u00f3n del contrato de locaci\u00f3n y HC 211\/2.024 Sra. Ver\u00f3nica Contreras expone situaci\u00f3n personal. Pasa a GENERO, EQUIDAD Y DIVERSIDAD.\/ &nbsp;4. Departamento Ejecutivo eleva Decreto N\u00b0 1.329\/2.024 Autorizar a compradores comprendidos en el Barrio 60\u00b0 Aniversario del Departamento de Malarg\u00fce a realizar la escritura traslativa de dominio del inmueble adquirido en dicho loteo. Pasa a H.P.L.A.C..\/ 5. Sr. Alberto Amaya, solicita reuni\u00f3n con Comisi\u00f3n de O.P.T.y R.N. a fin de exponer la falta de estacionamiento para personas con discapacidad. Pasa a O.P.T.y R.N..\/ 6. Magister Amalia Ram\u00edrez, Directora de Gesti\u00f3n Ambiental, invita a coordinar visita al Vivero Municipal a fin de observar los bienes donados por la Empresa Genneia.\/ Solicita la palabra la Concejal CAMIOLO expresa: <strong><em>. <\/em><\/strong>La Concejal CAMIOLO aduce: Propongo que sea derivado a Hacienda porque es invitaci\u00f3n a coordinar visita y al tratarse de bienes donados, la aceptaci\u00f3n o el repudio del mismo es a trav\u00e9s de esa Comisi\u00f3n, por eso lo propongo. &nbsp;Pasa a H.P.L.A.C..\/ 7. Departamento Ejecutivo eleva Expte N\u00b0 6.406\/2.024 Contadora General eleva respuesta a Pedido de Informe respecto a Personal Temporario y Contratos de Locaci\u00f3n de Servicio, Resoluci\u00f3n N\u00b0 314\/2.024. Solicita la palabra la Concejal CAMIOLO manifestando: : <strong><em>&nbsp;<\/em><\/strong>No, solamente pedir que vaya a la Comisi\u00f3n de Hacienda, sino decir que bueno, que fue un Pedido de Informe que no ha cumplido los plazos que marca la 1.079 en cuanto a su contestaci\u00f3n, creo que es bastante preocupante &nbsp;el resultado de la lectura del informe, que lo hemos hecho solamente en canasta, que despu\u00e9s podremos revisar con, con mayor precisi\u00f3n en la Comisi\u00f3n a donde estoy pidiendo que se eleve. Quisiera solicitar tambi\u00e9n, que tenga Tratamiento Preferencial, s\u00e9 que eso se tiene que votar, pero debido a que los datos all\u00ed expresados son muy preocupantes, la Municipalidad de Malarg\u00fce, ha tenido una baja de aproximadamente 150 empleados. muchas licencias por razones de salud mental, pero muchas renuncias de personal de 18 a 20 a\u00f1os trabajando en el Municipio, tal como supon\u00edamos los bajos sueldos, se suman a un mont\u00f3n de otros factores dentro de ellos tambi\u00e9n, lo que mucha gente ha podido venir y expresar aqu\u00ed, los tratos y los motivos de licencia de salud mental, que es algo bastante preocupante y que yo lo dije en una Sesi\u00f3n hace un tiempo, desde el Ejecutivo sali\u00f3 un comunicado muy desacertado y poco feliz, hablando que muchas de las licencias a veces son un abuso por parte del empleado, nunca la salud mental tiene que considerarse un abuso, porque justamente si alguien aduce eso hay profesionales que firman los certificados y firman los pedidos, profesionales que se han formado y que por lo menos tienen 7 u 8 a\u00f1os de formaci\u00f3n para dar eso ese aval, me parece que no lo podemos tomar a la ligera y por otro lado, si hay muchas altas en contratos de locaci\u00f3n, porque uno de los objetivos siempre dijimos, la planta de personal es muy grande es uno de los municipios con m\u00e1s cantidad de empleados municipales per c\u00e1pita, pero si el objetivo hubiera sido que se redujera la planta, no tendr\u00eda por qu\u00e9 haber entonces tantos Contratos de Locaci\u00f3n y hay much\u00edsimos, Se\u00f1or Presidente pido que tenga Tratamiento Preferencial y que el Concejo pueda entender, lo vimos en la Comisi\u00f3n del d\u00eda lunes en la Comisi\u00f3n de Reglamento Interno y en cuanto a las funciones que tenemos los Concejales de revisar las actuaciones del Departamento Ejecutivo, si bien la administraci\u00f3n est\u00e1 a cargo del Departamento Ejecutivo y es a quien la gente ha votado mayoritariamente para conducir los destinos de Malarg\u00fce, tambi\u00e9n nos eligi\u00f3 a nosotros para hacer la revisi\u00f3n, el control de legalidad y justamente generar las condiciones de trabajo a nuestros compa\u00f1eros municipales, por eso Se\u00f1or Presidente es que pido que tenga Tratamiento Preferencial.\/\/ PRESIDENCIA pone a consideraci\u00f3n el Tratamiento sobre Tablas y es APROBADO (7 votos afirmativos 2 votos negativos). Pasa a H.P.L.A.C. con Tratamiento Preferencial.\/\/ Notas Emitidas: 1. A los Sres. Oscar Gonz\u00e1lez y Lucia Godio informando que podr\u00e1n hacer uso de la Banca del Ciudadano . e) Determinaci\u00f3n de los temas que ser\u00e1n incluidos en el punto Asuntos Varios y puesta a consideraci\u00f3n de mociones de tratamientos sobre tablas de diversos expedientes. No hay solicitudes.\/\/ f)&nbsp; Proyectos de los Se\u00f1ores Concejales.&nbsp; 1. Expte. N\u00b0 5.514 HC 071 \u2013 2.024 Proyecto de Declaraci\u00f3n: Declarar de Inter\u00e9s Educativo y Social el IX Congreso Nacional de Discapacidad: \u201cParadojas del Trabajo y la Educaci\u00f3n Inclusiva\u201d (BLOQUE &nbsp;PARTIDO JUSTICIALISTA) Autores: Concejales Magali Acosta y Emilce Mansilla. Solicita la palabra la Concejal ACOSTA y manifiesta: : El proyecto&nbsp; viene de un pedido de los propios Organizadores del Congreso Nacional, s\u00ed, y creo que en estos tiempos que nos est\u00e1n atravesando y que sabemos que nuestro Pa\u00eds ha sido pionero en darle un marco legal a todo lo que es a las personas con discapacidad y sabemos que todo eso, hoy en d\u00eda est\u00e1 en riesgo y cada d\u00eda se van derogando m\u00e1s leyes y si queremos construir una sociedad mucho m\u00e1s equitativa, m\u00e1s justa, sin barreras para toda la Comunidad es que solicitamos este Proyecto de Declaraci\u00f3n y no es necesario su lectura y que pasa la Comisi\u00f3n de Educaci\u00f3n, gracias.\/ Pasa a E.H.M.A.S. y C.\/\/ 2. &nbsp;Expte. N\u00b0 5.515 HC 071 \u2013 2.024 Proyecto de Declaraci\u00f3n: Adherir y acompa\u00f1ar la declaraci\u00f3n del Honorable Senado de la Provincia de Mendoza con Expte. N\u00b0 80.839 Autora Senadora Jesica Laferte.&nbsp; (BLOQUE FRENTE CAMBIA MENDOZA) Autor: Pablo Villarruel.&nbsp;&nbsp; Solicita la palabra el Concejal VILLARRUEL expresando: : Buenos d\u00edas, bueno, muchas gracias, muchas gracias a todos. Buenos d\u00edas para todos, s\u00ed, primer punto quisiera pedirle si se puede cambiar porque es un Proyecto de Resoluci\u00f3n, no una Declaraci\u00f3n, as\u00ed que pero bueno nada, esta Oficina Regional dependiente de la Secretar\u00eda de Miner\u00eda de la Naci\u00f3n, es un proyecto que, que pide que se cree aqu\u00ed, en Malarg\u00fce que busca que se genere &nbsp;lo que es mano de obra local, pero &nbsp;bueno, todos sabemos que, Malarg\u00fce apunta a ser el gran impulsor de Mendoza y en esto todo lo que podamos nosotros contribuir, o ir, o avanzar creo que ser\u00eda muy positivo, as\u00ed que bueno, nada quiero ser bastante breve en esto y solamente comentar esta parte que digo, todo lo que podamos avanzar y poder tener nosotros ya vistos ser\u00eda creo que muy positivo, much\u00edsimas gracias y pido que pase a la Comisi\u00f3n de Hidrocarburos y Hacienda y no es necesaria la lectura del Proyecto.\/\/ Pasa a Comisi\u00f3n de HIDROCARBUROS, ENERGIA Y MINERIA y posteriormente H.P.L.A.C..\/\/ 3. &nbsp;Expte. N\u00b0 5.516 HC 071 \u2013 2.024 Proyecto de Resoluci\u00f3n:&nbsp; Gasoducto Papagayos y la refuncionalizaci\u00f3n y repotenciaci\u00f3n del Sistema Hidroenerg\u00e9tico del Paraje Las Loicas. (BLOQUE&nbsp; ENCUENTRO) Autor: &nbsp;Concejal Francisco Parada.\/ Solicita la palabra el Concejal PARADA expresando: Bueno, gracias, primero cometimos all\u00ed un error en la car\u00e1tula, obviamente que se va a corregir en la Comisi\u00f3n, pero deber\u00eda ser Solicitar al Se\u00f1or Gobernador que incluya dentro de los Fondos de Portezuelo del Viento la construcci\u00f3n de las obras de Gasoducto Papagayo y la refuncionalizaci\u00f3n, repotenciaci\u00f3n del sistema hidroenerg\u00e9tico del Paraje Las Loicas. Este proyecto tiene que ver con los fondos de Portezuelo. Si, los vecinos nos encuentran en la calle, nos preguntan, qu\u00e9 pasa con los Fondos de Portezuelo, para nosotros puntos suspensivos, en una inc\u00f3gnita. Una inc\u00f3gnita, este Concejo no ha tenido absolutamente informaci\u00f3n oficial al respecto, no lo hemos tenido, obviamente nos enteramos por las noticias que ya se han destinado casi 108 millones de d\u00f3lares para obras del Sur, en la cual, por lo menos en esta primera etapa no vienen para Malarg\u00fce, entonces frente a &nbsp;estas situaciones desde aqu\u00ed, del Concejo, un simple Proyecto que pretendemos ir y decir existimos. Estamos, existimos, ac\u00e1 en el fondo de la Provincia estamos, por qu\u00e9 particularmente elegimos estas obras, porque son obras avanzadas recuerden que el caso de Gasoducto Papagayo hasta cuenta con la Audiencia P\u00fablica, han sido llamadas, se ha hecho incluso, se llamaba a licitaci\u00f3n, en el caso de la turbina de Las L\u00f3icas que tambi\u00e9n requiere al menos, al menos un peque\u00f1o reconocimiento a toda esa vecindad, que por tantos a\u00f1os sus propiedades, su arraigo fue de idas y vueltas y dem\u00e1s, merecen un resarcimiento de alg\u00fan modo, es migajas, es migajas y esto fue anunciado, que si mal no recuerdo alla por el a\u00f1o 2019 o 2018, por el mism\u00edsimo Gobernador Cornejo, en aquel tiempo, en la mism\u00edsima Localidad Las L\u00f3icas, entonces por all\u00ed, para que est\u00e9n en agenda, lo presentamos con ese sentido ya son obras que est\u00e1n trabajadas, que est\u00e1n avanzadas, para que bueno empiecen de una vez por todas a ser financiadas y dem\u00e1s, as\u00ed es que en ese sentido va el Proyecto pido el Tratamiento Preferencial, perd\u00f3n, pido que vaya a la Comisi\u00f3n de Obra P\u00fablica y que tenga su Tratamiento Preferencial, si los Concejales lo creen conveniente.\/&nbsp; PRESIDENCIA pone a consideraci\u00f3n la moci\u00f3n de Tratamiento Preferencial y es APROBADO por unanimidad.\/ Pasa a O.P.T.y R.N.&nbsp; con Tratamiento Preferencial.\/\/ Seguidamente solicita la palabra la Concejal CAMIOLO y expresa: Sr. Presidente, coincido en absoluto con lo que expres\u00f3 mi colega y es cierto que este Concejo Deliberante no, no ha tenido ninguna participaci\u00f3n en la situaci\u00f3n de lo que est\u00e1 ocurriendo con los 1.023 millones. Lo \u00fanico que hay es una publicaci\u00f3n del d\u00eda 16 de octubre, que voy a leer textual: El Gobernador Alfredo Cornejo, present\u00f3 las primeras obras a ser financiadas con los 1023 millones de d\u00f3lares del Fondo de Resarcimiento, las obras apuntan a mejorar las condiciones de base sobre las que se sustenta todo desarrollo posible, &nbsp;agua, saneamiento, energ\u00eda y caminos. En este sentido se anunciaron 8 obras para San Rafael y General Alvear Entendemos el esfuerzo, como la mejora de los puntos de partida para el desarrollo, presente y futuro.<\/p>\n\n\n\n<p>desde Malarg\u00fce seguiremos debatiendo y esperando nuestro momento de recibir la noticia de ser parte de estas obras, que son en definitiva con los Fondos que eran para este suelo. Este posteo est\u00e1 en la p\u00e1gina oficial del Se\u00f1or Intendente y d\u00e9jeme expresar la decepci\u00f3n que siento como Malarg\u00fcina, de un posteo tan liviano ante el robo desenmascarado de los 1023 millones. las venas por luchar por lo que le falta a Malarg\u00fce y me hace ocupar inmediatamente cuando el Concejal dijo, el proyecto, decir necesitamos darle un Pratamiento preferencial y tambi\u00e9n de generar todo tipo de reclamos a la Provincia, porque no puede ser que de las 8 obras que vienen al sur ninguna sea para Malarg\u00fce. Y se gan\u00f3 un juicio, gracias a Malarg\u00fce Se\u00f1or Presidente, se gan\u00f3 un juicio que tuvo much\u00edsimos a\u00f1os y que termin\u00f3 en una conciliaci\u00f3n entre Provincia y Naci\u00f3n &nbsp;por fondos millonarios y realmente es una verg\u00fcenza, una falta de respeto y hasta una burla, por parte de la Provincia, nuevamente a Malarg\u00fce de ni siquiera en esta primera etapa haber colocado una obra, pero lo que m\u00e1s me duele es la tibieza y la liviandad de quienes hoy nos representan, de decir que vamos a seguir esperando, cu\u00e1nto m\u00e1s puede esperar Malarg\u00fce y cu\u00e1nto m\u00e1s puede esperar la salud de los Malarg\u00fcinos, las rutas, cu\u00e1nto m\u00e1s podemos esperar realmente espero, espero, ojal\u00e1 deseo, que en las pr\u00f3ximas discusiones ante la Provincia haya otro tipo de tratamiento, haya otro tipo de debate y haya otro tipo de posicionamiento, porque la verdad me decepciona como Malarg\u00fcina. Vamos a seguir debatiendo y esperando, yo creo que la gente Malarg\u00fce ya no puede seguir esperando, la gente de Malarg\u00fce necesita respuestas, necesita obras y necesita que sea ya y tambi\u00e9n necesita de la pol\u00edtica que estemos a la altura para defenderlos, no para subir una foto abrazados a Cornejo y esto no quiere decir que nos peleemos con el Gobernador, porque hay que ser inteligentes en c\u00f3mo damos las luchas pero la verdad, que siento que esta publicaci\u00f3n es una falta de respeto a todos los Malarg\u00fcinos. Gracias Sr. Presidente.\/\/ Acto seguido solicita la palabra el Concejal PALMA manifestando: &nbsp;Simplemente, se\u00f1or Presidente para solicitar acompa\u00f1ar el Proyecto del Concejal Parada con mi firma, yo ayer por cuestiones particulares no pude estar, no pude hacer canasta, no, no estaba en conocimiento, pero inmediatamente al recibir el Orden del D\u00eda por parte de Secretar\u00eda en el correo electr\u00f3nico pude, pude revisarlo y la verdad que me pareci\u00f3 muy interesante. Esta ma\u00f1ana en Parlamentaria, est\u00e1bamos charlando y la discusi\u00f3n hay que darla, nosotros en alg\u00fan momento planteamos reuniones respecto a esta situaci\u00f3n, lo llamamos al Intendente en dos oportunidades para, para charlar, interiorizarnos en c\u00f3mo se estaba manejando la situaci\u00f3n respecto a la utilizaci\u00f3n de 1.023 millones de d\u00f3lares de Portezuelo y qu\u00e9 injerencia o qu\u00e9 participaci\u00f3n hab\u00eda tenido el Intendente en funci\u00f3n de lo que hab\u00eda anunciado el Gobernador de este, Banco de Proyectos. Creo muy interesante poder ser parte de esto, miren Malarg\u00fce tiene una historia muy rica y Malarg\u00fce es, siempre ha sido quien ha sostenido en parte o en gran parte d\u00e9jenme decir, la econom\u00eda de la Provincia. En este sentido tanto con el hidrocarburo, como con la miner\u00eda que se pretende hacer en el Departamento, este hay una esperanza de que Malarg\u00fce pueda impulsarse, no, pero son dos discusiones distintas s\u00ed?, la miner\u00eda por un lado y estos 1.023 millones que el Gobernador anunci\u00f3 para obras de infraestructura h\u00eddrica o energ\u00e9tica y se me viene a la memoria y saneamiento, perd\u00f3n, le voy a agregar, se me viene a la memoria, una situaci\u00f3n que nosotros vivimos como Departamento y la plantilla que son las cloacas, s\u00ed que a\u00fan la seguimos esperando y siguen pasando los Gobiernos, que lo necesitamos definitivamente terminar con esa obra, tambi\u00e9n se me viene a la mente del Parque Costa Oeste, un desarrollo que se plante\u00f3 en alg\u00fan momento, que se estudi\u00f3 por, por Irrigaci\u00f3n, que es un Proyecto que est\u00e1, que est\u00e1 estudiado, o sea, ser\u00eda f\u00e1cil poder ponerlo sobre la mesa, porque tienen bases t\u00e9cnicas ya iniciadas y realizadas, tambi\u00e9n se me ven\u00eda la memoria que en alg\u00fan momento nosotros tambi\u00e9n estuvimos peleando con, una peleando no, sino como una opci\u00f3n una alternativa, a la Central T\u00e9rmica de Anchoris, que funciona con el gas de Malarg\u00fce, &nbsp;tampoco tiene gas. Y haciendo todo este c\u00f3ctel y por qu\u00e9 hablaba de la miner\u00eda? Porque a m\u00ed me interesa que haya miner\u00eda con los controles, nunca nos vamos a cansar de decir, pero me interesa que la miner\u00eda se le pueda dar valor agregado al producto, no que vendamos nuestras rocas y en otros lugares, se realicen los procesos y tengan la riqueza del valor agregado copiar el modelo de Chile y para tener valor agregado, yo creo que hay que tener energ\u00eda, para poder procesar la industria, esta energ\u00eda nos permitir\u00eda ampliar nuestro Parque Industrial, poder instalar all\u00ed empresas con energ\u00eda y con, con herramientas para poder darle ese valor agregado y generar fuentes de mano de obra genuinas en nuestro Departamento. Entonces creo que la discusi\u00f3n hay que darla, haber yo no quiero pelearme con nadie, las peleas sabemos que muchas veces terminan generando mayores grietas, en la pol\u00edtica las grietas no sirven para nada, yo tengo diferencias con el Intendente y las voy a seguir sosteniendo y le voy a seguir marcando lo que a m\u00ed entender est\u00e1 mal y lo que est\u00e1 fuera de la Ley, eso no va a cambiar jam\u00e1s, pero hay una cosa que s\u00ed tiene que cambiar en la pol\u00edtica y es el di\u00e1logo sobre temas que son transversales a cualquier partido pol\u00edtico. Y esto es as\u00ed.<\/p>\n\n\n\n<p>el bienestar de los de diferencia<\/p>\n\n\n\n<p>Pol\u00edticas que se aplican en este Municipio que la estuve en el Gobierno anterior ojo, eh? Y las marque y bueno no fueron muy bien recibidas pero no, no importa o sea entiendo que la pol\u00edtica debe ser una herramienta transformadora y en este sentido creo que el di\u00e1logo que hay que abrir con esto, es fundamental, fundamental&nbsp; haber yo lo quiero acompa\u00f1ar al Intendente, haber hay que sentarse con el Gobernador y ponernos a discutir,, son viables no son viables estas obras, bien perfecto, cu\u00e1les son las reglas del juego, la gente de Las L\u00f3icas reci\u00e9n lo manifestaban no pudo invertir, no pudo hacer un mont\u00f3n de cosas, somos en Las L\u00f3icas el primer pueblito que recibe a los turistas de Chile, podr\u00eda tener un muy buen desarrollo pero bueno est\u00e1bamos con esta ilusi\u00f3n de Portezuelo del Viento y no hay que olvidarse tambi\u00e9n lo que pas\u00f3 con Portezuelo del Viento y qui\u00e9n fue los responsables<\/p>\n\n\n\n<p>Completo si bien se ven\u00eda anunciando hac\u00eda much\u00edsimo tiempo, lamentablemente los \u00faltimos Gobiernos Justicialistas no jugaron en contra, en funci\u00f3n de la Administraci\u00f3n del COIRCO, pero bueno, no vamos a entrar en eso porque sin\u00f3 volver\u00edamos nuevamente a estancarnos en cosas que ya sucedieron y que no vamos a cambiar en ning\u00fan debate, aqu\u00ed lo que s\u00ed vamos a cambiar de aqu\u00ed en adelante, es ponernos a trabajar en conjunto por el bienestar de los Malarg\u00fcinos,&nbsp; de las diferencias, pero con una causa en com\u00fan, entonces yo los invito a todos los bloques de este Concejo tal vez me tomo un atrevimiento, ya que no es m\u00edo, porque no soy parte ni autor del Proyecto, a que sumemos ideas a este Proyecto que le demos un tratamiento \u00e1gil, r\u00e1pido y que nos pongamos a trabajar en funci\u00f3n a este reclamo que yo en lo personal considero justo para la gente de Malarg\u00fce. Entonces dejemos nuestras diferencias de lado, yo creo que as\u00ed funciona, puede haber otro tema que despu\u00e9s nos lleven a estar con otras diferencias, pero asi funciona esto, es un \u00e1mbito democr\u00e1tico donde tenemos que trabajar, as\u00ed que no me quiero extender mucho m\u00e1s Se\u00f1or Presidente, me parece muy interesante este Proyecto y creo que, que debemos estar a la altura en ciertos temas de poder trabajar por el bien com\u00fan gracias, se\u00f1or Presidente.\/\/ Seguidamente solicita la palabra el Concejal VILLARRUEL manifestando: Si me permita acompa\u00f1ar el proyecto, la verdad que tengo mucha gente conocida en el campo y bueno, Las Loicas muchas tambi\u00e9n, s\u00e9 por lo que han, lo que han venido pasando adhiero a las palabras los Concejales, realmente es muy doloroso, lo que est\u00e1 pasando, siendo y digo tambi\u00e9n esto tiene que ser transversal a todos. Estaba pensando analizado un proyecto que, que va a salir en un segundo m\u00e1s adelante de deporte programa, programa municipal de recreaci\u00f3n y ustedes saben que por ah\u00ed uno cuando anda y visita vecinos y dem\u00e1s y le cuenta esto del deporte, de lo bueno que es, de la cultura, muchas veces ya no ha sido una, sino muchas veces me han dicho que ellos y mucha gente en Malarg\u00fce de que es pr\u00e1cticamente no tiene para comprarle zapatillas a su hijo, mire se van a pensar en deporte o cultura, digo y me empieza a doler y le pido disculpas pero, realmente creo que esto es una situaci\u00f3n que tenemos que atacar entre todos, porque la gente de Malarg\u00fce, necesita trabajo, necesita un bienestar, porque el trabajo dignifica, entonces estas cosas son muy importantes, de verdad le agradezco por avanzar con esto. Nosotros est\u00e1bamos trabajando en un proyecto ah\u00ed para Las Loicas, pero m\u00e1s all\u00e1 de lo, de lo que es eso lo que necesitamos realmente es&nbsp; algo que genere fuente de trabajo genuina y que podamos avanzar, as\u00ed que bueno. Con respecto a eso poder tambi\u00e9n acompa\u00f1ar el Proyecto de much\u00edsimas gracias.\/\/ A continuaci\u00f3n la Concejal MOSCA&nbsp; manifiesta su voluntad de acompa\u00f1ar con su firma el proyecto por considerarlo sumamente importante.\/\/ Solicita la palabra el Concejal CABRERA y expresa:&nbsp; Buen d\u00eda Se\u00f1or Presidente, buen d\u00eda para los Colegas, para el Personal del HCD y&nbsp; la gente que nos visita. Tambi\u00e9n comentarles que desde el bloque Partido Justicialista venimos bregando por los Fondos de Portezuelo, por Malarg\u00fce, para que bueno ese dinero quede en Malarg\u00fce, desde el primer momento desde cuando el Gobernador Cornejo, inform\u00f3 de que esos fondos iban a tener otro destino, nosotros empezamos a generar algunas, algunos mecanismos, estuvimos trabajando en un Proyecto de Resoluci\u00f3n tambi\u00e9n y por ende la postura de este Bloque es obviamente estar af\u00edn a las necesidades de nuestro pueblo, trabajar para generar empleo y tambi\u00e9n trabajar en post de un bienestar com\u00fan y defender nuestros derechos. Yo creo que uno de los derechos que tenemos es este, digamos que los Fondos de Portezuelo y tambi\u00e9n se tengan en cuenta ese destino de los Fondos Portezuelo, se tenga en cuenta Malarg\u00fce, as\u00ed que bueno pido tambi\u00e9n acompa\u00f1ar con, con la firma al Concejal autor del proyecto.\/\/ 4. Expte N\u00b0 5.517 HC 071 \u2013 2.024 Proyecto de Resoluci\u00f3n: &nbsp;Pedido de Informe sobre provisi\u00f3n de agua en zonas rurales. (INTERBLOQUE RECONSTRUYENDO MALARGUE &#8211; UCR INDEPENDIENTE \u2013 FRENTE CAMBIA MENDOZA Y UNI\u00d3N MENDOCINA) Autores:&nbsp; Concejales Silvina Camiolo, Mart\u00edn Palma, Viviana Mosca y Elizabeth Gonz\u00e1lez. Solicita la palabra la Concejal CAMIOLO y manifiesta:&nbsp; Solo pedir que el Expte pase a la Comisi\u00f3n de Hacienda para que reciba el tratamiento correspondiente y&nbsp; que por Secretar\u00eda se de lectura al Articulado.\/ Por Secretaria se procede a la lectura solicitada y posteriormente pasa a H.P.L.A.C.\/\/ 5. Expte N\u00b0 5.518 HC 071 \u2013 2.024 Proyecto de Resoluci\u00f3n:&nbsp; Solicitud de mejores condiciones laborales en la Academia Municipal de Ingl\u00e9s. (INTERBLOQUE RECONSTRUYENDO MALARGUE &#8211; UNION MENDOCINA &#8211; UCR INDEPENDIENTE) Autores: Concejales Silvina Camiolo, Mart\u00edn Palma y Elizabeth Gonz\u00e1lez. Solicita la palabra la Concejal CAMIOLO expresando: Gracias, Se\u00f1or Presidente, la Academia Municipal de Ingl\u00e9s, funciona de manera ininterrumpida desde el a\u00f1o 2000, tiene 24 a\u00f1os, nunca ha tenido una pieza legal soporte, es decir una O,rdenanza que justamente la Ordenanza marque el funcionamiento de la misma, por tanto los docentes, los distintos y sucesivos coordinadores, han tenido cierta regulaci\u00f3n discrecional por parte del Departamento Ejecutivo quiere decir que seg\u00fan la gesti\u00f3n que estuvo, pod\u00edan tener mejores o peores condiciones, entendemos que esto no solamente que es irregular, sino que genera una injusticia en cuanto a la accesibilidad laboral, a la accesibilidad a los cargos y en alg\u00fan momento pensamos en generar una pieza legal mediante Ordenanza, para justamente dar esta, esta justicia y principalmente pensando que en este Recinto est\u00e1 la mayor\u00eda de la pol\u00edtica representada sin embargo, tuvimos la experiencia de la Carrera Docente la Ordenanza que se elabor\u00f3 y que se trabaj\u00f3 con casi todos los bloques de este Concejo, se trabaj\u00f3 con los mismos docentes y termin\u00f3 siendo vetada parcialmente. Si Ustedes analizan, cu\u00e1les son los Art\u00edculos que fueron vetados, son todos los que ten\u00edan que ver con acceso a mejores condiciones laborales, es decir todos los Art\u00edculos que reflejaban derechos para los docentes que est\u00e1n en el municipio de Malarg\u00fce y sin embargo quedaron vigentes todos los que representaban obligaciones, por tanto en ese punto siento que antes que ayudar hemos generado un perjuicio, porque el veto parcial lo que gener\u00f3 es m\u00e1s exigencias al mismo precio de siempre. En funci\u00f3n de evitar que se vuelva a perjudicar a los docentes y en este punto a los docentes de la Academia de&nbsp; Ingl\u00e9s es que le hemos dado un formato de R,esoluci\u00f3n para por lo menos poner a los Docentes de la Academia de Ingl\u00e9s, en la agenda del Ejecutivo, porque se les prometi\u00f3 en el mes de marzo, una reuni\u00f3n en los pr\u00f3ximos 15 d\u00edas y a octubre esa reuni\u00f3n nunca se concret\u00f3. Me preocupa much\u00edsimo que la diferencia salarial se d\u00e9 en cuanto a funciones, por ejemplo de&nbsp; quien tenga t\u00edtulo terciario y qui\u00e9n no, porque el Art\u00edculo 14 bis de la Constituci\u00f3n, habla que a igual tarea, igual remuneraci\u00f3n, es decir, si yo estoy ejerciendo la Docencia de Ingl\u00e9s, tengo que percibir la misma remuneraci\u00f3n que otra persona que este ejercicio, ejerciendo perd\u00f3n, la tarea Docente de Ingl\u00e9s, la diferencia y est\u00e1 estipulada en la 5.892, la tiene que dar el pago del t\u00edtulo, es decir, quien tenga un t\u00edtulo terciario, debe cobrar una mejor remuneraci\u00f3n por el concepto de pago de t\u00edtulo, pero no puede haber una diferencia salarial porque est\u00e1n ejerciendo ambas la misma funci\u00f3n. Eso hace una injusticia salarial de entre 60.000 y 100.000 pesos por igual tarea, por tanto lo estamos presentando formato Resoluci\u00f3n y no Ordenanza primero porque no me gusta que, que las veten y m\u00e1s con justificativos magros y fuera de horario, fuera de t\u00e9rmino que eso es otro tema, pero realmente queremos resolver&nbsp; los problemas a los empleados&nbsp; de Malarg\u00fce y para resolver el problema, por lo menos tenemos que llevarlo a la mesa de trabajo. El Director de Educaci\u00f3n y la Contadora Municipal est\u00e1n al tanto de este Proyecto. Lo hicimos en una comisi\u00f3n esta semana con mucho agrado dijeron que lo iban a ver, que lo iban a estudiar y principalmente, lo que deseo, es que se ponga en la agenda y se use el criterio y la coherencia para resolver esta situaci\u00f3n. Pido que el Proyecto pase a la Comisi\u00f3n de EHMASyC al tratarse de una tem\u00e1tica de educaci\u00f3n y no es necesaria la lectura.\/ Pasa a E.H.M.A.S y C.\/\/ 6. Expte. N\u00b0 5.519 HC 071 \u2013 2.024 Proyecto de Resoluci\u00f3n:&nbsp; Declarar de Inter\u00e9s Departamental el 1\u00b0 Evento \u201cRock Trip Corral de Bardas Malal Hue\u201d a realizarse en el mes de marzo en el Paraje de Bardas Blancas. (INTERBLOQUE RECONSTRUYENDO MALARGUE \u2013 UNION MENDOCINA \u2013 FRENTE CAMBIA MENDOZA \u2013 UCR INDEPENDIENTE \u2013 PARTIDO JUSTICIALISTA) Autores:&nbsp; Silvina Camiolo, Elizabeth Gonz\u00e1lez, Viviana Mosca, Pablo Villarruel, Mart\u00edn Palma y Emilce Mansilla. A continuaci\u00f3n solicita la palabra la Concejal CAMIOLO expresando: Y en uno \u00edbamos a coincidir,&nbsp; Se\u00f1or Presidente solicito que pase a la Comisi\u00f3n de Obras, ah\u00ed se le dar\u00e1 el tratamiento pero todos los bloques est\u00e1n en conocimiento de que se trata y s\u00e9 que tambi\u00e9n estamos todos de acuerdo en que necesitamos fortalecer las actividades de monta\u00f1a y bueno se hace el Primer Festival de Monta\u00f1a en Malarg\u00fce, algo que celebramos y que nos alegra un mont\u00f3n, as\u00ed que pido que pase esa comisi\u00f3n y ah\u00ed se le dar\u00e1 el tratamiento respectivo, muchas gracias.\/\/\/ 7. Expte. N\u00b0 5.520 HC 071 \u2013 2.024 Proyecto de Ordenanza:&nbsp; Crear el Programa Municipal de Recreaci\u00f3n, destinado a coordinar, planificar y promover actividades recreativas a desarrollar en el Departamento de Malarg\u00fce. (INTERBLOQUE FRENTE CAMBIA MENDOZA \u2013 UNI\u00d3N MENDOCINA) Autores:&nbsp; Concejales Pablo Villarruel, Viviana Mosca y Elizabeth Gonz\u00e1lez.\/ : Bueno, para contarles lo que les dec\u00eda hace un ratito y bueno tambi\u00e9n coincidiendo, coincidiendo con el proyecto de Do\u00f1a Silvina, este programa apunta justamente a eso, el esp\u00edritu es optimizar los recursos, Usted sabe que siempre los recursos son pocos y que bueno todo lo que podamos sumar en esto, que beneficiar\u00eda mucho a lo que es deporte y cultura poder planificar durante el a\u00f1o todos los eventos para bueno poderle dar un mejor servicio a ni\u00f1os j\u00f3venes adultos adultos mayores a personas con discapacidad lo que garantiza la inclusi\u00f3n de todos de toda la poblaci\u00f3n, as\u00ed que bueno es b\u00e1sicamente esto necesito que no se lea. el articulado y que pasa la Comisi\u00f3n de EHMASyC.\/&nbsp; g) Expedientes provenientes del Departamento Ejecutivo. No Ingresados.\/\/ h) Despachos de las Comisiones de Trabajo. 1. Notas HC 545, 567\/2.023 y 466\/2.024 Agentes municipales exponen problem\u00e1tica laboral y descuentos salariales y Nota HC 211\/2.024 Agente Contratado expone problem\u00e1tica por discriminaci\u00f3n en Direcci\u00f3n de Seguridad Ciudadana. (GENERO, EQUIDAD Y DIVERSIDAD). ). Solicita la palabra el Concejal PARADA pide un Cuarto Intermedio cuando es la hora 09:50, retomando la Sesi\u00f3n a la hora 10:00.\/ Seguidamente el Concejal PARADA solicita que el Cuerpo se constituya en Comisi\u00f3n cuando es la hora 10:02, retomando la Sesi\u00f3n a las 10:35.\/ Por Secretaria se procede a la lectura del despacho emitido el cual sugiere la aprobaci\u00f3n de un Proyecto de Resoluci\u00f3n:&nbsp; RESUELVE. ART\u00cdCULO 1\u00b0: Solicitar al Departamento Ejecutivo Municipal que en car\u00e1cter de urgente conteste a la Comsii\u00f3n de Genero, Equidad y Diversidad sobre la situaci\u00f3n de la agente de las notas de referencias, adjuntas a esta pieza legal. ART\u00cdCULO 2\u00b0:&nbsp; De forma.\/\/ PRESIDENCIA pone a consideraci\u00f3n el despacho emitido y es APROBADO ( 6 votos afirmativos, 3 votos negativos). i) Asuntos Varios. &nbsp;No Hay solicitudes.\/\/ j) Acto de arriar el Pabell\u00f3n Nacional a cargo de la &nbsp;concejal que lo iz\u00f3.\/\/ &nbsp;.\/\/ No habiendo mas temas para tratar cuando es la hora 10:40, se da por finalizada la Sesi\u00f3n. Previa lectura de lo que antecede firman las presentes actuaciones el Sr. Presidente&nbsp; y la Sra. Secretaria del Honorable Concejo Deliberante.<\/p>\n","protected":false},"excerpt":{"rendered":"<p>BANCA DEL CIUDADANO Sres. Oscar Gonz\u00e1lez y Lucia Godio en representaci\u00f3n del PRO Malarg\u00fce TEMA: PRESIDENCIA da la bienvenida\u00a0agradece que est\u00e9n utilizando esta \u00a0herramienta que tenemos aqu\u00ed, para que puedan plantear distintas problem\u00e1ticas tienen un tiempo de 10 minutos para expresar el tema que hab\u00edan planteado en la nota, que es realmente el tema de [&hellip;]<\/p>\n","protected":false},"author":5,"featured_media":33337,"comment_status":"closed","ping_status":"closed","sticky":false,"template":"","format":"standard","meta":{"footnotes":""},"categories":[60,83,52,58,33,36],"tags":[],"class_list":["post-37963","post","type-post","status-publish","format-standard","has-post-thumbnail","hentry","category-acta-de-sesiones","category-banca-del-ciudadano","category-gacetillas","category-ordinarias","category-prensa","category-sesiones"],"yoast_head":"<!-- This site is optimized with the Yoast SEO plugin v19.10 - https:\/\/yoast.com\/wordpress\/plugins\/seo\/ -->\n<title>ACTA 30\u00b0 SESION ORDINARIA N\u00b0 1.178 - \u201cO\u201d - 24\/10\/2.024 - Malarg\u00fce HCD<\/title>\n<meta name=\"robots\" content=\"index, follow, max-snippet:-1, max-image-preview:large, max-video-preview:-1\" \/>\n<link rel=\"canonical\" href=\"https:\/\/hcd.malargue.gov.ar\/?p=37963\" \/>\n<meta property=\"og:locale\" content=\"es_ES\" \/>\n<meta property=\"og:type\" content=\"article\" \/>\n<meta property=\"og:title\" content=\"ACTA 30\u00b0 SESION ORDINARIA N\u00b0 1.178 - \u201cO\u201d - 24\/10\/2.024 - Malarg\u00fce HCD\" \/>\n<meta property=\"og:description\" content=\"BANCA DEL CIUDADANO Sres. Oscar Gonz\u00e1lez y Lucia Godio en representaci\u00f3n del PRO Malarg\u00fce TEMA: PRESIDENCIA da la bienvenida\u00a0agradece que est\u00e9n utilizando esta \u00a0herramienta que tenemos aqu\u00ed, para que puedan plantear distintas problem\u00e1ticas tienen un tiempo de 10 minutos para expresar el tema que hab\u00edan planteado en la nota, que es realmente el tema de [&hellip;]\" \/>\n<meta property=\"og:url\" content=\"https:\/\/hcd.malargue.gov.ar\/?p=37963\" \/>\n<meta property=\"og:site_name\" content=\"Malarg\u00fce HCD\" \/>\n<meta property=\"article:published_time\" content=\"2024-10-30T12:20:19+00:00\" \/>\n<meta property=\"article:modified_time\" content=\"2024-10-30T12:33:24+00:00\" \/>\n<meta property=\"og:image\" content=\"https:\/\/hcd.malargue.gov.ar\/wp-content\/uploads\/2023\/03\/actas-sesiones.jpg\" \/>\n\t<meta property=\"og:image:width\" content=\"1640\" \/>\n\t<meta property=\"og:image:height\" content=\"924\" \/>\n\t<meta property=\"og:image:type\" content=\"image\/jpeg\" \/>\n<meta name=\"author\" content=\"Belen Pedernera Ferragut\" \/>\n<meta name=\"twitter:card\" content=\"summary_large_image\" \/>\n<meta name=\"twitter:label1\" content=\"Escrito por\" \/>\n\t<meta name=\"twitter:data1\" content=\"Belen Pedernera Ferragut\" \/>\n\t<meta name=\"twitter:label2\" content=\"Tiempo de lectura\" \/>\n\t<meta name=\"twitter:data2\" content=\"32 minutos\" \/>\n<script type=\"application\/ld+json\" class=\"yoast-schema-graph\">{\"@context\":\"https:\/\/schema.org\",\"@graph\":[{\"@type\":\"WebPage\",\"@id\":\"https:\/\/hcd.malargue.gov.ar\/?p=37963\",\"url\":\"https:\/\/hcd.malargue.gov.ar\/?p=37963\",\"name\":\"ACTA 30\u00b0 SESION ORDINARIA N\u00b0 1.178 - \u201cO\u201d - 24\/10\/2.024 - Malarg\u00fce HCD\",\"isPartOf\":{\"@id\":\"https:\/\/hcd.malargue.gov.ar\/#website\"},\"datePublished\":\"2024-10-30T12:20:19+00:00\",\"dateModified\":\"2024-10-30T12:33:24+00:00\",\"author\":{\"@id\":\"https:\/\/hcd.malargue.gov.ar\/#\/schema\/person\/3fd6bbab64edd703961b795156c955d0\"},\"breadcrumb\":{\"@id\":\"https:\/\/hcd.malargue.gov.ar\/?p=37963#breadcrumb\"},\"inLanguage\":\"es-AR\",\"potentialAction\":[{\"@type\":\"ReadAction\",\"target\":[\"https:\/\/hcd.malargue.gov.ar\/?p=37963\"]}]},{\"@type\":\"BreadcrumbList\",\"@id\":\"https:\/\/hcd.malargue.gov.ar\/?p=37963#breadcrumb\",\"itemListElement\":[{\"@type\":\"ListItem\",\"position\":1,\"name\":\"Inicio\",\"item\":\"https:\/\/hcd.malargue.gov.ar\/\"},{\"@type\":\"ListItem\",\"position\":2,\"name\":\"ACTA 30\u00b0 SESION ORDINARIA N\u00b0 1.178 &#8211; \u201cO\u201d &#8211; 24\/10\/2.024\"}]},{\"@type\":\"WebSite\",\"@id\":\"https:\/\/hcd.malargue.gov.ar\/#website\",\"url\":\"https:\/\/hcd.malargue.gov.ar\/\",\"name\":\"Malarg\u00fce HCD\",\"description\":\"Malarg\u00fce Mendoza Argentina\",\"potentialAction\":[{\"@type\":\"SearchAction\",\"target\":{\"@type\":\"EntryPoint\",\"urlTemplate\":\"https:\/\/hcd.malargue.gov.ar\/?s={search_term_string}\"},\"query-input\":\"required name=search_term_string\"}],\"inLanguage\":\"es-AR\"},{\"@type\":\"Person\",\"@id\":\"https:\/\/hcd.malargue.gov.ar\/#\/schema\/person\/3fd6bbab64edd703961b795156c955d0\",\"name\":\"Belen Pedernera Ferragut\",\"image\":{\"@type\":\"ImageObject\",\"inLanguage\":\"es-AR\",\"@id\":\"https:\/\/hcd.malargue.gov.ar\/#\/schema\/person\/image\/\",\"url\":\"https:\/\/secure.gravatar.com\/avatar\/1054ffab3893de4bb3eb29bdd22f7e34b8537bf5d34d9dab311818154ad5b71f?s=96&d=mm&r=g\",\"contentUrl\":\"https:\/\/secure.gravatar.com\/avatar\/1054ffab3893de4bb3eb29bdd22f7e34b8537bf5d34d9dab311818154ad5b71f?s=96&d=mm&r=g\",\"caption\":\"Belen Pedernera Ferragut\"},\"url\":\"https:\/\/hcd.malargue.gov.ar\/?author=5\"}]}<\/script>\n<!-- \/ Yoast SEO plugin. -->","yoast_head_json":{"title":"ACTA 30\u00b0 SESION ORDINARIA N\u00b0 1.178 - \u201cO\u201d - 24\/10\/2.024 - Malarg\u00fce HCD","robots":{"index":"index","follow":"follow","max-snippet":"max-snippet:-1","max-image-preview":"max-image-preview:large","max-video-preview":"max-video-preview:-1"},"canonical":"https:\/\/hcd.malargue.gov.ar\/?p=37963","og_locale":"es_ES","og_type":"article","og_title":"ACTA 30\u00b0 SESION ORDINARIA N\u00b0 1.178 - \u201cO\u201d - 24\/10\/2.024 - Malarg\u00fce HCD","og_description":"BANCA DEL CIUDADANO Sres. Oscar Gonz\u00e1lez y Lucia Godio en representaci\u00f3n del PRO Malarg\u00fce TEMA: PRESIDENCIA da la bienvenida\u00a0agradece que est\u00e9n utilizando esta \u00a0herramienta que tenemos aqu\u00ed, para que puedan plantear distintas problem\u00e1ticas tienen un tiempo de 10 minutos para expresar el tema que hab\u00edan planteado en la nota, que es realmente el tema de [&hellip;]","og_url":"https:\/\/hcd.malargue.gov.ar\/?p=37963","og_site_name":"Malarg\u00fce HCD","article_published_time":"2024-10-30T12:20:19+00:00","article_modified_time":"2024-10-30T12:33:24+00:00","og_image":[{"width":1640,"height":924,"url":"https:\/\/hcd.malargue.gov.ar\/wp-content\/uploads\/2023\/03\/actas-sesiones.jpg","type":"image\/jpeg"}],"author":"Belen Pedernera Ferragut","twitter_card":"summary_large_image","twitter_misc":{"Escrito por":"Belen Pedernera Ferragut","Tiempo de lectura":"32 minutos"},"schema":{"@context":"https:\/\/schema.org","@graph":[{"@type":"WebPage","@id":"https:\/\/hcd.malargue.gov.ar\/?p=37963","url":"https:\/\/hcd.malargue.gov.ar\/?p=37963","name":"ACTA 30\u00b0 SESION ORDINARIA N\u00b0 1.178 - \u201cO\u201d - 24\/10\/2.024 - Malarg\u00fce HCD","isPartOf":{"@id":"https:\/\/hcd.malargue.gov.ar\/#website"},"datePublished":"2024-10-30T12:20:19+00:00","dateModified":"2024-10-30T12:33:24+00:00","author":{"@id":"https:\/\/hcd.malargue.gov.ar\/#\/schema\/person\/3fd6bbab64edd703961b795156c955d0"},"breadcrumb":{"@id":"https:\/\/hcd.malargue.gov.ar\/?p=37963#breadcrumb"},"inLanguage":"es-AR","potentialAction":[{"@type":"ReadAction","target":["https:\/\/hcd.malargue.gov.ar\/?p=37963"]}]},{"@type":"BreadcrumbList","@id":"https:\/\/hcd.malargue.gov.ar\/?p=37963#breadcrumb","itemListElement":[{"@type":"ListItem","position":1,"name":"Inicio","item":"https:\/\/hcd.malargue.gov.ar\/"},{"@type":"ListItem","position":2,"name":"ACTA 30\u00b0 SESION ORDINARIA N\u00b0 1.178 &#8211; \u201cO\u201d &#8211; 24\/10\/2.024"}]},{"@type":"WebSite","@id":"https:\/\/hcd.malargue.gov.ar\/#website","url":"https:\/\/hcd.malargue.gov.ar\/","name":"Malarg\u00fce HCD","description":"Malarg\u00fce Mendoza Argentina","potentialAction":[{"@type":"SearchAction","target":{"@type":"EntryPoint","urlTemplate":"https:\/\/hcd.malargue.gov.ar\/?s={search_term_string}"},"query-input":"required name=search_term_string"}],"inLanguage":"es-AR"},{"@type":"Person","@id":"https:\/\/hcd.malargue.gov.ar\/#\/schema\/person\/3fd6bbab64edd703961b795156c955d0","name":"Belen Pedernera Ferragut","image":{"@type":"ImageObject","inLanguage":"es-AR","@id":"https:\/\/hcd.malargue.gov.ar\/#\/schema\/person\/image\/","url":"https:\/\/secure.gravatar.com\/avatar\/1054ffab3893de4bb3eb29bdd22f7e34b8537bf5d34d9dab311818154ad5b71f?s=96&d=mm&r=g","contentUrl":"https:\/\/secure.gravatar.com\/avatar\/1054ffab3893de4bb3eb29bdd22f7e34b8537bf5d34d9dab311818154ad5b71f?s=96&d=mm&r=g","caption":"Belen Pedernera Ferragut"},"url":"https:\/\/hcd.malargue.gov.ar\/?author=5"}]}},"_links":{"self":[{"href":"https:\/\/hcd.malargue.gov.ar\/index.php?rest_route=\/wp\/v2\/posts\/37963","targetHints":{"allow":["GET"]}}],"collection":[{"href":"https:\/\/hcd.malargue.gov.ar\/index.php?rest_route=\/wp\/v2\/posts"}],"about":[{"href":"https:\/\/hcd.malargue.gov.ar\/index.php?rest_route=\/wp\/v2\/types\/post"}],"author":[{"embeddable":true,"href":"https:\/\/hcd.malargue.gov.ar\/index.php?rest_route=\/wp\/v2\/users\/5"}],"replies":[{"embeddable":true,"href":"https:\/\/hcd.malargue.gov.ar\/index.php?rest_route=%2Fwp%2Fv2%2Fcomments&post=37963"}],"version-history":[{"count":2,"href":"https:\/\/hcd.malargue.gov.ar\/index.php?rest_route=\/wp\/v2\/posts\/37963\/revisions"}],"predecessor-version":[{"id":37969,"href":"https:\/\/hcd.malargue.gov.ar\/index.php?rest_route=\/wp\/v2\/posts\/37963\/revisions\/37969"}],"wp:featuredmedia":[{"embeddable":true,"href":"https:\/\/hcd.malargue.gov.ar\/index.php?rest_route=\/wp\/v2\/media\/33337"}],"wp:attachment":[{"href":"https:\/\/hcd.malargue.gov.ar\/index.php?rest_route=%2Fwp%2Fv2%2Fmedia&parent=37963"}],"wp:term":[{"taxonomy":"category","embeddable":true,"href":"https:\/\/hcd.malargue.gov.ar\/index.php?rest_route=%2Fwp%2Fv2%2Fcategories&post=37963"},{"taxonomy":"post_tag","embeddable":true,"href":"https:\/\/hcd.malargue.gov.ar\/index.php?rest_route=%2Fwp%2Fv2%2Ftags&post=37963"}],"curies":[{"name":"wp","href":"https:\/\/api.w.org\/{rel}","templated":true}]}}