{"id":37998,"date":"2024-11-04T11:40:02","date_gmt":"2024-11-04T14:40:02","guid":{"rendered":"https:\/\/hcd.malargue.gov.ar\/?p=37998"},"modified":"2024-11-04T12:17:15","modified_gmt":"2024-11-04T15:17:15","slug":"malargue-y-el-norte-neuquino-avanzan-en-cooperacion-para-el-desarrollo-de-una-microregion","status":"publish","type":"post","link":"https:\/\/hcd.malargue.gov.ar\/?p=37998","title":{"rendered":"Malarg\u00fce y el Norte Neuquino avanzan en cooperaci\u00f3n para el desarrollo de una microregi\u00f3n"},"content":{"rendered":"\n<p>El Honorable Concejo Deliberante de Malarg\u00fce, comprometido con el desarrollo regional y la integraci\u00f3n, realiz\u00f3 una serie de reuniones el 25 y 26 de octubre en las localidades neuquinas de Chos Malal y Las Ovejas. Este encuentro busc\u00f3 profundizar la colaboraci\u00f3n con los Concejos Deliberantes de la regi\u00f3n norte de Neuqu\u00e9n y el Sur de Mendoza, para impulsar pol\u00edticas conjuntas en \u00e1reas claves como turismo, educaci\u00f3n, infraestructura y recursos naturales, generando as\u00ed las bases para una futura microregi\u00f3n integrada.<\/p>\n\n\n\n<p>Comenzando el dia viernes 25 los Concejales Francisco Parada, Elizabeth Gonzalez y Pablo Cabrera; y fueron recibidos en Chos Malal por la Vicepresidenta del Concejo Deliberante, Paula Canon, junto a los Concejales Graciela L\u00f3pez, Isa\u00edas Mardones y Pedro Cemper. Durante la reuni\u00f3n, se abordaron temas de inter\u00e9s com\u00fan, como el desarrollo de la Ruta Nacional 40, los Pasos Internacionales, y la importancia deldesarrollo de los sectores tur\u00edstico, ganadero, minero y petrolero. Los Ediles neuquinos resaltaron la relevancia de fortalecer estos v\u00ednculos y garantizar la continuidad de estas reuniones, reconociendo el papel de Malarg\u00fce como un aliado estrat\u00e9gico en temas que abarcan desde la educaci\u00f3n hasta la econom\u00eda.<\/p>\n\n\n\n<figure class=\"wp-block-image size-large\"><img loading=\"lazy\" decoding=\"async\" width=\"1024\" height=\"461\" src=\"https:\/\/hcd.malargue.gov.ar\/wp-content\/uploads\/2024\/11\/WhatsApp-Image-2024-11-01-at-10.10.38-2-1024x461.jpeg\" alt=\"\" class=\"wp-image-38000\" srcset=\"https:\/\/hcd.malargue.gov.ar\/wp-content\/uploads\/2024\/11\/WhatsApp-Image-2024-11-01-at-10.10.38-2-1024x461.jpeg 1024w, https:\/\/hcd.malargue.gov.ar\/wp-content\/uploads\/2024\/11\/WhatsApp-Image-2024-11-01-at-10.10.38-2-300x135.jpeg 300w, https:\/\/hcd.malargue.gov.ar\/wp-content\/uploads\/2024\/11\/WhatsApp-Image-2024-11-01-at-10.10.38-2-768x346.jpeg 768w, https:\/\/hcd.malargue.gov.ar\/wp-content\/uploads\/2024\/11\/WhatsApp-Image-2024-11-01-at-10.10.38-2-1536x692.jpeg 1536w, https:\/\/hcd.malargue.gov.ar\/wp-content\/uploads\/2024\/11\/WhatsApp-Image-2024-11-01-at-10.10.38-2.jpeg 1600w\" sizes=\"auto, (max-width: 1024px) 100vw, 1024px\" \/><\/figure>\n\n\n\n<p>Al d\u00eda siguiente, el 26 de octubre, los Concejales de Malarg\u00fce se reunieron en Las Ovejas con Gabriel Urrutia, Presidente del Concejo Deliberante local, y con los Ediles Rosaura y Miguel \u00c1ngel Parada. All\u00ed se destac\u00f3 la importancia del Paso Internacional Minas-\u00d1uble, adem\u00e1s de proponerse convenios educativos para facilitar que los j\u00f3venes neuquinos puedan acceder a estudios superiores en Malarg\u00fce. Tambi\u00e9n se discuti\u00f3 la posibilidad de que Malarg\u00fce se incorpore al Comit\u00e9 Binacional de Pasos Fronterizos de la Patagonia, lo que permitir\u00eda fortalecer la cooperaci\u00f3n en la apertura y mantenimiento de estos pasos cruciales para la regi\u00f3n.<\/p>\n\n\n<div class=\"wp-block-image\">\n<figure class=\"aligncenter size-large\"><img loading=\"lazy\" decoding=\"async\" width=\"1024\" height=\"461\" src=\"https:\/\/hcd.malargue.gov.ar\/wp-content\/uploads\/2024\/11\/WhatsApp-Image-2024-11-04-at-11.32.22-1024x461.jpeg\" alt=\"\" class=\"wp-image-38001\" srcset=\"https:\/\/hcd.malargue.gov.ar\/wp-content\/uploads\/2024\/11\/WhatsApp-Image-2024-11-04-at-11.32.22-1024x461.jpeg 1024w, https:\/\/hcd.malargue.gov.ar\/wp-content\/uploads\/2024\/11\/WhatsApp-Image-2024-11-04-at-11.32.22-300x135.jpeg 300w, https:\/\/hcd.malargue.gov.ar\/wp-content\/uploads\/2024\/11\/WhatsApp-Image-2024-11-04-at-11.32.22-768x346.jpeg 768w, https:\/\/hcd.malargue.gov.ar\/wp-content\/uploads\/2024\/11\/WhatsApp-Image-2024-11-04-at-11.32.22-1536x692.jpeg 1536w, https:\/\/hcd.malargue.gov.ar\/wp-content\/uploads\/2024\/11\/WhatsApp-Image-2024-11-04-at-11.32.22.jpeg 1600w\" sizes=\"auto, (max-width: 1024px) 100vw, 1024px\" \/><\/figure>\n<\/div>\n\n\n<p>De las discusiones surgieron propuestas concretas, como la gesti\u00f3n prioritaria del tramo Bardas Blancas-Laguna Coipo Lauqu\u00e9n en la Ruta 40 y la inclusi\u00f3n de localidades como Buta Ranquil, Andacollo y Barrancas en futuras reuniones. Se acord\u00f3 que el pr\u00f3ximo encuentro se llevar\u00e1 a cabo en Malarg\u00fce, en una fecha a\u00fan por definir, consolidando este primer paso como el inicio de una colaboraci\u00f3n que promete traer beneficios sustanciales para ambas regiones.<\/p>\n\n\n\n<p>Este acercamiento representa una oportunidad hist\u00f3rica para el crecimiento conjunto de Malarg\u00fce y el norte neuquino, potenciando el desarrollo local mediante la creaci\u00f3n de una microregi\u00f3n que promueva el intercambio cultural, educativo y econ\u00f3mico.<\/p>\n","protected":false},"excerpt":{"rendered":"<p>El Honorable Concejo Deliberante de Malarg\u00fce, comprometido con el desarrollo regional y la integraci\u00f3n, realiz\u00f3 una serie de reuniones el 25 y 26 de octubre en las localidades neuquinas de Chos Malal y Las Ovejas. Este encuentro busc\u00f3 profundizar la colaboraci\u00f3n con los Concejos Deliberantes de la regi\u00f3n norte de Neuqu\u00e9n y el Sur de [&hellip;]<\/p>\n","protected":false},"author":5,"featured_media":37999,"comment_status":"closed","ping_status":"closed","sticky":false,"template":"","format":"standard","meta":{"footnotes":""},"categories":[65,52,33],"tags":[],"class_list":["post-37998","post","type-post","status-publish","format-standard","has-post-thumbnail","hentry","category-comisiondepasosinternacionalesyasuntosregionales","category-gacetillas","category-prensa"],"yoast_head":"<!-- This site is optimized with the Yoast SEO plugin v19.10 - https:\/\/yoast.com\/wordpress\/plugins\/seo\/ -->\n<title>Malarg\u00fce y el Norte Neuquino avanzan en cooperaci\u00f3n para el desarrollo de una microregi\u00f3n - Malarg\u00fce HCD<\/title>\n<meta name=\"robots\" content=\"index, follow, max-snippet:-1, max-image-preview:large, max-video-preview:-1\" \/>\n<link rel=\"canonical\" href=\"https:\/\/hcd.malargue.gov.ar\/?p=37998\" \/>\n<meta property=\"og:locale\" content=\"es_ES\" \/>\n<meta property=\"og:type\" content=\"article\" \/>\n<meta property=\"og:title\" content=\"Malarg\u00fce y el Norte Neuquino avanzan en cooperaci\u00f3n para el desarrollo de una microregi\u00f3n - Malarg\u00fce HCD\" \/>\n<meta property=\"og:description\" content=\"El Honorable Concejo Deliberante de Malarg\u00fce, comprometido con el desarrollo regional y la integraci\u00f3n, realiz\u00f3 una serie de reuniones el 25 y 26 de octubre en las localidades neuquinas de Chos Malal y Las Ovejas. Este encuentro busc\u00f3 profundizar la colaboraci\u00f3n con los Concejos Deliberantes de la regi\u00f3n norte de Neuqu\u00e9n y el Sur de [&hellip;]\" \/>\n<meta property=\"og:url\" content=\"https:\/\/hcd.malargue.gov.ar\/?p=37998\" \/>\n<meta property=\"og:site_name\" content=\"Malarg\u00fce HCD\" \/>\n<meta property=\"article:published_time\" content=\"2024-11-04T14:40:02+00:00\" \/>\n<meta property=\"article:modified_time\" content=\"2024-11-04T15:17:15+00:00\" \/>\n<meta property=\"og:image\" content=\"https:\/\/hcd.malargue.gov.ar\/wp-content\/uploads\/2024\/11\/WhatsApp-Image-2024-11-01-at-10.10.41.jpeg\" \/>\n\t<meta property=\"og:image:width\" content=\"1600\" \/>\n\t<meta property=\"og:image:height\" content=\"721\" \/>\n\t<meta property=\"og:image:type\" content=\"image\/jpeg\" \/>\n<meta name=\"author\" content=\"Belen Pedernera Ferragut\" \/>\n<meta name=\"twitter:card\" content=\"summary_large_image\" \/>\n<meta name=\"twitter:label1\" content=\"Escrito por\" \/>\n\t<meta name=\"twitter:data1\" content=\"Belen Pedernera Ferragut\" \/>\n\t<meta name=\"twitter:label2\" content=\"Tiempo de lectura\" \/>\n\t<meta name=\"twitter:data2\" content=\"3 minutos\" \/>\n<script type=\"application\/ld+json\" class=\"yoast-schema-graph\">{\"@context\":\"https:\/\/schema.org\",\"@graph\":[{\"@type\":\"WebPage\",\"@id\":\"https:\/\/hcd.malargue.gov.ar\/?p=37998\",\"url\":\"https:\/\/hcd.malargue.gov.ar\/?p=37998\",\"name\":\"Malarg\u00fce y el Norte Neuquino avanzan en cooperaci\u00f3n para el desarrollo de una microregi\u00f3n - Malarg\u00fce HCD\",\"isPartOf\":{\"@id\":\"https:\/\/hcd.malargue.gov.ar\/#website\"},\"datePublished\":\"2024-11-04T14:40:02+00:00\",\"dateModified\":\"2024-11-04T15:17:15+00:00\",\"author\":{\"@id\":\"https:\/\/hcd.malargue.gov.ar\/#\/schema\/person\/3fd6bbab64edd703961b795156c955d0\"},\"breadcrumb\":{\"@id\":\"https:\/\/hcd.malargue.gov.ar\/?p=37998#breadcrumb\"},\"inLanguage\":\"es-AR\",\"potentialAction\":[{\"@type\":\"ReadAction\",\"target\":[\"https:\/\/hcd.malargue.gov.ar\/?p=37998\"]}]},{\"@type\":\"BreadcrumbList\",\"@id\":\"https:\/\/hcd.malargue.gov.ar\/?p=37998#breadcrumb\",\"itemListElement\":[{\"@type\":\"ListItem\",\"position\":1,\"name\":\"Inicio\",\"item\":\"https:\/\/hcd.malargue.gov.ar\/\"},{\"@type\":\"ListItem\",\"position\":2,\"name\":\"Malarg\u00fce y el Norte Neuquino avanzan en cooperaci\u00f3n para el desarrollo de una microregi\u00f3n\"}]},{\"@type\":\"WebSite\",\"@id\":\"https:\/\/hcd.malargue.gov.ar\/#website\",\"url\":\"https:\/\/hcd.malargue.gov.ar\/\",\"name\":\"Malarg\u00fce HCD\",\"description\":\"Malarg\u00fce Mendoza Argentina\",\"potentialAction\":[{\"@type\":\"SearchAction\",\"target\":{\"@type\":\"EntryPoint\",\"urlTemplate\":\"https:\/\/hcd.malargue.gov.ar\/?s={search_term_string}\"},\"query-input\":\"required name=search_term_string\"}],\"inLanguage\":\"es-AR\"},{\"@type\":\"Person\",\"@id\":\"https:\/\/hcd.malargue.gov.ar\/#\/schema\/person\/3fd6bbab64edd703961b795156c955d0\",\"name\":\"Belen Pedernera Ferragut\",\"image\":{\"@type\":\"ImageObject\",\"inLanguage\":\"es-AR\",\"@id\":\"https:\/\/hcd.malargue.gov.ar\/#\/schema\/person\/image\/\",\"url\":\"https:\/\/secure.gravatar.com\/avatar\/1054ffab3893de4bb3eb29bdd22f7e34b8537bf5d34d9dab311818154ad5b71f?s=96&d=mm&r=g\",\"contentUrl\":\"https:\/\/secure.gravatar.com\/avatar\/1054ffab3893de4bb3eb29bdd22f7e34b8537bf5d34d9dab311818154ad5b71f?s=96&d=mm&r=g\",\"caption\":\"Belen Pedernera Ferragut\"},\"url\":\"https:\/\/hcd.malargue.gov.ar\/?author=5\"}]}<\/script>\n<!-- \/ Yoast SEO plugin. -->","yoast_head_json":{"title":"Malarg\u00fce y el Norte Neuquino avanzan en cooperaci\u00f3n para el desarrollo de una microregi\u00f3n - Malarg\u00fce HCD","robots":{"index":"index","follow":"follow","max-snippet":"max-snippet:-1","max-image-preview":"max-image-preview:large","max-video-preview":"max-video-preview:-1"},"canonical":"https:\/\/hcd.malargue.gov.ar\/?p=37998","og_locale":"es_ES","og_type":"article","og_title":"Malarg\u00fce y el Norte Neuquino avanzan en cooperaci\u00f3n para el desarrollo de una microregi\u00f3n - Malarg\u00fce HCD","og_description":"El Honorable Concejo Deliberante de Malarg\u00fce, comprometido con el desarrollo regional y la integraci\u00f3n, realiz\u00f3 una serie de reuniones el 25 y 26 de octubre en las localidades neuquinas de Chos Malal y Las Ovejas. Este encuentro busc\u00f3 profundizar la colaboraci\u00f3n con los Concejos Deliberantes de la regi\u00f3n norte de Neuqu\u00e9n y el Sur de [&hellip;]","og_url":"https:\/\/hcd.malargue.gov.ar\/?p=37998","og_site_name":"Malarg\u00fce HCD","article_published_time":"2024-11-04T14:40:02+00:00","article_modified_time":"2024-11-04T15:17:15+00:00","og_image":[{"width":1600,"height":721,"url":"https:\/\/hcd.malargue.gov.ar\/wp-content\/uploads\/2024\/11\/WhatsApp-Image-2024-11-01-at-10.10.41.jpeg","type":"image\/jpeg"}],"author":"Belen Pedernera Ferragut","twitter_card":"summary_large_image","twitter_misc":{"Escrito por":"Belen Pedernera Ferragut","Tiempo de lectura":"3 minutos"},"schema":{"@context":"https:\/\/schema.org","@graph":[{"@type":"WebPage","@id":"https:\/\/hcd.malargue.gov.ar\/?p=37998","url":"https:\/\/hcd.malargue.gov.ar\/?p=37998","name":"Malarg\u00fce y el Norte Neuquino avanzan en cooperaci\u00f3n para el desarrollo de una microregi\u00f3n - Malarg\u00fce HCD","isPartOf":{"@id":"https:\/\/hcd.malargue.gov.ar\/#website"},"datePublished":"2024-11-04T14:40:02+00:00","dateModified":"2024-11-04T15:17:15+00:00","author":{"@id":"https:\/\/hcd.malargue.gov.ar\/#\/schema\/person\/3fd6bbab64edd703961b795156c955d0"},"breadcrumb":{"@id":"https:\/\/hcd.malargue.gov.ar\/?p=37998#breadcrumb"},"inLanguage":"es-AR","potentialAction":[{"@type":"ReadAction","target":["https:\/\/hcd.malargue.gov.ar\/?p=37998"]}]},{"@type":"BreadcrumbList","@id":"https:\/\/hcd.malargue.gov.ar\/?p=37998#breadcrumb","itemListElement":[{"@type":"ListItem","position":1,"name":"Inicio","item":"https:\/\/hcd.malargue.gov.ar\/"},{"@type":"ListItem","position":2,"name":"Malarg\u00fce y el Norte Neuquino avanzan en cooperaci\u00f3n para el desarrollo de una microregi\u00f3n"}]},{"@type":"WebSite","@id":"https:\/\/hcd.malargue.gov.ar\/#website","url":"https:\/\/hcd.malargue.gov.ar\/","name":"Malarg\u00fce HCD","description":"Malarg\u00fce Mendoza Argentina","potentialAction":[{"@type":"SearchAction","target":{"@type":"EntryPoint","urlTemplate":"https:\/\/hcd.malargue.gov.ar\/?s={search_term_string}"},"query-input":"required name=search_term_string"}],"inLanguage":"es-AR"},{"@type":"Person","@id":"https:\/\/hcd.malargue.gov.ar\/#\/schema\/person\/3fd6bbab64edd703961b795156c955d0","name":"Belen Pedernera Ferragut","image":{"@type":"ImageObject","inLanguage":"es-AR","@id":"https:\/\/hcd.malargue.gov.ar\/#\/schema\/person\/image\/","url":"https:\/\/secure.gravatar.com\/avatar\/1054ffab3893de4bb3eb29bdd22f7e34b8537bf5d34d9dab311818154ad5b71f?s=96&d=mm&r=g","contentUrl":"https:\/\/secure.gravatar.com\/avatar\/1054ffab3893de4bb3eb29bdd22f7e34b8537bf5d34d9dab311818154ad5b71f?s=96&d=mm&r=g","caption":"Belen Pedernera Ferragut"},"url":"https:\/\/hcd.malargue.gov.ar\/?author=5"}]}},"_links":{"self":[{"href":"https:\/\/hcd.malargue.gov.ar\/index.php?rest_route=\/wp\/v2\/posts\/37998","targetHints":{"allow":["GET"]}}],"collection":[{"href":"https:\/\/hcd.malargue.gov.ar\/index.php?rest_route=\/wp\/v2\/posts"}],"about":[{"href":"https:\/\/hcd.malargue.gov.ar\/index.php?rest_route=\/wp\/v2\/types\/post"}],"author":[{"embeddable":true,"href":"https:\/\/hcd.malargue.gov.ar\/index.php?rest_route=\/wp\/v2\/users\/5"}],"replies":[{"embeddable":true,"href":"https:\/\/hcd.malargue.gov.ar\/index.php?rest_route=%2Fwp%2Fv2%2Fcomments&post=37998"}],"version-history":[{"count":2,"href":"https:\/\/hcd.malargue.gov.ar\/index.php?rest_route=\/wp\/v2\/posts\/37998\/revisions"}],"predecessor-version":[{"id":38004,"href":"https:\/\/hcd.malargue.gov.ar\/index.php?rest_route=\/wp\/v2\/posts\/37998\/revisions\/38004"}],"wp:featuredmedia":[{"embeddable":true,"href":"https:\/\/hcd.malargue.gov.ar\/index.php?rest_route=\/wp\/v2\/media\/37999"}],"wp:attachment":[{"href":"https:\/\/hcd.malargue.gov.ar\/index.php?rest_route=%2Fwp%2Fv2%2Fmedia&parent=37998"}],"wp:term":[{"taxonomy":"category","embeddable":true,"href":"https:\/\/hcd.malargue.gov.ar\/index.php?rest_route=%2Fwp%2Fv2%2Fcategories&post=37998"},{"taxonomy":"post_tag","embeddable":true,"href":"https:\/\/hcd.malargue.gov.ar\/index.php?rest_route=%2Fwp%2Fv2%2Ftags&post=37998"}],"curies":[{"name":"wp","href":"https:\/\/api.w.org\/{rel}","templated":true}]}}