{"id":38027,"date":"2024-11-11T10:18:43","date_gmt":"2024-11-11T13:18:43","guid":{"rendered":"https:\/\/hcd.malargue.gov.ar\/?p=38027"},"modified":"2024-11-11T12:26:45","modified_gmt":"2024-11-11T15:26:45","slug":"declaracion-n-347-2-024","status":"publish","type":"post","link":"https:\/\/hcd.malargue.gov.ar\/?p=38027","title":{"rendered":"DECLARACION N\u00b0 347\/2.024"},"content":{"rendered":"\n<h4 class=\"wp-block-heading has-text-align-center\">El HCD declar\u00f3 de Inter\u00e9s Departamental, Educativo, Cultural y Social el reciente 1\u00b0 Encuentro \u201cTurismo en Evoluci\u00f3n: Ideas, Desaf\u00edos y Oportunidades\u201d<\/h4>\n\n\n\n<p class=\"has-text-align-left\"><em>Se llevo a cabo los d\u00edas 1 y 2 de noviembre en el Centro de Convenciones y Exposiciones Thesaurus, y estuvo organizado por estudiantes de la Tecnicatura Superior en Turismo y Hoteler\u00eda del IES N\u00ba 9-018. El encuentro cont\u00f3 con la participaci\u00f3n de destacadas autoridades y referentes del sector, se analizaron los desaf\u00edos y oportunidades del turismo en el sur de Mendoza, resaltando su importancia como motor de desarrollo econ\u00f3mico y social para el departamento.<\/em><\/p>\n\n\n\n<p class=\"has-text-align-left\"><em>Con su apoyo y reconocimiento oficial, el HCD reafirma su visi\u00f3n de un turismo comprometido con la comunidad y el desarrollo sostenible. Su participaci\u00f3n activa en eventos como este destaca la relevancia de integrar a estudiantes, profesionales y gestores en un espacio de di\u00e1logo y aprendizaje, contribuyendo a fortalecer las bases de un futuro profesional en el sector tur\u00edstico para Malarg\u00fce.<\/em><\/p>\n\n\n\n<p class=\"has-text-align-center\"><strong>MIRA LA PIEZA LEGAL COMPLETA<\/strong><\/p>\n\n\n<div class=\"wp-block-image\">\n<figure class=\"alignright is-resized\"><a href=\"http:\/\/hcd.malargue.gov.ar\/2024\/decla%20347%202024%20turismo%20en%20evolucion.pdf\"><img loading=\"lazy\" decoding=\"async\" width=\"512\" height=\"512\" src=\"https:\/\/hcd.malargue.gov.ar\/wp-content\/uploads\/2018\/06\/PDF-JPG.jpg\" alt=\"\" class=\"wp-image-7950\" style=\"width:122px;height:auto\" srcset=\"https:\/\/hcd.malargue.gov.ar\/wp-content\/uploads\/2018\/06\/PDF-JPG.jpg 512w, https:\/\/hcd.malargue.gov.ar\/wp-content\/uploads\/2018\/06\/PDF-JPG-150x150.jpg 150w, https:\/\/hcd.malargue.gov.ar\/wp-content\/uploads\/2018\/06\/PDF-JPG-300x300.jpg 300w\" sizes=\"auto, (max-width: 512px) 100vw, 512px\" \/><\/a><\/figure>\n<\/div>\n\n\n<p><strong>AUTOR: CONCEJAL RODRIGO HIDALGO<\/strong><\/p>\n\n\n\n<p class=\"has-text-align-left\"><strong>BLOQUE PARTIDO JUSTICIALISTA<\/strong><\/p>\n\n\n\n<p>VISTO: El contenido del Expte. N\u00ba 5.521-HC-071-2.024. Bloque Partido Justicialista.&nbsp; Proyecto de Declaraci\u00f3n: Declarar de Inter\u00e9s Departamental, Educativo, Cultural y  Social el Primer Encuentro Turismo en Evoluci\u00f3n, Ideas, Desaf\u00edos y Oportunidades, &nbsp;que&nbsp; se realizar\u00e1 &nbsp;en el mes de noviembre en Malarg\u00fce.<\/p>\n\n\n\n<p>&nbsp;&nbsp;&nbsp;&nbsp;&nbsp;&nbsp;&nbsp;&nbsp;&nbsp;&nbsp;&nbsp; La realizaci\u00f3n del Primer Encuentro Turismo en Evoluci\u00f3n, Ideas, Desaf\u00edos y Oportunidades organizado por alumnos&nbsp; del \u00faltimo a\u00f1o de la Tecnicatura&nbsp; Superior&nbsp; en Turismo y Hoteler\u00eda&nbsp; del Instituto de Educaci\u00f3n Superior IES N\u00ba 9-018, Gobernador &nbsp;Celso&nbsp; Alejandro Jaque, que se llevar\u00e1&nbsp; a cabo los d\u00edas 01 y 02 de noviembre del corriente a\u00f1o en el Centro de Convenciones y Exposiciones Thesaurus de Malarg\u00fce.<\/p>\n\n\n\n<p>&nbsp;&nbsp;&nbsp;&nbsp;&nbsp;&nbsp;&nbsp;&nbsp;&nbsp;&nbsp;&nbsp; y;<\/p>\n\n\n\n<p>CONSIDERANDO:Que dicho Encuentro busca&nbsp; integrar&nbsp; a las &nbsp;diferentes \u00e1reas afines tanto en rubros como la&nbsp; hospitalidad, la&nbsp; gastronom\u00eda y&nbsp; servicios&nbsp; tur\u00edsticos propiamente&nbsp; dicho en&nbsp; conjunto con el \u00c1rea&nbsp; de Formaci\u00f3n&nbsp; T\u00e9cnica del&nbsp; Instituto de Educaci\u00f3n&nbsp; Superior IES N\u00ba 9-018,&nbsp; espec\u00edficamente la&nbsp; Tecnicatura en Turismo y Hoteler\u00eda, fomentando la&nbsp; interdisciplinariedad y la&nbsp; colaboraci\u00f3n&nbsp; entre&nbsp; Profesionales y representantes de las \u00c1reas en&nbsp; menci\u00f3n.<\/p>\n\n\n\n<p>&nbsp;&nbsp;&nbsp;&nbsp;&nbsp;&nbsp;&nbsp;&nbsp;&nbsp;&nbsp;&nbsp; Que las&nbsp; tem\u00e1ticas del Encuentro, se encuentran&nbsp; centradas en&nbsp; relaci\u00f3n a ideas, desaf\u00edos y&nbsp; oportunidades&nbsp; en un&nbsp; todo&nbsp; participativo entre&nbsp; los asistentes y que&nbsp; la comunicaci\u00f3n de estos&nbsp; sectores son de&nbsp; vital importancia para&nbsp; el desarrollo sostenible&nbsp; de la actividad y la&nbsp; formaci\u00f3n&nbsp; integral de&nbsp; los&nbsp; futuros&nbsp; profesionales&nbsp; t\u00e9cnicos,&nbsp; en &nbsp;consonancia&nbsp; con las&nbsp; necesidades&nbsp; socioecon\u00f3micas actuales de la&nbsp; Provincia y&nbsp; del Pa\u00eds.<\/p>\n\n\n\n<p>&nbsp;&nbsp;&nbsp;&nbsp;&nbsp;&nbsp;&nbsp;&nbsp;&nbsp;&nbsp;&nbsp; Que el evento se realizar\u00e1 en el marco de revitalizar las pr\u00e1cticas del turismo en sus diferentes aspectos, subrayando la importancia de la colaboraci\u00f3n, la responsabilidad de la gesti\u00f3n tur\u00edstica, hotelera y gastronom\u00eda y la implementaci\u00f3n de pr\u00e1cticas &nbsp;&nbsp;novedosas, seguras y sostenibles.<\/p>\n\n\n\n<p>&nbsp;&nbsp;&nbsp;&nbsp;&nbsp;&nbsp;&nbsp;&nbsp;&nbsp;&nbsp;&nbsp; Que la participaci\u00f3n activa de alumnos&nbsp; en la&nbsp; organizaci\u00f3n&nbsp; del evento , junto con la&nbsp; colaboraci\u00f3n&nbsp; de&nbsp; profesores&nbsp; y&nbsp; coordinadores,&nbsp; proporciona una valiosa experiencia&nbsp; educativa y&nbsp; profesional,&nbsp; fomentando&nbsp; habilidades de gesti\u00f3n, liderazgo&nbsp; y trabajo&nbsp; en equipo.<\/p>\n\n\n\n<p>&nbsp;&nbsp;&nbsp;&nbsp;&nbsp;&nbsp;&nbsp;&nbsp;&nbsp;&nbsp;&nbsp; Que el turismo&nbsp; es una&nbsp; actividad estrat\u00e9gica y multifac\u00e9tica&nbsp; que contribuye&nbsp; al &nbsp;desarrollo sostenible del&nbsp; Departamento de Malarg\u00fce, fortaleciendo la&nbsp; econom\u00eda&nbsp; local,&nbsp; generando&nbsp; empleo&nbsp; y promoviendo el intercambio cultural. El turismo act\u00faa&nbsp; como&nbsp; motor&nbsp; de progreso, impulsando&nbsp; el&nbsp; crecimiento&nbsp; de los&nbsp; sectores de la &nbsp;gastronom\u00eda , hoteler\u00eda&nbsp; y servicios, al&nbsp; mismo tiempo &nbsp;que&nbsp; fomenta el&nbsp; respeto&nbsp; por el&nbsp; Patrimonio natural&nbsp; y Cultural&nbsp; de la Regi\u00f3n.<\/p>\n\n\n\n<p>&nbsp;&nbsp;&nbsp;&nbsp;&nbsp;&nbsp;&nbsp;&nbsp;&nbsp;&nbsp;&nbsp; Que el Primer Encuentro Turismo en Evoluci\u00f3n: Ideas, Desaf\u00edo y Oportunidades representa una&nbsp; plataforma esencial para&nbsp; abordar los&nbsp; desaf\u00edos actuales del sector tur\u00edstico y explorar nuevas oportunidades, fortaleciendo&nbsp; la capacitaci\u00f3n&nbsp; y profesionalizaci\u00f3n&nbsp; de los futuros l\u00edderes de la industria.<\/p>\n\n\n\n<p>&nbsp;&nbsp;&nbsp;&nbsp;&nbsp;&nbsp;&nbsp;&nbsp;&nbsp;&nbsp;&nbsp; Que este evento promueve la reflexi\u00f3n&nbsp; y di\u00e1logo sobre el papel fundamental del turismo en la econom\u00eda, la&nbsp; sustentabilidad, el&nbsp; desarrollo local&nbsp; y regional.<\/p>\n\n\n\n<p>&nbsp;&nbsp;&nbsp;&nbsp;&nbsp;&nbsp;&nbsp;&nbsp;&nbsp;&nbsp;&nbsp; Que el evento contar\u00e1 con la presencia de&nbsp; destacadas Autoridades y representantes del sector, quienes actuar\u00e1n como&nbsp; expositores y compartir\u00e1n sus experiencias y proyectos, tales como Carlos&nbsp; Weinar de&nbsp; E.ME.TUR. Zona Sur, Fabio Sat Director de la C\u00e1mara de Turismo de San Rafael, Lic.&nbsp; Franco Bianco, Lic.&nbsp; Luciano Paolo Russo, entre otros. Estos referentes aportar\u00e1n unavisi\u00f3n&nbsp; enriquecedora sobre las realidades y los desaf\u00edos del turismo de la actividad.&nbsp;<\/p>\n\n\n\n<p>EL HONORABLE CONCEJO DELIBERANTE DE LA MUNICIPALIDAD DE MALARG\u00dcE EN USO DE LAS FACULTADES QUE LE SON PROPIAS<\/p>\n\n\n\n<p>DECLARA<\/p>\n\n\n\n<p>ARTICULO 1\u00ba: Declarar de Inter\u00e9s Departamental, Educativo, Cultural y Social el Primer &nbsp;&nbsp;Encuentro&nbsp; Turismo en Evoluci\u00f3n, Ideas , Desaf\u00edos y Oportunidades, que se llevar\u00e1&nbsp; a cabo&nbsp; los d\u00edas&nbsp; 01 y 02 de noviembre&nbsp; del corriente a\u00f1o en el Centro de Congresos y &nbsp;Exposiciones&nbsp; Thesaurus de Malarg\u00fce.<\/p>\n\n\n\n<p>ARTICULO 2\u00ba:&nbsp; Reconocer y apoyar&nbsp; la iniciativa&nbsp; de la&nbsp; Tecnicatura Superior de Turismo y Hoteler\u00eda&nbsp; del&nbsp; Instituto de Educaci\u00f3n Superior&nbsp; IES&nbsp; N\u00ba 9-018 y su equipo organizador destacando la&nbsp; importancia&nbsp; de&nbsp; eventos que&nbsp; promuevan la formaci\u00f3n&nbsp; integral, el turismo sostenible y la&nbsp; reciprocidad&nbsp; profesional.<\/p>\n\n\n\n<p>ARTICULO 3\u00ba:&nbsp; Instruir a Direcci\u00f3n&nbsp; de Turismo, Secretar\u00eda de Cultura y Educaci\u00f3n&nbsp; de la Municipalidad&nbsp; de Malarg\u00fce a colaborar en la difusi\u00f3n&nbsp; y promoci\u00f3n&nbsp; del evento, facilitando&nbsp; la&nbsp; participaci\u00f3n&nbsp; de la&nbsp; comunidad y de otras&nbsp; instituciones&nbsp; educativas y t\u00e9cnicas de la Regi\u00f3n.<\/p>\n\n\n\n<p>ARTICULO 4\u00ba: Hacer entrega de Diploma por parte de este Honorable&nbsp; Concejo Deliberante a la&nbsp; Instituci\u00f3n&nbsp; organizadora, el d\u00eda&nbsp; de la realizaci\u00f3n&nbsp; del evento.<\/p>\n\n\n\n<p>ARTICULO 5\u00ba: Elevar copia de&nbsp; la presente pieza legal a la Rector\u00eda&nbsp; del Instituto de Educaci\u00f3n&nbsp; Superior &nbsp;IES &nbsp;N\u00ba 9-018 Gobernador Celso Alejandro&nbsp; Jaque.<\/p>\n\n\n\n<p>ARTICULO 6\u00ba: Comun\u00edquese, reg\u00edstrese, agr\u00e9guese copia de la presente en las actuaciones correspondientes y arch\u00edvese.<\/p>\n\n\n\n<p>DADA EN LA SALA DE SESIONES DR. RICARDO BALBIN DEL HONORABLE CONCEJO DELIBERANTE DE LA MUNICIPALIDAD DE MALARG\u00dcE A TREINTA Y UN D\u00cdAS DE OCTUBRE DE DOS MIL VEINTICUATRO<\/p>\n","protected":false},"excerpt":{"rendered":"<p>El HCD declar\u00f3 de Inter\u00e9s Departamental, Educativo, Cultural y Social el reciente 1\u00b0 Encuentro \u201cTurismo en Evoluci\u00f3n: Ideas, Desaf\u00edos y Oportunidades\u201d Se llevo a cabo los d\u00edas 1 y 2 de noviembre en el Centro de Convenciones y Exposiciones Thesaurus, y estuvo organizado por estudiantes de la Tecnicatura Superior en Turismo y Hoteler\u00eda del IES [&hellip;]<\/p>\n","protected":false},"author":5,"featured_media":38028,"comment_status":"closed","ping_status":"closed","sticky":false,"template":"","format":"standard","meta":{"footnotes":""},"categories":[46,52,29,33],"tags":[],"class_list":["post-38027","post","type-post","status-publish","format-standard","has-post-thumbnail","hentry","category-declaraciones","category-gacetillas","category-lesgilacion","category-prensa"],"yoast_head":"<!-- This site is optimized with the Yoast SEO plugin v19.10 - https:\/\/yoast.com\/wordpress\/plugins\/seo\/ -->\n<title>DECLARACION N\u00b0 347\/2.024 - Malarg\u00fce HCD<\/title>\n<meta name=\"robots\" content=\"index, follow, max-snippet:-1, max-image-preview:large, max-video-preview:-1\" \/>\n<link rel=\"canonical\" href=\"https:\/\/hcd.malargue.gov.ar\/?p=38027\" \/>\n<meta property=\"og:locale\" content=\"es_ES\" \/>\n<meta property=\"og:type\" content=\"article\" \/>\n<meta property=\"og:title\" content=\"DECLARACION N\u00b0 347\/2.024 - Malarg\u00fce HCD\" \/>\n<meta property=\"og:description\" content=\"El HCD declar\u00f3 de Inter\u00e9s Departamental, Educativo, Cultural y Social el reciente 1\u00b0 Encuentro \u201cTurismo en Evoluci\u00f3n: Ideas, Desaf\u00edos y Oportunidades\u201d Se llevo a cabo los d\u00edas 1 y 2 de noviembre en el Centro de Convenciones y Exposiciones Thesaurus, y estuvo organizado por estudiantes de la Tecnicatura Superior en Turismo y Hoteler\u00eda del IES [&hellip;]\" \/>\n<meta property=\"og:url\" content=\"https:\/\/hcd.malargue.gov.ar\/?p=38027\" \/>\n<meta property=\"og:site_name\" content=\"Malarg\u00fce HCD\" \/>\n<meta property=\"article:published_time\" content=\"2024-11-11T13:18:43+00:00\" \/>\n<meta property=\"article:modified_time\" content=\"2024-11-11T15:26:45+00:00\" \/>\n<meta property=\"og:image\" content=\"https:\/\/hcd.malargue.gov.ar\/wp-content\/uploads\/2024\/11\/DECLARACION-347-2024.png\" \/>\n\t<meta property=\"og:image:width\" content=\"940\" \/>\n\t<meta property=\"og:image:height\" content=\"788\" \/>\n\t<meta property=\"og:image:type\" content=\"image\/png\" \/>\n<meta name=\"author\" content=\"Belen Pedernera Ferragut\" \/>\n<meta name=\"twitter:card\" content=\"summary_large_image\" \/>\n<meta name=\"twitter:label1\" content=\"Escrito por\" \/>\n\t<meta name=\"twitter:data1\" content=\"Belen Pedernera Ferragut\" \/>\n\t<meta name=\"twitter:label2\" content=\"Tiempo de lectura\" \/>\n\t<meta name=\"twitter:data2\" content=\"5 minutos\" \/>\n<script type=\"application\/ld+json\" class=\"yoast-schema-graph\">{\"@context\":\"https:\/\/schema.org\",\"@graph\":[{\"@type\":\"WebPage\",\"@id\":\"https:\/\/hcd.malargue.gov.ar\/?p=38027\",\"url\":\"https:\/\/hcd.malargue.gov.ar\/?p=38027\",\"name\":\"DECLARACION N\u00b0 347\/2.024 - Malarg\u00fce HCD\",\"isPartOf\":{\"@id\":\"https:\/\/hcd.malargue.gov.ar\/#website\"},\"datePublished\":\"2024-11-11T13:18:43+00:00\",\"dateModified\":\"2024-11-11T15:26:45+00:00\",\"author\":{\"@id\":\"https:\/\/hcd.malargue.gov.ar\/#\/schema\/person\/3fd6bbab64edd703961b795156c955d0\"},\"breadcrumb\":{\"@id\":\"https:\/\/hcd.malargue.gov.ar\/?p=38027#breadcrumb\"},\"inLanguage\":\"es-AR\",\"potentialAction\":[{\"@type\":\"ReadAction\",\"target\":[\"https:\/\/hcd.malargue.gov.ar\/?p=38027\"]}]},{\"@type\":\"BreadcrumbList\",\"@id\":\"https:\/\/hcd.malargue.gov.ar\/?p=38027#breadcrumb\",\"itemListElement\":[{\"@type\":\"ListItem\",\"position\":1,\"name\":\"Inicio\",\"item\":\"https:\/\/hcd.malargue.gov.ar\/\"},{\"@type\":\"ListItem\",\"position\":2,\"name\":\"DECLARACION N\u00b0 347\/2.024\"}]},{\"@type\":\"WebSite\",\"@id\":\"https:\/\/hcd.malargue.gov.ar\/#website\",\"url\":\"https:\/\/hcd.malargue.gov.ar\/\",\"name\":\"Malarg\u00fce HCD\",\"description\":\"Malarg\u00fce Mendoza Argentina\",\"potentialAction\":[{\"@type\":\"SearchAction\",\"target\":{\"@type\":\"EntryPoint\",\"urlTemplate\":\"https:\/\/hcd.malargue.gov.ar\/?s={search_term_string}\"},\"query-input\":\"required name=search_term_string\"}],\"inLanguage\":\"es-AR\"},{\"@type\":\"Person\",\"@id\":\"https:\/\/hcd.malargue.gov.ar\/#\/schema\/person\/3fd6bbab64edd703961b795156c955d0\",\"name\":\"Belen Pedernera Ferragut\",\"image\":{\"@type\":\"ImageObject\",\"inLanguage\":\"es-AR\",\"@id\":\"https:\/\/hcd.malargue.gov.ar\/#\/schema\/person\/image\/\",\"url\":\"https:\/\/secure.gravatar.com\/avatar\/1054ffab3893de4bb3eb29bdd22f7e34b8537bf5d34d9dab311818154ad5b71f?s=96&d=mm&r=g\",\"contentUrl\":\"https:\/\/secure.gravatar.com\/avatar\/1054ffab3893de4bb3eb29bdd22f7e34b8537bf5d34d9dab311818154ad5b71f?s=96&d=mm&r=g\",\"caption\":\"Belen Pedernera Ferragut\"},\"url\":\"https:\/\/hcd.malargue.gov.ar\/?author=5\"}]}<\/script>\n<!-- \/ Yoast SEO plugin. -->","yoast_head_json":{"title":"DECLARACION N\u00b0 347\/2.024 - Malarg\u00fce HCD","robots":{"index":"index","follow":"follow","max-snippet":"max-snippet:-1","max-image-preview":"max-image-preview:large","max-video-preview":"max-video-preview:-1"},"canonical":"https:\/\/hcd.malargue.gov.ar\/?p=38027","og_locale":"es_ES","og_type":"article","og_title":"DECLARACION N\u00b0 347\/2.024 - Malarg\u00fce HCD","og_description":"El HCD declar\u00f3 de Inter\u00e9s Departamental, Educativo, Cultural y Social el reciente 1\u00b0 Encuentro \u201cTurismo en Evoluci\u00f3n: Ideas, Desaf\u00edos y Oportunidades\u201d Se llevo a cabo los d\u00edas 1 y 2 de noviembre en el Centro de Convenciones y Exposiciones Thesaurus, y estuvo organizado por estudiantes de la Tecnicatura Superior en Turismo y Hoteler\u00eda del IES [&hellip;]","og_url":"https:\/\/hcd.malargue.gov.ar\/?p=38027","og_site_name":"Malarg\u00fce HCD","article_published_time":"2024-11-11T13:18:43+00:00","article_modified_time":"2024-11-11T15:26:45+00:00","og_image":[{"width":940,"height":788,"url":"https:\/\/hcd.malargue.gov.ar\/wp-content\/uploads\/2024\/11\/DECLARACION-347-2024.png","type":"image\/png"}],"author":"Belen Pedernera Ferragut","twitter_card":"summary_large_image","twitter_misc":{"Escrito por":"Belen Pedernera Ferragut","Tiempo de lectura":"5 minutos"},"schema":{"@context":"https:\/\/schema.org","@graph":[{"@type":"WebPage","@id":"https:\/\/hcd.malargue.gov.ar\/?p=38027","url":"https:\/\/hcd.malargue.gov.ar\/?p=38027","name":"DECLARACION N\u00b0 347\/2.024 - Malarg\u00fce HCD","isPartOf":{"@id":"https:\/\/hcd.malargue.gov.ar\/#website"},"datePublished":"2024-11-11T13:18:43+00:00","dateModified":"2024-11-11T15:26:45+00:00","author":{"@id":"https:\/\/hcd.malargue.gov.ar\/#\/schema\/person\/3fd6bbab64edd703961b795156c955d0"},"breadcrumb":{"@id":"https:\/\/hcd.malargue.gov.ar\/?p=38027#breadcrumb"},"inLanguage":"es-AR","potentialAction":[{"@type":"ReadAction","target":["https:\/\/hcd.malargue.gov.ar\/?p=38027"]}]},{"@type":"BreadcrumbList","@id":"https:\/\/hcd.malargue.gov.ar\/?p=38027#breadcrumb","itemListElement":[{"@type":"ListItem","position":1,"name":"Inicio","item":"https:\/\/hcd.malargue.gov.ar\/"},{"@type":"ListItem","position":2,"name":"DECLARACION N\u00b0 347\/2.024"}]},{"@type":"WebSite","@id":"https:\/\/hcd.malargue.gov.ar\/#website","url":"https:\/\/hcd.malargue.gov.ar\/","name":"Malarg\u00fce HCD","description":"Malarg\u00fce Mendoza Argentina","potentialAction":[{"@type":"SearchAction","target":{"@type":"EntryPoint","urlTemplate":"https:\/\/hcd.malargue.gov.ar\/?s={search_term_string}"},"query-input":"required name=search_term_string"}],"inLanguage":"es-AR"},{"@type":"Person","@id":"https:\/\/hcd.malargue.gov.ar\/#\/schema\/person\/3fd6bbab64edd703961b795156c955d0","name":"Belen Pedernera Ferragut","image":{"@type":"ImageObject","inLanguage":"es-AR","@id":"https:\/\/hcd.malargue.gov.ar\/#\/schema\/person\/image\/","url":"https:\/\/secure.gravatar.com\/avatar\/1054ffab3893de4bb3eb29bdd22f7e34b8537bf5d34d9dab311818154ad5b71f?s=96&d=mm&r=g","contentUrl":"https:\/\/secure.gravatar.com\/avatar\/1054ffab3893de4bb3eb29bdd22f7e34b8537bf5d34d9dab311818154ad5b71f?s=96&d=mm&r=g","caption":"Belen Pedernera Ferragut"},"url":"https:\/\/hcd.malargue.gov.ar\/?author=5"}]}},"_links":{"self":[{"href":"https:\/\/hcd.malargue.gov.ar\/index.php?rest_route=\/wp\/v2\/posts\/38027","targetHints":{"allow":["GET"]}}],"collection":[{"href":"https:\/\/hcd.malargue.gov.ar\/index.php?rest_route=\/wp\/v2\/posts"}],"about":[{"href":"https:\/\/hcd.malargue.gov.ar\/index.php?rest_route=\/wp\/v2\/types\/post"}],"author":[{"embeddable":true,"href":"https:\/\/hcd.malargue.gov.ar\/index.php?rest_route=\/wp\/v2\/users\/5"}],"replies":[{"embeddable":true,"href":"https:\/\/hcd.malargue.gov.ar\/index.php?rest_route=%2Fwp%2Fv2%2Fcomments&post=38027"}],"version-history":[{"count":2,"href":"https:\/\/hcd.malargue.gov.ar\/index.php?rest_route=\/wp\/v2\/posts\/38027\/revisions"}],"predecessor-version":[{"id":38031,"href":"https:\/\/hcd.malargue.gov.ar\/index.php?rest_route=\/wp\/v2\/posts\/38027\/revisions\/38031"}],"wp:featuredmedia":[{"embeddable":true,"href":"https:\/\/hcd.malargue.gov.ar\/index.php?rest_route=\/wp\/v2\/media\/38028"}],"wp:attachment":[{"href":"https:\/\/hcd.malargue.gov.ar\/index.php?rest_route=%2Fwp%2Fv2%2Fmedia&parent=38027"}],"wp:term":[{"taxonomy":"category","embeddable":true,"href":"https:\/\/hcd.malargue.gov.ar\/index.php?rest_route=%2Fwp%2Fv2%2Fcategories&post=38027"},{"taxonomy":"post_tag","embeddable":true,"href":"https:\/\/hcd.malargue.gov.ar\/index.php?rest_route=%2Fwp%2Fv2%2Ftags&post=38027"}],"curies":[{"name":"wp","href":"https:\/\/api.w.org\/{rel}","templated":true}]}}