{"id":38030,"date":"2024-11-11T12:35:14","date_gmt":"2024-11-11T15:35:14","guid":{"rendered":"https:\/\/hcd.malargue.gov.ar\/?p=38030"},"modified":"2024-11-11T12:44:34","modified_gmt":"2024-11-11T15:44:34","slug":"declaracion-n-348-2-024","status":"publish","type":"post","link":"https:\/\/hcd.malargue.gov.ar\/?p=38030","title":{"rendered":"DECLARACION N\u00b0 348\/2.024"},"content":{"rendered":"\n<h4 class=\"wp-block-heading has-text-align-center\"><strong>El HCD Declar\u00f3 de Inter\u00e9s Educativo y Social el IX Congreso Nacional de Discapacidad<\/strong><\/h4>\n\n\n\n<p><em><img loading=\"lazy\" decoding=\"async\" height=\"16\" width=\"16\" src=\"https:\/\/static.xx.fbcdn.net\/images\/emoji.php\/v9\/te0\/1\/16\/1f31f.png\" alt=\"\ud83c\udf1f\"> Bajo el lema \u201cParadojas del Trabajo y la Educaci\u00f3n Inclusiva\u201d, el Congreso se llevar\u00e1 a cabo los d\u00edas 6 y 7 de diciembre en el Centro de Convenciones Thesaurus. Este evento busca promover la inclusi\u00f3n y la igualdad de oportunidades para personas con discapacidad en los \u00e1mbitos laboral y educativo. <img loading=\"lazy\" decoding=\"async\" height=\"16\" width=\"16\" src=\"https:\/\/static.xx.fbcdn.net\/images\/emoji.php\/v9\/tfc\/1\/16\/267f.png\" alt=\"\u267f\ufe0f\"><img loading=\"lazy\" decoding=\"async\" height=\"16\" width=\"16\" src=\"https:\/\/static.xx.fbcdn.net\/images\/emoji.php\/v9\/t49\/1\/16\/1f4da.png\" alt=\"\ud83d\udcda\"><\/em><\/p>\n\n\n\n<p><em><img loading=\"lazy\" decoding=\"async\" height=\"16\" width=\"16\" src=\"https:\/\/static.xx.fbcdn.net\/images\/emoji.php\/v9\/t8b\/1\/16\/1f465.png\" alt=\"\ud83d\udc65\"> Organizado para concientizar sobre las barreras que enfrentan las personas con discapacidad, el Congreso brindar\u00e1 espacios de di\u00e1logo y capacitaci\u00f3n para docentes, profesionales, estudiantes y familias. Adem\u00e1s, impulsar\u00e1 redes de apoyo y estrategias inclusivas, respaldadas por leyes nacionales.<\/em><\/p>\n\n\n\n<p><em><img loading=\"lazy\" decoding=\"async\" height=\"16\" width=\"16\" src=\"https:\/\/static.xx.fbcdn.net\/images\/emoji.php\/v9\/tfe\/1\/16\/1f44f.png\" alt=\"\ud83d\udc4f\"> En su compromiso con la inclusi\u00f3n, el HCD entregar\u00e1 un Diploma de Distinci\u00f3n Legislativa al \u00c1rea de Abordaje Integral de Discapacidad, reconociendo su valioso aporte a la comunidad.<\/em><\/p>\n\n\n\n<p class=\"has-text-align-center\"><strong>MIRA LA PIEZA LEGAL COMPLETA<\/strong><\/p>\n\n\n<div class=\"wp-block-image\">\n<figure class=\"alignright is-resized\"><a href=\"http:\/\/hcd.malargue.gov.ar\/2024\/decla%20348%202024%20Congreso%20Nacional%20Discapacidad.pdf\"><img loading=\"lazy\" decoding=\"async\" width=\"512\" height=\"512\" src=\"https:\/\/hcd.malargue.gov.ar\/wp-content\/uploads\/2018\/06\/PDF-JPG.jpg\" alt=\"\" class=\"wp-image-7950\" style=\"width:131px;height:auto\" srcset=\"https:\/\/hcd.malargue.gov.ar\/wp-content\/uploads\/2018\/06\/PDF-JPG.jpg 512w, https:\/\/hcd.malargue.gov.ar\/wp-content\/uploads\/2018\/06\/PDF-JPG-150x150.jpg 150w, https:\/\/hcd.malargue.gov.ar\/wp-content\/uploads\/2018\/06\/PDF-JPG-300x300.jpg 300w\" sizes=\"auto, (max-width: 512px) 100vw, 512px\" \/><\/a><\/figure>\n<\/div>\n\n\n<p><strong>AUTORAS: CONCEJALAS<\/strong> <strong>MAGALI ACOSTA Y EMILCE MANSILLA<\/strong><\/p>\n\n\n\n<p><strong>BLOQUE PARTIDO JUSTICIALISTA<\/strong><\/p>\n\n\n\n<p>VISTO: El contenido del Expte. N\u00ba 5.514-HC-071-2.024. Bloque Partido Justicialista. Proyecto de Declaraci\u00f3n: Declarar de Inter\u00e9s Educativo y Social, el IX Congreso Nacional de Discapacidad \u201cParadojas del Trabajo y la Educaci\u00f3n Inclusiva\u201d, que se realizar\u00e1 los d\u00edas 6 y 7 de diciembre de 2.024 en el Centro de Convenciones y Exposiciones Thesaurus de nuestro Departamento<\/p>\n\n\n\n<p>&nbsp;&nbsp;&nbsp;&nbsp;&nbsp;&nbsp;&nbsp;&nbsp;&nbsp;&nbsp;&nbsp; y;<\/p>\n\n\n\n<p>&nbsp;CONSIDERANDO: Que la realizaci\u00f3n de un Congreso sobre Discapacidad, bajo el proyecto &#8220;Paradojas del trabajo y la educaci\u00f3n inclusiva&#8221;, es de suma importancia debido a que promueve la igualdad de oportunidades, el respeto a la diversidad y contribuye al desarrollo integral y la participaci\u00f3n activa de todas las personas en la sociedad.<\/p>\n\n\n\n<p>&nbsp;&nbsp;&nbsp;&nbsp;&nbsp;&nbsp;&nbsp;&nbsp;&nbsp;&nbsp;&nbsp; Que este Congreso busca abordar tem\u00e1ticas fundamentales para la inclusi\u00f3n de  Personas con Discapacidad en diferentes \u00e1mbitos laborales y educativos, tanto &nbsp;formales como informales, con el objetivo de promover la integraci\u00f3n efectiva y la construcci\u00f3n de una comunidad m\u00e1s inclusiva y equitativa.<\/p>\n\n\n\n<p>&nbsp;&nbsp;&nbsp;&nbsp;&nbsp;&nbsp;&nbsp;&nbsp;&nbsp;&nbsp;&nbsp; Que algunos de los objetivos e intencionalidades de este Congreso son: Sensibilizar y concientizar a la sociedad sobre las barreras que enfrentan las personas con discapacidad en el \u00e1mbito educativo formal y no formal. Generar un espacio de di\u00e1logo y reflexi\u00f3n entre profesionales, estudiantes, padres de familia y personas con discapacidad para compartir experiencias e ideas. Facilitar la formaci\u00f3n y capacitaci\u00f3n de docentes, personal educativo &nbsp;y comunidad en general que trabaje con personas con discapacidad en estrategias de inclusi\u00f3n para atender las necesidades de &nbsp;&nbsp;cada uno de estos. Impulsar la creaci\u00f3n de redes de apoyo y colaboraci\u00f3n entre instituciones educativas, organismos gubernamentales y organizaciones de la sociedad civil para promover la inclusi\u00f3n de personas con discapacidad. Promover la importancia de la inclusi\u00f3n laboral de personas con discapacidad en el \u00e1mbito &nbsp;empresarial y social.<\/p>\n\n\n\n<p>&nbsp;&nbsp;&nbsp;&nbsp;&nbsp;&nbsp;&nbsp;&nbsp;&nbsp;&nbsp;&nbsp; Que en el \u00e1mbito Nacional, la Ley de Educaci\u00f3n Nacional de Argentina (Ley 26.206) reconoce el principio de la educaci\u00f3n inclusiva como un eje fundamental del Sistema Educativo Argentino. Esta ley establece que la educaci\u00f3n debe ser inclusiva, equitativa y de calidad para todos los ciudadanos, sin discriminaci\u00f3n alguna.<\/p>\n\n\n\n<p>&nbsp;&nbsp;&nbsp;&nbsp;&nbsp;&nbsp;&nbsp;&nbsp;&nbsp;&nbsp;&nbsp; Que adem\u00e1s en Argentina existe la Ley de Educaci\u00f3n Especial (Ley 24.901), que regula el Sistema Educativo para Personas con Discapacidad y establece la atenci\u00f3n educativa especializada que requieren seg\u00fan sus necesidades.<\/p>\n\n\n\n<p>&nbsp;&nbsp;&nbsp;&nbsp;&nbsp;&nbsp;&nbsp;&nbsp;&nbsp;&nbsp;&nbsp; Que el Honorable Concejo Deliberante de Malarg\u00fce ha impulsado la creaci\u00f3n de un entorno accesible con la Ordenanza &nbsp;N\u00ba 2.197\/2.022, el mismo propensa una comunidad comprensiva y respetuosa por que fortalece la cohesi\u00f3n social, potencia &nbsp;&nbsp;&nbsp;el aprendizaje mutuo y se promueve la construcci\u00f3n de una comunidad m\u00e1s inclusiva y equitativa para todos y todas.<\/p>\n\n\n\n<p>&nbsp;&nbsp;&nbsp;&nbsp;&nbsp;&nbsp;&nbsp;&nbsp;&nbsp;&nbsp;&nbsp; Que la difusi\u00f3n y participaci\u00f3n en este evento permitir\u00e1 visibilizar las problem\u00e1ticas y abordajes necesarios para garantizar una educaci\u00f3n inclusiva y de calidad en nuestro Departamento de Malarg\u00fce, dentro de la mayor cantidad de instituciones educativas formales y no formales, cumpliendo con los principios \u00e9ticos, legales y pedag\u00f3gicos que respaldan la equidad, la diversidad y el desarrollo integral de cada individuo.<\/p>\n\n\n\n<p>&nbsp;&nbsp;&nbsp;&nbsp;&nbsp;&nbsp;&nbsp;&nbsp;&nbsp;&nbsp;&nbsp; Que es procedente y necesario manifestarse al respecto.<\/p>\n\n\n\n<p>EL HONORABLE CONCEJO DELIBERANTE DE LA MUNICIPALIDAD DE MALARG\u00dcE EN USO DE LAS FACULTADES QUE LE SON PROPIAS<\/p>\n\n\n\n<p>DECLARA<\/p>\n\n\n\n<p>ARTICULO 1\u00ba: Declarar de Inter\u00e9s Educativo y Social, el IX Congreso Nacional de Discapacidad \u201cParadojas del Trabajo y la Educaci\u00f3n Inclusiva\u201d que se realizar\u00e1 los d\u00edas 6 y 7 de diciembre de 2.024 en el Centro de Convenciones y Exposiciones Thesaurus de la Ciudad de Malarg\u00fce.<\/p>\n\n\n\n<p>ARTICULO 2\u00ba: Entregar por parte del Honorable Concejo Deliberante, un Diploma de &nbsp;Distinci\u00f3n Legislativa al \u00c1rea de Abordaje Integral de Discapacidad con la siguiente leyenda: <em>Declarar de Inter\u00e9s Educativo y Social al IX Congreso Nacional de Discapacidad \u201cParadojas del Trabajo y la Educaci\u00f3n Inclusiva\u201d Por su aporte a la Comunidad de Malarg\u00fce, promoviendo la igualdad deoportunidades, el respeto a la diversidad y contribuir al desarrollo integral y la participaci\u00f3n activa de todas las personas en la sociedad.<\/em><\/p>\n\n\n\n<p>ARTICULO 3\u00ba: Comun\u00edquese, reg\u00edstrese, agr\u00e9guese copia de la presente en las actuaciones correspondientes y arch\u00edvese.<\/p>\n\n\n\n<p>DADA EN LA SALA DE SESIONES DR. RICARDO BALBIN DEL HONORABLE CONCEJO DELIBERANTE DE LA MUNICIPALIDAD DE MALARG\u00dcE A TREINTA Y UN D\u00cdAS DE OCTUBRE DE DOS MIL VEINTICUATRO<\/p>\n\n\n\n<p><\/p>\n","protected":false},"excerpt":{"rendered":"<p>El HCD Declar\u00f3 de Inter\u00e9s Educativo y Social el IX Congreso Nacional de Discapacidad Bajo el lema \u201cParadojas del Trabajo y la Educaci\u00f3n Inclusiva\u201d, el Congreso se llevar\u00e1 a cabo los d\u00edas 6 y 7 de diciembre en el Centro de Convenciones Thesaurus. Este evento busca promover la inclusi\u00f3n y la igualdad de oportunidades para [&hellip;]<\/p>\n","protected":false},"author":5,"featured_media":38032,"comment_status":"closed","ping_status":"closed","sticky":false,"template":"","format":"standard","meta":{"footnotes":""},"categories":[46,52,29,33],"tags":[],"class_list":["post-38030","post","type-post","status-publish","format-standard","has-post-thumbnail","hentry","category-declaraciones","category-gacetillas","category-lesgilacion","category-prensa"],"yoast_head":"<!-- This site is optimized with the Yoast SEO plugin v19.10 - https:\/\/yoast.com\/wordpress\/plugins\/seo\/ -->\n<title>DECLARACION N\u00b0 348\/2.024 - Malarg\u00fce HCD<\/title>\n<meta name=\"robots\" content=\"index, follow, max-snippet:-1, max-image-preview:large, max-video-preview:-1\" \/>\n<link rel=\"canonical\" href=\"https:\/\/hcd.malargue.gov.ar\/?p=38030\" \/>\n<meta property=\"og:locale\" content=\"es_ES\" \/>\n<meta property=\"og:type\" content=\"article\" \/>\n<meta property=\"og:title\" content=\"DECLARACION N\u00b0 348\/2.024 - Malarg\u00fce HCD\" \/>\n<meta property=\"og:description\" content=\"El HCD Declar\u00f3 de Inter\u00e9s Educativo y Social el IX Congreso Nacional de Discapacidad Bajo el lema \u201cParadojas del Trabajo y la Educaci\u00f3n Inclusiva\u201d, el Congreso se llevar\u00e1 a cabo los d\u00edas 6 y 7 de diciembre en el Centro de Convenciones Thesaurus. Este evento busca promover la inclusi\u00f3n y la igualdad de oportunidades para [&hellip;]\" \/>\n<meta property=\"og:url\" content=\"https:\/\/hcd.malargue.gov.ar\/?p=38030\" \/>\n<meta property=\"og:site_name\" content=\"Malarg\u00fce HCD\" \/>\n<meta property=\"article:published_time\" content=\"2024-11-11T15:35:14+00:00\" \/>\n<meta property=\"article:modified_time\" content=\"2024-11-11T15:44:34+00:00\" \/>\n<meta property=\"og:image\" content=\"https:\/\/hcd.malargue.gov.ar\/wp-content\/uploads\/2024\/11\/DECLARACION-348-2024.png\" \/>\n\t<meta property=\"og:image:width\" content=\"940\" \/>\n\t<meta property=\"og:image:height\" content=\"788\" \/>\n\t<meta property=\"og:image:type\" content=\"image\/png\" \/>\n<meta name=\"author\" content=\"Belen Pedernera Ferragut\" \/>\n<meta name=\"twitter:card\" content=\"summary_large_image\" \/>\n<meta name=\"twitter:label1\" content=\"Escrito por\" \/>\n\t<meta name=\"twitter:data1\" content=\"Belen Pedernera Ferragut\" \/>\n\t<meta name=\"twitter:label2\" content=\"Tiempo de lectura\" \/>\n\t<meta name=\"twitter:data2\" content=\"5 minutos\" \/>\n<script type=\"application\/ld+json\" class=\"yoast-schema-graph\">{\"@context\":\"https:\/\/schema.org\",\"@graph\":[{\"@type\":\"WebPage\",\"@id\":\"https:\/\/hcd.malargue.gov.ar\/?p=38030\",\"url\":\"https:\/\/hcd.malargue.gov.ar\/?p=38030\",\"name\":\"DECLARACION N\u00b0 348\/2.024 - Malarg\u00fce HCD\",\"isPartOf\":{\"@id\":\"https:\/\/hcd.malargue.gov.ar\/#website\"},\"datePublished\":\"2024-11-11T15:35:14+00:00\",\"dateModified\":\"2024-11-11T15:44:34+00:00\",\"author\":{\"@id\":\"https:\/\/hcd.malargue.gov.ar\/#\/schema\/person\/3fd6bbab64edd703961b795156c955d0\"},\"breadcrumb\":{\"@id\":\"https:\/\/hcd.malargue.gov.ar\/?p=38030#breadcrumb\"},\"inLanguage\":\"es-AR\",\"potentialAction\":[{\"@type\":\"ReadAction\",\"target\":[\"https:\/\/hcd.malargue.gov.ar\/?p=38030\"]}]},{\"@type\":\"BreadcrumbList\",\"@id\":\"https:\/\/hcd.malargue.gov.ar\/?p=38030#breadcrumb\",\"itemListElement\":[{\"@type\":\"ListItem\",\"position\":1,\"name\":\"Inicio\",\"item\":\"https:\/\/hcd.malargue.gov.ar\/\"},{\"@type\":\"ListItem\",\"position\":2,\"name\":\"DECLARACION N\u00b0 348\/2.024\"}]},{\"@type\":\"WebSite\",\"@id\":\"https:\/\/hcd.malargue.gov.ar\/#website\",\"url\":\"https:\/\/hcd.malargue.gov.ar\/\",\"name\":\"Malarg\u00fce HCD\",\"description\":\"Malarg\u00fce Mendoza Argentina\",\"potentialAction\":[{\"@type\":\"SearchAction\",\"target\":{\"@type\":\"EntryPoint\",\"urlTemplate\":\"https:\/\/hcd.malargue.gov.ar\/?s={search_term_string}\"},\"query-input\":\"required name=search_term_string\"}],\"inLanguage\":\"es-AR\"},{\"@type\":\"Person\",\"@id\":\"https:\/\/hcd.malargue.gov.ar\/#\/schema\/person\/3fd6bbab64edd703961b795156c955d0\",\"name\":\"Belen Pedernera Ferragut\",\"image\":{\"@type\":\"ImageObject\",\"inLanguage\":\"es-AR\",\"@id\":\"https:\/\/hcd.malargue.gov.ar\/#\/schema\/person\/image\/\",\"url\":\"https:\/\/secure.gravatar.com\/avatar\/1054ffab3893de4bb3eb29bdd22f7e34b8537bf5d34d9dab311818154ad5b71f?s=96&d=mm&r=g\",\"contentUrl\":\"https:\/\/secure.gravatar.com\/avatar\/1054ffab3893de4bb3eb29bdd22f7e34b8537bf5d34d9dab311818154ad5b71f?s=96&d=mm&r=g\",\"caption\":\"Belen Pedernera Ferragut\"},\"url\":\"https:\/\/hcd.malargue.gov.ar\/?author=5\"}]}<\/script>\n<!-- \/ Yoast SEO plugin. -->","yoast_head_json":{"title":"DECLARACION N\u00b0 348\/2.024 - Malarg\u00fce HCD","robots":{"index":"index","follow":"follow","max-snippet":"max-snippet:-1","max-image-preview":"max-image-preview:large","max-video-preview":"max-video-preview:-1"},"canonical":"https:\/\/hcd.malargue.gov.ar\/?p=38030","og_locale":"es_ES","og_type":"article","og_title":"DECLARACION N\u00b0 348\/2.024 - Malarg\u00fce HCD","og_description":"El HCD Declar\u00f3 de Inter\u00e9s Educativo y Social el IX Congreso Nacional de Discapacidad Bajo el lema \u201cParadojas del Trabajo y la Educaci\u00f3n Inclusiva\u201d, el Congreso se llevar\u00e1 a cabo los d\u00edas 6 y 7 de diciembre en el Centro de Convenciones Thesaurus. Este evento busca promover la inclusi\u00f3n y la igualdad de oportunidades para [&hellip;]","og_url":"https:\/\/hcd.malargue.gov.ar\/?p=38030","og_site_name":"Malarg\u00fce HCD","article_published_time":"2024-11-11T15:35:14+00:00","article_modified_time":"2024-11-11T15:44:34+00:00","og_image":[{"width":940,"height":788,"url":"https:\/\/hcd.malargue.gov.ar\/wp-content\/uploads\/2024\/11\/DECLARACION-348-2024.png","type":"image\/png"}],"author":"Belen Pedernera Ferragut","twitter_card":"summary_large_image","twitter_misc":{"Escrito por":"Belen Pedernera Ferragut","Tiempo de lectura":"5 minutos"},"schema":{"@context":"https:\/\/schema.org","@graph":[{"@type":"WebPage","@id":"https:\/\/hcd.malargue.gov.ar\/?p=38030","url":"https:\/\/hcd.malargue.gov.ar\/?p=38030","name":"DECLARACION N\u00b0 348\/2.024 - Malarg\u00fce HCD","isPartOf":{"@id":"https:\/\/hcd.malargue.gov.ar\/#website"},"datePublished":"2024-11-11T15:35:14+00:00","dateModified":"2024-11-11T15:44:34+00:00","author":{"@id":"https:\/\/hcd.malargue.gov.ar\/#\/schema\/person\/3fd6bbab64edd703961b795156c955d0"},"breadcrumb":{"@id":"https:\/\/hcd.malargue.gov.ar\/?p=38030#breadcrumb"},"inLanguage":"es-AR","potentialAction":[{"@type":"ReadAction","target":["https:\/\/hcd.malargue.gov.ar\/?p=38030"]}]},{"@type":"BreadcrumbList","@id":"https:\/\/hcd.malargue.gov.ar\/?p=38030#breadcrumb","itemListElement":[{"@type":"ListItem","position":1,"name":"Inicio","item":"https:\/\/hcd.malargue.gov.ar\/"},{"@type":"ListItem","position":2,"name":"DECLARACION N\u00b0 348\/2.024"}]},{"@type":"WebSite","@id":"https:\/\/hcd.malargue.gov.ar\/#website","url":"https:\/\/hcd.malargue.gov.ar\/","name":"Malarg\u00fce HCD","description":"Malarg\u00fce Mendoza Argentina","potentialAction":[{"@type":"SearchAction","target":{"@type":"EntryPoint","urlTemplate":"https:\/\/hcd.malargue.gov.ar\/?s={search_term_string}"},"query-input":"required name=search_term_string"}],"inLanguage":"es-AR"},{"@type":"Person","@id":"https:\/\/hcd.malargue.gov.ar\/#\/schema\/person\/3fd6bbab64edd703961b795156c955d0","name":"Belen Pedernera Ferragut","image":{"@type":"ImageObject","inLanguage":"es-AR","@id":"https:\/\/hcd.malargue.gov.ar\/#\/schema\/person\/image\/","url":"https:\/\/secure.gravatar.com\/avatar\/1054ffab3893de4bb3eb29bdd22f7e34b8537bf5d34d9dab311818154ad5b71f?s=96&d=mm&r=g","contentUrl":"https:\/\/secure.gravatar.com\/avatar\/1054ffab3893de4bb3eb29bdd22f7e34b8537bf5d34d9dab311818154ad5b71f?s=96&d=mm&r=g","caption":"Belen Pedernera Ferragut"},"url":"https:\/\/hcd.malargue.gov.ar\/?author=5"}]}},"_links":{"self":[{"href":"https:\/\/hcd.malargue.gov.ar\/index.php?rest_route=\/wp\/v2\/posts\/38030","targetHints":{"allow":["GET"]}}],"collection":[{"href":"https:\/\/hcd.malargue.gov.ar\/index.php?rest_route=\/wp\/v2\/posts"}],"about":[{"href":"https:\/\/hcd.malargue.gov.ar\/index.php?rest_route=\/wp\/v2\/types\/post"}],"author":[{"embeddable":true,"href":"https:\/\/hcd.malargue.gov.ar\/index.php?rest_route=\/wp\/v2\/users\/5"}],"replies":[{"embeddable":true,"href":"https:\/\/hcd.malargue.gov.ar\/index.php?rest_route=%2Fwp%2Fv2%2Fcomments&post=38030"}],"version-history":[{"count":3,"href":"https:\/\/hcd.malargue.gov.ar\/index.php?rest_route=\/wp\/v2\/posts\/38030\/revisions"}],"predecessor-version":[{"id":38035,"href":"https:\/\/hcd.malargue.gov.ar\/index.php?rest_route=\/wp\/v2\/posts\/38030\/revisions\/38035"}],"wp:featuredmedia":[{"embeddable":true,"href":"https:\/\/hcd.malargue.gov.ar\/index.php?rest_route=\/wp\/v2\/media\/38032"}],"wp:attachment":[{"href":"https:\/\/hcd.malargue.gov.ar\/index.php?rest_route=%2Fwp%2Fv2%2Fmedia&parent=38030"}],"wp:term":[{"taxonomy":"category","embeddable":true,"href":"https:\/\/hcd.malargue.gov.ar\/index.php?rest_route=%2Fwp%2Fv2%2Fcategories&post=38030"},{"taxonomy":"post_tag","embeddable":true,"href":"https:\/\/hcd.malargue.gov.ar\/index.php?rest_route=%2Fwp%2Fv2%2Ftags&post=38030"}],"curies":[{"name":"wp","href":"https:\/\/api.w.org\/{rel}","templated":true}]}}