{"id":38036,"date":"2024-11-11T13:03:49","date_gmt":"2024-11-11T16:03:49","guid":{"rendered":"https:\/\/hcd.malargue.gov.ar\/?p=38036"},"modified":"2024-11-11T13:06:09","modified_gmt":"2024-11-11T16:06:09","slug":"declaracion-no-349-2-024","status":"publish","type":"post","link":"https:\/\/hcd.malargue.gov.ar\/?p=38036","title":{"rendered":"\u00a0 DECLARACI\u00d3N N\u00b0 349\/2.024"},"content":{"rendered":"\n<h4 class=\"wp-block-heading has-text-align-center\"> <strong>El HCD declar\u00f3 de Inter\u00e9s Departamental los Premios Eslab\u00f3n de Oro, Plata y Bronce<\/strong> <\/h4>\n\n\n\n<p>\ud83c\udfc5 En el marco del D\u00eda del Agente Sanitario, hoy 11 de novembre, y mediante una solicitud presentada por la Directora del Hospital Regional Lic. Yolanda Carbajal; el HCD reconoci\u00f3 el trabajo invaluable de los agentes sanitarios del departamento. Los Premios Eslab\u00f3n de Oro, Plata y Bronce se otorgan anualmente para destacar a aquellos que se han distinguido en la promoci\u00f3n de la salud y prevenci\u00f3n de enfermedades. \ud83e\ude7a\ud83d\udc89<\/p>\n\n\n\n<p>\ud83d\udc4f Este reconocimiento honra el esfuerzo de quienes, con compromiso y dedicaci\u00f3n, son el primer eslab\u00f3n en la atenci\u00f3n primaria de salud. Adem\u00e1s, el Concejo busca que esta iniciativa se replique en toda la provincia de Mendoza.<\/p>\n\n\n\n<p class=\"has-text-align-center\"><strong>\u00a1Gracias a todos los agentes sanitarios por su incansable labor!<\/strong><\/p>\n\n\n\n<p class=\"has-text-align-center\"><strong>MIRA LA PIEZA LEGAL COMPLETA<\/strong><\/p>\n\n\n<div class=\"wp-block-image\">\n<figure class=\"alignright is-resized\"><a href=\"http:\/\/hcd.malargue.gov.ar\/2024\/decla%20349%202024%20Premios%20Eslabon.pdf\"><img loading=\"lazy\" decoding=\"async\" width=\"512\" height=\"512\" src=\"https:\/\/hcd.malargue.gov.ar\/wp-content\/uploads\/2018\/06\/PDF-JPG.jpg\" alt=\"\" class=\"wp-image-7950\" style=\"width:110px;height:auto\" srcset=\"https:\/\/hcd.malargue.gov.ar\/wp-content\/uploads\/2018\/06\/PDF-JPG.jpg 512w, https:\/\/hcd.malargue.gov.ar\/wp-content\/uploads\/2018\/06\/PDF-JPG-150x150.jpg 150w, https:\/\/hcd.malargue.gov.ar\/wp-content\/uploads\/2018\/06\/PDF-JPG-300x300.jpg 300w\" sizes=\"auto, (max-width: 512px) 100vw, 512px\" \/><\/a><\/figure>\n<\/div>\n\n\n<p><strong>AUTOR: CONCEJAL<\/strong> <strong>PABLO VILLARRUEL<\/strong><\/p>\n\n\n\n<p><strong>BLOQUE FRENTE CAMBIA MENDOZA<\/strong><\/p>\n\n\n\n<p>VISTO: El contenido del Expte. N\u00ba 5.525-HC-072-2.024. Bloque Frente Cambia Mendoza. Proyecto de Declaraci\u00f3n: Declarar de Inter\u00e9s Departamental los Premios Eslab\u00f3n de Oro, Plata y Bronce en el D\u00eda del Agente Sanitario.<\/p>\n\n\n\n<p>&nbsp;&nbsp;&nbsp;&nbsp;&nbsp;&nbsp;&nbsp;&nbsp;&nbsp;&nbsp;&nbsp; La solicitud presentada por la Coordinaci\u00f3n del \u00c1rea Sanitaria Malarg\u00fce, a cargo de la Lic.Yolanda Carbajal, para declarar de Inter\u00e9s Departamental los Premios Eslab\u00f3n de Oro, Plata y Bronce otorgados en el D\u00eda del Agente Sanitario, en reconocimiento al trabajo esencial de los agentes sanitarios en el Departamento de Malarg\u00fce.<\/p>\n\n\n\n<p>&nbsp;&nbsp;&nbsp;&nbsp;&nbsp;&nbsp;&nbsp;&nbsp;&nbsp;&nbsp;&nbsp; y;<\/p>\n\n\n\n<p>CONSIDERANDO: Que el Servicio de Agentes Sanitarios de Malarg\u00fce, establecido en 2.016 por la Disposici\u00f3n Interna N\u00ba 03\/2.016, responde a la Ley Provincial N\u00ba 8.668\/2.014 y el Decreto N\u00ba 864\/2.015, los cuales regulan las actividades de los Agentes Sanitarios en la Provincia de Mendoza.<\/p>\n\n\n\n<p>&nbsp;&nbsp;&nbsp;&nbsp;&nbsp;&nbsp;&nbsp;&nbsp;&nbsp;&nbsp;&nbsp; Que los Agentes Sanitarios cumplen un rol fundamental en el sistema de salud, actuando como el primer eslab\u00f3n en la promoci\u00f3n de la salud y la prevenci\u00f3n de enfermedades, tanto en el \u00e1mbito urbano como en localidades remotas, promoviendo as\u00ed la equidad sanitaria.<\/p>\n\n\n\n<p>&nbsp;&nbsp;&nbsp;&nbsp;&nbsp;&nbsp;&nbsp;&nbsp;&nbsp;&nbsp;&nbsp; Que estos agentes poseen conocimientos en diversas \u00e1reas de la salud p\u00fablica, incluyendo la higiene, alimentaci\u00f3n, primeros auxilios, vacunaci\u00f3n y control de reci\u00e9n nacidos, siendo pilares en la respuesta sanitaria en situaciones de emergencia y en la Atenci\u00f3n Primaria de Salud (APS).<\/p>\n\n\n\n<p>&nbsp;&nbsp;&nbsp;&nbsp;&nbsp;&nbsp;&nbsp;&nbsp;&nbsp;&nbsp;&nbsp; Que la iniciativa de los Premios Eslab\u00f3n de Oro, Plata y Bronce se implement\u00f3 para destacar a los agentes que se han distinguido en su desempe\u00f1o, contribuyendo significativamente al bienestar de la comunidad de Malarg\u00fce.<\/p>\n\n\n\n<p>&nbsp;&nbsp;&nbsp;&nbsp;&nbsp;&nbsp;&nbsp;&nbsp;&nbsp;&nbsp;&nbsp; Que esta premiaci\u00f3n es organizada anualmente, evaluada y supervisada por el personal del \u00c1rea Sanitaria Malarg\u00fce, y su entrega se realiza en el marco del D\u00eda Provincial del Agente Sanitario de Mendoza, que se conmemora el 11 de noviembre.<\/p>\n\n\n\n<p>&nbsp;&nbsp;&nbsp;&nbsp;&nbsp;&nbsp;&nbsp;&nbsp;&nbsp;&nbsp;&nbsp; Que el reconocimiento mediante estos premios busca no solo honrar la labor de los agentes sanitarios, sino tambi\u00e9n incentivar su compromiso y dedicaci\u00f3n, contribuyendo a la visibilizaci\u00f3n de su esfuerzo y al fortalecimiento de una salud p\u00fablica inclusiva.<\/p>\n\n\n\n<p>&nbsp;&nbsp;&nbsp;&nbsp;&nbsp;&nbsp;&nbsp;&nbsp;&nbsp;&nbsp;&nbsp; Que es importante para este Honorable Concejo Deliberante expresar el apoyo y compromiso, adem\u00e1s de fomentar esta iniciativa y su posible replica a nivel Provincial para lograr el reconocimiento de los Agentes Sanitarios en todos los&nbsp; Departamentos&nbsp; de la Provincia de Mendoza.<\/p>\n\n\n\n<p>EL HONORABLE CONCEJO DELIBERANTE DE LA MUNICIPALIDAD DE MALARG\u00dcE EN USO DE LAS FACULTADES QUE LE SON PROPIAS<\/p>\n\n\n\n<p>DECLARA<\/p>\n\n\n\n<p>ART\u00cdCULO 1\u00ba: Declarar de Inter\u00e9s Departamental los Premios Eslab\u00f3n de Oro, Plata y Bronce en el D\u00eda del Agente Sanitario, en reconocimiento a la labor invaluable de los agentes sanitarios del Departamento de Malarg\u00fce en la promoci\u00f3n de la salud y la prevenci\u00f3n de enfermedades.<\/p>\n\n\n\n<p>ART\u00cdCULO 2\u00ba: Enviar copia de la presente pieza legal a ambas C\u00e1maras Legislativas de la Provincia de Mendoza para conocimiento&nbsp; y contemplar la posibilidad&nbsp; de que esta&nbsp; iniciativa sea&nbsp; &nbsp;&nbsp;&nbsp;&nbsp;&nbsp;&nbsp;&nbsp; implementada en el resto de los Departamentos.&nbsp;<\/p>\n\n\n\n<p>ART\u00cdCULO 3\u00ba: Rem\u00edtase copia de la presente pieza legal al \u00c1rea Sanitaria Malarg\u00fce y a los organismos correspondientes para su debido conocimiento y efectos pertinentes.<\/p>\n\n\n\n<p>ART\u00cdCULO 4\u00ba: Comun\u00edquese, reg\u00edstrese, agr\u00e9guese copia de la presente en las actuaciones correspondientes y arch\u00edvese.<\/p>\n\n\n\n<p>DADA EN LA SALA DE SESIONES DR. RICARDO BALBIN DEL HONORABLE CONCEJO DELIBERANTE DE LA MUNICIPALIDAD DE MALARG\u00dcE A TREINTA Y UN D\u00cdAS DE OCTUBRE&nbsp; DE DOS MIL VEINTICUATRO<\/p>\n","protected":false},"excerpt":{"rendered":"<p>El HCD declar\u00f3 de Inter\u00e9s Departamental los Premios Eslab\u00f3n de Oro, Plata y Bronce \ud83c\udfc5 En el marco del D\u00eda del Agente Sanitario, hoy 11 de novembre, y mediante una solicitud presentada por la Directora del Hospital Regional Lic. Yolanda Carbajal; el HCD reconoci\u00f3 el trabajo invaluable de los agentes sanitarios del departamento. Los Premios [&hellip;]<\/p>\n","protected":false},"author":5,"featured_media":38037,"comment_status":"closed","ping_status":"closed","sticky":false,"template":"","format":"standard","meta":{"footnotes":""},"categories":[46,52,29,33],"tags":[],"class_list":["post-38036","post","type-post","status-publish","format-standard","has-post-thumbnail","hentry","category-declaraciones","category-gacetillas","category-lesgilacion","category-prensa"],"yoast_head":"<!-- This site is optimized with the Yoast SEO plugin v19.10 - https:\/\/yoast.com\/wordpress\/plugins\/seo\/ -->\n<title>\u00a0 DECLARACI\u00d3N N\u00b0 349\/2.024 - Malarg\u00fce HCD<\/title>\n<meta name=\"robots\" content=\"index, follow, max-snippet:-1, max-image-preview:large, max-video-preview:-1\" \/>\n<link rel=\"canonical\" href=\"https:\/\/hcd.malargue.gov.ar\/?p=38036\" \/>\n<meta property=\"og:locale\" content=\"es_ES\" \/>\n<meta property=\"og:type\" content=\"article\" \/>\n<meta property=\"og:title\" content=\"\u00a0 DECLARACI\u00d3N N\u00b0 349\/2.024 - Malarg\u00fce HCD\" \/>\n<meta property=\"og:description\" content=\"El HCD declar\u00f3 de Inter\u00e9s Departamental los Premios Eslab\u00f3n de Oro, Plata y Bronce \ud83c\udfc5 En el marco del D\u00eda del Agente Sanitario, hoy 11 de novembre, y mediante una solicitud presentada por la Directora del Hospital Regional Lic. Yolanda Carbajal; el HCD reconoci\u00f3 el trabajo invaluable de los agentes sanitarios del departamento. Los Premios [&hellip;]\" \/>\n<meta property=\"og:url\" content=\"https:\/\/hcd.malargue.gov.ar\/?p=38036\" \/>\n<meta property=\"og:site_name\" content=\"Malarg\u00fce HCD\" \/>\n<meta property=\"article:published_time\" content=\"2024-11-11T16:03:49+00:00\" \/>\n<meta property=\"article:modified_time\" content=\"2024-11-11T16:06:09+00:00\" \/>\n<meta property=\"og:image\" content=\"https:\/\/hcd.malargue.gov.ar\/wp-content\/uploads\/2024\/11\/DECLARACION-349-2024.png\" \/>\n\t<meta property=\"og:image:width\" content=\"940\" \/>\n\t<meta property=\"og:image:height\" content=\"788\" \/>\n\t<meta property=\"og:image:type\" content=\"image\/png\" \/>\n<meta name=\"author\" content=\"Belen Pedernera Ferragut\" \/>\n<meta name=\"twitter:card\" content=\"summary_large_image\" \/>\n<meta name=\"twitter:label1\" content=\"Escrito por\" \/>\n\t<meta name=\"twitter:data1\" content=\"Belen Pedernera Ferragut\" \/>\n\t<meta name=\"twitter:label2\" content=\"Tiempo de lectura\" \/>\n\t<meta name=\"twitter:data2\" content=\"4 minutos\" \/>\n<script type=\"application\/ld+json\" class=\"yoast-schema-graph\">{\"@context\":\"https:\/\/schema.org\",\"@graph\":[{\"@type\":\"WebPage\",\"@id\":\"https:\/\/hcd.malargue.gov.ar\/?p=38036\",\"url\":\"https:\/\/hcd.malargue.gov.ar\/?p=38036\",\"name\":\"\u00a0 DECLARACI\u00d3N N\u00b0 349\/2.024 - Malarg\u00fce HCD\",\"isPartOf\":{\"@id\":\"https:\/\/hcd.malargue.gov.ar\/#website\"},\"datePublished\":\"2024-11-11T16:03:49+00:00\",\"dateModified\":\"2024-11-11T16:06:09+00:00\",\"author\":{\"@id\":\"https:\/\/hcd.malargue.gov.ar\/#\/schema\/person\/3fd6bbab64edd703961b795156c955d0\"},\"breadcrumb\":{\"@id\":\"https:\/\/hcd.malargue.gov.ar\/?p=38036#breadcrumb\"},\"inLanguage\":\"es-AR\",\"potentialAction\":[{\"@type\":\"ReadAction\",\"target\":[\"https:\/\/hcd.malargue.gov.ar\/?p=38036\"]}]},{\"@type\":\"BreadcrumbList\",\"@id\":\"https:\/\/hcd.malargue.gov.ar\/?p=38036#breadcrumb\",\"itemListElement\":[{\"@type\":\"ListItem\",\"position\":1,\"name\":\"Inicio\",\"item\":\"https:\/\/hcd.malargue.gov.ar\/\"},{\"@type\":\"ListItem\",\"position\":2,\"name\":\"\u00a0 DECLARACI\u00d3N N\u00b0 349\/2.024\"}]},{\"@type\":\"WebSite\",\"@id\":\"https:\/\/hcd.malargue.gov.ar\/#website\",\"url\":\"https:\/\/hcd.malargue.gov.ar\/\",\"name\":\"Malarg\u00fce HCD\",\"description\":\"Malarg\u00fce Mendoza Argentina\",\"potentialAction\":[{\"@type\":\"SearchAction\",\"target\":{\"@type\":\"EntryPoint\",\"urlTemplate\":\"https:\/\/hcd.malargue.gov.ar\/?s={search_term_string}\"},\"query-input\":\"required name=search_term_string\"}],\"inLanguage\":\"es-AR\"},{\"@type\":\"Person\",\"@id\":\"https:\/\/hcd.malargue.gov.ar\/#\/schema\/person\/3fd6bbab64edd703961b795156c955d0\",\"name\":\"Belen Pedernera Ferragut\",\"image\":{\"@type\":\"ImageObject\",\"inLanguage\":\"es-AR\",\"@id\":\"https:\/\/hcd.malargue.gov.ar\/#\/schema\/person\/image\/\",\"url\":\"https:\/\/secure.gravatar.com\/avatar\/1054ffab3893de4bb3eb29bdd22f7e34b8537bf5d34d9dab311818154ad5b71f?s=96&d=mm&r=g\",\"contentUrl\":\"https:\/\/secure.gravatar.com\/avatar\/1054ffab3893de4bb3eb29bdd22f7e34b8537bf5d34d9dab311818154ad5b71f?s=96&d=mm&r=g\",\"caption\":\"Belen Pedernera Ferragut\"},\"url\":\"https:\/\/hcd.malargue.gov.ar\/?author=5\"}]}<\/script>\n<!-- \/ Yoast SEO plugin. -->","yoast_head_json":{"title":"\u00a0 DECLARACI\u00d3N N\u00b0 349\/2.024 - Malarg\u00fce HCD","robots":{"index":"index","follow":"follow","max-snippet":"max-snippet:-1","max-image-preview":"max-image-preview:large","max-video-preview":"max-video-preview:-1"},"canonical":"https:\/\/hcd.malargue.gov.ar\/?p=38036","og_locale":"es_ES","og_type":"article","og_title":"\u00a0 DECLARACI\u00d3N N\u00b0 349\/2.024 - Malarg\u00fce HCD","og_description":"El HCD declar\u00f3 de Inter\u00e9s Departamental los Premios Eslab\u00f3n de Oro, Plata y Bronce \ud83c\udfc5 En el marco del D\u00eda del Agente Sanitario, hoy 11 de novembre, y mediante una solicitud presentada por la Directora del Hospital Regional Lic. Yolanda Carbajal; el HCD reconoci\u00f3 el trabajo invaluable de los agentes sanitarios del departamento. Los Premios [&hellip;]","og_url":"https:\/\/hcd.malargue.gov.ar\/?p=38036","og_site_name":"Malarg\u00fce HCD","article_published_time":"2024-11-11T16:03:49+00:00","article_modified_time":"2024-11-11T16:06:09+00:00","og_image":[{"width":940,"height":788,"url":"https:\/\/hcd.malargue.gov.ar\/wp-content\/uploads\/2024\/11\/DECLARACION-349-2024.png","type":"image\/png"}],"author":"Belen Pedernera Ferragut","twitter_card":"summary_large_image","twitter_misc":{"Escrito por":"Belen Pedernera Ferragut","Tiempo de lectura":"4 minutos"},"schema":{"@context":"https:\/\/schema.org","@graph":[{"@type":"WebPage","@id":"https:\/\/hcd.malargue.gov.ar\/?p=38036","url":"https:\/\/hcd.malargue.gov.ar\/?p=38036","name":"\u00a0 DECLARACI\u00d3N N\u00b0 349\/2.024 - Malarg\u00fce HCD","isPartOf":{"@id":"https:\/\/hcd.malargue.gov.ar\/#website"},"datePublished":"2024-11-11T16:03:49+00:00","dateModified":"2024-11-11T16:06:09+00:00","author":{"@id":"https:\/\/hcd.malargue.gov.ar\/#\/schema\/person\/3fd6bbab64edd703961b795156c955d0"},"breadcrumb":{"@id":"https:\/\/hcd.malargue.gov.ar\/?p=38036#breadcrumb"},"inLanguage":"es-AR","potentialAction":[{"@type":"ReadAction","target":["https:\/\/hcd.malargue.gov.ar\/?p=38036"]}]},{"@type":"BreadcrumbList","@id":"https:\/\/hcd.malargue.gov.ar\/?p=38036#breadcrumb","itemListElement":[{"@type":"ListItem","position":1,"name":"Inicio","item":"https:\/\/hcd.malargue.gov.ar\/"},{"@type":"ListItem","position":2,"name":"\u00a0 DECLARACI\u00d3N N\u00b0 349\/2.024"}]},{"@type":"WebSite","@id":"https:\/\/hcd.malargue.gov.ar\/#website","url":"https:\/\/hcd.malargue.gov.ar\/","name":"Malarg\u00fce HCD","description":"Malarg\u00fce Mendoza Argentina","potentialAction":[{"@type":"SearchAction","target":{"@type":"EntryPoint","urlTemplate":"https:\/\/hcd.malargue.gov.ar\/?s={search_term_string}"},"query-input":"required name=search_term_string"}],"inLanguage":"es-AR"},{"@type":"Person","@id":"https:\/\/hcd.malargue.gov.ar\/#\/schema\/person\/3fd6bbab64edd703961b795156c955d0","name":"Belen Pedernera Ferragut","image":{"@type":"ImageObject","inLanguage":"es-AR","@id":"https:\/\/hcd.malargue.gov.ar\/#\/schema\/person\/image\/","url":"https:\/\/secure.gravatar.com\/avatar\/1054ffab3893de4bb3eb29bdd22f7e34b8537bf5d34d9dab311818154ad5b71f?s=96&d=mm&r=g","contentUrl":"https:\/\/secure.gravatar.com\/avatar\/1054ffab3893de4bb3eb29bdd22f7e34b8537bf5d34d9dab311818154ad5b71f?s=96&d=mm&r=g","caption":"Belen Pedernera Ferragut"},"url":"https:\/\/hcd.malargue.gov.ar\/?author=5"}]}},"_links":{"self":[{"href":"https:\/\/hcd.malargue.gov.ar\/index.php?rest_route=\/wp\/v2\/posts\/38036","targetHints":{"allow":["GET"]}}],"collection":[{"href":"https:\/\/hcd.malargue.gov.ar\/index.php?rest_route=\/wp\/v2\/posts"}],"about":[{"href":"https:\/\/hcd.malargue.gov.ar\/index.php?rest_route=\/wp\/v2\/types\/post"}],"author":[{"embeddable":true,"href":"https:\/\/hcd.malargue.gov.ar\/index.php?rest_route=\/wp\/v2\/users\/5"}],"replies":[{"embeddable":true,"href":"https:\/\/hcd.malargue.gov.ar\/index.php?rest_route=%2Fwp%2Fv2%2Fcomments&post=38036"}],"version-history":[{"count":2,"href":"https:\/\/hcd.malargue.gov.ar\/index.php?rest_route=\/wp\/v2\/posts\/38036\/revisions"}],"predecessor-version":[{"id":38039,"href":"https:\/\/hcd.malargue.gov.ar\/index.php?rest_route=\/wp\/v2\/posts\/38036\/revisions\/38039"}],"wp:featuredmedia":[{"embeddable":true,"href":"https:\/\/hcd.malargue.gov.ar\/index.php?rest_route=\/wp\/v2\/media\/38037"}],"wp:attachment":[{"href":"https:\/\/hcd.malargue.gov.ar\/index.php?rest_route=%2Fwp%2Fv2%2Fmedia&parent=38036"}],"wp:term":[{"taxonomy":"category","embeddable":true,"href":"https:\/\/hcd.malargue.gov.ar\/index.php?rest_route=%2Fwp%2Fv2%2Fcategories&post=38036"},{"taxonomy":"post_tag","embeddable":true,"href":"https:\/\/hcd.malargue.gov.ar\/index.php?rest_route=%2Fwp%2Fv2%2Ftags&post=38036"}],"curies":[{"name":"wp","href":"https:\/\/api.w.org\/{rel}","templated":true}]}}