{"id":38079,"date":"2024-11-13T13:02:02","date_gmt":"2024-11-13T16:02:02","guid":{"rendered":"https:\/\/hcd.malargue.gov.ar\/?p=38079"},"modified":"2024-11-13T13:04:42","modified_gmt":"2024-11-13T16:04:42","slug":"orden-del-dia-sesion-ordinaria-1o-de-prorroga","status":"publish","type":"post","link":"https:\/\/hcd.malargue.gov.ar\/?p=38079","title":{"rendered":"ORDEN DEL DIA SESI\u00d3N ORDINARIA\u00a01\u00b0\u00a0DE PR\u00d3RROGA"},"content":{"rendered":"<div class=\"wp-block-image\">\n<figure class=\"alignright size-full is-resized\"><a href=\"http:\/\/hcd.malargue.gov.ar\/2024\/1%20PRORROGA%2014%20Nov%202024.pdf\"><img loading=\"lazy\" decoding=\"async\" width=\"512\" height=\"512\" src=\"https:\/\/hcd.malargue.gov.ar\/wp-content\/uploads\/2018\/06\/PDF-JPG.jpg\" alt=\"\" class=\"wp-image-7950\" style=\"width:140px;height:auto\" srcset=\"https:\/\/hcd.malargue.gov.ar\/wp-content\/uploads\/2018\/06\/PDF-JPG.jpg 512w, https:\/\/hcd.malargue.gov.ar\/wp-content\/uploads\/2018\/06\/PDF-JPG-150x150.jpg 150w, https:\/\/hcd.malargue.gov.ar\/wp-content\/uploads\/2018\/06\/PDF-JPG-300x300.jpg 300w\" sizes=\"auto, (max-width: 512px) 100vw, 512px\" \/><\/a><\/figure>\n<\/div>\n\n\n<h4 class=\"wp-block-heading\">D\u00eda Jueves 14 de Noviembre de 2024&nbsp;&nbsp;<\/h4>\n\n\n\n<h4 class=\"wp-block-heading\">Hora: 9:00 <\/h4>\n\n\n\n<p><strong><em>a)<\/em> <em>Acto de Izar el Pabell\u00f3n Nacional a cargo de la Sra. Concejal Emilce Marisa MANSILLA.<\/em><\/strong><\/p>\n\n\n\n<p><strong><em>b) Homenaje de los Se\u00f1ores Concejales.<\/em><\/strong><\/p>\n\n\n\n<p><strong><em>c) Consideraci\u00f3n Acta Sesi\u00f3n Ordinaria N\u00ba1.179- \u201cO\u201d-2024.<\/em><\/strong><\/p>\n\n\n\n<p><strong><em>d) Expedientes provenientes del Departamento Ejecutivo<\/em><\/strong><\/p>\n\n\n\n<p>&nbsp;&nbsp;&nbsp;&nbsp; &#8211; No Ingresados &#8211;<\/p>\n\n\n\n<p><strong><em>e) Despachos de las Comisiones de Trabajo:&nbsp;<\/em><\/strong><\/p>\n\n\n\n<ol class=\"wp-block-list\">\n<li>Expte.N\u00b0 5.420 \u2013 HC 064 \u2013 2.024. Proyecto de Ordenanza: Crear Plan Integral de Acompa\u00f1amiento para Familiares&nbsp; de Personas con Discapacidad en el \u00e1mbito del Departamento de&nbsp; Malarg\u00fce y Nota HC 571\/2.024 Direcci\u00f3n de Inclusi\u00f3n y Desarrollo Social consideraciones para el tratamiento del Proyecto de Ordenanza(E.H.M.A.S.yC.)<\/li>\n\n\n\n<li>Expte. N\u00b0 5.501 HC 070 \u2013 2.024 Proyecto de Resoluci\u00f3n:&nbsp; Instituir el mes de setiembre como el \u201cMes de la Prevenci\u00f3n del Suicidio\u201d en el Departamento. (E.H.M.A.S.y C.)<\/li>\n\n\n\n<li>Expte. N\u00b0 5.522 HC 072 \u2013 2.024&nbsp; Proyecto de Resoluci\u00f3n: Declarar de Inter\u00e9s Departamental la Conferencia Nacional de Mujeres C.I.A.P.A.&nbsp; (E.H.M.A.S y C.)<\/li>\n\n\n\n<li>Expte. N\u00b0 5.523 HC 072 &#8211; 2.024&nbsp; Proyecto de Resoluci\u00f3n: Distinguir por su desempe\u00f1o deportivo en la disciplina de Esqu\u00ed Alpino al joven Gonzalo Mansilla Ben\u00edtez, federado en CELL (Club de Esqu\u00ed Las Le\u00f1as) Equipo de Competici\u00f3n. (E.H.M.A.S y C.)<\/li>\n\n\n\n<li>Expte. N\u00b0 5.036\/ 2.024 \u2013 0&nbsp; Direcci\u00f3n de Turismo. Daniel Von&nbsp; Zedtwitz&nbsp; Solicita pieza legal para que el Municipio de Malarg\u00fce sea incorporado a la Asociaci\u00f3n Civil Red Federal de Turismo de la Rep\u00fablica Argentina. (O.P.T. y R.N \u2013 H.P.L.A.C.)<\/li>\n\n\n\n<li>Expte. N\u00b0 5.512 HC 071 \u2013 2.024 Proyecto de Ordenanza: Circuito Tur\u00edstico \u2013 Patrimonial \u201cGral. Rufino Ortega\u201d.&nbsp; (O.P.T. y R.N&nbsp; &#8211; H.P.L.A.C.)<\/li>\n\n\n\n<li>Expte. N\u00b0 5.511 HC 071 \u2013 2.024 Proyecto de Ordenanza:&nbsp; Cambio de denominaci\u00f3n del Callej\u00f3n 59 por Pedro Castillo mismo nombre que tiene la continuaci\u00f3n del Barrio Independencia. ( O.P.T y R.N. \u2013 H.P.L.A.C.)<\/li>\n\n\n\n<li>Expte N\u00b0 5.455 HC 067 \u2013 2.024&nbsp; Proyecto de Resoluci\u00f3n:&nbsp; Solicitar &nbsp;al Departamento Ejecutivo Municipal la colocaci\u00f3n de se\u00f1al\u00e9tica en Atractivos Tur\u00edsticos de la Ciudad. ( O.P.T y R.N. \u2013 H.P.L.A.C.)<\/li>\n\n\n\n<li>Expte. N\u00b0 5.517 HC 071 \u2013 2.024 Proyecto de Resoluci\u00f3n:&nbsp; Pedido de Informe sobre provisi\u00f3n de agua en zonas rurales.&nbsp; (H.P.L.A.C.)&nbsp;<\/li>\n\n\n\n<li>Nota HC 681\/2.024 Departamento Ejecutivo eleva convenio suscripto con Empresa MyG S.R.L. para reparaci\u00f3n del Reloj del Cincuentenario. (H.P.L.A.C.)<\/li>\n\n\n\n<li>Expte. N\u00b0 5.461 HC 067 \u2013 2.024 Proyecto de Resoluci\u00f3n:&nbsp; Solicitar al Departamento Ejecutivo Municipal la implementaci\u00f3n de personal permanente de seguridad y salud en el Polideportivo Municipal Malal Hue.&nbsp; (H.P.L.A.C.)<\/li>\n\n\n\n<li>Expte. N\u00b0 5.506 HC 070 \u2013 2.024 Proyecto de Ordenanza:&nbsp; Identificar las Unidades M\u00f3viles y Maquinarias del Parque Automotor del Departamento Ejecutivo Municipal y Honorable Concejo Deliberante. (H.P.L.A.C.)<\/li>\n\n\n\n<li>Expte. N\u00b0 1.032\/2.024 \u2013 0 Directora de Gesti\u00f3n Ambiental Mg. Amalia Ramires remite informe de Estado de Situaci\u00f3n Cubierta Sanitaria Malarg\u00fce, estado de Situaci\u00f3n del Arbolado P\u00fablico y Cortinas Forestales , Nota HC 718\/2.023 Mg. Amalia Ramires eleva informe sobre Estado de Situaci\u00f3n de Cubierta Sanitaria y Nota HC 022\/2024 Directora de Gesti\u00f3n Ambiental Mg. Amalia Ramires remite informe de Estado de la Cubierta Sanitaria en funci\u00f3n de la Declaraci\u00f3n de Emergencia Ambiental. (O.P.T.y R.N.)<\/li>\n\n\n\n<li>Nota HC 284\/2.022 Sr. Miguel Conesa Guaquinchay solicita apoyo a proyectos educativos, productivos y de capacitaci\u00f3n con car\u00e1cter social y autosustentable y Nota HC 443\/2.022 Asociaci\u00f3n Comunitaria y Pobladores de Ranquil Norte elevan peticiones de diferente \u00edndole con necesidades de la comunidad. (E.H.M.A.S y C.)<\/li>\n\n\n\n<li>Expte. N\u00b0 5.518 HC 071-2.024 Proyecto de Resoluci\u00f3n: Solicitud de mejores condiciones laborales en la Academia Municipal de Ingl\u00e9s. (E.H.M.A.S y C)<\/li>\n\n\n\n<li>Nota &nbsp;HC 376\/2.024 Vecinos de Agua Escondida manifiestan acompa\u00f1amiento de Recurso de Amparo ante tarifas de energ\u00eda el\u00e9ctrica. (E.H.M.A.S.y C.)<\/li>\n\n\n\n<li>Notas HC 437\/2.023 Sra. Fabiana Gatigny Subdelegada Administrativa D.G.E. Ref. Supuestas irregularidades en Escuela N\u00b0 8-589 Cristo Redentor de Agua Escondida, Nota HC 668\/2.023 Sra. Gloria Mabel Bord\u00f3n expone preocupaci\u00f3n por habilitaci\u00f3n de bar colindante a su vivienda, Nota HC 671\/2.023 Sra. Lorena del Valle M\u00e9ndez, Banca del Ciudadano, Nota HC 126\/2.024 Padres de alumnos de Jard\u00edn Maternal Color\u00edn Colorado problem\u00e1ticas inherentes a la Instituci\u00f3n y Nota HC 198\/2.024 Honorable Concejo Deliberante de Tupungato Declaraci\u00f3n N\u00b0 09\/24 transferencia de fondos del FONID. (E.H.M.A.S.y C)<\/li>\n\n\n\n<li>Nota HC 411\/2.023 Sr. Maximiliano Salvadores expone situaci\u00f3n por inmueble sucesi\u00f3n del Sr. Carlos W. Salvadores. ( E.H.M.A.S y C<strong>.)<\/strong><\/li>\n\n\n\n<li><strong>&nbsp;<\/strong>Nota HC 001\/2.023 Puesteros Veranadores del Campo Las Loicas informan sobre convenio con Marcelo Alaniz respecto a cabalgatas, Nota HC 356\/2.024 Vecinos, docentes, personal de salud y medios de Transporte de Paraje El Cortaderal, mantenimiento de rutas y atenci\u00f3n de oficinas m\u00f3viles de ANSES, Registro Civil y Polic\u00eda de Mendoza y Nota HC 416\/2.023 Walter Alfredo Aguirre eleva presupuesto respecto a traza de calle en Barrio Virgen de los Vientos. (O.P.T y R.N.) <\/li>\n<\/ol>\n\n\n\n<p><strong><em>f) Acto de arriar el Pabell\u00f3n Nacional a cargo de la concejal que lo <\/em><\/strong><strong>iz\u00f3.&nbsp;&nbsp;&nbsp;&nbsp;&nbsp;&nbsp;&nbsp;&nbsp;&nbsp;&nbsp;&nbsp;&nbsp;&nbsp;&nbsp;&nbsp;&nbsp;&nbsp;&nbsp;&nbsp;&nbsp;&nbsp;&nbsp;&nbsp;&nbsp;&nbsp; &nbsp;&nbsp;&nbsp;&nbsp;&nbsp;&nbsp;&nbsp;&nbsp;&nbsp;&nbsp;&nbsp;&nbsp;&nbsp;&nbsp;&nbsp;&nbsp;&nbsp;&nbsp;&nbsp;&nbsp;&nbsp;&nbsp;&nbsp;<\/strong><\/p>\n\n\n\n<p class=\"has-text-align-right\"><strong>&nbsp;&nbsp;&nbsp;&nbsp;&nbsp;&nbsp;&nbsp;&nbsp;&nbsp;&nbsp;&nbsp;&nbsp;&nbsp;&nbsp;&nbsp;&nbsp;&nbsp;&nbsp;&nbsp;&nbsp;&nbsp;&nbsp;&nbsp;&nbsp;&nbsp;&nbsp;&nbsp;&nbsp;&nbsp;&nbsp;&nbsp;&nbsp;&nbsp;&nbsp;&nbsp;&nbsp;&nbsp;&nbsp;&nbsp;&nbsp;&nbsp;&nbsp;&nbsp;&nbsp;&nbsp;&nbsp;&nbsp;&nbsp; &nbsp;&nbsp;&nbsp;&nbsp;&nbsp;&nbsp;&nbsp;&nbsp;&nbsp;&nbsp;&nbsp;Presidencia H.C.D,&nbsp; 12 de Noviembre &nbsp;&nbsp;de 2024.-<\/strong><\/p>\n\n\n\n<p><\/p>\n","protected":false},"excerpt":{"rendered":"<p>D\u00eda Jueves 14 de Noviembre de 2024&nbsp;&nbsp; Hora: 9:00 a) Acto de Izar el Pabell\u00f3n Nacional a cargo de la Sra. Concejal Emilce Marisa MANSILLA. b) Homenaje de los Se\u00f1ores Concejales. c) Consideraci\u00f3n Acta Sesi\u00f3n Ordinaria N\u00ba1.179- \u201cO\u201d-2024. d) Expedientes provenientes del Departamento Ejecutivo &nbsp;&nbsp;&nbsp;&nbsp; &#8211; No Ingresados &#8211; e) Despachos de las Comisiones de [&hellip;]<\/p>\n","protected":false},"author":5,"featured_media":38080,"comment_status":"closed","ping_status":"closed","sticky":false,"template":"","format":"standard","meta":{"footnotes":""},"categories":[55,52,84,33,36],"tags":[],"class_list":["post-38079","post","type-post","status-publish","format-standard","has-post-thumbnail","hentry","category-de-prorroga","category-gacetillas","category-orden-del-dia","category-prensa","category-sesiones"],"yoast_head":"<!-- This site is optimized with the Yoast SEO plugin v19.10 - https:\/\/yoast.com\/wordpress\/plugins\/seo\/ -->\n<title>ORDEN DEL DIA SESI\u00d3N ORDINARIA\u00a01\u00b0\u00a0DE PR\u00d3RROGA - Malarg\u00fce HCD<\/title>\n<meta name=\"robots\" content=\"index, follow, max-snippet:-1, max-image-preview:large, max-video-preview:-1\" \/>\n<link rel=\"canonical\" href=\"https:\/\/hcd.malargue.gov.ar\/?p=38079\" \/>\n<meta property=\"og:locale\" content=\"es_ES\" \/>\n<meta property=\"og:type\" content=\"article\" \/>\n<meta property=\"og:title\" content=\"ORDEN DEL DIA SESI\u00d3N ORDINARIA\u00a01\u00b0\u00a0DE PR\u00d3RROGA - Malarg\u00fce HCD\" \/>\n<meta property=\"og:description\" content=\"D\u00eda Jueves 14 de Noviembre de 2024&nbsp;&nbsp; Hora: 9:00 a) Acto de Izar el Pabell\u00f3n Nacional a cargo de la Sra. Concejal Emilce Marisa MANSILLA. b) Homenaje de los Se\u00f1ores Concejales. c) Consideraci\u00f3n Acta Sesi\u00f3n Ordinaria N\u00ba1.179- \u201cO\u201d-2024. d) Expedientes provenientes del Departamento Ejecutivo &nbsp;&nbsp;&nbsp;&nbsp; &#8211; No Ingresados &#8211; e) Despachos de las Comisiones de [&hellip;]\" \/>\n<meta property=\"og:url\" content=\"https:\/\/hcd.malargue.gov.ar\/?p=38079\" \/>\n<meta property=\"og:site_name\" content=\"Malarg\u00fce HCD\" \/>\n<meta property=\"article:published_time\" content=\"2024-11-13T16:02:02+00:00\" \/>\n<meta property=\"article:modified_time\" content=\"2024-11-13T16:04:42+00:00\" \/>\n<meta property=\"og:image\" content=\"https:\/\/hcd.malargue.gov.ar\/wp-content\/uploads\/2024\/11\/PRORROGA.png\" \/>\n\t<meta property=\"og:image:width\" content=\"1640\" \/>\n\t<meta property=\"og:image:height\" content=\"924\" \/>\n\t<meta property=\"og:image:type\" content=\"image\/png\" \/>\n<meta name=\"author\" content=\"Belen Pedernera Ferragut\" \/>\n<meta name=\"twitter:card\" content=\"summary_large_image\" \/>\n<meta name=\"twitter:label1\" content=\"Escrito por\" \/>\n\t<meta name=\"twitter:data1\" content=\"Belen Pedernera Ferragut\" \/>\n\t<meta name=\"twitter:label2\" content=\"Tiempo de lectura\" \/>\n\t<meta name=\"twitter:data2\" content=\"4 minutos\" \/>\n<script type=\"application\/ld+json\" class=\"yoast-schema-graph\">{\"@context\":\"https:\/\/schema.org\",\"@graph\":[{\"@type\":\"WebPage\",\"@id\":\"https:\/\/hcd.malargue.gov.ar\/?p=38079\",\"url\":\"https:\/\/hcd.malargue.gov.ar\/?p=38079\",\"name\":\"ORDEN DEL DIA SESI\u00d3N ORDINARIA\u00a01\u00b0\u00a0DE PR\u00d3RROGA - Malarg\u00fce HCD\",\"isPartOf\":{\"@id\":\"https:\/\/hcd.malargue.gov.ar\/#website\"},\"datePublished\":\"2024-11-13T16:02:02+00:00\",\"dateModified\":\"2024-11-13T16:04:42+00:00\",\"author\":{\"@id\":\"https:\/\/hcd.malargue.gov.ar\/#\/schema\/person\/3fd6bbab64edd703961b795156c955d0\"},\"breadcrumb\":{\"@id\":\"https:\/\/hcd.malargue.gov.ar\/?p=38079#breadcrumb\"},\"inLanguage\":\"es-AR\",\"potentialAction\":[{\"@type\":\"ReadAction\",\"target\":[\"https:\/\/hcd.malargue.gov.ar\/?p=38079\"]}]},{\"@type\":\"BreadcrumbList\",\"@id\":\"https:\/\/hcd.malargue.gov.ar\/?p=38079#breadcrumb\",\"itemListElement\":[{\"@type\":\"ListItem\",\"position\":1,\"name\":\"Inicio\",\"item\":\"https:\/\/hcd.malargue.gov.ar\/\"},{\"@type\":\"ListItem\",\"position\":2,\"name\":\"ORDEN DEL DIA SESI\u00d3N ORDINARIA\u00a01\u00b0\u00a0DE PR\u00d3RROGA\"}]},{\"@type\":\"WebSite\",\"@id\":\"https:\/\/hcd.malargue.gov.ar\/#website\",\"url\":\"https:\/\/hcd.malargue.gov.ar\/\",\"name\":\"Malarg\u00fce HCD\",\"description\":\"Malarg\u00fce Mendoza Argentina\",\"potentialAction\":[{\"@type\":\"SearchAction\",\"target\":{\"@type\":\"EntryPoint\",\"urlTemplate\":\"https:\/\/hcd.malargue.gov.ar\/?s={search_term_string}\"},\"query-input\":\"required name=search_term_string\"}],\"inLanguage\":\"es-AR\"},{\"@type\":\"Person\",\"@id\":\"https:\/\/hcd.malargue.gov.ar\/#\/schema\/person\/3fd6bbab64edd703961b795156c955d0\",\"name\":\"Belen Pedernera Ferragut\",\"image\":{\"@type\":\"ImageObject\",\"inLanguage\":\"es-AR\",\"@id\":\"https:\/\/hcd.malargue.gov.ar\/#\/schema\/person\/image\/\",\"url\":\"https:\/\/secure.gravatar.com\/avatar\/1054ffab3893de4bb3eb29bdd22f7e34b8537bf5d34d9dab311818154ad5b71f?s=96&d=mm&r=g\",\"contentUrl\":\"https:\/\/secure.gravatar.com\/avatar\/1054ffab3893de4bb3eb29bdd22f7e34b8537bf5d34d9dab311818154ad5b71f?s=96&d=mm&r=g\",\"caption\":\"Belen Pedernera Ferragut\"},\"url\":\"https:\/\/hcd.malargue.gov.ar\/?author=5\"}]}<\/script>\n<!-- \/ Yoast SEO plugin. -->","yoast_head_json":{"title":"ORDEN DEL DIA SESI\u00d3N ORDINARIA\u00a01\u00b0\u00a0DE PR\u00d3RROGA - Malarg\u00fce HCD","robots":{"index":"index","follow":"follow","max-snippet":"max-snippet:-1","max-image-preview":"max-image-preview:large","max-video-preview":"max-video-preview:-1"},"canonical":"https:\/\/hcd.malargue.gov.ar\/?p=38079","og_locale":"es_ES","og_type":"article","og_title":"ORDEN DEL DIA SESI\u00d3N ORDINARIA\u00a01\u00b0\u00a0DE PR\u00d3RROGA - Malarg\u00fce HCD","og_description":"D\u00eda Jueves 14 de Noviembre de 2024&nbsp;&nbsp; Hora: 9:00 a) Acto de Izar el Pabell\u00f3n Nacional a cargo de la Sra. Concejal Emilce Marisa MANSILLA. b) Homenaje de los Se\u00f1ores Concejales. c) Consideraci\u00f3n Acta Sesi\u00f3n Ordinaria N\u00ba1.179- \u201cO\u201d-2024. d) Expedientes provenientes del Departamento Ejecutivo &nbsp;&nbsp;&nbsp;&nbsp; &#8211; No Ingresados &#8211; e) Despachos de las Comisiones de [&hellip;]","og_url":"https:\/\/hcd.malargue.gov.ar\/?p=38079","og_site_name":"Malarg\u00fce HCD","article_published_time":"2024-11-13T16:02:02+00:00","article_modified_time":"2024-11-13T16:04:42+00:00","og_image":[{"width":1640,"height":924,"url":"https:\/\/hcd.malargue.gov.ar\/wp-content\/uploads\/2024\/11\/PRORROGA.png","type":"image\/png"}],"author":"Belen Pedernera Ferragut","twitter_card":"summary_large_image","twitter_misc":{"Escrito por":"Belen Pedernera Ferragut","Tiempo de lectura":"4 minutos"},"schema":{"@context":"https:\/\/schema.org","@graph":[{"@type":"WebPage","@id":"https:\/\/hcd.malargue.gov.ar\/?p=38079","url":"https:\/\/hcd.malargue.gov.ar\/?p=38079","name":"ORDEN DEL DIA SESI\u00d3N ORDINARIA\u00a01\u00b0\u00a0DE PR\u00d3RROGA - Malarg\u00fce HCD","isPartOf":{"@id":"https:\/\/hcd.malargue.gov.ar\/#website"},"datePublished":"2024-11-13T16:02:02+00:00","dateModified":"2024-11-13T16:04:42+00:00","author":{"@id":"https:\/\/hcd.malargue.gov.ar\/#\/schema\/person\/3fd6bbab64edd703961b795156c955d0"},"breadcrumb":{"@id":"https:\/\/hcd.malargue.gov.ar\/?p=38079#breadcrumb"},"inLanguage":"es-AR","potentialAction":[{"@type":"ReadAction","target":["https:\/\/hcd.malargue.gov.ar\/?p=38079"]}]},{"@type":"BreadcrumbList","@id":"https:\/\/hcd.malargue.gov.ar\/?p=38079#breadcrumb","itemListElement":[{"@type":"ListItem","position":1,"name":"Inicio","item":"https:\/\/hcd.malargue.gov.ar\/"},{"@type":"ListItem","position":2,"name":"ORDEN DEL DIA SESI\u00d3N ORDINARIA\u00a01\u00b0\u00a0DE PR\u00d3RROGA"}]},{"@type":"WebSite","@id":"https:\/\/hcd.malargue.gov.ar\/#website","url":"https:\/\/hcd.malargue.gov.ar\/","name":"Malarg\u00fce HCD","description":"Malarg\u00fce Mendoza Argentina","potentialAction":[{"@type":"SearchAction","target":{"@type":"EntryPoint","urlTemplate":"https:\/\/hcd.malargue.gov.ar\/?s={search_term_string}"},"query-input":"required name=search_term_string"}],"inLanguage":"es-AR"},{"@type":"Person","@id":"https:\/\/hcd.malargue.gov.ar\/#\/schema\/person\/3fd6bbab64edd703961b795156c955d0","name":"Belen Pedernera Ferragut","image":{"@type":"ImageObject","inLanguage":"es-AR","@id":"https:\/\/hcd.malargue.gov.ar\/#\/schema\/person\/image\/","url":"https:\/\/secure.gravatar.com\/avatar\/1054ffab3893de4bb3eb29bdd22f7e34b8537bf5d34d9dab311818154ad5b71f?s=96&d=mm&r=g","contentUrl":"https:\/\/secure.gravatar.com\/avatar\/1054ffab3893de4bb3eb29bdd22f7e34b8537bf5d34d9dab311818154ad5b71f?s=96&d=mm&r=g","caption":"Belen Pedernera Ferragut"},"url":"https:\/\/hcd.malargue.gov.ar\/?author=5"}]}},"_links":{"self":[{"href":"https:\/\/hcd.malargue.gov.ar\/index.php?rest_route=\/wp\/v2\/posts\/38079","targetHints":{"allow":["GET"]}}],"collection":[{"href":"https:\/\/hcd.malargue.gov.ar\/index.php?rest_route=\/wp\/v2\/posts"}],"about":[{"href":"https:\/\/hcd.malargue.gov.ar\/index.php?rest_route=\/wp\/v2\/types\/post"}],"author":[{"embeddable":true,"href":"https:\/\/hcd.malargue.gov.ar\/index.php?rest_route=\/wp\/v2\/users\/5"}],"replies":[{"embeddable":true,"href":"https:\/\/hcd.malargue.gov.ar\/index.php?rest_route=%2Fwp%2Fv2%2Fcomments&post=38079"}],"version-history":[{"count":3,"href":"https:\/\/hcd.malargue.gov.ar\/index.php?rest_route=\/wp\/v2\/posts\/38079\/revisions"}],"predecessor-version":[{"id":38083,"href":"https:\/\/hcd.malargue.gov.ar\/index.php?rest_route=\/wp\/v2\/posts\/38079\/revisions\/38083"}],"wp:featuredmedia":[{"embeddable":true,"href":"https:\/\/hcd.malargue.gov.ar\/index.php?rest_route=\/wp\/v2\/media\/38080"}],"wp:attachment":[{"href":"https:\/\/hcd.malargue.gov.ar\/index.php?rest_route=%2Fwp%2Fv2%2Fmedia&parent=38079"}],"wp:term":[{"taxonomy":"category","embeddable":true,"href":"https:\/\/hcd.malargue.gov.ar\/index.php?rest_route=%2Fwp%2Fv2%2Fcategories&post=38079"},{"taxonomy":"post_tag","embeddable":true,"href":"https:\/\/hcd.malargue.gov.ar\/index.php?rest_route=%2Fwp%2Fv2%2Ftags&post=38079"}],"curies":[{"name":"wp","href":"https:\/\/api.w.org\/{rel}","templated":true}]}}