{"id":38121,"date":"2024-11-25T10:38:47","date_gmt":"2024-11-25T13:38:47","guid":{"rendered":"https:\/\/hcd.malargue.gov.ar\/?p=38121"},"modified":"2024-11-25T10:38:50","modified_gmt":"2024-11-25T13:38:50","slug":"resolucion-n-378-2-024","status":"publish","type":"post","link":"https:\/\/hcd.malargue.gov.ar\/?p=38121","title":{"rendered":"RESOLUCI\u00d3N N\u00b0 378\/2.024"},"content":{"rendered":"\n<h4 class=\"wp-block-heading has-text-align-center\"><strong>El HCD distingui\u00f3 a Gonzalo Mansilla Benitez por su trayectoria en esqu\u00ed alpino<\/strong><\/h4>\n\n\n\n<p><em>Gonzalo Mansilla Benitez, de 12 a\u00f1os, fue reconocido por su sobresaliente desempe\u00f1o en el esqu\u00ed alpino. Integrante del Equipo de Competici\u00f3n del Club de Esqu\u00ed Las Le\u00f1as (CELL), ha participado desde muy peque\u00f1o en competencias nacionales e internacionales, logrando importantes podios en este 2024, como el 1\u00ba puesto en el Campeonato Chubutense y el 2\u00ba lugar en el Campeonato Infantil Patag\u00f3nico FIS.<\/em><\/p>\n\n\n\n<p><em>El reconocimiento incluye la entrega de un diploma que resalta su m\u00e9rito, esfuerzo y destacada participaci\u00f3n deportiva. Adem\u00e1s, se destac\u00f3 la importancia de visibilizar a los deportistas locales, quienes inspiran a la comunidad con su dedicaci\u00f3n y logros. Este homenaje refuerza el compromiso con el deporte y la promoci\u00f3n de estilos de vida saludables en Malarg\u00fce.<\/em><\/p>\n\n\n\n<p class=\"has-text-align-center\">\ud83d\udd17 <strong>MIRA LA PIEZA LEGAL COMPLETA<\/strong><\/p>\n\n\n<div class=\"wp-block-image\">\n<figure class=\"alignright is-resized\"><a href=\"http:\/\/hcd.malargue.gov.ar\/2024\/rn%20378%202024%20distingir%20Gonzalo%20Mansilla%20Benitez.pdf\"><img loading=\"lazy\" decoding=\"async\" width=\"512\" height=\"512\" src=\"https:\/\/hcd.malargue.gov.ar\/wp-content\/uploads\/2018\/06\/PDF-JPG.jpg\" alt=\"\" class=\"wp-image-7950\" style=\"width:127px;height:auto\" srcset=\"https:\/\/hcd.malargue.gov.ar\/wp-content\/uploads\/2018\/06\/PDF-JPG.jpg 512w, https:\/\/hcd.malargue.gov.ar\/wp-content\/uploads\/2018\/06\/PDF-JPG-150x150.jpg 150w, https:\/\/hcd.malargue.gov.ar\/wp-content\/uploads\/2018\/06\/PDF-JPG-300x300.jpg 300w\" sizes=\"auto, (max-width: 512px) 100vw, 512px\" \/><\/a><\/figure>\n<\/div>\n\n\n<p><strong>AUTORA: CONCEJALA <strong>SILVINA CAMIOLO\u00a0<\/strong><\/strong><\/p>\n\n\n\n<p><strong>BLOQUE<\/strong> <strong>RECONSTRUYENDO MALARG\u00dcE\u00a0<\/strong><\/p>\n\n\n\n<p>VISTO: El contenido del Expte. N\u00ba 5.523-HC-072-2.024. Bloque Reconstruyendo Malarg\u00fce. Proyecto de Resoluci\u00f3n: Distinguir por su desempe\u00f1o deportivo en la disciplina de Esqu\u00ed Alpino al joven Gonzalo Mansilla Benitez, federado en CELL (Club de Esqu\u00ed Las Le\u00f1as) Equipo de Competici\u00f3n.<\/p>\n\n\n\n<p>&nbsp;&nbsp;&nbsp;&nbsp;&nbsp;&nbsp;&nbsp;&nbsp;&nbsp;&nbsp;&nbsp; La necesidad de difundir los deportes y deportistas locales, cuyos estilos de vida son factores protectores de la salud integral.<\/p>\n\n\n\n<p>&nbsp;&nbsp;&nbsp;&nbsp;&nbsp;&nbsp;&nbsp;&nbsp;&nbsp;&nbsp;&nbsp; y;<\/p>\n\n\n\n<p>CONSIDERANDO: Que Gonzalo \u00a0Mansilla Benitez es un joven Malarg\u00fcino que compite en el \u00e1mbito de Esqu\u00ed desde los tres\u00a0 a\u00f1os y ha logrado un excelente rendimiento en \u00a0\u00a0todas las carreras en  las que particip\u00f3.<\/p>\n\n\n\n<p>&nbsp;&nbsp;&nbsp;&nbsp;&nbsp;&nbsp;&nbsp;&nbsp;&nbsp;&nbsp;&nbsp; Que Gonzalo naci\u00f3 el 4 de noviembre del a\u00f1o 2011 en la Ciudad de Malarg\u00fce,hijo de Miguel Mansilla y de Araceli del Villar Benitez, tiene una hermana Sof\u00eda Mansilla Benitez que tambi\u00e9n practica este deporte.<\/p>\n\n\n\n<p>&nbsp;&nbsp;&nbsp;&nbsp;&nbsp;&nbsp;&nbsp;&nbsp;&nbsp;&nbsp;&nbsp; Que Gonzalo cursa actualmente s\u00e9ptimo grado en el Establecimiento Escolar N\u00ba 1-599 Tte. Gral. Rufino Ortega, siendo&nbsp; abanderado de la Bandera Nacional Argentina.<\/p>\n\n\n\n<p>&nbsp;&nbsp;&nbsp;&nbsp;&nbsp;&nbsp;&nbsp;&nbsp;&nbsp;&nbsp;&nbsp; Que a los tres a\u00f1os de edad comenz\u00f3 a incursionar en este deporte y desde los seis &nbsp;a\u00f1os compite, habiendo&nbsp; participado en diversas competiciones de esqu\u00ed y tuvo la oportunidad de entrenar&nbsp; en Europa durante dos temporadas en los a\u00f1os 2.021 y 2.022, &nbsp;&nbsp; con el equipo de competici\u00f3n del CELL y con el Club de Esqu\u00ed&nbsp; Arinsal Pal ( ECAP)<\/p>\n\n\n\n<p>&nbsp;&nbsp;&nbsp;&nbsp;&nbsp;&nbsp;&nbsp;&nbsp;&nbsp;&nbsp;&nbsp; de Andorra&nbsp;&nbsp;&nbsp;&nbsp;&nbsp;<\/p>\n\n\n\n<p>&nbsp;&nbsp;&nbsp;&nbsp;&nbsp;&nbsp;&nbsp;&nbsp;&nbsp;&nbsp;&nbsp; Que en este a\u00f1o se ha destacado en el TOP 10 en las siguientes competiciones:<\/p>\n\n\n\n<p>&nbsp;&nbsp;&nbsp;&nbsp;&nbsp;&nbsp;&nbsp;&nbsp;&nbsp;&nbsp;&nbsp; *2\u00ba Puesto, Carrera \u201cMemorial Am\u00e9rico Astete\u201d 8\/8\/24 \u2013Disciplina Slalom Gigante.<\/p>\n\n\n\n<p>&nbsp;&nbsp;&nbsp;&nbsp;&nbsp;&nbsp;&nbsp;&nbsp;&nbsp;&nbsp;&nbsp; *5\u00ba Puesto, Campeonato Neuquino 8\/8\/24 -Disciplina Slalom Gigante.<\/p>\n\n\n\n<p>&nbsp;&nbsp;&nbsp;&nbsp;&nbsp;&nbsp;&nbsp;&nbsp;&nbsp;&nbsp;&nbsp; *6\u00ba Puesto, Carrera Memorial Am\u00e9rico Astete&nbsp; 9\/8\/24 \u2013Disciplina S\u00faper Gigante.<\/p>\n\n\n\n<p>&nbsp;&nbsp;&nbsp;&nbsp;&nbsp;&nbsp;&nbsp;&nbsp;&nbsp;&nbsp;&nbsp; *4\u00ba Puesto, Carrera \u201cMemorial Am\u00e9rico Astete\u201d 10\/8\/24 \u2013Disciplina Slalom.<\/p>\n\n\n\n<p>&nbsp;&nbsp;&nbsp;&nbsp;&nbsp;&nbsp;&nbsp;&nbsp;&nbsp;&nbsp;&nbsp; *1\u00ba Puesto Campeonato Chubutense 6\/9\/24 \u2013Disciplina Slalom.<\/p>\n\n\n\n<p>&nbsp;&nbsp;&nbsp;&nbsp;&nbsp;&nbsp;&nbsp;&nbsp;&nbsp;&nbsp;&nbsp; *3\u00ba Puesto Argentino Campeonato Infantil Patag\u00f3nico FIS 10\/9\/24 \u2013Disciplina s\u00faper &nbsp;&nbsp;&nbsp;&nbsp;&nbsp;&nbsp; &nbsp;&nbsp;&nbsp;&nbsp;gigante.<\/p>\n\n\n\n<p>&nbsp;&nbsp;&nbsp;&nbsp;&nbsp;&nbsp;&nbsp;&nbsp;&nbsp;&nbsp;&nbsp; *2\u00ba Puesto Campeonato infantil Patag\u00f3nico FIS 10\/9\/24 \u2013Disciplina slalom.<\/p>\n\n\n\n<p>&nbsp;&nbsp;&nbsp;&nbsp;&nbsp;&nbsp;&nbsp;&nbsp;&nbsp;&nbsp;&nbsp; *PREMIACI\u00d3N INTERNACIONAL&nbsp; 6\u00ba puesto (general) y 2\u00ba puesto&nbsp; de Argentina<\/p>\n\n\n\n<p>&nbsp;&nbsp;&nbsp;&nbsp;&nbsp;&nbsp;&nbsp;&nbsp;&nbsp;&nbsp;&nbsp; *PREMIACI\u00d3N INTERNACIONAL&nbsp; 8\u00ba puesto (general) y 3\u00ba puesto&nbsp; de Argentina<\/p>\n\n\n\n<p>&nbsp;&nbsp;&nbsp;&nbsp;&nbsp;&nbsp;&nbsp;&nbsp;&nbsp;&nbsp;&nbsp; *5\u00ba Puesto Campeonato Nacional U14 23\/9\/24 \u2013Disciplina Slalom.<\/p>\n\n\n\n<p>&nbsp;&nbsp;&nbsp;&nbsp;&nbsp;&nbsp;&nbsp;&nbsp;&nbsp;&nbsp;&nbsp; *7\u00ba puesto Copa Club Andino Ushuaia 25\/9\/24 \u2013Disciplina Slalom Gigante.<\/p>\n\n\n\n<p>&nbsp;&nbsp;&nbsp;&nbsp;&nbsp;&nbsp;&nbsp;&nbsp;&nbsp;&nbsp;&nbsp; *10\u00ba Puesto Campeonato Nacional U14 27\/9\/24 \u2013Disciplina Slalom Gigante.<\/p>\n\n\n\n<p>EL HONORABLE CONCEJO DELIBERANTE DE LA MUNICIPALIDAD DE MALARG\u00dcE ENUSO DE LAS FACULTADES QUE LE SON PROPIAS<\/p>\n\n\n\n<p>RESUELVE<\/p>\n\n\n\n<p>ART\u00cdCULO 1\u00ba: Destacar al joven Gonzalo Mansilla Benitez, D.N.I. N\u00ba 51.412.973 de 12 a\u00f1os &nbsp;&nbsp;&nbsp; de edad por su desempe\u00f1o deportivo, en la disciplina \u201cEsqu\u00ed\u201d, que ha cosechado diversos logros en el&nbsp; \u00faltimo tiempo.<\/p>\n\n\n\n<p>ART\u00cdCULO 2\u00ba: Hacer entrega por parte del Honorable Concejo Deliberante de un reconocimiento al joven, el cual constar\u00e1 de un Diploma mencionando su m\u00e9rito, esfuerzo y destacada participaci\u00f3n deportiva.<\/p>\n\n\n\n<p>ART\u00cdCULO 3\u00ba: Remitir copia de la presente pieza legal al deportista y su familia, as\u00ed como a la&nbsp; Direcci\u00f3n de Deportes de la Municipalidad de Malarg\u00fce y difundir &nbsp;a trav\u00e9s del \u00e1rea de Prensa del Honorable Concejo Deliberante y por los medios locales de comunicaci\u00f3n &nbsp;los logros &nbsp;del deportista Malarg\u00fcino.<\/p>\n\n\n\n<p>ART\u00cdCULO 4\u00ba: Comun\u00edquese, reg\u00edstrese, agr\u00e9guese copia de la presente en las actuaciones correspondientes y arch\u00edvese.<\/p>\n\n\n\n<p>DADA EN LA SALA DE SESIONES DR. RICARDO BALBIN DEL HONORABLE CONCEJO DELIBERANTE DE LA MUNICIPALIDAD DE MALARG\u00dcE A CATORCE D\u00cdAS DE NOVIEMBRE DE DOS MIL VEINTICUATRO<\/p>\n","protected":false},"excerpt":{"rendered":"<p>El HCD distingui\u00f3 a Gonzalo Mansilla Benitez por su trayectoria en esqu\u00ed alpino Gonzalo Mansilla Benitez, de 12 a\u00f1os, fue reconocido por su sobresaliente desempe\u00f1o en el esqu\u00ed alpino. Integrante del Equipo de Competici\u00f3n del Club de Esqu\u00ed Las Le\u00f1as (CELL), ha participado desde muy peque\u00f1o en competencias nacionales e internacionales, logrando importantes podios en [&hellip;]<\/p>\n","protected":false},"author":5,"featured_media":38122,"comment_status":"closed","ping_status":"closed","sticky":false,"template":"","format":"standard","meta":{"footnotes":""},"categories":[52,29,33,51],"tags":[],"class_list":["post-38121","post","type-post","status-publish","format-standard","has-post-thumbnail","hentry","category-gacetillas","category-lesgilacion","category-prensa","category-resoluciones"],"yoast_head":"<!-- This site is optimized with the Yoast SEO plugin v19.10 - https:\/\/yoast.com\/wordpress\/plugins\/seo\/ -->\n<title>RESOLUCI\u00d3N N\u00b0 378\/2.024 - Malarg\u00fce HCD<\/title>\n<meta name=\"robots\" content=\"index, follow, max-snippet:-1, max-image-preview:large, max-video-preview:-1\" \/>\n<link rel=\"canonical\" href=\"https:\/\/hcd.malargue.gov.ar\/?p=38121\" \/>\n<meta property=\"og:locale\" content=\"es_ES\" \/>\n<meta property=\"og:type\" content=\"article\" \/>\n<meta property=\"og:title\" content=\"RESOLUCI\u00d3N N\u00b0 378\/2.024 - Malarg\u00fce HCD\" \/>\n<meta property=\"og:description\" content=\"El HCD distingui\u00f3 a Gonzalo Mansilla Benitez por su trayectoria en esqu\u00ed alpino Gonzalo Mansilla Benitez, de 12 a\u00f1os, fue reconocido por su sobresaliente desempe\u00f1o en el esqu\u00ed alpino. Integrante del Equipo de Competici\u00f3n del Club de Esqu\u00ed Las Le\u00f1as (CELL), ha participado desde muy peque\u00f1o en competencias nacionales e internacionales, logrando importantes podios en [&hellip;]\" \/>\n<meta property=\"og:url\" content=\"https:\/\/hcd.malargue.gov.ar\/?p=38121\" \/>\n<meta property=\"og:site_name\" content=\"Malarg\u00fce HCD\" \/>\n<meta property=\"article:published_time\" content=\"2024-11-25T13:38:47+00:00\" \/>\n<meta property=\"article:modified_time\" content=\"2024-11-25T13:38:50+00:00\" \/>\n<meta property=\"og:image\" content=\"https:\/\/hcd.malargue.gov.ar\/wp-content\/uploads\/2024\/11\/RESOLUCION-378-2024.png\" \/>\n\t<meta property=\"og:image:width\" content=\"940\" \/>\n\t<meta property=\"og:image:height\" content=\"788\" \/>\n\t<meta property=\"og:image:type\" content=\"image\/png\" \/>\n<meta name=\"author\" content=\"Belen Pedernera Ferragut\" \/>\n<meta name=\"twitter:card\" content=\"summary_large_image\" \/>\n<meta name=\"twitter:label1\" content=\"Escrito por\" \/>\n\t<meta name=\"twitter:data1\" content=\"Belen Pedernera Ferragut\" \/>\n\t<meta name=\"twitter:label2\" content=\"Tiempo de lectura\" \/>\n\t<meta name=\"twitter:data2\" content=\"4 minutos\" \/>\n<script type=\"application\/ld+json\" class=\"yoast-schema-graph\">{\"@context\":\"https:\/\/schema.org\",\"@graph\":[{\"@type\":\"WebPage\",\"@id\":\"https:\/\/hcd.malargue.gov.ar\/?p=38121\",\"url\":\"https:\/\/hcd.malargue.gov.ar\/?p=38121\",\"name\":\"RESOLUCI\u00d3N N\u00b0 378\/2.024 - Malarg\u00fce HCD\",\"isPartOf\":{\"@id\":\"https:\/\/hcd.malargue.gov.ar\/#website\"},\"datePublished\":\"2024-11-25T13:38:47+00:00\",\"dateModified\":\"2024-11-25T13:38:50+00:00\",\"author\":{\"@id\":\"https:\/\/hcd.malargue.gov.ar\/#\/schema\/person\/3fd6bbab64edd703961b795156c955d0\"},\"breadcrumb\":{\"@id\":\"https:\/\/hcd.malargue.gov.ar\/?p=38121#breadcrumb\"},\"inLanguage\":\"es-AR\",\"potentialAction\":[{\"@type\":\"ReadAction\",\"target\":[\"https:\/\/hcd.malargue.gov.ar\/?p=38121\"]}]},{\"@type\":\"BreadcrumbList\",\"@id\":\"https:\/\/hcd.malargue.gov.ar\/?p=38121#breadcrumb\",\"itemListElement\":[{\"@type\":\"ListItem\",\"position\":1,\"name\":\"Inicio\",\"item\":\"https:\/\/hcd.malargue.gov.ar\/\"},{\"@type\":\"ListItem\",\"position\":2,\"name\":\"RESOLUCI\u00d3N N\u00b0 378\/2.024\"}]},{\"@type\":\"WebSite\",\"@id\":\"https:\/\/hcd.malargue.gov.ar\/#website\",\"url\":\"https:\/\/hcd.malargue.gov.ar\/\",\"name\":\"Malarg\u00fce HCD\",\"description\":\"Malarg\u00fce Mendoza Argentina\",\"potentialAction\":[{\"@type\":\"SearchAction\",\"target\":{\"@type\":\"EntryPoint\",\"urlTemplate\":\"https:\/\/hcd.malargue.gov.ar\/?s={search_term_string}\"},\"query-input\":\"required name=search_term_string\"}],\"inLanguage\":\"es-AR\"},{\"@type\":\"Person\",\"@id\":\"https:\/\/hcd.malargue.gov.ar\/#\/schema\/person\/3fd6bbab64edd703961b795156c955d0\",\"name\":\"Belen Pedernera Ferragut\",\"image\":{\"@type\":\"ImageObject\",\"inLanguage\":\"es-AR\",\"@id\":\"https:\/\/hcd.malargue.gov.ar\/#\/schema\/person\/image\/\",\"url\":\"https:\/\/secure.gravatar.com\/avatar\/1054ffab3893de4bb3eb29bdd22f7e34b8537bf5d34d9dab311818154ad5b71f?s=96&d=mm&r=g\",\"contentUrl\":\"https:\/\/secure.gravatar.com\/avatar\/1054ffab3893de4bb3eb29bdd22f7e34b8537bf5d34d9dab311818154ad5b71f?s=96&d=mm&r=g\",\"caption\":\"Belen Pedernera Ferragut\"},\"url\":\"https:\/\/hcd.malargue.gov.ar\/?author=5\"}]}<\/script>\n<!-- \/ Yoast SEO plugin. -->","yoast_head_json":{"title":"RESOLUCI\u00d3N N\u00b0 378\/2.024 - Malarg\u00fce HCD","robots":{"index":"index","follow":"follow","max-snippet":"max-snippet:-1","max-image-preview":"max-image-preview:large","max-video-preview":"max-video-preview:-1"},"canonical":"https:\/\/hcd.malargue.gov.ar\/?p=38121","og_locale":"es_ES","og_type":"article","og_title":"RESOLUCI\u00d3N N\u00b0 378\/2.024 - Malarg\u00fce HCD","og_description":"El HCD distingui\u00f3 a Gonzalo Mansilla Benitez por su trayectoria en esqu\u00ed alpino Gonzalo Mansilla Benitez, de 12 a\u00f1os, fue reconocido por su sobresaliente desempe\u00f1o en el esqu\u00ed alpino. Integrante del Equipo de Competici\u00f3n del Club de Esqu\u00ed Las Le\u00f1as (CELL), ha participado desde muy peque\u00f1o en competencias nacionales e internacionales, logrando importantes podios en [&hellip;]","og_url":"https:\/\/hcd.malargue.gov.ar\/?p=38121","og_site_name":"Malarg\u00fce HCD","article_published_time":"2024-11-25T13:38:47+00:00","article_modified_time":"2024-11-25T13:38:50+00:00","og_image":[{"width":940,"height":788,"url":"https:\/\/hcd.malargue.gov.ar\/wp-content\/uploads\/2024\/11\/RESOLUCION-378-2024.png","type":"image\/png"}],"author":"Belen Pedernera Ferragut","twitter_card":"summary_large_image","twitter_misc":{"Escrito por":"Belen Pedernera Ferragut","Tiempo de lectura":"4 minutos"},"schema":{"@context":"https:\/\/schema.org","@graph":[{"@type":"WebPage","@id":"https:\/\/hcd.malargue.gov.ar\/?p=38121","url":"https:\/\/hcd.malargue.gov.ar\/?p=38121","name":"RESOLUCI\u00d3N N\u00b0 378\/2.024 - Malarg\u00fce HCD","isPartOf":{"@id":"https:\/\/hcd.malargue.gov.ar\/#website"},"datePublished":"2024-11-25T13:38:47+00:00","dateModified":"2024-11-25T13:38:50+00:00","author":{"@id":"https:\/\/hcd.malargue.gov.ar\/#\/schema\/person\/3fd6bbab64edd703961b795156c955d0"},"breadcrumb":{"@id":"https:\/\/hcd.malargue.gov.ar\/?p=38121#breadcrumb"},"inLanguage":"es-AR","potentialAction":[{"@type":"ReadAction","target":["https:\/\/hcd.malargue.gov.ar\/?p=38121"]}]},{"@type":"BreadcrumbList","@id":"https:\/\/hcd.malargue.gov.ar\/?p=38121#breadcrumb","itemListElement":[{"@type":"ListItem","position":1,"name":"Inicio","item":"https:\/\/hcd.malargue.gov.ar\/"},{"@type":"ListItem","position":2,"name":"RESOLUCI\u00d3N N\u00b0 378\/2.024"}]},{"@type":"WebSite","@id":"https:\/\/hcd.malargue.gov.ar\/#website","url":"https:\/\/hcd.malargue.gov.ar\/","name":"Malarg\u00fce HCD","description":"Malarg\u00fce Mendoza Argentina","potentialAction":[{"@type":"SearchAction","target":{"@type":"EntryPoint","urlTemplate":"https:\/\/hcd.malargue.gov.ar\/?s={search_term_string}"},"query-input":"required name=search_term_string"}],"inLanguage":"es-AR"},{"@type":"Person","@id":"https:\/\/hcd.malargue.gov.ar\/#\/schema\/person\/3fd6bbab64edd703961b795156c955d0","name":"Belen Pedernera Ferragut","image":{"@type":"ImageObject","inLanguage":"es-AR","@id":"https:\/\/hcd.malargue.gov.ar\/#\/schema\/person\/image\/","url":"https:\/\/secure.gravatar.com\/avatar\/1054ffab3893de4bb3eb29bdd22f7e34b8537bf5d34d9dab311818154ad5b71f?s=96&d=mm&r=g","contentUrl":"https:\/\/secure.gravatar.com\/avatar\/1054ffab3893de4bb3eb29bdd22f7e34b8537bf5d34d9dab311818154ad5b71f?s=96&d=mm&r=g","caption":"Belen Pedernera Ferragut"},"url":"https:\/\/hcd.malargue.gov.ar\/?author=5"}]}},"_links":{"self":[{"href":"https:\/\/hcd.malargue.gov.ar\/index.php?rest_route=\/wp\/v2\/posts\/38121","targetHints":{"allow":["GET"]}}],"collection":[{"href":"https:\/\/hcd.malargue.gov.ar\/index.php?rest_route=\/wp\/v2\/posts"}],"about":[{"href":"https:\/\/hcd.malargue.gov.ar\/index.php?rest_route=\/wp\/v2\/types\/post"}],"author":[{"embeddable":true,"href":"https:\/\/hcd.malargue.gov.ar\/index.php?rest_route=\/wp\/v2\/users\/5"}],"replies":[{"embeddable":true,"href":"https:\/\/hcd.malargue.gov.ar\/index.php?rest_route=%2Fwp%2Fv2%2Fcomments&post=38121"}],"version-history":[{"count":1,"href":"https:\/\/hcd.malargue.gov.ar\/index.php?rest_route=\/wp\/v2\/posts\/38121\/revisions"}],"predecessor-version":[{"id":38126,"href":"https:\/\/hcd.malargue.gov.ar\/index.php?rest_route=\/wp\/v2\/posts\/38121\/revisions\/38126"}],"wp:featuredmedia":[{"embeddable":true,"href":"https:\/\/hcd.malargue.gov.ar\/index.php?rest_route=\/wp\/v2\/media\/38122"}],"wp:attachment":[{"href":"https:\/\/hcd.malargue.gov.ar\/index.php?rest_route=%2Fwp%2Fv2%2Fmedia&parent=38121"}],"wp:term":[{"taxonomy":"category","embeddable":true,"href":"https:\/\/hcd.malargue.gov.ar\/index.php?rest_route=%2Fwp%2Fv2%2Fcategories&post=38121"},{"taxonomy":"post_tag","embeddable":true,"href":"https:\/\/hcd.malargue.gov.ar\/index.php?rest_route=%2Fwp%2Fv2%2Ftags&post=38121"}],"curies":[{"name":"wp","href":"https:\/\/api.w.org\/{rel}","templated":true}]}}