{"id":38134,"date":"2024-11-25T12:40:15","date_gmt":"2024-11-25T15:40:15","guid":{"rendered":"https:\/\/hcd.malargue.gov.ar\/?p=38134"},"modified":"2024-11-25T12:52:39","modified_gmt":"2024-11-25T15:52:39","slug":"ordenanza-n-2-311-2-024","status":"publish","type":"post","link":"https:\/\/hcd.malargue.gov.ar\/?p=38134","title":{"rendered":"ORDENANZA N\u00b0 2.311\/2.024"},"content":{"rendered":"\n<h4 class=\"wp-block-heading has-text-align-center\"><strong>Malarg\u00fce instituye<strong> septiembre como<\/strong> <em>&#8220;Mes de Prevenci\u00f3n del Suicidio&#8221;<\/em><\/strong><\/h4>\n\n\n\n<p><em>Esta iniciativa tiene como objetivo promover acciones de concientizaci\u00f3n, prevenci\u00f3n y acompa\u00f1amiento en salud mental, abordando una problem\u00e1tica de alta relevancia en la comunidad.<\/em> <\/p>\n\n\n\n<p><em>En el marco de esta Ordenanza, se realizar\u00e1n campa\u00f1as informativas y actividades de sensibilizaci\u00f3n, involucrando a instituciones educativas, sanitarias y sociales. Adem\u00e1s, se incluir\u00e1n acciones durante los festejos del D\u00eda del Estudiante, destacando la importancia de la prevenci\u00f3n.<\/em><\/p>\n\n\n\n<p><em>Esta medida se suma a los esfuerzos nacionales e internacionales en la lucha contra el suicidio, en un contexto donde Malarg\u00fce registra uno de los \u00edndices m\u00e1s altos de suicidios adolescentes en el pa\u00eds.<\/em><\/p>\n\n\n\n<p class=\"has-text-align-center\">\ud83d\udd17 <strong>MIRA LA PIEZA LEGAL COMPLETA<\/strong><\/p>\n\n\n\n<p class=\"has-text-align-left\"><strong>AUTOR: CONCEJAL PABLO VILLARRUEL <\/strong><\/p>\n\n\n\n<p class=\"has-text-align-left\"><strong>BLOQUE FRENTE CAMBIA MENDOZA<\/strong><\/p>\n\n\n<div class=\"wp-block-image\">\n<figure class=\"alignright size-full is-resized\"><a href=\"http:\/\/hcd.malargue.gov.ar\/2024\/on%202311%202024%20septiembre%20Mes%20Prevencion%20del%20Suicidio.pdf\"><img loading=\"lazy\" decoding=\"async\" width=\"512\" height=\"512\" src=\"https:\/\/hcd.malargue.gov.ar\/wp-content\/uploads\/2018\/06\/PDF-JPG.jpg\" alt=\"\" class=\"wp-image-7950\" style=\"width:130px;height:auto\" srcset=\"https:\/\/hcd.malargue.gov.ar\/wp-content\/uploads\/2018\/06\/PDF-JPG.jpg 512w, https:\/\/hcd.malargue.gov.ar\/wp-content\/uploads\/2018\/06\/PDF-JPG-150x150.jpg 150w, https:\/\/hcd.malargue.gov.ar\/wp-content\/uploads\/2018\/06\/PDF-JPG-300x300.jpg 300w\" sizes=\"auto, (max-width: 512px) 100vw, 512px\" \/><\/a><\/figure>\n<\/div>\n\n\n<p>VISTO: El contenido del Expte. N\u00ba 5.501-HC-070-2.024. Bloque Frente Cambia Mendoza. Proyecto de Ordenanza: Instituir el mes de setiembre como el \u201cMes&nbsp; de Prevenci\u00f3n del Suicidio\u201d,&nbsp; en el Departamento de Malarg\u00fce. <\/p>\n\n\n\n<p>&nbsp;&nbsp;&nbsp;&nbsp;&nbsp;&nbsp;&nbsp;&nbsp;&nbsp;&nbsp;&nbsp; Que la Ley Nacional N\u00b0 27.130, sancionada en 2015, establece el &#8220;R\u00e9gimen de &nbsp;Prevenci\u00f3n del Suicidio&#8221;, promoviendo pol\u00edticas de asistencia y acompa\u00f1amiento de personas en riesgo, la difusi\u00f3n de l\u00edneas de contenci\u00f3n y la articulaci\u00f3n de esfuerzos interinstitucionales para la prevenci\u00f3n.<\/p>\n\n\n\n<p>&nbsp;&nbsp;&nbsp;&nbsp;&nbsp;&nbsp;&nbsp;&nbsp;&nbsp;&nbsp;&nbsp; y;<\/p>\n\n\n\n<p>CONSIDERANDO: Que el suicidio es una de las principales causas de muerte a nivel mundial en personas j\u00f3venes, especialmente en edades comprendidas entre los 15 y 29 a\u00f1os. Seg\u00fan la Organizaci\u00f3n Mundial de la Salud (OMS), el suicidio es responsable de m\u00e1s de 700.000 muertes cada a\u00f1o, representando un problema &nbsp;significativo de salud p\u00fablica a nivel global.<\/p>\n\n\n\n<p>&nbsp;&nbsp;&nbsp;&nbsp;&nbsp;&nbsp;&nbsp;&nbsp;&nbsp;&nbsp;&nbsp; Que seg\u00fan los registros de la Comisi\u00f3n Nacional de Prevenci\u00f3n del Suicidio (CONASUI), en los \u00faltimos a\u00f1os ha aumentado la cantidad de adolescentes y j\u00f3venes  que ingresan a los servicios de salud por intentos de suicidio y conductas &nbsp;autodestructivas.<\/p>\n\n\n\n<p>&nbsp;&nbsp;&nbsp;&nbsp;&nbsp;&nbsp;&nbsp;&nbsp;&nbsp;&nbsp;&nbsp; Que se ha realizado un estudio cient\u00edfico con la Fundaci\u00f3n INECO, CONICET y la Fundaci\u00f3n Favaloro sobre la \u201cIdentificaci\u00f3n de factores de la conducta suicida en adolescentes de Malarg\u00fce\u201d (2.022), indicando a Malarg\u00fce como el Departamento con el mayor \u00edndice de suicidios adolescentes en la Argentina, siendo esta una problem\u00e1tica de alta relevancia y preocupaci\u00f3n social.<\/p>\n\n\n\n<p>&nbsp;&nbsp;&nbsp;&nbsp;&nbsp;&nbsp;&nbsp;&nbsp;&nbsp;&nbsp;&nbsp; Que se pretende contribuir a establecer una Pol\u00edtica de Estado en torno a esta problem\u00e1tica teniendo en cuenta que Malarg\u00fce tiene los \u00edndices m\u00e1s altos de suicidios en j\u00f3venes y adolescentes.<\/p>\n\n\n\n<p>&nbsp;&nbsp;&nbsp;&nbsp;&nbsp;&nbsp;&nbsp;&nbsp;&nbsp;&nbsp;&nbsp; Que el suicidio es una problem\u00e1tica compleja sin una causa \u00fanica. Es el resultado de una interacci\u00f3n de factores biol\u00f3gicos, gen\u00e9ticos, psicol\u00f3gicos, sociales, culturales y &nbsp; medioambientales siendo diversos factores de riesgo que act\u00faan acumulativamente aumentando la vulnerabilidad de una persona, lo que puede derivar en conductas &nbsp;autodestructivas o suicidas.<\/p>\n\n\n\n<p>&nbsp;&nbsp;&nbsp;&nbsp;&nbsp;&nbsp;&nbsp;&nbsp;&nbsp;&nbsp;&nbsp; Que la Organizaci\u00f3n Mundial de la Salud (OMS) declara el 10 de septiembre como el &#8220;D\u00eda Mundial para la Prevenci\u00f3n del Suicidio&#8221;, con el objetivo de concientizar y sensibilizar a la sociedad sobre la necesidad de abordar este problema a trav\u00e9s de la &nbsp;implementaci\u00f3n de acciones coordinadas.<\/p>\n\n\n\n<p>&nbsp;&nbsp;&nbsp;&nbsp;&nbsp;&nbsp;&nbsp;&nbsp;&nbsp;&nbsp;&nbsp; Que seg\u00fan estudios e informes de salud mental, las campa\u00f1as de prevenci\u00f3n del &nbsp;suicidio, junto con la formaci\u00f3n y concientizaci\u00f3n de la poblaci\u00f3n, contribuyen significativamente a la reducci\u00f3n de casos.<\/p>\n\n\n\n<p>&nbsp;&nbsp;&nbsp;&nbsp;&nbsp;&nbsp;&nbsp;&nbsp;&nbsp;&nbsp;&nbsp; Que es fundamental promover en el \u00e1mbito local acciones preventivas y de concientizaci\u00f3n, sum\u00e1ndose a los esfuerzos provinciales y nacionales, con el objetivo de reforzar el compromiso del Municipio de Malarg\u00fce en la protecci\u00f3n de la salud y el bienestar de sus habitantes.<\/p>\n\n\n\n<p>EL&nbsp; HONORABLE&nbsp; CONCEJO&nbsp; DELIBERANTE&nbsp; DE&nbsp; LA&nbsp; MUNICIPALIDAD&nbsp; DE MALARG\u00dcE&nbsp; EN USO DE&nbsp; LAS&nbsp; FACULTADES&nbsp; QUE&nbsp; LE&nbsp; SON PROPIAS<\/p>\n\n\n\n<p>ORDENA<\/p>\n\n\n\n<p>ART\u00cdCULO 1\u00ba: Instit\u00fayase el mes de septiembre de cada a\u00f1o como el Mes de la Prevenci\u00f3n del Suicidio en el \u00e1mbito del Departamento de Malarg\u00fce, con el objetivo de promover acciones de concientizaci\u00f3n, prevenci\u00f3n y acompa\u00f1amiento en materia de salud &nbsp;mental.<\/p>\n\n\n\n<p>ART\u00cdCULO 2\u00ba: Real\u00edcense en el mes de setiembre de cada a\u00f1o, campa\u00f1as y actividades informativas y de&nbsp; sensibilizaci\u00f3n dirigidas a la poblaci\u00f3n en general.&nbsp;<\/p>\n\n\n\n<p>ARTICULO 3\u00ba: Artic\u00falense con Instituciones educativas, sanitarias y sociales, nacionales, provinciales y departamentales, actividades mediante las cuales se visibilice la  importancia de la prevenci\u00f3n del suicidio.&nbsp;&nbsp;<\/p>\n\n\n\n<p>ARTICULO 4\u00b0: Incl\u00fayanse durante los festejos del D\u00eda del Estudiante, distintas actividades respecto a la prevenci\u00f3n del suicidio.&nbsp;<\/p>\n\n\n\n<p>ARTICULO 5\u00b0: El\u00e9vese copia de la presente pieza legal a las Legisladoras Provinciales del Cuarto Distrito Electoral por el Departamento de Malarg\u00fce.<\/p>\n\n\n\n<p>ART\u00cdCULO 6\u00ba: Comun\u00edquese, reg\u00edstrese, agr\u00e9guese copia de la presente en las actuaciones correspondientes y arch\u00edvese.<\/p>\n\n\n\n<p>DADA EN LA SALA DE SESIONES DR. RICARDO BALBIN DEL HONORABLE CONCEJO DELIBERANTE DE LA MUNICIPALIDAD DE MALARG\u00dcE A CATORCE D\u00cdAS DE NOVIEMBRE DE DOS MIL VEINTICUATRO.<\/p>\n","protected":false},"excerpt":{"rendered":"<p>Malarg\u00fce instituye septiembre como &#8220;Mes de Prevenci\u00f3n del Suicidio&#8221; Esta iniciativa tiene como objetivo promover acciones de concientizaci\u00f3n, prevenci\u00f3n y acompa\u00f1amiento en salud mental, abordando una problem\u00e1tica de alta relevancia en la comunidad. En el marco de esta Ordenanza, se realizar\u00e1n campa\u00f1as informativas y actividades de sensibilizaci\u00f3n, involucrando a instituciones educativas, sanitarias y sociales. Adem\u00e1s, [&hellip;]<\/p>\n","protected":false},"author":5,"featured_media":38143,"comment_status":"closed","ping_status":"closed","sticky":false,"template":"","format":"standard","meta":{"footnotes":""},"categories":[52,29,48,33],"tags":[],"class_list":["post-38134","post","type-post","status-publish","format-standard","has-post-thumbnail","hentry","category-gacetillas","category-lesgilacion","category-ordenanzas-municipales","category-prensa"],"yoast_head":"<!-- This site is optimized with the Yoast SEO plugin v19.10 - https:\/\/yoast.com\/wordpress\/plugins\/seo\/ -->\n<title>ORDENANZA N\u00b0 2.311\/2.024 - Malarg\u00fce HCD<\/title>\n<meta name=\"robots\" content=\"index, follow, max-snippet:-1, max-image-preview:large, max-video-preview:-1\" \/>\n<link rel=\"canonical\" href=\"https:\/\/hcd.malargue.gov.ar\/?p=38134\" \/>\n<meta property=\"og:locale\" content=\"es_ES\" \/>\n<meta property=\"og:type\" content=\"article\" \/>\n<meta property=\"og:title\" content=\"ORDENANZA N\u00b0 2.311\/2.024 - Malarg\u00fce HCD\" \/>\n<meta property=\"og:description\" content=\"Malarg\u00fce instituye septiembre como &#8220;Mes de Prevenci\u00f3n del Suicidio&#8221; Esta iniciativa tiene como objetivo promover acciones de concientizaci\u00f3n, prevenci\u00f3n y acompa\u00f1amiento en salud mental, abordando una problem\u00e1tica de alta relevancia en la comunidad. En el marco de esta Ordenanza, se realizar\u00e1n campa\u00f1as informativas y actividades de sensibilizaci\u00f3n, involucrando a instituciones educativas, sanitarias y sociales. Adem\u00e1s, [&hellip;]\" \/>\n<meta property=\"og:url\" content=\"https:\/\/hcd.malargue.gov.ar\/?p=38134\" \/>\n<meta property=\"og:site_name\" content=\"Malarg\u00fce HCD\" \/>\n<meta property=\"article:published_time\" content=\"2024-11-25T15:40:15+00:00\" \/>\n<meta property=\"article:modified_time\" content=\"2024-11-25T15:52:39+00:00\" \/>\n<meta property=\"og:image\" content=\"https:\/\/hcd.malargue.gov.ar\/wp-content\/uploads\/2024\/11\/ORDENANZA-2311-2024.png\" \/>\n\t<meta property=\"og:image:width\" content=\"940\" \/>\n\t<meta property=\"og:image:height\" content=\"788\" \/>\n\t<meta property=\"og:image:type\" content=\"image\/png\" \/>\n<meta name=\"author\" content=\"Belen Pedernera Ferragut\" \/>\n<meta name=\"twitter:card\" content=\"summary_large_image\" \/>\n<meta name=\"twitter:label1\" content=\"Escrito por\" \/>\n\t<meta name=\"twitter:data1\" content=\"Belen Pedernera Ferragut\" \/>\n\t<meta name=\"twitter:label2\" content=\"Tiempo de lectura\" \/>\n\t<meta name=\"twitter:data2\" content=\"4 minutos\" \/>\n<script type=\"application\/ld+json\" class=\"yoast-schema-graph\">{\"@context\":\"https:\/\/schema.org\",\"@graph\":[{\"@type\":\"WebPage\",\"@id\":\"https:\/\/hcd.malargue.gov.ar\/?p=38134\",\"url\":\"https:\/\/hcd.malargue.gov.ar\/?p=38134\",\"name\":\"ORDENANZA N\u00b0 2.311\/2.024 - Malarg\u00fce HCD\",\"isPartOf\":{\"@id\":\"https:\/\/hcd.malargue.gov.ar\/#website\"},\"datePublished\":\"2024-11-25T15:40:15+00:00\",\"dateModified\":\"2024-11-25T15:52:39+00:00\",\"author\":{\"@id\":\"https:\/\/hcd.malargue.gov.ar\/#\/schema\/person\/3fd6bbab64edd703961b795156c955d0\"},\"breadcrumb\":{\"@id\":\"https:\/\/hcd.malargue.gov.ar\/?p=38134#breadcrumb\"},\"inLanguage\":\"es-AR\",\"potentialAction\":[{\"@type\":\"ReadAction\",\"target\":[\"https:\/\/hcd.malargue.gov.ar\/?p=38134\"]}]},{\"@type\":\"BreadcrumbList\",\"@id\":\"https:\/\/hcd.malargue.gov.ar\/?p=38134#breadcrumb\",\"itemListElement\":[{\"@type\":\"ListItem\",\"position\":1,\"name\":\"Inicio\",\"item\":\"https:\/\/hcd.malargue.gov.ar\/\"},{\"@type\":\"ListItem\",\"position\":2,\"name\":\"ORDENANZA N\u00b0 2.311\/2.024\"}]},{\"@type\":\"WebSite\",\"@id\":\"https:\/\/hcd.malargue.gov.ar\/#website\",\"url\":\"https:\/\/hcd.malargue.gov.ar\/\",\"name\":\"Malarg\u00fce HCD\",\"description\":\"Malarg\u00fce Mendoza Argentina\",\"potentialAction\":[{\"@type\":\"SearchAction\",\"target\":{\"@type\":\"EntryPoint\",\"urlTemplate\":\"https:\/\/hcd.malargue.gov.ar\/?s={search_term_string}\"},\"query-input\":\"required name=search_term_string\"}],\"inLanguage\":\"es-AR\"},{\"@type\":\"Person\",\"@id\":\"https:\/\/hcd.malargue.gov.ar\/#\/schema\/person\/3fd6bbab64edd703961b795156c955d0\",\"name\":\"Belen Pedernera Ferragut\",\"image\":{\"@type\":\"ImageObject\",\"inLanguage\":\"es-AR\",\"@id\":\"https:\/\/hcd.malargue.gov.ar\/#\/schema\/person\/image\/\",\"url\":\"https:\/\/secure.gravatar.com\/avatar\/1054ffab3893de4bb3eb29bdd22f7e34b8537bf5d34d9dab311818154ad5b71f?s=96&d=mm&r=g\",\"contentUrl\":\"https:\/\/secure.gravatar.com\/avatar\/1054ffab3893de4bb3eb29bdd22f7e34b8537bf5d34d9dab311818154ad5b71f?s=96&d=mm&r=g\",\"caption\":\"Belen Pedernera Ferragut\"},\"url\":\"https:\/\/hcd.malargue.gov.ar\/?author=5\"}]}<\/script>\n<!-- \/ Yoast SEO plugin. -->","yoast_head_json":{"title":"ORDENANZA N\u00b0 2.311\/2.024 - Malarg\u00fce HCD","robots":{"index":"index","follow":"follow","max-snippet":"max-snippet:-1","max-image-preview":"max-image-preview:large","max-video-preview":"max-video-preview:-1"},"canonical":"https:\/\/hcd.malargue.gov.ar\/?p=38134","og_locale":"es_ES","og_type":"article","og_title":"ORDENANZA N\u00b0 2.311\/2.024 - Malarg\u00fce HCD","og_description":"Malarg\u00fce instituye septiembre como &#8220;Mes de Prevenci\u00f3n del Suicidio&#8221; Esta iniciativa tiene como objetivo promover acciones de concientizaci\u00f3n, prevenci\u00f3n y acompa\u00f1amiento en salud mental, abordando una problem\u00e1tica de alta relevancia en la comunidad. En el marco de esta Ordenanza, se realizar\u00e1n campa\u00f1as informativas y actividades de sensibilizaci\u00f3n, involucrando a instituciones educativas, sanitarias y sociales. Adem\u00e1s, [&hellip;]","og_url":"https:\/\/hcd.malargue.gov.ar\/?p=38134","og_site_name":"Malarg\u00fce HCD","article_published_time":"2024-11-25T15:40:15+00:00","article_modified_time":"2024-11-25T15:52:39+00:00","og_image":[{"width":940,"height":788,"url":"https:\/\/hcd.malargue.gov.ar\/wp-content\/uploads\/2024\/11\/ORDENANZA-2311-2024.png","type":"image\/png"}],"author":"Belen Pedernera Ferragut","twitter_card":"summary_large_image","twitter_misc":{"Escrito por":"Belen Pedernera Ferragut","Tiempo de lectura":"4 minutos"},"schema":{"@context":"https:\/\/schema.org","@graph":[{"@type":"WebPage","@id":"https:\/\/hcd.malargue.gov.ar\/?p=38134","url":"https:\/\/hcd.malargue.gov.ar\/?p=38134","name":"ORDENANZA N\u00b0 2.311\/2.024 - Malarg\u00fce HCD","isPartOf":{"@id":"https:\/\/hcd.malargue.gov.ar\/#website"},"datePublished":"2024-11-25T15:40:15+00:00","dateModified":"2024-11-25T15:52:39+00:00","author":{"@id":"https:\/\/hcd.malargue.gov.ar\/#\/schema\/person\/3fd6bbab64edd703961b795156c955d0"},"breadcrumb":{"@id":"https:\/\/hcd.malargue.gov.ar\/?p=38134#breadcrumb"},"inLanguage":"es-AR","potentialAction":[{"@type":"ReadAction","target":["https:\/\/hcd.malargue.gov.ar\/?p=38134"]}]},{"@type":"BreadcrumbList","@id":"https:\/\/hcd.malargue.gov.ar\/?p=38134#breadcrumb","itemListElement":[{"@type":"ListItem","position":1,"name":"Inicio","item":"https:\/\/hcd.malargue.gov.ar\/"},{"@type":"ListItem","position":2,"name":"ORDENANZA N\u00b0 2.311\/2.024"}]},{"@type":"WebSite","@id":"https:\/\/hcd.malargue.gov.ar\/#website","url":"https:\/\/hcd.malargue.gov.ar\/","name":"Malarg\u00fce HCD","description":"Malarg\u00fce Mendoza Argentina","potentialAction":[{"@type":"SearchAction","target":{"@type":"EntryPoint","urlTemplate":"https:\/\/hcd.malargue.gov.ar\/?s={search_term_string}"},"query-input":"required name=search_term_string"}],"inLanguage":"es-AR"},{"@type":"Person","@id":"https:\/\/hcd.malargue.gov.ar\/#\/schema\/person\/3fd6bbab64edd703961b795156c955d0","name":"Belen Pedernera Ferragut","image":{"@type":"ImageObject","inLanguage":"es-AR","@id":"https:\/\/hcd.malargue.gov.ar\/#\/schema\/person\/image\/","url":"https:\/\/secure.gravatar.com\/avatar\/1054ffab3893de4bb3eb29bdd22f7e34b8537bf5d34d9dab311818154ad5b71f?s=96&d=mm&r=g","contentUrl":"https:\/\/secure.gravatar.com\/avatar\/1054ffab3893de4bb3eb29bdd22f7e34b8537bf5d34d9dab311818154ad5b71f?s=96&d=mm&r=g","caption":"Belen Pedernera Ferragut"},"url":"https:\/\/hcd.malargue.gov.ar\/?author=5"}]}},"_links":{"self":[{"href":"https:\/\/hcd.malargue.gov.ar\/index.php?rest_route=\/wp\/v2\/posts\/38134","targetHints":{"allow":["GET"]}}],"collection":[{"href":"https:\/\/hcd.malargue.gov.ar\/index.php?rest_route=\/wp\/v2\/posts"}],"about":[{"href":"https:\/\/hcd.malargue.gov.ar\/index.php?rest_route=\/wp\/v2\/types\/post"}],"author":[{"embeddable":true,"href":"https:\/\/hcd.malargue.gov.ar\/index.php?rest_route=\/wp\/v2\/users\/5"}],"replies":[{"embeddable":true,"href":"https:\/\/hcd.malargue.gov.ar\/index.php?rest_route=%2Fwp%2Fv2%2Fcomments&post=38134"}],"version-history":[{"count":3,"href":"https:\/\/hcd.malargue.gov.ar\/index.php?rest_route=\/wp\/v2\/posts\/38134\/revisions"}],"predecessor-version":[{"id":38147,"href":"https:\/\/hcd.malargue.gov.ar\/index.php?rest_route=\/wp\/v2\/posts\/38134\/revisions\/38147"}],"wp:featuredmedia":[{"embeddable":true,"href":"https:\/\/hcd.malargue.gov.ar\/index.php?rest_route=\/wp\/v2\/media\/38143"}],"wp:attachment":[{"href":"https:\/\/hcd.malargue.gov.ar\/index.php?rest_route=%2Fwp%2Fv2%2Fmedia&parent=38134"}],"wp:term":[{"taxonomy":"category","embeddable":true,"href":"https:\/\/hcd.malargue.gov.ar\/index.php?rest_route=%2Fwp%2Fv2%2Fcategories&post=38134"},{"taxonomy":"post_tag","embeddable":true,"href":"https:\/\/hcd.malargue.gov.ar\/index.php?rest_route=%2Fwp%2Fv2%2Ftags&post=38134"}],"curies":[{"name":"wp","href":"https:\/\/api.w.org\/{rel}","templated":true}]}}