{"id":38178,"date":"2024-12-03T10:36:04","date_gmt":"2024-12-03T13:36:04","guid":{"rendered":"https:\/\/hcd.malargue.gov.ar\/?p=38178"},"modified":"2024-12-03T10:36:07","modified_gmt":"2024-12-03T13:36:07","slug":"ordenanza-n-2-313-2-024","status":"publish","type":"post","link":"https:\/\/hcd.malargue.gov.ar\/?p=38178","title":{"rendered":"ORDENANZA N\u00b0 2.313\/2.024"},"content":{"rendered":"\n<h4 class=\"wp-block-heading\"><strong>Ampliacion la zona de estacionamiento para transporte escolar en la Escuela Dr. Juan Maur\u00edn Navarro<\/strong><\/h4>\n\n\n\n<p>\ud83d\udeb8 <strong>\u00a1Mejoras para la seguridad escolar en Malarg\u00fce!<\/strong> \ud83c\udfeb\u2728<\/p>\n\n\n\n<p><em>El HCD aprob\u00f3 la ampliaci\u00f3n del estacionamiento para transporte escolar \ud83d\ude90 en la Escuela N\u00ba 2-030 Dr. Juan Maur\u00edn Navarro, ubicada en calles Telles Meneses e Illescas.<\/em><\/p>\n\n\n\n<p>\u2705 <strong>Novedades clave<\/strong>:<\/p>\n\n\n\n<ul class=\"wp-block-list\">\n<li><em>Zona exclusiva de <strong>20 a 30 metros<\/strong> para ascenso y descenso seguro.<\/em><\/li>\n\n\n\n<li><em>Carteler\u00eda indicativa \ud83d\udccb para facilitar el uso.<\/em><\/li>\n\n\n\n<li><em>Vigencia en horarios de entrada y salida escolar \u23f0.<\/em><\/li>\n<\/ul>\n\n\n\n<p><em>\ud83d\udca1 Una medida que fomenta la accesibilidad y la inclusi\u00f3n, garantizando espacios m\u00e1s seguros para ni\u00f1os y ni\u00f1as con discapacidad<\/em><\/p>\n\n\n\n<p class=\"has-text-align-center\"><strong>MIRA LA PIEZA LEGAL COMPLETA<\/strong><\/p>\n\n\n<div class=\"wp-block-image\">\n<figure class=\"alignright is-resized\"><a href=\"http:\/\/hcd.malargue.gov.ar\/2024\/on%202313%202024%20estacionamiento%20escuela%20maurin.pdf\"><img loading=\"lazy\" decoding=\"async\" width=\"512\" height=\"512\" src=\"https:\/\/hcd.malargue.gov.ar\/wp-content\/uploads\/2018\/06\/PDF-JPG.jpg\" alt=\"\" class=\"wp-image-7950\" style=\"width:122px;height:auto\" srcset=\"https:\/\/hcd.malargue.gov.ar\/wp-content\/uploads\/2018\/06\/PDF-JPG.jpg 512w, https:\/\/hcd.malargue.gov.ar\/wp-content\/uploads\/2018\/06\/PDF-JPG-150x150.jpg 150w, https:\/\/hcd.malargue.gov.ar\/wp-content\/uploads\/2018\/06\/PDF-JPG-300x300.jpg 300w\" sizes=\"auto, (max-width: 512px) 100vw, 512px\" \/><\/a><\/figure>\n<\/div>\n\n\n<p><strong>AUTORA: CONCEJALA VIVIANA MOSCA<\/strong><\/p>\n\n\n\n<p><strong>BLOQUE FRENTE CAMBIA MENDOZA<\/strong><\/p>\n\n\n\n<p>VISTO: El contenido del Expte. N\u00ba 5.432-HC-065-2.024. Bloque Frente Cambia Mendoza. Proyecto de Ordenanza:\u00a0 Ampliar el \u00e1rea de estacionamiento para transporte escolar de la Escuela N\u00ba 2-030 Dr. Juan Maur\u00edn Navarro.<\/p>\n\n\n\n<p>&nbsp;&nbsp;&nbsp;&nbsp;&nbsp;&nbsp;&nbsp;&nbsp;&nbsp;&nbsp;&nbsp; Que en la actualidad, han variado sustancialmente las condiciones de circulaci\u00f3n en las intermediaciones de la Escuela referida vinculadas en forma directa con un incremento en el flujo vehicular con relaci\u00f3n a la cantidad de alumnos de la misma.<\/p>\n\n\n\n<p>&nbsp;&nbsp;&nbsp;&nbsp;&nbsp;&nbsp;&nbsp;&nbsp;&nbsp;&nbsp;&nbsp; y,<\/p>\n\n\n\n<p>CONSIDERANDO: Que el espacio delimitado sobre calles Illescas y Telles Meneses no cumple su fin de generar&nbsp; un espacio para un seguro ascenso y descenso de ni\u00f1os y ni\u00f1as con discapacidad.<\/p>\n\n\n\n<p>\u00a0\u00a0\u00a0\u00a0\u00a0\u00a0\u00a0\u00a0\u00a0\u00a0\u00a0 Que\u00a0 la Ley N\u00b0 22.431 \u201cSistema de Protecci\u00f3n Integral de los Discapacitados\u201d, en su Art\u00edculo N\u00ba \u00a022\u00ba establece que: \u201cEn toda obra p\u00fablica que se destine a actividades que supongan el acceso de p\u00fablico, que se ejecute en lo sucesivo, deber\u00e1n preverse accesos, medios de circulaci\u00f3n e instalaciones adecuadas para personas \u00a0discapacitadas\u2026\u201d.<\/p>\n\n\n\n<p>&nbsp;&nbsp;&nbsp;&nbsp;&nbsp;&nbsp;&nbsp;&nbsp;&nbsp;&nbsp;&nbsp; Que &nbsp;la Ley 19.279, en su Art\u00edculo N\u00ba 12\u00ba &nbsp;indica que: \u201cad\u00f3ptase a todos sus efectos el s\u00edmbolo Internacional de Acceso (distintivo de identificaci\u00f3n aprobado por la Asamblea de Rehabilitaci\u00f3n Internacional).<\/p>\n\n\n\n<p>&nbsp;&nbsp;&nbsp;&nbsp;&nbsp;&nbsp;&nbsp;&nbsp;&nbsp;&nbsp;&nbsp; Que &nbsp;la Constituci\u00f3n Provincial en su Art\u00edculo N\u00ba 20\u00ba dispone que \u201cLas construcciones P\u00fablicas prever\u00e1n el desplazamiento normal de los discapacitados\u201d.<\/p>\n\n\n\n<p>&nbsp;&nbsp;&nbsp;&nbsp;&nbsp;&nbsp;&nbsp;&nbsp;&nbsp;&nbsp;&nbsp; Que es necesario la adopci\u00f3n de normas tendientes a garantizar la seguridad vial y comodidad de las personas que padecen distintos tipos de discapacidad.<\/p>\n\n\n\n<p>&nbsp;&nbsp;&nbsp;&nbsp;&nbsp;&nbsp;&nbsp;&nbsp;&nbsp;&nbsp;&nbsp; Que &nbsp;se debe asegurar que la escuela y la comunidad cumplan con las leyes y normativas relacionadas con la accesibilidad y los derechos de las personas con discapacidad.<\/p>\n\n\n\n<p>&nbsp;&nbsp;&nbsp;&nbsp;&nbsp;&nbsp;&nbsp;&nbsp;&nbsp;&nbsp;&nbsp; Que &nbsp;las \u00e1reas designadas para estacionar los transportes escolares, simplifican la log\u00edstica de recogida y entrega de los ni\u00f1os con discapacidad. Los conductores y cuidadores pueden ubicarse f\u00e1cilmente y realizar sus tareas de manera eficiente.<\/p>\n\n\n\n<p>&nbsp;&nbsp;&nbsp;&nbsp;&nbsp;&nbsp;&nbsp;&nbsp;&nbsp;&nbsp;&nbsp; Que &nbsp;la solicitud de colocaci\u00f3n de carteles indicativos de zona de ascenso y descenso de ni\u00f1os con discapacidad proporcionar\u00edan una orientaci\u00f3n clara sobre d\u00f3nde est\u00e1n ubicados los espacios reservados, facilitando que los conductores encuentren estos lugares y respeten su uso adecuado.<\/p>\n\n\n\n<p>EL HONORABLE CONCEJO DELIBERANTE DE LA MUNICIPALIDAD DE MALARG\u00dcE EN USO DE LAS FACULTADES QUE LE SON PROPIAS<\/p>\n\n\n\n<p>ORDENA<\/p>\n\n\n\n<p>ARTICULO 1\u00ba:&nbsp; Ampl\u00edese el \u00c1rea de Estacionamiento para transporte escolar de la Escuela N\u00ba 2-030 Dr. Juan Maur\u00edn Navarro del Departamento de Malarg\u00fce, en&nbsp; funci\u00f3n de la Ley&nbsp; de Tr\u00e1nsito&nbsp; N\u00ba 9.024, Art. 54\u00ba inc. p) A menos de cinco (5) metros de cada lado de: Punto 2. El ingreso a establecimientos educativos: Escuelas, Colegios, Universidades y&nbsp; Facultades en horas de clase y el Anexo II Art.17\u00ba de la Ley antes mencionada.<\/p>\n\n\n\n<p>ARTICULO 2\u00ba: Establ\u00e9zcase dicha ampliaci\u00f3n para veh\u00edculos afectados al transporte \u00a0escolar, en los frentes del establecimiento educativo, sobre calles: Telles Meneses e Illescas, afectando una longitud sobre el cord\u00f3n de la vereda que podr\u00e1 oscilar entre un m\u00ednimo de 20 (veinte) metros y un m\u00e1ximo de 30 (treinta) metros, lo que ser\u00e1 determinado por el Departamento Ejecutivo Municipal de acuerdo a las necesidades de la Escuela.<\/p>\n\n\n\n<p>ARTICULO 3\u00ba: Determ\u00ednese que dicha zona de estacionamiento tendr\u00e1 vigencia exclusivamente en los horarios de entrada y salida de los turnos escolares.<\/p>\n\n\n\n<p>ARTICULO 4\u00ba: Agr\u00e9guese carteler\u00eda indentificatorias con la leyenda: \u201cEstacionamiento para Transporte Escolar\u201d, con el n\u00famero de la presente Ordenanza.<\/p>\n\n\n\n<p>ARTICULO 5\u00ba: Encomi\u00e9ndese al Departamento Ejecutivo Municipal a trav\u00e9s del \u00e1rea que corresponda a realizar campa\u00f1as de difusi\u00f3n para transmitir los alcances de la \u00a0\u00a0presente Ordenanza.<\/p>\n\n\n\n<p>ARTICULO 6\u00ba: Anexo I:&nbsp;&nbsp; Solicitud de la Escuela 2-030 Doctor Juan Maur\u00edn Navarro<\/p>\n\n\n\n<p>ARTICULO 7\u00ba: As\u00edgnese los gastos que demande la presente Ordenanza, a las Partidas Presupuestarias correspondientes al Presupuesto&nbsp; proyectado&nbsp; del a\u00f1o 2.025.<\/p>\n\n\n\n<p>ARTICULO 8\u00ba: Comun\u00edquese, reg\u00edstrese, agr\u00e9guese copia de la presente en las actuaciones correspondientes y arch\u00edvese. DADA EN LA SALA DE SESIONES DR. RICARDO BALBIN DEL HONORABLE CONCEJO DELIBERANTE DE LA MUNICIPALIDAD DE MALARG\u00dcE A VEINTIOCHO D\u00cdAS DE NOVIEMBRE DE DOS MIL VEINTICUATRO <\/p>\n","protected":false},"excerpt":{"rendered":"<p>Ampliacion la zona de estacionamiento para transporte escolar en la Escuela Dr. Juan Maur\u00edn Navarro \ud83d\udeb8 \u00a1Mejoras para la seguridad escolar en Malarg\u00fce! \ud83c\udfeb\u2728 El HCD aprob\u00f3 la ampliaci\u00f3n del estacionamiento para transporte escolar \ud83d\ude90 en la Escuela N\u00ba 2-030 Dr. Juan Maur\u00edn Navarro, ubicada en calles Telles Meneses e Illescas. \u2705 Novedades clave: \ud83d\udca1 [&hellip;]<\/p>\n","protected":false},"author":5,"featured_media":38179,"comment_status":"closed","ping_status":"closed","sticky":false,"template":"","format":"standard","meta":{"footnotes":""},"categories":[52,29,48,33],"tags":[],"class_list":["post-38178","post","type-post","status-publish","format-standard","has-post-thumbnail","hentry","category-gacetillas","category-lesgilacion","category-ordenanzas-municipales","category-prensa"],"yoast_head":"<!-- This site is optimized with the Yoast SEO plugin v19.10 - https:\/\/yoast.com\/wordpress\/plugins\/seo\/ -->\n<title>ORDENANZA N\u00b0 2.313\/2.024 - Malarg\u00fce HCD<\/title>\n<meta name=\"robots\" content=\"index, follow, max-snippet:-1, max-image-preview:large, max-video-preview:-1\" \/>\n<link rel=\"canonical\" href=\"https:\/\/hcd.malargue.gov.ar\/?p=38178\" \/>\n<meta property=\"og:locale\" content=\"es_ES\" \/>\n<meta property=\"og:type\" content=\"article\" \/>\n<meta property=\"og:title\" content=\"ORDENANZA N\u00b0 2.313\/2.024 - Malarg\u00fce HCD\" \/>\n<meta property=\"og:description\" content=\"Ampliacion la zona de estacionamiento para transporte escolar en la Escuela Dr. Juan Maur\u00edn Navarro \ud83d\udeb8 \u00a1Mejoras para la seguridad escolar en Malarg\u00fce! \ud83c\udfeb\u2728 El HCD aprob\u00f3 la ampliaci\u00f3n del estacionamiento para transporte escolar \ud83d\ude90 en la Escuela N\u00ba 2-030 Dr. Juan Maur\u00edn Navarro, ubicada en calles Telles Meneses e Illescas. \u2705 Novedades clave: \ud83d\udca1 [&hellip;]\" \/>\n<meta property=\"og:url\" content=\"https:\/\/hcd.malargue.gov.ar\/?p=38178\" \/>\n<meta property=\"og:site_name\" content=\"Malarg\u00fce HCD\" \/>\n<meta property=\"article:published_time\" content=\"2024-12-03T13:36:04+00:00\" \/>\n<meta property=\"article:modified_time\" content=\"2024-12-03T13:36:07+00:00\" \/>\n<meta property=\"og:image\" content=\"https:\/\/hcd.malargue.gov.ar\/wp-content\/uploads\/2024\/12\/ORDENANZA-2313.png\" \/>\n\t<meta property=\"og:image:width\" content=\"940\" \/>\n\t<meta property=\"og:image:height\" content=\"788\" \/>\n\t<meta property=\"og:image:type\" content=\"image\/png\" \/>\n<meta name=\"author\" content=\"Belen Pedernera Ferragut\" \/>\n<meta name=\"twitter:card\" content=\"summary_large_image\" \/>\n<meta name=\"twitter:label1\" content=\"Escrito por\" \/>\n\t<meta name=\"twitter:data1\" content=\"Belen Pedernera Ferragut\" \/>\n\t<meta name=\"twitter:label2\" content=\"Tiempo de lectura\" \/>\n\t<meta name=\"twitter:data2\" content=\"4 minutos\" \/>\n<script type=\"application\/ld+json\" class=\"yoast-schema-graph\">{\"@context\":\"https:\/\/schema.org\",\"@graph\":[{\"@type\":\"WebPage\",\"@id\":\"https:\/\/hcd.malargue.gov.ar\/?p=38178\",\"url\":\"https:\/\/hcd.malargue.gov.ar\/?p=38178\",\"name\":\"ORDENANZA N\u00b0 2.313\/2.024 - Malarg\u00fce HCD\",\"isPartOf\":{\"@id\":\"https:\/\/hcd.malargue.gov.ar\/#website\"},\"datePublished\":\"2024-12-03T13:36:04+00:00\",\"dateModified\":\"2024-12-03T13:36:07+00:00\",\"author\":{\"@id\":\"https:\/\/hcd.malargue.gov.ar\/#\/schema\/person\/3fd6bbab64edd703961b795156c955d0\"},\"breadcrumb\":{\"@id\":\"https:\/\/hcd.malargue.gov.ar\/?p=38178#breadcrumb\"},\"inLanguage\":\"es-AR\",\"potentialAction\":[{\"@type\":\"ReadAction\",\"target\":[\"https:\/\/hcd.malargue.gov.ar\/?p=38178\"]}]},{\"@type\":\"BreadcrumbList\",\"@id\":\"https:\/\/hcd.malargue.gov.ar\/?p=38178#breadcrumb\",\"itemListElement\":[{\"@type\":\"ListItem\",\"position\":1,\"name\":\"Inicio\",\"item\":\"https:\/\/hcd.malargue.gov.ar\/\"},{\"@type\":\"ListItem\",\"position\":2,\"name\":\"ORDENANZA N\u00b0 2.313\/2.024\"}]},{\"@type\":\"WebSite\",\"@id\":\"https:\/\/hcd.malargue.gov.ar\/#website\",\"url\":\"https:\/\/hcd.malargue.gov.ar\/\",\"name\":\"Malarg\u00fce HCD\",\"description\":\"Malarg\u00fce Mendoza Argentina\",\"potentialAction\":[{\"@type\":\"SearchAction\",\"target\":{\"@type\":\"EntryPoint\",\"urlTemplate\":\"https:\/\/hcd.malargue.gov.ar\/?s={search_term_string}\"},\"query-input\":\"required name=search_term_string\"}],\"inLanguage\":\"es-AR\"},{\"@type\":\"Person\",\"@id\":\"https:\/\/hcd.malargue.gov.ar\/#\/schema\/person\/3fd6bbab64edd703961b795156c955d0\",\"name\":\"Belen Pedernera Ferragut\",\"image\":{\"@type\":\"ImageObject\",\"inLanguage\":\"es-AR\",\"@id\":\"https:\/\/hcd.malargue.gov.ar\/#\/schema\/person\/image\/\",\"url\":\"https:\/\/secure.gravatar.com\/avatar\/1054ffab3893de4bb3eb29bdd22f7e34b8537bf5d34d9dab311818154ad5b71f?s=96&d=mm&r=g\",\"contentUrl\":\"https:\/\/secure.gravatar.com\/avatar\/1054ffab3893de4bb3eb29bdd22f7e34b8537bf5d34d9dab311818154ad5b71f?s=96&d=mm&r=g\",\"caption\":\"Belen Pedernera Ferragut\"},\"url\":\"https:\/\/hcd.malargue.gov.ar\/?author=5\"}]}<\/script>\n<!-- \/ Yoast SEO plugin. -->","yoast_head_json":{"title":"ORDENANZA N\u00b0 2.313\/2.024 - Malarg\u00fce HCD","robots":{"index":"index","follow":"follow","max-snippet":"max-snippet:-1","max-image-preview":"max-image-preview:large","max-video-preview":"max-video-preview:-1"},"canonical":"https:\/\/hcd.malargue.gov.ar\/?p=38178","og_locale":"es_ES","og_type":"article","og_title":"ORDENANZA N\u00b0 2.313\/2.024 - Malarg\u00fce HCD","og_description":"Ampliacion la zona de estacionamiento para transporte escolar en la Escuela Dr. Juan Maur\u00edn Navarro \ud83d\udeb8 \u00a1Mejoras para la seguridad escolar en Malarg\u00fce! \ud83c\udfeb\u2728 El HCD aprob\u00f3 la ampliaci\u00f3n del estacionamiento para transporte escolar \ud83d\ude90 en la Escuela N\u00ba 2-030 Dr. Juan Maur\u00edn Navarro, ubicada en calles Telles Meneses e Illescas. \u2705 Novedades clave: \ud83d\udca1 [&hellip;]","og_url":"https:\/\/hcd.malargue.gov.ar\/?p=38178","og_site_name":"Malarg\u00fce HCD","article_published_time":"2024-12-03T13:36:04+00:00","article_modified_time":"2024-12-03T13:36:07+00:00","og_image":[{"width":940,"height":788,"url":"https:\/\/hcd.malargue.gov.ar\/wp-content\/uploads\/2024\/12\/ORDENANZA-2313.png","type":"image\/png"}],"author":"Belen Pedernera Ferragut","twitter_card":"summary_large_image","twitter_misc":{"Escrito por":"Belen Pedernera Ferragut","Tiempo de lectura":"4 minutos"},"schema":{"@context":"https:\/\/schema.org","@graph":[{"@type":"WebPage","@id":"https:\/\/hcd.malargue.gov.ar\/?p=38178","url":"https:\/\/hcd.malargue.gov.ar\/?p=38178","name":"ORDENANZA N\u00b0 2.313\/2.024 - Malarg\u00fce HCD","isPartOf":{"@id":"https:\/\/hcd.malargue.gov.ar\/#website"},"datePublished":"2024-12-03T13:36:04+00:00","dateModified":"2024-12-03T13:36:07+00:00","author":{"@id":"https:\/\/hcd.malargue.gov.ar\/#\/schema\/person\/3fd6bbab64edd703961b795156c955d0"},"breadcrumb":{"@id":"https:\/\/hcd.malargue.gov.ar\/?p=38178#breadcrumb"},"inLanguage":"es-AR","potentialAction":[{"@type":"ReadAction","target":["https:\/\/hcd.malargue.gov.ar\/?p=38178"]}]},{"@type":"BreadcrumbList","@id":"https:\/\/hcd.malargue.gov.ar\/?p=38178#breadcrumb","itemListElement":[{"@type":"ListItem","position":1,"name":"Inicio","item":"https:\/\/hcd.malargue.gov.ar\/"},{"@type":"ListItem","position":2,"name":"ORDENANZA N\u00b0 2.313\/2.024"}]},{"@type":"WebSite","@id":"https:\/\/hcd.malargue.gov.ar\/#website","url":"https:\/\/hcd.malargue.gov.ar\/","name":"Malarg\u00fce HCD","description":"Malarg\u00fce Mendoza Argentina","potentialAction":[{"@type":"SearchAction","target":{"@type":"EntryPoint","urlTemplate":"https:\/\/hcd.malargue.gov.ar\/?s={search_term_string}"},"query-input":"required name=search_term_string"}],"inLanguage":"es-AR"},{"@type":"Person","@id":"https:\/\/hcd.malargue.gov.ar\/#\/schema\/person\/3fd6bbab64edd703961b795156c955d0","name":"Belen Pedernera Ferragut","image":{"@type":"ImageObject","inLanguage":"es-AR","@id":"https:\/\/hcd.malargue.gov.ar\/#\/schema\/person\/image\/","url":"https:\/\/secure.gravatar.com\/avatar\/1054ffab3893de4bb3eb29bdd22f7e34b8537bf5d34d9dab311818154ad5b71f?s=96&d=mm&r=g","contentUrl":"https:\/\/secure.gravatar.com\/avatar\/1054ffab3893de4bb3eb29bdd22f7e34b8537bf5d34d9dab311818154ad5b71f?s=96&d=mm&r=g","caption":"Belen Pedernera Ferragut"},"url":"https:\/\/hcd.malargue.gov.ar\/?author=5"}]}},"_links":{"self":[{"href":"https:\/\/hcd.malargue.gov.ar\/index.php?rest_route=\/wp\/v2\/posts\/38178","targetHints":{"allow":["GET"]}}],"collection":[{"href":"https:\/\/hcd.malargue.gov.ar\/index.php?rest_route=\/wp\/v2\/posts"}],"about":[{"href":"https:\/\/hcd.malargue.gov.ar\/index.php?rest_route=\/wp\/v2\/types\/post"}],"author":[{"embeddable":true,"href":"https:\/\/hcd.malargue.gov.ar\/index.php?rest_route=\/wp\/v2\/users\/5"}],"replies":[{"embeddable":true,"href":"https:\/\/hcd.malargue.gov.ar\/index.php?rest_route=%2Fwp%2Fv2%2Fcomments&post=38178"}],"version-history":[{"count":1,"href":"https:\/\/hcd.malargue.gov.ar\/index.php?rest_route=\/wp\/v2\/posts\/38178\/revisions"}],"predecessor-version":[{"id":38180,"href":"https:\/\/hcd.malargue.gov.ar\/index.php?rest_route=\/wp\/v2\/posts\/38178\/revisions\/38180"}],"wp:featuredmedia":[{"embeddable":true,"href":"https:\/\/hcd.malargue.gov.ar\/index.php?rest_route=\/wp\/v2\/media\/38179"}],"wp:attachment":[{"href":"https:\/\/hcd.malargue.gov.ar\/index.php?rest_route=%2Fwp%2Fv2%2Fmedia&parent=38178"}],"wp:term":[{"taxonomy":"category","embeddable":true,"href":"https:\/\/hcd.malargue.gov.ar\/index.php?rest_route=%2Fwp%2Fv2%2Fcategories&post=38178"},{"taxonomy":"post_tag","embeddable":true,"href":"https:\/\/hcd.malargue.gov.ar\/index.php?rest_route=%2Fwp%2Fv2%2Ftags&post=38178"}],"curies":[{"name":"wp","href":"https:\/\/api.w.org\/{rel}","templated":true}]}}