{"id":38330,"date":"2025-01-30T11:06:11","date_gmt":"2025-01-30T14:06:11","guid":{"rendered":"https:\/\/hcd.malargue.gov.ar\/?p=38330"},"modified":"2025-01-30T11:22:42","modified_gmt":"2025-01-30T14:22:42","slug":"finalizo-sesion-especial-sobre-la-solicitud-de-pro-cal-s-a","status":"publish","type":"post","link":"https:\/\/hcd.malargue.gov.ar\/?p=38330","title":{"rendered":"FINALIZ\u00d3 SESI\u00d3N ESPECIAL SOBRE LA SOLICITUD DE PRO-CAL S.A"},"content":{"rendered":"\n<h5 class=\"wp-block-heading has-text-align-right\">SESI\u00d3N ESPECIAL \u2013\u00a0 30 de ENERO del 2025<\/h5>\n\n\n\n<h5 class=\"wp-block-heading has-text-align-right\">Presidiendo la Sesi\u00f3n:&nbsp;&nbsp;Concejal Rodrigo Hidalgo (Bloque Partido Justicialista)<\/h5>\n\n\n\n<h5 class=\"wp-block-heading has-text-align-right\">Concejales Presentes: Pablo Villarruel, Viviana Mosca (Bloque Frente Cambia Mendoza), Pablo Cabrera, Emilce Mansilla, Magali Acosta (Bloque Partido Justicialista), Silvina Camiolo (Reconstruyendo Malarg\u00fce), Elizabeth Gonz\u00e1lez (Bloque Uni\u00f3n Mendocina), Mart\u00edn Palma (Bloque UCR-Independiente)<\/h5>\n\n\n\n<p><em>Este 30 de enero, el Honorable Concejo Deliberante llev\u00f3 a cabo una Sesi\u00f3n Especial para el tratamiento del Expediente N\u00b0 771\/2.022, solicitado por los Concejales Mart\u00edn Palma, Viviana Mosca y Elizabeth Gonz\u00e1lez mediante la Nota HC 004-2.025.<\/em><\/p>\n\n\n\n<p><em>Tras haberse constituido en <a href=\"https:\/\/hcd.malargue.gov.ar\/?p=38265\">Comisi\u00f3n el pasado 13 de enero<\/a>, el Cuerpo Legislativo aprob\u00f3 dos Ordenanzas vinculadas a la solicitud del Ing. Carlos Adolfo Carb\u00f3, representante de PRO-CAL S.A., quien requiri\u00f3 autorizaci\u00f3n para la extracci\u00f3n de \u00e1ridos con el objetivo de cumplir un contrato previamente firmado.<\/em><\/p>\n\n\n\n<p><em>Las Ordenanzas aprobadas autorizan al Departamento Ejecutivo Municipal a suscribir dos Contratos de Comodato con el Ing. Carb\u00f3. El primero corresponde a la cantera ubicada en Arroyo Pequenco y el segundo a la situada en Arroyo La Bebida. En ambos casos, la explotaci\u00f3n y extracci\u00f3n de minerales de Tercera Categor\u00eda (\u00e1ridos) estar\u00e1 permitida por un per\u00edodo de cinco a\u00f1os a partir de la firma del contrato.<\/em><\/p>\n\n\n\n<p><em>Con esta decisi\u00f3n, el Concejo facilita la continuidad de actividades extractivas bajo el marco legal correspondiente, asegurando el cumplimiento de los compromisos asumidos por la empresa.<\/em><\/p>\n\n\n\n<p class=\"has-text-align-center\">\ud83c\udfa5<a href=\"https:\/\/www.youtube.com\/watch?v=qQYBCdzm7so\"> <strong>MIRA LA SESION EN VIVO<\/strong><\/a><\/p>\n\n\n\n<p class=\"has-text-align-center\">\ud83d\udcf8 <strong><a href=\"https:\/\/www.facebook.com\/photo\/?fbid=933337648972124&amp;set=pcb.933337718972117\">GALER\u00cdA DE FOTOS<\/a><\/strong><\/p>\n\n\n\n<p><\/p>\n","protected":false},"excerpt":{"rendered":"<p>SESI\u00d3N ESPECIAL \u2013\u00a0 30 de ENERO del 2025 Presidiendo la Sesi\u00f3n:&nbsp;&nbsp;Concejal Rodrigo Hidalgo (Bloque Partido Justicialista) Concejales Presentes: Pablo Villarruel, Viviana Mosca (Bloque Frente Cambia Mendoza), Pablo Cabrera, Emilce Mansilla, Magali Acosta (Bloque Partido Justicialista), Silvina Camiolo (Reconstruyendo Malarg\u00fce), Elizabeth Gonz\u00e1lez (Bloque Uni\u00f3n Mendocina), Mart\u00edn Palma (Bloque UCR-Independiente) Este 30 de enero, el Honorable Concejo [&hellip;]<\/p>\n","protected":false},"author":5,"featured_media":38331,"comment_status":"closed","ping_status":"closed","sticky":false,"template":"","format":"standard","meta":{"footnotes":""},"categories":[56,52,33,36],"tags":[],"class_list":["post-38330","post","type-post","status-publish","format-standard","has-post-thumbnail","hentry","category-especiales","category-gacetillas","category-prensa","category-sesiones"],"yoast_head":"<!-- This site is optimized with the Yoast SEO plugin v19.10 - https:\/\/yoast.com\/wordpress\/plugins\/seo\/ -->\n<title>FINALIZ\u00d3 SESI\u00d3N ESPECIAL SOBRE LA SOLICITUD DE PRO-CAL S.A - Malarg\u00fce HCD<\/title>\n<meta name=\"robots\" content=\"index, follow, max-snippet:-1, max-image-preview:large, max-video-preview:-1\" \/>\n<link rel=\"canonical\" href=\"https:\/\/hcd.malargue.gov.ar\/?p=38330\" \/>\n<meta property=\"og:locale\" content=\"es_ES\" \/>\n<meta property=\"og:type\" content=\"article\" \/>\n<meta property=\"og:title\" content=\"FINALIZ\u00d3 SESI\u00d3N ESPECIAL SOBRE LA SOLICITUD DE PRO-CAL S.A - Malarg\u00fce HCD\" \/>\n<meta property=\"og:description\" content=\"SESI\u00d3N ESPECIAL \u2013\u00a0 30 de ENERO del 2025 Presidiendo la Sesi\u00f3n:&nbsp;&nbsp;Concejal Rodrigo Hidalgo (Bloque Partido Justicialista) Concejales Presentes: Pablo Villarruel, Viviana Mosca (Bloque Frente Cambia Mendoza), Pablo Cabrera, Emilce Mansilla, Magali Acosta (Bloque Partido Justicialista), Silvina Camiolo (Reconstruyendo Malarg\u00fce), Elizabeth Gonz\u00e1lez (Bloque Uni\u00f3n Mendocina), Mart\u00edn Palma (Bloque UCR-Independiente) Este 30 de enero, el Honorable Concejo [&hellip;]\" \/>\n<meta property=\"og:url\" content=\"https:\/\/hcd.malargue.gov.ar\/?p=38330\" \/>\n<meta property=\"og:site_name\" content=\"Malarg\u00fce HCD\" \/>\n<meta property=\"article:published_time\" content=\"2025-01-30T14:06:11+00:00\" \/>\n<meta property=\"article:modified_time\" content=\"2025-01-30T14:22:42+00:00\" \/>\n<meta property=\"og:image\" content=\"https:\/\/hcd.malargue.gov.ar\/wp-content\/uploads\/2025\/01\/475791262_933337725638783_8549943797592241344_n-1.jpg\" \/>\n\t<meta property=\"og:image:width\" content=\"2048\" \/>\n\t<meta property=\"og:image:height\" content=\"1153\" \/>\n\t<meta property=\"og:image:type\" content=\"image\/jpeg\" \/>\n<meta name=\"author\" content=\"Belen Pedernera Ferragut\" \/>\n<meta name=\"twitter:card\" content=\"summary_large_image\" \/>\n<meta name=\"twitter:label1\" content=\"Escrito por\" \/>\n\t<meta name=\"twitter:data1\" content=\"Belen Pedernera Ferragut\" \/>\n\t<meta name=\"twitter:label2\" content=\"Tiempo de lectura\" \/>\n\t<meta name=\"twitter:data2\" content=\"2 minutos\" \/>\n<script type=\"application\/ld+json\" class=\"yoast-schema-graph\">{\"@context\":\"https:\/\/schema.org\",\"@graph\":[{\"@type\":\"WebPage\",\"@id\":\"https:\/\/hcd.malargue.gov.ar\/?p=38330\",\"url\":\"https:\/\/hcd.malargue.gov.ar\/?p=38330\",\"name\":\"FINALIZ\u00d3 SESI\u00d3N ESPECIAL SOBRE LA SOLICITUD DE PRO-CAL S.A - Malarg\u00fce HCD\",\"isPartOf\":{\"@id\":\"https:\/\/hcd.malargue.gov.ar\/#website\"},\"datePublished\":\"2025-01-30T14:06:11+00:00\",\"dateModified\":\"2025-01-30T14:22:42+00:00\",\"author\":{\"@id\":\"https:\/\/hcd.malargue.gov.ar\/#\/schema\/person\/3fd6bbab64edd703961b795156c955d0\"},\"breadcrumb\":{\"@id\":\"https:\/\/hcd.malargue.gov.ar\/?p=38330#breadcrumb\"},\"inLanguage\":\"es-AR\",\"potentialAction\":[{\"@type\":\"ReadAction\",\"target\":[\"https:\/\/hcd.malargue.gov.ar\/?p=38330\"]}]},{\"@type\":\"BreadcrumbList\",\"@id\":\"https:\/\/hcd.malargue.gov.ar\/?p=38330#breadcrumb\",\"itemListElement\":[{\"@type\":\"ListItem\",\"position\":1,\"name\":\"Inicio\",\"item\":\"https:\/\/hcd.malargue.gov.ar\/\"},{\"@type\":\"ListItem\",\"position\":2,\"name\":\"FINALIZ\u00d3 SESI\u00d3N ESPECIAL SOBRE LA SOLICITUD DE PRO-CAL S.A\"}]},{\"@type\":\"WebSite\",\"@id\":\"https:\/\/hcd.malargue.gov.ar\/#website\",\"url\":\"https:\/\/hcd.malargue.gov.ar\/\",\"name\":\"Malarg\u00fce HCD\",\"description\":\"Malarg\u00fce Mendoza Argentina\",\"potentialAction\":[{\"@type\":\"SearchAction\",\"target\":{\"@type\":\"EntryPoint\",\"urlTemplate\":\"https:\/\/hcd.malargue.gov.ar\/?s={search_term_string}\"},\"query-input\":\"required name=search_term_string\"}],\"inLanguage\":\"es-AR\"},{\"@type\":\"Person\",\"@id\":\"https:\/\/hcd.malargue.gov.ar\/#\/schema\/person\/3fd6bbab64edd703961b795156c955d0\",\"name\":\"Belen Pedernera Ferragut\",\"image\":{\"@type\":\"ImageObject\",\"inLanguage\":\"es-AR\",\"@id\":\"https:\/\/hcd.malargue.gov.ar\/#\/schema\/person\/image\/\",\"url\":\"https:\/\/secure.gravatar.com\/avatar\/1054ffab3893de4bb3eb29bdd22f7e34b8537bf5d34d9dab311818154ad5b71f?s=96&d=mm&r=g\",\"contentUrl\":\"https:\/\/secure.gravatar.com\/avatar\/1054ffab3893de4bb3eb29bdd22f7e34b8537bf5d34d9dab311818154ad5b71f?s=96&d=mm&r=g\",\"caption\":\"Belen Pedernera Ferragut\"},\"url\":\"https:\/\/hcd.malargue.gov.ar\/?author=5\"}]}<\/script>\n<!-- \/ Yoast SEO plugin. -->","yoast_head_json":{"title":"FINALIZ\u00d3 SESI\u00d3N ESPECIAL SOBRE LA SOLICITUD DE PRO-CAL S.A - Malarg\u00fce HCD","robots":{"index":"index","follow":"follow","max-snippet":"max-snippet:-1","max-image-preview":"max-image-preview:large","max-video-preview":"max-video-preview:-1"},"canonical":"https:\/\/hcd.malargue.gov.ar\/?p=38330","og_locale":"es_ES","og_type":"article","og_title":"FINALIZ\u00d3 SESI\u00d3N ESPECIAL SOBRE LA SOLICITUD DE PRO-CAL S.A - Malarg\u00fce HCD","og_description":"SESI\u00d3N ESPECIAL \u2013\u00a0 30 de ENERO del 2025 Presidiendo la Sesi\u00f3n:&nbsp;&nbsp;Concejal Rodrigo Hidalgo (Bloque Partido Justicialista) Concejales Presentes: Pablo Villarruel, Viviana Mosca (Bloque Frente Cambia Mendoza), Pablo Cabrera, Emilce Mansilla, Magali Acosta (Bloque Partido Justicialista), Silvina Camiolo (Reconstruyendo Malarg\u00fce), Elizabeth Gonz\u00e1lez (Bloque Uni\u00f3n Mendocina), Mart\u00edn Palma (Bloque UCR-Independiente) Este 30 de enero, el Honorable Concejo [&hellip;]","og_url":"https:\/\/hcd.malargue.gov.ar\/?p=38330","og_site_name":"Malarg\u00fce HCD","article_published_time":"2025-01-30T14:06:11+00:00","article_modified_time":"2025-01-30T14:22:42+00:00","og_image":[{"width":2048,"height":1153,"url":"https:\/\/hcd.malargue.gov.ar\/wp-content\/uploads\/2025\/01\/475791262_933337725638783_8549943797592241344_n-1.jpg","type":"image\/jpeg"}],"author":"Belen Pedernera Ferragut","twitter_card":"summary_large_image","twitter_misc":{"Escrito por":"Belen Pedernera Ferragut","Tiempo de lectura":"2 minutos"},"schema":{"@context":"https:\/\/schema.org","@graph":[{"@type":"WebPage","@id":"https:\/\/hcd.malargue.gov.ar\/?p=38330","url":"https:\/\/hcd.malargue.gov.ar\/?p=38330","name":"FINALIZ\u00d3 SESI\u00d3N ESPECIAL SOBRE LA SOLICITUD DE PRO-CAL S.A - Malarg\u00fce HCD","isPartOf":{"@id":"https:\/\/hcd.malargue.gov.ar\/#website"},"datePublished":"2025-01-30T14:06:11+00:00","dateModified":"2025-01-30T14:22:42+00:00","author":{"@id":"https:\/\/hcd.malargue.gov.ar\/#\/schema\/person\/3fd6bbab64edd703961b795156c955d0"},"breadcrumb":{"@id":"https:\/\/hcd.malargue.gov.ar\/?p=38330#breadcrumb"},"inLanguage":"es-AR","potentialAction":[{"@type":"ReadAction","target":["https:\/\/hcd.malargue.gov.ar\/?p=38330"]}]},{"@type":"BreadcrumbList","@id":"https:\/\/hcd.malargue.gov.ar\/?p=38330#breadcrumb","itemListElement":[{"@type":"ListItem","position":1,"name":"Inicio","item":"https:\/\/hcd.malargue.gov.ar\/"},{"@type":"ListItem","position":2,"name":"FINALIZ\u00d3 SESI\u00d3N ESPECIAL SOBRE LA SOLICITUD DE PRO-CAL S.A"}]},{"@type":"WebSite","@id":"https:\/\/hcd.malargue.gov.ar\/#website","url":"https:\/\/hcd.malargue.gov.ar\/","name":"Malarg\u00fce HCD","description":"Malarg\u00fce Mendoza Argentina","potentialAction":[{"@type":"SearchAction","target":{"@type":"EntryPoint","urlTemplate":"https:\/\/hcd.malargue.gov.ar\/?s={search_term_string}"},"query-input":"required name=search_term_string"}],"inLanguage":"es-AR"},{"@type":"Person","@id":"https:\/\/hcd.malargue.gov.ar\/#\/schema\/person\/3fd6bbab64edd703961b795156c955d0","name":"Belen Pedernera Ferragut","image":{"@type":"ImageObject","inLanguage":"es-AR","@id":"https:\/\/hcd.malargue.gov.ar\/#\/schema\/person\/image\/","url":"https:\/\/secure.gravatar.com\/avatar\/1054ffab3893de4bb3eb29bdd22f7e34b8537bf5d34d9dab311818154ad5b71f?s=96&d=mm&r=g","contentUrl":"https:\/\/secure.gravatar.com\/avatar\/1054ffab3893de4bb3eb29bdd22f7e34b8537bf5d34d9dab311818154ad5b71f?s=96&d=mm&r=g","caption":"Belen Pedernera Ferragut"},"url":"https:\/\/hcd.malargue.gov.ar\/?author=5"}]}},"_links":{"self":[{"href":"https:\/\/hcd.malargue.gov.ar\/index.php?rest_route=\/wp\/v2\/posts\/38330","targetHints":{"allow":["GET"]}}],"collection":[{"href":"https:\/\/hcd.malargue.gov.ar\/index.php?rest_route=\/wp\/v2\/posts"}],"about":[{"href":"https:\/\/hcd.malargue.gov.ar\/index.php?rest_route=\/wp\/v2\/types\/post"}],"author":[{"embeddable":true,"href":"https:\/\/hcd.malargue.gov.ar\/index.php?rest_route=\/wp\/v2\/users\/5"}],"replies":[{"embeddable":true,"href":"https:\/\/hcd.malargue.gov.ar\/index.php?rest_route=%2Fwp%2Fv2%2Fcomments&post=38330"}],"version-history":[{"count":3,"href":"https:\/\/hcd.malargue.gov.ar\/index.php?rest_route=\/wp\/v2\/posts\/38330\/revisions"}],"predecessor-version":[{"id":38335,"href":"https:\/\/hcd.malargue.gov.ar\/index.php?rest_route=\/wp\/v2\/posts\/38330\/revisions\/38335"}],"wp:featuredmedia":[{"embeddable":true,"href":"https:\/\/hcd.malargue.gov.ar\/index.php?rest_route=\/wp\/v2\/media\/38331"}],"wp:attachment":[{"href":"https:\/\/hcd.malargue.gov.ar\/index.php?rest_route=%2Fwp%2Fv2%2Fmedia&parent=38330"}],"wp:term":[{"taxonomy":"category","embeddable":true,"href":"https:\/\/hcd.malargue.gov.ar\/index.php?rest_route=%2Fwp%2Fv2%2Fcategories&post=38330"},{"taxonomy":"post_tag","embeddable":true,"href":"https:\/\/hcd.malargue.gov.ar\/index.php?rest_route=%2Fwp%2Fv2%2Ftags&post=38330"}],"curies":[{"name":"wp","href":"https:\/\/api.w.org\/{rel}","templated":true}]}}